{"id":77617,"date":"2012-03-22T23:52:00","date_gmt":"2012-03-22T23:52:00","guid":{"rendered":"https:\/\/novaorg.cofb.net\/2012\/03\/22\/infarma-madrid-2012-el-desarrollo-de-la-carrera-profesional-beneficioso-para-la-farmacia-y-el-sistema-sanitario\/"},"modified":"2012-03-22T23:52:00","modified_gmt":"2012-03-22T23:52:00","slug":"infarma-madrid-2012-el-desarrollo-de-la-carrera-profesional-beneficioso-para-la-farmacia-y-el-sistema-sanitario","status":"publish","type":"post","link":"https:\/\/www.cofb.org\/ca\/2012\/03\/22\/infarma-madrid-2012-el-desarrollo-de-la-carrera-profesional-beneficioso-para-la-farmacia-y-el-sistema-sanitario\/","title":{"rendered":"Infarma Madrid 2012. El desarrollo de la carrera profesional, beneficioso para la farmacia y el sistema sanitario"},"content":{"rendered":"<p>\u00a0<\/p>\n<p>\u00a0<strong>\u2022 El COFM anima a los farmac\u00e9uticos a dar visibilidad a sus proyectos de responsabilidad social corporativa ante la sociedad\u00a0<\/strong><\/p>\n<p align=\"center\"><strong><br \/>\u2022 En breve llegar\u00e1n a las farmacias nuevos f\u00e1rmacos para luchar contra la diabetes tipo 2<\/strong><\/p>\n<p align=\"justify\"><strong>Madrid, 22 de marzo<\/strong>. El desarrollo de la carrera profesional comporta importantes beneficios para el farmac\u00e9utico comunitario y para el conjunto del sistema sanitario. As\u00ed lo puso de manifiesto el presidente de la Comisi\u00f3n Nacional de Farmacia Industrial y Gal\u00e9nica, Jos\u00e9 Carlos Montilla, durante la mesa redonda\u00a0<em>C\u00f3mo desarrollar la carrera profesional en la oficina de farmacia<\/em>, celebrada esta ma\u00f1ana en la \u00faltima jornada de Infarma 2012.\u00a0<\/p>\n<p>Montilla destac\u00f3 que la carrera profesional produce \u201cfarmac\u00e9uticos m\u00e1s competentes, mayor calidad asistencial y un perfeccionamiento progresivo del sistema sanitario\u201d, y permitir\u00eda, entre otros beneficios, reducir en un 20% de los ingresos hospitalarios relacionados con la medicaci\u00f3n de los pacientes.\u00a0<\/p>\n<p>Para Montilla, la base de la carrera profesional es la formaci\u00f3n continuada de los profesionales farmac\u00e9uticos, que arranca desde el mismo momento en que obtienen su titulaci\u00f3n universitaria. Para ello, el modelo propuesto en la Ley 44\/2003 de ordenaci\u00f3n de las profesiones sanitarias establece cuatro niveles de certificaci\u00f3n profesional para el farmac\u00e9utico. El paso a un nivel superior requiere, seg\u00fan explic\u00f3 Montilla, la acreditaci\u00f3n de cinco a\u00f1os de ejercicio profesional y un n\u00famero determinado de cr\u00e9ditos que se pueden obtener mediante cursos de formaci\u00f3n, actividad investigadora, actividad docente y participaci\u00f3n en campa\u00f1as sanitarias.\u00a0<\/p>\n<p>Asimismo, el presidente de la Comisi\u00f3n Nacional de Farmacia Industrial y Gal\u00e9nica record\u00f3 que la carrera profesional no se limita a los farmac\u00e9uticos que ejercen su labor en la farmacia comunitaria, sino que es aplicable a aquellos que desarrollan su actividad en almacenes de distribuci\u00f3n de medicamentos y productos sanitarios y laboratorios farmac\u00e9uticos.\u00a0<\/p>\n<p>Para Manuel Delgado, abogado de Cambre Asociados, el desarrollo de la carrera profesional es un \u201cpoderoso motivador para actualizar y mejorar los conocimientos, las habilidades y las actitudes del farmac\u00e9utico\u201d. Pese a que este desarrollo de la carrera profesional conlleva costes asociados a los cursos de formaci\u00f3n y a la gesti\u00f3n del sistema de acreditaci\u00f3n, tambi\u00e9n implica ventajas en cuanto a aumento de la productividad en la farmacia y a un mayor valor a\u00f1adido en el consejo profesional.\u00a0<\/p>\n<p>En este sentido, Delgado record\u00f3 que un informe del Colegio Oficial de Farmac\u00e9uticos de Madrid, realizado en 2010, cifr\u00f3 en 1,28 millones de euros el ahorro directo que la carrera profesional supondr\u00eda para el sistema de salud madrile\u00f1o como consecuencia de un uso m\u00e1s eficiente y racional de los medicamentos.\u00a0<\/p>\n<p>El desarrollo de la carrera profesional aparece esbozado en la Ley 44\/2003 de ordenaci\u00f3n de las profesiones sanitarias. Esta ley, seg\u00fan Ricardo Mu\u00f1oz, de la firma legal Mu\u00f1oz Garc\u00eda Abogados, establece en su art\u00edculo 40 un cat\u00e1logo de derechos y deberes de los farmac\u00e9uticos en el ejercicio privado de su profesi\u00f3n que puede considerarse \u201cun aut\u00e9ntico estatuto del farmac\u00e9utico comunitario\u201d.\u00a0<\/p>\n<p>Adem\u00e1s, Mu\u00f1oz resalt\u00f3 que los objetivos de dicha ley son proporcionar al farmac\u00e9utico \u201cestabilidad legal y margen de mejora en el ejercicio de su profesi\u00f3n\u201d. Por \u00faltimo, Mu\u00f1oz subray\u00f3 la necesidad de profundizar en el marco legal de la carrera profesional del farmac\u00e9utico en Espa\u00f1a mediante el desarrollo auton\u00f3mico de la Ley 44\/2003, que a\u00fan no se ha producido.\u00a0<\/p>\n<p><strong>\u00a0\u00a0<br \/>Responsabilidad social del farmac\u00e9utico<\/strong>\u00a0<\/p>\n<p>Una segunda mesa redonda celebrada esta ma\u00f1ana analiz\u00f3 la responsabilidad social, medioambiental y en materia de salud p\u00fablica del farmac\u00e9utico. Juan Carlos Mampaso, director de Sigre, abord\u00f3 el problema de los residuos de medicamentos y c\u00f3mo su incorrecta gesti\u00f3n supone un peligro para la salud p\u00fablica. Mampaso record\u00f3 que Sigre se hace cargo de los envases y medicamentos que el sector farmac\u00e9utico pone en el mercado y que los consumidores desechan.\u00a0<\/p>\n<p>Mampaso puntualiz\u00f3 que estos residuos son \u201cdelicados y sensibles\u201d y que hay que tratarlos con cuidado para asegurar su destrucci\u00f3n, ya que incluso los envases vac\u00edos pueden contener trazas de medicamentos. Por ello, el director de Sigre recalc\u00f3 el importante papel del farmac\u00e9utico para concienciar a los ciudadanos sobre el cuidado del medio ambiente.\u00a0<\/p>\n<p>Por su parte, Jos\u00e9 Mar\u00eda Ord\u00f3\u00f1ez, presidente de la Sociedad Espa\u00f1ola de Sanidad Ambiental, asegur\u00f3 que hay dos millones de personas en toda Espa\u00f1a que acuden a las oficinas de farmacia y, por ello, hay que encarar activamente \u201cel papel estelar de las farmacias en el liderazgo de la salud p\u00fablica\u201d en coordinaci\u00f3n con la administraci\u00f3n.\u00a0<\/p>\n<p>Para mejorar la participaci\u00f3n del farmac\u00e9utico en la salud p\u00fablica, Ord\u00f3\u00f1ez apost\u00f3 por incentivar a las farmacias centinelas, dar informaci\u00f3n activa a la poblaci\u00f3n, m\u00e1s all\u00e1 del folleto y el prospecto, m\u00e1s educaci\u00f3n sanitaria e, incluso, \u201cofrecer una cartera de servicios\u201d.\u00a0<\/p>\n<p>Pilar Riaza, gerente de Calidad y RSC del Colegio Oficial de Farmac\u00e9uticos de Madrid, aclar\u00f3 que la responsabilidad social corporativa \u201cno es una estrategia de marketing ni una moda empresarial\u201d. Para Riaza es muy importante que las farmacias tengan claro cu\u00e1les son sus grupos de inter\u00e9s y abran canales de comunicaci\u00f3n con ellos.\u00a0<\/p>\n<p>La representante del COFM explic\u00f3 que cada a\u00f1o los farmac\u00e9uticos realizan 182 millones de actuaciones sanitarias ajenas a la dispensaci\u00f3n de medicamentos, por lo que anim\u00f3 a los profesionales del sector a ser m\u00e1s transparentes para que el conjunto de la sociedad conozca su actividad en el campo de la responsabilidad social corporativa.\u00a0<\/p>\n<p><strong>\u00a0\u00a0<br \/>S\u00edndrome metab\u00f3lico\u00a0<br \/><\/strong><br \/>La \u00faltima conferencia de la ma\u00f1ana se dedic\u00f3 a analizar los factores que intervienen en el desarrollo del s\u00edndrome metab\u00f3lico y los nuevos enfoques terap\u00e9uticos. Marta Garc\u00eda Coll\u00eda, vocal nacional de An\u00e1lisis Cl\u00ednicos del Consejo General de Colegios Oficiales de Farmac\u00e9uticos, se\u00f1al\u00f3 que las enfermedades cardiovasculares constituyen la principal causa de mortalidad en pa\u00edses desarrollados.\u00a0<\/p>\n<p>Por su parte, Jos\u00e9 Antonio Garc\u00eda Donaire, especialista en nefrolog\u00eda del Hospital Doce de Octubre de Madrid, apunt\u00f3 que los cambios en los h\u00e1bitos higi\u00e9nicos y diet\u00e9ticos han favorecido un aumento de la prevalencia de la obesidad y la diabetes de tipo 2, las principales causas del s\u00edndrome metab\u00f3lico. Garc\u00eda Donaire destac\u00f3 que no existe un \u00fanico etiolopatog\u00e9nico que sea causante del s\u00edndrome metab\u00f3lico, ya que influyen otros factores, como la hipertensi\u00f3n, el colesterol o niveles elevados de triglic\u00e9ridos.\u00a0<\/p>\n<p>Olga Gonz\u00e1lez, especialista en endocrinolog\u00eda y nutrici\u00f3n del Hospital Ram\u00f3n y Cajal de Madrid, se refiri\u00f3 a las nuevas dianas terap\u00e9uticas en el campo del s\u00edndrome metab\u00f3lico, resaltando que existen f\u00e1rmacos que han mejorado notablemente el control de la glucosa en diab\u00e9ticos. Para Gonz\u00e1lez, en los \u00faltimos a\u00f1os se ha producido una importante innovaci\u00f3n terap\u00e9utica en el tratamiento de la diabetes gracias a f\u00e1rmacos como los an\u00e1logos de la GLP-1 y los inhibidores de la dipeptidil peptidasa-4 (DPP-4). Seg\u00fan Gonz\u00e1lez, en breve llegar\u00e1n a las farmacias f\u00e1rmacos basados en la reabsorci\u00f3n de la glucosa, que actualmente se encuentran en fase III de investigaci\u00f3n cl\u00ednica.\u00a0<\/p>\n<p>Para cerrar esta mesa redonda, Carmela Vargas, especialista en an\u00e1lisis cl\u00ednicos y bioqu\u00edmica del Hospital Doce de Octubre, se refiri\u00f3 a la importancia de las diferentes pruebas anal\u00edticas que existen para el diagn\u00f3stico y el seguimiento del s\u00edndrome metab\u00f3lico. Para Vargas, el laboratorio cumple un papel fundamental tambi\u00e9n en cuesti\u00f3n de vigilancia y en el seguimiento de los objetivos del tratamiento, y no s\u00f3lo en la caracterizaci\u00f3n del s\u00edndrome metab\u00f3lico.<\/p>\n<p align=\"justify\"><strong>M\u00e1s informaci\u00f3n<\/strong>\u00a0<br \/>Departamento de Comunicaci\u00f3n del COFM: 91 406 84 69\u00a0<br \/>Sala de Prensa del COFM: 91 474 55 84 y 629 56 90 74<\/p>\n<p>\u00a0\u00a0\u2022 El COFM anima a los farmac\u00e9uticos a dar visibilidad a sus proyectos de responsabilidad social corporativa ante la sociedad\u00a0\u2022 En breve llegar\u00e1n a las farmacias nuevos f\u00e1rmacos para luchar contra la diabetes tipo 2Madrid, 22 de marzo. El desarrollo de la carrera profesional comporta importantes beneficios para el farmac\u00e9utico comunitario y para el conjunto del sistema sanitario. As\u00ed lo puso de manifiesto el presidente de la Comisi\u00f3n Nacional de Farmacia Industrial y Gal\u00e9nica, Jos\u00e9 Carlos Montilla, durante la mesa redonda\u00a0C\u00f3mo desarrollar la carrera profesional en la oficina de farmacia, celebrada esta ma\u00f1ana en la \u00faltima jornada de Infarma 2012.\u00a0Montilla destac\u00f3 que la carrera profesional produce \u201cfarmac\u00e9uticos m\u00e1s competentes, mayor calidad asistencial y un perfeccionamiento progresivo del sistema sanitario\u201d, y permitir\u00eda, entre otros beneficios, reducir en un 20% de los ingresos hospitalarios relacionados con la medicaci\u00f3n de los pacientes.\u00a0Para Montilla, la base de la carrera profesional es la formaci\u00f3n continuada de los profesionales farmac\u00e9uticos, que arranca desde el mismo momento en que obtienen su titulaci\u00f3n universitaria. Para ello, el modelo propuesto en la Ley 44\/2003 de ordenaci\u00f3n de las profesiones sanitarias establece cuatro niveles de certificaci\u00f3n profesional para el farmac\u00e9utico. El paso a un nivel superior requiere, seg\u00fan explic\u00f3 Montilla, la acreditaci\u00f3n de cinco a\u00f1os de ejercicio profesional y un n\u00famero determinado de cr\u00e9ditos que se pueden obtener mediante cursos de formaci\u00f3n, actividad investigadora, actividad docente y participaci\u00f3n en campa\u00f1as sanitarias.\u00a0Asimismo, el presidente de la Comisi\u00f3n Nacional de Farmacia Industrial y Gal\u00e9nica record\u00f3 que la carrera profesional no se limita a los farmac\u00e9uticos que ejercen su labor en la farmacia comunitaria, sino que es aplicable a aquellos que desarrollan su actividad en almacenes de distribuci\u00f3n de medicamentos y productos sanitarios y laboratorios farmac\u00e9uticos.\u00a0Para Manuel Delgado, abogado de Cambre Asociados, el desarrollo de la carrera profesional es un \u201cpoderoso motivador para actualizar y mejorar los conocimientos, las habilidades y las actitudes del farmac\u00e9utico\u201d. Pese a que este desarrollo de la carrera profesional conlleva costes asociados a los cursos de formaci\u00f3n y a la gesti\u00f3n del sistema de acreditaci\u00f3n, tambi\u00e9n implica ventajas en cuanto a aumento de la productividad en la farmacia y a un mayor valor a\u00f1adido en el consejo profesional.\u00a0En este sentido, Delgado record\u00f3 que un informe del Colegio Oficial de Farmac\u00e9uticos de Madrid, realizado en 2010, cifr\u00f3 en 1,28 millones de euros el ahorro directo que la carrera profesional supondr\u00eda para el sistema de salud madrile\u00f1o como consecuencia de un uso m\u00e1s eficiente y racional de los medicamentos.\u00a0El desarrollo de la carrera profesional aparece esbozado en la Ley 44\/2003 de ordenaci\u00f3n de las profesiones sanitarias. Esta ley, seg\u00fan Ricardo Mu\u00f1oz, de la firma legal Mu\u00f1oz Garc\u00eda Abogados, establece en su art\u00edculo 40 un cat\u00e1logo de derechos y deberes de los farmac\u00e9uticos en el ejercicio privado de su profesi\u00f3n que puede considerarse \u201cun aut\u00e9ntico estatuto del farmac\u00e9utico comunitario\u201d.\u00a0Adem\u00e1s, Mu\u00f1oz resalt\u00f3 que los objetivos de dicha ley son proporcionar al farmac\u00e9utico \u201cestabilidad legal y margen de mejora en el ejercicio de su profesi\u00f3n\u201d. Por \u00faltimo, Mu\u00f1oz subray\u00f3 la necesidad de profundizar en el marco legal de la carrera profesional del farmac\u00e9utico en Espa\u00f1a mediante el desarrollo auton\u00f3mico de la Ley 44\/2003, que a\u00fan no se ha producido.\u00a0\u00a0\u00a0Responsabilidad social del farmac\u00e9utico\u00a0Una segunda mesa redonda celebrada esta ma\u00f1ana analiz\u00f3 la responsabilidad social, medioambiental y en materia de salud p\u00fablica del farmac\u00e9utico. Juan Carlos Mampaso, director de Sigre, abord\u00f3 el problema de los residuos de medicamentos y c\u00f3mo su incorrecta gesti\u00f3n supone un peligro para la salud p\u00fablica. Mampaso record\u00f3 que Sigre se hace cargo de los envases y medicamentos que el sector farmac\u00e9utico pone en el mercado y que los consumidores desechan.\u00a0Mampaso puntualiz\u00f3 que estos residuos son \u201cdelicados y sensibles\u201d y que hay que tratarlos con cuidado para asegurar su destrucci\u00f3n, ya que incluso los envases vac\u00edos pueden contener trazas de medicamentos. Por ello, el director de Sigre recalc\u00f3 el importante papel del farmac\u00e9utico para concienciar a los ciudadanos sobre el cuidado del medio ambiente.\u00a0Por su parte, Jos\u00e9 Mar\u00eda Ord\u00f3\u00f1ez, presidente de la Sociedad Espa\u00f1ola de Sanidad Ambiental, asegur\u00f3 que hay dos millones de personas en toda Espa\u00f1a que acuden a las oficinas de farmacia y, por ello, hay que encarar activamente \u201cel papel estelar de las farmacias en el liderazgo de la salud p\u00fablica\u201d en coordinaci\u00f3n con la administraci\u00f3n.\u00a0Para mejorar la participaci\u00f3n del farmac\u00e9utico en la salud p\u00fablica, Ord\u00f3\u00f1ez apost\u00f3 por incentivar a las farmacias centinelas, dar informaci\u00f3n activa a la poblaci\u00f3n, m\u00e1s all\u00e1 del folleto y el prospecto, m\u00e1s educaci\u00f3n sanitaria e, incluso, \u201cofrecer una cartera de servicios\u201d.\u00a0Pilar Riaza, gerente de Calidad y RSC del Colegio Oficial de Farmac\u00e9uticos de Madrid, aclar\u00f3 que la responsabilidad social corporativa \u201cno es una estrategia de marketing ni una moda empresarial\u201d. Para Riaza es muy importante que las farmacias tengan claro cu\u00e1les son sus grupos de inter\u00e9s y abran canales de comunicaci\u00f3n con ellos.\u00a0La representante del COFM explic\u00f3 que cada a\u00f1o los farmac\u00e9uticos realizan 182 millones de actuaciones sanitarias ajenas a la dispensaci\u00f3n de medicamentos, por lo que anim\u00f3 a los profesionales del sector a ser m\u00e1s transparentes para que el conjunto de la sociedad conozca su actividad en el campo de la responsabilidad social corporativa.\u00a0\u00a0\u00a0S\u00edndrome metab\u00f3lico\u00a0La \u00faltima conferencia de la ma\u00f1ana se dedic\u00f3 a analizar los factores que intervienen en el desarrollo del s\u00edndrome metab\u00f3lico y los nuevos enfoques terap\u00e9uticos. Marta Garc\u00eda Coll\u00eda, vocal nacional de An\u00e1lisis Cl\u00ednicos del Consejo General de Colegios Oficiales de Farmac\u00e9uticos, se\u00f1al\u00f3 que las enfermedades cardiovasculares constituyen la principal causa de mortalidad en pa\u00edses desarrollados.\u00a0Por su parte, Jos\u00e9 Antonio Garc\u00eda Donaire, especialista en nefrolog\u00eda del Hospital Doce de Octubre de Madrid, apunt\u00f3 que los cambios en los h\u00e1bitos higi\u00e9nicos y diet\u00e9ticos han favorecido un aumento de la prevalencia de la obesidad y la diabetes de tipo 2, las principales causas del s\u00edndrome metab\u00f3lico. Garc\u00eda Donaire destac\u00f3 que no existe un \u00fanico etiolopatog\u00e9nico que sea causante del s\u00edndrome metab\u00f3lico, ya que influyen otros factores, como la hipertensi\u00f3n, el colesterol o niveles elevados de triglic\u00e9ridos.\u00a0Olga Gonz\u00e1lez, especialista en endocrinolog\u00eda y nutrici\u00f3n del Hospital Ram\u00f3n y Cajal de Madrid, se refiri\u00f3 a las nuevas dianas terap\u00e9uticas en el campo del s\u00edndrome metab\u00f3lico, resaltando que existen f\u00e1rmacos que han mejorado notablemente el control de la glucosa en diab\u00e9ticos. Para Gonz\u00e1lez, en los \u00faltimos a\u00f1os se ha producido una importante innovaci\u00f3n terap\u00e9utica en el tratamiento de la diabetes gracias a f\u00e1rmacos como los an\u00e1logos de la GLP-1 y los inhibidores de la dipeptidil peptidasa-4 (DPP-4). Seg\u00fan Gonz\u00e1lez, en breve llegar\u00e1n a las farmacias f\u00e1rmacos basados en la reabsorci\u00f3n de la glucosa, que actualmente se encuentran en fase III de investigaci\u00f3n cl\u00ednica.\u00a0Para cerrar esta mesa redonda, Carmela Vargas, especialista en an\u00e1lisis cl\u00ednicos y bioqu\u00edmica del Hospital Doce de Octubre, se refiri\u00f3 a la importancia de las diferentes pruebas anal\u00edticas que existen para el diagn\u00f3stico y el seguimiento del s\u00edndrome metab\u00f3lico. Para Vargas, el laboratorio cumple un papel fundamental tambi\u00e9n en cuesti\u00f3n de vigilancia y en el seguimiento de los objetivos del tratamiento, y no s\u00f3lo en la caracterizaci\u00f3n del s\u00edndrome metab\u00f3lico.M\u00e1s informaci\u00f3n\u00a0Departamento de Comunicaci\u00f3n del COFM: 91 406 84 69\u00a0Sala de Prensa del COFM: 91 474 55 84 y 629 56 90 74\u00a0\u00a0COFB.ORG<\/p>\n","protected":false},"excerpt":{"rendered":"<p>\u00a0 \u00a0\u2022 El COFM anima a los farmac\u00e9uticos a dar visibilidad a sus proyectos de responsabilidad social corporativa ante la sociedad\u00a0 \u2022 En breve llegar\u00e1n a las farmacias nuevos f\u00e1rmacos para luchar contra la diabetes tipo 2 Madrid, 22 de marzo. El desarrollo de la carrera profesional comporta importantes beneficios [&hellip;]<\/p>\n","protected":false},"author":1,"featured_media":0,"comment_status":"","ping_status":"","sticky":false,"template":"","format":"standard","meta":{"_uag_custom_page_level_css":"","site-sidebar-layout":"default","site-content-layout":"","ast-site-content-layout":"default","site-content-style":"default","site-sidebar-style":"default","ast-global-header-display":"","ast-banner-title-visibility":"","ast-main-header-display":"","ast-hfb-above-header-display":"","ast-hfb-below-header-display":"","ast-hfb-mobile-header-display":"","site-post-title":"","ast-breadcrumbs-content":"","ast-featured-img":"disabled","footer-sml-layout":"","theme-transparent-header-meta":"","adv-header-id-meta":"","stick-header-meta":"","header-above-stick-meta":"","header-main-stick-meta":"","header-below-stick-meta":"","astra-migrate-meta-layouts":"default","ast-page-background-enabled":"default","ast-page-background-meta":{"desktop":{"background-color":"var(--ast-global-color-4)","background-image":"","background-repeat":"repeat","background-position":"center center","background-size":"auto","background-attachment":"scroll","background-type":"","background-media":"","overlay-type":"","overlay-color":"","overlay-opacity":"","overlay-gradient":""},"tablet":{"background-color":"","background-image":"","background-repeat":"repeat","background-position":"center center","background-size":"auto","background-attachment":"scroll","background-type":"","background-media":"","overlay-type":"","overlay-color":"","overlay-opacity":"","overlay-gradient":""},"mobile":{"background-color":"","background-image":"","background-repeat":"repeat","background-position":"center center","background-size":"auto","background-attachment":"scroll","background-type":"","background-media":"","overlay-type":"","overlay-color":"","overlay-opacity":"","overlay-gradient":""}},"ast-content-background-meta":{"desktop":{"background-color":"var(--ast-global-color-5)","background-image":"","background-repeat":"repeat","background-position":"center center","background-size":"auto","background-attachment":"scroll","background-type":"","background-media":"","overlay-type":"","overlay-color":"","overlay-opacity":"","overlay-gradient":""},"tablet":{"background-color":"var(--ast-global-color-5)","background-image":"","background-repeat":"repeat","background-position":"center center","background-size":"auto","background-attachment":"scroll","background-type":"","background-media":"","overlay-type":"","overlay-color":"","overlay-opacity":"","overlay-gradient":""},"mobile":{"background-color":"var(--ast-global-color-5)","background-image":"","background-repeat":"repeat","background-position":"center center","background-size":"auto","background-attachment":"scroll","background-type":"","background-media":"","overlay-type":"","overlay-color":"","overlay-opacity":"","overlay-gradient":""}},"footnotes":""},"categories":[1060,1066],"tags":[],"class_list":["post-77617","post","type-post","status-publish","format-standard","hentry","category-notes-premsa","category-sense-categoria-ca"],"yoast_head":"<!-- This site is optimized with the Yoast SEO plugin v22.4 - https:\/\/yoast.com\/wordpress\/plugins\/seo\/ -->\n<title>Infarma Madrid 2012. El desarrollo de la carrera profesional, beneficioso para la farmacia y el sistema sanitario - Col\u00b7legi de Farmac\u00e8utics de Barcelona<\/title>\n<meta name=\"robots\" content=\"index, follow, max-snippet:-1, max-image-preview:large, max-video-preview:-1\" \/>\n<link rel=\"canonical\" href=\"https:\/\/novaorg.cofb.net\/2012\/03\/22\/infarma-madrid-2012-el-desarrollo-de-la-carrera-profesional-beneficioso-para-la-farmacia-y-el-sistema-sanitario\/\" \/>\n<meta property=\"og:locale\" content=\"ca_ES\" \/>\n<meta property=\"og:type\" content=\"article\" \/>\n<meta property=\"og:title\" content=\"Infarma Madrid 2012. El desarrollo de la carrera profesional, beneficioso para la farmacia y el sistema sanitario - Col\u00b7legi de Farmac\u00e8utics de Barcelona\" \/>\n<meta property=\"og:description\" content=\"\u00a0 \u00a0\u2022 El COFM anima a los farmac\u00e9uticos a dar visibilidad a sus proyectos de responsabilidad social corporativa ante la sociedad\u00a0 \u2022 En breve llegar\u00e1n a las farmacias nuevos f\u00e1rmacos para luchar contra la diabetes tipo 2 Madrid, 22 de marzo. El desarrollo de la carrera profesional comporta importantes beneficios [&hellip;]\" \/>\n<meta property=\"og:url\" content=\"https:\/\/novaorg.cofb.net\/2012\/03\/22\/infarma-madrid-2012-el-desarrollo-de-la-carrera-profesional-beneficioso-para-la-farmacia-y-el-sistema-sanitario\/\" \/>\n<meta property=\"og:site_name\" content=\"Col\u00b7legi de Farmac\u00e8utics de Barcelona\" \/>\n<meta property=\"article:publisher\" content=\"https:\/\/www.facebook.com\/farmaceuticsbcn\/\" \/>\n<meta property=\"article:published_time\" content=\"2012-03-22T23:52:00+00:00\" \/>\n<meta name=\"author\" content=\"wpAdminCofbOrg\" \/>\n<meta name=\"twitter:card\" content=\"summary_large_image\" \/>\n<meta name=\"twitter:creator\" content=\"@farmaceuticsbcn\" \/>\n<meta name=\"twitter:site\" content=\"@farmaceuticsbcn\" \/>\n<meta name=\"twitter:label1\" content=\"Escrit per\" \/>\n\t<meta name=\"twitter:data1\" content=\"wpAdminCofbOrg\" \/>\n\t<meta name=\"twitter:label2\" content=\"Temps estimat de lectura\" \/>\n\t<meta name=\"twitter:data2\" content=\"13 minuts\" \/>\n<script type=\"application\/ld+json\" class=\"yoast-schema-graph\">{\"@context\":\"https:\/\/schema.org\",\"@graph\":[{\"@type\":\"Article\",\"@id\":\"https:\/\/novaorg.cofb.net\/2012\/03\/22\/infarma-madrid-2012-el-desarrollo-de-la-carrera-profesional-beneficioso-para-la-farmacia-y-el-sistema-sanitario\/#article\",\"isPartOf\":{\"@id\":\"https:\/\/novaorg.cofb.net\/2012\/03\/22\/infarma-madrid-2012-el-desarrollo-de-la-carrera-profesional-beneficioso-para-la-farmacia-y-el-sistema-sanitario\/\"},\"author\":{\"name\":\"wpAdminCofbOrg\",\"@id\":\"https:\/\/www.cofb.org\/#\/schema\/person\/22ed7eea88da74b0fa4d3154ad87ffcb\"},\"headline\":\"Infarma Madrid 2012. El desarrollo de la carrera profesional, beneficioso para la farmacia y el sistema sanitario\",\"datePublished\":\"2012-03-22T23:52:00+00:00\",\"dateModified\":\"2012-03-22T23:52:00+00:00\",\"mainEntityOfPage\":{\"@id\":\"https:\/\/novaorg.cofb.net\/2012\/03\/22\/infarma-madrid-2012-el-desarrollo-de-la-carrera-profesional-beneficioso-para-la-farmacia-y-el-sistema-sanitario\/\"},\"wordCount\":2692,\"publisher\":{\"@id\":\"https:\/\/www.cofb.org\/#organization\"},\"articleSection\":[\"Notes de premsa\"],\"inLanguage\":\"ca\"},{\"@type\":\"WebPage\",\"@id\":\"https:\/\/novaorg.cofb.net\/2012\/03\/22\/infarma-madrid-2012-el-desarrollo-de-la-carrera-profesional-beneficioso-para-la-farmacia-y-el-sistema-sanitario\/\",\"url\":\"https:\/\/novaorg.cofb.net\/2012\/03\/22\/infarma-madrid-2012-el-desarrollo-de-la-carrera-profesional-beneficioso-para-la-farmacia-y-el-sistema-sanitario\/\",\"name\":\"Infarma Madrid 2012. El desarrollo de la carrera profesional, beneficioso para la farmacia y el sistema sanitario - Col\u00b7legi de Farmac\u00e8utics de Barcelona\",\"isPartOf\":{\"@id\":\"https:\/\/www.cofb.org\/#website\"},\"datePublished\":\"2012-03-22T23:52:00+00:00\",\"dateModified\":\"2012-03-22T23:52:00+00:00\",\"breadcrumb\":{\"@id\":\"https:\/\/novaorg.cofb.net\/2012\/03\/22\/infarma-madrid-2012-el-desarrollo-de-la-carrera-profesional-beneficioso-para-la-farmacia-y-el-sistema-sanitario\/#breadcrumb\"},\"inLanguage\":\"ca\",\"potentialAction\":[{\"@type\":\"ReadAction\",\"target\":[\"https:\/\/novaorg.cofb.net\/2012\/03\/22\/infarma-madrid-2012-el-desarrollo-de-la-carrera-profesional-beneficioso-para-la-farmacia-y-el-sistema-sanitario\/\"]}]},{\"@type\":\"BreadcrumbList\",\"@id\":\"https:\/\/novaorg.cofb.net\/2012\/03\/22\/infarma-madrid-2012-el-desarrollo-de-la-carrera-profesional-beneficioso-para-la-farmacia-y-el-sistema-sanitario\/#breadcrumb\",\"itemListElement\":[{\"@type\":\"ListItem\",\"position\":1,\"name\":\"Inici\",\"item\":\"https:\/\/novaorg.cofb.net\/\"},{\"@type\":\"ListItem\",\"position\":2,\"name\":\"Infarma Madrid 2012. El desarrollo de la carrera profesional, beneficioso para la farmacia y el sistema sanitario\"}]},{\"@type\":\"WebSite\",\"@id\":\"https:\/\/www.cofb.org\/#website\",\"url\":\"https:\/\/www.cofb.org\/\",\"name\":\"Col\u00b7legi de Farmac\u00e8utics de Barcelona\",\"description\":\"\",\"publisher\":{\"@id\":\"https:\/\/www.cofb.org\/#organization\"},\"potentialAction\":[{\"@type\":\"SearchAction\",\"target\":{\"@type\":\"EntryPoint\",\"urlTemplate\":\"https:\/\/www.cofb.org\/?s={search_term_string}\"},\"query-input\":\"required name=search_term_string\"}],\"inLanguage\":\"ca\"},{\"@type\":\"Organization\",\"@id\":\"https:\/\/www.cofb.org\/#organization\",\"name\":\"Col\u00b7legi de Farmac\u00e8utics de Barcelona\",\"url\":\"https:\/\/www.cofb.org\/\",\"logo\":{\"@type\":\"ImageObject\",\"inLanguage\":\"ca\",\"@id\":\"https:\/\/www.cofb.org\/#\/schema\/logo\/image\/\",\"url\":\"https:\/\/www.cofb.org\/wp-content\/uploads\/2023\/11\/cropped-Logotip-COFB.png\",\"contentUrl\":\"https:\/\/www.cofb.org\/wp-content\/uploads\/2023\/11\/cropped-Logotip-COFB.png\",\"width\":500,\"height\":105,\"caption\":\"Col\u00b7legi de Farmac\u00e8utics de Barcelona\"},\"image\":{\"@id\":\"https:\/\/www.cofb.org\/#\/schema\/logo\/image\/\"},\"sameAs\":[\"https:\/\/www.facebook.com\/farmaceuticsbcn\/\",\"https:\/\/twitter.com\/farmaceuticsbcn\",\"https:\/\/www.instagram.com\/farmaceuticsbcn\/\",\"https:\/\/www.linkedin.com\/company\/farmaceuticsbcn\/\"]},{\"@type\":\"Person\",\"@id\":\"https:\/\/www.cofb.org\/#\/schema\/person\/22ed7eea88da74b0fa4d3154ad87ffcb\",\"name\":\"wpAdminCofbOrg\",\"image\":{\"@type\":\"ImageObject\",\"inLanguage\":\"ca\",\"@id\":\"https:\/\/www.cofb.org\/#\/schema\/person\/image\/\",\"url\":\"https:\/\/secure.gravatar.com\/avatar\/1721b20b3b8ca882c3b56ec6c978c594fff670e40c0718e9190eaeeb76aae7d8?s=96&d=mm&r=g\",\"contentUrl\":\"https:\/\/secure.gravatar.com\/avatar\/1721b20b3b8ca882c3b56ec6c978c594fff670e40c0718e9190eaeeb76aae7d8?s=96&d=mm&r=g\",\"caption\":\"wpAdminCofbOrg\"},\"sameAs\":[\"http:\/\/192.168.64.122\/wordpress\"],\"url\":\"https:\/\/www.cofb.org\/ca\/author\/wpadmincofborg\/\"}]}<\/script>\n<!-- \/ Yoast SEO plugin. -->","yoast_head_json":{"title":"Infarma Madrid 2012. El desarrollo de la carrera profesional, beneficioso para la farmacia y el sistema sanitario - Col\u00b7legi de Farmac\u00e8utics de Barcelona","robots":{"index":"index","follow":"follow","max-snippet":"max-snippet:-1","max-image-preview":"max-image-preview:large","max-video-preview":"max-video-preview:-1"},"canonical":"https:\/\/novaorg.cofb.net\/2012\/03\/22\/infarma-madrid-2012-el-desarrollo-de-la-carrera-profesional-beneficioso-para-la-farmacia-y-el-sistema-sanitario\/","og_locale":"ca_ES","og_type":"article","og_title":"Infarma Madrid 2012. El desarrollo de la carrera profesional, beneficioso para la farmacia y el sistema sanitario - Col\u00b7legi de Farmac\u00e8utics de Barcelona","og_description":"\u00a0 \u00a0\u2022 El COFM anima a los farmac\u00e9uticos a dar visibilidad a sus proyectos de responsabilidad social corporativa ante la sociedad\u00a0 \u2022 En breve llegar\u00e1n a las farmacias nuevos f\u00e1rmacos para luchar contra la diabetes tipo 2 Madrid, 22 de marzo. El desarrollo de la carrera profesional comporta importantes beneficios [&hellip;]","og_url":"https:\/\/novaorg.cofb.net\/2012\/03\/22\/infarma-madrid-2012-el-desarrollo-de-la-carrera-profesional-beneficioso-para-la-farmacia-y-el-sistema-sanitario\/","og_site_name":"Col\u00b7legi de Farmac\u00e8utics de Barcelona","article_publisher":"https:\/\/www.facebook.com\/farmaceuticsbcn\/","article_published_time":"2012-03-22T23:52:00+00:00","author":"wpAdminCofbOrg","twitter_card":"summary_large_image","twitter_creator":"@farmaceuticsbcn","twitter_site":"@farmaceuticsbcn","twitter_misc":{"Escrit per":"wpAdminCofbOrg","Temps estimat de lectura":"13 minuts"},"schema":{"@context":"https:\/\/schema.org","@graph":[{"@type":"Article","@id":"https:\/\/novaorg.cofb.net\/2012\/03\/22\/infarma-madrid-2012-el-desarrollo-de-la-carrera-profesional-beneficioso-para-la-farmacia-y-el-sistema-sanitario\/#article","isPartOf":{"@id":"https:\/\/novaorg.cofb.net\/2012\/03\/22\/infarma-madrid-2012-el-desarrollo-de-la-carrera-profesional-beneficioso-para-la-farmacia-y-el-sistema-sanitario\/"},"author":{"name":"wpAdminCofbOrg","@id":"https:\/\/www.cofb.org\/#\/schema\/person\/22ed7eea88da74b0fa4d3154ad87ffcb"},"headline":"Infarma Madrid 2012. El desarrollo de la carrera profesional, beneficioso para la farmacia y el sistema sanitario","datePublished":"2012-03-22T23:52:00+00:00","dateModified":"2012-03-22T23:52:00+00:00","mainEntityOfPage":{"@id":"https:\/\/novaorg.cofb.net\/2012\/03\/22\/infarma-madrid-2012-el-desarrollo-de-la-carrera-profesional-beneficioso-para-la-farmacia-y-el-sistema-sanitario\/"},"wordCount":2692,"publisher":{"@id":"https:\/\/www.cofb.org\/#organization"},"articleSection":["Notes de premsa"],"inLanguage":"ca"},{"@type":"WebPage","@id":"https:\/\/novaorg.cofb.net\/2012\/03\/22\/infarma-madrid-2012-el-desarrollo-de-la-carrera-profesional-beneficioso-para-la-farmacia-y-el-sistema-sanitario\/","url":"https:\/\/novaorg.cofb.net\/2012\/03\/22\/infarma-madrid-2012-el-desarrollo-de-la-carrera-profesional-beneficioso-para-la-farmacia-y-el-sistema-sanitario\/","name":"Infarma Madrid 2012. El desarrollo de la carrera profesional, beneficioso para la farmacia y el sistema sanitario - Col\u00b7legi de Farmac\u00e8utics de Barcelona","isPartOf":{"@id":"https:\/\/www.cofb.org\/#website"},"datePublished":"2012-03-22T23:52:00+00:00","dateModified":"2012-03-22T23:52:00+00:00","breadcrumb":{"@id":"https:\/\/novaorg.cofb.net\/2012\/03\/22\/infarma-madrid-2012-el-desarrollo-de-la-carrera-profesional-beneficioso-para-la-farmacia-y-el-sistema-sanitario\/#breadcrumb"},"inLanguage":"ca","potentialAction":[{"@type":"ReadAction","target":["https:\/\/novaorg.cofb.net\/2012\/03\/22\/infarma-madrid-2012-el-desarrollo-de-la-carrera-profesional-beneficioso-para-la-farmacia-y-el-sistema-sanitario\/"]}]},{"@type":"BreadcrumbList","@id":"https:\/\/novaorg.cofb.net\/2012\/03\/22\/infarma-madrid-2012-el-desarrollo-de-la-carrera-profesional-beneficioso-para-la-farmacia-y-el-sistema-sanitario\/#breadcrumb","itemListElement":[{"@type":"ListItem","position":1,"name":"Inici","item":"https:\/\/novaorg.cofb.net\/"},{"@type":"ListItem","position":2,"name":"Infarma Madrid 2012. El desarrollo de la carrera profesional, beneficioso para la farmacia y el sistema sanitario"}]},{"@type":"WebSite","@id":"https:\/\/www.cofb.org\/#website","url":"https:\/\/www.cofb.org\/","name":"Col\u00b7legi de Farmac\u00e8utics de Barcelona","description":"","publisher":{"@id":"https:\/\/www.cofb.org\/#organization"},"potentialAction":[{"@type":"SearchAction","target":{"@type":"EntryPoint","urlTemplate":"https:\/\/www.cofb.org\/?s={search_term_string}"},"query-input":"required name=search_term_string"}],"inLanguage":"ca"},{"@type":"Organization","@id":"https:\/\/www.cofb.org\/#organization","name":"Col\u00b7legi de Farmac\u00e8utics de Barcelona","url":"https:\/\/www.cofb.org\/","logo":{"@type":"ImageObject","inLanguage":"ca","@id":"https:\/\/www.cofb.org\/#\/schema\/logo\/image\/","url":"https:\/\/www.cofb.org\/wp-content\/uploads\/2023\/11\/cropped-Logotip-COFB.png","contentUrl":"https:\/\/www.cofb.org\/wp-content\/uploads\/2023\/11\/cropped-Logotip-COFB.png","width":500,"height":105,"caption":"Col\u00b7legi de Farmac\u00e8utics de Barcelona"},"image":{"@id":"https:\/\/www.cofb.org\/#\/schema\/logo\/image\/"},"sameAs":["https:\/\/www.facebook.com\/farmaceuticsbcn\/","https:\/\/twitter.com\/farmaceuticsbcn","https:\/\/www.instagram.com\/farmaceuticsbcn\/","https:\/\/www.linkedin.com\/company\/farmaceuticsbcn\/"]},{"@type":"Person","@id":"https:\/\/www.cofb.org\/#\/schema\/person\/22ed7eea88da74b0fa4d3154ad87ffcb","name":"wpAdminCofbOrg","image":{"@type":"ImageObject","inLanguage":"ca","@id":"https:\/\/www.cofb.org\/#\/schema\/person\/image\/","url":"https:\/\/secure.gravatar.com\/avatar\/1721b20b3b8ca882c3b56ec6c978c594fff670e40c0718e9190eaeeb76aae7d8?s=96&d=mm&r=g","contentUrl":"https:\/\/secure.gravatar.com\/avatar\/1721b20b3b8ca882c3b56ec6c978c594fff670e40c0718e9190eaeeb76aae7d8?s=96&d=mm&r=g","caption":"wpAdminCofbOrg"},"sameAs":["http:\/\/192.168.64.122\/wordpress"],"url":"https:\/\/www.cofb.org\/ca\/author\/wpadmincofborg\/"}]}},"uagb_featured_image_src":{"full":false,"thumbnail":false,"medium":false,"medium_large":false,"large":false,"1536x1536":false,"2048x2048":false,"trp-custom-language-flag":false},"uagb_author_info":{"display_name":"wpAdminCofbOrg","author_link":"https:\/\/www.cofb.org\/ca\/author\/wpadmincofborg\/"},"uagb_comment_info":0,"uagb_excerpt":"\u00a0 \u00a0\u2022 El COFM anima a los farmac\u00e9uticos a dar visibilidad a sus proyectos de responsabilidad social corporativa ante la sociedad\u00a0 \u2022 En breve llegar\u00e1n a las farmacias nuevos f\u00e1rmacos para luchar contra la diabetes tipo 2 Madrid, 22 de marzo. El desarrollo de la carrera profesional comporta importantes beneficios [&hellip;]","_links":{"self":[{"href":"https:\/\/www.cofb.org\/ca\/wp-json\/wp\/v2\/posts\/77617","targetHints":{"allow":["GET"]}}],"collection":[{"href":"https:\/\/www.cofb.org\/ca\/wp-json\/wp\/v2\/posts"}],"about":[{"href":"https:\/\/www.cofb.org\/ca\/wp-json\/wp\/v2\/types\/post"}],"author":[{"embeddable":true,"href":"https:\/\/www.cofb.org\/ca\/wp-json\/wp\/v2\/users\/1"}],"replies":[{"embeddable":true,"href":"https:\/\/www.cofb.org\/ca\/wp-json\/wp\/v2\/comments?post=77617"}],"version-history":[{"count":0,"href":"https:\/\/www.cofb.org\/ca\/wp-json\/wp\/v2\/posts\/77617\/revisions"}],"wp:attachment":[{"href":"https:\/\/www.cofb.org\/ca\/wp-json\/wp\/v2\/media?parent=77617"}],"wp:term":[{"taxonomy":"category","embeddable":true,"href":"https:\/\/www.cofb.org\/ca\/wp-json\/wp\/v2\/categories?post=77617"},{"taxonomy":"post_tag","embeddable":true,"href":"https:\/\/www.cofb.org\/ca\/wp-json\/wp\/v2\/tags?post=77617"}],"curies":[{"name":"wp","href":"https:\/\/api.w.org\/{rel}","templated":true}]}}