{"id":77603,"date":"2012-07-12T16:40:00","date_gmt":"2012-07-12T16:40:00","guid":{"rendered":"https:\/\/novaorg.cofb.net\/2012\/07\/12\/boi-ruiz-defensa-lampliacio-de-la-cartera-de-serveis-farmaceutica-en-la-presa-de-possessio-de-la-nova-junta-del-collegi-de-farmaceutics-de-barcelona\/"},"modified":"2012-07-12T16:40:00","modified_gmt":"2012-07-12T16:40:00","slug":"boi-ruiz-defensa-lampliacio-de-la-cartera-de-serveis-farmaceutica-en-la-presa-de-possessio-de-la-nova-junta-del-collegi-de-farmaceutics-de-barcelona","status":"publish","type":"post","link":"https:\/\/www.cofb.org\/ca\/2012\/07\/12\/boi-ruiz-defensa-lampliacio-de-la-cartera-de-serveis-farmaceutica-en-la-presa-de-possessio-de-la-nova-junta-del-collegi-de-farmaceutics-de-barcelona\/","title":{"rendered":"Boi Ruiz defensa l&#8217;ampliaci\u00f3 de la cartera de serveis farmac\u00e8utica en la presa de possessi\u00f3 de la nova Junta del Col\u00b7legi de Farmac\u00e8utics de Barcelona"},"content":{"rendered":"<p>\u00a0<\/p>\n<p>\u00a0<strong>Barcelona, 12 de juliol de 2012<\/strong><span>\u00a0<\/span><span>\u2013 La detecci\u00f3 preco\u00e7 del c\u00e0ncer de c\u00f2lon des de la farm\u00e0cia o el de la infecci\u00f3 per VIH s\u00f3n els dos serveis que han concertat fins ara els farmac\u00e8utics catalans amb la sanitat p\u00fablica catalana. L\u2019acord per proveir aquests serveis des de les farm\u00e0cies va arribar el passat mes d\u2019abril i ahir el conseller de Salut, Boi Ruiz, va defensar la necessitat d\u2019ampliar-la. \u201cHem d\u2019avan\u00e7ar molt amb els farmac\u00e8utics\u201d, va afegir, \u201cque no hi hagi benzina no vol dir que haguem d\u2019aturar el cotxe\u201d. Va ser durant la presa de possessi\u00f3 de la nova Junta de Govern del Col\u00b7legi de Farmac\u00e8utics de Barcelona, que va tenir lloc al vespre a la seu de la instituci\u00f3.<\/span><\/p>\n<p align=\"justify\">Durant l\u2019acte, Jordi de Dalmases, que repeteix com a president per segon mandat consecutiu despr\u00e9s de quatre anys al capdavant de la instituci\u00f3 va destacar, en relaci\u00f3 amb aquesta cartera de serveis pionera a l\u2019Estat, que \u201chem d\u2019aconseguir guanyar-nos la vida amb la gesti\u00f3 del nostre coneixement\u201d, superant el model actual on la viabilitat de les farm\u00e0cies est\u00e0 lligada al marge del preu d\u2019un medicament cada cop m\u00e9s devaluat<\/p>\n<p align=\"justify\">La cartera de serveis es basa precisament en aquesta premissa: aprofitar el coneixement dels professionals farmac\u00e8utics i l\u2019\u00e0mplia xarxa de farm\u00e0cies per millorar en la prevenci\u00f3 de la malaltia i en la cura de la salut. Fins ara, tant en el cas de la detecci\u00f3 preco\u00e7 del c\u00e0ncer de c\u00f2lon com en la de la infecci\u00f3 per VIH, els resultats han demostrat l\u2019efectivitat de l\u2019actuaci\u00f3 del farmac\u00e8uticReferint-se, no nom\u00e9s a la farm\u00e0cia comunit\u00e0ria, sin\u00f3 als m\u00faltiples \u00e0mbits d\u2019exercici dels farmac\u00e8utics -atenci\u00f3 prim\u00e0ria, hospitals, distribuci\u00f3, ind\u00fastria o salut p\u00fablica, entre d\u2019altres-, representats pels 22 professionals que formen part de la nova Junta, Jordi de Dalmases, va afirmar que \u201cla missi\u00f3 d\u2019aquesta Junta ha de ser aprofitar els canvis que es produeixen en temps convulsos com l\u2019actual perqu\u00e8 la professi\u00f3 pugui continuar evolucionant\u201d.\u00a0<\/p>\n<p>Per la seva banda, Carmen Pe\u00f1a, presidenta del Consejo de Colegios Farmac\u00e9uticos, va apel\u00b7lar a la necessitat de \u201cdialogar sempre amb els nostres gestors\u201d i va destacar la import\u00e0ncia de comptar amb professionals compromesos en moments tan dif\u00edcils com l\u2019actual, mostra que \u201cla farm\u00e0cia segueix viva, perqu\u00e8 venen noves generacions disposades a aportar el seu temps i energia a la professi\u00f3\u201d.<\/p>\n<p align=\"justify\">En aquest nou mandat s\u00f3n deu les noves incorporacions a l\u2019equip de Govern i s\u2019han produ\u00eft canvis a tresoreria i vicetresoreria, a les vocalies de n\u00famero 1 i 4, i a les vocalies d\u2019An\u00e0lisi, Alimentaci\u00f3 i Nutrici\u00f3, Atenci\u00f3 Prim\u00e0ria, Dermofarm\u00e0cia i Productes Sanitaris, Oficina de Farm\u00e0cia, Salut P\u00fablica, i Investigaci\u00f3 i Doc\u00e8ncia.\u00a0<\/p>\n<p><strong>\u00a0\u00a0<br \/>Llistat de membres de la nova Junta<\/strong>\u00a0<\/p>\n<p>President, Jordi de Dalmases Bala\u00f1\u00e1\u00a0<br \/>Vicepresident, Francesc Pla Santamans\u00a0<br \/>Secret\u00e0ria, Maria E. Calvo Gil\u00a0<br \/>Tresorer, Joan Calduch Porta\u00a0<br \/>Vicetresorer, Jordi Casas S\u00e1nchez\u00a0<br \/>Vocal n\u00fam. 1, Francesc Llamb\u00ed Mateos\u00a0<br \/>Vocal n\u00fam. 2, Merc\u00e8 Barau Germes\u00a0<br \/>Vocal n\u00fam. 3, Marian Carretero Colomer\u00a0<br \/>Vocal n\u00fam. 4, Josep Manel Llop Talaver\u00f3n\u00a0<br \/>Vocal n\u00fam. 5, Xavier Prat Borrell\u00a0<br \/>Vocal d\u2019An\u00e0lisi, Llu\u00efsa Juan Pereira\u00a0<br \/>Vocal d\u2019Alimentaci\u00f3 i Nutrici\u00f3, Anna Bach Faig\u00a0<br \/>Vocal d\u2019Atenci\u00f3 Prim\u00e0ria, Roser Vall\u00e8s Fern\u00e1ndez\u00a0<br \/>Vocal de Dermofarm\u00e0cia i Productes Sanitaris, N\u00faria Bosch Sagrera\u00a0<br \/>Vocal de Distribuci\u00f3, Montserrat Amor\u00f3s Sed\u00f3\u00a0<br \/>Vocal d\u2019Hospitals, Tom\u00e0s Casas\u00edn Edo\u00a0<br \/>Vocal de Plantes Medicinals i Homeopatia, M. Jos\u00e9 Alonso Osorio\u00a0<br \/>Vocal d\u2019Ind\u00fastria, Ramon Bonet Miralbes\u00a0<br \/>Vocal d\u2019Investigaci\u00f3 i Doc\u00e8ncia, Pilar Gasc\u00f3n Lecha\u00a0<br \/>Vocal d\u2019Oficina de Farm\u00e0cia, Francisca Aranzana Mart\u00ednez\u00a0<br \/>Vocal d\u2019Ortop\u00e8dia, Montserrat Giron\u00e8s Saderra\u00a0<br \/>Vocal de Salut P\u00fablica, N\u00faria Oliva Salart\u00a0<\/p>\n<p><strong>\u00a0\u00a0<br \/>Per a m\u00e9s informaci\u00f3<\/strong>:\u00a0<br \/>Departament de Comunicaci\u00f3 COFB\u00a0<br \/><a href=\"mailto:premsa@cofb.net\">premsa@cofb.net<\/a>\u00a0<br \/>93 244 07 28\/18<\/p>\n<p>\u00a0\u00a0Barcelona, 12 de juliol de 2012\u00a0\u2013 La detecci\u00f3 preco\u00e7 del c\u00e0ncer de c\u00f2lon des de la farm\u00e0cia o el de la infecci\u00f3 per VIH s\u00f3n els dos serveis que han concertat fins ara els farmac\u00e8utics catalans amb la sanitat p\u00fablica catalana. L\u2019acord per proveir aquests serveis des de les farm\u00e0cies va arribar el passat mes d\u2019abril i ahir el conseller de Salut, Boi Ruiz, va defensar la necessitat d\u2019ampliar-la. \u201cHem d\u2019avan\u00e7ar molt amb els farmac\u00e8utics\u201d, va afegir, \u201cque no hi hagi benzina no vol dir que haguem d\u2019aturar el cotxe\u201d. Va ser durant la presa de possessi\u00f3 de la nova Junta de Govern del Col\u00b7legi de Farmac\u00e8utics de Barcelona, que va tenir lloc al vespre a la seu de la instituci\u00f3.Durant l\u2019acte, Jordi de Dalmases, que repeteix com a president per segon mandat consecutiu despr\u00e9s de quatre anys al capdavant de la instituci\u00f3 va destacar, en relaci\u00f3 amb aquesta cartera de serveis pionera a l\u2019Estat, que \u201chem d\u2019aconseguir guanyar-nos la vida amb la gesti\u00f3 del nostre coneixement\u201d, superant el model actual on la viabilitat de les farm\u00e0cies est\u00e0 lligada al marge del preu d\u2019un medicament cada cop m\u00e9s devaluatLa cartera de serveis es basa precisament en aquesta premissa: aprofitar el coneixement dels professionals farmac\u00e8utics i l\u2019\u00e0mplia xarxa de farm\u00e0cies per millorar en la prevenci\u00f3 de la malaltia i en la cura de la salut. Fins ara, tant en el cas de la detecci\u00f3 preco\u00e7 del c\u00e0ncer de c\u00f2lon com en la de la infecci\u00f3 per VIH, els resultats han demostrat l\u2019efectivitat de l\u2019actuaci\u00f3 del farmac\u00e8uticReferint-se, no nom\u00e9s a la farm\u00e0cia comunit\u00e0ria, sin\u00f3 als m\u00faltiples \u00e0mbits d\u2019exercici dels farmac\u00e8utics -atenci\u00f3 prim\u00e0ria, hospitals, distribuci\u00f3, ind\u00fastria o salut p\u00fablica, entre d\u2019altres-, representats pels 22 professionals que formen part de la nova Junta, Jordi de Dalmases, va afirmar que \u201cla missi\u00f3 d\u2019aquesta Junta ha de ser aprofitar els canvis que es produeixen en temps convulsos com l\u2019actual perqu\u00e8 la professi\u00f3 pugui continuar evolucionant\u201d.\u00a0Per la seva banda, Carmen Pe\u00f1a, presidenta del Consejo de Colegios Farmac\u00e9uticos, va apel\u00b7lar a la necessitat de \u201cdialogar sempre amb els nostres gestors\u201d i va destacar la import\u00e0ncia de comptar amb professionals compromesos en moments tan dif\u00edcils com l\u2019actual, mostra que \u201cla farm\u00e0cia segueix viva, perqu\u00e8 venen noves generacions disposades a aportar el seu temps i energia a la professi\u00f3\u201d.En aquest nou mandat s\u00f3n deu les noves incorporacions a l\u2019equip de Govern i s\u2019han produ\u00eft canvis a tresoreria i vicetresoreria, a les vocalies de n\u00famero 1 i 4, i a les vocalies d\u2019An\u00e0lisi, Alimentaci\u00f3 i Nutrici\u00f3, Atenci\u00f3 Prim\u00e0ria, Dermofarm\u00e0cia i Productes Sanitaris, Oficina de Farm\u00e0cia, Salut P\u00fablica, i Investigaci\u00f3 i Doc\u00e8ncia.\u00a0\u00a0\u00a0Llistat de membres de la nova Junta\u00a0President, Jordi de Dalmases Bala\u00f1\u00e1\u00a0Vicepresident, Francesc Pla Santamans\u00a0Secret\u00e0ria, Maria E. Calvo Gil\u00a0Tresorer, Joan Calduch Porta\u00a0Vicetresorer, Jordi Casas S\u00e1nchez\u00a0Vocal n\u00fam. 1, Francesc Llamb\u00ed Mateos\u00a0Vocal n\u00fam. 2, Merc\u00e8 Barau Germes\u00a0Vocal n\u00fam. 3, Marian Carretero Colomer\u00a0Vocal n\u00fam. 4, Josep Manel Llop Talaver\u00f3n\u00a0Vocal n\u00fam. 5, Xavier Prat Borrell\u00a0Vocal d\u2019An\u00e0lisi, Llu\u00efsa Juan Pereira\u00a0Vocal d\u2019Alimentaci\u00f3 i Nutrici\u00f3, Anna Bach Faig\u00a0Vocal d\u2019Atenci\u00f3 Prim\u00e0ria, Roser Vall\u00e8s Fern\u00e1ndez\u00a0Vocal de Dermofarm\u00e0cia i Productes Sanitaris, N\u00faria Bosch Sagrera\u00a0Vocal de Distribuci\u00f3, Montserrat Amor\u00f3s Sed\u00f3\u00a0Vocal d\u2019Hospitals, Tom\u00e0s Casas\u00edn Edo\u00a0Vocal de Plantes Medicinals i Homeopatia, M. Jos\u00e9 Alonso Osorio\u00a0Vocal d\u2019Ind\u00fastria, Ramon Bonet Miralbes\u00a0Vocal d\u2019Investigaci\u00f3 i Doc\u00e8ncia, Pilar Gasc\u00f3n Lecha\u00a0Vocal d\u2019Oficina de Farm\u00e0cia, Francisca Aranzana Mart\u00ednez\u00a0Vocal d\u2019Ortop\u00e8dia, Montserrat Giron\u00e8s Saderra\u00a0Vocal de Salut P\u00fablica, N\u00faria Oliva Salart\u00a0\u00a0\u00a0Per a m\u00e9s informaci\u00f3:\u00a0Departament de Comunicaci\u00f3 COFB\u00a0premsa@cofb.net\u00a093 244 07 28\/18\u00a0\u00a0COFB.ORG<\/p>\n","protected":false},"excerpt":{"rendered":"<p>\u00a0 \u00a0Barcelona, 12 de juliol de 2012\u00a0\u2013 La detecci\u00f3 preco\u00e7 del c\u00e0ncer de c\u00f2lon des de la farm\u00e0cia o el de la infecci\u00f3 per VIH s\u00f3n els dos serveis que han concertat fins ara els farmac\u00e8utics catalans amb la sanitat p\u00fablica catalana. L\u2019acord per proveir aquests serveis des de les [&hellip;]<\/p>\n","protected":false},"author":1,"featured_media":0,"comment_status":"","ping_status":"","sticky":false,"template":"","format":"standard","meta":{"_uag_custom_page_level_css":"","site-sidebar-layout":"default","site-content-layout":"","ast-site-content-layout":"default","site-content-style":"default","site-sidebar-style":"default","ast-global-header-display":"","ast-banner-title-visibility":"","ast-main-header-display":"","ast-hfb-above-header-display":"","ast-hfb-below-header-display":"","ast-hfb-mobile-header-display":"","site-post-title":"","ast-breadcrumbs-content":"","ast-featured-img":"disabled","footer-sml-layout":"","theme-transparent-header-meta":"","adv-header-id-meta":"","stick-header-meta":"","header-above-stick-meta":"","header-main-stick-meta":"","header-below-stick-meta":"","astra-migrate-meta-layouts":"default","ast-page-background-enabled":"default","ast-page-background-meta":{"desktop":{"background-color":"var(--ast-global-color-4)","background-image":"","background-repeat":"repeat","background-position":"center center","background-size":"auto","background-attachment":"scroll","background-type":"","background-media":"","overlay-type":"","overlay-color":"","overlay-opacity":"","overlay-gradient":""},"tablet":{"background-color":"","background-image":"","background-repeat":"repeat","background-position":"center center","background-size":"auto","background-attachment":"scroll","background-type":"","background-media":"","overlay-type":"","overlay-color":"","overlay-opacity":"","overlay-gradient":""},"mobile":{"background-color":"","background-image":"","background-repeat":"repeat","background-position":"center center","background-size":"auto","background-attachment":"scroll","background-type":"","background-media":"","overlay-type":"","overlay-color":"","overlay-opacity":"","overlay-gradient":""}},"ast-content-background-meta":{"desktop":{"background-color":"var(--ast-global-color-5)","background-image":"","background-repeat":"repeat","background-position":"center center","background-size":"auto","background-attachment":"scroll","background-type":"","background-media":"","overlay-type":"","overlay-color":"","overlay-opacity":"","overlay-gradient":""},"tablet":{"background-color":"var(--ast-global-color-5)","background-image":"","background-repeat":"repeat","background-position":"center center","background-size":"auto","background-attachment":"scroll","background-type":"","background-media":"","overlay-type":"","overlay-color":"","overlay-opacity":"","overlay-gradient":""},"mobile":{"background-color":"var(--ast-global-color-5)","background-image":"","background-repeat":"repeat","background-position":"center center","background-size":"auto","background-attachment":"scroll","background-type":"","background-media":"","overlay-type":"","overlay-color":"","overlay-opacity":"","overlay-gradient":""}},"footnotes":""},"categories":[1060,1066],"tags":[],"class_list":["post-77603","post","type-post","status-publish","format-standard","hentry","category-notes-premsa","category-sense-categoria-ca"],"yoast_head":"<!-- This site is optimized with the Yoast SEO plugin v22.4 - https:\/\/yoast.com\/wordpress\/plugins\/seo\/ -->\n<title>Boi Ruiz defensa l&#039;ampliaci\u00f3 de la cartera de serveis farmac\u00e8utica en la presa de possessi\u00f3 de la nova Junta del Col\u00b7legi de Farmac\u00e8utics de Barcelona - Col\u00b7legi de Farmac\u00e8utics de Barcelona<\/title>\n<meta name=\"robots\" content=\"index, follow, max-snippet:-1, max-image-preview:large, max-video-preview:-1\" \/>\n<link rel=\"canonical\" href=\"https:\/\/novaorg.cofb.net\/2012\/07\/12\/boi-ruiz-defensa-lampliacio-de-la-cartera-de-serveis-farmaceutica-en-la-presa-de-possessio-de-la-nova-junta-del-collegi-de-farmaceutics-de-barcelona\/\" \/>\n<meta property=\"og:locale\" content=\"ca_ES\" \/>\n<meta property=\"og:type\" content=\"article\" \/>\n<meta property=\"og:title\" content=\"Boi Ruiz defensa l&#039;ampliaci\u00f3 de la cartera de serveis farmac\u00e8utica en la presa de possessi\u00f3 de la nova Junta del Col\u00b7legi de Farmac\u00e8utics de Barcelona - Col\u00b7legi de Farmac\u00e8utics de Barcelona\" \/>\n<meta property=\"og:description\" content=\"\u00a0 \u00a0Barcelona, 12 de juliol de 2012\u00a0\u2013 La detecci\u00f3 preco\u00e7 del c\u00e0ncer de c\u00f2lon des de la farm\u00e0cia o el de la infecci\u00f3 per VIH s\u00f3n els dos serveis que han concertat fins ara els farmac\u00e8utics catalans amb la sanitat p\u00fablica catalana. L\u2019acord per proveir aquests serveis des de les [&hellip;]\" \/>\n<meta property=\"og:url\" content=\"https:\/\/novaorg.cofb.net\/2012\/07\/12\/boi-ruiz-defensa-lampliacio-de-la-cartera-de-serveis-farmaceutica-en-la-presa-de-possessio-de-la-nova-junta-del-collegi-de-farmaceutics-de-barcelona\/\" \/>\n<meta property=\"og:site_name\" content=\"Col\u00b7legi de Farmac\u00e8utics de Barcelona\" \/>\n<meta property=\"article:publisher\" content=\"https:\/\/www.facebook.com\/farmaceuticsbcn\/\" \/>\n<meta property=\"article:published_time\" content=\"2012-07-12T16:40:00+00:00\" \/>\n<meta name=\"author\" content=\"wpAdminCofbOrg\" \/>\n<meta name=\"twitter:card\" content=\"summary_large_image\" \/>\n<meta name=\"twitter:creator\" content=\"@farmaceuticsbcn\" \/>\n<meta name=\"twitter:site\" content=\"@farmaceuticsbcn\" \/>\n<meta name=\"twitter:label1\" content=\"Escrit per\" \/>\n\t<meta name=\"twitter:data1\" content=\"wpAdminCofbOrg\" \/>\n\t<meta name=\"twitter:label2\" content=\"Temps estimat de lectura\" \/>\n\t<meta name=\"twitter:data2\" content=\"7 minuts\" \/>\n<script type=\"application\/ld+json\" class=\"yoast-schema-graph\">{\"@context\":\"https:\/\/schema.org\",\"@graph\":[{\"@type\":\"Article\",\"@id\":\"https:\/\/novaorg.cofb.net\/2012\/07\/12\/boi-ruiz-defensa-lampliacio-de-la-cartera-de-serveis-farmaceutica-en-la-presa-de-possessio-de-la-nova-junta-del-collegi-de-farmaceutics-de-barcelona\/#article\",\"isPartOf\":{\"@id\":\"https:\/\/novaorg.cofb.net\/2012\/07\/12\/boi-ruiz-defensa-lampliacio-de-la-cartera-de-serveis-farmaceutica-en-la-presa-de-possessio-de-la-nova-junta-del-collegi-de-farmaceutics-de-barcelona\/\"},\"author\":{\"name\":\"wpAdminCofbOrg\",\"@id\":\"https:\/\/www.cofb.org\/#\/schema\/person\/22ed7eea88da74b0fa4d3154ad87ffcb\"},\"headline\":\"Boi Ruiz defensa l&#8217;ampliaci\u00f3 de la cartera de serveis farmac\u00e8utica en la presa de possessi\u00f3 de la nova Junta del Col\u00b7legi de Farmac\u00e8utics de Barcelona\",\"datePublished\":\"2012-07-12T16:40:00+00:00\",\"dateModified\":\"2012-07-12T16:40:00+00:00\",\"mainEntityOfPage\":{\"@id\":\"https:\/\/novaorg.cofb.net\/2012\/07\/12\/boi-ruiz-defensa-lampliacio-de-la-cartera-de-serveis-farmaceutica-en-la-presa-de-possessio-de-la-nova-junta-del-collegi-de-farmaceutics-de-barcelona\/\"},\"wordCount\":1374,\"publisher\":{\"@id\":\"https:\/\/www.cofb.org\/#organization\"},\"articleSection\":[\"Notes de premsa\"],\"inLanguage\":\"ca\"},{\"@type\":\"WebPage\",\"@id\":\"https:\/\/novaorg.cofb.net\/2012\/07\/12\/boi-ruiz-defensa-lampliacio-de-la-cartera-de-serveis-farmaceutica-en-la-presa-de-possessio-de-la-nova-junta-del-collegi-de-farmaceutics-de-barcelona\/\",\"url\":\"https:\/\/novaorg.cofb.net\/2012\/07\/12\/boi-ruiz-defensa-lampliacio-de-la-cartera-de-serveis-farmaceutica-en-la-presa-de-possessio-de-la-nova-junta-del-collegi-de-farmaceutics-de-barcelona\/\",\"name\":\"Boi Ruiz defensa l'ampliaci\u00f3 de la cartera de serveis farmac\u00e8utica en la presa de possessi\u00f3 de la nova Junta del Col\u00b7legi de Farmac\u00e8utics de Barcelona - Col\u00b7legi de Farmac\u00e8utics de Barcelona\",\"isPartOf\":{\"@id\":\"https:\/\/www.cofb.org\/#website\"},\"datePublished\":\"2012-07-12T16:40:00+00:00\",\"dateModified\":\"2012-07-12T16:40:00+00:00\",\"breadcrumb\":{\"@id\":\"https:\/\/novaorg.cofb.net\/2012\/07\/12\/boi-ruiz-defensa-lampliacio-de-la-cartera-de-serveis-farmaceutica-en-la-presa-de-possessio-de-la-nova-junta-del-collegi-de-farmaceutics-de-barcelona\/#breadcrumb\"},\"inLanguage\":\"ca\",\"potentialAction\":[{\"@type\":\"ReadAction\",\"target\":[\"https:\/\/novaorg.cofb.net\/2012\/07\/12\/boi-ruiz-defensa-lampliacio-de-la-cartera-de-serveis-farmaceutica-en-la-presa-de-possessio-de-la-nova-junta-del-collegi-de-farmaceutics-de-barcelona\/\"]}]},{\"@type\":\"BreadcrumbList\",\"@id\":\"https:\/\/novaorg.cofb.net\/2012\/07\/12\/boi-ruiz-defensa-lampliacio-de-la-cartera-de-serveis-farmaceutica-en-la-presa-de-possessio-de-la-nova-junta-del-collegi-de-farmaceutics-de-barcelona\/#breadcrumb\",\"itemListElement\":[{\"@type\":\"ListItem\",\"position\":1,\"name\":\"Inici\",\"item\":\"https:\/\/novaorg.cofb.net\/\"},{\"@type\":\"ListItem\",\"position\":2,\"name\":\"Boi Ruiz defensa l&#8217;ampliaci\u00f3 de la cartera de serveis farmac\u00e8utica en la presa de possessi\u00f3 de la nova Junta del Col\u00b7legi de Farmac\u00e8utics de Barcelona\"}]},{\"@type\":\"WebSite\",\"@id\":\"https:\/\/www.cofb.org\/#website\",\"url\":\"https:\/\/www.cofb.org\/\",\"name\":\"Col\u00b7legi de Farmac\u00e8utics de Barcelona\",\"description\":\"\",\"publisher\":{\"@id\":\"https:\/\/www.cofb.org\/#organization\"},\"potentialAction\":[{\"@type\":\"SearchAction\",\"target\":{\"@type\":\"EntryPoint\",\"urlTemplate\":\"https:\/\/www.cofb.org\/?s={search_term_string}\"},\"query-input\":\"required name=search_term_string\"}],\"inLanguage\":\"ca\"},{\"@type\":\"Organization\",\"@id\":\"https:\/\/www.cofb.org\/#organization\",\"name\":\"Col\u00b7legi de Farmac\u00e8utics de Barcelona\",\"url\":\"https:\/\/www.cofb.org\/\",\"logo\":{\"@type\":\"ImageObject\",\"inLanguage\":\"ca\",\"@id\":\"https:\/\/www.cofb.org\/#\/schema\/logo\/image\/\",\"url\":\"https:\/\/www.cofb.org\/wp-content\/uploads\/2023\/11\/cropped-Logotip-COFB.png\",\"contentUrl\":\"https:\/\/www.cofb.org\/wp-content\/uploads\/2023\/11\/cropped-Logotip-COFB.png\",\"width\":500,\"height\":105,\"caption\":\"Col\u00b7legi de Farmac\u00e8utics de Barcelona\"},\"image\":{\"@id\":\"https:\/\/www.cofb.org\/#\/schema\/logo\/image\/\"},\"sameAs\":[\"https:\/\/www.facebook.com\/farmaceuticsbcn\/\",\"https:\/\/twitter.com\/farmaceuticsbcn\",\"https:\/\/www.instagram.com\/farmaceuticsbcn\/\",\"https:\/\/www.linkedin.com\/company\/farmaceuticsbcn\/\"]},{\"@type\":\"Person\",\"@id\":\"https:\/\/www.cofb.org\/#\/schema\/person\/22ed7eea88da74b0fa4d3154ad87ffcb\",\"name\":\"wpAdminCofbOrg\",\"image\":{\"@type\":\"ImageObject\",\"inLanguage\":\"ca\",\"@id\":\"https:\/\/www.cofb.org\/#\/schema\/person\/image\/\",\"url\":\"https:\/\/secure.gravatar.com\/avatar\/1721b20b3b8ca882c3b56ec6c978c594fff670e40c0718e9190eaeeb76aae7d8?s=96&d=mm&r=g\",\"contentUrl\":\"https:\/\/secure.gravatar.com\/avatar\/1721b20b3b8ca882c3b56ec6c978c594fff670e40c0718e9190eaeeb76aae7d8?s=96&d=mm&r=g\",\"caption\":\"wpAdminCofbOrg\"},\"sameAs\":[\"http:\/\/192.168.64.122\/wordpress\"],\"url\":\"https:\/\/www.cofb.org\/ca\/author\/wpadmincofborg\/\"}]}<\/script>\n<!-- \/ Yoast SEO plugin. -->","yoast_head_json":{"title":"Boi Ruiz defensa l'ampliaci\u00f3 de la cartera de serveis farmac\u00e8utica en la presa de possessi\u00f3 de la nova Junta del Col\u00b7legi de Farmac\u00e8utics de Barcelona - Col\u00b7legi de Farmac\u00e8utics de Barcelona","robots":{"index":"index","follow":"follow","max-snippet":"max-snippet:-1","max-image-preview":"max-image-preview:large","max-video-preview":"max-video-preview:-1"},"canonical":"https:\/\/novaorg.cofb.net\/2012\/07\/12\/boi-ruiz-defensa-lampliacio-de-la-cartera-de-serveis-farmaceutica-en-la-presa-de-possessio-de-la-nova-junta-del-collegi-de-farmaceutics-de-barcelona\/","og_locale":"ca_ES","og_type":"article","og_title":"Boi Ruiz defensa l'ampliaci\u00f3 de la cartera de serveis farmac\u00e8utica en la presa de possessi\u00f3 de la nova Junta del Col\u00b7legi de Farmac\u00e8utics de Barcelona - Col\u00b7legi de Farmac\u00e8utics de Barcelona","og_description":"\u00a0 \u00a0Barcelona, 12 de juliol de 2012\u00a0\u2013 La detecci\u00f3 preco\u00e7 del c\u00e0ncer de c\u00f2lon des de la farm\u00e0cia o el de la infecci\u00f3 per VIH s\u00f3n els dos serveis que han concertat fins ara els farmac\u00e8utics catalans amb la sanitat p\u00fablica catalana. L\u2019acord per proveir aquests serveis des de les [&hellip;]","og_url":"https:\/\/novaorg.cofb.net\/2012\/07\/12\/boi-ruiz-defensa-lampliacio-de-la-cartera-de-serveis-farmaceutica-en-la-presa-de-possessio-de-la-nova-junta-del-collegi-de-farmaceutics-de-barcelona\/","og_site_name":"Col\u00b7legi de Farmac\u00e8utics de Barcelona","article_publisher":"https:\/\/www.facebook.com\/farmaceuticsbcn\/","article_published_time":"2012-07-12T16:40:00+00:00","author":"wpAdminCofbOrg","twitter_card":"summary_large_image","twitter_creator":"@farmaceuticsbcn","twitter_site":"@farmaceuticsbcn","twitter_misc":{"Escrit per":"wpAdminCofbOrg","Temps estimat de lectura":"7 minuts"},"schema":{"@context":"https:\/\/schema.org","@graph":[{"@type":"Article","@id":"https:\/\/novaorg.cofb.net\/2012\/07\/12\/boi-ruiz-defensa-lampliacio-de-la-cartera-de-serveis-farmaceutica-en-la-presa-de-possessio-de-la-nova-junta-del-collegi-de-farmaceutics-de-barcelona\/#article","isPartOf":{"@id":"https:\/\/novaorg.cofb.net\/2012\/07\/12\/boi-ruiz-defensa-lampliacio-de-la-cartera-de-serveis-farmaceutica-en-la-presa-de-possessio-de-la-nova-junta-del-collegi-de-farmaceutics-de-barcelona\/"},"author":{"name":"wpAdminCofbOrg","@id":"https:\/\/www.cofb.org\/#\/schema\/person\/22ed7eea88da74b0fa4d3154ad87ffcb"},"headline":"Boi Ruiz defensa l&#8217;ampliaci\u00f3 de la cartera de serveis farmac\u00e8utica en la presa de possessi\u00f3 de la nova Junta del Col\u00b7legi de Farmac\u00e8utics de Barcelona","datePublished":"2012-07-12T16:40:00+00:00","dateModified":"2012-07-12T16:40:00+00:00","mainEntityOfPage":{"@id":"https:\/\/novaorg.cofb.net\/2012\/07\/12\/boi-ruiz-defensa-lampliacio-de-la-cartera-de-serveis-farmaceutica-en-la-presa-de-possessio-de-la-nova-junta-del-collegi-de-farmaceutics-de-barcelona\/"},"wordCount":1374,"publisher":{"@id":"https:\/\/www.cofb.org\/#organization"},"articleSection":["Notes de premsa"],"inLanguage":"ca"},{"@type":"WebPage","@id":"https:\/\/novaorg.cofb.net\/2012\/07\/12\/boi-ruiz-defensa-lampliacio-de-la-cartera-de-serveis-farmaceutica-en-la-presa-de-possessio-de-la-nova-junta-del-collegi-de-farmaceutics-de-barcelona\/","url":"https:\/\/novaorg.cofb.net\/2012\/07\/12\/boi-ruiz-defensa-lampliacio-de-la-cartera-de-serveis-farmaceutica-en-la-presa-de-possessio-de-la-nova-junta-del-collegi-de-farmaceutics-de-barcelona\/","name":"Boi Ruiz defensa l'ampliaci\u00f3 de la cartera de serveis farmac\u00e8utica en la presa de possessi\u00f3 de la nova Junta del Col\u00b7legi de Farmac\u00e8utics de Barcelona - Col\u00b7legi de Farmac\u00e8utics de Barcelona","isPartOf":{"@id":"https:\/\/www.cofb.org\/#website"},"datePublished":"2012-07-12T16:40:00+00:00","dateModified":"2012-07-12T16:40:00+00:00","breadcrumb":{"@id":"https:\/\/novaorg.cofb.net\/2012\/07\/12\/boi-ruiz-defensa-lampliacio-de-la-cartera-de-serveis-farmaceutica-en-la-presa-de-possessio-de-la-nova-junta-del-collegi-de-farmaceutics-de-barcelona\/#breadcrumb"},"inLanguage":"ca","potentialAction":[{"@type":"ReadAction","target":["https:\/\/novaorg.cofb.net\/2012\/07\/12\/boi-ruiz-defensa-lampliacio-de-la-cartera-de-serveis-farmaceutica-en-la-presa-de-possessio-de-la-nova-junta-del-collegi-de-farmaceutics-de-barcelona\/"]}]},{"@type":"BreadcrumbList","@id":"https:\/\/novaorg.cofb.net\/2012\/07\/12\/boi-ruiz-defensa-lampliacio-de-la-cartera-de-serveis-farmaceutica-en-la-presa-de-possessio-de-la-nova-junta-del-collegi-de-farmaceutics-de-barcelona\/#breadcrumb","itemListElement":[{"@type":"ListItem","position":1,"name":"Inici","item":"https:\/\/novaorg.cofb.net\/"},{"@type":"ListItem","position":2,"name":"Boi Ruiz defensa l&#8217;ampliaci\u00f3 de la cartera de serveis farmac\u00e8utica en la presa de possessi\u00f3 de la nova Junta del Col\u00b7legi de Farmac\u00e8utics de Barcelona"}]},{"@type":"WebSite","@id":"https:\/\/www.cofb.org\/#website","url":"https:\/\/www.cofb.org\/","name":"Col\u00b7legi de Farmac\u00e8utics de Barcelona","description":"","publisher":{"@id":"https:\/\/www.cofb.org\/#organization"},"potentialAction":[{"@type":"SearchAction","target":{"@type":"EntryPoint","urlTemplate":"https:\/\/www.cofb.org\/?s={search_term_string}"},"query-input":"required name=search_term_string"}],"inLanguage":"ca"},{"@type":"Organization","@id":"https:\/\/www.cofb.org\/#organization","name":"Col\u00b7legi de Farmac\u00e8utics de Barcelona","url":"https:\/\/www.cofb.org\/","logo":{"@type":"ImageObject","inLanguage":"ca","@id":"https:\/\/www.cofb.org\/#\/schema\/logo\/image\/","url":"https:\/\/www.cofb.org\/wp-content\/uploads\/2023\/11\/cropped-Logotip-COFB.png","contentUrl":"https:\/\/www.cofb.org\/wp-content\/uploads\/2023\/11\/cropped-Logotip-COFB.png","width":500,"height":105,"caption":"Col\u00b7legi de Farmac\u00e8utics de Barcelona"},"image":{"@id":"https:\/\/www.cofb.org\/#\/schema\/logo\/image\/"},"sameAs":["https:\/\/www.facebook.com\/farmaceuticsbcn\/","https:\/\/twitter.com\/farmaceuticsbcn","https:\/\/www.instagram.com\/farmaceuticsbcn\/","https:\/\/www.linkedin.com\/company\/farmaceuticsbcn\/"]},{"@type":"Person","@id":"https:\/\/www.cofb.org\/#\/schema\/person\/22ed7eea88da74b0fa4d3154ad87ffcb","name":"wpAdminCofbOrg","image":{"@type":"ImageObject","inLanguage":"ca","@id":"https:\/\/www.cofb.org\/#\/schema\/person\/image\/","url":"https:\/\/secure.gravatar.com\/avatar\/1721b20b3b8ca882c3b56ec6c978c594fff670e40c0718e9190eaeeb76aae7d8?s=96&d=mm&r=g","contentUrl":"https:\/\/secure.gravatar.com\/avatar\/1721b20b3b8ca882c3b56ec6c978c594fff670e40c0718e9190eaeeb76aae7d8?s=96&d=mm&r=g","caption":"wpAdminCofbOrg"},"sameAs":["http:\/\/192.168.64.122\/wordpress"],"url":"https:\/\/www.cofb.org\/ca\/author\/wpadmincofborg\/"}]}},"uagb_featured_image_src":{"full":false,"thumbnail":false,"medium":false,"medium_large":false,"large":false,"1536x1536":false,"2048x2048":false,"trp-custom-language-flag":false},"uagb_author_info":{"display_name":"wpAdminCofbOrg","author_link":"https:\/\/www.cofb.org\/ca\/author\/wpadmincofborg\/"},"uagb_comment_info":0,"uagb_excerpt":"\u00a0 \u00a0Barcelona, 12 de juliol de 2012\u00a0\u2013 La detecci\u00f3 preco\u00e7 del c\u00e0ncer de c\u00f2lon des de la farm\u00e0cia o el de la infecci\u00f3 per VIH s\u00f3n els dos serveis que han concertat fins ara els farmac\u00e8utics catalans amb la sanitat p\u00fablica catalana. L\u2019acord per proveir aquests serveis des de les [&hellip;]","_links":{"self":[{"href":"https:\/\/www.cofb.org\/ca\/wp-json\/wp\/v2\/posts\/77603","targetHints":{"allow":["GET"]}}],"collection":[{"href":"https:\/\/www.cofb.org\/ca\/wp-json\/wp\/v2\/posts"}],"about":[{"href":"https:\/\/www.cofb.org\/ca\/wp-json\/wp\/v2\/types\/post"}],"author":[{"embeddable":true,"href":"https:\/\/www.cofb.org\/ca\/wp-json\/wp\/v2\/users\/1"}],"replies":[{"embeddable":true,"href":"https:\/\/www.cofb.org\/ca\/wp-json\/wp\/v2\/comments?post=77603"}],"version-history":[{"count":0,"href":"https:\/\/www.cofb.org\/ca\/wp-json\/wp\/v2\/posts\/77603\/revisions"}],"wp:attachment":[{"href":"https:\/\/www.cofb.org\/ca\/wp-json\/wp\/v2\/media?parent=77603"}],"wp:term":[{"taxonomy":"category","embeddable":true,"href":"https:\/\/www.cofb.org\/ca\/wp-json\/wp\/v2\/categories?post=77603"},{"taxonomy":"post_tag","embeddable":true,"href":"https:\/\/www.cofb.org\/ca\/wp-json\/wp\/v2\/tags?post=77603"}],"curies":[{"name":"wp","href":"https:\/\/api.w.org\/{rel}","templated":true}]}}