{"id":77599,"date":"2012-10-17T16:36:00","date_gmt":"2012-10-17T16:36:00","guid":{"rendered":"https:\/\/novaorg.cofb.net\/2012\/10\/17\/els-collegis-catalans-decideixen-convocar-un-tancament-de-les-farmacies-per-al-25-doctubre\/"},"modified":"2012-10-17T16:36:00","modified_gmt":"2012-10-17T16:36:00","slug":"els-collegis-catalans-decideixen-convocar-un-tancament-de-les-farmacies-per-al-25-doctubre","status":"publish","type":"post","link":"https:\/\/www.cofb.org\/ca\/2012\/10\/17\/els-collegis-catalans-decideixen-convocar-un-tancament-de-les-farmacies-per-al-25-doctubre\/","title":{"rendered":"Els Col\u00b7legis catalans decideixen convocar un tancament de les farm\u00e0cies per al 25 d&#8217;octubre"},"content":{"rendered":"<p>\u00a0<\/p>\n<p>\u00a0<span>\u2022<\/span><span>\u00a0<\/span><strong>Un nou retard en els pagaments i la indefinici\u00f3 d\u2019una data de pagament de la factura del mes de juliol comprometen la viabilitat d\u2019un sector molt malm\u00e8s\u00a0<\/strong><\/p>\n<p align=\"center\">\u2022\u00a0<strong>Els Col\u00b7legis de farmac\u00e8utics catalans volen traslladar amb aquesta acci\u00f3 a la societat la dif\u00edcil situaci\u00f3 que travessen<\/strong><\/p>\n<p align=\"justify\"><strong>Barcelona, 17 d\u2019octubre de 2012<\/strong>.- El Consell de Col\u00b7legis de Farmac\u00e8utics de Catalunya (CCFC) es va reunir dilluns a la tarda i va decidir proposar als farmac\u00e8utics catalans un tancament per al 25 d\u2019octubre.\u00a0<strong>Aquesta mesura s\u2019ha pres davant del nou retard en el pagament dels medicaments que avancen<\/strong>\u00a0els farmac\u00e8utics i per exigir una data de cobrament a l\u2019Administraci\u00f3.\u00a0<\/p>\n<p>Segons ha comunicat el president del Consell de Col\u00b7legis de Farmac\u00e8utics de Catalunya, Jordi de Dalmases, aquesta mobilitzaci\u00f3 t\u00e9 com a objectiu la \u201cqueixa, protesta i conscienciaci\u00f3 de qu\u00e8 el medicament \u00e9s una eina important pels ciutadans i per aix\u00f2 tant usuaris com farmac\u00e8utics estem fent molts esfor\u00e7os, invertint m\u00e9s que mai, per mantenir el servei\u201d. Tamb\u00e9 ha afegit que el sector \u201cest\u00e0 patint una triple asf\u00edxia: econ\u00f2mica, des del comen\u00e7ament de la crisi i com a resultat dels successius decrets la facturaci\u00f3 ha caigut entre el 30% i el 40%; financera, pels elevats costos d\u2019aquests endarreriments en els pagaments, i de treball, per la gran c\u00e0rrega administrativa i burocr\u00e0tica afegida despr\u00e9s de l\u2019aplicaci\u00f3 de la taxa de l\u2019euro per recepta i del copagament estatal.\u201d\u00a0<\/p>\n<p>Les farm\u00e0cies catalanes asseguraran uns serveis m\u00ednims d&#8217;obertura per garantir l\u2019assist\u00e8ncia al ciutad\u00e0, d&#8217;acord amb el decret 321\/1996.\u00a0<\/p>\n<p><strong><br \/>Per a m\u00e9s informaci\u00f3<\/strong>:\u00a0<\/p>\n<p>Consell de Col\u00b7legis de Farmac\u00e8utics de Catalunya (CCFC)\u00a0<br \/><a href=\"mailto:premsa@cofb.net\">premsa@cofb.net<\/a>\u00a0\/ Tels. 93 244 07 28 \/ 18\u00a0<\/p>\n<p>\u00a0\u00a0\u2022\u00a0Un nou retard en els pagaments i la indefinici\u00f3 d\u2019una data de pagament de la factura del mes de juliol comprometen la viabilitat d\u2019un sector molt malm\u00e8s\u00a0\u2022\u00a0Els Col\u00b7legis de farmac\u00e8utics catalans volen traslladar amb aquesta acci\u00f3 a la societat la dif\u00edcil situaci\u00f3 que travessenBarcelona, 17 d\u2019octubre de 2012.- El Consell de Col\u00b7legis de Farmac\u00e8utics de Catalunya (CCFC) es va reunir dilluns a la tarda i va decidir proposar als farmac\u00e8utics catalans un tancament per al 25 d\u2019octubre.\u00a0Aquesta mesura s\u2019ha pres davant del nou retard en el pagament dels medicaments que avancen\u00a0els farmac\u00e8utics i per exigir una data de cobrament a l\u2019Administraci\u00f3.\u00a0Segons ha comunicat el president del Consell de Col\u00b7legis de Farmac\u00e8utics de Catalunya, Jordi de Dalmases, aquesta mobilitzaci\u00f3 t\u00e9 com a objectiu la \u201cqueixa, protesta i conscienciaci\u00f3 de qu\u00e8 el medicament \u00e9s una eina important pels ciutadans i per aix\u00f2 tant usuaris com farmac\u00e8utics estem fent molts esfor\u00e7os, invertint m\u00e9s que mai, per mantenir el servei\u201d. Tamb\u00e9 ha afegit que el sector \u201cest\u00e0 patint una triple asf\u00edxia: econ\u00f2mica, des del comen\u00e7ament de la crisi i com a resultat dels successius decrets la facturaci\u00f3 ha caigut entre el 30% i el 40%; financera, pels elevats costos d\u2019aquests endarreriments en els pagaments, i de treball, per la gran c\u00e0rrega administrativa i burocr\u00e0tica afegida despr\u00e9s de l\u2019aplicaci\u00f3 de la taxa de l\u2019euro per recepta i del copagament estatal.\u201d\u00a0Les farm\u00e0cies catalanes asseguraran uns serveis m\u00ednims d&#8217;obertura per garantir l\u2019assist\u00e8ncia al ciutad\u00e0, d&#8217;acord amb el decret 321\/1996.\u00a0Per a m\u00e9s informaci\u00f3:\u00a0Consell de Col\u00b7legis de Farmac\u00e8utics de Catalunya (CCFC)\u00a0premsa@cofb.net\u00a0\/ Tels. 93 244 07 28 \/ 18\u00a0\u00a0\u00a0COFB.ORG<\/p>\n","protected":false},"excerpt":{"rendered":"<p>\u00a0 \u00a0\u2022\u00a0Un nou retard en els pagaments i la indefinici\u00f3 d\u2019una data de pagament de la factura del mes de juliol comprometen la viabilitat d\u2019un sector molt malm\u00e8s\u00a0 \u2022\u00a0Els Col\u00b7legis de farmac\u00e8utics catalans volen traslladar amb aquesta acci\u00f3 a la societat la dif\u00edcil situaci\u00f3 que travessen Barcelona, 17 d\u2019octubre de [&hellip;]<\/p>\n","protected":false},"author":1,"featured_media":0,"comment_status":"","ping_status":"","sticky":false,"template":"","format":"standard","meta":{"_uag_custom_page_level_css":"","site-sidebar-layout":"default","site-content-layout":"","ast-site-content-layout":"default","site-content-style":"default","site-sidebar-style":"default","ast-global-header-display":"","ast-banner-title-visibility":"","ast-main-header-display":"","ast-hfb-above-header-display":"","ast-hfb-below-header-display":"","ast-hfb-mobile-header-display":"","site-post-title":"","ast-breadcrumbs-content":"","ast-featured-img":"disabled","footer-sml-layout":"","theme-transparent-header-meta":"","adv-header-id-meta":"","stick-header-meta":"","header-above-stick-meta":"","header-main-stick-meta":"","header-below-stick-meta":"","astra-migrate-meta-layouts":"default","ast-page-background-enabled":"default","ast-page-background-meta":{"desktop":{"background-color":"var(--ast-global-color-4)","background-image":"","background-repeat":"repeat","background-position":"center center","background-size":"auto","background-attachment":"scroll","background-type":"","background-media":"","overlay-type":"","overlay-color":"","overlay-opacity":"","overlay-gradient":""},"tablet":{"background-color":"","background-image":"","background-repeat":"repeat","background-position":"center center","background-size":"auto","background-attachment":"scroll","background-type":"","background-media":"","overlay-type":"","overlay-color":"","overlay-opacity":"","overlay-gradient":""},"mobile":{"background-color":"","background-image":"","background-repeat":"repeat","background-position":"center center","background-size":"auto","background-attachment":"scroll","background-type":"","background-media":"","overlay-type":"","overlay-color":"","overlay-opacity":"","overlay-gradient":""}},"ast-content-background-meta":{"desktop":{"background-color":"var(--ast-global-color-5)","background-image":"","background-repeat":"repeat","background-position":"center center","background-size":"auto","background-attachment":"scroll","background-type":"","background-media":"","overlay-type":"","overlay-color":"","overlay-opacity":"","overlay-gradient":""},"tablet":{"background-color":"var(--ast-global-color-5)","background-image":"","background-repeat":"repeat","background-position":"center center","background-size":"auto","background-attachment":"scroll","background-type":"","background-media":"","overlay-type":"","overlay-color":"","overlay-opacity":"","overlay-gradient":""},"mobile":{"background-color":"var(--ast-global-color-5)","background-image":"","background-repeat":"repeat","background-position":"center center","background-size":"auto","background-attachment":"scroll","background-type":"","background-media":"","overlay-type":"","overlay-color":"","overlay-opacity":"","overlay-gradient":""}},"footnotes":""},"categories":[1060,1066],"tags":[],"class_list":["post-77599","post","type-post","status-publish","format-standard","hentry","category-notes-premsa","category-sense-categoria-ca"],"yoast_head":"<!-- This site is optimized with the Yoast SEO plugin v22.4 - https:\/\/yoast.com\/wordpress\/plugins\/seo\/ -->\n<title>Els Col\u00b7legis catalans decideixen convocar un tancament de les farm\u00e0cies per al 25 d&#039;octubre - Col\u00b7legi de Farmac\u00e8utics de Barcelona<\/title>\n<meta name=\"robots\" content=\"index, follow, max-snippet:-1, max-image-preview:large, max-video-preview:-1\" \/>\n<link rel=\"canonical\" href=\"https:\/\/novaorg.cofb.net\/2012\/10\/17\/els-collegis-catalans-decideixen-convocar-un-tancament-de-les-farmacies-per-al-25-doctubre\/\" \/>\n<meta property=\"og:locale\" content=\"ca_ES\" \/>\n<meta property=\"og:type\" content=\"article\" \/>\n<meta property=\"og:title\" content=\"Els Col\u00b7legis catalans decideixen convocar un tancament de les farm\u00e0cies per al 25 d&#039;octubre - Col\u00b7legi de Farmac\u00e8utics de Barcelona\" \/>\n<meta property=\"og:description\" content=\"\u00a0 \u00a0\u2022\u00a0Un nou retard en els pagaments i la indefinici\u00f3 d\u2019una data de pagament de la factura del mes de juliol comprometen la viabilitat d\u2019un sector molt malm\u00e8s\u00a0 \u2022\u00a0Els Col\u00b7legis de farmac\u00e8utics catalans volen traslladar amb aquesta acci\u00f3 a la societat la dif\u00edcil situaci\u00f3 que travessen Barcelona, 17 d\u2019octubre de [&hellip;]\" \/>\n<meta property=\"og:url\" content=\"https:\/\/novaorg.cofb.net\/2012\/10\/17\/els-collegis-catalans-decideixen-convocar-un-tancament-de-les-farmacies-per-al-25-doctubre\/\" \/>\n<meta property=\"og:site_name\" content=\"Col\u00b7legi de Farmac\u00e8utics de Barcelona\" \/>\n<meta property=\"article:publisher\" content=\"https:\/\/www.facebook.com\/farmaceuticsbcn\/\" \/>\n<meta property=\"article:published_time\" content=\"2012-10-17T16:36:00+00:00\" \/>\n<meta name=\"author\" content=\"wpAdminCofbOrg\" \/>\n<meta name=\"twitter:card\" content=\"summary_large_image\" \/>\n<meta name=\"twitter:creator\" content=\"@farmaceuticsbcn\" \/>\n<meta name=\"twitter:site\" content=\"@farmaceuticsbcn\" \/>\n<meta name=\"twitter:label1\" content=\"Escrit per\" \/>\n\t<meta name=\"twitter:data1\" content=\"wpAdminCofbOrg\" \/>\n\t<meta name=\"twitter:label2\" content=\"Temps estimat de lectura\" \/>\n\t<meta name=\"twitter:data2\" content=\"3 minuts\" \/>\n<script type=\"application\/ld+json\" class=\"yoast-schema-graph\">{\"@context\":\"https:\/\/schema.org\",\"@graph\":[{\"@type\":\"Article\",\"@id\":\"https:\/\/novaorg.cofb.net\/2012\/10\/17\/els-collegis-catalans-decideixen-convocar-un-tancament-de-les-farmacies-per-al-25-doctubre\/#article\",\"isPartOf\":{\"@id\":\"https:\/\/novaorg.cofb.net\/2012\/10\/17\/els-collegis-catalans-decideixen-convocar-un-tancament-de-les-farmacies-per-al-25-doctubre\/\"},\"author\":{\"name\":\"wpAdminCofbOrg\",\"@id\":\"https:\/\/www.cofb.org\/#\/schema\/person\/22ed7eea88da74b0fa4d3154ad87ffcb\"},\"headline\":\"Els Col\u00b7legis catalans decideixen convocar un tancament de les farm\u00e0cies per al 25 d&#8217;octubre\",\"datePublished\":\"2012-10-17T16:36:00+00:00\",\"dateModified\":\"2012-10-17T16:36:00+00:00\",\"mainEntityOfPage\":{\"@id\":\"https:\/\/novaorg.cofb.net\/2012\/10\/17\/els-collegis-catalans-decideixen-convocar-un-tancament-de-les-farmacies-per-al-25-doctubre\/\"},\"wordCount\":609,\"publisher\":{\"@id\":\"https:\/\/www.cofb.org\/#organization\"},\"articleSection\":[\"Notes de premsa\"],\"inLanguage\":\"ca\"},{\"@type\":\"WebPage\",\"@id\":\"https:\/\/novaorg.cofb.net\/2012\/10\/17\/els-collegis-catalans-decideixen-convocar-un-tancament-de-les-farmacies-per-al-25-doctubre\/\",\"url\":\"https:\/\/novaorg.cofb.net\/2012\/10\/17\/els-collegis-catalans-decideixen-convocar-un-tancament-de-les-farmacies-per-al-25-doctubre\/\",\"name\":\"Els Col\u00b7legis catalans decideixen convocar un tancament de les farm\u00e0cies per al 25 d'octubre - Col\u00b7legi de Farmac\u00e8utics de Barcelona\",\"isPartOf\":{\"@id\":\"https:\/\/www.cofb.org\/#website\"},\"datePublished\":\"2012-10-17T16:36:00+00:00\",\"dateModified\":\"2012-10-17T16:36:00+00:00\",\"breadcrumb\":{\"@id\":\"https:\/\/novaorg.cofb.net\/2012\/10\/17\/els-collegis-catalans-decideixen-convocar-un-tancament-de-les-farmacies-per-al-25-doctubre\/#breadcrumb\"},\"inLanguage\":\"ca\",\"potentialAction\":[{\"@type\":\"ReadAction\",\"target\":[\"https:\/\/novaorg.cofb.net\/2012\/10\/17\/els-collegis-catalans-decideixen-convocar-un-tancament-de-les-farmacies-per-al-25-doctubre\/\"]}]},{\"@type\":\"BreadcrumbList\",\"@id\":\"https:\/\/novaorg.cofb.net\/2012\/10\/17\/els-collegis-catalans-decideixen-convocar-un-tancament-de-les-farmacies-per-al-25-doctubre\/#breadcrumb\",\"itemListElement\":[{\"@type\":\"ListItem\",\"position\":1,\"name\":\"Inici\",\"item\":\"https:\/\/novaorg.cofb.net\/\"},{\"@type\":\"ListItem\",\"position\":2,\"name\":\"Els Col\u00b7legis catalans decideixen convocar un tancament de les farm\u00e0cies per al 25 d&#8217;octubre\"}]},{\"@type\":\"WebSite\",\"@id\":\"https:\/\/www.cofb.org\/#website\",\"url\":\"https:\/\/www.cofb.org\/\",\"name\":\"Col\u00b7legi de Farmac\u00e8utics de Barcelona\",\"description\":\"\",\"publisher\":{\"@id\":\"https:\/\/www.cofb.org\/#organization\"},\"potentialAction\":[{\"@type\":\"SearchAction\",\"target\":{\"@type\":\"EntryPoint\",\"urlTemplate\":\"https:\/\/www.cofb.org\/?s={search_term_string}\"},\"query-input\":\"required name=search_term_string\"}],\"inLanguage\":\"ca\"},{\"@type\":\"Organization\",\"@id\":\"https:\/\/www.cofb.org\/#organization\",\"name\":\"Col\u00b7legi de Farmac\u00e8utics de Barcelona\",\"url\":\"https:\/\/www.cofb.org\/\",\"logo\":{\"@type\":\"ImageObject\",\"inLanguage\":\"ca\",\"@id\":\"https:\/\/www.cofb.org\/#\/schema\/logo\/image\/\",\"url\":\"https:\/\/www.cofb.org\/wp-content\/uploads\/2023\/11\/cropped-Logotip-COFB.png\",\"contentUrl\":\"https:\/\/www.cofb.org\/wp-content\/uploads\/2023\/11\/cropped-Logotip-COFB.png\",\"width\":500,\"height\":105,\"caption\":\"Col\u00b7legi de Farmac\u00e8utics de Barcelona\"},\"image\":{\"@id\":\"https:\/\/www.cofb.org\/#\/schema\/logo\/image\/\"},\"sameAs\":[\"https:\/\/www.facebook.com\/farmaceuticsbcn\/\",\"https:\/\/twitter.com\/farmaceuticsbcn\",\"https:\/\/www.instagram.com\/farmaceuticsbcn\/\",\"https:\/\/www.linkedin.com\/company\/farmaceuticsbcn\/\"]},{\"@type\":\"Person\",\"@id\":\"https:\/\/www.cofb.org\/#\/schema\/person\/22ed7eea88da74b0fa4d3154ad87ffcb\",\"name\":\"wpAdminCofbOrg\",\"image\":{\"@type\":\"ImageObject\",\"inLanguage\":\"ca\",\"@id\":\"https:\/\/www.cofb.org\/#\/schema\/person\/image\/\",\"url\":\"https:\/\/secure.gravatar.com\/avatar\/1721b20b3b8ca882c3b56ec6c978c594fff670e40c0718e9190eaeeb76aae7d8?s=96&d=mm&r=g\",\"contentUrl\":\"https:\/\/secure.gravatar.com\/avatar\/1721b20b3b8ca882c3b56ec6c978c594fff670e40c0718e9190eaeeb76aae7d8?s=96&d=mm&r=g\",\"caption\":\"wpAdminCofbOrg\"},\"sameAs\":[\"http:\/\/192.168.64.122\/wordpress\"],\"url\":\"https:\/\/www.cofb.org\/ca\/author\/wpadmincofborg\/\"}]}<\/script>\n<!-- \/ Yoast SEO plugin. -->","yoast_head_json":{"title":"Els Col\u00b7legis catalans decideixen convocar un tancament de les farm\u00e0cies per al 25 d'octubre - Col\u00b7legi de Farmac\u00e8utics de Barcelona","robots":{"index":"index","follow":"follow","max-snippet":"max-snippet:-1","max-image-preview":"max-image-preview:large","max-video-preview":"max-video-preview:-1"},"canonical":"https:\/\/novaorg.cofb.net\/2012\/10\/17\/els-collegis-catalans-decideixen-convocar-un-tancament-de-les-farmacies-per-al-25-doctubre\/","og_locale":"ca_ES","og_type":"article","og_title":"Els Col\u00b7legis catalans decideixen convocar un tancament de les farm\u00e0cies per al 25 d'octubre - Col\u00b7legi de Farmac\u00e8utics de Barcelona","og_description":"\u00a0 \u00a0\u2022\u00a0Un nou retard en els pagaments i la indefinici\u00f3 d\u2019una data de pagament de la factura del mes de juliol comprometen la viabilitat d\u2019un sector molt malm\u00e8s\u00a0 \u2022\u00a0Els Col\u00b7legis de farmac\u00e8utics catalans volen traslladar amb aquesta acci\u00f3 a la societat la dif\u00edcil situaci\u00f3 que travessen Barcelona, 17 d\u2019octubre de [&hellip;]","og_url":"https:\/\/novaorg.cofb.net\/2012\/10\/17\/els-collegis-catalans-decideixen-convocar-un-tancament-de-les-farmacies-per-al-25-doctubre\/","og_site_name":"Col\u00b7legi de Farmac\u00e8utics de Barcelona","article_publisher":"https:\/\/www.facebook.com\/farmaceuticsbcn\/","article_published_time":"2012-10-17T16:36:00+00:00","author":"wpAdminCofbOrg","twitter_card":"summary_large_image","twitter_creator":"@farmaceuticsbcn","twitter_site":"@farmaceuticsbcn","twitter_misc":{"Escrit per":"wpAdminCofbOrg","Temps estimat de lectura":"3 minuts"},"schema":{"@context":"https:\/\/schema.org","@graph":[{"@type":"Article","@id":"https:\/\/novaorg.cofb.net\/2012\/10\/17\/els-collegis-catalans-decideixen-convocar-un-tancament-de-les-farmacies-per-al-25-doctubre\/#article","isPartOf":{"@id":"https:\/\/novaorg.cofb.net\/2012\/10\/17\/els-collegis-catalans-decideixen-convocar-un-tancament-de-les-farmacies-per-al-25-doctubre\/"},"author":{"name":"wpAdminCofbOrg","@id":"https:\/\/www.cofb.org\/#\/schema\/person\/22ed7eea88da74b0fa4d3154ad87ffcb"},"headline":"Els Col\u00b7legis catalans decideixen convocar un tancament de les farm\u00e0cies per al 25 d&#8217;octubre","datePublished":"2012-10-17T16:36:00+00:00","dateModified":"2012-10-17T16:36:00+00:00","mainEntityOfPage":{"@id":"https:\/\/novaorg.cofb.net\/2012\/10\/17\/els-collegis-catalans-decideixen-convocar-un-tancament-de-les-farmacies-per-al-25-doctubre\/"},"wordCount":609,"publisher":{"@id":"https:\/\/www.cofb.org\/#organization"},"articleSection":["Notes de premsa"],"inLanguage":"ca"},{"@type":"WebPage","@id":"https:\/\/novaorg.cofb.net\/2012\/10\/17\/els-collegis-catalans-decideixen-convocar-un-tancament-de-les-farmacies-per-al-25-doctubre\/","url":"https:\/\/novaorg.cofb.net\/2012\/10\/17\/els-collegis-catalans-decideixen-convocar-un-tancament-de-les-farmacies-per-al-25-doctubre\/","name":"Els Col\u00b7legis catalans decideixen convocar un tancament de les farm\u00e0cies per al 25 d'octubre - Col\u00b7legi de Farmac\u00e8utics de Barcelona","isPartOf":{"@id":"https:\/\/www.cofb.org\/#website"},"datePublished":"2012-10-17T16:36:00+00:00","dateModified":"2012-10-17T16:36:00+00:00","breadcrumb":{"@id":"https:\/\/novaorg.cofb.net\/2012\/10\/17\/els-collegis-catalans-decideixen-convocar-un-tancament-de-les-farmacies-per-al-25-doctubre\/#breadcrumb"},"inLanguage":"ca","potentialAction":[{"@type":"ReadAction","target":["https:\/\/novaorg.cofb.net\/2012\/10\/17\/els-collegis-catalans-decideixen-convocar-un-tancament-de-les-farmacies-per-al-25-doctubre\/"]}]},{"@type":"BreadcrumbList","@id":"https:\/\/novaorg.cofb.net\/2012\/10\/17\/els-collegis-catalans-decideixen-convocar-un-tancament-de-les-farmacies-per-al-25-doctubre\/#breadcrumb","itemListElement":[{"@type":"ListItem","position":1,"name":"Inici","item":"https:\/\/novaorg.cofb.net\/"},{"@type":"ListItem","position":2,"name":"Els Col\u00b7legis catalans decideixen convocar un tancament de les farm\u00e0cies per al 25 d&#8217;octubre"}]},{"@type":"WebSite","@id":"https:\/\/www.cofb.org\/#website","url":"https:\/\/www.cofb.org\/","name":"Col\u00b7legi de Farmac\u00e8utics de Barcelona","description":"","publisher":{"@id":"https:\/\/www.cofb.org\/#organization"},"potentialAction":[{"@type":"SearchAction","target":{"@type":"EntryPoint","urlTemplate":"https:\/\/www.cofb.org\/?s={search_term_string}"},"query-input":"required name=search_term_string"}],"inLanguage":"ca"},{"@type":"Organization","@id":"https:\/\/www.cofb.org\/#organization","name":"Col\u00b7legi de Farmac\u00e8utics de Barcelona","url":"https:\/\/www.cofb.org\/","logo":{"@type":"ImageObject","inLanguage":"ca","@id":"https:\/\/www.cofb.org\/#\/schema\/logo\/image\/","url":"https:\/\/www.cofb.org\/wp-content\/uploads\/2023\/11\/cropped-Logotip-COFB.png","contentUrl":"https:\/\/www.cofb.org\/wp-content\/uploads\/2023\/11\/cropped-Logotip-COFB.png","width":500,"height":105,"caption":"Col\u00b7legi de Farmac\u00e8utics de Barcelona"},"image":{"@id":"https:\/\/www.cofb.org\/#\/schema\/logo\/image\/"},"sameAs":["https:\/\/www.facebook.com\/farmaceuticsbcn\/","https:\/\/twitter.com\/farmaceuticsbcn","https:\/\/www.instagram.com\/farmaceuticsbcn\/","https:\/\/www.linkedin.com\/company\/farmaceuticsbcn\/"]},{"@type":"Person","@id":"https:\/\/www.cofb.org\/#\/schema\/person\/22ed7eea88da74b0fa4d3154ad87ffcb","name":"wpAdminCofbOrg","image":{"@type":"ImageObject","inLanguage":"ca","@id":"https:\/\/www.cofb.org\/#\/schema\/person\/image\/","url":"https:\/\/secure.gravatar.com\/avatar\/1721b20b3b8ca882c3b56ec6c978c594fff670e40c0718e9190eaeeb76aae7d8?s=96&d=mm&r=g","contentUrl":"https:\/\/secure.gravatar.com\/avatar\/1721b20b3b8ca882c3b56ec6c978c594fff670e40c0718e9190eaeeb76aae7d8?s=96&d=mm&r=g","caption":"wpAdminCofbOrg"},"sameAs":["http:\/\/192.168.64.122\/wordpress"],"url":"https:\/\/www.cofb.org\/ca\/author\/wpadmincofborg\/"}]}},"uagb_featured_image_src":{"full":false,"thumbnail":false,"medium":false,"medium_large":false,"large":false,"1536x1536":false,"2048x2048":false,"trp-custom-language-flag":false},"uagb_author_info":{"display_name":"wpAdminCofbOrg","author_link":"https:\/\/www.cofb.org\/ca\/author\/wpadmincofborg\/"},"uagb_comment_info":0,"uagb_excerpt":"\u00a0 \u00a0\u2022\u00a0Un nou retard en els pagaments i la indefinici\u00f3 d\u2019una data de pagament de la factura del mes de juliol comprometen la viabilitat d\u2019un sector molt malm\u00e8s\u00a0 \u2022\u00a0Els Col\u00b7legis de farmac\u00e8utics catalans volen traslladar amb aquesta acci\u00f3 a la societat la dif\u00edcil situaci\u00f3 que travessen Barcelona, 17 d\u2019octubre de [&hellip;]","_links":{"self":[{"href":"https:\/\/www.cofb.org\/ca\/wp-json\/wp\/v2\/posts\/77599","targetHints":{"allow":["GET"]}}],"collection":[{"href":"https:\/\/www.cofb.org\/ca\/wp-json\/wp\/v2\/posts"}],"about":[{"href":"https:\/\/www.cofb.org\/ca\/wp-json\/wp\/v2\/types\/post"}],"author":[{"embeddable":true,"href":"https:\/\/www.cofb.org\/ca\/wp-json\/wp\/v2\/users\/1"}],"replies":[{"embeddable":true,"href":"https:\/\/www.cofb.org\/ca\/wp-json\/wp\/v2\/comments?post=77599"}],"version-history":[{"count":0,"href":"https:\/\/www.cofb.org\/ca\/wp-json\/wp\/v2\/posts\/77599\/revisions"}],"wp:attachment":[{"href":"https:\/\/www.cofb.org\/ca\/wp-json\/wp\/v2\/media?parent=77599"}],"wp:term":[{"taxonomy":"category","embeddable":true,"href":"https:\/\/www.cofb.org\/ca\/wp-json\/wp\/v2\/categories?post=77599"},{"taxonomy":"post_tag","embeddable":true,"href":"https:\/\/www.cofb.org\/ca\/wp-json\/wp\/v2\/tags?post=77599"}],"curies":[{"name":"wp","href":"https:\/\/api.w.org\/{rel}","templated":true}]}}