{"id":77589,"date":"2013-02-28T18:04:00","date_gmt":"2013-02-28T18:04:00","guid":{"rendered":"https:\/\/novaorg.cofb.net\/2013\/02\/28\/els-farmaceutics-catalans-alerten-del-collapse-economic-del-sector-sanitari-concertat\/"},"modified":"2013-02-28T18:04:00","modified_gmt":"2013-02-28T18:04:00","slug":"els-farmaceutics-catalans-alerten-del-collapse-economic-del-sector-sanitari-concertat","status":"publish","type":"post","link":"https:\/\/www.cofb.org\/ca\/2013\/02\/28\/els-farmaceutics-catalans-alerten-del-collapse-economic-del-sector-sanitari-concertat\/","title":{"rendered":"Els farmac\u00e8utics catalans alerten del col\u00b7lapse econ\u00f2mic del sector sanitari concertat"},"content":{"rendered":"<p>\u00a0<\/p>\n<p><span>Davant el nou impagament del CatSalut a les farm\u00e0cies catalanes, que aquest mes de febrer havien de cobrar els medicaments dispensats el novembre passat, el Consell de Col\u00b7legis de Farmac\u00e8utics de Catalunya ha anunciat les mesures que es prendran per tornar a reclamar un calendari de pagament per a les farm\u00e0cies i alertar del col\u00b7lapse financer del sistema.<\/span><span>\u00a0<\/span><strong>En el cas dels farmac\u00e8utics catalans, el deute ascendeix ja a 302,7 milions d\u2019euros<\/strong><span>.<\/span><\/p>\n<p align=\"justify\">El president del Consell, Jordi de Dalmases, ha incidit en la feblesa financera del farmac\u00e8utic qui, com a professional aut\u00f2nom, \u201cno pot assumir el cost dels f\u00e0rmacs que ha de pagar l\u2019Administraci\u00f3 i a qui\u00a0<strong>el banc no concedeix m\u00e9s cr\u00e8dit<\/strong>\u00a0davant la manca de concreci\u00f3 dels propers pagaments per part del CatSalut\u201d. \u201cJa no se\u2019ns pot demanar m\u00e9s als farmac\u00e8utics, que estem sufragant el cost dels medicaments, hem de dir prou\u201d, afirma De Dalmases.<\/p>\n<p align=\"justify\">Respecte a les mesures que prendran els farmac\u00e8utics, el president del Consell s\u2019ha referit per una banda a la intenci\u00f3 de realitzar un\u00a0<strong>front com\u00fa amb totes les entitats concertades sanit\u00e0ries<\/strong>\u00a0afectades pels retards en el pagament del sistema p\u00fablic catal\u00e0 i reclamar els interessos jur\u00eddicament. D\u2019altra banda, en el marc del Congr\u00e9s Europeu d\u2019Oficina de Farm\u00e0cia INFARMA,\u00a0<strong>el 5 de mar\u00e7 es celebrar\u00e0 una reuni\u00f3 amb tots els farmac\u00e8utics catalans per consensuar accions<\/strong>\u00a0(no es descarta un nou tancament de farm\u00e0cies com ja es va fer el 25 d\u2019octubre) per tornar a fer visible la greu situaci\u00f3 del col\u00b7lectiu.<\/p>\n<p align=\"justify\">\u201c<strong>En cap cas volem adoptar mesures de for\u00e7a que perjudiquin al ciutad\u00e0. Per\u00f2 \u00e9s una realitat que moltes farm\u00e0cies poden arribar a tenir dificultats de subministrament de medicaments<\/strong>\u00a0per part dels prove\u00efdors si no poden pagar\u201d. 14 farm\u00e0cies han hagut de tancar ja a Catalunya per evitar generar m\u00e9s deute.<\/p>\n<p align=\"justify\">Des de la Generalitat, en reuni\u00f3 amb el Consell de Col\u00b7legis de Farmac\u00e8utics de Catalunya, s\u2019ha comunicat que el pagament que s\u2019havia d\u2019efectuar al febrer es far\u00e0 el 30 de mar\u00e7, un nou retard que fa que el farmac\u00e8utic passi a cobrar a 120 dies en comptes dels 35 dies previstos en el Concert signat amb l\u2019Administraci\u00f3 l\u2019any 2010.<\/p>\n<p align=\"justify\"><strong>\u00a0\u00a0\u00a0<br \/>Per a m\u00e9s informaci\u00f3<\/strong>:<br \/>Departament de Comunicaci\u00f3\u00a0<br \/><a href=\"mailto:premsa@cofb.net\">premsa@cofb.net<\/a>\u00a0<br \/>93 244 07 28\/18<\/p>\n<p>\u00a0Davant el nou impagament del CatSalut a les farm\u00e0cies catalanes, que aquest mes de febrer havien de cobrar els medicaments dispensats el novembre passat, el Consell de Col\u00b7legis de Farmac\u00e8utics de Catalunya ha anunciat les mesures que es prendran per tornar a reclamar un calendari de pagament per a les farm\u00e0cies i alertar del col\u00b7lapse financer del sistema.\u00a0En el cas dels farmac\u00e8utics catalans, el deute ascendeix ja a 302,7 milions d\u2019euros.El president del Consell, Jordi de Dalmases, ha incidit en la feblesa financera del farmac\u00e8utic qui, com a professional aut\u00f2nom, \u201cno pot assumir el cost dels f\u00e0rmacs que ha de pagar l\u2019Administraci\u00f3 i a qui\u00a0el banc no concedeix m\u00e9s cr\u00e8dit\u00a0davant la manca de concreci\u00f3 dels propers pagaments per part del CatSalut\u201d. \u201cJa no se\u2019ns pot demanar m\u00e9s als farmac\u00e8utics, que estem sufragant el cost dels medicaments, hem de dir prou\u201d, afirma De Dalmases.Respecte a les mesures que prendran els farmac\u00e8utics, el president del Consell s\u2019ha referit per una banda a la intenci\u00f3 de realitzar un\u00a0front com\u00fa amb totes les entitats concertades sanit\u00e0ries\u00a0afectades pels retards en el pagament del sistema p\u00fablic catal\u00e0 i reclamar els interessos jur\u00eddicament. D\u2019altra banda, en el marc del Congr\u00e9s Europeu d\u2019Oficina de Farm\u00e0cia INFARMA,\u00a0el 5 de mar\u00e7 es celebrar\u00e0 una reuni\u00f3 amb tots els farmac\u00e8utics catalans per consensuar accions\u00a0(no es descarta un nou tancament de farm\u00e0cies com ja es va fer el 25 d\u2019octubre) per tornar a fer visible la greu situaci\u00f3 del col\u00b7lectiu.\u201cEn cap cas volem adoptar mesures de for\u00e7a que perjudiquin al ciutad\u00e0. Per\u00f2 \u00e9s una realitat que moltes farm\u00e0cies poden arribar a tenir dificultats de subministrament de medicaments\u00a0per part dels prove\u00efdors si no poden pagar\u201d. 14 farm\u00e0cies han hagut de tancar ja a Catalunya per evitar generar m\u00e9s deute.Des de la Generalitat, en reuni\u00f3 amb el Consell de Col\u00b7legis de Farmac\u00e8utics de Catalunya, s\u2019ha comunicat que el pagament que s\u2019havia d\u2019efectuar al febrer es far\u00e0 el 30 de mar\u00e7, un nou retard que fa que el farmac\u00e8utic passi a cobrar a 120 dies en comptes dels 35 dies previstos en el Concert signat amb l\u2019Administraci\u00f3 l\u2019any 2010.\u00a0\u00a0\u00a0Per a m\u00e9s informaci\u00f3:Departament de Comunicaci\u00f3\u00a0premsa@cofb.net\u00a093 244 07 28\/18\u00a0\u00a0COFB.ORG<\/p>\n","protected":false},"excerpt":{"rendered":"<p>\u00a0 Davant el nou impagament del CatSalut a les farm\u00e0cies catalanes, que aquest mes de febrer havien de cobrar els medicaments dispensats el novembre passat, el Consell de Col\u00b7legis de Farmac\u00e8utics de Catalunya ha anunciat les mesures que es prendran per tornar a reclamar un calendari de pagament per a [&hellip;]<\/p>\n","protected":false},"author":1,"featured_media":0,"comment_status":"","ping_status":"","sticky":false,"template":"","format":"standard","meta":{"_uag_custom_page_level_css":"","site-sidebar-layout":"default","site-content-layout":"","ast-site-content-layout":"default","site-content-style":"default","site-sidebar-style":"default","ast-global-header-display":"","ast-banner-title-visibility":"","ast-main-header-display":"","ast-hfb-above-header-display":"","ast-hfb-below-header-display":"","ast-hfb-mobile-header-display":"","site-post-title":"","ast-breadcrumbs-content":"","ast-featured-img":"disabled","footer-sml-layout":"","theme-transparent-header-meta":"","adv-header-id-meta":"","stick-header-meta":"","header-above-stick-meta":"","header-main-stick-meta":"","header-below-stick-meta":"","astra-migrate-meta-layouts":"default","ast-page-background-enabled":"default","ast-page-background-meta":{"desktop":{"background-color":"var(--ast-global-color-4)","background-image":"","background-repeat":"repeat","background-position":"center center","background-size":"auto","background-attachment":"scroll","background-type":"","background-media":"","overlay-type":"","overlay-color":"","overlay-opacity":"","overlay-gradient":""},"tablet":{"background-color":"","background-image":"","background-repeat":"repeat","background-position":"center center","background-size":"auto","background-attachment":"scroll","background-type":"","background-media":"","overlay-type":"","overlay-color":"","overlay-opacity":"","overlay-gradient":""},"mobile":{"background-color":"","background-image":"","background-repeat":"repeat","background-position":"center center","background-size":"auto","background-attachment":"scroll","background-type":"","background-media":"","overlay-type":"","overlay-color":"","overlay-opacity":"","overlay-gradient":""}},"ast-content-background-meta":{"desktop":{"background-color":"var(--ast-global-color-5)","background-image":"","background-repeat":"repeat","background-position":"center center","background-size":"auto","background-attachment":"scroll","background-type":"","background-media":"","overlay-type":"","overlay-color":"","overlay-opacity":"","overlay-gradient":""},"tablet":{"background-color":"var(--ast-global-color-5)","background-image":"","background-repeat":"repeat","background-position":"center center","background-size":"auto","background-attachment":"scroll","background-type":"","background-media":"","overlay-type":"","overlay-color":"","overlay-opacity":"","overlay-gradient":""},"mobile":{"background-color":"var(--ast-global-color-5)","background-image":"","background-repeat":"repeat","background-position":"center center","background-size":"auto","background-attachment":"scroll","background-type":"","background-media":"","overlay-type":"","overlay-color":"","overlay-opacity":"","overlay-gradient":""}},"footnotes":""},"categories":[1060,1066],"tags":[],"class_list":["post-77589","post","type-post","status-publish","format-standard","hentry","category-notes-premsa","category-sense-categoria-ca"],"yoast_head":"<!-- This site is optimized with the Yoast SEO plugin v22.4 - https:\/\/yoast.com\/wordpress\/plugins\/seo\/ -->\n<title>Els farmac\u00e8utics catalans alerten del col\u00b7lapse econ\u00f2mic del sector sanitari concertat - Col\u00b7legi de Farmac\u00e8utics de Barcelona<\/title>\n<meta name=\"robots\" content=\"index, follow, max-snippet:-1, max-image-preview:large, max-video-preview:-1\" \/>\n<link rel=\"canonical\" href=\"https:\/\/novaorg.cofb.net\/2013\/02\/28\/els-farmaceutics-catalans-alerten-del-collapse-economic-del-sector-sanitari-concertat\/\" \/>\n<meta property=\"og:locale\" content=\"ca_ES\" \/>\n<meta property=\"og:type\" content=\"article\" \/>\n<meta property=\"og:title\" content=\"Els farmac\u00e8utics catalans alerten del col\u00b7lapse econ\u00f2mic del sector sanitari concertat - Col\u00b7legi de Farmac\u00e8utics de Barcelona\" \/>\n<meta property=\"og:description\" content=\"\u00a0 Davant el nou impagament del CatSalut a les farm\u00e0cies catalanes, que aquest mes de febrer havien de cobrar els medicaments dispensats el novembre passat, el Consell de Col\u00b7legis de Farmac\u00e8utics de Catalunya ha anunciat les mesures que es prendran per tornar a reclamar un calendari de pagament per a [&hellip;]\" \/>\n<meta property=\"og:url\" content=\"https:\/\/novaorg.cofb.net\/2013\/02\/28\/els-farmaceutics-catalans-alerten-del-collapse-economic-del-sector-sanitari-concertat\/\" \/>\n<meta property=\"og:site_name\" content=\"Col\u00b7legi de Farmac\u00e8utics de Barcelona\" \/>\n<meta property=\"article:publisher\" content=\"https:\/\/www.facebook.com\/farmaceuticsbcn\/\" \/>\n<meta property=\"article:published_time\" content=\"2013-02-28T18:04:00+00:00\" \/>\n<meta name=\"author\" content=\"wpAdminCofbOrg\" \/>\n<meta name=\"twitter:card\" content=\"summary_large_image\" \/>\n<meta name=\"twitter:creator\" content=\"@farmaceuticsbcn\" \/>\n<meta name=\"twitter:site\" content=\"@farmaceuticsbcn\" \/>\n<meta name=\"twitter:label1\" content=\"Escrit per\" \/>\n\t<meta name=\"twitter:data1\" content=\"wpAdminCofbOrg\" \/>\n\t<meta name=\"twitter:label2\" content=\"Temps estimat de lectura\" \/>\n\t<meta name=\"twitter:data2\" content=\"4 minuts\" \/>\n<script type=\"application\/ld+json\" class=\"yoast-schema-graph\">{\"@context\":\"https:\/\/schema.org\",\"@graph\":[{\"@type\":\"Article\",\"@id\":\"https:\/\/novaorg.cofb.net\/2013\/02\/28\/els-farmaceutics-catalans-alerten-del-collapse-economic-del-sector-sanitari-concertat\/#article\",\"isPartOf\":{\"@id\":\"https:\/\/novaorg.cofb.net\/2013\/02\/28\/els-farmaceutics-catalans-alerten-del-collapse-economic-del-sector-sanitari-concertat\/\"},\"author\":{\"name\":\"wpAdminCofbOrg\",\"@id\":\"https:\/\/www.cofb.org\/#\/schema\/person\/22ed7eea88da74b0fa4d3154ad87ffcb\"},\"headline\":\"Els farmac\u00e8utics catalans alerten del col\u00b7lapse econ\u00f2mic del sector sanitari concertat\",\"datePublished\":\"2013-02-28T18:04:00+00:00\",\"dateModified\":\"2013-02-28T18:04:00+00:00\",\"mainEntityOfPage\":{\"@id\":\"https:\/\/novaorg.cofb.net\/2013\/02\/28\/els-farmaceutics-catalans-alerten-del-collapse-economic-del-sector-sanitari-concertat\/\"},\"wordCount\":818,\"publisher\":{\"@id\":\"https:\/\/www.cofb.org\/#organization\"},\"articleSection\":[\"Notes de premsa\"],\"inLanguage\":\"ca\"},{\"@type\":\"WebPage\",\"@id\":\"https:\/\/novaorg.cofb.net\/2013\/02\/28\/els-farmaceutics-catalans-alerten-del-collapse-economic-del-sector-sanitari-concertat\/\",\"url\":\"https:\/\/novaorg.cofb.net\/2013\/02\/28\/els-farmaceutics-catalans-alerten-del-collapse-economic-del-sector-sanitari-concertat\/\",\"name\":\"Els farmac\u00e8utics catalans alerten del col\u00b7lapse econ\u00f2mic del sector sanitari concertat - Col\u00b7legi de Farmac\u00e8utics de Barcelona\",\"isPartOf\":{\"@id\":\"https:\/\/www.cofb.org\/#website\"},\"datePublished\":\"2013-02-28T18:04:00+00:00\",\"dateModified\":\"2013-02-28T18:04:00+00:00\",\"breadcrumb\":{\"@id\":\"https:\/\/novaorg.cofb.net\/2013\/02\/28\/els-farmaceutics-catalans-alerten-del-collapse-economic-del-sector-sanitari-concertat\/#breadcrumb\"},\"inLanguage\":\"ca\",\"potentialAction\":[{\"@type\":\"ReadAction\",\"target\":[\"https:\/\/novaorg.cofb.net\/2013\/02\/28\/els-farmaceutics-catalans-alerten-del-collapse-economic-del-sector-sanitari-concertat\/\"]}]},{\"@type\":\"BreadcrumbList\",\"@id\":\"https:\/\/novaorg.cofb.net\/2013\/02\/28\/els-farmaceutics-catalans-alerten-del-collapse-economic-del-sector-sanitari-concertat\/#breadcrumb\",\"itemListElement\":[{\"@type\":\"ListItem\",\"position\":1,\"name\":\"Inici\",\"item\":\"https:\/\/novaorg.cofb.net\/\"},{\"@type\":\"ListItem\",\"position\":2,\"name\":\"Els farmac\u00e8utics catalans alerten del col\u00b7lapse econ\u00f2mic del sector sanitari concertat\"}]},{\"@type\":\"WebSite\",\"@id\":\"https:\/\/www.cofb.org\/#website\",\"url\":\"https:\/\/www.cofb.org\/\",\"name\":\"Col\u00b7legi de Farmac\u00e8utics de Barcelona\",\"description\":\"\",\"publisher\":{\"@id\":\"https:\/\/www.cofb.org\/#organization\"},\"potentialAction\":[{\"@type\":\"SearchAction\",\"target\":{\"@type\":\"EntryPoint\",\"urlTemplate\":\"https:\/\/www.cofb.org\/?s={search_term_string}\"},\"query-input\":\"required name=search_term_string\"}],\"inLanguage\":\"ca\"},{\"@type\":\"Organization\",\"@id\":\"https:\/\/www.cofb.org\/#organization\",\"name\":\"Col\u00b7legi de Farmac\u00e8utics de Barcelona\",\"url\":\"https:\/\/www.cofb.org\/\",\"logo\":{\"@type\":\"ImageObject\",\"inLanguage\":\"ca\",\"@id\":\"https:\/\/www.cofb.org\/#\/schema\/logo\/image\/\",\"url\":\"https:\/\/www.cofb.org\/wp-content\/uploads\/2023\/11\/cropped-Logotip-COFB.png\",\"contentUrl\":\"https:\/\/www.cofb.org\/wp-content\/uploads\/2023\/11\/cropped-Logotip-COFB.png\",\"width\":500,\"height\":105,\"caption\":\"Col\u00b7legi de Farmac\u00e8utics de Barcelona\"},\"image\":{\"@id\":\"https:\/\/www.cofb.org\/#\/schema\/logo\/image\/\"},\"sameAs\":[\"https:\/\/www.facebook.com\/farmaceuticsbcn\/\",\"https:\/\/twitter.com\/farmaceuticsbcn\",\"https:\/\/www.instagram.com\/farmaceuticsbcn\/\",\"https:\/\/www.linkedin.com\/company\/farmaceuticsbcn\/\"]},{\"@type\":\"Person\",\"@id\":\"https:\/\/www.cofb.org\/#\/schema\/person\/22ed7eea88da74b0fa4d3154ad87ffcb\",\"name\":\"wpAdminCofbOrg\",\"image\":{\"@type\":\"ImageObject\",\"inLanguage\":\"ca\",\"@id\":\"https:\/\/www.cofb.org\/#\/schema\/person\/image\/\",\"url\":\"https:\/\/secure.gravatar.com\/avatar\/1721b20b3b8ca882c3b56ec6c978c594fff670e40c0718e9190eaeeb76aae7d8?s=96&d=mm&r=g\",\"contentUrl\":\"https:\/\/secure.gravatar.com\/avatar\/1721b20b3b8ca882c3b56ec6c978c594fff670e40c0718e9190eaeeb76aae7d8?s=96&d=mm&r=g\",\"caption\":\"wpAdminCofbOrg\"},\"sameAs\":[\"http:\/\/192.168.64.122\/wordpress\"],\"url\":\"https:\/\/www.cofb.org\/ca\/author\/wpadmincofborg\/\"}]}<\/script>\n<!-- \/ Yoast SEO plugin. -->","yoast_head_json":{"title":"Els farmac\u00e8utics catalans alerten del col\u00b7lapse econ\u00f2mic del sector sanitari concertat - Col\u00b7legi de Farmac\u00e8utics de Barcelona","robots":{"index":"index","follow":"follow","max-snippet":"max-snippet:-1","max-image-preview":"max-image-preview:large","max-video-preview":"max-video-preview:-1"},"canonical":"https:\/\/novaorg.cofb.net\/2013\/02\/28\/els-farmaceutics-catalans-alerten-del-collapse-economic-del-sector-sanitari-concertat\/","og_locale":"ca_ES","og_type":"article","og_title":"Els farmac\u00e8utics catalans alerten del col\u00b7lapse econ\u00f2mic del sector sanitari concertat - Col\u00b7legi de Farmac\u00e8utics de Barcelona","og_description":"\u00a0 Davant el nou impagament del CatSalut a les farm\u00e0cies catalanes, que aquest mes de febrer havien de cobrar els medicaments dispensats el novembre passat, el Consell de Col\u00b7legis de Farmac\u00e8utics de Catalunya ha anunciat les mesures que es prendran per tornar a reclamar un calendari de pagament per a [&hellip;]","og_url":"https:\/\/novaorg.cofb.net\/2013\/02\/28\/els-farmaceutics-catalans-alerten-del-collapse-economic-del-sector-sanitari-concertat\/","og_site_name":"Col\u00b7legi de Farmac\u00e8utics de Barcelona","article_publisher":"https:\/\/www.facebook.com\/farmaceuticsbcn\/","article_published_time":"2013-02-28T18:04:00+00:00","author":"wpAdminCofbOrg","twitter_card":"summary_large_image","twitter_creator":"@farmaceuticsbcn","twitter_site":"@farmaceuticsbcn","twitter_misc":{"Escrit per":"wpAdminCofbOrg","Temps estimat de lectura":"4 minuts"},"schema":{"@context":"https:\/\/schema.org","@graph":[{"@type":"Article","@id":"https:\/\/novaorg.cofb.net\/2013\/02\/28\/els-farmaceutics-catalans-alerten-del-collapse-economic-del-sector-sanitari-concertat\/#article","isPartOf":{"@id":"https:\/\/novaorg.cofb.net\/2013\/02\/28\/els-farmaceutics-catalans-alerten-del-collapse-economic-del-sector-sanitari-concertat\/"},"author":{"name":"wpAdminCofbOrg","@id":"https:\/\/www.cofb.org\/#\/schema\/person\/22ed7eea88da74b0fa4d3154ad87ffcb"},"headline":"Els farmac\u00e8utics catalans alerten del col\u00b7lapse econ\u00f2mic del sector sanitari concertat","datePublished":"2013-02-28T18:04:00+00:00","dateModified":"2013-02-28T18:04:00+00:00","mainEntityOfPage":{"@id":"https:\/\/novaorg.cofb.net\/2013\/02\/28\/els-farmaceutics-catalans-alerten-del-collapse-economic-del-sector-sanitari-concertat\/"},"wordCount":818,"publisher":{"@id":"https:\/\/www.cofb.org\/#organization"},"articleSection":["Notes de premsa"],"inLanguage":"ca"},{"@type":"WebPage","@id":"https:\/\/novaorg.cofb.net\/2013\/02\/28\/els-farmaceutics-catalans-alerten-del-collapse-economic-del-sector-sanitari-concertat\/","url":"https:\/\/novaorg.cofb.net\/2013\/02\/28\/els-farmaceutics-catalans-alerten-del-collapse-economic-del-sector-sanitari-concertat\/","name":"Els farmac\u00e8utics catalans alerten del col\u00b7lapse econ\u00f2mic del sector sanitari concertat - Col\u00b7legi de Farmac\u00e8utics de Barcelona","isPartOf":{"@id":"https:\/\/www.cofb.org\/#website"},"datePublished":"2013-02-28T18:04:00+00:00","dateModified":"2013-02-28T18:04:00+00:00","breadcrumb":{"@id":"https:\/\/novaorg.cofb.net\/2013\/02\/28\/els-farmaceutics-catalans-alerten-del-collapse-economic-del-sector-sanitari-concertat\/#breadcrumb"},"inLanguage":"ca","potentialAction":[{"@type":"ReadAction","target":["https:\/\/novaorg.cofb.net\/2013\/02\/28\/els-farmaceutics-catalans-alerten-del-collapse-economic-del-sector-sanitari-concertat\/"]}]},{"@type":"BreadcrumbList","@id":"https:\/\/novaorg.cofb.net\/2013\/02\/28\/els-farmaceutics-catalans-alerten-del-collapse-economic-del-sector-sanitari-concertat\/#breadcrumb","itemListElement":[{"@type":"ListItem","position":1,"name":"Inici","item":"https:\/\/novaorg.cofb.net\/"},{"@type":"ListItem","position":2,"name":"Els farmac\u00e8utics catalans alerten del col\u00b7lapse econ\u00f2mic del sector sanitari concertat"}]},{"@type":"WebSite","@id":"https:\/\/www.cofb.org\/#website","url":"https:\/\/www.cofb.org\/","name":"Col\u00b7legi de Farmac\u00e8utics de Barcelona","description":"","publisher":{"@id":"https:\/\/www.cofb.org\/#organization"},"potentialAction":[{"@type":"SearchAction","target":{"@type":"EntryPoint","urlTemplate":"https:\/\/www.cofb.org\/?s={search_term_string}"},"query-input":"required name=search_term_string"}],"inLanguage":"ca"},{"@type":"Organization","@id":"https:\/\/www.cofb.org\/#organization","name":"Col\u00b7legi de Farmac\u00e8utics de Barcelona","url":"https:\/\/www.cofb.org\/","logo":{"@type":"ImageObject","inLanguage":"ca","@id":"https:\/\/www.cofb.org\/#\/schema\/logo\/image\/","url":"https:\/\/www.cofb.org\/wp-content\/uploads\/2023\/11\/cropped-Logotip-COFB.png","contentUrl":"https:\/\/www.cofb.org\/wp-content\/uploads\/2023\/11\/cropped-Logotip-COFB.png","width":500,"height":105,"caption":"Col\u00b7legi de Farmac\u00e8utics de Barcelona"},"image":{"@id":"https:\/\/www.cofb.org\/#\/schema\/logo\/image\/"},"sameAs":["https:\/\/www.facebook.com\/farmaceuticsbcn\/","https:\/\/twitter.com\/farmaceuticsbcn","https:\/\/www.instagram.com\/farmaceuticsbcn\/","https:\/\/www.linkedin.com\/company\/farmaceuticsbcn\/"]},{"@type":"Person","@id":"https:\/\/www.cofb.org\/#\/schema\/person\/22ed7eea88da74b0fa4d3154ad87ffcb","name":"wpAdminCofbOrg","image":{"@type":"ImageObject","inLanguage":"ca","@id":"https:\/\/www.cofb.org\/#\/schema\/person\/image\/","url":"https:\/\/secure.gravatar.com\/avatar\/1721b20b3b8ca882c3b56ec6c978c594fff670e40c0718e9190eaeeb76aae7d8?s=96&d=mm&r=g","contentUrl":"https:\/\/secure.gravatar.com\/avatar\/1721b20b3b8ca882c3b56ec6c978c594fff670e40c0718e9190eaeeb76aae7d8?s=96&d=mm&r=g","caption":"wpAdminCofbOrg"},"sameAs":["http:\/\/192.168.64.122\/wordpress"],"url":"https:\/\/www.cofb.org\/ca\/author\/wpadmincofborg\/"}]}},"uagb_featured_image_src":{"full":false,"thumbnail":false,"medium":false,"medium_large":false,"large":false,"1536x1536":false,"2048x2048":false,"trp-custom-language-flag":false},"uagb_author_info":{"display_name":"wpAdminCofbOrg","author_link":"https:\/\/www.cofb.org\/ca\/author\/wpadmincofborg\/"},"uagb_comment_info":0,"uagb_excerpt":"\u00a0 Davant el nou impagament del CatSalut a les farm\u00e0cies catalanes, que aquest mes de febrer havien de cobrar els medicaments dispensats el novembre passat, el Consell de Col\u00b7legis de Farmac\u00e8utics de Catalunya ha anunciat les mesures que es prendran per tornar a reclamar un calendari de pagament per a [&hellip;]","_links":{"self":[{"href":"https:\/\/www.cofb.org\/ca\/wp-json\/wp\/v2\/posts\/77589","targetHints":{"allow":["GET"]}}],"collection":[{"href":"https:\/\/www.cofb.org\/ca\/wp-json\/wp\/v2\/posts"}],"about":[{"href":"https:\/\/www.cofb.org\/ca\/wp-json\/wp\/v2\/types\/post"}],"author":[{"embeddable":true,"href":"https:\/\/www.cofb.org\/ca\/wp-json\/wp\/v2\/users\/1"}],"replies":[{"embeddable":true,"href":"https:\/\/www.cofb.org\/ca\/wp-json\/wp\/v2\/comments?post=77589"}],"version-history":[{"count":0,"href":"https:\/\/www.cofb.org\/ca\/wp-json\/wp\/v2\/posts\/77589\/revisions"}],"wp:attachment":[{"href":"https:\/\/www.cofb.org\/ca\/wp-json\/wp\/v2\/media?parent=77589"}],"wp:term":[{"taxonomy":"category","embeddable":true,"href":"https:\/\/www.cofb.org\/ca\/wp-json\/wp\/v2\/categories?post=77589"},{"taxonomy":"post_tag","embeddable":true,"href":"https:\/\/www.cofb.org\/ca\/wp-json\/wp\/v2\/tags?post=77589"}],"curies":[{"name":"wp","href":"https:\/\/api.w.org\/{rel}","templated":true}]}}