{"id":77585,"date":"2013-03-06T09:14:00","date_gmt":"2013-03-06T09:14:00","guid":{"rendered":"https:\/\/novaorg.cofb.net\/2013\/03\/06\/es-plantegen-diferents-propostes-tancaments-i-reclamacio-dinteressos-entre-daltres\/"},"modified":"2013-03-06T09:14:00","modified_gmt":"2013-03-06T09:14:00","slug":"es-plantegen-diferents-propostes-tancaments-i-reclamacio-dinteressos-entre-daltres","status":"publish","type":"post","link":"https:\/\/www.cofb.org\/ca\/2013\/03\/06\/es-plantegen-diferents-propostes-tancaments-i-reclamacio-dinteressos-entre-daltres\/","title":{"rendered":"Es plantegen diferents propostes: tancaments i reclamaci\u00f3 d&#8217;interessos, entre d&#8217;altres"},"content":{"rendered":"<p>\u00a0<\/p>\n<div align=\"center\">\n<p><strong>Reuni\u00f3 dels farmac\u00e8utics catalans el 5 de mar\u00e7 per l&#8217;impagament a les farm\u00e0cies<br \/><\/strong><\/p>\n<p><strong>Es plantegen diferents propostes: tancaments i reclamaci\u00f3 d\u2019interessos, entre d\u2019altres<\/strong><\/p>\n<\/div>\n<p>Barcelona, 5 de mar\u00e7 de 2013 .- 1.300 farmac\u00e8utics catalans s\u2019han reunit aquest vespre, 5 de mar\u00e7, convocats pel Consell de Col\u00b7legis de Farmac\u00e8utics de Catalunya. Segons Jordi de Dalmases, president del Consell de Col\u00b7legis de Farmac\u00e8utics de Catalunya, \u201caquesta \u00e9s la primera reuni\u00f3 de farmac\u00e8utics catalans que es fa a la hist\u00f2ria, en la qual s\u2019ha fet palesa l\u2019angoixa del col\u00b7lectiu\u201d.<\/p>\n<p>Els farmac\u00e8utics -a trav\u00e9s dels col\u00b7legis farmac\u00e8utics de les seves respectives prov\u00edncies-, votaran durant la setmana que ve les mesures proposades en aquesta reuni\u00f3, com tancaments reiterats, reclamaci\u00f3 jur\u00eddica d\u2019interessos, recerca de plataformes per manifestar p\u00fablicament el greu col\u00b7lapse del sistema sanitari catal\u00e0 o es buscar\u00e0 el recolzament de l\u2019usuari amb la recollida de signatures a les oficines de farm\u00e0cia. Dalmases ha destacat que \u201cs\u00f3n mesures col\u00b7lectives\u201d que es sotmetran a votaci\u00f3.<\/p>\n<p>L\u2019impagament del febrer fa que el farmac\u00e8utic passi a cobrar a 120 dies en comptes dels 35 dies previstos en el Concert signat amb l\u2019Administraci\u00f3 l\u2019any 2010.<\/p>\n<p><strong>\u2022\u00a0<a target=\"_blank\" href=\"http:\/\/www.cofb.org\/web\/document_library\/get_file?repository_id=41&amp;file_path=%2FPremsa%2F2013%2Fmar13&amp;file_name=reuniofarmaceutics-050313.pdf\" rel=\"noopener\">Nota de prensa adjunta.\u00a0<strong>Veure [+]<\/strong><\/a><\/p>\n<p>Per a m\u00e9s informaci\u00f3:<\/strong><br \/>Departament de Comunicaci\u00f3 Consell de Col\u00b7legis Farmac\u00e8utics de Catalunya<br \/>93 244 07 28 \/ 18 \/\u00a0<a href=\"mailto:premsa@cofb.net\">premsa@cofb.net<\/a><\/p>\n<p>\u00a0Reuni\u00f3 dels farmac\u00e8utics catalans el 5 de mar\u00e7 per l&#8217;impagament a les farm\u00e0ciesEs plantegen diferents propostes: tancaments i reclamaci\u00f3 d\u2019interessos, entre d\u2019altresBarcelona, 5 de mar\u00e7 de 2013 .- 1.300 farmac\u00e8utics catalans s\u2019han reunit aquest vespre, 5 de mar\u00e7, convocats pel Consell de Col\u00b7legis de Farmac\u00e8utics de Catalunya. Segons Jordi de Dalmases, president del Consell de Col\u00b7legis de Farmac\u00e8utics de Catalunya, \u201caquesta \u00e9s la primera reuni\u00f3 de farmac\u00e8utics catalans que es fa a la hist\u00f2ria, en la qual s\u2019ha fet palesa l\u2019angoixa del col\u00b7lectiu\u201d.Els farmac\u00e8utics -a trav\u00e9s dels col\u00b7legis farmac\u00e8utics de les seves respectives prov\u00edncies-, votaran durant la setmana que ve les mesures proposades en aquesta reuni\u00f3, com tancaments reiterats, reclamaci\u00f3 jur\u00eddica d\u2019interessos, recerca de plataformes per manifestar p\u00fablicament el greu col\u00b7lapse del sistema sanitari catal\u00e0 o es buscar\u00e0 el recolzament de l\u2019usuari amb la recollida de signatures a les oficines de farm\u00e0cia. Dalmases ha destacat que \u201cs\u00f3n mesures col\u00b7lectives\u201d que es sotmetran a votaci\u00f3.L\u2019impagament del febrer fa que el farmac\u00e8utic passi a cobrar a 120 dies en comptes dels 35 dies previstos en el Concert signat amb l\u2019Administraci\u00f3 l\u2019any 2010.\u2022\u00a0Nota de prensa adjunta.\u00a0Veure [+]Per a m\u00e9s informaci\u00f3:Departament de Comunicaci\u00f3 Consell de Col\u00b7legis Farmac\u00e8utics de Catalunya93 244 07 28 \/ 18 \/\u00a0premsa@cofb.net\u00a0\u00a0COFB.ORG<\/p>\n","protected":false},"excerpt":{"rendered":"<p>\u00a0 Reuni\u00f3 dels farmac\u00e8utics catalans el 5 de mar\u00e7 per l&#8217;impagament a les farm\u00e0cies Es plantegen diferents propostes: tancaments i reclamaci\u00f3 d\u2019interessos, entre d\u2019altres Barcelona, 5 de mar\u00e7 de 2013 .- 1.300 farmac\u00e8utics catalans s\u2019han reunit aquest vespre, 5 de mar\u00e7, convocats pel Consell de Col\u00b7legis de Farmac\u00e8utics de Catalunya. [&hellip;]<\/p>\n","protected":false},"author":1,"featured_media":0,"comment_status":"","ping_status":"","sticky":false,"template":"","format":"standard","meta":{"_uag_custom_page_level_css":"","site-sidebar-layout":"default","site-content-layout":"","ast-site-content-layout":"default","site-content-style":"default","site-sidebar-style":"default","ast-global-header-display":"","ast-banner-title-visibility":"","ast-main-header-display":"","ast-hfb-above-header-display":"","ast-hfb-below-header-display":"","ast-hfb-mobile-header-display":"","site-post-title":"","ast-breadcrumbs-content":"","ast-featured-img":"disabled","footer-sml-layout":"","theme-transparent-header-meta":"","adv-header-id-meta":"","stick-header-meta":"","header-above-stick-meta":"","header-main-stick-meta":"","header-below-stick-meta":"","astra-migrate-meta-layouts":"default","ast-page-background-enabled":"default","ast-page-background-meta":{"desktop":{"background-color":"var(--ast-global-color-4)","background-image":"","background-repeat":"repeat","background-position":"center center","background-size":"auto","background-attachment":"scroll","background-type":"","background-media":"","overlay-type":"","overlay-color":"","overlay-opacity":"","overlay-gradient":""},"tablet":{"background-color":"","background-image":"","background-repeat":"repeat","background-position":"center center","background-size":"auto","background-attachment":"scroll","background-type":"","background-media":"","overlay-type":"","overlay-color":"","overlay-opacity":"","overlay-gradient":""},"mobile":{"background-color":"","background-image":"","background-repeat":"repeat","background-position":"center center","background-size":"auto","background-attachment":"scroll","background-type":"","background-media":"","overlay-type":"","overlay-color":"","overlay-opacity":"","overlay-gradient":""}},"ast-content-background-meta":{"desktop":{"background-color":"var(--ast-global-color-5)","background-image":"","background-repeat":"repeat","background-position":"center center","background-size":"auto","background-attachment":"scroll","background-type":"","background-media":"","overlay-type":"","overlay-color":"","overlay-opacity":"","overlay-gradient":""},"tablet":{"background-color":"var(--ast-global-color-5)","background-image":"","background-repeat":"repeat","background-position":"center center","background-size":"auto","background-attachment":"scroll","background-type":"","background-media":"","overlay-type":"","overlay-color":"","overlay-opacity":"","overlay-gradient":""},"mobile":{"background-color":"var(--ast-global-color-5)","background-image":"","background-repeat":"repeat","background-position":"center center","background-size":"auto","background-attachment":"scroll","background-type":"","background-media":"","overlay-type":"","overlay-color":"","overlay-opacity":"","overlay-gradient":""}},"footnotes":""},"categories":[1060,1066],"tags":[],"class_list":["post-77585","post","type-post","status-publish","format-standard","hentry","category-notes-premsa","category-sense-categoria-ca"],"yoast_head":"<!-- This site is optimized with the Yoast SEO plugin v22.4 - https:\/\/yoast.com\/wordpress\/plugins\/seo\/ -->\n<title>Es plantegen diferents propostes: tancaments i reclamaci\u00f3 d&#039;interessos, entre d&#039;altres - Col\u00b7legi de Farmac\u00e8utics de Barcelona<\/title>\n<meta name=\"robots\" content=\"index, follow, max-snippet:-1, max-image-preview:large, max-video-preview:-1\" \/>\n<link rel=\"canonical\" href=\"https:\/\/novaorg.cofb.net\/2013\/03\/06\/es-plantegen-diferents-propostes-tancaments-i-reclamacio-dinteressos-entre-daltres\/\" \/>\n<meta property=\"og:locale\" content=\"ca_ES\" \/>\n<meta property=\"og:type\" content=\"article\" \/>\n<meta property=\"og:title\" content=\"Es plantegen diferents propostes: tancaments i reclamaci\u00f3 d&#039;interessos, entre d&#039;altres - Col\u00b7legi de Farmac\u00e8utics de Barcelona\" \/>\n<meta property=\"og:description\" content=\"\u00a0 Reuni\u00f3 dels farmac\u00e8utics catalans el 5 de mar\u00e7 per l&#8217;impagament a les farm\u00e0cies Es plantegen diferents propostes: tancaments i reclamaci\u00f3 d\u2019interessos, entre d\u2019altres Barcelona, 5 de mar\u00e7 de 2013 .- 1.300 farmac\u00e8utics catalans s\u2019han reunit aquest vespre, 5 de mar\u00e7, convocats pel Consell de Col\u00b7legis de Farmac\u00e8utics de Catalunya. [&hellip;]\" \/>\n<meta property=\"og:url\" content=\"https:\/\/novaorg.cofb.net\/2013\/03\/06\/es-plantegen-diferents-propostes-tancaments-i-reclamacio-dinteressos-entre-daltres\/\" \/>\n<meta property=\"og:site_name\" content=\"Col\u00b7legi de Farmac\u00e8utics de Barcelona\" \/>\n<meta property=\"article:publisher\" content=\"https:\/\/www.facebook.com\/farmaceuticsbcn\/\" \/>\n<meta property=\"article:published_time\" content=\"2013-03-06T09:14:00+00:00\" \/>\n<meta name=\"author\" content=\"wpAdminCofbOrg\" \/>\n<meta name=\"twitter:card\" content=\"summary_large_image\" \/>\n<meta name=\"twitter:creator\" content=\"@farmaceuticsbcn\" \/>\n<meta name=\"twitter:site\" content=\"@farmaceuticsbcn\" \/>\n<meta name=\"twitter:label1\" content=\"Escrit per\" \/>\n\t<meta name=\"twitter:data1\" content=\"wpAdminCofbOrg\" \/>\n\t<meta name=\"twitter:label2\" content=\"Temps estimat de lectura\" \/>\n\t<meta name=\"twitter:data2\" content=\"2 minuts\" \/>\n<script type=\"application\/ld+json\" class=\"yoast-schema-graph\">{\"@context\":\"https:\/\/schema.org\",\"@graph\":[{\"@type\":\"Article\",\"@id\":\"https:\/\/novaorg.cofb.net\/2013\/03\/06\/es-plantegen-diferents-propostes-tancaments-i-reclamacio-dinteressos-entre-daltres\/#article\",\"isPartOf\":{\"@id\":\"https:\/\/novaorg.cofb.net\/2013\/03\/06\/es-plantegen-diferents-propostes-tancaments-i-reclamacio-dinteressos-entre-daltres\/\"},\"author\":{\"name\":\"wpAdminCofbOrg\",\"@id\":\"https:\/\/www.cofb.org\/#\/schema\/person\/22ed7eea88da74b0fa4d3154ad87ffcb\"},\"headline\":\"Es plantegen diferents propostes: tancaments i reclamaci\u00f3 d&#8217;interessos, entre d&#8217;altres\",\"datePublished\":\"2013-03-06T09:14:00+00:00\",\"dateModified\":\"2013-03-06T09:14:00+00:00\",\"mainEntityOfPage\":{\"@id\":\"https:\/\/novaorg.cofb.net\/2013\/03\/06\/es-plantegen-diferents-propostes-tancaments-i-reclamacio-dinteressos-entre-daltres\/\"},\"wordCount\":478,\"publisher\":{\"@id\":\"https:\/\/www.cofb.org\/#organization\"},\"articleSection\":[\"Notes de premsa\"],\"inLanguage\":\"ca\"},{\"@type\":\"WebPage\",\"@id\":\"https:\/\/novaorg.cofb.net\/2013\/03\/06\/es-plantegen-diferents-propostes-tancaments-i-reclamacio-dinteressos-entre-daltres\/\",\"url\":\"https:\/\/novaorg.cofb.net\/2013\/03\/06\/es-plantegen-diferents-propostes-tancaments-i-reclamacio-dinteressos-entre-daltres\/\",\"name\":\"Es plantegen diferents propostes: tancaments i reclamaci\u00f3 d'interessos, entre d'altres - Col\u00b7legi de Farmac\u00e8utics de Barcelona\",\"isPartOf\":{\"@id\":\"https:\/\/www.cofb.org\/#website\"},\"datePublished\":\"2013-03-06T09:14:00+00:00\",\"dateModified\":\"2013-03-06T09:14:00+00:00\",\"breadcrumb\":{\"@id\":\"https:\/\/novaorg.cofb.net\/2013\/03\/06\/es-plantegen-diferents-propostes-tancaments-i-reclamacio-dinteressos-entre-daltres\/#breadcrumb\"},\"inLanguage\":\"ca\",\"potentialAction\":[{\"@type\":\"ReadAction\",\"target\":[\"https:\/\/novaorg.cofb.net\/2013\/03\/06\/es-plantegen-diferents-propostes-tancaments-i-reclamacio-dinteressos-entre-daltres\/\"]}]},{\"@type\":\"BreadcrumbList\",\"@id\":\"https:\/\/novaorg.cofb.net\/2013\/03\/06\/es-plantegen-diferents-propostes-tancaments-i-reclamacio-dinteressos-entre-daltres\/#breadcrumb\",\"itemListElement\":[{\"@type\":\"ListItem\",\"position\":1,\"name\":\"Inici\",\"item\":\"https:\/\/novaorg.cofb.net\/\"},{\"@type\":\"ListItem\",\"position\":2,\"name\":\"Es plantegen diferents propostes: tancaments i reclamaci\u00f3 d&#8217;interessos, entre d&#8217;altres\"}]},{\"@type\":\"WebSite\",\"@id\":\"https:\/\/www.cofb.org\/#website\",\"url\":\"https:\/\/www.cofb.org\/\",\"name\":\"Col\u00b7legi de Farmac\u00e8utics de Barcelona\",\"description\":\"\",\"publisher\":{\"@id\":\"https:\/\/www.cofb.org\/#organization\"},\"potentialAction\":[{\"@type\":\"SearchAction\",\"target\":{\"@type\":\"EntryPoint\",\"urlTemplate\":\"https:\/\/www.cofb.org\/?s={search_term_string}\"},\"query-input\":\"required name=search_term_string\"}],\"inLanguage\":\"ca\"},{\"@type\":\"Organization\",\"@id\":\"https:\/\/www.cofb.org\/#organization\",\"name\":\"Col\u00b7legi de Farmac\u00e8utics de Barcelona\",\"url\":\"https:\/\/www.cofb.org\/\",\"logo\":{\"@type\":\"ImageObject\",\"inLanguage\":\"ca\",\"@id\":\"https:\/\/www.cofb.org\/#\/schema\/logo\/image\/\",\"url\":\"https:\/\/www.cofb.org\/wp-content\/uploads\/2023\/11\/cropped-Logotip-COFB.png\",\"contentUrl\":\"https:\/\/www.cofb.org\/wp-content\/uploads\/2023\/11\/cropped-Logotip-COFB.png\",\"width\":500,\"height\":105,\"caption\":\"Col\u00b7legi de Farmac\u00e8utics de Barcelona\"},\"image\":{\"@id\":\"https:\/\/www.cofb.org\/#\/schema\/logo\/image\/\"},\"sameAs\":[\"https:\/\/www.facebook.com\/farmaceuticsbcn\/\",\"https:\/\/twitter.com\/farmaceuticsbcn\",\"https:\/\/www.instagram.com\/farmaceuticsbcn\/\",\"https:\/\/www.linkedin.com\/company\/farmaceuticsbcn\/\"]},{\"@type\":\"Person\",\"@id\":\"https:\/\/www.cofb.org\/#\/schema\/person\/22ed7eea88da74b0fa4d3154ad87ffcb\",\"name\":\"wpAdminCofbOrg\",\"image\":{\"@type\":\"ImageObject\",\"inLanguage\":\"ca\",\"@id\":\"https:\/\/www.cofb.org\/#\/schema\/person\/image\/\",\"url\":\"https:\/\/secure.gravatar.com\/avatar\/1721b20b3b8ca882c3b56ec6c978c594fff670e40c0718e9190eaeeb76aae7d8?s=96&d=mm&r=g\",\"contentUrl\":\"https:\/\/secure.gravatar.com\/avatar\/1721b20b3b8ca882c3b56ec6c978c594fff670e40c0718e9190eaeeb76aae7d8?s=96&d=mm&r=g\",\"caption\":\"wpAdminCofbOrg\"},\"sameAs\":[\"http:\/\/192.168.64.122\/wordpress\"],\"url\":\"https:\/\/www.cofb.org\/ca\/author\/wpadmincofborg\/\"}]}<\/script>\n<!-- \/ Yoast SEO plugin. -->","yoast_head_json":{"title":"Es plantegen diferents propostes: tancaments i reclamaci\u00f3 d'interessos, entre d'altres - Col\u00b7legi de Farmac\u00e8utics de Barcelona","robots":{"index":"index","follow":"follow","max-snippet":"max-snippet:-1","max-image-preview":"max-image-preview:large","max-video-preview":"max-video-preview:-1"},"canonical":"https:\/\/novaorg.cofb.net\/2013\/03\/06\/es-plantegen-diferents-propostes-tancaments-i-reclamacio-dinteressos-entre-daltres\/","og_locale":"ca_ES","og_type":"article","og_title":"Es plantegen diferents propostes: tancaments i reclamaci\u00f3 d'interessos, entre d'altres - Col\u00b7legi de Farmac\u00e8utics de Barcelona","og_description":"\u00a0 Reuni\u00f3 dels farmac\u00e8utics catalans el 5 de mar\u00e7 per l&#8217;impagament a les farm\u00e0cies Es plantegen diferents propostes: tancaments i reclamaci\u00f3 d\u2019interessos, entre d\u2019altres Barcelona, 5 de mar\u00e7 de 2013 .- 1.300 farmac\u00e8utics catalans s\u2019han reunit aquest vespre, 5 de mar\u00e7, convocats pel Consell de Col\u00b7legis de Farmac\u00e8utics de Catalunya. [&hellip;]","og_url":"https:\/\/novaorg.cofb.net\/2013\/03\/06\/es-plantegen-diferents-propostes-tancaments-i-reclamacio-dinteressos-entre-daltres\/","og_site_name":"Col\u00b7legi de Farmac\u00e8utics de Barcelona","article_publisher":"https:\/\/www.facebook.com\/farmaceuticsbcn\/","article_published_time":"2013-03-06T09:14:00+00:00","author":"wpAdminCofbOrg","twitter_card":"summary_large_image","twitter_creator":"@farmaceuticsbcn","twitter_site":"@farmaceuticsbcn","twitter_misc":{"Escrit per":"wpAdminCofbOrg","Temps estimat de lectura":"2 minuts"},"schema":{"@context":"https:\/\/schema.org","@graph":[{"@type":"Article","@id":"https:\/\/novaorg.cofb.net\/2013\/03\/06\/es-plantegen-diferents-propostes-tancaments-i-reclamacio-dinteressos-entre-daltres\/#article","isPartOf":{"@id":"https:\/\/novaorg.cofb.net\/2013\/03\/06\/es-plantegen-diferents-propostes-tancaments-i-reclamacio-dinteressos-entre-daltres\/"},"author":{"name":"wpAdminCofbOrg","@id":"https:\/\/www.cofb.org\/#\/schema\/person\/22ed7eea88da74b0fa4d3154ad87ffcb"},"headline":"Es plantegen diferents propostes: tancaments i reclamaci\u00f3 d&#8217;interessos, entre d&#8217;altres","datePublished":"2013-03-06T09:14:00+00:00","dateModified":"2013-03-06T09:14:00+00:00","mainEntityOfPage":{"@id":"https:\/\/novaorg.cofb.net\/2013\/03\/06\/es-plantegen-diferents-propostes-tancaments-i-reclamacio-dinteressos-entre-daltres\/"},"wordCount":478,"publisher":{"@id":"https:\/\/www.cofb.org\/#organization"},"articleSection":["Notes de premsa"],"inLanguage":"ca"},{"@type":"WebPage","@id":"https:\/\/novaorg.cofb.net\/2013\/03\/06\/es-plantegen-diferents-propostes-tancaments-i-reclamacio-dinteressos-entre-daltres\/","url":"https:\/\/novaorg.cofb.net\/2013\/03\/06\/es-plantegen-diferents-propostes-tancaments-i-reclamacio-dinteressos-entre-daltres\/","name":"Es plantegen diferents propostes: tancaments i reclamaci\u00f3 d'interessos, entre d'altres - Col\u00b7legi de Farmac\u00e8utics de Barcelona","isPartOf":{"@id":"https:\/\/www.cofb.org\/#website"},"datePublished":"2013-03-06T09:14:00+00:00","dateModified":"2013-03-06T09:14:00+00:00","breadcrumb":{"@id":"https:\/\/novaorg.cofb.net\/2013\/03\/06\/es-plantegen-diferents-propostes-tancaments-i-reclamacio-dinteressos-entre-daltres\/#breadcrumb"},"inLanguage":"ca","potentialAction":[{"@type":"ReadAction","target":["https:\/\/novaorg.cofb.net\/2013\/03\/06\/es-plantegen-diferents-propostes-tancaments-i-reclamacio-dinteressos-entre-daltres\/"]}]},{"@type":"BreadcrumbList","@id":"https:\/\/novaorg.cofb.net\/2013\/03\/06\/es-plantegen-diferents-propostes-tancaments-i-reclamacio-dinteressos-entre-daltres\/#breadcrumb","itemListElement":[{"@type":"ListItem","position":1,"name":"Inici","item":"https:\/\/novaorg.cofb.net\/"},{"@type":"ListItem","position":2,"name":"Es plantegen diferents propostes: tancaments i reclamaci\u00f3 d&#8217;interessos, entre d&#8217;altres"}]},{"@type":"WebSite","@id":"https:\/\/www.cofb.org\/#website","url":"https:\/\/www.cofb.org\/","name":"Col\u00b7legi de Farmac\u00e8utics de Barcelona","description":"","publisher":{"@id":"https:\/\/www.cofb.org\/#organization"},"potentialAction":[{"@type":"SearchAction","target":{"@type":"EntryPoint","urlTemplate":"https:\/\/www.cofb.org\/?s={search_term_string}"},"query-input":"required name=search_term_string"}],"inLanguage":"ca"},{"@type":"Organization","@id":"https:\/\/www.cofb.org\/#organization","name":"Col\u00b7legi de Farmac\u00e8utics de Barcelona","url":"https:\/\/www.cofb.org\/","logo":{"@type":"ImageObject","inLanguage":"ca","@id":"https:\/\/www.cofb.org\/#\/schema\/logo\/image\/","url":"https:\/\/www.cofb.org\/wp-content\/uploads\/2023\/11\/cropped-Logotip-COFB.png","contentUrl":"https:\/\/www.cofb.org\/wp-content\/uploads\/2023\/11\/cropped-Logotip-COFB.png","width":500,"height":105,"caption":"Col\u00b7legi de Farmac\u00e8utics de Barcelona"},"image":{"@id":"https:\/\/www.cofb.org\/#\/schema\/logo\/image\/"},"sameAs":["https:\/\/www.facebook.com\/farmaceuticsbcn\/","https:\/\/twitter.com\/farmaceuticsbcn","https:\/\/www.instagram.com\/farmaceuticsbcn\/","https:\/\/www.linkedin.com\/company\/farmaceuticsbcn\/"]},{"@type":"Person","@id":"https:\/\/www.cofb.org\/#\/schema\/person\/22ed7eea88da74b0fa4d3154ad87ffcb","name":"wpAdminCofbOrg","image":{"@type":"ImageObject","inLanguage":"ca","@id":"https:\/\/www.cofb.org\/#\/schema\/person\/image\/","url":"https:\/\/secure.gravatar.com\/avatar\/1721b20b3b8ca882c3b56ec6c978c594fff670e40c0718e9190eaeeb76aae7d8?s=96&d=mm&r=g","contentUrl":"https:\/\/secure.gravatar.com\/avatar\/1721b20b3b8ca882c3b56ec6c978c594fff670e40c0718e9190eaeeb76aae7d8?s=96&d=mm&r=g","caption":"wpAdminCofbOrg"},"sameAs":["http:\/\/192.168.64.122\/wordpress"],"url":"https:\/\/www.cofb.org\/ca\/author\/wpadmincofborg\/"}]}},"uagb_featured_image_src":{"full":false,"thumbnail":false,"medium":false,"medium_large":false,"large":false,"1536x1536":false,"2048x2048":false,"trp-custom-language-flag":false},"uagb_author_info":{"display_name":"wpAdminCofbOrg","author_link":"https:\/\/www.cofb.org\/ca\/author\/wpadmincofborg\/"},"uagb_comment_info":0,"uagb_excerpt":"\u00a0 Reuni\u00f3 dels farmac\u00e8utics catalans el 5 de mar\u00e7 per l&#8217;impagament a les farm\u00e0cies Es plantegen diferents propostes: tancaments i reclamaci\u00f3 d\u2019interessos, entre d\u2019altres Barcelona, 5 de mar\u00e7 de 2013 .- 1.300 farmac\u00e8utics catalans s\u2019han reunit aquest vespre, 5 de mar\u00e7, convocats pel Consell de Col\u00b7legis de Farmac\u00e8utics de Catalunya. [&hellip;]","_links":{"self":[{"href":"https:\/\/www.cofb.org\/ca\/wp-json\/wp\/v2\/posts\/77585","targetHints":{"allow":["GET"]}}],"collection":[{"href":"https:\/\/www.cofb.org\/ca\/wp-json\/wp\/v2\/posts"}],"about":[{"href":"https:\/\/www.cofb.org\/ca\/wp-json\/wp\/v2\/types\/post"}],"author":[{"embeddable":true,"href":"https:\/\/www.cofb.org\/ca\/wp-json\/wp\/v2\/users\/1"}],"replies":[{"embeddable":true,"href":"https:\/\/www.cofb.org\/ca\/wp-json\/wp\/v2\/comments?post=77585"}],"version-history":[{"count":0,"href":"https:\/\/www.cofb.org\/ca\/wp-json\/wp\/v2\/posts\/77585\/revisions"}],"wp:attachment":[{"href":"https:\/\/www.cofb.org\/ca\/wp-json\/wp\/v2\/media?parent=77585"}],"wp:term":[{"taxonomy":"category","embeddable":true,"href":"https:\/\/www.cofb.org\/ca\/wp-json\/wp\/v2\/categories?post=77585"},{"taxonomy":"post_tag","embeddable":true,"href":"https:\/\/www.cofb.org\/ca\/wp-json\/wp\/v2\/tags?post=77585"}],"curies":[{"name":"wp","href":"https:\/\/api.w.org\/{rel}","templated":true}]}}