{"id":77577,"date":"2013-03-07T09:27:00","date_gmt":"2013-03-07T09:27:00","guid":{"rendered":"https:\/\/novaorg.cofb.net\/2013\/03\/07\/una-nueva-cartera-de-servicios-basada-en-las-necesidades-de-los-ciudadanos-como-eje-del-futuro-de-la-farmacia-profesional\/"},"modified":"2013-03-07T09:27:00","modified_gmt":"2013-03-07T09:27:00","slug":"una-nueva-cartera-de-servicios-basada-en-las-necesidades-de-los-ciudadanos-como-eje-del-futuro-de-la-farmacia-profesional","status":"publish","type":"post","link":"https:\/\/www.cofb.org\/ca\/2013\/03\/07\/una-nueva-cartera-de-servicios-basada-en-las-necesidades-de-los-ciudadanos-como-eje-del-futuro-de-la-farmacia-profesional\/","title":{"rendered":"Una nueva cartera de servicios basada en las necesidades de los ciudadanos como eje del futuro de la farmacia profesional"},"content":{"rendered":"<p>\u00a0<\/p>\n<p align=\"center\">\u2022\u00a0<strong>Varios expertos debaten sobre la necesidad del cambio del papel del farmac\u00e9utico y esbozan una hoja de ruta para llegar al nuevo modelo de negocio de las oficinas de farmacia<\/strong><\/p>\n<p align=\"justify\"><strong>Barcelona, 7 de marzo de 2013<\/strong>\u00a0&#8211; Bajo la premisa compartida de que hay que cambiar el modelo actual, varios expertos se han reunido en la mesa redonda &#8220;Crear producto para construir futuro para una farmacia profesional&#8221; con el fin de reflexionar cr\u00edticamente m\u00e1s all\u00e1 de los problemas acuciantes del sector. El debate se ha desarrollado en el marco del Congreso Europeo de Farmacia, Infarma 2013.<\/p>\n<p align=\"justify\"><em>&#8220;\u00bfQu\u00e9 necesita el ciudadano del siglo XXII? Es lo que tenemos que pensar, despu\u00e9s ya veremos qui\u00e9n lo paga. Si dejamos de lado el paradigma en el que el Estado lo paga todo, iremos en la direcci\u00f3n correcta<\/em>&#8221; ha propuesto\u00a0<strong>Llu\u00eds Monset<\/strong>, director general de la Asociaci\u00f3n Catalana de Entidades de Salud, reclamando la necesidad de escuchar a la poblaci\u00f3n para afrontar el cambio.<\/p>\n<p align=\"justify\">Por su parte,\u00a0<strong>David Elvira<\/strong>, director Regional de Relaciones Corporativas de Sanofi, ha instado a que el farmac\u00e9utico pase de la dispensaci\u00f3n a la actuaci\u00f3n y que se trabaje una nueva hoja de ruta basada en la informaci\u00f3n al paciente, protocolos para di\u00e1logos compartidos entre los agentes, incentivos y servicios adicionales al medicamento. Adem\u00e1s, ha sugerido que\u00a0<em>&#8220;las oficinas de farmacia nos pueden ayudar en el diagn\u00f3stico, en la adherencia y en empoderar al paciente&#8221;. Y es que para \u00e9l, &#8220;la atenci\u00f3n farmac\u00e9utica es la base del nuevo modelo de negocio<\/em>&#8220;.<\/p>\n<p align=\"justify\">Ante la pregunta sobre la viabilidad del proceso de realizar un cambio,\u00a0<strong>Josep Maria Padrosa<\/strong>, director general de CatSalut ha contextualizado la situaci\u00f3n &#8220;<em>destinamos 1.500 millones de euros al gasto farmac\u00e9utico. Lo primero que hay que pensar es que no es un gasto, sino una inversi\u00f3n porque seguro que podemos demostrar que esto nos ha ayudado a tener menor riesgo de diabetes o de accidente cardiovascular. En Catalu\u00f1a lo gestionan 3.106 oficinas de farmacia, tienes 905 centros de atenci\u00f3n primaria. Muchas farmacias est\u00e1n abiertas m\u00e1s horas que muchos centros de atenci\u00f3n primaria y tienen m\u00e1s visitas o contactos con pacientes. Hay cantidad de recursos que no se est\u00e1n optimizando<\/em>&#8220;. Para \u00e9l, &#8220;<em>futuro hay, la cuesti\u00f3n es c\u00f3mo evolucionamos el presente<\/em>&#8220;.<\/p>\n<p align=\"justify\"><strong>Monset<\/strong>\u00a0ha instado a los farmac\u00e9uticos a que &#8220;<em>se inventen a ellos mismos para dar otro tipo de servicios a la ciudadan\u00eda<\/em>&#8221; ante la situaci\u00f3n del sistema p\u00fablico que, &#8220;<em>va a ir para atr\u00e1s, al menos en los pr\u00f3ximos diez a\u00f1os<\/em>&#8220;. &#8220;<em>El juego se ha terminado, pero el nuevo juego est\u00e1 por hacer. Descubramos este futuro entre todos<\/em>&#8220;, ha concluido.<\/p>\n<p align=\"justify\">En este sentido,\u00a0<strong>Padrosa<\/strong>\u00a0ha apoyado la necesidad de crear nuevas carteras de servicio remarcando &#8220;<em>ten\u00e9is muchos huecos para cubrir, para ayudar a optimizar recursos. Probablemente el Estado no comprar\u00e1 toda la cartera, pero si estos servicios pueden solucionar algo en la oficina de farmacia, en lugar de tener que ir a urgencias, yo te lo voy a comprar<\/em>&#8220;.<\/p>\n<p align=\"justify\">\u2022\u00a0<a target=\"_blank\" href=\"http:\/\/www.infarma.es\/image\/image_gallery?uuid=d04b0e49-f72e-40bf-a992-922f7e65e6ec&amp;groupId=174255&amp;t=1362734534788\" rel=\"noopener\">Fotograf\u00edes.\u00a0<strong>Veure [+]<\/strong><\/a>\u00a0<\/p>\n<p align=\"justify\"><strong>Acerca de INFARMA<\/strong><br \/>El XXV Congreso y Sal\u00f3n Europeo de Farmacia INFARMA, punto de encuentro del sector farmac\u00e9utico, tiene lugar del 5 al 7 de marzo en el recinto ferial de Montju\u00efc de Barcelona y est\u00e1 organizado por el Colegio de Farmac\u00e9uticos de Madrid y el Col\u2022legi de Farmac\u00e8utics de Barcelona con la colaboraci\u00f3n de Interalia. Los ejes de esta edici\u00f3n son temas de candente actualidad, como el\u00a0<strong>futuro de la profesi\u00f3n<\/strong>, las\u00a0<strong>colaboraciones interprofesionales\u00a0<\/strong>o el<strong>papel del farmac\u00e9utico\u00a0<\/strong>como profesional de salud para\u00a0<strong>la detecci\u00f3n precoz de enfermedades<\/strong>. Tambi\u00e9n se presentar\u00e1n las conclusiones del\u00a0<strong>estudio sobre el futuro de la oficina de farmacia<\/strong>, en el que han participado 500 farmac\u00e9uticos de Barcelona y Madrid.<br \/>\u00a0<br \/><strong>Programa<\/strong><br \/>\u2022\u00a0\u00a0 \u00a060 conferencias mesas redondas y aulas activas<br \/>\u2022\u00a0\u00a0 \u00a0100 ponentes<\/p>\n<p><strong>Previsi\u00f3n de visitantes y Exposici\u00f3n<\/strong><br \/>\u2022\u00a0\u00a0 \u00a023.000 profesionales<br \/>\u2022\u00a0\u00a0 \u00a02.000 congresistas<br \/>\u2022\u00a0\u00a0 \u00a0160 stands comerciales<\/p>\n<p><strong>Para m\u00e1s informaci\u00f3n<\/strong>:<br \/>Departamento de Comunicaci\u00f3n -Infarma 2013 Tel.93 244 07 28 \/ 18\u00a0<a href=\"mailto:premsa@cofb.net\">premsa@cofb.net<\/a><br \/>Sigue Infarma 2013 en Twitter:\u00a0<a href=\"https:\/\/twitter.com\/infarma_es\">https:\/\/twitter.com\/infarma_es<\/a><\/p>\n<p>\u00a0\u2022\u00a0Varios expertos debaten sobre la necesidad del cambio del papel del farmac\u00e9utico y esbozan una hoja de ruta para llegar al nuevo modelo de negocio de las oficinas de farmaciaBarcelona, 7 de marzo de 2013\u00a0&#8211; Bajo la premisa compartida de que hay que cambiar el modelo actual, varios expertos se han reunido en la mesa redonda &#8220;Crear producto para construir futuro para una farmacia profesional&#8221; con el fin de reflexionar cr\u00edticamente m\u00e1s all\u00e1 de los problemas acuciantes del sector. El debate se ha desarrollado en el marco del Congreso Europeo de Farmacia, Infarma 2013.&#8221;\u00bfQu\u00e9 necesita el ciudadano del siglo XXII? Es lo que tenemos que pensar, despu\u00e9s ya veremos qui\u00e9n lo paga. Si dejamos de lado el paradigma en el que el Estado lo paga todo, iremos en la direcci\u00f3n correcta&#8221; ha propuesto\u00a0Llu\u00eds Monset, director general de la Asociaci\u00f3n Catalana de Entidades de Salud, reclamando la necesidad de escuchar a la poblaci\u00f3n para afrontar el cambio.Por su parte,\u00a0David Elvira, director Regional de Relaciones Corporativas de Sanofi, ha instado a que el farmac\u00e9utico pase de la dispensaci\u00f3n a la actuaci\u00f3n y que se trabaje una nueva hoja de ruta basada en la informaci\u00f3n al paciente, protocolos para di\u00e1logos compartidos entre los agentes, incentivos y servicios adicionales al medicamento. Adem\u00e1s, ha sugerido que\u00a0&#8220;las oficinas de farmacia nos pueden ayudar en el diagn\u00f3stico, en la adherencia y en empoderar al paciente&#8221;. Y es que para \u00e9l, &#8220;la atenci\u00f3n farmac\u00e9utica es la base del nuevo modelo de negocio&#8221;.Ante la pregunta sobre la viabilidad del proceso de realizar un cambio,\u00a0Josep Maria Padrosa, director general de CatSalut ha contextualizado la situaci\u00f3n &#8220;destinamos 1.500 millones de euros al gasto farmac\u00e9utico. Lo primero que hay que pensar es que no es un gasto, sino una inversi\u00f3n porque seguro que podemos demostrar que esto nos ha ayudado a tener menor riesgo de diabetes o de accidente cardiovascular. En Catalu\u00f1a lo gestionan 3.106 oficinas de farmacia, tienes 905 centros de atenci\u00f3n primaria. Muchas farmacias est\u00e1n abiertas m\u00e1s horas que muchos centros de atenci\u00f3n primaria y tienen m\u00e1s visitas o contactos con pacientes. Hay cantidad de recursos que no se est\u00e1n optimizando&#8221;. Para \u00e9l, &#8220;futuro hay, la cuesti\u00f3n es c\u00f3mo evolucionamos el presente&#8221;.Monset\u00a0ha instado a los farmac\u00e9uticos a que &#8220;se inventen a ellos mismos para dar otro tipo de servicios a la ciudadan\u00eda&#8221; ante la situaci\u00f3n del sistema p\u00fablico que, &#8220;va a ir para atr\u00e1s, al menos en los pr\u00f3ximos diez a\u00f1os&#8221;. &#8220;El juego se ha terminado, pero el nuevo juego est\u00e1 por hacer. Descubramos este futuro entre todos&#8221;, ha concluido.En este sentido,\u00a0Padrosa\u00a0ha apoyado la necesidad de crear nuevas carteras de servicio remarcando &#8220;ten\u00e9is muchos huecos para cubrir, para ayudar a optimizar recursos. Probablemente el Estado no comprar\u00e1 toda la cartera, pero si estos servicios pueden solucionar algo en la oficina de farmacia, en lugar de tener que ir a urgencias, yo te lo voy a comprar&#8221;.\u2022\u00a0Fotograf\u00edes.\u00a0Veure [+]\u00a0Acerca de INFARMAEl XXV Congreso y Sal\u00f3n Europeo de Farmacia INFARMA, punto de encuentro del sector farmac\u00e9utico, tiene lugar del 5 al 7 de marzo en el recinto ferial de Montju\u00efc de Barcelona y est\u00e1 organizado por el Colegio de Farmac\u00e9uticos de Madrid y el Col\u2022legi de Farmac\u00e8utics de Barcelona con la colaboraci\u00f3n de Interalia. Los ejes de esta edici\u00f3n son temas de candente actualidad, como el\u00a0futuro de la profesi\u00f3n, las\u00a0colaboraciones interprofesionales\u00a0o elpapel del farmac\u00e9utico\u00a0como profesional de salud para\u00a0la detecci\u00f3n precoz de enfermedades. Tambi\u00e9n se presentar\u00e1n las conclusiones del\u00a0estudio sobre el futuro de la oficina de farmacia, en el que han participado 500 farmac\u00e9uticos de Barcelona y Madrid.\u00a0Programa\u2022\u00a0\u00a0 \u00a060 conferencias mesas redondas y aulas activas\u2022\u00a0\u00a0 \u00a0100 ponentesPrevisi\u00f3n de visitantes y Exposici\u00f3n\u2022\u00a0\u00a0 \u00a023.000 profesionales\u2022\u00a0\u00a0 \u00a02.000 congresistas\u2022\u00a0\u00a0 \u00a0160 stands comercialesPara m\u00e1s informaci\u00f3n:Departamento de Comunicaci\u00f3n -Infarma 2013 Tel.93 244 07 28 \/ 18\u00a0premsa@cofb.netSigue Infarma 2013 en Twitter:\u00a0https:\/\/twitter.com\/infarma_es\u00a0\u00a0COFB.ORG<\/p>\n","protected":false},"excerpt":{"rendered":"<p>\u00a0 \u2022\u00a0Varios expertos debaten sobre la necesidad del cambio del papel del farmac\u00e9utico y esbozan una hoja de ruta para llegar al nuevo modelo de negocio de las oficinas de farmacia Barcelona, 7 de marzo de 2013\u00a0&#8211; Bajo la premisa compartida de que hay que cambiar el modelo actual, varios [&hellip;]<\/p>\n","protected":false},"author":1,"featured_media":0,"comment_status":"","ping_status":"","sticky":false,"template":"","format":"standard","meta":{"_uag_custom_page_level_css":"","site-sidebar-layout":"default","site-content-layout":"","ast-site-content-layout":"default","site-content-style":"default","site-sidebar-style":"default","ast-global-header-display":"","ast-banner-title-visibility":"","ast-main-header-display":"","ast-hfb-above-header-display":"","ast-hfb-below-header-display":"","ast-hfb-mobile-header-display":"","site-post-title":"","ast-breadcrumbs-content":"","ast-featured-img":"disabled","footer-sml-layout":"","theme-transparent-header-meta":"","adv-header-id-meta":"","stick-header-meta":"","header-above-stick-meta":"","header-main-stick-meta":"","header-below-stick-meta":"","astra-migrate-meta-layouts":"default","ast-page-background-enabled":"default","ast-page-background-meta":{"desktop":{"background-color":"var(--ast-global-color-4)","background-image":"","background-repeat":"repeat","background-position":"center center","background-size":"auto","background-attachment":"scroll","background-type":"","background-media":"","overlay-type":"","overlay-color":"","overlay-opacity":"","overlay-gradient":""},"tablet":{"background-color":"","background-image":"","background-repeat":"repeat","background-position":"center center","background-size":"auto","background-attachment":"scroll","background-type":"","background-media":"","overlay-type":"","overlay-color":"","overlay-opacity":"","overlay-gradient":""},"mobile":{"background-color":"","background-image":"","background-repeat":"repeat","background-position":"center center","background-size":"auto","background-attachment":"scroll","background-type":"","background-media":"","overlay-type":"","overlay-color":"","overlay-opacity":"","overlay-gradient":""}},"ast-content-background-meta":{"desktop":{"background-color":"var(--ast-global-color-5)","background-image":"","background-repeat":"repeat","background-position":"center center","background-size":"auto","background-attachment":"scroll","background-type":"","background-media":"","overlay-type":"","overlay-color":"","overlay-opacity":"","overlay-gradient":""},"tablet":{"background-color":"var(--ast-global-color-5)","background-image":"","background-repeat":"repeat","background-position":"center center","background-size":"auto","background-attachment":"scroll","background-type":"","background-media":"","overlay-type":"","overlay-color":"","overlay-opacity":"","overlay-gradient":""},"mobile":{"background-color":"var(--ast-global-color-5)","background-image":"","background-repeat":"repeat","background-position":"center center","background-size":"auto","background-attachment":"scroll","background-type":"","background-media":"","overlay-type":"","overlay-color":"","overlay-opacity":"","overlay-gradient":""}},"footnotes":""},"categories":[1060,1066],"tags":[],"class_list":["post-77577","post","type-post","status-publish","format-standard","hentry","category-notes-premsa","category-sense-categoria-ca"],"yoast_head":"<!-- This site is optimized with the Yoast SEO plugin v22.4 - https:\/\/yoast.com\/wordpress\/plugins\/seo\/ -->\n<title>Una nueva cartera de servicios basada en las necesidades de los ciudadanos como eje del futuro de la farmacia profesional - Col\u00b7legi de Farmac\u00e8utics de Barcelona<\/title>\n<meta name=\"robots\" content=\"index, follow, max-snippet:-1, max-image-preview:large, max-video-preview:-1\" \/>\n<link rel=\"canonical\" href=\"https:\/\/novaorg.cofb.net\/2013\/03\/07\/una-nueva-cartera-de-servicios-basada-en-las-necesidades-de-los-ciudadanos-como-eje-del-futuro-de-la-farmacia-profesional\/\" \/>\n<meta property=\"og:locale\" content=\"ca_ES\" \/>\n<meta property=\"og:type\" content=\"article\" \/>\n<meta property=\"og:title\" content=\"Una nueva cartera de servicios basada en las necesidades de los ciudadanos como eje del futuro de la farmacia profesional - Col\u00b7legi de Farmac\u00e8utics de Barcelona\" \/>\n<meta property=\"og:description\" content=\"\u00a0 \u2022\u00a0Varios expertos debaten sobre la necesidad del cambio del papel del farmac\u00e9utico y esbozan una hoja de ruta para llegar al nuevo modelo de negocio de las oficinas de farmacia Barcelona, 7 de marzo de 2013\u00a0&#8211; Bajo la premisa compartida de que hay que cambiar el modelo actual, varios [&hellip;]\" \/>\n<meta property=\"og:url\" content=\"https:\/\/novaorg.cofb.net\/2013\/03\/07\/una-nueva-cartera-de-servicios-basada-en-las-necesidades-de-los-ciudadanos-como-eje-del-futuro-de-la-farmacia-profesional\/\" \/>\n<meta property=\"og:site_name\" content=\"Col\u00b7legi de Farmac\u00e8utics de Barcelona\" \/>\n<meta property=\"article:publisher\" content=\"https:\/\/www.facebook.com\/farmaceuticsbcn\/\" \/>\n<meta property=\"article:published_time\" content=\"2013-03-07T09:27:00+00:00\" \/>\n<meta name=\"author\" content=\"wpAdminCofbOrg\" \/>\n<meta name=\"twitter:card\" content=\"summary_large_image\" \/>\n<meta name=\"twitter:creator\" content=\"@farmaceuticsbcn\" \/>\n<meta name=\"twitter:site\" content=\"@farmaceuticsbcn\" \/>\n<meta name=\"twitter:label1\" content=\"Escrit per\" \/>\n\t<meta name=\"twitter:data1\" content=\"wpAdminCofbOrg\" \/>\n\t<meta name=\"twitter:label2\" content=\"Temps estimat de lectura\" \/>\n\t<meta name=\"twitter:data2\" content=\"7 minuts\" \/>\n<script type=\"application\/ld+json\" class=\"yoast-schema-graph\">{\"@context\":\"https:\/\/schema.org\",\"@graph\":[{\"@type\":\"Article\",\"@id\":\"https:\/\/novaorg.cofb.net\/2013\/03\/07\/una-nueva-cartera-de-servicios-basada-en-las-necesidades-de-los-ciudadanos-como-eje-del-futuro-de-la-farmacia-profesional\/#article\",\"isPartOf\":{\"@id\":\"https:\/\/novaorg.cofb.net\/2013\/03\/07\/una-nueva-cartera-de-servicios-basada-en-las-necesidades-de-los-ciudadanos-como-eje-del-futuro-de-la-farmacia-profesional\/\"},\"author\":{\"name\":\"wpAdminCofbOrg\",\"@id\":\"https:\/\/www.cofb.org\/#\/schema\/person\/22ed7eea88da74b0fa4d3154ad87ffcb\"},\"headline\":\"Una nueva cartera de servicios basada en las necesidades de los ciudadanos como eje del futuro de la farmacia profesional\",\"datePublished\":\"2013-03-07T09:27:00+00:00\",\"dateModified\":\"2013-03-07T09:27:00+00:00\",\"mainEntityOfPage\":{\"@id\":\"https:\/\/novaorg.cofb.net\/2013\/03\/07\/una-nueva-cartera-de-servicios-basada-en-las-necesidades-de-los-ciudadanos-como-eje-del-futuro-de-la-farmacia-profesional\/\"},\"wordCount\":1403,\"publisher\":{\"@id\":\"https:\/\/www.cofb.org\/#organization\"},\"articleSection\":[\"Notes de premsa\"],\"inLanguage\":\"ca\"},{\"@type\":\"WebPage\",\"@id\":\"https:\/\/novaorg.cofb.net\/2013\/03\/07\/una-nueva-cartera-de-servicios-basada-en-las-necesidades-de-los-ciudadanos-como-eje-del-futuro-de-la-farmacia-profesional\/\",\"url\":\"https:\/\/novaorg.cofb.net\/2013\/03\/07\/una-nueva-cartera-de-servicios-basada-en-las-necesidades-de-los-ciudadanos-como-eje-del-futuro-de-la-farmacia-profesional\/\",\"name\":\"Una nueva cartera de servicios basada en las necesidades de los ciudadanos como eje del futuro de la farmacia profesional - Col\u00b7legi de Farmac\u00e8utics de Barcelona\",\"isPartOf\":{\"@id\":\"https:\/\/www.cofb.org\/#website\"},\"datePublished\":\"2013-03-07T09:27:00+00:00\",\"dateModified\":\"2013-03-07T09:27:00+00:00\",\"breadcrumb\":{\"@id\":\"https:\/\/novaorg.cofb.net\/2013\/03\/07\/una-nueva-cartera-de-servicios-basada-en-las-necesidades-de-los-ciudadanos-como-eje-del-futuro-de-la-farmacia-profesional\/#breadcrumb\"},\"inLanguage\":\"ca\",\"potentialAction\":[{\"@type\":\"ReadAction\",\"target\":[\"https:\/\/novaorg.cofb.net\/2013\/03\/07\/una-nueva-cartera-de-servicios-basada-en-las-necesidades-de-los-ciudadanos-como-eje-del-futuro-de-la-farmacia-profesional\/\"]}]},{\"@type\":\"BreadcrumbList\",\"@id\":\"https:\/\/novaorg.cofb.net\/2013\/03\/07\/una-nueva-cartera-de-servicios-basada-en-las-necesidades-de-los-ciudadanos-como-eje-del-futuro-de-la-farmacia-profesional\/#breadcrumb\",\"itemListElement\":[{\"@type\":\"ListItem\",\"position\":1,\"name\":\"Inici\",\"item\":\"https:\/\/novaorg.cofb.net\/\"},{\"@type\":\"ListItem\",\"position\":2,\"name\":\"Una nueva cartera de servicios basada en las necesidades de los ciudadanos como eje del futuro de la farmacia profesional\"}]},{\"@type\":\"WebSite\",\"@id\":\"https:\/\/www.cofb.org\/#website\",\"url\":\"https:\/\/www.cofb.org\/\",\"name\":\"Col\u00b7legi de Farmac\u00e8utics de Barcelona\",\"description\":\"\",\"publisher\":{\"@id\":\"https:\/\/www.cofb.org\/#organization\"},\"potentialAction\":[{\"@type\":\"SearchAction\",\"target\":{\"@type\":\"EntryPoint\",\"urlTemplate\":\"https:\/\/www.cofb.org\/?s={search_term_string}\"},\"query-input\":\"required name=search_term_string\"}],\"inLanguage\":\"ca\"},{\"@type\":\"Organization\",\"@id\":\"https:\/\/www.cofb.org\/#organization\",\"name\":\"Col\u00b7legi de Farmac\u00e8utics de Barcelona\",\"url\":\"https:\/\/www.cofb.org\/\",\"logo\":{\"@type\":\"ImageObject\",\"inLanguage\":\"ca\",\"@id\":\"https:\/\/www.cofb.org\/#\/schema\/logo\/image\/\",\"url\":\"https:\/\/www.cofb.org\/wp-content\/uploads\/2023\/11\/cropped-Logotip-COFB.png\",\"contentUrl\":\"https:\/\/www.cofb.org\/wp-content\/uploads\/2023\/11\/cropped-Logotip-COFB.png\",\"width\":500,\"height\":105,\"caption\":\"Col\u00b7legi de Farmac\u00e8utics de Barcelona\"},\"image\":{\"@id\":\"https:\/\/www.cofb.org\/#\/schema\/logo\/image\/\"},\"sameAs\":[\"https:\/\/www.facebook.com\/farmaceuticsbcn\/\",\"https:\/\/twitter.com\/farmaceuticsbcn\",\"https:\/\/www.instagram.com\/farmaceuticsbcn\/\",\"https:\/\/www.linkedin.com\/company\/farmaceuticsbcn\/\"]},{\"@type\":\"Person\",\"@id\":\"https:\/\/www.cofb.org\/#\/schema\/person\/22ed7eea88da74b0fa4d3154ad87ffcb\",\"name\":\"wpAdminCofbOrg\",\"image\":{\"@type\":\"ImageObject\",\"inLanguage\":\"ca\",\"@id\":\"https:\/\/www.cofb.org\/#\/schema\/person\/image\/\",\"url\":\"https:\/\/secure.gravatar.com\/avatar\/1721b20b3b8ca882c3b56ec6c978c594fff670e40c0718e9190eaeeb76aae7d8?s=96&d=mm&r=g\",\"contentUrl\":\"https:\/\/secure.gravatar.com\/avatar\/1721b20b3b8ca882c3b56ec6c978c594fff670e40c0718e9190eaeeb76aae7d8?s=96&d=mm&r=g\",\"caption\":\"wpAdminCofbOrg\"},\"sameAs\":[\"http:\/\/192.168.64.122\/wordpress\"],\"url\":\"https:\/\/www.cofb.org\/ca\/author\/wpadmincofborg\/\"}]}<\/script>\n<!-- \/ Yoast SEO plugin. -->","yoast_head_json":{"title":"Una nueva cartera de servicios basada en las necesidades de los ciudadanos como eje del futuro de la farmacia profesional - Col\u00b7legi de Farmac\u00e8utics de Barcelona","robots":{"index":"index","follow":"follow","max-snippet":"max-snippet:-1","max-image-preview":"max-image-preview:large","max-video-preview":"max-video-preview:-1"},"canonical":"https:\/\/novaorg.cofb.net\/2013\/03\/07\/una-nueva-cartera-de-servicios-basada-en-las-necesidades-de-los-ciudadanos-como-eje-del-futuro-de-la-farmacia-profesional\/","og_locale":"ca_ES","og_type":"article","og_title":"Una nueva cartera de servicios basada en las necesidades de los ciudadanos como eje del futuro de la farmacia profesional - Col\u00b7legi de Farmac\u00e8utics de Barcelona","og_description":"\u00a0 \u2022\u00a0Varios expertos debaten sobre la necesidad del cambio del papel del farmac\u00e9utico y esbozan una hoja de ruta para llegar al nuevo modelo de negocio de las oficinas de farmacia Barcelona, 7 de marzo de 2013\u00a0&#8211; Bajo la premisa compartida de que hay que cambiar el modelo actual, varios [&hellip;]","og_url":"https:\/\/novaorg.cofb.net\/2013\/03\/07\/una-nueva-cartera-de-servicios-basada-en-las-necesidades-de-los-ciudadanos-como-eje-del-futuro-de-la-farmacia-profesional\/","og_site_name":"Col\u00b7legi de Farmac\u00e8utics de Barcelona","article_publisher":"https:\/\/www.facebook.com\/farmaceuticsbcn\/","article_published_time":"2013-03-07T09:27:00+00:00","author":"wpAdminCofbOrg","twitter_card":"summary_large_image","twitter_creator":"@farmaceuticsbcn","twitter_site":"@farmaceuticsbcn","twitter_misc":{"Escrit per":"wpAdminCofbOrg","Temps estimat de lectura":"7 minuts"},"schema":{"@context":"https:\/\/schema.org","@graph":[{"@type":"Article","@id":"https:\/\/novaorg.cofb.net\/2013\/03\/07\/una-nueva-cartera-de-servicios-basada-en-las-necesidades-de-los-ciudadanos-como-eje-del-futuro-de-la-farmacia-profesional\/#article","isPartOf":{"@id":"https:\/\/novaorg.cofb.net\/2013\/03\/07\/una-nueva-cartera-de-servicios-basada-en-las-necesidades-de-los-ciudadanos-como-eje-del-futuro-de-la-farmacia-profesional\/"},"author":{"name":"wpAdminCofbOrg","@id":"https:\/\/www.cofb.org\/#\/schema\/person\/22ed7eea88da74b0fa4d3154ad87ffcb"},"headline":"Una nueva cartera de servicios basada en las necesidades de los ciudadanos como eje del futuro de la farmacia profesional","datePublished":"2013-03-07T09:27:00+00:00","dateModified":"2013-03-07T09:27:00+00:00","mainEntityOfPage":{"@id":"https:\/\/novaorg.cofb.net\/2013\/03\/07\/una-nueva-cartera-de-servicios-basada-en-las-necesidades-de-los-ciudadanos-como-eje-del-futuro-de-la-farmacia-profesional\/"},"wordCount":1403,"publisher":{"@id":"https:\/\/www.cofb.org\/#organization"},"articleSection":["Notes de premsa"],"inLanguage":"ca"},{"@type":"WebPage","@id":"https:\/\/novaorg.cofb.net\/2013\/03\/07\/una-nueva-cartera-de-servicios-basada-en-las-necesidades-de-los-ciudadanos-como-eje-del-futuro-de-la-farmacia-profesional\/","url":"https:\/\/novaorg.cofb.net\/2013\/03\/07\/una-nueva-cartera-de-servicios-basada-en-las-necesidades-de-los-ciudadanos-como-eje-del-futuro-de-la-farmacia-profesional\/","name":"Una nueva cartera de servicios basada en las necesidades de los ciudadanos como eje del futuro de la farmacia profesional - Col\u00b7legi de Farmac\u00e8utics de Barcelona","isPartOf":{"@id":"https:\/\/www.cofb.org\/#website"},"datePublished":"2013-03-07T09:27:00+00:00","dateModified":"2013-03-07T09:27:00+00:00","breadcrumb":{"@id":"https:\/\/novaorg.cofb.net\/2013\/03\/07\/una-nueva-cartera-de-servicios-basada-en-las-necesidades-de-los-ciudadanos-como-eje-del-futuro-de-la-farmacia-profesional\/#breadcrumb"},"inLanguage":"ca","potentialAction":[{"@type":"ReadAction","target":["https:\/\/novaorg.cofb.net\/2013\/03\/07\/una-nueva-cartera-de-servicios-basada-en-las-necesidades-de-los-ciudadanos-como-eje-del-futuro-de-la-farmacia-profesional\/"]}]},{"@type":"BreadcrumbList","@id":"https:\/\/novaorg.cofb.net\/2013\/03\/07\/una-nueva-cartera-de-servicios-basada-en-las-necesidades-de-los-ciudadanos-como-eje-del-futuro-de-la-farmacia-profesional\/#breadcrumb","itemListElement":[{"@type":"ListItem","position":1,"name":"Inici","item":"https:\/\/novaorg.cofb.net\/"},{"@type":"ListItem","position":2,"name":"Una nueva cartera de servicios basada en las necesidades de los ciudadanos como eje del futuro de la farmacia profesional"}]},{"@type":"WebSite","@id":"https:\/\/www.cofb.org\/#website","url":"https:\/\/www.cofb.org\/","name":"Col\u00b7legi de Farmac\u00e8utics de Barcelona","description":"","publisher":{"@id":"https:\/\/www.cofb.org\/#organization"},"potentialAction":[{"@type":"SearchAction","target":{"@type":"EntryPoint","urlTemplate":"https:\/\/www.cofb.org\/?s={search_term_string}"},"query-input":"required name=search_term_string"}],"inLanguage":"ca"},{"@type":"Organization","@id":"https:\/\/www.cofb.org\/#organization","name":"Col\u00b7legi de Farmac\u00e8utics de Barcelona","url":"https:\/\/www.cofb.org\/","logo":{"@type":"ImageObject","inLanguage":"ca","@id":"https:\/\/www.cofb.org\/#\/schema\/logo\/image\/","url":"https:\/\/www.cofb.org\/wp-content\/uploads\/2023\/11\/cropped-Logotip-COFB.png","contentUrl":"https:\/\/www.cofb.org\/wp-content\/uploads\/2023\/11\/cropped-Logotip-COFB.png","width":500,"height":105,"caption":"Col\u00b7legi de Farmac\u00e8utics de Barcelona"},"image":{"@id":"https:\/\/www.cofb.org\/#\/schema\/logo\/image\/"},"sameAs":["https:\/\/www.facebook.com\/farmaceuticsbcn\/","https:\/\/twitter.com\/farmaceuticsbcn","https:\/\/www.instagram.com\/farmaceuticsbcn\/","https:\/\/www.linkedin.com\/company\/farmaceuticsbcn\/"]},{"@type":"Person","@id":"https:\/\/www.cofb.org\/#\/schema\/person\/22ed7eea88da74b0fa4d3154ad87ffcb","name":"wpAdminCofbOrg","image":{"@type":"ImageObject","inLanguage":"ca","@id":"https:\/\/www.cofb.org\/#\/schema\/person\/image\/","url":"https:\/\/secure.gravatar.com\/avatar\/1721b20b3b8ca882c3b56ec6c978c594fff670e40c0718e9190eaeeb76aae7d8?s=96&d=mm&r=g","contentUrl":"https:\/\/secure.gravatar.com\/avatar\/1721b20b3b8ca882c3b56ec6c978c594fff670e40c0718e9190eaeeb76aae7d8?s=96&d=mm&r=g","caption":"wpAdminCofbOrg"},"sameAs":["http:\/\/192.168.64.122\/wordpress"],"url":"https:\/\/www.cofb.org\/ca\/author\/wpadmincofborg\/"}]}},"uagb_featured_image_src":{"full":false,"thumbnail":false,"medium":false,"medium_large":false,"large":false,"1536x1536":false,"2048x2048":false,"trp-custom-language-flag":false},"uagb_author_info":{"display_name":"wpAdminCofbOrg","author_link":"https:\/\/www.cofb.org\/ca\/author\/wpadmincofborg\/"},"uagb_comment_info":0,"uagb_excerpt":"\u00a0 \u2022\u00a0Varios expertos debaten sobre la necesidad del cambio del papel del farmac\u00e9utico y esbozan una hoja de ruta para llegar al nuevo modelo de negocio de las oficinas de farmacia Barcelona, 7 de marzo de 2013\u00a0&#8211; Bajo la premisa compartida de que hay que cambiar el modelo actual, varios [&hellip;]","_links":{"self":[{"href":"https:\/\/www.cofb.org\/ca\/wp-json\/wp\/v2\/posts\/77577","targetHints":{"allow":["GET"]}}],"collection":[{"href":"https:\/\/www.cofb.org\/ca\/wp-json\/wp\/v2\/posts"}],"about":[{"href":"https:\/\/www.cofb.org\/ca\/wp-json\/wp\/v2\/types\/post"}],"author":[{"embeddable":true,"href":"https:\/\/www.cofb.org\/ca\/wp-json\/wp\/v2\/users\/1"}],"replies":[{"embeddable":true,"href":"https:\/\/www.cofb.org\/ca\/wp-json\/wp\/v2\/comments?post=77577"}],"version-history":[{"count":0,"href":"https:\/\/www.cofb.org\/ca\/wp-json\/wp\/v2\/posts\/77577\/revisions"}],"wp:attachment":[{"href":"https:\/\/www.cofb.org\/ca\/wp-json\/wp\/v2\/media?parent=77577"}],"wp:term":[{"taxonomy":"category","embeddable":true,"href":"https:\/\/www.cofb.org\/ca\/wp-json\/wp\/v2\/categories?post=77577"},{"taxonomy":"post_tag","embeddable":true,"href":"https:\/\/www.cofb.org\/ca\/wp-json\/wp\/v2\/tags?post=77577"}],"curies":[{"name":"wp","href":"https:\/\/api.w.org\/{rel}","templated":true}]}}