{"id":77565,"date":"2013-03-26T17:42:00","date_gmt":"2013-03-26T17:42:00","guid":{"rendered":"https:\/\/novaorg.cofb.net\/2013\/03\/26\/comunicat-del-consell-de-collegis-de-farmaceutics-patronals-i-empreses-de-tecnologia-sanitaria-en-protesta-pels-impagaments-de-ladministracio\/"},"modified":"2013-03-26T17:42:00","modified_gmt":"2013-03-26T17:42:00","slug":"comunicat-del-consell-de-collegis-de-farmaceutics-patronals-i-empreses-de-tecnologia-sanitaria-en-protesta-pels-impagaments-de-ladministracio","status":"publish","type":"post","link":"https:\/\/www.cofb.org\/ca\/2013\/03\/26\/comunicat-del-consell-de-collegis-de-farmaceutics-patronals-i-empreses-de-tecnologia-sanitaria-en-protesta-pels-impagaments-de-ladministracio\/","title":{"rendered":"Comunicat del Consell de Col\u00b7legis de Farmac\u00e8utics, patronals i empreses de tecnologia sanit\u00e0ria en protesta pels impagaments de l&#8217;Administraci\u00f3"},"content":{"rendered":"<p>\u00a0<\/p>\n<p align=\"justify\">Davant les dificultats de tresoreria de la Generalitat i els conseq\u00fcents endarreriments en els pagaments a les entitats prove\u00efdores dels sectors de salut i d\u2019atenci\u00f3 a la depend\u00e8ncia que aquestes provoquen, les patronals Consorci de Salut i Social de Catalunya, Uni\u00f3 Catalana d\u2019Hospitals, el Consell de Col\u00b7legi de Farmac\u00e8utics de Catalunya, Fenin Catalunya, Associaci\u00f3 Catalana d\u2019Entitats de Salut (ACES) i ACRA\u00a0<strong>volem posar de manifest<\/strong>\u00a0el seg\u00fcent:<\/p>\n<blockquote dir=\"ltr\">\n<p align=\"justify\">\u2022 Durant el 2012 i 2013 el CatSalut ha deixat de fer efectius 840 milions d\u2019euros (equivalent al 190% de la facturaci\u00f3 mensual) a les entitats sanit\u00e0ries i, a efectes de terminis, ha passat de pagar a 90 dies a fer-ho a 150. Per la seva banda, el Departament de Benestar Social i Fam\u00edlia deu 280 milions d\u2019euros a les entitats socials per l\u2019activitat corresponent al 2012. D\u2019aquesta xifra, 70 milions d\u2019euros corresponen a l\u2019impagament del total de la factura del mes de juliol. Pel que fa a la prestaci\u00f3 farmac\u00e8utica, el deute de l\u2019administraci\u00f3 amb les farm\u00e0cies \u00e9s, en aquests moments, de 270 milions d\u2019euros (270% de la facturaci\u00f3 mensual), el que comporta el tercer endarreriment addicional des del 2011 respecte a la data de pagament establerta en el concert.<\/p>\n<p align=\"justify\">\u2022 El cost financer d\u2019aquests endarreriments s\u2019estima en 38 milions d\u2019euros en interessos, fet agreujat en el cas de les entitats prove\u00efdores de serveis de salut i socials per m\u00e9s de 106 milions de costos suplementaris com a conseq\u00fc\u00e8ncia dels successius increments de l\u2019IVA i la sent\u00e8ncia del Tribunal de Just\u00edcia de la Uni\u00f3 Europea respecte a l\u2019IVA aplicable al material sanitari i equipament m\u00e8dic.<\/p>\n<p align=\"justify\">\u2022 Aquesta situaci\u00f3 posa en greu risc la sufici\u00e8ncia financera de les entitats i farm\u00e0cies, que es troben al l\u00edmit de disposici\u00f3 de les seves p\u00f2lisses de cr\u00e8dit i moltes dificultats per a ampliar-les. Aquestes dificultats es traslladen tamb\u00e9 a les empreses prove\u00efdores de b\u00e9ns i serveis, que han vist allargats els seus per\u00edodes de cobrament, passant en promig a ser de fins a 290 dies en aquests moments, posant en risc la seva pr\u00f2pia continu\u00eftat i superviv\u00e8ncia.<\/p>\n<\/blockquote>\n<p align=\"justify\">Entenent que aquesta situaci\u00f3 excepcional s\u2019emmarca en un context d\u2019un greu problema de disponibilitat financera i de tresoreria del pa\u00eds que impossibilita fer front a les obligacions de la Generalitat amb els seus prove\u00efdors,\u00a0<strong>volem fer pal\u00e8s<\/strong>:<\/p>\n<blockquote dir=\"ltr\">\n<p align=\"justify\">\u2022 Els sectors de la salut i d\u2019atenci\u00f3 a la depend\u00e8ncia constitueixen un pilar fonamental per a l\u2019estat del benestar i la cohesi\u00f3 social, i presten uns serveis p\u00fablics b\u00e0sics i essencials als ciutadans<\/p>\n<p align=\"justify\">\u2022 El model sanitari catal\u00e0, en el que la provisi\u00f3 de serveis s\u2019articula mitjan\u00e7ant entitats concertades, i el model d\u2019atenci\u00f3 a la depend\u00e8ncia, en el que la provisi\u00f3 de serveis s\u2019articula mitjan\u00e7ant entitats acreditades, col\u00b7laboradores i concertades, i que apleguen tant entitats sense \u00e0nim de lucre -p\u00fabliques o privades- com a entitats mercantils, o com en el\u00a0<br \/>cas de les farm\u00e0cies, de professionals aut\u00f2noms, \u00e9s un model d\u2019\u00e8xit que cal preservar, com demostren els seus resultats en salut i efici\u00e8ncia.<\/p>\n<p align=\"justify\">\u2022 Dins l&#8217;economia catalana, aquests sectors tenen una posici\u00f3 capdavantera en termes de generaci\u00f3 de valor afegit i ocupaci\u00f3. El sector sanitari ocupa a 100.000 professionals que donen servei a tota la poblaci\u00f3 de Catalunya, representa el 5,6% del PIB de Catalunya i t\u00e9 un factor multiplicador d\u20191,31.<\/p>\n<p align=\"justify\">Per la seva banda, els prove\u00efdors de serveis d\u2019atenci\u00f3 a la depend\u00e8ncia, que s\u2019agrupen en 1.100 centres (16.023 places de centre de dia i m\u00e9s de 60.000 places residencials) ocupen m\u00e9s de 50.000 professionals que presten m\u00e9s de 204.235 serveis a m\u00e9s de 158.500 usuaris.<\/p>\n<p align=\"justify\">Pel que fa al sector farmac\u00e8utic, les 3.100 farm\u00e0cies i les 116 farmacioles distribu\u00efdes per tot el territori, ocupen a 10.000 professionals sanitaris, que ofereixen di\u00e0riament el servei d\u2019atenci\u00f3 farm\u00e0cia a 180.000 usuaris provinent del sistema p\u00fablic de salut.<\/p>\n<p align=\"justify\">No es pot menystenir tampoc la rellev\u00e0ncia que aquests sectors demostren en l\u2019\u00e0mbit de la innovaci\u00f3 i recerca biom\u00e8dica, aix\u00ed com en el \u00fas de les TiC en l\u2019\u00e0mbit sanitari, on s\u00f3n capdavanters a nivell de l\u2019Estat.<\/p>\n<p align=\"justify\">\u2022 Cal posar en valor l\u2019exercici de responsabilitat tant de les entitats com dels seus professionals, que malgrat les dificultats i el context excepcionalment complex, continuen donant uns serveis d\u2019alta qualitat, atenent als ciutadans i usuaris amb una veritable vocaci\u00f3 de servei p\u00fablic.<\/p>\n<\/blockquote>\n<p align=\"justify\">Davant d\u2019aquesta situaci\u00f3, des de les patronals Uni\u00f3 Catalana d\u2019Hospitals, Consorci de Salut i Social de Catalunya, el Consell de Col\u00b7legis de Farmac\u00e8utics de Catalunya , Fenin, Associaci\u00f3 Catalana d\u2019Entitats de Salut (ACES) i ACRA\u00a0<strong>sol\u00b7licitem<\/strong>:<\/p>\n<blockquote dir=\"ltr\">\n<p align=\"justify\">\u2022 Al\u00a0<strong>Govern de la Generalitat de Catalunya<\/strong>:<\/p>\n<blockquote dir=\"ltr\">\n<p align=\"justify\">&#8211;\u00a0que en una situaci\u00f3 de manca de disponibilitat financera, prioritzi el dest\u00ed dels recursos disponibles a les entitats prove\u00efdores dels sistemes p\u00fablics de salut i d\u2019atenci\u00f3 a la depend\u00e8ncia, que proporcionen serveis b\u00e0sics al conjunt de la poblaci\u00f3.<\/p>\n<p align=\"justify\">&#8211;\u00a0que les pol\u00edtiques departamentals avancin coordinadament per assolir les necess\u00e0ries reformes estructurals que millorin l\u2019efici\u00e8ncia del sistema tot garantint la qualitat, i facin efectius els endarreriments pendents.<\/p>\n<\/blockquote>\n<p align=\"justify\">\u2022\u00a0Al\u00a0<strong>Govern de l\u2019Estat<\/strong>, que atengui l\u2019adequat finan\u00e7ament de les Comunitats Aut\u00f2nomes per garantir la correcta provisi\u00f3 d\u2019aquests serveis<\/p>\n<p align=\"justify\">\u2022 Al\u00a0<strong>Parlament de Catalunya i als Partits Pol\u00edtics<\/strong>, que arribin als necessaris acords econ\u00f2mics i pol\u00edtics per tal de garantir l\u2019estabilitat, la sostenibilitat i el futur d\u2019aquests sectors, preservant-los de la confrontaci\u00f3 partidista.\u00a0<\/p>\n<\/blockquote>\n<p dir=\"ltr\" align=\"justify\"><strong>Per a m\u00e9s informaci\u00f3<\/strong>:\u00a0<br \/>Departament de Comunicaci\u00f3 Consell de Col\u00b7legis Farmac\u00e8utics de Catalunya\u00a0<br \/>93 244 07 28 \/ 18 \/\u00a0<a href=\"mailto:premsa@cofb.net\">premsa@cofb.net<\/a>\u00a0<br \/>Twitter Consell:\u00a0<a target=\"_blank\" href=\"http:\/\/twitter.com\/ccfcat\" rel=\"noopener\">twitter.com\/ccfcat<\/a>\u00a0<\/p>\n<p>\u00a0Davant les dificultats de tresoreria de la Generalitat i els conseq\u00fcents endarreriments en els pagaments a les entitats prove\u00efdores dels sectors de salut i d\u2019atenci\u00f3 a la depend\u00e8ncia que aquestes provoquen, les patronals Consorci de Salut i Social de Catalunya, Uni\u00f3 Catalana d\u2019Hospitals, el Consell de Col\u00b7legi de Farmac\u00e8utics de Catalunya, Fenin Catalunya, Associaci\u00f3 Catalana d\u2019Entitats de Salut (ACES) i ACRA\u00a0volem posar de manifest\u00a0el seg\u00fcent:\u2022 Durant el 2012 i 2013 el CatSalut ha deixat de fer efectius 840 milions d\u2019euros (equivalent al 190% de la facturaci\u00f3 mensual) a les entitats sanit\u00e0ries i, a efectes de terminis, ha passat de pagar a 90 dies a fer-ho a 150. Per la seva banda, el Departament de Benestar Social i Fam\u00edlia deu 280 milions d\u2019euros a les entitats socials per l\u2019activitat corresponent al 2012. D\u2019aquesta xifra, 70 milions d\u2019euros corresponen a l\u2019impagament del total de la factura del mes de juliol. Pel que fa a la prestaci\u00f3 farmac\u00e8utica, el deute de l\u2019administraci\u00f3 amb les farm\u00e0cies \u00e9s, en aquests moments, de 270 milions d\u2019euros (270% de la facturaci\u00f3 mensual), el que comporta el tercer endarreriment addicional des del 2011 respecte a la data de pagament establerta en el concert.\u2022 El cost financer d\u2019aquests endarreriments s\u2019estima en 38 milions d\u2019euros en interessos, fet agreujat en el cas de les entitats prove\u00efdores de serveis de salut i socials per m\u00e9s de 106 milions de costos suplementaris com a conseq\u00fc\u00e8ncia dels successius increments de l\u2019IVA i la sent\u00e8ncia del Tribunal de Just\u00edcia de la Uni\u00f3 Europea respecte a l\u2019IVA aplicable al material sanitari i equipament m\u00e8dic.\u2022 Aquesta situaci\u00f3 posa en greu risc la sufici\u00e8ncia financera de les entitats i farm\u00e0cies, que es troben al l\u00edmit de disposici\u00f3 de les seves p\u00f2lisses de cr\u00e8dit i moltes dificultats per a ampliar-les. Aquestes dificultats es traslladen tamb\u00e9 a les empreses prove\u00efdores de b\u00e9ns i serveis, que han vist allargats els seus per\u00edodes de cobrament, passant en promig a ser de fins a 290 dies en aquests moments, posant en risc la seva pr\u00f2pia continu\u00eftat i superviv\u00e8ncia.Entenent que aquesta situaci\u00f3 excepcional s\u2019emmarca en un context d\u2019un greu problema de disponibilitat financera i de tresoreria del pa\u00eds que impossibilita fer front a les obligacions de la Generalitat amb els seus prove\u00efdors,\u00a0volem fer pal\u00e8s:\u2022 Els sectors de la salut i d\u2019atenci\u00f3 a la depend\u00e8ncia constitueixen un pilar fonamental per a l\u2019estat del benestar i la cohesi\u00f3 social, i presten uns serveis p\u00fablics b\u00e0sics i essencials als ciutadans\u2022 El model sanitari catal\u00e0, en el que la provisi\u00f3 de serveis s\u2019articula mitjan\u00e7ant entitats concertades, i el model d\u2019atenci\u00f3 a la depend\u00e8ncia, en el que la provisi\u00f3 de serveis s\u2019articula mitjan\u00e7ant entitats acreditades, col\u00b7laboradores i concertades, i que apleguen tant entitats sense \u00e0nim de lucre -p\u00fabliques o privades- com a entitats mercantils, o com en el\u00a0cas de les farm\u00e0cies, de professionals aut\u00f2noms, \u00e9s un model d\u2019\u00e8xit que cal preservar, com demostren els seus resultats en salut i efici\u00e8ncia.\u2022 Dins l&#8217;economia catalana, aquests sectors tenen una posici\u00f3 capdavantera en termes de generaci\u00f3 de valor afegit i ocupaci\u00f3. El sector sanitari ocupa a 100.000 professionals que donen servei a tota la poblaci\u00f3 de Catalunya, representa el 5,6% del PIB de Catalunya i t\u00e9 un factor multiplicador d\u20191,31.Per la seva banda, els prove\u00efdors de serveis d\u2019atenci\u00f3 a la depend\u00e8ncia, que s\u2019agrupen en 1.100 centres (16.023 places de centre de dia i m\u00e9s de 60.000 places residencials) ocupen m\u00e9s de 50.000 professionals que presten m\u00e9s de 204.235 serveis a m\u00e9s de 158.500 usuaris.Pel que fa al sector farmac\u00e8utic, les 3.100 farm\u00e0cies i les 116 farmacioles distribu\u00efdes per tot el territori, ocupen a 10.000 professionals sanitaris, que ofereixen di\u00e0riament el servei d\u2019atenci\u00f3 farm\u00e0cia a 180.000 usuaris provinent del sistema p\u00fablic de salut.No es pot menystenir tampoc la rellev\u00e0ncia que aquests sectors demostren en l\u2019\u00e0mbit de la innovaci\u00f3 i recerca biom\u00e8dica, aix\u00ed com en el \u00fas de les TiC en l\u2019\u00e0mbit sanitari, on s\u00f3n capdavanters a nivell de l\u2019Estat.\u2022 Cal posar en valor l\u2019exercici de responsabilitat tant de les entitats com dels seus professionals, que malgrat les dificultats i el context excepcionalment complex, continuen donant uns serveis d\u2019alta qualitat, atenent als ciutadans i usuaris amb una veritable vocaci\u00f3 de servei p\u00fablic.Davant d\u2019aquesta situaci\u00f3, des de les patronals Uni\u00f3 Catalana d\u2019Hospitals, Consorci de Salut i Social de Catalunya, el Consell de Col\u00b7legis de Farmac\u00e8utics de Catalunya , Fenin, Associaci\u00f3 Catalana d\u2019Entitats de Salut (ACES) i ACRA\u00a0sol\u00b7licitem:\u2022 Al\u00a0Govern de la Generalitat de Catalunya:-\u00a0que en una situaci\u00f3 de manca de disponibilitat financera, prioritzi el dest\u00ed dels recursos disponibles a les entitats prove\u00efdores dels sistemes p\u00fablics de salut i d\u2019atenci\u00f3 a la depend\u00e8ncia, que proporcionen serveis b\u00e0sics al conjunt de la poblaci\u00f3.-\u00a0que les pol\u00edtiques departamentals avancin coordinadament per assolir les necess\u00e0ries reformes estructurals que millorin l\u2019efici\u00e8ncia del sistema tot garantint la qualitat, i facin efectius els endarreriments pendents.\u2022\u00a0Al\u00a0Govern de l\u2019Estat, que atengui l\u2019adequat finan\u00e7ament de les Comunitats Aut\u00f2nomes per garantir la correcta provisi\u00f3 d\u2019aquests serveis\u2022 Al\u00a0Parlament de Catalunya i als Partits Pol\u00edtics, que arribin als necessaris acords econ\u00f2mics i pol\u00edtics per tal de garantir l\u2019estabilitat, la sostenibilitat i el futur d\u2019aquests sectors, preservant-los de la confrontaci\u00f3 partidista.\u00a0Per a m\u00e9s informaci\u00f3:\u00a0Departament de Comunicaci\u00f3 Consell de Col\u00b7legis Farmac\u00e8utics de Catalunya\u00a093 244 07 28 \/ 18 \/\u00a0premsa@cofb.net\u00a0Twitter Consell:\u00a0twitter.com\/ccfcat\u00a0\u00a0\u00a0COFB.ORG<\/p>\n","protected":false},"excerpt":{"rendered":"<p>\u00a0 Davant les dificultats de tresoreria de la Generalitat i els conseq\u00fcents endarreriments en els pagaments a les entitats prove\u00efdores dels sectors de salut i d\u2019atenci\u00f3 a la depend\u00e8ncia que aquestes provoquen, les patronals Consorci de Salut i Social de Catalunya, Uni\u00f3 Catalana d\u2019Hospitals, el Consell de Col\u00b7legi de Farmac\u00e8utics [&hellip;]<\/p>\n","protected":false},"author":1,"featured_media":0,"comment_status":"","ping_status":"","sticky":false,"template":"","format":"standard","meta":{"_uag_custom_page_level_css":"","site-sidebar-layout":"default","site-content-layout":"","ast-site-content-layout":"default","site-content-style":"default","site-sidebar-style":"default","ast-global-header-display":"","ast-banner-title-visibility":"","ast-main-header-display":"","ast-hfb-above-header-display":"","ast-hfb-below-header-display":"","ast-hfb-mobile-header-display":"","site-post-title":"","ast-breadcrumbs-content":"","ast-featured-img":"disabled","footer-sml-layout":"","theme-transparent-header-meta":"","adv-header-id-meta":"","stick-header-meta":"","header-above-stick-meta":"","header-main-stick-meta":"","header-below-stick-meta":"","astra-migrate-meta-layouts":"default","ast-page-background-enabled":"default","ast-page-background-meta":{"desktop":{"background-color":"var(--ast-global-color-4)","background-image":"","background-repeat":"repeat","background-position":"center center","background-size":"auto","background-attachment":"scroll","background-type":"","background-media":"","overlay-type":"","overlay-color":"","overlay-opacity":"","overlay-gradient":""},"tablet":{"background-color":"","background-image":"","background-repeat":"repeat","background-position":"center center","background-size":"auto","background-attachment":"scroll","background-type":"","background-media":"","overlay-type":"","overlay-color":"","overlay-opacity":"","overlay-gradient":""},"mobile":{"background-color":"","background-image":"","background-repeat":"repeat","background-position":"center center","background-size":"auto","background-attachment":"scroll","background-type":"","background-media":"","overlay-type":"","overlay-color":"","overlay-opacity":"","overlay-gradient":""}},"ast-content-background-meta":{"desktop":{"background-color":"var(--ast-global-color-5)","background-image":"","background-repeat":"repeat","background-position":"center center","background-size":"auto","background-attachment":"scroll","background-type":"","background-media":"","overlay-type":"","overlay-color":"","overlay-opacity":"","overlay-gradient":""},"tablet":{"background-color":"var(--ast-global-color-5)","background-image":"","background-repeat":"repeat","background-position":"center center","background-size":"auto","background-attachment":"scroll","background-type":"","background-media":"","overlay-type":"","overlay-color":"","overlay-opacity":"","overlay-gradient":""},"mobile":{"background-color":"var(--ast-global-color-5)","background-image":"","background-repeat":"repeat","background-position":"center center","background-size":"auto","background-attachment":"scroll","background-type":"","background-media":"","overlay-type":"","overlay-color":"","overlay-opacity":"","overlay-gradient":""}},"footnotes":""},"categories":[1060,1066],"tags":[],"class_list":["post-77565","post","type-post","status-publish","format-standard","hentry","category-notes-premsa","category-sense-categoria-ca"],"yoast_head":"<!-- This site is optimized with the Yoast SEO plugin v22.4 - https:\/\/yoast.com\/wordpress\/plugins\/seo\/ -->\n<title>Comunicat del Consell de Col\u00b7legis de Farmac\u00e8utics, patronals i empreses de tecnologia sanit\u00e0ria en protesta pels impagaments de l&#039;Administraci\u00f3 - Col\u00b7legi de Farmac\u00e8utics de Barcelona<\/title>\n<meta name=\"robots\" content=\"index, follow, max-snippet:-1, max-image-preview:large, max-video-preview:-1\" \/>\n<link rel=\"canonical\" href=\"https:\/\/novaorg.cofb.net\/2013\/03\/26\/comunicat-del-consell-de-collegis-de-farmaceutics-patronals-i-empreses-de-tecnologia-sanitaria-en-protesta-pels-impagaments-de-ladministracio\/\" \/>\n<meta property=\"og:locale\" content=\"ca_ES\" \/>\n<meta property=\"og:type\" content=\"article\" \/>\n<meta property=\"og:title\" content=\"Comunicat del Consell de Col\u00b7legis de Farmac\u00e8utics, patronals i empreses de tecnologia sanit\u00e0ria en protesta pels impagaments de l&#039;Administraci\u00f3 - Col\u00b7legi de Farmac\u00e8utics de Barcelona\" \/>\n<meta property=\"og:description\" content=\"\u00a0 Davant les dificultats de tresoreria de la Generalitat i els conseq\u00fcents endarreriments en els pagaments a les entitats prove\u00efdores dels sectors de salut i d\u2019atenci\u00f3 a la depend\u00e8ncia que aquestes provoquen, les patronals Consorci de Salut i Social de Catalunya, Uni\u00f3 Catalana d\u2019Hospitals, el Consell de Col\u00b7legi de Farmac\u00e8utics [&hellip;]\" \/>\n<meta property=\"og:url\" content=\"https:\/\/novaorg.cofb.net\/2013\/03\/26\/comunicat-del-consell-de-collegis-de-farmaceutics-patronals-i-empreses-de-tecnologia-sanitaria-en-protesta-pels-impagaments-de-ladministracio\/\" \/>\n<meta property=\"og:site_name\" content=\"Col\u00b7legi de Farmac\u00e8utics de Barcelona\" \/>\n<meta property=\"article:publisher\" content=\"https:\/\/www.facebook.com\/farmaceuticsbcn\/\" \/>\n<meta property=\"article:published_time\" content=\"2013-03-26T17:42:00+00:00\" \/>\n<meta name=\"author\" content=\"wpAdminCofbOrg\" \/>\n<meta name=\"twitter:card\" content=\"summary_large_image\" \/>\n<meta name=\"twitter:creator\" content=\"@farmaceuticsbcn\" \/>\n<meta name=\"twitter:site\" content=\"@farmaceuticsbcn\" \/>\n<meta name=\"twitter:label1\" content=\"Escrit per\" \/>\n\t<meta name=\"twitter:data1\" content=\"wpAdminCofbOrg\" \/>\n\t<meta name=\"twitter:label2\" content=\"Temps estimat de lectura\" \/>\n\t<meta name=\"twitter:data2\" content=\"10 minuts\" \/>\n<script type=\"application\/ld+json\" class=\"yoast-schema-graph\">{\"@context\":\"https:\/\/schema.org\",\"@graph\":[{\"@type\":\"Article\",\"@id\":\"https:\/\/novaorg.cofb.net\/2013\/03\/26\/comunicat-del-consell-de-collegis-de-farmaceutics-patronals-i-empreses-de-tecnologia-sanitaria-en-protesta-pels-impagaments-de-ladministracio\/#article\",\"isPartOf\":{\"@id\":\"https:\/\/novaorg.cofb.net\/2013\/03\/26\/comunicat-del-consell-de-collegis-de-farmaceutics-patronals-i-empreses-de-tecnologia-sanitaria-en-protesta-pels-impagaments-de-ladministracio\/\"},\"author\":{\"name\":\"wpAdminCofbOrg\",\"@id\":\"https:\/\/www.cofb.org\/#\/schema\/person\/22ed7eea88da74b0fa4d3154ad87ffcb\"},\"headline\":\"Comunicat del Consell de Col\u00b7legis de Farmac\u00e8utics, patronals i empreses de tecnologia sanit\u00e0ria en protesta pels impagaments de l&#8217;Administraci\u00f3\",\"datePublished\":\"2013-03-26T17:42:00+00:00\",\"dateModified\":\"2013-03-26T17:42:00+00:00\",\"mainEntityOfPage\":{\"@id\":\"https:\/\/novaorg.cofb.net\/2013\/03\/26\/comunicat-del-consell-de-collegis-de-farmaceutics-patronals-i-empreses-de-tecnologia-sanitaria-en-protesta-pels-impagaments-de-ladministracio\/\"},\"wordCount\":1965,\"publisher\":{\"@id\":\"https:\/\/www.cofb.org\/#organization\"},\"articleSection\":[\"Notes de premsa\"],\"inLanguage\":\"ca\"},{\"@type\":\"WebPage\",\"@id\":\"https:\/\/novaorg.cofb.net\/2013\/03\/26\/comunicat-del-consell-de-collegis-de-farmaceutics-patronals-i-empreses-de-tecnologia-sanitaria-en-protesta-pels-impagaments-de-ladministracio\/\",\"url\":\"https:\/\/novaorg.cofb.net\/2013\/03\/26\/comunicat-del-consell-de-collegis-de-farmaceutics-patronals-i-empreses-de-tecnologia-sanitaria-en-protesta-pels-impagaments-de-ladministracio\/\",\"name\":\"Comunicat del Consell de Col\u00b7legis de Farmac\u00e8utics, patronals i empreses de tecnologia sanit\u00e0ria en protesta pels impagaments de l'Administraci\u00f3 - Col\u00b7legi de Farmac\u00e8utics de Barcelona\",\"isPartOf\":{\"@id\":\"https:\/\/www.cofb.org\/#website\"},\"datePublished\":\"2013-03-26T17:42:00+00:00\",\"dateModified\":\"2013-03-26T17:42:00+00:00\",\"breadcrumb\":{\"@id\":\"https:\/\/novaorg.cofb.net\/2013\/03\/26\/comunicat-del-consell-de-collegis-de-farmaceutics-patronals-i-empreses-de-tecnologia-sanitaria-en-protesta-pels-impagaments-de-ladministracio\/#breadcrumb\"},\"inLanguage\":\"ca\",\"potentialAction\":[{\"@type\":\"ReadAction\",\"target\":[\"https:\/\/novaorg.cofb.net\/2013\/03\/26\/comunicat-del-consell-de-collegis-de-farmaceutics-patronals-i-empreses-de-tecnologia-sanitaria-en-protesta-pels-impagaments-de-ladministracio\/\"]}]},{\"@type\":\"BreadcrumbList\",\"@id\":\"https:\/\/novaorg.cofb.net\/2013\/03\/26\/comunicat-del-consell-de-collegis-de-farmaceutics-patronals-i-empreses-de-tecnologia-sanitaria-en-protesta-pels-impagaments-de-ladministracio\/#breadcrumb\",\"itemListElement\":[{\"@type\":\"ListItem\",\"position\":1,\"name\":\"Inici\",\"item\":\"https:\/\/novaorg.cofb.net\/\"},{\"@type\":\"ListItem\",\"position\":2,\"name\":\"Comunicat del Consell de Col\u00b7legis de Farmac\u00e8utics, patronals i empreses de tecnologia sanit\u00e0ria en protesta pels impagaments de l&#8217;Administraci\u00f3\"}]},{\"@type\":\"WebSite\",\"@id\":\"https:\/\/www.cofb.org\/#website\",\"url\":\"https:\/\/www.cofb.org\/\",\"name\":\"Col\u00b7legi de Farmac\u00e8utics de Barcelona\",\"description\":\"\",\"publisher\":{\"@id\":\"https:\/\/www.cofb.org\/#organization\"},\"potentialAction\":[{\"@type\":\"SearchAction\",\"target\":{\"@type\":\"EntryPoint\",\"urlTemplate\":\"https:\/\/www.cofb.org\/?s={search_term_string}\"},\"query-input\":\"required name=search_term_string\"}],\"inLanguage\":\"ca\"},{\"@type\":\"Organization\",\"@id\":\"https:\/\/www.cofb.org\/#organization\",\"name\":\"Col\u00b7legi de Farmac\u00e8utics de Barcelona\",\"url\":\"https:\/\/www.cofb.org\/\",\"logo\":{\"@type\":\"ImageObject\",\"inLanguage\":\"ca\",\"@id\":\"https:\/\/www.cofb.org\/#\/schema\/logo\/image\/\",\"url\":\"https:\/\/www.cofb.org\/wp-content\/uploads\/2023\/11\/cropped-Logotip-COFB.png\",\"contentUrl\":\"https:\/\/www.cofb.org\/wp-content\/uploads\/2023\/11\/cropped-Logotip-COFB.png\",\"width\":500,\"height\":105,\"caption\":\"Col\u00b7legi de Farmac\u00e8utics de Barcelona\"},\"image\":{\"@id\":\"https:\/\/www.cofb.org\/#\/schema\/logo\/image\/\"},\"sameAs\":[\"https:\/\/www.facebook.com\/farmaceuticsbcn\/\",\"https:\/\/twitter.com\/farmaceuticsbcn\",\"https:\/\/www.instagram.com\/farmaceuticsbcn\/\",\"https:\/\/www.linkedin.com\/company\/farmaceuticsbcn\/\"]},{\"@type\":\"Person\",\"@id\":\"https:\/\/www.cofb.org\/#\/schema\/person\/22ed7eea88da74b0fa4d3154ad87ffcb\",\"name\":\"wpAdminCofbOrg\",\"image\":{\"@type\":\"ImageObject\",\"inLanguage\":\"ca\",\"@id\":\"https:\/\/www.cofb.org\/#\/schema\/person\/image\/\",\"url\":\"https:\/\/secure.gravatar.com\/avatar\/1721b20b3b8ca882c3b56ec6c978c594fff670e40c0718e9190eaeeb76aae7d8?s=96&d=mm&r=g\",\"contentUrl\":\"https:\/\/secure.gravatar.com\/avatar\/1721b20b3b8ca882c3b56ec6c978c594fff670e40c0718e9190eaeeb76aae7d8?s=96&d=mm&r=g\",\"caption\":\"wpAdminCofbOrg\"},\"sameAs\":[\"http:\/\/192.168.64.122\/wordpress\"],\"url\":\"https:\/\/www.cofb.org\/ca\/author\/wpadmincofborg\/\"}]}<\/script>\n<!-- \/ Yoast SEO plugin. -->","yoast_head_json":{"title":"Comunicat del Consell de Col\u00b7legis de Farmac\u00e8utics, patronals i empreses de tecnologia sanit\u00e0ria en protesta pels impagaments de l'Administraci\u00f3 - Col\u00b7legi de Farmac\u00e8utics de Barcelona","robots":{"index":"index","follow":"follow","max-snippet":"max-snippet:-1","max-image-preview":"max-image-preview:large","max-video-preview":"max-video-preview:-1"},"canonical":"https:\/\/novaorg.cofb.net\/2013\/03\/26\/comunicat-del-consell-de-collegis-de-farmaceutics-patronals-i-empreses-de-tecnologia-sanitaria-en-protesta-pels-impagaments-de-ladministracio\/","og_locale":"ca_ES","og_type":"article","og_title":"Comunicat del Consell de Col\u00b7legis de Farmac\u00e8utics, patronals i empreses de tecnologia sanit\u00e0ria en protesta pels impagaments de l'Administraci\u00f3 - Col\u00b7legi de Farmac\u00e8utics de Barcelona","og_description":"\u00a0 Davant les dificultats de tresoreria de la Generalitat i els conseq\u00fcents endarreriments en els pagaments a les entitats prove\u00efdores dels sectors de salut i d\u2019atenci\u00f3 a la depend\u00e8ncia que aquestes provoquen, les patronals Consorci de Salut i Social de Catalunya, Uni\u00f3 Catalana d\u2019Hospitals, el Consell de Col\u00b7legi de Farmac\u00e8utics [&hellip;]","og_url":"https:\/\/novaorg.cofb.net\/2013\/03\/26\/comunicat-del-consell-de-collegis-de-farmaceutics-patronals-i-empreses-de-tecnologia-sanitaria-en-protesta-pels-impagaments-de-ladministracio\/","og_site_name":"Col\u00b7legi de Farmac\u00e8utics de Barcelona","article_publisher":"https:\/\/www.facebook.com\/farmaceuticsbcn\/","article_published_time":"2013-03-26T17:42:00+00:00","author":"wpAdminCofbOrg","twitter_card":"summary_large_image","twitter_creator":"@farmaceuticsbcn","twitter_site":"@farmaceuticsbcn","twitter_misc":{"Escrit per":"wpAdminCofbOrg","Temps estimat de lectura":"10 minuts"},"schema":{"@context":"https:\/\/schema.org","@graph":[{"@type":"Article","@id":"https:\/\/novaorg.cofb.net\/2013\/03\/26\/comunicat-del-consell-de-collegis-de-farmaceutics-patronals-i-empreses-de-tecnologia-sanitaria-en-protesta-pels-impagaments-de-ladministracio\/#article","isPartOf":{"@id":"https:\/\/novaorg.cofb.net\/2013\/03\/26\/comunicat-del-consell-de-collegis-de-farmaceutics-patronals-i-empreses-de-tecnologia-sanitaria-en-protesta-pels-impagaments-de-ladministracio\/"},"author":{"name":"wpAdminCofbOrg","@id":"https:\/\/www.cofb.org\/#\/schema\/person\/22ed7eea88da74b0fa4d3154ad87ffcb"},"headline":"Comunicat del Consell de Col\u00b7legis de Farmac\u00e8utics, patronals i empreses de tecnologia sanit\u00e0ria en protesta pels impagaments de l&#8217;Administraci\u00f3","datePublished":"2013-03-26T17:42:00+00:00","dateModified":"2013-03-26T17:42:00+00:00","mainEntityOfPage":{"@id":"https:\/\/novaorg.cofb.net\/2013\/03\/26\/comunicat-del-consell-de-collegis-de-farmaceutics-patronals-i-empreses-de-tecnologia-sanitaria-en-protesta-pels-impagaments-de-ladministracio\/"},"wordCount":1965,"publisher":{"@id":"https:\/\/www.cofb.org\/#organization"},"articleSection":["Notes de premsa"],"inLanguage":"ca"},{"@type":"WebPage","@id":"https:\/\/novaorg.cofb.net\/2013\/03\/26\/comunicat-del-consell-de-collegis-de-farmaceutics-patronals-i-empreses-de-tecnologia-sanitaria-en-protesta-pels-impagaments-de-ladministracio\/","url":"https:\/\/novaorg.cofb.net\/2013\/03\/26\/comunicat-del-consell-de-collegis-de-farmaceutics-patronals-i-empreses-de-tecnologia-sanitaria-en-protesta-pels-impagaments-de-ladministracio\/","name":"Comunicat del Consell de Col\u00b7legis de Farmac\u00e8utics, patronals i empreses de tecnologia sanit\u00e0ria en protesta pels impagaments de l'Administraci\u00f3 - Col\u00b7legi de Farmac\u00e8utics de Barcelona","isPartOf":{"@id":"https:\/\/www.cofb.org\/#website"},"datePublished":"2013-03-26T17:42:00+00:00","dateModified":"2013-03-26T17:42:00+00:00","breadcrumb":{"@id":"https:\/\/novaorg.cofb.net\/2013\/03\/26\/comunicat-del-consell-de-collegis-de-farmaceutics-patronals-i-empreses-de-tecnologia-sanitaria-en-protesta-pels-impagaments-de-ladministracio\/#breadcrumb"},"inLanguage":"ca","potentialAction":[{"@type":"ReadAction","target":["https:\/\/novaorg.cofb.net\/2013\/03\/26\/comunicat-del-consell-de-collegis-de-farmaceutics-patronals-i-empreses-de-tecnologia-sanitaria-en-protesta-pels-impagaments-de-ladministracio\/"]}]},{"@type":"BreadcrumbList","@id":"https:\/\/novaorg.cofb.net\/2013\/03\/26\/comunicat-del-consell-de-collegis-de-farmaceutics-patronals-i-empreses-de-tecnologia-sanitaria-en-protesta-pels-impagaments-de-ladministracio\/#breadcrumb","itemListElement":[{"@type":"ListItem","position":1,"name":"Inici","item":"https:\/\/novaorg.cofb.net\/"},{"@type":"ListItem","position":2,"name":"Comunicat del Consell de Col\u00b7legis de Farmac\u00e8utics, patronals i empreses de tecnologia sanit\u00e0ria en protesta pels impagaments de l&#8217;Administraci\u00f3"}]},{"@type":"WebSite","@id":"https:\/\/www.cofb.org\/#website","url":"https:\/\/www.cofb.org\/","name":"Col\u00b7legi de Farmac\u00e8utics de Barcelona","description":"","publisher":{"@id":"https:\/\/www.cofb.org\/#organization"},"potentialAction":[{"@type":"SearchAction","target":{"@type":"EntryPoint","urlTemplate":"https:\/\/www.cofb.org\/?s={search_term_string}"},"query-input":"required name=search_term_string"}],"inLanguage":"ca"},{"@type":"Organization","@id":"https:\/\/www.cofb.org\/#organization","name":"Col\u00b7legi de Farmac\u00e8utics de Barcelona","url":"https:\/\/www.cofb.org\/","logo":{"@type":"ImageObject","inLanguage":"ca","@id":"https:\/\/www.cofb.org\/#\/schema\/logo\/image\/","url":"https:\/\/www.cofb.org\/wp-content\/uploads\/2023\/11\/cropped-Logotip-COFB.png","contentUrl":"https:\/\/www.cofb.org\/wp-content\/uploads\/2023\/11\/cropped-Logotip-COFB.png","width":500,"height":105,"caption":"Col\u00b7legi de Farmac\u00e8utics de Barcelona"},"image":{"@id":"https:\/\/www.cofb.org\/#\/schema\/logo\/image\/"},"sameAs":["https:\/\/www.facebook.com\/farmaceuticsbcn\/","https:\/\/twitter.com\/farmaceuticsbcn","https:\/\/www.instagram.com\/farmaceuticsbcn\/","https:\/\/www.linkedin.com\/company\/farmaceuticsbcn\/"]},{"@type":"Person","@id":"https:\/\/www.cofb.org\/#\/schema\/person\/22ed7eea88da74b0fa4d3154ad87ffcb","name":"wpAdminCofbOrg","image":{"@type":"ImageObject","inLanguage":"ca","@id":"https:\/\/www.cofb.org\/#\/schema\/person\/image\/","url":"https:\/\/secure.gravatar.com\/avatar\/1721b20b3b8ca882c3b56ec6c978c594fff670e40c0718e9190eaeeb76aae7d8?s=96&d=mm&r=g","contentUrl":"https:\/\/secure.gravatar.com\/avatar\/1721b20b3b8ca882c3b56ec6c978c594fff670e40c0718e9190eaeeb76aae7d8?s=96&d=mm&r=g","caption":"wpAdminCofbOrg"},"sameAs":["http:\/\/192.168.64.122\/wordpress"],"url":"https:\/\/www.cofb.org\/ca\/author\/wpadmincofborg\/"}]}},"uagb_featured_image_src":{"full":false,"thumbnail":false,"medium":false,"medium_large":false,"large":false,"1536x1536":false,"2048x2048":false,"trp-custom-language-flag":false},"uagb_author_info":{"display_name":"wpAdminCofbOrg","author_link":"https:\/\/www.cofb.org\/ca\/author\/wpadmincofborg\/"},"uagb_comment_info":0,"uagb_excerpt":"\u00a0 Davant les dificultats de tresoreria de la Generalitat i els conseq\u00fcents endarreriments en els pagaments a les entitats prove\u00efdores dels sectors de salut i d\u2019atenci\u00f3 a la depend\u00e8ncia que aquestes provoquen, les patronals Consorci de Salut i Social de Catalunya, Uni\u00f3 Catalana d\u2019Hospitals, el Consell de Col\u00b7legi de Farmac\u00e8utics [&hellip;]","_links":{"self":[{"href":"https:\/\/www.cofb.org\/ca\/wp-json\/wp\/v2\/posts\/77565","targetHints":{"allow":["GET"]}}],"collection":[{"href":"https:\/\/www.cofb.org\/ca\/wp-json\/wp\/v2\/posts"}],"about":[{"href":"https:\/\/www.cofb.org\/ca\/wp-json\/wp\/v2\/types\/post"}],"author":[{"embeddable":true,"href":"https:\/\/www.cofb.org\/ca\/wp-json\/wp\/v2\/users\/1"}],"replies":[{"embeddable":true,"href":"https:\/\/www.cofb.org\/ca\/wp-json\/wp\/v2\/comments?post=77565"}],"version-history":[{"count":0,"href":"https:\/\/www.cofb.org\/ca\/wp-json\/wp\/v2\/posts\/77565\/revisions"}],"wp:attachment":[{"href":"https:\/\/www.cofb.org\/ca\/wp-json\/wp\/v2\/media?parent=77565"}],"wp:term":[{"taxonomy":"category","embeddable":true,"href":"https:\/\/www.cofb.org\/ca\/wp-json\/wp\/v2\/categories?post=77565"},{"taxonomy":"post_tag","embeddable":true,"href":"https:\/\/www.cofb.org\/ca\/wp-json\/wp\/v2\/tags?post=77565"}],"curies":[{"name":"wp","href":"https:\/\/api.w.org\/{rel}","templated":true}]}}