{"id":77551,"date":"2013-08-01T19:07:00","date_gmt":"2013-08-01T19:07:00","guid":{"rendered":"https:\/\/novaorg.cofb.net\/2013\/08\/01\/els-farmaceutics-cobren-la-factura-de-juny-pendents-novembre-i-desembre-de-2012-i-maig-de-2013\/"},"modified":"2013-08-01T19:07:00","modified_gmt":"2013-08-01T19:07:00","slug":"els-farmaceutics-cobren-la-factura-de-juny-pendents-novembre-i-desembre-de-2012-i-maig-de-2013","status":"publish","type":"post","link":"https:\/\/www.cofb.org\/ca\/2013\/08\/01\/els-farmaceutics-cobren-la-factura-de-juny-pendents-novembre-i-desembre-de-2012-i-maig-de-2013\/","title":{"rendered":"Els farmac\u00e8utics cobren la factura de juny; pendents novembre i desembre de 2012 i maig de 2013"},"content":{"rendered":"<p>\u00a0<\/p>\n<p><span>\u2022<\/span><span>\u00a0<\/span><strong>L\u2019Administraci\u00f3 segueix devent als farmac\u00e8utics catalans 309,8 milions d\u2019euros<\/strong><\/p>\n<p align=\"justify\">\u2022\u00a0<strong>Els mesos de novembre, desembre i maig s\u2019inclouen en el Pla ICO de pagament a prove\u00efdors del Ministeri d\u2019Hisenda<\/strong><\/p>\n<p align=\"justify\"><em>Barcelona, 1 d\u2019agost de 2013<\/em>.- El CatSalut ha abonat la\u00a0<strong>factura de les receptes dispensades a les farm\u00e0cies catalanes durant el mes de juny<\/strong>, que ascendeix a\u00a0<strong>107M\u20ac<\/strong>. Resta pendent que es faci efectiu el pagament dels medicaments dispensats els mesos de novembre i desembre del 2012 i maig del 2013, que en total ascendeix a\u00a0<strong>309,8 M\u20ac<\/strong>, que van estar inclosos el passat 19 de juliol en el\u00a0<strong>Pla ICO prove\u00efdors<\/strong>. Aquest pagament especial, que dep\u00e8n directament del Ministeri d\u2019Hisenda i Administracions P\u00fabliques, no s\u00e9 sap quan es far\u00e0 efectiu.<\/p>\n<p align=\"justify\">Per altra banda, el cobrament de qualsevol deute a trav\u00e9s d\u2019aquest Pla ICO suposa, tal com diu el RDL 8\/2013, la\u00a0<strong>ren\u00fancia a la reclamaci\u00f3 dels interessos dels mesos cobrats exclusivament mitjan\u00e7at aquest Pla<\/strong>, en el cas dels farmac\u00e8utics de les factures de novembre i desembre de 2012 i maig de 2013. Recordem que el passat 2 de juliol, el Consell de Col\u00b7legis de Farmac\u00e8utics de Catalunya va presentar la documentaci\u00f3 necess\u00e0ria per fer la reclamaci\u00f3 d\u2019interessos meritats pel retard en el pagament de les factures dels darrers cinc mesos de 2011 i de gener a octubre del 2012, deixant pendents els mesos de novembre i desembre perqu\u00e8 es desconeixia encara el dia que es faria efectiu el pagament.<\/p>\n<p align=\"justify\"><strong>Cronologia factures 2013<\/strong>\u00a0(hi ha retards en el pagament de les factures dels medicaments dispensats a les farm\u00e0cies des de setembre de 2011):\u00a0<\/p>\n<blockquote dir=\"ltr\">\n<p align=\"justify\">\u2022 5 de mar\u00e7: dia de cobrament de les receptes de gener (108,6 M\u20ac), segons Concert. S\u2019endarrereix el pagament.\u00a0<br \/>\u2022 14 de mar\u00e7: s\u2019abona el 30% de les receptes de gener (32,58 M\u20ac).\u00a0<br \/>\u2022 27 de mar\u00e7: s\u2019abona el 70% restant de les receptes de gener (76,02 M\u20ac).\u00a0<br \/>\u2022 5 d\u2019abril: dia de cobrament de les receptes de febrer (103,5 M\u20ac), segons Concert. S\u2019endarrereix el pagament.\u00a0<br \/>\u2022 30 d\u2019abril: s\u2019abona el pagament de les receptes de febrer.\u00a0<br \/>\u2022 6 de maig: dia de cobrament de les receptes de mar\u00e7 (107,4M\u20ac), segons Concert. S\u2019endarrereix el pagament.\u00a0<br \/>\u2022 31 de maig: s\u2019abona el pagament de les receptes de mar\u00e7.\u00a0<br \/>\u2022 5 de juny: dia previst de cobrament de les receptes d\u2019abril (115 M\u20ac), segons Concert. S\u2019endarrereix el pagament.\u00a0<br \/>\u2022 1 de juliol \u2013encara amb m\u00e9s retard del previst, perqu\u00e8 inicialment estava anunciat pel 28 de juny-: s\u2019abona el pagament de les receptes d\u2019abril.\u00a0<br \/>\u2022 5 de juliol: dia de cobrament de les receptes de maig (115,7 M\u20ac), segons Concert.\u00a0<br \/>\u2022 19 juliol: S\u2019inclou en el\u00a0<strong>pagament de l\u2019ICO Proveedores<\/strong>, habilitat pel Ministeri d\u2019Hisenda i Administracions P\u00fabliques, els mesos de\u00a0<strong>novembre (94,7 M\u20ac) i desembre (99,4 M\u20ac) del 2012 i maig del 2013 (115,7 m\u20ac)<\/strong>. Es desconeix el dia exacte del pagament.<\/p>\n<\/blockquote>\n<p dir=\"ltr\" align=\"justify\"><strong>Per a m\u00e9s informaci\u00f3<\/strong>:<br \/>Departament de Comunicaci\u00f3 &#8211; Consell de Col\u00b7legis de Farmac\u00e8utics de Catalunya\u00a0<br \/>93 244 07 28 \/ 18 &#8211;\u00a0<a href=\"mailto:premsa@cofb.net\">premsa@cofb.net<\/a>\u00a0<br \/>P\u00e0gina web del Consell:\u00a0<a href=\"http:\/\/www.ccfc.cat\/\">http:\/\/www.ccfc.cat<\/a>\u00a0<br \/>Blog del Col\u00b7legi de Farmac\u00e8utics de Barcelona: http:\/\/blog.cofb.cat\u00a0<\/p>\n<p>\u00a0\u2022\u00a0L\u2019Administraci\u00f3 segueix devent als farmac\u00e8utics catalans 309,8 milions d\u2019euros\u2022\u00a0Els mesos de novembre, desembre i maig s\u2019inclouen en el Pla ICO de pagament a prove\u00efdors del Ministeri d\u2019HisendaBarcelona, 1 d\u2019agost de 2013.- El CatSalut ha abonat la\u00a0factura de les receptes dispensades a les farm\u00e0cies catalanes durant el mes de juny, que ascendeix a\u00a0107M\u20ac. Resta pendent que es faci efectiu el pagament dels medicaments dispensats els mesos de novembre i desembre del 2012 i maig del 2013, que en total ascendeix a\u00a0309,8 M\u20ac, que van estar inclosos el passat 19 de juliol en el\u00a0Pla ICO prove\u00efdors. Aquest pagament especial, que dep\u00e8n directament del Ministeri d\u2019Hisenda i Administracions P\u00fabliques, no s\u00e9 sap quan es far\u00e0 efectiu.Per altra banda, el cobrament de qualsevol deute a trav\u00e9s d\u2019aquest Pla ICO suposa, tal com diu el RDL 8\/2013, la\u00a0ren\u00fancia a la reclamaci\u00f3 dels interessos dels mesos cobrats exclusivament mitjan\u00e7at aquest Pla, en el cas dels farmac\u00e8utics de les factures de novembre i desembre de 2012 i maig de 2013. Recordem que el passat 2 de juliol, el Consell de Col\u00b7legis de Farmac\u00e8utics de Catalunya va presentar la documentaci\u00f3 necess\u00e0ria per fer la reclamaci\u00f3 d\u2019interessos meritats pel retard en el pagament de les factures dels darrers cinc mesos de 2011 i de gener a octubre del 2012, deixant pendents els mesos de novembre i desembre perqu\u00e8 es desconeixia encara el dia que es faria efectiu el pagament.Cronologia factures 2013\u00a0(hi ha retards en el pagament de les factures dels medicaments dispensats a les farm\u00e0cies des de setembre de 2011):\u00a0\u2022 5 de mar\u00e7: dia de cobrament de les receptes de gener (108,6 M\u20ac), segons Concert. S\u2019endarrereix el pagament.\u00a0\u2022 14 de mar\u00e7: s\u2019abona el 30% de les receptes de gener (32,58 M\u20ac).\u00a0\u2022 27 de mar\u00e7: s\u2019abona el 70% restant de les receptes de gener (76,02 M\u20ac).\u00a0\u2022 5 d\u2019abril: dia de cobrament de les receptes de febrer (103,5 M\u20ac), segons Concert. S\u2019endarrereix el pagament.\u00a0\u2022 30 d\u2019abril: s\u2019abona el pagament de les receptes de febrer.\u00a0\u2022 6 de maig: dia de cobrament de les receptes de mar\u00e7 (107,4M\u20ac), segons Concert. S\u2019endarrereix el pagament.\u00a0\u2022 31 de maig: s\u2019abona el pagament de les receptes de mar\u00e7.\u00a0\u2022 5 de juny: dia previst de cobrament de les receptes d\u2019abril (115 M\u20ac), segons Concert. S\u2019endarrereix el pagament.\u00a0\u2022 1 de juliol \u2013encara amb m\u00e9s retard del previst, perqu\u00e8 inicialment estava anunciat pel 28 de juny-: s\u2019abona el pagament de les receptes d\u2019abril.\u00a0\u2022 5 de juliol: dia de cobrament de les receptes de maig (115,7 M\u20ac), segons Concert.\u00a0\u2022 19 juliol: S\u2019inclou en el\u00a0pagament de l\u2019ICO Proveedores, habilitat pel Ministeri d\u2019Hisenda i Administracions P\u00fabliques, els mesos de\u00a0novembre (94,7 M\u20ac) i desembre (99,4 M\u20ac) del 2012 i maig del 2013 (115,7 m\u20ac). Es desconeix el dia exacte del pagament.Per a m\u00e9s informaci\u00f3:Departament de Comunicaci\u00f3 &#8211; Consell de Col\u00b7legis de Farmac\u00e8utics de Catalunya\u00a093 244 07 28 \/ 18 &#8211;\u00a0premsa@cofb.net\u00a0P\u00e0gina web del Consell:\u00a0http:\/\/www.ccfc.cat\u00a0Blog del Col\u00b7legi de Farmac\u00e8utics de Barcelona: http:\/\/blog.cofb.cat\u00a0\u00a0\u00a0COFB.ORG<\/p>\n","protected":false},"excerpt":{"rendered":"<p>\u00a0 \u2022\u00a0L\u2019Administraci\u00f3 segueix devent als farmac\u00e8utics catalans 309,8 milions d\u2019euros \u2022\u00a0Els mesos de novembre, desembre i maig s\u2019inclouen en el Pla ICO de pagament a prove\u00efdors del Ministeri d\u2019Hisenda Barcelona, 1 d\u2019agost de 2013.- El CatSalut ha abonat la\u00a0factura de les receptes dispensades a les farm\u00e0cies catalanes durant el mes [&hellip;]<\/p>\n","protected":false},"author":1,"featured_media":0,"comment_status":"","ping_status":"","sticky":false,"template":"","format":"standard","meta":{"_uag_custom_page_level_css":"","site-sidebar-layout":"default","site-content-layout":"","ast-site-content-layout":"default","site-content-style":"default","site-sidebar-style":"default","ast-global-header-display":"","ast-banner-title-visibility":"","ast-main-header-display":"","ast-hfb-above-header-display":"","ast-hfb-below-header-display":"","ast-hfb-mobile-header-display":"","site-post-title":"","ast-breadcrumbs-content":"","ast-featured-img":"disabled","footer-sml-layout":"","theme-transparent-header-meta":"","adv-header-id-meta":"","stick-header-meta":"","header-above-stick-meta":"","header-main-stick-meta":"","header-below-stick-meta":"","astra-migrate-meta-layouts":"default","ast-page-background-enabled":"default","ast-page-background-meta":{"desktop":{"background-color":"var(--ast-global-color-4)","background-image":"","background-repeat":"repeat","background-position":"center center","background-size":"auto","background-attachment":"scroll","background-type":"","background-media":"","overlay-type":"","overlay-color":"","overlay-opacity":"","overlay-gradient":""},"tablet":{"background-color":"","background-image":"","background-repeat":"repeat","background-position":"center center","background-size":"auto","background-attachment":"scroll","background-type":"","background-media":"","overlay-type":"","overlay-color":"","overlay-opacity":"","overlay-gradient":""},"mobile":{"background-color":"","background-image":"","background-repeat":"repeat","background-position":"center center","background-size":"auto","background-attachment":"scroll","background-type":"","background-media":"","overlay-type":"","overlay-color":"","overlay-opacity":"","overlay-gradient":""}},"ast-content-background-meta":{"desktop":{"background-color":"var(--ast-global-color-5)","background-image":"","background-repeat":"repeat","background-position":"center center","background-size":"auto","background-attachment":"scroll","background-type":"","background-media":"","overlay-type":"","overlay-color":"","overlay-opacity":"","overlay-gradient":""},"tablet":{"background-color":"var(--ast-global-color-5)","background-image":"","background-repeat":"repeat","background-position":"center center","background-size":"auto","background-attachment":"scroll","background-type":"","background-media":"","overlay-type":"","overlay-color":"","overlay-opacity":"","overlay-gradient":""},"mobile":{"background-color":"var(--ast-global-color-5)","background-image":"","background-repeat":"repeat","background-position":"center center","background-size":"auto","background-attachment":"scroll","background-type":"","background-media":"","overlay-type":"","overlay-color":"","overlay-opacity":"","overlay-gradient":""}},"footnotes":""},"categories":[1060,1066],"tags":[],"class_list":["post-77551","post","type-post","status-publish","format-standard","hentry","category-notes-premsa","category-sense-categoria-ca"],"yoast_head":"<!-- This site is optimized with the Yoast SEO plugin v22.4 - https:\/\/yoast.com\/wordpress\/plugins\/seo\/ -->\n<title>Els farmac\u00e8utics cobren la factura de juny; pendents novembre i desembre de 2012 i maig de 2013 - Col\u00b7legi de Farmac\u00e8utics de Barcelona<\/title>\n<meta name=\"robots\" content=\"index, follow, max-snippet:-1, max-image-preview:large, max-video-preview:-1\" \/>\n<link rel=\"canonical\" href=\"https:\/\/novaorg.cofb.net\/2013\/08\/01\/els-farmaceutics-cobren-la-factura-de-juny-pendents-novembre-i-desembre-de-2012-i-maig-de-2013\/\" \/>\n<meta property=\"og:locale\" content=\"ca_ES\" \/>\n<meta property=\"og:type\" content=\"article\" \/>\n<meta property=\"og:title\" content=\"Els farmac\u00e8utics cobren la factura de juny; pendents novembre i desembre de 2012 i maig de 2013 - Col\u00b7legi de Farmac\u00e8utics de Barcelona\" \/>\n<meta property=\"og:description\" content=\"\u00a0 \u2022\u00a0L\u2019Administraci\u00f3 segueix devent als farmac\u00e8utics catalans 309,8 milions d\u2019euros \u2022\u00a0Els mesos de novembre, desembre i maig s\u2019inclouen en el Pla ICO de pagament a prove\u00efdors del Ministeri d\u2019Hisenda Barcelona, 1 d\u2019agost de 2013.- El CatSalut ha abonat la\u00a0factura de les receptes dispensades a les farm\u00e0cies catalanes durant el mes [&hellip;]\" \/>\n<meta property=\"og:url\" content=\"https:\/\/novaorg.cofb.net\/2013\/08\/01\/els-farmaceutics-cobren-la-factura-de-juny-pendents-novembre-i-desembre-de-2012-i-maig-de-2013\/\" \/>\n<meta property=\"og:site_name\" content=\"Col\u00b7legi de Farmac\u00e8utics de Barcelona\" \/>\n<meta property=\"article:publisher\" content=\"https:\/\/www.facebook.com\/farmaceuticsbcn\/\" \/>\n<meta property=\"article:published_time\" content=\"2013-08-01T19:07:00+00:00\" \/>\n<meta name=\"author\" content=\"wpAdminCofbOrg\" \/>\n<meta name=\"twitter:card\" content=\"summary_large_image\" \/>\n<meta name=\"twitter:creator\" content=\"@farmaceuticsbcn\" \/>\n<meta name=\"twitter:site\" content=\"@farmaceuticsbcn\" \/>\n<meta name=\"twitter:label1\" content=\"Escrit per\" \/>\n\t<meta name=\"twitter:data1\" content=\"wpAdminCofbOrg\" \/>\n\t<meta name=\"twitter:label2\" content=\"Temps estimat de lectura\" \/>\n\t<meta name=\"twitter:data2\" content=\"5 minuts\" \/>\n<script type=\"application\/ld+json\" class=\"yoast-schema-graph\">{\"@context\":\"https:\/\/schema.org\",\"@graph\":[{\"@type\":\"Article\",\"@id\":\"https:\/\/novaorg.cofb.net\/2013\/08\/01\/els-farmaceutics-cobren-la-factura-de-juny-pendents-novembre-i-desembre-de-2012-i-maig-de-2013\/#article\",\"isPartOf\":{\"@id\":\"https:\/\/novaorg.cofb.net\/2013\/08\/01\/els-farmaceutics-cobren-la-factura-de-juny-pendents-novembre-i-desembre-de-2012-i-maig-de-2013\/\"},\"author\":{\"name\":\"wpAdminCofbOrg\",\"@id\":\"https:\/\/www.cofb.org\/#\/schema\/person\/22ed7eea88da74b0fa4d3154ad87ffcb\"},\"headline\":\"Els farmac\u00e8utics cobren la factura de juny; pendents novembre i desembre de 2012 i maig de 2013\",\"datePublished\":\"2013-08-01T19:07:00+00:00\",\"dateModified\":\"2013-08-01T19:07:00+00:00\",\"mainEntityOfPage\":{\"@id\":\"https:\/\/novaorg.cofb.net\/2013\/08\/01\/els-farmaceutics-cobren-la-factura-de-juny-pendents-novembre-i-desembre-de-2012-i-maig-de-2013\/\"},\"wordCount\":1025,\"publisher\":{\"@id\":\"https:\/\/www.cofb.org\/#organization\"},\"articleSection\":[\"Notes de premsa\"],\"inLanguage\":\"ca\"},{\"@type\":\"WebPage\",\"@id\":\"https:\/\/novaorg.cofb.net\/2013\/08\/01\/els-farmaceutics-cobren-la-factura-de-juny-pendents-novembre-i-desembre-de-2012-i-maig-de-2013\/\",\"url\":\"https:\/\/novaorg.cofb.net\/2013\/08\/01\/els-farmaceutics-cobren-la-factura-de-juny-pendents-novembre-i-desembre-de-2012-i-maig-de-2013\/\",\"name\":\"Els farmac\u00e8utics cobren la factura de juny; pendents novembre i desembre de 2012 i maig de 2013 - Col\u00b7legi de Farmac\u00e8utics de Barcelona\",\"isPartOf\":{\"@id\":\"https:\/\/www.cofb.org\/#website\"},\"datePublished\":\"2013-08-01T19:07:00+00:00\",\"dateModified\":\"2013-08-01T19:07:00+00:00\",\"breadcrumb\":{\"@id\":\"https:\/\/novaorg.cofb.net\/2013\/08\/01\/els-farmaceutics-cobren-la-factura-de-juny-pendents-novembre-i-desembre-de-2012-i-maig-de-2013\/#breadcrumb\"},\"inLanguage\":\"ca\",\"potentialAction\":[{\"@type\":\"ReadAction\",\"target\":[\"https:\/\/novaorg.cofb.net\/2013\/08\/01\/els-farmaceutics-cobren-la-factura-de-juny-pendents-novembre-i-desembre-de-2012-i-maig-de-2013\/\"]}]},{\"@type\":\"BreadcrumbList\",\"@id\":\"https:\/\/novaorg.cofb.net\/2013\/08\/01\/els-farmaceutics-cobren-la-factura-de-juny-pendents-novembre-i-desembre-de-2012-i-maig-de-2013\/#breadcrumb\",\"itemListElement\":[{\"@type\":\"ListItem\",\"position\":1,\"name\":\"Inici\",\"item\":\"https:\/\/novaorg.cofb.net\/\"},{\"@type\":\"ListItem\",\"position\":2,\"name\":\"Els farmac\u00e8utics cobren la factura de juny; pendents novembre i desembre de 2012 i maig de 2013\"}]},{\"@type\":\"WebSite\",\"@id\":\"https:\/\/www.cofb.org\/#website\",\"url\":\"https:\/\/www.cofb.org\/\",\"name\":\"Col\u00b7legi de Farmac\u00e8utics de Barcelona\",\"description\":\"\",\"publisher\":{\"@id\":\"https:\/\/www.cofb.org\/#organization\"},\"potentialAction\":[{\"@type\":\"SearchAction\",\"target\":{\"@type\":\"EntryPoint\",\"urlTemplate\":\"https:\/\/www.cofb.org\/?s={search_term_string}\"},\"query-input\":\"required name=search_term_string\"}],\"inLanguage\":\"ca\"},{\"@type\":\"Organization\",\"@id\":\"https:\/\/www.cofb.org\/#organization\",\"name\":\"Col\u00b7legi de Farmac\u00e8utics de Barcelona\",\"url\":\"https:\/\/www.cofb.org\/\",\"logo\":{\"@type\":\"ImageObject\",\"inLanguage\":\"ca\",\"@id\":\"https:\/\/www.cofb.org\/#\/schema\/logo\/image\/\",\"url\":\"https:\/\/www.cofb.org\/wp-content\/uploads\/2023\/11\/cropped-Logotip-COFB.png\",\"contentUrl\":\"https:\/\/www.cofb.org\/wp-content\/uploads\/2023\/11\/cropped-Logotip-COFB.png\",\"width\":500,\"height\":105,\"caption\":\"Col\u00b7legi de Farmac\u00e8utics de Barcelona\"},\"image\":{\"@id\":\"https:\/\/www.cofb.org\/#\/schema\/logo\/image\/\"},\"sameAs\":[\"https:\/\/www.facebook.com\/farmaceuticsbcn\/\",\"https:\/\/twitter.com\/farmaceuticsbcn\",\"https:\/\/www.instagram.com\/farmaceuticsbcn\/\",\"https:\/\/www.linkedin.com\/company\/farmaceuticsbcn\/\"]},{\"@type\":\"Person\",\"@id\":\"https:\/\/www.cofb.org\/#\/schema\/person\/22ed7eea88da74b0fa4d3154ad87ffcb\",\"name\":\"wpAdminCofbOrg\",\"image\":{\"@type\":\"ImageObject\",\"inLanguage\":\"ca\",\"@id\":\"https:\/\/www.cofb.org\/#\/schema\/person\/image\/\",\"url\":\"https:\/\/secure.gravatar.com\/avatar\/1721b20b3b8ca882c3b56ec6c978c594fff670e40c0718e9190eaeeb76aae7d8?s=96&d=mm&r=g\",\"contentUrl\":\"https:\/\/secure.gravatar.com\/avatar\/1721b20b3b8ca882c3b56ec6c978c594fff670e40c0718e9190eaeeb76aae7d8?s=96&d=mm&r=g\",\"caption\":\"wpAdminCofbOrg\"},\"sameAs\":[\"http:\/\/192.168.64.122\/wordpress\"],\"url\":\"https:\/\/www.cofb.org\/ca\/author\/wpadmincofborg\/\"}]}<\/script>\n<!-- \/ Yoast SEO plugin. -->","yoast_head_json":{"title":"Els farmac\u00e8utics cobren la factura de juny; pendents novembre i desembre de 2012 i maig de 2013 - Col\u00b7legi de Farmac\u00e8utics de Barcelona","robots":{"index":"index","follow":"follow","max-snippet":"max-snippet:-1","max-image-preview":"max-image-preview:large","max-video-preview":"max-video-preview:-1"},"canonical":"https:\/\/novaorg.cofb.net\/2013\/08\/01\/els-farmaceutics-cobren-la-factura-de-juny-pendents-novembre-i-desembre-de-2012-i-maig-de-2013\/","og_locale":"ca_ES","og_type":"article","og_title":"Els farmac\u00e8utics cobren la factura de juny; pendents novembre i desembre de 2012 i maig de 2013 - Col\u00b7legi de Farmac\u00e8utics de Barcelona","og_description":"\u00a0 \u2022\u00a0L\u2019Administraci\u00f3 segueix devent als farmac\u00e8utics catalans 309,8 milions d\u2019euros \u2022\u00a0Els mesos de novembre, desembre i maig s\u2019inclouen en el Pla ICO de pagament a prove\u00efdors del Ministeri d\u2019Hisenda Barcelona, 1 d\u2019agost de 2013.- El CatSalut ha abonat la\u00a0factura de les receptes dispensades a les farm\u00e0cies catalanes durant el mes [&hellip;]","og_url":"https:\/\/novaorg.cofb.net\/2013\/08\/01\/els-farmaceutics-cobren-la-factura-de-juny-pendents-novembre-i-desembre-de-2012-i-maig-de-2013\/","og_site_name":"Col\u00b7legi de Farmac\u00e8utics de Barcelona","article_publisher":"https:\/\/www.facebook.com\/farmaceuticsbcn\/","article_published_time":"2013-08-01T19:07:00+00:00","author":"wpAdminCofbOrg","twitter_card":"summary_large_image","twitter_creator":"@farmaceuticsbcn","twitter_site":"@farmaceuticsbcn","twitter_misc":{"Escrit per":"wpAdminCofbOrg","Temps estimat de lectura":"5 minuts"},"schema":{"@context":"https:\/\/schema.org","@graph":[{"@type":"Article","@id":"https:\/\/novaorg.cofb.net\/2013\/08\/01\/els-farmaceutics-cobren-la-factura-de-juny-pendents-novembre-i-desembre-de-2012-i-maig-de-2013\/#article","isPartOf":{"@id":"https:\/\/novaorg.cofb.net\/2013\/08\/01\/els-farmaceutics-cobren-la-factura-de-juny-pendents-novembre-i-desembre-de-2012-i-maig-de-2013\/"},"author":{"name":"wpAdminCofbOrg","@id":"https:\/\/www.cofb.org\/#\/schema\/person\/22ed7eea88da74b0fa4d3154ad87ffcb"},"headline":"Els farmac\u00e8utics cobren la factura de juny; pendents novembre i desembre de 2012 i maig de 2013","datePublished":"2013-08-01T19:07:00+00:00","dateModified":"2013-08-01T19:07:00+00:00","mainEntityOfPage":{"@id":"https:\/\/novaorg.cofb.net\/2013\/08\/01\/els-farmaceutics-cobren-la-factura-de-juny-pendents-novembre-i-desembre-de-2012-i-maig-de-2013\/"},"wordCount":1025,"publisher":{"@id":"https:\/\/www.cofb.org\/#organization"},"articleSection":["Notes de premsa"],"inLanguage":"ca"},{"@type":"WebPage","@id":"https:\/\/novaorg.cofb.net\/2013\/08\/01\/els-farmaceutics-cobren-la-factura-de-juny-pendents-novembre-i-desembre-de-2012-i-maig-de-2013\/","url":"https:\/\/novaorg.cofb.net\/2013\/08\/01\/els-farmaceutics-cobren-la-factura-de-juny-pendents-novembre-i-desembre-de-2012-i-maig-de-2013\/","name":"Els farmac\u00e8utics cobren la factura de juny; pendents novembre i desembre de 2012 i maig de 2013 - Col\u00b7legi de Farmac\u00e8utics de Barcelona","isPartOf":{"@id":"https:\/\/www.cofb.org\/#website"},"datePublished":"2013-08-01T19:07:00+00:00","dateModified":"2013-08-01T19:07:00+00:00","breadcrumb":{"@id":"https:\/\/novaorg.cofb.net\/2013\/08\/01\/els-farmaceutics-cobren-la-factura-de-juny-pendents-novembre-i-desembre-de-2012-i-maig-de-2013\/#breadcrumb"},"inLanguage":"ca","potentialAction":[{"@type":"ReadAction","target":["https:\/\/novaorg.cofb.net\/2013\/08\/01\/els-farmaceutics-cobren-la-factura-de-juny-pendents-novembre-i-desembre-de-2012-i-maig-de-2013\/"]}]},{"@type":"BreadcrumbList","@id":"https:\/\/novaorg.cofb.net\/2013\/08\/01\/els-farmaceutics-cobren-la-factura-de-juny-pendents-novembre-i-desembre-de-2012-i-maig-de-2013\/#breadcrumb","itemListElement":[{"@type":"ListItem","position":1,"name":"Inici","item":"https:\/\/novaorg.cofb.net\/"},{"@type":"ListItem","position":2,"name":"Els farmac\u00e8utics cobren la factura de juny; pendents novembre i desembre de 2012 i maig de 2013"}]},{"@type":"WebSite","@id":"https:\/\/www.cofb.org\/#website","url":"https:\/\/www.cofb.org\/","name":"Col\u00b7legi de Farmac\u00e8utics de Barcelona","description":"","publisher":{"@id":"https:\/\/www.cofb.org\/#organization"},"potentialAction":[{"@type":"SearchAction","target":{"@type":"EntryPoint","urlTemplate":"https:\/\/www.cofb.org\/?s={search_term_string}"},"query-input":"required name=search_term_string"}],"inLanguage":"ca"},{"@type":"Organization","@id":"https:\/\/www.cofb.org\/#organization","name":"Col\u00b7legi de Farmac\u00e8utics de Barcelona","url":"https:\/\/www.cofb.org\/","logo":{"@type":"ImageObject","inLanguage":"ca","@id":"https:\/\/www.cofb.org\/#\/schema\/logo\/image\/","url":"https:\/\/www.cofb.org\/wp-content\/uploads\/2023\/11\/cropped-Logotip-COFB.png","contentUrl":"https:\/\/www.cofb.org\/wp-content\/uploads\/2023\/11\/cropped-Logotip-COFB.png","width":500,"height":105,"caption":"Col\u00b7legi de Farmac\u00e8utics de Barcelona"},"image":{"@id":"https:\/\/www.cofb.org\/#\/schema\/logo\/image\/"},"sameAs":["https:\/\/www.facebook.com\/farmaceuticsbcn\/","https:\/\/twitter.com\/farmaceuticsbcn","https:\/\/www.instagram.com\/farmaceuticsbcn\/","https:\/\/www.linkedin.com\/company\/farmaceuticsbcn\/"]},{"@type":"Person","@id":"https:\/\/www.cofb.org\/#\/schema\/person\/22ed7eea88da74b0fa4d3154ad87ffcb","name":"wpAdminCofbOrg","image":{"@type":"ImageObject","inLanguage":"ca","@id":"https:\/\/www.cofb.org\/#\/schema\/person\/image\/","url":"https:\/\/secure.gravatar.com\/avatar\/1721b20b3b8ca882c3b56ec6c978c594fff670e40c0718e9190eaeeb76aae7d8?s=96&d=mm&r=g","contentUrl":"https:\/\/secure.gravatar.com\/avatar\/1721b20b3b8ca882c3b56ec6c978c594fff670e40c0718e9190eaeeb76aae7d8?s=96&d=mm&r=g","caption":"wpAdminCofbOrg"},"sameAs":["http:\/\/192.168.64.122\/wordpress"],"url":"https:\/\/www.cofb.org\/ca\/author\/wpadmincofborg\/"}]}},"uagb_featured_image_src":{"full":false,"thumbnail":false,"medium":false,"medium_large":false,"large":false,"1536x1536":false,"2048x2048":false,"trp-custom-language-flag":false},"uagb_author_info":{"display_name":"wpAdminCofbOrg","author_link":"https:\/\/www.cofb.org\/ca\/author\/wpadmincofborg\/"},"uagb_comment_info":0,"uagb_excerpt":"\u00a0 \u2022\u00a0L\u2019Administraci\u00f3 segueix devent als farmac\u00e8utics catalans 309,8 milions d\u2019euros \u2022\u00a0Els mesos de novembre, desembre i maig s\u2019inclouen en el Pla ICO de pagament a prove\u00efdors del Ministeri d\u2019Hisenda Barcelona, 1 d\u2019agost de 2013.- El CatSalut ha abonat la\u00a0factura de les receptes dispensades a les farm\u00e0cies catalanes durant el mes [&hellip;]","_links":{"self":[{"href":"https:\/\/www.cofb.org\/ca\/wp-json\/wp\/v2\/posts\/77551","targetHints":{"allow":["GET"]}}],"collection":[{"href":"https:\/\/www.cofb.org\/ca\/wp-json\/wp\/v2\/posts"}],"about":[{"href":"https:\/\/www.cofb.org\/ca\/wp-json\/wp\/v2\/types\/post"}],"author":[{"embeddable":true,"href":"https:\/\/www.cofb.org\/ca\/wp-json\/wp\/v2\/users\/1"}],"replies":[{"embeddable":true,"href":"https:\/\/www.cofb.org\/ca\/wp-json\/wp\/v2\/comments?post=77551"}],"version-history":[{"count":0,"href":"https:\/\/www.cofb.org\/ca\/wp-json\/wp\/v2\/posts\/77551\/revisions"}],"wp:attachment":[{"href":"https:\/\/www.cofb.org\/ca\/wp-json\/wp\/v2\/media?parent=77551"}],"wp:term":[{"taxonomy":"category","embeddable":true,"href":"https:\/\/www.cofb.org\/ca\/wp-json\/wp\/v2\/categories?post=77551"},{"taxonomy":"post_tag","embeddable":true,"href":"https:\/\/www.cofb.org\/ca\/wp-json\/wp\/v2\/tags?post=77551"}],"curies":[{"name":"wp","href":"https:\/\/api.w.org\/{rel}","templated":true}]}}