{"id":77546,"date":"2013-10-15T14:41:00","date_gmt":"2013-10-15T14:41:00","guid":{"rendered":"https:\/\/novaorg.cofb.net\/2013\/10\/15\/els-farmaceutics-preocupats-per-un-possible-nou-impagament-de-la-factura-dels-medicaments-dispensats-2\/"},"modified":"2013-10-15T14:41:00","modified_gmt":"2013-10-15T14:41:00","slug":"els-farmaceutics-preocupats-per-un-possible-nou-impagament-de-la-factura-dels-medicaments-dispensats-2","status":"publish","type":"post","link":"https:\/\/www.cofb.org\/ca\/2013\/10\/15\/els-farmaceutics-preocupats-per-un-possible-nou-impagament-de-la-factura-dels-medicaments-dispensats-2\/","title":{"rendered":"Els farmac\u00e8utics, preocupats per un possible nou impagament de la factura dels medicaments dispensats"},"content":{"rendered":"<p>\u00a0<\/p>\n<p>\u00a0<span>\u2022<\/span><span>\u00a0<\/span><strong>Les farm\u00e0cies catalanes encara estan pendents de recuperar a trav\u00e9s del Pla ICO Prove\u00efdors, els 309 milions d\u2019euros que els hi deu l\u2019Administraci\u00f3, import que correspon a les factures impagades de novembre i desembre de 2012 i maig de 2013<\/strong><\/p>\n<p align=\"justify\"><em><br \/>Barcelona, octubre de 2013<\/em>.- L\u2019alerta ha tornat a saltar entre les farm\u00e0cies catalanes despr\u00e9s que el CatSalut els hi anunci\u00e9s avui que no podr\u00e0 comptar amb la transfer\u00e8ncia del Fons de Liquiditat Auton\u00f2mica per fer front al pagament de la factura dels medicaments dispensats al setembre, previst per al 31 d\u2019octubre i que suma\u00a0<strong>107 milions d\u2019euros<\/strong>.<\/p>\n<p align=\"justify\">L\u2019anunci s\u2019ha produ\u00eft despr\u00e9s que es fes p\u00fablic que la Generalitat disposar\u00e0 de 1.700 milions d\u2019euros menys dels sol\u00b7licitats a trav\u00e9s del Fons de Liquiditat Auton\u00f2mica, mitjan\u00e7ant el qual s\u2019estava fent front a la factura dels medicaments en els darrers mesos.<\/p>\n<p align=\"justify\">El president del Consell de Col\u00b7legis de Farmac\u00e8utics de Catalunya (CCFC), Jordi de Dalmases, ja ha iniciat contactes per evitar que els problemes de tresoreria afectin novament a\u00a0<strong>les farm\u00e0cies<\/strong>, que\u00a0<strong>continuen pendents de cobrar les factures de novembre i desembre de 2012 i maig de 2013<\/strong>, un total de 309 milions d\u2019euros que es van incloure en el Pla ICO Prove\u00efdors.<\/p>\n<p align=\"justify\"><strong>Per a m\u00e9s informaci\u00f3<\/strong>:\u00a0<br \/>Departament de Comunicaci\u00f3 &#8211; Consell de Col\u00b7legis de Farmac\u00e8utics de Catalunya\u00a0<br \/>93 244 07 28 \/ 18 &#8211;\u00a0<a href=\"mailto:premsa@cofb.net\">premsa@cofb.net<\/a>\u00a0<br \/>P\u00e0gina web del Consell:\u00a0<a target=\"_blank\" href=\"http:\/\/www.ccfc.cat\/\" rel=\"noopener\">http:\/\/www.ccfc.cat<\/a><\/p>\n<p align=\"justify\">\u00a0<\/p>\n<p>\u00a0\u00a0\u2022\u00a0Les farm\u00e0cies catalanes encara estan pendents de recuperar a trav\u00e9s del Pla ICO Prove\u00efdors, els 309 milions d\u2019euros que els hi deu l\u2019Administraci\u00f3, import que correspon a les factures impagades de novembre i desembre de 2012 i maig de 2013Barcelona, octubre de 2013.- L\u2019alerta ha tornat a saltar entre les farm\u00e0cies catalanes despr\u00e9s que el CatSalut els hi anunci\u00e9s avui que no podr\u00e0 comptar amb la transfer\u00e8ncia del Fons de Liquiditat Auton\u00f2mica per fer front al pagament de la factura dels medicaments dispensats al setembre, previst per al 31 d\u2019octubre i que suma\u00a0107 milions d\u2019euros.L\u2019anunci s\u2019ha produ\u00eft despr\u00e9s que es fes p\u00fablic que la Generalitat disposar\u00e0 de 1.700 milions d\u2019euros menys dels sol\u00b7licitats a trav\u00e9s del Fons de Liquiditat Auton\u00f2mica, mitjan\u00e7ant el qual s\u2019estava fent front a la factura dels medicaments en els darrers mesos.El president del Consell de Col\u00b7legis de Farmac\u00e8utics de Catalunya (CCFC), Jordi de Dalmases, ja ha iniciat contactes per evitar que els problemes de tresoreria afectin novament a\u00a0les farm\u00e0cies, que\u00a0continuen pendents de cobrar les factures de novembre i desembre de 2012 i maig de 2013, un total de 309 milions d\u2019euros que es van incloure en el Pla ICO Prove\u00efdors.Per a m\u00e9s informaci\u00f3:\u00a0Departament de Comunicaci\u00f3 &#8211; Consell de Col\u00b7legis de Farmac\u00e8utics de Catalunya\u00a093 244 07 28 \/ 18 &#8211;\u00a0premsa@cofb.net\u00a0P\u00e0gina web del Consell:\u00a0http:\/\/www.ccfc.cat\u00a0\u00a0\u00a0COFB.ORG<\/p>\n","protected":false},"excerpt":{"rendered":"<p>\u00a0 \u00a0\u2022\u00a0Les farm\u00e0cies catalanes encara estan pendents de recuperar a trav\u00e9s del Pla ICO Prove\u00efdors, els 309 milions d\u2019euros que els hi deu l\u2019Administraci\u00f3, import que correspon a les factures impagades de novembre i desembre de 2012 i maig de 2013 Barcelona, octubre de 2013.- L\u2019alerta ha tornat a saltar [&hellip;]<\/p>\n","protected":false},"author":1,"featured_media":0,"comment_status":"","ping_status":"","sticky":false,"template":"","format":"standard","meta":{"_uag_custom_page_level_css":"","site-sidebar-layout":"default","site-content-layout":"","ast-site-content-layout":"default","site-content-style":"default","site-sidebar-style":"default","ast-global-header-display":"","ast-banner-title-visibility":"","ast-main-header-display":"","ast-hfb-above-header-display":"","ast-hfb-below-header-display":"","ast-hfb-mobile-header-display":"","site-post-title":"","ast-breadcrumbs-content":"","ast-featured-img":"disabled","footer-sml-layout":"","theme-transparent-header-meta":"","adv-header-id-meta":"","stick-header-meta":"","header-above-stick-meta":"","header-main-stick-meta":"","header-below-stick-meta":"","astra-migrate-meta-layouts":"default","ast-page-background-enabled":"default","ast-page-background-meta":{"desktop":{"background-color":"var(--ast-global-color-4)","background-image":"","background-repeat":"repeat","background-position":"center center","background-size":"auto","background-attachment":"scroll","background-type":"","background-media":"","overlay-type":"","overlay-color":"","overlay-opacity":"","overlay-gradient":""},"tablet":{"background-color":"","background-image":"","background-repeat":"repeat","background-position":"center center","background-size":"auto","background-attachment":"scroll","background-type":"","background-media":"","overlay-type":"","overlay-color":"","overlay-opacity":"","overlay-gradient":""},"mobile":{"background-color":"","background-image":"","background-repeat":"repeat","background-position":"center center","background-size":"auto","background-attachment":"scroll","background-type":"","background-media":"","overlay-type":"","overlay-color":"","overlay-opacity":"","overlay-gradient":""}},"ast-content-background-meta":{"desktop":{"background-color":"var(--ast-global-color-5)","background-image":"","background-repeat":"repeat","background-position":"center center","background-size":"auto","background-attachment":"scroll","background-type":"","background-media":"","overlay-type":"","overlay-color":"","overlay-opacity":"","overlay-gradient":""},"tablet":{"background-color":"var(--ast-global-color-5)","background-image":"","background-repeat":"repeat","background-position":"center center","background-size":"auto","background-attachment":"scroll","background-type":"","background-media":"","overlay-type":"","overlay-color":"","overlay-opacity":"","overlay-gradient":""},"mobile":{"background-color":"var(--ast-global-color-5)","background-image":"","background-repeat":"repeat","background-position":"center center","background-size":"auto","background-attachment":"scroll","background-type":"","background-media":"","overlay-type":"","overlay-color":"","overlay-opacity":"","overlay-gradient":""}},"footnotes":""},"categories":[1060,1066],"tags":[],"class_list":["post-77546","post","type-post","status-publish","format-standard","hentry","category-notes-premsa","category-sense-categoria-ca"],"yoast_head":"<!-- This site is optimized with the Yoast SEO plugin v22.4 - https:\/\/yoast.com\/wordpress\/plugins\/seo\/ -->\n<title>Els farmac\u00e8utics, preocupats per un possible nou impagament de la factura dels medicaments dispensats - Col\u00b7legi de Farmac\u00e8utics de Barcelona<\/title>\n<meta name=\"robots\" content=\"index, follow, max-snippet:-1, max-image-preview:large, max-video-preview:-1\" \/>\n<link rel=\"canonical\" href=\"https:\/\/novaorg.cofb.net\/2013\/10\/15\/els-farmaceutics-preocupats-per-un-possible-nou-impagament-de-la-factura-dels-medicaments-dispensats-2\/\" \/>\n<meta property=\"og:locale\" content=\"ca_ES\" \/>\n<meta property=\"og:type\" content=\"article\" \/>\n<meta property=\"og:title\" content=\"Els farmac\u00e8utics, preocupats per un possible nou impagament de la factura dels medicaments dispensats - Col\u00b7legi de Farmac\u00e8utics de Barcelona\" \/>\n<meta property=\"og:description\" content=\"\u00a0 \u00a0\u2022\u00a0Les farm\u00e0cies catalanes encara estan pendents de recuperar a trav\u00e9s del Pla ICO Prove\u00efdors, els 309 milions d\u2019euros que els hi deu l\u2019Administraci\u00f3, import que correspon a les factures impagades de novembre i desembre de 2012 i maig de 2013 Barcelona, octubre de 2013.- L\u2019alerta ha tornat a saltar [&hellip;]\" \/>\n<meta property=\"og:url\" content=\"https:\/\/novaorg.cofb.net\/2013\/10\/15\/els-farmaceutics-preocupats-per-un-possible-nou-impagament-de-la-factura-dels-medicaments-dispensats-2\/\" \/>\n<meta property=\"og:site_name\" content=\"Col\u00b7legi de Farmac\u00e8utics de Barcelona\" \/>\n<meta property=\"article:publisher\" content=\"https:\/\/www.facebook.com\/farmaceuticsbcn\/\" \/>\n<meta property=\"article:published_time\" content=\"2013-10-15T14:41:00+00:00\" \/>\n<meta name=\"author\" content=\"wpAdminCofbOrg\" \/>\n<meta name=\"twitter:card\" content=\"summary_large_image\" \/>\n<meta name=\"twitter:creator\" content=\"@farmaceuticsbcn\" \/>\n<meta name=\"twitter:site\" content=\"@farmaceuticsbcn\" \/>\n<meta name=\"twitter:label1\" content=\"Escrit per\" \/>\n\t<meta name=\"twitter:data1\" content=\"wpAdminCofbOrg\" \/>\n\t<meta name=\"twitter:label2\" content=\"Temps estimat de lectura\" \/>\n\t<meta name=\"twitter:data2\" content=\"3 minuts\" \/>\n<script type=\"application\/ld+json\" class=\"yoast-schema-graph\">{\"@context\":\"https:\/\/schema.org\",\"@graph\":[{\"@type\":\"Article\",\"@id\":\"https:\/\/novaorg.cofb.net\/2013\/10\/15\/els-farmaceutics-preocupats-per-un-possible-nou-impagament-de-la-factura-dels-medicaments-dispensats-2\/#article\",\"isPartOf\":{\"@id\":\"https:\/\/novaorg.cofb.net\/2013\/10\/15\/els-farmaceutics-preocupats-per-un-possible-nou-impagament-de-la-factura-dels-medicaments-dispensats-2\/\"},\"author\":{\"name\":\"wpAdminCofbOrg\",\"@id\":\"https:\/\/www.cofb.org\/#\/schema\/person\/22ed7eea88da74b0fa4d3154ad87ffcb\"},\"headline\":\"Els farmac\u00e8utics, preocupats per un possible nou impagament de la factura dels medicaments dispensats\",\"datePublished\":\"2013-10-15T14:41:00+00:00\",\"dateModified\":\"2013-10-15T14:41:00+00:00\",\"mainEntityOfPage\":{\"@id\":\"https:\/\/novaorg.cofb.net\/2013\/10\/15\/els-farmaceutics-preocupats-per-un-possible-nou-impagament-de-la-factura-dels-medicaments-dispensats-2\/\"},\"wordCount\":519,\"publisher\":{\"@id\":\"https:\/\/www.cofb.org\/#organization\"},\"articleSection\":[\"Notes de premsa\"],\"inLanguage\":\"ca\"},{\"@type\":\"WebPage\",\"@id\":\"https:\/\/novaorg.cofb.net\/2013\/10\/15\/els-farmaceutics-preocupats-per-un-possible-nou-impagament-de-la-factura-dels-medicaments-dispensats-2\/\",\"url\":\"https:\/\/novaorg.cofb.net\/2013\/10\/15\/els-farmaceutics-preocupats-per-un-possible-nou-impagament-de-la-factura-dels-medicaments-dispensats-2\/\",\"name\":\"Els farmac\u00e8utics, preocupats per un possible nou impagament de la factura dels medicaments dispensats - Col\u00b7legi de Farmac\u00e8utics de Barcelona\",\"isPartOf\":{\"@id\":\"https:\/\/www.cofb.org\/#website\"},\"datePublished\":\"2013-10-15T14:41:00+00:00\",\"dateModified\":\"2013-10-15T14:41:00+00:00\",\"breadcrumb\":{\"@id\":\"https:\/\/novaorg.cofb.net\/2013\/10\/15\/els-farmaceutics-preocupats-per-un-possible-nou-impagament-de-la-factura-dels-medicaments-dispensats-2\/#breadcrumb\"},\"inLanguage\":\"ca\",\"potentialAction\":[{\"@type\":\"ReadAction\",\"target\":[\"https:\/\/novaorg.cofb.net\/2013\/10\/15\/els-farmaceutics-preocupats-per-un-possible-nou-impagament-de-la-factura-dels-medicaments-dispensats-2\/\"]}]},{\"@type\":\"BreadcrumbList\",\"@id\":\"https:\/\/novaorg.cofb.net\/2013\/10\/15\/els-farmaceutics-preocupats-per-un-possible-nou-impagament-de-la-factura-dels-medicaments-dispensats-2\/#breadcrumb\",\"itemListElement\":[{\"@type\":\"ListItem\",\"position\":1,\"name\":\"Inici\",\"item\":\"https:\/\/novaorg.cofb.net\/\"},{\"@type\":\"ListItem\",\"position\":2,\"name\":\"Els farmac\u00e8utics, preocupats per un possible nou impagament de la factura dels medicaments dispensats\"}]},{\"@type\":\"WebSite\",\"@id\":\"https:\/\/www.cofb.org\/#website\",\"url\":\"https:\/\/www.cofb.org\/\",\"name\":\"Col\u00b7legi de Farmac\u00e8utics de Barcelona\",\"description\":\"\",\"publisher\":{\"@id\":\"https:\/\/www.cofb.org\/#organization\"},\"potentialAction\":[{\"@type\":\"SearchAction\",\"target\":{\"@type\":\"EntryPoint\",\"urlTemplate\":\"https:\/\/www.cofb.org\/?s={search_term_string}\"},\"query-input\":\"required name=search_term_string\"}],\"inLanguage\":\"ca\"},{\"@type\":\"Organization\",\"@id\":\"https:\/\/www.cofb.org\/#organization\",\"name\":\"Col\u00b7legi de Farmac\u00e8utics de Barcelona\",\"url\":\"https:\/\/www.cofb.org\/\",\"logo\":{\"@type\":\"ImageObject\",\"inLanguage\":\"ca\",\"@id\":\"https:\/\/www.cofb.org\/#\/schema\/logo\/image\/\",\"url\":\"https:\/\/www.cofb.org\/wp-content\/uploads\/2023\/11\/cropped-Logotip-COFB.png\",\"contentUrl\":\"https:\/\/www.cofb.org\/wp-content\/uploads\/2023\/11\/cropped-Logotip-COFB.png\",\"width\":500,\"height\":105,\"caption\":\"Col\u00b7legi de Farmac\u00e8utics de Barcelona\"},\"image\":{\"@id\":\"https:\/\/www.cofb.org\/#\/schema\/logo\/image\/\"},\"sameAs\":[\"https:\/\/www.facebook.com\/farmaceuticsbcn\/\",\"https:\/\/twitter.com\/farmaceuticsbcn\",\"https:\/\/www.instagram.com\/farmaceuticsbcn\/\",\"https:\/\/www.linkedin.com\/company\/farmaceuticsbcn\/\"]},{\"@type\":\"Person\",\"@id\":\"https:\/\/www.cofb.org\/#\/schema\/person\/22ed7eea88da74b0fa4d3154ad87ffcb\",\"name\":\"wpAdminCofbOrg\",\"image\":{\"@type\":\"ImageObject\",\"inLanguage\":\"ca\",\"@id\":\"https:\/\/www.cofb.org\/#\/schema\/person\/image\/\",\"url\":\"https:\/\/secure.gravatar.com\/avatar\/1721b20b3b8ca882c3b56ec6c978c594fff670e40c0718e9190eaeeb76aae7d8?s=96&d=mm&r=g\",\"contentUrl\":\"https:\/\/secure.gravatar.com\/avatar\/1721b20b3b8ca882c3b56ec6c978c594fff670e40c0718e9190eaeeb76aae7d8?s=96&d=mm&r=g\",\"caption\":\"wpAdminCofbOrg\"},\"sameAs\":[\"http:\/\/192.168.64.122\/wordpress\"],\"url\":\"https:\/\/www.cofb.org\/ca\/author\/wpadmincofborg\/\"}]}<\/script>\n<!-- \/ Yoast SEO plugin. -->","yoast_head_json":{"title":"Els farmac\u00e8utics, preocupats per un possible nou impagament de la factura dels medicaments dispensats - Col\u00b7legi de Farmac\u00e8utics de Barcelona","robots":{"index":"index","follow":"follow","max-snippet":"max-snippet:-1","max-image-preview":"max-image-preview:large","max-video-preview":"max-video-preview:-1"},"canonical":"https:\/\/novaorg.cofb.net\/2013\/10\/15\/els-farmaceutics-preocupats-per-un-possible-nou-impagament-de-la-factura-dels-medicaments-dispensats-2\/","og_locale":"ca_ES","og_type":"article","og_title":"Els farmac\u00e8utics, preocupats per un possible nou impagament de la factura dels medicaments dispensats - Col\u00b7legi de Farmac\u00e8utics de Barcelona","og_description":"\u00a0 \u00a0\u2022\u00a0Les farm\u00e0cies catalanes encara estan pendents de recuperar a trav\u00e9s del Pla ICO Prove\u00efdors, els 309 milions d\u2019euros que els hi deu l\u2019Administraci\u00f3, import que correspon a les factures impagades de novembre i desembre de 2012 i maig de 2013 Barcelona, octubre de 2013.- L\u2019alerta ha tornat a saltar [&hellip;]","og_url":"https:\/\/novaorg.cofb.net\/2013\/10\/15\/els-farmaceutics-preocupats-per-un-possible-nou-impagament-de-la-factura-dels-medicaments-dispensats-2\/","og_site_name":"Col\u00b7legi de Farmac\u00e8utics de Barcelona","article_publisher":"https:\/\/www.facebook.com\/farmaceuticsbcn\/","article_published_time":"2013-10-15T14:41:00+00:00","author":"wpAdminCofbOrg","twitter_card":"summary_large_image","twitter_creator":"@farmaceuticsbcn","twitter_site":"@farmaceuticsbcn","twitter_misc":{"Escrit per":"wpAdminCofbOrg","Temps estimat de lectura":"3 minuts"},"schema":{"@context":"https:\/\/schema.org","@graph":[{"@type":"Article","@id":"https:\/\/novaorg.cofb.net\/2013\/10\/15\/els-farmaceutics-preocupats-per-un-possible-nou-impagament-de-la-factura-dels-medicaments-dispensats-2\/#article","isPartOf":{"@id":"https:\/\/novaorg.cofb.net\/2013\/10\/15\/els-farmaceutics-preocupats-per-un-possible-nou-impagament-de-la-factura-dels-medicaments-dispensats-2\/"},"author":{"name":"wpAdminCofbOrg","@id":"https:\/\/www.cofb.org\/#\/schema\/person\/22ed7eea88da74b0fa4d3154ad87ffcb"},"headline":"Els farmac\u00e8utics, preocupats per un possible nou impagament de la factura dels medicaments dispensats","datePublished":"2013-10-15T14:41:00+00:00","dateModified":"2013-10-15T14:41:00+00:00","mainEntityOfPage":{"@id":"https:\/\/novaorg.cofb.net\/2013\/10\/15\/els-farmaceutics-preocupats-per-un-possible-nou-impagament-de-la-factura-dels-medicaments-dispensats-2\/"},"wordCount":519,"publisher":{"@id":"https:\/\/www.cofb.org\/#organization"},"articleSection":["Notes de premsa"],"inLanguage":"ca"},{"@type":"WebPage","@id":"https:\/\/novaorg.cofb.net\/2013\/10\/15\/els-farmaceutics-preocupats-per-un-possible-nou-impagament-de-la-factura-dels-medicaments-dispensats-2\/","url":"https:\/\/novaorg.cofb.net\/2013\/10\/15\/els-farmaceutics-preocupats-per-un-possible-nou-impagament-de-la-factura-dels-medicaments-dispensats-2\/","name":"Els farmac\u00e8utics, preocupats per un possible nou impagament de la factura dels medicaments dispensats - Col\u00b7legi de Farmac\u00e8utics de Barcelona","isPartOf":{"@id":"https:\/\/www.cofb.org\/#website"},"datePublished":"2013-10-15T14:41:00+00:00","dateModified":"2013-10-15T14:41:00+00:00","breadcrumb":{"@id":"https:\/\/novaorg.cofb.net\/2013\/10\/15\/els-farmaceutics-preocupats-per-un-possible-nou-impagament-de-la-factura-dels-medicaments-dispensats-2\/#breadcrumb"},"inLanguage":"ca","potentialAction":[{"@type":"ReadAction","target":["https:\/\/novaorg.cofb.net\/2013\/10\/15\/els-farmaceutics-preocupats-per-un-possible-nou-impagament-de-la-factura-dels-medicaments-dispensats-2\/"]}]},{"@type":"BreadcrumbList","@id":"https:\/\/novaorg.cofb.net\/2013\/10\/15\/els-farmaceutics-preocupats-per-un-possible-nou-impagament-de-la-factura-dels-medicaments-dispensats-2\/#breadcrumb","itemListElement":[{"@type":"ListItem","position":1,"name":"Inici","item":"https:\/\/novaorg.cofb.net\/"},{"@type":"ListItem","position":2,"name":"Els farmac\u00e8utics, preocupats per un possible nou impagament de la factura dels medicaments dispensats"}]},{"@type":"WebSite","@id":"https:\/\/www.cofb.org\/#website","url":"https:\/\/www.cofb.org\/","name":"Col\u00b7legi de Farmac\u00e8utics de Barcelona","description":"","publisher":{"@id":"https:\/\/www.cofb.org\/#organization"},"potentialAction":[{"@type":"SearchAction","target":{"@type":"EntryPoint","urlTemplate":"https:\/\/www.cofb.org\/?s={search_term_string}"},"query-input":"required name=search_term_string"}],"inLanguage":"ca"},{"@type":"Organization","@id":"https:\/\/www.cofb.org\/#organization","name":"Col\u00b7legi de Farmac\u00e8utics de Barcelona","url":"https:\/\/www.cofb.org\/","logo":{"@type":"ImageObject","inLanguage":"ca","@id":"https:\/\/www.cofb.org\/#\/schema\/logo\/image\/","url":"https:\/\/www.cofb.org\/wp-content\/uploads\/2023\/11\/cropped-Logotip-COFB.png","contentUrl":"https:\/\/www.cofb.org\/wp-content\/uploads\/2023\/11\/cropped-Logotip-COFB.png","width":500,"height":105,"caption":"Col\u00b7legi de Farmac\u00e8utics de Barcelona"},"image":{"@id":"https:\/\/www.cofb.org\/#\/schema\/logo\/image\/"},"sameAs":["https:\/\/www.facebook.com\/farmaceuticsbcn\/","https:\/\/twitter.com\/farmaceuticsbcn","https:\/\/www.instagram.com\/farmaceuticsbcn\/","https:\/\/www.linkedin.com\/company\/farmaceuticsbcn\/"]},{"@type":"Person","@id":"https:\/\/www.cofb.org\/#\/schema\/person\/22ed7eea88da74b0fa4d3154ad87ffcb","name":"wpAdminCofbOrg","image":{"@type":"ImageObject","inLanguage":"ca","@id":"https:\/\/www.cofb.org\/#\/schema\/person\/image\/","url":"https:\/\/secure.gravatar.com\/avatar\/1721b20b3b8ca882c3b56ec6c978c594fff670e40c0718e9190eaeeb76aae7d8?s=96&d=mm&r=g","contentUrl":"https:\/\/secure.gravatar.com\/avatar\/1721b20b3b8ca882c3b56ec6c978c594fff670e40c0718e9190eaeeb76aae7d8?s=96&d=mm&r=g","caption":"wpAdminCofbOrg"},"sameAs":["http:\/\/192.168.64.122\/wordpress"],"url":"https:\/\/www.cofb.org\/ca\/author\/wpadmincofborg\/"}]}},"uagb_featured_image_src":{"full":false,"thumbnail":false,"medium":false,"medium_large":false,"large":false,"1536x1536":false,"2048x2048":false,"trp-custom-language-flag":false},"uagb_author_info":{"display_name":"wpAdminCofbOrg","author_link":"https:\/\/www.cofb.org\/ca\/author\/wpadmincofborg\/"},"uagb_comment_info":0,"uagb_excerpt":"\u00a0 \u00a0\u2022\u00a0Les farm\u00e0cies catalanes encara estan pendents de recuperar a trav\u00e9s del Pla ICO Prove\u00efdors, els 309 milions d\u2019euros que els hi deu l\u2019Administraci\u00f3, import que correspon a les factures impagades de novembre i desembre de 2012 i maig de 2013 Barcelona, octubre de 2013.- L\u2019alerta ha tornat a saltar [&hellip;]","_links":{"self":[{"href":"https:\/\/www.cofb.org\/ca\/wp-json\/wp\/v2\/posts\/77546","targetHints":{"allow":["GET"]}}],"collection":[{"href":"https:\/\/www.cofb.org\/ca\/wp-json\/wp\/v2\/posts"}],"about":[{"href":"https:\/\/www.cofb.org\/ca\/wp-json\/wp\/v2\/types\/post"}],"author":[{"embeddable":true,"href":"https:\/\/www.cofb.org\/ca\/wp-json\/wp\/v2\/users\/1"}],"replies":[{"embeddable":true,"href":"https:\/\/www.cofb.org\/ca\/wp-json\/wp\/v2\/comments?post=77546"}],"version-history":[{"count":0,"href":"https:\/\/www.cofb.org\/ca\/wp-json\/wp\/v2\/posts\/77546\/revisions"}],"wp:attachment":[{"href":"https:\/\/www.cofb.org\/ca\/wp-json\/wp\/v2\/media?parent=77546"}],"wp:term":[{"taxonomy":"category","embeddable":true,"href":"https:\/\/www.cofb.org\/ca\/wp-json\/wp\/v2\/categories?post=77546"},{"taxonomy":"post_tag","embeddable":true,"href":"https:\/\/www.cofb.org\/ca\/wp-json\/wp\/v2\/tags?post=77546"}],"curies":[{"name":"wp","href":"https:\/\/api.w.org\/{rel}","templated":true}]}}