{"id":77511,"date":"2014-07-07T12:32:00","date_gmt":"2014-07-07T12:32:00","guid":{"rendered":"https:\/\/novaorg.cofb.net\/2014\/07\/07\/nou-retard-en-el-pagament-als-farmaceutics-catalans-no-cobren-la-factura-dels-medicaments-dispensats-al-maig\/"},"modified":"2014-07-07T12:32:00","modified_gmt":"2014-07-07T12:32:00","slug":"nou-retard-en-el-pagament-als-farmaceutics-catalans-no-cobren-la-factura-dels-medicaments-dispensats-al-maig","status":"publish","type":"post","link":"https:\/\/www.cofb.org\/ca\/2014\/07\/07\/nou-retard-en-el-pagament-als-farmaceutics-catalans-no-cobren-la-factura-dels-medicaments-dispensats-al-maig\/","title":{"rendered":"Nou retard en el pagament als farmac\u00e8utics catalans:  no cobren la factura dels medicaments dispensats al maig"},"content":{"rendered":"<p>\u00a0<\/p>\n<p>\u00a0<\/p>\n<p class=\"MsoNormal\">Barcelona, 7 de juliol de 2014.- Segons el Concert vigent amb el CatSalut, els farmac\u00e8utics catalans haurien d\u2019haver cobrat el 5 de juliol la factura corresponent als medicaments dispensats el mes de<b> maig<\/b>, una xifra que ascendeix a <b>115,8 M\u20ac.<\/b> Segons les previsions de pagament, els diners no arribaran fins a finals d\u2019aquest mes i es continuaran patint retards: els farmac\u00e8utics <b>cobraran 25 dies despr\u00e9s del que marca el Concert<\/b> i una mitjana de dos mesos despr\u00e9s d\u2019haver-los dispensat. <\/p>\n<p class=\"MsoNormal\">El passat 2 de juliol, les farm\u00e0cies catalanes van cobrar, a trav\u00e9s de l\u2019ampliaci\u00f3 del Fons de Liquiditat Auton\u00f2mic (FLA), les factures dels medicaments dispensats el mar\u00e7 i l\u2019abril d\u2019aquest any, un total de 228,7 milions d\u2019euros. Aquests diners suposen la <b>recuperaci\u00f3 de nom\u00e9s un dels dos mesos d\u2019endarreriment<\/b> en el pagament que pateixen des de principis d\u2019any. La Generalitat s\u2019ha comprom\u00e8s a recuperar aquest retard i posar-se al dia en els pagaments \u201csi es produeix una nova ampliaci\u00f3 del FLA abans d\u2019acabar l\u2019any\u201d.<\/p>\n<p class=\"MsoNormal\">\n<p>\u00a0<\/p>\n<\/p>\n<p class=\"MsoNormal\"><b>Per a m\u00e9s informaci\u00f3: <br \/> <\/b>Consell de Col\u00b7legis de Farmac\u00e8utics de Catalunya (CCFC) <b><br \/> <\/b><a href=\"mailto:premsa@cofb.net\">premsa@cofb.net<\/a> \/ Tels. 93 244 07 28 \/ 18<b><\/p>\n<p><\/b><\/p>\n<p>\u00a0\u00a0Barcelona, 7 de juliol de 2014.- Segons el Concert vigent amb el CatSalut, els farmac\u00e8utics catalans haurien d\u2019haver cobrat el 5 de juliol la factura corresponent als medicaments dispensats el mes de maig, una xifra que ascendeix a 115,8 M\u20ac. Segons les previsions de pagament, els diners no arribaran fins a finals d\u2019aquest mes i es continuaran patint retards: els farmac\u00e8utics cobraran 25 dies despr\u00e9s del que marca el Concert i una mitjana de dos mesos despr\u00e9s d\u2019haver-los dispensat.   El passat 2 de juliol, les farm\u00e0cies catalanes van cobrar, a trav\u00e9s de l\u2019ampliaci\u00f3 del Fons de Liquiditat Auton\u00f2mic (FLA), les factures dels medicaments dispensats el mar\u00e7 i l\u2019abril d\u2019aquest any, un total de 228,7 milions d\u2019euros. Aquests diners suposen la recuperaci\u00f3 de nom\u00e9s un dels dos mesos d\u2019endarreriment en el pagament que pateixen des de principis d\u2019any. La Generalitat s\u2019ha comprom\u00e8s a recuperar aquest retard i posar-se al dia en els pagaments \u201csi es produeix una nova ampliaci\u00f3 del FLA abans d\u2019acabar l\u2019any\u201d.  \u00a0  Per a m\u00e9s informaci\u00f3:  Consell de Col\u00b7legis de Farmac\u00e8utics de Catalunya (CCFC)  premsa@cofb.net \/ Tels. 93 244 07 28 \/ 18\u00a0\u00a0COFB.ORG<\/p>\n","protected":false},"excerpt":{"rendered":"<p>\u00a0 \u00a0 Barcelona, 7 de juliol de 2014.- Segons el Concert vigent amb el CatSalut, els farmac\u00e8utics catalans haurien d\u2019haver cobrat el 5 de juliol la factura corresponent als medicaments dispensats el mes de maig, una xifra que ascendeix a 115,8 M\u20ac. Segons les previsions de pagament, els diners no [&hellip;]<\/p>\n","protected":false},"author":1,"featured_media":0,"comment_status":"","ping_status":"","sticky":false,"template":"","format":"standard","meta":{"_uag_custom_page_level_css":"","site-sidebar-layout":"default","site-content-layout":"","ast-site-content-layout":"default","site-content-style":"default","site-sidebar-style":"default","ast-global-header-display":"","ast-banner-title-visibility":"","ast-main-header-display":"","ast-hfb-above-header-display":"","ast-hfb-below-header-display":"","ast-hfb-mobile-header-display":"","site-post-title":"","ast-breadcrumbs-content":"","ast-featured-img":"disabled","footer-sml-layout":"","theme-transparent-header-meta":"","adv-header-id-meta":"","stick-header-meta":"","header-above-stick-meta":"","header-main-stick-meta":"","header-below-stick-meta":"","astra-migrate-meta-layouts":"default","ast-page-background-enabled":"default","ast-page-background-meta":{"desktop":{"background-color":"var(--ast-global-color-4)","background-image":"","background-repeat":"repeat","background-position":"center center","background-size":"auto","background-attachment":"scroll","background-type":"","background-media":"","overlay-type":"","overlay-color":"","overlay-opacity":"","overlay-gradient":""},"tablet":{"background-color":"","background-image":"","background-repeat":"repeat","background-position":"center center","background-size":"auto","background-attachment":"scroll","background-type":"","background-media":"","overlay-type":"","overlay-color":"","overlay-opacity":"","overlay-gradient":""},"mobile":{"background-color":"","background-image":"","background-repeat":"repeat","background-position":"center center","background-size":"auto","background-attachment":"scroll","background-type":"","background-media":"","overlay-type":"","overlay-color":"","overlay-opacity":"","overlay-gradient":""}},"ast-content-background-meta":{"desktop":{"background-color":"var(--ast-global-color-5)","background-image":"","background-repeat":"repeat","background-position":"center center","background-size":"auto","background-attachment":"scroll","background-type":"","background-media":"","overlay-type":"","overlay-color":"","overlay-opacity":"","overlay-gradient":""},"tablet":{"background-color":"var(--ast-global-color-5)","background-image":"","background-repeat":"repeat","background-position":"center center","background-size":"auto","background-attachment":"scroll","background-type":"","background-media":"","overlay-type":"","overlay-color":"","overlay-opacity":"","overlay-gradient":""},"mobile":{"background-color":"var(--ast-global-color-5)","background-image":"","background-repeat":"repeat","background-position":"center center","background-size":"auto","background-attachment":"scroll","background-type":"","background-media":"","overlay-type":"","overlay-color":"","overlay-opacity":"","overlay-gradient":""}},"footnotes":""},"categories":[1060,1066],"tags":[],"class_list":["post-77511","post","type-post","status-publish","format-standard","hentry","category-notes-premsa","category-sense-categoria-ca"],"yoast_head":"<!-- This site is optimized with the Yoast SEO plugin v22.4 - https:\/\/yoast.com\/wordpress\/plugins\/seo\/ -->\n<title>Nou retard en el pagament als farmac\u00e8utics catalans: no cobren la factura dels medicaments dispensats al maig - Col\u00b7legi de Farmac\u00e8utics de Barcelona<\/title>\n<meta name=\"robots\" content=\"index, follow, max-snippet:-1, max-image-preview:large, max-video-preview:-1\" \/>\n<link rel=\"canonical\" href=\"https:\/\/novaorg.cofb.net\/2014\/07\/07\/nou-retard-en-el-pagament-als-farmaceutics-catalans-no-cobren-la-factura-dels-medicaments-dispensats-al-maig\/\" \/>\n<meta property=\"og:locale\" content=\"ca_ES\" \/>\n<meta property=\"og:type\" content=\"article\" \/>\n<meta property=\"og:title\" content=\"Nou retard en el pagament als farmac\u00e8utics catalans: no cobren la factura dels medicaments dispensats al maig - Col\u00b7legi de Farmac\u00e8utics de Barcelona\" \/>\n<meta property=\"og:description\" content=\"\u00a0 \u00a0 Barcelona, 7 de juliol de 2014.- Segons el Concert vigent amb el CatSalut, els farmac\u00e8utics catalans haurien d\u2019haver cobrat el 5 de juliol la factura corresponent als medicaments dispensats el mes de maig, una xifra que ascendeix a 115,8 M\u20ac. Segons les previsions de pagament, els diners no [&hellip;]\" \/>\n<meta property=\"og:url\" content=\"https:\/\/novaorg.cofb.net\/2014\/07\/07\/nou-retard-en-el-pagament-als-farmaceutics-catalans-no-cobren-la-factura-dels-medicaments-dispensats-al-maig\/\" \/>\n<meta property=\"og:site_name\" content=\"Col\u00b7legi de Farmac\u00e8utics de Barcelona\" \/>\n<meta property=\"article:publisher\" content=\"https:\/\/www.facebook.com\/farmaceuticsbcn\/\" \/>\n<meta property=\"article:published_time\" content=\"2014-07-07T12:32:00+00:00\" \/>\n<meta name=\"author\" content=\"wpAdminCofbOrg\" \/>\n<meta name=\"twitter:card\" content=\"summary_large_image\" \/>\n<meta name=\"twitter:creator\" content=\"@farmaceuticsbcn\" \/>\n<meta name=\"twitter:site\" content=\"@farmaceuticsbcn\" \/>\n<meta name=\"twitter:label1\" content=\"Escrit per\" \/>\n\t<meta name=\"twitter:data1\" content=\"wpAdminCofbOrg\" \/>\n\t<meta name=\"twitter:label2\" content=\"Temps estimat de lectura\" \/>\n\t<meta name=\"twitter:data2\" content=\"2 minuts\" \/>\n<script type=\"application\/ld+json\" class=\"yoast-schema-graph\">{\"@context\":\"https:\/\/schema.org\",\"@graph\":[{\"@type\":\"Article\",\"@id\":\"https:\/\/novaorg.cofb.net\/2014\/07\/07\/nou-retard-en-el-pagament-als-farmaceutics-catalans-no-cobren-la-factura-dels-medicaments-dispensats-al-maig\/#article\",\"isPartOf\":{\"@id\":\"https:\/\/novaorg.cofb.net\/2014\/07\/07\/nou-retard-en-el-pagament-als-farmaceutics-catalans-no-cobren-la-factura-dels-medicaments-dispensats-al-maig\/\"},\"author\":{\"name\":\"wpAdminCofbOrg\",\"@id\":\"https:\/\/www.cofb.org\/#\/schema\/person\/22ed7eea88da74b0fa4d3154ad87ffcb\"},\"headline\":\"Nou retard en el pagament als farmac\u00e8utics catalans: no cobren la factura dels medicaments dispensats al maig\",\"datePublished\":\"2014-07-07T12:32:00+00:00\",\"dateModified\":\"2014-07-07T12:32:00+00:00\",\"mainEntityOfPage\":{\"@id\":\"https:\/\/novaorg.cofb.net\/2014\/07\/07\/nou-retard-en-el-pagament-als-farmaceutics-catalans-no-cobren-la-factura-dels-medicaments-dispensats-al-maig\/\"},\"wordCount\":414,\"publisher\":{\"@id\":\"https:\/\/www.cofb.org\/#organization\"},\"articleSection\":[\"Notes de premsa\"],\"inLanguage\":\"ca\"},{\"@type\":\"WebPage\",\"@id\":\"https:\/\/novaorg.cofb.net\/2014\/07\/07\/nou-retard-en-el-pagament-als-farmaceutics-catalans-no-cobren-la-factura-dels-medicaments-dispensats-al-maig\/\",\"url\":\"https:\/\/novaorg.cofb.net\/2014\/07\/07\/nou-retard-en-el-pagament-als-farmaceutics-catalans-no-cobren-la-factura-dels-medicaments-dispensats-al-maig\/\",\"name\":\"Nou retard en el pagament als farmac\u00e8utics catalans: no cobren la factura dels medicaments dispensats al maig - Col\u00b7legi de Farmac\u00e8utics de Barcelona\",\"isPartOf\":{\"@id\":\"https:\/\/www.cofb.org\/#website\"},\"datePublished\":\"2014-07-07T12:32:00+00:00\",\"dateModified\":\"2014-07-07T12:32:00+00:00\",\"breadcrumb\":{\"@id\":\"https:\/\/novaorg.cofb.net\/2014\/07\/07\/nou-retard-en-el-pagament-als-farmaceutics-catalans-no-cobren-la-factura-dels-medicaments-dispensats-al-maig\/#breadcrumb\"},\"inLanguage\":\"ca\",\"potentialAction\":[{\"@type\":\"ReadAction\",\"target\":[\"https:\/\/novaorg.cofb.net\/2014\/07\/07\/nou-retard-en-el-pagament-als-farmaceutics-catalans-no-cobren-la-factura-dels-medicaments-dispensats-al-maig\/\"]}]},{\"@type\":\"BreadcrumbList\",\"@id\":\"https:\/\/novaorg.cofb.net\/2014\/07\/07\/nou-retard-en-el-pagament-als-farmaceutics-catalans-no-cobren-la-factura-dels-medicaments-dispensats-al-maig\/#breadcrumb\",\"itemListElement\":[{\"@type\":\"ListItem\",\"position\":1,\"name\":\"Inici\",\"item\":\"https:\/\/novaorg.cofb.net\/\"},{\"@type\":\"ListItem\",\"position\":2,\"name\":\"Nou retard en el pagament als farmac\u00e8utics catalans: no cobren la factura dels medicaments dispensats al maig\"}]},{\"@type\":\"WebSite\",\"@id\":\"https:\/\/www.cofb.org\/#website\",\"url\":\"https:\/\/www.cofb.org\/\",\"name\":\"Col\u00b7legi de Farmac\u00e8utics de Barcelona\",\"description\":\"\",\"publisher\":{\"@id\":\"https:\/\/www.cofb.org\/#organization\"},\"potentialAction\":[{\"@type\":\"SearchAction\",\"target\":{\"@type\":\"EntryPoint\",\"urlTemplate\":\"https:\/\/www.cofb.org\/?s={search_term_string}\"},\"query-input\":\"required name=search_term_string\"}],\"inLanguage\":\"ca\"},{\"@type\":\"Organization\",\"@id\":\"https:\/\/www.cofb.org\/#organization\",\"name\":\"Col\u00b7legi de Farmac\u00e8utics de Barcelona\",\"url\":\"https:\/\/www.cofb.org\/\",\"logo\":{\"@type\":\"ImageObject\",\"inLanguage\":\"ca\",\"@id\":\"https:\/\/www.cofb.org\/#\/schema\/logo\/image\/\",\"url\":\"https:\/\/www.cofb.org\/wp-content\/uploads\/2023\/11\/cropped-Logotip-COFB.png\",\"contentUrl\":\"https:\/\/www.cofb.org\/wp-content\/uploads\/2023\/11\/cropped-Logotip-COFB.png\",\"width\":500,\"height\":105,\"caption\":\"Col\u00b7legi de Farmac\u00e8utics de Barcelona\"},\"image\":{\"@id\":\"https:\/\/www.cofb.org\/#\/schema\/logo\/image\/\"},\"sameAs\":[\"https:\/\/www.facebook.com\/farmaceuticsbcn\/\",\"https:\/\/twitter.com\/farmaceuticsbcn\",\"https:\/\/www.instagram.com\/farmaceuticsbcn\/\",\"https:\/\/www.linkedin.com\/company\/farmaceuticsbcn\/\"]},{\"@type\":\"Person\",\"@id\":\"https:\/\/www.cofb.org\/#\/schema\/person\/22ed7eea88da74b0fa4d3154ad87ffcb\",\"name\":\"wpAdminCofbOrg\",\"image\":{\"@type\":\"ImageObject\",\"inLanguage\":\"ca\",\"@id\":\"https:\/\/www.cofb.org\/#\/schema\/person\/image\/\",\"url\":\"https:\/\/secure.gravatar.com\/avatar\/1721b20b3b8ca882c3b56ec6c978c594fff670e40c0718e9190eaeeb76aae7d8?s=96&d=mm&r=g\",\"contentUrl\":\"https:\/\/secure.gravatar.com\/avatar\/1721b20b3b8ca882c3b56ec6c978c594fff670e40c0718e9190eaeeb76aae7d8?s=96&d=mm&r=g\",\"caption\":\"wpAdminCofbOrg\"},\"sameAs\":[\"http:\/\/192.168.64.122\/wordpress\"],\"url\":\"https:\/\/www.cofb.org\/ca\/author\/wpadmincofborg\/\"}]}<\/script>\n<!-- \/ Yoast SEO plugin. -->","yoast_head_json":{"title":"Nou retard en el pagament als farmac\u00e8utics catalans: no cobren la factura dels medicaments dispensats al maig - Col\u00b7legi de Farmac\u00e8utics de Barcelona","robots":{"index":"index","follow":"follow","max-snippet":"max-snippet:-1","max-image-preview":"max-image-preview:large","max-video-preview":"max-video-preview:-1"},"canonical":"https:\/\/novaorg.cofb.net\/2014\/07\/07\/nou-retard-en-el-pagament-als-farmaceutics-catalans-no-cobren-la-factura-dels-medicaments-dispensats-al-maig\/","og_locale":"ca_ES","og_type":"article","og_title":"Nou retard en el pagament als farmac\u00e8utics catalans: no cobren la factura dels medicaments dispensats al maig - Col\u00b7legi de Farmac\u00e8utics de Barcelona","og_description":"\u00a0 \u00a0 Barcelona, 7 de juliol de 2014.- Segons el Concert vigent amb el CatSalut, els farmac\u00e8utics catalans haurien d\u2019haver cobrat el 5 de juliol la factura corresponent als medicaments dispensats el mes de maig, una xifra que ascendeix a 115,8 M\u20ac. Segons les previsions de pagament, els diners no [&hellip;]","og_url":"https:\/\/novaorg.cofb.net\/2014\/07\/07\/nou-retard-en-el-pagament-als-farmaceutics-catalans-no-cobren-la-factura-dels-medicaments-dispensats-al-maig\/","og_site_name":"Col\u00b7legi de Farmac\u00e8utics de Barcelona","article_publisher":"https:\/\/www.facebook.com\/farmaceuticsbcn\/","article_published_time":"2014-07-07T12:32:00+00:00","author":"wpAdminCofbOrg","twitter_card":"summary_large_image","twitter_creator":"@farmaceuticsbcn","twitter_site":"@farmaceuticsbcn","twitter_misc":{"Escrit per":"wpAdminCofbOrg","Temps estimat de lectura":"2 minuts"},"schema":{"@context":"https:\/\/schema.org","@graph":[{"@type":"Article","@id":"https:\/\/novaorg.cofb.net\/2014\/07\/07\/nou-retard-en-el-pagament-als-farmaceutics-catalans-no-cobren-la-factura-dels-medicaments-dispensats-al-maig\/#article","isPartOf":{"@id":"https:\/\/novaorg.cofb.net\/2014\/07\/07\/nou-retard-en-el-pagament-als-farmaceutics-catalans-no-cobren-la-factura-dels-medicaments-dispensats-al-maig\/"},"author":{"name":"wpAdminCofbOrg","@id":"https:\/\/www.cofb.org\/#\/schema\/person\/22ed7eea88da74b0fa4d3154ad87ffcb"},"headline":"Nou retard en el pagament als farmac\u00e8utics catalans: no cobren la factura dels medicaments dispensats al maig","datePublished":"2014-07-07T12:32:00+00:00","dateModified":"2014-07-07T12:32:00+00:00","mainEntityOfPage":{"@id":"https:\/\/novaorg.cofb.net\/2014\/07\/07\/nou-retard-en-el-pagament-als-farmaceutics-catalans-no-cobren-la-factura-dels-medicaments-dispensats-al-maig\/"},"wordCount":414,"publisher":{"@id":"https:\/\/www.cofb.org\/#organization"},"articleSection":["Notes de premsa"],"inLanguage":"ca"},{"@type":"WebPage","@id":"https:\/\/novaorg.cofb.net\/2014\/07\/07\/nou-retard-en-el-pagament-als-farmaceutics-catalans-no-cobren-la-factura-dels-medicaments-dispensats-al-maig\/","url":"https:\/\/novaorg.cofb.net\/2014\/07\/07\/nou-retard-en-el-pagament-als-farmaceutics-catalans-no-cobren-la-factura-dels-medicaments-dispensats-al-maig\/","name":"Nou retard en el pagament als farmac\u00e8utics catalans: no cobren la factura dels medicaments dispensats al maig - Col\u00b7legi de Farmac\u00e8utics de Barcelona","isPartOf":{"@id":"https:\/\/www.cofb.org\/#website"},"datePublished":"2014-07-07T12:32:00+00:00","dateModified":"2014-07-07T12:32:00+00:00","breadcrumb":{"@id":"https:\/\/novaorg.cofb.net\/2014\/07\/07\/nou-retard-en-el-pagament-als-farmaceutics-catalans-no-cobren-la-factura-dels-medicaments-dispensats-al-maig\/#breadcrumb"},"inLanguage":"ca","potentialAction":[{"@type":"ReadAction","target":["https:\/\/novaorg.cofb.net\/2014\/07\/07\/nou-retard-en-el-pagament-als-farmaceutics-catalans-no-cobren-la-factura-dels-medicaments-dispensats-al-maig\/"]}]},{"@type":"BreadcrumbList","@id":"https:\/\/novaorg.cofb.net\/2014\/07\/07\/nou-retard-en-el-pagament-als-farmaceutics-catalans-no-cobren-la-factura-dels-medicaments-dispensats-al-maig\/#breadcrumb","itemListElement":[{"@type":"ListItem","position":1,"name":"Inici","item":"https:\/\/novaorg.cofb.net\/"},{"@type":"ListItem","position":2,"name":"Nou retard en el pagament als farmac\u00e8utics catalans: no cobren la factura dels medicaments dispensats al maig"}]},{"@type":"WebSite","@id":"https:\/\/www.cofb.org\/#website","url":"https:\/\/www.cofb.org\/","name":"Col\u00b7legi de Farmac\u00e8utics de Barcelona","description":"","publisher":{"@id":"https:\/\/www.cofb.org\/#organization"},"potentialAction":[{"@type":"SearchAction","target":{"@type":"EntryPoint","urlTemplate":"https:\/\/www.cofb.org\/?s={search_term_string}"},"query-input":"required name=search_term_string"}],"inLanguage":"ca"},{"@type":"Organization","@id":"https:\/\/www.cofb.org\/#organization","name":"Col\u00b7legi de Farmac\u00e8utics de Barcelona","url":"https:\/\/www.cofb.org\/","logo":{"@type":"ImageObject","inLanguage":"ca","@id":"https:\/\/www.cofb.org\/#\/schema\/logo\/image\/","url":"https:\/\/www.cofb.org\/wp-content\/uploads\/2023\/11\/cropped-Logotip-COFB.png","contentUrl":"https:\/\/www.cofb.org\/wp-content\/uploads\/2023\/11\/cropped-Logotip-COFB.png","width":500,"height":105,"caption":"Col\u00b7legi de Farmac\u00e8utics de Barcelona"},"image":{"@id":"https:\/\/www.cofb.org\/#\/schema\/logo\/image\/"},"sameAs":["https:\/\/www.facebook.com\/farmaceuticsbcn\/","https:\/\/twitter.com\/farmaceuticsbcn","https:\/\/www.instagram.com\/farmaceuticsbcn\/","https:\/\/www.linkedin.com\/company\/farmaceuticsbcn\/"]},{"@type":"Person","@id":"https:\/\/www.cofb.org\/#\/schema\/person\/22ed7eea88da74b0fa4d3154ad87ffcb","name":"wpAdminCofbOrg","image":{"@type":"ImageObject","inLanguage":"ca","@id":"https:\/\/www.cofb.org\/#\/schema\/person\/image\/","url":"https:\/\/secure.gravatar.com\/avatar\/1721b20b3b8ca882c3b56ec6c978c594fff670e40c0718e9190eaeeb76aae7d8?s=96&d=mm&r=g","contentUrl":"https:\/\/secure.gravatar.com\/avatar\/1721b20b3b8ca882c3b56ec6c978c594fff670e40c0718e9190eaeeb76aae7d8?s=96&d=mm&r=g","caption":"wpAdminCofbOrg"},"sameAs":["http:\/\/192.168.64.122\/wordpress"],"url":"https:\/\/www.cofb.org\/ca\/author\/wpadmincofborg\/"}]}},"uagb_featured_image_src":{"full":false,"thumbnail":false,"medium":false,"medium_large":false,"large":false,"1536x1536":false,"2048x2048":false,"trp-custom-language-flag":false},"uagb_author_info":{"display_name":"wpAdminCofbOrg","author_link":"https:\/\/www.cofb.org\/ca\/author\/wpadmincofborg\/"},"uagb_comment_info":0,"uagb_excerpt":"\u00a0 \u00a0 Barcelona, 7 de juliol de 2014.- Segons el Concert vigent amb el CatSalut, els farmac\u00e8utics catalans haurien d\u2019haver cobrat el 5 de juliol la factura corresponent als medicaments dispensats el mes de maig, una xifra que ascendeix a 115,8 M\u20ac. Segons les previsions de pagament, els diners no [&hellip;]","_links":{"self":[{"href":"https:\/\/www.cofb.org\/ca\/wp-json\/wp\/v2\/posts\/77511","targetHints":{"allow":["GET"]}}],"collection":[{"href":"https:\/\/www.cofb.org\/ca\/wp-json\/wp\/v2\/posts"}],"about":[{"href":"https:\/\/www.cofb.org\/ca\/wp-json\/wp\/v2\/types\/post"}],"author":[{"embeddable":true,"href":"https:\/\/www.cofb.org\/ca\/wp-json\/wp\/v2\/users\/1"}],"replies":[{"embeddable":true,"href":"https:\/\/www.cofb.org\/ca\/wp-json\/wp\/v2\/comments?post=77511"}],"version-history":[{"count":0,"href":"https:\/\/www.cofb.org\/ca\/wp-json\/wp\/v2\/posts\/77511\/revisions"}],"wp:attachment":[{"href":"https:\/\/www.cofb.org\/ca\/wp-json\/wp\/v2\/media?parent=77511"}],"wp:term":[{"taxonomy":"category","embeddable":true,"href":"https:\/\/www.cofb.org\/ca\/wp-json\/wp\/v2\/categories?post=77511"},{"taxonomy":"post_tag","embeddable":true,"href":"https:\/\/www.cofb.org\/ca\/wp-json\/wp\/v2\/tags?post=77511"}],"curies":[{"name":"wp","href":"https:\/\/api.w.org\/{rel}","templated":true}]}}