{"id":77502,"date":"2014-10-02T12:08:00","date_gmt":"2014-10-02T12:08:00","guid":{"rendered":"https:\/\/novaorg.cofb.net\/2014\/10\/02\/a-partir-davui-arriben-a-les-farmacies-catalanes-els-fruits-de-larbre-dels-petits-valents-per-fer-realitat-el-nou-hospital-de-dia-de-sant-joan-de-deu\/"},"modified":"2014-10-02T12:08:00","modified_gmt":"2014-10-02T12:08:00","slug":"a-partir-davui-arriben-a-les-farmacies-catalanes-els-fruits-de-larbre-dels-petits-valents-per-fer-realitat-el-nou-hospital-de-dia-de-sant-joan-de-deu","status":"publish","type":"post","link":"https:\/\/www.cofb.org\/ca\/2014\/10\/02\/a-partir-davui-arriben-a-les-farmacies-catalanes-els-fruits-de-larbre-dels-petits-valents-per-fer-realitat-el-nou-hospital-de-dia-de-sant-joan-de-deu\/","title":{"rendered":"A partir d&#8217;avui arriben a les farm\u00e0cies catalanes els fruits de l&#8217;arbre dels petits valents per fer realitat el nou Hospital de Dia de Sant Joan de D\u00e9u"},"content":{"rendered":"<p>\u00a0<\/p>\n<ul>\n<li><strong>La campanya solid\u00e0ria \u00e9s una iniciativa de l\u2019Hospital Sant Joan de D\u00e9u amb la col\u00b7laboraci\u00f3 del Consell de Col\u00b7legis Farmac\u00e8utics de Catalunya<\/strong><\/li>\n<li><strong>M\u00e9s de 3.000 farm\u00e0cies vendran capsetes de caramels per recaptar els 600.000\u20ac necessaris per construir aquest centre<\/strong><\/li>\n<\/ul>\n<p>Barcelona, 2 d\u2019octubre de 2014.- La farm\u00e0cia catalana s\u2019endolceix m\u00e9s que mai. Petites capsetes grogues i blau cel amb caramels amb gust de fruites del bosc arribaran a partir d\u2019avui a les m\u00e9s de 3.000 farm\u00e0cies de Catalunya. S\u00f3n els fruits de l\u2019arbre dels petits valents (pots llegir la seva hist\u00f2ria al final de la nota), que arrelar\u00e0 a les farm\u00e0cies amb l\u2019objectiu d\u2019aconseguir, a trav\u00e9s de la seva venda, els 600.000 euros que falten per a que Sant Joan de D\u00e9u pugui construir un nou Hospital de Dia. La nova instal\u00b7laci\u00f3 permetr\u00e0 atendre al creixent n\u00famero de nens i nenes que requereixen tractaments oncol\u00f2gics o d\u2019altre tipus que s\u2019adapten a aquesta modalitat d\u2019abordatge que no requereix l\u2019ingr\u00e9s hospitalari. La campanya solid\u00e0ria \u00e9s una iniciativa de l\u2019Hospital Sant Joan de D\u00e9u amb la col\u2022laboraci\u00f3 del Consell de Col\u00b7legis Farmac\u00e8utics de Catalunya. <\/p>\n<p><strong>Implicat tot el sector del medicament<\/strong><br \/>A m\u00e9s de la farm\u00e0cia comunit\u00e0ria, que tamb\u00e9 penjar\u00e0 uns cartells als seus establiments per fer m\u00e9s difusi\u00f3 d\u2019aquesta iniciativa, est\u00e0 implicat la resta del sector del medicament. La Federaci\u00f3n de Distribuidores Farmac\u00e9uticos, Fedifar, facilitar\u00e0 l\u2019arribada dels fruits de l\u2019Arbre dels petits valents a les farm\u00e0cies en expositors de 20 unitats i els laboratoris Angelini i Sanofi participaran fent possible una campanya publicit\u00e0ria als mitjans.  <br \/>En tot cas, el seguiment de la campanya es podr\u00e0 fer a trav\u00e9s del seu web espec\u00edfic petitsvalents.org, portal en qu\u00e8 s\u2019anir\u00e0 informant, entre d\u2019altres coses, sobre quants diners falten perqu\u00e8 aquest nou Hospital sigui una realitat.<\/p>\n<p><strong>Com ser\u00e0 el nou Hospital de Dia?<\/strong><br \/>L\u2019Hospital de Dia \u00e9s un espai espec\u00edfic del centre on el nen pot rebre el tractament sense separar-se del seu entorn familiar i sense necessitat de quedar-s\u2019hi a dormir. Actualment s\u2019ha quedat petit i antiquat, \u00e9s per aix\u00f2 que l\u2019hospital maternoinfantil vol renovar-lo vetllant per a que les fam\u00edlies i els nens puguin disposar de la intimitat i comoditat necess\u00e0ries, i aix\u00ed ajudar a tots aquells petits valents que han de lluitar contra malalties. Del mili\u00f3 d\u2019euros que costa aproximadament fer aquesta reforma, Sant Joan de D\u00e9u de moment ha aconseguit gaireb\u00e9 la meitat.<\/p>\n<p>El nou Hospital de Dia simular\u00e0 ser un bosc al seu interior i Sant Joan de D\u00e9u preveu que pugui entrar en funcionament al febrer de 2015. Les noves instal\u00b7lacions, que ocuparan uns 850m2, contemplen ampliar el n\u00famero de llits (dels 12 que hi ha actualment a 23), els boxes seran individuals, per\u00f2 amb espai suficient per a que els pares estiguin amb els nens sempre que ho desitgin, i tots ells tindran llum natural. A m\u00e9s, l\u2019espai tamb\u00e9 disposar\u00e0 d\u2019\u00e0mplies zones comunes per rebre la visita dels ajudants que busquen fer somriure als petits valents, com ara els pallassos, els mags i els m\u00fasics.<\/p>\n<p><strong>Qu\u00e8 \u00e9s l\u2019arbre dels petits valents?<\/strong><br \/><em>Tots portem a dins un sac de valentia on es pot llegir: \u201cutilitzar nom\u00e9s en cas de necessitat\u201d. I aix\u00ed ho fem: \u00e9s en les situacions m\u00e9s dif\u00edcils quan, sense saber ben b\u00e9 com, trobem l\u2019acc\u00e9s a aquest sac, que s\u2019obre per convertir-nos en persones m\u00e9s valentes del que mai hav\u00edem pensat. <br \/>A vegades aquestes dificultats arriben quan tot just acabes de comen\u00e7ar la teva hist\u00f2ria, la teva vida, i \u00e9s llavors quan, per a l\u2019admiraci\u00f3 de tots, et converteixes en un PETIT VALENT. I amb tota l\u2019energia que et d\u00f3na el c\u00e0rrec, t\u2019enfrontes a la vida tal com \u00e9s amb una for\u00e7a abans inimaginable.<br \/>A l\u2019Hospital Sant Joan de D\u00e9u volen fer cr\u00e9ixer un arbre per a aquests petits valents. Sobre aquest arbre es vertebrar\u00e0 la construcci\u00f3 d\u2019un nou hospital de dia. I a la seva ombra podran lluitar conjuntament per la seva vict\u00f2ria davant malalties com el c\u00e0ncer, cada cop m\u00e9s freq\u00fcent en la inf\u00e0ncia. <\/em><br \/><strong>Fes-los arribar la teva for\u00e7a. <\/strong><\/p>\n<p><strong>Amb la col\u00b7laboraci\u00f3 de:<\/strong><\/p>\n<p><img decoding=\"async\" src=\"https:\/\/www.cofb.org\/image\/image_gallery?uuid=3c587364-c2a1-48c1-b373-89938dfe2da0&amp;groupId=10136&amp;t=1412248091074\" width=\"200\" height=\"67\" alt=\"\"><\/p>\n<p>\u00a0<\/p>\n<p>\u00a0La campanya solid\u00e0ria \u00e9s una iniciativa de l\u2019Hospital Sant Joan de D\u00e9u amb la col\u00b7laboraci\u00f3 del Consell de Col\u00b7legis Farmac\u00e8utics de CatalunyaM\u00e9s de 3.000 farm\u00e0cies vendran capsetes de caramels per recaptar els 600.000\u20ac necessaris per construir aquest centreBarcelona, 2 d\u2019octubre de 2014.- La farm\u00e0cia catalana s\u2019endolceix m\u00e9s que mai. Petites capsetes grogues i blau cel amb caramels amb gust de fruites del bosc arribaran a partir d\u2019avui a les m\u00e9s de 3.000 farm\u00e0cies de Catalunya. S\u00f3n els fruits de l\u2019arbre dels petits valents (pots llegir la seva hist\u00f2ria al final de la nota), que arrelar\u00e0 a les farm\u00e0cies amb l\u2019objectiu d\u2019aconseguir, a trav\u00e9s de la seva venda, els 600.000 euros que falten per a que Sant Joan de D\u00e9u pugui construir un nou Hospital de Dia. La nova instal\u00b7laci\u00f3 permetr\u00e0 atendre al creixent n\u00famero de nens i nenes que requereixen tractaments oncol\u00f2gics o d\u2019altre tipus que s\u2019adapten a aquesta modalitat d\u2019abordatge que no requereix l\u2019ingr\u00e9s hospitalari. La campanya solid\u00e0ria \u00e9s una iniciativa de l\u2019Hospital Sant Joan de D\u00e9u amb la col\u2022laboraci\u00f3 del Consell de Col\u00b7legis Farmac\u00e8utics de Catalunya.  Implicat tot el sector del medicamentA m\u00e9s de la farm\u00e0cia comunit\u00e0ria, que tamb\u00e9 penjar\u00e0 uns cartells als seus establiments per fer m\u00e9s difusi\u00f3 d\u2019aquesta iniciativa, est\u00e0 implicat la resta del sector del medicament. La Federaci\u00f3n de Distribuidores Farmac\u00e9uticos, Fedifar, facilitar\u00e0 l\u2019arribada dels fruits de l\u2019Arbre dels petits valents a les farm\u00e0cies en expositors de 20 unitats i els laboratoris Angelini i Sanofi participaran fent possible una campanya publicit\u00e0ria als mitjans.  En tot cas, el seguiment de la campanya es podr\u00e0 fer a trav\u00e9s del seu web espec\u00edfic petitsvalents.org, portal en qu\u00e8 s\u2019anir\u00e0 informant, entre d\u2019altres coses, sobre quants diners falten perqu\u00e8 aquest nou Hospital sigui una realitat.Com ser\u00e0 el nou Hospital de Dia?L\u2019Hospital de Dia \u00e9s un espai espec\u00edfic del centre on el nen pot rebre el tractament sense separar-se del seu entorn familiar i sense necessitat de quedar-s\u2019hi a dormir. Actualment s\u2019ha quedat petit i antiquat, \u00e9s per aix\u00f2 que l\u2019hospital maternoinfantil vol renovar-lo vetllant per a que les fam\u00edlies i els nens puguin disposar de la intimitat i comoditat necess\u00e0ries, i aix\u00ed ajudar a tots aquells petits valents que han de lluitar contra malalties. Del mili\u00f3 d\u2019euros que costa aproximadament fer aquesta reforma, Sant Joan de D\u00e9u de moment ha aconseguit gaireb\u00e9 la meitat.El nou Hospital de Dia simular\u00e0 ser un bosc al seu interior i Sant Joan de D\u00e9u preveu que pugui entrar en funcionament al febrer de 2015. Les noves instal\u00b7lacions, que ocuparan uns 850m2, contemplen ampliar el n\u00famero de llits (dels 12 que hi ha actualment a 23), els boxes seran individuals, per\u00f2 amb espai suficient per a que els pares estiguin amb els nens sempre que ho desitgin, i tots ells tindran llum natural. A m\u00e9s, l\u2019espai tamb\u00e9 disposar\u00e0 d\u2019\u00e0mplies zones comunes per rebre la visita dels ajudants que busquen fer somriure als petits valents, com ara els pallassos, els mags i els m\u00fasics.Qu\u00e8 \u00e9s l\u2019arbre dels petits valents?Tots portem a dins un sac de valentia on es pot llegir: \u201cutilitzar nom\u00e9s en cas de necessitat\u201d. I aix\u00ed ho fem: \u00e9s en les situacions m\u00e9s dif\u00edcils quan, sense saber ben b\u00e9 com, trobem l\u2019acc\u00e9s a aquest sac, que s\u2019obre per convertir-nos en persones m\u00e9s valentes del que mai hav\u00edem pensat. A vegades aquestes dificultats arriben quan tot just acabes de comen\u00e7ar la teva hist\u00f2ria, la teva vida, i \u00e9s llavors quan, per a l\u2019admiraci\u00f3 de tots, et converteixes en un PETIT VALENT. I amb tota l\u2019energia que et d\u00f3na el c\u00e0rrec, t\u2019enfrontes a la vida tal com \u00e9s amb una for\u00e7a abans inimaginable.A l\u2019Hospital Sant Joan de D\u00e9u volen fer cr\u00e9ixer un arbre per a aquests petits valents. Sobre aquest arbre es vertebrar\u00e0 la construcci\u00f3 d\u2019un nou hospital de dia. I a la seva ombra podran lluitar conjuntament per la seva vict\u00f2ria davant malalties com el c\u00e0ncer, cada cop m\u00e9s freq\u00fcent en la inf\u00e0ncia. Fes-los arribar la teva for\u00e7a. Amb la col\u00b7laboraci\u00f3 de:\u00a0\u00a0\u00a0COFB.ORG<\/p>\n","protected":false},"excerpt":{"rendered":"<p>\u00a0 La campanya solid\u00e0ria \u00e9s una iniciativa de l\u2019Hospital Sant Joan de D\u00e9u amb la col\u00b7laboraci\u00f3 del Consell de Col\u00b7legis Farmac\u00e8utics de Catalunya M\u00e9s de 3.000 farm\u00e0cies vendran capsetes de caramels per recaptar els 600.000\u20ac necessaris per construir aquest centre Barcelona, 2 d\u2019octubre de 2014.- La farm\u00e0cia catalana s\u2019endolceix m\u00e9s [&hellip;]<\/p>\n","protected":false},"author":1,"featured_media":77503,"comment_status":"","ping_status":"","sticky":false,"template":"","format":"standard","meta":{"_uag_custom_page_level_css":"","site-sidebar-layout":"default","site-content-layout":"","ast-site-content-layout":"default","site-content-style":"default","site-sidebar-style":"default","ast-global-header-display":"","ast-banner-title-visibility":"","ast-main-header-display":"","ast-hfb-above-header-display":"","ast-hfb-below-header-display":"","ast-hfb-mobile-header-display":"","site-post-title":"","ast-breadcrumbs-content":"","ast-featured-img":"disabled","footer-sml-layout":"","theme-transparent-header-meta":"","adv-header-id-meta":"","stick-header-meta":"","header-above-stick-meta":"","header-main-stick-meta":"","header-below-stick-meta":"","astra-migrate-meta-layouts":"default","ast-page-background-enabled":"default","ast-page-background-meta":{"desktop":{"background-color":"var(--ast-global-color-4)","background-image":"","background-repeat":"repeat","background-position":"center center","background-size":"auto","background-attachment":"scroll","background-type":"","background-media":"","overlay-type":"","overlay-color":"","overlay-opacity":"","overlay-gradient":""},"tablet":{"background-color":"","background-image":"","background-repeat":"repeat","background-position":"center center","background-size":"auto","background-attachment":"scroll","background-type":"","background-media":"","overlay-type":"","overlay-color":"","overlay-opacity":"","overlay-gradient":""},"mobile":{"background-color":"","background-image":"","background-repeat":"repeat","background-position":"center center","background-size":"auto","background-attachment":"scroll","background-type":"","background-media":"","overlay-type":"","overlay-color":"","overlay-opacity":"","overlay-gradient":""}},"ast-content-background-meta":{"desktop":{"background-color":"var(--ast-global-color-5)","background-image":"","background-repeat":"repeat","background-position":"center center","background-size":"auto","background-attachment":"scroll","background-type":"","background-media":"","overlay-type":"","overlay-color":"","overlay-opacity":"","overlay-gradient":""},"tablet":{"background-color":"var(--ast-global-color-5)","background-image":"","background-repeat":"repeat","background-position":"center center","background-size":"auto","background-attachment":"scroll","background-type":"","background-media":"","overlay-type":"","overlay-color":"","overlay-opacity":"","overlay-gradient":""},"mobile":{"background-color":"var(--ast-global-color-5)","background-image":"","background-repeat":"repeat","background-position":"center center","background-size":"auto","background-attachment":"scroll","background-type":"","background-media":"","overlay-type":"","overlay-color":"","overlay-opacity":"","overlay-gradient":""}},"footnotes":""},"categories":[1060,1066],"tags":[],"class_list":["post-77502","post","type-post","status-publish","format-standard","has-post-thumbnail","hentry","category-notes-premsa","category-sense-categoria-ca"],"yoast_head":"<!-- This site is optimized with the Yoast SEO plugin v22.4 - https:\/\/yoast.com\/wordpress\/plugins\/seo\/ -->\n<title>A partir d&#039;avui arriben a les farm\u00e0cies catalanes els fruits de l&#039;arbre dels petits valents per fer realitat el nou Hospital de Dia de Sant Joan de D\u00e9u - Col\u00b7legi de Farmac\u00e8utics de Barcelona<\/title>\n<meta name=\"robots\" content=\"index, follow, max-snippet:-1, max-image-preview:large, max-video-preview:-1\" \/>\n<link rel=\"canonical\" href=\"https:\/\/novaorg.cofb.net\/2014\/10\/02\/a-partir-davui-arriben-a-les-farmacies-catalanes-els-fruits-de-larbre-dels-petits-valents-per-fer-realitat-el-nou-hospital-de-dia-de-sant-joan-de-deu\/\" \/>\n<meta property=\"og:locale\" content=\"ca_ES\" \/>\n<meta property=\"og:type\" content=\"article\" \/>\n<meta property=\"og:title\" content=\"A partir d&#039;avui arriben a les farm\u00e0cies catalanes els fruits de l&#039;arbre dels petits valents per fer realitat el nou Hospital de Dia de Sant Joan de D\u00e9u - Col\u00b7legi de Farmac\u00e8utics de Barcelona\" \/>\n<meta property=\"og:description\" content=\"\u00a0 La campanya solid\u00e0ria \u00e9s una iniciativa de l\u2019Hospital Sant Joan de D\u00e9u amb la col\u00b7laboraci\u00f3 del Consell de Col\u00b7legis Farmac\u00e8utics de Catalunya M\u00e9s de 3.000 farm\u00e0cies vendran capsetes de caramels per recaptar els 600.000\u20ac necessaris per construir aquest centre Barcelona, 2 d\u2019octubre de 2014.- La farm\u00e0cia catalana s\u2019endolceix m\u00e9s [&hellip;]\" \/>\n<meta property=\"og:url\" content=\"https:\/\/novaorg.cofb.net\/2014\/10\/02\/a-partir-davui-arriben-a-les-farmacies-catalanes-els-fruits-de-larbre-dels-petits-valents-per-fer-realitat-el-nou-hospital-de-dia-de-sant-joan-de-deu\/\" \/>\n<meta property=\"og:site_name\" content=\"Col\u00b7legi de Farmac\u00e8utics de Barcelona\" \/>\n<meta property=\"article:publisher\" content=\"https:\/\/www.facebook.com\/farmaceuticsbcn\/\" \/>\n<meta property=\"article:published_time\" content=\"2014-10-02T12:08:00+00:00\" \/>\n<meta property=\"og:image\" content=\"https:\/\/novaorg.cofb.net\/wp-content\/uploads\/2014\/10\/image_gallery-1hQSUh.jpeg\" \/>\n\t<meta property=\"og:image:width\" content=\"520\" \/>\n\t<meta property=\"og:image:height\" content=\"175\" \/>\n\t<meta property=\"og:image:type\" content=\"image\/jpeg\" \/>\n<meta name=\"author\" content=\"wpAdminCofbOrg\" \/>\n<meta name=\"twitter:card\" content=\"summary_large_image\" \/>\n<meta name=\"twitter:creator\" content=\"@farmaceuticsbcn\" \/>\n<meta name=\"twitter:site\" content=\"@farmaceuticsbcn\" \/>\n<meta name=\"twitter:label1\" content=\"Escrit per\" \/>\n\t<meta name=\"twitter:data1\" content=\"wpAdminCofbOrg\" \/>\n\t<meta name=\"twitter:label2\" content=\"Temps estimat de lectura\" \/>\n\t<meta name=\"twitter:data2\" content=\"8 minuts\" \/>\n<script type=\"application\/ld+json\" class=\"yoast-schema-graph\">{\"@context\":\"https:\/\/schema.org\",\"@graph\":[{\"@type\":\"Article\",\"@id\":\"https:\/\/novaorg.cofb.net\/2014\/10\/02\/a-partir-davui-arriben-a-les-farmacies-catalanes-els-fruits-de-larbre-dels-petits-valents-per-fer-realitat-el-nou-hospital-de-dia-de-sant-joan-de-deu\/#article\",\"isPartOf\":{\"@id\":\"https:\/\/novaorg.cofb.net\/2014\/10\/02\/a-partir-davui-arriben-a-les-farmacies-catalanes-els-fruits-de-larbre-dels-petits-valents-per-fer-realitat-el-nou-hospital-de-dia-de-sant-joan-de-deu\/\"},\"author\":{\"name\":\"wpAdminCofbOrg\",\"@id\":\"https:\/\/www.cofb.org\/#\/schema\/person\/22ed7eea88da74b0fa4d3154ad87ffcb\"},\"headline\":\"A partir d&#8217;avui arriben a les farm\u00e0cies catalanes els fruits de l&#8217;arbre dels petits valents per fer realitat el nou Hospital de Dia de Sant Joan de D\u00e9u\",\"datePublished\":\"2014-10-02T12:08:00+00:00\",\"dateModified\":\"2014-10-02T12:08:00+00:00\",\"mainEntityOfPage\":{\"@id\":\"https:\/\/novaorg.cofb.net\/2014\/10\/02\/a-partir-davui-arriben-a-les-farmacies-catalanes-els-fruits-de-larbre-dels-petits-valents-per-fer-realitat-el-nou-hospital-de-dia-de-sant-joan-de-deu\/\"},\"wordCount\":1539,\"publisher\":{\"@id\":\"https:\/\/www.cofb.org\/#organization\"},\"image\":{\"@id\":\"https:\/\/novaorg.cofb.net\/2014\/10\/02\/a-partir-davui-arriben-a-les-farmacies-catalanes-els-fruits-de-larbre-dels-petits-valents-per-fer-realitat-el-nou-hospital-de-dia-de-sant-joan-de-deu\/#primaryimage\"},\"thumbnailUrl\":\"https:\/\/www.cofb.org\/wp-content\/uploads\/2014\/10\/image_gallery-1hQSUh.jpeg\",\"articleSection\":[\"Notes de premsa\"],\"inLanguage\":\"ca\"},{\"@type\":\"WebPage\",\"@id\":\"https:\/\/novaorg.cofb.net\/2014\/10\/02\/a-partir-davui-arriben-a-les-farmacies-catalanes-els-fruits-de-larbre-dels-petits-valents-per-fer-realitat-el-nou-hospital-de-dia-de-sant-joan-de-deu\/\",\"url\":\"https:\/\/novaorg.cofb.net\/2014\/10\/02\/a-partir-davui-arriben-a-les-farmacies-catalanes-els-fruits-de-larbre-dels-petits-valents-per-fer-realitat-el-nou-hospital-de-dia-de-sant-joan-de-deu\/\",\"name\":\"A partir d'avui arriben a les farm\u00e0cies catalanes els fruits de l'arbre dels petits valents per fer realitat el nou Hospital de Dia de Sant Joan de D\u00e9u - Col\u00b7legi de Farmac\u00e8utics de Barcelona\",\"isPartOf\":{\"@id\":\"https:\/\/www.cofb.org\/#website\"},\"primaryImageOfPage\":{\"@id\":\"https:\/\/novaorg.cofb.net\/2014\/10\/02\/a-partir-davui-arriben-a-les-farmacies-catalanes-els-fruits-de-larbre-dels-petits-valents-per-fer-realitat-el-nou-hospital-de-dia-de-sant-joan-de-deu\/#primaryimage\"},\"image\":{\"@id\":\"https:\/\/novaorg.cofb.net\/2014\/10\/02\/a-partir-davui-arriben-a-les-farmacies-catalanes-els-fruits-de-larbre-dels-petits-valents-per-fer-realitat-el-nou-hospital-de-dia-de-sant-joan-de-deu\/#primaryimage\"},\"thumbnailUrl\":\"https:\/\/www.cofb.org\/wp-content\/uploads\/2014\/10\/image_gallery-1hQSUh.jpeg\",\"datePublished\":\"2014-10-02T12:08:00+00:00\",\"dateModified\":\"2014-10-02T12:08:00+00:00\",\"breadcrumb\":{\"@id\":\"https:\/\/novaorg.cofb.net\/2014\/10\/02\/a-partir-davui-arriben-a-les-farmacies-catalanes-els-fruits-de-larbre-dels-petits-valents-per-fer-realitat-el-nou-hospital-de-dia-de-sant-joan-de-deu\/#breadcrumb\"},\"inLanguage\":\"ca\",\"potentialAction\":[{\"@type\":\"ReadAction\",\"target\":[\"https:\/\/novaorg.cofb.net\/2014\/10\/02\/a-partir-davui-arriben-a-les-farmacies-catalanes-els-fruits-de-larbre-dels-petits-valents-per-fer-realitat-el-nou-hospital-de-dia-de-sant-joan-de-deu\/\"]}]},{\"@type\":\"ImageObject\",\"inLanguage\":\"ca\",\"@id\":\"https:\/\/novaorg.cofb.net\/2014\/10\/02\/a-partir-davui-arriben-a-les-farmacies-catalanes-els-fruits-de-larbre-dels-petits-valents-per-fer-realitat-el-nou-hospital-de-dia-de-sant-joan-de-deu\/#primaryimage\",\"url\":\"https:\/\/www.cofb.org\/wp-content\/uploads\/2014\/10\/image_gallery-1hQSUh.jpeg\",\"contentUrl\":\"https:\/\/www.cofb.org\/wp-content\/uploads\/2014\/10\/image_gallery-1hQSUh.jpeg\",\"width\":520,\"height\":175},{\"@type\":\"BreadcrumbList\",\"@id\":\"https:\/\/novaorg.cofb.net\/2014\/10\/02\/a-partir-davui-arriben-a-les-farmacies-catalanes-els-fruits-de-larbre-dels-petits-valents-per-fer-realitat-el-nou-hospital-de-dia-de-sant-joan-de-deu\/#breadcrumb\",\"itemListElement\":[{\"@type\":\"ListItem\",\"position\":1,\"name\":\"Inici\",\"item\":\"https:\/\/novaorg.cofb.net\/\"},{\"@type\":\"ListItem\",\"position\":2,\"name\":\"A partir d&#8217;avui arriben a les farm\u00e0cies catalanes els fruits de l&#8217;arbre dels petits valents per fer realitat el nou Hospital de Dia de Sant Joan de D\u00e9u\"}]},{\"@type\":\"WebSite\",\"@id\":\"https:\/\/www.cofb.org\/#website\",\"url\":\"https:\/\/www.cofb.org\/\",\"name\":\"Col\u00b7legi de Farmac\u00e8utics de Barcelona\",\"description\":\"\",\"publisher\":{\"@id\":\"https:\/\/www.cofb.org\/#organization\"},\"potentialAction\":[{\"@type\":\"SearchAction\",\"target\":{\"@type\":\"EntryPoint\",\"urlTemplate\":\"https:\/\/www.cofb.org\/?s={search_term_string}\"},\"query-input\":\"required name=search_term_string\"}],\"inLanguage\":\"ca\"},{\"@type\":\"Organization\",\"@id\":\"https:\/\/www.cofb.org\/#organization\",\"name\":\"Col\u00b7legi de Farmac\u00e8utics de Barcelona\",\"url\":\"https:\/\/www.cofb.org\/\",\"logo\":{\"@type\":\"ImageObject\",\"inLanguage\":\"ca\",\"@id\":\"https:\/\/www.cofb.org\/#\/schema\/logo\/image\/\",\"url\":\"https:\/\/www.cofb.org\/wp-content\/uploads\/2023\/11\/cropped-Logotip-COFB.png\",\"contentUrl\":\"https:\/\/www.cofb.org\/wp-content\/uploads\/2023\/11\/cropped-Logotip-COFB.png\",\"width\":500,\"height\":105,\"caption\":\"Col\u00b7legi de Farmac\u00e8utics de Barcelona\"},\"image\":{\"@id\":\"https:\/\/www.cofb.org\/#\/schema\/logo\/image\/\"},\"sameAs\":[\"https:\/\/www.facebook.com\/farmaceuticsbcn\/\",\"https:\/\/twitter.com\/farmaceuticsbcn\",\"https:\/\/www.instagram.com\/farmaceuticsbcn\/\",\"https:\/\/www.linkedin.com\/company\/farmaceuticsbcn\/\"]},{\"@type\":\"Person\",\"@id\":\"https:\/\/www.cofb.org\/#\/schema\/person\/22ed7eea88da74b0fa4d3154ad87ffcb\",\"name\":\"wpAdminCofbOrg\",\"image\":{\"@type\":\"ImageObject\",\"inLanguage\":\"ca\",\"@id\":\"https:\/\/www.cofb.org\/#\/schema\/person\/image\/\",\"url\":\"https:\/\/secure.gravatar.com\/avatar\/1721b20b3b8ca882c3b56ec6c978c594fff670e40c0718e9190eaeeb76aae7d8?s=96&d=mm&r=g\",\"contentUrl\":\"https:\/\/secure.gravatar.com\/avatar\/1721b20b3b8ca882c3b56ec6c978c594fff670e40c0718e9190eaeeb76aae7d8?s=96&d=mm&r=g\",\"caption\":\"wpAdminCofbOrg\"},\"sameAs\":[\"http:\/\/192.168.64.122\/wordpress\"],\"url\":\"https:\/\/www.cofb.org\/ca\/author\/wpadmincofborg\/\"}]}<\/script>\n<!-- \/ Yoast SEO plugin. -->","yoast_head_json":{"title":"A partir d'avui arriben a les farm\u00e0cies catalanes els fruits de l'arbre dels petits valents per fer realitat el nou Hospital de Dia de Sant Joan de D\u00e9u - Col\u00b7legi de Farmac\u00e8utics de Barcelona","robots":{"index":"index","follow":"follow","max-snippet":"max-snippet:-1","max-image-preview":"max-image-preview:large","max-video-preview":"max-video-preview:-1"},"canonical":"https:\/\/novaorg.cofb.net\/2014\/10\/02\/a-partir-davui-arriben-a-les-farmacies-catalanes-els-fruits-de-larbre-dels-petits-valents-per-fer-realitat-el-nou-hospital-de-dia-de-sant-joan-de-deu\/","og_locale":"ca_ES","og_type":"article","og_title":"A partir d'avui arriben a les farm\u00e0cies catalanes els fruits de l'arbre dels petits valents per fer realitat el nou Hospital de Dia de Sant Joan de D\u00e9u - Col\u00b7legi de Farmac\u00e8utics de Barcelona","og_description":"\u00a0 La campanya solid\u00e0ria \u00e9s una iniciativa de l\u2019Hospital Sant Joan de D\u00e9u amb la col\u00b7laboraci\u00f3 del Consell de Col\u00b7legis Farmac\u00e8utics de Catalunya M\u00e9s de 3.000 farm\u00e0cies vendran capsetes de caramels per recaptar els 600.000\u20ac necessaris per construir aquest centre Barcelona, 2 d\u2019octubre de 2014.- La farm\u00e0cia catalana s\u2019endolceix m\u00e9s [&hellip;]","og_url":"https:\/\/novaorg.cofb.net\/2014\/10\/02\/a-partir-davui-arriben-a-les-farmacies-catalanes-els-fruits-de-larbre-dels-petits-valents-per-fer-realitat-el-nou-hospital-de-dia-de-sant-joan-de-deu\/","og_site_name":"Col\u00b7legi de Farmac\u00e8utics de Barcelona","article_publisher":"https:\/\/www.facebook.com\/farmaceuticsbcn\/","article_published_time":"2014-10-02T12:08:00+00:00","og_image":[{"width":520,"height":175,"url":"https:\/\/novaorg.cofb.net\/wp-content\/uploads\/2014\/10\/image_gallery-1hQSUh.jpeg","type":"image\/jpeg"}],"author":"wpAdminCofbOrg","twitter_card":"summary_large_image","twitter_creator":"@farmaceuticsbcn","twitter_site":"@farmaceuticsbcn","twitter_misc":{"Escrit per":"wpAdminCofbOrg","Temps estimat de lectura":"8 minuts"},"schema":{"@context":"https:\/\/schema.org","@graph":[{"@type":"Article","@id":"https:\/\/novaorg.cofb.net\/2014\/10\/02\/a-partir-davui-arriben-a-les-farmacies-catalanes-els-fruits-de-larbre-dels-petits-valents-per-fer-realitat-el-nou-hospital-de-dia-de-sant-joan-de-deu\/#article","isPartOf":{"@id":"https:\/\/novaorg.cofb.net\/2014\/10\/02\/a-partir-davui-arriben-a-les-farmacies-catalanes-els-fruits-de-larbre-dels-petits-valents-per-fer-realitat-el-nou-hospital-de-dia-de-sant-joan-de-deu\/"},"author":{"name":"wpAdminCofbOrg","@id":"https:\/\/www.cofb.org\/#\/schema\/person\/22ed7eea88da74b0fa4d3154ad87ffcb"},"headline":"A partir d&#8217;avui arriben a les farm\u00e0cies catalanes els fruits de l&#8217;arbre dels petits valents per fer realitat el nou Hospital de Dia de Sant Joan de D\u00e9u","datePublished":"2014-10-02T12:08:00+00:00","dateModified":"2014-10-02T12:08:00+00:00","mainEntityOfPage":{"@id":"https:\/\/novaorg.cofb.net\/2014\/10\/02\/a-partir-davui-arriben-a-les-farmacies-catalanes-els-fruits-de-larbre-dels-petits-valents-per-fer-realitat-el-nou-hospital-de-dia-de-sant-joan-de-deu\/"},"wordCount":1539,"publisher":{"@id":"https:\/\/www.cofb.org\/#organization"},"image":{"@id":"https:\/\/novaorg.cofb.net\/2014\/10\/02\/a-partir-davui-arriben-a-les-farmacies-catalanes-els-fruits-de-larbre-dels-petits-valents-per-fer-realitat-el-nou-hospital-de-dia-de-sant-joan-de-deu\/#primaryimage"},"thumbnailUrl":"https:\/\/www.cofb.org\/wp-content\/uploads\/2014\/10\/image_gallery-1hQSUh.jpeg","articleSection":["Notes de premsa"],"inLanguage":"ca"},{"@type":"WebPage","@id":"https:\/\/novaorg.cofb.net\/2014\/10\/02\/a-partir-davui-arriben-a-les-farmacies-catalanes-els-fruits-de-larbre-dels-petits-valents-per-fer-realitat-el-nou-hospital-de-dia-de-sant-joan-de-deu\/","url":"https:\/\/novaorg.cofb.net\/2014\/10\/02\/a-partir-davui-arriben-a-les-farmacies-catalanes-els-fruits-de-larbre-dels-petits-valents-per-fer-realitat-el-nou-hospital-de-dia-de-sant-joan-de-deu\/","name":"A partir d'avui arriben a les farm\u00e0cies catalanes els fruits de l'arbre dels petits valents per fer realitat el nou Hospital de Dia de Sant Joan de D\u00e9u - Col\u00b7legi de Farmac\u00e8utics de Barcelona","isPartOf":{"@id":"https:\/\/www.cofb.org\/#website"},"primaryImageOfPage":{"@id":"https:\/\/novaorg.cofb.net\/2014\/10\/02\/a-partir-davui-arriben-a-les-farmacies-catalanes-els-fruits-de-larbre-dels-petits-valents-per-fer-realitat-el-nou-hospital-de-dia-de-sant-joan-de-deu\/#primaryimage"},"image":{"@id":"https:\/\/novaorg.cofb.net\/2014\/10\/02\/a-partir-davui-arriben-a-les-farmacies-catalanes-els-fruits-de-larbre-dels-petits-valents-per-fer-realitat-el-nou-hospital-de-dia-de-sant-joan-de-deu\/#primaryimage"},"thumbnailUrl":"https:\/\/www.cofb.org\/wp-content\/uploads\/2014\/10\/image_gallery-1hQSUh.jpeg","datePublished":"2014-10-02T12:08:00+00:00","dateModified":"2014-10-02T12:08:00+00:00","breadcrumb":{"@id":"https:\/\/novaorg.cofb.net\/2014\/10\/02\/a-partir-davui-arriben-a-les-farmacies-catalanes-els-fruits-de-larbre-dels-petits-valents-per-fer-realitat-el-nou-hospital-de-dia-de-sant-joan-de-deu\/#breadcrumb"},"inLanguage":"ca","potentialAction":[{"@type":"ReadAction","target":["https:\/\/novaorg.cofb.net\/2014\/10\/02\/a-partir-davui-arriben-a-les-farmacies-catalanes-els-fruits-de-larbre-dels-petits-valents-per-fer-realitat-el-nou-hospital-de-dia-de-sant-joan-de-deu\/"]}]},{"@type":"ImageObject","inLanguage":"ca","@id":"https:\/\/novaorg.cofb.net\/2014\/10\/02\/a-partir-davui-arriben-a-les-farmacies-catalanes-els-fruits-de-larbre-dels-petits-valents-per-fer-realitat-el-nou-hospital-de-dia-de-sant-joan-de-deu\/#primaryimage","url":"https:\/\/www.cofb.org\/wp-content\/uploads\/2014\/10\/image_gallery-1hQSUh.jpeg","contentUrl":"https:\/\/www.cofb.org\/wp-content\/uploads\/2014\/10\/image_gallery-1hQSUh.jpeg","width":520,"height":175},{"@type":"BreadcrumbList","@id":"https:\/\/novaorg.cofb.net\/2014\/10\/02\/a-partir-davui-arriben-a-les-farmacies-catalanes-els-fruits-de-larbre-dels-petits-valents-per-fer-realitat-el-nou-hospital-de-dia-de-sant-joan-de-deu\/#breadcrumb","itemListElement":[{"@type":"ListItem","position":1,"name":"Inici","item":"https:\/\/novaorg.cofb.net\/"},{"@type":"ListItem","position":2,"name":"A partir d&#8217;avui arriben a les farm\u00e0cies catalanes els fruits de l&#8217;arbre dels petits valents per fer realitat el nou Hospital de Dia de Sant Joan de D\u00e9u"}]},{"@type":"WebSite","@id":"https:\/\/www.cofb.org\/#website","url":"https:\/\/www.cofb.org\/","name":"Col\u00b7legi de Farmac\u00e8utics de Barcelona","description":"","publisher":{"@id":"https:\/\/www.cofb.org\/#organization"},"potentialAction":[{"@type":"SearchAction","target":{"@type":"EntryPoint","urlTemplate":"https:\/\/www.cofb.org\/?s={search_term_string}"},"query-input":"required name=search_term_string"}],"inLanguage":"ca"},{"@type":"Organization","@id":"https:\/\/www.cofb.org\/#organization","name":"Col\u00b7legi de Farmac\u00e8utics de Barcelona","url":"https:\/\/www.cofb.org\/","logo":{"@type":"ImageObject","inLanguage":"ca","@id":"https:\/\/www.cofb.org\/#\/schema\/logo\/image\/","url":"https:\/\/www.cofb.org\/wp-content\/uploads\/2023\/11\/cropped-Logotip-COFB.png","contentUrl":"https:\/\/www.cofb.org\/wp-content\/uploads\/2023\/11\/cropped-Logotip-COFB.png","width":500,"height":105,"caption":"Col\u00b7legi de Farmac\u00e8utics de Barcelona"},"image":{"@id":"https:\/\/www.cofb.org\/#\/schema\/logo\/image\/"},"sameAs":["https:\/\/www.facebook.com\/farmaceuticsbcn\/","https:\/\/twitter.com\/farmaceuticsbcn","https:\/\/www.instagram.com\/farmaceuticsbcn\/","https:\/\/www.linkedin.com\/company\/farmaceuticsbcn\/"]},{"@type":"Person","@id":"https:\/\/www.cofb.org\/#\/schema\/person\/22ed7eea88da74b0fa4d3154ad87ffcb","name":"wpAdminCofbOrg","image":{"@type":"ImageObject","inLanguage":"ca","@id":"https:\/\/www.cofb.org\/#\/schema\/person\/image\/","url":"https:\/\/secure.gravatar.com\/avatar\/1721b20b3b8ca882c3b56ec6c978c594fff670e40c0718e9190eaeeb76aae7d8?s=96&d=mm&r=g","contentUrl":"https:\/\/secure.gravatar.com\/avatar\/1721b20b3b8ca882c3b56ec6c978c594fff670e40c0718e9190eaeeb76aae7d8?s=96&d=mm&r=g","caption":"wpAdminCofbOrg"},"sameAs":["http:\/\/192.168.64.122\/wordpress"],"url":"https:\/\/www.cofb.org\/ca\/author\/wpadmincofborg\/"}]}},"uagb_featured_image_src":{"full":["https:\/\/www.cofb.org\/wp-content\/uploads\/2014\/10\/image_gallery-1hQSUh.jpeg",520,175,false],"thumbnail":["https:\/\/www.cofb.org\/wp-content\/uploads\/2014\/10\/image_gallery-1hQSUh-150x150.jpeg",150,150,true],"medium":["https:\/\/www.cofb.org\/wp-content\/uploads\/2014\/10\/image_gallery-1hQSUh-300x101.jpeg",300,101,true],"medium_large":["https:\/\/www.cofb.org\/wp-content\/uploads\/2014\/10\/image_gallery-1hQSUh.jpeg",520,175,false],"large":["https:\/\/www.cofb.org\/wp-content\/uploads\/2014\/10\/image_gallery-1hQSUh.jpeg",520,175,false],"1536x1536":["https:\/\/www.cofb.org\/wp-content\/uploads\/2014\/10\/image_gallery-1hQSUh.jpeg",520,175,false],"2048x2048":["https:\/\/www.cofb.org\/wp-content\/uploads\/2014\/10\/image_gallery-1hQSUh.jpeg",520,175,false],"trp-custom-language-flag":["https:\/\/www.cofb.org\/wp-content\/uploads\/2014\/10\/image_gallery-1hQSUh-18x6.jpeg",18,6,true]},"uagb_author_info":{"display_name":"wpAdminCofbOrg","author_link":"https:\/\/www.cofb.org\/ca\/author\/wpadmincofborg\/"},"uagb_comment_info":0,"uagb_excerpt":"\u00a0 La campanya solid\u00e0ria \u00e9s una iniciativa de l\u2019Hospital Sant Joan de D\u00e9u amb la col\u00b7laboraci\u00f3 del Consell de Col\u00b7legis Farmac\u00e8utics de Catalunya M\u00e9s de 3.000 farm\u00e0cies vendran capsetes de caramels per recaptar els 600.000\u20ac necessaris per construir aquest centre Barcelona, 2 d\u2019octubre de 2014.- La farm\u00e0cia catalana s\u2019endolceix m\u00e9s [&hellip;]","_links":{"self":[{"href":"https:\/\/www.cofb.org\/ca\/wp-json\/wp\/v2\/posts\/77502","targetHints":{"allow":["GET"]}}],"collection":[{"href":"https:\/\/www.cofb.org\/ca\/wp-json\/wp\/v2\/posts"}],"about":[{"href":"https:\/\/www.cofb.org\/ca\/wp-json\/wp\/v2\/types\/post"}],"author":[{"embeddable":true,"href":"https:\/\/www.cofb.org\/ca\/wp-json\/wp\/v2\/users\/1"}],"replies":[{"embeddable":true,"href":"https:\/\/www.cofb.org\/ca\/wp-json\/wp\/v2\/comments?post=77502"}],"version-history":[{"count":0,"href":"https:\/\/www.cofb.org\/ca\/wp-json\/wp\/v2\/posts\/77502\/revisions"}],"wp:featuredmedia":[{"embeddable":true,"href":"https:\/\/www.cofb.org\/ca\/wp-json\/wp\/v2\/media\/77503"}],"wp:attachment":[{"href":"https:\/\/www.cofb.org\/ca\/wp-json\/wp\/v2\/media?parent=77502"}],"wp:term":[{"taxonomy":"category","embeddable":true,"href":"https:\/\/www.cofb.org\/ca\/wp-json\/wp\/v2\/categories?post=77502"},{"taxonomy":"post_tag","embeddable":true,"href":"https:\/\/www.cofb.org\/ca\/wp-json\/wp\/v2\/tags?post=77502"}],"curies":[{"name":"wp","href":"https:\/\/api.w.org\/{rel}","templated":true}]}}