{"id":77497,"date":"2014-11-05T16:23:00","date_gmt":"2014-11-05T16:23:00","guid":{"rendered":"https:\/\/novaorg.cofb.net\/2014\/11\/05\/ladministracio-torna-a-acumular-dos-mesos-de-deute-amb-les-farmacies-catalanes-4\/"},"modified":"2014-11-05T16:23:00","modified_gmt":"2014-11-05T16:23:00","slug":"ladministracio-torna-a-acumular-dos-mesos-de-deute-amb-les-farmacies-catalanes-4","status":"publish","type":"post","link":"https:\/\/www.cofb.org\/ca\/2014\/11\/05\/ladministracio-torna-a-acumular-dos-mesos-de-deute-amb-les-farmacies-catalanes-4\/","title":{"rendered":"L&#8217;Administraci\u00f3 torna a acumular dos mesos de deute amb les farm\u00e0cies catalanes"},"content":{"rendered":"<p>\u00a0<\/p>\n<ul>\n<li><strong>La Generalitat deu als farmac\u00e8utics un total de 212,9M\u20ac corresponents a les factures d\u2019agost i setembre<\/strong><\/li>\n<li><strong>M\u00e9s de 750 farmac\u00e8utics van assistir ahir a una Junta General Extraordin\u00e0ria per sotmetre a votaci\u00f3 possibles mesures a dur a terme davant els retards en el pagament<\/strong><\/li>\n<\/ul>\n<p>Barcelona, 5 de novembre de 2014.- <strong>L\u2019Administraci\u00f3 hauria d\u2019haver pagat avui els 111,7 milions d\u2019euros corresponents a les factures que els farmac\u00e8utics van dispensar el mes de setembre<\/strong>, segons el que marca el Concert. Donat que encara t\u00e9 pendent la factura d\u2019agost (101,2M\u20ac), la Generalitat <strong>torna a doblar el deute que acumula amb les farm\u00e0cies catalanes, que ascendeix a 212,9M\u20ac<\/strong>. <\/p>\n<p><u><strong>Mesures de pressi\u00f3, a debat<\/strong><\/u><br \/>Precisament aquests retards en el pagament van ser un detonant perqu\u00e8 <strong>ahir es celebr\u00e9s una Junta General Extraordin\u00e0ria sol\u00b7licitada per 3 col\u00b7legiats i recolzada per 312 signatures <\/strong>(complint amb el 3% m\u00ednim que es necessita perqu\u00e8 prosperi una Junta d\u2019aquestes caracter\u00edstiques) <strong>per tal de votar una s\u00e8rie de mesures a dur a terme per fer front a aquesta situaci\u00f3<\/strong>, a la que van assistir m\u00e9s de 750 farmac\u00e8utics del total de 8.462 col\u2022legiats de Barcelona. <\/p>\n<p>Durant la reuni\u00f3, la Junta de Govern, liderada per Jordi de Dalmases, va fer un rep\u00e0s als retards en el pagament que es venen patint des de l\u2019any 2011 i a les accions dutes a terme en cada moment. En aquest sentit, <strong>va destacar la import\u00e0ncia de continuar actuant amb coher\u00e8ncia i aplicant mesures contundents com tancaments, que afecten al servei que es d\u00f3na als usuaris, en els moments en qu\u00e8 s\u2019hagin esgotat totes les vies possibles per aconseguir una soluci\u00f3 al problema de l\u2019impagament sense que aquesta arribi<\/strong>. Ara mateix, tot i la dif\u00edcil situaci\u00f3 financera deguda als dos mesos de retard en el pagament, que se seguiran denunciant, la Generalitat s\u2019ha comprom\u00e8s al pagament d\u2019una factura al novembre i es continua demanant l\u2019arribada d\u2019un FLA extraordinari que permeti cobrir la factura del mes de desembre. <\/p>\n<p>El president del Col\u00b7legi tamb\u00e9 va posar l\u2019\u00e8mfasi en la <strong>necessitat de mantenir el rigor, la professionalitat i la uni\u00f3 que el col\u00b7lectiu ha demostrat durant tot aquest temps per reivindicar que les Administracions abordin el pagament dels medicaments com una q\u00fcesti\u00f3 priorit\u00e0ria i que s\u2019ha de mantenir al marge de qualsevol inter\u00e8s pol\u00edtic<\/strong>. Dalmases va sostenir que tot plegat ha contribu\u00eft al <strong>recolzament que sempre ha mostrat la societat davant les reivindicacions del col\u00b7lectiu. <\/strong><\/p>\n<p>Amb aquests raonaments sobre la taula es van sotmetre a votaci\u00f3 les seg\u00fcents mesures: manifestaci\u00f3 i tancament; tancament reiterat i den\u00fancia del Concert. Totes tres es van denegar amb una \u00e0mplia majoria de vots, coincidint amb el criteri expressat per la Junta de Govern. <\/p>\n<p><u><strong>Antecedents<\/strong><\/u><br \/>La petici\u00f3 de convocar aquesta Junta General Extraordin\u00e0ria va arribar el 8 d\u2019octubre, <strong>despr\u00e9s que la Generalitat trenqu\u00e9s el comprom\u00eds que havia em\u00e8s per escrit al juny<\/strong>: \u201cseguirien pagant, via FLA o tresoreria pr\u00f2pia, de forma regular les factures mensuals. I si es produeix una nova ampliaci\u00f3 del FLA abans d\u2019acabar l\u2019any podrem reduir encara m\u00e9s aquest termini\u201d. Els 119,7M\u20ac de la factura del mes de juliol van arribar finalment el passat 30 d\u2019octubre amb 55 dies de retard.<\/p>\n<p>Els farmac\u00e8utics segueixen reclamant un calendari de pagaments fins a finals d\u2019any, i a l\u2019espera de l\u2019arribada del FLA extraordinari que hauria de permetre reduir el deute de l\u2019Administraci\u00f3 amb les farm\u00e0cies. Tant el <strong>Consell de Col\u00b7legis Farmac\u00e8utics de Catalunya com l\u2019empresarial FEFAC <\/strong>han mantingut diverses reunions per intentar accelerar ambd\u00f3s processos i reduir al m\u00e0xim la incertesa i l\u2019angoixa que provoca aquesta situaci\u00f3 en la farm\u00e0cia catalana.<\/p>\n<p><strong>M\u00e9s informaci\u00f3: <\/strong><br \/>Departament de Comunicaci\u00f3 del Col\u00b7legi de Farmac\u00e8utics <br \/>de Barcelona (COFB)<br \/>Tel\u00e8fon: 93 244 07 28 \/ 18 <br \/>premsa@cofb.net <br \/>\u00a0<\/p>\n<p>\u00a0<\/p>\n<p>\u00a0La Generalitat deu als farmac\u00e8utics un total de 212,9M\u20ac corresponents a les factures d\u2019agost i setembreM\u00e9s de 750 farmac\u00e8utics van assistir ahir a una Junta General Extraordin\u00e0ria per sotmetre a votaci\u00f3 possibles mesures a dur a terme davant els retards en el pagamentBarcelona, 5 de novembre de 2014.- L\u2019Administraci\u00f3 hauria d\u2019haver pagat avui els 111,7 milions d\u2019euros corresponents a les factures que els farmac\u00e8utics van dispensar el mes de setembre, segons el que marca el Concert. Donat que encara t\u00e9 pendent la factura d\u2019agost (101,2M\u20ac), la Generalitat torna a doblar el deute que acumula amb les farm\u00e0cies catalanes, que ascendeix a 212,9M\u20ac. Mesures de pressi\u00f3, a debatPrecisament aquests retards en el pagament van ser un detonant perqu\u00e8 ahir es celebr\u00e9s una Junta General Extraordin\u00e0ria sol\u00b7licitada per 3 col\u00b7legiats i recolzada per 312 signatures (complint amb el 3% m\u00ednim que es necessita perqu\u00e8 prosperi una Junta d\u2019aquestes caracter\u00edstiques) per tal de votar una s\u00e8rie de mesures a dur a terme per fer front a aquesta situaci\u00f3, a la que van assistir m\u00e9s de 750 farmac\u00e8utics del total de 8.462 col\u2022legiats de Barcelona. Durant la reuni\u00f3, la Junta de Govern, liderada per Jordi de Dalmases, va fer un rep\u00e0s als retards en el pagament que es venen patint des de l\u2019any 2011 i a les accions dutes a terme en cada moment. En aquest sentit, va destacar la import\u00e0ncia de continuar actuant amb coher\u00e8ncia i aplicant mesures contundents com tancaments, que afecten al servei que es d\u00f3na als usuaris, en els moments en qu\u00e8 s\u2019hagin esgotat totes les vies possibles per aconseguir una soluci\u00f3 al problema de l\u2019impagament sense que aquesta arribi. Ara mateix, tot i la dif\u00edcil situaci\u00f3 financera deguda als dos mesos de retard en el pagament, que se seguiran denunciant, la Generalitat s\u2019ha comprom\u00e8s al pagament d\u2019una factura al novembre i es continua demanant l\u2019arribada d\u2019un FLA extraordinari que permeti cobrir la factura del mes de desembre. El president del Col\u00b7legi tamb\u00e9 va posar l\u2019\u00e8mfasi en la necessitat de mantenir el rigor, la professionalitat i la uni\u00f3 que el col\u00b7lectiu ha demostrat durant tot aquest temps per reivindicar que les Administracions abordin el pagament dels medicaments com una q\u00fcesti\u00f3 priorit\u00e0ria i que s\u2019ha de mantenir al marge de qualsevol inter\u00e8s pol\u00edtic. Dalmases va sostenir que tot plegat ha contribu\u00eft al recolzament que sempre ha mostrat la societat davant les reivindicacions del col\u00b7lectiu. Amb aquests raonaments sobre la taula es van sotmetre a votaci\u00f3 les seg\u00fcents mesures: manifestaci\u00f3 i tancament; tancament reiterat i den\u00fancia del Concert. Totes tres es van denegar amb una \u00e0mplia majoria de vots, coincidint amb el criteri expressat per la Junta de Govern. AntecedentsLa petici\u00f3 de convocar aquesta Junta General Extraordin\u00e0ria va arribar el 8 d\u2019octubre, despr\u00e9s que la Generalitat trenqu\u00e9s el comprom\u00eds que havia em\u00e8s per escrit al juny: \u201cseguirien pagant, via FLA o tresoreria pr\u00f2pia, de forma regular les factures mensuals. I si es produeix una nova ampliaci\u00f3 del FLA abans d\u2019acabar l\u2019any podrem reduir encara m\u00e9s aquest termini\u201d. Els 119,7M\u20ac de la factura del mes de juliol van arribar finalment el passat 30 d\u2019octubre amb 55 dies de retard.Els farmac\u00e8utics segueixen reclamant un calendari de pagaments fins a finals d\u2019any, i a l\u2019espera de l\u2019arribada del FLA extraordinari que hauria de permetre reduir el deute de l\u2019Administraci\u00f3 amb les farm\u00e0cies. Tant el Consell de Col\u00b7legis Farmac\u00e8utics de Catalunya com l\u2019empresarial FEFAC han mantingut diverses reunions per intentar accelerar ambd\u00f3s processos i reduir al m\u00e0xim la incertesa i l\u2019angoixa que provoca aquesta situaci\u00f3 en la farm\u00e0cia catalana.M\u00e9s informaci\u00f3: Departament de Comunicaci\u00f3 del Col\u00b7legi de Farmac\u00e8utics de Barcelona (COFB)Tel\u00e8fon: 93 244 07 28 \/ 18 premsa@cofb.net \u00a0\u00a0\u00a0\u00a0COFB.ORG<\/p>\n","protected":false},"excerpt":{"rendered":"<p>\u00a0 La Generalitat deu als farmac\u00e8utics un total de 212,9M\u20ac corresponents a les factures d\u2019agost i setembre M\u00e9s de 750 farmac\u00e8utics van assistir ahir a una Junta General Extraordin\u00e0ria per sotmetre a votaci\u00f3 possibles mesures a dur a terme davant els retards en el pagament Barcelona, 5 de novembre de [&hellip;]<\/p>\n","protected":false},"author":1,"featured_media":0,"comment_status":"","ping_status":"","sticky":false,"template":"","format":"standard","meta":{"_uag_custom_page_level_css":"","site-sidebar-layout":"default","site-content-layout":"","ast-site-content-layout":"default","site-content-style":"default","site-sidebar-style":"default","ast-global-header-display":"","ast-banner-title-visibility":"","ast-main-header-display":"","ast-hfb-above-header-display":"","ast-hfb-below-header-display":"","ast-hfb-mobile-header-display":"","site-post-title":"","ast-breadcrumbs-content":"","ast-featured-img":"disabled","footer-sml-layout":"","theme-transparent-header-meta":"","adv-header-id-meta":"","stick-header-meta":"","header-above-stick-meta":"","header-main-stick-meta":"","header-below-stick-meta":"","astra-migrate-meta-layouts":"default","ast-page-background-enabled":"default","ast-page-background-meta":{"desktop":{"background-color":"var(--ast-global-color-4)","background-image":"","background-repeat":"repeat","background-position":"center center","background-size":"auto","background-attachment":"scroll","background-type":"","background-media":"","overlay-type":"","overlay-color":"","overlay-opacity":"","overlay-gradient":""},"tablet":{"background-color":"","background-image":"","background-repeat":"repeat","background-position":"center center","background-size":"auto","background-attachment":"scroll","background-type":"","background-media":"","overlay-type":"","overlay-color":"","overlay-opacity":"","overlay-gradient":""},"mobile":{"background-color":"","background-image":"","background-repeat":"repeat","background-position":"center center","background-size":"auto","background-attachment":"scroll","background-type":"","background-media":"","overlay-type":"","overlay-color":"","overlay-opacity":"","overlay-gradient":""}},"ast-content-background-meta":{"desktop":{"background-color":"var(--ast-global-color-5)","background-image":"","background-repeat":"repeat","background-position":"center center","background-size":"auto","background-attachment":"scroll","background-type":"","background-media":"","overlay-type":"","overlay-color":"","overlay-opacity":"","overlay-gradient":""},"tablet":{"background-color":"var(--ast-global-color-5)","background-image":"","background-repeat":"repeat","background-position":"center center","background-size":"auto","background-attachment":"scroll","background-type":"","background-media":"","overlay-type":"","overlay-color":"","overlay-opacity":"","overlay-gradient":""},"mobile":{"background-color":"var(--ast-global-color-5)","background-image":"","background-repeat":"repeat","background-position":"center center","background-size":"auto","background-attachment":"scroll","background-type":"","background-media":"","overlay-type":"","overlay-color":"","overlay-opacity":"","overlay-gradient":""}},"footnotes":""},"categories":[1060,1066],"tags":[],"class_list":["post-77497","post","type-post","status-publish","format-standard","hentry","category-notes-premsa","category-sense-categoria-ca"],"yoast_head":"<!-- This site is optimized with the Yoast SEO plugin v22.4 - https:\/\/yoast.com\/wordpress\/plugins\/seo\/ -->\n<title>L&#039;Administraci\u00f3 torna a acumular dos mesos de deute amb les farm\u00e0cies catalanes - Col\u00b7legi de Farmac\u00e8utics de Barcelona<\/title>\n<meta name=\"robots\" content=\"index, follow, max-snippet:-1, max-image-preview:large, max-video-preview:-1\" \/>\n<link rel=\"canonical\" href=\"https:\/\/novaorg.cofb.net\/2014\/11\/05\/ladministracio-torna-a-acumular-dos-mesos-de-deute-amb-les-farmacies-catalanes-4\/\" \/>\n<meta property=\"og:locale\" content=\"ca_ES\" \/>\n<meta property=\"og:type\" content=\"article\" \/>\n<meta property=\"og:title\" content=\"L&#039;Administraci\u00f3 torna a acumular dos mesos de deute amb les farm\u00e0cies catalanes - Col\u00b7legi de Farmac\u00e8utics de Barcelona\" \/>\n<meta property=\"og:description\" content=\"\u00a0 La Generalitat deu als farmac\u00e8utics un total de 212,9M\u20ac corresponents a les factures d\u2019agost i setembre M\u00e9s de 750 farmac\u00e8utics van assistir ahir a una Junta General Extraordin\u00e0ria per sotmetre a votaci\u00f3 possibles mesures a dur a terme davant els retards en el pagament Barcelona, 5 de novembre de [&hellip;]\" \/>\n<meta property=\"og:url\" content=\"https:\/\/novaorg.cofb.net\/2014\/11\/05\/ladministracio-torna-a-acumular-dos-mesos-de-deute-amb-les-farmacies-catalanes-4\/\" \/>\n<meta property=\"og:site_name\" content=\"Col\u00b7legi de Farmac\u00e8utics de Barcelona\" \/>\n<meta property=\"article:publisher\" content=\"https:\/\/www.facebook.com\/farmaceuticsbcn\/\" \/>\n<meta property=\"article:published_time\" content=\"2014-11-05T16:23:00+00:00\" \/>\n<meta name=\"author\" content=\"wpAdminCofbOrg\" \/>\n<meta name=\"twitter:card\" content=\"summary_large_image\" \/>\n<meta name=\"twitter:creator\" content=\"@farmaceuticsbcn\" \/>\n<meta name=\"twitter:site\" content=\"@farmaceuticsbcn\" \/>\n<meta name=\"twitter:label1\" content=\"Escrit per\" \/>\n\t<meta name=\"twitter:data1\" content=\"wpAdminCofbOrg\" \/>\n\t<meta name=\"twitter:label2\" content=\"Temps estimat de lectura\" \/>\n\t<meta name=\"twitter:data2\" content=\"7 minuts\" \/>\n<script type=\"application\/ld+json\" class=\"yoast-schema-graph\">{\"@context\":\"https:\/\/schema.org\",\"@graph\":[{\"@type\":\"Article\",\"@id\":\"https:\/\/novaorg.cofb.net\/2014\/11\/05\/ladministracio-torna-a-acumular-dos-mesos-de-deute-amb-les-farmacies-catalanes-4\/#article\",\"isPartOf\":{\"@id\":\"https:\/\/novaorg.cofb.net\/2014\/11\/05\/ladministracio-torna-a-acumular-dos-mesos-de-deute-amb-les-farmacies-catalanes-4\/\"},\"author\":{\"name\":\"wpAdminCofbOrg\",\"@id\":\"https:\/\/www.cofb.org\/#\/schema\/person\/22ed7eea88da74b0fa4d3154ad87ffcb\"},\"headline\":\"L&#8217;Administraci\u00f3 torna a acumular dos mesos de deute amb les farm\u00e0cies catalanes\",\"datePublished\":\"2014-11-05T16:23:00+00:00\",\"dateModified\":\"2014-11-05T16:23:00+00:00\",\"mainEntityOfPage\":{\"@id\":\"https:\/\/novaorg.cofb.net\/2014\/11\/05\/ladministracio-torna-a-acumular-dos-mesos-de-deute-amb-les-farmacies-catalanes-4\/\"},\"wordCount\":1346,\"publisher\":{\"@id\":\"https:\/\/www.cofb.org\/#organization\"},\"articleSection\":[\"Notes de premsa\"],\"inLanguage\":\"ca\"},{\"@type\":\"WebPage\",\"@id\":\"https:\/\/novaorg.cofb.net\/2014\/11\/05\/ladministracio-torna-a-acumular-dos-mesos-de-deute-amb-les-farmacies-catalanes-4\/\",\"url\":\"https:\/\/novaorg.cofb.net\/2014\/11\/05\/ladministracio-torna-a-acumular-dos-mesos-de-deute-amb-les-farmacies-catalanes-4\/\",\"name\":\"L'Administraci\u00f3 torna a acumular dos mesos de deute amb les farm\u00e0cies catalanes - Col\u00b7legi de Farmac\u00e8utics de Barcelona\",\"isPartOf\":{\"@id\":\"https:\/\/www.cofb.org\/#website\"},\"datePublished\":\"2014-11-05T16:23:00+00:00\",\"dateModified\":\"2014-11-05T16:23:00+00:00\",\"breadcrumb\":{\"@id\":\"https:\/\/novaorg.cofb.net\/2014\/11\/05\/ladministracio-torna-a-acumular-dos-mesos-de-deute-amb-les-farmacies-catalanes-4\/#breadcrumb\"},\"inLanguage\":\"ca\",\"potentialAction\":[{\"@type\":\"ReadAction\",\"target\":[\"https:\/\/novaorg.cofb.net\/2014\/11\/05\/ladministracio-torna-a-acumular-dos-mesos-de-deute-amb-les-farmacies-catalanes-4\/\"]}]},{\"@type\":\"BreadcrumbList\",\"@id\":\"https:\/\/novaorg.cofb.net\/2014\/11\/05\/ladministracio-torna-a-acumular-dos-mesos-de-deute-amb-les-farmacies-catalanes-4\/#breadcrumb\",\"itemListElement\":[{\"@type\":\"ListItem\",\"position\":1,\"name\":\"Inici\",\"item\":\"https:\/\/novaorg.cofb.net\/\"},{\"@type\":\"ListItem\",\"position\":2,\"name\":\"L&#8217;Administraci\u00f3 torna a acumular dos mesos de deute amb les farm\u00e0cies catalanes\"}]},{\"@type\":\"WebSite\",\"@id\":\"https:\/\/www.cofb.org\/#website\",\"url\":\"https:\/\/www.cofb.org\/\",\"name\":\"Col\u00b7legi de Farmac\u00e8utics de Barcelona\",\"description\":\"\",\"publisher\":{\"@id\":\"https:\/\/www.cofb.org\/#organization\"},\"potentialAction\":[{\"@type\":\"SearchAction\",\"target\":{\"@type\":\"EntryPoint\",\"urlTemplate\":\"https:\/\/www.cofb.org\/?s={search_term_string}\"},\"query-input\":\"required name=search_term_string\"}],\"inLanguage\":\"ca\"},{\"@type\":\"Organization\",\"@id\":\"https:\/\/www.cofb.org\/#organization\",\"name\":\"Col\u00b7legi de Farmac\u00e8utics de Barcelona\",\"url\":\"https:\/\/www.cofb.org\/\",\"logo\":{\"@type\":\"ImageObject\",\"inLanguage\":\"ca\",\"@id\":\"https:\/\/www.cofb.org\/#\/schema\/logo\/image\/\",\"url\":\"https:\/\/www.cofb.org\/wp-content\/uploads\/2023\/11\/cropped-Logotip-COFB.png\",\"contentUrl\":\"https:\/\/www.cofb.org\/wp-content\/uploads\/2023\/11\/cropped-Logotip-COFB.png\",\"width\":500,\"height\":105,\"caption\":\"Col\u00b7legi de Farmac\u00e8utics de Barcelona\"},\"image\":{\"@id\":\"https:\/\/www.cofb.org\/#\/schema\/logo\/image\/\"},\"sameAs\":[\"https:\/\/www.facebook.com\/farmaceuticsbcn\/\",\"https:\/\/twitter.com\/farmaceuticsbcn\",\"https:\/\/www.instagram.com\/farmaceuticsbcn\/\",\"https:\/\/www.linkedin.com\/company\/farmaceuticsbcn\/\"]},{\"@type\":\"Person\",\"@id\":\"https:\/\/www.cofb.org\/#\/schema\/person\/22ed7eea88da74b0fa4d3154ad87ffcb\",\"name\":\"wpAdminCofbOrg\",\"image\":{\"@type\":\"ImageObject\",\"inLanguage\":\"ca\",\"@id\":\"https:\/\/www.cofb.org\/#\/schema\/person\/image\/\",\"url\":\"https:\/\/secure.gravatar.com\/avatar\/1721b20b3b8ca882c3b56ec6c978c594fff670e40c0718e9190eaeeb76aae7d8?s=96&d=mm&r=g\",\"contentUrl\":\"https:\/\/secure.gravatar.com\/avatar\/1721b20b3b8ca882c3b56ec6c978c594fff670e40c0718e9190eaeeb76aae7d8?s=96&d=mm&r=g\",\"caption\":\"wpAdminCofbOrg\"},\"sameAs\":[\"http:\/\/192.168.64.122\/wordpress\"],\"url\":\"https:\/\/www.cofb.org\/ca\/author\/wpadmincofborg\/\"}]}<\/script>\n<!-- \/ Yoast SEO plugin. -->","yoast_head_json":{"title":"L'Administraci\u00f3 torna a acumular dos mesos de deute amb les farm\u00e0cies catalanes - Col\u00b7legi de Farmac\u00e8utics de Barcelona","robots":{"index":"index","follow":"follow","max-snippet":"max-snippet:-1","max-image-preview":"max-image-preview:large","max-video-preview":"max-video-preview:-1"},"canonical":"https:\/\/novaorg.cofb.net\/2014\/11\/05\/ladministracio-torna-a-acumular-dos-mesos-de-deute-amb-les-farmacies-catalanes-4\/","og_locale":"ca_ES","og_type":"article","og_title":"L'Administraci\u00f3 torna a acumular dos mesos de deute amb les farm\u00e0cies catalanes - Col\u00b7legi de Farmac\u00e8utics de Barcelona","og_description":"\u00a0 La Generalitat deu als farmac\u00e8utics un total de 212,9M\u20ac corresponents a les factures d\u2019agost i setembre M\u00e9s de 750 farmac\u00e8utics van assistir ahir a una Junta General Extraordin\u00e0ria per sotmetre a votaci\u00f3 possibles mesures a dur a terme davant els retards en el pagament Barcelona, 5 de novembre de [&hellip;]","og_url":"https:\/\/novaorg.cofb.net\/2014\/11\/05\/ladministracio-torna-a-acumular-dos-mesos-de-deute-amb-les-farmacies-catalanes-4\/","og_site_name":"Col\u00b7legi de Farmac\u00e8utics de Barcelona","article_publisher":"https:\/\/www.facebook.com\/farmaceuticsbcn\/","article_published_time":"2014-11-05T16:23:00+00:00","author":"wpAdminCofbOrg","twitter_card":"summary_large_image","twitter_creator":"@farmaceuticsbcn","twitter_site":"@farmaceuticsbcn","twitter_misc":{"Escrit per":"wpAdminCofbOrg","Temps estimat de lectura":"7 minuts"},"schema":{"@context":"https:\/\/schema.org","@graph":[{"@type":"Article","@id":"https:\/\/novaorg.cofb.net\/2014\/11\/05\/ladministracio-torna-a-acumular-dos-mesos-de-deute-amb-les-farmacies-catalanes-4\/#article","isPartOf":{"@id":"https:\/\/novaorg.cofb.net\/2014\/11\/05\/ladministracio-torna-a-acumular-dos-mesos-de-deute-amb-les-farmacies-catalanes-4\/"},"author":{"name":"wpAdminCofbOrg","@id":"https:\/\/www.cofb.org\/#\/schema\/person\/22ed7eea88da74b0fa4d3154ad87ffcb"},"headline":"L&#8217;Administraci\u00f3 torna a acumular dos mesos de deute amb les farm\u00e0cies catalanes","datePublished":"2014-11-05T16:23:00+00:00","dateModified":"2014-11-05T16:23:00+00:00","mainEntityOfPage":{"@id":"https:\/\/novaorg.cofb.net\/2014\/11\/05\/ladministracio-torna-a-acumular-dos-mesos-de-deute-amb-les-farmacies-catalanes-4\/"},"wordCount":1346,"publisher":{"@id":"https:\/\/www.cofb.org\/#organization"},"articleSection":["Notes de premsa"],"inLanguage":"ca"},{"@type":"WebPage","@id":"https:\/\/novaorg.cofb.net\/2014\/11\/05\/ladministracio-torna-a-acumular-dos-mesos-de-deute-amb-les-farmacies-catalanes-4\/","url":"https:\/\/novaorg.cofb.net\/2014\/11\/05\/ladministracio-torna-a-acumular-dos-mesos-de-deute-amb-les-farmacies-catalanes-4\/","name":"L'Administraci\u00f3 torna a acumular dos mesos de deute amb les farm\u00e0cies catalanes - Col\u00b7legi de Farmac\u00e8utics de Barcelona","isPartOf":{"@id":"https:\/\/www.cofb.org\/#website"},"datePublished":"2014-11-05T16:23:00+00:00","dateModified":"2014-11-05T16:23:00+00:00","breadcrumb":{"@id":"https:\/\/novaorg.cofb.net\/2014\/11\/05\/ladministracio-torna-a-acumular-dos-mesos-de-deute-amb-les-farmacies-catalanes-4\/#breadcrumb"},"inLanguage":"ca","potentialAction":[{"@type":"ReadAction","target":["https:\/\/novaorg.cofb.net\/2014\/11\/05\/ladministracio-torna-a-acumular-dos-mesos-de-deute-amb-les-farmacies-catalanes-4\/"]}]},{"@type":"BreadcrumbList","@id":"https:\/\/novaorg.cofb.net\/2014\/11\/05\/ladministracio-torna-a-acumular-dos-mesos-de-deute-amb-les-farmacies-catalanes-4\/#breadcrumb","itemListElement":[{"@type":"ListItem","position":1,"name":"Inici","item":"https:\/\/novaorg.cofb.net\/"},{"@type":"ListItem","position":2,"name":"L&#8217;Administraci\u00f3 torna a acumular dos mesos de deute amb les farm\u00e0cies catalanes"}]},{"@type":"WebSite","@id":"https:\/\/www.cofb.org\/#website","url":"https:\/\/www.cofb.org\/","name":"Col\u00b7legi de Farmac\u00e8utics de Barcelona","description":"","publisher":{"@id":"https:\/\/www.cofb.org\/#organization"},"potentialAction":[{"@type":"SearchAction","target":{"@type":"EntryPoint","urlTemplate":"https:\/\/www.cofb.org\/?s={search_term_string}"},"query-input":"required name=search_term_string"}],"inLanguage":"ca"},{"@type":"Organization","@id":"https:\/\/www.cofb.org\/#organization","name":"Col\u00b7legi de Farmac\u00e8utics de Barcelona","url":"https:\/\/www.cofb.org\/","logo":{"@type":"ImageObject","inLanguage":"ca","@id":"https:\/\/www.cofb.org\/#\/schema\/logo\/image\/","url":"https:\/\/www.cofb.org\/wp-content\/uploads\/2023\/11\/cropped-Logotip-COFB.png","contentUrl":"https:\/\/www.cofb.org\/wp-content\/uploads\/2023\/11\/cropped-Logotip-COFB.png","width":500,"height":105,"caption":"Col\u00b7legi de Farmac\u00e8utics de Barcelona"},"image":{"@id":"https:\/\/www.cofb.org\/#\/schema\/logo\/image\/"},"sameAs":["https:\/\/www.facebook.com\/farmaceuticsbcn\/","https:\/\/twitter.com\/farmaceuticsbcn","https:\/\/www.instagram.com\/farmaceuticsbcn\/","https:\/\/www.linkedin.com\/company\/farmaceuticsbcn\/"]},{"@type":"Person","@id":"https:\/\/www.cofb.org\/#\/schema\/person\/22ed7eea88da74b0fa4d3154ad87ffcb","name":"wpAdminCofbOrg","image":{"@type":"ImageObject","inLanguage":"ca","@id":"https:\/\/www.cofb.org\/#\/schema\/person\/image\/","url":"https:\/\/secure.gravatar.com\/avatar\/1721b20b3b8ca882c3b56ec6c978c594fff670e40c0718e9190eaeeb76aae7d8?s=96&d=mm&r=g","contentUrl":"https:\/\/secure.gravatar.com\/avatar\/1721b20b3b8ca882c3b56ec6c978c594fff670e40c0718e9190eaeeb76aae7d8?s=96&d=mm&r=g","caption":"wpAdminCofbOrg"},"sameAs":["http:\/\/192.168.64.122\/wordpress"],"url":"https:\/\/www.cofb.org\/ca\/author\/wpadmincofborg\/"}]}},"uagb_featured_image_src":{"full":false,"thumbnail":false,"medium":false,"medium_large":false,"large":false,"1536x1536":false,"2048x2048":false,"trp-custom-language-flag":false},"uagb_author_info":{"display_name":"wpAdminCofbOrg","author_link":"https:\/\/www.cofb.org\/ca\/author\/wpadmincofborg\/"},"uagb_comment_info":0,"uagb_excerpt":"\u00a0 La Generalitat deu als farmac\u00e8utics un total de 212,9M\u20ac corresponents a les factures d\u2019agost i setembre M\u00e9s de 750 farmac\u00e8utics van assistir ahir a una Junta General Extraordin\u00e0ria per sotmetre a votaci\u00f3 possibles mesures a dur a terme davant els retards en el pagament Barcelona, 5 de novembre de [&hellip;]","_links":{"self":[{"href":"https:\/\/www.cofb.org\/ca\/wp-json\/wp\/v2\/posts\/77497","targetHints":{"allow":["GET"]}}],"collection":[{"href":"https:\/\/www.cofb.org\/ca\/wp-json\/wp\/v2\/posts"}],"about":[{"href":"https:\/\/www.cofb.org\/ca\/wp-json\/wp\/v2\/types\/post"}],"author":[{"embeddable":true,"href":"https:\/\/www.cofb.org\/ca\/wp-json\/wp\/v2\/users\/1"}],"replies":[{"embeddable":true,"href":"https:\/\/www.cofb.org\/ca\/wp-json\/wp\/v2\/comments?post=77497"}],"version-history":[{"count":0,"href":"https:\/\/www.cofb.org\/ca\/wp-json\/wp\/v2\/posts\/77497\/revisions"}],"wp:attachment":[{"href":"https:\/\/www.cofb.org\/ca\/wp-json\/wp\/v2\/media?parent=77497"}],"wp:term":[{"taxonomy":"category","embeddable":true,"href":"https:\/\/www.cofb.org\/ca\/wp-json\/wp\/v2\/categories?post=77497"},{"taxonomy":"post_tag","embeddable":true,"href":"https:\/\/www.cofb.org\/ca\/wp-json\/wp\/v2\/tags?post=77497"}],"curies":[{"name":"wp","href":"https:\/\/api.w.org\/{rel}","templated":true}]}}