{"id":77485,"date":"2015-02-27T15:00:00","date_gmt":"2015-02-27T15:00:00","guid":{"rendered":"https:\/\/novaorg.cofb.net\/2015\/02\/27\/disponible-el-programa-dinfarma-barcelona-2015-mes-de-220-ponents-10-taules-rodones-i-mes-de-60-aules-actives-per-millorar-la-farmacia-des-del-present\/"},"modified":"2015-02-27T15:00:00","modified_gmt":"2015-02-27T15:00:00","slug":"disponible-el-programa-dinfarma-barcelona-2015-mes-de-220-ponents-10-taules-rodones-i-mes-de-60-aules-actives-per-millorar-la-farmacia-des-del-present","status":"publish","type":"post","link":"https:\/\/www.cofb.org\/ca\/2015\/02\/27\/disponible-el-programa-dinfarma-barcelona-2015-mes-de-220-ponents-10-taules-rodones-i-mes-de-60-aules-actives-per-millorar-la-farmacia-des-del-present\/","title":{"rendered":"Disponible el programa d&#8217;Infarma Barcelona 2015:  M\u00e9s de 220 ponents, 10 taules rodones i m\u00e9s de 60 aules actives per millorar la farm\u00e0cia des del present"},"content":{"rendered":"<p>\u00a0<\/p>\n<ul>\n<li><strong>Es presentaran projectes posats en marxa actualment i serveis que s\u2019estan oferint per mostrar cap a on s\u2019orienta l\u2019acci\u00f3 de la farm\u00e0cia. Entre els temes d\u2019actualitat que es tractaran, destaquen solucions al desprove\u00efment, acc\u00e9s dels pacients a nous f\u00e0rmacs i  innovaci\u00f3 en la prestaci\u00f3 farmac\u00e8utica<\/strong><\/li>\n<li><strong>A m\u00e9s del programa, al web d\u2019Infarma tamb\u00e9 es poden veure 17 v\u00eddeos per apropar-se a alguns dels continguts m\u00e9s rellevants del Congr\u00e9s en qu\u00e8 ponents i moderadors expliquen de qu\u00e8 es parlar\u00e0 i per qu\u00e8 \u00e9s interessant assistir-hi<\/strong><\/li>\n<li><strong>El Congr\u00e9s i Sal\u00f3 tindran lloc els propers 24, 25 i 26 de mar\u00e7 a una nova seu: el recinte Firal de Gran Via<\/strong><br \/>\u00a0<\/li>\n<\/ul>\n<p class=\"MsoNormal\"><i>Barcelona, 27 de febrer de 2015.<\/i> Ja es pot consultar el <a href=\"http:\/\/www.infarma.es\/documents\/564610\/739059\/Pre-programa+Infarma+2015.pdf\"><b><span>programa<\/span><\/b><\/a><b> d\u2019Infarma Barcelona 2015 al web del Congr\u00e9s i Sal\u00f3.<\/b> Durant tres dies \u201324, 25 i 26 de mar\u00e7, al recinte firal de Gran Via\u2013 <b>m\u00e9s de 220 ponents d\u2019\u00e0mbit nacional i internacional<\/b> es donaran cita per debatre, mitjan\u00e7ant les <b>10 taules rodones i m\u00e9s de 60 aules actives programades<\/b>, l\u2019actualitat i les perspectives del sector farmac\u00e8utic en el marc del lema escollit per a aquesta 27a edici\u00f3: <b>\u201cOrientats a l\u2019acci\u00f3. Experi\u00e8ncies per millorar la farm\u00e0cia des del present\u201d. <\/b>Al web d\u2019Infarma tamb\u00e9 estan disponibles <a href=\"http:\/\/www.infarma.es\/ca\/web\/infarma-2015\/fotos-infarma\"><b><span>17 v\u00eddeos per apropar-se a alguns dels continguts m\u00e9s rellevants del Congr\u00e9s<\/span><\/b><\/a>, en els quals ponents i moderadors expliquen qu\u00e8 \u00e9s el m\u00e9s destacat de la seva taula i per qu\u00e8 \u00e9s interessant assistir-hi. <\/p>\n<p class=\"MsoNormal\"><span><b><span>Acc\u00e9s a nous f\u00e0rmacs i solucions al desprove\u00efment, alguns dels temes m\u00e9s destacats<\/span><\/b><\/span><b><span><\/p>\n<p><\/span><\/b><\/p>\n<p class=\"MsoNormal\">Entre els temes d\u2019estricta actualitat que s\u2019abordaran a les 10 taules es troba el debat sobre <a href=\"https:\/\/www.youtube.com\/watch?feature=player_embedded&amp;v=OBnmM9ogDWA\"><b><span>l\u2019acc\u00e9s dels pacients a nous f\u00e0rmacs<\/span><\/b><\/a>, en el qual es parlar\u00e0 de com aconseguir l\u2019equilibri per a qu\u00e8 la inversi\u00f3 sigui atractiva en la investigaci\u00f3 i alhora garantir que el pacient pugui accedir a les novetats farmac\u00e8utiques. La innovaci\u00f3 tamb\u00e9 estar\u00e0 present a l\u2019hora de donar resposta a la <a href=\"https:\/\/www.youtube.com\/watch?feature=player_embedded&amp;v=2gOSm5wswRQ\"><b><span>confer\u00e8ncia que q\u00fcestionar\u00e0 si<\/span><\/b><span> <b>\u00e9s sostenible l\u2019actual prestaci\u00f3 farmac\u00e8utica<\/b><\/span><\/a><b>.<\/b> Les mesures de contenci\u00f3 en la despesa sanit\u00e0ria dificulten el finan\u00e7ament de la prestaci\u00f3 farmac\u00e8utica, per la qual cosa \u00e9s necessari definir com seleccionar, prioritzar i finan\u00e7ar la innovaci\u00f3 en l\u2019\u00e0mbit sanitari. <\/p>\n<p class=\"MsoNormal\"><a href=\"https:\/\/www.youtube.com\/watch?feature=player_embedded&amp;v=4CgrAjGhFao\"><b><span>Trobar solucions a les dificultats detectades en el desprove\u00efment<\/span><\/b><\/a> ser\u00e0 un altre dels grans temes. Mitjan\u00e7ant una taula rodona es tractar\u00e0 la problem\u00e0tica del desprove\u00efment en el mercat de medicaments i s\u2019analitzar\u00e0 com afecta als agents implicats: la farm\u00e0cia comunit\u00e0ria, l\u2019atenci\u00f3 prim\u00e0ria, els hospitals, els distribu\u00efdors, la ind\u00fastria farmac\u00e8utica i els pacients. D\u2019altra banda, tamb\u00e9 \u00e9s un tema de debat la venda de productes per Internet, tal i com es mostrar\u00e0 a la taula <a href=\"https:\/\/www.youtube.com\/watch?feature=player_embedded&amp;v=A9Fp__6fJwE\"><b><span>\u201cLa parafarm\u00e0cia a Internet. Oportunitat o risc. A qualsevol preu?\u201d.<\/span><\/b><\/a> <\/p>\n<p class=\"MsoNormal\"><span><b><span>Qu\u00e8 es dir\u00e0 sobre els serveis a la farm\u00e0cia?<\/span><\/b><\/span><b><span><\/p>\n<p><\/span><\/b><\/p>\n<p class=\"MsoNormal\">El farmac\u00e8utic, des de la seva vessant m\u00e9s assistencial, pot contribuir a l\u2019efici\u00e8ncia del sistema sanitari. Un exemple \u00e9s la <a href=\"https:\/\/www.youtube.com\/watch?feature=player_embedded&amp;v=qpjQ-qLldGw\"><b><span>prevenci\u00f3 del risc cardiovascular, tema que s\u2019abordar\u00e0 a la confer\u00e8ncia inaugural<\/span><\/b><\/a>, en la qual tamb\u00e9 es presentaran els <b>resultats del<\/b> <b>programa pioner de detecci\u00f3 de risc cardiovascular en qu\u00e8 participen les farm\u00e0cies<\/b>, que va comen\u00e7ar fa un any. <\/p>\n<p class=\"MsoNormal\"><a href=\"https:\/\/www.youtube.com\/watch?feature=player_embedded&amp;v=iQlvScbvK94\"><b><span>\u201cServeis farmac\u00e8utics de prevenci\u00f3 i atenci\u00f3 al pacient\u201d<\/span><\/b><\/a><b> <\/b>\u00e9s el t\u00edtol de la taula que explicar\u00e0 diferents serveis professionals que s\u2019estan prestant a les farm\u00e0cies de diferents \u00e0mbits geogr\u00e0fics, alguns d\u2019ells concertats amb el sistema p\u00fablic de salut i altres des de l\u2019\u00e0mbit privat. \u00a0En la mateixa l\u00ednia, en una altra confer\u00e8ncia es concretar\u00e0 quines accions s\u2019estan duent a terme en el marc de la <a href=\"https:\/\/www.youtube.com\/watch?feature=player_embedded&amp;v=nLT0m14az2M\"><b><span>Declaraci\u00f3 de C\u00f3rdoba<\/span><\/b><\/a><b>.<\/b> <\/p>\n<p class=\"MsoNormal\"><span><b><span>Les aules actives, un espai per aprofundir en les \u00e0rees d\u2019especialitzaci\u00f3 de les farm\u00e0cies<\/span><\/b><\/span><b><span><\/p>\n<p><\/span><\/b><\/p>\n<p class=\"MsoNormal\">El Congr\u00e9s tamb\u00e9 compta amb <b>m\u00e9s de 60 aules actives sobre les diferents \u00e0rees d\u2019especialitzaci\u00f3 de la farm\u00e0cia<\/b>, com ara alimentaci\u00f3, dermofarm\u00e0cia, formulaci\u00f3 magistral, plantes medicinals i homeopatia, ortop\u00e8dia, gesti\u00f3 i salut p\u00fablica.<\/p>\n<p class=\"MsoNormal\">Un dels t\u00edtols destacats \u00e9s <a href=\"https:\/\/www.youtube.com\/watch?feature=player_embedded&amp;v=Kdr8x6voTOw\"><b><span>\u201cEl farmac\u00e8utic comprom\u00e8s amb la societat\u201d,<\/span><\/b><\/a> a la qual es parlar\u00e0, entre d\u2019altres coses, del projecte Radars \u2013creat amb l\u2019objectiu de detectar gent gran en risc d\u2019exclusi\u00f3 social- com a mostra de l\u2019\u00e8xit de la col\u00b7laboraci\u00f3 entre serveis socials i sanitaris; aix\u00ed com\u00a0 l\u2019anomenada <b>\u201cBiosimilars a escena\u201d.<\/b> La gesti\u00f3 de la farm\u00e0cia tamb\u00e9 tindr\u00e0 pres\u00e8ncia a l\u2019aula <b>\u201c60 claus de gesti\u00f3 per aplicar a la farm\u00e0cia avui mateix\u201d, <\/b>on s\u2019abordar\u00e0 qu\u00e8 s\u2019ha de tenir en compte per optimitzar la gesti\u00f3 farmac\u00e8utica en diferents \u00e0rees, com ara amb l\u2019atenci\u00f3 al pacient i a Internet.<span lang=\"ES\"><\/p>\n<p><\/span><\/p>\n<p>Altres camps on la farm\u00e0cia pot cr\u00e9ixer \u00e9s en mat\u00e8ria d\u2019esport, aix\u00ed ho mostrar\u00e0 l\u2019aula <a href=\"https:\/\/www.youtube.com\/watch?feature=player_embedded&amp;v=gP7fJGv9lx0\"><b><span>\u201cEsport i nutrici\u00f3. La sortida est\u00e0 a la teva farm\u00e0cia\u201d.<\/span><\/b><\/a><b> <\/b>Un altre \u00e0mbit \u00e9s la <a href=\"https:\/\/www.youtube.com\/watch?feature=player_embedded&amp;v=kr6L2ay3CHs\"><b><span>fitoter\u00e0pia en el tractament coadjuvant del c\u00e0ncer<\/span><\/b><\/a><b>, <\/b>ja que s\u2019ha detectat un percentatge important de pacients oncol\u00f2gics que utilitzen la fitoter\u00e0pia amb diverses finalitats, i tamb\u00e9 l\u2019autocura, tal i com s\u2019explicar\u00e0 a <b>\u201cL\u2019autocura a l\u2019oficina de farm\u00e0cia\u201d.<\/b> <\/p>\n<p class=\"MsoNormal\"><b>Per a m\u00e9s informaci\u00f3:<br \/><\/b>Departament de Comunicaci\u00f3 del Col\u00b7legi de Farmac\u00e8utics <br \/>de Barcelona (COFB)<\/p>\n<p>Tel\u00e8fon: 93 244 07 28 \/ 18 <br \/>premsa@cofb.net <br \/>Web d\u2019Infarma: <a href=\"http:\/\/www.infarma.es\/web\/infarma-2015\" target=\"_blank\" rel=\"noopener\">http:\/\/www.infarma.es\/web\/infarma-2015 <\/a><br \/>Twitter: <a href=\"https:\/\/twitter.com\/infarma_es\" target=\"_blank\" rel=\"noopener\">@Infarma_es <\/a><b><br \/><\/b> <\/p>\n<p>\u00a0Es presentaran projectes posats en marxa actualment i serveis que s\u2019estan oferint per mostrar cap a on s\u2019orienta l\u2019acci\u00f3 de la farm\u00e0cia. Entre els temes d\u2019actualitat que es tractaran, destaquen solucions al desprove\u00efment, acc\u00e9s dels pacients a nous f\u00e0rmacs i  innovaci\u00f3 en la prestaci\u00f3 farmac\u00e8uticaA m\u00e9s del programa, al web d\u2019Infarma tamb\u00e9 es poden veure 17 v\u00eddeos per apropar-se a alguns dels continguts m\u00e9s rellevants del Congr\u00e9s en qu\u00e8 ponents i moderadors expliquen de qu\u00e8 es parlar\u00e0 i per qu\u00e8 \u00e9s interessant assistir-hiEl Congr\u00e9s i Sal\u00f3 tindran lloc els propers 24, 25 i 26 de mar\u00e7 a una nova seu: el recinte Firal de Gran Via\u00a0Barcelona, 27 de febrer de 2015. Ja es pot consultar el programa d\u2019Infarma Barcelona 2015 al web del Congr\u00e9s i Sal\u00f3. Durant tres dies \u201324, 25 i 26 de mar\u00e7, al recinte firal de Gran Via\u2013 m\u00e9s de 220 ponents d\u2019\u00e0mbit nacional i internacional es donaran cita per debatre, mitjan\u00e7ant les 10 taules rodones i m\u00e9s de 60 aules actives programades, l\u2019actualitat i les perspectives del sector farmac\u00e8utic en el marc del lema escollit per a aquesta 27a edici\u00f3: \u201cOrientats a l\u2019acci\u00f3. Experi\u00e8ncies per millorar la farm\u00e0cia des del present\u201d. Al web d\u2019Infarma tamb\u00e9 estan disponibles 17 v\u00eddeos per apropar-se a alguns dels continguts m\u00e9s rellevants del Congr\u00e9s, en els quals ponents i moderadors expliquen qu\u00e8 \u00e9s el m\u00e9s destacat de la seva taula i per qu\u00e8 \u00e9s interessant assistir-hi. Acc\u00e9s a nous f\u00e0rmacs i solucions al desprove\u00efment, alguns dels temes m\u00e9s destacatsEntre els temes d\u2019estricta actualitat que s\u2019abordaran a les 10 taules es troba el debat sobre l\u2019acc\u00e9s dels pacients a nous f\u00e0rmacs, en el qual es parlar\u00e0 de com aconseguir l\u2019equilibri per a qu\u00e8 la inversi\u00f3 sigui atractiva en la investigaci\u00f3 i alhora garantir que el pacient pugui accedir a les novetats farmac\u00e8utiques. La innovaci\u00f3 tamb\u00e9 estar\u00e0 present a l\u2019hora de donar resposta a la confer\u00e8ncia que q\u00fcestionar\u00e0 si \u00e9s sostenible l\u2019actual prestaci\u00f3 farmac\u00e8utica. Les mesures de contenci\u00f3 en la despesa sanit\u00e0ria dificulten el finan\u00e7ament de la prestaci\u00f3 farmac\u00e8utica, per la qual cosa \u00e9s necessari definir com seleccionar, prioritzar i finan\u00e7ar la innovaci\u00f3 en l\u2019\u00e0mbit sanitari. Trobar solucions a les dificultats detectades en el desprove\u00efment ser\u00e0 un altre dels grans temes. Mitjan\u00e7ant una taula rodona es tractar\u00e0 la problem\u00e0tica del desprove\u00efment en el mercat de medicaments i s\u2019analitzar\u00e0 com afecta als agents implicats: la farm\u00e0cia comunit\u00e0ria, l\u2019atenci\u00f3 prim\u00e0ria, els hospitals, els distribu\u00efdors, la ind\u00fastria farmac\u00e8utica i els pacients. D\u2019altra banda, tamb\u00e9 \u00e9s un tema de debat la venda de productes per Internet, tal i com es mostrar\u00e0 a la taula \u201cLa parafarm\u00e0cia a Internet. Oportunitat o risc. A qualsevol preu?\u201d. Qu\u00e8 es dir\u00e0 sobre els serveis a la farm\u00e0cia?El farmac\u00e8utic, des de la seva vessant m\u00e9s assistencial, pot contribuir a l\u2019efici\u00e8ncia del sistema sanitari. Un exemple \u00e9s la prevenci\u00f3 del risc cardiovascular, tema que s\u2019abordar\u00e0 a la confer\u00e8ncia inaugural, en la qual tamb\u00e9 es presentaran els resultats del programa pioner de detecci\u00f3 de risc cardiovascular en qu\u00e8 participen les farm\u00e0cies, que va comen\u00e7ar fa un any. \u201cServeis farmac\u00e8utics de prevenci\u00f3 i atenci\u00f3 al pacient\u201d \u00e9s el t\u00edtol de la taula que explicar\u00e0 diferents serveis professionals que s\u2019estan prestant a les farm\u00e0cies de diferents \u00e0mbits geogr\u00e0fics, alguns d\u2019ells concertats amb el sistema p\u00fablic de salut i altres des de l\u2019\u00e0mbit privat. \u00a0En la mateixa l\u00ednia, en una altra confer\u00e8ncia es concretar\u00e0 quines accions s\u2019estan duent a terme en el marc de la Declaraci\u00f3 de C\u00f3rdoba. Les aules actives, un espai per aprofundir en les \u00e0rees d\u2019especialitzaci\u00f3 de les farm\u00e0ciesEl Congr\u00e9s tamb\u00e9 compta amb m\u00e9s de 60 aules actives sobre les diferents \u00e0rees d\u2019especialitzaci\u00f3 de la farm\u00e0cia, com ara alimentaci\u00f3, dermofarm\u00e0cia, formulaci\u00f3 magistral, plantes medicinals i homeopatia, ortop\u00e8dia, gesti\u00f3 i salut p\u00fablica.Un dels t\u00edtols destacats \u00e9s \u201cEl farmac\u00e8utic comprom\u00e8s amb la societat\u201d, a la qual es parlar\u00e0, entre d\u2019altres coses, del projecte Radars \u2013creat amb l\u2019objectiu de detectar gent gran en risc d\u2019exclusi\u00f3 social- com a mostra de l\u2019\u00e8xit de la col\u00b7laboraci\u00f3 entre serveis socials i sanitaris; aix\u00ed com\u00a0 l\u2019anomenada \u201cBiosimilars a escena\u201d. La gesti\u00f3 de la farm\u00e0cia tamb\u00e9 tindr\u00e0 pres\u00e8ncia a l\u2019aula \u201c60 claus de gesti\u00f3 per aplicar a la farm\u00e0cia avui mateix\u201d, on s\u2019abordar\u00e0 qu\u00e8 s\u2019ha de tenir en compte per optimitzar la gesti\u00f3 farmac\u00e8utica en diferents \u00e0rees, com ara amb l\u2019atenci\u00f3 al pacient i a Internet.Altres camps on la farm\u00e0cia pot cr\u00e9ixer \u00e9s en mat\u00e8ria d\u2019esport, aix\u00ed ho mostrar\u00e0 l\u2019aula \u201cEsport i nutrici\u00f3. La sortida est\u00e0 a la teva farm\u00e0cia\u201d. Un altre \u00e0mbit \u00e9s la fitoter\u00e0pia en el tractament coadjuvant del c\u00e0ncer, ja que s\u2019ha detectat un percentatge important de pacients oncol\u00f2gics que utilitzen la fitoter\u00e0pia amb diverses finalitats, i tamb\u00e9 l\u2019autocura, tal i com s\u2019explicar\u00e0 a \u201cL\u2019autocura a l\u2019oficina de farm\u00e0cia\u201d. Per a m\u00e9s informaci\u00f3:Departament de Comunicaci\u00f3 del Col\u00b7legi de Farmac\u00e8utics de Barcelona (COFB)Tel\u00e8fon: 93 244 07 28 \/ 18 premsa@cofb.net Web d\u2019Infarma: http:\/\/www.infarma.es\/web\/infarma-2015 Twitter: @Infarma_es\u00a0\u00a0COFB.ORG<\/p>\n","protected":false},"excerpt":{"rendered":"<p>\u00a0 Es presentaran projectes posats en marxa actualment i serveis que s\u2019estan oferint per mostrar cap a on s\u2019orienta l\u2019acci\u00f3 de la farm\u00e0cia. Entre els temes d\u2019actualitat que es tractaran, destaquen solucions al desprove\u00efment, acc\u00e9s dels pacients a nous f\u00e0rmacs i innovaci\u00f3 en la prestaci\u00f3 farmac\u00e8utica A m\u00e9s del programa, [&hellip;]<\/p>\n","protected":false},"author":1,"featured_media":0,"comment_status":"","ping_status":"","sticky":false,"template":"","format":"standard","meta":{"_uag_custom_page_level_css":"","site-sidebar-layout":"default","site-content-layout":"","ast-site-content-layout":"default","site-content-style":"default","site-sidebar-style":"default","ast-global-header-display":"","ast-banner-title-visibility":"","ast-main-header-display":"","ast-hfb-above-header-display":"","ast-hfb-below-header-display":"","ast-hfb-mobile-header-display":"","site-post-title":"","ast-breadcrumbs-content":"","ast-featured-img":"disabled","footer-sml-layout":"","theme-transparent-header-meta":"","adv-header-id-meta":"","stick-header-meta":"","header-above-stick-meta":"","header-main-stick-meta":"","header-below-stick-meta":"","astra-migrate-meta-layouts":"default","ast-page-background-enabled":"default","ast-page-background-meta":{"desktop":{"background-color":"var(--ast-global-color-4)","background-image":"","background-repeat":"repeat","background-position":"center center","background-size":"auto","background-attachment":"scroll","background-type":"","background-media":"","overlay-type":"","overlay-color":"","overlay-opacity":"","overlay-gradient":""},"tablet":{"background-color":"","background-image":"","background-repeat":"repeat","background-position":"center center","background-size":"auto","background-attachment":"scroll","background-type":"","background-media":"","overlay-type":"","overlay-color":"","overlay-opacity":"","overlay-gradient":""},"mobile":{"background-color":"","background-image":"","background-repeat":"repeat","background-position":"center center","background-size":"auto","background-attachment":"scroll","background-type":"","background-media":"","overlay-type":"","overlay-color":"","overlay-opacity":"","overlay-gradient":""}},"ast-content-background-meta":{"desktop":{"background-color":"var(--ast-global-color-5)","background-image":"","background-repeat":"repeat","background-position":"center center","background-size":"auto","background-attachment":"scroll","background-type":"","background-media":"","overlay-type":"","overlay-color":"","overlay-opacity":"","overlay-gradient":""},"tablet":{"background-color":"var(--ast-global-color-5)","background-image":"","background-repeat":"repeat","background-position":"center center","background-size":"auto","background-attachment":"scroll","background-type":"","background-media":"","overlay-type":"","overlay-color":"","overlay-opacity":"","overlay-gradient":""},"mobile":{"background-color":"var(--ast-global-color-5)","background-image":"","background-repeat":"repeat","background-position":"center center","background-size":"auto","background-attachment":"scroll","background-type":"","background-media":"","overlay-type":"","overlay-color":"","overlay-opacity":"","overlay-gradient":""}},"footnotes":""},"categories":[1060,1066],"tags":[],"class_list":["post-77485","post","type-post","status-publish","format-standard","hentry","category-notes-premsa","category-sense-categoria-ca"],"yoast_head":"<!-- This site is optimized with the Yoast SEO plugin v22.4 - https:\/\/yoast.com\/wordpress\/plugins\/seo\/ -->\n<title>Disponible el programa d&#039;Infarma Barcelona 2015: M\u00e9s de 220 ponents, 10 taules rodones i m\u00e9s de 60 aules actives per millorar la farm\u00e0cia des del present - Col\u00b7legi de Farmac\u00e8utics de Barcelona<\/title>\n<meta name=\"robots\" content=\"index, follow, max-snippet:-1, max-image-preview:large, max-video-preview:-1\" \/>\n<link rel=\"canonical\" href=\"https:\/\/novaorg.cofb.net\/2015\/02\/27\/disponible-el-programa-dinfarma-barcelona-2015-mes-de-220-ponents-10-taules-rodones-i-mes-de-60-aules-actives-per-millorar-la-farmacia-des-del-present\/\" \/>\n<meta property=\"og:locale\" content=\"ca_ES\" \/>\n<meta property=\"og:type\" content=\"article\" \/>\n<meta property=\"og:title\" content=\"Disponible el programa d&#039;Infarma Barcelona 2015: M\u00e9s de 220 ponents, 10 taules rodones i m\u00e9s de 60 aules actives per millorar la farm\u00e0cia des del present - Col\u00b7legi de Farmac\u00e8utics de Barcelona\" \/>\n<meta property=\"og:description\" content=\"\u00a0 Es presentaran projectes posats en marxa actualment i serveis que s\u2019estan oferint per mostrar cap a on s\u2019orienta l\u2019acci\u00f3 de la farm\u00e0cia. Entre els temes d\u2019actualitat que es tractaran, destaquen solucions al desprove\u00efment, acc\u00e9s dels pacients a nous f\u00e0rmacs i innovaci\u00f3 en la prestaci\u00f3 farmac\u00e8utica A m\u00e9s del programa, [&hellip;]\" \/>\n<meta property=\"og:url\" content=\"https:\/\/novaorg.cofb.net\/2015\/02\/27\/disponible-el-programa-dinfarma-barcelona-2015-mes-de-220-ponents-10-taules-rodones-i-mes-de-60-aules-actives-per-millorar-la-farmacia-des-del-present\/\" \/>\n<meta property=\"og:site_name\" content=\"Col\u00b7legi de Farmac\u00e8utics de Barcelona\" \/>\n<meta property=\"article:publisher\" content=\"https:\/\/www.facebook.com\/farmaceuticsbcn\/\" \/>\n<meta property=\"article:published_time\" content=\"2015-02-27T15:00:00+00:00\" \/>\n<meta name=\"author\" content=\"wpAdminCofbOrg\" \/>\n<meta name=\"twitter:card\" content=\"summary_large_image\" \/>\n<meta name=\"twitter:creator\" content=\"@farmaceuticsbcn\" \/>\n<meta name=\"twitter:site\" content=\"@farmaceuticsbcn\" \/>\n<meta name=\"twitter:label1\" content=\"Escrit per\" \/>\n\t<meta name=\"twitter:data1\" content=\"wpAdminCofbOrg\" \/>\n\t<meta name=\"twitter:label2\" content=\"Temps estimat de lectura\" \/>\n\t<meta name=\"twitter:data2\" content=\"9 minuts\" \/>\n<script type=\"application\/ld+json\" class=\"yoast-schema-graph\">{\"@context\":\"https:\/\/schema.org\",\"@graph\":[{\"@type\":\"Article\",\"@id\":\"https:\/\/novaorg.cofb.net\/2015\/02\/27\/disponible-el-programa-dinfarma-barcelona-2015-mes-de-220-ponents-10-taules-rodones-i-mes-de-60-aules-actives-per-millorar-la-farmacia-des-del-present\/#article\",\"isPartOf\":{\"@id\":\"https:\/\/novaorg.cofb.net\/2015\/02\/27\/disponible-el-programa-dinfarma-barcelona-2015-mes-de-220-ponents-10-taules-rodones-i-mes-de-60-aules-actives-per-millorar-la-farmacia-des-del-present\/\"},\"author\":{\"name\":\"wpAdminCofbOrg\",\"@id\":\"https:\/\/www.cofb.org\/#\/schema\/person\/22ed7eea88da74b0fa4d3154ad87ffcb\"},\"headline\":\"Disponible el programa d&#8217;Infarma Barcelona 2015: M\u00e9s de 220 ponents, 10 taules rodones i m\u00e9s de 60 aules actives per millorar la farm\u00e0cia des del present\",\"datePublished\":\"2015-02-27T15:00:00+00:00\",\"dateModified\":\"2015-02-27T15:00:00+00:00\",\"mainEntityOfPage\":{\"@id\":\"https:\/\/novaorg.cofb.net\/2015\/02\/27\/disponible-el-programa-dinfarma-barcelona-2015-mes-de-220-ponents-10-taules-rodones-i-mes-de-60-aules-actives-per-millorar-la-farmacia-des-del-present\/\"},\"wordCount\":1892,\"publisher\":{\"@id\":\"https:\/\/www.cofb.org\/#organization\"},\"articleSection\":[\"Notes de premsa\"],\"inLanguage\":\"ca\"},{\"@type\":\"WebPage\",\"@id\":\"https:\/\/novaorg.cofb.net\/2015\/02\/27\/disponible-el-programa-dinfarma-barcelona-2015-mes-de-220-ponents-10-taules-rodones-i-mes-de-60-aules-actives-per-millorar-la-farmacia-des-del-present\/\",\"url\":\"https:\/\/novaorg.cofb.net\/2015\/02\/27\/disponible-el-programa-dinfarma-barcelona-2015-mes-de-220-ponents-10-taules-rodones-i-mes-de-60-aules-actives-per-millorar-la-farmacia-des-del-present\/\",\"name\":\"Disponible el programa d'Infarma Barcelona 2015: M\u00e9s de 220 ponents, 10 taules rodones i m\u00e9s de 60 aules actives per millorar la farm\u00e0cia des del present - Col\u00b7legi de Farmac\u00e8utics de Barcelona\",\"isPartOf\":{\"@id\":\"https:\/\/www.cofb.org\/#website\"},\"datePublished\":\"2015-02-27T15:00:00+00:00\",\"dateModified\":\"2015-02-27T15:00:00+00:00\",\"breadcrumb\":{\"@id\":\"https:\/\/novaorg.cofb.net\/2015\/02\/27\/disponible-el-programa-dinfarma-barcelona-2015-mes-de-220-ponents-10-taules-rodones-i-mes-de-60-aules-actives-per-millorar-la-farmacia-des-del-present\/#breadcrumb\"},\"inLanguage\":\"ca\",\"potentialAction\":[{\"@type\":\"ReadAction\",\"target\":[\"https:\/\/novaorg.cofb.net\/2015\/02\/27\/disponible-el-programa-dinfarma-barcelona-2015-mes-de-220-ponents-10-taules-rodones-i-mes-de-60-aules-actives-per-millorar-la-farmacia-des-del-present\/\"]}]},{\"@type\":\"BreadcrumbList\",\"@id\":\"https:\/\/novaorg.cofb.net\/2015\/02\/27\/disponible-el-programa-dinfarma-barcelona-2015-mes-de-220-ponents-10-taules-rodones-i-mes-de-60-aules-actives-per-millorar-la-farmacia-des-del-present\/#breadcrumb\",\"itemListElement\":[{\"@type\":\"ListItem\",\"position\":1,\"name\":\"Inici\",\"item\":\"https:\/\/novaorg.cofb.net\/\"},{\"@type\":\"ListItem\",\"position\":2,\"name\":\"Disponible el programa d&#8217;Infarma Barcelona 2015: M\u00e9s de 220 ponents, 10 taules rodones i m\u00e9s de 60 aules actives per millorar la farm\u00e0cia des del present\"}]},{\"@type\":\"WebSite\",\"@id\":\"https:\/\/www.cofb.org\/#website\",\"url\":\"https:\/\/www.cofb.org\/\",\"name\":\"Col\u00b7legi de Farmac\u00e8utics de Barcelona\",\"description\":\"\",\"publisher\":{\"@id\":\"https:\/\/www.cofb.org\/#organization\"},\"potentialAction\":[{\"@type\":\"SearchAction\",\"target\":{\"@type\":\"EntryPoint\",\"urlTemplate\":\"https:\/\/www.cofb.org\/?s={search_term_string}\"},\"query-input\":\"required name=search_term_string\"}],\"inLanguage\":\"ca\"},{\"@type\":\"Organization\",\"@id\":\"https:\/\/www.cofb.org\/#organization\",\"name\":\"Col\u00b7legi de Farmac\u00e8utics de Barcelona\",\"url\":\"https:\/\/www.cofb.org\/\",\"logo\":{\"@type\":\"ImageObject\",\"inLanguage\":\"ca\",\"@id\":\"https:\/\/www.cofb.org\/#\/schema\/logo\/image\/\",\"url\":\"https:\/\/www.cofb.org\/wp-content\/uploads\/2023\/11\/cropped-Logotip-COFB.png\",\"contentUrl\":\"https:\/\/www.cofb.org\/wp-content\/uploads\/2023\/11\/cropped-Logotip-COFB.png\",\"width\":500,\"height\":105,\"caption\":\"Col\u00b7legi de Farmac\u00e8utics de Barcelona\"},\"image\":{\"@id\":\"https:\/\/www.cofb.org\/#\/schema\/logo\/image\/\"},\"sameAs\":[\"https:\/\/www.facebook.com\/farmaceuticsbcn\/\",\"https:\/\/twitter.com\/farmaceuticsbcn\",\"https:\/\/www.instagram.com\/farmaceuticsbcn\/\",\"https:\/\/www.linkedin.com\/company\/farmaceuticsbcn\/\"]},{\"@type\":\"Person\",\"@id\":\"https:\/\/www.cofb.org\/#\/schema\/person\/22ed7eea88da74b0fa4d3154ad87ffcb\",\"name\":\"wpAdminCofbOrg\",\"image\":{\"@type\":\"ImageObject\",\"inLanguage\":\"ca\",\"@id\":\"https:\/\/www.cofb.org\/#\/schema\/person\/image\/\",\"url\":\"https:\/\/secure.gravatar.com\/avatar\/1721b20b3b8ca882c3b56ec6c978c594fff670e40c0718e9190eaeeb76aae7d8?s=96&d=mm&r=g\",\"contentUrl\":\"https:\/\/secure.gravatar.com\/avatar\/1721b20b3b8ca882c3b56ec6c978c594fff670e40c0718e9190eaeeb76aae7d8?s=96&d=mm&r=g\",\"caption\":\"wpAdminCofbOrg\"},\"sameAs\":[\"http:\/\/192.168.64.122\/wordpress\"],\"url\":\"https:\/\/www.cofb.org\/ca\/author\/wpadmincofborg\/\"}]}<\/script>\n<!-- \/ Yoast SEO plugin. -->","yoast_head_json":{"title":"Disponible el programa d'Infarma Barcelona 2015: M\u00e9s de 220 ponents, 10 taules rodones i m\u00e9s de 60 aules actives per millorar la farm\u00e0cia des del present - Col\u00b7legi de Farmac\u00e8utics de Barcelona","robots":{"index":"index","follow":"follow","max-snippet":"max-snippet:-1","max-image-preview":"max-image-preview:large","max-video-preview":"max-video-preview:-1"},"canonical":"https:\/\/novaorg.cofb.net\/2015\/02\/27\/disponible-el-programa-dinfarma-barcelona-2015-mes-de-220-ponents-10-taules-rodones-i-mes-de-60-aules-actives-per-millorar-la-farmacia-des-del-present\/","og_locale":"ca_ES","og_type":"article","og_title":"Disponible el programa d'Infarma Barcelona 2015: M\u00e9s de 220 ponents, 10 taules rodones i m\u00e9s de 60 aules actives per millorar la farm\u00e0cia des del present - Col\u00b7legi de Farmac\u00e8utics de Barcelona","og_description":"\u00a0 Es presentaran projectes posats en marxa actualment i serveis que s\u2019estan oferint per mostrar cap a on s\u2019orienta l\u2019acci\u00f3 de la farm\u00e0cia. Entre els temes d\u2019actualitat que es tractaran, destaquen solucions al desprove\u00efment, acc\u00e9s dels pacients a nous f\u00e0rmacs i innovaci\u00f3 en la prestaci\u00f3 farmac\u00e8utica A m\u00e9s del programa, [&hellip;]","og_url":"https:\/\/novaorg.cofb.net\/2015\/02\/27\/disponible-el-programa-dinfarma-barcelona-2015-mes-de-220-ponents-10-taules-rodones-i-mes-de-60-aules-actives-per-millorar-la-farmacia-des-del-present\/","og_site_name":"Col\u00b7legi de Farmac\u00e8utics de Barcelona","article_publisher":"https:\/\/www.facebook.com\/farmaceuticsbcn\/","article_published_time":"2015-02-27T15:00:00+00:00","author":"wpAdminCofbOrg","twitter_card":"summary_large_image","twitter_creator":"@farmaceuticsbcn","twitter_site":"@farmaceuticsbcn","twitter_misc":{"Escrit per":"wpAdminCofbOrg","Temps estimat de lectura":"9 minuts"},"schema":{"@context":"https:\/\/schema.org","@graph":[{"@type":"Article","@id":"https:\/\/novaorg.cofb.net\/2015\/02\/27\/disponible-el-programa-dinfarma-barcelona-2015-mes-de-220-ponents-10-taules-rodones-i-mes-de-60-aules-actives-per-millorar-la-farmacia-des-del-present\/#article","isPartOf":{"@id":"https:\/\/novaorg.cofb.net\/2015\/02\/27\/disponible-el-programa-dinfarma-barcelona-2015-mes-de-220-ponents-10-taules-rodones-i-mes-de-60-aules-actives-per-millorar-la-farmacia-des-del-present\/"},"author":{"name":"wpAdminCofbOrg","@id":"https:\/\/www.cofb.org\/#\/schema\/person\/22ed7eea88da74b0fa4d3154ad87ffcb"},"headline":"Disponible el programa d&#8217;Infarma Barcelona 2015: M\u00e9s de 220 ponents, 10 taules rodones i m\u00e9s de 60 aules actives per millorar la farm\u00e0cia des del present","datePublished":"2015-02-27T15:00:00+00:00","dateModified":"2015-02-27T15:00:00+00:00","mainEntityOfPage":{"@id":"https:\/\/novaorg.cofb.net\/2015\/02\/27\/disponible-el-programa-dinfarma-barcelona-2015-mes-de-220-ponents-10-taules-rodones-i-mes-de-60-aules-actives-per-millorar-la-farmacia-des-del-present\/"},"wordCount":1892,"publisher":{"@id":"https:\/\/www.cofb.org\/#organization"},"articleSection":["Notes de premsa"],"inLanguage":"ca"},{"@type":"WebPage","@id":"https:\/\/novaorg.cofb.net\/2015\/02\/27\/disponible-el-programa-dinfarma-barcelona-2015-mes-de-220-ponents-10-taules-rodones-i-mes-de-60-aules-actives-per-millorar-la-farmacia-des-del-present\/","url":"https:\/\/novaorg.cofb.net\/2015\/02\/27\/disponible-el-programa-dinfarma-barcelona-2015-mes-de-220-ponents-10-taules-rodones-i-mes-de-60-aules-actives-per-millorar-la-farmacia-des-del-present\/","name":"Disponible el programa d'Infarma Barcelona 2015: M\u00e9s de 220 ponents, 10 taules rodones i m\u00e9s de 60 aules actives per millorar la farm\u00e0cia des del present - Col\u00b7legi de Farmac\u00e8utics de Barcelona","isPartOf":{"@id":"https:\/\/www.cofb.org\/#website"},"datePublished":"2015-02-27T15:00:00+00:00","dateModified":"2015-02-27T15:00:00+00:00","breadcrumb":{"@id":"https:\/\/novaorg.cofb.net\/2015\/02\/27\/disponible-el-programa-dinfarma-barcelona-2015-mes-de-220-ponents-10-taules-rodones-i-mes-de-60-aules-actives-per-millorar-la-farmacia-des-del-present\/#breadcrumb"},"inLanguage":"ca","potentialAction":[{"@type":"ReadAction","target":["https:\/\/novaorg.cofb.net\/2015\/02\/27\/disponible-el-programa-dinfarma-barcelona-2015-mes-de-220-ponents-10-taules-rodones-i-mes-de-60-aules-actives-per-millorar-la-farmacia-des-del-present\/"]}]},{"@type":"BreadcrumbList","@id":"https:\/\/novaorg.cofb.net\/2015\/02\/27\/disponible-el-programa-dinfarma-barcelona-2015-mes-de-220-ponents-10-taules-rodones-i-mes-de-60-aules-actives-per-millorar-la-farmacia-des-del-present\/#breadcrumb","itemListElement":[{"@type":"ListItem","position":1,"name":"Inici","item":"https:\/\/novaorg.cofb.net\/"},{"@type":"ListItem","position":2,"name":"Disponible el programa d&#8217;Infarma Barcelona 2015: M\u00e9s de 220 ponents, 10 taules rodones i m\u00e9s de 60 aules actives per millorar la farm\u00e0cia des del present"}]},{"@type":"WebSite","@id":"https:\/\/www.cofb.org\/#website","url":"https:\/\/www.cofb.org\/","name":"Col\u00b7legi de Farmac\u00e8utics de Barcelona","description":"","publisher":{"@id":"https:\/\/www.cofb.org\/#organization"},"potentialAction":[{"@type":"SearchAction","target":{"@type":"EntryPoint","urlTemplate":"https:\/\/www.cofb.org\/?s={search_term_string}"},"query-input":"required name=search_term_string"}],"inLanguage":"ca"},{"@type":"Organization","@id":"https:\/\/www.cofb.org\/#organization","name":"Col\u00b7legi de Farmac\u00e8utics de Barcelona","url":"https:\/\/www.cofb.org\/","logo":{"@type":"ImageObject","inLanguage":"ca","@id":"https:\/\/www.cofb.org\/#\/schema\/logo\/image\/","url":"https:\/\/www.cofb.org\/wp-content\/uploads\/2023\/11\/cropped-Logotip-COFB.png","contentUrl":"https:\/\/www.cofb.org\/wp-content\/uploads\/2023\/11\/cropped-Logotip-COFB.png","width":500,"height":105,"caption":"Col\u00b7legi de Farmac\u00e8utics de Barcelona"},"image":{"@id":"https:\/\/www.cofb.org\/#\/schema\/logo\/image\/"},"sameAs":["https:\/\/www.facebook.com\/farmaceuticsbcn\/","https:\/\/twitter.com\/farmaceuticsbcn","https:\/\/www.instagram.com\/farmaceuticsbcn\/","https:\/\/www.linkedin.com\/company\/farmaceuticsbcn\/"]},{"@type":"Person","@id":"https:\/\/www.cofb.org\/#\/schema\/person\/22ed7eea88da74b0fa4d3154ad87ffcb","name":"wpAdminCofbOrg","image":{"@type":"ImageObject","inLanguage":"ca","@id":"https:\/\/www.cofb.org\/#\/schema\/person\/image\/","url":"https:\/\/secure.gravatar.com\/avatar\/1721b20b3b8ca882c3b56ec6c978c594fff670e40c0718e9190eaeeb76aae7d8?s=96&d=mm&r=g","contentUrl":"https:\/\/secure.gravatar.com\/avatar\/1721b20b3b8ca882c3b56ec6c978c594fff670e40c0718e9190eaeeb76aae7d8?s=96&d=mm&r=g","caption":"wpAdminCofbOrg"},"sameAs":["http:\/\/192.168.64.122\/wordpress"],"url":"https:\/\/www.cofb.org\/ca\/author\/wpadmincofborg\/"}]}},"uagb_featured_image_src":{"full":false,"thumbnail":false,"medium":false,"medium_large":false,"large":false,"1536x1536":false,"2048x2048":false,"trp-custom-language-flag":false},"uagb_author_info":{"display_name":"wpAdminCofbOrg","author_link":"https:\/\/www.cofb.org\/ca\/author\/wpadmincofborg\/"},"uagb_comment_info":0,"uagb_excerpt":"\u00a0 Es presentaran projectes posats en marxa actualment i serveis que s\u2019estan oferint per mostrar cap a on s\u2019orienta l\u2019acci\u00f3 de la farm\u00e0cia. Entre els temes d\u2019actualitat que es tractaran, destaquen solucions al desprove\u00efment, acc\u00e9s dels pacients a nous f\u00e0rmacs i innovaci\u00f3 en la prestaci\u00f3 farmac\u00e8utica A m\u00e9s del programa, [&hellip;]","_links":{"self":[{"href":"https:\/\/www.cofb.org\/ca\/wp-json\/wp\/v2\/posts\/77485","targetHints":{"allow":["GET"]}}],"collection":[{"href":"https:\/\/www.cofb.org\/ca\/wp-json\/wp\/v2\/posts"}],"about":[{"href":"https:\/\/www.cofb.org\/ca\/wp-json\/wp\/v2\/types\/post"}],"author":[{"embeddable":true,"href":"https:\/\/www.cofb.org\/ca\/wp-json\/wp\/v2\/users\/1"}],"replies":[{"embeddable":true,"href":"https:\/\/www.cofb.org\/ca\/wp-json\/wp\/v2\/comments?post=77485"}],"version-history":[{"count":0,"href":"https:\/\/www.cofb.org\/ca\/wp-json\/wp\/v2\/posts\/77485\/revisions"}],"wp:attachment":[{"href":"https:\/\/www.cofb.org\/ca\/wp-json\/wp\/v2\/media?parent=77485"}],"wp:term":[{"taxonomy":"category","embeddable":true,"href":"https:\/\/www.cofb.org\/ca\/wp-json\/wp\/v2\/categories?post=77485"},{"taxonomy":"post_tag","embeddable":true,"href":"https:\/\/www.cofb.org\/ca\/wp-json\/wp\/v2\/tags?post=77485"}],"curies":[{"name":"wp","href":"https:\/\/api.w.org\/{rel}","templated":true}]}}