{"id":77443,"date":"2015-08-05T10:54:00","date_gmt":"2015-08-05T10:54:00","guid":{"rendered":"https:\/\/novaorg.cofb.net\/2015\/08\/05\/nou-incompliment-en-el-pagament-a-les-farmacies-catalanes-ladministracio-acumula-un-deute-de-dos-mesos-que-ascendeix-a-mes-de-220me\/"},"modified":"2015-08-05T10:54:00","modified_gmt":"2015-08-05T10:54:00","slug":"nou-incompliment-en-el-pagament-a-les-farmacies-catalanes-ladministracio-acumula-un-deute-de-dos-mesos-que-ascendeix-a-mes-de-220me","status":"publish","type":"post","link":"https:\/\/www.cofb.org\/ca\/2015\/08\/05\/nou-incompliment-en-el-pagament-a-les-farmacies-catalanes-ladministracio-acumula-un-deute-de-dos-mesos-que-ascendeix-a-mes-de-220me\/","title":{"rendered":"Nou incompliment en el pagament a les farm\u00e0cies catalanes: l&#8217;Administraci\u00f3 acumula un deute de dos mesos que ascendeix a m\u00e9s de 220M\u20ac"},"content":{"rendered":"<p>\u00a0<\/p>\n<p>\u00a0<\/p>\n<ul>\n<li><strong><span>La factura dels medicaments dispensats al juny que s\u2019hauria d\u2019haver fet efectiva avui (115M\u20ac) se suma a la que tenia pendent del mes de maig (112M\u20ac)<\/span><\/strong><\/li>\n<\/ul>\n<p class=\"MsoNormal\"> <i>Barcelona, 5 d\u2019agost de 2015<\/i>.- <b>L\u2019Administraci\u00f3 hauria d\u2019haver pagat avui, 5 d\u2019agost, els 115M\u20ac <\/b>corresponents a la factura dels medicaments que es van dispensar al <b>juny a les m\u00e9s de 3.000 farm\u00e0cies de Catalunya.<\/b> Donat que aquesta factura <b>se suma a la que tenia pendent pels medicaments dispensats al maig (112M\u20ac)<\/b>, que s\u2019hauria d\u2019haver fet efectiva el passat 5 de juliol, la Generalitat acumula amb els farmac\u00e8utics catalans un <b>deute de dos mesos que ascendeix a m\u00e9s de 220M\u20ac. <\/p>\n<p><\/b><\/p>\n<p class=\"MsoNormal\"><b>Actualment l\u2019Administraci\u00f3 est\u00e0 pagant<\/b> amb una <b>mitjana de 55 dies de retard <\/b>respecte al dia de pagament que marca el Concert, per tant, <b>tres mesos despr\u00e9s que els farmac\u00e8utics hagin dispensat els medicaments<\/b>. Davant aquesta situaci\u00f3, els representants dels farmac\u00e8utics reclamen que s\u2019acabi amb els endarreriments que pateixen des del 2011 i que les Administracions compleixin amb les obligacions de pagament en \u00e0mbits de vital import\u00e0ncia com \u00e9s el de l\u2019acc\u00e9s als medicaments.\u00a0<\/p>\n<p class=\"MsoNormal\"><strong>Per a m\u00e9s informaci\u00f3:<\/strong><br \/>Consell de Col\u00b7legis Farmac\u00e8utics de Catalunya<br \/>93 244 07 18 \/ 28<br \/>premsa@cofb.net<\/p>\n<p class=\"MsoNormal\">\n<p>\u00a0\u00a0La factura dels medicaments dispensats al juny que s\u2019hauria d\u2019haver fet efectiva avui (115M\u20ac) se suma a la que tenia pendent del mes de maig (112M\u20ac)   Barcelona, 5 d\u2019agost de 2015.- L\u2019Administraci\u00f3 hauria d\u2019haver pagat avui, 5 d\u2019agost, els 115M\u20ac corresponents a la factura dels medicaments que es van dispensar al juny a les m\u00e9s de 3.000 farm\u00e0cies de Catalunya. Donat que aquesta factura se suma a la que tenia pendent pels medicaments dispensats al maig (112M\u20ac), que s\u2019hauria d\u2019haver fet efectiva el passat 5 de juliol, la Generalitat acumula amb els farmac\u00e8utics catalans un deute de dos mesos que ascendeix a m\u00e9s de 220M\u20ac.   Actualment l\u2019Administraci\u00f3 est\u00e0 pagant amb una mitjana de 55 dies de retard respecte al dia de pagament que marca el Concert, per tant, tres mesos despr\u00e9s que els farmac\u00e8utics hagin dispensat els medicaments. Davant aquesta situaci\u00f3, els representants dels farmac\u00e8utics reclamen que s\u2019acabi amb els endarreriments que pateixen des del 2011 i que les Administracions compleixin amb les obligacions de pagament en \u00e0mbits de vital import\u00e0ncia com \u00e9s el de l\u2019acc\u00e9s als medicaments.\u00a0Per a m\u00e9s informaci\u00f3:Consell de Col\u00b7legis Farmac\u00e8utics de Catalunya93 244 07 18 \/ 28premsa@cofb.net\u00a0\u00a0COFB.ORG<\/p>\n","protected":false},"excerpt":{"rendered":"<p>\u00a0 \u00a0 La factura dels medicaments dispensats al juny que s\u2019hauria d\u2019haver fet efectiva avui (115M\u20ac) se suma a la que tenia pendent del mes de maig (112M\u20ac) Barcelona, 5 d\u2019agost de 2015.- L\u2019Administraci\u00f3 hauria d\u2019haver pagat avui, 5 d\u2019agost, els 115M\u20ac corresponents a la factura dels medicaments que es [&hellip;]<\/p>\n","protected":false},"author":1,"featured_media":0,"comment_status":"","ping_status":"","sticky":false,"template":"","format":"standard","meta":{"_uag_custom_page_level_css":"","site-sidebar-layout":"default","site-content-layout":"","ast-site-content-layout":"default","site-content-style":"default","site-sidebar-style":"default","ast-global-header-display":"","ast-banner-title-visibility":"","ast-main-header-display":"","ast-hfb-above-header-display":"","ast-hfb-below-header-display":"","ast-hfb-mobile-header-display":"","site-post-title":"","ast-breadcrumbs-content":"","ast-featured-img":"disabled","footer-sml-layout":"","theme-transparent-header-meta":"","adv-header-id-meta":"","stick-header-meta":"","header-above-stick-meta":"","header-main-stick-meta":"","header-below-stick-meta":"","astra-migrate-meta-layouts":"default","ast-page-background-enabled":"default","ast-page-background-meta":{"desktop":{"background-color":"var(--ast-global-color-4)","background-image":"","background-repeat":"repeat","background-position":"center center","background-size":"auto","background-attachment":"scroll","background-type":"","background-media":"","overlay-type":"","overlay-color":"","overlay-opacity":"","overlay-gradient":""},"tablet":{"background-color":"","background-image":"","background-repeat":"repeat","background-position":"center center","background-size":"auto","background-attachment":"scroll","background-type":"","background-media":"","overlay-type":"","overlay-color":"","overlay-opacity":"","overlay-gradient":""},"mobile":{"background-color":"","background-image":"","background-repeat":"repeat","background-position":"center center","background-size":"auto","background-attachment":"scroll","background-type":"","background-media":"","overlay-type":"","overlay-color":"","overlay-opacity":"","overlay-gradient":""}},"ast-content-background-meta":{"desktop":{"background-color":"var(--ast-global-color-5)","background-image":"","background-repeat":"repeat","background-position":"center center","background-size":"auto","background-attachment":"scroll","background-type":"","background-media":"","overlay-type":"","overlay-color":"","overlay-opacity":"","overlay-gradient":""},"tablet":{"background-color":"var(--ast-global-color-5)","background-image":"","background-repeat":"repeat","background-position":"center center","background-size":"auto","background-attachment":"scroll","background-type":"","background-media":"","overlay-type":"","overlay-color":"","overlay-opacity":"","overlay-gradient":""},"mobile":{"background-color":"var(--ast-global-color-5)","background-image":"","background-repeat":"repeat","background-position":"center center","background-size":"auto","background-attachment":"scroll","background-type":"","background-media":"","overlay-type":"","overlay-color":"","overlay-opacity":"","overlay-gradient":""}},"footnotes":""},"categories":[1060,1066],"tags":[],"class_list":["post-77443","post","type-post","status-publish","format-standard","hentry","category-notes-premsa","category-sense-categoria-ca"],"yoast_head":"<!-- This site is optimized with the Yoast SEO plugin v22.4 - https:\/\/yoast.com\/wordpress\/plugins\/seo\/ -->\n<title>Nou incompliment en el pagament a les farm\u00e0cies catalanes: l&#039;Administraci\u00f3 acumula un deute de dos mesos que ascendeix a m\u00e9s de 220M\u20ac - Col\u00b7legi de Farmac\u00e8utics de Barcelona<\/title>\n<meta name=\"robots\" content=\"index, follow, max-snippet:-1, max-image-preview:large, max-video-preview:-1\" \/>\n<link rel=\"canonical\" href=\"https:\/\/novaorg.cofb.net\/2015\/08\/05\/nou-incompliment-en-el-pagament-a-les-farmacies-catalanes-ladministracio-acumula-un-deute-de-dos-mesos-que-ascendeix-a-mes-de-220me\/\" \/>\n<meta property=\"og:locale\" content=\"ca_ES\" \/>\n<meta property=\"og:type\" content=\"article\" \/>\n<meta property=\"og:title\" content=\"Nou incompliment en el pagament a les farm\u00e0cies catalanes: l&#039;Administraci\u00f3 acumula un deute de dos mesos que ascendeix a m\u00e9s de 220M\u20ac - Col\u00b7legi de Farmac\u00e8utics de Barcelona\" \/>\n<meta property=\"og:description\" content=\"\u00a0 \u00a0 La factura dels medicaments dispensats al juny que s\u2019hauria d\u2019haver fet efectiva avui (115M\u20ac) se suma a la que tenia pendent del mes de maig (112M\u20ac) Barcelona, 5 d\u2019agost de 2015.- L\u2019Administraci\u00f3 hauria d\u2019haver pagat avui, 5 d\u2019agost, els 115M\u20ac corresponents a la factura dels medicaments que es [&hellip;]\" \/>\n<meta property=\"og:url\" content=\"https:\/\/novaorg.cofb.net\/2015\/08\/05\/nou-incompliment-en-el-pagament-a-les-farmacies-catalanes-ladministracio-acumula-un-deute-de-dos-mesos-que-ascendeix-a-mes-de-220me\/\" \/>\n<meta property=\"og:site_name\" content=\"Col\u00b7legi de Farmac\u00e8utics de Barcelona\" \/>\n<meta property=\"article:publisher\" content=\"https:\/\/www.facebook.com\/farmaceuticsbcn\/\" \/>\n<meta property=\"article:published_time\" content=\"2015-08-05T10:54:00+00:00\" \/>\n<meta name=\"author\" content=\"wpAdminCofbOrg\" \/>\n<meta name=\"twitter:card\" content=\"summary_large_image\" \/>\n<meta name=\"twitter:creator\" content=\"@farmaceuticsbcn\" \/>\n<meta name=\"twitter:site\" content=\"@farmaceuticsbcn\" \/>\n<meta name=\"twitter:label1\" content=\"Escrit per\" \/>\n\t<meta name=\"twitter:data1\" content=\"wpAdminCofbOrg\" \/>\n\t<meta name=\"twitter:label2\" content=\"Temps estimat de lectura\" \/>\n\t<meta name=\"twitter:data2\" content=\"2 minuts\" \/>\n<script type=\"application\/ld+json\" class=\"yoast-schema-graph\">{\"@context\":\"https:\/\/schema.org\",\"@graph\":[{\"@type\":\"Article\",\"@id\":\"https:\/\/novaorg.cofb.net\/2015\/08\/05\/nou-incompliment-en-el-pagament-a-les-farmacies-catalanes-ladministracio-acumula-un-deute-de-dos-mesos-que-ascendeix-a-mes-de-220me\/#article\",\"isPartOf\":{\"@id\":\"https:\/\/novaorg.cofb.net\/2015\/08\/05\/nou-incompliment-en-el-pagament-a-les-farmacies-catalanes-ladministracio-acumula-un-deute-de-dos-mesos-que-ascendeix-a-mes-de-220me\/\"},\"author\":{\"name\":\"wpAdminCofbOrg\",\"@id\":\"https:\/\/www.cofb.org\/#\/schema\/person\/22ed7eea88da74b0fa4d3154ad87ffcb\"},\"headline\":\"Nou incompliment en el pagament a les farm\u00e0cies catalanes: l&#8217;Administraci\u00f3 acumula un deute de dos mesos que ascendeix a m\u00e9s de 220M\u20ac\",\"datePublished\":\"2015-08-05T10:54:00+00:00\",\"dateModified\":\"2015-08-05T10:54:00+00:00\",\"mainEntityOfPage\":{\"@id\":\"https:\/\/novaorg.cofb.net\/2015\/08\/05\/nou-incompliment-en-el-pagament-a-les-farmacies-catalanes-ladministracio-acumula-un-deute-de-dos-mesos-que-ascendeix-a-mes-de-220me\/\"},\"wordCount\":443,\"publisher\":{\"@id\":\"https:\/\/www.cofb.org\/#organization\"},\"articleSection\":[\"Notes de premsa\"],\"inLanguage\":\"ca\"},{\"@type\":\"WebPage\",\"@id\":\"https:\/\/novaorg.cofb.net\/2015\/08\/05\/nou-incompliment-en-el-pagament-a-les-farmacies-catalanes-ladministracio-acumula-un-deute-de-dos-mesos-que-ascendeix-a-mes-de-220me\/\",\"url\":\"https:\/\/novaorg.cofb.net\/2015\/08\/05\/nou-incompliment-en-el-pagament-a-les-farmacies-catalanes-ladministracio-acumula-un-deute-de-dos-mesos-que-ascendeix-a-mes-de-220me\/\",\"name\":\"Nou incompliment en el pagament a les farm\u00e0cies catalanes: l'Administraci\u00f3 acumula un deute de dos mesos que ascendeix a m\u00e9s de 220M\u20ac - Col\u00b7legi de Farmac\u00e8utics de Barcelona\",\"isPartOf\":{\"@id\":\"https:\/\/www.cofb.org\/#website\"},\"datePublished\":\"2015-08-05T10:54:00+00:00\",\"dateModified\":\"2015-08-05T10:54:00+00:00\",\"breadcrumb\":{\"@id\":\"https:\/\/novaorg.cofb.net\/2015\/08\/05\/nou-incompliment-en-el-pagament-a-les-farmacies-catalanes-ladministracio-acumula-un-deute-de-dos-mesos-que-ascendeix-a-mes-de-220me\/#breadcrumb\"},\"inLanguage\":\"ca\",\"potentialAction\":[{\"@type\":\"ReadAction\",\"target\":[\"https:\/\/novaorg.cofb.net\/2015\/08\/05\/nou-incompliment-en-el-pagament-a-les-farmacies-catalanes-ladministracio-acumula-un-deute-de-dos-mesos-que-ascendeix-a-mes-de-220me\/\"]}]},{\"@type\":\"BreadcrumbList\",\"@id\":\"https:\/\/novaorg.cofb.net\/2015\/08\/05\/nou-incompliment-en-el-pagament-a-les-farmacies-catalanes-ladministracio-acumula-un-deute-de-dos-mesos-que-ascendeix-a-mes-de-220me\/#breadcrumb\",\"itemListElement\":[{\"@type\":\"ListItem\",\"position\":1,\"name\":\"Inici\",\"item\":\"https:\/\/novaorg.cofb.net\/\"},{\"@type\":\"ListItem\",\"position\":2,\"name\":\"Nou incompliment en el pagament a les farm\u00e0cies catalanes: l&#8217;Administraci\u00f3 acumula un deute de dos mesos que ascendeix a m\u00e9s de 220M\u20ac\"}]},{\"@type\":\"WebSite\",\"@id\":\"https:\/\/www.cofb.org\/#website\",\"url\":\"https:\/\/www.cofb.org\/\",\"name\":\"Col\u00b7legi de Farmac\u00e8utics de Barcelona\",\"description\":\"\",\"publisher\":{\"@id\":\"https:\/\/www.cofb.org\/#organization\"},\"potentialAction\":[{\"@type\":\"SearchAction\",\"target\":{\"@type\":\"EntryPoint\",\"urlTemplate\":\"https:\/\/www.cofb.org\/?s={search_term_string}\"},\"query-input\":\"required name=search_term_string\"}],\"inLanguage\":\"ca\"},{\"@type\":\"Organization\",\"@id\":\"https:\/\/www.cofb.org\/#organization\",\"name\":\"Col\u00b7legi de Farmac\u00e8utics de Barcelona\",\"url\":\"https:\/\/www.cofb.org\/\",\"logo\":{\"@type\":\"ImageObject\",\"inLanguage\":\"ca\",\"@id\":\"https:\/\/www.cofb.org\/#\/schema\/logo\/image\/\",\"url\":\"https:\/\/www.cofb.org\/wp-content\/uploads\/2023\/11\/cropped-Logotip-COFB.png\",\"contentUrl\":\"https:\/\/www.cofb.org\/wp-content\/uploads\/2023\/11\/cropped-Logotip-COFB.png\",\"width\":500,\"height\":105,\"caption\":\"Col\u00b7legi de Farmac\u00e8utics de Barcelona\"},\"image\":{\"@id\":\"https:\/\/www.cofb.org\/#\/schema\/logo\/image\/\"},\"sameAs\":[\"https:\/\/www.facebook.com\/farmaceuticsbcn\/\",\"https:\/\/twitter.com\/farmaceuticsbcn\",\"https:\/\/www.instagram.com\/farmaceuticsbcn\/\",\"https:\/\/www.linkedin.com\/company\/farmaceuticsbcn\/\"]},{\"@type\":\"Person\",\"@id\":\"https:\/\/www.cofb.org\/#\/schema\/person\/22ed7eea88da74b0fa4d3154ad87ffcb\",\"name\":\"wpAdminCofbOrg\",\"image\":{\"@type\":\"ImageObject\",\"inLanguage\":\"ca\",\"@id\":\"https:\/\/www.cofb.org\/#\/schema\/person\/image\/\",\"url\":\"https:\/\/secure.gravatar.com\/avatar\/1721b20b3b8ca882c3b56ec6c978c594fff670e40c0718e9190eaeeb76aae7d8?s=96&d=mm&r=g\",\"contentUrl\":\"https:\/\/secure.gravatar.com\/avatar\/1721b20b3b8ca882c3b56ec6c978c594fff670e40c0718e9190eaeeb76aae7d8?s=96&d=mm&r=g\",\"caption\":\"wpAdminCofbOrg\"},\"sameAs\":[\"http:\/\/192.168.64.122\/wordpress\"],\"url\":\"https:\/\/www.cofb.org\/ca\/author\/wpadmincofborg\/\"}]}<\/script>\n<!-- \/ Yoast SEO plugin. -->","yoast_head_json":{"title":"Nou incompliment en el pagament a les farm\u00e0cies catalanes: l'Administraci\u00f3 acumula un deute de dos mesos que ascendeix a m\u00e9s de 220M\u20ac - Col\u00b7legi de Farmac\u00e8utics de Barcelona","robots":{"index":"index","follow":"follow","max-snippet":"max-snippet:-1","max-image-preview":"max-image-preview:large","max-video-preview":"max-video-preview:-1"},"canonical":"https:\/\/novaorg.cofb.net\/2015\/08\/05\/nou-incompliment-en-el-pagament-a-les-farmacies-catalanes-ladministracio-acumula-un-deute-de-dos-mesos-que-ascendeix-a-mes-de-220me\/","og_locale":"ca_ES","og_type":"article","og_title":"Nou incompliment en el pagament a les farm\u00e0cies catalanes: l'Administraci\u00f3 acumula un deute de dos mesos que ascendeix a m\u00e9s de 220M\u20ac - Col\u00b7legi de Farmac\u00e8utics de Barcelona","og_description":"\u00a0 \u00a0 La factura dels medicaments dispensats al juny que s\u2019hauria d\u2019haver fet efectiva avui (115M\u20ac) se suma a la que tenia pendent del mes de maig (112M\u20ac) Barcelona, 5 d\u2019agost de 2015.- L\u2019Administraci\u00f3 hauria d\u2019haver pagat avui, 5 d\u2019agost, els 115M\u20ac corresponents a la factura dels medicaments que es [&hellip;]","og_url":"https:\/\/novaorg.cofb.net\/2015\/08\/05\/nou-incompliment-en-el-pagament-a-les-farmacies-catalanes-ladministracio-acumula-un-deute-de-dos-mesos-que-ascendeix-a-mes-de-220me\/","og_site_name":"Col\u00b7legi de Farmac\u00e8utics de Barcelona","article_publisher":"https:\/\/www.facebook.com\/farmaceuticsbcn\/","article_published_time":"2015-08-05T10:54:00+00:00","author":"wpAdminCofbOrg","twitter_card":"summary_large_image","twitter_creator":"@farmaceuticsbcn","twitter_site":"@farmaceuticsbcn","twitter_misc":{"Escrit per":"wpAdminCofbOrg","Temps estimat de lectura":"2 minuts"},"schema":{"@context":"https:\/\/schema.org","@graph":[{"@type":"Article","@id":"https:\/\/novaorg.cofb.net\/2015\/08\/05\/nou-incompliment-en-el-pagament-a-les-farmacies-catalanes-ladministracio-acumula-un-deute-de-dos-mesos-que-ascendeix-a-mes-de-220me\/#article","isPartOf":{"@id":"https:\/\/novaorg.cofb.net\/2015\/08\/05\/nou-incompliment-en-el-pagament-a-les-farmacies-catalanes-ladministracio-acumula-un-deute-de-dos-mesos-que-ascendeix-a-mes-de-220me\/"},"author":{"name":"wpAdminCofbOrg","@id":"https:\/\/www.cofb.org\/#\/schema\/person\/22ed7eea88da74b0fa4d3154ad87ffcb"},"headline":"Nou incompliment en el pagament a les farm\u00e0cies catalanes: l&#8217;Administraci\u00f3 acumula un deute de dos mesos que ascendeix a m\u00e9s de 220M\u20ac","datePublished":"2015-08-05T10:54:00+00:00","dateModified":"2015-08-05T10:54:00+00:00","mainEntityOfPage":{"@id":"https:\/\/novaorg.cofb.net\/2015\/08\/05\/nou-incompliment-en-el-pagament-a-les-farmacies-catalanes-ladministracio-acumula-un-deute-de-dos-mesos-que-ascendeix-a-mes-de-220me\/"},"wordCount":443,"publisher":{"@id":"https:\/\/www.cofb.org\/#organization"},"articleSection":["Notes de premsa"],"inLanguage":"ca"},{"@type":"WebPage","@id":"https:\/\/novaorg.cofb.net\/2015\/08\/05\/nou-incompliment-en-el-pagament-a-les-farmacies-catalanes-ladministracio-acumula-un-deute-de-dos-mesos-que-ascendeix-a-mes-de-220me\/","url":"https:\/\/novaorg.cofb.net\/2015\/08\/05\/nou-incompliment-en-el-pagament-a-les-farmacies-catalanes-ladministracio-acumula-un-deute-de-dos-mesos-que-ascendeix-a-mes-de-220me\/","name":"Nou incompliment en el pagament a les farm\u00e0cies catalanes: l'Administraci\u00f3 acumula un deute de dos mesos que ascendeix a m\u00e9s de 220M\u20ac - Col\u00b7legi de Farmac\u00e8utics de Barcelona","isPartOf":{"@id":"https:\/\/www.cofb.org\/#website"},"datePublished":"2015-08-05T10:54:00+00:00","dateModified":"2015-08-05T10:54:00+00:00","breadcrumb":{"@id":"https:\/\/novaorg.cofb.net\/2015\/08\/05\/nou-incompliment-en-el-pagament-a-les-farmacies-catalanes-ladministracio-acumula-un-deute-de-dos-mesos-que-ascendeix-a-mes-de-220me\/#breadcrumb"},"inLanguage":"ca","potentialAction":[{"@type":"ReadAction","target":["https:\/\/novaorg.cofb.net\/2015\/08\/05\/nou-incompliment-en-el-pagament-a-les-farmacies-catalanes-ladministracio-acumula-un-deute-de-dos-mesos-que-ascendeix-a-mes-de-220me\/"]}]},{"@type":"BreadcrumbList","@id":"https:\/\/novaorg.cofb.net\/2015\/08\/05\/nou-incompliment-en-el-pagament-a-les-farmacies-catalanes-ladministracio-acumula-un-deute-de-dos-mesos-que-ascendeix-a-mes-de-220me\/#breadcrumb","itemListElement":[{"@type":"ListItem","position":1,"name":"Inici","item":"https:\/\/novaorg.cofb.net\/"},{"@type":"ListItem","position":2,"name":"Nou incompliment en el pagament a les farm\u00e0cies catalanes: l&#8217;Administraci\u00f3 acumula un deute de dos mesos que ascendeix a m\u00e9s de 220M\u20ac"}]},{"@type":"WebSite","@id":"https:\/\/www.cofb.org\/#website","url":"https:\/\/www.cofb.org\/","name":"Col\u00b7legi de Farmac\u00e8utics de Barcelona","description":"","publisher":{"@id":"https:\/\/www.cofb.org\/#organization"},"potentialAction":[{"@type":"SearchAction","target":{"@type":"EntryPoint","urlTemplate":"https:\/\/www.cofb.org\/?s={search_term_string}"},"query-input":"required name=search_term_string"}],"inLanguage":"ca"},{"@type":"Organization","@id":"https:\/\/www.cofb.org\/#organization","name":"Col\u00b7legi de Farmac\u00e8utics de Barcelona","url":"https:\/\/www.cofb.org\/","logo":{"@type":"ImageObject","inLanguage":"ca","@id":"https:\/\/www.cofb.org\/#\/schema\/logo\/image\/","url":"https:\/\/www.cofb.org\/wp-content\/uploads\/2023\/11\/cropped-Logotip-COFB.png","contentUrl":"https:\/\/www.cofb.org\/wp-content\/uploads\/2023\/11\/cropped-Logotip-COFB.png","width":500,"height":105,"caption":"Col\u00b7legi de Farmac\u00e8utics de Barcelona"},"image":{"@id":"https:\/\/www.cofb.org\/#\/schema\/logo\/image\/"},"sameAs":["https:\/\/www.facebook.com\/farmaceuticsbcn\/","https:\/\/twitter.com\/farmaceuticsbcn","https:\/\/www.instagram.com\/farmaceuticsbcn\/","https:\/\/www.linkedin.com\/company\/farmaceuticsbcn\/"]},{"@type":"Person","@id":"https:\/\/www.cofb.org\/#\/schema\/person\/22ed7eea88da74b0fa4d3154ad87ffcb","name":"wpAdminCofbOrg","image":{"@type":"ImageObject","inLanguage":"ca","@id":"https:\/\/www.cofb.org\/#\/schema\/person\/image\/","url":"https:\/\/secure.gravatar.com\/avatar\/1721b20b3b8ca882c3b56ec6c978c594fff670e40c0718e9190eaeeb76aae7d8?s=96&d=mm&r=g","contentUrl":"https:\/\/secure.gravatar.com\/avatar\/1721b20b3b8ca882c3b56ec6c978c594fff670e40c0718e9190eaeeb76aae7d8?s=96&d=mm&r=g","caption":"wpAdminCofbOrg"},"sameAs":["http:\/\/192.168.64.122\/wordpress"],"url":"https:\/\/www.cofb.org\/ca\/author\/wpadmincofborg\/"}]}},"uagb_featured_image_src":{"full":false,"thumbnail":false,"medium":false,"medium_large":false,"large":false,"1536x1536":false,"2048x2048":false,"trp-custom-language-flag":false},"uagb_author_info":{"display_name":"wpAdminCofbOrg","author_link":"https:\/\/www.cofb.org\/ca\/author\/wpadmincofborg\/"},"uagb_comment_info":0,"uagb_excerpt":"\u00a0 \u00a0 La factura dels medicaments dispensats al juny que s\u2019hauria d\u2019haver fet efectiva avui (115M\u20ac) se suma a la que tenia pendent del mes de maig (112M\u20ac) Barcelona, 5 d\u2019agost de 2015.- L\u2019Administraci\u00f3 hauria d\u2019haver pagat avui, 5 d\u2019agost, els 115M\u20ac corresponents a la factura dels medicaments que es [&hellip;]","_links":{"self":[{"href":"https:\/\/www.cofb.org\/ca\/wp-json\/wp\/v2\/posts\/77443","targetHints":{"allow":["GET"]}}],"collection":[{"href":"https:\/\/www.cofb.org\/ca\/wp-json\/wp\/v2\/posts"}],"about":[{"href":"https:\/\/www.cofb.org\/ca\/wp-json\/wp\/v2\/types\/post"}],"author":[{"embeddable":true,"href":"https:\/\/www.cofb.org\/ca\/wp-json\/wp\/v2\/users\/1"}],"replies":[{"embeddable":true,"href":"https:\/\/www.cofb.org\/ca\/wp-json\/wp\/v2\/comments?post=77443"}],"version-history":[{"count":0,"href":"https:\/\/www.cofb.org\/ca\/wp-json\/wp\/v2\/posts\/77443\/revisions"}],"wp:attachment":[{"href":"https:\/\/www.cofb.org\/ca\/wp-json\/wp\/v2\/media?parent=77443"}],"wp:term":[{"taxonomy":"category","embeddable":true,"href":"https:\/\/www.cofb.org\/ca\/wp-json\/wp\/v2\/categories?post=77443"},{"taxonomy":"post_tag","embeddable":true,"href":"https:\/\/www.cofb.org\/ca\/wp-json\/wp\/v2\/tags?post=77443"}],"curies":[{"name":"wp","href":"https:\/\/api.w.org\/{rel}","templated":true}]}}