{"id":77436,"date":"2015-10-07T12:28:00","date_gmt":"2015-10-07T12:28:00","guid":{"rendered":"https:\/\/novaorg.cofb.net\/2015\/10\/07\/el-cof-de-barcelona-renova-el-portal-de-comunicacio-amb-els-collegiats\/"},"modified":"2015-10-07T12:28:00","modified_gmt":"2015-10-07T12:28:00","slug":"el-cof-de-barcelona-renova-el-portal-de-comunicacio-amb-els-collegiats","status":"publish","type":"post","link":"https:\/\/www.cofb.org\/ca\/2015\/10\/07\/el-cof-de-barcelona-renova-el-portal-de-comunicacio-amb-els-collegiats\/","title":{"rendered":"El COF de Barcelona renova el portal de comunicaci\u00f3 amb els col\u00b7legiats"},"content":{"rendered":"<p>\u00a0<\/p>\n<ul>\n<li><strong>Entre les caracter\u00edstiques d\u2019aquest espai virtual destaquen la rapidesa, el dinamisme, la  major accessibilitat al contingut, en un entorn web responsive, aix\u00ed com la incorporaci\u00f3 d\u2019un innovador sistema de navegaci\u00f3 similar al dels dispositius m\u00f2bils<\/strong><\/li>\n<li><strong>Una de les novetats \u00e9s la secci\u00f3 \u201cActivitat de la farm\u00e0cia\u201d, que agrupa totes aquelles funcionalitats relacionades amb l\u2019exercici diari dins la farm\u00e0cia comunit\u00e0ria  <\/strong><\/li>\n<li><strong>Amb 6.563.840 p\u00e0gines vistes durant el 2014, el <a href=\"http:\/\/www.cofb.net\/\" target=\"_blank\" rel=\"noopener\">www.cofb.net<\/a> es consolida com a eina de treball <\/strong><\/li>\n<\/ul>\n<p class=\"MsoNormal\"><i>Barcelona, 7 d\u2019octubre de 2015.-<\/i> <b>\u201cS\u2019obre la nova porta virtual del COFB, t\u2019ho fem f\u00e0cil\u201d.<\/b> Sota aquest lema <b>ha posat en marxa el Col\u00b7legi de Farmac\u00e8utics de Barcelona (COFB) la renovaci\u00f3 del portal de comunicaci\u00f3 amb els seus col\u00b7legiats anomenat <a href=\"http:\/\/www.cofb.net\/\" target=\"_blank\" rel=\"noopener\">\u201cCofb.net\u201d<\/a><\/b>, que amb 6.563.840 p\u00e0gines vistes durant el 2014 s\u2019ha consolidat com a eina de treball. L\u2019objectiu \u00e9s facilitar-los l\u2019acc\u00e9s a les diferents informacions del dia a dia de la farm\u00e0cia i l\u2019activitat col\u00b7legial en un entorn web <i>responsive<\/i> que, entre d\u2019altres caracter\u00edstiques, <b>ofereix m\u00e9s rapidesa, seguretat i dinamisme, <\/b>aix\u00ed com un<b> innovador sistema de <strong><span>navegaci\u00f3<\/span><\/strong><\/b> similar al dels dispositius m\u00f2bils. Alhora, es busca<span> <\/span>donar una resposta \u00f2ptima al nombre elevat de farmac\u00e8utics que l\u2019utilitzen de forma simult\u00e0nia. Aquestes i altres funcionalitats s\u2019expliquen a aquest <a href=\"https:\/\/vimeo.com\/137344588\" target=\"_blank\" rel=\"noopener\">v\u00eddeo de presentaci\u00f3<\/a> del portal. <\/p>\n<p class=\"MsoNormal\"><b><u>\u201cActivitat de la farm\u00e0cia\u201d, la nova secci\u00f3 del portal<\/p>\n<p><\/u><\/b><\/p>\n<p class=\"MsoNormal\">El portal s\u2019estructura en <b>7 p\u00e0gines principals<\/b>, cada una dedicada a una \u00e0rea, i l\u2019usuari pot escollir que aparegui com a p\u00e0gina d\u2019inici aquella que s\u2019ajusti m\u00e9s a les seves prefer\u00e8ncies. Com a novetat, s\u2019ha introdu\u00eft l\u2019\u00e0rea \u201c<b>Activitat de la farm\u00e0cia\u201d,<\/b> que agrupa totes les informacions i funcionalitats relacionades amb l\u2019exercici diari dins la farm\u00e0cia comunit\u00e0ria, a m\u00e9s de l\u2019actualitat vinculada amb aquesta \u00e0rea i els recursos de qu\u00e8 disposa el Col\u00b7legi per facilitar el seu dia a dia.<\/p>\n<p class=\"MsoNormal\">Les altres seccions d\u2019aquest web d\u2019acc\u00e9s restringit als col\u00b7legiats estan relacionades amb <b>l\u2019actualitat cient\u00edfica,<\/b> on es poden trobar, per exemple, les avaluacions de nous medicaments, alertes de farmacovigil\u00e0ncia i la publicaci\u00f3 cient\u00edfica del Col\u00b7legi <i>Circular Farmac\u00e8utica<\/i>; les activitats realitzades des de<b> vocalies i grups de treball<\/b>; <b>l\u2019oferta formativa, <\/b>amb les novetats dels cursos que s\u2019ofereixen des del COFB; els diferents <b>serveis <\/b>que ofereix als seus col\u00b7legiats,<span> <\/span>entre ells els destinats a l\u2019atenci\u00f3 dels pacients; les <b>darreres novetats<\/b> sobre l\u2019actualitat farmac\u00e8utica i l\u2019activitat del COFB; i per \u00faltim, una <b>secci\u00f3 relacionada amb el Col\u00b7legi<\/b>, on podem consultar, entre d\u2019altres continguts, les seves finalitats i funcions, el Codi Deontol\u00f2gic i l\u2019organitzaci\u00f3 interna. Alhora, totes elles combinen informacions d&#8217;\u00faltima hora amb l&#8217;acc\u00e9s visible a les seccions m\u00e9s visitades i els continguts m\u00e9s sol\u00b7licitats.<\/p>\n<p class=\"MsoNormal\">D\u2019altra banda, a m\u00e9s d\u2019incloure el web dels col\u00b7legiats, \u00a0\u201cCofb.net\u201d ofereix tamb\u00e9 <b>acc\u00e9s als diferents canals digitals de comunicaci\u00f3<\/b> que t\u00e9 en funcionament el Col\u00b7legi: el <b><a href=\"http:\/\/www.cofb.org\/web\/guest\" target=\"_blank\" rel=\"noopener\">web institucional<\/a><\/b>, el <b><a href=\"http:\/\/blog.cofb.cat\/\" target=\"_blank\" rel=\"noopener\">Blog<\/a> <\/b>i el web de salut<b> <a href=\"http:\/\/www.farmaceuticonline.com\/\" target=\"_blank\" rel=\"noopener\">farmaceuticonline<\/a>. <\/p>\n<p><\/b><\/p>\n<p class=\"MsoNormal\">Es tracta d&#8217;un projecte on <b>la majoria de millores s\u00f3n fruit de les observacions que han fet els col\u00b7legiats <\/b>per diferents vies, ja sigui a trav\u00e9s de l&#8217;\u00faltim estudi d&#8217;opini\u00f3 sobre la comunicaci\u00f3 del COFB, dels diferents <i>focusgroup<\/i> convocats amb aquest objectiu, o els suggeriments enviats de forma espont\u00e0nia.<\/p>\n<p class=\"MsoNormal\"><b><u>Pioners en la comunicaci\u00f3 amb els col\u00b7legiats <\/u><\/b><\/p>\n<p class=\"MsoNormal\">El COFB va ser pioner en la comunicaci\u00f3 amb els col\u00b7legiats quan al 1993 va posar en marxa un <i>Bulletin Board System<\/i> (BBS) com a xarxa de comunicaci\u00f3 digital pels col\u00b7legiats. Aquesta plataforma permetia als usuaris connectar-se al sistema \u2013a trav\u00e9s d\u2019internet o d\u2019una l\u00ednia telef\u00f2nica-, i accedir en remot a fonts d\u2019informaci\u00f3 del medicament aix\u00ed com consultar l\u2019actualitat del sector, entre d\u2019altres. Des de llavors, l\u2019espai virtual de col\u00b7legiats \u00a0s\u2019ha anat renovant per tal d\u2019introduir millores i enfortir la comunicaci\u00f3 amb els m\u00e9s de 8.400 que ja s\u00f3n actualment.\u00a0<\/p>\n<p class=\"MsoNormal\"><b>Per a m\u00e9s informaci\u00f3: <\/p>\n<p><\/b><\/p>\n<p class=\"MsoNormal\">Departament de Comunicaci\u00f3 del Col\u00b7legi de Farmac\u00e8utics de Barcelona (COFB)<\/p>\n<p class=\"MsoNormal\">Tel\u00e8fon: 93 244 07 28 \/ 18 <\/p>\n<p class=\"MsoNormal\"><a href=\"mailto:premsa@cofb.net\">premsa@cofb.net<\/a> <\/p>\n<p class=\"MsoNormal\">\n<p>\u00a0Entre les caracter\u00edstiques d\u2019aquest espai virtual destaquen la rapidesa, el dinamisme, la  major accessibilitat al contingut, en un entorn web responsive, aix\u00ed com la incorporaci\u00f3 d\u2019un innovador sistema de navegaci\u00f3 similar al dels dispositius m\u00f2bilsUna de les novetats \u00e9s la secci\u00f3 \u201cActivitat de la farm\u00e0cia\u201d, que agrupa totes aquelles funcionalitats relacionades amb l\u2019exercici diari dins la farm\u00e0cia comunit\u00e0ria  Amb 6.563.840 p\u00e0gines vistes durant el 2014, el www.cofb.net es consolida com a eina de treball Barcelona, 7 d\u2019octubre de 2015.- \u201cS\u2019obre la nova porta virtual del COFB, t\u2019ho fem f\u00e0cil\u201d. Sota aquest lema ha posat en marxa el Col\u00b7legi de Farmac\u00e8utics de Barcelona (COFB) la renovaci\u00f3 del portal de comunicaci\u00f3 amb els seus col\u00b7legiats anomenat \u201cCofb.net\u201d, que amb 6.563.840 p\u00e0gines vistes durant el 2014 s\u2019ha consolidat com a eina de treball. L\u2019objectiu \u00e9s facilitar-los l\u2019acc\u00e9s a les diferents informacions del dia a dia de la farm\u00e0cia i l\u2019activitat col\u00b7legial en un entorn web responsive que, entre d\u2019altres caracter\u00edstiques, ofereix m\u00e9s rapidesa, seguretat i dinamisme, aix\u00ed com un innovador sistema de navegaci\u00f3 similar al dels dispositius m\u00f2bils. Alhora, es busca donar una resposta \u00f2ptima al nombre elevat de farmac\u00e8utics que l\u2019utilitzen de forma simult\u00e0nia. Aquestes i altres funcionalitats s\u2019expliquen a aquest v\u00eddeo de presentaci\u00f3 del portal.   \u201cActivitat de la farm\u00e0cia\u201d, la nova secci\u00f3 del portal  El portal s\u2019estructura en 7 p\u00e0gines principals, cada una dedicada a una \u00e0rea, i l\u2019usuari pot escollir que aparegui com a p\u00e0gina d\u2019inici aquella que s\u2019ajusti m\u00e9s a les seves prefer\u00e8ncies. Com a novetat, s\u2019ha introdu\u00eft l\u2019\u00e0rea \u201cActivitat de la farm\u00e0cia\u201d, que agrupa totes les informacions i funcionalitats relacionades amb l\u2019exercici diari dins la farm\u00e0cia comunit\u00e0ria, a m\u00e9s de l\u2019actualitat vinculada amb aquesta \u00e0rea i els recursos de qu\u00e8 disposa el Col\u00b7legi per facilitar el seu dia a dia.  Les altres seccions d\u2019aquest web d\u2019acc\u00e9s restringit als col\u00b7legiats estan relacionades amb l\u2019actualitat cient\u00edfica, on es poden trobar, per exemple, les avaluacions de nous medicaments, alertes de farmacovigil\u00e0ncia i la publicaci\u00f3 cient\u00edfica del Col\u00b7legi Circular Farmac\u00e8utica; les activitats realitzades des de vocalies i grups de treball; l\u2019oferta formativa, amb les novetats dels cursos que s\u2019ofereixen des del COFB; els diferents serveis que ofereix als seus col\u00b7legiats, entre ells els destinats a l\u2019atenci\u00f3 dels pacients; les darreres novetats sobre l\u2019actualitat farmac\u00e8utica i l\u2019activitat del COFB; i per \u00faltim, una secci\u00f3 relacionada amb el Col\u00b7legi, on podem consultar, entre d\u2019altres continguts, les seves finalitats i funcions, el Codi Deontol\u00f2gic i l\u2019organitzaci\u00f3 interna. Alhora, totes elles combinen informacions d&#8217;\u00faltima hora amb l&#8217;acc\u00e9s visible a les seccions m\u00e9s visitades i els continguts m\u00e9s sol\u00b7licitats.  D\u2019altra banda, a m\u00e9s d\u2019incloure el web dels col\u00b7legiats, \u00a0\u201cCofb.net\u201d ofereix tamb\u00e9 acc\u00e9s als diferents canals digitals de comunicaci\u00f3 que t\u00e9 en funcionament el Col\u00b7legi: el web institucional, el Blog i el web de salut farmaceuticonline.   Es tracta d&#8217;un projecte on la majoria de millores s\u00f3n fruit de les observacions que han fet els col\u00b7legiats per diferents vies, ja sigui a trav\u00e9s de l&#8217;\u00faltim estudi d&#8217;opini\u00f3 sobre la comunicaci\u00f3 del COFB, dels diferents focusgroup convocats amb aquest objectiu, o els suggeriments enviats de forma espont\u00e0nia.  Pioners en la comunicaci\u00f3 amb els col\u00b7legiats   El COFB va ser pioner en la comunicaci\u00f3 amb els col\u00b7legiats quan al 1993 va posar en marxa un Bulletin Board System (BBS) com a xarxa de comunicaci\u00f3 digital pels col\u00b7legiats. Aquesta plataforma permetia als usuaris connectar-se al sistema \u2013a trav\u00e9s d\u2019internet o d\u2019una l\u00ednia telef\u00f2nica-, i accedir en remot a fonts d\u2019informaci\u00f3 del medicament aix\u00ed com consultar l\u2019actualitat del sector, entre d\u2019altres. Des de llavors, l\u2019espai virtual de col\u00b7legiats \u00a0s\u2019ha anat renovant per tal d\u2019introduir millores i enfortir la comunicaci\u00f3 amb els m\u00e9s de 8.400 que ja s\u00f3n actualment.\u00a0Per a m\u00e9s informaci\u00f3: Departament de Comunicaci\u00f3 del Col\u00b7legi de Farmac\u00e8utics de Barcelona (COFB)Tel\u00e8fon: 93 244 07 28 \/ 18 premsa@cofb.net\u00a0\u00a0COFB.ORG<\/p>\n","protected":false},"excerpt":{"rendered":"<p>\u00a0 Entre les caracter\u00edstiques d\u2019aquest espai virtual destaquen la rapidesa, el dinamisme, la major accessibilitat al contingut, en un entorn web responsive, aix\u00ed com la incorporaci\u00f3 d\u2019un innovador sistema de navegaci\u00f3 similar al dels dispositius m\u00f2bils Una de les novetats \u00e9s la secci\u00f3 \u201cActivitat de la farm\u00e0cia\u201d, que agrupa totes [&hellip;]<\/p>\n","protected":false},"author":1,"featured_media":0,"comment_status":"","ping_status":"","sticky":false,"template":"","format":"standard","meta":{"_uag_custom_page_level_css":"","site-sidebar-layout":"default","site-content-layout":"","ast-site-content-layout":"default","site-content-style":"default","site-sidebar-style":"default","ast-global-header-display":"","ast-banner-title-visibility":"","ast-main-header-display":"","ast-hfb-above-header-display":"","ast-hfb-below-header-display":"","ast-hfb-mobile-header-display":"","site-post-title":"","ast-breadcrumbs-content":"","ast-featured-img":"disabled","footer-sml-layout":"","theme-transparent-header-meta":"","adv-header-id-meta":"","stick-header-meta":"","header-above-stick-meta":"","header-main-stick-meta":"","header-below-stick-meta":"","astra-migrate-meta-layouts":"default","ast-page-background-enabled":"default","ast-page-background-meta":{"desktop":{"background-color":"var(--ast-global-color-4)","background-image":"","background-repeat":"repeat","background-position":"center center","background-size":"auto","background-attachment":"scroll","background-type":"","background-media":"","overlay-type":"","overlay-color":"","overlay-opacity":"","overlay-gradient":""},"tablet":{"background-color":"","background-image":"","background-repeat":"repeat","background-position":"center center","background-size":"auto","background-attachment":"scroll","background-type":"","background-media":"","overlay-type":"","overlay-color":"","overlay-opacity":"","overlay-gradient":""},"mobile":{"background-color":"","background-image":"","background-repeat":"repeat","background-position":"center center","background-size":"auto","background-attachment":"scroll","background-type":"","background-media":"","overlay-type":"","overlay-color":"","overlay-opacity":"","overlay-gradient":""}},"ast-content-background-meta":{"desktop":{"background-color":"var(--ast-global-color-5)","background-image":"","background-repeat":"repeat","background-position":"center center","background-size":"auto","background-attachment":"scroll","background-type":"","background-media":"","overlay-type":"","overlay-color":"","overlay-opacity":"","overlay-gradient":""},"tablet":{"background-color":"var(--ast-global-color-5)","background-image":"","background-repeat":"repeat","background-position":"center center","background-size":"auto","background-attachment":"scroll","background-type":"","background-media":"","overlay-type":"","overlay-color":"","overlay-opacity":"","overlay-gradient":""},"mobile":{"background-color":"var(--ast-global-color-5)","background-image":"","background-repeat":"repeat","background-position":"center center","background-size":"auto","background-attachment":"scroll","background-type":"","background-media":"","overlay-type":"","overlay-color":"","overlay-opacity":"","overlay-gradient":""}},"footnotes":""},"categories":[1060,1066],"tags":[],"class_list":["post-77436","post","type-post","status-publish","format-standard","hentry","category-notes-premsa","category-sense-categoria-ca"],"yoast_head":"<!-- This site is optimized with the Yoast SEO plugin v22.4 - https:\/\/yoast.com\/wordpress\/plugins\/seo\/ -->\n<title>El COF de Barcelona renova el portal de comunicaci\u00f3 amb els col\u00b7legiats - Col\u00b7legi de Farmac\u00e8utics de Barcelona<\/title>\n<meta name=\"robots\" content=\"index, follow, max-snippet:-1, max-image-preview:large, max-video-preview:-1\" \/>\n<link rel=\"canonical\" href=\"https:\/\/novaorg.cofb.net\/2015\/10\/07\/el-cof-de-barcelona-renova-el-portal-de-comunicacio-amb-els-collegiats\/\" \/>\n<meta property=\"og:locale\" content=\"ca_ES\" \/>\n<meta property=\"og:type\" content=\"article\" \/>\n<meta property=\"og:title\" content=\"El COF de Barcelona renova el portal de comunicaci\u00f3 amb els col\u00b7legiats - Col\u00b7legi de Farmac\u00e8utics de Barcelona\" \/>\n<meta property=\"og:description\" content=\"\u00a0 Entre les caracter\u00edstiques d\u2019aquest espai virtual destaquen la rapidesa, el dinamisme, la major accessibilitat al contingut, en un entorn web responsive, aix\u00ed com la incorporaci\u00f3 d\u2019un innovador sistema de navegaci\u00f3 similar al dels dispositius m\u00f2bils Una de les novetats \u00e9s la secci\u00f3 \u201cActivitat de la farm\u00e0cia\u201d, que agrupa totes [&hellip;]\" \/>\n<meta property=\"og:url\" content=\"https:\/\/novaorg.cofb.net\/2015\/10\/07\/el-cof-de-barcelona-renova-el-portal-de-comunicacio-amb-els-collegiats\/\" \/>\n<meta property=\"og:site_name\" content=\"Col\u00b7legi de Farmac\u00e8utics de Barcelona\" \/>\n<meta property=\"article:publisher\" content=\"https:\/\/www.facebook.com\/farmaceuticsbcn\/\" \/>\n<meta property=\"article:published_time\" content=\"2015-10-07T12:28:00+00:00\" \/>\n<meta name=\"author\" content=\"wpAdminCofbOrg\" \/>\n<meta name=\"twitter:card\" content=\"summary_large_image\" \/>\n<meta name=\"twitter:creator\" content=\"@farmaceuticsbcn\" \/>\n<meta name=\"twitter:site\" content=\"@farmaceuticsbcn\" \/>\n<meta name=\"twitter:label1\" content=\"Escrit per\" \/>\n\t<meta name=\"twitter:data1\" content=\"wpAdminCofbOrg\" \/>\n\t<meta name=\"twitter:label2\" content=\"Temps estimat de lectura\" \/>\n\t<meta name=\"twitter:data2\" content=\"7 minuts\" \/>\n<script type=\"application\/ld+json\" class=\"yoast-schema-graph\">{\"@context\":\"https:\/\/schema.org\",\"@graph\":[{\"@type\":\"Article\",\"@id\":\"https:\/\/novaorg.cofb.net\/2015\/10\/07\/el-cof-de-barcelona-renova-el-portal-de-comunicacio-amb-els-collegiats\/#article\",\"isPartOf\":{\"@id\":\"https:\/\/novaorg.cofb.net\/2015\/10\/07\/el-cof-de-barcelona-renova-el-portal-de-comunicacio-amb-els-collegiats\/\"},\"author\":{\"name\":\"wpAdminCofbOrg\",\"@id\":\"https:\/\/www.cofb.org\/#\/schema\/person\/22ed7eea88da74b0fa4d3154ad87ffcb\"},\"headline\":\"El COF de Barcelona renova el portal de comunicaci\u00f3 amb els col\u00b7legiats\",\"datePublished\":\"2015-10-07T12:28:00+00:00\",\"dateModified\":\"2015-10-07T12:28:00+00:00\",\"mainEntityOfPage\":{\"@id\":\"https:\/\/novaorg.cofb.net\/2015\/10\/07\/el-cof-de-barcelona-renova-el-portal-de-comunicacio-amb-els-collegiats\/\"},\"wordCount\":1478,\"publisher\":{\"@id\":\"https:\/\/www.cofb.org\/#organization\"},\"articleSection\":[\"Notes de premsa\"],\"inLanguage\":\"ca\"},{\"@type\":\"WebPage\",\"@id\":\"https:\/\/novaorg.cofb.net\/2015\/10\/07\/el-cof-de-barcelona-renova-el-portal-de-comunicacio-amb-els-collegiats\/\",\"url\":\"https:\/\/novaorg.cofb.net\/2015\/10\/07\/el-cof-de-barcelona-renova-el-portal-de-comunicacio-amb-els-collegiats\/\",\"name\":\"El COF de Barcelona renova el portal de comunicaci\u00f3 amb els col\u00b7legiats - Col\u00b7legi de Farmac\u00e8utics de Barcelona\",\"isPartOf\":{\"@id\":\"https:\/\/www.cofb.org\/#website\"},\"datePublished\":\"2015-10-07T12:28:00+00:00\",\"dateModified\":\"2015-10-07T12:28:00+00:00\",\"breadcrumb\":{\"@id\":\"https:\/\/novaorg.cofb.net\/2015\/10\/07\/el-cof-de-barcelona-renova-el-portal-de-comunicacio-amb-els-collegiats\/#breadcrumb\"},\"inLanguage\":\"ca\",\"potentialAction\":[{\"@type\":\"ReadAction\",\"target\":[\"https:\/\/novaorg.cofb.net\/2015\/10\/07\/el-cof-de-barcelona-renova-el-portal-de-comunicacio-amb-els-collegiats\/\"]}]},{\"@type\":\"BreadcrumbList\",\"@id\":\"https:\/\/novaorg.cofb.net\/2015\/10\/07\/el-cof-de-barcelona-renova-el-portal-de-comunicacio-amb-els-collegiats\/#breadcrumb\",\"itemListElement\":[{\"@type\":\"ListItem\",\"position\":1,\"name\":\"Inici\",\"item\":\"https:\/\/novaorg.cofb.net\/\"},{\"@type\":\"ListItem\",\"position\":2,\"name\":\"El COF de Barcelona renova el portal de comunicaci\u00f3 amb els col\u00b7legiats\"}]},{\"@type\":\"WebSite\",\"@id\":\"https:\/\/www.cofb.org\/#website\",\"url\":\"https:\/\/www.cofb.org\/\",\"name\":\"Col\u00b7legi de Farmac\u00e8utics de Barcelona\",\"description\":\"\",\"publisher\":{\"@id\":\"https:\/\/www.cofb.org\/#organization\"},\"potentialAction\":[{\"@type\":\"SearchAction\",\"target\":{\"@type\":\"EntryPoint\",\"urlTemplate\":\"https:\/\/www.cofb.org\/?s={search_term_string}\"},\"query-input\":\"required name=search_term_string\"}],\"inLanguage\":\"ca\"},{\"@type\":\"Organization\",\"@id\":\"https:\/\/www.cofb.org\/#organization\",\"name\":\"Col\u00b7legi de Farmac\u00e8utics de Barcelona\",\"url\":\"https:\/\/www.cofb.org\/\",\"logo\":{\"@type\":\"ImageObject\",\"inLanguage\":\"ca\",\"@id\":\"https:\/\/www.cofb.org\/#\/schema\/logo\/image\/\",\"url\":\"https:\/\/www.cofb.org\/wp-content\/uploads\/2023\/11\/cropped-Logotip-COFB.png\",\"contentUrl\":\"https:\/\/www.cofb.org\/wp-content\/uploads\/2023\/11\/cropped-Logotip-COFB.png\",\"width\":500,\"height\":105,\"caption\":\"Col\u00b7legi de Farmac\u00e8utics de Barcelona\"},\"image\":{\"@id\":\"https:\/\/www.cofb.org\/#\/schema\/logo\/image\/\"},\"sameAs\":[\"https:\/\/www.facebook.com\/farmaceuticsbcn\/\",\"https:\/\/twitter.com\/farmaceuticsbcn\",\"https:\/\/www.instagram.com\/farmaceuticsbcn\/\",\"https:\/\/www.linkedin.com\/company\/farmaceuticsbcn\/\"]},{\"@type\":\"Person\",\"@id\":\"https:\/\/www.cofb.org\/#\/schema\/person\/22ed7eea88da74b0fa4d3154ad87ffcb\",\"name\":\"wpAdminCofbOrg\",\"image\":{\"@type\":\"ImageObject\",\"inLanguage\":\"ca\",\"@id\":\"https:\/\/www.cofb.org\/#\/schema\/person\/image\/\",\"url\":\"https:\/\/secure.gravatar.com\/avatar\/1721b20b3b8ca882c3b56ec6c978c594fff670e40c0718e9190eaeeb76aae7d8?s=96&d=mm&r=g\",\"contentUrl\":\"https:\/\/secure.gravatar.com\/avatar\/1721b20b3b8ca882c3b56ec6c978c594fff670e40c0718e9190eaeeb76aae7d8?s=96&d=mm&r=g\",\"caption\":\"wpAdminCofbOrg\"},\"sameAs\":[\"http:\/\/192.168.64.122\/wordpress\"],\"url\":\"https:\/\/www.cofb.org\/ca\/author\/wpadmincofborg\/\"}]}<\/script>\n<!-- \/ Yoast SEO plugin. -->","yoast_head_json":{"title":"El COF de Barcelona renova el portal de comunicaci\u00f3 amb els col\u00b7legiats - Col\u00b7legi de Farmac\u00e8utics de Barcelona","robots":{"index":"index","follow":"follow","max-snippet":"max-snippet:-1","max-image-preview":"max-image-preview:large","max-video-preview":"max-video-preview:-1"},"canonical":"https:\/\/novaorg.cofb.net\/2015\/10\/07\/el-cof-de-barcelona-renova-el-portal-de-comunicacio-amb-els-collegiats\/","og_locale":"ca_ES","og_type":"article","og_title":"El COF de Barcelona renova el portal de comunicaci\u00f3 amb els col\u00b7legiats - Col\u00b7legi de Farmac\u00e8utics de Barcelona","og_description":"\u00a0 Entre les caracter\u00edstiques d\u2019aquest espai virtual destaquen la rapidesa, el dinamisme, la major accessibilitat al contingut, en un entorn web responsive, aix\u00ed com la incorporaci\u00f3 d\u2019un innovador sistema de navegaci\u00f3 similar al dels dispositius m\u00f2bils Una de les novetats \u00e9s la secci\u00f3 \u201cActivitat de la farm\u00e0cia\u201d, que agrupa totes [&hellip;]","og_url":"https:\/\/novaorg.cofb.net\/2015\/10\/07\/el-cof-de-barcelona-renova-el-portal-de-comunicacio-amb-els-collegiats\/","og_site_name":"Col\u00b7legi de Farmac\u00e8utics de Barcelona","article_publisher":"https:\/\/www.facebook.com\/farmaceuticsbcn\/","article_published_time":"2015-10-07T12:28:00+00:00","author":"wpAdminCofbOrg","twitter_card":"summary_large_image","twitter_creator":"@farmaceuticsbcn","twitter_site":"@farmaceuticsbcn","twitter_misc":{"Escrit per":"wpAdminCofbOrg","Temps estimat de lectura":"7 minuts"},"schema":{"@context":"https:\/\/schema.org","@graph":[{"@type":"Article","@id":"https:\/\/novaorg.cofb.net\/2015\/10\/07\/el-cof-de-barcelona-renova-el-portal-de-comunicacio-amb-els-collegiats\/#article","isPartOf":{"@id":"https:\/\/novaorg.cofb.net\/2015\/10\/07\/el-cof-de-barcelona-renova-el-portal-de-comunicacio-amb-els-collegiats\/"},"author":{"name":"wpAdminCofbOrg","@id":"https:\/\/www.cofb.org\/#\/schema\/person\/22ed7eea88da74b0fa4d3154ad87ffcb"},"headline":"El COF de Barcelona renova el portal de comunicaci\u00f3 amb els col\u00b7legiats","datePublished":"2015-10-07T12:28:00+00:00","dateModified":"2015-10-07T12:28:00+00:00","mainEntityOfPage":{"@id":"https:\/\/novaorg.cofb.net\/2015\/10\/07\/el-cof-de-barcelona-renova-el-portal-de-comunicacio-amb-els-collegiats\/"},"wordCount":1478,"publisher":{"@id":"https:\/\/www.cofb.org\/#organization"},"articleSection":["Notes de premsa"],"inLanguage":"ca"},{"@type":"WebPage","@id":"https:\/\/novaorg.cofb.net\/2015\/10\/07\/el-cof-de-barcelona-renova-el-portal-de-comunicacio-amb-els-collegiats\/","url":"https:\/\/novaorg.cofb.net\/2015\/10\/07\/el-cof-de-barcelona-renova-el-portal-de-comunicacio-amb-els-collegiats\/","name":"El COF de Barcelona renova el portal de comunicaci\u00f3 amb els col\u00b7legiats - Col\u00b7legi de Farmac\u00e8utics de Barcelona","isPartOf":{"@id":"https:\/\/www.cofb.org\/#website"},"datePublished":"2015-10-07T12:28:00+00:00","dateModified":"2015-10-07T12:28:00+00:00","breadcrumb":{"@id":"https:\/\/novaorg.cofb.net\/2015\/10\/07\/el-cof-de-barcelona-renova-el-portal-de-comunicacio-amb-els-collegiats\/#breadcrumb"},"inLanguage":"ca","potentialAction":[{"@type":"ReadAction","target":["https:\/\/novaorg.cofb.net\/2015\/10\/07\/el-cof-de-barcelona-renova-el-portal-de-comunicacio-amb-els-collegiats\/"]}]},{"@type":"BreadcrumbList","@id":"https:\/\/novaorg.cofb.net\/2015\/10\/07\/el-cof-de-barcelona-renova-el-portal-de-comunicacio-amb-els-collegiats\/#breadcrumb","itemListElement":[{"@type":"ListItem","position":1,"name":"Inici","item":"https:\/\/novaorg.cofb.net\/"},{"@type":"ListItem","position":2,"name":"El COF de Barcelona renova el portal de comunicaci\u00f3 amb els col\u00b7legiats"}]},{"@type":"WebSite","@id":"https:\/\/www.cofb.org\/#website","url":"https:\/\/www.cofb.org\/","name":"Col\u00b7legi de Farmac\u00e8utics de Barcelona","description":"","publisher":{"@id":"https:\/\/www.cofb.org\/#organization"},"potentialAction":[{"@type":"SearchAction","target":{"@type":"EntryPoint","urlTemplate":"https:\/\/www.cofb.org\/?s={search_term_string}"},"query-input":"required name=search_term_string"}],"inLanguage":"ca"},{"@type":"Organization","@id":"https:\/\/www.cofb.org\/#organization","name":"Col\u00b7legi de Farmac\u00e8utics de Barcelona","url":"https:\/\/www.cofb.org\/","logo":{"@type":"ImageObject","inLanguage":"ca","@id":"https:\/\/www.cofb.org\/#\/schema\/logo\/image\/","url":"https:\/\/www.cofb.org\/wp-content\/uploads\/2023\/11\/cropped-Logotip-COFB.png","contentUrl":"https:\/\/www.cofb.org\/wp-content\/uploads\/2023\/11\/cropped-Logotip-COFB.png","width":500,"height":105,"caption":"Col\u00b7legi de Farmac\u00e8utics de Barcelona"},"image":{"@id":"https:\/\/www.cofb.org\/#\/schema\/logo\/image\/"},"sameAs":["https:\/\/www.facebook.com\/farmaceuticsbcn\/","https:\/\/twitter.com\/farmaceuticsbcn","https:\/\/www.instagram.com\/farmaceuticsbcn\/","https:\/\/www.linkedin.com\/company\/farmaceuticsbcn\/"]},{"@type":"Person","@id":"https:\/\/www.cofb.org\/#\/schema\/person\/22ed7eea88da74b0fa4d3154ad87ffcb","name":"wpAdminCofbOrg","image":{"@type":"ImageObject","inLanguage":"ca","@id":"https:\/\/www.cofb.org\/#\/schema\/person\/image\/","url":"https:\/\/secure.gravatar.com\/avatar\/1721b20b3b8ca882c3b56ec6c978c594fff670e40c0718e9190eaeeb76aae7d8?s=96&d=mm&r=g","contentUrl":"https:\/\/secure.gravatar.com\/avatar\/1721b20b3b8ca882c3b56ec6c978c594fff670e40c0718e9190eaeeb76aae7d8?s=96&d=mm&r=g","caption":"wpAdminCofbOrg"},"sameAs":["http:\/\/192.168.64.122\/wordpress"],"url":"https:\/\/www.cofb.org\/ca\/author\/wpadmincofborg\/"}]}},"uagb_featured_image_src":{"full":false,"thumbnail":false,"medium":false,"medium_large":false,"large":false,"1536x1536":false,"2048x2048":false,"trp-custom-language-flag":false},"uagb_author_info":{"display_name":"wpAdminCofbOrg","author_link":"https:\/\/www.cofb.org\/ca\/author\/wpadmincofborg\/"},"uagb_comment_info":0,"uagb_excerpt":"\u00a0 Entre les caracter\u00edstiques d\u2019aquest espai virtual destaquen la rapidesa, el dinamisme, la major accessibilitat al contingut, en un entorn web responsive, aix\u00ed com la incorporaci\u00f3 d\u2019un innovador sistema de navegaci\u00f3 similar al dels dispositius m\u00f2bils Una de les novetats \u00e9s la secci\u00f3 \u201cActivitat de la farm\u00e0cia\u201d, que agrupa totes [&hellip;]","_links":{"self":[{"href":"https:\/\/www.cofb.org\/ca\/wp-json\/wp\/v2\/posts\/77436","targetHints":{"allow":["GET"]}}],"collection":[{"href":"https:\/\/www.cofb.org\/ca\/wp-json\/wp\/v2\/posts"}],"about":[{"href":"https:\/\/www.cofb.org\/ca\/wp-json\/wp\/v2\/types\/post"}],"author":[{"embeddable":true,"href":"https:\/\/www.cofb.org\/ca\/wp-json\/wp\/v2\/users\/1"}],"replies":[{"embeddable":true,"href":"https:\/\/www.cofb.org\/ca\/wp-json\/wp\/v2\/comments?post=77436"}],"version-history":[{"count":0,"href":"https:\/\/www.cofb.org\/ca\/wp-json\/wp\/v2\/posts\/77436\/revisions"}],"wp:attachment":[{"href":"https:\/\/www.cofb.org\/ca\/wp-json\/wp\/v2\/media?parent=77436"}],"wp:term":[{"taxonomy":"category","embeddable":true,"href":"https:\/\/www.cofb.org\/ca\/wp-json\/wp\/v2\/categories?post=77436"},{"taxonomy":"post_tag","embeddable":true,"href":"https:\/\/www.cofb.org\/ca\/wp-json\/wp\/v2\/tags?post=77436"}],"curies":[{"name":"wp","href":"https:\/\/api.w.org\/{rel}","templated":true}]}}