{"id":77433,"date":"2015-10-30T12:06:00","date_gmt":"2015-10-30T12:06:00","guid":{"rendered":"https:\/\/novaorg.cofb.net\/2015\/10\/30\/la-generalitat-anuncia-als-farmaceutics-que-shan-acabat-els-diners-per-pagar-els-medicaments-2\/"},"modified":"2015-10-30T12:06:00","modified_gmt":"2015-10-30T12:06:00","slug":"la-generalitat-anuncia-als-farmaceutics-que-shan-acabat-els-diners-per-pagar-els-medicaments-2","status":"publish","type":"post","link":"https:\/\/www.cofb.org\/ca\/2015\/10\/30\/la-generalitat-anuncia-als-farmaceutics-que-shan-acabat-els-diners-per-pagar-els-medicaments-2\/","title":{"rendered":"La Generalitat anuncia als farmac\u00e8utics que s&#8217;han acabat els diners per pagar els medicaments"},"content":{"rendered":"<p>\u00a0<\/p>\n<div><strong>Els farmac\u00e8utics catalans denuncien que augmenta la inestabilitat respecte al 2014 despr\u00e9s d\u2019un nou agreujament del deute<\/strong><\/div>\n<ul>\n<li><strong>L\u2019Administraci\u00f3 ja estava pagant els medicaments a 90 dies respecte a la data de factura, amb aquest agreujament no es cobraran fins a 4 mesos despr\u00e9s<\/strong><\/li>\n<li><strong>Si, tal com se\u2019ls ha anunciat, els farmac\u00e8utics no cobren cap factura el proper 5 de novembre, el deute superar\u00e0 els 330 milions d\u2019euros, corresponents als mesos de juliol (121,5M\u20ac), agost (100M\u20ac) i setembre (112,5M\u20ac)<\/strong><\/li>\n<li><strong>Els farmac\u00e8utics denuncien insensibilitat i manca de previsi\u00f3, i apel\u00b7len a la responsabilitat de tots els administradors<\/strong><\/li>\n<\/ul>\n<p class=\"MsoNormal\"><i>Barcelona, 30 d\u2019octubre de 2015.-<\/i><b> <\/b>Les farm\u00e0cies catalanes porten 4 anys havent de suportar retards en el pagament dels medicaments que dispensen, per\u00f2 lluny de millorar amb l\u2019anunciada sortida de la crisi, la inestabilitat el 2015 ha estat superior a la de l\u2019any anterior. Fins ara els f\u00e0rmacs s\u2019estaven pagant amb 90 dies de retard respecte a la data de factura, amb aquest nou agreujament, els farmac\u00e8utics no cobraran els medicaments que han dispensat fins a 4 mesos despr\u00e9s.<span>\u00a0<\/span><\/p>\n<p class=\"MsoListParagraphCxSpMiddle\">L\u2019agreujament es produeix perqu\u00e8, <b>segons anuncia la Generalitat, s\u2019han acabat els fons per pagar els medicaments i no es podr\u00e0 pagar cap factura m\u00e9s fins a l\u2019arribada de fons de finan\u00e7ament extraordinaris<\/b>. Aix\u00f2 vol dir que no es cobrar\u00e0 cap factura ni a final de mes \u2013 que \u00e9s quan s\u2019estava pagant amb l\u2019actual retard-, ni el proper 5 de novembre -data que marca el Concert per al pagament de les factures, amb 35 dies de marge respecte la data de la factura-. <\/p>\n<p class=\"MsoListParagraphCxSpMiddle\">\u00c9s a dir, com el 5 de novembre no es pagaran els medicaments dispensats el mes de setembre (112,5M\u20ac), se sumar\u00e0 a les factures que tenia pendents del juliol (121,5M\u20ac) i agost (100M\u20ac)\u00a0 i el deute superar\u00e0 els 330M\u20ac. \u00a0<\/p>\n<p class=\"MsoListParagraphCxSpMiddle\"><b><u>Els farmac\u00e8utics denuncien la manca de responsabilitat i comprom\u00eds de les Administracions<\/p>\n<p><\/u><\/b><\/p>\n<p class=\"MsoListParagraphCxSpMiddle\"><b>La soluci\u00f3<\/b> que apunten des del Govern <b>arribaria amb l\u2019habilitaci\u00f3 d\u2019un FLA Extraordinari <\/b>per poder fer front al deute. Aquest fons est\u00e0 <b>pendent d\u2019aprovaci\u00f3 per part de la Comissi\u00f3 Delegada del Gobierno para Asuntos Econ\u00f3micos<\/b>. Davant aquesta situaci\u00f3, que ja es va donar el mes d\u2019abril<b>, els farmac\u00e8utics denuncien la manca de responsabilitat i comprom\u00eds de les Administracions per garantir el pagament dels medicaments i reclamen <\/b>que es planifiqui adequadament amb l\u2019elaboraci\u00f3 de<b> pressupostos realistes<\/b>.<\/p>\n<p class=\"MsoListParagraphCxSpMiddle\"><b>\u201c\u00c9s necessari arribar a l\u00edmits de 3 i 4 mesos de retard per despr\u00e9s tornar enrere? I que aquesta situaci\u00f3 es torni a repetir fins a 2 o 3 vegades en un any?<\/b> En un pa\u00eds on presumim de tenir un sistema de salut d\u2019excel\u00b7l\u00e8ncia, <b>\u00e9s inexplicable que siguin els professionals sanitaris els qui han de garantir l\u2019acc\u00e9s als medicaments perqu\u00e8 les Administracions no compleixen amb les seves responsabilitats<\/b>\u201d, denuncia Jordi de Dalmases, president del Consell de Col\u00b7legis Farmac\u00e8utics de Catalunya.<\/p>\n<p class=\"MsoNormal\">\u201cEl <b>medicament <\/b>\u00a0no \u00e9s un b\u00e9 de consum, <b>t\u00e9 un valor essencial per a la salut de la poblaci\u00f3, i correspon exclusivament a l\u2019Administraci\u00f3 el seu finan\u00e7ament,<\/b> <b>sent la comesa de les farm\u00e0cies dispensar-lo al pacient. Aquestes han complert amb la seva responsabilitat, mentre que l\u2019Administraci\u00f3 no ho fa d\u2019igual forma\u201d<\/b>, afegeix Antoni Torres, president de la Federaci\u00f3 d\u2019Associacions de Farm\u00e0cies de Catalunya. <\/p>\n<p class=\"MsoListParagraphCxSpFirst\"><b><u>M\u00e9s inestabilitat que al 2014 <\/p>\n<p><\/u><\/b><\/p>\n<p class=\"MsoListParagraphCxSpMiddle\">A m\u00e9s de no haver cobrat mai quan tocava durant els 4 anys que els farmac\u00e8utics porten patint retards en el pagament, <b>el deute s\u2019agreuja peri\u00f2dicament<\/b>. En els \u00faltims dotze mesos el volum de factures de medicaments dispensats i sense pagar ha fluctuat fins a tres vegades: al <b>setembre<\/b> de 2014 va passar d\u2019<b>1 a 2<\/b> mesos acumulats; al <b>febrer<\/b>, s\u2019agreuja <b>de 2 a 3; <\/b>el mes d\u2019<b>abril<\/b> <b>torna<\/b> a ser de <b>dos<\/b> mesos despr\u00e9s de l\u2019arribada d\u2019un FLA extraordinari, i amb l\u2019impagament d\u2019octubre, el 5 de novembre de 2015 <b>tornar\u00e0 a incrementar-se fins a 3<\/b>. <b><u>Aquestes fluctuacions no s\u00f3n noves, de fet es produeixen des de 2011, per\u00f2 lluny de millorar, en el 2015 han augmentat respecte l\u2019any anterior<\/u><\/b>. <\/p>\n<p class=\"MsoListParagraphCxSpMiddle\">De fet, nom\u00e9s 2013 va ser pitjor. A la resta d\u2019exercicis, l\u2019Administraci\u00f3 anunciava falta de liquiditat a la tardor, coincidint amb el segon semestre de l\u2019any, enguany s\u2019ha produ\u00eft ja en dues ocasions, a inicis del primer semestre (febrer) i al segon (octubre). Davant aquesta situaci\u00f3 queda pal\u00e8s que, en lloc de millorar, els retards es mantenen i fins i tot incrementen els punts de crisi:\u00a0 <\/p>\n<p class=\"MsoListParagraphCxSpMiddle\">2011, tardor: 1 mes de retard en el pagament dels medicaments. <\/p>\n<p class=\"MsoListParagraphCxSpMiddle\">2012, tardor: s\u2019incrementa a 2 mesos de retard.<\/p>\n<p class=\"MsoListParagraphCxSpMiddle\">2013: s\u2019arrosseguen 2 factures sense pagar i se sumen les de maig i setembre de 2013. R\u00e8cord de 4 mesos de deute. Al novembre i despr\u00e9s de m\u00faltiples protestes, arriben diners del Mecanisme de Pagament a Prove\u00efdors.<\/p>\n<p class=\"MsoListParagraphCxSpMiddle\">2014: comen\u00e7a amb retard de 2 mesos. Al juliol es redueix a 1 amb l\u2019arribada d\u2019un FLA extraordinari. Al setembre torna a augmentar a 2.<span>\u00a0<\/span><\/p>\n<p class=\"MsoListParagraphCxSpMiddle\">2015:\u00a0comen\u00e7a amb 2 mesos de retard, al febrer s\u2019incrementa a 3. Abril: arriba un FLA, torna a ser de 2 mesos. Novembre: torna a incrementar-se en 3.<\/p>\n<p class=\"MsoListParagraphCxSpMiddle\">Aquests daltabaixos porten a qu\u00e8 els farmac\u00e8utics tamb\u00e9 denunci\u00efn manca de previsi\u00f3 i insensibilitat cap als prove\u00efdors sanitaris que han de fer-hi front, m\u00e9s enll\u00e0 de reclamar que els medicaments siguin una prioritat per a qualsevol Administraci\u00f3.<\/p>\n<p class=\"MsoListParagraphCxSpMiddle\"><strong>Per a m\u00e9s informaci\u00f3: <\/strong><br \/>Consell de Col\u00b7legis Farmac\u00e8utics de Catalunya (CCFC) <br \/>Tel\u00e8fon: 93 244 07 28 \/ 18 <br \/>premsa@cofb.net <\/p>\n<p>FEFAC<br \/>Tel\u00e8fon: 93 323 24 22<br \/>lgallardo@fefac.cat <br \/>\u00a0<\/p>\n<p class=\"MsoListParagraphCxSpMiddle\"><strong>ANNEX: PUNTS D\u2019INFLEXI\u00d3 EN ELS DARRERS 12 MESOS<\/strong><\/p>\n<p class=\"MsoListParagraphCxSpMiddle\"><strong><img fetchpriority=\"high\" decoding=\"async\" src=\"https:\/\/www.cofb.org\/image\/image_gallery?uuid=98ac1ec6-0121-4c02-9f39-eccc1215b3d2&amp;groupId=10136&amp;t=1446203618311\" width=\"575\" height=\"278\" alt=\"\"><\/strong><\/p>\n<p class=\"MsoListParagraphCxSpMiddle\">\u00a0<\/p>\n<p class=\"MsoListParagraphCxSpMiddle\"><!--[if !supportLists]--><span>\u00b7<span>\u00a0 \u00a0<\/span><\/span><\/p>\n<p>\u00a0Els farmac\u00e8utics catalans denuncien que augmenta la inestabilitat respecte al 2014 despr\u00e9s d\u2019un nou agreujament del deuteL\u2019Administraci\u00f3 ja estava pagant els medicaments a 90 dies respecte a la data de factura, amb aquest agreujament no es cobraran fins a 4 mesos despr\u00e9sSi, tal com se\u2019ls ha anunciat, els farmac\u00e8utics no cobren cap factura el proper 5 de novembre, el deute superar\u00e0 els 330 milions d\u2019euros, corresponents als mesos de juliol (121,5M\u20ac), agost (100M\u20ac) i setembre (112,5M\u20ac)Els farmac\u00e8utics denuncien insensibilitat i manca de previsi\u00f3, i apel\u00b7len a la responsabilitat de tots els administradorsBarcelona, 30 d\u2019octubre de 2015.- Les farm\u00e0cies catalanes porten 4 anys havent de suportar retards en el pagament dels medicaments que dispensen, per\u00f2 lluny de millorar amb l\u2019anunciada sortida de la crisi, la inestabilitat el 2015 ha estat superior a la de l\u2019any anterior. Fins ara els f\u00e0rmacs s\u2019estaven pagant amb 90 dies de retard respecte a la data de factura, amb aquest nou agreujament, els farmac\u00e8utics no cobraran els medicaments que han dispensat fins a 4 mesos despr\u00e9s.\u00a0  L\u2019agreujament es produeix perqu\u00e8, segons anuncia la Generalitat, s\u2019han acabat els fons per pagar els medicaments i no es podr\u00e0 pagar cap factura m\u00e9s fins a l\u2019arribada de fons de finan\u00e7ament extraordinaris. Aix\u00f2 vol dir que no es cobrar\u00e0 cap factura ni a final de mes \u2013 que \u00e9s quan s\u2019estava pagant amb l\u2019actual retard-, ni el proper 5 de novembre -data que marca el Concert per al pagament de les factures, amb 35 dies de marge respecte la data de la factura-.   \u00c9s a dir, com el 5 de novembre no es pagaran els medicaments dispensats el mes de setembre (112,5M\u20ac), se sumar\u00e0 a les factures que tenia pendents del juliol (121,5M\u20ac) i agost (100M\u20ac)\u00a0 i el deute superar\u00e0 els 330M\u20ac. \u00a0  Els farmac\u00e8utics denuncien la manca de responsabilitat i comprom\u00eds de les Administracions    La soluci\u00f3 que apunten des del Govern arribaria amb l\u2019habilitaci\u00f3 d\u2019un FLA Extraordinari per poder fer front al deute. Aquest fons est\u00e0 pendent d\u2019aprovaci\u00f3 per part de la Comissi\u00f3 Delegada del Gobierno para Asuntos Econ\u00f3micos. Davant aquesta situaci\u00f3, que ja es va donar el mes d\u2019abril, els farmac\u00e8utics denuncien la manca de responsabilitat i comprom\u00eds de les Administracions per garantir el pagament dels medicaments i reclamen que es planifiqui adequadament amb l\u2019elaboraci\u00f3 de pressupostos realistes.    \u201c\u00c9s necessari arribar a l\u00edmits de 3 i 4 mesos de retard per despr\u00e9s tornar enrere? I que aquesta situaci\u00f3 es torni a repetir fins a 2 o 3 vegades en un any? En un pa\u00eds on presumim de tenir un sistema de salut d\u2019excel\u00b7l\u00e8ncia, \u00e9s inexplicable que siguin els professionals sanitaris els qui han de garantir l\u2019acc\u00e9s als medicaments perqu\u00e8 les Administracions no compleixen amb les seves responsabilitats\u201d, denuncia Jordi de Dalmases, president del Consell de Col\u00b7legis Farmac\u00e8utics de Catalunya.    \u201cEl medicament \u00a0no \u00e9s un b\u00e9 de consum, t\u00e9 un valor essencial per a la salut de la poblaci\u00f3, i correspon exclusivament a l\u2019Administraci\u00f3 el seu finan\u00e7ament, sent la comesa de les farm\u00e0cies dispensar-lo al pacient. Aquestes han complert amb la seva responsabilitat, mentre que l\u2019Administraci\u00f3 no ho fa d\u2019igual forma\u201d, afegeix Antoni Torres, president de la Federaci\u00f3 d\u2019Associacions de Farm\u00e0cies de Catalunya.   M\u00e9s inestabilitat que al 2014     A m\u00e9s de no haver cobrat mai quan tocava durant els 4 anys que els farmac\u00e8utics porten patint retards en el pagament, el deute s\u2019agreuja peri\u00f2dicament. En els \u00faltims dotze mesos el volum de factures de medicaments dispensats i sense pagar ha fluctuat fins a tres vegades: al setembre de 2014 va passar d\u20191 a 2 mesos acumulats; al febrer, s\u2019agreuja de 2 a 3; el mes d\u2019abril torna a ser de dos mesos despr\u00e9s de l\u2019arribada d\u2019un FLA extraordinari, i amb l\u2019impagament d\u2019octubre, el 5 de novembre de 2015 tornar\u00e0 a incrementar-se fins a 3. Aquestes fluctuacions no s\u00f3n noves, de fet es produeixen des de 2011, per\u00f2 lluny de millorar, en el 2015 han augmentat respecte l\u2019any anterior.   De fet, nom\u00e9s 2013 va ser pitjor. A la resta d\u2019exercicis, l\u2019Administraci\u00f3 anunciava falta de liquiditat a la tardor, coincidint amb el segon semestre de l\u2019any, enguany s\u2019ha produ\u00eft ja en dues ocasions, a inicis del primer semestre (febrer) i al segon (octubre). Davant aquesta situaci\u00f3 queda pal\u00e8s que, en lloc de millorar, els retards es mantenen i fins i tot incrementen els punts de crisi:\u00a0     2011, tardor: 1 mes de retard en el pagament dels medicaments.     2012, tardor: s\u2019incrementa a 2 mesos de retard.    2013: s\u2019arrosseguen 2 factures sense pagar i se sumen les de maig i setembre de 2013. R\u00e8cord de 4 mesos de deute. Al novembre i despr\u00e9s de m\u00faltiples protestes, arriben diners del Mecanisme de Pagament a Prove\u00efdors.    2014: comen\u00e7a amb retard de 2 mesos. Al juliol es redueix a 1 amb l\u2019arribada d\u2019un FLA extraordinari. Al setembre torna a augmentar a 2.\u00a02015:\u00a0comen\u00e7a amb 2 mesos de retard, al febrer s\u2019incrementa a 3. Abril: arriba un FLA, torna a ser de 2 mesos. Novembre: torna a incrementar-se en 3.Aquests daltabaixos porten a qu\u00e8 els farmac\u00e8utics tamb\u00e9 denunci\u00efn manca de previsi\u00f3 i insensibilitat cap als prove\u00efdors sanitaris que han de fer-hi front, m\u00e9s enll\u00e0 de reclamar que els medicaments siguin una prioritat per a qualsevol Administraci\u00f3.Per a m\u00e9s informaci\u00f3: Consell de Col\u00b7legis Farmac\u00e8utics de Catalunya (CCFC) Tel\u00e8fon: 93 244 07 28 \/ 18 premsa@cofb.net  FEFACTel\u00e8fon: 93 323 24 22lgallardo@fefac.cat \u00a0ANNEX: PUNTS D\u2019INFLEXI\u00d3 EN ELS DARRERS 12 MESOS\u00a0  \u00b7\u00a0 \u00a0\u00a0\u00a0COFB.ORG<\/p>\n","protected":false},"excerpt":{"rendered":"<p>\u00a0 Els farmac\u00e8utics catalans denuncien que augmenta la inestabilitat respecte al 2014 despr\u00e9s d\u2019un nou agreujament del deute L\u2019Administraci\u00f3 ja estava pagant els medicaments a 90 dies respecte a la data de factura, amb aquest agreujament no es cobraran fins a 4 mesos despr\u00e9s Si, tal com se\u2019ls ha anunciat, [&hellip;]<\/p>\n","protected":false},"author":1,"featured_media":77434,"comment_status":"","ping_status":"","sticky":false,"template":"","format":"standard","meta":{"_uag_custom_page_level_css":"","site-sidebar-layout":"default","site-content-layout":"","ast-site-content-layout":"default","site-content-style":"default","site-sidebar-style":"default","ast-global-header-display":"","ast-banner-title-visibility":"","ast-main-header-display":"","ast-hfb-above-header-display":"","ast-hfb-below-header-display":"","ast-hfb-mobile-header-display":"","site-post-title":"","ast-breadcrumbs-content":"","ast-featured-img":"disabled","footer-sml-layout":"","theme-transparent-header-meta":"","adv-header-id-meta":"","stick-header-meta":"","header-above-stick-meta":"","header-main-stick-meta":"","header-below-stick-meta":"","astra-migrate-meta-layouts":"default","ast-page-background-enabled":"default","ast-page-background-meta":{"desktop":{"background-color":"var(--ast-global-color-4)","background-image":"","background-repeat":"repeat","background-position":"center center","background-size":"auto","background-attachment":"scroll","background-type":"","background-media":"","overlay-type":"","overlay-color":"","overlay-opacity":"","overlay-gradient":""},"tablet":{"background-color":"","background-image":"","background-repeat":"repeat","background-position":"center center","background-size":"auto","background-attachment":"scroll","background-type":"","background-media":"","overlay-type":"","overlay-color":"","overlay-opacity":"","overlay-gradient":""},"mobile":{"background-color":"","background-image":"","background-repeat":"repeat","background-position":"center center","background-size":"auto","background-attachment":"scroll","background-type":"","background-media":"","overlay-type":"","overlay-color":"","overlay-opacity":"","overlay-gradient":""}},"ast-content-background-meta":{"desktop":{"background-color":"var(--ast-global-color-5)","background-image":"","background-repeat":"repeat","background-position":"center center","background-size":"auto","background-attachment":"scroll","background-type":"","background-media":"","overlay-type":"","overlay-color":"","overlay-opacity":"","overlay-gradient":""},"tablet":{"background-color":"var(--ast-global-color-5)","background-image":"","background-repeat":"repeat","background-position":"center center","background-size":"auto","background-attachment":"scroll","background-type":"","background-media":"","overlay-type":"","overlay-color":"","overlay-opacity":"","overlay-gradient":""},"mobile":{"background-color":"var(--ast-global-color-5)","background-image":"","background-repeat":"repeat","background-position":"center center","background-size":"auto","background-attachment":"scroll","background-type":"","background-media":"","overlay-type":"","overlay-color":"","overlay-opacity":"","overlay-gradient":""}},"footnotes":""},"categories":[1060,1066],"tags":[],"class_list":["post-77433","post","type-post","status-publish","format-standard","has-post-thumbnail","hentry","category-notes-premsa","category-sense-categoria-ca"],"yoast_head":"<!-- This site is optimized with the Yoast SEO plugin v22.4 - https:\/\/yoast.com\/wordpress\/plugins\/seo\/ -->\n<title>La Generalitat anuncia als farmac\u00e8utics que s&#039;han acabat els diners per pagar els medicaments - Col\u00b7legi de Farmac\u00e8utics de Barcelona<\/title>\n<meta name=\"robots\" content=\"index, follow, max-snippet:-1, max-image-preview:large, max-video-preview:-1\" \/>\n<link rel=\"canonical\" href=\"https:\/\/novaorg.cofb.net\/2015\/10\/30\/la-generalitat-anuncia-als-farmaceutics-que-shan-acabat-els-diners-per-pagar-els-medicaments-2\/\" \/>\n<meta property=\"og:locale\" content=\"ca_ES\" \/>\n<meta property=\"og:type\" content=\"article\" \/>\n<meta property=\"og:title\" content=\"La Generalitat anuncia als farmac\u00e8utics que s&#039;han acabat els diners per pagar els medicaments - Col\u00b7legi de Farmac\u00e8utics de Barcelona\" \/>\n<meta property=\"og:description\" content=\"\u00a0 Els farmac\u00e8utics catalans denuncien que augmenta la inestabilitat respecte al 2014 despr\u00e9s d\u2019un nou agreujament del deute L\u2019Administraci\u00f3 ja estava pagant els medicaments a 90 dies respecte a la data de factura, amb aquest agreujament no es cobraran fins a 4 mesos despr\u00e9s Si, tal com se\u2019ls ha anunciat, [&hellip;]\" \/>\n<meta property=\"og:url\" content=\"https:\/\/novaorg.cofb.net\/2015\/10\/30\/la-generalitat-anuncia-als-farmaceutics-que-shan-acabat-els-diners-per-pagar-els-medicaments-2\/\" \/>\n<meta property=\"og:site_name\" content=\"Col\u00b7legi de Farmac\u00e8utics de Barcelona\" \/>\n<meta property=\"article:publisher\" content=\"https:\/\/www.facebook.com\/farmaceuticsbcn\/\" \/>\n<meta property=\"article:published_time\" content=\"2015-10-30T12:06:00+00:00\" \/>\n<meta property=\"og:image\" content=\"https:\/\/novaorg.cofb.net\/wp-content\/uploads\/2015\/10\/image_gallery-M38bxs.jpeg\" \/>\n\t<meta property=\"og:image:width\" content=\"1679\" \/>\n\t<meta property=\"og:image:height\" content=\"813\" \/>\n\t<meta property=\"og:image:type\" content=\"image\/jpeg\" \/>\n<meta name=\"author\" content=\"wpAdminCofbOrg\" \/>\n<meta name=\"twitter:card\" content=\"summary_large_image\" \/>\n<meta name=\"twitter:creator\" content=\"@farmaceuticsbcn\" \/>\n<meta name=\"twitter:site\" content=\"@farmaceuticsbcn\" \/>\n<meta name=\"twitter:label1\" content=\"Escrit per\" \/>\n\t<meta name=\"twitter:data1\" content=\"wpAdminCofbOrg\" \/>\n\t<meta name=\"twitter:label2\" content=\"Temps estimat de lectura\" \/>\n\t<meta name=\"twitter:data2\" content=\"9 minuts\" \/>\n<script type=\"application\/ld+json\" class=\"yoast-schema-graph\">{\"@context\":\"https:\/\/schema.org\",\"@graph\":[{\"@type\":\"Article\",\"@id\":\"https:\/\/novaorg.cofb.net\/2015\/10\/30\/la-generalitat-anuncia-als-farmaceutics-que-shan-acabat-els-diners-per-pagar-els-medicaments-2\/#article\",\"isPartOf\":{\"@id\":\"https:\/\/novaorg.cofb.net\/2015\/10\/30\/la-generalitat-anuncia-als-farmaceutics-que-shan-acabat-els-diners-per-pagar-els-medicaments-2\/\"},\"author\":{\"name\":\"wpAdminCofbOrg\",\"@id\":\"https:\/\/www.cofb.org\/#\/schema\/person\/22ed7eea88da74b0fa4d3154ad87ffcb\"},\"headline\":\"La Generalitat anuncia als farmac\u00e8utics que s&#8217;han acabat els diners per pagar els medicaments\",\"datePublished\":\"2015-10-30T12:06:00+00:00\",\"dateModified\":\"2015-10-30T12:06:00+00:00\",\"mainEntityOfPage\":{\"@id\":\"https:\/\/novaorg.cofb.net\/2015\/10\/30\/la-generalitat-anuncia-als-farmaceutics-que-shan-acabat-els-diners-per-pagar-els-medicaments-2\/\"},\"wordCount\":1889,\"publisher\":{\"@id\":\"https:\/\/www.cofb.org\/#organization\"},\"image\":{\"@id\":\"https:\/\/novaorg.cofb.net\/2015\/10\/30\/la-generalitat-anuncia-als-farmaceutics-que-shan-acabat-els-diners-per-pagar-els-medicaments-2\/#primaryimage\"},\"thumbnailUrl\":\"https:\/\/www.cofb.org\/wp-content\/uploads\/2015\/10\/image_gallery-M38bxs.jpeg\",\"articleSection\":[\"Notes de premsa\"],\"inLanguage\":\"ca\"},{\"@type\":\"WebPage\",\"@id\":\"https:\/\/novaorg.cofb.net\/2015\/10\/30\/la-generalitat-anuncia-als-farmaceutics-que-shan-acabat-els-diners-per-pagar-els-medicaments-2\/\",\"url\":\"https:\/\/novaorg.cofb.net\/2015\/10\/30\/la-generalitat-anuncia-als-farmaceutics-que-shan-acabat-els-diners-per-pagar-els-medicaments-2\/\",\"name\":\"La Generalitat anuncia als farmac\u00e8utics que s'han acabat els diners per pagar els medicaments - Col\u00b7legi de Farmac\u00e8utics de Barcelona\",\"isPartOf\":{\"@id\":\"https:\/\/www.cofb.org\/#website\"},\"primaryImageOfPage\":{\"@id\":\"https:\/\/novaorg.cofb.net\/2015\/10\/30\/la-generalitat-anuncia-als-farmaceutics-que-shan-acabat-els-diners-per-pagar-els-medicaments-2\/#primaryimage\"},\"image\":{\"@id\":\"https:\/\/novaorg.cofb.net\/2015\/10\/30\/la-generalitat-anuncia-als-farmaceutics-que-shan-acabat-els-diners-per-pagar-els-medicaments-2\/#primaryimage\"},\"thumbnailUrl\":\"https:\/\/www.cofb.org\/wp-content\/uploads\/2015\/10\/image_gallery-M38bxs.jpeg\",\"datePublished\":\"2015-10-30T12:06:00+00:00\",\"dateModified\":\"2015-10-30T12:06:00+00:00\",\"breadcrumb\":{\"@id\":\"https:\/\/novaorg.cofb.net\/2015\/10\/30\/la-generalitat-anuncia-als-farmaceutics-que-shan-acabat-els-diners-per-pagar-els-medicaments-2\/#breadcrumb\"},\"inLanguage\":\"ca\",\"potentialAction\":[{\"@type\":\"ReadAction\",\"target\":[\"https:\/\/novaorg.cofb.net\/2015\/10\/30\/la-generalitat-anuncia-als-farmaceutics-que-shan-acabat-els-diners-per-pagar-els-medicaments-2\/\"]}]},{\"@type\":\"ImageObject\",\"inLanguage\":\"ca\",\"@id\":\"https:\/\/novaorg.cofb.net\/2015\/10\/30\/la-generalitat-anuncia-als-farmaceutics-que-shan-acabat-els-diners-per-pagar-els-medicaments-2\/#primaryimage\",\"url\":\"https:\/\/www.cofb.org\/wp-content\/uploads\/2015\/10\/image_gallery-M38bxs.jpeg\",\"contentUrl\":\"https:\/\/www.cofb.org\/wp-content\/uploads\/2015\/10\/image_gallery-M38bxs.jpeg\",\"width\":1679,\"height\":813},{\"@type\":\"BreadcrumbList\",\"@id\":\"https:\/\/novaorg.cofb.net\/2015\/10\/30\/la-generalitat-anuncia-als-farmaceutics-que-shan-acabat-els-diners-per-pagar-els-medicaments-2\/#breadcrumb\",\"itemListElement\":[{\"@type\":\"ListItem\",\"position\":1,\"name\":\"Inici\",\"item\":\"https:\/\/novaorg.cofb.net\/\"},{\"@type\":\"ListItem\",\"position\":2,\"name\":\"La Generalitat anuncia als farmac\u00e8utics que s&#8217;han acabat els diners per pagar els medicaments\"}]},{\"@type\":\"WebSite\",\"@id\":\"https:\/\/www.cofb.org\/#website\",\"url\":\"https:\/\/www.cofb.org\/\",\"name\":\"Col\u00b7legi de Farmac\u00e8utics de Barcelona\",\"description\":\"\",\"publisher\":{\"@id\":\"https:\/\/www.cofb.org\/#organization\"},\"potentialAction\":[{\"@type\":\"SearchAction\",\"target\":{\"@type\":\"EntryPoint\",\"urlTemplate\":\"https:\/\/www.cofb.org\/?s={search_term_string}\"},\"query-input\":\"required name=search_term_string\"}],\"inLanguage\":\"ca\"},{\"@type\":\"Organization\",\"@id\":\"https:\/\/www.cofb.org\/#organization\",\"name\":\"Col\u00b7legi de Farmac\u00e8utics de Barcelona\",\"url\":\"https:\/\/www.cofb.org\/\",\"logo\":{\"@type\":\"ImageObject\",\"inLanguage\":\"ca\",\"@id\":\"https:\/\/www.cofb.org\/#\/schema\/logo\/image\/\",\"url\":\"https:\/\/www.cofb.org\/wp-content\/uploads\/2023\/11\/cropped-Logotip-COFB.png\",\"contentUrl\":\"https:\/\/www.cofb.org\/wp-content\/uploads\/2023\/11\/cropped-Logotip-COFB.png\",\"width\":500,\"height\":105,\"caption\":\"Col\u00b7legi de Farmac\u00e8utics de Barcelona\"},\"image\":{\"@id\":\"https:\/\/www.cofb.org\/#\/schema\/logo\/image\/\"},\"sameAs\":[\"https:\/\/www.facebook.com\/farmaceuticsbcn\/\",\"https:\/\/twitter.com\/farmaceuticsbcn\",\"https:\/\/www.instagram.com\/farmaceuticsbcn\/\",\"https:\/\/www.linkedin.com\/company\/farmaceuticsbcn\/\"]},{\"@type\":\"Person\",\"@id\":\"https:\/\/www.cofb.org\/#\/schema\/person\/22ed7eea88da74b0fa4d3154ad87ffcb\",\"name\":\"wpAdminCofbOrg\",\"image\":{\"@type\":\"ImageObject\",\"inLanguage\":\"ca\",\"@id\":\"https:\/\/www.cofb.org\/#\/schema\/person\/image\/\",\"url\":\"https:\/\/secure.gravatar.com\/avatar\/1721b20b3b8ca882c3b56ec6c978c594fff670e40c0718e9190eaeeb76aae7d8?s=96&d=mm&r=g\",\"contentUrl\":\"https:\/\/secure.gravatar.com\/avatar\/1721b20b3b8ca882c3b56ec6c978c594fff670e40c0718e9190eaeeb76aae7d8?s=96&d=mm&r=g\",\"caption\":\"wpAdminCofbOrg\"},\"sameAs\":[\"http:\/\/192.168.64.122\/wordpress\"],\"url\":\"https:\/\/www.cofb.org\/ca\/author\/wpadmincofborg\/\"}]}<\/script>\n<!-- \/ Yoast SEO plugin. -->","yoast_head_json":{"title":"La Generalitat anuncia als farmac\u00e8utics que s'han acabat els diners per pagar els medicaments - Col\u00b7legi de Farmac\u00e8utics de Barcelona","robots":{"index":"index","follow":"follow","max-snippet":"max-snippet:-1","max-image-preview":"max-image-preview:large","max-video-preview":"max-video-preview:-1"},"canonical":"https:\/\/novaorg.cofb.net\/2015\/10\/30\/la-generalitat-anuncia-als-farmaceutics-que-shan-acabat-els-diners-per-pagar-els-medicaments-2\/","og_locale":"ca_ES","og_type":"article","og_title":"La Generalitat anuncia als farmac\u00e8utics que s'han acabat els diners per pagar els medicaments - Col\u00b7legi de Farmac\u00e8utics de Barcelona","og_description":"\u00a0 Els farmac\u00e8utics catalans denuncien que augmenta la inestabilitat respecte al 2014 despr\u00e9s d\u2019un nou agreujament del deute L\u2019Administraci\u00f3 ja estava pagant els medicaments a 90 dies respecte a la data de factura, amb aquest agreujament no es cobraran fins a 4 mesos despr\u00e9s Si, tal com se\u2019ls ha anunciat, [&hellip;]","og_url":"https:\/\/novaorg.cofb.net\/2015\/10\/30\/la-generalitat-anuncia-als-farmaceutics-que-shan-acabat-els-diners-per-pagar-els-medicaments-2\/","og_site_name":"Col\u00b7legi de Farmac\u00e8utics de Barcelona","article_publisher":"https:\/\/www.facebook.com\/farmaceuticsbcn\/","article_published_time":"2015-10-30T12:06:00+00:00","og_image":[{"width":1679,"height":813,"url":"https:\/\/novaorg.cofb.net\/wp-content\/uploads\/2015\/10\/image_gallery-M38bxs.jpeg","type":"image\/jpeg"}],"author":"wpAdminCofbOrg","twitter_card":"summary_large_image","twitter_creator":"@farmaceuticsbcn","twitter_site":"@farmaceuticsbcn","twitter_misc":{"Escrit per":"wpAdminCofbOrg","Temps estimat de lectura":"9 minuts"},"schema":{"@context":"https:\/\/schema.org","@graph":[{"@type":"Article","@id":"https:\/\/novaorg.cofb.net\/2015\/10\/30\/la-generalitat-anuncia-als-farmaceutics-que-shan-acabat-els-diners-per-pagar-els-medicaments-2\/#article","isPartOf":{"@id":"https:\/\/novaorg.cofb.net\/2015\/10\/30\/la-generalitat-anuncia-als-farmaceutics-que-shan-acabat-els-diners-per-pagar-els-medicaments-2\/"},"author":{"name":"wpAdminCofbOrg","@id":"https:\/\/www.cofb.org\/#\/schema\/person\/22ed7eea88da74b0fa4d3154ad87ffcb"},"headline":"La Generalitat anuncia als farmac\u00e8utics que s&#8217;han acabat els diners per pagar els medicaments","datePublished":"2015-10-30T12:06:00+00:00","dateModified":"2015-10-30T12:06:00+00:00","mainEntityOfPage":{"@id":"https:\/\/novaorg.cofb.net\/2015\/10\/30\/la-generalitat-anuncia-als-farmaceutics-que-shan-acabat-els-diners-per-pagar-els-medicaments-2\/"},"wordCount":1889,"publisher":{"@id":"https:\/\/www.cofb.org\/#organization"},"image":{"@id":"https:\/\/novaorg.cofb.net\/2015\/10\/30\/la-generalitat-anuncia-als-farmaceutics-que-shan-acabat-els-diners-per-pagar-els-medicaments-2\/#primaryimage"},"thumbnailUrl":"https:\/\/www.cofb.org\/wp-content\/uploads\/2015\/10\/image_gallery-M38bxs.jpeg","articleSection":["Notes de premsa"],"inLanguage":"ca"},{"@type":"WebPage","@id":"https:\/\/novaorg.cofb.net\/2015\/10\/30\/la-generalitat-anuncia-als-farmaceutics-que-shan-acabat-els-diners-per-pagar-els-medicaments-2\/","url":"https:\/\/novaorg.cofb.net\/2015\/10\/30\/la-generalitat-anuncia-als-farmaceutics-que-shan-acabat-els-diners-per-pagar-els-medicaments-2\/","name":"La Generalitat anuncia als farmac\u00e8utics que s'han acabat els diners per pagar els medicaments - Col\u00b7legi de Farmac\u00e8utics de Barcelona","isPartOf":{"@id":"https:\/\/www.cofb.org\/#website"},"primaryImageOfPage":{"@id":"https:\/\/novaorg.cofb.net\/2015\/10\/30\/la-generalitat-anuncia-als-farmaceutics-que-shan-acabat-els-diners-per-pagar-els-medicaments-2\/#primaryimage"},"image":{"@id":"https:\/\/novaorg.cofb.net\/2015\/10\/30\/la-generalitat-anuncia-als-farmaceutics-que-shan-acabat-els-diners-per-pagar-els-medicaments-2\/#primaryimage"},"thumbnailUrl":"https:\/\/www.cofb.org\/wp-content\/uploads\/2015\/10\/image_gallery-M38bxs.jpeg","datePublished":"2015-10-30T12:06:00+00:00","dateModified":"2015-10-30T12:06:00+00:00","breadcrumb":{"@id":"https:\/\/novaorg.cofb.net\/2015\/10\/30\/la-generalitat-anuncia-als-farmaceutics-que-shan-acabat-els-diners-per-pagar-els-medicaments-2\/#breadcrumb"},"inLanguage":"ca","potentialAction":[{"@type":"ReadAction","target":["https:\/\/novaorg.cofb.net\/2015\/10\/30\/la-generalitat-anuncia-als-farmaceutics-que-shan-acabat-els-diners-per-pagar-els-medicaments-2\/"]}]},{"@type":"ImageObject","inLanguage":"ca","@id":"https:\/\/novaorg.cofb.net\/2015\/10\/30\/la-generalitat-anuncia-als-farmaceutics-que-shan-acabat-els-diners-per-pagar-els-medicaments-2\/#primaryimage","url":"https:\/\/www.cofb.org\/wp-content\/uploads\/2015\/10\/image_gallery-M38bxs.jpeg","contentUrl":"https:\/\/www.cofb.org\/wp-content\/uploads\/2015\/10\/image_gallery-M38bxs.jpeg","width":1679,"height":813},{"@type":"BreadcrumbList","@id":"https:\/\/novaorg.cofb.net\/2015\/10\/30\/la-generalitat-anuncia-als-farmaceutics-que-shan-acabat-els-diners-per-pagar-els-medicaments-2\/#breadcrumb","itemListElement":[{"@type":"ListItem","position":1,"name":"Inici","item":"https:\/\/novaorg.cofb.net\/"},{"@type":"ListItem","position":2,"name":"La Generalitat anuncia als farmac\u00e8utics que s&#8217;han acabat els diners per pagar els medicaments"}]},{"@type":"WebSite","@id":"https:\/\/www.cofb.org\/#website","url":"https:\/\/www.cofb.org\/","name":"Col\u00b7legi de Farmac\u00e8utics de Barcelona","description":"","publisher":{"@id":"https:\/\/www.cofb.org\/#organization"},"potentialAction":[{"@type":"SearchAction","target":{"@type":"EntryPoint","urlTemplate":"https:\/\/www.cofb.org\/?s={search_term_string}"},"query-input":"required name=search_term_string"}],"inLanguage":"ca"},{"@type":"Organization","@id":"https:\/\/www.cofb.org\/#organization","name":"Col\u00b7legi de Farmac\u00e8utics de Barcelona","url":"https:\/\/www.cofb.org\/","logo":{"@type":"ImageObject","inLanguage":"ca","@id":"https:\/\/www.cofb.org\/#\/schema\/logo\/image\/","url":"https:\/\/www.cofb.org\/wp-content\/uploads\/2023\/11\/cropped-Logotip-COFB.png","contentUrl":"https:\/\/www.cofb.org\/wp-content\/uploads\/2023\/11\/cropped-Logotip-COFB.png","width":500,"height":105,"caption":"Col\u00b7legi de Farmac\u00e8utics de Barcelona"},"image":{"@id":"https:\/\/www.cofb.org\/#\/schema\/logo\/image\/"},"sameAs":["https:\/\/www.facebook.com\/farmaceuticsbcn\/","https:\/\/twitter.com\/farmaceuticsbcn","https:\/\/www.instagram.com\/farmaceuticsbcn\/","https:\/\/www.linkedin.com\/company\/farmaceuticsbcn\/"]},{"@type":"Person","@id":"https:\/\/www.cofb.org\/#\/schema\/person\/22ed7eea88da74b0fa4d3154ad87ffcb","name":"wpAdminCofbOrg","image":{"@type":"ImageObject","inLanguage":"ca","@id":"https:\/\/www.cofb.org\/#\/schema\/person\/image\/","url":"https:\/\/secure.gravatar.com\/avatar\/1721b20b3b8ca882c3b56ec6c978c594fff670e40c0718e9190eaeeb76aae7d8?s=96&d=mm&r=g","contentUrl":"https:\/\/secure.gravatar.com\/avatar\/1721b20b3b8ca882c3b56ec6c978c594fff670e40c0718e9190eaeeb76aae7d8?s=96&d=mm&r=g","caption":"wpAdminCofbOrg"},"sameAs":["http:\/\/192.168.64.122\/wordpress"],"url":"https:\/\/www.cofb.org\/ca\/author\/wpadmincofborg\/"}]}},"uagb_featured_image_src":{"full":["https:\/\/www.cofb.org\/wp-content\/uploads\/2015\/10\/image_gallery-M38bxs.jpeg",1679,813,false],"thumbnail":["https:\/\/www.cofb.org\/wp-content\/uploads\/2015\/10\/image_gallery-M38bxs-150x150.jpeg",150,150,true],"medium":["https:\/\/www.cofb.org\/wp-content\/uploads\/2015\/10\/image_gallery-M38bxs-300x145.jpeg",300,145,true],"medium_large":["https:\/\/www.cofb.org\/wp-content\/uploads\/2015\/10\/image_gallery-M38bxs-768x372.jpeg",768,372,true],"large":["https:\/\/www.cofb.org\/wp-content\/uploads\/2015\/10\/image_gallery-M38bxs-1024x496.jpeg",1024,496,true],"1536x1536":["https:\/\/www.cofb.org\/wp-content\/uploads\/2015\/10\/image_gallery-M38bxs-1536x744.jpeg",1536,744,true],"2048x2048":["https:\/\/www.cofb.org\/wp-content\/uploads\/2015\/10\/image_gallery-M38bxs.jpeg",1679,813,false],"trp-custom-language-flag":["https:\/\/www.cofb.org\/wp-content\/uploads\/2015\/10\/image_gallery-M38bxs-18x9.jpeg",18,9,true]},"uagb_author_info":{"display_name":"wpAdminCofbOrg","author_link":"https:\/\/www.cofb.org\/ca\/author\/wpadmincofborg\/"},"uagb_comment_info":0,"uagb_excerpt":"\u00a0 Els farmac\u00e8utics catalans denuncien que augmenta la inestabilitat respecte al 2014 despr\u00e9s d\u2019un nou agreujament del deute L\u2019Administraci\u00f3 ja estava pagant els medicaments a 90 dies respecte a la data de factura, amb aquest agreujament no es cobraran fins a 4 mesos despr\u00e9s Si, tal com se\u2019ls ha anunciat, [&hellip;]","_links":{"self":[{"href":"https:\/\/www.cofb.org\/ca\/wp-json\/wp\/v2\/posts\/77433","targetHints":{"allow":["GET"]}}],"collection":[{"href":"https:\/\/www.cofb.org\/ca\/wp-json\/wp\/v2\/posts"}],"about":[{"href":"https:\/\/www.cofb.org\/ca\/wp-json\/wp\/v2\/types\/post"}],"author":[{"embeddable":true,"href":"https:\/\/www.cofb.org\/ca\/wp-json\/wp\/v2\/users\/1"}],"replies":[{"embeddable":true,"href":"https:\/\/www.cofb.org\/ca\/wp-json\/wp\/v2\/comments?post=77433"}],"version-history":[{"count":0,"href":"https:\/\/www.cofb.org\/ca\/wp-json\/wp\/v2\/posts\/77433\/revisions"}],"wp:featuredmedia":[{"embeddable":true,"href":"https:\/\/www.cofb.org\/ca\/wp-json\/wp\/v2\/media\/77434"}],"wp:attachment":[{"href":"https:\/\/www.cofb.org\/ca\/wp-json\/wp\/v2\/media?parent=77433"}],"wp:term":[{"taxonomy":"category","embeddable":true,"href":"https:\/\/www.cofb.org\/ca\/wp-json\/wp\/v2\/categories?post=77433"},{"taxonomy":"post_tag","embeddable":true,"href":"https:\/\/www.cofb.org\/ca\/wp-json\/wp\/v2\/tags?post=77433"}],"curies":[{"name":"wp","href":"https:\/\/api.w.org\/{rel}","templated":true}]}}