{"id":77418,"date":"2016-02-26T13:02:00","date_gmt":"2016-02-26T13:02:00","guid":{"rendered":"https:\/\/novaorg.cofb.net\/2016\/02\/26\/el-consell-de-collegis-farmaceutics-de-catalunya-signa-un-manifest-per-donar-suport-a-les-persones-amb-malalties-minoritaries\/"},"modified":"2016-02-26T13:02:00","modified_gmt":"2016-02-26T13:02:00","slug":"el-consell-de-collegis-farmaceutics-de-catalunya-signa-un-manifest-per-donar-suport-a-les-persones-amb-malalties-minoritaries","status":"publish","type":"post","link":"https:\/\/www.cofb.org\/ca\/2016\/02\/26\/el-consell-de-collegis-farmaceutics-de-catalunya-signa-un-manifest-per-donar-suport-a-les-persones-amb-malalties-minoritaries\/","title":{"rendered":"El Consell de Col\u00b7legis Farmac\u00e8utics de Catalunya signa un manifest per donar suport a les persones amb malalties minorit\u00e0ries"},"content":{"rendered":"<p>\u00a0<\/p>\n<div><u><strong>29 de febrer, Dia Mundial de les Malalties Minorit\u00e0ries:<br \/><\/strong><\/u><\/div>\n<ul>\n<li><strong>Els farmac\u00e8utics, des dels seus diferents \u00e0mbits d\u2019actuaci\u00f3 i en coordinaci\u00f3 amb la resta de professionals sanitaris, poden contribuir a millorar el proc\u00e9s assistencial dels afectats<\/strong><\/li>\n<li><strong>Segons dades de l\u2019OMS, s\u2019estima que a Catalunya hi hauria m\u00e9s de 400.000 persones amb aquesta patologia<\/strong><\/li>\n<\/ul>\n<p><i>Barcelona, 26 de febrer de 2016.- <\/i><span>El <\/span><b>Consell de Col\u00b7legis Farmac\u00e8utics de Catalunya (CCFC)<\/b><span> ha signat un<\/span><b> manifest per expressar el seu comprom\u00eds i suport a tots aquells pacients i familiars afectats per una malaltia minorit\u00e0ria.<\/b><span> Ho fa en el marc de la celebraci\u00f3 del <\/span><b>Dia Mundial de les Malalties Minorit\u00e0ries<\/b><span>, que tindr\u00e0 lloc el proper <\/span><b>29 de febrer<\/b><span> sota el lema<\/span><b> \u201cLa Veu del Pacient\u201d<\/b><span>, amb l\u2019objectiu de recon\u00e8ixer el paper fonamental que tenen els pacients fent sentir les seves necessitats, i alhora, com a motors de canvi per millorar les seves vides i les de les seves fam\u00edlies i cuidadors. <\/span><span>\u00a0<\/span><\/p>\n<p class=\"MsoNormal\">\n<p class=\"MsoNormal\"><b><u>Els farmac\u00e8utics, professionals sanitaris que poden contribuir a millorar el proc\u00e9s assistencial<\/p>\n<p><\/u><\/b><\/p>\n<p class=\"MsoNormal\">Amb aquest document, el CCFC tamb\u00e9 ha volgut posar de manifest que <b>els farmac\u00e8utics<\/b>, des dels seus diferents \u00e0mbits d\u2019actuaci\u00f3 -farm\u00e0cia comunit\u00e0ria, hospital\u00e0ria, atenci\u00f3 prim\u00e0ria o salut p\u00fablica, entre d\u2019altres-, i en coordinaci\u00f3 amb la resta de professionals sanitaris, <b>poden contribuir a millorar el proc\u00e9s assistencial i el benestar dels afectats.<\/b> <\/p>\n<p class=\"MsoNormal\">Per tal que els farmac\u00e8utics tinguin m\u00e9s eines sobre com abordar les consultes i\u00a0 fer el seguiment d\u2019aquestes patologies, la formaci\u00f3 \u00e9s un dels aspectes clau. S\u00f3n un exemple els cursos que es fan als diferents Col\u00b7legis de Farmac\u00e8utics, com el que <b>va tenir lloc al de Barcelona (COFB), <\/b>adre\u00e7at a farmac\u00e8utics d\u2019hospital i d\u2019atenci\u00f3 prim\u00e0ria, <b>en qu\u00e8 es va parlar dels aven\u00e7os terap\u00e8utics en dues malalties minorit\u00e0ries:<\/b> la leuc\u00e8mia mieloide aguda (LMA) i la malaltia de Castleman. D\u2019altra banda, al web de salut del COFB, farmaceuticonline, es va habilitar un <b><a href=\"http:\/\/www.farmaceuticonline.com\/ca\/familia\/683-buscador-enfermedades-raras-y-medicamentos-huerfanos?showall=1\" target=\"_blank\" rel=\"noopener\">cercador de malalties rares i medicaments orfes<\/a> <\/b>amb l\u2019objectiu de fer m\u00e9s accessible la informaci\u00f3 entorn a aquest tema. <b><u><\/p>\n<p><\/u><\/b><\/p>\n<p class=\"MsoNormal\"><b><u>S\u2019estima que a Catalunya hi hauria m\u00e9s de 400.000 persones amb malalties rares<\/p>\n<p><\/u><\/b><\/p>\n<p class=\"MsoNormal\">Les malalties minorit\u00e0ries, sovint tamb\u00e9 conegudes com a malalties rares o de baixa prevalen\u00e7a, s\u00f3n u<b>n ampli i heterogeni conjunt de patologies que, tal com estableix el l\u00edmit epidemiol\u00f2gic europeu, no afecta a m\u00e9s de 5 persones per cada 10.000 habitants<\/b>. Segons dades de l\u2019OMS<span>,<\/span> s\u2019estima que hi hauria entre 30 i 35 milions d\u2019afectats a Europa, i m\u00e9s concretament, <b>a Catalunya hi hauria m\u00e9s de 400.000.<span> <\/span><\/b><span><\/p>\n<p><\/span><\/p>\n<p class=\"MsoNormal\">Aquest conjunt de malalties presenten caracter\u00edstiques comunes, com el fet que es tracta de malalties greus, cr\u00f2niques i generalment degeneratives, que impliquen diversos \u00f2rgans i afecten les capacitats f\u00edsiques, habilitats mentals, i les qualitats sensorials i de comportament dels malalts. Alhora, moltes d\u2019elles s\u00f3n d\u2019origen gen\u00e8tic, amb una alta afectaci\u00f3 en l\u2019edat pedi\u00e0trica, tot i que n\u2019hi ha que no apareixen fins a l\u2019edat adulta. <\/p>\n<p class=\"MsoNormal\">El fet que siguin patologies molt diferents dificulta la investigaci\u00f3 i el desenvolupament de medicaments orfes, que s\u00f3n aquells destinats a guarir, prevenir o tractar aquestes malalties. No obstant aix\u00f2, <b>tot i no haver en la majoria dels casos un tractament definitiu, s\u00ed que es pot aconseguir una millora en la qualitat i esperan\u00e7a de vida d\u2019aquests pacients.<\/b><\/p>\n<p class=\"MsoNormal\"><b>Per a m\u00e9s informaci\u00f3: <br \/><\/b>Consell de Col\u00b7legis Farmac\u00e8utics de Catalunya (CCFC)<br \/>Tel\u00e8fon: 93 244 07 28 \/ 18 <br \/>premsa@cofb.net <b> <\/p>\n<p><\/b><\/p>\n<p>\u00a029 de febrer, Dia Mundial de les Malalties Minorit\u00e0ries:Els farmac\u00e8utics, des dels seus diferents \u00e0mbits d\u2019actuaci\u00f3 i en coordinaci\u00f3 amb la resta de professionals sanitaris, poden contribuir a millorar el proc\u00e9s assistencial dels afectatsSegons dades de l\u2019OMS, s\u2019estima que a Catalunya hi hauria m\u00e9s de 400.000 persones amb aquesta patologiaBarcelona, 26 de febrer de 2016.- El Consell de Col\u00b7legis Farmac\u00e8utics de Catalunya (CCFC) ha signat un manifest per expressar el seu comprom\u00eds i suport a tots aquells pacients i familiars afectats per una malaltia minorit\u00e0ria. Ho fa en el marc de la celebraci\u00f3 del Dia Mundial de les Malalties Minorit\u00e0ries, que tindr\u00e0 lloc el proper 29 de febrer sota el lema \u201cLa Veu del Pacient\u201d, amb l\u2019objectiu de recon\u00e8ixer el paper fonamental que tenen els pacients fent sentir les seves necessitats, i alhora, com a motors de canvi per millorar les seves vides i les de les seves fam\u00edlies i cuidadors. \u00a0  Els farmac\u00e8utics, professionals sanitaris que poden contribuir a millorar el proc\u00e9s assistencial  Amb aquest document, el CCFC tamb\u00e9 ha volgut posar de manifest que els farmac\u00e8utics, des dels seus diferents \u00e0mbits d\u2019actuaci\u00f3 -farm\u00e0cia comunit\u00e0ria, hospital\u00e0ria, atenci\u00f3 prim\u00e0ria o salut p\u00fablica, entre d\u2019altres-, i en coordinaci\u00f3 amb la resta de professionals sanitaris, poden contribuir a millorar el proc\u00e9s assistencial i el benestar dels afectats.   Per tal que els farmac\u00e8utics tinguin m\u00e9s eines sobre com abordar les consultes i\u00a0 fer el seguiment d\u2019aquestes patologies, la formaci\u00f3 \u00e9s un dels aspectes clau. S\u00f3n un exemple els cursos que es fan als diferents Col\u00b7legis de Farmac\u00e8utics, com el que va tenir lloc al de Barcelona (COFB), adre\u00e7at a farmac\u00e8utics d\u2019hospital i d\u2019atenci\u00f3 prim\u00e0ria, en qu\u00e8 es va parlar dels aven\u00e7os terap\u00e8utics en dues malalties minorit\u00e0ries: la leuc\u00e8mia mieloide aguda (LMA) i la malaltia de Castleman. D\u2019altra banda, al web de salut del COFB, farmaceuticonline, es va habilitar un cercador de malalties rares i medicaments orfes amb l\u2019objectiu de fer m\u00e9s accessible la informaci\u00f3 entorn a aquest tema.   S\u2019estima que a Catalunya hi hauria m\u00e9s de 400.000 persones amb malalties rares  Les malalties minorit\u00e0ries, sovint tamb\u00e9 conegudes com a malalties rares o de baixa prevalen\u00e7a, s\u00f3n un ampli i heterogeni conjunt de patologies que, tal com estableix el l\u00edmit epidemiol\u00f2gic europeu, no afecta a m\u00e9s de 5 persones per cada 10.000 habitants. Segons dades de l\u2019OMS, s\u2019estima que hi hauria entre 30 i 35 milions d\u2019afectats a Europa, i m\u00e9s concretament, a Catalunya hi hauria m\u00e9s de 400.000.   Aquest conjunt de malalties presenten caracter\u00edstiques comunes, com el fet que es tracta de malalties greus, cr\u00f2niques i generalment degeneratives, que impliquen diversos \u00f2rgans i afecten les capacitats f\u00edsiques, habilitats mentals, i les qualitats sensorials i de comportament dels malalts. Alhora, moltes d\u2019elles s\u00f3n d\u2019origen gen\u00e8tic, amb una alta afectaci\u00f3 en l\u2019edat pedi\u00e0trica, tot i que n\u2019hi ha que no apareixen fins a l\u2019edat adulta.   El fet que siguin patologies molt diferents dificulta la investigaci\u00f3 i el desenvolupament de medicaments orfes, que s\u00f3n aquells destinats a guarir, prevenir o tractar aquestes malalties. No obstant aix\u00f2, tot i no haver en la majoria dels casos un tractament definitiu, s\u00ed que es pot aconseguir una millora en la qualitat i esperan\u00e7a de vida d\u2019aquests pacients.Per a m\u00e9s informaci\u00f3: Consell de Col\u00b7legis Farmac\u00e8utics de Catalunya (CCFC)Tel\u00e8fon: 93 244 07 28 \/ 18 premsa@cofb.net\u00a0\u00a0COFB.ORG<\/p>\n","protected":false},"excerpt":{"rendered":"<p>\u00a0 29 de febrer, Dia Mundial de les Malalties Minorit\u00e0ries: Els farmac\u00e8utics, des dels seus diferents \u00e0mbits d\u2019actuaci\u00f3 i en coordinaci\u00f3 amb la resta de professionals sanitaris, poden contribuir a millorar el proc\u00e9s assistencial dels afectats Segons dades de l\u2019OMS, s\u2019estima que a Catalunya hi hauria m\u00e9s de 400.000 persones [&hellip;]<\/p>\n","protected":false},"author":1,"featured_media":0,"comment_status":"","ping_status":"","sticky":false,"template":"","format":"standard","meta":{"_uag_custom_page_level_css":"","site-sidebar-layout":"default","site-content-layout":"","ast-site-content-layout":"default","site-content-style":"default","site-sidebar-style":"default","ast-global-header-display":"","ast-banner-title-visibility":"","ast-main-header-display":"","ast-hfb-above-header-display":"","ast-hfb-below-header-display":"","ast-hfb-mobile-header-display":"","site-post-title":"","ast-breadcrumbs-content":"","ast-featured-img":"disabled","footer-sml-layout":"","theme-transparent-header-meta":"","adv-header-id-meta":"","stick-header-meta":"","header-above-stick-meta":"","header-main-stick-meta":"","header-below-stick-meta":"","astra-migrate-meta-layouts":"default","ast-page-background-enabled":"default","ast-page-background-meta":{"desktop":{"background-color":"var(--ast-global-color-4)","background-image":"","background-repeat":"repeat","background-position":"center center","background-size":"auto","background-attachment":"scroll","background-type":"","background-media":"","overlay-type":"","overlay-color":"","overlay-opacity":"","overlay-gradient":""},"tablet":{"background-color":"","background-image":"","background-repeat":"repeat","background-position":"center center","background-size":"auto","background-attachment":"scroll","background-type":"","background-media":"","overlay-type":"","overlay-color":"","overlay-opacity":"","overlay-gradient":""},"mobile":{"background-color":"","background-image":"","background-repeat":"repeat","background-position":"center center","background-size":"auto","background-attachment":"scroll","background-type":"","background-media":"","overlay-type":"","overlay-color":"","overlay-opacity":"","overlay-gradient":""}},"ast-content-background-meta":{"desktop":{"background-color":"var(--ast-global-color-5)","background-image":"","background-repeat":"repeat","background-position":"center center","background-size":"auto","background-attachment":"scroll","background-type":"","background-media":"","overlay-type":"","overlay-color":"","overlay-opacity":"","overlay-gradient":""},"tablet":{"background-color":"var(--ast-global-color-5)","background-image":"","background-repeat":"repeat","background-position":"center center","background-size":"auto","background-attachment":"scroll","background-type":"","background-media":"","overlay-type":"","overlay-color":"","overlay-opacity":"","overlay-gradient":""},"mobile":{"background-color":"var(--ast-global-color-5)","background-image":"","background-repeat":"repeat","background-position":"center center","background-size":"auto","background-attachment":"scroll","background-type":"","background-media":"","overlay-type":"","overlay-color":"","overlay-opacity":"","overlay-gradient":""}},"footnotes":""},"categories":[1060,1066],"tags":[],"class_list":["post-77418","post","type-post","status-publish","format-standard","hentry","category-notes-premsa","category-sense-categoria-ca"],"yoast_head":"<!-- This site is optimized with the Yoast SEO plugin v22.4 - https:\/\/yoast.com\/wordpress\/plugins\/seo\/ -->\n<title>El Consell de Col\u00b7legis Farmac\u00e8utics de Catalunya signa un manifest per donar suport a les persones amb malalties minorit\u00e0ries - Col\u00b7legi de Farmac\u00e8utics de Barcelona<\/title>\n<meta name=\"robots\" content=\"index, follow, max-snippet:-1, max-image-preview:large, max-video-preview:-1\" \/>\n<link rel=\"canonical\" href=\"https:\/\/novaorg.cofb.net\/2016\/02\/26\/el-consell-de-collegis-farmaceutics-de-catalunya-signa-un-manifest-per-donar-suport-a-les-persones-amb-malalties-minoritaries\/\" \/>\n<meta property=\"og:locale\" content=\"ca_ES\" \/>\n<meta property=\"og:type\" content=\"article\" \/>\n<meta property=\"og:title\" content=\"El Consell de Col\u00b7legis Farmac\u00e8utics de Catalunya signa un manifest per donar suport a les persones amb malalties minorit\u00e0ries - Col\u00b7legi de Farmac\u00e8utics de Barcelona\" \/>\n<meta property=\"og:description\" content=\"\u00a0 29 de febrer, Dia Mundial de les Malalties Minorit\u00e0ries: Els farmac\u00e8utics, des dels seus diferents \u00e0mbits d\u2019actuaci\u00f3 i en coordinaci\u00f3 amb la resta de professionals sanitaris, poden contribuir a millorar el proc\u00e9s assistencial dels afectats Segons dades de l\u2019OMS, s\u2019estima que a Catalunya hi hauria m\u00e9s de 400.000 persones [&hellip;]\" \/>\n<meta property=\"og:url\" content=\"https:\/\/novaorg.cofb.net\/2016\/02\/26\/el-consell-de-collegis-farmaceutics-de-catalunya-signa-un-manifest-per-donar-suport-a-les-persones-amb-malalties-minoritaries\/\" \/>\n<meta property=\"og:site_name\" content=\"Col\u00b7legi de Farmac\u00e8utics de Barcelona\" \/>\n<meta property=\"article:publisher\" content=\"https:\/\/www.facebook.com\/farmaceuticsbcn\/\" \/>\n<meta property=\"article:published_time\" content=\"2016-02-26T13:02:00+00:00\" \/>\n<meta name=\"author\" content=\"wpAdminCofbOrg\" \/>\n<meta name=\"twitter:card\" content=\"summary_large_image\" \/>\n<meta name=\"twitter:creator\" content=\"@farmaceuticsbcn\" \/>\n<meta name=\"twitter:site\" content=\"@farmaceuticsbcn\" \/>\n<meta name=\"twitter:label1\" content=\"Escrit per\" \/>\n\t<meta name=\"twitter:data1\" content=\"wpAdminCofbOrg\" \/>\n\t<meta name=\"twitter:label2\" content=\"Temps estimat de lectura\" \/>\n\t<meta name=\"twitter:data2\" content=\"6 minuts\" \/>\n<script type=\"application\/ld+json\" class=\"yoast-schema-graph\">{\"@context\":\"https:\/\/schema.org\",\"@graph\":[{\"@type\":\"Article\",\"@id\":\"https:\/\/novaorg.cofb.net\/2016\/02\/26\/el-consell-de-collegis-farmaceutics-de-catalunya-signa-un-manifest-per-donar-suport-a-les-persones-amb-malalties-minoritaries\/#article\",\"isPartOf\":{\"@id\":\"https:\/\/novaorg.cofb.net\/2016\/02\/26\/el-consell-de-collegis-farmaceutics-de-catalunya-signa-un-manifest-per-donar-suport-a-les-persones-amb-malalties-minoritaries\/\"},\"author\":{\"name\":\"wpAdminCofbOrg\",\"@id\":\"https:\/\/www.cofb.org\/#\/schema\/person\/22ed7eea88da74b0fa4d3154ad87ffcb\"},\"headline\":\"El Consell de Col\u00b7legis Farmac\u00e8utics de Catalunya signa un manifest per donar suport a les persones amb malalties minorit\u00e0ries\",\"datePublished\":\"2016-02-26T13:02:00+00:00\",\"dateModified\":\"2016-02-26T13:02:00+00:00\",\"mainEntityOfPage\":{\"@id\":\"https:\/\/novaorg.cofb.net\/2016\/02\/26\/el-consell-de-collegis-farmaceutics-de-catalunya-signa-un-manifest-per-donar-suport-a-les-persones-amb-malalties-minoritaries\/\"},\"wordCount\":1242,\"publisher\":{\"@id\":\"https:\/\/www.cofb.org\/#organization\"},\"articleSection\":[\"Notes de premsa\"],\"inLanguage\":\"ca\"},{\"@type\":\"WebPage\",\"@id\":\"https:\/\/novaorg.cofb.net\/2016\/02\/26\/el-consell-de-collegis-farmaceutics-de-catalunya-signa-un-manifest-per-donar-suport-a-les-persones-amb-malalties-minoritaries\/\",\"url\":\"https:\/\/novaorg.cofb.net\/2016\/02\/26\/el-consell-de-collegis-farmaceutics-de-catalunya-signa-un-manifest-per-donar-suport-a-les-persones-amb-malalties-minoritaries\/\",\"name\":\"El Consell de Col\u00b7legis Farmac\u00e8utics de Catalunya signa un manifest per donar suport a les persones amb malalties minorit\u00e0ries - Col\u00b7legi de Farmac\u00e8utics de Barcelona\",\"isPartOf\":{\"@id\":\"https:\/\/www.cofb.org\/#website\"},\"datePublished\":\"2016-02-26T13:02:00+00:00\",\"dateModified\":\"2016-02-26T13:02:00+00:00\",\"breadcrumb\":{\"@id\":\"https:\/\/novaorg.cofb.net\/2016\/02\/26\/el-consell-de-collegis-farmaceutics-de-catalunya-signa-un-manifest-per-donar-suport-a-les-persones-amb-malalties-minoritaries\/#breadcrumb\"},\"inLanguage\":\"ca\",\"potentialAction\":[{\"@type\":\"ReadAction\",\"target\":[\"https:\/\/novaorg.cofb.net\/2016\/02\/26\/el-consell-de-collegis-farmaceutics-de-catalunya-signa-un-manifest-per-donar-suport-a-les-persones-amb-malalties-minoritaries\/\"]}]},{\"@type\":\"BreadcrumbList\",\"@id\":\"https:\/\/novaorg.cofb.net\/2016\/02\/26\/el-consell-de-collegis-farmaceutics-de-catalunya-signa-un-manifest-per-donar-suport-a-les-persones-amb-malalties-minoritaries\/#breadcrumb\",\"itemListElement\":[{\"@type\":\"ListItem\",\"position\":1,\"name\":\"Inici\",\"item\":\"https:\/\/novaorg.cofb.net\/\"},{\"@type\":\"ListItem\",\"position\":2,\"name\":\"El Consell de Col\u00b7legis Farmac\u00e8utics de Catalunya signa un manifest per donar suport a les persones amb malalties minorit\u00e0ries\"}]},{\"@type\":\"WebSite\",\"@id\":\"https:\/\/www.cofb.org\/#website\",\"url\":\"https:\/\/www.cofb.org\/\",\"name\":\"Col\u00b7legi de Farmac\u00e8utics de Barcelona\",\"description\":\"\",\"publisher\":{\"@id\":\"https:\/\/www.cofb.org\/#organization\"},\"potentialAction\":[{\"@type\":\"SearchAction\",\"target\":{\"@type\":\"EntryPoint\",\"urlTemplate\":\"https:\/\/www.cofb.org\/?s={search_term_string}\"},\"query-input\":\"required name=search_term_string\"}],\"inLanguage\":\"ca\"},{\"@type\":\"Organization\",\"@id\":\"https:\/\/www.cofb.org\/#organization\",\"name\":\"Col\u00b7legi de Farmac\u00e8utics de Barcelona\",\"url\":\"https:\/\/www.cofb.org\/\",\"logo\":{\"@type\":\"ImageObject\",\"inLanguage\":\"ca\",\"@id\":\"https:\/\/www.cofb.org\/#\/schema\/logo\/image\/\",\"url\":\"https:\/\/www.cofb.org\/wp-content\/uploads\/2023\/11\/cropped-Logotip-COFB.png\",\"contentUrl\":\"https:\/\/www.cofb.org\/wp-content\/uploads\/2023\/11\/cropped-Logotip-COFB.png\",\"width\":500,\"height\":105,\"caption\":\"Col\u00b7legi de Farmac\u00e8utics de Barcelona\"},\"image\":{\"@id\":\"https:\/\/www.cofb.org\/#\/schema\/logo\/image\/\"},\"sameAs\":[\"https:\/\/www.facebook.com\/farmaceuticsbcn\/\",\"https:\/\/twitter.com\/farmaceuticsbcn\",\"https:\/\/www.instagram.com\/farmaceuticsbcn\/\",\"https:\/\/www.linkedin.com\/company\/farmaceuticsbcn\/\"]},{\"@type\":\"Person\",\"@id\":\"https:\/\/www.cofb.org\/#\/schema\/person\/22ed7eea88da74b0fa4d3154ad87ffcb\",\"name\":\"wpAdminCofbOrg\",\"image\":{\"@type\":\"ImageObject\",\"inLanguage\":\"ca\",\"@id\":\"https:\/\/www.cofb.org\/#\/schema\/person\/image\/\",\"url\":\"https:\/\/secure.gravatar.com\/avatar\/1721b20b3b8ca882c3b56ec6c978c594fff670e40c0718e9190eaeeb76aae7d8?s=96&d=mm&r=g\",\"contentUrl\":\"https:\/\/secure.gravatar.com\/avatar\/1721b20b3b8ca882c3b56ec6c978c594fff670e40c0718e9190eaeeb76aae7d8?s=96&d=mm&r=g\",\"caption\":\"wpAdminCofbOrg\"},\"sameAs\":[\"http:\/\/192.168.64.122\/wordpress\"],\"url\":\"https:\/\/www.cofb.org\/ca\/author\/wpadmincofborg\/\"}]}<\/script>\n<!-- \/ Yoast SEO plugin. -->","yoast_head_json":{"title":"El Consell de Col\u00b7legis Farmac\u00e8utics de Catalunya signa un manifest per donar suport a les persones amb malalties minorit\u00e0ries - Col\u00b7legi de Farmac\u00e8utics de Barcelona","robots":{"index":"index","follow":"follow","max-snippet":"max-snippet:-1","max-image-preview":"max-image-preview:large","max-video-preview":"max-video-preview:-1"},"canonical":"https:\/\/novaorg.cofb.net\/2016\/02\/26\/el-consell-de-collegis-farmaceutics-de-catalunya-signa-un-manifest-per-donar-suport-a-les-persones-amb-malalties-minoritaries\/","og_locale":"ca_ES","og_type":"article","og_title":"El Consell de Col\u00b7legis Farmac\u00e8utics de Catalunya signa un manifest per donar suport a les persones amb malalties minorit\u00e0ries - Col\u00b7legi de Farmac\u00e8utics de Barcelona","og_description":"\u00a0 29 de febrer, Dia Mundial de les Malalties Minorit\u00e0ries: Els farmac\u00e8utics, des dels seus diferents \u00e0mbits d\u2019actuaci\u00f3 i en coordinaci\u00f3 amb la resta de professionals sanitaris, poden contribuir a millorar el proc\u00e9s assistencial dels afectats Segons dades de l\u2019OMS, s\u2019estima que a Catalunya hi hauria m\u00e9s de 400.000 persones [&hellip;]","og_url":"https:\/\/novaorg.cofb.net\/2016\/02\/26\/el-consell-de-collegis-farmaceutics-de-catalunya-signa-un-manifest-per-donar-suport-a-les-persones-amb-malalties-minoritaries\/","og_site_name":"Col\u00b7legi de Farmac\u00e8utics de Barcelona","article_publisher":"https:\/\/www.facebook.com\/farmaceuticsbcn\/","article_published_time":"2016-02-26T13:02:00+00:00","author":"wpAdminCofbOrg","twitter_card":"summary_large_image","twitter_creator":"@farmaceuticsbcn","twitter_site":"@farmaceuticsbcn","twitter_misc":{"Escrit per":"wpAdminCofbOrg","Temps estimat de lectura":"6 minuts"},"schema":{"@context":"https:\/\/schema.org","@graph":[{"@type":"Article","@id":"https:\/\/novaorg.cofb.net\/2016\/02\/26\/el-consell-de-collegis-farmaceutics-de-catalunya-signa-un-manifest-per-donar-suport-a-les-persones-amb-malalties-minoritaries\/#article","isPartOf":{"@id":"https:\/\/novaorg.cofb.net\/2016\/02\/26\/el-consell-de-collegis-farmaceutics-de-catalunya-signa-un-manifest-per-donar-suport-a-les-persones-amb-malalties-minoritaries\/"},"author":{"name":"wpAdminCofbOrg","@id":"https:\/\/www.cofb.org\/#\/schema\/person\/22ed7eea88da74b0fa4d3154ad87ffcb"},"headline":"El Consell de Col\u00b7legis Farmac\u00e8utics de Catalunya signa un manifest per donar suport a les persones amb malalties minorit\u00e0ries","datePublished":"2016-02-26T13:02:00+00:00","dateModified":"2016-02-26T13:02:00+00:00","mainEntityOfPage":{"@id":"https:\/\/novaorg.cofb.net\/2016\/02\/26\/el-consell-de-collegis-farmaceutics-de-catalunya-signa-un-manifest-per-donar-suport-a-les-persones-amb-malalties-minoritaries\/"},"wordCount":1242,"publisher":{"@id":"https:\/\/www.cofb.org\/#organization"},"articleSection":["Notes de premsa"],"inLanguage":"ca"},{"@type":"WebPage","@id":"https:\/\/novaorg.cofb.net\/2016\/02\/26\/el-consell-de-collegis-farmaceutics-de-catalunya-signa-un-manifest-per-donar-suport-a-les-persones-amb-malalties-minoritaries\/","url":"https:\/\/novaorg.cofb.net\/2016\/02\/26\/el-consell-de-collegis-farmaceutics-de-catalunya-signa-un-manifest-per-donar-suport-a-les-persones-amb-malalties-minoritaries\/","name":"El Consell de Col\u00b7legis Farmac\u00e8utics de Catalunya signa un manifest per donar suport a les persones amb malalties minorit\u00e0ries - Col\u00b7legi de Farmac\u00e8utics de Barcelona","isPartOf":{"@id":"https:\/\/www.cofb.org\/#website"},"datePublished":"2016-02-26T13:02:00+00:00","dateModified":"2016-02-26T13:02:00+00:00","breadcrumb":{"@id":"https:\/\/novaorg.cofb.net\/2016\/02\/26\/el-consell-de-collegis-farmaceutics-de-catalunya-signa-un-manifest-per-donar-suport-a-les-persones-amb-malalties-minoritaries\/#breadcrumb"},"inLanguage":"ca","potentialAction":[{"@type":"ReadAction","target":["https:\/\/novaorg.cofb.net\/2016\/02\/26\/el-consell-de-collegis-farmaceutics-de-catalunya-signa-un-manifest-per-donar-suport-a-les-persones-amb-malalties-minoritaries\/"]}]},{"@type":"BreadcrumbList","@id":"https:\/\/novaorg.cofb.net\/2016\/02\/26\/el-consell-de-collegis-farmaceutics-de-catalunya-signa-un-manifest-per-donar-suport-a-les-persones-amb-malalties-minoritaries\/#breadcrumb","itemListElement":[{"@type":"ListItem","position":1,"name":"Inici","item":"https:\/\/novaorg.cofb.net\/"},{"@type":"ListItem","position":2,"name":"El Consell de Col\u00b7legis Farmac\u00e8utics de Catalunya signa un manifest per donar suport a les persones amb malalties minorit\u00e0ries"}]},{"@type":"WebSite","@id":"https:\/\/www.cofb.org\/#website","url":"https:\/\/www.cofb.org\/","name":"Col\u00b7legi de Farmac\u00e8utics de Barcelona","description":"","publisher":{"@id":"https:\/\/www.cofb.org\/#organization"},"potentialAction":[{"@type":"SearchAction","target":{"@type":"EntryPoint","urlTemplate":"https:\/\/www.cofb.org\/?s={search_term_string}"},"query-input":"required name=search_term_string"}],"inLanguage":"ca"},{"@type":"Organization","@id":"https:\/\/www.cofb.org\/#organization","name":"Col\u00b7legi de Farmac\u00e8utics de Barcelona","url":"https:\/\/www.cofb.org\/","logo":{"@type":"ImageObject","inLanguage":"ca","@id":"https:\/\/www.cofb.org\/#\/schema\/logo\/image\/","url":"https:\/\/www.cofb.org\/wp-content\/uploads\/2023\/11\/cropped-Logotip-COFB.png","contentUrl":"https:\/\/www.cofb.org\/wp-content\/uploads\/2023\/11\/cropped-Logotip-COFB.png","width":500,"height":105,"caption":"Col\u00b7legi de Farmac\u00e8utics de Barcelona"},"image":{"@id":"https:\/\/www.cofb.org\/#\/schema\/logo\/image\/"},"sameAs":["https:\/\/www.facebook.com\/farmaceuticsbcn\/","https:\/\/twitter.com\/farmaceuticsbcn","https:\/\/www.instagram.com\/farmaceuticsbcn\/","https:\/\/www.linkedin.com\/company\/farmaceuticsbcn\/"]},{"@type":"Person","@id":"https:\/\/www.cofb.org\/#\/schema\/person\/22ed7eea88da74b0fa4d3154ad87ffcb","name":"wpAdminCofbOrg","image":{"@type":"ImageObject","inLanguage":"ca","@id":"https:\/\/www.cofb.org\/#\/schema\/person\/image\/","url":"https:\/\/secure.gravatar.com\/avatar\/1721b20b3b8ca882c3b56ec6c978c594fff670e40c0718e9190eaeeb76aae7d8?s=96&d=mm&r=g","contentUrl":"https:\/\/secure.gravatar.com\/avatar\/1721b20b3b8ca882c3b56ec6c978c594fff670e40c0718e9190eaeeb76aae7d8?s=96&d=mm&r=g","caption":"wpAdminCofbOrg"},"sameAs":["http:\/\/192.168.64.122\/wordpress"],"url":"https:\/\/www.cofb.org\/ca\/author\/wpadmincofborg\/"}]}},"uagb_featured_image_src":{"full":false,"thumbnail":false,"medium":false,"medium_large":false,"large":false,"1536x1536":false,"2048x2048":false,"trp-custom-language-flag":false},"uagb_author_info":{"display_name":"wpAdminCofbOrg","author_link":"https:\/\/www.cofb.org\/ca\/author\/wpadmincofborg\/"},"uagb_comment_info":0,"uagb_excerpt":"\u00a0 29 de febrer, Dia Mundial de les Malalties Minorit\u00e0ries: Els farmac\u00e8utics, des dels seus diferents \u00e0mbits d\u2019actuaci\u00f3 i en coordinaci\u00f3 amb la resta de professionals sanitaris, poden contribuir a millorar el proc\u00e9s assistencial dels afectats Segons dades de l\u2019OMS, s\u2019estima que a Catalunya hi hauria m\u00e9s de 400.000 persones [&hellip;]","_links":{"self":[{"href":"https:\/\/www.cofb.org\/ca\/wp-json\/wp\/v2\/posts\/77418","targetHints":{"allow":["GET"]}}],"collection":[{"href":"https:\/\/www.cofb.org\/ca\/wp-json\/wp\/v2\/posts"}],"about":[{"href":"https:\/\/www.cofb.org\/ca\/wp-json\/wp\/v2\/types\/post"}],"author":[{"embeddable":true,"href":"https:\/\/www.cofb.org\/ca\/wp-json\/wp\/v2\/users\/1"}],"replies":[{"embeddable":true,"href":"https:\/\/www.cofb.org\/ca\/wp-json\/wp\/v2\/comments?post=77418"}],"version-history":[{"count":0,"href":"https:\/\/www.cofb.org\/ca\/wp-json\/wp\/v2\/posts\/77418\/revisions"}],"wp:attachment":[{"href":"https:\/\/www.cofb.org\/ca\/wp-json\/wp\/v2\/media?parent=77418"}],"wp:term":[{"taxonomy":"category","embeddable":true,"href":"https:\/\/www.cofb.org\/ca\/wp-json\/wp\/v2\/categories?post=77418"},{"taxonomy":"post_tag","embeddable":true,"href":"https:\/\/www.cofb.org\/ca\/wp-json\/wp\/v2\/tags?post=77418"}],"curies":[{"name":"wp","href":"https:\/\/api.w.org\/{rel}","templated":true}]}}