{"id":77366,"date":"2016-12-13T17:23:00","date_gmt":"2016-12-13T17:23:00","guid":{"rendered":"https:\/\/novaorg.cofb.net\/2016\/12\/13\/canvi-en-la-vicepresidencia-del-collegi-de-farmaceutics-de-barcelona\/"},"modified":"2016-12-13T17:23:00","modified_gmt":"2016-12-13T17:23:00","slug":"canvi-en-la-vicepresidencia-del-collegi-de-farmaceutics-de-barcelona","status":"publish","type":"post","link":"https:\/\/www.cofb.org\/ca\/2016\/12\/13\/canvi-en-la-vicepresidencia-del-collegi-de-farmaceutics-de-barcelona\/","title":{"rendered":"Canvi en la vicepresid\u00e8ncia del Col\u00b7legi de Farmac\u00e8utics de Barcelona"},"content":{"rendered":"<p>\u00a0<\/p>\n<p><i>Barcelona, 13 de desembre del 2016.-<\/i><b> <u><span><a href=\"http:\/\/www.cofb.org\/web\/guest\/48\">N\u00faria Bosch<\/a><\/span><\/u> ser\u00e0 la nova vicepresidenta del Col\u00b7legi de Farmac\u00e8utics de Barcelona (COFB)<\/b><span> despr\u00e9s que <\/span><b>Francesc Pla<\/b><span> \u2013qui ocupava el c\u00e0rrec fins ara\u2013 <\/span><b>hagi presentat la seva dimissi\u00f3. <\/b><span>El nou nomenament es va decidir a la Junta de Govern celebrada ahir <\/span><b>d\u2019acord amb el que<\/b><span> <\/span><b>marca l\u2019article 34 dels <\/b><b><a href=\"http:\/\/www.cofb.org\/c\/document_library\/get_file?uuid=d7638dc5-8130-4d34-ac75-2e2c8516cfd6&amp;groupId=10136\" target=\"_blank\" rel=\"noopener\">Estatuts<\/a><\/b><b> del Col\u00b7legi: <\/b><span>\u201cquan la vacant es produeixi en un dels c\u00e0rrecs seg\u00fcents: vicepresident, secretari o tresorer, es podr\u00e0 cobrir entre els membres de la Junta de Govern restants a proposta del president, per acord de la majoria absoluta de tots els membres de la Junta\u201d. Per la seva banda,<\/span><b> N\u00faria Bosch, que ocupava la posici\u00f3 de vicetresorera, ser\u00e0 substitu\u00efda en el c\u00e0rrec per <a href=\"http:\/\/www.cofb.org\/web\/guest\/49\" target=\"_blank\" rel=\"noopener\">Guillermo Bagaria<\/a>, fins al moment vocal segon.<\/b><\/p>\n<p>El motiu pel qual Pla ha posat el seu c\u00e0rrec a disposici\u00f3 ha estat la percepci\u00f3 de p\u00e8rdua de confian\u00e7a per part de la instituci\u00f3 en la tasca que estava desenvolupant. Tot i aix\u00ed, <b>la Junta de Govern agraeix la dedicaci\u00f3 de Francesc Pla a la instituci\u00f3 durant m\u00e9s de 8 anys.<\/b> El seu paper ha estat clau en la <b>implantaci\u00f3 de la recepta electr\u00f2nica a Catalunya <\/b>i en les <b>millores progressives que s\u2019han anat assolint <\/b>en aquest sistema extremadament complex. A m\u00e9s d\u2019haver participat, entre d\u2019altres projectes, en la <b>creaci\u00f3 del portal de serveis del Consell de Col\u00b7legis de Farmac\u00e8utics de Catalunya.<\/b><\/p>\n<p class=\"MsoNormal\"><b>Per a m\u00e9s informaci\u00f3: <\/p>\n<p><\/b><\/p>\n<p class=\"MsoNormal\">Departament de Comunicaci\u00f3 del Col\u00b7legi de Farmac\u00e8utics de Barcelona (COFB)<\/p>\n<p class=\"MsoNormal\">Tel\u00e8fon: 93 244 07 28 \/ 18\u00a0<\/p>\n<p class=\"MsoNormal\"><a href=\"mailto:premsa@cofb.net\">premsa@cofb.net<\/a> <\/p>\n<p><b><\/p>\n<p><\/b><\/p>\n<p>\u00a0Barcelona, 13 de desembre del 2016.- N\u00faria Bosch ser\u00e0 la nova vicepresidenta del Col\u00b7legi de Farmac\u00e8utics de Barcelona (COFB) despr\u00e9s que Francesc Pla \u2013qui ocupava el c\u00e0rrec fins ara\u2013 hagi presentat la seva dimissi\u00f3. El nou nomenament es va decidir a la Junta de Govern celebrada ahir d\u2019acord amb el que marca l\u2019article 34 dels Estatuts del Col\u00b7legi: \u201cquan la vacant es produeixi en un dels c\u00e0rrecs seg\u00fcents: vicepresident, secretari o tresorer, es podr\u00e0 cobrir entre els membres de la Junta de Govern restants a proposta del president, per acord de la majoria absoluta de tots els membres de la Junta\u201d. Per la seva banda, N\u00faria Bosch, que ocupava la posici\u00f3 de vicetresorera, ser\u00e0 substitu\u00efda en el c\u00e0rrec per Guillermo Bagaria, fins al moment vocal segon.El motiu pel qual Pla ha posat el seu c\u00e0rrec a disposici\u00f3 ha estat la percepci\u00f3 de p\u00e8rdua de confian\u00e7a per part de la instituci\u00f3 en la tasca que estava desenvolupant. Tot i aix\u00ed, la Junta de Govern agraeix la dedicaci\u00f3 de Francesc Pla a la instituci\u00f3 durant m\u00e9s de 8 anys. El seu paper ha estat clau en la implantaci\u00f3 de la recepta electr\u00f2nica a Catalunya i en les millores progressives que s\u2019han anat assolint en aquest sistema extremadament complex. A m\u00e9s d\u2019haver participat, entre d\u2019altres projectes, en la creaci\u00f3 del portal de serveis del Consell de Col\u00b7legis de Farmac\u00e8utics de Catalunya.Per a m\u00e9s informaci\u00f3: Departament de Comunicaci\u00f3 del Col\u00b7legi de Farmac\u00e8utics de Barcelona (COFB)Tel\u00e8fon: 93 244 07 28 \/ 18\u00a0premsa@cofb.net\u00a0\u00a0COFB.ORG<\/p>\n","protected":false},"excerpt":{"rendered":"<p>\u00a0 Barcelona, 13 de desembre del 2016.- N\u00faria Bosch ser\u00e0 la nova vicepresidenta del Col\u00b7legi de Farmac\u00e8utics de Barcelona (COFB) despr\u00e9s que Francesc Pla \u2013qui ocupava el c\u00e0rrec fins ara\u2013 hagi presentat la seva dimissi\u00f3. El nou nomenament es va decidir a la Junta de Govern celebrada ahir d\u2019acord amb [&hellip;]<\/p>\n","protected":false},"author":1,"featured_media":0,"comment_status":"","ping_status":"","sticky":false,"template":"","format":"standard","meta":{"_uag_custom_page_level_css":"","site-sidebar-layout":"default","site-content-layout":"","ast-site-content-layout":"default","site-content-style":"default","site-sidebar-style":"default","ast-global-header-display":"","ast-banner-title-visibility":"","ast-main-header-display":"","ast-hfb-above-header-display":"","ast-hfb-below-header-display":"","ast-hfb-mobile-header-display":"","site-post-title":"","ast-breadcrumbs-content":"","ast-featured-img":"disabled","footer-sml-layout":"","theme-transparent-header-meta":"","adv-header-id-meta":"","stick-header-meta":"","header-above-stick-meta":"","header-main-stick-meta":"","header-below-stick-meta":"","astra-migrate-meta-layouts":"default","ast-page-background-enabled":"default","ast-page-background-meta":{"desktop":{"background-color":"var(--ast-global-color-4)","background-image":"","background-repeat":"repeat","background-position":"center center","background-size":"auto","background-attachment":"scroll","background-type":"","background-media":"","overlay-type":"","overlay-color":"","overlay-opacity":"","overlay-gradient":""},"tablet":{"background-color":"","background-image":"","background-repeat":"repeat","background-position":"center center","background-size":"auto","background-attachment":"scroll","background-type":"","background-media":"","overlay-type":"","overlay-color":"","overlay-opacity":"","overlay-gradient":""},"mobile":{"background-color":"","background-image":"","background-repeat":"repeat","background-position":"center center","background-size":"auto","background-attachment":"scroll","background-type":"","background-media":"","overlay-type":"","overlay-color":"","overlay-opacity":"","overlay-gradient":""}},"ast-content-background-meta":{"desktop":{"background-color":"var(--ast-global-color-5)","background-image":"","background-repeat":"repeat","background-position":"center center","background-size":"auto","background-attachment":"scroll","background-type":"","background-media":"","overlay-type":"","overlay-color":"","overlay-opacity":"","overlay-gradient":""},"tablet":{"background-color":"var(--ast-global-color-5)","background-image":"","background-repeat":"repeat","background-position":"center center","background-size":"auto","background-attachment":"scroll","background-type":"","background-media":"","overlay-type":"","overlay-color":"","overlay-opacity":"","overlay-gradient":""},"mobile":{"background-color":"var(--ast-global-color-5)","background-image":"","background-repeat":"repeat","background-position":"center center","background-size":"auto","background-attachment":"scroll","background-type":"","background-media":"","overlay-type":"","overlay-color":"","overlay-opacity":"","overlay-gradient":""}},"footnotes":""},"categories":[1060,1066],"tags":[],"class_list":["post-77366","post","type-post","status-publish","format-standard","hentry","category-notes-premsa","category-sense-categoria-ca"],"yoast_head":"<!-- This site is optimized with the Yoast SEO plugin v22.4 - https:\/\/yoast.com\/wordpress\/plugins\/seo\/ -->\n<title>Canvi en la vicepresid\u00e8ncia del Col\u00b7legi de Farmac\u00e8utics de Barcelona - Col\u00b7legi de Farmac\u00e8utics de Barcelona<\/title>\n<meta name=\"robots\" content=\"index, follow, max-snippet:-1, max-image-preview:large, max-video-preview:-1\" \/>\n<link rel=\"canonical\" href=\"https:\/\/novaorg.cofb.net\/2016\/12\/13\/canvi-en-la-vicepresidencia-del-collegi-de-farmaceutics-de-barcelona\/\" \/>\n<meta property=\"og:locale\" content=\"ca_ES\" \/>\n<meta property=\"og:type\" content=\"article\" \/>\n<meta property=\"og:title\" content=\"Canvi en la vicepresid\u00e8ncia del Col\u00b7legi de Farmac\u00e8utics de Barcelona - Col\u00b7legi de Farmac\u00e8utics de Barcelona\" \/>\n<meta property=\"og:description\" content=\"\u00a0 Barcelona, 13 de desembre del 2016.- N\u00faria Bosch ser\u00e0 la nova vicepresidenta del Col\u00b7legi de Farmac\u00e8utics de Barcelona (COFB) despr\u00e9s que Francesc Pla \u2013qui ocupava el c\u00e0rrec fins ara\u2013 hagi presentat la seva dimissi\u00f3. El nou nomenament es va decidir a la Junta de Govern celebrada ahir d\u2019acord amb [&hellip;]\" \/>\n<meta property=\"og:url\" content=\"https:\/\/novaorg.cofb.net\/2016\/12\/13\/canvi-en-la-vicepresidencia-del-collegi-de-farmaceutics-de-barcelona\/\" \/>\n<meta property=\"og:site_name\" content=\"Col\u00b7legi de Farmac\u00e8utics de Barcelona\" \/>\n<meta property=\"article:publisher\" content=\"https:\/\/www.facebook.com\/farmaceuticsbcn\/\" \/>\n<meta property=\"article:published_time\" content=\"2016-12-13T17:23:00+00:00\" \/>\n<meta name=\"author\" content=\"wpAdminCofbOrg\" \/>\n<meta name=\"twitter:card\" content=\"summary_large_image\" \/>\n<meta name=\"twitter:creator\" content=\"@farmaceuticsbcn\" \/>\n<meta name=\"twitter:site\" content=\"@farmaceuticsbcn\" \/>\n<meta name=\"twitter:label1\" content=\"Escrit per\" \/>\n\t<meta name=\"twitter:data1\" content=\"wpAdminCofbOrg\" \/>\n\t<meta name=\"twitter:label2\" content=\"Temps estimat de lectura\" \/>\n\t<meta name=\"twitter:data2\" content=\"3 minuts\" \/>\n<script type=\"application\/ld+json\" class=\"yoast-schema-graph\">{\"@context\":\"https:\/\/schema.org\",\"@graph\":[{\"@type\":\"Article\",\"@id\":\"https:\/\/novaorg.cofb.net\/2016\/12\/13\/canvi-en-la-vicepresidencia-del-collegi-de-farmaceutics-de-barcelona\/#article\",\"isPartOf\":{\"@id\":\"https:\/\/novaorg.cofb.net\/2016\/12\/13\/canvi-en-la-vicepresidencia-del-collegi-de-farmaceutics-de-barcelona\/\"},\"author\":{\"name\":\"wpAdminCofbOrg\",\"@id\":\"https:\/\/www.cofb.org\/#\/schema\/person\/22ed7eea88da74b0fa4d3154ad87ffcb\"},\"headline\":\"Canvi en la vicepresid\u00e8ncia del Col\u00b7legi de Farmac\u00e8utics de Barcelona\",\"datePublished\":\"2016-12-13T17:23:00+00:00\",\"dateModified\":\"2016-12-13T17:23:00+00:00\",\"mainEntityOfPage\":{\"@id\":\"https:\/\/novaorg.cofb.net\/2016\/12\/13\/canvi-en-la-vicepresidencia-del-collegi-de-farmaceutics-de-barcelona\/\"},\"wordCount\":559,\"publisher\":{\"@id\":\"https:\/\/www.cofb.org\/#organization\"},\"articleSection\":[\"Notes de premsa\"],\"inLanguage\":\"ca\"},{\"@type\":\"WebPage\",\"@id\":\"https:\/\/novaorg.cofb.net\/2016\/12\/13\/canvi-en-la-vicepresidencia-del-collegi-de-farmaceutics-de-barcelona\/\",\"url\":\"https:\/\/novaorg.cofb.net\/2016\/12\/13\/canvi-en-la-vicepresidencia-del-collegi-de-farmaceutics-de-barcelona\/\",\"name\":\"Canvi en la vicepresid\u00e8ncia del Col\u00b7legi de Farmac\u00e8utics de Barcelona - Col\u00b7legi de Farmac\u00e8utics de Barcelona\",\"isPartOf\":{\"@id\":\"https:\/\/www.cofb.org\/#website\"},\"datePublished\":\"2016-12-13T17:23:00+00:00\",\"dateModified\":\"2016-12-13T17:23:00+00:00\",\"breadcrumb\":{\"@id\":\"https:\/\/novaorg.cofb.net\/2016\/12\/13\/canvi-en-la-vicepresidencia-del-collegi-de-farmaceutics-de-barcelona\/#breadcrumb\"},\"inLanguage\":\"ca\",\"potentialAction\":[{\"@type\":\"ReadAction\",\"target\":[\"https:\/\/novaorg.cofb.net\/2016\/12\/13\/canvi-en-la-vicepresidencia-del-collegi-de-farmaceutics-de-barcelona\/\"]}]},{\"@type\":\"BreadcrumbList\",\"@id\":\"https:\/\/novaorg.cofb.net\/2016\/12\/13\/canvi-en-la-vicepresidencia-del-collegi-de-farmaceutics-de-barcelona\/#breadcrumb\",\"itemListElement\":[{\"@type\":\"ListItem\",\"position\":1,\"name\":\"Inici\",\"item\":\"https:\/\/novaorg.cofb.net\/\"},{\"@type\":\"ListItem\",\"position\":2,\"name\":\"Canvi en la vicepresid\u00e8ncia del Col\u00b7legi de Farmac\u00e8utics de Barcelona\"}]},{\"@type\":\"WebSite\",\"@id\":\"https:\/\/www.cofb.org\/#website\",\"url\":\"https:\/\/www.cofb.org\/\",\"name\":\"Col\u00b7legi de Farmac\u00e8utics de Barcelona\",\"description\":\"\",\"publisher\":{\"@id\":\"https:\/\/www.cofb.org\/#organization\"},\"potentialAction\":[{\"@type\":\"SearchAction\",\"target\":{\"@type\":\"EntryPoint\",\"urlTemplate\":\"https:\/\/www.cofb.org\/?s={search_term_string}\"},\"query-input\":\"required name=search_term_string\"}],\"inLanguage\":\"ca\"},{\"@type\":\"Organization\",\"@id\":\"https:\/\/www.cofb.org\/#organization\",\"name\":\"Col\u00b7legi de Farmac\u00e8utics de Barcelona\",\"url\":\"https:\/\/www.cofb.org\/\",\"logo\":{\"@type\":\"ImageObject\",\"inLanguage\":\"ca\",\"@id\":\"https:\/\/www.cofb.org\/#\/schema\/logo\/image\/\",\"url\":\"https:\/\/www.cofb.org\/wp-content\/uploads\/2023\/11\/cropped-Logotip-COFB.png\",\"contentUrl\":\"https:\/\/www.cofb.org\/wp-content\/uploads\/2023\/11\/cropped-Logotip-COFB.png\",\"width\":500,\"height\":105,\"caption\":\"Col\u00b7legi de Farmac\u00e8utics de Barcelona\"},\"image\":{\"@id\":\"https:\/\/www.cofb.org\/#\/schema\/logo\/image\/\"},\"sameAs\":[\"https:\/\/www.facebook.com\/farmaceuticsbcn\/\",\"https:\/\/twitter.com\/farmaceuticsbcn\",\"https:\/\/www.instagram.com\/farmaceuticsbcn\/\",\"https:\/\/www.linkedin.com\/company\/farmaceuticsbcn\/\"]},{\"@type\":\"Person\",\"@id\":\"https:\/\/www.cofb.org\/#\/schema\/person\/22ed7eea88da74b0fa4d3154ad87ffcb\",\"name\":\"wpAdminCofbOrg\",\"image\":{\"@type\":\"ImageObject\",\"inLanguage\":\"ca\",\"@id\":\"https:\/\/www.cofb.org\/#\/schema\/person\/image\/\",\"url\":\"https:\/\/secure.gravatar.com\/avatar\/1721b20b3b8ca882c3b56ec6c978c594fff670e40c0718e9190eaeeb76aae7d8?s=96&d=mm&r=g\",\"contentUrl\":\"https:\/\/secure.gravatar.com\/avatar\/1721b20b3b8ca882c3b56ec6c978c594fff670e40c0718e9190eaeeb76aae7d8?s=96&d=mm&r=g\",\"caption\":\"wpAdminCofbOrg\"},\"sameAs\":[\"http:\/\/192.168.64.122\/wordpress\"],\"url\":\"https:\/\/www.cofb.org\/ca\/author\/wpadmincofborg\/\"}]}<\/script>\n<!-- \/ Yoast SEO plugin. -->","yoast_head_json":{"title":"Canvi en la vicepresid\u00e8ncia del Col\u00b7legi de Farmac\u00e8utics de Barcelona - Col\u00b7legi de Farmac\u00e8utics de Barcelona","robots":{"index":"index","follow":"follow","max-snippet":"max-snippet:-1","max-image-preview":"max-image-preview:large","max-video-preview":"max-video-preview:-1"},"canonical":"https:\/\/novaorg.cofb.net\/2016\/12\/13\/canvi-en-la-vicepresidencia-del-collegi-de-farmaceutics-de-barcelona\/","og_locale":"ca_ES","og_type":"article","og_title":"Canvi en la vicepresid\u00e8ncia del Col\u00b7legi de Farmac\u00e8utics de Barcelona - Col\u00b7legi de Farmac\u00e8utics de Barcelona","og_description":"\u00a0 Barcelona, 13 de desembre del 2016.- N\u00faria Bosch ser\u00e0 la nova vicepresidenta del Col\u00b7legi de Farmac\u00e8utics de Barcelona (COFB) despr\u00e9s que Francesc Pla \u2013qui ocupava el c\u00e0rrec fins ara\u2013 hagi presentat la seva dimissi\u00f3. El nou nomenament es va decidir a la Junta de Govern celebrada ahir d\u2019acord amb [&hellip;]","og_url":"https:\/\/novaorg.cofb.net\/2016\/12\/13\/canvi-en-la-vicepresidencia-del-collegi-de-farmaceutics-de-barcelona\/","og_site_name":"Col\u00b7legi de Farmac\u00e8utics de Barcelona","article_publisher":"https:\/\/www.facebook.com\/farmaceuticsbcn\/","article_published_time":"2016-12-13T17:23:00+00:00","author":"wpAdminCofbOrg","twitter_card":"summary_large_image","twitter_creator":"@farmaceuticsbcn","twitter_site":"@farmaceuticsbcn","twitter_misc":{"Escrit per":"wpAdminCofbOrg","Temps estimat de lectura":"3 minuts"},"schema":{"@context":"https:\/\/schema.org","@graph":[{"@type":"Article","@id":"https:\/\/novaorg.cofb.net\/2016\/12\/13\/canvi-en-la-vicepresidencia-del-collegi-de-farmaceutics-de-barcelona\/#article","isPartOf":{"@id":"https:\/\/novaorg.cofb.net\/2016\/12\/13\/canvi-en-la-vicepresidencia-del-collegi-de-farmaceutics-de-barcelona\/"},"author":{"name":"wpAdminCofbOrg","@id":"https:\/\/www.cofb.org\/#\/schema\/person\/22ed7eea88da74b0fa4d3154ad87ffcb"},"headline":"Canvi en la vicepresid\u00e8ncia del Col\u00b7legi de Farmac\u00e8utics de Barcelona","datePublished":"2016-12-13T17:23:00+00:00","dateModified":"2016-12-13T17:23:00+00:00","mainEntityOfPage":{"@id":"https:\/\/novaorg.cofb.net\/2016\/12\/13\/canvi-en-la-vicepresidencia-del-collegi-de-farmaceutics-de-barcelona\/"},"wordCount":559,"publisher":{"@id":"https:\/\/www.cofb.org\/#organization"},"articleSection":["Notes de premsa"],"inLanguage":"ca"},{"@type":"WebPage","@id":"https:\/\/novaorg.cofb.net\/2016\/12\/13\/canvi-en-la-vicepresidencia-del-collegi-de-farmaceutics-de-barcelona\/","url":"https:\/\/novaorg.cofb.net\/2016\/12\/13\/canvi-en-la-vicepresidencia-del-collegi-de-farmaceutics-de-barcelona\/","name":"Canvi en la vicepresid\u00e8ncia del Col\u00b7legi de Farmac\u00e8utics de Barcelona - Col\u00b7legi de Farmac\u00e8utics de Barcelona","isPartOf":{"@id":"https:\/\/www.cofb.org\/#website"},"datePublished":"2016-12-13T17:23:00+00:00","dateModified":"2016-12-13T17:23:00+00:00","breadcrumb":{"@id":"https:\/\/novaorg.cofb.net\/2016\/12\/13\/canvi-en-la-vicepresidencia-del-collegi-de-farmaceutics-de-barcelona\/#breadcrumb"},"inLanguage":"ca","potentialAction":[{"@type":"ReadAction","target":["https:\/\/novaorg.cofb.net\/2016\/12\/13\/canvi-en-la-vicepresidencia-del-collegi-de-farmaceutics-de-barcelona\/"]}]},{"@type":"BreadcrumbList","@id":"https:\/\/novaorg.cofb.net\/2016\/12\/13\/canvi-en-la-vicepresidencia-del-collegi-de-farmaceutics-de-barcelona\/#breadcrumb","itemListElement":[{"@type":"ListItem","position":1,"name":"Inici","item":"https:\/\/novaorg.cofb.net\/"},{"@type":"ListItem","position":2,"name":"Canvi en la vicepresid\u00e8ncia del Col\u00b7legi de Farmac\u00e8utics de Barcelona"}]},{"@type":"WebSite","@id":"https:\/\/www.cofb.org\/#website","url":"https:\/\/www.cofb.org\/","name":"Col\u00b7legi de Farmac\u00e8utics de Barcelona","description":"","publisher":{"@id":"https:\/\/www.cofb.org\/#organization"},"potentialAction":[{"@type":"SearchAction","target":{"@type":"EntryPoint","urlTemplate":"https:\/\/www.cofb.org\/?s={search_term_string}"},"query-input":"required name=search_term_string"}],"inLanguage":"ca"},{"@type":"Organization","@id":"https:\/\/www.cofb.org\/#organization","name":"Col\u00b7legi de Farmac\u00e8utics de Barcelona","url":"https:\/\/www.cofb.org\/","logo":{"@type":"ImageObject","inLanguage":"ca","@id":"https:\/\/www.cofb.org\/#\/schema\/logo\/image\/","url":"https:\/\/www.cofb.org\/wp-content\/uploads\/2023\/11\/cropped-Logotip-COFB.png","contentUrl":"https:\/\/www.cofb.org\/wp-content\/uploads\/2023\/11\/cropped-Logotip-COFB.png","width":500,"height":105,"caption":"Col\u00b7legi de Farmac\u00e8utics de Barcelona"},"image":{"@id":"https:\/\/www.cofb.org\/#\/schema\/logo\/image\/"},"sameAs":["https:\/\/www.facebook.com\/farmaceuticsbcn\/","https:\/\/twitter.com\/farmaceuticsbcn","https:\/\/www.instagram.com\/farmaceuticsbcn\/","https:\/\/www.linkedin.com\/company\/farmaceuticsbcn\/"]},{"@type":"Person","@id":"https:\/\/www.cofb.org\/#\/schema\/person\/22ed7eea88da74b0fa4d3154ad87ffcb","name":"wpAdminCofbOrg","image":{"@type":"ImageObject","inLanguage":"ca","@id":"https:\/\/www.cofb.org\/#\/schema\/person\/image\/","url":"https:\/\/secure.gravatar.com\/avatar\/1721b20b3b8ca882c3b56ec6c978c594fff670e40c0718e9190eaeeb76aae7d8?s=96&d=mm&r=g","contentUrl":"https:\/\/secure.gravatar.com\/avatar\/1721b20b3b8ca882c3b56ec6c978c594fff670e40c0718e9190eaeeb76aae7d8?s=96&d=mm&r=g","caption":"wpAdminCofbOrg"},"sameAs":["http:\/\/192.168.64.122\/wordpress"],"url":"https:\/\/www.cofb.org\/ca\/author\/wpadmincofborg\/"}]}},"uagb_featured_image_src":{"full":false,"thumbnail":false,"medium":false,"medium_large":false,"large":false,"1536x1536":false,"2048x2048":false,"trp-custom-language-flag":false},"uagb_author_info":{"display_name":"wpAdminCofbOrg","author_link":"https:\/\/www.cofb.org\/ca\/author\/wpadmincofborg\/"},"uagb_comment_info":0,"uagb_excerpt":"\u00a0 Barcelona, 13 de desembre del 2016.- N\u00faria Bosch ser\u00e0 la nova vicepresidenta del Col\u00b7legi de Farmac\u00e8utics de Barcelona (COFB) despr\u00e9s que Francesc Pla \u2013qui ocupava el c\u00e0rrec fins ara\u2013 hagi presentat la seva dimissi\u00f3. El nou nomenament es va decidir a la Junta de Govern celebrada ahir d\u2019acord amb [&hellip;]","_links":{"self":[{"href":"https:\/\/www.cofb.org\/ca\/wp-json\/wp\/v2\/posts\/77366","targetHints":{"allow":["GET"]}}],"collection":[{"href":"https:\/\/www.cofb.org\/ca\/wp-json\/wp\/v2\/posts"}],"about":[{"href":"https:\/\/www.cofb.org\/ca\/wp-json\/wp\/v2\/types\/post"}],"author":[{"embeddable":true,"href":"https:\/\/www.cofb.org\/ca\/wp-json\/wp\/v2\/users\/1"}],"replies":[{"embeddable":true,"href":"https:\/\/www.cofb.org\/ca\/wp-json\/wp\/v2\/comments?post=77366"}],"version-history":[{"count":0,"href":"https:\/\/www.cofb.org\/ca\/wp-json\/wp\/v2\/posts\/77366\/revisions"}],"wp:attachment":[{"href":"https:\/\/www.cofb.org\/ca\/wp-json\/wp\/v2\/media?parent=77366"}],"wp:term":[{"taxonomy":"category","embeddable":true,"href":"https:\/\/www.cofb.org\/ca\/wp-json\/wp\/v2\/categories?post=77366"},{"taxonomy":"post_tag","embeddable":true,"href":"https:\/\/www.cofb.org\/ca\/wp-json\/wp\/v2\/tags?post=77366"}],"curies":[{"name":"wp","href":"https:\/\/api.w.org\/{rel}","templated":true}]}}