{"id":77322,"date":"2017-03-24T11:20:00","date_gmt":"2017-03-24T11:20:00","guid":{"rendered":"https:\/\/novaorg.cofb.net\/2017\/03\/24\/la-ong-banco-farmaceutico-presenta-en-infarma-el-fondo-social-de-medicamentos-para-acabar-con-la-pobreza-sanitaria\/"},"modified":"2017-03-24T11:20:00","modified_gmt":"2017-03-24T11:20:00","slug":"la-ong-banco-farmaceutico-presenta-en-infarma-el-fondo-social-de-medicamentos-para-acabar-con-la-pobreza-sanitaria","status":"publish","type":"post","link":"https:\/\/www.cofb.org\/ca\/2017\/03\/24\/la-ong-banco-farmaceutico-presenta-en-infarma-el-fondo-social-de-medicamentos-para-acabar-con-la-pobreza-sanitaria\/","title":{"rendered":"La ONG Banco Farmac\u00e9utico presenta en Infarma el Fondo Social de Medicamentos para acabar con la pobreza sanitaria"},"content":{"rendered":"<p>\u00a0<\/p>\n<p><em>Barcelona, 24 de marzo de 2017<\/em>.- La ONG Banco Farmac\u00e9utico present\u00f3 el Fondo Social de Medicamentos el martes 21 de marzo en el marco de Infarma Barcelona 2017, el Encuentro Europeo de Farmacia que se ha celebrado en Fira Gran Via de Barcelona, en una mesa redonda con el t\u00edtulo \u201cFondo Social de Medicamentos, una propuesta de la ONG Banco Farmac\u00e9utico a la pobreza sanitaria\u201d.<\/p>\n<p>Una conferencia que ha moderado el tesorero y responsable de la Comisi\u00f3n de Compromiso Social del Col\u00b7legi de Farmac\u00e8utics de Barcelona (COFB), Joan Calduch, y en el que han participado Marta Seda como coordinadora del Banco Farmac\u00e9utico; la doctora Maria Rubio, investigadora de la Unidad de Investigaci\u00f3n y docencia del Parque Sanitario de Sant Joan de D\u00e9u; Julia de Miguel, directora del \u00c0mbit Salut de la Creu Roja a Catalunya; y Josefa Rodr\u00edguez i Molinet, trabajadora Social del Centre d\u2019Atenci\u00f3 Prim\u00e0ria del Institut Catal\u00e0 de la Salut (ICS).<\/p>\n<p>El Fondo Social de Medicamentos, tal y como describi\u00f3 Marta Seda, es un proyecto dirigido a cubrir \u201clas necesidades concretas de medicaci\u00f3n de aquellas personas que no pueden pag\u00e1rsela\u201d.<\/p>\n<p>\u201cDesde hace un tiempo empezamos a detectar un nuevo perfil de personas que no es el que hasta ahora atend\u00edan las organizaciones asistenciales\u201d, explic\u00f3 Seda. \u201cCon la crisis empezamos a recibir noticias de familias con uno o dos hijos y unas rentas muy bajas que no pod\u00edan hacer frente al copago farmac\u00e9utico\u201d, ha destacado. Para responder a esta nueva necesidad, el Banco Farmac\u00e9utico puso en marcha el Fondo Social de Medicamentos.<\/p>\n<p>A trav\u00e9s del trabajador Social del Centro de Salud, el paciente que no puede afrontar su gasto farmac\u00e9utico solicita esta cobertura. Seg\u00fan Seda, entonces \u201cse comprueba su situaci\u00f3n socioecon\u00f3mica, se aprueba su caso y esa persona puede acudir a una de las farmacias colaboradoras que le proporcionar\u00e1 el medicamento de forma gratuita\u201d, explic\u00f3 Seda. \u201cLa farmacia gestiona la venta a trav\u00e9s de nuestra Intranet y a final de mes nos pasa una factura con todo el gasto que finalmente el Banco Farmac\u00e9utico paga\u201d, confirm\u00f3.<\/p>\n<p>Con este sistema, el Banco Farmac\u00e9utico ha cubierto desde 2015 la medicaci\u00f3n de 1.716 personas, con un gasto en medicaci\u00f3n que ha subido hasta los 187.000 euros y con un total de 270 farmacias dispensadoras.<\/p>\n<p><u><strong>El problema de la pobreza farmac\u00e9utica y sus consecuencias<\/strong><\/u><\/p>\n<p>La doctora Mar\u00eda Rubio, investigadora del Parque Sanitario de Sant Joan de D\u00e9u, destac\u00f3 que \u201cuna de cada cinco personas no inician el tratamiento que su m\u00e9dico le ha prescrito\u201d. Y una de las razones de este hecho es, seg\u00fan Rubio, \u201cel coste de los medicamentos\u201d.<\/p>\n<p>Las consecuencias de no iniciar el tratamiento, seg\u00fan la doctora, es \u201cun mayor n\u00famero de d\u00edas de baja, m\u00e1s visitas domiciliarias del m\u00e9dico, que suelen ser de urgencia y, por tanto, una peor salud y un mayor coste total para la seguridad social\u201d.<\/p>\n<p>J\u00falia de Miguel, directora del \u00c0mbit de la Salut de la Creu Roja en Catalunya, present\u00f3 el Observatorio de Vulnerabilidad de la Cruz Roja, que observa que un 96% de las personas en riesgo de vulnerabilidad tienen acceso al servicio sanitario, \u201cun dato positivo\u201d. Pero el \u201c66% tiene gastos fijos en medicaci\u00f3n y el 64,6% en alg\u00fan momento no han podido pagar alguna medicaci\u00f3n prescrita por su m\u00e9dico\u201d, destac\u00f3 de Miguel. Adem\u00e1s, \u201cun 76% considera que su situaci\u00f3n de vulnerabilidad le ha afectado a su salud f\u00edsica o mental\u201d, reconoci\u00f3 la directora.<\/p>\n<p>Seg\u00fan aport\u00f3 Seda, el perfil de las personas que no pueden pagarse sus medicamentos es el de un hombre o una mujer de entre 50 y 60 a\u00f1os, nacional y en situaci\u00f3n de paro. Adem\u00e1s, un 82% son pacientes con un plan farmacol\u00f3gico de larga duraci\u00f3n. \u201cOtro perfil que nos preocupa mucho es el de los j\u00f3venes: tenemos un 11% de usuarios menores de 18 a\u00f1os\u201d, lament\u00f3 la responsable del Banco Farmac\u00e9utico.<\/p>\n<p>La trabajadora social Josefa Rodr\u00edguez explic\u00f3 que \u201csiempre ha habido personas que no se han podido pagar los medicamentos, pero con el inicio de la crisis empieza a aflorar otro perfil de gente que no nos ven\u00eda antes\u201d. \u201cFamilias como las de cualquiera de los que estamos aqu\u00ed que cae en situaci\u00f3n de paro o que, con un sueldo de 1.000 euros, no se pueden pagar el 40% del coste de sus medicamentos\u201d, remarc\u00f3 Rodr\u00edguez.<\/p>\n<p>Esta situaci\u00f3n, \u201ccrea angustia para el profesional sanitario de ver que un paciente necesita una medicaci\u00f3n que no se puede pagar\u201d.<\/p>\n<p>Ante esta problem\u00e1tica, explic\u00f3 la trabajara social, \u201cel Tercer Sector se moviliz\u00f3 con planes de ayuda como los del Banco Farmac\u00e9utico o Cruz Roja\u201d.<\/p>\n<p><u><strong>Ampliar el Fondo Social de Medicamentos a toda Espa\u00f1a<\/strong><\/u><\/p>\n<p>En la actualidad, este Fondo s\u00f3lo cubre estas necesidades en Barcelona y algunos municipios de su alrededor. Pero, tal como destac\u00f3 Seda, \u201cnuestra idea es ampliar el proyecto para que empiece en Madrid, en Arag\u00f3n y en el resto de Espa\u00f1a\u201d.<\/p>\n<p>El Fondo Social de Medicamentos se financia mediante subvenciones p\u00fablicas provenientes de la casilla de fines sociales del IRPF y a trav\u00e9s de aportadores privados, tanto de obras sociales de empresas como de particulares.<\/p>\n<p><u><strong>Propuestas para mejorar la situaci\u00f3n de los pacientes<\/strong><\/u><\/p>\n<p>Rubio quiso proponer tambi\u00e9n medidas para intentar evitar que haya pacientes que no inicien el tratamiento que el m\u00e9dico le ha recetado. Entre ellos, destac\u00f3 un \u201cm\u00e9todo de aviso autom\u00e1tico para alertar a los m\u00e9dicos y los farmac\u00e9uticos de que un paciente no ha comenzado con el plan de medicaci\u00f3n\u201d. Por su parte, el tesorero del COFB, Joan Calduch, avanz\u00f3 que ya se ha empezado una prueba piloto para desarrollar este servicio.<\/p>\n<p>\u00a0<\/p>\n<p><img fetchpriority=\"high\" decoding=\"async\" src=\"http:\/\/www.cofb.org\/image\/image_gallery?uuid=4bafca25-a5c3-4450-98e3-964876fa2a75&amp;groupId=85948&amp;t=1490612866107\" width=\"280\" height=\"280\" alt=\"\"><\/p>\n<p class=\"MsoNormal\">\u00a0<\/p>\n<p class=\"MsoNormal\"><strong>Para m\u00e1s informaci\u00f3n:<\/strong><br \/>Departamento de Comunicaci\u00f3n del Col\u00b7legi de Farmac\u00e8utics de Barcelona (COFB)\u00a0<br \/>Tel\u00e9fono: 93 244 07 28 \/ 18\u00a0<br \/>premsa@cofb.net<\/p>\n<p class=\"MsoNormal\"><span lang=\"ES\"><a href=\"http:\/\/www.infarma.es\/\" target=\"_blank\" rel=\"noopener\">Web de Infarma Barcelona 2017<\/a><\/span><\/p>\n<p>\u00a0Barcelona, 24 de marzo de 2017.- La ONG Banco Farmac\u00e9utico present\u00f3 el Fondo Social de Medicamentos el martes 21 de marzo en el marco de Infarma Barcelona 2017, el Encuentro Europeo de Farmacia que se ha celebrado en Fira Gran Via de Barcelona, en una mesa redonda con el t\u00edtulo \u201cFondo Social de Medicamentos, una propuesta de la ONG Banco Farmac\u00e9utico a la pobreza sanitaria\u201d.Una conferencia que ha moderado el tesorero y responsable de la Comisi\u00f3n de Compromiso Social del Col\u00b7legi de Farmac\u00e8utics de Barcelona (COFB), Joan Calduch, y en el que han participado Marta Seda como coordinadora del Banco Farmac\u00e9utico; la doctora Maria Rubio, investigadora de la Unidad de Investigaci\u00f3n y docencia del Parque Sanitario de Sant Joan de D\u00e9u; Julia de Miguel, directora del \u00c0mbit Salut de la Creu Roja a Catalunya; y Josefa Rodr\u00edguez i Molinet, trabajadora Social del Centre d\u2019Atenci\u00f3 Prim\u00e0ria del Institut Catal\u00e0 de la Salut (ICS).El Fondo Social de Medicamentos, tal y como describi\u00f3 Marta Seda, es un proyecto dirigido a cubrir \u201clas necesidades concretas de medicaci\u00f3n de aquellas personas que no pueden pag\u00e1rsela\u201d.\u201cDesde hace un tiempo empezamos a detectar un nuevo perfil de personas que no es el que hasta ahora atend\u00edan las organizaciones asistenciales\u201d, explic\u00f3 Seda. \u201cCon la crisis empezamos a recibir noticias de familias con uno o dos hijos y unas rentas muy bajas que no pod\u00edan hacer frente al copago farmac\u00e9utico\u201d, ha destacado. Para responder a esta nueva necesidad, el Banco Farmac\u00e9utico puso en marcha el Fondo Social de Medicamentos.A trav\u00e9s del trabajador Social del Centro de Salud, el paciente que no puede afrontar su gasto farmac\u00e9utico solicita esta cobertura. Seg\u00fan Seda, entonces \u201cse comprueba su situaci\u00f3n socioecon\u00f3mica, se aprueba su caso y esa persona puede acudir a una de las farmacias colaboradoras que le proporcionar\u00e1 el medicamento de forma gratuita\u201d, explic\u00f3 Seda. \u201cLa farmacia gestiona la venta a trav\u00e9s de nuestra Intranet y a final de mes nos pasa una factura con todo el gasto que finalmente el Banco Farmac\u00e9utico paga\u201d, confirm\u00f3.Con este sistema, el Banco Farmac\u00e9utico ha cubierto desde 2015 la medicaci\u00f3n de 1.716 personas, con un gasto en medicaci\u00f3n que ha subido hasta los 187.000 euros y con un total de 270 farmacias dispensadoras.El problema de la pobreza farmac\u00e9utica y sus consecuenciasLa doctora Mar\u00eda Rubio, investigadora del Parque Sanitario de Sant Joan de D\u00e9u, destac\u00f3 que \u201cuna de cada cinco personas no inician el tratamiento que su m\u00e9dico le ha prescrito\u201d. Y una de las razones de este hecho es, seg\u00fan Rubio, \u201cel coste de los medicamentos\u201d.Las consecuencias de no iniciar el tratamiento, seg\u00fan la doctora, es \u201cun mayor n\u00famero de d\u00edas de baja, m\u00e1s visitas domiciliarias del m\u00e9dico, que suelen ser de urgencia y, por tanto, una peor salud y un mayor coste total para la seguridad social\u201d.J\u00falia de Miguel, directora del \u00c0mbit de la Salut de la Creu Roja en Catalunya, present\u00f3 el Observatorio de Vulnerabilidad de la Cruz Roja, que observa que un 96% de las personas en riesgo de vulnerabilidad tienen acceso al servicio sanitario, \u201cun dato positivo\u201d. Pero el \u201c66% tiene gastos fijos en medicaci\u00f3n y el 64,6% en alg\u00fan momento no han podido pagar alguna medicaci\u00f3n prescrita por su m\u00e9dico\u201d, destac\u00f3 de Miguel. Adem\u00e1s, \u201cun 76% considera que su situaci\u00f3n de vulnerabilidad le ha afectado a su salud f\u00edsica o mental\u201d, reconoci\u00f3 la directora.Seg\u00fan aport\u00f3 Seda, el perfil de las personas que no pueden pagarse sus medicamentos es el de un hombre o una mujer de entre 50 y 60 a\u00f1os, nacional y en situaci\u00f3n de paro. Adem\u00e1s, un 82% son pacientes con un plan farmacol\u00f3gico de larga duraci\u00f3n. \u201cOtro perfil que nos preocupa mucho es el de los j\u00f3venes: tenemos un 11% de usuarios menores de 18 a\u00f1os\u201d, lament\u00f3 la responsable del Banco Farmac\u00e9utico.La trabajadora social Josefa Rodr\u00edguez explic\u00f3 que \u201csiempre ha habido personas que no se han podido pagar los medicamentos, pero con el inicio de la crisis empieza a aflorar otro perfil de gente que no nos ven\u00eda antes\u201d. \u201cFamilias como las de cualquiera de los que estamos aqu\u00ed que cae en situaci\u00f3n de paro o que, con un sueldo de 1.000 euros, no se pueden pagar el 40% del coste de sus medicamentos\u201d, remarc\u00f3 Rodr\u00edguez.Esta situaci\u00f3n, \u201ccrea angustia para el profesional sanitario de ver que un paciente necesita una medicaci\u00f3n que no se puede pagar\u201d.Ante esta problem\u00e1tica, explic\u00f3 la trabajara social, \u201cel Tercer Sector se moviliz\u00f3 con planes de ayuda como los del Banco Farmac\u00e9utico o Cruz Roja\u201d.Ampliar el Fondo Social de Medicamentos a toda Espa\u00f1aEn la actualidad, este Fondo s\u00f3lo cubre estas necesidades en Barcelona y algunos municipios de su alrededor. Pero, tal como destac\u00f3 Seda, \u201cnuestra idea es ampliar el proyecto para que empiece en Madrid, en Arag\u00f3n y en el resto de Espa\u00f1a\u201d.El Fondo Social de Medicamentos se financia mediante subvenciones p\u00fablicas provenientes de la casilla de fines sociales del IRPF y a trav\u00e9s de aportadores privados, tanto de obras sociales de empresas como de particulares.Propuestas para mejorar la situaci\u00f3n de los pacientesRubio quiso proponer tambi\u00e9n medidas para intentar evitar que haya pacientes que no inicien el tratamiento que el m\u00e9dico le ha recetado. Entre ellos, destac\u00f3 un \u201cm\u00e9todo de aviso autom\u00e1tico para alertar a los m\u00e9dicos y los farmac\u00e9uticos de que un paciente no ha comenzado con el plan de medicaci\u00f3n\u201d. Por su parte, el tesorero del COFB, Joan Calduch, avanz\u00f3 que ya se ha empezado una prueba piloto para desarrollar este servicio.\u00a0\u00a0Para m\u00e1s informaci\u00f3n:Departamento de Comunicaci\u00f3n del Col\u00b7legi de Farmac\u00e8utics de Barcelona (COFB)\u00a0Tel\u00e9fono: 93 244 07 28 \/ 18\u00a0premsa@cofb.netWeb de Infarma Barcelona 2017\u00a0\u00a0COFB.ORG<\/p>\n","protected":false},"excerpt":{"rendered":"<p>\u00a0 Barcelona, 24 de marzo de 2017.- La ONG Banco Farmac\u00e9utico present\u00f3 el Fondo Social de Medicamentos el martes 21 de marzo en el marco de Infarma Barcelona 2017, el Encuentro Europeo de Farmacia que se ha celebrado en Fira Gran Via de Barcelona, en una mesa redonda con el [&hellip;]<\/p>\n","protected":false},"author":1,"featured_media":77323,"comment_status":"","ping_status":"","sticky":false,"template":"","format":"standard","meta":{"_uag_custom_page_level_css":"","site-sidebar-layout":"default","site-content-layout":"","ast-site-content-layout":"default","site-content-style":"default","site-sidebar-style":"default","ast-global-header-display":"","ast-banner-title-visibility":"","ast-main-header-display":"","ast-hfb-above-header-display":"","ast-hfb-below-header-display":"","ast-hfb-mobile-header-display":"","site-post-title":"","ast-breadcrumbs-content":"","ast-featured-img":"disabled","footer-sml-layout":"","theme-transparent-header-meta":"","adv-header-id-meta":"","stick-header-meta":"","header-above-stick-meta":"","header-main-stick-meta":"","header-below-stick-meta":"","astra-migrate-meta-layouts":"default","ast-page-background-enabled":"default","ast-page-background-meta":{"desktop":{"background-color":"var(--ast-global-color-4)","background-image":"","background-repeat":"repeat","background-position":"center center","background-size":"auto","background-attachment":"scroll","background-type":"","background-media":"","overlay-type":"","overlay-color":"","overlay-opacity":"","overlay-gradient":""},"tablet":{"background-color":"","background-image":"","background-repeat":"repeat","background-position":"center center","background-size":"auto","background-attachment":"scroll","background-type":"","background-media":"","overlay-type":"","overlay-color":"","overlay-opacity":"","overlay-gradient":""},"mobile":{"background-color":"","background-image":"","background-repeat":"repeat","background-position":"center center","background-size":"auto","background-attachment":"scroll","background-type":"","background-media":"","overlay-type":"","overlay-color":"","overlay-opacity":"","overlay-gradient":""}},"ast-content-background-meta":{"desktop":{"background-color":"var(--ast-global-color-5)","background-image":"","background-repeat":"repeat","background-position":"center center","background-size":"auto","background-attachment":"scroll","background-type":"","background-media":"","overlay-type":"","overlay-color":"","overlay-opacity":"","overlay-gradient":""},"tablet":{"background-color":"var(--ast-global-color-5)","background-image":"","background-repeat":"repeat","background-position":"center center","background-size":"auto","background-attachment":"scroll","background-type":"","background-media":"","overlay-type":"","overlay-color":"","overlay-opacity":"","overlay-gradient":""},"mobile":{"background-color":"var(--ast-global-color-5)","background-image":"","background-repeat":"repeat","background-position":"center center","background-size":"auto","background-attachment":"scroll","background-type":"","background-media":"","overlay-type":"","overlay-color":"","overlay-opacity":"","overlay-gradient":""}},"footnotes":""},"categories":[1060,1066],"tags":[],"class_list":["post-77322","post","type-post","status-publish","format-standard","has-post-thumbnail","hentry","category-notes-premsa","category-sense-categoria-ca"],"yoast_head":"<!-- This site is optimized with the Yoast SEO plugin v22.4 - https:\/\/yoast.com\/wordpress\/plugins\/seo\/ -->\n<title>La ONG Banco Farmac\u00e9utico presenta en Infarma el Fondo Social de Medicamentos para acabar con la pobreza sanitaria - Col\u00b7legi de Farmac\u00e8utics de Barcelona<\/title>\n<meta name=\"robots\" content=\"index, follow, max-snippet:-1, max-image-preview:large, max-video-preview:-1\" \/>\n<link rel=\"canonical\" href=\"https:\/\/novaorg.cofb.net\/2017\/03\/24\/la-ong-banco-farmaceutico-presenta-en-infarma-el-fondo-social-de-medicamentos-para-acabar-con-la-pobreza-sanitaria\/\" \/>\n<meta property=\"og:locale\" content=\"ca_ES\" \/>\n<meta property=\"og:type\" content=\"article\" \/>\n<meta property=\"og:title\" content=\"La ONG Banco Farmac\u00e9utico presenta en Infarma el Fondo Social de Medicamentos para acabar con la pobreza sanitaria - Col\u00b7legi de Farmac\u00e8utics de Barcelona\" \/>\n<meta property=\"og:description\" content=\"\u00a0 Barcelona, 24 de marzo de 2017.- La ONG Banco Farmac\u00e9utico present\u00f3 el Fondo Social de Medicamentos el martes 21 de marzo en el marco de Infarma Barcelona 2017, el Encuentro Europeo de Farmacia que se ha celebrado en Fira Gran Via de Barcelona, en una mesa redonda con el [&hellip;]\" \/>\n<meta property=\"og:url\" content=\"https:\/\/novaorg.cofb.net\/2017\/03\/24\/la-ong-banco-farmaceutico-presenta-en-infarma-el-fondo-social-de-medicamentos-para-acabar-con-la-pobreza-sanitaria\/\" \/>\n<meta property=\"og:site_name\" content=\"Col\u00b7legi de Farmac\u00e8utics de Barcelona\" \/>\n<meta property=\"article:publisher\" content=\"https:\/\/www.facebook.com\/farmaceuticsbcn\/\" \/>\n<meta property=\"article:published_time\" content=\"2017-03-24T11:20:00+00:00\" \/>\n<meta property=\"og:image\" content=\"https:\/\/novaorg.cofb.net\/wp-content\/uploads\/2017\/03\/image_gallery-nPOWbB.jpeg\" \/>\n\t<meta property=\"og:image:width\" content=\"378\" \/>\n\t<meta property=\"og:image:height\" content=\"378\" \/>\n\t<meta property=\"og:image:type\" content=\"image\/jpeg\" \/>\n<meta name=\"author\" content=\"wpAdminCofbOrg\" \/>\n<meta name=\"twitter:card\" content=\"summary_large_image\" \/>\n<meta name=\"twitter:creator\" content=\"@farmaceuticsbcn\" \/>\n<meta name=\"twitter:site\" content=\"@farmaceuticsbcn\" \/>\n<meta name=\"twitter:label1\" content=\"Escrit per\" \/>\n\t<meta name=\"twitter:data1\" content=\"wpAdminCofbOrg\" \/>\n\t<meta name=\"twitter:label2\" content=\"Temps estimat de lectura\" \/>\n\t<meta name=\"twitter:data2\" content=\"10 minuts\" \/>\n<script type=\"application\/ld+json\" class=\"yoast-schema-graph\">{\"@context\":\"https:\/\/schema.org\",\"@graph\":[{\"@type\":\"Article\",\"@id\":\"https:\/\/novaorg.cofb.net\/2017\/03\/24\/la-ong-banco-farmaceutico-presenta-en-infarma-el-fondo-social-de-medicamentos-para-acabar-con-la-pobreza-sanitaria\/#article\",\"isPartOf\":{\"@id\":\"https:\/\/novaorg.cofb.net\/2017\/03\/24\/la-ong-banco-farmaceutico-presenta-en-infarma-el-fondo-social-de-medicamentos-para-acabar-con-la-pobreza-sanitaria\/\"},\"author\":{\"name\":\"wpAdminCofbOrg\",\"@id\":\"https:\/\/www.cofb.org\/#\/schema\/person\/22ed7eea88da74b0fa4d3154ad87ffcb\"},\"headline\":\"La ONG Banco Farmac\u00e9utico presenta en Infarma el Fondo Social de Medicamentos para acabar con la pobreza sanitaria\",\"datePublished\":\"2017-03-24T11:20:00+00:00\",\"dateModified\":\"2017-03-24T11:20:00+00:00\",\"mainEntityOfPage\":{\"@id\":\"https:\/\/novaorg.cofb.net\/2017\/03\/24\/la-ong-banco-farmaceutico-presenta-en-infarma-el-fondo-social-de-medicamentos-para-acabar-con-la-pobreza-sanitaria\/\"},\"wordCount\":2025,\"publisher\":{\"@id\":\"https:\/\/www.cofb.org\/#organization\"},\"image\":{\"@id\":\"https:\/\/novaorg.cofb.net\/2017\/03\/24\/la-ong-banco-farmaceutico-presenta-en-infarma-el-fondo-social-de-medicamentos-para-acabar-con-la-pobreza-sanitaria\/#primaryimage\"},\"thumbnailUrl\":\"https:\/\/www.cofb.org\/wp-content\/uploads\/2017\/03\/image_gallery-nPOWbB.jpeg\",\"articleSection\":[\"Notes de premsa\"],\"inLanguage\":\"ca\"},{\"@type\":\"WebPage\",\"@id\":\"https:\/\/novaorg.cofb.net\/2017\/03\/24\/la-ong-banco-farmaceutico-presenta-en-infarma-el-fondo-social-de-medicamentos-para-acabar-con-la-pobreza-sanitaria\/\",\"url\":\"https:\/\/novaorg.cofb.net\/2017\/03\/24\/la-ong-banco-farmaceutico-presenta-en-infarma-el-fondo-social-de-medicamentos-para-acabar-con-la-pobreza-sanitaria\/\",\"name\":\"La ONG Banco Farmac\u00e9utico presenta en Infarma el Fondo Social de Medicamentos para acabar con la pobreza sanitaria - Col\u00b7legi de Farmac\u00e8utics de Barcelona\",\"isPartOf\":{\"@id\":\"https:\/\/www.cofb.org\/#website\"},\"primaryImageOfPage\":{\"@id\":\"https:\/\/novaorg.cofb.net\/2017\/03\/24\/la-ong-banco-farmaceutico-presenta-en-infarma-el-fondo-social-de-medicamentos-para-acabar-con-la-pobreza-sanitaria\/#primaryimage\"},\"image\":{\"@id\":\"https:\/\/novaorg.cofb.net\/2017\/03\/24\/la-ong-banco-farmaceutico-presenta-en-infarma-el-fondo-social-de-medicamentos-para-acabar-con-la-pobreza-sanitaria\/#primaryimage\"},\"thumbnailUrl\":\"https:\/\/www.cofb.org\/wp-content\/uploads\/2017\/03\/image_gallery-nPOWbB.jpeg\",\"datePublished\":\"2017-03-24T11:20:00+00:00\",\"dateModified\":\"2017-03-24T11:20:00+00:00\",\"breadcrumb\":{\"@id\":\"https:\/\/novaorg.cofb.net\/2017\/03\/24\/la-ong-banco-farmaceutico-presenta-en-infarma-el-fondo-social-de-medicamentos-para-acabar-con-la-pobreza-sanitaria\/#breadcrumb\"},\"inLanguage\":\"ca\",\"potentialAction\":[{\"@type\":\"ReadAction\",\"target\":[\"https:\/\/novaorg.cofb.net\/2017\/03\/24\/la-ong-banco-farmaceutico-presenta-en-infarma-el-fondo-social-de-medicamentos-para-acabar-con-la-pobreza-sanitaria\/\"]}]},{\"@type\":\"ImageObject\",\"inLanguage\":\"ca\",\"@id\":\"https:\/\/novaorg.cofb.net\/2017\/03\/24\/la-ong-banco-farmaceutico-presenta-en-infarma-el-fondo-social-de-medicamentos-para-acabar-con-la-pobreza-sanitaria\/#primaryimage\",\"url\":\"https:\/\/www.cofb.org\/wp-content\/uploads\/2017\/03\/image_gallery-nPOWbB.jpeg\",\"contentUrl\":\"https:\/\/www.cofb.org\/wp-content\/uploads\/2017\/03\/image_gallery-nPOWbB.jpeg\",\"width\":378,\"height\":378},{\"@type\":\"BreadcrumbList\",\"@id\":\"https:\/\/novaorg.cofb.net\/2017\/03\/24\/la-ong-banco-farmaceutico-presenta-en-infarma-el-fondo-social-de-medicamentos-para-acabar-con-la-pobreza-sanitaria\/#breadcrumb\",\"itemListElement\":[{\"@type\":\"ListItem\",\"position\":1,\"name\":\"Inici\",\"item\":\"https:\/\/novaorg.cofb.net\/\"},{\"@type\":\"ListItem\",\"position\":2,\"name\":\"La ONG Banco Farmac\u00e9utico presenta en Infarma el Fondo Social de Medicamentos para acabar con la pobreza sanitaria\"}]},{\"@type\":\"WebSite\",\"@id\":\"https:\/\/www.cofb.org\/#website\",\"url\":\"https:\/\/www.cofb.org\/\",\"name\":\"Col\u00b7legi de Farmac\u00e8utics de Barcelona\",\"description\":\"\",\"publisher\":{\"@id\":\"https:\/\/www.cofb.org\/#organization\"},\"potentialAction\":[{\"@type\":\"SearchAction\",\"target\":{\"@type\":\"EntryPoint\",\"urlTemplate\":\"https:\/\/www.cofb.org\/?s={search_term_string}\"},\"query-input\":\"required name=search_term_string\"}],\"inLanguage\":\"ca\"},{\"@type\":\"Organization\",\"@id\":\"https:\/\/www.cofb.org\/#organization\",\"name\":\"Col\u00b7legi de Farmac\u00e8utics de Barcelona\",\"url\":\"https:\/\/www.cofb.org\/\",\"logo\":{\"@type\":\"ImageObject\",\"inLanguage\":\"ca\",\"@id\":\"https:\/\/www.cofb.org\/#\/schema\/logo\/image\/\",\"url\":\"https:\/\/www.cofb.org\/wp-content\/uploads\/2023\/11\/cropped-Logotip-COFB.png\",\"contentUrl\":\"https:\/\/www.cofb.org\/wp-content\/uploads\/2023\/11\/cropped-Logotip-COFB.png\",\"width\":500,\"height\":105,\"caption\":\"Col\u00b7legi de Farmac\u00e8utics de Barcelona\"},\"image\":{\"@id\":\"https:\/\/www.cofb.org\/#\/schema\/logo\/image\/\"},\"sameAs\":[\"https:\/\/www.facebook.com\/farmaceuticsbcn\/\",\"https:\/\/twitter.com\/farmaceuticsbcn\",\"https:\/\/www.instagram.com\/farmaceuticsbcn\/\",\"https:\/\/www.linkedin.com\/company\/farmaceuticsbcn\/\"]},{\"@type\":\"Person\",\"@id\":\"https:\/\/www.cofb.org\/#\/schema\/person\/22ed7eea88da74b0fa4d3154ad87ffcb\",\"name\":\"wpAdminCofbOrg\",\"image\":{\"@type\":\"ImageObject\",\"inLanguage\":\"ca\",\"@id\":\"https:\/\/www.cofb.org\/#\/schema\/person\/image\/\",\"url\":\"https:\/\/secure.gravatar.com\/avatar\/1721b20b3b8ca882c3b56ec6c978c594fff670e40c0718e9190eaeeb76aae7d8?s=96&d=mm&r=g\",\"contentUrl\":\"https:\/\/secure.gravatar.com\/avatar\/1721b20b3b8ca882c3b56ec6c978c594fff670e40c0718e9190eaeeb76aae7d8?s=96&d=mm&r=g\",\"caption\":\"wpAdminCofbOrg\"},\"sameAs\":[\"http:\/\/192.168.64.122\/wordpress\"],\"url\":\"https:\/\/www.cofb.org\/ca\/author\/wpadmincofborg\/\"}]}<\/script>\n<!-- \/ Yoast SEO plugin. -->","yoast_head_json":{"title":"La ONG Banco Farmac\u00e9utico presenta en Infarma el Fondo Social de Medicamentos para acabar con la pobreza sanitaria - Col\u00b7legi de Farmac\u00e8utics de Barcelona","robots":{"index":"index","follow":"follow","max-snippet":"max-snippet:-1","max-image-preview":"max-image-preview:large","max-video-preview":"max-video-preview:-1"},"canonical":"https:\/\/novaorg.cofb.net\/2017\/03\/24\/la-ong-banco-farmaceutico-presenta-en-infarma-el-fondo-social-de-medicamentos-para-acabar-con-la-pobreza-sanitaria\/","og_locale":"ca_ES","og_type":"article","og_title":"La ONG Banco Farmac\u00e9utico presenta en Infarma el Fondo Social de Medicamentos para acabar con la pobreza sanitaria - Col\u00b7legi de Farmac\u00e8utics de Barcelona","og_description":"\u00a0 Barcelona, 24 de marzo de 2017.- La ONG Banco Farmac\u00e9utico present\u00f3 el Fondo Social de Medicamentos el martes 21 de marzo en el marco de Infarma Barcelona 2017, el Encuentro Europeo de Farmacia que se ha celebrado en Fira Gran Via de Barcelona, en una mesa redonda con el [&hellip;]","og_url":"https:\/\/novaorg.cofb.net\/2017\/03\/24\/la-ong-banco-farmaceutico-presenta-en-infarma-el-fondo-social-de-medicamentos-para-acabar-con-la-pobreza-sanitaria\/","og_site_name":"Col\u00b7legi de Farmac\u00e8utics de Barcelona","article_publisher":"https:\/\/www.facebook.com\/farmaceuticsbcn\/","article_published_time":"2017-03-24T11:20:00+00:00","og_image":[{"width":378,"height":378,"url":"https:\/\/novaorg.cofb.net\/wp-content\/uploads\/2017\/03\/image_gallery-nPOWbB.jpeg","type":"image\/jpeg"}],"author":"wpAdminCofbOrg","twitter_card":"summary_large_image","twitter_creator":"@farmaceuticsbcn","twitter_site":"@farmaceuticsbcn","twitter_misc":{"Escrit per":"wpAdminCofbOrg","Temps estimat de lectura":"10 minuts"},"schema":{"@context":"https:\/\/schema.org","@graph":[{"@type":"Article","@id":"https:\/\/novaorg.cofb.net\/2017\/03\/24\/la-ong-banco-farmaceutico-presenta-en-infarma-el-fondo-social-de-medicamentos-para-acabar-con-la-pobreza-sanitaria\/#article","isPartOf":{"@id":"https:\/\/novaorg.cofb.net\/2017\/03\/24\/la-ong-banco-farmaceutico-presenta-en-infarma-el-fondo-social-de-medicamentos-para-acabar-con-la-pobreza-sanitaria\/"},"author":{"name":"wpAdminCofbOrg","@id":"https:\/\/www.cofb.org\/#\/schema\/person\/22ed7eea88da74b0fa4d3154ad87ffcb"},"headline":"La ONG Banco Farmac\u00e9utico presenta en Infarma el Fondo Social de Medicamentos para acabar con la pobreza sanitaria","datePublished":"2017-03-24T11:20:00+00:00","dateModified":"2017-03-24T11:20:00+00:00","mainEntityOfPage":{"@id":"https:\/\/novaorg.cofb.net\/2017\/03\/24\/la-ong-banco-farmaceutico-presenta-en-infarma-el-fondo-social-de-medicamentos-para-acabar-con-la-pobreza-sanitaria\/"},"wordCount":2025,"publisher":{"@id":"https:\/\/www.cofb.org\/#organization"},"image":{"@id":"https:\/\/novaorg.cofb.net\/2017\/03\/24\/la-ong-banco-farmaceutico-presenta-en-infarma-el-fondo-social-de-medicamentos-para-acabar-con-la-pobreza-sanitaria\/#primaryimage"},"thumbnailUrl":"https:\/\/www.cofb.org\/wp-content\/uploads\/2017\/03\/image_gallery-nPOWbB.jpeg","articleSection":["Notes de premsa"],"inLanguage":"ca"},{"@type":"WebPage","@id":"https:\/\/novaorg.cofb.net\/2017\/03\/24\/la-ong-banco-farmaceutico-presenta-en-infarma-el-fondo-social-de-medicamentos-para-acabar-con-la-pobreza-sanitaria\/","url":"https:\/\/novaorg.cofb.net\/2017\/03\/24\/la-ong-banco-farmaceutico-presenta-en-infarma-el-fondo-social-de-medicamentos-para-acabar-con-la-pobreza-sanitaria\/","name":"La ONG Banco Farmac\u00e9utico presenta en Infarma el Fondo Social de Medicamentos para acabar con la pobreza sanitaria - Col\u00b7legi de Farmac\u00e8utics de Barcelona","isPartOf":{"@id":"https:\/\/www.cofb.org\/#website"},"primaryImageOfPage":{"@id":"https:\/\/novaorg.cofb.net\/2017\/03\/24\/la-ong-banco-farmaceutico-presenta-en-infarma-el-fondo-social-de-medicamentos-para-acabar-con-la-pobreza-sanitaria\/#primaryimage"},"image":{"@id":"https:\/\/novaorg.cofb.net\/2017\/03\/24\/la-ong-banco-farmaceutico-presenta-en-infarma-el-fondo-social-de-medicamentos-para-acabar-con-la-pobreza-sanitaria\/#primaryimage"},"thumbnailUrl":"https:\/\/www.cofb.org\/wp-content\/uploads\/2017\/03\/image_gallery-nPOWbB.jpeg","datePublished":"2017-03-24T11:20:00+00:00","dateModified":"2017-03-24T11:20:00+00:00","breadcrumb":{"@id":"https:\/\/novaorg.cofb.net\/2017\/03\/24\/la-ong-banco-farmaceutico-presenta-en-infarma-el-fondo-social-de-medicamentos-para-acabar-con-la-pobreza-sanitaria\/#breadcrumb"},"inLanguage":"ca","potentialAction":[{"@type":"ReadAction","target":["https:\/\/novaorg.cofb.net\/2017\/03\/24\/la-ong-banco-farmaceutico-presenta-en-infarma-el-fondo-social-de-medicamentos-para-acabar-con-la-pobreza-sanitaria\/"]}]},{"@type":"ImageObject","inLanguage":"ca","@id":"https:\/\/novaorg.cofb.net\/2017\/03\/24\/la-ong-banco-farmaceutico-presenta-en-infarma-el-fondo-social-de-medicamentos-para-acabar-con-la-pobreza-sanitaria\/#primaryimage","url":"https:\/\/www.cofb.org\/wp-content\/uploads\/2017\/03\/image_gallery-nPOWbB.jpeg","contentUrl":"https:\/\/www.cofb.org\/wp-content\/uploads\/2017\/03\/image_gallery-nPOWbB.jpeg","width":378,"height":378},{"@type":"BreadcrumbList","@id":"https:\/\/novaorg.cofb.net\/2017\/03\/24\/la-ong-banco-farmaceutico-presenta-en-infarma-el-fondo-social-de-medicamentos-para-acabar-con-la-pobreza-sanitaria\/#breadcrumb","itemListElement":[{"@type":"ListItem","position":1,"name":"Inici","item":"https:\/\/novaorg.cofb.net\/"},{"@type":"ListItem","position":2,"name":"La ONG Banco Farmac\u00e9utico presenta en Infarma el Fondo Social de Medicamentos para acabar con la pobreza sanitaria"}]},{"@type":"WebSite","@id":"https:\/\/www.cofb.org\/#website","url":"https:\/\/www.cofb.org\/","name":"Col\u00b7legi de Farmac\u00e8utics de Barcelona","description":"","publisher":{"@id":"https:\/\/www.cofb.org\/#organization"},"potentialAction":[{"@type":"SearchAction","target":{"@type":"EntryPoint","urlTemplate":"https:\/\/www.cofb.org\/?s={search_term_string}"},"query-input":"required name=search_term_string"}],"inLanguage":"ca"},{"@type":"Organization","@id":"https:\/\/www.cofb.org\/#organization","name":"Col\u00b7legi de Farmac\u00e8utics de Barcelona","url":"https:\/\/www.cofb.org\/","logo":{"@type":"ImageObject","inLanguage":"ca","@id":"https:\/\/www.cofb.org\/#\/schema\/logo\/image\/","url":"https:\/\/www.cofb.org\/wp-content\/uploads\/2023\/11\/cropped-Logotip-COFB.png","contentUrl":"https:\/\/www.cofb.org\/wp-content\/uploads\/2023\/11\/cropped-Logotip-COFB.png","width":500,"height":105,"caption":"Col\u00b7legi de Farmac\u00e8utics de Barcelona"},"image":{"@id":"https:\/\/www.cofb.org\/#\/schema\/logo\/image\/"},"sameAs":["https:\/\/www.facebook.com\/farmaceuticsbcn\/","https:\/\/twitter.com\/farmaceuticsbcn","https:\/\/www.instagram.com\/farmaceuticsbcn\/","https:\/\/www.linkedin.com\/company\/farmaceuticsbcn\/"]},{"@type":"Person","@id":"https:\/\/www.cofb.org\/#\/schema\/person\/22ed7eea88da74b0fa4d3154ad87ffcb","name":"wpAdminCofbOrg","image":{"@type":"ImageObject","inLanguage":"ca","@id":"https:\/\/www.cofb.org\/#\/schema\/person\/image\/","url":"https:\/\/secure.gravatar.com\/avatar\/1721b20b3b8ca882c3b56ec6c978c594fff670e40c0718e9190eaeeb76aae7d8?s=96&d=mm&r=g","contentUrl":"https:\/\/secure.gravatar.com\/avatar\/1721b20b3b8ca882c3b56ec6c978c594fff670e40c0718e9190eaeeb76aae7d8?s=96&d=mm&r=g","caption":"wpAdminCofbOrg"},"sameAs":["http:\/\/192.168.64.122\/wordpress"],"url":"https:\/\/www.cofb.org\/ca\/author\/wpadmincofborg\/"}]}},"uagb_featured_image_src":{"full":["https:\/\/www.cofb.org\/wp-content\/uploads\/2017\/03\/image_gallery-nPOWbB.jpeg",378,378,false],"thumbnail":["https:\/\/www.cofb.org\/wp-content\/uploads\/2017\/03\/image_gallery-nPOWbB-150x150.jpeg",150,150,true],"medium":["https:\/\/www.cofb.org\/wp-content\/uploads\/2017\/03\/image_gallery-nPOWbB-300x300.jpeg",300,300,true],"medium_large":["https:\/\/www.cofb.org\/wp-content\/uploads\/2017\/03\/image_gallery-nPOWbB.jpeg",378,378,false],"large":["https:\/\/www.cofb.org\/wp-content\/uploads\/2017\/03\/image_gallery-nPOWbB.jpeg",378,378,false],"1536x1536":["https:\/\/www.cofb.org\/wp-content\/uploads\/2017\/03\/image_gallery-nPOWbB.jpeg",378,378,false],"2048x2048":["https:\/\/www.cofb.org\/wp-content\/uploads\/2017\/03\/image_gallery-nPOWbB.jpeg",378,378,false],"trp-custom-language-flag":["https:\/\/www.cofb.org\/wp-content\/uploads\/2017\/03\/image_gallery-nPOWbB-12x12.jpeg",12,12,true]},"uagb_author_info":{"display_name":"wpAdminCofbOrg","author_link":"https:\/\/www.cofb.org\/ca\/author\/wpadmincofborg\/"},"uagb_comment_info":0,"uagb_excerpt":"\u00a0 Barcelona, 24 de marzo de 2017.- La ONG Banco Farmac\u00e9utico present\u00f3 el Fondo Social de Medicamentos el martes 21 de marzo en el marco de Infarma Barcelona 2017, el Encuentro Europeo de Farmacia que se ha celebrado en Fira Gran Via de Barcelona, en una mesa redonda con el [&hellip;]","_links":{"self":[{"href":"https:\/\/www.cofb.org\/ca\/wp-json\/wp\/v2\/posts\/77322","targetHints":{"allow":["GET"]}}],"collection":[{"href":"https:\/\/www.cofb.org\/ca\/wp-json\/wp\/v2\/posts"}],"about":[{"href":"https:\/\/www.cofb.org\/ca\/wp-json\/wp\/v2\/types\/post"}],"author":[{"embeddable":true,"href":"https:\/\/www.cofb.org\/ca\/wp-json\/wp\/v2\/users\/1"}],"replies":[{"embeddable":true,"href":"https:\/\/www.cofb.org\/ca\/wp-json\/wp\/v2\/comments?post=77322"}],"version-history":[{"count":0,"href":"https:\/\/www.cofb.org\/ca\/wp-json\/wp\/v2\/posts\/77322\/revisions"}],"wp:featuredmedia":[{"embeddable":true,"href":"https:\/\/www.cofb.org\/ca\/wp-json\/wp\/v2\/media\/77323"}],"wp:attachment":[{"href":"https:\/\/www.cofb.org\/ca\/wp-json\/wp\/v2\/media?parent=77322"}],"wp:term":[{"taxonomy":"category","embeddable":true,"href":"https:\/\/www.cofb.org\/ca\/wp-json\/wp\/v2\/categories?post=77322"},{"taxonomy":"post_tag","embeddable":true,"href":"https:\/\/www.cofb.org\/ca\/wp-json\/wp\/v2\/tags?post=77322"}],"curies":[{"name":"wp","href":"https:\/\/api.w.org\/{rel}","templated":true}]}}