{"id":77320,"date":"2017-03-24T12:28:00","date_gmt":"2017-03-24T12:28:00","guid":{"rendered":"https:\/\/novaorg.cofb.net\/2017\/03\/24\/cataluna-preve-tener-lista-la-red-de-farmacias-centinela-para-este-verano\/"},"modified":"2017-03-24T12:28:00","modified_gmt":"2017-03-24T12:28:00","slug":"cataluna-preve-tener-lista-la-red-de-farmacias-centinela-para-este-verano","status":"publish","type":"post","link":"https:\/\/www.cofb.org\/ca\/2017\/03\/24\/cataluna-preve-tener-lista-la-red-de-farmacias-centinela-para-este-verano\/","title":{"rendered":"Catalu\u00f1a prev\u00e9 tener lista la red de Farmacias centinela para este verano"},"content":{"rendered":"<p>\u00a0<\/p>\n<ul>\n<li><strong>Adem\u00e1s de las labores de farmacovigilancia, el Departament de Salut aspira a detectar el abuso y uso recreativo de los medicamentos<\/strong><\/li>\n<li><strong>Experiencias en varias regiones evidencian el valor de esta red para detectar demandas de salud en procesos de baja complejidad y acciones en estados precl\u00ednicos<\/strong><\/li>\n<li><strong>\u201cLa farmacia detecta entre 9 y 12 d\u00edas antes que los centros sanitarios la entrada de epidemia de gripe; es un recurso que nosotros debemos aprovechar para preparar a los centros sanitarios\u201d, Manel Rabanal, responsable de los Servicios de Farmacia y Publicidad del Medicamento del Departamento de Salud de Catalu\u00f1a<\/strong><\/li>\n<\/ul>\n<p><em>Barcelona, 24 de marzo de 2017<\/em>.- La red de Farmacias centinela de Catalu\u00f1a estar\u00e1 plenamente operativa este verano, seg\u00fan el c\u00e1lculo del Departament de Salut del Gobierno de Catalunya. Adem\u00e1s de las funciones de farmacovigilancia y detecci\u00f3n de problemas relacionados con los medicamentos, esta red se encargar\u00e1 de rastrear posibles usos recreativos de los medicamentos, seg\u00fan explic\u00f3 Manel Rabanal, responsable de los Servicios de Farmacia y Publicidad del Medicamento del Departamento de Salud de Catalu\u00f1a, durante su intervenci\u00f3n en Infarma Barcelona 2017.<\/p>\n<p>Para ello, contar\u00e1 con la implicaci\u00f3n de 60 oficinas de farmacia (32 de Barcelona; 10 de Girona; 10 de Tarragona y 8 de Lleida) que monitorizar\u00e1n una poblaci\u00f3n de 146.335 habitantes (2% de la poblaci\u00f3n catalana). Las farmacias que formen parte de esta red tendr\u00e1n que realizar una serie de actividades de farmacovigilancia como lanzar alertas de calidad de los medicamentos, errores de medicaci\u00f3n, reacciones adversas y control de f\u00e1rmacos de especial seguimiento de tri\u00e1ngulo invertido. Tambi\u00e9n tendr\u00e1n que hacer funciones de control de posible abuso de f\u00e1rmacos haciendo \u201cseguimiento general de cualquier situaci\u00f3n que pueda constituir un abuso de medicamentos y a partir de \u00e9sta, plantear seguimientos espec\u00edficos y generar alertas para otras farmacias\u201d, explic\u00f3 Rabanal.<\/p>\n<p>Por \u00faltimo, tambi\u00e9n har\u00e1n funciones de salud p\u00fablica \u201ccomo de seguimiento de la p\u00edldora del d\u00eda despu\u00e9s o participar en la detecci\u00f3n de enfermedades de transmisi\u00f3n sexual\u201d, explic\u00f3. En este sentido, valor\u00f3 la potencialidad que tiene la informaci\u00f3n que genere esta red en \u201cprocesos precl\u00ednicos de enfermedades. Un ejemplo<strong>, la farmacia detecta entre 9 y 12 d\u00edas antes que los centros sanitarios la entrada de epidemia de gripe; es un recurso que nosotros debemos aprovechar para preparar a los centros sanitarios\u201d<\/strong>, apunt\u00f3 Rabanal. Adem\u00e1s, entiende que deben \u201ctrabajar con unos indicadores que demuestren la efectividad y la eficiencia que aporte al sistema disponer de estas farmacias centinela\u201d.<\/p>\n<p><u><strong>La importancia de los datos<\/strong><\/u><\/p>\n<p>Joaquim Nolla, presidente del Colegio Oficial de Farmac\u00e9uticos de Tarragona, explic\u00f3 que la oportunidad de recogida de datos de la farmacia es enorme: \u201cLa frecuentaci\u00f3n de la poblaci\u00f3n a la oficina de farmacia es siete veces superior a la que se observa en centros de atenci\u00f3n primaria por su nivel de accesibilidad y detecta una demanda de salud en procesos de baja o muy baja complejidad\u201d.<\/p>\n<p>En Castilla y Le\u00f3n, como explic\u00f3 el presidente del COF de Valladolid, Carlos Trece\u00f1o, las alertas presentadas por las farmacias superaron por primera vez al n\u00famero de avisos realizados por m\u00e9dicos o enfermeros. As\u00ed, \u201cen 2016 hubo un aumento del 153% del n\u00famero de notificaciones realizadas por los farmac\u00e9uticos, que ascendieron a un total de 81\u201d, apunt\u00f3. Adem\u00e1s, desde la puesta en marcha de la red en 2015 ha habido 131 notificaciones sobre reacciones adversas de medicamentos (RAM) y 220 notificaciones en errores de medicaci\u00f3n.<\/p>\n<p>M\u00e1s all\u00e1 de las cifras, Trece\u00f1o valora que estas alertas permiten sentar las bases para poner en marcha estudios como el \u201cmultic\u00e9ntrico sobre la incidencia de hemorragias o efectos adversos relacionados con el sistema nervioso, dermatol\u00f3gico, gastrointestinal, neuromuscular o bucodental en dos cohortes de 300 pacientes tratados con anticoagulantes\u201d, ya que representan \u201cuna oportunidad para que desde la oficina de farmacia aportemos informaci\u00f3n clave sobre la utilizaci\u00f3n de determinados medicamentos\u201d.<\/p>\n<p>Coincide en esta lectura Luis Panadero, vicepresidente tercero del COF de Madrid, regi\u00f3n pionera en la implantaci\u00f3n de la red de Farmacias centinela en 2006. Su experiencia le permite afirmar que ha demostrado \u201cser una herramienta \u00fatil en seguridad del medicamento\u201d que, adem\u00e1s, \u201cpermite a la farmacia estar claramente integrada en el sistema de salud, generando una cantidad de informaci\u00f3n importante que tenemos que saber gestionar para tomar decisiones a lo largo de toda la cadena del medicamento\u201d.<\/p>\n<p>La red madrile\u00f1a, desde su creaci\u00f3n y a fecha de marzo de 2017 ha generado 7.750 comunicaciones, la mayor\u00eda (64,2%) de errores de prescripci\u00f3n (duplicidad de c\u00f3digos, nomencl\u00e1tor no actualizado, bajas no notificadas, etc.); un 18% estar\u00edan relacionadas con la dispensaci\u00f3n en la farmacia; un 10 por ciento, por problemas en el suministro y un 2,6% en la administraci\u00f3n a cargo de los pacientes.<\/p>\n<p>\u00a0<\/p>\n<p><img fetchpriority=\"high\" decoding=\"async\" src=\"http:\/\/www.cofb.org\/image\/image_gallery?uuid=4bafca25-a5c3-4450-98e3-964876fa2a75&amp;groupId=85948&amp;t=1490612866107\" width=\"280\" height=\"280\" alt=\"\"><\/p>\n<p class=\"MsoNormal\">\u00a0<\/p>\n<p class=\"MsoNormal\"><strong>Para m\u00e1s informaci\u00f3n:<\/strong><br \/>Departamento de Comunicaci\u00f3n del Col\u00b7legi de Farmac\u00e8utics de Barcelona (COFB)\u00a0<br \/>Tel\u00e9fono: 93 244 07 28 \/ 18\u00a0<br \/>premsa@cofb.net<\/p>\n<p class=\"MsoNormal\"><span lang=\"ES\"><a href=\"http:\/\/www.infarma.es\/\" target=\"_blank\" rel=\"noopener\">Web de Infarma Barcelona 2017<\/a><\/span><\/p>\n<p>\u00a0Adem\u00e1s de las labores de farmacovigilancia, el Departament de Salut aspira a detectar el abuso y uso recreativo de los medicamentosExperiencias en varias regiones evidencian el valor de esta red para detectar demandas de salud en procesos de baja complejidad y acciones en estados precl\u00ednicos\u201cLa farmacia detecta entre 9 y 12 d\u00edas antes que los centros sanitarios la entrada de epidemia de gripe; es un recurso que nosotros debemos aprovechar para preparar a los centros sanitarios\u201d, Manel Rabanal, responsable de los Servicios de Farmacia y Publicidad del Medicamento del Departamento de Salud de Catalu\u00f1aBarcelona, 24 de marzo de 2017.- La red de Farmacias centinela de Catalu\u00f1a estar\u00e1 plenamente operativa este verano, seg\u00fan el c\u00e1lculo del Departament de Salut del Gobierno de Catalunya. Adem\u00e1s de las funciones de farmacovigilancia y detecci\u00f3n de problemas relacionados con los medicamentos, esta red se encargar\u00e1 de rastrear posibles usos recreativos de los medicamentos, seg\u00fan explic\u00f3 Manel Rabanal, responsable de los Servicios de Farmacia y Publicidad del Medicamento del Departamento de Salud de Catalu\u00f1a, durante su intervenci\u00f3n en Infarma Barcelona 2017.Para ello, contar\u00e1 con la implicaci\u00f3n de 60 oficinas de farmacia (32 de Barcelona; 10 de Girona; 10 de Tarragona y 8 de Lleida) que monitorizar\u00e1n una poblaci\u00f3n de 146.335 habitantes (2% de la poblaci\u00f3n catalana). Las farmacias que formen parte de esta red tendr\u00e1n que realizar una serie de actividades de farmacovigilancia como lanzar alertas de calidad de los medicamentos, errores de medicaci\u00f3n, reacciones adversas y control de f\u00e1rmacos de especial seguimiento de tri\u00e1ngulo invertido. Tambi\u00e9n tendr\u00e1n que hacer funciones de control de posible abuso de f\u00e1rmacos haciendo \u201cseguimiento general de cualquier situaci\u00f3n que pueda constituir un abuso de medicamentos y a partir de \u00e9sta, plantear seguimientos espec\u00edficos y generar alertas para otras farmacias\u201d, explic\u00f3 Rabanal.Por \u00faltimo, tambi\u00e9n har\u00e1n funciones de salud p\u00fablica \u201ccomo de seguimiento de la p\u00edldora del d\u00eda despu\u00e9s o participar en la detecci\u00f3n de enfermedades de transmisi\u00f3n sexual\u201d, explic\u00f3. En este sentido, valor\u00f3 la potencialidad que tiene la informaci\u00f3n que genere esta red en \u201cprocesos precl\u00ednicos de enfermedades. Un ejemplo, la farmacia detecta entre 9 y 12 d\u00edas antes que los centros sanitarios la entrada de epidemia de gripe; es un recurso que nosotros debemos aprovechar para preparar a los centros sanitarios\u201d, apunt\u00f3 Rabanal. Adem\u00e1s, entiende que deben \u201ctrabajar con unos indicadores que demuestren la efectividad y la eficiencia que aporte al sistema disponer de estas farmacias centinela\u201d.La importancia de los datosJoaquim Nolla, presidente del Colegio Oficial de Farmac\u00e9uticos de Tarragona, explic\u00f3 que la oportunidad de recogida de datos de la farmacia es enorme: \u201cLa frecuentaci\u00f3n de la poblaci\u00f3n a la oficina de farmacia es siete veces superior a la que se observa en centros de atenci\u00f3n primaria por su nivel de accesibilidad y detecta una demanda de salud en procesos de baja o muy baja complejidad\u201d.En Castilla y Le\u00f3n, como explic\u00f3 el presidente del COF de Valladolid, Carlos Trece\u00f1o, las alertas presentadas por las farmacias superaron por primera vez al n\u00famero de avisos realizados por m\u00e9dicos o enfermeros. As\u00ed, \u201cen 2016 hubo un aumento del 153% del n\u00famero de notificaciones realizadas por los farmac\u00e9uticos, que ascendieron a un total de 81\u201d, apunt\u00f3. Adem\u00e1s, desde la puesta en marcha de la red en 2015 ha habido 131 notificaciones sobre reacciones adversas de medicamentos (RAM) y 220 notificaciones en errores de medicaci\u00f3n.M\u00e1s all\u00e1 de las cifras, Trece\u00f1o valora que estas alertas permiten sentar las bases para poner en marcha estudios como el \u201cmultic\u00e9ntrico sobre la incidencia de hemorragias o efectos adversos relacionados con el sistema nervioso, dermatol\u00f3gico, gastrointestinal, neuromuscular o bucodental en dos cohortes de 300 pacientes tratados con anticoagulantes\u201d, ya que representan \u201cuna oportunidad para que desde la oficina de farmacia aportemos informaci\u00f3n clave sobre la utilizaci\u00f3n de determinados medicamentos\u201d.Coincide en esta lectura Luis Panadero, vicepresidente tercero del COF de Madrid, regi\u00f3n pionera en la implantaci\u00f3n de la red de Farmacias centinela en 2006. Su experiencia le permite afirmar que ha demostrado \u201cser una herramienta \u00fatil en seguridad del medicamento\u201d que, adem\u00e1s, \u201cpermite a la farmacia estar claramente integrada en el sistema de salud, generando una cantidad de informaci\u00f3n importante que tenemos que saber gestionar para tomar decisiones a lo largo de toda la cadena del medicamento\u201d.La red madrile\u00f1a, desde su creaci\u00f3n y a fecha de marzo de 2017 ha generado 7.750 comunicaciones, la mayor\u00eda (64,2%) de errores de prescripci\u00f3n (duplicidad de c\u00f3digos, nomencl\u00e1tor no actualizado, bajas no notificadas, etc.); un 18% estar\u00edan relacionadas con la dispensaci\u00f3n en la farmacia; un 10 por ciento, por problemas en el suministro y un 2,6% en la administraci\u00f3n a cargo de los pacientes.\u00a0\u00a0Para m\u00e1s informaci\u00f3n:Departamento de Comunicaci\u00f3n del Col\u00b7legi de Farmac\u00e8utics de Barcelona (COFB)\u00a0Tel\u00e9fono: 93 244 07 28 \/ 18\u00a0premsa@cofb.netWeb de Infarma Barcelona 2017\u00a0\u00a0COFB.ORG<\/p>\n","protected":false},"excerpt":{"rendered":"<p>\u00a0 Adem\u00e1s de las labores de farmacovigilancia, el Departament de Salut aspira a detectar el abuso y uso recreativo de los medicamentos Experiencias en varias regiones evidencian el valor de esta red para detectar demandas de salud en procesos de baja complejidad y acciones en estados precl\u00ednicos \u201cLa farmacia detecta [&hellip;]<\/p>\n","protected":false},"author":1,"featured_media":77321,"comment_status":"","ping_status":"","sticky":false,"template":"","format":"standard","meta":{"_uag_custom_page_level_css":"","site-sidebar-layout":"default","site-content-layout":"","ast-site-content-layout":"default","site-content-style":"default","site-sidebar-style":"default","ast-global-header-display":"","ast-banner-title-visibility":"","ast-main-header-display":"","ast-hfb-above-header-display":"","ast-hfb-below-header-display":"","ast-hfb-mobile-header-display":"","site-post-title":"","ast-breadcrumbs-content":"","ast-featured-img":"disabled","footer-sml-layout":"","theme-transparent-header-meta":"","adv-header-id-meta":"","stick-header-meta":"","header-above-stick-meta":"","header-main-stick-meta":"","header-below-stick-meta":"","astra-migrate-meta-layouts":"default","ast-page-background-enabled":"default","ast-page-background-meta":{"desktop":{"background-color":"var(--ast-global-color-4)","background-image":"","background-repeat":"repeat","background-position":"center center","background-size":"auto","background-attachment":"scroll","background-type":"","background-media":"","overlay-type":"","overlay-color":"","overlay-opacity":"","overlay-gradient":""},"tablet":{"background-color":"","background-image":"","background-repeat":"repeat","background-position":"center center","background-size":"auto","background-attachment":"scroll","background-type":"","background-media":"","overlay-type":"","overlay-color":"","overlay-opacity":"","overlay-gradient":""},"mobile":{"background-color":"","background-image":"","background-repeat":"repeat","background-position":"center center","background-size":"auto","background-attachment":"scroll","background-type":"","background-media":"","overlay-type":"","overlay-color":"","overlay-opacity":"","overlay-gradient":""}},"ast-content-background-meta":{"desktop":{"background-color":"var(--ast-global-color-5)","background-image":"","background-repeat":"repeat","background-position":"center center","background-size":"auto","background-attachment":"scroll","background-type":"","background-media":"","overlay-type":"","overlay-color":"","overlay-opacity":"","overlay-gradient":""},"tablet":{"background-color":"var(--ast-global-color-5)","background-image":"","background-repeat":"repeat","background-position":"center center","background-size":"auto","background-attachment":"scroll","background-type":"","background-media":"","overlay-type":"","overlay-color":"","overlay-opacity":"","overlay-gradient":""},"mobile":{"background-color":"var(--ast-global-color-5)","background-image":"","background-repeat":"repeat","background-position":"center center","background-size":"auto","background-attachment":"scroll","background-type":"","background-media":"","overlay-type":"","overlay-color":"","overlay-opacity":"","overlay-gradient":""}},"footnotes":""},"categories":[1060,1066],"tags":[],"class_list":["post-77320","post","type-post","status-publish","format-standard","has-post-thumbnail","hentry","category-notes-premsa","category-sense-categoria-ca"],"yoast_head":"<!-- This site is optimized with the Yoast SEO plugin v22.4 - https:\/\/yoast.com\/wordpress\/plugins\/seo\/ -->\n<title>Catalu\u00f1a prev\u00e9 tener lista la red de Farmacias centinela para este verano - Col\u00b7legi de Farmac\u00e8utics de Barcelona<\/title>\n<meta name=\"robots\" content=\"index, follow, max-snippet:-1, max-image-preview:large, max-video-preview:-1\" \/>\n<link rel=\"canonical\" href=\"https:\/\/novaorg.cofb.net\/2017\/03\/24\/cataluna-preve-tener-lista-la-red-de-farmacias-centinela-para-este-verano\/\" \/>\n<meta property=\"og:locale\" content=\"ca_ES\" \/>\n<meta property=\"og:type\" content=\"article\" \/>\n<meta property=\"og:title\" content=\"Catalu\u00f1a prev\u00e9 tener lista la red de Farmacias centinela para este verano - Col\u00b7legi de Farmac\u00e8utics de Barcelona\" \/>\n<meta property=\"og:description\" content=\"\u00a0 Adem\u00e1s de las labores de farmacovigilancia, el Departament de Salut aspira a detectar el abuso y uso recreativo de los medicamentos Experiencias en varias regiones evidencian el valor de esta red para detectar demandas de salud en procesos de baja complejidad y acciones en estados precl\u00ednicos \u201cLa farmacia detecta [&hellip;]\" \/>\n<meta property=\"og:url\" content=\"https:\/\/novaorg.cofb.net\/2017\/03\/24\/cataluna-preve-tener-lista-la-red-de-farmacias-centinela-para-este-verano\/\" \/>\n<meta property=\"og:site_name\" content=\"Col\u00b7legi de Farmac\u00e8utics de Barcelona\" \/>\n<meta property=\"article:publisher\" content=\"https:\/\/www.facebook.com\/farmaceuticsbcn\/\" \/>\n<meta property=\"article:published_time\" content=\"2017-03-24T12:28:00+00:00\" \/>\n<meta property=\"og:image\" content=\"https:\/\/novaorg.cofb.net\/wp-content\/uploads\/2017\/03\/image_gallery-y4ikeU.jpeg\" \/>\n\t<meta property=\"og:image:width\" content=\"378\" \/>\n\t<meta property=\"og:image:height\" content=\"378\" \/>\n\t<meta property=\"og:image:type\" content=\"image\/jpeg\" \/>\n<meta name=\"author\" content=\"wpAdminCofbOrg\" \/>\n<meta name=\"twitter:card\" content=\"summary_large_image\" \/>\n<meta name=\"twitter:creator\" content=\"@farmaceuticsbcn\" \/>\n<meta name=\"twitter:site\" content=\"@farmaceuticsbcn\" \/>\n<meta name=\"twitter:label1\" content=\"Escrit per\" \/>\n\t<meta name=\"twitter:data1\" content=\"wpAdminCofbOrg\" \/>\n\t<meta name=\"twitter:label2\" content=\"Temps estimat de lectura\" \/>\n\t<meta name=\"twitter:data2\" content=\"8 minuts\" \/>\n<script type=\"application\/ld+json\" class=\"yoast-schema-graph\">{\"@context\":\"https:\/\/schema.org\",\"@graph\":[{\"@type\":\"Article\",\"@id\":\"https:\/\/novaorg.cofb.net\/2017\/03\/24\/cataluna-preve-tener-lista-la-red-de-farmacias-centinela-para-este-verano\/#article\",\"isPartOf\":{\"@id\":\"https:\/\/novaorg.cofb.net\/2017\/03\/24\/cataluna-preve-tener-lista-la-red-de-farmacias-centinela-para-este-verano\/\"},\"author\":{\"name\":\"wpAdminCofbOrg\",\"@id\":\"https:\/\/www.cofb.org\/#\/schema\/person\/22ed7eea88da74b0fa4d3154ad87ffcb\"},\"headline\":\"Catalu\u00f1a prev\u00e9 tener lista la red de Farmacias centinela para este verano\",\"datePublished\":\"2017-03-24T12:28:00+00:00\",\"dateModified\":\"2017-03-24T12:28:00+00:00\",\"mainEntityOfPage\":{\"@id\":\"https:\/\/novaorg.cofb.net\/2017\/03\/24\/cataluna-preve-tener-lista-la-red-de-farmacias-centinela-para-este-verano\/\"},\"wordCount\":1687,\"publisher\":{\"@id\":\"https:\/\/www.cofb.org\/#organization\"},\"image\":{\"@id\":\"https:\/\/novaorg.cofb.net\/2017\/03\/24\/cataluna-preve-tener-lista-la-red-de-farmacias-centinela-para-este-verano\/#primaryimage\"},\"thumbnailUrl\":\"https:\/\/www.cofb.org\/wp-content\/uploads\/2017\/03\/image_gallery-y4ikeU.jpeg\",\"articleSection\":[\"Notes de premsa\"],\"inLanguage\":\"ca\"},{\"@type\":\"WebPage\",\"@id\":\"https:\/\/novaorg.cofb.net\/2017\/03\/24\/cataluna-preve-tener-lista-la-red-de-farmacias-centinela-para-este-verano\/\",\"url\":\"https:\/\/novaorg.cofb.net\/2017\/03\/24\/cataluna-preve-tener-lista-la-red-de-farmacias-centinela-para-este-verano\/\",\"name\":\"Catalu\u00f1a prev\u00e9 tener lista la red de Farmacias centinela para este verano - Col\u00b7legi de Farmac\u00e8utics de Barcelona\",\"isPartOf\":{\"@id\":\"https:\/\/www.cofb.org\/#website\"},\"primaryImageOfPage\":{\"@id\":\"https:\/\/novaorg.cofb.net\/2017\/03\/24\/cataluna-preve-tener-lista-la-red-de-farmacias-centinela-para-este-verano\/#primaryimage\"},\"image\":{\"@id\":\"https:\/\/novaorg.cofb.net\/2017\/03\/24\/cataluna-preve-tener-lista-la-red-de-farmacias-centinela-para-este-verano\/#primaryimage\"},\"thumbnailUrl\":\"https:\/\/www.cofb.org\/wp-content\/uploads\/2017\/03\/image_gallery-y4ikeU.jpeg\",\"datePublished\":\"2017-03-24T12:28:00+00:00\",\"dateModified\":\"2017-03-24T12:28:00+00:00\",\"breadcrumb\":{\"@id\":\"https:\/\/novaorg.cofb.net\/2017\/03\/24\/cataluna-preve-tener-lista-la-red-de-farmacias-centinela-para-este-verano\/#breadcrumb\"},\"inLanguage\":\"ca\",\"potentialAction\":[{\"@type\":\"ReadAction\",\"target\":[\"https:\/\/novaorg.cofb.net\/2017\/03\/24\/cataluna-preve-tener-lista-la-red-de-farmacias-centinela-para-este-verano\/\"]}]},{\"@type\":\"ImageObject\",\"inLanguage\":\"ca\",\"@id\":\"https:\/\/novaorg.cofb.net\/2017\/03\/24\/cataluna-preve-tener-lista-la-red-de-farmacias-centinela-para-este-verano\/#primaryimage\",\"url\":\"https:\/\/www.cofb.org\/wp-content\/uploads\/2017\/03\/image_gallery-y4ikeU.jpeg\",\"contentUrl\":\"https:\/\/www.cofb.org\/wp-content\/uploads\/2017\/03\/image_gallery-y4ikeU.jpeg\",\"width\":378,\"height\":378},{\"@type\":\"BreadcrumbList\",\"@id\":\"https:\/\/novaorg.cofb.net\/2017\/03\/24\/cataluna-preve-tener-lista-la-red-de-farmacias-centinela-para-este-verano\/#breadcrumb\",\"itemListElement\":[{\"@type\":\"ListItem\",\"position\":1,\"name\":\"Inici\",\"item\":\"https:\/\/novaorg.cofb.net\/\"},{\"@type\":\"ListItem\",\"position\":2,\"name\":\"Catalu\u00f1a prev\u00e9 tener lista la red de Farmacias centinela para este verano\"}]},{\"@type\":\"WebSite\",\"@id\":\"https:\/\/www.cofb.org\/#website\",\"url\":\"https:\/\/www.cofb.org\/\",\"name\":\"Col\u00b7legi de Farmac\u00e8utics de Barcelona\",\"description\":\"\",\"publisher\":{\"@id\":\"https:\/\/www.cofb.org\/#organization\"},\"potentialAction\":[{\"@type\":\"SearchAction\",\"target\":{\"@type\":\"EntryPoint\",\"urlTemplate\":\"https:\/\/www.cofb.org\/?s={search_term_string}\"},\"query-input\":\"required name=search_term_string\"}],\"inLanguage\":\"ca\"},{\"@type\":\"Organization\",\"@id\":\"https:\/\/www.cofb.org\/#organization\",\"name\":\"Col\u00b7legi de Farmac\u00e8utics de Barcelona\",\"url\":\"https:\/\/www.cofb.org\/\",\"logo\":{\"@type\":\"ImageObject\",\"inLanguage\":\"ca\",\"@id\":\"https:\/\/www.cofb.org\/#\/schema\/logo\/image\/\",\"url\":\"https:\/\/www.cofb.org\/wp-content\/uploads\/2023\/11\/cropped-Logotip-COFB.png\",\"contentUrl\":\"https:\/\/www.cofb.org\/wp-content\/uploads\/2023\/11\/cropped-Logotip-COFB.png\",\"width\":500,\"height\":105,\"caption\":\"Col\u00b7legi de Farmac\u00e8utics de Barcelona\"},\"image\":{\"@id\":\"https:\/\/www.cofb.org\/#\/schema\/logo\/image\/\"},\"sameAs\":[\"https:\/\/www.facebook.com\/farmaceuticsbcn\/\",\"https:\/\/twitter.com\/farmaceuticsbcn\",\"https:\/\/www.instagram.com\/farmaceuticsbcn\/\",\"https:\/\/www.linkedin.com\/company\/farmaceuticsbcn\/\"]},{\"@type\":\"Person\",\"@id\":\"https:\/\/www.cofb.org\/#\/schema\/person\/22ed7eea88da74b0fa4d3154ad87ffcb\",\"name\":\"wpAdminCofbOrg\",\"image\":{\"@type\":\"ImageObject\",\"inLanguage\":\"ca\",\"@id\":\"https:\/\/www.cofb.org\/#\/schema\/person\/image\/\",\"url\":\"https:\/\/secure.gravatar.com\/avatar\/1721b20b3b8ca882c3b56ec6c978c594fff670e40c0718e9190eaeeb76aae7d8?s=96&d=mm&r=g\",\"contentUrl\":\"https:\/\/secure.gravatar.com\/avatar\/1721b20b3b8ca882c3b56ec6c978c594fff670e40c0718e9190eaeeb76aae7d8?s=96&d=mm&r=g\",\"caption\":\"wpAdminCofbOrg\"},\"sameAs\":[\"http:\/\/192.168.64.122\/wordpress\"],\"url\":\"https:\/\/www.cofb.org\/ca\/author\/wpadmincofborg\/\"}]}<\/script>\n<!-- \/ Yoast SEO plugin. -->","yoast_head_json":{"title":"Catalu\u00f1a prev\u00e9 tener lista la red de Farmacias centinela para este verano - Col\u00b7legi de Farmac\u00e8utics de Barcelona","robots":{"index":"index","follow":"follow","max-snippet":"max-snippet:-1","max-image-preview":"max-image-preview:large","max-video-preview":"max-video-preview:-1"},"canonical":"https:\/\/novaorg.cofb.net\/2017\/03\/24\/cataluna-preve-tener-lista-la-red-de-farmacias-centinela-para-este-verano\/","og_locale":"ca_ES","og_type":"article","og_title":"Catalu\u00f1a prev\u00e9 tener lista la red de Farmacias centinela para este verano - Col\u00b7legi de Farmac\u00e8utics de Barcelona","og_description":"\u00a0 Adem\u00e1s de las labores de farmacovigilancia, el Departament de Salut aspira a detectar el abuso y uso recreativo de los medicamentos Experiencias en varias regiones evidencian el valor de esta red para detectar demandas de salud en procesos de baja complejidad y acciones en estados precl\u00ednicos \u201cLa farmacia detecta [&hellip;]","og_url":"https:\/\/novaorg.cofb.net\/2017\/03\/24\/cataluna-preve-tener-lista-la-red-de-farmacias-centinela-para-este-verano\/","og_site_name":"Col\u00b7legi de Farmac\u00e8utics de Barcelona","article_publisher":"https:\/\/www.facebook.com\/farmaceuticsbcn\/","article_published_time":"2017-03-24T12:28:00+00:00","og_image":[{"width":378,"height":378,"url":"https:\/\/novaorg.cofb.net\/wp-content\/uploads\/2017\/03\/image_gallery-y4ikeU.jpeg","type":"image\/jpeg"}],"author":"wpAdminCofbOrg","twitter_card":"summary_large_image","twitter_creator":"@farmaceuticsbcn","twitter_site":"@farmaceuticsbcn","twitter_misc":{"Escrit per":"wpAdminCofbOrg","Temps estimat de lectura":"8 minuts"},"schema":{"@context":"https:\/\/schema.org","@graph":[{"@type":"Article","@id":"https:\/\/novaorg.cofb.net\/2017\/03\/24\/cataluna-preve-tener-lista-la-red-de-farmacias-centinela-para-este-verano\/#article","isPartOf":{"@id":"https:\/\/novaorg.cofb.net\/2017\/03\/24\/cataluna-preve-tener-lista-la-red-de-farmacias-centinela-para-este-verano\/"},"author":{"name":"wpAdminCofbOrg","@id":"https:\/\/www.cofb.org\/#\/schema\/person\/22ed7eea88da74b0fa4d3154ad87ffcb"},"headline":"Catalu\u00f1a prev\u00e9 tener lista la red de Farmacias centinela para este verano","datePublished":"2017-03-24T12:28:00+00:00","dateModified":"2017-03-24T12:28:00+00:00","mainEntityOfPage":{"@id":"https:\/\/novaorg.cofb.net\/2017\/03\/24\/cataluna-preve-tener-lista-la-red-de-farmacias-centinela-para-este-verano\/"},"wordCount":1687,"publisher":{"@id":"https:\/\/www.cofb.org\/#organization"},"image":{"@id":"https:\/\/novaorg.cofb.net\/2017\/03\/24\/cataluna-preve-tener-lista-la-red-de-farmacias-centinela-para-este-verano\/#primaryimage"},"thumbnailUrl":"https:\/\/www.cofb.org\/wp-content\/uploads\/2017\/03\/image_gallery-y4ikeU.jpeg","articleSection":["Notes de premsa"],"inLanguage":"ca"},{"@type":"WebPage","@id":"https:\/\/novaorg.cofb.net\/2017\/03\/24\/cataluna-preve-tener-lista-la-red-de-farmacias-centinela-para-este-verano\/","url":"https:\/\/novaorg.cofb.net\/2017\/03\/24\/cataluna-preve-tener-lista-la-red-de-farmacias-centinela-para-este-verano\/","name":"Catalu\u00f1a prev\u00e9 tener lista la red de Farmacias centinela para este verano - Col\u00b7legi de Farmac\u00e8utics de Barcelona","isPartOf":{"@id":"https:\/\/www.cofb.org\/#website"},"primaryImageOfPage":{"@id":"https:\/\/novaorg.cofb.net\/2017\/03\/24\/cataluna-preve-tener-lista-la-red-de-farmacias-centinela-para-este-verano\/#primaryimage"},"image":{"@id":"https:\/\/novaorg.cofb.net\/2017\/03\/24\/cataluna-preve-tener-lista-la-red-de-farmacias-centinela-para-este-verano\/#primaryimage"},"thumbnailUrl":"https:\/\/www.cofb.org\/wp-content\/uploads\/2017\/03\/image_gallery-y4ikeU.jpeg","datePublished":"2017-03-24T12:28:00+00:00","dateModified":"2017-03-24T12:28:00+00:00","breadcrumb":{"@id":"https:\/\/novaorg.cofb.net\/2017\/03\/24\/cataluna-preve-tener-lista-la-red-de-farmacias-centinela-para-este-verano\/#breadcrumb"},"inLanguage":"ca","potentialAction":[{"@type":"ReadAction","target":["https:\/\/novaorg.cofb.net\/2017\/03\/24\/cataluna-preve-tener-lista-la-red-de-farmacias-centinela-para-este-verano\/"]}]},{"@type":"ImageObject","inLanguage":"ca","@id":"https:\/\/novaorg.cofb.net\/2017\/03\/24\/cataluna-preve-tener-lista-la-red-de-farmacias-centinela-para-este-verano\/#primaryimage","url":"https:\/\/www.cofb.org\/wp-content\/uploads\/2017\/03\/image_gallery-y4ikeU.jpeg","contentUrl":"https:\/\/www.cofb.org\/wp-content\/uploads\/2017\/03\/image_gallery-y4ikeU.jpeg","width":378,"height":378},{"@type":"BreadcrumbList","@id":"https:\/\/novaorg.cofb.net\/2017\/03\/24\/cataluna-preve-tener-lista-la-red-de-farmacias-centinela-para-este-verano\/#breadcrumb","itemListElement":[{"@type":"ListItem","position":1,"name":"Inici","item":"https:\/\/novaorg.cofb.net\/"},{"@type":"ListItem","position":2,"name":"Catalu\u00f1a prev\u00e9 tener lista la red de Farmacias centinela para este verano"}]},{"@type":"WebSite","@id":"https:\/\/www.cofb.org\/#website","url":"https:\/\/www.cofb.org\/","name":"Col\u00b7legi de Farmac\u00e8utics de Barcelona","description":"","publisher":{"@id":"https:\/\/www.cofb.org\/#organization"},"potentialAction":[{"@type":"SearchAction","target":{"@type":"EntryPoint","urlTemplate":"https:\/\/www.cofb.org\/?s={search_term_string}"},"query-input":"required name=search_term_string"}],"inLanguage":"ca"},{"@type":"Organization","@id":"https:\/\/www.cofb.org\/#organization","name":"Col\u00b7legi de Farmac\u00e8utics de Barcelona","url":"https:\/\/www.cofb.org\/","logo":{"@type":"ImageObject","inLanguage":"ca","@id":"https:\/\/www.cofb.org\/#\/schema\/logo\/image\/","url":"https:\/\/www.cofb.org\/wp-content\/uploads\/2023\/11\/cropped-Logotip-COFB.png","contentUrl":"https:\/\/www.cofb.org\/wp-content\/uploads\/2023\/11\/cropped-Logotip-COFB.png","width":500,"height":105,"caption":"Col\u00b7legi de Farmac\u00e8utics de Barcelona"},"image":{"@id":"https:\/\/www.cofb.org\/#\/schema\/logo\/image\/"},"sameAs":["https:\/\/www.facebook.com\/farmaceuticsbcn\/","https:\/\/twitter.com\/farmaceuticsbcn","https:\/\/www.instagram.com\/farmaceuticsbcn\/","https:\/\/www.linkedin.com\/company\/farmaceuticsbcn\/"]},{"@type":"Person","@id":"https:\/\/www.cofb.org\/#\/schema\/person\/22ed7eea88da74b0fa4d3154ad87ffcb","name":"wpAdminCofbOrg","image":{"@type":"ImageObject","inLanguage":"ca","@id":"https:\/\/www.cofb.org\/#\/schema\/person\/image\/","url":"https:\/\/secure.gravatar.com\/avatar\/1721b20b3b8ca882c3b56ec6c978c594fff670e40c0718e9190eaeeb76aae7d8?s=96&d=mm&r=g","contentUrl":"https:\/\/secure.gravatar.com\/avatar\/1721b20b3b8ca882c3b56ec6c978c594fff670e40c0718e9190eaeeb76aae7d8?s=96&d=mm&r=g","caption":"wpAdminCofbOrg"},"sameAs":["http:\/\/192.168.64.122\/wordpress"],"url":"https:\/\/www.cofb.org\/ca\/author\/wpadmincofborg\/"}]}},"uagb_featured_image_src":{"full":["https:\/\/www.cofb.org\/wp-content\/uploads\/2017\/03\/image_gallery-y4ikeU.jpeg",378,378,false],"thumbnail":["https:\/\/www.cofb.org\/wp-content\/uploads\/2017\/03\/image_gallery-y4ikeU-150x150.jpeg",150,150,true],"medium":["https:\/\/www.cofb.org\/wp-content\/uploads\/2017\/03\/image_gallery-y4ikeU-300x300.jpeg",300,300,true],"medium_large":["https:\/\/www.cofb.org\/wp-content\/uploads\/2017\/03\/image_gallery-y4ikeU.jpeg",378,378,false],"large":["https:\/\/www.cofb.org\/wp-content\/uploads\/2017\/03\/image_gallery-y4ikeU.jpeg",378,378,false],"1536x1536":["https:\/\/www.cofb.org\/wp-content\/uploads\/2017\/03\/image_gallery-y4ikeU.jpeg",378,378,false],"2048x2048":["https:\/\/www.cofb.org\/wp-content\/uploads\/2017\/03\/image_gallery-y4ikeU.jpeg",378,378,false],"trp-custom-language-flag":["https:\/\/www.cofb.org\/wp-content\/uploads\/2017\/03\/image_gallery-y4ikeU-12x12.jpeg",12,12,true]},"uagb_author_info":{"display_name":"wpAdminCofbOrg","author_link":"https:\/\/www.cofb.org\/ca\/author\/wpadmincofborg\/"},"uagb_comment_info":0,"uagb_excerpt":"\u00a0 Adem\u00e1s de las labores de farmacovigilancia, el Departament de Salut aspira a detectar el abuso y uso recreativo de los medicamentos Experiencias en varias regiones evidencian el valor de esta red para detectar demandas de salud en procesos de baja complejidad y acciones en estados precl\u00ednicos \u201cLa farmacia detecta [&hellip;]","_links":{"self":[{"href":"https:\/\/www.cofb.org\/ca\/wp-json\/wp\/v2\/posts\/77320","targetHints":{"allow":["GET"]}}],"collection":[{"href":"https:\/\/www.cofb.org\/ca\/wp-json\/wp\/v2\/posts"}],"about":[{"href":"https:\/\/www.cofb.org\/ca\/wp-json\/wp\/v2\/types\/post"}],"author":[{"embeddable":true,"href":"https:\/\/www.cofb.org\/ca\/wp-json\/wp\/v2\/users\/1"}],"replies":[{"embeddable":true,"href":"https:\/\/www.cofb.org\/ca\/wp-json\/wp\/v2\/comments?post=77320"}],"version-history":[{"count":0,"href":"https:\/\/www.cofb.org\/ca\/wp-json\/wp\/v2\/posts\/77320\/revisions"}],"wp:featuredmedia":[{"embeddable":true,"href":"https:\/\/www.cofb.org\/ca\/wp-json\/wp\/v2\/media\/77321"}],"wp:attachment":[{"href":"https:\/\/www.cofb.org\/ca\/wp-json\/wp\/v2\/media?parent=77320"}],"wp:term":[{"taxonomy":"category","embeddable":true,"href":"https:\/\/www.cofb.org\/ca\/wp-json\/wp\/v2\/categories?post=77320"},{"taxonomy":"post_tag","embeddable":true,"href":"https:\/\/www.cofb.org\/ca\/wp-json\/wp\/v2\/tags?post=77320"}],"curies":[{"name":"wp","href":"https:\/\/api.w.org\/{rel}","templated":true}]}}