{"id":77317,"date":"2017-04-27T11:55:00","date_gmt":"2017-04-27T11:55:00","guid":{"rendered":"https:\/\/novaorg.cofb.net\/2017\/04\/27\/la-figura-del-farmaceutic-necessaria-en-la-ruta-assistencial-de-la-insuficiencia-cardiaca-i-la-fibrillacio-auricular\/"},"modified":"2017-04-27T11:55:00","modified_gmt":"2017-04-27T11:55:00","slug":"la-figura-del-farmaceutic-necessaria-en-la-ruta-assistencial-de-la-insuficiencia-cardiaca-i-la-fibrillacio-auricular","status":"publish","type":"post","link":"https:\/\/www.cofb.org\/ca\/2017\/04\/27\/la-figura-del-farmaceutic-necessaria-en-la-ruta-assistencial-de-la-insuficiencia-cardiaca-i-la-fibrillacio-auricular\/","title":{"rendered":"La figura del farmac\u00e8utic, necess\u00e0ria en la ruta assistencial de la insufici\u00e8ncia card\u00edaca i la fibril\u00b7laci\u00f3 auricular"},"content":{"rendered":"<p>\u00a0<\/p>\n<ul>\n<li>\u00c9s una de les conclusions a les quals es va arribar a la formaci\u00f3 organitzada pel COF de Barcelona, juntament amb la Societat Catalana de Farm\u00e0cia Cl\u00ednica, sobre l\u2019abordatge dels pacients amb insufici\u00e8ncia card\u00edaca<\/li>\n<li>Durant el curs tamb\u00e9 es va remarcar la import\u00e0ncia de la coordinaci\u00f3 entre els professionals sanitaris a l\u2019hora d\u2019atendre aquests pacients <br \/>\u00a0<\/li>\n<\/ul>\n<p><i>Barcelona, 27 d\u2019abril del 2017.- <\/i><b>\u00c9s necessari que el farmac\u00e8utic dels diferents \u00e0mbits assistencials s\u2019integri, junt amb la resta de professionals sanitaris, en la ruta assistencial de la insufici\u00e8ncia card\u00edaca i la fibril\u00b7laci\u00f3 auricular. <\/b><span>\u00c9s una de les conclusions a les quals es va arribar a la<\/span><b> formaci\u00f3 organitzada pel COF de Barcelona, juntament amb la Societat Catalana de Farm\u00e0cia Cl\u00ednica, sobre els pacients amb insufici\u00e8ncia card\u00edaca (IC).<\/b><span> Durant el curs, impartit per <\/span><b>agents de salut de diferents \u00e0mbits &#8211;<\/b><span>metges d&#8217;atenci\u00f3 prim\u00e0ria, cardi\u00f2legs, geriatres, infermeres, farmac\u00e8utics hospitalaris, farmac\u00e8utics d\u2019atenci\u00f3 prim\u00e0ria i farmac\u00e8utics comunitaris- tamb\u00e9 <\/span><b>es va destacar la import\u00e0ncia de la coordinaci\u00f3 entre els diferents professionals sanitaris a l\u2019hora d\u2019abordar aquests tipus de pacients.<\/b><\/p>\n<p class=\"MsoNormal\"><b><u>Recomanacions de salut per prevenir la insufici\u00e8ncia card\u00edaca i detectar problemes relacionats amb la medicaci\u00f3, dos dels objectius del curs<\/p>\n<p><\/u><\/b><\/p>\n<p class=\"MsoNormal\">Al voltant d\u2019un centenar de farmac\u00e8utics es van formar en aquest curs, patrocinat per Novartis, que va tenir lloc el passat 6 d\u2019abril i va estar coordinat per Antonio S\u00e1nchez, cap de Servei de Cardiologia del Consorci Sanitari de Terrassa; Roser Vall\u00e8s, vocal d\u2019Atenci\u00f3 Prim\u00e0ria del COFB; Guillermo Bagar\u00eda, vicetresorer del COFB; Cristina Roure, vocal d\u2019Hospitals del COFB; i Julio Mart\u00ednez, president de la Societat Catalana de Farm\u00e0cia Cl\u00ednica (SCFC). <\/p>\n<p class=\"MsoNormal\">Al llarg de quatre hores, els alumnes van poder <b>aprofundir coneixements davant q\u00fcestions com quines s\u00f3n les recomanacions de salut i l\u2019estil de vida \u00f2ptim per prevenir o retardar l\u2019aparici\u00f3 de la insufici\u00e8ncia card\u00edaca<\/b>; <b>els tractaments farmacoterap\u00e8utics indicats;<\/b> <b>l\u2019evid\u00e8ncia cient\u00edfica de cada tractament i la combinaci\u00f3 d\u2019aquests f\u00e0rmacs<\/b>;<b> la detecci\u00f3 de problemes relacionats amb els medicaments (PRM)<\/b> (les interaccions, la dificultat d\u2019adher\u00e8ncia i l\u2019incompliment terap\u00e8utic, entre d\u2019altres); aix\u00ed com <b>el debat sobre com integrar i millorar la comunicaci\u00f3 i la coordinaci\u00f3 de l\u2019equip assistencial per millorar la qualitat de vida del pacient amb IC.<\/b> Alhora, tamb\u00e9 es va comptar amb la participaci\u00f3 d&#8217;una pacient cr\u00f2nica, membre del programa de pacients experts d\u2019IC del Departament de Salut, que va donar el seu testimoni del seu pas pel proc\u00e9s assistencial, des del diagn\u00f2stic fins a fases avan\u00e7ades de la malaltia. <\/p>\n<p class=\"MsoNormal\"><b><u>L\u2019aparell circulatori, una de les prioritats del Pla de Salut 2016-2020<\/p>\n<p><\/u><\/b><\/p>\n<p class=\"MsoNormal\">D\u2019acord amb els objectius del Pla de Salut 2016-2020 del Departament de Salut, els principals reptes a desenvolupar han de servir per donar resposta a les necessitats de salut de la poblaci\u00f3 i treballar per la consolidaci\u00f3 d\u2019un sistema sanitari centrat en les persones. <b>Entre les \u00e0rees que prioritza el nou Pla hi ha l\u2019aparell circulatori,<\/b> tant el cardiovascular com el cerebrovascular, \u00e9s per aix\u00f2 que <b>s\u2019ha de posar a l\u2019abast dels professionals eines per adquirir, mantenir i potenciar les compet\u00e8ncies necess\u00e0ries per dur a terme les actuacions definides en aquest Pla. <\/p>\n<p><\/b><\/p>\n<p class=\"MsoNormal\"><b>Un exemple d\u2019\u00e8xit de la participaci\u00f3 del farmac\u00e8utic en la ruta assistencial de la fibril\u00b7laci\u00f3 auricular \u00e9s la campanya \u201cPren-te el pols\u201d,<\/b> organitzada pel Departament de Salut, la Fundaci\u00f3 Ictus i el Consell de Col\u00b7legis Farmac\u00e8utics de Catalunya. En el marc d\u2019aquesta iniciativa, <b>370 farm\u00e0cies comunit\u00e0ries, 40 ajuntaments i 105 centres de salut van treballar conjuntament per millorar la detecci\u00f3, el diagn\u00f2stic i el tractament de l&#8217;ar\u00edtmia card\u00edaca, i contribuir aix\u00ed a prevenir l&#8217;ictus, <\/b>considerada la primera causa de mort en les dones i la tercera en els homes. \u00a0<\/p>\n<p class=\"MsoNormal\"><b>Per a m\u00e9s informaci\u00f3:\u00a0 <br \/> <\/b>Departament de Comunicaci\u00f3 del Col\u00b7legi de Farmac\u00e8utics de Barcelona<b><br \/><\/b>Tel\u00e8fon: 93 244 07 28 \/ 18<br \/><span lang=\"ES-TRAD\"><a href=\"mailto:premsa@cofb.net\"><span lang=\"CA\">premsa@cofb.net<\/span><\/a><\/span><span><\/p>\n<p><\/span><\/p>\n<p class=\"MsoNormal\">\n<p>\u00a0\u00c9s una de les conclusions a les quals es va arribar a la formaci\u00f3 organitzada pel COF de Barcelona, juntament amb la Societat Catalana de Farm\u00e0cia Cl\u00ednica, sobre l\u2019abordatge dels pacients amb insufici\u00e8ncia card\u00edacaDurant el curs tamb\u00e9 es va remarcar la import\u00e0ncia de la coordinaci\u00f3 entre els professionals sanitaris a l\u2019hora d\u2019atendre aquests pacients \u00a0Barcelona, 27 d\u2019abril del 2017.- \u00c9s necessari que el farmac\u00e8utic dels diferents \u00e0mbits assistencials s\u2019integri, junt amb la resta de professionals sanitaris, en la ruta assistencial de la insufici\u00e8ncia card\u00edaca i la fibril\u00b7laci\u00f3 auricular. \u00c9s una de les conclusions a les quals es va arribar a la formaci\u00f3 organitzada pel COF de Barcelona, juntament amb la Societat Catalana de Farm\u00e0cia Cl\u00ednica, sobre els pacients amb insufici\u00e8ncia card\u00edaca (IC). Durant el curs, impartit per agents de salut de diferents \u00e0mbits -metges d&#8217;atenci\u00f3 prim\u00e0ria, cardi\u00f2legs, geriatres, infermeres, farmac\u00e8utics hospitalaris, farmac\u00e8utics d\u2019atenci\u00f3 prim\u00e0ria i farmac\u00e8utics comunitaris- tamb\u00e9 es va destacar la import\u00e0ncia de la coordinaci\u00f3 entre els diferents professionals sanitaris a l\u2019hora d\u2019abordar aquests tipus de pacients.Recomanacions de salut per prevenir la insufici\u00e8ncia card\u00edaca i detectar problemes relacionats amb la medicaci\u00f3, dos dels objectius del curs  Al voltant d\u2019un centenar de farmac\u00e8utics es van formar en aquest curs, patrocinat per Novartis, que va tenir lloc el passat 6 d\u2019abril i va estar coordinat per Antonio S\u00e1nchez, cap de Servei de Cardiologia del Consorci Sanitari de Terrassa; Roser Vall\u00e8s, vocal d\u2019Atenci\u00f3 Prim\u00e0ria del COFB; Guillermo Bagar\u00eda, vicetresorer del COFB; Cristina Roure, vocal d\u2019Hospitals del COFB; i Julio Mart\u00ednez, president de la Societat Catalana de Farm\u00e0cia Cl\u00ednica (SCFC).   Al llarg de quatre hores, els alumnes van poder aprofundir coneixements davant q\u00fcestions com quines s\u00f3n les recomanacions de salut i l\u2019estil de vida \u00f2ptim per prevenir o retardar l\u2019aparici\u00f3 de la insufici\u00e8ncia card\u00edaca; els tractaments farmacoterap\u00e8utics indicats; l\u2019evid\u00e8ncia cient\u00edfica de cada tractament i la combinaci\u00f3 d\u2019aquests f\u00e0rmacs; la detecci\u00f3 de problemes relacionats amb els medicaments (PRM) (les interaccions, la dificultat d\u2019adher\u00e8ncia i l\u2019incompliment terap\u00e8utic, entre d\u2019altres); aix\u00ed com el debat sobre com integrar i millorar la comunicaci\u00f3 i la coordinaci\u00f3 de l\u2019equip assistencial per millorar la qualitat de vida del pacient amb IC. Alhora, tamb\u00e9 es va comptar amb la participaci\u00f3 d&#8217;una pacient cr\u00f2nica, membre del programa de pacients experts d\u2019IC del Departament de Salut, que va donar el seu testimoni del seu pas pel proc\u00e9s assistencial, des del diagn\u00f2stic fins a fases avan\u00e7ades de la malaltia.   L\u2019aparell circulatori, una de les prioritats del Pla de Salut 2016-2020  D\u2019acord amb els objectius del Pla de Salut 2016-2020 del Departament de Salut, els principals reptes a desenvolupar han de servir per donar resposta a les necessitats de salut de la poblaci\u00f3 i treballar per la consolidaci\u00f3 d\u2019un sistema sanitari centrat en les persones. Entre les \u00e0rees que prioritza el nou Pla hi ha l\u2019aparell circulatori, tant el cardiovascular com el cerebrovascular, \u00e9s per aix\u00f2 que s\u2019ha de posar a l\u2019abast dels professionals eines per adquirir, mantenir i potenciar les compet\u00e8ncies necess\u00e0ries per dur a terme les actuacions definides en aquest Pla.   Un exemple d\u2019\u00e8xit de la participaci\u00f3 del farmac\u00e8utic en la ruta assistencial de la fibril\u00b7laci\u00f3 auricular \u00e9s la campanya \u201cPren-te el pols\u201d, organitzada pel Departament de Salut, la Fundaci\u00f3 Ictus i el Consell de Col\u00b7legis Farmac\u00e8utics de Catalunya. En el marc d\u2019aquesta iniciativa, 370 farm\u00e0cies comunit\u00e0ries, 40 ajuntaments i 105 centres de salut van treballar conjuntament per millorar la detecci\u00f3, el diagn\u00f2stic i el tractament de l&#8217;ar\u00edtmia card\u00edaca, i contribuir aix\u00ed a prevenir l&#8217;ictus, considerada la primera causa de mort en les dones i la tercera en els homes. \u00a0Per a m\u00e9s informaci\u00f3:\u00a0  Departament de Comunicaci\u00f3 del Col\u00b7legi de Farmac\u00e8utics de BarcelonaTel\u00e8fon: 93 244 07 28 \/ 18premsa@cofb.net\u00a0\u00a0COFB.ORG<\/p>\n","protected":false},"excerpt":{"rendered":"<p>\u00a0 \u00c9s una de les conclusions a les quals es va arribar a la formaci\u00f3 organitzada pel COF de Barcelona, juntament amb la Societat Catalana de Farm\u00e0cia Cl\u00ednica, sobre l\u2019abordatge dels pacients amb insufici\u00e8ncia card\u00edaca Durant el curs tamb\u00e9 es va remarcar la import\u00e0ncia de la coordinaci\u00f3 entre els professionals [&hellip;]<\/p>\n","protected":false},"author":1,"featured_media":0,"comment_status":"","ping_status":"","sticky":false,"template":"","format":"standard","meta":{"_uag_custom_page_level_css":"","site-sidebar-layout":"default","site-content-layout":"","ast-site-content-layout":"default","site-content-style":"default","site-sidebar-style":"default","ast-global-header-display":"","ast-banner-title-visibility":"","ast-main-header-display":"","ast-hfb-above-header-display":"","ast-hfb-below-header-display":"","ast-hfb-mobile-header-display":"","site-post-title":"","ast-breadcrumbs-content":"","ast-featured-img":"disabled","footer-sml-layout":"","theme-transparent-header-meta":"","adv-header-id-meta":"","stick-header-meta":"","header-above-stick-meta":"","header-main-stick-meta":"","header-below-stick-meta":"","astra-migrate-meta-layouts":"default","ast-page-background-enabled":"default","ast-page-background-meta":{"desktop":{"background-color":"var(--ast-global-color-4)","background-image":"","background-repeat":"repeat","background-position":"center center","background-size":"auto","background-attachment":"scroll","background-type":"","background-media":"","overlay-type":"","overlay-color":"","overlay-opacity":"","overlay-gradient":""},"tablet":{"background-color":"","background-image":"","background-repeat":"repeat","background-position":"center center","background-size":"auto","background-attachment":"scroll","background-type":"","background-media":"","overlay-type":"","overlay-color":"","overlay-opacity":"","overlay-gradient":""},"mobile":{"background-color":"","background-image":"","background-repeat":"repeat","background-position":"center center","background-size":"auto","background-attachment":"scroll","background-type":"","background-media":"","overlay-type":"","overlay-color":"","overlay-opacity":"","overlay-gradient":""}},"ast-content-background-meta":{"desktop":{"background-color":"var(--ast-global-color-5)","background-image":"","background-repeat":"repeat","background-position":"center center","background-size":"auto","background-attachment":"scroll","background-type":"","background-media":"","overlay-type":"","overlay-color":"","overlay-opacity":"","overlay-gradient":""},"tablet":{"background-color":"var(--ast-global-color-5)","background-image":"","background-repeat":"repeat","background-position":"center center","background-size":"auto","background-attachment":"scroll","background-type":"","background-media":"","overlay-type":"","overlay-color":"","overlay-opacity":"","overlay-gradient":""},"mobile":{"background-color":"var(--ast-global-color-5)","background-image":"","background-repeat":"repeat","background-position":"center center","background-size":"auto","background-attachment":"scroll","background-type":"","background-media":"","overlay-type":"","overlay-color":"","overlay-opacity":"","overlay-gradient":""}},"footnotes":""},"categories":[1060,1066],"tags":[],"class_list":["post-77317","post","type-post","status-publish","format-standard","hentry","category-notes-premsa","category-sense-categoria-ca"],"yoast_head":"<!-- This site is optimized with the Yoast SEO plugin v22.4 - https:\/\/yoast.com\/wordpress\/plugins\/seo\/ -->\n<title>La figura del farmac\u00e8utic, necess\u00e0ria en la ruta assistencial de la insufici\u00e8ncia card\u00edaca i la fibril\u00b7laci\u00f3 auricular - Col\u00b7legi de Farmac\u00e8utics de Barcelona<\/title>\n<meta name=\"robots\" content=\"index, follow, max-snippet:-1, max-image-preview:large, max-video-preview:-1\" \/>\n<link rel=\"canonical\" href=\"https:\/\/novaorg.cofb.net\/2017\/04\/27\/la-figura-del-farmaceutic-necessaria-en-la-ruta-assistencial-de-la-insuficiencia-cardiaca-i-la-fibrillacio-auricular\/\" \/>\n<meta property=\"og:locale\" content=\"ca_ES\" \/>\n<meta property=\"og:type\" content=\"article\" \/>\n<meta property=\"og:title\" content=\"La figura del farmac\u00e8utic, necess\u00e0ria en la ruta assistencial de la insufici\u00e8ncia card\u00edaca i la fibril\u00b7laci\u00f3 auricular - Col\u00b7legi de Farmac\u00e8utics de Barcelona\" \/>\n<meta property=\"og:description\" content=\"\u00a0 \u00c9s una de les conclusions a les quals es va arribar a la formaci\u00f3 organitzada pel COF de Barcelona, juntament amb la Societat Catalana de Farm\u00e0cia Cl\u00ednica, sobre l\u2019abordatge dels pacients amb insufici\u00e8ncia card\u00edaca Durant el curs tamb\u00e9 es va remarcar la import\u00e0ncia de la coordinaci\u00f3 entre els professionals [&hellip;]\" \/>\n<meta property=\"og:url\" content=\"https:\/\/novaorg.cofb.net\/2017\/04\/27\/la-figura-del-farmaceutic-necessaria-en-la-ruta-assistencial-de-la-insuficiencia-cardiaca-i-la-fibrillacio-auricular\/\" \/>\n<meta property=\"og:site_name\" content=\"Col\u00b7legi de Farmac\u00e8utics de Barcelona\" \/>\n<meta property=\"article:publisher\" content=\"https:\/\/www.facebook.com\/farmaceuticsbcn\/\" \/>\n<meta property=\"article:published_time\" content=\"2017-04-27T11:55:00+00:00\" \/>\n<meta name=\"author\" content=\"wpAdminCofbOrg\" \/>\n<meta name=\"twitter:card\" content=\"summary_large_image\" \/>\n<meta name=\"twitter:creator\" content=\"@farmaceuticsbcn\" \/>\n<meta name=\"twitter:site\" content=\"@farmaceuticsbcn\" \/>\n<meta name=\"twitter:label1\" content=\"Escrit per\" \/>\n\t<meta name=\"twitter:data1\" content=\"wpAdminCofbOrg\" \/>\n\t<meta name=\"twitter:label2\" content=\"Temps estimat de lectura\" \/>\n\t<meta name=\"twitter:data2\" content=\"7 minuts\" \/>\n<script type=\"application\/ld+json\" class=\"yoast-schema-graph\">{\"@context\":\"https:\/\/schema.org\",\"@graph\":[{\"@type\":\"Article\",\"@id\":\"https:\/\/novaorg.cofb.net\/2017\/04\/27\/la-figura-del-farmaceutic-necessaria-en-la-ruta-assistencial-de-la-insuficiencia-cardiaca-i-la-fibrillacio-auricular\/#article\",\"isPartOf\":{\"@id\":\"https:\/\/novaorg.cofb.net\/2017\/04\/27\/la-figura-del-farmaceutic-necessaria-en-la-ruta-assistencial-de-la-insuficiencia-cardiaca-i-la-fibrillacio-auricular\/\"},\"author\":{\"name\":\"wpAdminCofbOrg\",\"@id\":\"https:\/\/www.cofb.org\/#\/schema\/person\/22ed7eea88da74b0fa4d3154ad87ffcb\"},\"headline\":\"La figura del farmac\u00e8utic, necess\u00e0ria en la ruta assistencial de la insufici\u00e8ncia card\u00edaca i la fibril\u00b7laci\u00f3 auricular\",\"datePublished\":\"2017-04-27T11:55:00+00:00\",\"dateModified\":\"2017-04-27T11:55:00+00:00\",\"mainEntityOfPage\":{\"@id\":\"https:\/\/novaorg.cofb.net\/2017\/04\/27\/la-figura-del-farmaceutic-necessaria-en-la-ruta-assistencial-de-la-insuficiencia-cardiaca-i-la-fibrillacio-auricular\/\"},\"wordCount\":1409,\"publisher\":{\"@id\":\"https:\/\/www.cofb.org\/#organization\"},\"articleSection\":[\"Notes de premsa\"],\"inLanguage\":\"ca\"},{\"@type\":\"WebPage\",\"@id\":\"https:\/\/novaorg.cofb.net\/2017\/04\/27\/la-figura-del-farmaceutic-necessaria-en-la-ruta-assistencial-de-la-insuficiencia-cardiaca-i-la-fibrillacio-auricular\/\",\"url\":\"https:\/\/novaorg.cofb.net\/2017\/04\/27\/la-figura-del-farmaceutic-necessaria-en-la-ruta-assistencial-de-la-insuficiencia-cardiaca-i-la-fibrillacio-auricular\/\",\"name\":\"La figura del farmac\u00e8utic, necess\u00e0ria en la ruta assistencial de la insufici\u00e8ncia card\u00edaca i la fibril\u00b7laci\u00f3 auricular - Col\u00b7legi de Farmac\u00e8utics de Barcelona\",\"isPartOf\":{\"@id\":\"https:\/\/www.cofb.org\/#website\"},\"datePublished\":\"2017-04-27T11:55:00+00:00\",\"dateModified\":\"2017-04-27T11:55:00+00:00\",\"breadcrumb\":{\"@id\":\"https:\/\/novaorg.cofb.net\/2017\/04\/27\/la-figura-del-farmaceutic-necessaria-en-la-ruta-assistencial-de-la-insuficiencia-cardiaca-i-la-fibrillacio-auricular\/#breadcrumb\"},\"inLanguage\":\"ca\",\"potentialAction\":[{\"@type\":\"ReadAction\",\"target\":[\"https:\/\/novaorg.cofb.net\/2017\/04\/27\/la-figura-del-farmaceutic-necessaria-en-la-ruta-assistencial-de-la-insuficiencia-cardiaca-i-la-fibrillacio-auricular\/\"]}]},{\"@type\":\"BreadcrumbList\",\"@id\":\"https:\/\/novaorg.cofb.net\/2017\/04\/27\/la-figura-del-farmaceutic-necessaria-en-la-ruta-assistencial-de-la-insuficiencia-cardiaca-i-la-fibrillacio-auricular\/#breadcrumb\",\"itemListElement\":[{\"@type\":\"ListItem\",\"position\":1,\"name\":\"Inici\",\"item\":\"https:\/\/novaorg.cofb.net\/\"},{\"@type\":\"ListItem\",\"position\":2,\"name\":\"La figura del farmac\u00e8utic, necess\u00e0ria en la ruta assistencial de la insufici\u00e8ncia card\u00edaca i la fibril\u00b7laci\u00f3 auricular\"}]},{\"@type\":\"WebSite\",\"@id\":\"https:\/\/www.cofb.org\/#website\",\"url\":\"https:\/\/www.cofb.org\/\",\"name\":\"Col\u00b7legi de Farmac\u00e8utics de Barcelona\",\"description\":\"\",\"publisher\":{\"@id\":\"https:\/\/www.cofb.org\/#organization\"},\"potentialAction\":[{\"@type\":\"SearchAction\",\"target\":{\"@type\":\"EntryPoint\",\"urlTemplate\":\"https:\/\/www.cofb.org\/?s={search_term_string}\"},\"query-input\":\"required name=search_term_string\"}],\"inLanguage\":\"ca\"},{\"@type\":\"Organization\",\"@id\":\"https:\/\/www.cofb.org\/#organization\",\"name\":\"Col\u00b7legi de Farmac\u00e8utics de Barcelona\",\"url\":\"https:\/\/www.cofb.org\/\",\"logo\":{\"@type\":\"ImageObject\",\"inLanguage\":\"ca\",\"@id\":\"https:\/\/www.cofb.org\/#\/schema\/logo\/image\/\",\"url\":\"https:\/\/www.cofb.org\/wp-content\/uploads\/2023\/11\/cropped-Logotip-COFB.png\",\"contentUrl\":\"https:\/\/www.cofb.org\/wp-content\/uploads\/2023\/11\/cropped-Logotip-COFB.png\",\"width\":500,\"height\":105,\"caption\":\"Col\u00b7legi de Farmac\u00e8utics de Barcelona\"},\"image\":{\"@id\":\"https:\/\/www.cofb.org\/#\/schema\/logo\/image\/\"},\"sameAs\":[\"https:\/\/www.facebook.com\/farmaceuticsbcn\/\",\"https:\/\/twitter.com\/farmaceuticsbcn\",\"https:\/\/www.instagram.com\/farmaceuticsbcn\/\",\"https:\/\/www.linkedin.com\/company\/farmaceuticsbcn\/\"]},{\"@type\":\"Person\",\"@id\":\"https:\/\/www.cofb.org\/#\/schema\/person\/22ed7eea88da74b0fa4d3154ad87ffcb\",\"name\":\"wpAdminCofbOrg\",\"image\":{\"@type\":\"ImageObject\",\"inLanguage\":\"ca\",\"@id\":\"https:\/\/www.cofb.org\/#\/schema\/person\/image\/\",\"url\":\"https:\/\/secure.gravatar.com\/avatar\/1721b20b3b8ca882c3b56ec6c978c594fff670e40c0718e9190eaeeb76aae7d8?s=96&d=mm&r=g\",\"contentUrl\":\"https:\/\/secure.gravatar.com\/avatar\/1721b20b3b8ca882c3b56ec6c978c594fff670e40c0718e9190eaeeb76aae7d8?s=96&d=mm&r=g\",\"caption\":\"wpAdminCofbOrg\"},\"sameAs\":[\"http:\/\/192.168.64.122\/wordpress\"],\"url\":\"https:\/\/www.cofb.org\/ca\/author\/wpadmincofborg\/\"}]}<\/script>\n<!-- \/ Yoast SEO plugin. -->","yoast_head_json":{"title":"La figura del farmac\u00e8utic, necess\u00e0ria en la ruta assistencial de la insufici\u00e8ncia card\u00edaca i la fibril\u00b7laci\u00f3 auricular - Col\u00b7legi de Farmac\u00e8utics de Barcelona","robots":{"index":"index","follow":"follow","max-snippet":"max-snippet:-1","max-image-preview":"max-image-preview:large","max-video-preview":"max-video-preview:-1"},"canonical":"https:\/\/novaorg.cofb.net\/2017\/04\/27\/la-figura-del-farmaceutic-necessaria-en-la-ruta-assistencial-de-la-insuficiencia-cardiaca-i-la-fibrillacio-auricular\/","og_locale":"ca_ES","og_type":"article","og_title":"La figura del farmac\u00e8utic, necess\u00e0ria en la ruta assistencial de la insufici\u00e8ncia card\u00edaca i la fibril\u00b7laci\u00f3 auricular - Col\u00b7legi de Farmac\u00e8utics de Barcelona","og_description":"\u00a0 \u00c9s una de les conclusions a les quals es va arribar a la formaci\u00f3 organitzada pel COF de Barcelona, juntament amb la Societat Catalana de Farm\u00e0cia Cl\u00ednica, sobre l\u2019abordatge dels pacients amb insufici\u00e8ncia card\u00edaca Durant el curs tamb\u00e9 es va remarcar la import\u00e0ncia de la coordinaci\u00f3 entre els professionals [&hellip;]","og_url":"https:\/\/novaorg.cofb.net\/2017\/04\/27\/la-figura-del-farmaceutic-necessaria-en-la-ruta-assistencial-de-la-insuficiencia-cardiaca-i-la-fibrillacio-auricular\/","og_site_name":"Col\u00b7legi de Farmac\u00e8utics de Barcelona","article_publisher":"https:\/\/www.facebook.com\/farmaceuticsbcn\/","article_published_time":"2017-04-27T11:55:00+00:00","author":"wpAdminCofbOrg","twitter_card":"summary_large_image","twitter_creator":"@farmaceuticsbcn","twitter_site":"@farmaceuticsbcn","twitter_misc":{"Escrit per":"wpAdminCofbOrg","Temps estimat de lectura":"7 minuts"},"schema":{"@context":"https:\/\/schema.org","@graph":[{"@type":"Article","@id":"https:\/\/novaorg.cofb.net\/2017\/04\/27\/la-figura-del-farmaceutic-necessaria-en-la-ruta-assistencial-de-la-insuficiencia-cardiaca-i-la-fibrillacio-auricular\/#article","isPartOf":{"@id":"https:\/\/novaorg.cofb.net\/2017\/04\/27\/la-figura-del-farmaceutic-necessaria-en-la-ruta-assistencial-de-la-insuficiencia-cardiaca-i-la-fibrillacio-auricular\/"},"author":{"name":"wpAdminCofbOrg","@id":"https:\/\/www.cofb.org\/#\/schema\/person\/22ed7eea88da74b0fa4d3154ad87ffcb"},"headline":"La figura del farmac\u00e8utic, necess\u00e0ria en la ruta assistencial de la insufici\u00e8ncia card\u00edaca i la fibril\u00b7laci\u00f3 auricular","datePublished":"2017-04-27T11:55:00+00:00","dateModified":"2017-04-27T11:55:00+00:00","mainEntityOfPage":{"@id":"https:\/\/novaorg.cofb.net\/2017\/04\/27\/la-figura-del-farmaceutic-necessaria-en-la-ruta-assistencial-de-la-insuficiencia-cardiaca-i-la-fibrillacio-auricular\/"},"wordCount":1409,"publisher":{"@id":"https:\/\/www.cofb.org\/#organization"},"articleSection":["Notes de premsa"],"inLanguage":"ca"},{"@type":"WebPage","@id":"https:\/\/novaorg.cofb.net\/2017\/04\/27\/la-figura-del-farmaceutic-necessaria-en-la-ruta-assistencial-de-la-insuficiencia-cardiaca-i-la-fibrillacio-auricular\/","url":"https:\/\/novaorg.cofb.net\/2017\/04\/27\/la-figura-del-farmaceutic-necessaria-en-la-ruta-assistencial-de-la-insuficiencia-cardiaca-i-la-fibrillacio-auricular\/","name":"La figura del farmac\u00e8utic, necess\u00e0ria en la ruta assistencial de la insufici\u00e8ncia card\u00edaca i la fibril\u00b7laci\u00f3 auricular - Col\u00b7legi de Farmac\u00e8utics de Barcelona","isPartOf":{"@id":"https:\/\/www.cofb.org\/#website"},"datePublished":"2017-04-27T11:55:00+00:00","dateModified":"2017-04-27T11:55:00+00:00","breadcrumb":{"@id":"https:\/\/novaorg.cofb.net\/2017\/04\/27\/la-figura-del-farmaceutic-necessaria-en-la-ruta-assistencial-de-la-insuficiencia-cardiaca-i-la-fibrillacio-auricular\/#breadcrumb"},"inLanguage":"ca","potentialAction":[{"@type":"ReadAction","target":["https:\/\/novaorg.cofb.net\/2017\/04\/27\/la-figura-del-farmaceutic-necessaria-en-la-ruta-assistencial-de-la-insuficiencia-cardiaca-i-la-fibrillacio-auricular\/"]}]},{"@type":"BreadcrumbList","@id":"https:\/\/novaorg.cofb.net\/2017\/04\/27\/la-figura-del-farmaceutic-necessaria-en-la-ruta-assistencial-de-la-insuficiencia-cardiaca-i-la-fibrillacio-auricular\/#breadcrumb","itemListElement":[{"@type":"ListItem","position":1,"name":"Inici","item":"https:\/\/novaorg.cofb.net\/"},{"@type":"ListItem","position":2,"name":"La figura del farmac\u00e8utic, necess\u00e0ria en la ruta assistencial de la insufici\u00e8ncia card\u00edaca i la fibril\u00b7laci\u00f3 auricular"}]},{"@type":"WebSite","@id":"https:\/\/www.cofb.org\/#website","url":"https:\/\/www.cofb.org\/","name":"Col\u00b7legi de Farmac\u00e8utics de Barcelona","description":"","publisher":{"@id":"https:\/\/www.cofb.org\/#organization"},"potentialAction":[{"@type":"SearchAction","target":{"@type":"EntryPoint","urlTemplate":"https:\/\/www.cofb.org\/?s={search_term_string}"},"query-input":"required name=search_term_string"}],"inLanguage":"ca"},{"@type":"Organization","@id":"https:\/\/www.cofb.org\/#organization","name":"Col\u00b7legi de Farmac\u00e8utics de Barcelona","url":"https:\/\/www.cofb.org\/","logo":{"@type":"ImageObject","inLanguage":"ca","@id":"https:\/\/www.cofb.org\/#\/schema\/logo\/image\/","url":"https:\/\/www.cofb.org\/wp-content\/uploads\/2023\/11\/cropped-Logotip-COFB.png","contentUrl":"https:\/\/www.cofb.org\/wp-content\/uploads\/2023\/11\/cropped-Logotip-COFB.png","width":500,"height":105,"caption":"Col\u00b7legi de Farmac\u00e8utics de Barcelona"},"image":{"@id":"https:\/\/www.cofb.org\/#\/schema\/logo\/image\/"},"sameAs":["https:\/\/www.facebook.com\/farmaceuticsbcn\/","https:\/\/twitter.com\/farmaceuticsbcn","https:\/\/www.instagram.com\/farmaceuticsbcn\/","https:\/\/www.linkedin.com\/company\/farmaceuticsbcn\/"]},{"@type":"Person","@id":"https:\/\/www.cofb.org\/#\/schema\/person\/22ed7eea88da74b0fa4d3154ad87ffcb","name":"wpAdminCofbOrg","image":{"@type":"ImageObject","inLanguage":"ca","@id":"https:\/\/www.cofb.org\/#\/schema\/person\/image\/","url":"https:\/\/secure.gravatar.com\/avatar\/1721b20b3b8ca882c3b56ec6c978c594fff670e40c0718e9190eaeeb76aae7d8?s=96&d=mm&r=g","contentUrl":"https:\/\/secure.gravatar.com\/avatar\/1721b20b3b8ca882c3b56ec6c978c594fff670e40c0718e9190eaeeb76aae7d8?s=96&d=mm&r=g","caption":"wpAdminCofbOrg"},"sameAs":["http:\/\/192.168.64.122\/wordpress"],"url":"https:\/\/www.cofb.org\/ca\/author\/wpadmincofborg\/"}]}},"uagb_featured_image_src":{"full":false,"thumbnail":false,"medium":false,"medium_large":false,"large":false,"1536x1536":false,"2048x2048":false,"trp-custom-language-flag":false},"uagb_author_info":{"display_name":"wpAdminCofbOrg","author_link":"https:\/\/www.cofb.org\/ca\/author\/wpadmincofborg\/"},"uagb_comment_info":0,"uagb_excerpt":"\u00a0 \u00c9s una de les conclusions a les quals es va arribar a la formaci\u00f3 organitzada pel COF de Barcelona, juntament amb la Societat Catalana de Farm\u00e0cia Cl\u00ednica, sobre l\u2019abordatge dels pacients amb insufici\u00e8ncia card\u00edaca Durant el curs tamb\u00e9 es va remarcar la import\u00e0ncia de la coordinaci\u00f3 entre els professionals [&hellip;]","_links":{"self":[{"href":"https:\/\/www.cofb.org\/ca\/wp-json\/wp\/v2\/posts\/77317","targetHints":{"allow":["GET"]}}],"collection":[{"href":"https:\/\/www.cofb.org\/ca\/wp-json\/wp\/v2\/posts"}],"about":[{"href":"https:\/\/www.cofb.org\/ca\/wp-json\/wp\/v2\/types\/post"}],"author":[{"embeddable":true,"href":"https:\/\/www.cofb.org\/ca\/wp-json\/wp\/v2\/users\/1"}],"replies":[{"embeddable":true,"href":"https:\/\/www.cofb.org\/ca\/wp-json\/wp\/v2\/comments?post=77317"}],"version-history":[{"count":0,"href":"https:\/\/www.cofb.org\/ca\/wp-json\/wp\/v2\/posts\/77317\/revisions"}],"wp:attachment":[{"href":"https:\/\/www.cofb.org\/ca\/wp-json\/wp\/v2\/media?parent=77317"}],"wp:term":[{"taxonomy":"category","embeddable":true,"href":"https:\/\/www.cofb.org\/ca\/wp-json\/wp\/v2\/categories?post=77317"},{"taxonomy":"post_tag","embeddable":true,"href":"https:\/\/www.cofb.org\/ca\/wp-json\/wp\/v2\/tags?post=77317"}],"curies":[{"name":"wp","href":"https:\/\/api.w.org\/{rel}","templated":true}]}}