{"id":77306,"date":"2017-06-29T09:22:00","date_gmt":"2017-06-29T09:22:00","guid":{"rendered":"https:\/\/novaorg.cofb.net\/2017\/06\/29\/finalitza-la-dotzena-edicio-del-master-en-gestio-doficina-de-farmacia-mgof\/"},"modified":"2017-06-29T09:22:00","modified_gmt":"2017-06-29T09:22:00","slug":"finalitza-la-dotzena-edicio-del-master-en-gestio-doficina-de-farmacia-mgof","status":"publish","type":"post","link":"https:\/\/www.cofb.org\/ca\/2017\/06\/29\/finalitza-la-dotzena-edicio-del-master-en-gestio-doficina-de-farmacia-mgof\/","title":{"rendered":"Finalitza la dotzena edici\u00f3 del M\u00e0ster en Gesti\u00f3 d&#8217;Oficina de Farm\u00e0cia (MGOF)"},"content":{"rendered":"<p>\u00a0<\/p>\n<div><b><br \/><\/b><\/div>\n<ul>\n<li><strong>Durant l\u2019acte de clausura, Jordi de Dalmases, president del COFB, a m\u00e9s de fer un rep\u00e0s de l\u2019actualitat del sector, va destacar que la voluntat del Col\u00b7legi \u00e9s formar i donar les eines necess\u00e0ries per poder exercir la professi\u00f3 amb les m\u00e0ximes garanties<\/strong><\/li>\n<li><strong>Accedir a una formaci\u00f3 productiva i complement\u00e0ria a la carrera s\u00f3n dos dels aspectes destacats pels estudiants d\u2019aquest M\u00e0ster, que es compon de tres m\u00f2duls: Finances i fiscalitat, Gesti\u00f3 de persones i M\u00e0rqueting<\/strong><br \/>\u00a0<\/li>\n<\/ul>\n<p><em>Barcelona, 29 de juny del 2017.- <\/em>El passat 30 de maig es va dur a terme<strong> l\u2019acte de cloenda de la dotzena edici\u00f3 del M\u00e0ster en Gesti\u00f3 d\u2019Oficina de Farm\u00e0cia (MGOF),<\/strong> estudis propis del Col\u00b7legi de Farmac\u00e8utics de Barcelona. Van presidir la cerim\u00f2nia <strong>Jordi de Dalmases<\/strong>, president del COFB; <strong>Cristina Rodr\u00edguez,<\/strong> cap del Departament de Formaci\u00f3 del COFB i co-coordinadora del M\u00e0ster; <strong>Joan Carles Serra,<\/strong> director del M\u00e0ster, i <strong>M\u00f2nica Gallach,<\/strong> co-coordinadora del M\u00e0ster. L\u2019acte va servir per posar punt i final a una formaci\u00f3 que<strong> pret\u00e9n posar a l\u2019abast les eines que permetin desenvolupar les compet\u00e8ncies que el farmac\u00e8utic necessita per millorar la gesti\u00f3 de la farm\u00e0cia comunit\u00e0ria. <\/strong>De Dalmases, abans de procedir a l\u2019entrega dels diplomes acreditatius, va voler felicitar als estudiants i, alhora, va determinar que <strong>\u201cla voluntat del Col\u00b7legi \u00e9s formar i donar les eines necess\u00e0ries perqu\u00e8 puguem exercir la professi\u00f3 amb les m\u00e0ximes garanties\u201d. <\/strong>En la mateixa l\u00ednia, va emfatitzar sobre el pla estrat\u00e8gic de la renovada Junta de Govern, que <strong>\u201cintenta que el farmac\u00e8utic pugui abordar la q\u00fcesti\u00f3 assistencial el millor possible\u201d.<\/strong><\/p>\n<p><u><strong>L\u2019actualitat del sector, present a la clausura<\/strong><\/u><\/p>\n<p>Tanmateix, el president va voler puntualitzar alguns dels temes que marquen l\u2019actualitat farmac\u00e8utica per, aix\u00ed, situar els joves professionals. D\u2019aquesta manera, va parlar del<strong> futur assistencial que hauria de seguir la professi\u00f3<\/strong>, tot assegurant que <strong>\u201csi la nostra actuaci\u00f3 professional millora la salut dels pacients que ens visiten a l\u2019oficina de farm\u00e0cia, serem indispensables\u201d.<\/strong> Per aix\u00f2, concretava que, per aconseguir-ho, els mateixos farmac\u00e8utics han de <strong>real\u00e7ar i transmetre el coneixement que es t\u00e9 dels f\u00e0rmacs, \u201cque \u00e9s el que ens fa diferents\u201d. <\/strong>De Dalmases incentivava aquest vessant professional remarcant que<strong> la professi\u00f3 vol seguir creixent<\/strong> per\u00f2 perqu\u00e8 aix\u00ed sigui, <strong>\u201cel valor l\u2019hem de posar nosaltres\u201d. \u201cSi vols guanyar en nous camps, has de demostrar que ets bo\u201d, <\/strong>assegurava<strong>.<\/strong><\/p>\n<p>Alguns dels altres temes que es van plantejar van ser la possibilitat que Barcelona sigui la futura seu de l\u2019EMA i qu\u00e8 \u00e9s i com es t\u00e9 planificat dur a terme el projecte SeVem.<\/p>\n<p><u><strong>MGOF, formaci\u00f3 composta per tres m\u00f2duls<\/strong><\/u><\/p>\n<p>El M\u00e0ster en Gesti\u00f3 d\u2019Oficina de Farm\u00e0cia (MGOF) es compon de tres m\u00f2duls, <strong>Finances i fiscalitat, Gesti\u00f3 de persones i M\u00e0rqueting<\/strong> i s\u2019ha desenvolupat sota tres finalitats.<\/p>\n<p>La primera \u00e9s que l\u2019estudiant<strong> conegui les diferents \u00e0rees funcionals i processos de negoci de la farm\u00e0cia i, d\u2019aquesta manera, proporcionar una visi\u00f3 global, generalista i integradora de la direcci\u00f3 i la gesti\u00f3 d\u2019empreses. <\/strong>En segon lloc, que es <strong>desenvolupin les capacitats directives per liderar l\u2019equip de col\u00b7laboradors. I, finalment, que l\u2019alumne surti amb les habilitats d\u2019actuar com a responsable d\u2019una empresa amb unes caracter\u00edstiques que la regulen i que la fan diferent de la resta, coneixent totes les funcions amb prou fermesa per gestionar-la de forma eficient.<\/strong><\/p>\n<p><u><strong>La visi\u00f3 dels estudiants<\/strong><\/u><\/p>\n<p>Segons Carlos Garc\u00eda Montiel, un dels alumnes d\u2019aquesta dotzena edici\u00f3 del M\u00e0ster, es tracta d\u2019una formaci\u00f3 <strong>\u201cproductiva si l\u2019analitzem pels tres m\u00f2duls, tant el de finances, com el de gesti\u00f3 de persones i el de m\u00e0rqueting i, per tant, \u00e9s recomanable 100% a tots els col\u00b7legiats\u201d.<\/strong> Garc\u00eda va destacar el <strong>bon nivell del professorat, <\/strong>entre ells, el director del curs, <strong>Joan Carles Serra<\/strong>, que, segons l\u2019estudiant,<strong> \u201cha sigut el nostre guia durant tot el M\u00e0ster\u201d.<\/strong><\/p>\n<p>D\u2019altra banda, Miquel Sim\u00f3n va puntualitzar que es va apuntar a la formaci\u00f3 <strong>\u201cperqu\u00e8 s\u00f3n tota una s\u00e8rie d\u2019elements en els quals no estem formats a la carrera i crec, que hem assolit tot el que esper\u00e0vem amb escreix\u201d. <\/strong>Sim\u00f3n tamb\u00e9 <strong>va ressaltar el nivell del professorat i emfatitzava que \u201cel fet d\u2019haver tingut molts professors permet que h\u00e0gim vist moltes visions i ens han pogut ensenyar moltes coses\u201d.<\/strong><\/p>\n<p><strong>Per a m\u00e9s informaci\u00f3:<\/strong><\/p>\n<p>Departament de Comunicaci\u00f3 del Col\u00b7legi de Farmac\u00e8utics de Barcelona (COFB)<\/p>\n<p>Tel\u00e8fon: 93 244 07 28 \/ 18<\/p>\n<p>premsa@cofb.net <br \/>\u00a0<\/p>\n<p>\u00a0Durant l\u2019acte de clausura, Jordi de Dalmases, president del COFB, a m\u00e9s de fer un rep\u00e0s de l\u2019actualitat del sector, va destacar que la voluntat del Col\u00b7legi \u00e9s formar i donar les eines necess\u00e0ries per poder exercir la professi\u00f3 amb les m\u00e0ximes garantiesAccedir a una formaci\u00f3 productiva i complement\u00e0ria a la carrera s\u00f3n dos dels aspectes destacats pels estudiants d\u2019aquest M\u00e0ster, que es compon de tres m\u00f2duls: Finances i fiscalitat, Gesti\u00f3 de persones i M\u00e0rqueting\u00a0Barcelona, 29 de juny del 2017.- El passat 30 de maig es va dur a terme l\u2019acte de cloenda de la dotzena edici\u00f3 del M\u00e0ster en Gesti\u00f3 d\u2019Oficina de Farm\u00e0cia (MGOF), estudis propis del Col\u00b7legi de Farmac\u00e8utics de Barcelona. Van presidir la cerim\u00f2nia Jordi de Dalmases, president del COFB; Cristina Rodr\u00edguez, cap del Departament de Formaci\u00f3 del COFB i co-coordinadora del M\u00e0ster; Joan Carles Serra, director del M\u00e0ster, i M\u00f2nica Gallach, co-coordinadora del M\u00e0ster. L\u2019acte va servir per posar punt i final a una formaci\u00f3 que pret\u00e9n posar a l\u2019abast les eines que permetin desenvolupar les compet\u00e8ncies que el farmac\u00e8utic necessita per millorar la gesti\u00f3 de la farm\u00e0cia comunit\u00e0ria. De Dalmases, abans de procedir a l\u2019entrega dels diplomes acreditatius, va voler felicitar als estudiants i, alhora, va determinar que \u201cla voluntat del Col\u00b7legi \u00e9s formar i donar les eines necess\u00e0ries perqu\u00e8 puguem exercir la professi\u00f3 amb les m\u00e0ximes garanties\u201d. En la mateixa l\u00ednia, va emfatitzar sobre el pla estrat\u00e8gic de la renovada Junta de Govern, que \u201cintenta que el farmac\u00e8utic pugui abordar la q\u00fcesti\u00f3 assistencial el millor possible\u201d.L\u2019actualitat del sector, present a la clausuraTanmateix, el president va voler puntualitzar alguns dels temes que marquen l\u2019actualitat farmac\u00e8utica per, aix\u00ed, situar els joves professionals. D\u2019aquesta manera, va parlar del futur assistencial que hauria de seguir la professi\u00f3, tot assegurant que \u201csi la nostra actuaci\u00f3 professional millora la salut dels pacients que ens visiten a l\u2019oficina de farm\u00e0cia, serem indispensables\u201d. Per aix\u00f2, concretava que, per aconseguir-ho, els mateixos farmac\u00e8utics han de real\u00e7ar i transmetre el coneixement que es t\u00e9 dels f\u00e0rmacs, \u201cque \u00e9s el que ens fa diferents\u201d. De Dalmases incentivava aquest vessant professional remarcant que la professi\u00f3 vol seguir creixent per\u00f2 perqu\u00e8 aix\u00ed sigui, \u201cel valor l\u2019hem de posar nosaltres\u201d. \u201cSi vols guanyar en nous camps, has de demostrar que ets bo\u201d, assegurava.Alguns dels altres temes que es van plantejar van ser la possibilitat que Barcelona sigui la futura seu de l\u2019EMA i qu\u00e8 \u00e9s i com es t\u00e9 planificat dur a terme el projecte SeVem.MGOF, formaci\u00f3 composta per tres m\u00f2dulsEl M\u00e0ster en Gesti\u00f3 d\u2019Oficina de Farm\u00e0cia (MGOF) es compon de tres m\u00f2duls, Finances i fiscalitat, Gesti\u00f3 de persones i M\u00e0rqueting i s\u2019ha desenvolupat sota tres finalitats.La primera \u00e9s que l\u2019estudiant conegui les diferents \u00e0rees funcionals i processos de negoci de la farm\u00e0cia i, d\u2019aquesta manera, proporcionar una visi\u00f3 global, generalista i integradora de la direcci\u00f3 i la gesti\u00f3 d\u2019empreses. En segon lloc, que es desenvolupin les capacitats directives per liderar l\u2019equip de col\u00b7laboradors. I, finalment, que l\u2019alumne surti amb les habilitats d\u2019actuar com a responsable d\u2019una empresa amb unes caracter\u00edstiques que la regulen i que la fan diferent de la resta, coneixent totes les funcions amb prou fermesa per gestionar-la de forma eficient.La visi\u00f3 dels estudiantsSegons Carlos Garc\u00eda Montiel, un dels alumnes d\u2019aquesta dotzena edici\u00f3 del M\u00e0ster, es tracta d\u2019una formaci\u00f3 \u201cproductiva si l\u2019analitzem pels tres m\u00f2duls, tant el de finances, com el de gesti\u00f3 de persones i el de m\u00e0rqueting i, per tant, \u00e9s recomanable 100% a tots els col\u00b7legiats\u201d. Garc\u00eda va destacar el bon nivell del professorat, entre ells, el director del curs, Joan Carles Serra, que, segons l\u2019estudiant, \u201cha sigut el nostre guia durant tot el M\u00e0ster\u201d.D\u2019altra banda, Miquel Sim\u00f3n va puntualitzar que es va apuntar a la formaci\u00f3 \u201cperqu\u00e8 s\u00f3n tota una s\u00e8rie d\u2019elements en els quals no estem formats a la carrera i crec, que hem assolit tot el que esper\u00e0vem amb escreix\u201d. Sim\u00f3n tamb\u00e9 va ressaltar el nivell del professorat i emfatitzava que \u201cel fet d\u2019haver tingut molts professors permet que h\u00e0gim vist moltes visions i ens han pogut ensenyar moltes coses\u201d.Per a m\u00e9s informaci\u00f3:Departament de Comunicaci\u00f3 del Col\u00b7legi de Farmac\u00e8utics de Barcelona (COFB)Tel\u00e8fon: 93 244 07 28 \/ 18premsa@cofb.net \u00a0\u00a0\u00a0COFB.ORG<\/p>\n","protected":false},"excerpt":{"rendered":"<p>\u00a0 Durant l\u2019acte de clausura, Jordi de Dalmases, president del COFB, a m\u00e9s de fer un rep\u00e0s de l\u2019actualitat del sector, va destacar que la voluntat del Col\u00b7legi \u00e9s formar i donar les eines necess\u00e0ries per poder exercir la professi\u00f3 amb les m\u00e0ximes garanties Accedir a una formaci\u00f3 productiva i [&hellip;]<\/p>\n","protected":false},"author":1,"featured_media":0,"comment_status":"","ping_status":"","sticky":false,"template":"","format":"standard","meta":{"_uag_custom_page_level_css":"","site-sidebar-layout":"default","site-content-layout":"","ast-site-content-layout":"default","site-content-style":"default","site-sidebar-style":"default","ast-global-header-display":"","ast-banner-title-visibility":"","ast-main-header-display":"","ast-hfb-above-header-display":"","ast-hfb-below-header-display":"","ast-hfb-mobile-header-display":"","site-post-title":"","ast-breadcrumbs-content":"","ast-featured-img":"disabled","footer-sml-layout":"","theme-transparent-header-meta":"","adv-header-id-meta":"","stick-header-meta":"","header-above-stick-meta":"","header-main-stick-meta":"","header-below-stick-meta":"","astra-migrate-meta-layouts":"default","ast-page-background-enabled":"default","ast-page-background-meta":{"desktop":{"background-color":"var(--ast-global-color-4)","background-image":"","background-repeat":"repeat","background-position":"center center","background-size":"auto","background-attachment":"scroll","background-type":"","background-media":"","overlay-type":"","overlay-color":"","overlay-opacity":"","overlay-gradient":""},"tablet":{"background-color":"","background-image":"","background-repeat":"repeat","background-position":"center center","background-size":"auto","background-attachment":"scroll","background-type":"","background-media":"","overlay-type":"","overlay-color":"","overlay-opacity":"","overlay-gradient":""},"mobile":{"background-color":"","background-image":"","background-repeat":"repeat","background-position":"center center","background-size":"auto","background-attachment":"scroll","background-type":"","background-media":"","overlay-type":"","overlay-color":"","overlay-opacity":"","overlay-gradient":""}},"ast-content-background-meta":{"desktop":{"background-color":"var(--ast-global-color-5)","background-image":"","background-repeat":"repeat","background-position":"center center","background-size":"auto","background-attachment":"scroll","background-type":"","background-media":"","overlay-type":"","overlay-color":"","overlay-opacity":"","overlay-gradient":""},"tablet":{"background-color":"var(--ast-global-color-5)","background-image":"","background-repeat":"repeat","background-position":"center center","background-size":"auto","background-attachment":"scroll","background-type":"","background-media":"","overlay-type":"","overlay-color":"","overlay-opacity":"","overlay-gradient":""},"mobile":{"background-color":"var(--ast-global-color-5)","background-image":"","background-repeat":"repeat","background-position":"center center","background-size":"auto","background-attachment":"scroll","background-type":"","background-media":"","overlay-type":"","overlay-color":"","overlay-opacity":"","overlay-gradient":""}},"footnotes":""},"categories":[1060,1066],"tags":[],"class_list":["post-77306","post","type-post","status-publish","format-standard","hentry","category-notes-premsa","category-sense-categoria-ca"],"yoast_head":"<!-- This site is optimized with the Yoast SEO plugin v22.4 - https:\/\/yoast.com\/wordpress\/plugins\/seo\/ -->\n<title>Finalitza la dotzena edici\u00f3 del M\u00e0ster en Gesti\u00f3 d&#039;Oficina de Farm\u00e0cia (MGOF) - Col\u00b7legi de Farmac\u00e8utics de Barcelona<\/title>\n<meta name=\"robots\" content=\"index, follow, max-snippet:-1, max-image-preview:large, max-video-preview:-1\" \/>\n<link rel=\"canonical\" href=\"https:\/\/novaorg.cofb.net\/2017\/06\/29\/finalitza-la-dotzena-edicio-del-master-en-gestio-doficina-de-farmacia-mgof\/\" \/>\n<meta property=\"og:locale\" content=\"ca_ES\" \/>\n<meta property=\"og:type\" content=\"article\" \/>\n<meta property=\"og:title\" content=\"Finalitza la dotzena edici\u00f3 del M\u00e0ster en Gesti\u00f3 d&#039;Oficina de Farm\u00e0cia (MGOF) - Col\u00b7legi de Farmac\u00e8utics de Barcelona\" \/>\n<meta property=\"og:description\" content=\"\u00a0 Durant l\u2019acte de clausura, Jordi de Dalmases, president del COFB, a m\u00e9s de fer un rep\u00e0s de l\u2019actualitat del sector, va destacar que la voluntat del Col\u00b7legi \u00e9s formar i donar les eines necess\u00e0ries per poder exercir la professi\u00f3 amb les m\u00e0ximes garanties Accedir a una formaci\u00f3 productiva i [&hellip;]\" \/>\n<meta property=\"og:url\" content=\"https:\/\/novaorg.cofb.net\/2017\/06\/29\/finalitza-la-dotzena-edicio-del-master-en-gestio-doficina-de-farmacia-mgof\/\" \/>\n<meta property=\"og:site_name\" content=\"Col\u00b7legi de Farmac\u00e8utics de Barcelona\" \/>\n<meta property=\"article:publisher\" content=\"https:\/\/www.facebook.com\/farmaceuticsbcn\/\" \/>\n<meta property=\"article:published_time\" content=\"2017-06-29T09:22:00+00:00\" \/>\n<meta name=\"author\" content=\"wpAdminCofbOrg\" \/>\n<meta name=\"twitter:card\" content=\"summary_large_image\" \/>\n<meta name=\"twitter:creator\" content=\"@farmaceuticsbcn\" \/>\n<meta name=\"twitter:site\" content=\"@farmaceuticsbcn\" \/>\n<meta name=\"twitter:label1\" content=\"Escrit per\" \/>\n\t<meta name=\"twitter:data1\" content=\"wpAdminCofbOrg\" \/>\n\t<meta name=\"twitter:label2\" content=\"Temps estimat de lectura\" \/>\n\t<meta name=\"twitter:data2\" content=\"8 minuts\" \/>\n<script type=\"application\/ld+json\" class=\"yoast-schema-graph\">{\"@context\":\"https:\/\/schema.org\",\"@graph\":[{\"@type\":\"Article\",\"@id\":\"https:\/\/novaorg.cofb.net\/2017\/06\/29\/finalitza-la-dotzena-edicio-del-master-en-gestio-doficina-de-farmacia-mgof\/#article\",\"isPartOf\":{\"@id\":\"https:\/\/novaorg.cofb.net\/2017\/06\/29\/finalitza-la-dotzena-edicio-del-master-en-gestio-doficina-de-farmacia-mgof\/\"},\"author\":{\"name\":\"wpAdminCofbOrg\",\"@id\":\"https:\/\/www.cofb.org\/#\/schema\/person\/22ed7eea88da74b0fa4d3154ad87ffcb\"},\"headline\":\"Finalitza la dotzena edici\u00f3 del M\u00e0ster en Gesti\u00f3 d&#8217;Oficina de Farm\u00e0cia (MGOF)\",\"datePublished\":\"2017-06-29T09:22:00+00:00\",\"dateModified\":\"2017-06-29T09:22:00+00:00\",\"mainEntityOfPage\":{\"@id\":\"https:\/\/novaorg.cofb.net\/2017\/06\/29\/finalitza-la-dotzena-edicio-del-master-en-gestio-doficina-de-farmacia-mgof\/\"},\"wordCount\":1591,\"publisher\":{\"@id\":\"https:\/\/www.cofb.org\/#organization\"},\"articleSection\":[\"Notes de premsa\"],\"inLanguage\":\"ca\"},{\"@type\":\"WebPage\",\"@id\":\"https:\/\/novaorg.cofb.net\/2017\/06\/29\/finalitza-la-dotzena-edicio-del-master-en-gestio-doficina-de-farmacia-mgof\/\",\"url\":\"https:\/\/novaorg.cofb.net\/2017\/06\/29\/finalitza-la-dotzena-edicio-del-master-en-gestio-doficina-de-farmacia-mgof\/\",\"name\":\"Finalitza la dotzena edici\u00f3 del M\u00e0ster en Gesti\u00f3 d'Oficina de Farm\u00e0cia (MGOF) - Col\u00b7legi de Farmac\u00e8utics de Barcelona\",\"isPartOf\":{\"@id\":\"https:\/\/www.cofb.org\/#website\"},\"datePublished\":\"2017-06-29T09:22:00+00:00\",\"dateModified\":\"2017-06-29T09:22:00+00:00\",\"breadcrumb\":{\"@id\":\"https:\/\/novaorg.cofb.net\/2017\/06\/29\/finalitza-la-dotzena-edicio-del-master-en-gestio-doficina-de-farmacia-mgof\/#breadcrumb\"},\"inLanguage\":\"ca\",\"potentialAction\":[{\"@type\":\"ReadAction\",\"target\":[\"https:\/\/novaorg.cofb.net\/2017\/06\/29\/finalitza-la-dotzena-edicio-del-master-en-gestio-doficina-de-farmacia-mgof\/\"]}]},{\"@type\":\"BreadcrumbList\",\"@id\":\"https:\/\/novaorg.cofb.net\/2017\/06\/29\/finalitza-la-dotzena-edicio-del-master-en-gestio-doficina-de-farmacia-mgof\/#breadcrumb\",\"itemListElement\":[{\"@type\":\"ListItem\",\"position\":1,\"name\":\"Inici\",\"item\":\"https:\/\/novaorg.cofb.net\/\"},{\"@type\":\"ListItem\",\"position\":2,\"name\":\"Finalitza la dotzena edici\u00f3 del M\u00e0ster en Gesti\u00f3 d&#8217;Oficina de Farm\u00e0cia (MGOF)\"}]},{\"@type\":\"WebSite\",\"@id\":\"https:\/\/www.cofb.org\/#website\",\"url\":\"https:\/\/www.cofb.org\/\",\"name\":\"Col\u00b7legi de Farmac\u00e8utics de Barcelona\",\"description\":\"\",\"publisher\":{\"@id\":\"https:\/\/www.cofb.org\/#organization\"},\"potentialAction\":[{\"@type\":\"SearchAction\",\"target\":{\"@type\":\"EntryPoint\",\"urlTemplate\":\"https:\/\/www.cofb.org\/?s={search_term_string}\"},\"query-input\":\"required name=search_term_string\"}],\"inLanguage\":\"ca\"},{\"@type\":\"Organization\",\"@id\":\"https:\/\/www.cofb.org\/#organization\",\"name\":\"Col\u00b7legi de Farmac\u00e8utics de Barcelona\",\"url\":\"https:\/\/www.cofb.org\/\",\"logo\":{\"@type\":\"ImageObject\",\"inLanguage\":\"ca\",\"@id\":\"https:\/\/www.cofb.org\/#\/schema\/logo\/image\/\",\"url\":\"https:\/\/www.cofb.org\/wp-content\/uploads\/2023\/11\/cropped-Logotip-COFB.png\",\"contentUrl\":\"https:\/\/www.cofb.org\/wp-content\/uploads\/2023\/11\/cropped-Logotip-COFB.png\",\"width\":500,\"height\":105,\"caption\":\"Col\u00b7legi de Farmac\u00e8utics de Barcelona\"},\"image\":{\"@id\":\"https:\/\/www.cofb.org\/#\/schema\/logo\/image\/\"},\"sameAs\":[\"https:\/\/www.facebook.com\/farmaceuticsbcn\/\",\"https:\/\/twitter.com\/farmaceuticsbcn\",\"https:\/\/www.instagram.com\/farmaceuticsbcn\/\",\"https:\/\/www.linkedin.com\/company\/farmaceuticsbcn\/\"]},{\"@type\":\"Person\",\"@id\":\"https:\/\/www.cofb.org\/#\/schema\/person\/22ed7eea88da74b0fa4d3154ad87ffcb\",\"name\":\"wpAdminCofbOrg\",\"image\":{\"@type\":\"ImageObject\",\"inLanguage\":\"ca\",\"@id\":\"https:\/\/www.cofb.org\/#\/schema\/person\/image\/\",\"url\":\"https:\/\/secure.gravatar.com\/avatar\/1721b20b3b8ca882c3b56ec6c978c594fff670e40c0718e9190eaeeb76aae7d8?s=96&d=mm&r=g\",\"contentUrl\":\"https:\/\/secure.gravatar.com\/avatar\/1721b20b3b8ca882c3b56ec6c978c594fff670e40c0718e9190eaeeb76aae7d8?s=96&d=mm&r=g\",\"caption\":\"wpAdminCofbOrg\"},\"sameAs\":[\"http:\/\/192.168.64.122\/wordpress\"],\"url\":\"https:\/\/www.cofb.org\/ca\/author\/wpadmincofborg\/\"}]}<\/script>\n<!-- \/ Yoast SEO plugin. -->","yoast_head_json":{"title":"Finalitza la dotzena edici\u00f3 del M\u00e0ster en Gesti\u00f3 d'Oficina de Farm\u00e0cia (MGOF) - Col\u00b7legi de Farmac\u00e8utics de Barcelona","robots":{"index":"index","follow":"follow","max-snippet":"max-snippet:-1","max-image-preview":"max-image-preview:large","max-video-preview":"max-video-preview:-1"},"canonical":"https:\/\/novaorg.cofb.net\/2017\/06\/29\/finalitza-la-dotzena-edicio-del-master-en-gestio-doficina-de-farmacia-mgof\/","og_locale":"ca_ES","og_type":"article","og_title":"Finalitza la dotzena edici\u00f3 del M\u00e0ster en Gesti\u00f3 d'Oficina de Farm\u00e0cia (MGOF) - Col\u00b7legi de Farmac\u00e8utics de Barcelona","og_description":"\u00a0 Durant l\u2019acte de clausura, Jordi de Dalmases, president del COFB, a m\u00e9s de fer un rep\u00e0s de l\u2019actualitat del sector, va destacar que la voluntat del Col\u00b7legi \u00e9s formar i donar les eines necess\u00e0ries per poder exercir la professi\u00f3 amb les m\u00e0ximes garanties Accedir a una formaci\u00f3 productiva i [&hellip;]","og_url":"https:\/\/novaorg.cofb.net\/2017\/06\/29\/finalitza-la-dotzena-edicio-del-master-en-gestio-doficina-de-farmacia-mgof\/","og_site_name":"Col\u00b7legi de Farmac\u00e8utics de Barcelona","article_publisher":"https:\/\/www.facebook.com\/farmaceuticsbcn\/","article_published_time":"2017-06-29T09:22:00+00:00","author":"wpAdminCofbOrg","twitter_card":"summary_large_image","twitter_creator":"@farmaceuticsbcn","twitter_site":"@farmaceuticsbcn","twitter_misc":{"Escrit per":"wpAdminCofbOrg","Temps estimat de lectura":"8 minuts"},"schema":{"@context":"https:\/\/schema.org","@graph":[{"@type":"Article","@id":"https:\/\/novaorg.cofb.net\/2017\/06\/29\/finalitza-la-dotzena-edicio-del-master-en-gestio-doficina-de-farmacia-mgof\/#article","isPartOf":{"@id":"https:\/\/novaorg.cofb.net\/2017\/06\/29\/finalitza-la-dotzena-edicio-del-master-en-gestio-doficina-de-farmacia-mgof\/"},"author":{"name":"wpAdminCofbOrg","@id":"https:\/\/www.cofb.org\/#\/schema\/person\/22ed7eea88da74b0fa4d3154ad87ffcb"},"headline":"Finalitza la dotzena edici\u00f3 del M\u00e0ster en Gesti\u00f3 d&#8217;Oficina de Farm\u00e0cia (MGOF)","datePublished":"2017-06-29T09:22:00+00:00","dateModified":"2017-06-29T09:22:00+00:00","mainEntityOfPage":{"@id":"https:\/\/novaorg.cofb.net\/2017\/06\/29\/finalitza-la-dotzena-edicio-del-master-en-gestio-doficina-de-farmacia-mgof\/"},"wordCount":1591,"publisher":{"@id":"https:\/\/www.cofb.org\/#organization"},"articleSection":["Notes de premsa"],"inLanguage":"ca"},{"@type":"WebPage","@id":"https:\/\/novaorg.cofb.net\/2017\/06\/29\/finalitza-la-dotzena-edicio-del-master-en-gestio-doficina-de-farmacia-mgof\/","url":"https:\/\/novaorg.cofb.net\/2017\/06\/29\/finalitza-la-dotzena-edicio-del-master-en-gestio-doficina-de-farmacia-mgof\/","name":"Finalitza la dotzena edici\u00f3 del M\u00e0ster en Gesti\u00f3 d'Oficina de Farm\u00e0cia (MGOF) - Col\u00b7legi de Farmac\u00e8utics de Barcelona","isPartOf":{"@id":"https:\/\/www.cofb.org\/#website"},"datePublished":"2017-06-29T09:22:00+00:00","dateModified":"2017-06-29T09:22:00+00:00","breadcrumb":{"@id":"https:\/\/novaorg.cofb.net\/2017\/06\/29\/finalitza-la-dotzena-edicio-del-master-en-gestio-doficina-de-farmacia-mgof\/#breadcrumb"},"inLanguage":"ca","potentialAction":[{"@type":"ReadAction","target":["https:\/\/novaorg.cofb.net\/2017\/06\/29\/finalitza-la-dotzena-edicio-del-master-en-gestio-doficina-de-farmacia-mgof\/"]}]},{"@type":"BreadcrumbList","@id":"https:\/\/novaorg.cofb.net\/2017\/06\/29\/finalitza-la-dotzena-edicio-del-master-en-gestio-doficina-de-farmacia-mgof\/#breadcrumb","itemListElement":[{"@type":"ListItem","position":1,"name":"Inici","item":"https:\/\/novaorg.cofb.net\/"},{"@type":"ListItem","position":2,"name":"Finalitza la dotzena edici\u00f3 del M\u00e0ster en Gesti\u00f3 d&#8217;Oficina de Farm\u00e0cia (MGOF)"}]},{"@type":"WebSite","@id":"https:\/\/www.cofb.org\/#website","url":"https:\/\/www.cofb.org\/","name":"Col\u00b7legi de Farmac\u00e8utics de Barcelona","description":"","publisher":{"@id":"https:\/\/www.cofb.org\/#organization"},"potentialAction":[{"@type":"SearchAction","target":{"@type":"EntryPoint","urlTemplate":"https:\/\/www.cofb.org\/?s={search_term_string}"},"query-input":"required name=search_term_string"}],"inLanguage":"ca"},{"@type":"Organization","@id":"https:\/\/www.cofb.org\/#organization","name":"Col\u00b7legi de Farmac\u00e8utics de Barcelona","url":"https:\/\/www.cofb.org\/","logo":{"@type":"ImageObject","inLanguage":"ca","@id":"https:\/\/www.cofb.org\/#\/schema\/logo\/image\/","url":"https:\/\/www.cofb.org\/wp-content\/uploads\/2023\/11\/cropped-Logotip-COFB.png","contentUrl":"https:\/\/www.cofb.org\/wp-content\/uploads\/2023\/11\/cropped-Logotip-COFB.png","width":500,"height":105,"caption":"Col\u00b7legi de Farmac\u00e8utics de Barcelona"},"image":{"@id":"https:\/\/www.cofb.org\/#\/schema\/logo\/image\/"},"sameAs":["https:\/\/www.facebook.com\/farmaceuticsbcn\/","https:\/\/twitter.com\/farmaceuticsbcn","https:\/\/www.instagram.com\/farmaceuticsbcn\/","https:\/\/www.linkedin.com\/company\/farmaceuticsbcn\/"]},{"@type":"Person","@id":"https:\/\/www.cofb.org\/#\/schema\/person\/22ed7eea88da74b0fa4d3154ad87ffcb","name":"wpAdminCofbOrg","image":{"@type":"ImageObject","inLanguage":"ca","@id":"https:\/\/www.cofb.org\/#\/schema\/person\/image\/","url":"https:\/\/secure.gravatar.com\/avatar\/1721b20b3b8ca882c3b56ec6c978c594fff670e40c0718e9190eaeeb76aae7d8?s=96&d=mm&r=g","contentUrl":"https:\/\/secure.gravatar.com\/avatar\/1721b20b3b8ca882c3b56ec6c978c594fff670e40c0718e9190eaeeb76aae7d8?s=96&d=mm&r=g","caption":"wpAdminCofbOrg"},"sameAs":["http:\/\/192.168.64.122\/wordpress"],"url":"https:\/\/www.cofb.org\/ca\/author\/wpadmincofborg\/"}]}},"uagb_featured_image_src":{"full":false,"thumbnail":false,"medium":false,"medium_large":false,"large":false,"1536x1536":false,"2048x2048":false,"trp-custom-language-flag":false},"uagb_author_info":{"display_name":"wpAdminCofbOrg","author_link":"https:\/\/www.cofb.org\/ca\/author\/wpadmincofborg\/"},"uagb_comment_info":0,"uagb_excerpt":"\u00a0 Durant l\u2019acte de clausura, Jordi de Dalmases, president del COFB, a m\u00e9s de fer un rep\u00e0s de l\u2019actualitat del sector, va destacar que la voluntat del Col\u00b7legi \u00e9s formar i donar les eines necess\u00e0ries per poder exercir la professi\u00f3 amb les m\u00e0ximes garanties Accedir a una formaci\u00f3 productiva i [&hellip;]","_links":{"self":[{"href":"https:\/\/www.cofb.org\/ca\/wp-json\/wp\/v2\/posts\/77306","targetHints":{"allow":["GET"]}}],"collection":[{"href":"https:\/\/www.cofb.org\/ca\/wp-json\/wp\/v2\/posts"}],"about":[{"href":"https:\/\/www.cofb.org\/ca\/wp-json\/wp\/v2\/types\/post"}],"author":[{"embeddable":true,"href":"https:\/\/www.cofb.org\/ca\/wp-json\/wp\/v2\/users\/1"}],"replies":[{"embeddable":true,"href":"https:\/\/www.cofb.org\/ca\/wp-json\/wp\/v2\/comments?post=77306"}],"version-history":[{"count":0,"href":"https:\/\/www.cofb.org\/ca\/wp-json\/wp\/v2\/posts\/77306\/revisions"}],"wp:attachment":[{"href":"https:\/\/www.cofb.org\/ca\/wp-json\/wp\/v2\/media?parent=77306"}],"wp:term":[{"taxonomy":"category","embeddable":true,"href":"https:\/\/www.cofb.org\/ca\/wp-json\/wp\/v2\/categories?post=77306"},{"taxonomy":"post_tag","embeddable":true,"href":"https:\/\/www.cofb.org\/ca\/wp-json\/wp\/v2\/tags?post=77306"}],"curies":[{"name":"wp","href":"https:\/\/api.w.org\/{rel}","templated":true}]}}