{"id":77304,"date":"2017-09-18T13:05:00","date_gmt":"2017-09-18T13:05:00","guid":{"rendered":"https:\/\/novaorg.cofb.net\/2017\/09\/18\/mes-de-600-alumnes-es-formen-amb-agora-sanitaria-sobre-actuacio-farmaceutica-en-persones-dedat-avancada\/"},"modified":"2017-09-18T13:05:00","modified_gmt":"2017-09-18T13:05:00","slug":"mes-de-600-alumnes-es-formen-amb-agora-sanitaria-sobre-actuacio-farmaceutica-en-persones-dedat-avancada","status":"publish","type":"post","link":"https:\/\/www.cofb.org\/ca\/2017\/09\/18\/mes-de-600-alumnes-es-formen-amb-agora-sanitaria-sobre-actuacio-farmaceutica-en-persones-dedat-avancada\/","title":{"rendered":"M\u00e9s de 600 alumnes es formen amb \u00c0gora Sanit\u00e0ria sobre actuaci\u00f3 farmac\u00e8utica en persones d&#8217;edat avan\u00e7ada"},"content":{"rendered":"<p>\u00a0<\/p>\n<ul>\n<li><strong>Despr\u00e9s de l\u2019\u00e8xit i bona valoraci\u00f3 que ha tingut la formaci\u00f3, ja han comen\u00e7at les inscripcions per a la segona edici\u00f3 <\/strong><\/li>\n<li><strong>Aquest curs ha estat el primer que s\u2019ha dut a terme amb la nova modalitat formativa d\u2019\u00c0gora Sanit\u00e0ria que ofereix formaci\u00f3 per a tota la farm\u00e0cia <\/strong><\/li>\n<li><strong>El 98% dels farmac\u00e8utics considera que la formaci\u00f3 els ha ajudat a millorar la seva pr\u00e0ctica di\u00e0ria. Alhora, les activitats de cada m\u00f2dul, el disseny de materials did\u00e0ctics i la metodologia s\u00f3n 3 dels aspectes m\u00e9s destacats pels participants <\/strong><br \/>\u00a0<\/li>\n<\/ul>\n<p><i>Barcelona, 18 de setembre del 2017.- <\/i><b>M\u00e9s de 600 alumnes s\u2019han format amb \u00c0gora Sanit\u00e0ria<\/b><span> \u2013el portal de formaci\u00f3 online dels Col\u00b7legis de Farmac\u00e8utics de Barcelona i Madrid- <\/span><b>sobre actuaci\u00f3 farmac\u00e8utica en persones d\u2019edat avan\u00e7ada. <\/b><span>Ho han fet en el marc del curs \u201c<\/span><b>S\u00e8niors, \u00e0rees d\u2019inter\u00e8s de la farm\u00e0cia\u201d,<\/b><span> posat en marxa al novembre del 2016 amb una<\/span><b> nova modalitat formativa que ofereix formaci\u00f3 per a tota la farm\u00e0cia.<\/b><\/p>\n<p class=\"MsoNormal\">\n<p class=\"MsoNormal\"><b>Despr\u00e9s de l\u2019\u00e8xit i bona valoraci\u00f3 que ha tingut,<\/b> \u00c0gora aposta novament per la formaci\u00f3 en aquesta \u00e0rea posant en marxa <b>una segona edici\u00f3 que s\u2019iniciar\u00e0 el 3 d\u2019octubre. Les inscripcions, que ja estan obertes, es poden fer fins llavors <\/b><a href=\"http:\/\/www.agorasanitaria.com\/web\/guest\/inscripcio-curs-seniors-2a-edicio\" target=\"_blank\" rel=\"noopener\"><b>a trav\u00e9s del seu web<\/b><\/a><b>. <\/p>\n<p><\/b><\/p>\n<p class=\"MsoNormal\"><b><u>El 98% dels farmac\u00e8utics considera que aquesta formaci\u00f3 els ha ajudat millorar la seva pr\u00e0ctica di\u00e0ria<\/p>\n<p><\/u><\/b><\/p>\n<p class=\"MsoNormal\">El curs, d\u2019un total de 28 hores lectives, <b>compta amb el patrocini de Laboratoris Hartmann i Laboratorios Ordesa vinculats, respectivament, amb els m\u00f2duls de cura de la pell i incontin\u00e8ncia urin\u00e0ria, i alimentaci\u00f3 i nutrici\u00f3. <\/b>Aquests m\u00f2duls se sumen a l\u2019altra unitat, a trav\u00e9s de la qual <b>els farmac\u00e8utics poden accedir a m\u00e9s eines en els camps de gesti\u00f3 i comunicaci\u00f3 de la categoria. <\/b><\/p>\n<p class=\"MsoNormal\">A partir de les valoracions dels alumnes s\u2019ha pogut extreure que <b>el 98% considera que la formaci\u00f3 els ha ajudat millorar la seva pr\u00e0ctica di\u00e0ria, <\/b>aix\u00ed com que<b> les activitats de cada m\u00f2dul, el disseny de materials did\u00e0ctics <\/b>i<b> la metodologia s\u00f3n 3 dels aspectes m\u00e9s destacats.<\/b> <b>\u201cEl curs m\u2019ha donat molta seguretat a l\u2019hora de saber quins problemes pot patir la pell s\u00e8nior i quines serien les recomanacions a donar,<\/b> tant a nivell de consells d\u2019h\u00e0bits higienicodiet\u00e8tics com de productes existents\u201d, explica un dels alumnes. <b>\u201cCertes recomanacions que desconeixia i apareixien al curs les he posat en pr\u00e0ctica a la meva vida laboral amb un bon resultat\u201d<\/b>, afegeix un altre farmac\u00e8utic que ha cursat la formaci\u00f3. <\/p>\n<p class=\"MsoNormal\"><b>Aquesta bona acollida per part dels alumnes tamb\u00e9 s\u2019ha tradu\u00eft en un alt volum d\u2019activitat als f\u00f2rums de la formaci\u00f3, <\/b>on s\u2019ha debatut i compartit informaci\u00f3 sobre temes com l\u2019envelliment actiu, el paper del cuidador i dificultats en la cura de la pell. <\/p>\n<p class=\"MsoNormal\"><b><u>Primer curs amb el nou format: una formaci\u00f3 per a tota la farm\u00e0cia <\/p>\n<p><\/u><\/b><\/p>\n<p class=\"MsoNormal\">\u201cS\u00e8niors, \u00e0rees d\u2019inter\u00e8s per a la farm\u00e0cia\u201d ha estat <b>el primer curs posat en marxa amb una nova modalitat formativa d\u2019\u00c0gora Sanit\u00e0ria que facilita la formaci\u00f3 de tot l\u2019equip de la farm\u00e0cia. <\/b>Aquest innovador format permet <b>unificar el consell i que cada col\u00b7laborador cursi un m\u00f2dul diferent <\/b>en funci\u00f3 de les seves capacitats, inter\u00e8s, experi\u00e8ncia i disponibilitat, entre d\u2019altres factors; aix\u00ed com <b>transmetre els coneixements adquirits a qui no l\u2019ha cursat. <\/p>\n<p><\/b><\/p>\n<p class=\"MsoNormal\"><b>\u201cM\u2019agrada compartir el curs amb tot el personal de la farm\u00e0cia perqu\u00e8 aix\u00f2 ens fa cr\u00e9ixer a nivell d\u2019equip, millora la implicaci\u00f3 de tot el personal cap a la categoria s\u00e8nior i aix\u00ed ens fa veure quins aspectes s\u2019han de canviar o millorar a la farm\u00e0cia\u201d,<\/b> opina un dels 600 alumnes que s\u2019ha format. \u00a0<\/p>\n<p class=\"MsoNormal\">Per facilitar la transmissi\u00f3 de coneixement entre l\u2019equip, <b>el farmac\u00e8utic que es forma sobre un m\u00f2dul compta amb material did\u00e0ctic per poder traslladar els punts clau al personal de la farm\u00e0cia que no l\u2019ha cursat.<\/b> Alhora, un cop finalitzat el temari, <b>cada farmac\u00e8utic pot descarregar-se tamb\u00e9 el material te\u00f2ric del curs<\/b> per a qu\u00e8 el pugui repassar en el moment que m\u00e9s l\u2019interessi i compartir-ho amb la resta de l\u2019equip,<b> aix\u00ed com diapositives i un dec\u00e0leg de consells per\u00a0 fer sessions d\u2019educaci\u00f3 sanit\u00e0ria als pacients i els cuidadors.<\/b><\/p>\n<p class=\"MsoNormal\"><b>Per a m\u00e9s informaci\u00f3: <\/b><\/p>\n<p>Departament de Comunicaci\u00f3 del Col\u00b7legi de Farmac\u00e8utics de Barcelona (COFB)<\/p>\n<p>Tels. 93 244 07 28 \/ 18<\/p>\n<p>premsa@cofb.net<b><\/p>\n<p><\/b><\/p>\n<p>\u00a0Despr\u00e9s de l\u2019\u00e8xit i bona valoraci\u00f3 que ha tingut la formaci\u00f3, ja han comen\u00e7at les inscripcions per a la segona edici\u00f3 Aquest curs ha estat el primer que s\u2019ha dut a terme amb la nova modalitat formativa d\u2019\u00c0gora Sanit\u00e0ria que ofereix formaci\u00f3 per a tota la farm\u00e0cia El 98% dels farmac\u00e8utics considera que la formaci\u00f3 els ha ajudat a millorar la seva pr\u00e0ctica di\u00e0ria. Alhora, les activitats de cada m\u00f2dul, el disseny de materials did\u00e0ctics i la metodologia s\u00f3n 3 dels aspectes m\u00e9s destacats pels participants \u00a0Barcelona, 18 de setembre del 2017.- M\u00e9s de 600 alumnes s\u2019han format amb \u00c0gora Sanit\u00e0ria \u2013el portal de formaci\u00f3 online dels Col\u00b7legis de Farmac\u00e8utics de Barcelona i Madrid- sobre actuaci\u00f3 farmac\u00e8utica en persones d\u2019edat avan\u00e7ada. Ho han fet en el marc del curs \u201cS\u00e8niors, \u00e0rees d\u2019inter\u00e8s de la farm\u00e0cia\u201d, posat en marxa al novembre del 2016 amb una nova modalitat formativa que ofereix formaci\u00f3 per a tota la farm\u00e0cia.  Despr\u00e9s de l\u2019\u00e8xit i bona valoraci\u00f3 que ha tingut, \u00c0gora aposta novament per la formaci\u00f3 en aquesta \u00e0rea posant en marxa una segona edici\u00f3 que s\u2019iniciar\u00e0 el 3 d\u2019octubre. Les inscripcions, que ja estan obertes, es poden fer fins llavors a trav\u00e9s del seu web.   El 98% dels farmac\u00e8utics considera que aquesta formaci\u00f3 els ha ajudat millorar la seva pr\u00e0ctica di\u00e0ria  El curs, d\u2019un total de 28 hores lectives, compta amb el patrocini de Laboratoris Hartmann i Laboratorios Ordesa vinculats, respectivament, amb els m\u00f2duls de cura de la pell i incontin\u00e8ncia urin\u00e0ria, i alimentaci\u00f3 i nutrici\u00f3. Aquests m\u00f2duls se sumen a l\u2019altra unitat, a trav\u00e9s de la qual els farmac\u00e8utics poden accedir a m\u00e9s eines en els camps de gesti\u00f3 i comunicaci\u00f3 de la categoria.   A partir de les valoracions dels alumnes s\u2019ha pogut extreure que el 98% considera que la formaci\u00f3 els ha ajudat millorar la seva pr\u00e0ctica di\u00e0ria, aix\u00ed com que les activitats de cada m\u00f2dul, el disseny de materials did\u00e0ctics i la metodologia s\u00f3n 3 dels aspectes m\u00e9s destacats. \u201cEl curs m\u2019ha donat molta seguretat a l\u2019hora de saber quins problemes pot patir la pell s\u00e8nior i quines serien les recomanacions a donar, tant a nivell de consells d\u2019h\u00e0bits higienicodiet\u00e8tics com de productes existents\u201d, explica un dels alumnes. \u201cCertes recomanacions que desconeixia i apareixien al curs les he posat en pr\u00e0ctica a la meva vida laboral amb un bon resultat\u201d, afegeix un altre farmac\u00e8utic que ha cursat la formaci\u00f3.   Aquesta bona acollida per part dels alumnes tamb\u00e9 s\u2019ha tradu\u00eft en un alt volum d\u2019activitat als f\u00f2rums de la formaci\u00f3, on s\u2019ha debatut i compartit informaci\u00f3 sobre temes com l\u2019envelliment actiu, el paper del cuidador i dificultats en la cura de la pell.   Primer curs amb el nou format: una formaci\u00f3 per a tota la farm\u00e0cia   \u201cS\u00e8niors, \u00e0rees d\u2019inter\u00e8s per a la farm\u00e0cia\u201d ha estat el primer curs posat en marxa amb una nova modalitat formativa d\u2019\u00c0gora Sanit\u00e0ria que facilita la formaci\u00f3 de tot l\u2019equip de la farm\u00e0cia. Aquest innovador format permet unificar el consell i que cada col\u00b7laborador cursi un m\u00f2dul diferent en funci\u00f3 de les seves capacitats, inter\u00e8s, experi\u00e8ncia i disponibilitat, entre d\u2019altres factors; aix\u00ed com transmetre els coneixements adquirits a qui no l\u2019ha cursat.   \u201cM\u2019agrada compartir el curs amb tot el personal de la farm\u00e0cia perqu\u00e8 aix\u00f2 ens fa cr\u00e9ixer a nivell d\u2019equip, millora la implicaci\u00f3 de tot el personal cap a la categoria s\u00e8nior i aix\u00ed ens fa veure quins aspectes s\u2019han de canviar o millorar a la farm\u00e0cia\u201d, opina un dels 600 alumnes que s\u2019ha format. \u00a0  Per facilitar la transmissi\u00f3 de coneixement entre l\u2019equip, el farmac\u00e8utic que es forma sobre un m\u00f2dul compta amb material did\u00e0ctic per poder traslladar els punts clau al personal de la farm\u00e0cia que no l\u2019ha cursat. Alhora, un cop finalitzat el temari, cada farmac\u00e8utic pot descarregar-se tamb\u00e9 el material te\u00f2ric del curs per a qu\u00e8 el pugui repassar en el moment que m\u00e9s l\u2019interessi i compartir-ho amb la resta de l\u2019equip, aix\u00ed com diapositives i un dec\u00e0leg de consells per\u00a0 fer sessions d\u2019educaci\u00f3 sanit\u00e0ria als pacients i els cuidadors.Per a m\u00e9s informaci\u00f3: Departament de Comunicaci\u00f3 del Col\u00b7legi de Farmac\u00e8utics de Barcelona (COFB)Tels. 93 244 07 28 \/ 18premsa@cofb.net\u00a0\u00a0COFB.ORG<\/p>\n","protected":false},"excerpt":{"rendered":"<p>\u00a0 Despr\u00e9s de l\u2019\u00e8xit i bona valoraci\u00f3 que ha tingut la formaci\u00f3, ja han comen\u00e7at les inscripcions per a la segona edici\u00f3 Aquest curs ha estat el primer que s\u2019ha dut a terme amb la nova modalitat formativa d\u2019\u00c0gora Sanit\u00e0ria que ofereix formaci\u00f3 per a tota la farm\u00e0cia El 98% [&hellip;]<\/p>\n","protected":false},"author":1,"featured_media":0,"comment_status":"","ping_status":"","sticky":false,"template":"","format":"standard","meta":{"_uag_custom_page_level_css":"","site-sidebar-layout":"default","site-content-layout":"","ast-site-content-layout":"default","site-content-style":"default","site-sidebar-style":"default","ast-global-header-display":"","ast-banner-title-visibility":"","ast-main-header-display":"","ast-hfb-above-header-display":"","ast-hfb-below-header-display":"","ast-hfb-mobile-header-display":"","site-post-title":"","ast-breadcrumbs-content":"","ast-featured-img":"disabled","footer-sml-layout":"","theme-transparent-header-meta":"","adv-header-id-meta":"","stick-header-meta":"","header-above-stick-meta":"","header-main-stick-meta":"","header-below-stick-meta":"","astra-migrate-meta-layouts":"default","ast-page-background-enabled":"default","ast-page-background-meta":{"desktop":{"background-color":"var(--ast-global-color-4)","background-image":"","background-repeat":"repeat","background-position":"center center","background-size":"auto","background-attachment":"scroll","background-type":"","background-media":"","overlay-type":"","overlay-color":"","overlay-opacity":"","overlay-gradient":""},"tablet":{"background-color":"","background-image":"","background-repeat":"repeat","background-position":"center center","background-size":"auto","background-attachment":"scroll","background-type":"","background-media":"","overlay-type":"","overlay-color":"","overlay-opacity":"","overlay-gradient":""},"mobile":{"background-color":"","background-image":"","background-repeat":"repeat","background-position":"center center","background-size":"auto","background-attachment":"scroll","background-type":"","background-media":"","overlay-type":"","overlay-color":"","overlay-opacity":"","overlay-gradient":""}},"ast-content-background-meta":{"desktop":{"background-color":"var(--ast-global-color-5)","background-image":"","background-repeat":"repeat","background-position":"center center","background-size":"auto","background-attachment":"scroll","background-type":"","background-media":"","overlay-type":"","overlay-color":"","overlay-opacity":"","overlay-gradient":""},"tablet":{"background-color":"var(--ast-global-color-5)","background-image":"","background-repeat":"repeat","background-position":"center center","background-size":"auto","background-attachment":"scroll","background-type":"","background-media":"","overlay-type":"","overlay-color":"","overlay-opacity":"","overlay-gradient":""},"mobile":{"background-color":"var(--ast-global-color-5)","background-image":"","background-repeat":"repeat","background-position":"center center","background-size":"auto","background-attachment":"scroll","background-type":"","background-media":"","overlay-type":"","overlay-color":"","overlay-opacity":"","overlay-gradient":""}},"footnotes":""},"categories":[1060,1066],"tags":[],"class_list":["post-77304","post","type-post","status-publish","format-standard","hentry","category-notes-premsa","category-sense-categoria-ca"],"yoast_head":"<!-- This site is optimized with the Yoast SEO plugin v22.4 - https:\/\/yoast.com\/wordpress\/plugins\/seo\/ -->\n<title>M\u00e9s de 600 alumnes es formen amb \u00c0gora Sanit\u00e0ria sobre actuaci\u00f3 farmac\u00e8utica en persones d&#039;edat avan\u00e7ada - Col\u00b7legi de Farmac\u00e8utics de Barcelona<\/title>\n<meta name=\"robots\" content=\"index, follow, max-snippet:-1, max-image-preview:large, max-video-preview:-1\" \/>\n<link rel=\"canonical\" href=\"https:\/\/novaorg.cofb.net\/2017\/09\/18\/mes-de-600-alumnes-es-formen-amb-agora-sanitaria-sobre-actuacio-farmaceutica-en-persones-dedat-avancada\/\" \/>\n<meta property=\"og:locale\" content=\"ca_ES\" \/>\n<meta property=\"og:type\" content=\"article\" \/>\n<meta property=\"og:title\" content=\"M\u00e9s de 600 alumnes es formen amb \u00c0gora Sanit\u00e0ria sobre actuaci\u00f3 farmac\u00e8utica en persones d&#039;edat avan\u00e7ada - Col\u00b7legi de Farmac\u00e8utics de Barcelona\" \/>\n<meta property=\"og:description\" content=\"\u00a0 Despr\u00e9s de l\u2019\u00e8xit i bona valoraci\u00f3 que ha tingut la formaci\u00f3, ja han comen\u00e7at les inscripcions per a la segona edici\u00f3 Aquest curs ha estat el primer que s\u2019ha dut a terme amb la nova modalitat formativa d\u2019\u00c0gora Sanit\u00e0ria que ofereix formaci\u00f3 per a tota la farm\u00e0cia El 98% [&hellip;]\" \/>\n<meta property=\"og:url\" content=\"https:\/\/novaorg.cofb.net\/2017\/09\/18\/mes-de-600-alumnes-es-formen-amb-agora-sanitaria-sobre-actuacio-farmaceutica-en-persones-dedat-avancada\/\" \/>\n<meta property=\"og:site_name\" content=\"Col\u00b7legi de Farmac\u00e8utics de Barcelona\" \/>\n<meta property=\"article:publisher\" content=\"https:\/\/www.facebook.com\/farmaceuticsbcn\/\" \/>\n<meta property=\"article:published_time\" content=\"2017-09-18T13:05:00+00:00\" \/>\n<meta name=\"author\" content=\"wpAdminCofbOrg\" \/>\n<meta name=\"twitter:card\" content=\"summary_large_image\" \/>\n<meta name=\"twitter:creator\" content=\"@farmaceuticsbcn\" \/>\n<meta name=\"twitter:site\" content=\"@farmaceuticsbcn\" \/>\n<meta name=\"twitter:label1\" content=\"Escrit per\" \/>\n\t<meta name=\"twitter:data1\" content=\"wpAdminCofbOrg\" \/>\n\t<meta name=\"twitter:label2\" content=\"Temps estimat de lectura\" \/>\n\t<meta name=\"twitter:data2\" content=\"8 minuts\" \/>\n<script type=\"application\/ld+json\" class=\"yoast-schema-graph\">{\"@context\":\"https:\/\/schema.org\",\"@graph\":[{\"@type\":\"Article\",\"@id\":\"https:\/\/novaorg.cofb.net\/2017\/09\/18\/mes-de-600-alumnes-es-formen-amb-agora-sanitaria-sobre-actuacio-farmaceutica-en-persones-dedat-avancada\/#article\",\"isPartOf\":{\"@id\":\"https:\/\/novaorg.cofb.net\/2017\/09\/18\/mes-de-600-alumnes-es-formen-amb-agora-sanitaria-sobre-actuacio-farmaceutica-en-persones-dedat-avancada\/\"},\"author\":{\"name\":\"wpAdminCofbOrg\",\"@id\":\"https:\/\/www.cofb.org\/#\/schema\/person\/22ed7eea88da74b0fa4d3154ad87ffcb\"},\"headline\":\"M\u00e9s de 600 alumnes es formen amb \u00c0gora Sanit\u00e0ria sobre actuaci\u00f3 farmac\u00e8utica en persones d&#8217;edat avan\u00e7ada\",\"datePublished\":\"2017-09-18T13:05:00+00:00\",\"dateModified\":\"2017-09-18T13:05:00+00:00\",\"mainEntityOfPage\":{\"@id\":\"https:\/\/novaorg.cofb.net\/2017\/09\/18\/mes-de-600-alumnes-es-formen-amb-agora-sanitaria-sobre-actuacio-farmaceutica-en-persones-dedat-avancada\/\"},\"wordCount\":1578,\"publisher\":{\"@id\":\"https:\/\/www.cofb.org\/#organization\"},\"articleSection\":[\"Notes de premsa\"],\"inLanguage\":\"ca\"},{\"@type\":\"WebPage\",\"@id\":\"https:\/\/novaorg.cofb.net\/2017\/09\/18\/mes-de-600-alumnes-es-formen-amb-agora-sanitaria-sobre-actuacio-farmaceutica-en-persones-dedat-avancada\/\",\"url\":\"https:\/\/novaorg.cofb.net\/2017\/09\/18\/mes-de-600-alumnes-es-formen-amb-agora-sanitaria-sobre-actuacio-farmaceutica-en-persones-dedat-avancada\/\",\"name\":\"M\u00e9s de 600 alumnes es formen amb \u00c0gora Sanit\u00e0ria sobre actuaci\u00f3 farmac\u00e8utica en persones d'edat avan\u00e7ada - Col\u00b7legi de Farmac\u00e8utics de Barcelona\",\"isPartOf\":{\"@id\":\"https:\/\/www.cofb.org\/#website\"},\"datePublished\":\"2017-09-18T13:05:00+00:00\",\"dateModified\":\"2017-09-18T13:05:00+00:00\",\"breadcrumb\":{\"@id\":\"https:\/\/novaorg.cofb.net\/2017\/09\/18\/mes-de-600-alumnes-es-formen-amb-agora-sanitaria-sobre-actuacio-farmaceutica-en-persones-dedat-avancada\/#breadcrumb\"},\"inLanguage\":\"ca\",\"potentialAction\":[{\"@type\":\"ReadAction\",\"target\":[\"https:\/\/novaorg.cofb.net\/2017\/09\/18\/mes-de-600-alumnes-es-formen-amb-agora-sanitaria-sobre-actuacio-farmaceutica-en-persones-dedat-avancada\/\"]}]},{\"@type\":\"BreadcrumbList\",\"@id\":\"https:\/\/novaorg.cofb.net\/2017\/09\/18\/mes-de-600-alumnes-es-formen-amb-agora-sanitaria-sobre-actuacio-farmaceutica-en-persones-dedat-avancada\/#breadcrumb\",\"itemListElement\":[{\"@type\":\"ListItem\",\"position\":1,\"name\":\"Inici\",\"item\":\"https:\/\/novaorg.cofb.net\/\"},{\"@type\":\"ListItem\",\"position\":2,\"name\":\"M\u00e9s de 600 alumnes es formen amb \u00c0gora Sanit\u00e0ria sobre actuaci\u00f3 farmac\u00e8utica en persones d&#8217;edat avan\u00e7ada\"}]},{\"@type\":\"WebSite\",\"@id\":\"https:\/\/www.cofb.org\/#website\",\"url\":\"https:\/\/www.cofb.org\/\",\"name\":\"Col\u00b7legi de Farmac\u00e8utics de Barcelona\",\"description\":\"\",\"publisher\":{\"@id\":\"https:\/\/www.cofb.org\/#organization\"},\"potentialAction\":[{\"@type\":\"SearchAction\",\"target\":{\"@type\":\"EntryPoint\",\"urlTemplate\":\"https:\/\/www.cofb.org\/?s={search_term_string}\"},\"query-input\":\"required name=search_term_string\"}],\"inLanguage\":\"ca\"},{\"@type\":\"Organization\",\"@id\":\"https:\/\/www.cofb.org\/#organization\",\"name\":\"Col\u00b7legi de Farmac\u00e8utics de Barcelona\",\"url\":\"https:\/\/www.cofb.org\/\",\"logo\":{\"@type\":\"ImageObject\",\"inLanguage\":\"ca\",\"@id\":\"https:\/\/www.cofb.org\/#\/schema\/logo\/image\/\",\"url\":\"https:\/\/www.cofb.org\/wp-content\/uploads\/2023\/11\/cropped-Logotip-COFB.png\",\"contentUrl\":\"https:\/\/www.cofb.org\/wp-content\/uploads\/2023\/11\/cropped-Logotip-COFB.png\",\"width\":500,\"height\":105,\"caption\":\"Col\u00b7legi de Farmac\u00e8utics de Barcelona\"},\"image\":{\"@id\":\"https:\/\/www.cofb.org\/#\/schema\/logo\/image\/\"},\"sameAs\":[\"https:\/\/www.facebook.com\/farmaceuticsbcn\/\",\"https:\/\/twitter.com\/farmaceuticsbcn\",\"https:\/\/www.instagram.com\/farmaceuticsbcn\/\",\"https:\/\/www.linkedin.com\/company\/farmaceuticsbcn\/\"]},{\"@type\":\"Person\",\"@id\":\"https:\/\/www.cofb.org\/#\/schema\/person\/22ed7eea88da74b0fa4d3154ad87ffcb\",\"name\":\"wpAdminCofbOrg\",\"image\":{\"@type\":\"ImageObject\",\"inLanguage\":\"ca\",\"@id\":\"https:\/\/www.cofb.org\/#\/schema\/person\/image\/\",\"url\":\"https:\/\/secure.gravatar.com\/avatar\/1721b20b3b8ca882c3b56ec6c978c594fff670e40c0718e9190eaeeb76aae7d8?s=96&d=mm&r=g\",\"contentUrl\":\"https:\/\/secure.gravatar.com\/avatar\/1721b20b3b8ca882c3b56ec6c978c594fff670e40c0718e9190eaeeb76aae7d8?s=96&d=mm&r=g\",\"caption\":\"wpAdminCofbOrg\"},\"sameAs\":[\"http:\/\/192.168.64.122\/wordpress\"],\"url\":\"https:\/\/www.cofb.org\/ca\/author\/wpadmincofborg\/\"}]}<\/script>\n<!-- \/ Yoast SEO plugin. -->","yoast_head_json":{"title":"M\u00e9s de 600 alumnes es formen amb \u00c0gora Sanit\u00e0ria sobre actuaci\u00f3 farmac\u00e8utica en persones d'edat avan\u00e7ada - Col\u00b7legi de Farmac\u00e8utics de Barcelona","robots":{"index":"index","follow":"follow","max-snippet":"max-snippet:-1","max-image-preview":"max-image-preview:large","max-video-preview":"max-video-preview:-1"},"canonical":"https:\/\/novaorg.cofb.net\/2017\/09\/18\/mes-de-600-alumnes-es-formen-amb-agora-sanitaria-sobre-actuacio-farmaceutica-en-persones-dedat-avancada\/","og_locale":"ca_ES","og_type":"article","og_title":"M\u00e9s de 600 alumnes es formen amb \u00c0gora Sanit\u00e0ria sobre actuaci\u00f3 farmac\u00e8utica en persones d'edat avan\u00e7ada - Col\u00b7legi de Farmac\u00e8utics de Barcelona","og_description":"\u00a0 Despr\u00e9s de l\u2019\u00e8xit i bona valoraci\u00f3 que ha tingut la formaci\u00f3, ja han comen\u00e7at les inscripcions per a la segona edici\u00f3 Aquest curs ha estat el primer que s\u2019ha dut a terme amb la nova modalitat formativa d\u2019\u00c0gora Sanit\u00e0ria que ofereix formaci\u00f3 per a tota la farm\u00e0cia El 98% [&hellip;]","og_url":"https:\/\/novaorg.cofb.net\/2017\/09\/18\/mes-de-600-alumnes-es-formen-amb-agora-sanitaria-sobre-actuacio-farmaceutica-en-persones-dedat-avancada\/","og_site_name":"Col\u00b7legi de Farmac\u00e8utics de Barcelona","article_publisher":"https:\/\/www.facebook.com\/farmaceuticsbcn\/","article_published_time":"2017-09-18T13:05:00+00:00","author":"wpAdminCofbOrg","twitter_card":"summary_large_image","twitter_creator":"@farmaceuticsbcn","twitter_site":"@farmaceuticsbcn","twitter_misc":{"Escrit per":"wpAdminCofbOrg","Temps estimat de lectura":"8 minuts"},"schema":{"@context":"https:\/\/schema.org","@graph":[{"@type":"Article","@id":"https:\/\/novaorg.cofb.net\/2017\/09\/18\/mes-de-600-alumnes-es-formen-amb-agora-sanitaria-sobre-actuacio-farmaceutica-en-persones-dedat-avancada\/#article","isPartOf":{"@id":"https:\/\/novaorg.cofb.net\/2017\/09\/18\/mes-de-600-alumnes-es-formen-amb-agora-sanitaria-sobre-actuacio-farmaceutica-en-persones-dedat-avancada\/"},"author":{"name":"wpAdminCofbOrg","@id":"https:\/\/www.cofb.org\/#\/schema\/person\/22ed7eea88da74b0fa4d3154ad87ffcb"},"headline":"M\u00e9s de 600 alumnes es formen amb \u00c0gora Sanit\u00e0ria sobre actuaci\u00f3 farmac\u00e8utica en persones d&#8217;edat avan\u00e7ada","datePublished":"2017-09-18T13:05:00+00:00","dateModified":"2017-09-18T13:05:00+00:00","mainEntityOfPage":{"@id":"https:\/\/novaorg.cofb.net\/2017\/09\/18\/mes-de-600-alumnes-es-formen-amb-agora-sanitaria-sobre-actuacio-farmaceutica-en-persones-dedat-avancada\/"},"wordCount":1578,"publisher":{"@id":"https:\/\/www.cofb.org\/#organization"},"articleSection":["Notes de premsa"],"inLanguage":"ca"},{"@type":"WebPage","@id":"https:\/\/novaorg.cofb.net\/2017\/09\/18\/mes-de-600-alumnes-es-formen-amb-agora-sanitaria-sobre-actuacio-farmaceutica-en-persones-dedat-avancada\/","url":"https:\/\/novaorg.cofb.net\/2017\/09\/18\/mes-de-600-alumnes-es-formen-amb-agora-sanitaria-sobre-actuacio-farmaceutica-en-persones-dedat-avancada\/","name":"M\u00e9s de 600 alumnes es formen amb \u00c0gora Sanit\u00e0ria sobre actuaci\u00f3 farmac\u00e8utica en persones d'edat avan\u00e7ada - Col\u00b7legi de Farmac\u00e8utics de Barcelona","isPartOf":{"@id":"https:\/\/www.cofb.org\/#website"},"datePublished":"2017-09-18T13:05:00+00:00","dateModified":"2017-09-18T13:05:00+00:00","breadcrumb":{"@id":"https:\/\/novaorg.cofb.net\/2017\/09\/18\/mes-de-600-alumnes-es-formen-amb-agora-sanitaria-sobre-actuacio-farmaceutica-en-persones-dedat-avancada\/#breadcrumb"},"inLanguage":"ca","potentialAction":[{"@type":"ReadAction","target":["https:\/\/novaorg.cofb.net\/2017\/09\/18\/mes-de-600-alumnes-es-formen-amb-agora-sanitaria-sobre-actuacio-farmaceutica-en-persones-dedat-avancada\/"]}]},{"@type":"BreadcrumbList","@id":"https:\/\/novaorg.cofb.net\/2017\/09\/18\/mes-de-600-alumnes-es-formen-amb-agora-sanitaria-sobre-actuacio-farmaceutica-en-persones-dedat-avancada\/#breadcrumb","itemListElement":[{"@type":"ListItem","position":1,"name":"Inici","item":"https:\/\/novaorg.cofb.net\/"},{"@type":"ListItem","position":2,"name":"M\u00e9s de 600 alumnes es formen amb \u00c0gora Sanit\u00e0ria sobre actuaci\u00f3 farmac\u00e8utica en persones d&#8217;edat avan\u00e7ada"}]},{"@type":"WebSite","@id":"https:\/\/www.cofb.org\/#website","url":"https:\/\/www.cofb.org\/","name":"Col\u00b7legi de Farmac\u00e8utics de Barcelona","description":"","publisher":{"@id":"https:\/\/www.cofb.org\/#organization"},"potentialAction":[{"@type":"SearchAction","target":{"@type":"EntryPoint","urlTemplate":"https:\/\/www.cofb.org\/?s={search_term_string}"},"query-input":"required name=search_term_string"}],"inLanguage":"ca"},{"@type":"Organization","@id":"https:\/\/www.cofb.org\/#organization","name":"Col\u00b7legi de Farmac\u00e8utics de Barcelona","url":"https:\/\/www.cofb.org\/","logo":{"@type":"ImageObject","inLanguage":"ca","@id":"https:\/\/www.cofb.org\/#\/schema\/logo\/image\/","url":"https:\/\/www.cofb.org\/wp-content\/uploads\/2023\/11\/cropped-Logotip-COFB.png","contentUrl":"https:\/\/www.cofb.org\/wp-content\/uploads\/2023\/11\/cropped-Logotip-COFB.png","width":500,"height":105,"caption":"Col\u00b7legi de Farmac\u00e8utics de Barcelona"},"image":{"@id":"https:\/\/www.cofb.org\/#\/schema\/logo\/image\/"},"sameAs":["https:\/\/www.facebook.com\/farmaceuticsbcn\/","https:\/\/twitter.com\/farmaceuticsbcn","https:\/\/www.instagram.com\/farmaceuticsbcn\/","https:\/\/www.linkedin.com\/company\/farmaceuticsbcn\/"]},{"@type":"Person","@id":"https:\/\/www.cofb.org\/#\/schema\/person\/22ed7eea88da74b0fa4d3154ad87ffcb","name":"wpAdminCofbOrg","image":{"@type":"ImageObject","inLanguage":"ca","@id":"https:\/\/www.cofb.org\/#\/schema\/person\/image\/","url":"https:\/\/secure.gravatar.com\/avatar\/1721b20b3b8ca882c3b56ec6c978c594fff670e40c0718e9190eaeeb76aae7d8?s=96&d=mm&r=g","contentUrl":"https:\/\/secure.gravatar.com\/avatar\/1721b20b3b8ca882c3b56ec6c978c594fff670e40c0718e9190eaeeb76aae7d8?s=96&d=mm&r=g","caption":"wpAdminCofbOrg"},"sameAs":["http:\/\/192.168.64.122\/wordpress"],"url":"https:\/\/www.cofb.org\/ca\/author\/wpadmincofborg\/"}]}},"uagb_featured_image_src":{"full":false,"thumbnail":false,"medium":false,"medium_large":false,"large":false,"1536x1536":false,"2048x2048":false,"trp-custom-language-flag":false},"uagb_author_info":{"display_name":"wpAdminCofbOrg","author_link":"https:\/\/www.cofb.org\/ca\/author\/wpadmincofborg\/"},"uagb_comment_info":0,"uagb_excerpt":"\u00a0 Despr\u00e9s de l\u2019\u00e8xit i bona valoraci\u00f3 que ha tingut la formaci\u00f3, ja han comen\u00e7at les inscripcions per a la segona edici\u00f3 Aquest curs ha estat el primer que s\u2019ha dut a terme amb la nova modalitat formativa d\u2019\u00c0gora Sanit\u00e0ria que ofereix formaci\u00f3 per a tota la farm\u00e0cia El 98% [&hellip;]","_links":{"self":[{"href":"https:\/\/www.cofb.org\/ca\/wp-json\/wp\/v2\/posts\/77304","targetHints":{"allow":["GET"]}}],"collection":[{"href":"https:\/\/www.cofb.org\/ca\/wp-json\/wp\/v2\/posts"}],"about":[{"href":"https:\/\/www.cofb.org\/ca\/wp-json\/wp\/v2\/types\/post"}],"author":[{"embeddable":true,"href":"https:\/\/www.cofb.org\/ca\/wp-json\/wp\/v2\/users\/1"}],"replies":[{"embeddable":true,"href":"https:\/\/www.cofb.org\/ca\/wp-json\/wp\/v2\/comments?post=77304"}],"version-history":[{"count":0,"href":"https:\/\/www.cofb.org\/ca\/wp-json\/wp\/v2\/posts\/77304\/revisions"}],"wp:attachment":[{"href":"https:\/\/www.cofb.org\/ca\/wp-json\/wp\/v2\/media?parent=77304"}],"wp:term":[{"taxonomy":"category","embeddable":true,"href":"https:\/\/www.cofb.org\/ca\/wp-json\/wp\/v2\/categories?post=77304"},{"taxonomy":"post_tag","embeddable":true,"href":"https:\/\/www.cofb.org\/ca\/wp-json\/wp\/v2\/tags?post=77304"}],"curies":[{"name":"wp","href":"https:\/\/api.w.org\/{rel}","templated":true}]}}