{"id":77301,"date":"2017-09-22T14:03:00","date_gmt":"2017-09-22T14:03:00","guid":{"rendered":"https:\/\/novaorg.cofb.net\/2017\/09\/22\/els-farmaceutics-recorden-en-el-seu-dia-mundial-el-que-aporta-la-professio-per-millorar-la-salut-de-les-persones\/"},"modified":"2017-09-22T14:03:00","modified_gmt":"2017-09-22T14:03:00","slug":"els-farmaceutics-recorden-en-el-seu-dia-mundial-el-que-aporta-la-professio-per-millorar-la-salut-de-les-persones","status":"publish","type":"post","link":"https:\/\/www.cofb.org\/ca\/2017\/09\/22\/els-farmaceutics-recorden-en-el-seu-dia-mundial-el-que-aporta-la-professio-per-millorar-la-salut-de-les-persones\/","title":{"rendered":"Els farmac\u00e8utics recorden en el seu Dia Mundial el que aporta la professi\u00f3 per millorar la salut de les persones"},"content":{"rendered":"<p>\u00a0<\/p>\n<p>\u00a0<strong>25 de setembre, Dia Mundial del Farmac\u00e8utic:<br \/>\u201cDe la recerca a l\u2019assist\u00e8ncia sanit\u00e0ria: el farmac\u00e8utic al seu servei\u201d<\/strong><\/p>\n<ul>\n<li><strong>En s\u00f3n exemples els diferents serveis que s\u2019ofereixen a les farm\u00e0cies en col\u00b7laboraci\u00f3 amb altres professionals sanitaris, com els programes de detecci\u00f3 preco\u00e7 del c\u00e0ncer de c\u00f2lon i recte i VIH i el d\u2019intercanvi de xeringues <\/strong><\/li>\n<li><strong>D\u2019entre els 10.955 farmac\u00e8utics de Catalunya predomina el perfil femen\u00ed, que  representen el 73% de col\u00b7legiats, i la franja d\u2019edat m\u00e9s nombrosa \u00e9s la que va dels 35 a menys de 45 anys<\/strong><br \/>\u00a0<\/li>\n<\/ul>\n<p class=\"MsoNormal\"><i>Barcelona, 22 de setembre de 2017.-<\/i> <b>El proper 25 de setembre se celebra el Dia Mundial del Farmac\u00e8utic,<\/b> una commemoraci\u00f3 organitzada per la Federaci\u00f3 Farmac\u00e8utica Internacional (FIP) que aquest any porta per lema <b>\u201cDe la recerca a l\u2019assist\u00e8ncia sanit\u00e0ria: el farmac\u00e8utic al seu servei\u201d.<\/b> Amb aquest missatge s\u2019ha volgut, d\u2019una banda, <b>incidir en les aportacions de la professi\u00f3 farmac\u00e8utica a la salut des dels diferents \u00e0mbits d\u2019exercici de la professi\u00f3; <\/b>d\u2019altra banda, <b>destacar la tasca que es realitza des de la proximitat i accessibilitat de la farm\u00e0cia comunit\u00e0ria, <\/b>aix\u00ed com<b> la participaci\u00f3 del farmac\u00e8utic en els processos de reconeixement dels problemes de salut, la investigaci\u00f3, el desenvolupament de nous medicaments i la formaci\u00f3 de futurs professionals de la salut.<\/b><\/p>\n<p class=\"MsoNormal\"><b><u>M\u00e9s de 8.600 farmac\u00e8utics de Barcelona vetllen pel benestar de les persones des de les farm\u00e0cies, hospitals i salut p\u00fablica, entre d\u2019altres \u00a0<\/p>\n<p><\/u><\/b><\/p>\n<p class=\"MsoNormal\">Tot aix\u00f2 \u00e9s possible gr\u00e0cies als m\u00e9s de <b>8.600 farmac\u00e8utics de Barcelona que treballen des dels diferents \u00e0mbits d\u2019exercici de la professi\u00f3 <\/b>-5.470 a les m\u00e9s de 2.300 farm\u00e0cies de la prov\u00edncia, 51 a investigaci\u00f3 i doc\u00e8ncia, 71 a salut p\u00fablica, 289 a hospitals, 106 a la distribuci\u00f3 i 194 a an\u00e0lisis cl\u00edniques, entre d\u2019altres- <b>per millorar la salut i el benestar de les persones. <\/p>\n<p><\/b><\/p>\n<p class=\"MsoNormal\"><b>La col\u00b7laboraci\u00f3 entre els diferents professionals del sector tamb\u00e9 ha quedat recollida als materials que ha dissenyat <\/b>el Consejo General de Colegios Oficiales de Farmac\u00e9uticos amb motiu d\u2019aquesta efem\u00e8ride: un <a href=\"http:\/\/www.portalfarma.com\/Profesionales\/campanaspf\/categorias\/Documents\/2017-Dia-Mundial-Farmaceutico-Catalan.pdf\" target=\"_blank\" rel=\"noopener\">cartell <\/a>per als farmac\u00e8utics, un <a href=\"https:\/\/www.youtube.com\/watch?v=R-zTKPy6mxk&amp;feature=youtu.be\" target=\"_blank\" rel=\"noopener\">v\u00eddeo commemoratiu<\/a> i <a href=\"http:\/\/www.portalfarma.com\/Profesionales\/campanaspf\/categorias\/Paginas\/Varios\/Dia-Mundial-Farmaceutico-2017.aspx\" target=\"_blank\" rel=\"noopener\">imatges per compartir a les xarxes socials<\/a> amb el hashtag #dmf2017.<\/p>\n<p class=\"MsoNormal\"><b><u>Qu\u00e8 ofereix el farmac\u00e8utic a la poblaci\u00f3?<\/u><\/b><\/p>\n<p class=\"MsoNormal\"><!--[endif]--><b>Exemples d\u2019aportacions que fa el farmac\u00e8utic a la societat s\u00f3n els diferents serveis que s\u2019ofereixen a les farm\u00e0cies en col\u00b7laboraci\u00f3 amb altres professionals sanitaris. <\/b>Aquest \u00e9s el cas dels <b>programes de reducci\u00f3 de danys<\/b>, gr\u00e0cies als quals m\u00e9s de <b>70 farm\u00e0cies de Barcelona han col\u00b7laborat en la detecci\u00f3 preco\u00e7 del VIH<\/b>, m\u00e9s de <b>670 pacients s\u2019han beneficiat del Programa de manteniment amb metadona <\/b>en qu\u00e8 participen <b>90 farm\u00e0cies<\/b> i m\u00e9s de <b>240 han contribu\u00eft, mitjan\u00e7ant el Programa d\u2019Intercanvi de xeringues,<\/b> a recollir xeringues i proporcionar kits est\u00e8rils als usuaris. <b><span><\/p>\n<p><\/span><\/b><\/p>\n<p class=\"MsoNormal\">Tamb\u00e9 es troba el <b>Programa de detecci\u00f3 preco\u00e7 de c\u00e0ncer de c\u00f2lon i recte,<\/b> en el marc del qual <b>1.051 farm\u00e0cies han at\u00e8s 234.826 persones,<\/b> i el programa de <b>farm\u00e0cies sentinelles,<\/b> que s\u2019ha ampliat recentment a <b>60 farm\u00e0cies de Catalunya<\/b> amb l\u2019objectiu d\u2019aportar informaci\u00f3 sobre l\u2019\u00fas dels medicaments per obtenir dades que es puguin integrar en sistemes de vigil\u00e0ncia d\u2019altres professionals sanitaris.\u00a0 <\/p>\n<p class=\"MsoNormal\"><b><u><img fetchpriority=\"high\" decoding=\"async\" src=\"https:\/\/www.cofb.org\/image\/image_gallery?uuid=e9e0476a-9a68-43d9-8770-08ed2909f482&amp;groupId=10136&amp;t=1506082048176\" width=\"266\" height=\"665\" align=\"right\" vspace=\"2\" hspace=\"2\" border=\"2\" alt=\"\">La farm\u00e0cia a Catalunya <\/p>\n<p><\/u><\/b><\/p>\n<p class=\"MsoNormal\"><b><span>Quants col\u00b7legiats hi ha a Catalunya? <\/span><\/b>El nombre de <b>farmac\u00e8utics a Catalunya <\/b>s\u2019ha anat estabilitzant en els darrers tres anys, aix\u00ed per a l\u2019any 2016 el nombre total \u00e9s de <b>10.955, un 1,70% m\u00e9s que l\u2019any anterior:<\/b> 8.695 a la prov\u00edncia de Barcelona, 886 a Girona, 839 a Tarragona i 535 a Lleida.<\/p>\n<p class=\"MsoNormal\"><b><span>En quins \u00e0mbits exerceixen?<\/span> 7.100 (el 64,81%) desenvolupen la seva tasca professional en alguna de les 3.182 farm\u00e0cies del territori<\/b>, fet que suposa una <b>mitjana de m\u00e9s de 2 farmac\u00e8utics per oficina de farm\u00e0cia. <\/b>Alhora, un important percentatge de col\u00b7legiats desenvolupen la seva activitat professional en \u00e0mbits no exclusius pels farmac\u00e8utics, com \u00e9s el cas de l\u2019\u00e0mbit de la <b>salut p\u00fablica, an\u00e0lisis cl\u00edniques, ind\u00fastria i distribuci\u00f3 farmac\u00e8utica. <\/b>D\u2019altra banda, l\u2019adscripci\u00f3 dels farmac\u00e8utics a les diferents vocalies dels Col\u00b7legis remarca l\u2019inter\u00e8s professional espec\u00edfic en algunes \u00e0rees com s\u00f3n la <b>dermofarm\u00e0cia, l\u2019alimentaci\u00f3 i nutrici\u00f3, la fitoter\u00e0pia, l\u2019ortop\u00e8dia i la investigaci\u00f3 i doc\u00e8ncia<\/b> que es poden desenvolupar des de diferents formes d\u2019exercici de la professi\u00f3.<\/p>\n<p class=\"MsoNormal\"><b><span>Quin perfil predomina?<\/span><\/b> El <b>perfil del llicenciat<\/b> en farm\u00e0cia \u00e9s <b>femen\u00ed<\/b> \u2013 ja que representen el 73% de col\u00b7legiats \u2013 i<b>, pel que fa a les edats, la franja d\u2019edat on es concentra un major nombre de col\u00b7legiats a Catalunya \u00e9s la que va dels 35 a menys de 45 anys<\/b>, seguida de la de 45 a menys de 55 anys i la de menys de 35 anys. Tamb\u00e9 s\u2019observa una <b>feminitzaci\u00f3 progressiva de la professi\u00f3<\/b>, ja que el nombre de dones augmenta fins a un 78% sobre el total de farmac\u00e8utics col\u00b7legiats en la franja d\u2019edat de menys de 35 anys, mentre que en la de a partir de 65 anys, hi ha un 51,99% de dones i un 48,01% d\u2019homes.<\/p>\n<p class=\"MsoNormal\"><b><span>Com es distribueixen les farm\u00e0cies al territori? <\/span><\/b>Una de les caracter\u00edstiques distintives de la farm\u00e0cia \u00e9s la seva distribuci\u00f3, ja que gr\u00e0cies a criteris geogr\u00e0fics i demogr\u00e0fics recollits en la legislaci\u00f3, <b>es garanteix que el 99% de la poblaci\u00f3 disposi d\u2019una farm\u00e0cia on viu. <\/p>\n<p><\/b><\/p>\n<p class=\"MsoNormal\">La distribuci\u00f3 de les farm\u00e0cies a Catalunya respon a la necessitat d\u2019assegurar un servei farmac\u00e8utic proper al ciutad\u00e0 de forma equitativa i de f\u00e0cil acc\u00e9s per a tothom, evitant, d\u2019aquesta manera, la concentraci\u00f3 en llocs m\u00e9s poblats o urbans en detriment de la poblaci\u00f3 que viu en llocs m\u00e9s rurals o de poca concentraci\u00f3. La seva ubicaci\u00f3 dep\u00e8n del nombre d\u2019habitants per \u00e0rea b\u00e0sica i contempla la dist\u00e0ncia m\u00ednima entre aquestes per tal d\u2019arribar a tots els nuclis poblacionals. <\/p>\n<p class=\"MsoNormal\"><b>Catalunya va ser la primera Comunitat de l\u2019Estat que va tenir una Llei d\u2019Ordenaci\u00f3 Farmac\u00e8utica pr\u00f2pia (Llei 31\/1991),<\/b> aprovada per unanimitat de tot el Parlament de Catalunya. <b>L\u2019extensa xarxa farmac\u00e8utica de Catalunya -3.182 oficines de farm\u00e0cia i 113 farmacioles-, fa que la r\u00e0tio de farm\u00e0cies per a la poblaci\u00f3 catalana sigui de les m\u00e9s altes d\u2019Europa.<\/b> Concretament a Catalunya, hi ha una oficina de farm\u00e0cia per cada 2.350 habitants i 1 farmac\u00e8utic comunitari per cada 1.053 habitants, aproximadament, a l\u2019any 2016. <i><\/p>\n<p><\/i><\/p>\n<p class=\"MsoNormal\"><i>A aquesta <\/i><a href=\"http:\/\/www.portalfarma.com\/Profesionales\/consejoinforma\/Paginas\/2017-Dia-Mundial-Farmaceutico.aspx\" target=\"_blank\" rel=\"noopener\"><i>nota de Portalfarma<\/i><\/a><i> podeu consultar tamb\u00e9 dades sobre l\u2019exercici de la professi\u00f3 al conjunt de l\u2019Estat<span>.\u00a0<\/span><\/i><\/p>\n<p class=\"MsoNormal\">Per a m\u00e9s informaci\u00f3: <br \/>Departament de Comunicaci\u00f3 del Col\u00b7legi de Farmac\u00e8utics de Barcelona (COFB)<br \/>Tel\u00e8fon: 93 244 07 28 \/ 18 <br \/>premsa@cofb.net <br \/>\u00a0<\/p>\n<p class=\"MsoNormal\"><i><span><\/p>\n<p><\/span><\/i><\/p>\n<p>\u00a0\u00a025 de setembre, Dia Mundial del Farmac\u00e8utic:\u201cDe la recerca a l\u2019assist\u00e8ncia sanit\u00e0ria: el farmac\u00e8utic al seu servei\u201dEn s\u00f3n exemples els diferents serveis que s\u2019ofereixen a les farm\u00e0cies en col\u00b7laboraci\u00f3 amb altres professionals sanitaris, com els programes de detecci\u00f3 preco\u00e7 del c\u00e0ncer de c\u00f2lon i recte i VIH i el d\u2019intercanvi de xeringues D\u2019entre els 10.955 farmac\u00e8utics de Catalunya predomina el perfil femen\u00ed, que  representen el 73% de col\u00b7legiats, i la franja d\u2019edat m\u00e9s nombrosa \u00e9s la que va dels 35 a menys de 45 anys\u00a0Barcelona, 22 de setembre de 2017.- El proper 25 de setembre se celebra el Dia Mundial del Farmac\u00e8utic, una commemoraci\u00f3 organitzada per la Federaci\u00f3 Farmac\u00e8utica Internacional (FIP) que aquest any porta per lema \u201cDe la recerca a l\u2019assist\u00e8ncia sanit\u00e0ria: el farmac\u00e8utic al seu servei\u201d. Amb aquest missatge s\u2019ha volgut, d\u2019una banda, incidir en les aportacions de la professi\u00f3 farmac\u00e8utica a la salut des dels diferents \u00e0mbits d\u2019exercici de la professi\u00f3; d\u2019altra banda, destacar la tasca que es realitza des de la proximitat i accessibilitat de la farm\u00e0cia comunit\u00e0ria, aix\u00ed com la participaci\u00f3 del farmac\u00e8utic en els processos de reconeixement dels problemes de salut, la investigaci\u00f3, el desenvolupament de nous medicaments i la formaci\u00f3 de futurs professionals de la salut.  M\u00e9s de 8.600 farmac\u00e8utics de Barcelona vetllen pel benestar de les persones des de les farm\u00e0cies, hospitals i salut p\u00fablica, entre d\u2019altres \u00a0  Tot aix\u00f2 \u00e9s possible gr\u00e0cies als m\u00e9s de 8.600 farmac\u00e8utics de Barcelona que treballen des dels diferents \u00e0mbits d\u2019exercici de la professi\u00f3 -5.470 a les m\u00e9s de 2.300 farm\u00e0cies de la prov\u00edncia, 51 a investigaci\u00f3 i doc\u00e8ncia, 71 a salut p\u00fablica, 289 a hospitals, 106 a la distribuci\u00f3 i 194 a an\u00e0lisis cl\u00edniques, entre d\u2019altres- per millorar la salut i el benestar de les persones.   La col\u00b7laboraci\u00f3 entre els diferents professionals del sector tamb\u00e9 ha quedat recollida als materials que ha dissenyat el Consejo General de Colegios Oficiales de Farmac\u00e9uticos amb motiu d\u2019aquesta efem\u00e8ride: un cartell per als farmac\u00e8utics, un v\u00eddeo commemoratiu i imatges per compartir a les xarxes socials amb el hashtag #dmf2017.  Qu\u00e8 ofereix el farmac\u00e8utic a la poblaci\u00f3?Exemples d\u2019aportacions que fa el farmac\u00e8utic a la societat s\u00f3n els diferents serveis que s\u2019ofereixen a les farm\u00e0cies en col\u00b7laboraci\u00f3 amb altres professionals sanitaris. Aquest \u00e9s el cas dels programes de reducci\u00f3 de danys, gr\u00e0cies als quals m\u00e9s de 70 farm\u00e0cies de Barcelona han col\u00b7laborat en la detecci\u00f3 preco\u00e7 del VIH, m\u00e9s de 670 pacients s\u2019han beneficiat del Programa de manteniment amb metadona en qu\u00e8 participen 90 farm\u00e0cies i m\u00e9s de 240 han contribu\u00eft, mitjan\u00e7ant el Programa d\u2019Intercanvi de xeringues, a recollir xeringues i proporcionar kits est\u00e8rils als usuaris.   Tamb\u00e9 es troba el Programa de detecci\u00f3 preco\u00e7 de c\u00e0ncer de c\u00f2lon i recte, en el marc del qual 1.051 farm\u00e0cies han at\u00e8s 234.826 persones, i el programa de farm\u00e0cies sentinelles, que s\u2019ha ampliat recentment a 60 farm\u00e0cies de Catalunya amb l\u2019objectiu d\u2019aportar informaci\u00f3 sobre l\u2019\u00fas dels medicaments per obtenir dades que es puguin integrar en sistemes de vigil\u00e0ncia d\u2019altres professionals sanitaris.\u00a0   La farm\u00e0cia a Catalunya   Quants col\u00b7legiats hi ha a Catalunya? El nombre de farmac\u00e8utics a Catalunya s\u2019ha anat estabilitzant en els darrers tres anys, aix\u00ed per a l\u2019any 2016 el nombre total \u00e9s de 10.955, un 1,70% m\u00e9s que l\u2019any anterior: 8.695 a la prov\u00edncia de Barcelona, 886 a Girona, 839 a Tarragona i 535 a Lleida.  En quins \u00e0mbits exerceixen? 7.100 (el 64,81%) desenvolupen la seva tasca professional en alguna de les 3.182 farm\u00e0cies del territori, fet que suposa una mitjana de m\u00e9s de 2 farmac\u00e8utics per oficina de farm\u00e0cia. Alhora, un important percentatge de col\u00b7legiats desenvolupen la seva activitat professional en \u00e0mbits no exclusius pels farmac\u00e8utics, com \u00e9s el cas de l\u2019\u00e0mbit de la salut p\u00fablica, an\u00e0lisis cl\u00edniques, ind\u00fastria i distribuci\u00f3 farmac\u00e8utica. D\u2019altra banda, l\u2019adscripci\u00f3 dels farmac\u00e8utics a les diferents vocalies dels Col\u00b7legis remarca l\u2019inter\u00e8s professional espec\u00edfic en algunes \u00e0rees com s\u00f3n la dermofarm\u00e0cia, l\u2019alimentaci\u00f3 i nutrici\u00f3, la fitoter\u00e0pia, l\u2019ortop\u00e8dia i la investigaci\u00f3 i doc\u00e8ncia que es poden desenvolupar des de diferents formes d\u2019exercici de la professi\u00f3.  Quin perfil predomina? El perfil del llicenciat en farm\u00e0cia \u00e9s femen\u00ed \u2013 ja que representen el 73% de col\u00b7legiats \u2013 i, pel que fa a les edats, la franja d\u2019edat on es concentra un major nombre de col\u00b7legiats a Catalunya \u00e9s la que va dels 35 a menys de 45 anys, seguida de la de 45 a menys de 55 anys i la de menys de 35 anys. Tamb\u00e9 s\u2019observa una feminitzaci\u00f3 progressiva de la professi\u00f3, ja que el nombre de dones augmenta fins a un 78% sobre el total de farmac\u00e8utics col\u00b7legiats en la franja d\u2019edat de menys de 35 anys, mentre que en la de a partir de 65 anys, hi ha un 51,99% de dones i un 48,01% d\u2019homes.  Com es distribueixen les farm\u00e0cies al territori? Una de les caracter\u00edstiques distintives de la farm\u00e0cia \u00e9s la seva distribuci\u00f3, ja que gr\u00e0cies a criteris geogr\u00e0fics i demogr\u00e0fics recollits en la legislaci\u00f3, es garanteix que el 99% de la poblaci\u00f3 disposi d\u2019una farm\u00e0cia on viu.   La distribuci\u00f3 de les farm\u00e0cies a Catalunya respon a la necessitat d\u2019assegurar un servei farmac\u00e8utic proper al ciutad\u00e0 de forma equitativa i de f\u00e0cil acc\u00e9s per a tothom, evitant, d\u2019aquesta manera, la concentraci\u00f3 en llocs m\u00e9s poblats o urbans en detriment de la poblaci\u00f3 que viu en llocs m\u00e9s rurals o de poca concentraci\u00f3. La seva ubicaci\u00f3 dep\u00e8n del nombre d\u2019habitants per \u00e0rea b\u00e0sica i contempla la dist\u00e0ncia m\u00ednima entre aquestes per tal d\u2019arribar a tots els nuclis poblacionals.   Catalunya va ser la primera Comunitat de l\u2019Estat que va tenir una Llei d\u2019Ordenaci\u00f3 Farmac\u00e8utica pr\u00f2pia (Llei 31\/1991), aprovada per unanimitat de tot el Parlament de Catalunya. L\u2019extensa xarxa farmac\u00e8utica de Catalunya -3.182 oficines de farm\u00e0cia i 113 farmacioles-, fa que la r\u00e0tio de farm\u00e0cies per a la poblaci\u00f3 catalana sigui de les m\u00e9s altes d\u2019Europa. Concretament a Catalunya, hi ha una oficina de farm\u00e0cia per cada 2.350 habitants i 1 farmac\u00e8utic comunitari per cada 1.053 habitants, aproximadament, a l\u2019any 2016.   A aquesta nota de Portalfarma podeu consultar tamb\u00e9 dades sobre l\u2019exercici de la professi\u00f3 al conjunt de l\u2019Estat.\u00a0Per a m\u00e9s informaci\u00f3: Departament de Comunicaci\u00f3 del Col\u00b7legi de Farmac\u00e8utics de Barcelona (COFB)Tel\u00e8fon: 93 244 07 28 \/ 18 premsa@cofb.net \u00a0\u00a0\u00a0COFB.ORG<\/p>\n","protected":false},"excerpt":{"rendered":"<p>\u00a0 \u00a025 de setembre, Dia Mundial del Farmac\u00e8utic:\u201cDe la recerca a l\u2019assist\u00e8ncia sanit\u00e0ria: el farmac\u00e8utic al seu servei\u201d En s\u00f3n exemples els diferents serveis que s\u2019ofereixen a les farm\u00e0cies en col\u00b7laboraci\u00f3 amb altres professionals sanitaris, com els programes de detecci\u00f3 preco\u00e7 del c\u00e0ncer de c\u00f2lon i recte i VIH i [&hellip;]<\/p>\n","protected":false},"author":1,"featured_media":77302,"comment_status":"","ping_status":"","sticky":false,"template":"","format":"standard","meta":{"_uag_custom_page_level_css":"","site-sidebar-layout":"default","site-content-layout":"","ast-site-content-layout":"default","site-content-style":"default","site-sidebar-style":"default","ast-global-header-display":"","ast-banner-title-visibility":"","ast-main-header-display":"","ast-hfb-above-header-display":"","ast-hfb-below-header-display":"","ast-hfb-mobile-header-display":"","site-post-title":"","ast-breadcrumbs-content":"","ast-featured-img":"disabled","footer-sml-layout":"","theme-transparent-header-meta":"","adv-header-id-meta":"","stick-header-meta":"","header-above-stick-meta":"","header-main-stick-meta":"","header-below-stick-meta":"","astra-migrate-meta-layouts":"default","ast-page-background-enabled":"default","ast-page-background-meta":{"desktop":{"background-color":"var(--ast-global-color-4)","background-image":"","background-repeat":"repeat","background-position":"center center","background-size":"auto","background-attachment":"scroll","background-type":"","background-media":"","overlay-type":"","overlay-color":"","overlay-opacity":"","overlay-gradient":""},"tablet":{"background-color":"","background-image":"","background-repeat":"repeat","background-position":"center center","background-size":"auto","background-attachment":"scroll","background-type":"","background-media":"","overlay-type":"","overlay-color":"","overlay-opacity":"","overlay-gradient":""},"mobile":{"background-color":"","background-image":"","background-repeat":"repeat","background-position":"center center","background-size":"auto","background-attachment":"scroll","background-type":"","background-media":"","overlay-type":"","overlay-color":"","overlay-opacity":"","overlay-gradient":""}},"ast-content-background-meta":{"desktop":{"background-color":"var(--ast-global-color-5)","background-image":"","background-repeat":"repeat","background-position":"center center","background-size":"auto","background-attachment":"scroll","background-type":"","background-media":"","overlay-type":"","overlay-color":"","overlay-opacity":"","overlay-gradient":""},"tablet":{"background-color":"var(--ast-global-color-5)","background-image":"","background-repeat":"repeat","background-position":"center center","background-size":"auto","background-attachment":"scroll","background-type":"","background-media":"","overlay-type":"","overlay-color":"","overlay-opacity":"","overlay-gradient":""},"mobile":{"background-color":"var(--ast-global-color-5)","background-image":"","background-repeat":"repeat","background-position":"center center","background-size":"auto","background-attachment":"scroll","background-type":"","background-media":"","overlay-type":"","overlay-color":"","overlay-opacity":"","overlay-gradient":""}},"footnotes":""},"categories":[1060,1066],"tags":[],"class_list":["post-77301","post","type-post","status-publish","format-standard","has-post-thumbnail","hentry","category-notes-premsa","category-sense-categoria-ca"],"yoast_head":"<!-- This site is optimized with the Yoast SEO plugin v22.4 - https:\/\/yoast.com\/wordpress\/plugins\/seo\/ -->\n<title>Els farmac\u00e8utics recorden en el seu Dia Mundial el que aporta la professi\u00f3 per millorar la salut de les persones - Col\u00b7legi de Farmac\u00e8utics de Barcelona<\/title>\n<meta name=\"robots\" content=\"index, follow, max-snippet:-1, max-image-preview:large, max-video-preview:-1\" \/>\n<link rel=\"canonical\" href=\"https:\/\/novaorg.cofb.net\/2017\/09\/22\/els-farmaceutics-recorden-en-el-seu-dia-mundial-el-que-aporta-la-professio-per-millorar-la-salut-de-les-persones\/\" \/>\n<meta property=\"og:locale\" content=\"ca_ES\" \/>\n<meta property=\"og:type\" content=\"article\" \/>\n<meta property=\"og:title\" content=\"Els farmac\u00e8utics recorden en el seu Dia Mundial el que aporta la professi\u00f3 per millorar la salut de les persones - Col\u00b7legi de Farmac\u00e8utics de Barcelona\" \/>\n<meta property=\"og:description\" content=\"\u00a0 \u00a025 de setembre, Dia Mundial del Farmac\u00e8utic:\u201cDe la recerca a l\u2019assist\u00e8ncia sanit\u00e0ria: el farmac\u00e8utic al seu servei\u201d En s\u00f3n exemples els diferents serveis que s\u2019ofereixen a les farm\u00e0cies en col\u00b7laboraci\u00f3 amb altres professionals sanitaris, com els programes de detecci\u00f3 preco\u00e7 del c\u00e0ncer de c\u00f2lon i recte i VIH i [&hellip;]\" \/>\n<meta property=\"og:url\" content=\"https:\/\/novaorg.cofb.net\/2017\/09\/22\/els-farmaceutics-recorden-en-el-seu-dia-mundial-el-que-aporta-la-professio-per-millorar-la-salut-de-les-persones\/\" \/>\n<meta property=\"og:site_name\" content=\"Col\u00b7legi de Farmac\u00e8utics de Barcelona\" \/>\n<meta property=\"article:publisher\" content=\"https:\/\/www.facebook.com\/farmaceuticsbcn\/\" \/>\n<meta property=\"article:published_time\" content=\"2017-09-22T14:03:00+00:00\" \/>\n<meta property=\"og:image\" content=\"https:\/\/novaorg.cofb.net\/wp-content\/uploads\/2017\/09\/image_gallery-5MiDtf.jpeg\" \/>\n\t<meta property=\"og:image:width\" content=\"266\" \/>\n\t<meta property=\"og:image:height\" content=\"665\" \/>\n\t<meta property=\"og:image:type\" content=\"image\/jpeg\" \/>\n<meta name=\"author\" content=\"wpAdminCofbOrg\" \/>\n<meta name=\"twitter:card\" content=\"summary_large_image\" \/>\n<meta name=\"twitter:creator\" content=\"@farmaceuticsbcn\" \/>\n<meta name=\"twitter:site\" content=\"@farmaceuticsbcn\" \/>\n<meta name=\"twitter:label1\" content=\"Escrit per\" \/>\n\t<meta name=\"twitter:data1\" content=\"wpAdminCofbOrg\" \/>\n\t<meta name=\"twitter:label2\" content=\"Temps estimat de lectura\" \/>\n\t<meta name=\"twitter:data2\" content=\"12 minuts\" \/>\n<script type=\"application\/ld+json\" class=\"yoast-schema-graph\">{\"@context\":\"https:\/\/schema.org\",\"@graph\":[{\"@type\":\"Article\",\"@id\":\"https:\/\/novaorg.cofb.net\/2017\/09\/22\/els-farmaceutics-recorden-en-el-seu-dia-mundial-el-que-aporta-la-professio-per-millorar-la-salut-de-les-persones\/#article\",\"isPartOf\":{\"@id\":\"https:\/\/novaorg.cofb.net\/2017\/09\/22\/els-farmaceutics-recorden-en-el-seu-dia-mundial-el-que-aporta-la-professio-per-millorar-la-salut-de-les-persones\/\"},\"author\":{\"name\":\"wpAdminCofbOrg\",\"@id\":\"https:\/\/www.cofb.org\/#\/schema\/person\/22ed7eea88da74b0fa4d3154ad87ffcb\"},\"headline\":\"Els farmac\u00e8utics recorden en el seu Dia Mundial el que aporta la professi\u00f3 per millorar la salut de les persones\",\"datePublished\":\"2017-09-22T14:03:00+00:00\",\"dateModified\":\"2017-09-22T14:03:00+00:00\",\"mainEntityOfPage\":{\"@id\":\"https:\/\/novaorg.cofb.net\/2017\/09\/22\/els-farmaceutics-recorden-en-el-seu-dia-mundial-el-que-aporta-la-professio-per-millorar-la-salut-de-les-persones\/\"},\"wordCount\":2321,\"publisher\":{\"@id\":\"https:\/\/www.cofb.org\/#organization\"},\"image\":{\"@id\":\"https:\/\/novaorg.cofb.net\/2017\/09\/22\/els-farmaceutics-recorden-en-el-seu-dia-mundial-el-que-aporta-la-professio-per-millorar-la-salut-de-les-persones\/#primaryimage\"},\"thumbnailUrl\":\"https:\/\/www.cofb.org\/wp-content\/uploads\/2017\/09\/image_gallery-5MiDtf.jpeg\",\"articleSection\":[\"Notes de premsa\"],\"inLanguage\":\"ca\"},{\"@type\":\"WebPage\",\"@id\":\"https:\/\/novaorg.cofb.net\/2017\/09\/22\/els-farmaceutics-recorden-en-el-seu-dia-mundial-el-que-aporta-la-professio-per-millorar-la-salut-de-les-persones\/\",\"url\":\"https:\/\/novaorg.cofb.net\/2017\/09\/22\/els-farmaceutics-recorden-en-el-seu-dia-mundial-el-que-aporta-la-professio-per-millorar-la-salut-de-les-persones\/\",\"name\":\"Els farmac\u00e8utics recorden en el seu Dia Mundial el que aporta la professi\u00f3 per millorar la salut de les persones - Col\u00b7legi de Farmac\u00e8utics de Barcelona\",\"isPartOf\":{\"@id\":\"https:\/\/www.cofb.org\/#website\"},\"primaryImageOfPage\":{\"@id\":\"https:\/\/novaorg.cofb.net\/2017\/09\/22\/els-farmaceutics-recorden-en-el-seu-dia-mundial-el-que-aporta-la-professio-per-millorar-la-salut-de-les-persones\/#primaryimage\"},\"image\":{\"@id\":\"https:\/\/novaorg.cofb.net\/2017\/09\/22\/els-farmaceutics-recorden-en-el-seu-dia-mundial-el-que-aporta-la-professio-per-millorar-la-salut-de-les-persones\/#primaryimage\"},\"thumbnailUrl\":\"https:\/\/www.cofb.org\/wp-content\/uploads\/2017\/09\/image_gallery-5MiDtf.jpeg\",\"datePublished\":\"2017-09-22T14:03:00+00:00\",\"dateModified\":\"2017-09-22T14:03:00+00:00\",\"breadcrumb\":{\"@id\":\"https:\/\/novaorg.cofb.net\/2017\/09\/22\/els-farmaceutics-recorden-en-el-seu-dia-mundial-el-que-aporta-la-professio-per-millorar-la-salut-de-les-persones\/#breadcrumb\"},\"inLanguage\":\"ca\",\"potentialAction\":[{\"@type\":\"ReadAction\",\"target\":[\"https:\/\/novaorg.cofb.net\/2017\/09\/22\/els-farmaceutics-recorden-en-el-seu-dia-mundial-el-que-aporta-la-professio-per-millorar-la-salut-de-les-persones\/\"]}]},{\"@type\":\"ImageObject\",\"inLanguage\":\"ca\",\"@id\":\"https:\/\/novaorg.cofb.net\/2017\/09\/22\/els-farmaceutics-recorden-en-el-seu-dia-mundial-el-que-aporta-la-professio-per-millorar-la-salut-de-les-persones\/#primaryimage\",\"url\":\"https:\/\/www.cofb.org\/wp-content\/uploads\/2017\/09\/image_gallery-5MiDtf.jpeg\",\"contentUrl\":\"https:\/\/www.cofb.org\/wp-content\/uploads\/2017\/09\/image_gallery-5MiDtf.jpeg\",\"width\":266,\"height\":665},{\"@type\":\"BreadcrumbList\",\"@id\":\"https:\/\/novaorg.cofb.net\/2017\/09\/22\/els-farmaceutics-recorden-en-el-seu-dia-mundial-el-que-aporta-la-professio-per-millorar-la-salut-de-les-persones\/#breadcrumb\",\"itemListElement\":[{\"@type\":\"ListItem\",\"position\":1,\"name\":\"Inici\",\"item\":\"https:\/\/novaorg.cofb.net\/\"},{\"@type\":\"ListItem\",\"position\":2,\"name\":\"Els farmac\u00e8utics recorden en el seu Dia Mundial el que aporta la professi\u00f3 per millorar la salut de les persones\"}]},{\"@type\":\"WebSite\",\"@id\":\"https:\/\/www.cofb.org\/#website\",\"url\":\"https:\/\/www.cofb.org\/\",\"name\":\"Col\u00b7legi de Farmac\u00e8utics de Barcelona\",\"description\":\"\",\"publisher\":{\"@id\":\"https:\/\/www.cofb.org\/#organization\"},\"potentialAction\":[{\"@type\":\"SearchAction\",\"target\":{\"@type\":\"EntryPoint\",\"urlTemplate\":\"https:\/\/www.cofb.org\/?s={search_term_string}\"},\"query-input\":\"required name=search_term_string\"}],\"inLanguage\":\"ca\"},{\"@type\":\"Organization\",\"@id\":\"https:\/\/www.cofb.org\/#organization\",\"name\":\"Col\u00b7legi de Farmac\u00e8utics de Barcelona\",\"url\":\"https:\/\/www.cofb.org\/\",\"logo\":{\"@type\":\"ImageObject\",\"inLanguage\":\"ca\",\"@id\":\"https:\/\/www.cofb.org\/#\/schema\/logo\/image\/\",\"url\":\"https:\/\/www.cofb.org\/wp-content\/uploads\/2023\/11\/cropped-Logotip-COFB.png\",\"contentUrl\":\"https:\/\/www.cofb.org\/wp-content\/uploads\/2023\/11\/cropped-Logotip-COFB.png\",\"width\":500,\"height\":105,\"caption\":\"Col\u00b7legi de Farmac\u00e8utics de Barcelona\"},\"image\":{\"@id\":\"https:\/\/www.cofb.org\/#\/schema\/logo\/image\/\"},\"sameAs\":[\"https:\/\/www.facebook.com\/farmaceuticsbcn\/\",\"https:\/\/twitter.com\/farmaceuticsbcn\",\"https:\/\/www.instagram.com\/farmaceuticsbcn\/\",\"https:\/\/www.linkedin.com\/company\/farmaceuticsbcn\/\"]},{\"@type\":\"Person\",\"@id\":\"https:\/\/www.cofb.org\/#\/schema\/person\/22ed7eea88da74b0fa4d3154ad87ffcb\",\"name\":\"wpAdminCofbOrg\",\"image\":{\"@type\":\"ImageObject\",\"inLanguage\":\"ca\",\"@id\":\"https:\/\/www.cofb.org\/#\/schema\/person\/image\/\",\"url\":\"https:\/\/secure.gravatar.com\/avatar\/1721b20b3b8ca882c3b56ec6c978c594fff670e40c0718e9190eaeeb76aae7d8?s=96&d=mm&r=g\",\"contentUrl\":\"https:\/\/secure.gravatar.com\/avatar\/1721b20b3b8ca882c3b56ec6c978c594fff670e40c0718e9190eaeeb76aae7d8?s=96&d=mm&r=g\",\"caption\":\"wpAdminCofbOrg\"},\"sameAs\":[\"http:\/\/192.168.64.122\/wordpress\"],\"url\":\"https:\/\/www.cofb.org\/ca\/author\/wpadmincofborg\/\"}]}<\/script>\n<!-- \/ Yoast SEO plugin. -->","yoast_head_json":{"title":"Els farmac\u00e8utics recorden en el seu Dia Mundial el que aporta la professi\u00f3 per millorar la salut de les persones - Col\u00b7legi de Farmac\u00e8utics de Barcelona","robots":{"index":"index","follow":"follow","max-snippet":"max-snippet:-1","max-image-preview":"max-image-preview:large","max-video-preview":"max-video-preview:-1"},"canonical":"https:\/\/novaorg.cofb.net\/2017\/09\/22\/els-farmaceutics-recorden-en-el-seu-dia-mundial-el-que-aporta-la-professio-per-millorar-la-salut-de-les-persones\/","og_locale":"ca_ES","og_type":"article","og_title":"Els farmac\u00e8utics recorden en el seu Dia Mundial el que aporta la professi\u00f3 per millorar la salut de les persones - Col\u00b7legi de Farmac\u00e8utics de Barcelona","og_description":"\u00a0 \u00a025 de setembre, Dia Mundial del Farmac\u00e8utic:\u201cDe la recerca a l\u2019assist\u00e8ncia sanit\u00e0ria: el farmac\u00e8utic al seu servei\u201d En s\u00f3n exemples els diferents serveis que s\u2019ofereixen a les farm\u00e0cies en col\u00b7laboraci\u00f3 amb altres professionals sanitaris, com els programes de detecci\u00f3 preco\u00e7 del c\u00e0ncer de c\u00f2lon i recte i VIH i [&hellip;]","og_url":"https:\/\/novaorg.cofb.net\/2017\/09\/22\/els-farmaceutics-recorden-en-el-seu-dia-mundial-el-que-aporta-la-professio-per-millorar-la-salut-de-les-persones\/","og_site_name":"Col\u00b7legi de Farmac\u00e8utics de Barcelona","article_publisher":"https:\/\/www.facebook.com\/farmaceuticsbcn\/","article_published_time":"2017-09-22T14:03:00+00:00","og_image":[{"width":266,"height":665,"url":"https:\/\/novaorg.cofb.net\/wp-content\/uploads\/2017\/09\/image_gallery-5MiDtf.jpeg","type":"image\/jpeg"}],"author":"wpAdminCofbOrg","twitter_card":"summary_large_image","twitter_creator":"@farmaceuticsbcn","twitter_site":"@farmaceuticsbcn","twitter_misc":{"Escrit per":"wpAdminCofbOrg","Temps estimat de lectura":"12 minuts"},"schema":{"@context":"https:\/\/schema.org","@graph":[{"@type":"Article","@id":"https:\/\/novaorg.cofb.net\/2017\/09\/22\/els-farmaceutics-recorden-en-el-seu-dia-mundial-el-que-aporta-la-professio-per-millorar-la-salut-de-les-persones\/#article","isPartOf":{"@id":"https:\/\/novaorg.cofb.net\/2017\/09\/22\/els-farmaceutics-recorden-en-el-seu-dia-mundial-el-que-aporta-la-professio-per-millorar-la-salut-de-les-persones\/"},"author":{"name":"wpAdminCofbOrg","@id":"https:\/\/www.cofb.org\/#\/schema\/person\/22ed7eea88da74b0fa4d3154ad87ffcb"},"headline":"Els farmac\u00e8utics recorden en el seu Dia Mundial el que aporta la professi\u00f3 per millorar la salut de les persones","datePublished":"2017-09-22T14:03:00+00:00","dateModified":"2017-09-22T14:03:00+00:00","mainEntityOfPage":{"@id":"https:\/\/novaorg.cofb.net\/2017\/09\/22\/els-farmaceutics-recorden-en-el-seu-dia-mundial-el-que-aporta-la-professio-per-millorar-la-salut-de-les-persones\/"},"wordCount":2321,"publisher":{"@id":"https:\/\/www.cofb.org\/#organization"},"image":{"@id":"https:\/\/novaorg.cofb.net\/2017\/09\/22\/els-farmaceutics-recorden-en-el-seu-dia-mundial-el-que-aporta-la-professio-per-millorar-la-salut-de-les-persones\/#primaryimage"},"thumbnailUrl":"https:\/\/www.cofb.org\/wp-content\/uploads\/2017\/09\/image_gallery-5MiDtf.jpeg","articleSection":["Notes de premsa"],"inLanguage":"ca"},{"@type":"WebPage","@id":"https:\/\/novaorg.cofb.net\/2017\/09\/22\/els-farmaceutics-recorden-en-el-seu-dia-mundial-el-que-aporta-la-professio-per-millorar-la-salut-de-les-persones\/","url":"https:\/\/novaorg.cofb.net\/2017\/09\/22\/els-farmaceutics-recorden-en-el-seu-dia-mundial-el-que-aporta-la-professio-per-millorar-la-salut-de-les-persones\/","name":"Els farmac\u00e8utics recorden en el seu Dia Mundial el que aporta la professi\u00f3 per millorar la salut de les persones - Col\u00b7legi de Farmac\u00e8utics de Barcelona","isPartOf":{"@id":"https:\/\/www.cofb.org\/#website"},"primaryImageOfPage":{"@id":"https:\/\/novaorg.cofb.net\/2017\/09\/22\/els-farmaceutics-recorden-en-el-seu-dia-mundial-el-que-aporta-la-professio-per-millorar-la-salut-de-les-persones\/#primaryimage"},"image":{"@id":"https:\/\/novaorg.cofb.net\/2017\/09\/22\/els-farmaceutics-recorden-en-el-seu-dia-mundial-el-que-aporta-la-professio-per-millorar-la-salut-de-les-persones\/#primaryimage"},"thumbnailUrl":"https:\/\/www.cofb.org\/wp-content\/uploads\/2017\/09\/image_gallery-5MiDtf.jpeg","datePublished":"2017-09-22T14:03:00+00:00","dateModified":"2017-09-22T14:03:00+00:00","breadcrumb":{"@id":"https:\/\/novaorg.cofb.net\/2017\/09\/22\/els-farmaceutics-recorden-en-el-seu-dia-mundial-el-que-aporta-la-professio-per-millorar-la-salut-de-les-persones\/#breadcrumb"},"inLanguage":"ca","potentialAction":[{"@type":"ReadAction","target":["https:\/\/novaorg.cofb.net\/2017\/09\/22\/els-farmaceutics-recorden-en-el-seu-dia-mundial-el-que-aporta-la-professio-per-millorar-la-salut-de-les-persones\/"]}]},{"@type":"ImageObject","inLanguage":"ca","@id":"https:\/\/novaorg.cofb.net\/2017\/09\/22\/els-farmaceutics-recorden-en-el-seu-dia-mundial-el-que-aporta-la-professio-per-millorar-la-salut-de-les-persones\/#primaryimage","url":"https:\/\/www.cofb.org\/wp-content\/uploads\/2017\/09\/image_gallery-5MiDtf.jpeg","contentUrl":"https:\/\/www.cofb.org\/wp-content\/uploads\/2017\/09\/image_gallery-5MiDtf.jpeg","width":266,"height":665},{"@type":"BreadcrumbList","@id":"https:\/\/novaorg.cofb.net\/2017\/09\/22\/els-farmaceutics-recorden-en-el-seu-dia-mundial-el-que-aporta-la-professio-per-millorar-la-salut-de-les-persones\/#breadcrumb","itemListElement":[{"@type":"ListItem","position":1,"name":"Inici","item":"https:\/\/novaorg.cofb.net\/"},{"@type":"ListItem","position":2,"name":"Els farmac\u00e8utics recorden en el seu Dia Mundial el que aporta la professi\u00f3 per millorar la salut de les persones"}]},{"@type":"WebSite","@id":"https:\/\/www.cofb.org\/#website","url":"https:\/\/www.cofb.org\/","name":"Col\u00b7legi de Farmac\u00e8utics de Barcelona","description":"","publisher":{"@id":"https:\/\/www.cofb.org\/#organization"},"potentialAction":[{"@type":"SearchAction","target":{"@type":"EntryPoint","urlTemplate":"https:\/\/www.cofb.org\/?s={search_term_string}"},"query-input":"required name=search_term_string"}],"inLanguage":"ca"},{"@type":"Organization","@id":"https:\/\/www.cofb.org\/#organization","name":"Col\u00b7legi de Farmac\u00e8utics de Barcelona","url":"https:\/\/www.cofb.org\/","logo":{"@type":"ImageObject","inLanguage":"ca","@id":"https:\/\/www.cofb.org\/#\/schema\/logo\/image\/","url":"https:\/\/www.cofb.org\/wp-content\/uploads\/2023\/11\/cropped-Logotip-COFB.png","contentUrl":"https:\/\/www.cofb.org\/wp-content\/uploads\/2023\/11\/cropped-Logotip-COFB.png","width":500,"height":105,"caption":"Col\u00b7legi de Farmac\u00e8utics de Barcelona"},"image":{"@id":"https:\/\/www.cofb.org\/#\/schema\/logo\/image\/"},"sameAs":["https:\/\/www.facebook.com\/farmaceuticsbcn\/","https:\/\/twitter.com\/farmaceuticsbcn","https:\/\/www.instagram.com\/farmaceuticsbcn\/","https:\/\/www.linkedin.com\/company\/farmaceuticsbcn\/"]},{"@type":"Person","@id":"https:\/\/www.cofb.org\/#\/schema\/person\/22ed7eea88da74b0fa4d3154ad87ffcb","name":"wpAdminCofbOrg","image":{"@type":"ImageObject","inLanguage":"ca","@id":"https:\/\/www.cofb.org\/#\/schema\/person\/image\/","url":"https:\/\/secure.gravatar.com\/avatar\/1721b20b3b8ca882c3b56ec6c978c594fff670e40c0718e9190eaeeb76aae7d8?s=96&d=mm&r=g","contentUrl":"https:\/\/secure.gravatar.com\/avatar\/1721b20b3b8ca882c3b56ec6c978c594fff670e40c0718e9190eaeeb76aae7d8?s=96&d=mm&r=g","caption":"wpAdminCofbOrg"},"sameAs":["http:\/\/192.168.64.122\/wordpress"],"url":"https:\/\/www.cofb.org\/ca\/author\/wpadmincofborg\/"}]}},"uagb_featured_image_src":{"full":["https:\/\/www.cofb.org\/wp-content\/uploads\/2017\/09\/image_gallery-5MiDtf.jpeg",266,665,false],"thumbnail":["https:\/\/www.cofb.org\/wp-content\/uploads\/2017\/09\/image_gallery-5MiDtf-150x150.jpeg",150,150,true],"medium":["https:\/\/www.cofb.org\/wp-content\/uploads\/2017\/09\/image_gallery-5MiDtf-120x300.jpeg",120,300,true],"medium_large":["https:\/\/www.cofb.org\/wp-content\/uploads\/2017\/09\/image_gallery-5MiDtf.jpeg",266,665,false],"large":["https:\/\/www.cofb.org\/wp-content\/uploads\/2017\/09\/image_gallery-5MiDtf.jpeg",266,665,false],"1536x1536":["https:\/\/www.cofb.org\/wp-content\/uploads\/2017\/09\/image_gallery-5MiDtf.jpeg",266,665,false],"2048x2048":["https:\/\/www.cofb.org\/wp-content\/uploads\/2017\/09\/image_gallery-5MiDtf.jpeg",266,665,false],"trp-custom-language-flag":["https:\/\/www.cofb.org\/wp-content\/uploads\/2017\/09\/image_gallery-5MiDtf-5x12.jpeg",5,12,true]},"uagb_author_info":{"display_name":"wpAdminCofbOrg","author_link":"https:\/\/www.cofb.org\/ca\/author\/wpadmincofborg\/"},"uagb_comment_info":0,"uagb_excerpt":"\u00a0 \u00a025 de setembre, Dia Mundial del Farmac\u00e8utic:\u201cDe la recerca a l\u2019assist\u00e8ncia sanit\u00e0ria: el farmac\u00e8utic al seu servei\u201d En s\u00f3n exemples els diferents serveis que s\u2019ofereixen a les farm\u00e0cies en col\u00b7laboraci\u00f3 amb altres professionals sanitaris, com els programes de detecci\u00f3 preco\u00e7 del c\u00e0ncer de c\u00f2lon i recte i VIH i [&hellip;]","_links":{"self":[{"href":"https:\/\/www.cofb.org\/ca\/wp-json\/wp\/v2\/posts\/77301","targetHints":{"allow":["GET"]}}],"collection":[{"href":"https:\/\/www.cofb.org\/ca\/wp-json\/wp\/v2\/posts"}],"about":[{"href":"https:\/\/www.cofb.org\/ca\/wp-json\/wp\/v2\/types\/post"}],"author":[{"embeddable":true,"href":"https:\/\/www.cofb.org\/ca\/wp-json\/wp\/v2\/users\/1"}],"replies":[{"embeddable":true,"href":"https:\/\/www.cofb.org\/ca\/wp-json\/wp\/v2\/comments?post=77301"}],"version-history":[{"count":0,"href":"https:\/\/www.cofb.org\/ca\/wp-json\/wp\/v2\/posts\/77301\/revisions"}],"wp:featuredmedia":[{"embeddable":true,"href":"https:\/\/www.cofb.org\/ca\/wp-json\/wp\/v2\/media\/77302"}],"wp:attachment":[{"href":"https:\/\/www.cofb.org\/ca\/wp-json\/wp\/v2\/media?parent=77301"}],"wp:term":[{"taxonomy":"category","embeddable":true,"href":"https:\/\/www.cofb.org\/ca\/wp-json\/wp\/v2\/categories?post=77301"},{"taxonomy":"post_tag","embeddable":true,"href":"https:\/\/www.cofb.org\/ca\/wp-json\/wp\/v2\/tags?post=77301"}],"curies":[{"name":"wp","href":"https:\/\/api.w.org\/{rel}","templated":true}]}}