{"id":77300,"date":"2017-09-28T10:53:00","date_gmt":"2017-09-28T10:53:00","guid":{"rendered":"https:\/\/novaorg.cofb.net\/2017\/09\/28\/el-president-del-cof-de-barcelona-jordi-de-dalmases-ingressa-a-la-reial-academia-de-farmacia-de-catalunya\/"},"modified":"2017-09-28T10:53:00","modified_gmt":"2017-09-28T10:53:00","slug":"el-president-del-cof-de-barcelona-jordi-de-dalmases-ingressa-a-la-reial-academia-de-farmacia-de-catalunya","status":"publish","type":"post","link":"https:\/\/www.cofb.org\/ca\/2017\/09\/28\/el-president-del-cof-de-barcelona-jordi-de-dalmases-ingressa-a-la-reial-academia-de-farmacia-de-catalunya\/","title":{"rendered":"El president del COF de Barcelona, Jordi de Dalmases, ingressa a la Reial Acad\u00e8mia de Farm\u00e0cia de Catalunya"},"content":{"rendered":"<p>\u00a0<\/p>\n<ul>\n<li><strong>A l\u2019acte d\u2019ingr\u00e9s com a Acad\u00e8mic Corresponent, que va tenir lloc ahir, De Dalmases va llegir el discurs \u201cLa segona evoluci\u00f3 de la farm\u00e0cia\u201d, amb el qual va fer un rep\u00e0s hist\u00f2ric del desenvolupament de la farm\u00e0cia, a m\u00e9s d\u2019aportar una visi\u00f3 de futur <\/strong><\/li>\n<li><strong>Posar el focus en els efectes que els medicaments tenen en el pacient, en com podem contribuir que sigui el desitjat i l\u2019educaci\u00f3 sanit\u00e0ria, promoci\u00f3 de la salut i prevenci\u00f3 de la malaltia s\u00f3n algunes de les \u00e0rees de creixement de la professi\u00f3 que va apuntar<\/strong><br \/>\u00a0<\/li>\n<\/ul>\n<p><i>Barcelona, 28 de setembre de 2017.- <\/i><b>El president del Col\u00b7legi de Farmac\u00e8utics de Barcelona, Jordi de Dalmases, va ingressar ahir a la Reial Acad\u00e8mia de Farm\u00e0cia de Catalunya (RAFC) com a Acad\u00e8mic Corresponent.<\/b><span> Durant l\u2019acte d\u2019ingr\u00e9s va llegir <\/span><b>el discurs \u201cLa segona evoluci\u00f3 de la farm\u00e0cia\u201d,<\/b><span> amb el qual va abordar <\/span><b>un rep\u00e0s hist\u00f2ric, normatiu i del paper dels professionals en el desenvolupament de l\u2019oficina de farm\u00e0cia, des dels seus inicis fins a l\u2019actualitat.<\/b><\/p>\n<p class=\"MsoNormal\">Tal com va concretar el secretari i l\u2019Acad\u00e8mic Numerari de la RAFC durant la presentaci\u00f3, Jaume Casas, aquest rep\u00e0s l\u2019ha fet \u201ccentrant-se en l\u2019evoluci\u00f3 que ha tingut la nostra professi\u00f3, pel que fa a l\u2019oficina de farm\u00e0cia en els \u00faltims anys, fent especial atenci\u00f3 a la farm\u00e0cia situada en el context actual, per acabar opinant qu\u00e8 s\u2019ha de fer, des del seu punt de vista, per aconseguir veure a on ens portar\u00e0 el continu proc\u00e9s de canvi, ara accelerat i que es va iniciar fa uns anys\u201d. \u201c<b>El que ens senyala com la segona evoluci\u00f3 de la farm\u00e0cia<\/b> \u2013va afegir Casas\u2013<b> es basa en el paper del farmac\u00e8utic com a servidor dels serveis assistencials potenciant la prevenci\u00f3 de la malaltia i la promoci\u00f3 de la salut en col\u00b7laboraci\u00f3 amb els altres agents sanitaris<\/b> <b>per arribar al fi de la nostra professi\u00f3, que \u00e9s el servei al malalt i a la societat a la qual ens devem\u201d. \u00a0<\/p>\n<p><\/b><\/p>\n<p class=\"MsoNormal\"><b><u>La farm\u00e0cia ahir, avui i dem\u00e0<\/p>\n<p><\/u><\/b><\/p>\n<p class=\"MsoNormal\">El discurs, amb el qual De Dalmases va voler compartir \u201c<b>una reflexi\u00f3 sobre el lloc del farmac\u00e8utic en el segle XXI\u201d,<\/b> estava <b>estructurat en quatres parts: \u201cLa farm\u00e0cia ahir: evoluci\u00f3 hist\u00f2rica de la farm\u00e0cia\u201d; \u201cLa farm\u00e0cia avui: claus del context actual\u201d; \u201cLa farm\u00e0cia dem\u00e0: la segona evoluci\u00f3 de la farm\u00e0cia\u201d; i \u201cConclusi\u00f3: visi\u00f3 de futur\u201d. <\/p>\n<p><\/b><\/p>\n<p class=\"MsoNormal\">\u201c<b>Vint anys dedicats a la representaci\u00f3 del col\u00b7lectiu farmac\u00e8utic en diferents \u00e0mbits, <\/b>juntament amb la <b>meva dedicaci\u00f3 durant molts anys a la farm\u00e0cia i les viv\u00e8ncies que guardo en el record des de la meva infantesa<\/b> en la farm\u00e0cia familiar,<b> m\u2019han conformat, <\/b>com si d\u2019una f\u00f3rmula magistral es tract\u00e9s,<b> amb una visi\u00f3 de la situaci\u00f3 actual de l\u2019exercici de la professi\u00f3 en l\u2019oficina de farm\u00e0cia,<\/b> dels seus punts forts i febles com a model organitzat i un fort convenciment en la idea que <b>la professi\u00f3 ha d\u2019afrontar el present amb un important esperit de canvi, evoluci\u00f3 i creixement professional\u201d,<\/b> va dir el president del COFB durant la introducci\u00f3 del discurs. <\/p>\n<p class=\"MsoNormal\"><b><u>\u201cUn pas m\u00e9s per fer cr\u00e9ixer l\u2019aportaci\u00f3 professional del farmac\u00e8utic als ciutadans\u201d<\/p>\n<p><\/u><\/b><\/p>\n<p class=\"MsoNormal\">Despr\u00e9s de fer aquest rep\u00e0s sobre l\u2019ahir, l\u2019avui i el dem\u00e0 de la farm\u00e0cia, <b>De Dalmases va concloure que s\u2019ha de fer un pas m\u00e9s \u201camb aquest esperit de canvi per fer cr\u00e9ixer la nostra aportaci\u00f3 professional als ciutadans a trav\u00e9s d\u2019all\u00f2 que \u00e9s nostre, el medicament\u201d i posar el focus \u201cen els efectes que aquests medicaments tenen en el pacient, en com podem contribuir amb la gesti\u00f3 del nostre coneixement que aquest efecte sigui el desitjat i, m\u00e9s enll\u00e0 del medicament, com podem contribuir activament a l\u2019educaci\u00f3 sanit\u00e0ria, a la promoci\u00f3 de la salut i a la prevenci\u00f3 de la malaltia\u201d. <\/b>En s\u00f3n exemples els cribratges en malalties com el c\u00e0ncer de c\u00f2lon i recte, el VIH, el c\u00e0ncer de pell, la malaltia cardiovascular, la diabetis, entre molts altres que arribaran. <b>\u201cAquest \u00e9s nom\u00e9s el principi de la segona evoluci\u00f3 de la farm\u00e0cia\u201d,<\/b> va afirmar. <\/p>\n<p class=\"MsoNormal\">Jordi de Dalmases ha estat president del COFB en els darrers nou anys. Durant aquest temps tamb\u00e9 ha estat president del Consell de Col\u00b7legis Farmac\u00e8utics de Catalunya (des del 2008) i vicepresident del Consejo General de Colegios Farmac\u00e9uticos (des del 2009), \u00f2rgan que representa a tots els col\u00b7legis de farmac\u00e8utics de l\u2019Estat. Pr\u00e8viament va ser vicepresident del COFB (2004-2008); president de la Federaci\u00f3n Nacional de Asociaciones de Mayoristas y Distribuidores de Especialidades Farmac\u00e9uticas (Fedifar) (1999-2003); i president de Federaci\u00f3 Farmac\u00e8utica (1996-2004).<\/p>\n<p class=\"MsoListParagraph\"><!--[if !supportLists]--><span>\u00b7<span>\u00a0\u00a0\u00a0\u00a0\u00a0\u00a0\u00a0 <\/span><\/span><!--[endif]-->A <a href=\"https:\/\/wetransfer.com\/downloads\/738614d25da6809c5e299375467e17b020170928082954\/4fa75d124aa78948258df043d1038e0d20170928082954\/1105e9\" target=\"_blank\" rel=\"noopener\">aquest enlla\u00e7<\/a> podeu descarregar fotografies de l&#8217;acte<\/p>\n<p class=\"MsoNormal\"><b>Per a m\u00e9s informaci\u00f3: <\/p>\n<p><\/b><\/p>\n<p class=\"MsoNormal\">Departament de Comunicaci\u00f3 del Col\u00b7legi de Farmac\u00e8utics de Barcelona (COFB)<\/p>\n<p class=\"MsoNormal\">Tel\u00e8fon: 93 244 07 28 \/ 18 <\/p>\n<p class=\"MsoNormal\">\u00a0<a href=\"mailto:premsa@cofb.net\">premsa@cofb.net<\/a> <\/p>\n<p class=\"MsoListParagraph\">\u00a0<\/p>\n<p class=\"MsoListParagraph\">\n<p>\u00a0A l\u2019acte d\u2019ingr\u00e9s com a Acad\u00e8mic Corresponent, que va tenir lloc ahir, De Dalmases va llegir el discurs \u201cLa segona evoluci\u00f3 de la farm\u00e0cia\u201d, amb el qual va fer un rep\u00e0s hist\u00f2ric del desenvolupament de la farm\u00e0cia, a m\u00e9s d\u2019aportar una visi\u00f3 de futur Posar el focus en els efectes que els medicaments tenen en el pacient, en com podem contribuir que sigui el desitjat i l\u2019educaci\u00f3 sanit\u00e0ria, promoci\u00f3 de la salut i prevenci\u00f3 de la malaltia s\u00f3n algunes de les \u00e0rees de creixement de la professi\u00f3 que va apuntar\u00a0Barcelona, 28 de setembre de 2017.- El president del Col\u00b7legi de Farmac\u00e8utics de Barcelona, Jordi de Dalmases, va ingressar ahir a la Reial Acad\u00e8mia de Farm\u00e0cia de Catalunya (RAFC) com a Acad\u00e8mic Corresponent. Durant l\u2019acte d\u2019ingr\u00e9s va llegir el discurs \u201cLa segona evoluci\u00f3 de la farm\u00e0cia\u201d, amb el qual va abordar un rep\u00e0s hist\u00f2ric, normatiu i del paper dels professionals en el desenvolupament de l\u2019oficina de farm\u00e0cia, des dels seus inicis fins a l\u2019actualitat.Tal com va concretar el secretari i l\u2019Acad\u00e8mic Numerari de la RAFC durant la presentaci\u00f3, Jaume Casas, aquest rep\u00e0s l\u2019ha fet \u201ccentrant-se en l\u2019evoluci\u00f3 que ha tingut la nostra professi\u00f3, pel que fa a l\u2019oficina de farm\u00e0cia en els \u00faltims anys, fent especial atenci\u00f3 a la farm\u00e0cia situada en el context actual, per acabar opinant qu\u00e8 s\u2019ha de fer, des del seu punt de vista, per aconseguir veure a on ens portar\u00e0 el continu proc\u00e9s de canvi, ara accelerat i que es va iniciar fa uns anys\u201d. \u201cEl que ens senyala com la segona evoluci\u00f3 de la farm\u00e0cia \u2013va afegir Casas\u2013 es basa en el paper del farmac\u00e8utic com a servidor dels serveis assistencials potenciant la prevenci\u00f3 de la malaltia i la promoci\u00f3 de la salut en col\u00b7laboraci\u00f3 amb els altres agents sanitaris per arribar al fi de la nostra professi\u00f3, que \u00e9s el servei al malalt i a la societat a la qual ens devem\u201d. \u00a0  La farm\u00e0cia ahir, avui i dem\u00e0  El discurs, amb el qual De Dalmases va voler compartir \u201cuna reflexi\u00f3 sobre el lloc del farmac\u00e8utic en el segle XXI\u201d, estava estructurat en quatres parts: \u201cLa farm\u00e0cia ahir: evoluci\u00f3 hist\u00f2rica de la farm\u00e0cia\u201d; \u201cLa farm\u00e0cia avui: claus del context actual\u201d; \u201cLa farm\u00e0cia dem\u00e0: la segona evoluci\u00f3 de la farm\u00e0cia\u201d; i \u201cConclusi\u00f3: visi\u00f3 de futur\u201d.   \u201cVint anys dedicats a la representaci\u00f3 del col\u00b7lectiu farmac\u00e8utic en diferents \u00e0mbits, juntament amb la meva dedicaci\u00f3 durant molts anys a la farm\u00e0cia i les viv\u00e8ncies que guardo en el record des de la meva infantesa en la farm\u00e0cia familiar, m\u2019han conformat, com si d\u2019una f\u00f3rmula magistral es tract\u00e9s, amb una visi\u00f3 de la situaci\u00f3 actual de l\u2019exercici de la professi\u00f3 en l\u2019oficina de farm\u00e0cia, dels seus punts forts i febles com a model organitzat i un fort convenciment en la idea que la professi\u00f3 ha d\u2019afrontar el present amb un important esperit de canvi, evoluci\u00f3 i creixement professional\u201d, va dir el president del COFB durant la introducci\u00f3 del discurs.   \u201cUn pas m\u00e9s per fer cr\u00e9ixer l\u2019aportaci\u00f3 professional del farmac\u00e8utic als ciutadans\u201d  Despr\u00e9s de fer aquest rep\u00e0s sobre l\u2019ahir, l\u2019avui i el dem\u00e0 de la farm\u00e0cia, De Dalmases va concloure que s\u2019ha de fer un pas m\u00e9s \u201camb aquest esperit de canvi per fer cr\u00e9ixer la nostra aportaci\u00f3 professional als ciutadans a trav\u00e9s d\u2019all\u00f2 que \u00e9s nostre, el medicament\u201d i posar el focus \u201cen els efectes que aquests medicaments tenen en el pacient, en com podem contribuir amb la gesti\u00f3 del nostre coneixement que aquest efecte sigui el desitjat i, m\u00e9s enll\u00e0 del medicament, com podem contribuir activament a l\u2019educaci\u00f3 sanit\u00e0ria, a la promoci\u00f3 de la salut i a la prevenci\u00f3 de la malaltia\u201d. En s\u00f3n exemples els cribratges en malalties com el c\u00e0ncer de c\u00f2lon i recte, el VIH, el c\u00e0ncer de pell, la malaltia cardiovascular, la diabetis, entre molts altres que arribaran. \u201cAquest \u00e9s nom\u00e9s el principi de la segona evoluci\u00f3 de la farm\u00e0cia\u201d, va afirmar.   Jordi de Dalmases ha estat president del COFB en els darrers nou anys. Durant aquest temps tamb\u00e9 ha estat president del Consell de Col\u00b7legis Farmac\u00e8utics de Catalunya (des del 2008) i vicepresident del Consejo General de Colegios Farmac\u00e9uticos (des del 2009), \u00f2rgan que representa a tots els col\u00b7legis de farmac\u00e8utics de l\u2019Estat. Pr\u00e8viament va ser vicepresident del COFB (2004-2008); president de la Federaci\u00f3n Nacional de Asociaciones de Mayoristas y Distribuidores de Especialidades Farmac\u00e9uticas (Fedifar) (1999-2003); i president de Federaci\u00f3 Farmac\u00e8utica (1996-2004).  \u00b7\u00a0\u00a0\u00a0\u00a0\u00a0\u00a0\u00a0 A aquest enlla\u00e7 podeu descarregar fotografies de l&#8217;actePer a m\u00e9s informaci\u00f3: Departament de Comunicaci\u00f3 del Col\u00b7legi de Farmac\u00e8utics de Barcelona (COFB)Tel\u00e8fon: 93 244 07 28 \/ 18 \u00a0premsa@cofb.net \u00a0\u00a0\u00a0COFB.ORG<\/p>\n","protected":false},"excerpt":{"rendered":"<p>\u00a0 A l\u2019acte d\u2019ingr\u00e9s com a Acad\u00e8mic Corresponent, que va tenir lloc ahir, De Dalmases va llegir el discurs \u201cLa segona evoluci\u00f3 de la farm\u00e0cia\u201d, amb el qual va fer un rep\u00e0s hist\u00f2ric del desenvolupament de la farm\u00e0cia, a m\u00e9s d\u2019aportar una visi\u00f3 de futur Posar el focus en els [&hellip;]<\/p>\n","protected":false},"author":1,"featured_media":0,"comment_status":"","ping_status":"","sticky":false,"template":"","format":"standard","meta":{"_uag_custom_page_level_css":"","site-sidebar-layout":"default","site-content-layout":"","ast-site-content-layout":"default","site-content-style":"default","site-sidebar-style":"default","ast-global-header-display":"","ast-banner-title-visibility":"","ast-main-header-display":"","ast-hfb-above-header-display":"","ast-hfb-below-header-display":"","ast-hfb-mobile-header-display":"","site-post-title":"","ast-breadcrumbs-content":"","ast-featured-img":"disabled","footer-sml-layout":"","theme-transparent-header-meta":"","adv-header-id-meta":"","stick-header-meta":"","header-above-stick-meta":"","header-main-stick-meta":"","header-below-stick-meta":"","astra-migrate-meta-layouts":"default","ast-page-background-enabled":"default","ast-page-background-meta":{"desktop":{"background-color":"var(--ast-global-color-4)","background-image":"","background-repeat":"repeat","background-position":"center center","background-size":"auto","background-attachment":"scroll","background-type":"","background-media":"","overlay-type":"","overlay-color":"","overlay-opacity":"","overlay-gradient":""},"tablet":{"background-color":"","background-image":"","background-repeat":"repeat","background-position":"center center","background-size":"auto","background-attachment":"scroll","background-type":"","background-media":"","overlay-type":"","overlay-color":"","overlay-opacity":"","overlay-gradient":""},"mobile":{"background-color":"","background-image":"","background-repeat":"repeat","background-position":"center center","background-size":"auto","background-attachment":"scroll","background-type":"","background-media":"","overlay-type":"","overlay-color":"","overlay-opacity":"","overlay-gradient":""}},"ast-content-background-meta":{"desktop":{"background-color":"var(--ast-global-color-5)","background-image":"","background-repeat":"repeat","background-position":"center center","background-size":"auto","background-attachment":"scroll","background-type":"","background-media":"","overlay-type":"","overlay-color":"","overlay-opacity":"","overlay-gradient":""},"tablet":{"background-color":"var(--ast-global-color-5)","background-image":"","background-repeat":"repeat","background-position":"center center","background-size":"auto","background-attachment":"scroll","background-type":"","background-media":"","overlay-type":"","overlay-color":"","overlay-opacity":"","overlay-gradient":""},"mobile":{"background-color":"var(--ast-global-color-5)","background-image":"","background-repeat":"repeat","background-position":"center center","background-size":"auto","background-attachment":"scroll","background-type":"","background-media":"","overlay-type":"","overlay-color":"","overlay-opacity":"","overlay-gradient":""}},"footnotes":""},"categories":[1060,1066],"tags":[],"class_list":["post-77300","post","type-post","status-publish","format-standard","hentry","category-notes-premsa","category-sense-categoria-ca"],"yoast_head":"<!-- This site is optimized with the Yoast SEO plugin v22.4 - https:\/\/yoast.com\/wordpress\/plugins\/seo\/ -->\n<title>El president del COF de Barcelona, Jordi de Dalmases, ingressa a la Reial Acad\u00e8mia de Farm\u00e0cia de Catalunya - Col\u00b7legi de Farmac\u00e8utics de Barcelona<\/title>\n<meta name=\"robots\" content=\"index, follow, max-snippet:-1, max-image-preview:large, max-video-preview:-1\" \/>\n<link rel=\"canonical\" href=\"https:\/\/novaorg.cofb.net\/2017\/09\/28\/el-president-del-cof-de-barcelona-jordi-de-dalmases-ingressa-a-la-reial-academia-de-farmacia-de-catalunya\/\" \/>\n<meta property=\"og:locale\" content=\"ca_ES\" \/>\n<meta property=\"og:type\" content=\"article\" \/>\n<meta property=\"og:title\" content=\"El president del COF de Barcelona, Jordi de Dalmases, ingressa a la Reial Acad\u00e8mia de Farm\u00e0cia de Catalunya - Col\u00b7legi de Farmac\u00e8utics de Barcelona\" \/>\n<meta property=\"og:description\" content=\"\u00a0 A l\u2019acte d\u2019ingr\u00e9s com a Acad\u00e8mic Corresponent, que va tenir lloc ahir, De Dalmases va llegir el discurs \u201cLa segona evoluci\u00f3 de la farm\u00e0cia\u201d, amb el qual va fer un rep\u00e0s hist\u00f2ric del desenvolupament de la farm\u00e0cia, a m\u00e9s d\u2019aportar una visi\u00f3 de futur Posar el focus en els [&hellip;]\" \/>\n<meta property=\"og:url\" content=\"https:\/\/novaorg.cofb.net\/2017\/09\/28\/el-president-del-cof-de-barcelona-jordi-de-dalmases-ingressa-a-la-reial-academia-de-farmacia-de-catalunya\/\" \/>\n<meta property=\"og:site_name\" content=\"Col\u00b7legi de Farmac\u00e8utics de Barcelona\" \/>\n<meta property=\"article:publisher\" content=\"https:\/\/www.facebook.com\/farmaceuticsbcn\/\" \/>\n<meta property=\"article:published_time\" content=\"2017-09-28T10:53:00+00:00\" \/>\n<meta name=\"author\" content=\"wpAdminCofbOrg\" \/>\n<meta name=\"twitter:card\" content=\"summary_large_image\" \/>\n<meta name=\"twitter:creator\" content=\"@farmaceuticsbcn\" \/>\n<meta name=\"twitter:site\" content=\"@farmaceuticsbcn\" \/>\n<meta name=\"twitter:label1\" content=\"Escrit per\" \/>\n\t<meta name=\"twitter:data1\" content=\"wpAdminCofbOrg\" \/>\n\t<meta name=\"twitter:label2\" content=\"Temps estimat de lectura\" \/>\n\t<meta name=\"twitter:data2\" content=\"9 minuts\" \/>\n<script type=\"application\/ld+json\" class=\"yoast-schema-graph\">{\"@context\":\"https:\/\/schema.org\",\"@graph\":[{\"@type\":\"Article\",\"@id\":\"https:\/\/novaorg.cofb.net\/2017\/09\/28\/el-president-del-cof-de-barcelona-jordi-de-dalmases-ingressa-a-la-reial-academia-de-farmacia-de-catalunya\/#article\",\"isPartOf\":{\"@id\":\"https:\/\/novaorg.cofb.net\/2017\/09\/28\/el-president-del-cof-de-barcelona-jordi-de-dalmases-ingressa-a-la-reial-academia-de-farmacia-de-catalunya\/\"},\"author\":{\"name\":\"wpAdminCofbOrg\",\"@id\":\"https:\/\/www.cofb.org\/#\/schema\/person\/22ed7eea88da74b0fa4d3154ad87ffcb\"},\"headline\":\"El president del COF de Barcelona, Jordi de Dalmases, ingressa a la Reial Acad\u00e8mia de Farm\u00e0cia de Catalunya\",\"datePublished\":\"2017-09-28T10:53:00+00:00\",\"dateModified\":\"2017-09-28T10:53:00+00:00\",\"mainEntityOfPage\":{\"@id\":\"https:\/\/novaorg.cofb.net\/2017\/09\/28\/el-president-del-cof-de-barcelona-jordi-de-dalmases-ingressa-a-la-reial-academia-de-farmacia-de-catalunya\/\"},\"wordCount\":1725,\"publisher\":{\"@id\":\"https:\/\/www.cofb.org\/#organization\"},\"articleSection\":[\"Notes de premsa\"],\"inLanguage\":\"ca\"},{\"@type\":\"WebPage\",\"@id\":\"https:\/\/novaorg.cofb.net\/2017\/09\/28\/el-president-del-cof-de-barcelona-jordi-de-dalmases-ingressa-a-la-reial-academia-de-farmacia-de-catalunya\/\",\"url\":\"https:\/\/novaorg.cofb.net\/2017\/09\/28\/el-president-del-cof-de-barcelona-jordi-de-dalmases-ingressa-a-la-reial-academia-de-farmacia-de-catalunya\/\",\"name\":\"El president del COF de Barcelona, Jordi de Dalmases, ingressa a la Reial Acad\u00e8mia de Farm\u00e0cia de Catalunya - Col\u00b7legi de Farmac\u00e8utics de Barcelona\",\"isPartOf\":{\"@id\":\"https:\/\/www.cofb.org\/#website\"},\"datePublished\":\"2017-09-28T10:53:00+00:00\",\"dateModified\":\"2017-09-28T10:53:00+00:00\",\"breadcrumb\":{\"@id\":\"https:\/\/novaorg.cofb.net\/2017\/09\/28\/el-president-del-cof-de-barcelona-jordi-de-dalmases-ingressa-a-la-reial-academia-de-farmacia-de-catalunya\/#breadcrumb\"},\"inLanguage\":\"ca\",\"potentialAction\":[{\"@type\":\"ReadAction\",\"target\":[\"https:\/\/novaorg.cofb.net\/2017\/09\/28\/el-president-del-cof-de-barcelona-jordi-de-dalmases-ingressa-a-la-reial-academia-de-farmacia-de-catalunya\/\"]}]},{\"@type\":\"BreadcrumbList\",\"@id\":\"https:\/\/novaorg.cofb.net\/2017\/09\/28\/el-president-del-cof-de-barcelona-jordi-de-dalmases-ingressa-a-la-reial-academia-de-farmacia-de-catalunya\/#breadcrumb\",\"itemListElement\":[{\"@type\":\"ListItem\",\"position\":1,\"name\":\"Inici\",\"item\":\"https:\/\/novaorg.cofb.net\/\"},{\"@type\":\"ListItem\",\"position\":2,\"name\":\"El president del COF de Barcelona, Jordi de Dalmases, ingressa a la Reial Acad\u00e8mia de Farm\u00e0cia de Catalunya\"}]},{\"@type\":\"WebSite\",\"@id\":\"https:\/\/www.cofb.org\/#website\",\"url\":\"https:\/\/www.cofb.org\/\",\"name\":\"Col\u00b7legi de Farmac\u00e8utics de Barcelona\",\"description\":\"\",\"publisher\":{\"@id\":\"https:\/\/www.cofb.org\/#organization\"},\"potentialAction\":[{\"@type\":\"SearchAction\",\"target\":{\"@type\":\"EntryPoint\",\"urlTemplate\":\"https:\/\/www.cofb.org\/?s={search_term_string}\"},\"query-input\":\"required name=search_term_string\"}],\"inLanguage\":\"ca\"},{\"@type\":\"Organization\",\"@id\":\"https:\/\/www.cofb.org\/#organization\",\"name\":\"Col\u00b7legi de Farmac\u00e8utics de Barcelona\",\"url\":\"https:\/\/www.cofb.org\/\",\"logo\":{\"@type\":\"ImageObject\",\"inLanguage\":\"ca\",\"@id\":\"https:\/\/www.cofb.org\/#\/schema\/logo\/image\/\",\"url\":\"https:\/\/www.cofb.org\/wp-content\/uploads\/2023\/11\/cropped-Logotip-COFB.png\",\"contentUrl\":\"https:\/\/www.cofb.org\/wp-content\/uploads\/2023\/11\/cropped-Logotip-COFB.png\",\"width\":500,\"height\":105,\"caption\":\"Col\u00b7legi de Farmac\u00e8utics de Barcelona\"},\"image\":{\"@id\":\"https:\/\/www.cofb.org\/#\/schema\/logo\/image\/\"},\"sameAs\":[\"https:\/\/www.facebook.com\/farmaceuticsbcn\/\",\"https:\/\/twitter.com\/farmaceuticsbcn\",\"https:\/\/www.instagram.com\/farmaceuticsbcn\/\",\"https:\/\/www.linkedin.com\/company\/farmaceuticsbcn\/\"]},{\"@type\":\"Person\",\"@id\":\"https:\/\/www.cofb.org\/#\/schema\/person\/22ed7eea88da74b0fa4d3154ad87ffcb\",\"name\":\"wpAdminCofbOrg\",\"image\":{\"@type\":\"ImageObject\",\"inLanguage\":\"ca\",\"@id\":\"https:\/\/www.cofb.org\/#\/schema\/person\/image\/\",\"url\":\"https:\/\/secure.gravatar.com\/avatar\/1721b20b3b8ca882c3b56ec6c978c594fff670e40c0718e9190eaeeb76aae7d8?s=96&d=mm&r=g\",\"contentUrl\":\"https:\/\/secure.gravatar.com\/avatar\/1721b20b3b8ca882c3b56ec6c978c594fff670e40c0718e9190eaeeb76aae7d8?s=96&d=mm&r=g\",\"caption\":\"wpAdminCofbOrg\"},\"sameAs\":[\"http:\/\/192.168.64.122\/wordpress\"],\"url\":\"https:\/\/www.cofb.org\/ca\/author\/wpadmincofborg\/\"}]}<\/script>\n<!-- \/ Yoast SEO plugin. -->","yoast_head_json":{"title":"El president del COF de Barcelona, Jordi de Dalmases, ingressa a la Reial Acad\u00e8mia de Farm\u00e0cia de Catalunya - Col\u00b7legi de Farmac\u00e8utics de Barcelona","robots":{"index":"index","follow":"follow","max-snippet":"max-snippet:-1","max-image-preview":"max-image-preview:large","max-video-preview":"max-video-preview:-1"},"canonical":"https:\/\/novaorg.cofb.net\/2017\/09\/28\/el-president-del-cof-de-barcelona-jordi-de-dalmases-ingressa-a-la-reial-academia-de-farmacia-de-catalunya\/","og_locale":"ca_ES","og_type":"article","og_title":"El president del COF de Barcelona, Jordi de Dalmases, ingressa a la Reial Acad\u00e8mia de Farm\u00e0cia de Catalunya - Col\u00b7legi de Farmac\u00e8utics de Barcelona","og_description":"\u00a0 A l\u2019acte d\u2019ingr\u00e9s com a Acad\u00e8mic Corresponent, que va tenir lloc ahir, De Dalmases va llegir el discurs \u201cLa segona evoluci\u00f3 de la farm\u00e0cia\u201d, amb el qual va fer un rep\u00e0s hist\u00f2ric del desenvolupament de la farm\u00e0cia, a m\u00e9s d\u2019aportar una visi\u00f3 de futur Posar el focus en els [&hellip;]","og_url":"https:\/\/novaorg.cofb.net\/2017\/09\/28\/el-president-del-cof-de-barcelona-jordi-de-dalmases-ingressa-a-la-reial-academia-de-farmacia-de-catalunya\/","og_site_name":"Col\u00b7legi de Farmac\u00e8utics de Barcelona","article_publisher":"https:\/\/www.facebook.com\/farmaceuticsbcn\/","article_published_time":"2017-09-28T10:53:00+00:00","author":"wpAdminCofbOrg","twitter_card":"summary_large_image","twitter_creator":"@farmaceuticsbcn","twitter_site":"@farmaceuticsbcn","twitter_misc":{"Escrit per":"wpAdminCofbOrg","Temps estimat de lectura":"9 minuts"},"schema":{"@context":"https:\/\/schema.org","@graph":[{"@type":"Article","@id":"https:\/\/novaorg.cofb.net\/2017\/09\/28\/el-president-del-cof-de-barcelona-jordi-de-dalmases-ingressa-a-la-reial-academia-de-farmacia-de-catalunya\/#article","isPartOf":{"@id":"https:\/\/novaorg.cofb.net\/2017\/09\/28\/el-president-del-cof-de-barcelona-jordi-de-dalmases-ingressa-a-la-reial-academia-de-farmacia-de-catalunya\/"},"author":{"name":"wpAdminCofbOrg","@id":"https:\/\/www.cofb.org\/#\/schema\/person\/22ed7eea88da74b0fa4d3154ad87ffcb"},"headline":"El president del COF de Barcelona, Jordi de Dalmases, ingressa a la Reial Acad\u00e8mia de Farm\u00e0cia de Catalunya","datePublished":"2017-09-28T10:53:00+00:00","dateModified":"2017-09-28T10:53:00+00:00","mainEntityOfPage":{"@id":"https:\/\/novaorg.cofb.net\/2017\/09\/28\/el-president-del-cof-de-barcelona-jordi-de-dalmases-ingressa-a-la-reial-academia-de-farmacia-de-catalunya\/"},"wordCount":1725,"publisher":{"@id":"https:\/\/www.cofb.org\/#organization"},"articleSection":["Notes de premsa"],"inLanguage":"ca"},{"@type":"WebPage","@id":"https:\/\/novaorg.cofb.net\/2017\/09\/28\/el-president-del-cof-de-barcelona-jordi-de-dalmases-ingressa-a-la-reial-academia-de-farmacia-de-catalunya\/","url":"https:\/\/novaorg.cofb.net\/2017\/09\/28\/el-president-del-cof-de-barcelona-jordi-de-dalmases-ingressa-a-la-reial-academia-de-farmacia-de-catalunya\/","name":"El president del COF de Barcelona, Jordi de Dalmases, ingressa a la Reial Acad\u00e8mia de Farm\u00e0cia de Catalunya - Col\u00b7legi de Farmac\u00e8utics de Barcelona","isPartOf":{"@id":"https:\/\/www.cofb.org\/#website"},"datePublished":"2017-09-28T10:53:00+00:00","dateModified":"2017-09-28T10:53:00+00:00","breadcrumb":{"@id":"https:\/\/novaorg.cofb.net\/2017\/09\/28\/el-president-del-cof-de-barcelona-jordi-de-dalmases-ingressa-a-la-reial-academia-de-farmacia-de-catalunya\/#breadcrumb"},"inLanguage":"ca","potentialAction":[{"@type":"ReadAction","target":["https:\/\/novaorg.cofb.net\/2017\/09\/28\/el-president-del-cof-de-barcelona-jordi-de-dalmases-ingressa-a-la-reial-academia-de-farmacia-de-catalunya\/"]}]},{"@type":"BreadcrumbList","@id":"https:\/\/novaorg.cofb.net\/2017\/09\/28\/el-president-del-cof-de-barcelona-jordi-de-dalmases-ingressa-a-la-reial-academia-de-farmacia-de-catalunya\/#breadcrumb","itemListElement":[{"@type":"ListItem","position":1,"name":"Inici","item":"https:\/\/novaorg.cofb.net\/"},{"@type":"ListItem","position":2,"name":"El president del COF de Barcelona, Jordi de Dalmases, ingressa a la Reial Acad\u00e8mia de Farm\u00e0cia de Catalunya"}]},{"@type":"WebSite","@id":"https:\/\/www.cofb.org\/#website","url":"https:\/\/www.cofb.org\/","name":"Col\u00b7legi de Farmac\u00e8utics de Barcelona","description":"","publisher":{"@id":"https:\/\/www.cofb.org\/#organization"},"potentialAction":[{"@type":"SearchAction","target":{"@type":"EntryPoint","urlTemplate":"https:\/\/www.cofb.org\/?s={search_term_string}"},"query-input":"required name=search_term_string"}],"inLanguage":"ca"},{"@type":"Organization","@id":"https:\/\/www.cofb.org\/#organization","name":"Col\u00b7legi de Farmac\u00e8utics de Barcelona","url":"https:\/\/www.cofb.org\/","logo":{"@type":"ImageObject","inLanguage":"ca","@id":"https:\/\/www.cofb.org\/#\/schema\/logo\/image\/","url":"https:\/\/www.cofb.org\/wp-content\/uploads\/2023\/11\/cropped-Logotip-COFB.png","contentUrl":"https:\/\/www.cofb.org\/wp-content\/uploads\/2023\/11\/cropped-Logotip-COFB.png","width":500,"height":105,"caption":"Col\u00b7legi de Farmac\u00e8utics de Barcelona"},"image":{"@id":"https:\/\/www.cofb.org\/#\/schema\/logo\/image\/"},"sameAs":["https:\/\/www.facebook.com\/farmaceuticsbcn\/","https:\/\/twitter.com\/farmaceuticsbcn","https:\/\/www.instagram.com\/farmaceuticsbcn\/","https:\/\/www.linkedin.com\/company\/farmaceuticsbcn\/"]},{"@type":"Person","@id":"https:\/\/www.cofb.org\/#\/schema\/person\/22ed7eea88da74b0fa4d3154ad87ffcb","name":"wpAdminCofbOrg","image":{"@type":"ImageObject","inLanguage":"ca","@id":"https:\/\/www.cofb.org\/#\/schema\/person\/image\/","url":"https:\/\/secure.gravatar.com\/avatar\/1721b20b3b8ca882c3b56ec6c978c594fff670e40c0718e9190eaeeb76aae7d8?s=96&d=mm&r=g","contentUrl":"https:\/\/secure.gravatar.com\/avatar\/1721b20b3b8ca882c3b56ec6c978c594fff670e40c0718e9190eaeeb76aae7d8?s=96&d=mm&r=g","caption":"wpAdminCofbOrg"},"sameAs":["http:\/\/192.168.64.122\/wordpress"],"url":"https:\/\/www.cofb.org\/ca\/author\/wpadmincofborg\/"}]}},"uagb_featured_image_src":{"full":false,"thumbnail":false,"medium":false,"medium_large":false,"large":false,"1536x1536":false,"2048x2048":false,"trp-custom-language-flag":false},"uagb_author_info":{"display_name":"wpAdminCofbOrg","author_link":"https:\/\/www.cofb.org\/ca\/author\/wpadmincofborg\/"},"uagb_comment_info":0,"uagb_excerpt":"\u00a0 A l\u2019acte d\u2019ingr\u00e9s com a Acad\u00e8mic Corresponent, que va tenir lloc ahir, De Dalmases va llegir el discurs \u201cLa segona evoluci\u00f3 de la farm\u00e0cia\u201d, amb el qual va fer un rep\u00e0s hist\u00f2ric del desenvolupament de la farm\u00e0cia, a m\u00e9s d\u2019aportar una visi\u00f3 de futur Posar el focus en els [&hellip;]","_links":{"self":[{"href":"https:\/\/www.cofb.org\/ca\/wp-json\/wp\/v2\/posts\/77300","targetHints":{"allow":["GET"]}}],"collection":[{"href":"https:\/\/www.cofb.org\/ca\/wp-json\/wp\/v2\/posts"}],"about":[{"href":"https:\/\/www.cofb.org\/ca\/wp-json\/wp\/v2\/types\/post"}],"author":[{"embeddable":true,"href":"https:\/\/www.cofb.org\/ca\/wp-json\/wp\/v2\/users\/1"}],"replies":[{"embeddable":true,"href":"https:\/\/www.cofb.org\/ca\/wp-json\/wp\/v2\/comments?post=77300"}],"version-history":[{"count":0,"href":"https:\/\/www.cofb.org\/ca\/wp-json\/wp\/v2\/posts\/77300\/revisions"}],"wp:attachment":[{"href":"https:\/\/www.cofb.org\/ca\/wp-json\/wp\/v2\/media?parent=77300"}],"wp:term":[{"taxonomy":"category","embeddable":true,"href":"https:\/\/www.cofb.org\/ca\/wp-json\/wp\/v2\/categories?post=77300"},{"taxonomy":"post_tag","embeddable":true,"href":"https:\/\/www.cofb.org\/ca\/wp-json\/wp\/v2\/tags?post=77300"}],"curies":[{"name":"wp","href":"https:\/\/api.w.org\/{rel}","templated":true}]}}