{"id":77289,"date":"2018-01-12T10:22:00","date_gmt":"2018-01-12T10:22:00","guid":{"rendered":"https:\/\/novaorg.cofb.net\/2018\/01\/12\/infarma-madrid-2018-obre-el-periode-per-presentar-posters-cientifics\/"},"modified":"2018-01-12T10:22:00","modified_gmt":"2018-01-12T10:22:00","slug":"infarma-madrid-2018-obre-el-periode-per-presentar-posters-cientifics","status":"publish","type":"post","link":"https:\/\/www.cofb.org\/ca\/2018\/01\/12\/infarma-madrid-2018-obre-el-periode-per-presentar-posters-cientifics\/","title":{"rendered":"Infarma Madrid 2018 obre el per\u00edode per presentar p\u00f2sters cient\u00edfics"},"content":{"rendered":"<p>\u00a0<\/p>\n<ul>\n<li><strong>Els treballs s&#8217;exposaran en format digital en un espai reservat del Congr\u00e9s<\/strong><\/li>\n<\/ul>\n<p>Infarma Madrid 2018 potenciar\u00e0 el seu espai de recerca farmac\u00e8utica amb una nova zona d&#8217;exposici\u00f3 de p\u00f2sters cient\u00edfics a la nova edici\u00f3 del Congr\u00e9s i Sal\u00f3 farmac\u00e8utic, que se celebrar\u00e0 entre el 13 i el 15 de mar\u00e7 al recinte firal d\u2019Ifema de Madrid.<\/p>\n<p>Farmac\u00e8utics d&#8217;oficina de farm\u00e0cia en grups de treball o amb iniciatives particulars, aix\u00ed com grups de recerca d&#8217;universitats, hospitals, societats cient\u00edfiques o col\u2022legis professionals estan convidats a participar i enviar els seus treballs i experi\u00e8ncies cient\u00edfiques i professionals que siguin originals i in\u00e8dites a l&#8217;organitzaci\u00f3 d\u2019Infarma, abans del proper 31 de gener.<\/p>\n<p>El Congr\u00e9s oferir\u00e0 la m\u00e0xima difusi\u00f3 i protagonisme als treballs dins del seu programa cient\u00edfic, amb l&#8217;objectiu de promoure un espai d&#8217;intercanvi d&#8217;experi\u00e8ncies i coneixement.<\/p>\n<p>Una de les novetats de la present edici\u00f3 \u00e9s que la presentaci\u00f3 dels treballs acceptats ser\u00e0 en forma de p\u00f2ster digital en una zona del Congr\u00e9s reservada a aquest efecte. El contingut haur\u00e0 de cenyir-se a alguns dels tres grans eixos tem\u00e0tics en qu\u00e8 es divideix el programa del Congr\u00e9s: Gesti\u00f3, Tecnologia i Professi\u00f3 o labor assistencial farmac\u00e8utica.<\/p>\n<p>Entre els resums rebuts i acceptats, el Comit\u00e8 Cient\u00edfic seleccionar\u00e0 els treballs m\u00e9s destacats per a la seva defensa en forma de comunicaci\u00f3 oral en una sessi\u00f3 p\u00fablica que tindr\u00e0 lloc durant el Congr\u00e9s i premiar\u00e0 els tres millors, segons el parer d&#8217;aquest Comit\u00e8. La dotaci\u00f3 econ\u00f2mica ser\u00e0 de 2.000 euros per al primer premi i d&#8217;1.000 euros per a cadascun dels treballs que resultin seleccionats en segon i tercer lloc.<\/p>\n<p>El termini per lliurar els resums finalitza el pr\u00f2xim 31 de gener. Deu dies despr\u00e9s, el 10 de febrer, el Comit\u00e8 Cient\u00edfic d\u2019Infarma resoldr\u00e0 si accepta o rebutja el p\u00f2ster, decisi\u00f3 que comunicar\u00e0 per correu electr\u00f2nic a l&#8217;autor. La notificaci\u00f3 de la selecci\u00f3 del p\u00f2ster per realitzar una comunicaci\u00f3 oral s&#8217;efectuar\u00e0 el 19 de febrer. Els interessats poden consultar les normes de presentaci\u00f3 de p\u00f2sters a l&#8217;adre\u00e7a<span>\u00a0<\/span><a href=\"http:\/\/www.infarma.es\/\" target=\"_blank\" rel=\"noopener\">www.infarma.es<\/a>.<\/p>\n<p>L&#8217;organitzaci\u00f3 es reserva la possibilitat d&#8217;ampliar els terminis previstos per permetre una major participaci\u00f3, decisi\u00f3 que es comunicar\u00e0 amb suficient antelaci\u00f3.<\/p>\n<p>\u00a0Els treballs s&#8217;exposaran en format digital en un espai reservat del Congr\u00e9s<\/p>\n<p>Infarma Madrid 2018 potenciar\u00e0 el seu espai de recerca farmac\u00e8utica amb una nova zona d&#8217;exposici\u00f3 de p\u00f2sters cient\u00edfics a la nova edici\u00f3 del Congr\u00e9s i Sal\u00f3 farmac\u00e8utic, que se celebrar\u00e0 entre el 13 i el 15 de mar\u00e7 al recinte firal d\u2019Ifema de Madrid.<\/p>\n<p>Farmac\u00e8utics d&#8217;oficina de farm\u00e0cia en grups de treball o amb iniciatives particulars, aix\u00ed com grups de recerca d&#8217;universitats, hospitals, societats cient\u00edfiques o col\u2022legis professionals estan convidats a participar i enviar els seus treballs i experi\u00e8ncies cient\u00edfiques i professionals que siguin originals i in\u00e8dites a l&#8217;organitzaci\u00f3 d\u2019Infarma, abans del proper 31 de gener.<\/p>\n<p>El Congr\u00e9s oferir\u00e0 la m\u00e0xima difusi\u00f3 i protagonisme als treballs dins del seu programa cient\u00edfic, amb l&#8217;objectiu de promoure un espai d&#8217;intercanvi d&#8217;experi\u00e8ncies i coneixement.<\/p>\n<p>Una de les novetats de la present edici\u00f3 \u00e9s que la presentaci\u00f3 dels treballs acceptats ser\u00e0 en forma de p\u00f2ster digital en una zona del Congr\u00e9s reservada a aquest efecte. El contingut haur\u00e0 de cenyir-se a alguns dels tres grans eixos tem\u00e0tics en qu\u00e8 es divideix el programa del Congr\u00e9s: Gesti\u00f3, Tecnologia i Professi\u00f3 o labor assistencial farmac\u00e8utica.<\/p>\n<p>Entre els resums rebuts i acceptats, el Comit\u00e8 Cient\u00edfic seleccionar\u00e0 els treballs m\u00e9s destacats per a la seva defensa en forma de comunicaci\u00f3 oral en una sessi\u00f3 p\u00fablica que tindr\u00e0 lloc durant el Congr\u00e9s i premiar\u00e0 els tres millors, segons el parer d&#8217;aquest Comit\u00e8. La dotaci\u00f3 econ\u00f2mica ser\u00e0 de 2.000 euros per al primer premi i d&#8217;1.000 euros per a cadascun dels treballs que resultin seleccionats en segon i tercer lloc.<\/p>\n<p>El termini per lliurar els resums finalitza el pr\u00f2xim 31 de gener. Deu dies despr\u00e9s, el 10 de febrer, el Comit\u00e8 Cient\u00edfic d\u2019Infarma resoldr\u00e0 si accepta o rebutja el p\u00f2ster, decisi\u00f3 que comunicar\u00e0 per correu electr\u00f2nic a l&#8217;autor. La notificaci\u00f3 de la selecci\u00f3 del p\u00f2ster per realitzar una comunicaci\u00f3 oral s&#8217;efectuar\u00e0 el 19 de febrer. Els interessats poden consultar les normes de presentaci\u00f3 de p\u00f2sters a l&#8217;adre\u00e7a\u00a0www.infarma.es.<\/p>\n<p>L&#8217;organitzaci\u00f3 es reserva la possibilitat d&#8217;ampliar els terminis previstos per permetre una major participaci\u00f3, decisi\u00f3 que es comunicar\u00e0 amb suficient antelaci\u00f3.\u00a0\u00a0COFB.ORG<\/p>\n","protected":false},"excerpt":{"rendered":"<p>\u00a0 Els treballs s&#8217;exposaran en format digital en un espai reservat del Congr\u00e9s Infarma Madrid 2018 potenciar\u00e0 el seu espai de recerca farmac\u00e8utica amb una nova zona d&#8217;exposici\u00f3 de p\u00f2sters cient\u00edfics a la nova edici\u00f3 del Congr\u00e9s i Sal\u00f3 farmac\u00e8utic, que se celebrar\u00e0 entre el 13 i el 15 de [&hellip;]<\/p>\n","protected":false},"author":1,"featured_media":0,"comment_status":"","ping_status":"","sticky":false,"template":"","format":"standard","meta":{"_uag_custom_page_level_css":"","site-sidebar-layout":"default","site-content-layout":"","ast-site-content-layout":"default","site-content-style":"default","site-sidebar-style":"default","ast-global-header-display":"","ast-banner-title-visibility":"","ast-main-header-display":"","ast-hfb-above-header-display":"","ast-hfb-below-header-display":"","ast-hfb-mobile-header-display":"","site-post-title":"","ast-breadcrumbs-content":"","ast-featured-img":"disabled","footer-sml-layout":"","theme-transparent-header-meta":"","adv-header-id-meta":"","stick-header-meta":"","header-above-stick-meta":"","header-main-stick-meta":"","header-below-stick-meta":"","astra-migrate-meta-layouts":"default","ast-page-background-enabled":"default","ast-page-background-meta":{"desktop":{"background-color":"var(--ast-global-color-4)","background-image":"","background-repeat":"repeat","background-position":"center center","background-size":"auto","background-attachment":"scroll","background-type":"","background-media":"","overlay-type":"","overlay-color":"","overlay-opacity":"","overlay-gradient":""},"tablet":{"background-color":"","background-image":"","background-repeat":"repeat","background-position":"center center","background-size":"auto","background-attachment":"scroll","background-type":"","background-media":"","overlay-type":"","overlay-color":"","overlay-opacity":"","overlay-gradient":""},"mobile":{"background-color":"","background-image":"","background-repeat":"repeat","background-position":"center center","background-size":"auto","background-attachment":"scroll","background-type":"","background-media":"","overlay-type":"","overlay-color":"","overlay-opacity":"","overlay-gradient":""}},"ast-content-background-meta":{"desktop":{"background-color":"var(--ast-global-color-5)","background-image":"","background-repeat":"repeat","background-position":"center center","background-size":"auto","background-attachment":"scroll","background-type":"","background-media":"","overlay-type":"","overlay-color":"","overlay-opacity":"","overlay-gradient":""},"tablet":{"background-color":"var(--ast-global-color-5)","background-image":"","background-repeat":"repeat","background-position":"center center","background-size":"auto","background-attachment":"scroll","background-type":"","background-media":"","overlay-type":"","overlay-color":"","overlay-opacity":"","overlay-gradient":""},"mobile":{"background-color":"var(--ast-global-color-5)","background-image":"","background-repeat":"repeat","background-position":"center center","background-size":"auto","background-attachment":"scroll","background-type":"","background-media":"","overlay-type":"","overlay-color":"","overlay-opacity":"","overlay-gradient":""}},"footnotes":""},"categories":[1060,1066],"tags":[],"class_list":["post-77289","post","type-post","status-publish","format-standard","hentry","category-notes-premsa","category-sense-categoria-ca"],"yoast_head":"<!-- This site is optimized with the Yoast SEO plugin v22.4 - https:\/\/yoast.com\/wordpress\/plugins\/seo\/ -->\n<title>Infarma Madrid 2018 obre el per\u00edode per presentar p\u00f2sters cient\u00edfics - Col\u00b7legi de Farmac\u00e8utics de Barcelona<\/title>\n<meta name=\"robots\" content=\"index, follow, max-snippet:-1, max-image-preview:large, max-video-preview:-1\" \/>\n<link rel=\"canonical\" href=\"https:\/\/novaorg.cofb.net\/2018\/01\/12\/infarma-madrid-2018-obre-el-periode-per-presentar-posters-cientifics\/\" \/>\n<meta property=\"og:locale\" content=\"ca_ES\" \/>\n<meta property=\"og:type\" content=\"article\" \/>\n<meta property=\"og:title\" content=\"Infarma Madrid 2018 obre el per\u00edode per presentar p\u00f2sters cient\u00edfics - Col\u00b7legi de Farmac\u00e8utics de Barcelona\" \/>\n<meta property=\"og:description\" content=\"\u00a0 Els treballs s&#8217;exposaran en format digital en un espai reservat del Congr\u00e9s Infarma Madrid 2018 potenciar\u00e0 el seu espai de recerca farmac\u00e8utica amb una nova zona d&#8217;exposici\u00f3 de p\u00f2sters cient\u00edfics a la nova edici\u00f3 del Congr\u00e9s i Sal\u00f3 farmac\u00e8utic, que se celebrar\u00e0 entre el 13 i el 15 de [&hellip;]\" \/>\n<meta property=\"og:url\" content=\"https:\/\/novaorg.cofb.net\/2018\/01\/12\/infarma-madrid-2018-obre-el-periode-per-presentar-posters-cientifics\/\" \/>\n<meta property=\"og:site_name\" content=\"Col\u00b7legi de Farmac\u00e8utics de Barcelona\" \/>\n<meta property=\"article:publisher\" content=\"https:\/\/www.facebook.com\/farmaceuticsbcn\/\" \/>\n<meta property=\"article:published_time\" content=\"2018-01-12T10:22:00+00:00\" \/>\n<meta name=\"author\" content=\"wpAdminCofbOrg\" \/>\n<meta name=\"twitter:card\" content=\"summary_large_image\" \/>\n<meta name=\"twitter:creator\" content=\"@farmaceuticsbcn\" \/>\n<meta name=\"twitter:site\" content=\"@farmaceuticsbcn\" \/>\n<meta name=\"twitter:label1\" content=\"Escrit per\" \/>\n\t<meta name=\"twitter:data1\" content=\"wpAdminCofbOrg\" \/>\n\t<meta name=\"twitter:label2\" content=\"Temps estimat de lectura\" \/>\n\t<meta name=\"twitter:data2\" content=\"4 minuts\" \/>\n<script type=\"application\/ld+json\" class=\"yoast-schema-graph\">{\"@context\":\"https:\/\/schema.org\",\"@graph\":[{\"@type\":\"Article\",\"@id\":\"https:\/\/novaorg.cofb.net\/2018\/01\/12\/infarma-madrid-2018-obre-el-periode-per-presentar-posters-cientifics\/#article\",\"isPartOf\":{\"@id\":\"https:\/\/novaorg.cofb.net\/2018\/01\/12\/infarma-madrid-2018-obre-el-periode-per-presentar-posters-cientifics\/\"},\"author\":{\"name\":\"wpAdminCofbOrg\",\"@id\":\"https:\/\/www.cofb.org\/#\/schema\/person\/22ed7eea88da74b0fa4d3154ad87ffcb\"},\"headline\":\"Infarma Madrid 2018 obre el per\u00edode per presentar p\u00f2sters cient\u00edfics\",\"datePublished\":\"2018-01-12T10:22:00+00:00\",\"dateModified\":\"2018-01-12T10:22:00+00:00\",\"mainEntityOfPage\":{\"@id\":\"https:\/\/novaorg.cofb.net\/2018\/01\/12\/infarma-madrid-2018-obre-el-periode-per-presentar-posters-cientifics\/\"},\"wordCount\":808,\"publisher\":{\"@id\":\"https:\/\/www.cofb.org\/#organization\"},\"articleSection\":[\"Notes de premsa\"],\"inLanguage\":\"ca\"},{\"@type\":\"WebPage\",\"@id\":\"https:\/\/novaorg.cofb.net\/2018\/01\/12\/infarma-madrid-2018-obre-el-periode-per-presentar-posters-cientifics\/\",\"url\":\"https:\/\/novaorg.cofb.net\/2018\/01\/12\/infarma-madrid-2018-obre-el-periode-per-presentar-posters-cientifics\/\",\"name\":\"Infarma Madrid 2018 obre el per\u00edode per presentar p\u00f2sters cient\u00edfics - Col\u00b7legi de Farmac\u00e8utics de Barcelona\",\"isPartOf\":{\"@id\":\"https:\/\/www.cofb.org\/#website\"},\"datePublished\":\"2018-01-12T10:22:00+00:00\",\"dateModified\":\"2018-01-12T10:22:00+00:00\",\"breadcrumb\":{\"@id\":\"https:\/\/novaorg.cofb.net\/2018\/01\/12\/infarma-madrid-2018-obre-el-periode-per-presentar-posters-cientifics\/#breadcrumb\"},\"inLanguage\":\"ca\",\"potentialAction\":[{\"@type\":\"ReadAction\",\"target\":[\"https:\/\/novaorg.cofb.net\/2018\/01\/12\/infarma-madrid-2018-obre-el-periode-per-presentar-posters-cientifics\/\"]}]},{\"@type\":\"BreadcrumbList\",\"@id\":\"https:\/\/novaorg.cofb.net\/2018\/01\/12\/infarma-madrid-2018-obre-el-periode-per-presentar-posters-cientifics\/#breadcrumb\",\"itemListElement\":[{\"@type\":\"ListItem\",\"position\":1,\"name\":\"Inici\",\"item\":\"https:\/\/novaorg.cofb.net\/\"},{\"@type\":\"ListItem\",\"position\":2,\"name\":\"Infarma Madrid 2018 obre el per\u00edode per presentar p\u00f2sters cient\u00edfics\"}]},{\"@type\":\"WebSite\",\"@id\":\"https:\/\/www.cofb.org\/#website\",\"url\":\"https:\/\/www.cofb.org\/\",\"name\":\"Col\u00b7legi de Farmac\u00e8utics de Barcelona\",\"description\":\"\",\"publisher\":{\"@id\":\"https:\/\/www.cofb.org\/#organization\"},\"potentialAction\":[{\"@type\":\"SearchAction\",\"target\":{\"@type\":\"EntryPoint\",\"urlTemplate\":\"https:\/\/www.cofb.org\/?s={search_term_string}\"},\"query-input\":\"required name=search_term_string\"}],\"inLanguage\":\"ca\"},{\"@type\":\"Organization\",\"@id\":\"https:\/\/www.cofb.org\/#organization\",\"name\":\"Col\u00b7legi de Farmac\u00e8utics de Barcelona\",\"url\":\"https:\/\/www.cofb.org\/\",\"logo\":{\"@type\":\"ImageObject\",\"inLanguage\":\"ca\",\"@id\":\"https:\/\/www.cofb.org\/#\/schema\/logo\/image\/\",\"url\":\"https:\/\/www.cofb.org\/wp-content\/uploads\/2023\/11\/cropped-Logotip-COFB.png\",\"contentUrl\":\"https:\/\/www.cofb.org\/wp-content\/uploads\/2023\/11\/cropped-Logotip-COFB.png\",\"width\":500,\"height\":105,\"caption\":\"Col\u00b7legi de Farmac\u00e8utics de Barcelona\"},\"image\":{\"@id\":\"https:\/\/www.cofb.org\/#\/schema\/logo\/image\/\"},\"sameAs\":[\"https:\/\/www.facebook.com\/farmaceuticsbcn\/\",\"https:\/\/twitter.com\/farmaceuticsbcn\",\"https:\/\/www.instagram.com\/farmaceuticsbcn\/\",\"https:\/\/www.linkedin.com\/company\/farmaceuticsbcn\/\"]},{\"@type\":\"Person\",\"@id\":\"https:\/\/www.cofb.org\/#\/schema\/person\/22ed7eea88da74b0fa4d3154ad87ffcb\",\"name\":\"wpAdminCofbOrg\",\"image\":{\"@type\":\"ImageObject\",\"inLanguage\":\"ca\",\"@id\":\"https:\/\/www.cofb.org\/#\/schema\/person\/image\/\",\"url\":\"https:\/\/secure.gravatar.com\/avatar\/1721b20b3b8ca882c3b56ec6c978c594fff670e40c0718e9190eaeeb76aae7d8?s=96&d=mm&r=g\",\"contentUrl\":\"https:\/\/secure.gravatar.com\/avatar\/1721b20b3b8ca882c3b56ec6c978c594fff670e40c0718e9190eaeeb76aae7d8?s=96&d=mm&r=g\",\"caption\":\"wpAdminCofbOrg\"},\"sameAs\":[\"http:\/\/192.168.64.122\/wordpress\"],\"url\":\"https:\/\/www.cofb.org\/ca\/author\/wpadmincofborg\/\"}]}<\/script>\n<!-- \/ Yoast SEO plugin. -->","yoast_head_json":{"title":"Infarma Madrid 2018 obre el per\u00edode per presentar p\u00f2sters cient\u00edfics - Col\u00b7legi de Farmac\u00e8utics de Barcelona","robots":{"index":"index","follow":"follow","max-snippet":"max-snippet:-1","max-image-preview":"max-image-preview:large","max-video-preview":"max-video-preview:-1"},"canonical":"https:\/\/novaorg.cofb.net\/2018\/01\/12\/infarma-madrid-2018-obre-el-periode-per-presentar-posters-cientifics\/","og_locale":"ca_ES","og_type":"article","og_title":"Infarma Madrid 2018 obre el per\u00edode per presentar p\u00f2sters cient\u00edfics - Col\u00b7legi de Farmac\u00e8utics de Barcelona","og_description":"\u00a0 Els treballs s&#8217;exposaran en format digital en un espai reservat del Congr\u00e9s Infarma Madrid 2018 potenciar\u00e0 el seu espai de recerca farmac\u00e8utica amb una nova zona d&#8217;exposici\u00f3 de p\u00f2sters cient\u00edfics a la nova edici\u00f3 del Congr\u00e9s i Sal\u00f3 farmac\u00e8utic, que se celebrar\u00e0 entre el 13 i el 15 de [&hellip;]","og_url":"https:\/\/novaorg.cofb.net\/2018\/01\/12\/infarma-madrid-2018-obre-el-periode-per-presentar-posters-cientifics\/","og_site_name":"Col\u00b7legi de Farmac\u00e8utics de Barcelona","article_publisher":"https:\/\/www.facebook.com\/farmaceuticsbcn\/","article_published_time":"2018-01-12T10:22:00+00:00","author":"wpAdminCofbOrg","twitter_card":"summary_large_image","twitter_creator":"@farmaceuticsbcn","twitter_site":"@farmaceuticsbcn","twitter_misc":{"Escrit per":"wpAdminCofbOrg","Temps estimat de lectura":"4 minuts"},"schema":{"@context":"https:\/\/schema.org","@graph":[{"@type":"Article","@id":"https:\/\/novaorg.cofb.net\/2018\/01\/12\/infarma-madrid-2018-obre-el-periode-per-presentar-posters-cientifics\/#article","isPartOf":{"@id":"https:\/\/novaorg.cofb.net\/2018\/01\/12\/infarma-madrid-2018-obre-el-periode-per-presentar-posters-cientifics\/"},"author":{"name":"wpAdminCofbOrg","@id":"https:\/\/www.cofb.org\/#\/schema\/person\/22ed7eea88da74b0fa4d3154ad87ffcb"},"headline":"Infarma Madrid 2018 obre el per\u00edode per presentar p\u00f2sters cient\u00edfics","datePublished":"2018-01-12T10:22:00+00:00","dateModified":"2018-01-12T10:22:00+00:00","mainEntityOfPage":{"@id":"https:\/\/novaorg.cofb.net\/2018\/01\/12\/infarma-madrid-2018-obre-el-periode-per-presentar-posters-cientifics\/"},"wordCount":808,"publisher":{"@id":"https:\/\/www.cofb.org\/#organization"},"articleSection":["Notes de premsa"],"inLanguage":"ca"},{"@type":"WebPage","@id":"https:\/\/novaorg.cofb.net\/2018\/01\/12\/infarma-madrid-2018-obre-el-periode-per-presentar-posters-cientifics\/","url":"https:\/\/novaorg.cofb.net\/2018\/01\/12\/infarma-madrid-2018-obre-el-periode-per-presentar-posters-cientifics\/","name":"Infarma Madrid 2018 obre el per\u00edode per presentar p\u00f2sters cient\u00edfics - Col\u00b7legi de Farmac\u00e8utics de Barcelona","isPartOf":{"@id":"https:\/\/www.cofb.org\/#website"},"datePublished":"2018-01-12T10:22:00+00:00","dateModified":"2018-01-12T10:22:00+00:00","breadcrumb":{"@id":"https:\/\/novaorg.cofb.net\/2018\/01\/12\/infarma-madrid-2018-obre-el-periode-per-presentar-posters-cientifics\/#breadcrumb"},"inLanguage":"ca","potentialAction":[{"@type":"ReadAction","target":["https:\/\/novaorg.cofb.net\/2018\/01\/12\/infarma-madrid-2018-obre-el-periode-per-presentar-posters-cientifics\/"]}]},{"@type":"BreadcrumbList","@id":"https:\/\/novaorg.cofb.net\/2018\/01\/12\/infarma-madrid-2018-obre-el-periode-per-presentar-posters-cientifics\/#breadcrumb","itemListElement":[{"@type":"ListItem","position":1,"name":"Inici","item":"https:\/\/novaorg.cofb.net\/"},{"@type":"ListItem","position":2,"name":"Infarma Madrid 2018 obre el per\u00edode per presentar p\u00f2sters cient\u00edfics"}]},{"@type":"WebSite","@id":"https:\/\/www.cofb.org\/#website","url":"https:\/\/www.cofb.org\/","name":"Col\u00b7legi de Farmac\u00e8utics de Barcelona","description":"","publisher":{"@id":"https:\/\/www.cofb.org\/#organization"},"potentialAction":[{"@type":"SearchAction","target":{"@type":"EntryPoint","urlTemplate":"https:\/\/www.cofb.org\/?s={search_term_string}"},"query-input":"required name=search_term_string"}],"inLanguage":"ca"},{"@type":"Organization","@id":"https:\/\/www.cofb.org\/#organization","name":"Col\u00b7legi de Farmac\u00e8utics de Barcelona","url":"https:\/\/www.cofb.org\/","logo":{"@type":"ImageObject","inLanguage":"ca","@id":"https:\/\/www.cofb.org\/#\/schema\/logo\/image\/","url":"https:\/\/www.cofb.org\/wp-content\/uploads\/2023\/11\/cropped-Logotip-COFB.png","contentUrl":"https:\/\/www.cofb.org\/wp-content\/uploads\/2023\/11\/cropped-Logotip-COFB.png","width":500,"height":105,"caption":"Col\u00b7legi de Farmac\u00e8utics de Barcelona"},"image":{"@id":"https:\/\/www.cofb.org\/#\/schema\/logo\/image\/"},"sameAs":["https:\/\/www.facebook.com\/farmaceuticsbcn\/","https:\/\/twitter.com\/farmaceuticsbcn","https:\/\/www.instagram.com\/farmaceuticsbcn\/","https:\/\/www.linkedin.com\/company\/farmaceuticsbcn\/"]},{"@type":"Person","@id":"https:\/\/www.cofb.org\/#\/schema\/person\/22ed7eea88da74b0fa4d3154ad87ffcb","name":"wpAdminCofbOrg","image":{"@type":"ImageObject","inLanguage":"ca","@id":"https:\/\/www.cofb.org\/#\/schema\/person\/image\/","url":"https:\/\/secure.gravatar.com\/avatar\/1721b20b3b8ca882c3b56ec6c978c594fff670e40c0718e9190eaeeb76aae7d8?s=96&d=mm&r=g","contentUrl":"https:\/\/secure.gravatar.com\/avatar\/1721b20b3b8ca882c3b56ec6c978c594fff670e40c0718e9190eaeeb76aae7d8?s=96&d=mm&r=g","caption":"wpAdminCofbOrg"},"sameAs":["http:\/\/192.168.64.122\/wordpress"],"url":"https:\/\/www.cofb.org\/ca\/author\/wpadmincofborg\/"}]}},"uagb_featured_image_src":{"full":false,"thumbnail":false,"medium":false,"medium_large":false,"large":false,"1536x1536":false,"2048x2048":false,"trp-custom-language-flag":false},"uagb_author_info":{"display_name":"wpAdminCofbOrg","author_link":"https:\/\/www.cofb.org\/ca\/author\/wpadmincofborg\/"},"uagb_comment_info":0,"uagb_excerpt":"\u00a0 Els treballs s&#8217;exposaran en format digital en un espai reservat del Congr\u00e9s Infarma Madrid 2018 potenciar\u00e0 el seu espai de recerca farmac\u00e8utica amb una nova zona d&#8217;exposici\u00f3 de p\u00f2sters cient\u00edfics a la nova edici\u00f3 del Congr\u00e9s i Sal\u00f3 farmac\u00e8utic, que se celebrar\u00e0 entre el 13 i el 15 de [&hellip;]","_links":{"self":[{"href":"https:\/\/www.cofb.org\/ca\/wp-json\/wp\/v2\/posts\/77289","targetHints":{"allow":["GET"]}}],"collection":[{"href":"https:\/\/www.cofb.org\/ca\/wp-json\/wp\/v2\/posts"}],"about":[{"href":"https:\/\/www.cofb.org\/ca\/wp-json\/wp\/v2\/types\/post"}],"author":[{"embeddable":true,"href":"https:\/\/www.cofb.org\/ca\/wp-json\/wp\/v2\/users\/1"}],"replies":[{"embeddable":true,"href":"https:\/\/www.cofb.org\/ca\/wp-json\/wp\/v2\/comments?post=77289"}],"version-history":[{"count":0,"href":"https:\/\/www.cofb.org\/ca\/wp-json\/wp\/v2\/posts\/77289\/revisions"}],"wp:attachment":[{"href":"https:\/\/www.cofb.org\/ca\/wp-json\/wp\/v2\/media?parent=77289"}],"wp:term":[{"taxonomy":"category","embeddable":true,"href":"https:\/\/www.cofb.org\/ca\/wp-json\/wp\/v2\/categories?post=77289"},{"taxonomy":"post_tag","embeddable":true,"href":"https:\/\/www.cofb.org\/ca\/wp-json\/wp\/v2\/tags?post=77289"}],"curies":[{"name":"wp","href":"https:\/\/api.w.org\/{rel}","templated":true}]}}