{"id":77284,"date":"2018-03-01T13:10:00","date_gmt":"2018-03-01T13:10:00","guid":{"rendered":"https:\/\/novaorg.cofb.net\/2018\/03\/01\/infarma-tindra-el-seu-speakers-corner-per-exposar-experiencies-dexit-a-la-farmacia\/"},"modified":"2018-03-01T13:10:00","modified_gmt":"2018-03-01T13:10:00","slug":"infarma-tindra-el-seu-speakers-corner-per-exposar-experiencies-dexit-a-la-farmacia","status":"publish","type":"post","link":"https:\/\/www.cofb.org\/ca\/2018\/03\/01\/infarma-tindra-el-seu-speakers-corner-per-exposar-experiencies-dexit-a-la-farmacia\/","title":{"rendered":"Infarma tindr\u00e0 el seu \u2018speaker&#8217;s corner&#8217; per exposar experi\u00e8ncies d&#8217;\u00e8xit a la farm\u00e0cia"},"content":{"rendered":"<p>\u00a0<\/p>\n<ul>\n<li><strong>Infarma Madrid 2018 obrir\u00e0 un nou espai al Congr\u00e9s i Sal\u00f3 farmac\u00e8utic que organitzen els col\u2022legis de farmac\u00e8utics de Madrid i Barcelona per presentar experi\u00e8ncies assistencials i de gesti\u00f3 d&#8217;\u00e8xit a les oficines de farmacia<\/strong><\/li>\n<\/ul>\n<p>Seleccionades pel Comit\u00e8 Organitzador d\u2019Infarma, 20 farmac\u00e8utics exposaran en p\u00fablic, a l&#8217;estil dels speaker\u2019s corner londinencs, diferents iniciatives desplegades en les seves oficines de farm\u00e0cia que incorporen enfocaments nous en el camp assistencial farmac\u00e8utic o innovacions que han funcionat en la pr\u00e0ctica farmac\u00e8utica di\u00e0ria.<\/p>\n<p>Seran presentacions breus, d\u2019uns 20 minuts de durada, en les quals es reservaran cinc minuts perqu\u00e8 els professionals assistents puguin plantejar les seves preguntes per iniciar aix\u00ed el debat i discussi\u00f3 de les idees exposades. \u201cVolem visualitzar la tasca que realitzem des de les oficines de farm\u00e0cia i aprendre de les experi\u00e8ncies dels nostres companys que han tingut \u00e8xit per poder incorporar-les a la nostra actuaci\u00f3 di\u00e0ria\u201d, explica el vocal de Titulars d&#8217;Oficines de Farm\u00e0cia del Col\u2022legi Oficial de Farmac\u00e8utics de Madrid, \u00d3scar L\u00f3pez.<\/p>\n<p>Els continguts seran variats per\u00f2 sempre centrats al voltant dels aspectes assistencials i de gesti\u00f3 del dia a dia de l&#8217;oficina de farm\u00e0cia. Entre altres temes, s&#8217;abordaran diferents exemples sobre com gestionar les diferents categories o seccions dins de la farm\u00e0cia. Tamb\u00e9 es presentaran experi\u00e8ncies de projectes de millora d&#8217;un aparador, suport a l&#8217;adher\u00e8ncia dels tractaments a trav\u00e9s de t\u00e8cniques de coaching que han demostrat resultats o consells i canvis d&#8217;h\u00e0bits en pacients amb dolor articular cr\u00f2nic.<\/p>\n<p>&#8220;Infarma \u00e9s un f\u00f2rum per recollir idees i volem facilitar aquest intercanvi d&#8217;experi\u00e8ncies perqu\u00e8 \u00e9s el cam\u00ed per promoure canvis de deb\u00f2 en el nostre desenvolupament professional que es tradueixin a m\u00e9s en resultats per a la nostra oficina de farm\u00e0cia\u201d, afirma \u00d3scar L\u00f3pez.<\/p>\n<p>L\u2019 speaker\u2019s corner d\u2019Infarma se situar\u00e0 en un espai de gran aflu\u00e8ncia de congressistes que coincidir\u00e0 amb la zona reservada per a la inauguraci\u00f3 i clausura del Congr\u00e9s, que tindr\u00e0 lloc entre el 13 i el 15 de mar\u00e7.<\/p>\n<p>\u00a0Infarma Madrid 2018 obrir\u00e0 un nou espai al Congr\u00e9s i Sal\u00f3 farmac\u00e8utic que organitzen els col\u2022legis de farmac\u00e8utics de Madrid i Barcelona per presentar experi\u00e8ncies assistencials i de gesti\u00f3 d&#8217;\u00e8xit a les oficines de farmacia<\/p>\n<p>Seleccionades pel Comit\u00e8 Organitzador d\u2019Infarma, 20 farmac\u00e8utics exposaran en p\u00fablic, a l&#8217;estil dels speaker\u2019s corner londinencs, diferents iniciatives desplegades en les seves oficines de farm\u00e0cia que incorporen enfocaments nous en el camp assistencial farmac\u00e8utic o innovacions que han funcionat en la pr\u00e0ctica farmac\u00e8utica di\u00e0ria.<\/p>\n<p>Seran presentacions breus, d\u2019uns 20 minuts de durada, en les quals es reservaran cinc minuts perqu\u00e8 els professionals assistents puguin plantejar les seves preguntes per iniciar aix\u00ed el debat i discussi\u00f3 de les idees exposades. \u201cVolem visualitzar la tasca que realitzem des de les oficines de farm\u00e0cia i aprendre de les experi\u00e8ncies dels nostres companys que han tingut \u00e8xit per poder incorporar-les a la nostra actuaci\u00f3 di\u00e0ria\u201d, explica el vocal de Titulars d&#8217;Oficines de Farm\u00e0cia del Col\u2022legi Oficial de Farmac\u00e8utics de Madrid, \u00d3scar L\u00f3pez.<\/p>\n<p>Els continguts seran variats per\u00f2 sempre centrats al voltant dels aspectes assistencials i de gesti\u00f3 del dia a dia de l&#8217;oficina de farm\u00e0cia. Entre altres temes, s&#8217;abordaran diferents exemples sobre com gestionar les diferents categories o seccions dins de la farm\u00e0cia. Tamb\u00e9 es presentaran experi\u00e8ncies de projectes de millora d&#8217;un aparador, suport a l&#8217;adher\u00e8ncia dels tractaments a trav\u00e9s de t\u00e8cniques de coaching que han demostrat resultats o consells i canvis d&#8217;h\u00e0bits en pacients amb dolor articular cr\u00f2nic.<\/p>\n<p>&#8220;Infarma \u00e9s un f\u00f2rum per recollir idees i volem facilitar aquest intercanvi d&#8217;experi\u00e8ncies perqu\u00e8 \u00e9s el cam\u00ed per promoure canvis de deb\u00f2 en el nostre desenvolupament professional que es tradueixin a m\u00e9s en resultats per a la nostra oficina de farm\u00e0cia\u201d, afirma \u00d3scar L\u00f3pez.<\/p>\n<p>L\u2019 speaker\u2019s corner d\u2019Infarma se situar\u00e0 en un espai de gran aflu\u00e8ncia de congressistes que coincidir\u00e0 amb la zona reservada per a la inauguraci\u00f3 i clausura del Congr\u00e9s, que tindr\u00e0 lloc entre el 13 i el 15 de mar\u00e7.\u00a0\u00a0COFB.ORG<\/p>\n","protected":false},"excerpt":{"rendered":"<p>\u00a0 Infarma Madrid 2018 obrir\u00e0 un nou espai al Congr\u00e9s i Sal\u00f3 farmac\u00e8utic que organitzen els col\u2022legis de farmac\u00e8utics de Madrid i Barcelona per presentar experi\u00e8ncies assistencials i de gesti\u00f3 d&#8217;\u00e8xit a les oficines de farmacia Seleccionades pel Comit\u00e8 Organitzador d\u2019Infarma, 20 farmac\u00e8utics exposaran en p\u00fablic, a l&#8217;estil dels speaker\u2019s [&hellip;]<\/p>\n","protected":false},"author":1,"featured_media":0,"comment_status":"","ping_status":"","sticky":false,"template":"","format":"standard","meta":{"_uag_custom_page_level_css":"","site-sidebar-layout":"default","site-content-layout":"","ast-site-content-layout":"default","site-content-style":"default","site-sidebar-style":"default","ast-global-header-display":"","ast-banner-title-visibility":"","ast-main-header-display":"","ast-hfb-above-header-display":"","ast-hfb-below-header-display":"","ast-hfb-mobile-header-display":"","site-post-title":"","ast-breadcrumbs-content":"","ast-featured-img":"disabled","footer-sml-layout":"","theme-transparent-header-meta":"","adv-header-id-meta":"","stick-header-meta":"","header-above-stick-meta":"","header-main-stick-meta":"","header-below-stick-meta":"","astra-migrate-meta-layouts":"default","ast-page-background-enabled":"default","ast-page-background-meta":{"desktop":{"background-color":"var(--ast-global-color-4)","background-image":"","background-repeat":"repeat","background-position":"center center","background-size":"auto","background-attachment":"scroll","background-type":"","background-media":"","overlay-type":"","overlay-color":"","overlay-opacity":"","overlay-gradient":""},"tablet":{"background-color":"","background-image":"","background-repeat":"repeat","background-position":"center center","background-size":"auto","background-attachment":"scroll","background-type":"","background-media":"","overlay-type":"","overlay-color":"","overlay-opacity":"","overlay-gradient":""},"mobile":{"background-color":"","background-image":"","background-repeat":"repeat","background-position":"center center","background-size":"auto","background-attachment":"scroll","background-type":"","background-media":"","overlay-type":"","overlay-color":"","overlay-opacity":"","overlay-gradient":""}},"ast-content-background-meta":{"desktop":{"background-color":"var(--ast-global-color-5)","background-image":"","background-repeat":"repeat","background-position":"center center","background-size":"auto","background-attachment":"scroll","background-type":"","background-media":"","overlay-type":"","overlay-color":"","overlay-opacity":"","overlay-gradient":""},"tablet":{"background-color":"var(--ast-global-color-5)","background-image":"","background-repeat":"repeat","background-position":"center center","background-size":"auto","background-attachment":"scroll","background-type":"","background-media":"","overlay-type":"","overlay-color":"","overlay-opacity":"","overlay-gradient":""},"mobile":{"background-color":"var(--ast-global-color-5)","background-image":"","background-repeat":"repeat","background-position":"center center","background-size":"auto","background-attachment":"scroll","background-type":"","background-media":"","overlay-type":"","overlay-color":"","overlay-opacity":"","overlay-gradient":""}},"footnotes":""},"categories":[1060,1066],"tags":[],"class_list":["post-77284","post","type-post","status-publish","format-standard","hentry","category-notes-premsa","category-sense-categoria-ca"],"yoast_head":"<!-- This site is optimized with the Yoast SEO plugin v22.4 - https:\/\/yoast.com\/wordpress\/plugins\/seo\/ -->\n<title>Infarma tindr\u00e0 el seu \u2018speaker&#039;s corner&#039; per exposar experi\u00e8ncies d&#039;\u00e8xit a la farm\u00e0cia - Col\u00b7legi de Farmac\u00e8utics de Barcelona<\/title>\n<meta name=\"robots\" content=\"index, follow, max-snippet:-1, max-image-preview:large, max-video-preview:-1\" \/>\n<link rel=\"canonical\" href=\"https:\/\/novaorg.cofb.net\/2018\/03\/01\/infarma-tindra-el-seu-speakers-corner-per-exposar-experiencies-dexit-a-la-farmacia\/\" \/>\n<meta property=\"og:locale\" content=\"ca_ES\" \/>\n<meta property=\"og:type\" content=\"article\" \/>\n<meta property=\"og:title\" content=\"Infarma tindr\u00e0 el seu \u2018speaker&#039;s corner&#039; per exposar experi\u00e8ncies d&#039;\u00e8xit a la farm\u00e0cia - Col\u00b7legi de Farmac\u00e8utics de Barcelona\" \/>\n<meta property=\"og:description\" content=\"\u00a0 Infarma Madrid 2018 obrir\u00e0 un nou espai al Congr\u00e9s i Sal\u00f3 farmac\u00e8utic que organitzen els col\u2022legis de farmac\u00e8utics de Madrid i Barcelona per presentar experi\u00e8ncies assistencials i de gesti\u00f3 d&#8217;\u00e8xit a les oficines de farmacia Seleccionades pel Comit\u00e8 Organitzador d\u2019Infarma, 20 farmac\u00e8utics exposaran en p\u00fablic, a l&#8217;estil dels speaker\u2019s [&hellip;]\" \/>\n<meta property=\"og:url\" content=\"https:\/\/novaorg.cofb.net\/2018\/03\/01\/infarma-tindra-el-seu-speakers-corner-per-exposar-experiencies-dexit-a-la-farmacia\/\" \/>\n<meta property=\"og:site_name\" content=\"Col\u00b7legi de Farmac\u00e8utics de Barcelona\" \/>\n<meta property=\"article:publisher\" content=\"https:\/\/www.facebook.com\/farmaceuticsbcn\/\" \/>\n<meta property=\"article:published_time\" content=\"2018-03-01T13:10:00+00:00\" \/>\n<meta name=\"author\" content=\"wpAdminCofbOrg\" \/>\n<meta name=\"twitter:card\" content=\"summary_large_image\" \/>\n<meta name=\"twitter:creator\" content=\"@farmaceuticsbcn\" \/>\n<meta name=\"twitter:site\" content=\"@farmaceuticsbcn\" \/>\n<meta name=\"twitter:label1\" content=\"Escrit per\" \/>\n\t<meta name=\"twitter:data1\" content=\"wpAdminCofbOrg\" \/>\n\t<meta name=\"twitter:label2\" content=\"Temps estimat de lectura\" \/>\n\t<meta name=\"twitter:data2\" content=\"4 minuts\" \/>\n<script type=\"application\/ld+json\" class=\"yoast-schema-graph\">{\"@context\":\"https:\/\/schema.org\",\"@graph\":[{\"@type\":\"Article\",\"@id\":\"https:\/\/novaorg.cofb.net\/2018\/03\/01\/infarma-tindra-el-seu-speakers-corner-per-exposar-experiencies-dexit-a-la-farmacia\/#article\",\"isPartOf\":{\"@id\":\"https:\/\/novaorg.cofb.net\/2018\/03\/01\/infarma-tindra-el-seu-speakers-corner-per-exposar-experiencies-dexit-a-la-farmacia\/\"},\"author\":{\"name\":\"wpAdminCofbOrg\",\"@id\":\"https:\/\/www.cofb.org\/#\/schema\/person\/22ed7eea88da74b0fa4d3154ad87ffcb\"},\"headline\":\"Infarma tindr\u00e0 el seu \u2018speaker&#8217;s corner&#8217; per exposar experi\u00e8ncies d&#8217;\u00e8xit a la farm\u00e0cia\",\"datePublished\":\"2018-03-01T13:10:00+00:00\",\"dateModified\":\"2018-03-01T13:10:00+00:00\",\"mainEntityOfPage\":{\"@id\":\"https:\/\/novaorg.cofb.net\/2018\/03\/01\/infarma-tindra-el-seu-speakers-corner-per-exposar-experiencies-dexit-a-la-farmacia\/\"},\"wordCount\":751,\"publisher\":{\"@id\":\"https:\/\/www.cofb.org\/#organization\"},\"articleSection\":[\"Notes de premsa\"],\"inLanguage\":\"ca\"},{\"@type\":\"WebPage\",\"@id\":\"https:\/\/novaorg.cofb.net\/2018\/03\/01\/infarma-tindra-el-seu-speakers-corner-per-exposar-experiencies-dexit-a-la-farmacia\/\",\"url\":\"https:\/\/novaorg.cofb.net\/2018\/03\/01\/infarma-tindra-el-seu-speakers-corner-per-exposar-experiencies-dexit-a-la-farmacia\/\",\"name\":\"Infarma tindr\u00e0 el seu \u2018speaker's corner' per exposar experi\u00e8ncies d'\u00e8xit a la farm\u00e0cia - Col\u00b7legi de Farmac\u00e8utics de Barcelona\",\"isPartOf\":{\"@id\":\"https:\/\/www.cofb.org\/#website\"},\"datePublished\":\"2018-03-01T13:10:00+00:00\",\"dateModified\":\"2018-03-01T13:10:00+00:00\",\"breadcrumb\":{\"@id\":\"https:\/\/novaorg.cofb.net\/2018\/03\/01\/infarma-tindra-el-seu-speakers-corner-per-exposar-experiencies-dexit-a-la-farmacia\/#breadcrumb\"},\"inLanguage\":\"ca\",\"potentialAction\":[{\"@type\":\"ReadAction\",\"target\":[\"https:\/\/novaorg.cofb.net\/2018\/03\/01\/infarma-tindra-el-seu-speakers-corner-per-exposar-experiencies-dexit-a-la-farmacia\/\"]}]},{\"@type\":\"BreadcrumbList\",\"@id\":\"https:\/\/novaorg.cofb.net\/2018\/03\/01\/infarma-tindra-el-seu-speakers-corner-per-exposar-experiencies-dexit-a-la-farmacia\/#breadcrumb\",\"itemListElement\":[{\"@type\":\"ListItem\",\"position\":1,\"name\":\"Inici\",\"item\":\"https:\/\/novaorg.cofb.net\/\"},{\"@type\":\"ListItem\",\"position\":2,\"name\":\"Infarma tindr\u00e0 el seu \u2018speaker&#8217;s corner&#8217; per exposar experi\u00e8ncies d&#8217;\u00e8xit a la farm\u00e0cia\"}]},{\"@type\":\"WebSite\",\"@id\":\"https:\/\/www.cofb.org\/#website\",\"url\":\"https:\/\/www.cofb.org\/\",\"name\":\"Col\u00b7legi de Farmac\u00e8utics de Barcelona\",\"description\":\"\",\"publisher\":{\"@id\":\"https:\/\/www.cofb.org\/#organization\"},\"potentialAction\":[{\"@type\":\"SearchAction\",\"target\":{\"@type\":\"EntryPoint\",\"urlTemplate\":\"https:\/\/www.cofb.org\/?s={search_term_string}\"},\"query-input\":\"required name=search_term_string\"}],\"inLanguage\":\"ca\"},{\"@type\":\"Organization\",\"@id\":\"https:\/\/www.cofb.org\/#organization\",\"name\":\"Col\u00b7legi de Farmac\u00e8utics de Barcelona\",\"url\":\"https:\/\/www.cofb.org\/\",\"logo\":{\"@type\":\"ImageObject\",\"inLanguage\":\"ca\",\"@id\":\"https:\/\/www.cofb.org\/#\/schema\/logo\/image\/\",\"url\":\"https:\/\/www.cofb.org\/wp-content\/uploads\/2023\/11\/cropped-Logotip-COFB.png\",\"contentUrl\":\"https:\/\/www.cofb.org\/wp-content\/uploads\/2023\/11\/cropped-Logotip-COFB.png\",\"width\":500,\"height\":105,\"caption\":\"Col\u00b7legi de Farmac\u00e8utics de Barcelona\"},\"image\":{\"@id\":\"https:\/\/www.cofb.org\/#\/schema\/logo\/image\/\"},\"sameAs\":[\"https:\/\/www.facebook.com\/farmaceuticsbcn\/\",\"https:\/\/twitter.com\/farmaceuticsbcn\",\"https:\/\/www.instagram.com\/farmaceuticsbcn\/\",\"https:\/\/www.linkedin.com\/company\/farmaceuticsbcn\/\"]},{\"@type\":\"Person\",\"@id\":\"https:\/\/www.cofb.org\/#\/schema\/person\/22ed7eea88da74b0fa4d3154ad87ffcb\",\"name\":\"wpAdminCofbOrg\",\"image\":{\"@type\":\"ImageObject\",\"inLanguage\":\"ca\",\"@id\":\"https:\/\/www.cofb.org\/#\/schema\/person\/image\/\",\"url\":\"https:\/\/secure.gravatar.com\/avatar\/1721b20b3b8ca882c3b56ec6c978c594fff670e40c0718e9190eaeeb76aae7d8?s=96&d=mm&r=g\",\"contentUrl\":\"https:\/\/secure.gravatar.com\/avatar\/1721b20b3b8ca882c3b56ec6c978c594fff670e40c0718e9190eaeeb76aae7d8?s=96&d=mm&r=g\",\"caption\":\"wpAdminCofbOrg\"},\"sameAs\":[\"http:\/\/192.168.64.122\/wordpress\"],\"url\":\"https:\/\/www.cofb.org\/ca\/author\/wpadmincofborg\/\"}]}<\/script>\n<!-- \/ Yoast SEO plugin. -->","yoast_head_json":{"title":"Infarma tindr\u00e0 el seu \u2018speaker's corner' per exposar experi\u00e8ncies d'\u00e8xit a la farm\u00e0cia - Col\u00b7legi de Farmac\u00e8utics de Barcelona","robots":{"index":"index","follow":"follow","max-snippet":"max-snippet:-1","max-image-preview":"max-image-preview:large","max-video-preview":"max-video-preview:-1"},"canonical":"https:\/\/novaorg.cofb.net\/2018\/03\/01\/infarma-tindra-el-seu-speakers-corner-per-exposar-experiencies-dexit-a-la-farmacia\/","og_locale":"ca_ES","og_type":"article","og_title":"Infarma tindr\u00e0 el seu \u2018speaker's corner' per exposar experi\u00e8ncies d'\u00e8xit a la farm\u00e0cia - Col\u00b7legi de Farmac\u00e8utics de Barcelona","og_description":"\u00a0 Infarma Madrid 2018 obrir\u00e0 un nou espai al Congr\u00e9s i Sal\u00f3 farmac\u00e8utic que organitzen els col\u2022legis de farmac\u00e8utics de Madrid i Barcelona per presentar experi\u00e8ncies assistencials i de gesti\u00f3 d&#8217;\u00e8xit a les oficines de farmacia Seleccionades pel Comit\u00e8 Organitzador d\u2019Infarma, 20 farmac\u00e8utics exposaran en p\u00fablic, a l&#8217;estil dels speaker\u2019s [&hellip;]","og_url":"https:\/\/novaorg.cofb.net\/2018\/03\/01\/infarma-tindra-el-seu-speakers-corner-per-exposar-experiencies-dexit-a-la-farmacia\/","og_site_name":"Col\u00b7legi de Farmac\u00e8utics de Barcelona","article_publisher":"https:\/\/www.facebook.com\/farmaceuticsbcn\/","article_published_time":"2018-03-01T13:10:00+00:00","author":"wpAdminCofbOrg","twitter_card":"summary_large_image","twitter_creator":"@farmaceuticsbcn","twitter_site":"@farmaceuticsbcn","twitter_misc":{"Escrit per":"wpAdminCofbOrg","Temps estimat de lectura":"4 minuts"},"schema":{"@context":"https:\/\/schema.org","@graph":[{"@type":"Article","@id":"https:\/\/novaorg.cofb.net\/2018\/03\/01\/infarma-tindra-el-seu-speakers-corner-per-exposar-experiencies-dexit-a-la-farmacia\/#article","isPartOf":{"@id":"https:\/\/novaorg.cofb.net\/2018\/03\/01\/infarma-tindra-el-seu-speakers-corner-per-exposar-experiencies-dexit-a-la-farmacia\/"},"author":{"name":"wpAdminCofbOrg","@id":"https:\/\/www.cofb.org\/#\/schema\/person\/22ed7eea88da74b0fa4d3154ad87ffcb"},"headline":"Infarma tindr\u00e0 el seu \u2018speaker&#8217;s corner&#8217; per exposar experi\u00e8ncies d&#8217;\u00e8xit a la farm\u00e0cia","datePublished":"2018-03-01T13:10:00+00:00","dateModified":"2018-03-01T13:10:00+00:00","mainEntityOfPage":{"@id":"https:\/\/novaorg.cofb.net\/2018\/03\/01\/infarma-tindra-el-seu-speakers-corner-per-exposar-experiencies-dexit-a-la-farmacia\/"},"wordCount":751,"publisher":{"@id":"https:\/\/www.cofb.org\/#organization"},"articleSection":["Notes de premsa"],"inLanguage":"ca"},{"@type":"WebPage","@id":"https:\/\/novaorg.cofb.net\/2018\/03\/01\/infarma-tindra-el-seu-speakers-corner-per-exposar-experiencies-dexit-a-la-farmacia\/","url":"https:\/\/novaorg.cofb.net\/2018\/03\/01\/infarma-tindra-el-seu-speakers-corner-per-exposar-experiencies-dexit-a-la-farmacia\/","name":"Infarma tindr\u00e0 el seu \u2018speaker's corner' per exposar experi\u00e8ncies d'\u00e8xit a la farm\u00e0cia - Col\u00b7legi de Farmac\u00e8utics de Barcelona","isPartOf":{"@id":"https:\/\/www.cofb.org\/#website"},"datePublished":"2018-03-01T13:10:00+00:00","dateModified":"2018-03-01T13:10:00+00:00","breadcrumb":{"@id":"https:\/\/novaorg.cofb.net\/2018\/03\/01\/infarma-tindra-el-seu-speakers-corner-per-exposar-experiencies-dexit-a-la-farmacia\/#breadcrumb"},"inLanguage":"ca","potentialAction":[{"@type":"ReadAction","target":["https:\/\/novaorg.cofb.net\/2018\/03\/01\/infarma-tindra-el-seu-speakers-corner-per-exposar-experiencies-dexit-a-la-farmacia\/"]}]},{"@type":"BreadcrumbList","@id":"https:\/\/novaorg.cofb.net\/2018\/03\/01\/infarma-tindra-el-seu-speakers-corner-per-exposar-experiencies-dexit-a-la-farmacia\/#breadcrumb","itemListElement":[{"@type":"ListItem","position":1,"name":"Inici","item":"https:\/\/novaorg.cofb.net\/"},{"@type":"ListItem","position":2,"name":"Infarma tindr\u00e0 el seu \u2018speaker&#8217;s corner&#8217; per exposar experi\u00e8ncies d&#8217;\u00e8xit a la farm\u00e0cia"}]},{"@type":"WebSite","@id":"https:\/\/www.cofb.org\/#website","url":"https:\/\/www.cofb.org\/","name":"Col\u00b7legi de Farmac\u00e8utics de Barcelona","description":"","publisher":{"@id":"https:\/\/www.cofb.org\/#organization"},"potentialAction":[{"@type":"SearchAction","target":{"@type":"EntryPoint","urlTemplate":"https:\/\/www.cofb.org\/?s={search_term_string}"},"query-input":"required name=search_term_string"}],"inLanguage":"ca"},{"@type":"Organization","@id":"https:\/\/www.cofb.org\/#organization","name":"Col\u00b7legi de Farmac\u00e8utics de Barcelona","url":"https:\/\/www.cofb.org\/","logo":{"@type":"ImageObject","inLanguage":"ca","@id":"https:\/\/www.cofb.org\/#\/schema\/logo\/image\/","url":"https:\/\/www.cofb.org\/wp-content\/uploads\/2023\/11\/cropped-Logotip-COFB.png","contentUrl":"https:\/\/www.cofb.org\/wp-content\/uploads\/2023\/11\/cropped-Logotip-COFB.png","width":500,"height":105,"caption":"Col\u00b7legi de Farmac\u00e8utics de Barcelona"},"image":{"@id":"https:\/\/www.cofb.org\/#\/schema\/logo\/image\/"},"sameAs":["https:\/\/www.facebook.com\/farmaceuticsbcn\/","https:\/\/twitter.com\/farmaceuticsbcn","https:\/\/www.instagram.com\/farmaceuticsbcn\/","https:\/\/www.linkedin.com\/company\/farmaceuticsbcn\/"]},{"@type":"Person","@id":"https:\/\/www.cofb.org\/#\/schema\/person\/22ed7eea88da74b0fa4d3154ad87ffcb","name":"wpAdminCofbOrg","image":{"@type":"ImageObject","inLanguage":"ca","@id":"https:\/\/www.cofb.org\/#\/schema\/person\/image\/","url":"https:\/\/secure.gravatar.com\/avatar\/1721b20b3b8ca882c3b56ec6c978c594fff670e40c0718e9190eaeeb76aae7d8?s=96&d=mm&r=g","contentUrl":"https:\/\/secure.gravatar.com\/avatar\/1721b20b3b8ca882c3b56ec6c978c594fff670e40c0718e9190eaeeb76aae7d8?s=96&d=mm&r=g","caption":"wpAdminCofbOrg"},"sameAs":["http:\/\/192.168.64.122\/wordpress"],"url":"https:\/\/www.cofb.org\/ca\/author\/wpadmincofborg\/"}]}},"uagb_featured_image_src":{"full":false,"thumbnail":false,"medium":false,"medium_large":false,"large":false,"1536x1536":false,"2048x2048":false,"trp-custom-language-flag":false},"uagb_author_info":{"display_name":"wpAdminCofbOrg","author_link":"https:\/\/www.cofb.org\/ca\/author\/wpadmincofborg\/"},"uagb_comment_info":0,"uagb_excerpt":"\u00a0 Infarma Madrid 2018 obrir\u00e0 un nou espai al Congr\u00e9s i Sal\u00f3 farmac\u00e8utic que organitzen els col\u2022legis de farmac\u00e8utics de Madrid i Barcelona per presentar experi\u00e8ncies assistencials i de gesti\u00f3 d&#8217;\u00e8xit a les oficines de farmacia Seleccionades pel Comit\u00e8 Organitzador d\u2019Infarma, 20 farmac\u00e8utics exposaran en p\u00fablic, a l&#8217;estil dels speaker\u2019s [&hellip;]","_links":{"self":[{"href":"https:\/\/www.cofb.org\/ca\/wp-json\/wp\/v2\/posts\/77284","targetHints":{"allow":["GET"]}}],"collection":[{"href":"https:\/\/www.cofb.org\/ca\/wp-json\/wp\/v2\/posts"}],"about":[{"href":"https:\/\/www.cofb.org\/ca\/wp-json\/wp\/v2\/types\/post"}],"author":[{"embeddable":true,"href":"https:\/\/www.cofb.org\/ca\/wp-json\/wp\/v2\/users\/1"}],"replies":[{"embeddable":true,"href":"https:\/\/www.cofb.org\/ca\/wp-json\/wp\/v2\/comments?post=77284"}],"version-history":[{"count":0,"href":"https:\/\/www.cofb.org\/ca\/wp-json\/wp\/v2\/posts\/77284\/revisions"}],"wp:attachment":[{"href":"https:\/\/www.cofb.org\/ca\/wp-json\/wp\/v2\/media?parent=77284"}],"wp:term":[{"taxonomy":"category","embeddable":true,"href":"https:\/\/www.cofb.org\/ca\/wp-json\/wp\/v2\/categories?post=77284"},{"taxonomy":"post_tag","embeddable":true,"href":"https:\/\/www.cofb.org\/ca\/wp-json\/wp\/v2\/tags?post=77284"}],"curies":[{"name":"wp","href":"https:\/\/api.w.org\/{rel}","templated":true}]}}