{"id":77283,"date":"2018-03-06T12:59:00","date_gmt":"2018-03-06T12:59:00","guid":{"rendered":"https:\/\/novaorg.cofb.net\/2018\/03\/06\/agora-sanitaria-llancara-vuit-reptes-formatius-a-infarma-madrid-2018\/"},"modified":"2018-03-06T12:59:00","modified_gmt":"2018-03-06T12:59:00","slug":"agora-sanitaria-llancara-vuit-reptes-formatius-a-infarma-madrid-2018","status":"publish","type":"post","link":"https:\/\/www.cofb.org\/ca\/2018\/03\/06\/agora-sanitaria-llancara-vuit-reptes-formatius-a-infarma-madrid-2018\/","title":{"rendered":"\u00c0gora Sanit\u00e0ria llan\u00e7ar\u00e0 vuit reptes formatius a Infarma Madrid 2018"},"content":{"rendered":"<p>\u00a0<\/p>\n<ul>\n<li><strong>La plataforma de formaci\u00f3 online dels Col\u2022legis de Farmac\u00e8utics de Madrid i Barcelona proposa una competici\u00f3 de coneixement a la seva aula oberta del Congr\u00e9s i Sal\u00f3 farmac\u00e8utic<\/strong><\/li>\n<\/ul>\n<p>La plataforma de formaci\u00f3 online \u00c0gora Sanit\u00e0ria estar\u00e0 present a Infarma Madrid 2018 amb un estand propi i un aula activa de formaci\u00f3, que se situaran al pavell\u00f3 2 de Ifema.<\/p>\n<p>Durant els tres dies de durada del Congr\u00e9s i Sal\u00f3 farmac\u00e8utic, \u00c0gora Sanit\u00e0ria plantejar\u00e0 als farmac\u00e8utics d&#8217;oficina de farm\u00e0cia inscrits en aquesta iniciativa una competici\u00f3 formativa on hauran de superar diferents proves de coneixement, dins d&#8217;un format d&#8217;aprenentatge l\u00fadic i pr\u00e0ctic.<\/p>\n<p>Els tutors dels vuit reptes formatius programats exposaran diferents casos sobre la pr\u00e0ctica farmac\u00e8utica di\u00e0ria i formularan una s\u00e8rie de preguntes que els assistents hauran d&#8217;anar contestant a trav\u00e9s del m\u00f2bil per despr\u00e9s analitzar en com\u00fa les respostes obtingudes. Cada cas plantejat tindr\u00e0 un temps m\u00e0xim per ser resolt, de manera que els participants aniran sumant punts en funci\u00f3 del seu encert i rapidesa en les respostes.<\/p>\n<p>Entre altres continguts, el Repte \u00c0gora abordar\u00e0 l&#8217;assist\u00e8ncia sanit\u00e0ria a nens i ancians, el tractament multidisciplinari de la hipertensi\u00f3 arterial i les seves comorbiditats, les consultes m\u00e9s freq\u00fcents en patologies oculars, o el desenvolupament de noves categories en l&#8217;oficina de farm\u00e0cia com la cosm\u00e8tica bio.<\/p>\n<p>La inscripci\u00f3 en el Repte \u00c0gora \u00e9s gratu\u00efta fins a completar les 40 places disponibles. Els guanyadors de les proves formatives rebran un premi i tots els assistents obtindran un obsequi per la seva participaci\u00f3.<\/p>\n<p>Els professionals participants a Infarma Madrid 2018 tindran acc\u00e9s, a l&#8217;estand d&#8217;\u00c0gora Sanit\u00e0ria, a informaci\u00f3 sobre l&#8217;\u00e0mplia oferta formativa programada aquest any en la plataforma online i que es pot consultar a<span>\u00a0<\/span><a href=\"http:\/\/www.agorasanitaria.com\/\" target=\"_blank\" rel=\"noopener\">www.agorasanitaria.com<\/a><br \/>\n<strong>Reptes \u00c0gora Infarma Madrid 2018<\/strong><\/p>\n<ul>\n<li>Repte\u00a0HTA: Controlem b\u00e9 la hipertensi\u00f3?, Emilio Garc\u00eda Jim\u00e9nez<\/li>\n<li>Repte Cosm\u00e8tica\u00a0BIO: Natural o\u00a0BIO? Saps la difer\u00e8ncia?, Laura\u00a0B\u00e1rcena\u00a0Oliveros<\/li>\n<li>Repte inhaladors: Cada any surten nous dispositius, els coneixes tots?, David de Pablo Marcos<\/li>\n<li>Repto Patologies Oculars: Com ho veieu a la farm\u00e0cia?, Puy\u00a0Heredia Ochoa<\/li>\n<li>Gesti\u00f3: Claus per crear la categoria s\u00e8nior, Joan Carles Serra<\/li>\n<li>Repto Pediatria: Com afrontem el\u00a0TDAH?\u00a0Otitis, grip i vacunaci\u00f3 en pediatria, Gerard Sol\u00eds D\u00edez<\/li>\n<li>Repte \u201cInteraccions\u201d: Fitoter\u00e0pia en la persona\u00a0polimedicada, M. \u00aa Jos\u00e9 Alonso\u00a0Osorio<\/li>\n<li>Repte \u201cViatger\u201d: Destinaci\u00f3 Vietnam, Aina\u00a0Surroca<\/li>\n<\/ul>\n<p>\u00a0La plataforma de formaci\u00f3 online dels Col\u2022legis de Farmac\u00e8utics de Madrid i Barcelona proposa una competici\u00f3 de coneixement a la seva aula oberta del Congr\u00e9s i Sal\u00f3 farmac\u00e8utic<\/p>\n<p>La plataforma de formaci\u00f3 online \u00c0gora Sanit\u00e0ria estar\u00e0 present a Infarma Madrid 2018 amb un estand propi i un aula activa de formaci\u00f3, que se situaran al pavell\u00f3 2 de Ifema.<\/p>\n<p>Durant els tres dies de durada del Congr\u00e9s i Sal\u00f3 farmac\u00e8utic, \u00c0gora Sanit\u00e0ria plantejar\u00e0 als farmac\u00e8utics d&#8217;oficina de farm\u00e0cia inscrits en aquesta iniciativa una competici\u00f3 formativa on hauran de superar diferents proves de coneixement, dins d&#8217;un format d&#8217;aprenentatge l\u00fadic i pr\u00e0ctic.<\/p>\n<p>Els tutors dels vuit reptes formatius programats exposaran diferents casos sobre la pr\u00e0ctica farmac\u00e8utica di\u00e0ria i formularan una s\u00e8rie de preguntes que els assistents hauran d&#8217;anar contestant a trav\u00e9s del m\u00f2bil per despr\u00e9s analitzar en com\u00fa les respostes obtingudes. Cada cas plantejat tindr\u00e0 un temps m\u00e0xim per ser resolt, de manera que els participants aniran sumant punts en funci\u00f3 del seu encert i rapidesa en les respostes.<\/p>\n<p>Entre altres continguts, el Repte \u00c0gora abordar\u00e0 l&#8217;assist\u00e8ncia sanit\u00e0ria a nens i ancians, el tractament multidisciplinari de la hipertensi\u00f3 arterial i les seves comorbiditats, les consultes m\u00e9s freq\u00fcents en patologies oculars, o el desenvolupament de noves categories en l&#8217;oficina de farm\u00e0cia com la cosm\u00e8tica bio.<\/p>\n<p>La inscripci\u00f3 en el Repte \u00c0gora \u00e9s gratu\u00efta fins a completar les 40 places disponibles. Els guanyadors de les proves formatives rebran un premi i tots els assistents obtindran un obsequi per la seva participaci\u00f3.<\/p>\n<p>Els professionals participants a Infarma Madrid 2018 tindran acc\u00e9s, a l&#8217;estand d&#8217;\u00c0gora Sanit\u00e0ria, a informaci\u00f3 sobre l&#8217;\u00e0mplia oferta formativa programada aquest any en la plataforma online i que es pot consultar a\u00a0www.agorasanitaria.com<br \/>\nReptes \u00c0gora Infarma Madrid 2018<\/p>\n<p>\tRepte\u00a0HTA: Controlem b\u00e9 la hipertensi\u00f3?, Emilio Garc\u00eda Jim\u00e9nez<br \/>\n\tRepte Cosm\u00e8tica\u00a0BIO: Natural o\u00a0BIO? Saps la difer\u00e8ncia?, Laura\u00a0B\u00e1rcena\u00a0Oliveros<br \/>\n\tRepte inhaladors: Cada any surten nous dispositius, els coneixes tots?, David de Pablo Marcos<br \/>\n\tRepto Patologies Oculars: Com ho veieu a la farm\u00e0cia?, Puy\u00a0Heredia Ochoa<br \/>\n\tGesti\u00f3: Claus per crear la categoria s\u00e8nior, Joan Carles Serra<br \/>\n\tRepto Pediatria: Com afrontem el\u00a0TDAH?\u00a0Otitis, grip i vacunaci\u00f3 en pediatria, Gerard Sol\u00eds D\u00edez<br \/>\n\tRepte \u201cInteraccions\u201d: Fitoter\u00e0pia en la persona\u00a0polimedicada, M. \u00aa Jos\u00e9 Alonso\u00a0Osorio<br \/>\n\tRepte \u201cViatger\u201d: Destinaci\u00f3 Vietnam, Aina\u00a0Surroca\u00a0\u00a0COFB.ORG<\/p>\n","protected":false},"excerpt":{"rendered":"<p>\u00a0 La plataforma de formaci\u00f3 online dels Col\u2022legis de Farmac\u00e8utics de Madrid i Barcelona proposa una competici\u00f3 de coneixement a la seva aula oberta del Congr\u00e9s i Sal\u00f3 farmac\u00e8utic La plataforma de formaci\u00f3 online \u00c0gora Sanit\u00e0ria estar\u00e0 present a Infarma Madrid 2018 amb un estand propi i un aula activa [&hellip;]<\/p>\n","protected":false},"author":1,"featured_media":0,"comment_status":"","ping_status":"","sticky":false,"template":"","format":"standard","meta":{"_uag_custom_page_level_css":"","site-sidebar-layout":"default","site-content-layout":"","ast-site-content-layout":"default","site-content-style":"default","site-sidebar-style":"default","ast-global-header-display":"","ast-banner-title-visibility":"","ast-main-header-display":"","ast-hfb-above-header-display":"","ast-hfb-below-header-display":"","ast-hfb-mobile-header-display":"","site-post-title":"","ast-breadcrumbs-content":"","ast-featured-img":"disabled","footer-sml-layout":"","theme-transparent-header-meta":"","adv-header-id-meta":"","stick-header-meta":"","header-above-stick-meta":"","header-main-stick-meta":"","header-below-stick-meta":"","astra-migrate-meta-layouts":"default","ast-page-background-enabled":"default","ast-page-background-meta":{"desktop":{"background-color":"var(--ast-global-color-4)","background-image":"","background-repeat":"repeat","background-position":"center center","background-size":"auto","background-attachment":"scroll","background-type":"","background-media":"","overlay-type":"","overlay-color":"","overlay-opacity":"","overlay-gradient":""},"tablet":{"background-color":"","background-image":"","background-repeat":"repeat","background-position":"center center","background-size":"auto","background-attachment":"scroll","background-type":"","background-media":"","overlay-type":"","overlay-color":"","overlay-opacity":"","overlay-gradient":""},"mobile":{"background-color":"","background-image":"","background-repeat":"repeat","background-position":"center center","background-size":"auto","background-attachment":"scroll","background-type":"","background-media":"","overlay-type":"","overlay-color":"","overlay-opacity":"","overlay-gradient":""}},"ast-content-background-meta":{"desktop":{"background-color":"var(--ast-global-color-5)","background-image":"","background-repeat":"repeat","background-position":"center center","background-size":"auto","background-attachment":"scroll","background-type":"","background-media":"","overlay-type":"","overlay-color":"","overlay-opacity":"","overlay-gradient":""},"tablet":{"background-color":"var(--ast-global-color-5)","background-image":"","background-repeat":"repeat","background-position":"center center","background-size":"auto","background-attachment":"scroll","background-type":"","background-media":"","overlay-type":"","overlay-color":"","overlay-opacity":"","overlay-gradient":""},"mobile":{"background-color":"var(--ast-global-color-5)","background-image":"","background-repeat":"repeat","background-position":"center center","background-size":"auto","background-attachment":"scroll","background-type":"","background-media":"","overlay-type":"","overlay-color":"","overlay-opacity":"","overlay-gradient":""}},"footnotes":""},"categories":[1060,1066],"tags":[],"class_list":["post-77283","post","type-post","status-publish","format-standard","hentry","category-notes-premsa","category-sense-categoria-ca"],"yoast_head":"<!-- This site is optimized with the Yoast SEO plugin v22.4 - https:\/\/yoast.com\/wordpress\/plugins\/seo\/ -->\n<title>\u00c0gora Sanit\u00e0ria llan\u00e7ar\u00e0 vuit reptes formatius a Infarma Madrid 2018 - Col\u00b7legi de Farmac\u00e8utics de Barcelona<\/title>\n<meta name=\"robots\" content=\"index, follow, max-snippet:-1, max-image-preview:large, max-video-preview:-1\" \/>\n<link rel=\"canonical\" href=\"https:\/\/novaorg.cofb.net\/2018\/03\/06\/agora-sanitaria-llancara-vuit-reptes-formatius-a-infarma-madrid-2018\/\" \/>\n<meta property=\"og:locale\" content=\"ca_ES\" \/>\n<meta property=\"og:type\" content=\"article\" \/>\n<meta property=\"og:title\" content=\"\u00c0gora Sanit\u00e0ria llan\u00e7ar\u00e0 vuit reptes formatius a Infarma Madrid 2018 - Col\u00b7legi de Farmac\u00e8utics de Barcelona\" \/>\n<meta property=\"og:description\" content=\"\u00a0 La plataforma de formaci\u00f3 online dels Col\u2022legis de Farmac\u00e8utics de Madrid i Barcelona proposa una competici\u00f3 de coneixement a la seva aula oberta del Congr\u00e9s i Sal\u00f3 farmac\u00e8utic La plataforma de formaci\u00f3 online \u00c0gora Sanit\u00e0ria estar\u00e0 present a Infarma Madrid 2018 amb un estand propi i un aula activa [&hellip;]\" \/>\n<meta property=\"og:url\" content=\"https:\/\/novaorg.cofb.net\/2018\/03\/06\/agora-sanitaria-llancara-vuit-reptes-formatius-a-infarma-madrid-2018\/\" \/>\n<meta property=\"og:site_name\" content=\"Col\u00b7legi de Farmac\u00e8utics de Barcelona\" \/>\n<meta property=\"article:publisher\" content=\"https:\/\/www.facebook.com\/farmaceuticsbcn\/\" \/>\n<meta property=\"article:published_time\" content=\"2018-03-06T12:59:00+00:00\" \/>\n<meta name=\"author\" content=\"wpAdminCofbOrg\" \/>\n<meta name=\"twitter:card\" content=\"summary_large_image\" \/>\n<meta name=\"twitter:creator\" content=\"@farmaceuticsbcn\" \/>\n<meta name=\"twitter:site\" content=\"@farmaceuticsbcn\" \/>\n<meta name=\"twitter:label1\" content=\"Escrit per\" \/>\n\t<meta name=\"twitter:data1\" content=\"wpAdminCofbOrg\" \/>\n\t<meta name=\"twitter:label2\" content=\"Temps estimat de lectura\" \/>\n\t<meta name=\"twitter:data2\" content=\"4 minuts\" \/>\n<script type=\"application\/ld+json\" class=\"yoast-schema-graph\">{\"@context\":\"https:\/\/schema.org\",\"@graph\":[{\"@type\":\"Article\",\"@id\":\"https:\/\/novaorg.cofb.net\/2018\/03\/06\/agora-sanitaria-llancara-vuit-reptes-formatius-a-infarma-madrid-2018\/#article\",\"isPartOf\":{\"@id\":\"https:\/\/novaorg.cofb.net\/2018\/03\/06\/agora-sanitaria-llancara-vuit-reptes-formatius-a-infarma-madrid-2018\/\"},\"author\":{\"name\":\"wpAdminCofbOrg\",\"@id\":\"https:\/\/www.cofb.org\/#\/schema\/person\/22ed7eea88da74b0fa4d3154ad87ffcb\"},\"headline\":\"\u00c0gora Sanit\u00e0ria llan\u00e7ar\u00e0 vuit reptes formatius a Infarma Madrid 2018\",\"datePublished\":\"2018-03-06T12:59:00+00:00\",\"dateModified\":\"2018-03-06T12:59:00+00:00\",\"mainEntityOfPage\":{\"@id\":\"https:\/\/novaorg.cofb.net\/2018\/03\/06\/agora-sanitaria-llancara-vuit-reptes-formatius-a-infarma-madrid-2018\/\"},\"wordCount\":851,\"publisher\":{\"@id\":\"https:\/\/www.cofb.org\/#organization\"},\"articleSection\":[\"Notes de premsa\"],\"inLanguage\":\"ca\"},{\"@type\":\"WebPage\",\"@id\":\"https:\/\/novaorg.cofb.net\/2018\/03\/06\/agora-sanitaria-llancara-vuit-reptes-formatius-a-infarma-madrid-2018\/\",\"url\":\"https:\/\/novaorg.cofb.net\/2018\/03\/06\/agora-sanitaria-llancara-vuit-reptes-formatius-a-infarma-madrid-2018\/\",\"name\":\"\u00c0gora Sanit\u00e0ria llan\u00e7ar\u00e0 vuit reptes formatius a Infarma Madrid 2018 - Col\u00b7legi de Farmac\u00e8utics de Barcelona\",\"isPartOf\":{\"@id\":\"https:\/\/www.cofb.org\/#website\"},\"datePublished\":\"2018-03-06T12:59:00+00:00\",\"dateModified\":\"2018-03-06T12:59:00+00:00\",\"breadcrumb\":{\"@id\":\"https:\/\/novaorg.cofb.net\/2018\/03\/06\/agora-sanitaria-llancara-vuit-reptes-formatius-a-infarma-madrid-2018\/#breadcrumb\"},\"inLanguage\":\"ca\",\"potentialAction\":[{\"@type\":\"ReadAction\",\"target\":[\"https:\/\/novaorg.cofb.net\/2018\/03\/06\/agora-sanitaria-llancara-vuit-reptes-formatius-a-infarma-madrid-2018\/\"]}]},{\"@type\":\"BreadcrumbList\",\"@id\":\"https:\/\/novaorg.cofb.net\/2018\/03\/06\/agora-sanitaria-llancara-vuit-reptes-formatius-a-infarma-madrid-2018\/#breadcrumb\",\"itemListElement\":[{\"@type\":\"ListItem\",\"position\":1,\"name\":\"Inici\",\"item\":\"https:\/\/novaorg.cofb.net\/\"},{\"@type\":\"ListItem\",\"position\":2,\"name\":\"\u00c0gora Sanit\u00e0ria llan\u00e7ar\u00e0 vuit reptes formatius a Infarma Madrid 2018\"}]},{\"@type\":\"WebSite\",\"@id\":\"https:\/\/www.cofb.org\/#website\",\"url\":\"https:\/\/www.cofb.org\/\",\"name\":\"Col\u00b7legi de Farmac\u00e8utics de Barcelona\",\"description\":\"\",\"publisher\":{\"@id\":\"https:\/\/www.cofb.org\/#organization\"},\"potentialAction\":[{\"@type\":\"SearchAction\",\"target\":{\"@type\":\"EntryPoint\",\"urlTemplate\":\"https:\/\/www.cofb.org\/?s={search_term_string}\"},\"query-input\":\"required name=search_term_string\"}],\"inLanguage\":\"ca\"},{\"@type\":\"Organization\",\"@id\":\"https:\/\/www.cofb.org\/#organization\",\"name\":\"Col\u00b7legi de Farmac\u00e8utics de Barcelona\",\"url\":\"https:\/\/www.cofb.org\/\",\"logo\":{\"@type\":\"ImageObject\",\"inLanguage\":\"ca\",\"@id\":\"https:\/\/www.cofb.org\/#\/schema\/logo\/image\/\",\"url\":\"https:\/\/www.cofb.org\/wp-content\/uploads\/2023\/11\/cropped-Logotip-COFB.png\",\"contentUrl\":\"https:\/\/www.cofb.org\/wp-content\/uploads\/2023\/11\/cropped-Logotip-COFB.png\",\"width\":500,\"height\":105,\"caption\":\"Col\u00b7legi de Farmac\u00e8utics de Barcelona\"},\"image\":{\"@id\":\"https:\/\/www.cofb.org\/#\/schema\/logo\/image\/\"},\"sameAs\":[\"https:\/\/www.facebook.com\/farmaceuticsbcn\/\",\"https:\/\/twitter.com\/farmaceuticsbcn\",\"https:\/\/www.instagram.com\/farmaceuticsbcn\/\",\"https:\/\/www.linkedin.com\/company\/farmaceuticsbcn\/\"]},{\"@type\":\"Person\",\"@id\":\"https:\/\/www.cofb.org\/#\/schema\/person\/22ed7eea88da74b0fa4d3154ad87ffcb\",\"name\":\"wpAdminCofbOrg\",\"image\":{\"@type\":\"ImageObject\",\"inLanguage\":\"ca\",\"@id\":\"https:\/\/www.cofb.org\/#\/schema\/person\/image\/\",\"url\":\"https:\/\/secure.gravatar.com\/avatar\/1721b20b3b8ca882c3b56ec6c978c594fff670e40c0718e9190eaeeb76aae7d8?s=96&d=mm&r=g\",\"contentUrl\":\"https:\/\/secure.gravatar.com\/avatar\/1721b20b3b8ca882c3b56ec6c978c594fff670e40c0718e9190eaeeb76aae7d8?s=96&d=mm&r=g\",\"caption\":\"wpAdminCofbOrg\"},\"sameAs\":[\"http:\/\/192.168.64.122\/wordpress\"],\"url\":\"https:\/\/www.cofb.org\/ca\/author\/wpadmincofborg\/\"}]}<\/script>\n<!-- \/ Yoast SEO plugin. -->","yoast_head_json":{"title":"\u00c0gora Sanit\u00e0ria llan\u00e7ar\u00e0 vuit reptes formatius a Infarma Madrid 2018 - Col\u00b7legi de Farmac\u00e8utics de Barcelona","robots":{"index":"index","follow":"follow","max-snippet":"max-snippet:-1","max-image-preview":"max-image-preview:large","max-video-preview":"max-video-preview:-1"},"canonical":"https:\/\/novaorg.cofb.net\/2018\/03\/06\/agora-sanitaria-llancara-vuit-reptes-formatius-a-infarma-madrid-2018\/","og_locale":"ca_ES","og_type":"article","og_title":"\u00c0gora Sanit\u00e0ria llan\u00e7ar\u00e0 vuit reptes formatius a Infarma Madrid 2018 - Col\u00b7legi de Farmac\u00e8utics de Barcelona","og_description":"\u00a0 La plataforma de formaci\u00f3 online dels Col\u2022legis de Farmac\u00e8utics de Madrid i Barcelona proposa una competici\u00f3 de coneixement a la seva aula oberta del Congr\u00e9s i Sal\u00f3 farmac\u00e8utic La plataforma de formaci\u00f3 online \u00c0gora Sanit\u00e0ria estar\u00e0 present a Infarma Madrid 2018 amb un estand propi i un aula activa [&hellip;]","og_url":"https:\/\/novaorg.cofb.net\/2018\/03\/06\/agora-sanitaria-llancara-vuit-reptes-formatius-a-infarma-madrid-2018\/","og_site_name":"Col\u00b7legi de Farmac\u00e8utics de Barcelona","article_publisher":"https:\/\/www.facebook.com\/farmaceuticsbcn\/","article_published_time":"2018-03-06T12:59:00+00:00","author":"wpAdminCofbOrg","twitter_card":"summary_large_image","twitter_creator":"@farmaceuticsbcn","twitter_site":"@farmaceuticsbcn","twitter_misc":{"Escrit per":"wpAdminCofbOrg","Temps estimat de lectura":"4 minuts"},"schema":{"@context":"https:\/\/schema.org","@graph":[{"@type":"Article","@id":"https:\/\/novaorg.cofb.net\/2018\/03\/06\/agora-sanitaria-llancara-vuit-reptes-formatius-a-infarma-madrid-2018\/#article","isPartOf":{"@id":"https:\/\/novaorg.cofb.net\/2018\/03\/06\/agora-sanitaria-llancara-vuit-reptes-formatius-a-infarma-madrid-2018\/"},"author":{"name":"wpAdminCofbOrg","@id":"https:\/\/www.cofb.org\/#\/schema\/person\/22ed7eea88da74b0fa4d3154ad87ffcb"},"headline":"\u00c0gora Sanit\u00e0ria llan\u00e7ar\u00e0 vuit reptes formatius a Infarma Madrid 2018","datePublished":"2018-03-06T12:59:00+00:00","dateModified":"2018-03-06T12:59:00+00:00","mainEntityOfPage":{"@id":"https:\/\/novaorg.cofb.net\/2018\/03\/06\/agora-sanitaria-llancara-vuit-reptes-formatius-a-infarma-madrid-2018\/"},"wordCount":851,"publisher":{"@id":"https:\/\/www.cofb.org\/#organization"},"articleSection":["Notes de premsa"],"inLanguage":"ca"},{"@type":"WebPage","@id":"https:\/\/novaorg.cofb.net\/2018\/03\/06\/agora-sanitaria-llancara-vuit-reptes-formatius-a-infarma-madrid-2018\/","url":"https:\/\/novaorg.cofb.net\/2018\/03\/06\/agora-sanitaria-llancara-vuit-reptes-formatius-a-infarma-madrid-2018\/","name":"\u00c0gora Sanit\u00e0ria llan\u00e7ar\u00e0 vuit reptes formatius a Infarma Madrid 2018 - Col\u00b7legi de Farmac\u00e8utics de Barcelona","isPartOf":{"@id":"https:\/\/www.cofb.org\/#website"},"datePublished":"2018-03-06T12:59:00+00:00","dateModified":"2018-03-06T12:59:00+00:00","breadcrumb":{"@id":"https:\/\/novaorg.cofb.net\/2018\/03\/06\/agora-sanitaria-llancara-vuit-reptes-formatius-a-infarma-madrid-2018\/#breadcrumb"},"inLanguage":"ca","potentialAction":[{"@type":"ReadAction","target":["https:\/\/novaorg.cofb.net\/2018\/03\/06\/agora-sanitaria-llancara-vuit-reptes-formatius-a-infarma-madrid-2018\/"]}]},{"@type":"BreadcrumbList","@id":"https:\/\/novaorg.cofb.net\/2018\/03\/06\/agora-sanitaria-llancara-vuit-reptes-formatius-a-infarma-madrid-2018\/#breadcrumb","itemListElement":[{"@type":"ListItem","position":1,"name":"Inici","item":"https:\/\/novaorg.cofb.net\/"},{"@type":"ListItem","position":2,"name":"\u00c0gora Sanit\u00e0ria llan\u00e7ar\u00e0 vuit reptes formatius a Infarma Madrid 2018"}]},{"@type":"WebSite","@id":"https:\/\/www.cofb.org\/#website","url":"https:\/\/www.cofb.org\/","name":"Col\u00b7legi de Farmac\u00e8utics de Barcelona","description":"","publisher":{"@id":"https:\/\/www.cofb.org\/#organization"},"potentialAction":[{"@type":"SearchAction","target":{"@type":"EntryPoint","urlTemplate":"https:\/\/www.cofb.org\/?s={search_term_string}"},"query-input":"required name=search_term_string"}],"inLanguage":"ca"},{"@type":"Organization","@id":"https:\/\/www.cofb.org\/#organization","name":"Col\u00b7legi de Farmac\u00e8utics de Barcelona","url":"https:\/\/www.cofb.org\/","logo":{"@type":"ImageObject","inLanguage":"ca","@id":"https:\/\/www.cofb.org\/#\/schema\/logo\/image\/","url":"https:\/\/www.cofb.org\/wp-content\/uploads\/2023\/11\/cropped-Logotip-COFB.png","contentUrl":"https:\/\/www.cofb.org\/wp-content\/uploads\/2023\/11\/cropped-Logotip-COFB.png","width":500,"height":105,"caption":"Col\u00b7legi de Farmac\u00e8utics de Barcelona"},"image":{"@id":"https:\/\/www.cofb.org\/#\/schema\/logo\/image\/"},"sameAs":["https:\/\/www.facebook.com\/farmaceuticsbcn\/","https:\/\/twitter.com\/farmaceuticsbcn","https:\/\/www.instagram.com\/farmaceuticsbcn\/","https:\/\/www.linkedin.com\/company\/farmaceuticsbcn\/"]},{"@type":"Person","@id":"https:\/\/www.cofb.org\/#\/schema\/person\/22ed7eea88da74b0fa4d3154ad87ffcb","name":"wpAdminCofbOrg","image":{"@type":"ImageObject","inLanguage":"ca","@id":"https:\/\/www.cofb.org\/#\/schema\/person\/image\/","url":"https:\/\/secure.gravatar.com\/avatar\/1721b20b3b8ca882c3b56ec6c978c594fff670e40c0718e9190eaeeb76aae7d8?s=96&d=mm&r=g","contentUrl":"https:\/\/secure.gravatar.com\/avatar\/1721b20b3b8ca882c3b56ec6c978c594fff670e40c0718e9190eaeeb76aae7d8?s=96&d=mm&r=g","caption":"wpAdminCofbOrg"},"sameAs":["http:\/\/192.168.64.122\/wordpress"],"url":"https:\/\/www.cofb.org\/ca\/author\/wpadmincofborg\/"}]}},"uagb_featured_image_src":{"full":false,"thumbnail":false,"medium":false,"medium_large":false,"large":false,"1536x1536":false,"2048x2048":false,"trp-custom-language-flag":false},"uagb_author_info":{"display_name":"wpAdminCofbOrg","author_link":"https:\/\/www.cofb.org\/ca\/author\/wpadmincofborg\/"},"uagb_comment_info":0,"uagb_excerpt":"\u00a0 La plataforma de formaci\u00f3 online dels Col\u2022legis de Farmac\u00e8utics de Madrid i Barcelona proposa una competici\u00f3 de coneixement a la seva aula oberta del Congr\u00e9s i Sal\u00f3 farmac\u00e8utic La plataforma de formaci\u00f3 online \u00c0gora Sanit\u00e0ria estar\u00e0 present a Infarma Madrid 2018 amb un estand propi i un aula activa [&hellip;]","_links":{"self":[{"href":"https:\/\/www.cofb.org\/ca\/wp-json\/wp\/v2\/posts\/77283","targetHints":{"allow":["GET"]}}],"collection":[{"href":"https:\/\/www.cofb.org\/ca\/wp-json\/wp\/v2\/posts"}],"about":[{"href":"https:\/\/www.cofb.org\/ca\/wp-json\/wp\/v2\/types\/post"}],"author":[{"embeddable":true,"href":"https:\/\/www.cofb.org\/ca\/wp-json\/wp\/v2\/users\/1"}],"replies":[{"embeddable":true,"href":"https:\/\/www.cofb.org\/ca\/wp-json\/wp\/v2\/comments?post=77283"}],"version-history":[{"count":0,"href":"https:\/\/www.cofb.org\/ca\/wp-json\/wp\/v2\/posts\/77283\/revisions"}],"wp:attachment":[{"href":"https:\/\/www.cofb.org\/ca\/wp-json\/wp\/v2\/media?parent=77283"}],"wp:term":[{"taxonomy":"category","embeddable":true,"href":"https:\/\/www.cofb.org\/ca\/wp-json\/wp\/v2\/categories?post=77283"},{"taxonomy":"post_tag","embeddable":true,"href":"https:\/\/www.cofb.org\/ca\/wp-json\/wp\/v2\/tags?post=77283"}],"curies":[{"name":"wp","href":"https:\/\/api.w.org\/{rel}","templated":true}]}}