{"id":77280,"date":"2018-03-13T13:47:00","date_gmt":"2018-03-13T13:47:00","guid":{"rendered":"https:\/\/novaorg.cofb.net\/2018\/03\/13\/el-conseller-de-sanitat-de-madrid-planteja-crear-grups-de-treball-amb-el-cofm-per-analitzar-les-necessitats-economiques-de-la-farmacia\/"},"modified":"2018-03-13T13:47:00","modified_gmt":"2018-03-13T13:47:00","slug":"el-conseller-de-sanitat-de-madrid-planteja-crear-grups-de-treball-amb-el-cofm-per-analitzar-les-necessitats-economiques-de-la-farmacia","status":"publish","type":"post","link":"https:\/\/www.cofb.org\/ca\/2018\/03\/13\/el-conseller-de-sanitat-de-madrid-planteja-crear-grups-de-treball-amb-el-cofm-per-analitzar-les-necessitats-economiques-de-la-farmacia\/","title":{"rendered":"El conseller de Sanitat de Madrid planteja crear grups de treball amb el COFM per analitzar les necessitats econ\u00f2miques de la Farm\u00e0cia"},"content":{"rendered":"<p>\u00a0<\/p>\n<ul>\n<li><strong>Enrique Ruiz Escudero inaugura Infarma Madrid 2018 i destaca que \u201c\u00e9s la cita professional m\u00e9s important del calendari\u201d<\/strong><\/li>\n<li><strong>Sergio Scariolo imparteix la confer\u00e8ncia inaugural del Congr\u00e9s i ressalta els valors del lideratge, aix\u00ed com la const\u00e0ncia i preparaci\u00f3 com a bases de l&#8217;\u00e8xit<\/strong><\/li>\n<\/ul>\n<div>El conseller de Sanitat de la Comunitat de Madrid, Enrique Ruiz Escudero, ha inaugurat avui Infarma Madrid 2018, el Congr\u00e9s i Sal\u00f3 farmac\u00e8utic que organitzen els col\u2022legis oficials de farmac\u00e8utics de Madrid i Barcelona i que reunir\u00e0 durant tres dies a prop de 30.000 professionals i 400 empreses en el recinte firal de Ifema.<\/p>\n<p>El conseller ha destacat que Infarma s&#8217;ha convertit \u201cen la cita m\u00e9s important del calendari gr\u00e0cies al treball conjunt dels dos col\u2022legis\u201d. Enrique Ruiz ha destacat tamb\u00e9 la col\u2022laboraci\u00f3 amb el Col\u2022legi de Madrid en la nova llei de farm\u00e0cia de la Comunitat de Madrid, que \u201cva a potenciar el car\u00e0cter assistencial i el paper del farmac\u00e8utic com a agent de salut. Aix\u00ed mateix ha plantejat crear grups de treball amb el Col\u2022legi per analitzar les necessitats econ\u00f2miques de la farm\u00e0cia.<\/p>\n<p>El conseller ha estat acompanyat del president del Col\u2022legi Oficial de Farmac\u00e8utics de Madrid i del Comit\u00e8 Organitzador de Infarma, Luis Gonz\u00e1lez D\u00edez; de la vicepresidenta del Col\u2022legi de Farmac\u00e8utics de Barcelona, N\u00faria Bosch Sagrera; el president del Consell General de Col\u2022legis Oficials Farmac\u00e8utics, Jes\u00fas Aguilar Santamar\u00eda; i el vocal de Farm\u00e0cia del COFM i director del Congr\u00e9s, \u00d3scar L\u00f3pez Moreno.<\/p>\n<p>Durant la seva intervenci\u00f3, Luis Gonz\u00e1lez ha agra\u00eft al Govern madrileny \u201cel comprom\u00eds ferm amb la farm\u00e0cia i els seus professionals\u201d. Tamb\u00e9 ha ressaltat la uni\u00f3 d&#8217;esfor\u00e7os entre els dos col\u2022legis farmac\u00e8utics que ha perm\u00e8s generar \u201cm\u00e9s valor, nou coneixement i m\u00e9s oportunitats\u201d per als professionals i empreses participants a Infarma. El president del Comit\u00e8 Organitzador ha avan\u00e7at les novetats del Congr\u00e9s, com els nous espais d\u2019 InfarmaInnova, Iniciatives d&#8217;\u00e8xit o el comprom\u00eds social d\u2019Infarma Solidari, i ha assenyalat que el Congr\u00e9s \u201caspira a canviar les formes de fer Farm\u00e0cia a trav\u00e9s de la gesti\u00f3, de la tecnologia i de la formaci\u00f3 professional, amb la finalitat de millorar la realitat del nostre sector i construir el futur que volem els seus professionals\u201d.<\/p>\n<p>Per la seva banda, N\u00faria Bosch ha incidit en el 30 aniversari de Infarma que el Congr\u00e9s \u201c\u00e9s el punt de trobada del sector per seguir avan\u00e7ant com a professionals\u201d, una cita que ha sabut adaptar-se a les necessitats del sector i que ha definit com a \u201c\u00fatil, enriquidora i vital\u201d.<\/p>\n<p>Jes\u00fas Aguilar ha posat en valor la capacitat de vertebraci\u00f3 de la xarxa d&#8217;oficines de m\u00e9s de 22.000 farm\u00e0cies, una xarxa que genera el 0,97 per cent del PIB i m\u00e9s de 80.000 llocs de treball directes, una ocupaci\u00f3 estable, femen\u00ed, jove i qualificat, segons ha apuntat. Aguilar ha demanat el suport de l&#8217;Administraci\u00f3 per avan\u00e7ar en l&#8217;aposta per una farm\u00e0cia assistencial i innovadora que est\u00e0 realitzant el sector i ha posat a la Comunitat de Madrid com a exemple de bona relaci\u00f3 i sintonia per treballar junts per la salut dels ciutadans.<\/p>\n<p>Finalment, \u00d3scar L\u00f3pez ha subratllat l&#8217;oportunitat que suposa el Congr\u00e9s per actualitzar coneixements i aplicar noves idees a la pr\u00e0ctica farmac\u00e8utica. Amb aquest objectiu, Infarma Madrid 2018 obrir\u00e0 dos nous espais per promoure l\u2019emprenedoria digital del sector i aprendre de les experi\u00e8ncies i iniciatives d&#8217;\u00e8xit desenvolupades per la professi\u00f3. A m\u00e9s ha recordat l&#8217;organitzaci\u00f3 Infarma Solidari juntament amb l&#8217;ONG Farmamundi, amb la qual es pret\u00e9n recaptar fons per assistir a la poblaci\u00f3 refugiada de Sudan del Sud.<\/p>\n<p>Durant tres dies, est\u00e0 previst que m\u00e9s de 30.000 professionals visitin els tres pavellons firals de Ifema, on es desenvolupar\u00e0 el Congr\u00e9s i es desplegaran els estands de 387 empreses del sector en una superf\u00edcie firal de 35.000 metres quadrats.<\/p>\n<p><strong>Sergio Scariolo inaugura el Congr\u00e9s<\/strong><br \/>\nEl seleccionador nacional de B\u00e0squet, Sergio Scariolo, ha impartit la confer\u00e8ncia inaugural que obre de forma oficial un programa cient\u00edfic amb 112 confer\u00e8ncies i 194 ponents. En una sala plena de p\u00fablic, Scariolo ha relatat la seva experi\u00e8ncia de gaireb\u00e9 40 anys al capdavant d&#8217;equips d&#8217;elit, recorrent a exemples pr\u00e0ctics que aporten valors positius a les persones, independentment de la seva activitat professional. Durant la seva intervenci\u00f3, titulada \u2018Preparaci\u00f3 i comunicaci\u00f3 com a base de tot\u2019, el seleccionador ha incidit en la preparaci\u00f3 te\u00f2rica i pr\u00e0ctica com a base per liderar l&#8217;actuaci\u00f3 d&#8217;un grup, tenint en compte, ha puntualitzat, que \u201cla credibilitat del l\u00edder passa no necess\u00e0riament per saber-ho tot, sin\u00f3 per saber respondre d&#8217;una forma correcta a cada problema que pugui sorgir\u201d.<\/p>\n<p>Scariolo ha subratllat la import\u00e0ncia dels valors en la gesti\u00f3 d&#8217;un grup. \u201c\u00c9s molt complicat coordinar aquests esfor\u00e7os i talents, liderar sense que siguis una persona a qui li importen els altres, conrear la capacitat de veure el costat positiu, la qual cosa puc apreciar en cada persona que m&#8217;envolta\u201d, ha apuntat.<\/p>\n<p>Aix\u00ed mateix ha incidit en l&#8217;actitud personal i la const\u00e0ncia: \u201cel primer que ha de portar a la feina una actitud correcta s\u00f3c jo\u201d perqu\u00e8 &#8220;el que ens distingeix \u00e9s la capacitat de fer-ho tots els dies, el comprom\u00eds amb el teu ofici, la passi\u00f3 de no fallar mai, de no baixar d&#8217;un est\u00e0ndard professional i intentar mantenir aquest nivell perqu\u00e8 et vegin com una persona fiable tots els dies&#8221; . En la confian\u00e7a: \u201cEl que es diu en el vestuari o una reuni\u00f3 no surt d&#8217;aqu\u00ed, cal confiar en la lleialtat, crear un clima de confian\u00e7a\u201d. S\u00f3n atributs de cara a la gesti\u00f3 per \u201cpoder ser una refer\u00e8ncia cre\u00efble, perqu\u00e8 aquesta persona es vegi com un l\u00edder cre\u00efble\u201d, ha assegurat el seleccionador nacional.<\/p>\n<\/div>\n<p>\u00a0Enrique Ruiz Escudero inaugura Infarma Madrid 2018 i destaca que \u201c\u00e9s la cita professional m\u00e9s important del calendari\u201d<br \/>\n\tSergio Scariolo imparteix la confer\u00e8ncia inaugural del Congr\u00e9s i ressalta els valors del lideratge, aix\u00ed com la const\u00e0ncia i preparaci\u00f3 com a bases de l&#8217;\u00e8xit<\/p>\n<p>El conseller de Sanitat de la Comunitat de Madrid, Enrique Ruiz Escudero, ha inaugurat avui Infarma Madrid 2018, el Congr\u00e9s i Sal\u00f3 farmac\u00e8utic que organitzen els col\u2022legis oficials de farmac\u00e8utics de Madrid i Barcelona i que reunir\u00e0 durant tres dies a prop de 30.000 professionals i 400 empreses en el recinte firal de Ifema.<br \/>\nEl conseller ha destacat que Infarma s&#8217;ha convertit \u201cen la cita m\u00e9s important del calendari gr\u00e0cies al treball conjunt dels dos col\u2022legis\u201d. Enrique Ruiz ha destacat tamb\u00e9 la col\u2022laboraci\u00f3 amb el Col\u2022legi de Madrid en la nova llei de farm\u00e0cia de la Comunitat de Madrid, que \u201cva a potenciar el car\u00e0cter assistencial i el paper del farmac\u00e8utic com a agent de salut. Aix\u00ed mateix ha plantejat crear grups de treball amb el Col\u2022legi per analitzar les necessitats econ\u00f2miques de la farm\u00e0cia.<\/p>\n<p>El conseller ha estat acompanyat del president del Col\u2022legi Oficial de Farmac\u00e8utics de Madrid i del Comit\u00e8 Organitzador de Infarma, Luis Gonz\u00e1lez D\u00edez; de la vicepresidenta del Col\u2022legi de Farmac\u00e8utics de Barcelona, N\u00faria Bosch Sagrera; el president del Consell General de Col\u2022legis Oficials Farmac\u00e8utics, Jes\u00fas Aguilar Santamar\u00eda; i el vocal de Farm\u00e0cia del COFM i director del Congr\u00e9s, \u00d3scar L\u00f3pez Moreno.<\/p>\n<p>Durant la seva intervenci\u00f3, Luis Gonz\u00e1lez ha agra\u00eft al Govern madrileny \u201cel comprom\u00eds ferm amb la farm\u00e0cia i els seus professionals\u201d. Tamb\u00e9 ha ressaltat la uni\u00f3 d&#8217;esfor\u00e7os entre els dos col\u2022legis farmac\u00e8utics que ha perm\u00e8s generar \u201cm\u00e9s valor, nou coneixement i m\u00e9s oportunitats\u201d per als professionals i empreses participants a Infarma. El president del Comit\u00e8 Organitzador ha avan\u00e7at les novetats del Congr\u00e9s, com els nous espais d\u2019 InfarmaInnova, Iniciatives d&#8217;\u00e8xit o el comprom\u00eds social d\u2019Infarma Solidari, i ha assenyalat que el Congr\u00e9s \u201caspira a canviar les formes de fer Farm\u00e0cia a trav\u00e9s de la gesti\u00f3, de la tecnologia i de la formaci\u00f3 professional, amb la finalitat de millorar la realitat del nostre sector i construir el futur que volem els seus professionals\u201d.<\/p>\n<p>Per la seva banda, N\u00faria Bosch ha incidit en el 30 aniversari de Infarma que el Congr\u00e9s \u201c\u00e9s el punt de trobada del sector per seguir avan\u00e7ant com a professionals\u201d, una cita que ha sabut adaptar-se a les necessitats del sector i que ha definit com a \u201c\u00fatil, enriquidora i vital\u201d.<\/p>\n<p>Jes\u00fas Aguilar ha posat en valor la capacitat de vertebraci\u00f3 de la xarxa d&#8217;oficines de m\u00e9s de 22.000 farm\u00e0cies, una xarxa que genera el 0,97 per cent del PIB i m\u00e9s de 80.000 llocs de treball directes, una ocupaci\u00f3 estable, femen\u00ed, jove i qualificat, segons ha apuntat. Aguilar ha demanat el suport de l&#8217;Administraci\u00f3 per avan\u00e7ar en l&#8217;aposta per una farm\u00e0cia assistencial i innovadora que est\u00e0 realitzant el sector i ha posat a la Comunitat de Madrid com a exemple de bona relaci\u00f3 i sintonia per treballar junts per la salut dels ciutadans.<\/p>\n<p>Finalment, \u00d3scar L\u00f3pez ha subratllat l&#8217;oportunitat que suposa el Congr\u00e9s per actualitzar coneixements i aplicar noves idees a la pr\u00e0ctica farmac\u00e8utica. Amb aquest objectiu, Infarma Madrid 2018 obrir\u00e0 dos nous espais per promoure l\u2019emprenedoria digital del sector i aprendre de les experi\u00e8ncies i iniciatives d&#8217;\u00e8xit desenvolupades per la professi\u00f3. A m\u00e9s ha recordat l&#8217;organitzaci\u00f3 Infarma Solidari juntament amb l&#8217;ONG Farmamundi, amb la qual es pret\u00e9n recaptar fons per assistir a la poblaci\u00f3 refugiada de Sudan del Sud.<\/p>\n<p>Durant tres dies, est\u00e0 previst que m\u00e9s de 30.000 professionals visitin els tres pavellons firals de Ifema, on es desenvolupar\u00e0 el Congr\u00e9s i es desplegaran els estands de 387 empreses del sector en una superf\u00edcie firal de 35.000 metres quadrats.<\/p>\n<p>Sergio Scariolo inaugura el Congr\u00e9s<br \/>\nEl seleccionador nacional de B\u00e0squet, Sergio Scariolo, ha impartit la confer\u00e8ncia inaugural que obre de forma oficial un programa cient\u00edfic amb 112 confer\u00e8ncies i 194 ponents. En una sala plena de p\u00fablic, Scariolo ha relatat la seva experi\u00e8ncia de gaireb\u00e9 40 anys al capdavant d&#8217;equips d&#8217;elit, recorrent a exemples pr\u00e0ctics que aporten valors positius a les persones, independentment de la seva activitat professional. Durant la seva intervenci\u00f3, titulada \u2018Preparaci\u00f3 i comunicaci\u00f3 com a base de tot\u2019, el seleccionador ha incidit en la preparaci\u00f3 te\u00f2rica i pr\u00e0ctica com a base per liderar l&#8217;actuaci\u00f3 d&#8217;un grup, tenint en compte, ha puntualitzat, que \u201cla credibilitat del l\u00edder passa no necess\u00e0riament per saber-ho tot, sin\u00f3 per saber respondre d&#8217;una forma correcta a cada problema que pugui sorgir\u201d.<\/p>\n<p>Scariolo ha subratllat la import\u00e0ncia dels valors en la gesti\u00f3 d&#8217;un grup. \u201c\u00c9s molt complicat coordinar aquests esfor\u00e7os i talents, liderar sense que siguis una persona a qui li importen els altres, conrear la capacitat de veure el costat positiu, la qual cosa puc apreciar en cada persona que m&#8217;envolta\u201d, ha apuntat.<\/p>\n<p>Aix\u00ed mateix ha incidit en l&#8217;actitud personal i la const\u00e0ncia: \u201cel primer que ha de portar a la feina una actitud correcta s\u00f3c jo\u201d perqu\u00e8 &#8220;el que ens distingeix \u00e9s la capacitat de fer-ho tots els dies, el comprom\u00eds amb el teu ofici, la passi\u00f3 de no fallar mai, de no baixar d&#8217;un est\u00e0ndard professional i intentar mantenir aquest nivell perqu\u00e8 et vegin com una persona fiable tots els dies&#8221; . En la confian\u00e7a: \u201cEl que es diu en el vestuari o una reuni\u00f3 no surt d&#8217;aqu\u00ed, cal confiar en la lleialtat, crear un clima de confian\u00e7a\u201d. S\u00f3n atributs de cara a la gesti\u00f3 per \u201cpoder ser una refer\u00e8ncia cre\u00efble, perqu\u00e8 aquesta persona es vegi com un l\u00edder cre\u00efble\u201d, ha assegurat el seleccionador nacional.\u00a0\u00a0COFB.ORG<\/p>\n","protected":false},"excerpt":{"rendered":"<p>\u00a0 Enrique Ruiz Escudero inaugura Infarma Madrid 2018 i destaca que \u201c\u00e9s la cita professional m\u00e9s important del calendari\u201d Sergio Scariolo imparteix la confer\u00e8ncia inaugural del Congr\u00e9s i ressalta els valors del lideratge, aix\u00ed com la const\u00e0ncia i preparaci\u00f3 com a bases de l&#8217;\u00e8xit El conseller de Sanitat de la [&hellip;]<\/p>\n","protected":false},"author":1,"featured_media":0,"comment_status":"","ping_status":"","sticky":false,"template":"","format":"standard","meta":{"_uag_custom_page_level_css":"","site-sidebar-layout":"default","site-content-layout":"","ast-site-content-layout":"default","site-content-style":"default","site-sidebar-style":"default","ast-global-header-display":"","ast-banner-title-visibility":"","ast-main-header-display":"","ast-hfb-above-header-display":"","ast-hfb-below-header-display":"","ast-hfb-mobile-header-display":"","site-post-title":"","ast-breadcrumbs-content":"","ast-featured-img":"disabled","footer-sml-layout":"","theme-transparent-header-meta":"","adv-header-id-meta":"","stick-header-meta":"","header-above-stick-meta":"","header-main-stick-meta":"","header-below-stick-meta":"","astra-migrate-meta-layouts":"default","ast-page-background-enabled":"default","ast-page-background-meta":{"desktop":{"background-color":"var(--ast-global-color-4)","background-image":"","background-repeat":"repeat","background-position":"center center","background-size":"auto","background-attachment":"scroll","background-type":"","background-media":"","overlay-type":"","overlay-color":"","overlay-opacity":"","overlay-gradient":""},"tablet":{"background-color":"","background-image":"","background-repeat":"repeat","background-position":"center center","background-size":"auto","background-attachment":"scroll","background-type":"","background-media":"","overlay-type":"","overlay-color":"","overlay-opacity":"","overlay-gradient":""},"mobile":{"background-color":"","background-image":"","background-repeat":"repeat","background-position":"center center","background-size":"auto","background-attachment":"scroll","background-type":"","background-media":"","overlay-type":"","overlay-color":"","overlay-opacity":"","overlay-gradient":""}},"ast-content-background-meta":{"desktop":{"background-color":"var(--ast-global-color-5)","background-image":"","background-repeat":"repeat","background-position":"center center","background-size":"auto","background-attachment":"scroll","background-type":"","background-media":"","overlay-type":"","overlay-color":"","overlay-opacity":"","overlay-gradient":""},"tablet":{"background-color":"var(--ast-global-color-5)","background-image":"","background-repeat":"repeat","background-position":"center center","background-size":"auto","background-attachment":"scroll","background-type":"","background-media":"","overlay-type":"","overlay-color":"","overlay-opacity":"","overlay-gradient":""},"mobile":{"background-color":"var(--ast-global-color-5)","background-image":"","background-repeat":"repeat","background-position":"center center","background-size":"auto","background-attachment":"scroll","background-type":"","background-media":"","overlay-type":"","overlay-color":"","overlay-opacity":"","overlay-gradient":""}},"footnotes":""},"categories":[1060,1066],"tags":[],"class_list":["post-77280","post","type-post","status-publish","format-standard","hentry","category-notes-premsa","category-sense-categoria-ca"],"yoast_head":"<!-- This site is optimized with the Yoast SEO plugin v22.4 - https:\/\/yoast.com\/wordpress\/plugins\/seo\/ -->\n<title>El conseller de Sanitat de Madrid planteja crear grups de treball amb el COFM per analitzar les necessitats econ\u00f2miques de la Farm\u00e0cia - Col\u00b7legi de Farmac\u00e8utics de Barcelona<\/title>\n<meta name=\"robots\" content=\"index, follow, max-snippet:-1, max-image-preview:large, max-video-preview:-1\" \/>\n<link rel=\"canonical\" href=\"https:\/\/novaorg.cofb.net\/2018\/03\/13\/el-conseller-de-sanitat-de-madrid-planteja-crear-grups-de-treball-amb-el-cofm-per-analitzar-les-necessitats-economiques-de-la-farmacia\/\" \/>\n<meta property=\"og:locale\" content=\"ca_ES\" \/>\n<meta property=\"og:type\" content=\"article\" \/>\n<meta property=\"og:title\" content=\"El conseller de Sanitat de Madrid planteja crear grups de treball amb el COFM per analitzar les necessitats econ\u00f2miques de la Farm\u00e0cia - Col\u00b7legi de Farmac\u00e8utics de Barcelona\" \/>\n<meta property=\"og:description\" content=\"\u00a0 Enrique Ruiz Escudero inaugura Infarma Madrid 2018 i destaca que \u201c\u00e9s la cita professional m\u00e9s important del calendari\u201d Sergio Scariolo imparteix la confer\u00e8ncia inaugural del Congr\u00e9s i ressalta els valors del lideratge, aix\u00ed com la const\u00e0ncia i preparaci\u00f3 com a bases de l&#8217;\u00e8xit El conseller de Sanitat de la [&hellip;]\" \/>\n<meta property=\"og:url\" content=\"https:\/\/novaorg.cofb.net\/2018\/03\/13\/el-conseller-de-sanitat-de-madrid-planteja-crear-grups-de-treball-amb-el-cofm-per-analitzar-les-necessitats-economiques-de-la-farmacia\/\" \/>\n<meta property=\"og:site_name\" content=\"Col\u00b7legi de Farmac\u00e8utics de Barcelona\" \/>\n<meta property=\"article:publisher\" content=\"https:\/\/www.facebook.com\/farmaceuticsbcn\/\" \/>\n<meta property=\"article:published_time\" content=\"2018-03-13T13:47:00+00:00\" \/>\n<meta name=\"author\" content=\"wpAdminCofbOrg\" \/>\n<meta name=\"twitter:card\" content=\"summary_large_image\" \/>\n<meta name=\"twitter:creator\" content=\"@farmaceuticsbcn\" \/>\n<meta name=\"twitter:site\" content=\"@farmaceuticsbcn\" \/>\n<meta name=\"twitter:label1\" content=\"Escrit per\" \/>\n\t<meta name=\"twitter:data1\" content=\"wpAdminCofbOrg\" \/>\n\t<meta name=\"twitter:label2\" content=\"Temps estimat de lectura\" \/>\n\t<meta name=\"twitter:data2\" content=\"10 minuts\" \/>\n<script type=\"application\/ld+json\" class=\"yoast-schema-graph\">{\"@context\":\"https:\/\/schema.org\",\"@graph\":[{\"@type\":\"Article\",\"@id\":\"https:\/\/novaorg.cofb.net\/2018\/03\/13\/el-conseller-de-sanitat-de-madrid-planteja-crear-grups-de-treball-amb-el-cofm-per-analitzar-les-necessitats-economiques-de-la-farmacia\/#article\",\"isPartOf\":{\"@id\":\"https:\/\/novaorg.cofb.net\/2018\/03\/13\/el-conseller-de-sanitat-de-madrid-planteja-crear-grups-de-treball-amb-el-cofm-per-analitzar-les-necessitats-economiques-de-la-farmacia\/\"},\"author\":{\"name\":\"wpAdminCofbOrg\",\"@id\":\"https:\/\/www.cofb.org\/#\/schema\/person\/22ed7eea88da74b0fa4d3154ad87ffcb\"},\"headline\":\"El conseller de Sanitat de Madrid planteja crear grups de treball amb el COFM per analitzar les necessitats econ\u00f2miques de la Farm\u00e0cia\",\"datePublished\":\"2018-03-13T13:47:00+00:00\",\"dateModified\":\"2018-03-13T13:47:00+00:00\",\"mainEntityOfPage\":{\"@id\":\"https:\/\/novaorg.cofb.net\/2018\/03\/13\/el-conseller-de-sanitat-de-madrid-planteja-crear-grups-de-treball-amb-el-cofm-per-analitzar-les-necessitats-economiques-de-la-farmacia\/\"},\"wordCount\":2078,\"publisher\":{\"@id\":\"https:\/\/www.cofb.org\/#organization\"},\"articleSection\":[\"Notes de premsa\"],\"inLanguage\":\"ca\"},{\"@type\":\"WebPage\",\"@id\":\"https:\/\/novaorg.cofb.net\/2018\/03\/13\/el-conseller-de-sanitat-de-madrid-planteja-crear-grups-de-treball-amb-el-cofm-per-analitzar-les-necessitats-economiques-de-la-farmacia\/\",\"url\":\"https:\/\/novaorg.cofb.net\/2018\/03\/13\/el-conseller-de-sanitat-de-madrid-planteja-crear-grups-de-treball-amb-el-cofm-per-analitzar-les-necessitats-economiques-de-la-farmacia\/\",\"name\":\"El conseller de Sanitat de Madrid planteja crear grups de treball amb el COFM per analitzar les necessitats econ\u00f2miques de la Farm\u00e0cia - Col\u00b7legi de Farmac\u00e8utics de Barcelona\",\"isPartOf\":{\"@id\":\"https:\/\/www.cofb.org\/#website\"},\"datePublished\":\"2018-03-13T13:47:00+00:00\",\"dateModified\":\"2018-03-13T13:47:00+00:00\",\"breadcrumb\":{\"@id\":\"https:\/\/novaorg.cofb.net\/2018\/03\/13\/el-conseller-de-sanitat-de-madrid-planteja-crear-grups-de-treball-amb-el-cofm-per-analitzar-les-necessitats-economiques-de-la-farmacia\/#breadcrumb\"},\"inLanguage\":\"ca\",\"potentialAction\":[{\"@type\":\"ReadAction\",\"target\":[\"https:\/\/novaorg.cofb.net\/2018\/03\/13\/el-conseller-de-sanitat-de-madrid-planteja-crear-grups-de-treball-amb-el-cofm-per-analitzar-les-necessitats-economiques-de-la-farmacia\/\"]}]},{\"@type\":\"BreadcrumbList\",\"@id\":\"https:\/\/novaorg.cofb.net\/2018\/03\/13\/el-conseller-de-sanitat-de-madrid-planteja-crear-grups-de-treball-amb-el-cofm-per-analitzar-les-necessitats-economiques-de-la-farmacia\/#breadcrumb\",\"itemListElement\":[{\"@type\":\"ListItem\",\"position\":1,\"name\":\"Inici\",\"item\":\"https:\/\/novaorg.cofb.net\/\"},{\"@type\":\"ListItem\",\"position\":2,\"name\":\"El conseller de Sanitat de Madrid planteja crear grups de treball amb el COFM per analitzar les necessitats econ\u00f2miques de la Farm\u00e0cia\"}]},{\"@type\":\"WebSite\",\"@id\":\"https:\/\/www.cofb.org\/#website\",\"url\":\"https:\/\/www.cofb.org\/\",\"name\":\"Col\u00b7legi de Farmac\u00e8utics de Barcelona\",\"description\":\"\",\"publisher\":{\"@id\":\"https:\/\/www.cofb.org\/#organization\"},\"potentialAction\":[{\"@type\":\"SearchAction\",\"target\":{\"@type\":\"EntryPoint\",\"urlTemplate\":\"https:\/\/www.cofb.org\/?s={search_term_string}\"},\"query-input\":\"required name=search_term_string\"}],\"inLanguage\":\"ca\"},{\"@type\":\"Organization\",\"@id\":\"https:\/\/www.cofb.org\/#organization\",\"name\":\"Col\u00b7legi de Farmac\u00e8utics de Barcelona\",\"url\":\"https:\/\/www.cofb.org\/\",\"logo\":{\"@type\":\"ImageObject\",\"inLanguage\":\"ca\",\"@id\":\"https:\/\/www.cofb.org\/#\/schema\/logo\/image\/\",\"url\":\"https:\/\/www.cofb.org\/wp-content\/uploads\/2023\/11\/cropped-Logotip-COFB.png\",\"contentUrl\":\"https:\/\/www.cofb.org\/wp-content\/uploads\/2023\/11\/cropped-Logotip-COFB.png\",\"width\":500,\"height\":105,\"caption\":\"Col\u00b7legi de Farmac\u00e8utics de Barcelona\"},\"image\":{\"@id\":\"https:\/\/www.cofb.org\/#\/schema\/logo\/image\/\"},\"sameAs\":[\"https:\/\/www.facebook.com\/farmaceuticsbcn\/\",\"https:\/\/twitter.com\/farmaceuticsbcn\",\"https:\/\/www.instagram.com\/farmaceuticsbcn\/\",\"https:\/\/www.linkedin.com\/company\/farmaceuticsbcn\/\"]},{\"@type\":\"Person\",\"@id\":\"https:\/\/www.cofb.org\/#\/schema\/person\/22ed7eea88da74b0fa4d3154ad87ffcb\",\"name\":\"wpAdminCofbOrg\",\"image\":{\"@type\":\"ImageObject\",\"inLanguage\":\"ca\",\"@id\":\"https:\/\/www.cofb.org\/#\/schema\/person\/image\/\",\"url\":\"https:\/\/secure.gravatar.com\/avatar\/1721b20b3b8ca882c3b56ec6c978c594fff670e40c0718e9190eaeeb76aae7d8?s=96&d=mm&r=g\",\"contentUrl\":\"https:\/\/secure.gravatar.com\/avatar\/1721b20b3b8ca882c3b56ec6c978c594fff670e40c0718e9190eaeeb76aae7d8?s=96&d=mm&r=g\",\"caption\":\"wpAdminCofbOrg\"},\"sameAs\":[\"http:\/\/192.168.64.122\/wordpress\"],\"url\":\"https:\/\/www.cofb.org\/ca\/author\/wpadmincofborg\/\"}]}<\/script>\n<!-- \/ Yoast SEO plugin. -->","yoast_head_json":{"title":"El conseller de Sanitat de Madrid planteja crear grups de treball amb el COFM per analitzar les necessitats econ\u00f2miques de la Farm\u00e0cia - Col\u00b7legi de Farmac\u00e8utics de Barcelona","robots":{"index":"index","follow":"follow","max-snippet":"max-snippet:-1","max-image-preview":"max-image-preview:large","max-video-preview":"max-video-preview:-1"},"canonical":"https:\/\/novaorg.cofb.net\/2018\/03\/13\/el-conseller-de-sanitat-de-madrid-planteja-crear-grups-de-treball-amb-el-cofm-per-analitzar-les-necessitats-economiques-de-la-farmacia\/","og_locale":"ca_ES","og_type":"article","og_title":"El conseller de Sanitat de Madrid planteja crear grups de treball amb el COFM per analitzar les necessitats econ\u00f2miques de la Farm\u00e0cia - Col\u00b7legi de Farmac\u00e8utics de Barcelona","og_description":"\u00a0 Enrique Ruiz Escudero inaugura Infarma Madrid 2018 i destaca que \u201c\u00e9s la cita professional m\u00e9s important del calendari\u201d Sergio Scariolo imparteix la confer\u00e8ncia inaugural del Congr\u00e9s i ressalta els valors del lideratge, aix\u00ed com la const\u00e0ncia i preparaci\u00f3 com a bases de l&#8217;\u00e8xit El conseller de Sanitat de la [&hellip;]","og_url":"https:\/\/novaorg.cofb.net\/2018\/03\/13\/el-conseller-de-sanitat-de-madrid-planteja-crear-grups-de-treball-amb-el-cofm-per-analitzar-les-necessitats-economiques-de-la-farmacia\/","og_site_name":"Col\u00b7legi de Farmac\u00e8utics de Barcelona","article_publisher":"https:\/\/www.facebook.com\/farmaceuticsbcn\/","article_published_time":"2018-03-13T13:47:00+00:00","author":"wpAdminCofbOrg","twitter_card":"summary_large_image","twitter_creator":"@farmaceuticsbcn","twitter_site":"@farmaceuticsbcn","twitter_misc":{"Escrit per":"wpAdminCofbOrg","Temps estimat de lectura":"10 minuts"},"schema":{"@context":"https:\/\/schema.org","@graph":[{"@type":"Article","@id":"https:\/\/novaorg.cofb.net\/2018\/03\/13\/el-conseller-de-sanitat-de-madrid-planteja-crear-grups-de-treball-amb-el-cofm-per-analitzar-les-necessitats-economiques-de-la-farmacia\/#article","isPartOf":{"@id":"https:\/\/novaorg.cofb.net\/2018\/03\/13\/el-conseller-de-sanitat-de-madrid-planteja-crear-grups-de-treball-amb-el-cofm-per-analitzar-les-necessitats-economiques-de-la-farmacia\/"},"author":{"name":"wpAdminCofbOrg","@id":"https:\/\/www.cofb.org\/#\/schema\/person\/22ed7eea88da74b0fa4d3154ad87ffcb"},"headline":"El conseller de Sanitat de Madrid planteja crear grups de treball amb el COFM per analitzar les necessitats econ\u00f2miques de la Farm\u00e0cia","datePublished":"2018-03-13T13:47:00+00:00","dateModified":"2018-03-13T13:47:00+00:00","mainEntityOfPage":{"@id":"https:\/\/novaorg.cofb.net\/2018\/03\/13\/el-conseller-de-sanitat-de-madrid-planteja-crear-grups-de-treball-amb-el-cofm-per-analitzar-les-necessitats-economiques-de-la-farmacia\/"},"wordCount":2078,"publisher":{"@id":"https:\/\/www.cofb.org\/#organization"},"articleSection":["Notes de premsa"],"inLanguage":"ca"},{"@type":"WebPage","@id":"https:\/\/novaorg.cofb.net\/2018\/03\/13\/el-conseller-de-sanitat-de-madrid-planteja-crear-grups-de-treball-amb-el-cofm-per-analitzar-les-necessitats-economiques-de-la-farmacia\/","url":"https:\/\/novaorg.cofb.net\/2018\/03\/13\/el-conseller-de-sanitat-de-madrid-planteja-crear-grups-de-treball-amb-el-cofm-per-analitzar-les-necessitats-economiques-de-la-farmacia\/","name":"El conseller de Sanitat de Madrid planteja crear grups de treball amb el COFM per analitzar les necessitats econ\u00f2miques de la Farm\u00e0cia - Col\u00b7legi de Farmac\u00e8utics de Barcelona","isPartOf":{"@id":"https:\/\/www.cofb.org\/#website"},"datePublished":"2018-03-13T13:47:00+00:00","dateModified":"2018-03-13T13:47:00+00:00","breadcrumb":{"@id":"https:\/\/novaorg.cofb.net\/2018\/03\/13\/el-conseller-de-sanitat-de-madrid-planteja-crear-grups-de-treball-amb-el-cofm-per-analitzar-les-necessitats-economiques-de-la-farmacia\/#breadcrumb"},"inLanguage":"ca","potentialAction":[{"@type":"ReadAction","target":["https:\/\/novaorg.cofb.net\/2018\/03\/13\/el-conseller-de-sanitat-de-madrid-planteja-crear-grups-de-treball-amb-el-cofm-per-analitzar-les-necessitats-economiques-de-la-farmacia\/"]}]},{"@type":"BreadcrumbList","@id":"https:\/\/novaorg.cofb.net\/2018\/03\/13\/el-conseller-de-sanitat-de-madrid-planteja-crear-grups-de-treball-amb-el-cofm-per-analitzar-les-necessitats-economiques-de-la-farmacia\/#breadcrumb","itemListElement":[{"@type":"ListItem","position":1,"name":"Inici","item":"https:\/\/novaorg.cofb.net\/"},{"@type":"ListItem","position":2,"name":"El conseller de Sanitat de Madrid planteja crear grups de treball amb el COFM per analitzar les necessitats econ\u00f2miques de la Farm\u00e0cia"}]},{"@type":"WebSite","@id":"https:\/\/www.cofb.org\/#website","url":"https:\/\/www.cofb.org\/","name":"Col\u00b7legi de Farmac\u00e8utics de Barcelona","description":"","publisher":{"@id":"https:\/\/www.cofb.org\/#organization"},"potentialAction":[{"@type":"SearchAction","target":{"@type":"EntryPoint","urlTemplate":"https:\/\/www.cofb.org\/?s={search_term_string}"},"query-input":"required name=search_term_string"}],"inLanguage":"ca"},{"@type":"Organization","@id":"https:\/\/www.cofb.org\/#organization","name":"Col\u00b7legi de Farmac\u00e8utics de Barcelona","url":"https:\/\/www.cofb.org\/","logo":{"@type":"ImageObject","inLanguage":"ca","@id":"https:\/\/www.cofb.org\/#\/schema\/logo\/image\/","url":"https:\/\/www.cofb.org\/wp-content\/uploads\/2023\/11\/cropped-Logotip-COFB.png","contentUrl":"https:\/\/www.cofb.org\/wp-content\/uploads\/2023\/11\/cropped-Logotip-COFB.png","width":500,"height":105,"caption":"Col\u00b7legi de Farmac\u00e8utics de Barcelona"},"image":{"@id":"https:\/\/www.cofb.org\/#\/schema\/logo\/image\/"},"sameAs":["https:\/\/www.facebook.com\/farmaceuticsbcn\/","https:\/\/twitter.com\/farmaceuticsbcn","https:\/\/www.instagram.com\/farmaceuticsbcn\/","https:\/\/www.linkedin.com\/company\/farmaceuticsbcn\/"]},{"@type":"Person","@id":"https:\/\/www.cofb.org\/#\/schema\/person\/22ed7eea88da74b0fa4d3154ad87ffcb","name":"wpAdminCofbOrg","image":{"@type":"ImageObject","inLanguage":"ca","@id":"https:\/\/www.cofb.org\/#\/schema\/person\/image\/","url":"https:\/\/secure.gravatar.com\/avatar\/1721b20b3b8ca882c3b56ec6c978c594fff670e40c0718e9190eaeeb76aae7d8?s=96&d=mm&r=g","contentUrl":"https:\/\/secure.gravatar.com\/avatar\/1721b20b3b8ca882c3b56ec6c978c594fff670e40c0718e9190eaeeb76aae7d8?s=96&d=mm&r=g","caption":"wpAdminCofbOrg"},"sameAs":["http:\/\/192.168.64.122\/wordpress"],"url":"https:\/\/www.cofb.org\/ca\/author\/wpadmincofborg\/"}]}},"uagb_featured_image_src":{"full":false,"thumbnail":false,"medium":false,"medium_large":false,"large":false,"1536x1536":false,"2048x2048":false,"trp-custom-language-flag":false},"uagb_author_info":{"display_name":"wpAdminCofbOrg","author_link":"https:\/\/www.cofb.org\/ca\/author\/wpadmincofborg\/"},"uagb_comment_info":0,"uagb_excerpt":"\u00a0 Enrique Ruiz Escudero inaugura Infarma Madrid 2018 i destaca que \u201c\u00e9s la cita professional m\u00e9s important del calendari\u201d Sergio Scariolo imparteix la confer\u00e8ncia inaugural del Congr\u00e9s i ressalta els valors del lideratge, aix\u00ed com la const\u00e0ncia i preparaci\u00f3 com a bases de l&#8217;\u00e8xit El conseller de Sanitat de la [&hellip;]","_links":{"self":[{"href":"https:\/\/www.cofb.org\/ca\/wp-json\/wp\/v2\/posts\/77280","targetHints":{"allow":["GET"]}}],"collection":[{"href":"https:\/\/www.cofb.org\/ca\/wp-json\/wp\/v2\/posts"}],"about":[{"href":"https:\/\/www.cofb.org\/ca\/wp-json\/wp\/v2\/types\/post"}],"author":[{"embeddable":true,"href":"https:\/\/www.cofb.org\/ca\/wp-json\/wp\/v2\/users\/1"}],"replies":[{"embeddable":true,"href":"https:\/\/www.cofb.org\/ca\/wp-json\/wp\/v2\/comments?post=77280"}],"version-history":[{"count":0,"href":"https:\/\/www.cofb.org\/ca\/wp-json\/wp\/v2\/posts\/77280\/revisions"}],"wp:attachment":[{"href":"https:\/\/www.cofb.org\/ca\/wp-json\/wp\/v2\/media?parent=77280"}],"wp:term":[{"taxonomy":"category","embeddable":true,"href":"https:\/\/www.cofb.org\/ca\/wp-json\/wp\/v2\/categories?post=77280"},{"taxonomy":"post_tag","embeddable":true,"href":"https:\/\/www.cofb.org\/ca\/wp-json\/wp\/v2\/tags?post=77280"}],"curies":[{"name":"wp","href":"https:\/\/api.w.org\/{rel}","templated":true}]}}