{"id":77279,"date":"2018-03-14T13:07:00","date_gmt":"2018-03-14T13:07:00","guid":{"rendered":"https:\/\/novaorg.cofb.net\/2018\/03\/14\/julio-sanchez-fierro-la-recertificacio-competencial-afavorira-la-qualitat-dels-serveis-i-la-seguretat-dels-pacients-i-professionals\/"},"modified":"2018-03-14T13:07:00","modified_gmt":"2018-03-14T13:07:00","slug":"julio-sanchez-fierro-la-recertificacio-competencial-afavorira-la-qualitat-dels-serveis-i-la-seguretat-dels-pacients-i-professionals","status":"publish","type":"post","link":"https:\/\/www.cofb.org\/ca\/2018\/03\/14\/julio-sanchez-fierro-la-recertificacio-competencial-afavorira-la-qualitat-dels-serveis-i-la-seguretat-dels-pacients-i-professionals\/","title":{"rendered":"Julio S\u00e1nchez Fierro: La recertificaci\u00f3 competencial &#8220;afavorir\u00e0 la qualitat dels serveis i la seguretat dels pacients i professionals&#8221;"},"content":{"rendered":"<p>\u00a0<\/p>\n<ul>\n<li><strong>L&#8217;expert considera necessari disposar de \u201crecolzament normatiu\u201d per poder avaluar i acreditar peri\u00f2dicament els coneixements professionals<\/strong><\/li>\n<\/ul>\n<p>El vicepresident de l&#8217;Associaci\u00f3 Espanyola de Dret Sanitari, Julio S\u00e1nchez Fierro, va destacar ahir que \u201cla qualitat assistencial, la seguretat dels pacients i la motivaci\u00f3 dels professionals s\u00f3n factors clau per al bon funcionament del sistema sanitari\u201d.<\/p>\n<p>Durant la seva intervenci\u00f3 en la taula de debat d\u2019Infarma Madrid 2018 sobre \u2018Recertificaci\u00f3 competencial dels professionals\u2019 que va ser presentada per la vicepresidenta, l&#8217;expert advocat ha incidit que \u201c\u00e9s necessari avaluar peri\u00f2dicament el nivell competencial de cada professional i, en conseq\u00fc\u00e8ncia, poder acreditar-ho per raons d&#8217;inter\u00e8s p\u00fablic\u201d, va subratllar.<\/p>\n<p>Presentat per N\u00faria Bosch Sagrera, vicepresidenta del Col\u2022legi Oficial de Farmac\u00e8utics de Barcelona, Julio S\u00e1nchez Fierro va advocar tamb\u00e9 per aconseguir que l&#8217;exercici professional farmac\u00e8utic es dugui a terme dins d&#8217;uns est\u00e0ndards adequats, \u201cun objectiu prioritari per al Sistema Nacional de Salut i un comprom\u00eds \u00e8tic i social dels professionals amb els pacients\u201d.<\/p>\n<p>L&#8217;avaluaci\u00f3 i la certificaci\u00f3 peri\u00f2dica (recertificaci\u00f3) \u00e9s un proc\u00e9s que permetr\u00e0 a la professi\u00f3 comprovar si els coneixements, les habilitats, les destreses i les actituds s\u00f3n els adequats, tenint en compte els canvis constants i accelerats que es registren en l&#8217;entorn sanitari.<\/p>\n<p>En la seva exposici\u00f3, va recordar que la Llei de Cohesi\u00f3 i Qualitat del Sistema Nacional de Salut i la Llei d&#8217;Ordenaci\u00f3 de les Professions Sanit\u00e0ries (LOPS) aposten per la formaci\u00f3 continuada i pel desenvolupament professional. \u201cEls seus mandats sintonitzen plenament amb la Directiva 2013\/55\/UE sobre qualificacions professionals, que es refereix de manera espec\u00edfica als farmac\u00e8utics, al costat d&#8217;altres professions sanit\u00e0ries\u201d, va subratllar.<\/p>\n<p>Aix\u00ed mateix va apuntar que els preceptes continguts en aquestes lleis \u201cno han estat desenvolupats reglament\u00e0riament fins ara\u201d. Aquesta situaci\u00f3 ha generat, en la seva opini\u00f3, un \u201cbuit\u201d que s&#8217;ha anat cobrint amb iniciatives com les impulsades per l&#8217;Organitzaci\u00f3 M\u00e8dica Col\u2022legial i determinades Societats Cient\u00edfiques Metgesses.<\/p>\n<p>&#8220;Aquestes iniciatives, d&#8217;evident inter\u00e8s, no estan dotades del necessari recolzament normatiu\u201d, va advertir. S\u00e1nchez Fierro va avan\u00e7ar que el Consell General de Col\u2022legis Oficials de Farmac\u00e8utics treballa en l&#8217;actualitat en un model d&#8217;avaluaci\u00f3 i recertificaci\u00f3, entre altres iniciatives impulsades per diferents col\u2022legis de farmac\u00e8utics que tenen la seva base en els respectius Estatuts.<\/p>\n<p>Segons el parer de l&#8217;especialista en dret farmac\u00e8utic \u201c\u00e9s necessari que les Administracions Sanit\u00e0ries donin acollida i recolzament oficial als procediments d&#8217;avaluaci\u00f3 i recertificaci\u00f3 i que ho fessin en els seus respectius \u00e0mbits auton\u00f2mics en di\u00e0leg i col\u2022laboraci\u00f3 amb Col\u2022legis i Societats Cient\u00edfiques\u201d.<\/p>\n<p>Finalment, per garantir la compatibilitat dels diferents procediments auton\u00f2mics de recertificaci\u00f3, regular els seus efectes i partionar les funcions dels Col\u2022legis, Societats Cient\u00edfiques i Consells Generals i auton\u00f2mics, l&#8217;expert considera convenient \u201cl&#8217;aprovaci\u00f3 d&#8217;un Reial decret i alguns acords del Consell Interterritorial per a la seva implementaci\u00f3\u201d.<\/p>\n<p>\u00a0L&#8217;expert considera necessari disposar de \u201crecolzament normatiu\u201d per poder avaluar i acreditar peri\u00f2dicament els coneixements professionals<\/p>\n<p>El vicepresident de l&#8217;Associaci\u00f3 Espanyola de Dret Sanitari, Julio S\u00e1nchez Fierro, va destacar ahir que \u201cla qualitat assistencial, la seguretat dels pacients i la motivaci\u00f3 dels professionals s\u00f3n factors clau per al bon funcionament del sistema sanitari\u201d.<\/p>\n<p>Durant la seva intervenci\u00f3 en la taula de debat d\u2019Infarma Madrid 2018 sobre \u2018Recertificaci\u00f3 competencial dels professionals\u2019 que va ser presentada per la vicepresidenta, l&#8217;expert advocat ha incidit que \u201c\u00e9s necessari avaluar peri\u00f2dicament el nivell competencial de cada professional i, en conseq\u00fc\u00e8ncia, poder acreditar-ho per raons d&#8217;inter\u00e8s p\u00fablic\u201d, va subratllar.<\/p>\n<p>Presentat per N\u00faria Bosch Sagrera, vicepresidenta del Col\u2022legi Oficial de Farmac\u00e8utics de Barcelona, Julio S\u00e1nchez Fierro va advocar tamb\u00e9 per aconseguir que l&#8217;exercici professional farmac\u00e8utic es dugui a terme dins d&#8217;uns est\u00e0ndards adequats, \u201cun objectiu prioritari per al Sistema Nacional de Salut i un comprom\u00eds \u00e8tic i social dels professionals amb els pacients\u201d.<\/p>\n<p>L&#8217;avaluaci\u00f3 i la certificaci\u00f3 peri\u00f2dica (recertificaci\u00f3) \u00e9s un proc\u00e9s que permetr\u00e0 a la professi\u00f3 comprovar si els coneixements, les habilitats, les destreses i les actituds s\u00f3n els adequats, tenint en compte els canvis constants i accelerats que es registren en l&#8217;entorn sanitari.<\/p>\n<p>En la seva exposici\u00f3, va recordar que la Llei de Cohesi\u00f3 i Qualitat del Sistema Nacional de Salut i la Llei d&#8217;Ordenaci\u00f3 de les Professions Sanit\u00e0ries (LOPS) aposten per la formaci\u00f3 continuada i pel desenvolupament professional. \u201cEls seus mandats sintonitzen plenament amb la Directiva 2013\/55\/UE sobre qualificacions professionals, que es refereix de manera espec\u00edfica als farmac\u00e8utics, al costat d&#8217;altres professions sanit\u00e0ries\u201d, va subratllar.<\/p>\n<p>Aix\u00ed mateix va apuntar que els preceptes continguts en aquestes lleis \u201cno han estat desenvolupats reglament\u00e0riament fins ara\u201d. Aquesta situaci\u00f3 ha generat, en la seva opini\u00f3, un \u201cbuit\u201d que s&#8217;ha anat cobrint amb iniciatives com les impulsades per l&#8217;Organitzaci\u00f3 M\u00e8dica Col\u2022legial i determinades Societats Cient\u00edfiques Metgesses.<\/p>\n<p>&#8220;Aquestes iniciatives, d&#8217;evident inter\u00e8s, no estan dotades del necessari recolzament normatiu\u201d, va advertir. S\u00e1nchez Fierro va avan\u00e7ar que el Consell General de Col\u2022legis Oficials de Farmac\u00e8utics treballa en l&#8217;actualitat en un model d&#8217;avaluaci\u00f3 i recertificaci\u00f3, entre altres iniciatives impulsades per diferents col\u2022legis de farmac\u00e8utics que tenen la seva base en els respectius Estatuts.<\/p>\n<p>Segons el parer de l&#8217;especialista en dret farmac\u00e8utic \u201c\u00e9s necessari que les Administracions Sanit\u00e0ries donin acollida i recolzament oficial als procediments d&#8217;avaluaci\u00f3 i recertificaci\u00f3 i que ho fessin en els seus respectius \u00e0mbits auton\u00f2mics en di\u00e0leg i col\u2022laboraci\u00f3 amb Col\u2022legis i Societats Cient\u00edfiques\u201d.<\/p>\n<p>Finalment, per garantir la compatibilitat dels diferents procediments auton\u00f2mics de recertificaci\u00f3, regular els seus efectes i partionar les funcions dels Col\u2022legis, Societats Cient\u00edfiques i Consells Generals i auton\u00f2mics, l&#8217;expert considera convenient \u201cl&#8217;aprovaci\u00f3 d&#8217;un Reial decret i alguns acords del Consell Interterritorial per a la seva implementaci\u00f3\u201d.\u00a0\u00a0COFB.ORG<\/p>\n","protected":false},"excerpt":{"rendered":"<p>\u00a0 L&#8217;expert considera necessari disposar de \u201crecolzament normatiu\u201d per poder avaluar i acreditar peri\u00f2dicament els coneixements professionals El vicepresident de l&#8217;Associaci\u00f3 Espanyola de Dret Sanitari, Julio S\u00e1nchez Fierro, va destacar ahir que \u201cla qualitat assistencial, la seguretat dels pacients i la motivaci\u00f3 dels professionals s\u00f3n factors clau per al bon [&hellip;]<\/p>\n","protected":false},"author":1,"featured_media":0,"comment_status":"","ping_status":"","sticky":false,"template":"","format":"standard","meta":{"_uag_custom_page_level_css":"","site-sidebar-layout":"default","site-content-layout":"","ast-site-content-layout":"default","site-content-style":"default","site-sidebar-style":"default","ast-global-header-display":"","ast-banner-title-visibility":"","ast-main-header-display":"","ast-hfb-above-header-display":"","ast-hfb-below-header-display":"","ast-hfb-mobile-header-display":"","site-post-title":"","ast-breadcrumbs-content":"","ast-featured-img":"disabled","footer-sml-layout":"","theme-transparent-header-meta":"","adv-header-id-meta":"","stick-header-meta":"","header-above-stick-meta":"","header-main-stick-meta":"","header-below-stick-meta":"","astra-migrate-meta-layouts":"default","ast-page-background-enabled":"default","ast-page-background-meta":{"desktop":{"background-color":"var(--ast-global-color-4)","background-image":"","background-repeat":"repeat","background-position":"center center","background-size":"auto","background-attachment":"scroll","background-type":"","background-media":"","overlay-type":"","overlay-color":"","overlay-opacity":"","overlay-gradient":""},"tablet":{"background-color":"","background-image":"","background-repeat":"repeat","background-position":"center center","background-size":"auto","background-attachment":"scroll","background-type":"","background-media":"","overlay-type":"","overlay-color":"","overlay-opacity":"","overlay-gradient":""},"mobile":{"background-color":"","background-image":"","background-repeat":"repeat","background-position":"center center","background-size":"auto","background-attachment":"scroll","background-type":"","background-media":"","overlay-type":"","overlay-color":"","overlay-opacity":"","overlay-gradient":""}},"ast-content-background-meta":{"desktop":{"background-color":"var(--ast-global-color-5)","background-image":"","background-repeat":"repeat","background-position":"center center","background-size":"auto","background-attachment":"scroll","background-type":"","background-media":"","overlay-type":"","overlay-color":"","overlay-opacity":"","overlay-gradient":""},"tablet":{"background-color":"var(--ast-global-color-5)","background-image":"","background-repeat":"repeat","background-position":"center center","background-size":"auto","background-attachment":"scroll","background-type":"","background-media":"","overlay-type":"","overlay-color":"","overlay-opacity":"","overlay-gradient":""},"mobile":{"background-color":"var(--ast-global-color-5)","background-image":"","background-repeat":"repeat","background-position":"center center","background-size":"auto","background-attachment":"scroll","background-type":"","background-media":"","overlay-type":"","overlay-color":"","overlay-opacity":"","overlay-gradient":""}},"footnotes":""},"categories":[1060,1066],"tags":[],"class_list":["post-77279","post","type-post","status-publish","format-standard","hentry","category-notes-premsa","category-sense-categoria-ca"],"yoast_head":"<!-- This site is optimized with the Yoast SEO plugin v22.4 - https:\/\/yoast.com\/wordpress\/plugins\/seo\/ -->\n<title>Julio S\u00e1nchez Fierro: La recertificaci\u00f3 competencial &quot;afavorir\u00e0 la qualitat dels serveis i la seguretat dels pacients i professionals&quot; - Col\u00b7legi de Farmac\u00e8utics de Barcelona<\/title>\n<meta name=\"robots\" content=\"index, follow, max-snippet:-1, max-image-preview:large, max-video-preview:-1\" \/>\n<link rel=\"canonical\" href=\"https:\/\/novaorg.cofb.net\/2018\/03\/14\/julio-sanchez-fierro-la-recertificacio-competencial-afavorira-la-qualitat-dels-serveis-i-la-seguretat-dels-pacients-i-professionals\/\" \/>\n<meta property=\"og:locale\" content=\"ca_ES\" \/>\n<meta property=\"og:type\" content=\"article\" \/>\n<meta property=\"og:title\" content=\"Julio S\u00e1nchez Fierro: La recertificaci\u00f3 competencial &quot;afavorir\u00e0 la qualitat dels serveis i la seguretat dels pacients i professionals&quot; - Col\u00b7legi de Farmac\u00e8utics de Barcelona\" \/>\n<meta property=\"og:description\" content=\"\u00a0 L&#8217;expert considera necessari disposar de \u201crecolzament normatiu\u201d per poder avaluar i acreditar peri\u00f2dicament els coneixements professionals El vicepresident de l&#8217;Associaci\u00f3 Espanyola de Dret Sanitari, Julio S\u00e1nchez Fierro, va destacar ahir que \u201cla qualitat assistencial, la seguretat dels pacients i la motivaci\u00f3 dels professionals s\u00f3n factors clau per al bon [&hellip;]\" \/>\n<meta property=\"og:url\" content=\"https:\/\/novaorg.cofb.net\/2018\/03\/14\/julio-sanchez-fierro-la-recertificacio-competencial-afavorira-la-qualitat-dels-serveis-i-la-seguretat-dels-pacients-i-professionals\/\" \/>\n<meta property=\"og:site_name\" content=\"Col\u00b7legi de Farmac\u00e8utics de Barcelona\" \/>\n<meta property=\"article:publisher\" content=\"https:\/\/www.facebook.com\/farmaceuticsbcn\/\" \/>\n<meta property=\"article:published_time\" content=\"2018-03-14T13:07:00+00:00\" \/>\n<meta name=\"author\" content=\"wpAdminCofbOrg\" \/>\n<meta name=\"twitter:card\" content=\"summary_large_image\" \/>\n<meta name=\"twitter:creator\" content=\"@farmaceuticsbcn\" \/>\n<meta name=\"twitter:site\" content=\"@farmaceuticsbcn\" \/>\n<meta name=\"twitter:label1\" content=\"Escrit per\" \/>\n\t<meta name=\"twitter:data1\" content=\"wpAdminCofbOrg\" \/>\n\t<meta name=\"twitter:label2\" content=\"Temps estimat de lectura\" \/>\n\t<meta name=\"twitter:data2\" content=\"5 minuts\" \/>\n<script type=\"application\/ld+json\" class=\"yoast-schema-graph\">{\"@context\":\"https:\/\/schema.org\",\"@graph\":[{\"@type\":\"Article\",\"@id\":\"https:\/\/novaorg.cofb.net\/2018\/03\/14\/julio-sanchez-fierro-la-recertificacio-competencial-afavorira-la-qualitat-dels-serveis-i-la-seguretat-dels-pacients-i-professionals\/#article\",\"isPartOf\":{\"@id\":\"https:\/\/novaorg.cofb.net\/2018\/03\/14\/julio-sanchez-fierro-la-recertificacio-competencial-afavorira-la-qualitat-dels-serveis-i-la-seguretat-dels-pacients-i-professionals\/\"},\"author\":{\"name\":\"wpAdminCofbOrg\",\"@id\":\"https:\/\/www.cofb.org\/#\/schema\/person\/22ed7eea88da74b0fa4d3154ad87ffcb\"},\"headline\":\"Julio S\u00e1nchez Fierro: La recertificaci\u00f3 competencial &#8220;afavorir\u00e0 la qualitat dels serveis i la seguretat dels pacients i professionals&#8221;\",\"datePublished\":\"2018-03-14T13:07:00+00:00\",\"dateModified\":\"2018-03-14T13:07:00+00:00\",\"mainEntityOfPage\":{\"@id\":\"https:\/\/novaorg.cofb.net\/2018\/03\/14\/julio-sanchez-fierro-la-recertificacio-competencial-afavorira-la-qualitat-dels-serveis-i-la-seguretat-dels-pacients-i-professionals\/\"},\"wordCount\":1045,\"publisher\":{\"@id\":\"https:\/\/www.cofb.org\/#organization\"},\"articleSection\":[\"Notes de premsa\"],\"inLanguage\":\"ca\"},{\"@type\":\"WebPage\",\"@id\":\"https:\/\/novaorg.cofb.net\/2018\/03\/14\/julio-sanchez-fierro-la-recertificacio-competencial-afavorira-la-qualitat-dels-serveis-i-la-seguretat-dels-pacients-i-professionals\/\",\"url\":\"https:\/\/novaorg.cofb.net\/2018\/03\/14\/julio-sanchez-fierro-la-recertificacio-competencial-afavorira-la-qualitat-dels-serveis-i-la-seguretat-dels-pacients-i-professionals\/\",\"name\":\"Julio S\u00e1nchez Fierro: La recertificaci\u00f3 competencial \\\"afavorir\u00e0 la qualitat dels serveis i la seguretat dels pacients i professionals\\\" - Col\u00b7legi de Farmac\u00e8utics de Barcelona\",\"isPartOf\":{\"@id\":\"https:\/\/www.cofb.org\/#website\"},\"datePublished\":\"2018-03-14T13:07:00+00:00\",\"dateModified\":\"2018-03-14T13:07:00+00:00\",\"breadcrumb\":{\"@id\":\"https:\/\/novaorg.cofb.net\/2018\/03\/14\/julio-sanchez-fierro-la-recertificacio-competencial-afavorira-la-qualitat-dels-serveis-i-la-seguretat-dels-pacients-i-professionals\/#breadcrumb\"},\"inLanguage\":\"ca\",\"potentialAction\":[{\"@type\":\"ReadAction\",\"target\":[\"https:\/\/novaorg.cofb.net\/2018\/03\/14\/julio-sanchez-fierro-la-recertificacio-competencial-afavorira-la-qualitat-dels-serveis-i-la-seguretat-dels-pacients-i-professionals\/\"]}]},{\"@type\":\"BreadcrumbList\",\"@id\":\"https:\/\/novaorg.cofb.net\/2018\/03\/14\/julio-sanchez-fierro-la-recertificacio-competencial-afavorira-la-qualitat-dels-serveis-i-la-seguretat-dels-pacients-i-professionals\/#breadcrumb\",\"itemListElement\":[{\"@type\":\"ListItem\",\"position\":1,\"name\":\"Inici\",\"item\":\"https:\/\/novaorg.cofb.net\/\"},{\"@type\":\"ListItem\",\"position\":2,\"name\":\"Julio S\u00e1nchez Fierro: La recertificaci\u00f3 competencial &#8220;afavorir\u00e0 la qualitat dels serveis i la seguretat dels pacients i professionals&#8221;\"}]},{\"@type\":\"WebSite\",\"@id\":\"https:\/\/www.cofb.org\/#website\",\"url\":\"https:\/\/www.cofb.org\/\",\"name\":\"Col\u00b7legi de Farmac\u00e8utics de Barcelona\",\"description\":\"\",\"publisher\":{\"@id\":\"https:\/\/www.cofb.org\/#organization\"},\"potentialAction\":[{\"@type\":\"SearchAction\",\"target\":{\"@type\":\"EntryPoint\",\"urlTemplate\":\"https:\/\/www.cofb.org\/?s={search_term_string}\"},\"query-input\":\"required name=search_term_string\"}],\"inLanguage\":\"ca\"},{\"@type\":\"Organization\",\"@id\":\"https:\/\/www.cofb.org\/#organization\",\"name\":\"Col\u00b7legi de Farmac\u00e8utics de Barcelona\",\"url\":\"https:\/\/www.cofb.org\/\",\"logo\":{\"@type\":\"ImageObject\",\"inLanguage\":\"ca\",\"@id\":\"https:\/\/www.cofb.org\/#\/schema\/logo\/image\/\",\"url\":\"https:\/\/www.cofb.org\/wp-content\/uploads\/2023\/11\/cropped-Logotip-COFB.png\",\"contentUrl\":\"https:\/\/www.cofb.org\/wp-content\/uploads\/2023\/11\/cropped-Logotip-COFB.png\",\"width\":500,\"height\":105,\"caption\":\"Col\u00b7legi de Farmac\u00e8utics de Barcelona\"},\"image\":{\"@id\":\"https:\/\/www.cofb.org\/#\/schema\/logo\/image\/\"},\"sameAs\":[\"https:\/\/www.facebook.com\/farmaceuticsbcn\/\",\"https:\/\/twitter.com\/farmaceuticsbcn\",\"https:\/\/www.instagram.com\/farmaceuticsbcn\/\",\"https:\/\/www.linkedin.com\/company\/farmaceuticsbcn\/\"]},{\"@type\":\"Person\",\"@id\":\"https:\/\/www.cofb.org\/#\/schema\/person\/22ed7eea88da74b0fa4d3154ad87ffcb\",\"name\":\"wpAdminCofbOrg\",\"image\":{\"@type\":\"ImageObject\",\"inLanguage\":\"ca\",\"@id\":\"https:\/\/www.cofb.org\/#\/schema\/person\/image\/\",\"url\":\"https:\/\/secure.gravatar.com\/avatar\/1721b20b3b8ca882c3b56ec6c978c594fff670e40c0718e9190eaeeb76aae7d8?s=96&d=mm&r=g\",\"contentUrl\":\"https:\/\/secure.gravatar.com\/avatar\/1721b20b3b8ca882c3b56ec6c978c594fff670e40c0718e9190eaeeb76aae7d8?s=96&d=mm&r=g\",\"caption\":\"wpAdminCofbOrg\"},\"sameAs\":[\"http:\/\/192.168.64.122\/wordpress\"],\"url\":\"https:\/\/www.cofb.org\/ca\/author\/wpadmincofborg\/\"}]}<\/script>\n<!-- \/ Yoast SEO plugin. -->","yoast_head_json":{"title":"Julio S\u00e1nchez Fierro: La recertificaci\u00f3 competencial \"afavorir\u00e0 la qualitat dels serveis i la seguretat dels pacients i professionals\" - Col\u00b7legi de Farmac\u00e8utics de Barcelona","robots":{"index":"index","follow":"follow","max-snippet":"max-snippet:-1","max-image-preview":"max-image-preview:large","max-video-preview":"max-video-preview:-1"},"canonical":"https:\/\/novaorg.cofb.net\/2018\/03\/14\/julio-sanchez-fierro-la-recertificacio-competencial-afavorira-la-qualitat-dels-serveis-i-la-seguretat-dels-pacients-i-professionals\/","og_locale":"ca_ES","og_type":"article","og_title":"Julio S\u00e1nchez Fierro: La recertificaci\u00f3 competencial \"afavorir\u00e0 la qualitat dels serveis i la seguretat dels pacients i professionals\" - Col\u00b7legi de Farmac\u00e8utics de Barcelona","og_description":"\u00a0 L&#8217;expert considera necessari disposar de \u201crecolzament normatiu\u201d per poder avaluar i acreditar peri\u00f2dicament els coneixements professionals El vicepresident de l&#8217;Associaci\u00f3 Espanyola de Dret Sanitari, Julio S\u00e1nchez Fierro, va destacar ahir que \u201cla qualitat assistencial, la seguretat dels pacients i la motivaci\u00f3 dels professionals s\u00f3n factors clau per al bon [&hellip;]","og_url":"https:\/\/novaorg.cofb.net\/2018\/03\/14\/julio-sanchez-fierro-la-recertificacio-competencial-afavorira-la-qualitat-dels-serveis-i-la-seguretat-dels-pacients-i-professionals\/","og_site_name":"Col\u00b7legi de Farmac\u00e8utics de Barcelona","article_publisher":"https:\/\/www.facebook.com\/farmaceuticsbcn\/","article_published_time":"2018-03-14T13:07:00+00:00","author":"wpAdminCofbOrg","twitter_card":"summary_large_image","twitter_creator":"@farmaceuticsbcn","twitter_site":"@farmaceuticsbcn","twitter_misc":{"Escrit per":"wpAdminCofbOrg","Temps estimat de lectura":"5 minuts"},"schema":{"@context":"https:\/\/schema.org","@graph":[{"@type":"Article","@id":"https:\/\/novaorg.cofb.net\/2018\/03\/14\/julio-sanchez-fierro-la-recertificacio-competencial-afavorira-la-qualitat-dels-serveis-i-la-seguretat-dels-pacients-i-professionals\/#article","isPartOf":{"@id":"https:\/\/novaorg.cofb.net\/2018\/03\/14\/julio-sanchez-fierro-la-recertificacio-competencial-afavorira-la-qualitat-dels-serveis-i-la-seguretat-dels-pacients-i-professionals\/"},"author":{"name":"wpAdminCofbOrg","@id":"https:\/\/www.cofb.org\/#\/schema\/person\/22ed7eea88da74b0fa4d3154ad87ffcb"},"headline":"Julio S\u00e1nchez Fierro: La recertificaci\u00f3 competencial &#8220;afavorir\u00e0 la qualitat dels serveis i la seguretat dels pacients i professionals&#8221;","datePublished":"2018-03-14T13:07:00+00:00","dateModified":"2018-03-14T13:07:00+00:00","mainEntityOfPage":{"@id":"https:\/\/novaorg.cofb.net\/2018\/03\/14\/julio-sanchez-fierro-la-recertificacio-competencial-afavorira-la-qualitat-dels-serveis-i-la-seguretat-dels-pacients-i-professionals\/"},"wordCount":1045,"publisher":{"@id":"https:\/\/www.cofb.org\/#organization"},"articleSection":["Notes de premsa"],"inLanguage":"ca"},{"@type":"WebPage","@id":"https:\/\/novaorg.cofb.net\/2018\/03\/14\/julio-sanchez-fierro-la-recertificacio-competencial-afavorira-la-qualitat-dels-serveis-i-la-seguretat-dels-pacients-i-professionals\/","url":"https:\/\/novaorg.cofb.net\/2018\/03\/14\/julio-sanchez-fierro-la-recertificacio-competencial-afavorira-la-qualitat-dels-serveis-i-la-seguretat-dels-pacients-i-professionals\/","name":"Julio S\u00e1nchez Fierro: La recertificaci\u00f3 competencial \"afavorir\u00e0 la qualitat dels serveis i la seguretat dels pacients i professionals\" - Col\u00b7legi de Farmac\u00e8utics de Barcelona","isPartOf":{"@id":"https:\/\/www.cofb.org\/#website"},"datePublished":"2018-03-14T13:07:00+00:00","dateModified":"2018-03-14T13:07:00+00:00","breadcrumb":{"@id":"https:\/\/novaorg.cofb.net\/2018\/03\/14\/julio-sanchez-fierro-la-recertificacio-competencial-afavorira-la-qualitat-dels-serveis-i-la-seguretat-dels-pacients-i-professionals\/#breadcrumb"},"inLanguage":"ca","potentialAction":[{"@type":"ReadAction","target":["https:\/\/novaorg.cofb.net\/2018\/03\/14\/julio-sanchez-fierro-la-recertificacio-competencial-afavorira-la-qualitat-dels-serveis-i-la-seguretat-dels-pacients-i-professionals\/"]}]},{"@type":"BreadcrumbList","@id":"https:\/\/novaorg.cofb.net\/2018\/03\/14\/julio-sanchez-fierro-la-recertificacio-competencial-afavorira-la-qualitat-dels-serveis-i-la-seguretat-dels-pacients-i-professionals\/#breadcrumb","itemListElement":[{"@type":"ListItem","position":1,"name":"Inici","item":"https:\/\/novaorg.cofb.net\/"},{"@type":"ListItem","position":2,"name":"Julio S\u00e1nchez Fierro: La recertificaci\u00f3 competencial &#8220;afavorir\u00e0 la qualitat dels serveis i la seguretat dels pacients i professionals&#8221;"}]},{"@type":"WebSite","@id":"https:\/\/www.cofb.org\/#website","url":"https:\/\/www.cofb.org\/","name":"Col\u00b7legi de Farmac\u00e8utics de Barcelona","description":"","publisher":{"@id":"https:\/\/www.cofb.org\/#organization"},"potentialAction":[{"@type":"SearchAction","target":{"@type":"EntryPoint","urlTemplate":"https:\/\/www.cofb.org\/?s={search_term_string}"},"query-input":"required name=search_term_string"}],"inLanguage":"ca"},{"@type":"Organization","@id":"https:\/\/www.cofb.org\/#organization","name":"Col\u00b7legi de Farmac\u00e8utics de Barcelona","url":"https:\/\/www.cofb.org\/","logo":{"@type":"ImageObject","inLanguage":"ca","@id":"https:\/\/www.cofb.org\/#\/schema\/logo\/image\/","url":"https:\/\/www.cofb.org\/wp-content\/uploads\/2023\/11\/cropped-Logotip-COFB.png","contentUrl":"https:\/\/www.cofb.org\/wp-content\/uploads\/2023\/11\/cropped-Logotip-COFB.png","width":500,"height":105,"caption":"Col\u00b7legi de Farmac\u00e8utics de Barcelona"},"image":{"@id":"https:\/\/www.cofb.org\/#\/schema\/logo\/image\/"},"sameAs":["https:\/\/www.facebook.com\/farmaceuticsbcn\/","https:\/\/twitter.com\/farmaceuticsbcn","https:\/\/www.instagram.com\/farmaceuticsbcn\/","https:\/\/www.linkedin.com\/company\/farmaceuticsbcn\/"]},{"@type":"Person","@id":"https:\/\/www.cofb.org\/#\/schema\/person\/22ed7eea88da74b0fa4d3154ad87ffcb","name":"wpAdminCofbOrg","image":{"@type":"ImageObject","inLanguage":"ca","@id":"https:\/\/www.cofb.org\/#\/schema\/person\/image\/","url":"https:\/\/secure.gravatar.com\/avatar\/1721b20b3b8ca882c3b56ec6c978c594fff670e40c0718e9190eaeeb76aae7d8?s=96&d=mm&r=g","contentUrl":"https:\/\/secure.gravatar.com\/avatar\/1721b20b3b8ca882c3b56ec6c978c594fff670e40c0718e9190eaeeb76aae7d8?s=96&d=mm&r=g","caption":"wpAdminCofbOrg"},"sameAs":["http:\/\/192.168.64.122\/wordpress"],"url":"https:\/\/www.cofb.org\/ca\/author\/wpadmincofborg\/"}]}},"uagb_featured_image_src":{"full":false,"thumbnail":false,"medium":false,"medium_large":false,"large":false,"1536x1536":false,"2048x2048":false,"trp-custom-language-flag":false},"uagb_author_info":{"display_name":"wpAdminCofbOrg","author_link":"https:\/\/www.cofb.org\/ca\/author\/wpadmincofborg\/"},"uagb_comment_info":0,"uagb_excerpt":"\u00a0 L&#8217;expert considera necessari disposar de \u201crecolzament normatiu\u201d per poder avaluar i acreditar peri\u00f2dicament els coneixements professionals El vicepresident de l&#8217;Associaci\u00f3 Espanyola de Dret Sanitari, Julio S\u00e1nchez Fierro, va destacar ahir que \u201cla qualitat assistencial, la seguretat dels pacients i la motivaci\u00f3 dels professionals s\u00f3n factors clau per al bon [&hellip;]","_links":{"self":[{"href":"https:\/\/www.cofb.org\/ca\/wp-json\/wp\/v2\/posts\/77279","targetHints":{"allow":["GET"]}}],"collection":[{"href":"https:\/\/www.cofb.org\/ca\/wp-json\/wp\/v2\/posts"}],"about":[{"href":"https:\/\/www.cofb.org\/ca\/wp-json\/wp\/v2\/types\/post"}],"author":[{"embeddable":true,"href":"https:\/\/www.cofb.org\/ca\/wp-json\/wp\/v2\/users\/1"}],"replies":[{"embeddable":true,"href":"https:\/\/www.cofb.org\/ca\/wp-json\/wp\/v2\/comments?post=77279"}],"version-history":[{"count":0,"href":"https:\/\/www.cofb.org\/ca\/wp-json\/wp\/v2\/posts\/77279\/revisions"}],"wp:attachment":[{"href":"https:\/\/www.cofb.org\/ca\/wp-json\/wp\/v2\/media?parent=77279"}],"wp:term":[{"taxonomy":"category","embeddable":true,"href":"https:\/\/www.cofb.org\/ca\/wp-json\/wp\/v2\/categories?post=77279"},{"taxonomy":"post_tag","embeddable":true,"href":"https:\/\/www.cofb.org\/ca\/wp-json\/wp\/v2\/tags?post=77279"}],"curies":[{"name":"wp","href":"https:\/\/api.w.org\/{rel}","templated":true}]}}