{"id":77278,"date":"2018-03-14T13:12:00","date_gmt":"2018-03-14T13:12:00","guid":{"rendered":"https:\/\/novaorg.cofb.net\/2018\/03\/14\/els-agents-del-sector-farmaceutic-reclamen-un-reial-decret-de-serialitzacio\/"},"modified":"2018-03-14T13:12:00","modified_gmt":"2018-03-14T13:12:00","slug":"els-agents-del-sector-farmaceutic-reclamen-un-reial-decret-de-serialitzacio","status":"publish","type":"post","link":"https:\/\/www.cofb.org\/ca\/2018\/03\/14\/els-agents-del-sector-farmaceutic-reclamen-un-reial-decret-de-serialitzacio\/","title":{"rendered":"Els agents del sector farmac\u00e8utic reclamen un reial decret de serialitzaci\u00f3"},"content":{"rendered":"<p>\u00a0<\/p>\n<ul>\n<li><strong>Ind\u00fastria farmac\u00e8utica, distribuci\u00f3 i farm\u00e0cia insten a l&#8217;Administraci\u00f3 a aprovar una norma que defineixi els procediments i obligacions del sistema de verificaci\u00f3 de medicaments<\/strong><\/li>\n<\/ul>\n<p>Els agents que integren la cadena del medicament han coincidit avui en la necessitat que el Ministeri de Sanitat elabori una norma que defineixi els procediments i obligacions de la ind\u00fastria farmac\u00e8utica, la distribuci\u00f3 i la farm\u00e0cia de cara a l&#8217;engegada del Sistema Espa\u00f1ol de Verificaci\u00f3 de Medicaments (Sevem).<\/p>\n<p>Durant la taula moderada per Mar\u00eda Luisa Garc\u00eda-Vaquer Donaire, sotsdirectora adjunta de la Sotsdirecci\u00f3 general de Qualitat de Medicaments i Productes Sanitaris, ha quedat pal\u00e8s l&#8217;excel\u00b7lent grau de col\u00b7laboraci\u00f3 entre tots els agents implicats en la cadena del medicament per engegar a temps un sistema efica\u00e7 contra la falsificaci\u00f3 de medicaments i tamb\u00e9 la preocupaci\u00f3 del sector sobre els costos que aquest sistema generar\u00e0 en el futur.<\/p>\n<p>Mar\u00eda Luisa Garc\u00eda-Vaquer ha manifestat avui que \u201chi ha voluntat\u201d per part de Sanitat de treballar en una norma \u00fanica sobre serializaci\u00f3n perqu\u00e8 \u201cho demana tota la cadena\u201d, que b\u00e9 \u201cpot ser un reial decret\u201d, si b\u00e9 ha assenyalat que encara \u00e9s aviat per decidir qu\u00e8 informaci\u00f3 recollir\u00e0 aquesta regulaci\u00f3 que podria aprovar-se a trav\u00e9s d&#8217;un reial decret.<\/p>\n<p>La verificaci\u00f3 obligat\u00f2ria dels envasos que entren en l&#8217;\u00e0mbit d&#8217;aplicaci\u00f3 haur\u00e0 d&#8217;entrar en funcionament, el proper 9 de febrer, amb la finalitat de que tots els envasos de medicaments que es dispensin amb recepta, com a norma general amb excepcions que determinaran els Estats membres de la Uni\u00f3 Europea, tinguin un identificador \u00fanic (IU) i comptin amb un dispositiu antimanipulaciones.<\/p>\n<p>L&#8217;engegada d&#8217;aquest sistema respon a un mandat de la directiva europea 2011\/62 que desenvolupa el Reglament Delegat 2016\/161. L&#8217;objectiu \u00e9s prevenir l&#8217;entrada de medicaments falsificats en la cadena de subministrament legal en el futur i protegir aix\u00ed a la poblaci\u00f3 del tr\u00e0fic il\u2022legal de f\u00e0rmacs, un problema que no afecta a Espanya i que \u00e9s gaireb\u00e9 anecd\u00f2tic en Europea per\u00f2 que la Comissi\u00f3 Europea considera que ser\u00e0 una amena\u00e7a creixent en el futur.<\/p>\n<p>La directora general de Sevem, Mar\u00eda \u00c1ngeles Figuerola, ha explicat que el farmac\u00e8utic d&#8217;oficina de farm\u00e0cia i de servei hospitalari tindr\u00e0 l&#8217;obligaci\u00f3 de verificar l&#8217;env\u00e0s per assegurar que l&#8217;identificador \u00fanic (IU) o codi en la forma de datamatrix est\u00e0 actiu i desactivar-ho al moment en qu\u00e8 es va a dispensar al pacient. Aquest IU recollir\u00e0 informaci\u00f3 sobre el codi de producte, nombre de s\u00e8rie \u00fanica i aleatori per a cada env\u00e0s, caducitat o els codis nacionals de reemborsament en el cas d&#8217;Espanya, entre una altra informaci\u00f3, i que permetr\u00e0 suprimir l&#8217;actual cup\u00f3 precinto dels envasos en una data encara per determinar-se. La informaci\u00f3 dels medicaments autenticats s&#8217;utilitzar\u00e0 per al c\u00e0lcul del reemborsament degut per les oficines de farm\u00e0cia a laboratoris farmac\u00e8utics i distribu\u00efdores en aquells medicaments que hagin estat dispensats fora del Sistema Nacional de Salut.<\/p>\n<p><strong>Calendari previst<\/strong><\/p>\n<p>Figuerola tamb\u00e9 ha apuntat que s&#8217;est\u00e0 complint el calendari previst de llan\u00e7ament del sistema de verificaci\u00f3. La connexi\u00f3 entre Sevem i Emvo \u2013l&#8217;organitzaci\u00f3 europea de verificaci\u00f3- est\u00e0 prevista a l&#8217;abril de 2018 amb les primeres proves d&#8217;integraci\u00f3 entre tots dos sistemes. Aix\u00ed mateix s&#8217;escometr\u00e0 la certificaci\u00f3 de compliment de l&#8217;interf\u00edcie de connexi\u00f3, com a pas previ per acreditar a l&#8217;usuari final, mitjan\u00e7ant proves amb un nombre restringit d&#8217;usuaris acreditats, per passar a la fase d&#8217;acreditaci\u00f3 d&#8217;usuaris finals de serveis de farm\u00e0cia i distribu\u00efdores.<\/p>\n<p>Les proves de la versi\u00f3 1.0 del sistema es duran a terme al maig, amb els identificadors \u00fanics introdu\u00efts i en diferents casos d&#8217;\u00fas de distribu\u00efdores i farm\u00e0cies, amb verificacions, dispensacions i reversions d&#8217;estat. Al juny estar\u00e0 disponible la versi\u00f3 1.1, amb noves funcionalitats per a la seva incorporaci\u00f3.<\/p>\n<p>La disponibilitat del sistema amb tota la funcionalitat est\u00e0 prevista per a desembre, l&#8217;acceptaci\u00f3 formal del sistema ser\u00e0 el 31 de gener, la facturaci\u00f3 de quotes del Sevem al gener i la seva plena operativitat el 9 de febrer de 2019.<span>\u00a0<\/span><br \/>\nEspanya es trobaria entre el grup de pa\u00efsos m\u00e9s avan\u00e7ats en el desenvolupament del sistema de verificaci\u00f3, solament per darrere d&#8217;Alemanya.<\/p>\n<p><strong>Costos per al sector<\/strong><\/p>\n<p>Per la seva banda, els representants de la ind\u00fastria farmac\u00e8utica han incidit en els costos que t\u00e9 el sistema per al sector i en la necessitat que Sanitat elabori un reial decret que reguli el nou escenari.<br \/>\nUna de les q\u00fcestions pendents \u00e9s qu\u00e8 medicaments van a ser afectats pel sistema, si la serializaci\u00f3n va a afectar a tots els medicaments amb recepta o no, ha apuntat el director t\u00e8cnic de Farmaindustria, Emili Esteve, qui ha definit aquest projecte \u201ccom el m\u00e9s important del sector en els propers lustres, ja que introdueix un element de digitalitzaci\u00f3 important en treballar en el futur llegint un codi datamatrix\u201d.<\/p>\n<p>El director general de Aeseg, la patronal de la ind\u00fastria de medicaments gen\u00e8rics, ha incidit en els costos que suposa per als laboratoris. \u00c1ngel Luis Rodr\u00edguez de la Corda ha xifrat en 60 milions d&#8217;euros el cost que haur\u00e0 d&#8217;assumir aquest sector per adequar les seves l\u00ednies de producci\u00f3 per serializar els envasos que tenen un preu mitj\u00e0 de 2,90 euros. El portaveu d&#8217;aquesta ind\u00fastria ha demanat a l&#8217;Administraci\u00f3 \u201cuna compensaci\u00f3\u201d que b\u00e9 podria materialitzar-se a trav\u00e9s de la taxa del 2,5 per cent sobre les vendes o b\u00e9 d&#8217;alguna mesura que rescabali l&#8217;impacte econ\u00f2mic en els fabricants, ja que es tracta de \u201ccostos sobrea\u00f1adidos que estrenyen els llindars de rendibilitat\u201d.<\/p>\n<p>Per la seva banda, el director general de Fedifar, Miguel Vald\u00e9s, tamb\u00e9 ha reclamat un marc regulatori clar que determini les obligacions de cadascun dels agents implicats en el sistema de verificaci\u00f3. Vald\u00e9s ha apuntat que el sector espera un desenvolupament legislatiu nacional, que adapti la nostra normativa a les exig\u00e8ncies recollides en l&#8217;Acte Delegat que desenvolupa la Directiva 62\/2011\/UE. Una legislaci\u00f3 que tamb\u00e9 recollir\u00e0 aspectes vinculats a la farmacovigil\u00e0ncia i el reemborsament.<\/p>\n<p>Les entitats de distribuci\u00f3 ja han donat els primers passos per implantar el sistema, en iniciar la desc\u00e0rrega de la documentaci\u00f3 per desenvolupar i implementar les interf\u00edcies de programaci\u00f3 necess\u00e0ries per connectar-se amb SEVeM. La disponibilitat del sistema amb funcionalitat completa est\u00e0 prevista per a desembre de 2018. Les empreses de distribuci\u00f3 estaran preparades amb anterioritat i compliran els terminis previstos.<\/p>\n<p>La inversi\u00f3 que faran les empreses de distribuci\u00f3 per implantar la Directiva Antifalsificaci\u00f3n se centra en la implementaci\u00f3 del programari necessari perqu\u00e8 els magatzems puguin realitzar la verificaci\u00f3 i la desactivaci\u00f3, aix\u00ed com en els costos derivats de l&#8217;increment del temps que els treballadors han de dedicar a verificar i desactivar o d&#8217;adaptar els magatzems per la de recepci\u00f3 de medicaments.<\/p>\n<p>Finalment, la responsable de l&#8217;\u00c0rea Internacional del Consell General de Col\u00b7legis Oficials Farmac\u00e8utics, Sonia Ruiz Mor\u00e1n, ha explicat que la farm\u00e0cia en el futur haur\u00e0 de passar l&#8217;esc\u00e0ner pel codi datamatrix, identificar que el codi existeix i que no hi ha circumst\u00e0ncies que impedeixi la seva dispensaci\u00f3 per desactivar el codi de manera que l&#8217;env\u00e0s no podr\u00e0 tornar a ser dispensat. Entre els reptes que haur\u00e0 d&#8217;assumir el sector, Sonia Ruiz s&#8217;ha referit a la inversi\u00f3 en esc\u00e0ner, programari i comunicacions, aix\u00ed com a la compatibilitat amb els sistemes de recepta electr\u00f2nica el canvi que suposar\u00e0 per als farmac\u00e8utics a l&#8217;hora d&#8217;informar i formar al seu personal i clients o el temps invertit a resoldre incid\u00e8ncies. Tamb\u00e9 ha apuntat a les oportunitats que genera el nou sistema, com la millora de processos de retirades, de processos log\u00edstics (gesti\u00f3 d&#8217;estoc, lots i caducitats), la possible supressi\u00f3 de cup\u00f3 precinto o l&#8217;aplicaci\u00f3 de preus notificats. La representant del Consell tamb\u00e9 ha subratllat que es treballa per escur\u00e7ar el m\u00e0xim possible el temps de resposta del centre de dades a la farm\u00e0cia i en la integraci\u00f3 de processos, de manera que faciliti l&#8217;operativa als professionals.<\/p>\n<p>\u00a0Ind\u00fastria farmac\u00e8utica, distribuci\u00f3 i farm\u00e0cia insten a l&#8217;Administraci\u00f3 a aprovar una norma que defineixi els procediments i obligacions del sistema de verificaci\u00f3 de medicaments<\/p>\n<p>Els agents que integren la cadena del medicament han coincidit avui en la necessitat que el Ministeri de Sanitat elabori una norma que defineixi els procediments i obligacions de la ind\u00fastria farmac\u00e8utica, la distribuci\u00f3 i la farm\u00e0cia de cara a l&#8217;engegada del Sistema Espa\u00f1ol de Verificaci\u00f3 de Medicaments (Sevem).<\/p>\n<p>Durant la taula moderada per Mar\u00eda Luisa Garc\u00eda-Vaquer Donaire, sotsdirectora adjunta de la Sotsdirecci\u00f3 general de Qualitat de Medicaments i Productes Sanitaris, ha quedat pal\u00e8s l&#8217;excel\u00b7lent grau de col\u00b7laboraci\u00f3 entre tots els agents implicats en la cadena del medicament per engegar a temps un sistema efica\u00e7 contra la falsificaci\u00f3 de medicaments i tamb\u00e9 la preocupaci\u00f3 del sector sobre els costos que aquest sistema generar\u00e0 en el futur.<\/p>\n<p>Mar\u00eda Luisa Garc\u00eda-Vaquer ha manifestat avui que \u201chi ha voluntat\u201d per part de Sanitat de treballar en una norma \u00fanica sobre serializaci\u00f3n perqu\u00e8 \u201cho demana tota la cadena\u201d, que b\u00e9 \u201cpot ser un reial decret\u201d, si b\u00e9 ha assenyalat que encara \u00e9s aviat per decidir qu\u00e8 informaci\u00f3 recollir\u00e0 aquesta regulaci\u00f3 que podria aprovar-se a trav\u00e9s d&#8217;un reial decret.<\/p>\n<p>La verificaci\u00f3 obligat\u00f2ria dels envasos que entren en l&#8217;\u00e0mbit d&#8217;aplicaci\u00f3 haur\u00e0 d&#8217;entrar en funcionament, el proper 9 de febrer, amb la finalitat de que tots els envasos de medicaments que es dispensin amb recepta, com a norma general amb excepcions que determinaran els Estats membres de la Uni\u00f3 Europea, tinguin un identificador \u00fanic (IU) i comptin amb un dispositiu antimanipulaciones.<\/p>\n<p>L&#8217;engegada d&#8217;aquest sistema respon a un mandat de la directiva europea 2011\/62 que desenvolupa el Reglament Delegat 2016\/161. L&#8217;objectiu \u00e9s prevenir l&#8217;entrada de medicaments falsificats en la cadena de subministrament legal en el futur i protegir aix\u00ed a la poblaci\u00f3 del tr\u00e0fic il\u2022legal de f\u00e0rmacs, un problema que no afecta a Espanya i que \u00e9s gaireb\u00e9 anecd\u00f2tic en Europea per\u00f2 que la Comissi\u00f3 Europea considera que ser\u00e0 una amena\u00e7a creixent en el futur.<\/p>\n<p>La directora general de Sevem, Mar\u00eda \u00c1ngeles Figuerola, ha explicat que el farmac\u00e8utic d&#8217;oficina de farm\u00e0cia i de servei hospitalari tindr\u00e0 l&#8217;obligaci\u00f3 de verificar l&#8217;env\u00e0s per assegurar que l&#8217;identificador \u00fanic (IU) o codi en la forma de datamatrix est\u00e0 actiu i desactivar-ho al moment en qu\u00e8 es va a dispensar al pacient. Aquest IU recollir\u00e0 informaci\u00f3 sobre el codi de producte, nombre de s\u00e8rie \u00fanica i aleatori per a cada env\u00e0s, caducitat o els codis nacionals de reemborsament en el cas d&#8217;Espanya, entre una altra informaci\u00f3, i que permetr\u00e0 suprimir l&#8217;actual cup\u00f3 precinto dels envasos en una data encara per determinar-se. La informaci\u00f3 dels medicaments autenticats s&#8217;utilitzar\u00e0 per al c\u00e0lcul del reemborsament degut per les oficines de farm\u00e0cia a laboratoris farmac\u00e8utics i distribu\u00efdores en aquells medicaments que hagin estat dispensats fora del Sistema Nacional de Salut.<\/p>\n<p>Calendari previst<\/p>\n<p>Figuerola tamb\u00e9 ha apuntat que s&#8217;est\u00e0 complint el calendari previst de llan\u00e7ament del sistema de verificaci\u00f3. La connexi\u00f3 entre Sevem i Emvo \u2013l&#8217;organitzaci\u00f3 europea de verificaci\u00f3- est\u00e0 prevista a l&#8217;abril de 2018 amb les primeres proves d&#8217;integraci\u00f3 entre tots dos sistemes. Aix\u00ed mateix s&#8217;escometr\u00e0 la certificaci\u00f3 de compliment de l&#8217;interf\u00edcie de connexi\u00f3, com a pas previ per acreditar a l&#8217;usuari final, mitjan\u00e7ant proves amb un nombre restringit d&#8217;usuaris acreditats, per passar a la fase d&#8217;acreditaci\u00f3 d&#8217;usuaris finals de serveis de farm\u00e0cia i distribu\u00efdores.<\/p>\n<p>Les proves de la versi\u00f3 1.0 del sistema es duran a terme al maig, amb els identificadors \u00fanics introdu\u00efts i en diferents casos d&#8217;\u00fas de distribu\u00efdores i farm\u00e0cies, amb verificacions, dispensacions i reversions d&#8217;estat. Al juny estar\u00e0 disponible la versi\u00f3 1.1, amb noves funcionalitats per a la seva incorporaci\u00f3.<\/p>\n<p>La disponibilitat del sistema amb tota la funcionalitat est\u00e0 prevista per a desembre, l&#8217;acceptaci\u00f3 formal del sistema ser\u00e0 el 31 de gener, la facturaci\u00f3 de quotes del Sevem al gener i la seva plena operativitat el 9 de febrer de 2019.\u00a0<br \/>\nEspanya es trobaria entre el grup de pa\u00efsos m\u00e9s avan\u00e7ats en el desenvolupament del sistema de verificaci\u00f3, solament per darrere d&#8217;Alemanya.<\/p>\n<p>Costos per al sector<\/p>\n<p>Per la seva banda, els representants de la ind\u00fastria farmac\u00e8utica han incidit en els costos que t\u00e9 el sistema per al sector i en la necessitat que Sanitat elabori un reial decret que reguli el nou escenari.<br \/>\nUna de les q\u00fcestions pendents \u00e9s qu\u00e8 medicaments van a ser afectats pel sistema, si la serializaci\u00f3n va a afectar a tots els medicaments amb recepta o no, ha apuntat el director t\u00e8cnic de Farmaindustria, Emili Esteve, qui ha definit aquest projecte \u201ccom el m\u00e9s important del sector en els propers lustres, ja que introdueix un element de digitalitzaci\u00f3 important en treballar en el futur llegint un codi datamatrix\u201d.<\/p>\n<p>El director general de Aeseg, la patronal de la ind\u00fastria de medicaments gen\u00e8rics, ha incidit en els costos que suposa per als laboratoris. \u00c1ngel Luis Rodr\u00edguez de la Corda ha xifrat en 60 milions d&#8217;euros el cost que haur\u00e0 d&#8217;assumir aquest sector per adequar les seves l\u00ednies de producci\u00f3 per serializar els envasos que tenen un preu mitj\u00e0 de 2,90 euros. El portaveu d&#8217;aquesta ind\u00fastria ha demanat a l&#8217;Administraci\u00f3 \u201cuna compensaci\u00f3\u201d que b\u00e9 podria materialitzar-se a trav\u00e9s de la taxa del 2,5 per cent sobre les vendes o b\u00e9 d&#8217;alguna mesura que rescabali l&#8217;impacte econ\u00f2mic en els fabricants, ja que es tracta de \u201ccostos sobrea\u00f1adidos que estrenyen els llindars de rendibilitat\u201d.<\/p>\n<p>Per la seva banda, el director general de Fedifar, Miguel Vald\u00e9s, tamb\u00e9 ha reclamat un marc regulatori clar que determini les obligacions de cadascun dels agents implicats en el sistema de verificaci\u00f3. Vald\u00e9s ha apuntat que el sector espera un desenvolupament legislatiu nacional, que adapti la nostra normativa a les exig\u00e8ncies recollides en l&#8217;Acte Delegat que desenvolupa la Directiva 62\/2011\/UE. Una legislaci\u00f3 que tamb\u00e9 recollir\u00e0 aspectes vinculats a la farmacovigil\u00e0ncia i el reemborsament.<\/p>\n<p>Les entitats de distribuci\u00f3 ja han donat els primers passos per implantar el sistema, en iniciar la desc\u00e0rrega de la documentaci\u00f3 per desenvolupar i implementar les interf\u00edcies de programaci\u00f3 necess\u00e0ries per connectar-se amb SEVeM. La disponibilitat del sistema amb funcionalitat completa est\u00e0 prevista per a desembre de 2018. Les empreses de distribuci\u00f3 estaran preparades amb anterioritat i compliran els terminis previstos.<\/p>\n<p>La inversi\u00f3 que faran les empreses de distribuci\u00f3 per implantar la Directiva Antifalsificaci\u00f3n se centra en la implementaci\u00f3 del programari necessari perqu\u00e8 els magatzems puguin realitzar la verificaci\u00f3 i la desactivaci\u00f3, aix\u00ed com en els costos derivats de l&#8217;increment del temps que els treballadors han de dedicar a verificar i desactivar o d&#8217;adaptar els magatzems per la de recepci\u00f3 de medicaments.<\/p>\n<p>Finalment, la responsable de l&#8217;\u00c0rea Internacional del Consell General de Col\u00b7legis Oficials Farmac\u00e8utics, Sonia Ruiz Mor\u00e1n, ha explicat que la farm\u00e0cia en el futur haur\u00e0 de passar l&#8217;esc\u00e0ner pel codi datamatrix, identificar que el codi existeix i que no hi ha circumst\u00e0ncies que impedeixi la seva dispensaci\u00f3 per desactivar el codi de manera que l&#8217;env\u00e0s no podr\u00e0 tornar a ser dispensat. Entre els reptes que haur\u00e0 d&#8217;assumir el sector, Sonia Ruiz s&#8217;ha referit a la inversi\u00f3 en esc\u00e0ner, programari i comunicacions, aix\u00ed com a la compatibilitat amb els sistemes de recepta electr\u00f2nica el canvi que suposar\u00e0 per als farmac\u00e8utics a l&#8217;hora d&#8217;informar i formar al seu personal i clients o el temps invertit a resoldre incid\u00e8ncies. Tamb\u00e9 ha apuntat a les oportunitats que genera el nou sistema, com la millora de processos de retirades, de processos log\u00edstics (gesti\u00f3 d&#8217;estoc, lots i caducitats), la possible supressi\u00f3 de cup\u00f3 precinto o l&#8217;aplicaci\u00f3 de preus notificats. La representant del Consell tamb\u00e9 ha subratllat que es treballa per escur\u00e7ar el m\u00e0xim possible el temps de resposta del centre de dades a la farm\u00e0cia i en la integraci\u00f3 de processos, de manera que faciliti l&#8217;operativa als professionals.\u00a0\u00a0COFB.ORG<\/p>\n","protected":false},"excerpt":{"rendered":"<p>\u00a0 Ind\u00fastria farmac\u00e8utica, distribuci\u00f3 i farm\u00e0cia insten a l&#8217;Administraci\u00f3 a aprovar una norma que defineixi els procediments i obligacions del sistema de verificaci\u00f3 de medicaments Els agents que integren la cadena del medicament han coincidit avui en la necessitat que el Ministeri de Sanitat elabori una norma que defineixi els [&hellip;]<\/p>\n","protected":false},"author":1,"featured_media":0,"comment_status":"","ping_status":"","sticky":false,"template":"","format":"standard","meta":{"_uag_custom_page_level_css":"","site-sidebar-layout":"default","site-content-layout":"","ast-site-content-layout":"default","site-content-style":"default","site-sidebar-style":"default","ast-global-header-display":"","ast-banner-title-visibility":"","ast-main-header-display":"","ast-hfb-above-header-display":"","ast-hfb-below-header-display":"","ast-hfb-mobile-header-display":"","site-post-title":"","ast-breadcrumbs-content":"","ast-featured-img":"disabled","footer-sml-layout":"","theme-transparent-header-meta":"","adv-header-id-meta":"","stick-header-meta":"","header-above-stick-meta":"","header-main-stick-meta":"","header-below-stick-meta":"","astra-migrate-meta-layouts":"default","ast-page-background-enabled":"default","ast-page-background-meta":{"desktop":{"background-color":"var(--ast-global-color-4)","background-image":"","background-repeat":"repeat","background-position":"center center","background-size":"auto","background-attachment":"scroll","background-type":"","background-media":"","overlay-type":"","overlay-color":"","overlay-opacity":"","overlay-gradient":""},"tablet":{"background-color":"","background-image":"","background-repeat":"repeat","background-position":"center center","background-size":"auto","background-attachment":"scroll","background-type":"","background-media":"","overlay-type":"","overlay-color":"","overlay-opacity":"","overlay-gradient":""},"mobile":{"background-color":"","background-image":"","background-repeat":"repeat","background-position":"center center","background-size":"auto","background-attachment":"scroll","background-type":"","background-media":"","overlay-type":"","overlay-color":"","overlay-opacity":"","overlay-gradient":""}},"ast-content-background-meta":{"desktop":{"background-color":"var(--ast-global-color-5)","background-image":"","background-repeat":"repeat","background-position":"center center","background-size":"auto","background-attachment":"scroll","background-type":"","background-media":"","overlay-type":"","overlay-color":"","overlay-opacity":"","overlay-gradient":""},"tablet":{"background-color":"var(--ast-global-color-5)","background-image":"","background-repeat":"repeat","background-position":"center center","background-size":"auto","background-attachment":"scroll","background-type":"","background-media":"","overlay-type":"","overlay-color":"","overlay-opacity":"","overlay-gradient":""},"mobile":{"background-color":"var(--ast-global-color-5)","background-image":"","background-repeat":"repeat","background-position":"center center","background-size":"auto","background-attachment":"scroll","background-type":"","background-media":"","overlay-type":"","overlay-color":"","overlay-opacity":"","overlay-gradient":""}},"footnotes":""},"categories":[1060,1066],"tags":[],"class_list":["post-77278","post","type-post","status-publish","format-standard","hentry","category-notes-premsa","category-sense-categoria-ca"],"yoast_head":"<!-- This site is optimized with the Yoast SEO plugin v22.4 - https:\/\/yoast.com\/wordpress\/plugins\/seo\/ -->\n<title>Els agents del sector farmac\u00e8utic reclamen un reial decret de serialitzaci\u00f3 - Col\u00b7legi de Farmac\u00e8utics de Barcelona<\/title>\n<meta name=\"robots\" content=\"index, follow, max-snippet:-1, max-image-preview:large, max-video-preview:-1\" \/>\n<link rel=\"canonical\" href=\"https:\/\/novaorg.cofb.net\/2018\/03\/14\/els-agents-del-sector-farmaceutic-reclamen-un-reial-decret-de-serialitzacio\/\" \/>\n<meta property=\"og:locale\" content=\"ca_ES\" \/>\n<meta property=\"og:type\" content=\"article\" \/>\n<meta property=\"og:title\" content=\"Els agents del sector farmac\u00e8utic reclamen un reial decret de serialitzaci\u00f3 - Col\u00b7legi de Farmac\u00e8utics de Barcelona\" \/>\n<meta property=\"og:description\" content=\"\u00a0 Ind\u00fastria farmac\u00e8utica, distribuci\u00f3 i farm\u00e0cia insten a l&#8217;Administraci\u00f3 a aprovar una norma que defineixi els procediments i obligacions del sistema de verificaci\u00f3 de medicaments Els agents que integren la cadena del medicament han coincidit avui en la necessitat que el Ministeri de Sanitat elabori una norma que defineixi els [&hellip;]\" \/>\n<meta property=\"og:url\" content=\"https:\/\/novaorg.cofb.net\/2018\/03\/14\/els-agents-del-sector-farmaceutic-reclamen-un-reial-decret-de-serialitzacio\/\" \/>\n<meta property=\"og:site_name\" content=\"Col\u00b7legi de Farmac\u00e8utics de Barcelona\" \/>\n<meta property=\"article:publisher\" content=\"https:\/\/www.facebook.com\/farmaceuticsbcn\/\" \/>\n<meta property=\"article:published_time\" content=\"2018-03-14T13:12:00+00:00\" \/>\n<meta name=\"author\" content=\"wpAdminCofbOrg\" \/>\n<meta name=\"twitter:card\" content=\"summary_large_image\" \/>\n<meta name=\"twitter:creator\" content=\"@farmaceuticsbcn\" \/>\n<meta name=\"twitter:site\" content=\"@farmaceuticsbcn\" \/>\n<meta name=\"twitter:label1\" content=\"Escrit per\" \/>\n\t<meta name=\"twitter:data1\" content=\"wpAdminCofbOrg\" \/>\n\t<meta name=\"twitter:label2\" content=\"Temps estimat de lectura\" \/>\n\t<meta name=\"twitter:data2\" content=\"13 minuts\" \/>\n<script type=\"application\/ld+json\" class=\"yoast-schema-graph\">{\"@context\":\"https:\/\/schema.org\",\"@graph\":[{\"@type\":\"Article\",\"@id\":\"https:\/\/novaorg.cofb.net\/2018\/03\/14\/els-agents-del-sector-farmaceutic-reclamen-un-reial-decret-de-serialitzacio\/#article\",\"isPartOf\":{\"@id\":\"https:\/\/novaorg.cofb.net\/2018\/03\/14\/els-agents-del-sector-farmaceutic-reclamen-un-reial-decret-de-serialitzacio\/\"},\"author\":{\"name\":\"wpAdminCofbOrg\",\"@id\":\"https:\/\/www.cofb.org\/#\/schema\/person\/22ed7eea88da74b0fa4d3154ad87ffcb\"},\"headline\":\"Els agents del sector farmac\u00e8utic reclamen un reial decret de serialitzaci\u00f3\",\"datePublished\":\"2018-03-14T13:12:00+00:00\",\"dateModified\":\"2018-03-14T13:12:00+00:00\",\"mainEntityOfPage\":{\"@id\":\"https:\/\/novaorg.cofb.net\/2018\/03\/14\/els-agents-del-sector-farmaceutic-reclamen-un-reial-decret-de-serialitzacio\/\"},\"wordCount\":2794,\"publisher\":{\"@id\":\"https:\/\/www.cofb.org\/#organization\"},\"articleSection\":[\"Notes de premsa\"],\"inLanguage\":\"ca\"},{\"@type\":\"WebPage\",\"@id\":\"https:\/\/novaorg.cofb.net\/2018\/03\/14\/els-agents-del-sector-farmaceutic-reclamen-un-reial-decret-de-serialitzacio\/\",\"url\":\"https:\/\/novaorg.cofb.net\/2018\/03\/14\/els-agents-del-sector-farmaceutic-reclamen-un-reial-decret-de-serialitzacio\/\",\"name\":\"Els agents del sector farmac\u00e8utic reclamen un reial decret de serialitzaci\u00f3 - Col\u00b7legi de Farmac\u00e8utics de Barcelona\",\"isPartOf\":{\"@id\":\"https:\/\/www.cofb.org\/#website\"},\"datePublished\":\"2018-03-14T13:12:00+00:00\",\"dateModified\":\"2018-03-14T13:12:00+00:00\",\"breadcrumb\":{\"@id\":\"https:\/\/novaorg.cofb.net\/2018\/03\/14\/els-agents-del-sector-farmaceutic-reclamen-un-reial-decret-de-serialitzacio\/#breadcrumb\"},\"inLanguage\":\"ca\",\"potentialAction\":[{\"@type\":\"ReadAction\",\"target\":[\"https:\/\/novaorg.cofb.net\/2018\/03\/14\/els-agents-del-sector-farmaceutic-reclamen-un-reial-decret-de-serialitzacio\/\"]}]},{\"@type\":\"BreadcrumbList\",\"@id\":\"https:\/\/novaorg.cofb.net\/2018\/03\/14\/els-agents-del-sector-farmaceutic-reclamen-un-reial-decret-de-serialitzacio\/#breadcrumb\",\"itemListElement\":[{\"@type\":\"ListItem\",\"position\":1,\"name\":\"Inici\",\"item\":\"https:\/\/novaorg.cofb.net\/\"},{\"@type\":\"ListItem\",\"position\":2,\"name\":\"Els agents del sector farmac\u00e8utic reclamen un reial decret de serialitzaci\u00f3\"}]},{\"@type\":\"WebSite\",\"@id\":\"https:\/\/www.cofb.org\/#website\",\"url\":\"https:\/\/www.cofb.org\/\",\"name\":\"Col\u00b7legi de Farmac\u00e8utics de Barcelona\",\"description\":\"\",\"publisher\":{\"@id\":\"https:\/\/www.cofb.org\/#organization\"},\"potentialAction\":[{\"@type\":\"SearchAction\",\"target\":{\"@type\":\"EntryPoint\",\"urlTemplate\":\"https:\/\/www.cofb.org\/?s={search_term_string}\"},\"query-input\":\"required name=search_term_string\"}],\"inLanguage\":\"ca\"},{\"@type\":\"Organization\",\"@id\":\"https:\/\/www.cofb.org\/#organization\",\"name\":\"Col\u00b7legi de Farmac\u00e8utics de Barcelona\",\"url\":\"https:\/\/www.cofb.org\/\",\"logo\":{\"@type\":\"ImageObject\",\"inLanguage\":\"ca\",\"@id\":\"https:\/\/www.cofb.org\/#\/schema\/logo\/image\/\",\"url\":\"https:\/\/www.cofb.org\/wp-content\/uploads\/2023\/11\/cropped-Logotip-COFB.png\",\"contentUrl\":\"https:\/\/www.cofb.org\/wp-content\/uploads\/2023\/11\/cropped-Logotip-COFB.png\",\"width\":500,\"height\":105,\"caption\":\"Col\u00b7legi de Farmac\u00e8utics de Barcelona\"},\"image\":{\"@id\":\"https:\/\/www.cofb.org\/#\/schema\/logo\/image\/\"},\"sameAs\":[\"https:\/\/www.facebook.com\/farmaceuticsbcn\/\",\"https:\/\/twitter.com\/farmaceuticsbcn\",\"https:\/\/www.instagram.com\/farmaceuticsbcn\/\",\"https:\/\/www.linkedin.com\/company\/farmaceuticsbcn\/\"]},{\"@type\":\"Person\",\"@id\":\"https:\/\/www.cofb.org\/#\/schema\/person\/22ed7eea88da74b0fa4d3154ad87ffcb\",\"name\":\"wpAdminCofbOrg\",\"image\":{\"@type\":\"ImageObject\",\"inLanguage\":\"ca\",\"@id\":\"https:\/\/www.cofb.org\/#\/schema\/person\/image\/\",\"url\":\"https:\/\/secure.gravatar.com\/avatar\/1721b20b3b8ca882c3b56ec6c978c594fff670e40c0718e9190eaeeb76aae7d8?s=96&d=mm&r=g\",\"contentUrl\":\"https:\/\/secure.gravatar.com\/avatar\/1721b20b3b8ca882c3b56ec6c978c594fff670e40c0718e9190eaeeb76aae7d8?s=96&d=mm&r=g\",\"caption\":\"wpAdminCofbOrg\"},\"sameAs\":[\"http:\/\/192.168.64.122\/wordpress\"],\"url\":\"https:\/\/www.cofb.org\/ca\/author\/wpadmincofborg\/\"}]}<\/script>\n<!-- \/ Yoast SEO plugin. -->","yoast_head_json":{"title":"Els agents del sector farmac\u00e8utic reclamen un reial decret de serialitzaci\u00f3 - Col\u00b7legi de Farmac\u00e8utics de Barcelona","robots":{"index":"index","follow":"follow","max-snippet":"max-snippet:-1","max-image-preview":"max-image-preview:large","max-video-preview":"max-video-preview:-1"},"canonical":"https:\/\/novaorg.cofb.net\/2018\/03\/14\/els-agents-del-sector-farmaceutic-reclamen-un-reial-decret-de-serialitzacio\/","og_locale":"ca_ES","og_type":"article","og_title":"Els agents del sector farmac\u00e8utic reclamen un reial decret de serialitzaci\u00f3 - Col\u00b7legi de Farmac\u00e8utics de Barcelona","og_description":"\u00a0 Ind\u00fastria farmac\u00e8utica, distribuci\u00f3 i farm\u00e0cia insten a l&#8217;Administraci\u00f3 a aprovar una norma que defineixi els procediments i obligacions del sistema de verificaci\u00f3 de medicaments Els agents que integren la cadena del medicament han coincidit avui en la necessitat que el Ministeri de Sanitat elabori una norma que defineixi els [&hellip;]","og_url":"https:\/\/novaorg.cofb.net\/2018\/03\/14\/els-agents-del-sector-farmaceutic-reclamen-un-reial-decret-de-serialitzacio\/","og_site_name":"Col\u00b7legi de Farmac\u00e8utics de Barcelona","article_publisher":"https:\/\/www.facebook.com\/farmaceuticsbcn\/","article_published_time":"2018-03-14T13:12:00+00:00","author":"wpAdminCofbOrg","twitter_card":"summary_large_image","twitter_creator":"@farmaceuticsbcn","twitter_site":"@farmaceuticsbcn","twitter_misc":{"Escrit per":"wpAdminCofbOrg","Temps estimat de lectura":"13 minuts"},"schema":{"@context":"https:\/\/schema.org","@graph":[{"@type":"Article","@id":"https:\/\/novaorg.cofb.net\/2018\/03\/14\/els-agents-del-sector-farmaceutic-reclamen-un-reial-decret-de-serialitzacio\/#article","isPartOf":{"@id":"https:\/\/novaorg.cofb.net\/2018\/03\/14\/els-agents-del-sector-farmaceutic-reclamen-un-reial-decret-de-serialitzacio\/"},"author":{"name":"wpAdminCofbOrg","@id":"https:\/\/www.cofb.org\/#\/schema\/person\/22ed7eea88da74b0fa4d3154ad87ffcb"},"headline":"Els agents del sector farmac\u00e8utic reclamen un reial decret de serialitzaci\u00f3","datePublished":"2018-03-14T13:12:00+00:00","dateModified":"2018-03-14T13:12:00+00:00","mainEntityOfPage":{"@id":"https:\/\/novaorg.cofb.net\/2018\/03\/14\/els-agents-del-sector-farmaceutic-reclamen-un-reial-decret-de-serialitzacio\/"},"wordCount":2794,"publisher":{"@id":"https:\/\/www.cofb.org\/#organization"},"articleSection":["Notes de premsa"],"inLanguage":"ca"},{"@type":"WebPage","@id":"https:\/\/novaorg.cofb.net\/2018\/03\/14\/els-agents-del-sector-farmaceutic-reclamen-un-reial-decret-de-serialitzacio\/","url":"https:\/\/novaorg.cofb.net\/2018\/03\/14\/els-agents-del-sector-farmaceutic-reclamen-un-reial-decret-de-serialitzacio\/","name":"Els agents del sector farmac\u00e8utic reclamen un reial decret de serialitzaci\u00f3 - Col\u00b7legi de Farmac\u00e8utics de Barcelona","isPartOf":{"@id":"https:\/\/www.cofb.org\/#website"},"datePublished":"2018-03-14T13:12:00+00:00","dateModified":"2018-03-14T13:12:00+00:00","breadcrumb":{"@id":"https:\/\/novaorg.cofb.net\/2018\/03\/14\/els-agents-del-sector-farmaceutic-reclamen-un-reial-decret-de-serialitzacio\/#breadcrumb"},"inLanguage":"ca","potentialAction":[{"@type":"ReadAction","target":["https:\/\/novaorg.cofb.net\/2018\/03\/14\/els-agents-del-sector-farmaceutic-reclamen-un-reial-decret-de-serialitzacio\/"]}]},{"@type":"BreadcrumbList","@id":"https:\/\/novaorg.cofb.net\/2018\/03\/14\/els-agents-del-sector-farmaceutic-reclamen-un-reial-decret-de-serialitzacio\/#breadcrumb","itemListElement":[{"@type":"ListItem","position":1,"name":"Inici","item":"https:\/\/novaorg.cofb.net\/"},{"@type":"ListItem","position":2,"name":"Els agents del sector farmac\u00e8utic reclamen un reial decret de serialitzaci\u00f3"}]},{"@type":"WebSite","@id":"https:\/\/www.cofb.org\/#website","url":"https:\/\/www.cofb.org\/","name":"Col\u00b7legi de Farmac\u00e8utics de Barcelona","description":"","publisher":{"@id":"https:\/\/www.cofb.org\/#organization"},"potentialAction":[{"@type":"SearchAction","target":{"@type":"EntryPoint","urlTemplate":"https:\/\/www.cofb.org\/?s={search_term_string}"},"query-input":"required name=search_term_string"}],"inLanguage":"ca"},{"@type":"Organization","@id":"https:\/\/www.cofb.org\/#organization","name":"Col\u00b7legi de Farmac\u00e8utics de Barcelona","url":"https:\/\/www.cofb.org\/","logo":{"@type":"ImageObject","inLanguage":"ca","@id":"https:\/\/www.cofb.org\/#\/schema\/logo\/image\/","url":"https:\/\/www.cofb.org\/wp-content\/uploads\/2023\/11\/cropped-Logotip-COFB.png","contentUrl":"https:\/\/www.cofb.org\/wp-content\/uploads\/2023\/11\/cropped-Logotip-COFB.png","width":500,"height":105,"caption":"Col\u00b7legi de Farmac\u00e8utics de Barcelona"},"image":{"@id":"https:\/\/www.cofb.org\/#\/schema\/logo\/image\/"},"sameAs":["https:\/\/www.facebook.com\/farmaceuticsbcn\/","https:\/\/twitter.com\/farmaceuticsbcn","https:\/\/www.instagram.com\/farmaceuticsbcn\/","https:\/\/www.linkedin.com\/company\/farmaceuticsbcn\/"]},{"@type":"Person","@id":"https:\/\/www.cofb.org\/#\/schema\/person\/22ed7eea88da74b0fa4d3154ad87ffcb","name":"wpAdminCofbOrg","image":{"@type":"ImageObject","inLanguage":"ca","@id":"https:\/\/www.cofb.org\/#\/schema\/person\/image\/","url":"https:\/\/secure.gravatar.com\/avatar\/1721b20b3b8ca882c3b56ec6c978c594fff670e40c0718e9190eaeeb76aae7d8?s=96&d=mm&r=g","contentUrl":"https:\/\/secure.gravatar.com\/avatar\/1721b20b3b8ca882c3b56ec6c978c594fff670e40c0718e9190eaeeb76aae7d8?s=96&d=mm&r=g","caption":"wpAdminCofbOrg"},"sameAs":["http:\/\/192.168.64.122\/wordpress"],"url":"https:\/\/www.cofb.org\/ca\/author\/wpadmincofborg\/"}]}},"uagb_featured_image_src":{"full":false,"thumbnail":false,"medium":false,"medium_large":false,"large":false,"1536x1536":false,"2048x2048":false,"trp-custom-language-flag":false},"uagb_author_info":{"display_name":"wpAdminCofbOrg","author_link":"https:\/\/www.cofb.org\/ca\/author\/wpadmincofborg\/"},"uagb_comment_info":0,"uagb_excerpt":"\u00a0 Ind\u00fastria farmac\u00e8utica, distribuci\u00f3 i farm\u00e0cia insten a l&#8217;Administraci\u00f3 a aprovar una norma que defineixi els procediments i obligacions del sistema de verificaci\u00f3 de medicaments Els agents que integren la cadena del medicament han coincidit avui en la necessitat que el Ministeri de Sanitat elabori una norma que defineixi els [&hellip;]","_links":{"self":[{"href":"https:\/\/www.cofb.org\/ca\/wp-json\/wp\/v2\/posts\/77278","targetHints":{"allow":["GET"]}}],"collection":[{"href":"https:\/\/www.cofb.org\/ca\/wp-json\/wp\/v2\/posts"}],"about":[{"href":"https:\/\/www.cofb.org\/ca\/wp-json\/wp\/v2\/types\/post"}],"author":[{"embeddable":true,"href":"https:\/\/www.cofb.org\/ca\/wp-json\/wp\/v2\/users\/1"}],"replies":[{"embeddable":true,"href":"https:\/\/www.cofb.org\/ca\/wp-json\/wp\/v2\/comments?post=77278"}],"version-history":[{"count":0,"href":"https:\/\/www.cofb.org\/ca\/wp-json\/wp\/v2\/posts\/77278\/revisions"}],"wp:attachment":[{"href":"https:\/\/www.cofb.org\/ca\/wp-json\/wp\/v2\/media?parent=77278"}],"wp:term":[{"taxonomy":"category","embeddable":true,"href":"https:\/\/www.cofb.org\/ca\/wp-json\/wp\/v2\/categories?post=77278"},{"taxonomy":"post_tag","embeddable":true,"href":"https:\/\/www.cofb.org\/ca\/wp-json\/wp\/v2\/tags?post=77278"}],"curies":[{"name":"wp","href":"https:\/\/api.w.org\/{rel}","templated":true}]}}