{"id":77277,"date":"2018-03-15T10:32:00","date_gmt":"2018-03-15T10:32:00","guid":{"rendered":"https:\/\/novaorg.cofb.net\/2018\/03\/15\/infarma-madrid-2018-registra-un-nou-record-de-participacio\/"},"modified":"2018-03-15T10:32:00","modified_gmt":"2018-03-15T10:32:00","slug":"infarma-madrid-2018-registra-un-nou-record-de-participacio","status":"publish","type":"post","link":"https:\/\/www.cofb.org\/ca\/2018\/03\/15\/infarma-madrid-2018-registra-un-nou-record-de-participacio\/","title":{"rendered":"Infarma Madrid 2018 registra un nou r\u00e8cord de participaci\u00f3"},"content":{"rendered":"<p>\u00a0<\/p>\n<ul>\n<li><strong>El Congr\u00e9s i Sal\u00f3 farmac\u00e8utic reuneix 33.850 visitants professionals, 3.450 congressistes i 387 empreses del sector al recinte firal d&#8217;Ifema<\/strong><\/li>\n<\/ul>\n<p>Durant tres dies, la farm\u00e0cia, els seus professionals i els pacients han estat els protagonistes d\u2019Infarma Madrid 2018, un Congr\u00e9s i Sal\u00f3 que s&#8217;ha convertit en el f\u00f2rum farmac\u00e8utic de refer\u00e8ncia del sector a Espanya.<\/p>\n<p>M\u00e9s de 150 hores d&#8217;an\u00e0lisis i debat sobre els reptes als quals s&#8217;enfronta la farm\u00e0cia per respondre a les necessitats d&#8217;una poblaci\u00f3 m\u00e9s envellida i cr\u00f2nica; gaireb\u00e9 400 empreses presents i prop d&#8217;1.000 marques exposades al llarg de tres pavellons firals d\u2019Ifema que han reunit 33.850 visitants professionals, dels quals 3.450 s\u00f3n congressistes. Es tracta d&#8217;un 20 per cent m\u00e9s de visitants i congressistes que en l&#8217;edici\u00f3 celebrada al 2016.<\/p>\n<p>Infarma Madrid 2018 ha aconseguit a m\u00e9s un nou r\u00e8cord d&#8217;espai firal en contractar 35.000 metres quadrats, aix\u00ed com d&#8217;expositors, amb 387 empreses i laboratoris presents.<\/p>\n<p>Durant l&#8217;acte de clausura, el viceconseller de Sanitat de la Comunitat de Madrid i director general del Sermas, Manuel Molina, ha destacat Infarma com la cita de refer\u00e8ncia nacional i internacional i el punt de trobada per a tots els farmac\u00e8utics. Molina ha defensat que la prestaci\u00f3 farmac\u00e8utica \u201c\u00e9s estrat\u00e8gica per la seva proximitat i accessibilitat\u201d per a tota la poblaci\u00f3. Tamb\u00e9 ha reconegut el paper assistencial de la farm\u00e0cia a trav\u00e9s de la signatura dels diferents acords i convenis amb el Col\u00b7legi i ha confiat que la futura llei de farm\u00e0cia de la regi\u00f3 enforteixi el paper assistencial de la farm\u00e0cia i la figura del farmac\u00e8utic com a agent de salut, i tamb\u00e9 permeti eliminar les farm\u00e0cies en situaci\u00f3 de viabilitat econ\u00f2mica compromesa amb la finalitat de que no hagin de dependre del suport de l&#8217;Administraci\u00f3.<\/p>\n<p>Per la seva banda, el president del Col\u00b7legi Oficial de Farmac\u00e8utics de Madrid, Luis Gonz\u00e1lez, ha ressaltat la gran participaci\u00f3 registrada per Infarma, \u201cun excel\u00b7lent senyal que aquest sector de la Farm\u00e0cia inverteix, est\u00e0 al dia i preparat per competir, i aspira a seguir creixent\u201d, ha assenyalat.<\/p>\n<p>M\u00e9s enll\u00e0 de les xifres, per a Luis Gonz\u00e1lez ha quedat acreditat que \u201cla farm\u00e0cia viu pegada a les necessitats dels ciutadans\u201d. \u201cSabem quins s\u00f3n els problemes d&#8217;una poblaci\u00f3 envellida, depenent i amb malalties cr\u00f2niques, i estem demanant espai per plantejar solucions reals i efectives en col\u00b7laboraci\u00f3 amb l&#8217;Administraci\u00f3, els ciutadans i amb la resta de professionals sanitaris\u201d, ha apuntat. El president tamb\u00e9 ha subratllat el car\u00e0cter innovador d&#8217;una cita que \u201cha sabut renovar l&#8217;inter\u00e8s que desperta amb nous escenaris com InfarmaInnova, Iniciatives d&#8217;\u00c8xit o el Repte \u00c0gora, i noves activitats per seguir generant m\u00e9s valor als nostres visitants, congressistes i expositors\u201d.<\/p>\n<p>Luis Gonz\u00e1lez ha subratllat com un dels grans anuncis realitzats al Congr\u00e9s l&#8217;obertura d&#8217;una taula de treball conjunyeix amb l&#8217;Administraci\u00f3, amb la participaci\u00f3 de les conselleries d&#8217;Hisenda i Sanitat a m\u00e9s del Col\u00b7legi de Farmac\u00e8utics, per analitzar la viabilitat econ\u00f2mica de la farm\u00e0cia i ha expressat el seu desig que la iniciativa serveixi perqu\u00e8 dins de dos anys no hi hagi en la Comunitat de Madrid cap farm\u00e0cia en situaci\u00f3 de viabilitat econ\u00f2mica compromesa.<\/p>\n<p>Especial esment ha fet a Infarma Solidari, una iniciativa que ha aconseguit recaptar 45.000 euros per a una iniciativa humanit\u00e0ria desplegada per Farmamundi en suport dels refugiats de Sudan del Sud, aix\u00ed com a les empreses participants a Infarma.<\/p>\n<p>La vicepresidenta del Col\u00b7legi Oficial de Farmac\u00e8utics de Barcelona, N\u00faria Bosch Sagrera, tamb\u00e9 ha posat l&#8217;accent en l&#8217;\u00e8xit de la present edici\u00f3 i ha avan\u00e7at que la propera edici\u00f3 de Infarma se celebrar\u00e0 a Barcelona entre el 12 i el 14 de mar\u00e7, amb el doble repte de millorar i fer m\u00e9s savi el Congr\u00e9s i Sal\u00f3 farmac\u00e8utic i una aposta pels pacients i el valor afegit que la farm\u00e0cia pot aportar.<\/p>\n<p><strong>*Nota: Finalment, Infarma Barcelona 2019, se celebrar\u00e0 del 19 al 21 de mar\u00e7.\u00a0\u00a0<\/strong><\/p>\n<p>\u00a0El Congr\u00e9s i Sal\u00f3 farmac\u00e8utic reuneix 33.850 visitants professionals, 3.450 congressistes i 387 empreses del sector al recinte firal d&#8217;Ifema<\/p>\n<p>Durant tres dies, la farm\u00e0cia, els seus professionals i els pacients han estat els protagonistes d\u2019Infarma Madrid 2018, un Congr\u00e9s i Sal\u00f3 que s&#8217;ha convertit en el f\u00f2rum farmac\u00e8utic de refer\u00e8ncia del sector a Espanya.<\/p>\n<p>M\u00e9s de 150 hores d&#8217;an\u00e0lisis i debat sobre els reptes als quals s&#8217;enfronta la farm\u00e0cia per respondre a les necessitats d&#8217;una poblaci\u00f3 m\u00e9s envellida i cr\u00f2nica; gaireb\u00e9 400 empreses presents i prop d&#8217;1.000 marques exposades al llarg de tres pavellons firals d\u2019Ifema que han reunit 33.850 visitants professionals, dels quals 3.450 s\u00f3n congressistes. Es tracta d&#8217;un 20 per cent m\u00e9s de visitants i congressistes que en l&#8217;edici\u00f3 celebrada al 2016.<\/p>\n<p>Infarma Madrid 2018 ha aconseguit a m\u00e9s un nou r\u00e8cord d&#8217;espai firal en contractar 35.000 metres quadrats, aix\u00ed com d&#8217;expositors, amb 387 empreses i laboratoris presents.<\/p>\n<p>Durant l&#8217;acte de clausura, el viceconseller de Sanitat de la Comunitat de Madrid i director general del Sermas, Manuel Molina, ha destacat Infarma com la cita de refer\u00e8ncia nacional i internacional i el punt de trobada per a tots els farmac\u00e8utics. Molina ha defensat que la prestaci\u00f3 farmac\u00e8utica \u201c\u00e9s estrat\u00e8gica per la seva proximitat i accessibilitat\u201d per a tota la poblaci\u00f3. Tamb\u00e9 ha reconegut el paper assistencial de la farm\u00e0cia a trav\u00e9s de la signatura dels diferents acords i convenis amb el Col\u00b7legi i ha confiat que la futura llei de farm\u00e0cia de la regi\u00f3 enforteixi el paper assistencial de la farm\u00e0cia i la figura del farmac\u00e8utic com a agent de salut, i tamb\u00e9 permeti eliminar les farm\u00e0cies en situaci\u00f3 de viabilitat econ\u00f2mica compromesa amb la finalitat de que no hagin de dependre del suport de l&#8217;Administraci\u00f3.<\/p>\n<p>Per la seva banda, el president del Col\u00b7legi Oficial de Farmac\u00e8utics de Madrid, Luis Gonz\u00e1lez, ha ressaltat la gran participaci\u00f3 registrada per Infarma, \u201cun excel\u00b7lent senyal que aquest sector de la Farm\u00e0cia inverteix, est\u00e0 al dia i preparat per competir, i aspira a seguir creixent\u201d, ha assenyalat.<\/p>\n<p>M\u00e9s enll\u00e0 de les xifres, per a Luis Gonz\u00e1lez ha quedat acreditat que \u201cla farm\u00e0cia viu pegada a les necessitats dels ciutadans\u201d. \u201cSabem quins s\u00f3n els problemes d&#8217;una poblaci\u00f3 envellida, depenent i amb malalties cr\u00f2niques, i estem demanant espai per plantejar solucions reals i efectives en col\u00b7laboraci\u00f3 amb l&#8217;Administraci\u00f3, els ciutadans i amb la resta de professionals sanitaris\u201d, ha apuntat. El president tamb\u00e9 ha subratllat el car\u00e0cter innovador d&#8217;una cita que \u201cha sabut renovar l&#8217;inter\u00e8s que desperta amb nous escenaris com InfarmaInnova, Iniciatives d&#8217;\u00c8xit o el Repte \u00c0gora, i noves activitats per seguir generant m\u00e9s valor als nostres visitants, congressistes i expositors\u201d.<\/p>\n<p>Luis Gonz\u00e1lez ha subratllat com un dels grans anuncis realitzats al Congr\u00e9s l&#8217;obertura d&#8217;una taula de treball conjunyeix amb l&#8217;Administraci\u00f3, amb la participaci\u00f3 de les conselleries d&#8217;Hisenda i Sanitat a m\u00e9s del Col\u00b7legi de Farmac\u00e8utics, per analitzar la viabilitat econ\u00f2mica de la farm\u00e0cia i ha expressat el seu desig que la iniciativa serveixi perqu\u00e8 dins de dos anys no hi hagi en la Comunitat de Madrid cap farm\u00e0cia en situaci\u00f3 de viabilitat econ\u00f2mica compromesa.<\/p>\n<p>Especial esment ha fet a Infarma Solidari, una iniciativa que ha aconseguit recaptar 45.000 euros per a una iniciativa humanit\u00e0ria desplegada per Farmamundi en suport dels refugiats de Sudan del Sud, aix\u00ed com a les empreses participants a Infarma.<\/p>\n<p>La vicepresidenta del Col\u00b7legi Oficial de Farmac\u00e8utics de Barcelona, N\u00faria Bosch Sagrera, tamb\u00e9 ha posat l&#8217;accent en l&#8217;\u00e8xit de la present edici\u00f3 i ha avan\u00e7at que la propera edici\u00f3 de Infarma se celebrar\u00e0 a Barcelona entre el 12 i el 14 de mar\u00e7, amb el doble repte de millorar i fer m\u00e9s savi el Congr\u00e9s i Sal\u00f3 farmac\u00e8utic i una aposta pels pacients i el valor afegit que la farm\u00e0cia pot aportar.<\/p>\n<p>*Nota: Finalment, Infarma Barcelona 2019, se celebrar\u00e0 del 19 al 21 de mar\u00e7.\u00a0\u00a0\u00a0\u00a0COFB.ORG<\/p>\n","protected":false},"excerpt":{"rendered":"<p>\u00a0 El Congr\u00e9s i Sal\u00f3 farmac\u00e8utic reuneix 33.850 visitants professionals, 3.450 congressistes i 387 empreses del sector al recinte firal d&#8217;Ifema Durant tres dies, la farm\u00e0cia, els seus professionals i els pacients han estat els protagonistes d\u2019Infarma Madrid 2018, un Congr\u00e9s i Sal\u00f3 que s&#8217;ha convertit en el f\u00f2rum farmac\u00e8utic [&hellip;]<\/p>\n","protected":false},"author":1,"featured_media":0,"comment_status":"","ping_status":"","sticky":false,"template":"","format":"standard","meta":{"_uag_custom_page_level_css":"","site-sidebar-layout":"default","site-content-layout":"","ast-site-content-layout":"default","site-content-style":"default","site-sidebar-style":"default","ast-global-header-display":"","ast-banner-title-visibility":"","ast-main-header-display":"","ast-hfb-above-header-display":"","ast-hfb-below-header-display":"","ast-hfb-mobile-header-display":"","site-post-title":"","ast-breadcrumbs-content":"","ast-featured-img":"disabled","footer-sml-layout":"","theme-transparent-header-meta":"","adv-header-id-meta":"","stick-header-meta":"","header-above-stick-meta":"","header-main-stick-meta":"","header-below-stick-meta":"","astra-migrate-meta-layouts":"default","ast-page-background-enabled":"default","ast-page-background-meta":{"desktop":{"background-color":"var(--ast-global-color-4)","background-image":"","background-repeat":"repeat","background-position":"center center","background-size":"auto","background-attachment":"scroll","background-type":"","background-media":"","overlay-type":"","overlay-color":"","overlay-opacity":"","overlay-gradient":""},"tablet":{"background-color":"","background-image":"","background-repeat":"repeat","background-position":"center center","background-size":"auto","background-attachment":"scroll","background-type":"","background-media":"","overlay-type":"","overlay-color":"","overlay-opacity":"","overlay-gradient":""},"mobile":{"background-color":"","background-image":"","background-repeat":"repeat","background-position":"center center","background-size":"auto","background-attachment":"scroll","background-type":"","background-media":"","overlay-type":"","overlay-color":"","overlay-opacity":"","overlay-gradient":""}},"ast-content-background-meta":{"desktop":{"background-color":"var(--ast-global-color-5)","background-image":"","background-repeat":"repeat","background-position":"center center","background-size":"auto","background-attachment":"scroll","background-type":"","background-media":"","overlay-type":"","overlay-color":"","overlay-opacity":"","overlay-gradient":""},"tablet":{"background-color":"var(--ast-global-color-5)","background-image":"","background-repeat":"repeat","background-position":"center center","background-size":"auto","background-attachment":"scroll","background-type":"","background-media":"","overlay-type":"","overlay-color":"","overlay-opacity":"","overlay-gradient":""},"mobile":{"background-color":"var(--ast-global-color-5)","background-image":"","background-repeat":"repeat","background-position":"center center","background-size":"auto","background-attachment":"scroll","background-type":"","background-media":"","overlay-type":"","overlay-color":"","overlay-opacity":"","overlay-gradient":""}},"footnotes":""},"categories":[1060,1066],"tags":[],"class_list":["post-77277","post","type-post","status-publish","format-standard","hentry","category-notes-premsa","category-sense-categoria-ca"],"yoast_head":"<!-- This site is optimized with the Yoast SEO plugin v22.4 - https:\/\/yoast.com\/wordpress\/plugins\/seo\/ -->\n<title>Infarma Madrid 2018 registra un nou r\u00e8cord de participaci\u00f3 - Col\u00b7legi de Farmac\u00e8utics de Barcelona<\/title>\n<meta name=\"robots\" content=\"index, follow, max-snippet:-1, max-image-preview:large, max-video-preview:-1\" \/>\n<link rel=\"canonical\" href=\"https:\/\/novaorg.cofb.net\/2018\/03\/15\/infarma-madrid-2018-registra-un-nou-record-de-participacio\/\" \/>\n<meta property=\"og:locale\" content=\"ca_ES\" \/>\n<meta property=\"og:type\" content=\"article\" \/>\n<meta property=\"og:title\" content=\"Infarma Madrid 2018 registra un nou r\u00e8cord de participaci\u00f3 - Col\u00b7legi de Farmac\u00e8utics de Barcelona\" \/>\n<meta property=\"og:description\" content=\"\u00a0 El Congr\u00e9s i Sal\u00f3 farmac\u00e8utic reuneix 33.850 visitants professionals, 3.450 congressistes i 387 empreses del sector al recinte firal d&#8217;Ifema Durant tres dies, la farm\u00e0cia, els seus professionals i els pacients han estat els protagonistes d\u2019Infarma Madrid 2018, un Congr\u00e9s i Sal\u00f3 que s&#8217;ha convertit en el f\u00f2rum farmac\u00e8utic [&hellip;]\" \/>\n<meta property=\"og:url\" content=\"https:\/\/novaorg.cofb.net\/2018\/03\/15\/infarma-madrid-2018-registra-un-nou-record-de-participacio\/\" \/>\n<meta property=\"og:site_name\" content=\"Col\u00b7legi de Farmac\u00e8utics de Barcelona\" \/>\n<meta property=\"article:publisher\" content=\"https:\/\/www.facebook.com\/farmaceuticsbcn\/\" \/>\n<meta property=\"article:published_time\" content=\"2018-03-15T10:32:00+00:00\" \/>\n<meta name=\"author\" content=\"wpAdminCofbOrg\" \/>\n<meta name=\"twitter:card\" content=\"summary_large_image\" \/>\n<meta name=\"twitter:creator\" content=\"@farmaceuticsbcn\" \/>\n<meta name=\"twitter:site\" content=\"@farmaceuticsbcn\" \/>\n<meta name=\"twitter:label1\" content=\"Escrit per\" \/>\n\t<meta name=\"twitter:data1\" content=\"wpAdminCofbOrg\" \/>\n\t<meta name=\"twitter:label2\" content=\"Temps estimat de lectura\" \/>\n\t<meta name=\"twitter:data2\" content=\"7 minuts\" \/>\n<script type=\"application\/ld+json\" class=\"yoast-schema-graph\">{\"@context\":\"https:\/\/schema.org\",\"@graph\":[{\"@type\":\"Article\",\"@id\":\"https:\/\/novaorg.cofb.net\/2018\/03\/15\/infarma-madrid-2018-registra-un-nou-record-de-participacio\/#article\",\"isPartOf\":{\"@id\":\"https:\/\/novaorg.cofb.net\/2018\/03\/15\/infarma-madrid-2018-registra-un-nou-record-de-participacio\/\"},\"author\":{\"name\":\"wpAdminCofbOrg\",\"@id\":\"https:\/\/www.cofb.org\/#\/schema\/person\/22ed7eea88da74b0fa4d3154ad87ffcb\"},\"headline\":\"Infarma Madrid 2018 registra un nou r\u00e8cord de participaci\u00f3\",\"datePublished\":\"2018-03-15T10:32:00+00:00\",\"dateModified\":\"2018-03-15T10:32:00+00:00\",\"mainEntityOfPage\":{\"@id\":\"https:\/\/novaorg.cofb.net\/2018\/03\/15\/infarma-madrid-2018-registra-un-nou-record-de-participacio\/\"},\"wordCount\":1411,\"publisher\":{\"@id\":\"https:\/\/www.cofb.org\/#organization\"},\"articleSection\":[\"Notes de premsa\"],\"inLanguage\":\"ca\"},{\"@type\":\"WebPage\",\"@id\":\"https:\/\/novaorg.cofb.net\/2018\/03\/15\/infarma-madrid-2018-registra-un-nou-record-de-participacio\/\",\"url\":\"https:\/\/novaorg.cofb.net\/2018\/03\/15\/infarma-madrid-2018-registra-un-nou-record-de-participacio\/\",\"name\":\"Infarma Madrid 2018 registra un nou r\u00e8cord de participaci\u00f3 - Col\u00b7legi de Farmac\u00e8utics de Barcelona\",\"isPartOf\":{\"@id\":\"https:\/\/www.cofb.org\/#website\"},\"datePublished\":\"2018-03-15T10:32:00+00:00\",\"dateModified\":\"2018-03-15T10:32:00+00:00\",\"breadcrumb\":{\"@id\":\"https:\/\/novaorg.cofb.net\/2018\/03\/15\/infarma-madrid-2018-registra-un-nou-record-de-participacio\/#breadcrumb\"},\"inLanguage\":\"ca\",\"potentialAction\":[{\"@type\":\"ReadAction\",\"target\":[\"https:\/\/novaorg.cofb.net\/2018\/03\/15\/infarma-madrid-2018-registra-un-nou-record-de-participacio\/\"]}]},{\"@type\":\"BreadcrumbList\",\"@id\":\"https:\/\/novaorg.cofb.net\/2018\/03\/15\/infarma-madrid-2018-registra-un-nou-record-de-participacio\/#breadcrumb\",\"itemListElement\":[{\"@type\":\"ListItem\",\"position\":1,\"name\":\"Inici\",\"item\":\"https:\/\/novaorg.cofb.net\/\"},{\"@type\":\"ListItem\",\"position\":2,\"name\":\"Infarma Madrid 2018 registra un nou r\u00e8cord de participaci\u00f3\"}]},{\"@type\":\"WebSite\",\"@id\":\"https:\/\/www.cofb.org\/#website\",\"url\":\"https:\/\/www.cofb.org\/\",\"name\":\"Col\u00b7legi de Farmac\u00e8utics de Barcelona\",\"description\":\"\",\"publisher\":{\"@id\":\"https:\/\/www.cofb.org\/#organization\"},\"potentialAction\":[{\"@type\":\"SearchAction\",\"target\":{\"@type\":\"EntryPoint\",\"urlTemplate\":\"https:\/\/www.cofb.org\/?s={search_term_string}\"},\"query-input\":\"required name=search_term_string\"}],\"inLanguage\":\"ca\"},{\"@type\":\"Organization\",\"@id\":\"https:\/\/www.cofb.org\/#organization\",\"name\":\"Col\u00b7legi de Farmac\u00e8utics de Barcelona\",\"url\":\"https:\/\/www.cofb.org\/\",\"logo\":{\"@type\":\"ImageObject\",\"inLanguage\":\"ca\",\"@id\":\"https:\/\/www.cofb.org\/#\/schema\/logo\/image\/\",\"url\":\"https:\/\/www.cofb.org\/wp-content\/uploads\/2023\/11\/cropped-Logotip-COFB.png\",\"contentUrl\":\"https:\/\/www.cofb.org\/wp-content\/uploads\/2023\/11\/cropped-Logotip-COFB.png\",\"width\":500,\"height\":105,\"caption\":\"Col\u00b7legi de Farmac\u00e8utics de Barcelona\"},\"image\":{\"@id\":\"https:\/\/www.cofb.org\/#\/schema\/logo\/image\/\"},\"sameAs\":[\"https:\/\/www.facebook.com\/farmaceuticsbcn\/\",\"https:\/\/twitter.com\/farmaceuticsbcn\",\"https:\/\/www.instagram.com\/farmaceuticsbcn\/\",\"https:\/\/www.linkedin.com\/company\/farmaceuticsbcn\/\"]},{\"@type\":\"Person\",\"@id\":\"https:\/\/www.cofb.org\/#\/schema\/person\/22ed7eea88da74b0fa4d3154ad87ffcb\",\"name\":\"wpAdminCofbOrg\",\"image\":{\"@type\":\"ImageObject\",\"inLanguage\":\"ca\",\"@id\":\"https:\/\/www.cofb.org\/#\/schema\/person\/image\/\",\"url\":\"https:\/\/secure.gravatar.com\/avatar\/1721b20b3b8ca882c3b56ec6c978c594fff670e40c0718e9190eaeeb76aae7d8?s=96&d=mm&r=g\",\"contentUrl\":\"https:\/\/secure.gravatar.com\/avatar\/1721b20b3b8ca882c3b56ec6c978c594fff670e40c0718e9190eaeeb76aae7d8?s=96&d=mm&r=g\",\"caption\":\"wpAdminCofbOrg\"},\"sameAs\":[\"http:\/\/192.168.64.122\/wordpress\"],\"url\":\"https:\/\/www.cofb.org\/ca\/author\/wpadmincofborg\/\"}]}<\/script>\n<!-- \/ Yoast SEO plugin. -->","yoast_head_json":{"title":"Infarma Madrid 2018 registra un nou r\u00e8cord de participaci\u00f3 - Col\u00b7legi de Farmac\u00e8utics de Barcelona","robots":{"index":"index","follow":"follow","max-snippet":"max-snippet:-1","max-image-preview":"max-image-preview:large","max-video-preview":"max-video-preview:-1"},"canonical":"https:\/\/novaorg.cofb.net\/2018\/03\/15\/infarma-madrid-2018-registra-un-nou-record-de-participacio\/","og_locale":"ca_ES","og_type":"article","og_title":"Infarma Madrid 2018 registra un nou r\u00e8cord de participaci\u00f3 - Col\u00b7legi de Farmac\u00e8utics de Barcelona","og_description":"\u00a0 El Congr\u00e9s i Sal\u00f3 farmac\u00e8utic reuneix 33.850 visitants professionals, 3.450 congressistes i 387 empreses del sector al recinte firal d&#8217;Ifema Durant tres dies, la farm\u00e0cia, els seus professionals i els pacients han estat els protagonistes d\u2019Infarma Madrid 2018, un Congr\u00e9s i Sal\u00f3 que s&#8217;ha convertit en el f\u00f2rum farmac\u00e8utic [&hellip;]","og_url":"https:\/\/novaorg.cofb.net\/2018\/03\/15\/infarma-madrid-2018-registra-un-nou-record-de-participacio\/","og_site_name":"Col\u00b7legi de Farmac\u00e8utics de Barcelona","article_publisher":"https:\/\/www.facebook.com\/farmaceuticsbcn\/","article_published_time":"2018-03-15T10:32:00+00:00","author":"wpAdminCofbOrg","twitter_card":"summary_large_image","twitter_creator":"@farmaceuticsbcn","twitter_site":"@farmaceuticsbcn","twitter_misc":{"Escrit per":"wpAdminCofbOrg","Temps estimat de lectura":"7 minuts"},"schema":{"@context":"https:\/\/schema.org","@graph":[{"@type":"Article","@id":"https:\/\/novaorg.cofb.net\/2018\/03\/15\/infarma-madrid-2018-registra-un-nou-record-de-participacio\/#article","isPartOf":{"@id":"https:\/\/novaorg.cofb.net\/2018\/03\/15\/infarma-madrid-2018-registra-un-nou-record-de-participacio\/"},"author":{"name":"wpAdminCofbOrg","@id":"https:\/\/www.cofb.org\/#\/schema\/person\/22ed7eea88da74b0fa4d3154ad87ffcb"},"headline":"Infarma Madrid 2018 registra un nou r\u00e8cord de participaci\u00f3","datePublished":"2018-03-15T10:32:00+00:00","dateModified":"2018-03-15T10:32:00+00:00","mainEntityOfPage":{"@id":"https:\/\/novaorg.cofb.net\/2018\/03\/15\/infarma-madrid-2018-registra-un-nou-record-de-participacio\/"},"wordCount":1411,"publisher":{"@id":"https:\/\/www.cofb.org\/#organization"},"articleSection":["Notes de premsa"],"inLanguage":"ca"},{"@type":"WebPage","@id":"https:\/\/novaorg.cofb.net\/2018\/03\/15\/infarma-madrid-2018-registra-un-nou-record-de-participacio\/","url":"https:\/\/novaorg.cofb.net\/2018\/03\/15\/infarma-madrid-2018-registra-un-nou-record-de-participacio\/","name":"Infarma Madrid 2018 registra un nou r\u00e8cord de participaci\u00f3 - Col\u00b7legi de Farmac\u00e8utics de Barcelona","isPartOf":{"@id":"https:\/\/www.cofb.org\/#website"},"datePublished":"2018-03-15T10:32:00+00:00","dateModified":"2018-03-15T10:32:00+00:00","breadcrumb":{"@id":"https:\/\/novaorg.cofb.net\/2018\/03\/15\/infarma-madrid-2018-registra-un-nou-record-de-participacio\/#breadcrumb"},"inLanguage":"ca","potentialAction":[{"@type":"ReadAction","target":["https:\/\/novaorg.cofb.net\/2018\/03\/15\/infarma-madrid-2018-registra-un-nou-record-de-participacio\/"]}]},{"@type":"BreadcrumbList","@id":"https:\/\/novaorg.cofb.net\/2018\/03\/15\/infarma-madrid-2018-registra-un-nou-record-de-participacio\/#breadcrumb","itemListElement":[{"@type":"ListItem","position":1,"name":"Inici","item":"https:\/\/novaorg.cofb.net\/"},{"@type":"ListItem","position":2,"name":"Infarma Madrid 2018 registra un nou r\u00e8cord de participaci\u00f3"}]},{"@type":"WebSite","@id":"https:\/\/www.cofb.org\/#website","url":"https:\/\/www.cofb.org\/","name":"Col\u00b7legi de Farmac\u00e8utics de Barcelona","description":"","publisher":{"@id":"https:\/\/www.cofb.org\/#organization"},"potentialAction":[{"@type":"SearchAction","target":{"@type":"EntryPoint","urlTemplate":"https:\/\/www.cofb.org\/?s={search_term_string}"},"query-input":"required name=search_term_string"}],"inLanguage":"ca"},{"@type":"Organization","@id":"https:\/\/www.cofb.org\/#organization","name":"Col\u00b7legi de Farmac\u00e8utics de Barcelona","url":"https:\/\/www.cofb.org\/","logo":{"@type":"ImageObject","inLanguage":"ca","@id":"https:\/\/www.cofb.org\/#\/schema\/logo\/image\/","url":"https:\/\/www.cofb.org\/wp-content\/uploads\/2023\/11\/cropped-Logotip-COFB.png","contentUrl":"https:\/\/www.cofb.org\/wp-content\/uploads\/2023\/11\/cropped-Logotip-COFB.png","width":500,"height":105,"caption":"Col\u00b7legi de Farmac\u00e8utics de Barcelona"},"image":{"@id":"https:\/\/www.cofb.org\/#\/schema\/logo\/image\/"},"sameAs":["https:\/\/www.facebook.com\/farmaceuticsbcn\/","https:\/\/twitter.com\/farmaceuticsbcn","https:\/\/www.instagram.com\/farmaceuticsbcn\/","https:\/\/www.linkedin.com\/company\/farmaceuticsbcn\/"]},{"@type":"Person","@id":"https:\/\/www.cofb.org\/#\/schema\/person\/22ed7eea88da74b0fa4d3154ad87ffcb","name":"wpAdminCofbOrg","image":{"@type":"ImageObject","inLanguage":"ca","@id":"https:\/\/www.cofb.org\/#\/schema\/person\/image\/","url":"https:\/\/secure.gravatar.com\/avatar\/1721b20b3b8ca882c3b56ec6c978c594fff670e40c0718e9190eaeeb76aae7d8?s=96&d=mm&r=g","contentUrl":"https:\/\/secure.gravatar.com\/avatar\/1721b20b3b8ca882c3b56ec6c978c594fff670e40c0718e9190eaeeb76aae7d8?s=96&d=mm&r=g","caption":"wpAdminCofbOrg"},"sameAs":["http:\/\/192.168.64.122\/wordpress"],"url":"https:\/\/www.cofb.org\/ca\/author\/wpadmincofborg\/"}]}},"uagb_featured_image_src":{"full":false,"thumbnail":false,"medium":false,"medium_large":false,"large":false,"1536x1536":false,"2048x2048":false,"trp-custom-language-flag":false},"uagb_author_info":{"display_name":"wpAdminCofbOrg","author_link":"https:\/\/www.cofb.org\/ca\/author\/wpadmincofborg\/"},"uagb_comment_info":0,"uagb_excerpt":"\u00a0 El Congr\u00e9s i Sal\u00f3 farmac\u00e8utic reuneix 33.850 visitants professionals, 3.450 congressistes i 387 empreses del sector al recinte firal d&#8217;Ifema Durant tres dies, la farm\u00e0cia, els seus professionals i els pacients han estat els protagonistes d\u2019Infarma Madrid 2018, un Congr\u00e9s i Sal\u00f3 que s&#8217;ha convertit en el f\u00f2rum farmac\u00e8utic [&hellip;]","_links":{"self":[{"href":"https:\/\/www.cofb.org\/ca\/wp-json\/wp\/v2\/posts\/77277","targetHints":{"allow":["GET"]}}],"collection":[{"href":"https:\/\/www.cofb.org\/ca\/wp-json\/wp\/v2\/posts"}],"about":[{"href":"https:\/\/www.cofb.org\/ca\/wp-json\/wp\/v2\/types\/post"}],"author":[{"embeddable":true,"href":"https:\/\/www.cofb.org\/ca\/wp-json\/wp\/v2\/users\/1"}],"replies":[{"embeddable":true,"href":"https:\/\/www.cofb.org\/ca\/wp-json\/wp\/v2\/comments?post=77277"}],"version-history":[{"count":0,"href":"https:\/\/www.cofb.org\/ca\/wp-json\/wp\/v2\/posts\/77277\/revisions"}],"wp:attachment":[{"href":"https:\/\/www.cofb.org\/ca\/wp-json\/wp\/v2\/media?parent=77277"}],"wp:term":[{"taxonomy":"category","embeddable":true,"href":"https:\/\/www.cofb.org\/ca\/wp-json\/wp\/v2\/categories?post=77277"},{"taxonomy":"post_tag","embeddable":true,"href":"https:\/\/www.cofb.org\/ca\/wp-json\/wp\/v2\/tags?post=77277"}],"curies":[{"name":"wp","href":"https:\/\/api.w.org\/{rel}","templated":true}]}}