{"id":77276,"date":"2018-03-15T10:39:00","date_gmt":"2018-03-15T10:39:00","guid":{"rendered":"https:\/\/novaorg.cofb.net\/2018\/03\/15\/concha-almarza-insta-els-farmaceutics-a-ser-part-activa-de-la-sostenibilitat-del-model\/"},"modified":"2018-03-15T10:39:00","modified_gmt":"2018-03-15T10:39:00","slug":"concha-almarza-insta-els-farmaceutics-a-ser-part-activa-de-la-sostenibilitat-del-model","status":"publish","type":"post","link":"https:\/\/www.cofb.org\/ca\/2018\/03\/15\/concha-almarza-insta-els-farmaceutics-a-ser-part-activa-de-la-sostenibilitat-del-model\/","title":{"rendered":"Concha Almarza insta els farmac\u00e8utics a ser part activa de la sostenibilitat del model"},"content":{"rendered":"<p>\u00a0<\/p>\n<ul>\n<li><strong>El president del COFM critica l&#8217;estancament del sector i anuncia una taula de negociaci\u00f3 amb el Govern madrileny per abordar la viabilitat econ\u00f2mica de la farm\u00e0cia<\/strong><\/li>\n<\/ul>\n<p>El president del Col\u2022legi Oficial de Farmac\u00e8utics de Madrid, Luis Gonz\u00e1lez D\u00edez, ha reclamat avui una pol\u00edtica farmac\u00e8utica que ofereixi incentius professionals i econ\u00f2mics a l&#8217;oficina de farm\u00e0cia, ja que el sector \u201cest\u00e0 trigant a recuperar terreny en la despesa p\u00fablica i les dades reflecteixen un estancament del sector que condiciona molt el seu repte d&#8217;invertir en noves tecnologies o en nous serveis farmac\u00e8utics\u201d.<\/p>\n<p>Luis Gonz\u00e1lez s&#8217;ha mostrat molt satisfet en aquest sentit per la taula de negociaci\u00f3 oberta pel Govern madrileny, on seran presents les conselleries de Sanitat i Hisenda a m\u00e9s del Col\u2022legi de Farmac\u00e8utics, per abordar la viabilitat econ\u00f2mica de la farm\u00e0cia, aix\u00ed com de les novetats que introduir\u00e0 la futura llei de farm\u00e0cia de la regi\u00f3.<\/p>\n<p>El president del Col\u2022legi ha fet aquest anunci durant el debat posterior a la confer\u00e8ncia sobre \u2018Mesures econ\u00f2miques al sector. Evoluci\u00f3 de la despesa p\u00fablica i impacte en l&#8217;oficina de farm\u00e0cia\u2019 impartida per Concha Almarza, directora general de Iqvia Espanya.<\/p>\n<p>Luis Gonz\u00e1lez ha q\u00fcestionat tamb\u00e9 \u201cquan cobrar\u00e0 el farmac\u00e8utic els nous serveis que est\u00e0 prestant des de la farm\u00e0cia, perqu\u00e8 ara \u00e9s el professional qui els est\u00e0 pagant\u201d, en el cas dels programes de seguiment farmacoterap\u00e8utic del pacient o d&#8217;adher\u00e8ncia als tractaments.<\/p>\n<p><u><strong>Baixada del mercat de farm\u00e0cia: reptes i oportunitats<\/strong><\/u><\/p>\n<p>A la vista de les dades recaptades per la consultora, que reflecteixen una caiguda del mercat d&#8217;oficina de farm\u00e0cia del 10 per cent durant els \u00faltims vuit anys, Concha Almarza ha instat els farmac\u00e8utics a no ser \u201cpassatgers del que ocorre en el nostre entorn, sin\u00f3 a ser part activa en les propostes de sostenibilitat\u201d. En la seva opini\u00f3, \u201c\u00e9s el farmac\u00e8utic el que est\u00e0 suportant el model i el que s&#8217;ha llan\u00e7at a gestionar un altre tipus d&#8217;opcions com l\u2019autocura\u201d. Aquest segment de mercat ha experimentat un fort creixement entre 2013 i 2016 que s&#8217;ha vist frenat l&#8217;any passat, en cr\u00e9ixer tan sol l&#8217;1 per cent. Aquest alentiment est\u00e0 motivat per la substituci\u00f3 de productes en un mercat on s&#8217;aprecia \u201csaturaci\u00f3\u201d, segons el parer de l&#8217;experta, qui tamb\u00e9 ha subratllat com ha contribu\u00eft l\u2019autocura a compensar les retallades de la factura p\u00fablica en representar ja gaireb\u00e9 el 30 per cent de les vendes de les farm\u00e0cies.<\/p>\n<p>Durant la seva intervenci\u00f3, Concha Almarza ha posat l&#8217;accent en els canvis reguladors que han condicionat el mercat de la farm\u00e0cia. Fins a nou mesures legislatives s&#8217;han aprovat des de 2009, amb un fort impacte en el negoci de la farm\u00e0cia. Al seu judici, el sistema de preus de refer\u00e8ncia \u201cha deixat de ser una mesura de contenci\u00f3 de la despesa\u201d. \u201cRedueix preus per\u00f2 no volum de despesa\u201d, ha assenyalat.<\/p>\n<p>Almarza ha apostat per la prescripci\u00f3 per principi actiu com a mecanisme per impulsar un mercat de gen\u00e8rics que est\u00e0 estancat des de fa tres anys i ha posat de manifest la inestabilitat regulat\u00f2ria dels \u00faltims anys, que ha generat molta incertesa respecte als productes de dispensaci\u00f3 hospital\u00e0ria i una \u201cp\u00e8rdua d&#8217;oportunitat quant al creixement de la farm\u00e0cia, perqu\u00e8 gaireb\u00e9 tota la innovaci\u00f3 es llan\u00e7a en f\u00e0rmacs d&#8217;especialitats de dispensaci\u00f3 hospital\u00e0ria\u201d.<\/p>\n<p>Aix\u00ed mateix ha apuntat diferents oportunitats que t\u00e9 el sector per cr\u00e9ixer en el futur, comen\u00e7ant pel nou perfil de consumidor, m\u00e9s envellit i preocupat per la seva salut i benestar, aix\u00ed com una actitud molt diferent de compra. En la seva opini\u00f3, el farmac\u00e8utic ha d&#8217;explotar aquest mercat d\u2019autocura o de medicina preventiva i unir-se a les noves tecnologies per oferir el mateix servei perqu\u00e8 el nou client \u00e9s un gran consumidor online.<\/p>\n<p>Per la seva banda, el president del Col\u2022legi s&#8217;ha mostrat confiat en la capacitat de la professi\u00f3 per sortir de la seva zona de confort, competir amb altres canals de venda i farm\u00e0cies. \u201cHem sabut evolucionar, tenim ganes de progressar per\u00f2 necessitem suport i interlocuci\u00f3 per part de les administracions\u201d, ha assegurat.<\/p>\n<p>\u00a0El president del COFM critica l&#8217;estancament del sector i anuncia una taula de negociaci\u00f3 amb el Govern madrileny per abordar la viabilitat econ\u00f2mica de la farm\u00e0cia<\/p>\n<p>El president del Col\u2022legi Oficial de Farmac\u00e8utics de Madrid, Luis Gonz\u00e1lez D\u00edez, ha reclamat avui una pol\u00edtica farmac\u00e8utica que ofereixi incentius professionals i econ\u00f2mics a l&#8217;oficina de farm\u00e0cia, ja que el sector \u201cest\u00e0 trigant a recuperar terreny en la despesa p\u00fablica i les dades reflecteixen un estancament del sector que condiciona molt el seu repte d&#8217;invertir en noves tecnologies o en nous serveis farmac\u00e8utics\u201d.<\/p>\n<p>Luis Gonz\u00e1lez s&#8217;ha mostrat molt satisfet en aquest sentit per la taula de negociaci\u00f3 oberta pel Govern madrileny, on seran presents les conselleries de Sanitat i Hisenda a m\u00e9s del Col\u2022legi de Farmac\u00e8utics, per abordar la viabilitat econ\u00f2mica de la farm\u00e0cia, aix\u00ed com de les novetats que introduir\u00e0 la futura llei de farm\u00e0cia de la regi\u00f3.<\/p>\n<p>El president del Col\u2022legi ha fet aquest anunci durant el debat posterior a la confer\u00e8ncia sobre \u2018Mesures econ\u00f2miques al sector. Evoluci\u00f3 de la despesa p\u00fablica i impacte en l&#8217;oficina de farm\u00e0cia\u2019 impartida per Concha Almarza, directora general de Iqvia Espanya.<\/p>\n<p>Luis Gonz\u00e1lez ha q\u00fcestionat tamb\u00e9 \u201cquan cobrar\u00e0 el farmac\u00e8utic els nous serveis que est\u00e0 prestant des de la farm\u00e0cia, perqu\u00e8 ara \u00e9s el professional qui els est\u00e0 pagant\u201d, en el cas dels programes de seguiment farmacoterap\u00e8utic del pacient o d&#8217;adher\u00e8ncia als tractaments.<\/p>\n<p>Baixada del mercat de farm\u00e0cia: reptes i oportunitats<\/p>\n<p>A la vista de les dades recaptades per la consultora, que reflecteixen una caiguda del mercat d&#8217;oficina de farm\u00e0cia del 10 per cent durant els \u00faltims vuit anys, Concha Almarza ha instat els farmac\u00e8utics a no ser \u201cpassatgers del que ocorre en el nostre entorn, sin\u00f3 a ser part activa en les propostes de sostenibilitat\u201d. En la seva opini\u00f3, \u201c\u00e9s el farmac\u00e8utic el que est\u00e0 suportant el model i el que s&#8217;ha llan\u00e7at a gestionar un altre tipus d&#8217;opcions com l\u2019autocura\u201d. Aquest segment de mercat ha experimentat un fort creixement entre 2013 i 2016 que s&#8217;ha vist frenat l&#8217;any passat, en cr\u00e9ixer tan sol l&#8217;1 per cent. Aquest alentiment est\u00e0 motivat per la substituci\u00f3 de productes en un mercat on s&#8217;aprecia \u201csaturaci\u00f3\u201d, segons el parer de l&#8217;experta, qui tamb\u00e9 ha subratllat com ha contribu\u00eft l\u2019autocura a compensar les retallades de la factura p\u00fablica en representar ja gaireb\u00e9 el 30 per cent de les vendes de les farm\u00e0cies.<\/p>\n<p>Durant la seva intervenci\u00f3, Concha Almarza ha posat l&#8217;accent en els canvis reguladors que han condicionat el mercat de la farm\u00e0cia. Fins a nou mesures legislatives s&#8217;han aprovat des de 2009, amb un fort impacte en el negoci de la farm\u00e0cia. Al seu judici, el sistema de preus de refer\u00e8ncia \u201cha deixat de ser una mesura de contenci\u00f3 de la despesa\u201d. \u201cRedueix preus per\u00f2 no volum de despesa\u201d, ha assenyalat.<\/p>\n<p>Almarza ha apostat per la prescripci\u00f3 per principi actiu com a mecanisme per impulsar un mercat de gen\u00e8rics que est\u00e0 estancat des de fa tres anys i ha posat de manifest la inestabilitat regulat\u00f2ria dels \u00faltims anys, que ha generat molta incertesa respecte als productes de dispensaci\u00f3 hospital\u00e0ria i una \u201cp\u00e8rdua d&#8217;oportunitat quant al creixement de la farm\u00e0cia, perqu\u00e8 gaireb\u00e9 tota la innovaci\u00f3 es llan\u00e7a en f\u00e0rmacs d&#8217;especialitats de dispensaci\u00f3 hospital\u00e0ria\u201d.<\/p>\n<p>Aix\u00ed mateix ha apuntat diferents oportunitats que t\u00e9 el sector per cr\u00e9ixer en el futur, comen\u00e7ant pel nou perfil de consumidor, m\u00e9s envellit i preocupat per la seva salut i benestar, aix\u00ed com una actitud molt diferent de compra. En la seva opini\u00f3, el farmac\u00e8utic ha d&#8217;explotar aquest mercat d\u2019autocura o de medicina preventiva i unir-se a les noves tecnologies per oferir el mateix servei perqu\u00e8 el nou client \u00e9s un gran consumidor online.<\/p>\n<p>Per la seva banda, el president del Col\u2022legi s&#8217;ha mostrat confiat en la capacitat de la professi\u00f3 per sortir de la seva zona de confort, competir amb altres canals de venda i farm\u00e0cies. \u201cHem sabut evolucionar, tenim ganes de progressar per\u00f2 necessitem suport i interlocuci\u00f3 per part de les administracions\u201d, ha assegurat.\u00a0\u00a0COFB.ORG<\/p>\n","protected":false},"excerpt":{"rendered":"<p>\u00a0 El president del COFM critica l&#8217;estancament del sector i anuncia una taula de negociaci\u00f3 amb el Govern madrileny per abordar la viabilitat econ\u00f2mica de la farm\u00e0cia El president del Col\u2022legi Oficial de Farmac\u00e8utics de Madrid, Luis Gonz\u00e1lez D\u00edez, ha reclamat avui una pol\u00edtica farmac\u00e8utica que ofereixi incentius professionals i [&hellip;]<\/p>\n","protected":false},"author":1,"featured_media":0,"comment_status":"","ping_status":"","sticky":false,"template":"","format":"standard","meta":{"_uag_custom_page_level_css":"","site-sidebar-layout":"default","site-content-layout":"","ast-site-content-layout":"default","site-content-style":"default","site-sidebar-style":"default","ast-global-header-display":"","ast-banner-title-visibility":"","ast-main-header-display":"","ast-hfb-above-header-display":"","ast-hfb-below-header-display":"","ast-hfb-mobile-header-display":"","site-post-title":"","ast-breadcrumbs-content":"","ast-featured-img":"disabled","footer-sml-layout":"","theme-transparent-header-meta":"","adv-header-id-meta":"","stick-header-meta":"","header-above-stick-meta":"","header-main-stick-meta":"","header-below-stick-meta":"","astra-migrate-meta-layouts":"default","ast-page-background-enabled":"default","ast-page-background-meta":{"desktop":{"background-color":"var(--ast-global-color-4)","background-image":"","background-repeat":"repeat","background-position":"center center","background-size":"auto","background-attachment":"scroll","background-type":"","background-media":"","overlay-type":"","overlay-color":"","overlay-opacity":"","overlay-gradient":""},"tablet":{"background-color":"","background-image":"","background-repeat":"repeat","background-position":"center center","background-size":"auto","background-attachment":"scroll","background-type":"","background-media":"","overlay-type":"","overlay-color":"","overlay-opacity":"","overlay-gradient":""},"mobile":{"background-color":"","background-image":"","background-repeat":"repeat","background-position":"center center","background-size":"auto","background-attachment":"scroll","background-type":"","background-media":"","overlay-type":"","overlay-color":"","overlay-opacity":"","overlay-gradient":""}},"ast-content-background-meta":{"desktop":{"background-color":"var(--ast-global-color-5)","background-image":"","background-repeat":"repeat","background-position":"center center","background-size":"auto","background-attachment":"scroll","background-type":"","background-media":"","overlay-type":"","overlay-color":"","overlay-opacity":"","overlay-gradient":""},"tablet":{"background-color":"var(--ast-global-color-5)","background-image":"","background-repeat":"repeat","background-position":"center center","background-size":"auto","background-attachment":"scroll","background-type":"","background-media":"","overlay-type":"","overlay-color":"","overlay-opacity":"","overlay-gradient":""},"mobile":{"background-color":"var(--ast-global-color-5)","background-image":"","background-repeat":"repeat","background-position":"center center","background-size":"auto","background-attachment":"scroll","background-type":"","background-media":"","overlay-type":"","overlay-color":"","overlay-opacity":"","overlay-gradient":""}},"footnotes":""},"categories":[1060,1066],"tags":[],"class_list":["post-77276","post","type-post","status-publish","format-standard","hentry","category-notes-premsa","category-sense-categoria-ca"],"yoast_head":"<!-- This site is optimized with the Yoast SEO plugin v22.4 - https:\/\/yoast.com\/wordpress\/plugins\/seo\/ -->\n<title>Concha Almarza insta els farmac\u00e8utics a ser part activa de la sostenibilitat del model - Col\u00b7legi de Farmac\u00e8utics de Barcelona<\/title>\n<meta name=\"robots\" content=\"index, follow, max-snippet:-1, max-image-preview:large, max-video-preview:-1\" \/>\n<link rel=\"canonical\" href=\"https:\/\/novaorg.cofb.net\/2018\/03\/15\/concha-almarza-insta-els-farmaceutics-a-ser-part-activa-de-la-sostenibilitat-del-model\/\" \/>\n<meta property=\"og:locale\" content=\"ca_ES\" \/>\n<meta property=\"og:type\" content=\"article\" \/>\n<meta property=\"og:title\" content=\"Concha Almarza insta els farmac\u00e8utics a ser part activa de la sostenibilitat del model - Col\u00b7legi de Farmac\u00e8utics de Barcelona\" \/>\n<meta property=\"og:description\" content=\"\u00a0 El president del COFM critica l&#8217;estancament del sector i anuncia una taula de negociaci\u00f3 amb el Govern madrileny per abordar la viabilitat econ\u00f2mica de la farm\u00e0cia El president del Col\u2022legi Oficial de Farmac\u00e8utics de Madrid, Luis Gonz\u00e1lez D\u00edez, ha reclamat avui una pol\u00edtica farmac\u00e8utica que ofereixi incentius professionals i [&hellip;]\" \/>\n<meta property=\"og:url\" content=\"https:\/\/novaorg.cofb.net\/2018\/03\/15\/concha-almarza-insta-els-farmaceutics-a-ser-part-activa-de-la-sostenibilitat-del-model\/\" \/>\n<meta property=\"og:site_name\" content=\"Col\u00b7legi de Farmac\u00e8utics de Barcelona\" \/>\n<meta property=\"article:publisher\" content=\"https:\/\/www.facebook.com\/farmaceuticsbcn\/\" \/>\n<meta property=\"article:published_time\" content=\"2018-03-15T10:39:00+00:00\" \/>\n<meta name=\"author\" content=\"wpAdminCofbOrg\" \/>\n<meta name=\"twitter:card\" content=\"summary_large_image\" \/>\n<meta name=\"twitter:creator\" content=\"@farmaceuticsbcn\" \/>\n<meta name=\"twitter:site\" content=\"@farmaceuticsbcn\" \/>\n<meta name=\"twitter:label1\" content=\"Escrit per\" \/>\n\t<meta name=\"twitter:data1\" content=\"wpAdminCofbOrg\" \/>\n\t<meta name=\"twitter:label2\" content=\"Temps estimat de lectura\" \/>\n\t<meta name=\"twitter:data2\" content=\"7 minuts\" \/>\n<script type=\"application\/ld+json\" class=\"yoast-schema-graph\">{\"@context\":\"https:\/\/schema.org\",\"@graph\":[{\"@type\":\"Article\",\"@id\":\"https:\/\/novaorg.cofb.net\/2018\/03\/15\/concha-almarza-insta-els-farmaceutics-a-ser-part-activa-de-la-sostenibilitat-del-model\/#article\",\"isPartOf\":{\"@id\":\"https:\/\/novaorg.cofb.net\/2018\/03\/15\/concha-almarza-insta-els-farmaceutics-a-ser-part-activa-de-la-sostenibilitat-del-model\/\"},\"author\":{\"name\":\"wpAdminCofbOrg\",\"@id\":\"https:\/\/www.cofb.org\/#\/schema\/person\/22ed7eea88da74b0fa4d3154ad87ffcb\"},\"headline\":\"Concha Almarza insta els farmac\u00e8utics a ser part activa de la sostenibilitat del model\",\"datePublished\":\"2018-03-15T10:39:00+00:00\",\"dateModified\":\"2018-03-15T10:39:00+00:00\",\"mainEntityOfPage\":{\"@id\":\"https:\/\/novaorg.cofb.net\/2018\/03\/15\/concha-almarza-insta-els-farmaceutics-a-ser-part-activa-de-la-sostenibilitat-del-model\/\"},\"wordCount\":1483,\"publisher\":{\"@id\":\"https:\/\/www.cofb.org\/#organization\"},\"articleSection\":[\"Notes de premsa\"],\"inLanguage\":\"ca\"},{\"@type\":\"WebPage\",\"@id\":\"https:\/\/novaorg.cofb.net\/2018\/03\/15\/concha-almarza-insta-els-farmaceutics-a-ser-part-activa-de-la-sostenibilitat-del-model\/\",\"url\":\"https:\/\/novaorg.cofb.net\/2018\/03\/15\/concha-almarza-insta-els-farmaceutics-a-ser-part-activa-de-la-sostenibilitat-del-model\/\",\"name\":\"Concha Almarza insta els farmac\u00e8utics a ser part activa de la sostenibilitat del model - Col\u00b7legi de Farmac\u00e8utics de Barcelona\",\"isPartOf\":{\"@id\":\"https:\/\/www.cofb.org\/#website\"},\"datePublished\":\"2018-03-15T10:39:00+00:00\",\"dateModified\":\"2018-03-15T10:39:00+00:00\",\"breadcrumb\":{\"@id\":\"https:\/\/novaorg.cofb.net\/2018\/03\/15\/concha-almarza-insta-els-farmaceutics-a-ser-part-activa-de-la-sostenibilitat-del-model\/#breadcrumb\"},\"inLanguage\":\"ca\",\"potentialAction\":[{\"@type\":\"ReadAction\",\"target\":[\"https:\/\/novaorg.cofb.net\/2018\/03\/15\/concha-almarza-insta-els-farmaceutics-a-ser-part-activa-de-la-sostenibilitat-del-model\/\"]}]},{\"@type\":\"BreadcrumbList\",\"@id\":\"https:\/\/novaorg.cofb.net\/2018\/03\/15\/concha-almarza-insta-els-farmaceutics-a-ser-part-activa-de-la-sostenibilitat-del-model\/#breadcrumb\",\"itemListElement\":[{\"@type\":\"ListItem\",\"position\":1,\"name\":\"Inici\",\"item\":\"https:\/\/novaorg.cofb.net\/\"},{\"@type\":\"ListItem\",\"position\":2,\"name\":\"Concha Almarza insta els farmac\u00e8utics a ser part activa de la sostenibilitat del model\"}]},{\"@type\":\"WebSite\",\"@id\":\"https:\/\/www.cofb.org\/#website\",\"url\":\"https:\/\/www.cofb.org\/\",\"name\":\"Col\u00b7legi de Farmac\u00e8utics de Barcelona\",\"description\":\"\",\"publisher\":{\"@id\":\"https:\/\/www.cofb.org\/#organization\"},\"potentialAction\":[{\"@type\":\"SearchAction\",\"target\":{\"@type\":\"EntryPoint\",\"urlTemplate\":\"https:\/\/www.cofb.org\/?s={search_term_string}\"},\"query-input\":\"required name=search_term_string\"}],\"inLanguage\":\"ca\"},{\"@type\":\"Organization\",\"@id\":\"https:\/\/www.cofb.org\/#organization\",\"name\":\"Col\u00b7legi de Farmac\u00e8utics de Barcelona\",\"url\":\"https:\/\/www.cofb.org\/\",\"logo\":{\"@type\":\"ImageObject\",\"inLanguage\":\"ca\",\"@id\":\"https:\/\/www.cofb.org\/#\/schema\/logo\/image\/\",\"url\":\"https:\/\/www.cofb.org\/wp-content\/uploads\/2023\/11\/cropped-Logotip-COFB.png\",\"contentUrl\":\"https:\/\/www.cofb.org\/wp-content\/uploads\/2023\/11\/cropped-Logotip-COFB.png\",\"width\":500,\"height\":105,\"caption\":\"Col\u00b7legi de Farmac\u00e8utics de Barcelona\"},\"image\":{\"@id\":\"https:\/\/www.cofb.org\/#\/schema\/logo\/image\/\"},\"sameAs\":[\"https:\/\/www.facebook.com\/farmaceuticsbcn\/\",\"https:\/\/twitter.com\/farmaceuticsbcn\",\"https:\/\/www.instagram.com\/farmaceuticsbcn\/\",\"https:\/\/www.linkedin.com\/company\/farmaceuticsbcn\/\"]},{\"@type\":\"Person\",\"@id\":\"https:\/\/www.cofb.org\/#\/schema\/person\/22ed7eea88da74b0fa4d3154ad87ffcb\",\"name\":\"wpAdminCofbOrg\",\"image\":{\"@type\":\"ImageObject\",\"inLanguage\":\"ca\",\"@id\":\"https:\/\/www.cofb.org\/#\/schema\/person\/image\/\",\"url\":\"https:\/\/secure.gravatar.com\/avatar\/1721b20b3b8ca882c3b56ec6c978c594fff670e40c0718e9190eaeeb76aae7d8?s=96&d=mm&r=g\",\"contentUrl\":\"https:\/\/secure.gravatar.com\/avatar\/1721b20b3b8ca882c3b56ec6c978c594fff670e40c0718e9190eaeeb76aae7d8?s=96&d=mm&r=g\",\"caption\":\"wpAdminCofbOrg\"},\"sameAs\":[\"http:\/\/192.168.64.122\/wordpress\"],\"url\":\"https:\/\/www.cofb.org\/ca\/author\/wpadmincofborg\/\"}]}<\/script>\n<!-- \/ Yoast SEO plugin. -->","yoast_head_json":{"title":"Concha Almarza insta els farmac\u00e8utics a ser part activa de la sostenibilitat del model - Col\u00b7legi de Farmac\u00e8utics de Barcelona","robots":{"index":"index","follow":"follow","max-snippet":"max-snippet:-1","max-image-preview":"max-image-preview:large","max-video-preview":"max-video-preview:-1"},"canonical":"https:\/\/novaorg.cofb.net\/2018\/03\/15\/concha-almarza-insta-els-farmaceutics-a-ser-part-activa-de-la-sostenibilitat-del-model\/","og_locale":"ca_ES","og_type":"article","og_title":"Concha Almarza insta els farmac\u00e8utics a ser part activa de la sostenibilitat del model - Col\u00b7legi de Farmac\u00e8utics de Barcelona","og_description":"\u00a0 El president del COFM critica l&#8217;estancament del sector i anuncia una taula de negociaci\u00f3 amb el Govern madrileny per abordar la viabilitat econ\u00f2mica de la farm\u00e0cia El president del Col\u2022legi Oficial de Farmac\u00e8utics de Madrid, Luis Gonz\u00e1lez D\u00edez, ha reclamat avui una pol\u00edtica farmac\u00e8utica que ofereixi incentius professionals i [&hellip;]","og_url":"https:\/\/novaorg.cofb.net\/2018\/03\/15\/concha-almarza-insta-els-farmaceutics-a-ser-part-activa-de-la-sostenibilitat-del-model\/","og_site_name":"Col\u00b7legi de Farmac\u00e8utics de Barcelona","article_publisher":"https:\/\/www.facebook.com\/farmaceuticsbcn\/","article_published_time":"2018-03-15T10:39:00+00:00","author":"wpAdminCofbOrg","twitter_card":"summary_large_image","twitter_creator":"@farmaceuticsbcn","twitter_site":"@farmaceuticsbcn","twitter_misc":{"Escrit per":"wpAdminCofbOrg","Temps estimat de lectura":"7 minuts"},"schema":{"@context":"https:\/\/schema.org","@graph":[{"@type":"Article","@id":"https:\/\/novaorg.cofb.net\/2018\/03\/15\/concha-almarza-insta-els-farmaceutics-a-ser-part-activa-de-la-sostenibilitat-del-model\/#article","isPartOf":{"@id":"https:\/\/novaorg.cofb.net\/2018\/03\/15\/concha-almarza-insta-els-farmaceutics-a-ser-part-activa-de-la-sostenibilitat-del-model\/"},"author":{"name":"wpAdminCofbOrg","@id":"https:\/\/www.cofb.org\/#\/schema\/person\/22ed7eea88da74b0fa4d3154ad87ffcb"},"headline":"Concha Almarza insta els farmac\u00e8utics a ser part activa de la sostenibilitat del model","datePublished":"2018-03-15T10:39:00+00:00","dateModified":"2018-03-15T10:39:00+00:00","mainEntityOfPage":{"@id":"https:\/\/novaorg.cofb.net\/2018\/03\/15\/concha-almarza-insta-els-farmaceutics-a-ser-part-activa-de-la-sostenibilitat-del-model\/"},"wordCount":1483,"publisher":{"@id":"https:\/\/www.cofb.org\/#organization"},"articleSection":["Notes de premsa"],"inLanguage":"ca"},{"@type":"WebPage","@id":"https:\/\/novaorg.cofb.net\/2018\/03\/15\/concha-almarza-insta-els-farmaceutics-a-ser-part-activa-de-la-sostenibilitat-del-model\/","url":"https:\/\/novaorg.cofb.net\/2018\/03\/15\/concha-almarza-insta-els-farmaceutics-a-ser-part-activa-de-la-sostenibilitat-del-model\/","name":"Concha Almarza insta els farmac\u00e8utics a ser part activa de la sostenibilitat del model - Col\u00b7legi de Farmac\u00e8utics de Barcelona","isPartOf":{"@id":"https:\/\/www.cofb.org\/#website"},"datePublished":"2018-03-15T10:39:00+00:00","dateModified":"2018-03-15T10:39:00+00:00","breadcrumb":{"@id":"https:\/\/novaorg.cofb.net\/2018\/03\/15\/concha-almarza-insta-els-farmaceutics-a-ser-part-activa-de-la-sostenibilitat-del-model\/#breadcrumb"},"inLanguage":"ca","potentialAction":[{"@type":"ReadAction","target":["https:\/\/novaorg.cofb.net\/2018\/03\/15\/concha-almarza-insta-els-farmaceutics-a-ser-part-activa-de-la-sostenibilitat-del-model\/"]}]},{"@type":"BreadcrumbList","@id":"https:\/\/novaorg.cofb.net\/2018\/03\/15\/concha-almarza-insta-els-farmaceutics-a-ser-part-activa-de-la-sostenibilitat-del-model\/#breadcrumb","itemListElement":[{"@type":"ListItem","position":1,"name":"Inici","item":"https:\/\/novaorg.cofb.net\/"},{"@type":"ListItem","position":2,"name":"Concha Almarza insta els farmac\u00e8utics a ser part activa de la sostenibilitat del model"}]},{"@type":"WebSite","@id":"https:\/\/www.cofb.org\/#website","url":"https:\/\/www.cofb.org\/","name":"Col\u00b7legi de Farmac\u00e8utics de Barcelona","description":"","publisher":{"@id":"https:\/\/www.cofb.org\/#organization"},"potentialAction":[{"@type":"SearchAction","target":{"@type":"EntryPoint","urlTemplate":"https:\/\/www.cofb.org\/?s={search_term_string}"},"query-input":"required name=search_term_string"}],"inLanguage":"ca"},{"@type":"Organization","@id":"https:\/\/www.cofb.org\/#organization","name":"Col\u00b7legi de Farmac\u00e8utics de Barcelona","url":"https:\/\/www.cofb.org\/","logo":{"@type":"ImageObject","inLanguage":"ca","@id":"https:\/\/www.cofb.org\/#\/schema\/logo\/image\/","url":"https:\/\/www.cofb.org\/wp-content\/uploads\/2023\/11\/cropped-Logotip-COFB.png","contentUrl":"https:\/\/www.cofb.org\/wp-content\/uploads\/2023\/11\/cropped-Logotip-COFB.png","width":500,"height":105,"caption":"Col\u00b7legi de Farmac\u00e8utics de Barcelona"},"image":{"@id":"https:\/\/www.cofb.org\/#\/schema\/logo\/image\/"},"sameAs":["https:\/\/www.facebook.com\/farmaceuticsbcn\/","https:\/\/twitter.com\/farmaceuticsbcn","https:\/\/www.instagram.com\/farmaceuticsbcn\/","https:\/\/www.linkedin.com\/company\/farmaceuticsbcn\/"]},{"@type":"Person","@id":"https:\/\/www.cofb.org\/#\/schema\/person\/22ed7eea88da74b0fa4d3154ad87ffcb","name":"wpAdminCofbOrg","image":{"@type":"ImageObject","inLanguage":"ca","@id":"https:\/\/www.cofb.org\/#\/schema\/person\/image\/","url":"https:\/\/secure.gravatar.com\/avatar\/1721b20b3b8ca882c3b56ec6c978c594fff670e40c0718e9190eaeeb76aae7d8?s=96&d=mm&r=g","contentUrl":"https:\/\/secure.gravatar.com\/avatar\/1721b20b3b8ca882c3b56ec6c978c594fff670e40c0718e9190eaeeb76aae7d8?s=96&d=mm&r=g","caption":"wpAdminCofbOrg"},"sameAs":["http:\/\/192.168.64.122\/wordpress"],"url":"https:\/\/www.cofb.org\/ca\/author\/wpadmincofborg\/"}]}},"uagb_featured_image_src":{"full":false,"thumbnail":false,"medium":false,"medium_large":false,"large":false,"1536x1536":false,"2048x2048":false,"trp-custom-language-flag":false},"uagb_author_info":{"display_name":"wpAdminCofbOrg","author_link":"https:\/\/www.cofb.org\/ca\/author\/wpadmincofborg\/"},"uagb_comment_info":0,"uagb_excerpt":"\u00a0 El president del COFM critica l&#8217;estancament del sector i anuncia una taula de negociaci\u00f3 amb el Govern madrileny per abordar la viabilitat econ\u00f2mica de la farm\u00e0cia El president del Col\u2022legi Oficial de Farmac\u00e8utics de Madrid, Luis Gonz\u00e1lez D\u00edez, ha reclamat avui una pol\u00edtica farmac\u00e8utica que ofereixi incentius professionals i [&hellip;]","_links":{"self":[{"href":"https:\/\/www.cofb.org\/ca\/wp-json\/wp\/v2\/posts\/77276","targetHints":{"allow":["GET"]}}],"collection":[{"href":"https:\/\/www.cofb.org\/ca\/wp-json\/wp\/v2\/posts"}],"about":[{"href":"https:\/\/www.cofb.org\/ca\/wp-json\/wp\/v2\/types\/post"}],"author":[{"embeddable":true,"href":"https:\/\/www.cofb.org\/ca\/wp-json\/wp\/v2\/users\/1"}],"replies":[{"embeddable":true,"href":"https:\/\/www.cofb.org\/ca\/wp-json\/wp\/v2\/comments?post=77276"}],"version-history":[{"count":0,"href":"https:\/\/www.cofb.org\/ca\/wp-json\/wp\/v2\/posts\/77276\/revisions"}],"wp:attachment":[{"href":"https:\/\/www.cofb.org\/ca\/wp-json\/wp\/v2\/media?parent=77276"}],"wp:term":[{"taxonomy":"category","embeddable":true,"href":"https:\/\/www.cofb.org\/ca\/wp-json\/wp\/v2\/categories?post=77276"},{"taxonomy":"post_tag","embeddable":true,"href":"https:\/\/www.cofb.org\/ca\/wp-json\/wp\/v2\/tags?post=77276"}],"curies":[{"name":"wp","href":"https:\/\/api.w.org\/{rel}","templated":true}]}}