{"id":77272,"date":"2018-03-16T10:16:00","date_gmt":"2018-03-16T10:16:00","guid":{"rendered":"https:\/\/novaorg.cofb.net\/2018\/03\/16\/el-caixaforum-acull-la-jornada-amb-motiu-del-dia-mundial-contra-el-cancer-de-colon-i-recte-a-la-ciutat-de-barcelona\/"},"modified":"2018-03-16T10:16:00","modified_gmt":"2018-03-16T10:16:00","slug":"el-caixaforum-acull-la-jornada-amb-motiu-del-dia-mundial-contra-el-cancer-de-colon-i-recte-a-la-ciutat-de-barcelona","status":"publish","type":"post","link":"https:\/\/www.cofb.org\/ca\/2018\/03\/16\/el-caixaforum-acull-la-jornada-amb-motiu-del-dia-mundial-contra-el-cancer-de-colon-i-recte-a-la-ciutat-de-barcelona\/","title":{"rendered":"El CaixaForum acull la Jornada amb motiu del Dia Mundial contra el c\u00e0ncer de c\u00f2lon i recte a la ciutat de Barcelona"},"content":{"rendered":"<p>\u00a0<\/p>\n<ul>\n<li><strong>La Jornada, que tindr\u00e0 lloc el proper dimarts, de 17 a 20h, porta com a lema \u2018Actuem per la prevenci\u00f3\u2019<\/strong><\/li>\n<li><strong>El Programa de detecci\u00f3 preco\u00e7 de c\u00e0ncer de c\u00f2lon i recte funciona des del 2010 a Barcelona i ja ha finalitzat el seu desplegament a tota la ciutat, convidant a una poblaci\u00f3 de m\u00e9s de 400.000 homes i dones<\/strong><\/li>\n<\/ul>\n<div>El proper 31 de mar\u00e7 tindr\u00e0 lloc el Dia Mundial contra el c\u00e0ncer de c\u00f2lon, una malaltia freq\u00fcent a partir dels 50 anys. \u00c9s el c\u00e0ncer m\u00e9s freq\u00fcent en el conjunt d\u2019homes i dones a Catalunya, amb uns 6.000 casos nous cada any, i la segona causa de mort per c\u00e0ncer.<\/div>\n<div>\u00a0<\/div>\n<div>Per tal de donar a con\u00e8ixer la tasca del Programa de detecci\u00f3 preco\u00e7 del c\u00e0ncer de c\u00f2lon i recte a la ciutat de Barcelona, en marxa des del 2010, s\u2019ha organitzat una Jornada de car\u00e0cter divulgatiu, el proper dimarts 20 de mar\u00e7 a les 17h al CaixaForum Barcelona, adre\u00e7ada tant al p\u00fablic en general com als professionals de la salut que estiguin interessats.<\/div>\n<div>\u00a0<\/div>\n<div>\u00a0A la Jornada, que porta com a lema \u2018Actuem per la prevenci\u00f3\u2019, es comptar\u00e0 amb la participaci\u00f3 de professionals sanitaris implicats en el Programa i amb l\u2019actuaci\u00f3 teatral del grup La Piscifactoria dirigit per Cristian Ll\u00e0cer. Els detalls es poden consultar a trav\u00e9s de la<span>\u00a0<\/span><a href=\"http:\/\/www.prevenciocolonbcn.org\/ca\/jornada-actuem-per-la-prevencio\/\" target=\"_blank\" rel=\"noopener\">web<\/a><span>\u00a0<\/span>del Programa. L\u2019assist\u00e8ncia \u00e9s gratu\u00efta per\u00f2 cal inscripci\u00f3, que es pot fer des d\u2019aquest<span>\u00a0<\/span><a href=\"https:\/\/docs.google.com\/forms\/d\/14S0OxdzV_mlwJ_Q2hz3zkJuVLZ20fWD5FX65-Zzj6PA\/viewform?edit_requested=true\" target=\"_blank\" rel=\"noopener\">enlla\u00e7<\/a>.<\/div>\n<div>\u00a0<\/div>\n<div><strong>El programa a la ciutat de Barcelona\u00a0<\/strong><\/div>\n<div>L\u2019any 2010, la ciutat de Barcelona va ser pilot a posar en marxa el Programa de detecci\u00f3 preco\u00e7 de c\u00e0ncer de c\u00f2lon i recte comen\u00e7ant per les \u00e0rees integrals de salut Barcelona Esquerra i Barcelona Litoral Mar. Est\u00e0 adre\u00e7at a homes i dones de 50 a 69 anys, per\u00edode d&#8217;edat en qu\u00e8 la detecci\u00f3 preco\u00e7 s&#8217;ha demostrat beneficiosa. Aquest 2018 el Programa ja ha finalitzat el seu desplegament a tota la ciutat de Barcelona, convidant a una poblaci\u00f3 de m\u00e9s de 400.000 homes i dones.<\/div>\n<div>\u00a0<\/div>\n<div>Aquestes s\u00f3n les properes<span>\u00a0<\/span><strong>\u00c0rees B\u00e0siques de Salut<span>\u00a0<\/span><\/strong>on el Programa tornar\u00e0 a estar actiu:<\/div>\n<div>\u00a0<\/div>\n<div><img fetchpriority=\"high\" decoding=\"async\" alt=\"\" height=\"360\" src=\"http:\/\/www.cofb.org\/image\/image_gallery?uuid=2f564195-3407-4302-bcec-6535de239347&amp;groupId=10136&amp;t=1521211219235\" width=\"506\"><\/div>\n<div>Per tal d\u2019informar de manera m\u00e9s adequada sobre el Programa, l\u2019Oficina T\u00e8cnica de Barcelona ha renovat la seva p\u00e0gina web, adaptant-la al format responsiu amb la voluntat d\u2019oferir un acc\u00e9s m\u00e9s directe a la informaci\u00f3, tant a la ciutadania en general com als professionals que estan interessats en el Programa. Es poden comprovar aquests canvis a la mateixa adre\u00e7a que tenia abans:<span>\u00a0<\/span><a href=\"http:\/\/www.prevenciocolonbcn.org\/ca\/\" target=\"_blank\" rel=\"noopener\">http:\/\/www.prevenciocolonbcn.org\/ca\/.<\/a><\/div>\n<div>\n<strong>Com es pot prevenir el c\u00e0ncer de c\u00f2lon i recte<\/strong><br \/>\nTot i que no hi ha cap c\u00e0ncer que es pugui prevenir completament, en el cas del c\u00e0ncer de c\u00f2lon i recte el llarg interval que transcorre des de l\u2019inici del proc\u00e9s fins al desenvolupament d\u2019un c\u00e0ncer invasiu permet diferents mesures de prevenci\u00f3 que podrien reduir el risc de desenvolupar aquest tipus de c\u00e0ncer. Aquestes mesures passen per promoure canvis en l\u2019estil de vida dirigits a reduir els factors de risc i potenciar els factors protectors (seguir una dieta rica en fruita, verdura i productes l\u00e0ctics; fer exercici; no fumar, etc.). Un aspecte important per a la prevenci\u00f3 consisteix en la participaci\u00f3 en programes de detecci\u00f3 preco\u00e7, que permeten diagnosticar lesions premalignes de c\u00f2lon i reduir-ne la mortalitat.<\/div>\n<div>\u00a0<\/div>\n<div>La majoria de c\u00e0ncers colorectals es desenvolupen a partir d\u2019unes lesions precanceroses anomenades p\u00f2lips adenomatosos. Tant els p\u00f2lips com els c\u00e0ncers sagnen de manera intermitent i \u00e9s aquesta sang la que es pot detectar a trav\u00e9s de la prova que ofereix el Programa de detecci\u00f3 preco\u00e7 de c\u00e0ncer de c\u00f2lon i recte. Si el c\u00e0ncer es detecta en una fase inicial \u00e9s m\u00e9s f\u00e0cil de tractar i de poder curar, ja que un dels problemes d\u2019aquest tumor \u00e9s que pot desenvolupar-se durant mesos sense produir cap mol\u00e8stia. Aquest \u00e9s, probablement, un dels millors exemples de com la detecci\u00f3 preco\u00e7 millora el pron\u00f2stic de la malaltia i redueix l\u2019agressivitat dels tractaments.<\/div>\n<p>\u00a0La Jornada, que tindr\u00e0 lloc el proper dimarts, de 17 a 20h, porta com a lema \u2018Actuem per la prevenci\u00f3\u2019<br \/>\n\tEl Programa de detecci\u00f3 preco\u00e7 de c\u00e0ncer de c\u00f2lon i recte funciona des del 2010 a Barcelona i ja ha finalitzat el seu desplegament a tota la ciutat, convidant a una poblaci\u00f3 de m\u00e9s de 400.000 homes i dones<\/p>\n<p>El proper 31 de mar\u00e7 tindr\u00e0 lloc el Dia Mundial contra el c\u00e0ncer de c\u00f2lon, una malaltia freq\u00fcent a partir dels 50 anys. \u00c9s el c\u00e0ncer m\u00e9s freq\u00fcent en el conjunt d\u2019homes i dones a Catalunya, amb uns 6.000 casos nous cada any, i la segona causa de mort per c\u00e0ncer.<\/p>\n<p>\u00a0<\/p>\n<p>Per tal de donar a con\u00e8ixer la tasca del Programa de detecci\u00f3 preco\u00e7 del c\u00e0ncer de c\u00f2lon i recte a la ciutat de Barcelona, en marxa des del 2010, s\u2019ha organitzat una Jornada de car\u00e0cter divulgatiu, el proper dimarts 20 de mar\u00e7 a les 17h al CaixaForum Barcelona, adre\u00e7ada tant al p\u00fablic en general com als professionals de la salut que estiguin interessats.<\/p>\n<p>\u00a0<\/p>\n<p>\u00a0A la Jornada, que porta com a lema \u2018Actuem per la prevenci\u00f3\u2019, es comptar\u00e0 amb la participaci\u00f3 de professionals sanitaris implicats en el Programa i amb l\u2019actuaci\u00f3 teatral del grup La Piscifactoria dirigit per Cristian Ll\u00e0cer. Els detalls es poden consultar a trav\u00e9s de la\u00a0web\u00a0del Programa. L\u2019assist\u00e8ncia \u00e9s gratu\u00efta per\u00f2 cal inscripci\u00f3, que es pot fer des d\u2019aquest\u00a0enlla\u00e7.<\/p>\n<p>\u00a0<\/p>\n<p>El programa a la ciutat de Barcelona\u00a0<\/p>\n<p>L\u2019any 2010, la ciutat de Barcelona va ser pilot a posar en marxa el Programa de detecci\u00f3 preco\u00e7 de c\u00e0ncer de c\u00f2lon i recte comen\u00e7ant per les \u00e0rees integrals de salut Barcelona Esquerra i Barcelona Litoral Mar. Est\u00e0 adre\u00e7at a homes i dones de 50 a 69 anys, per\u00edode d&#8217;edat en qu\u00e8 la detecci\u00f3 preco\u00e7 s&#8217;ha demostrat beneficiosa. Aquest 2018 el Programa ja ha finalitzat el seu desplegament a tota la ciutat de Barcelona, convidant a una poblaci\u00f3 de m\u00e9s de 400.000 homes i dones.<\/p>\n<p>\u00a0<\/p>\n<p>Aquestes s\u00f3n les properes\u00a0\u00c0rees B\u00e0siques de Salut\u00a0on el Programa tornar\u00e0 a estar actiu:<\/p>\n<p>\u00a0<\/p>\n<p>Per tal d\u2019informar de manera m\u00e9s adequada sobre el Programa, l\u2019Oficina T\u00e8cnica de Barcelona ha renovat la seva p\u00e0gina web, adaptant-la al format responsiu amb la voluntat d\u2019oferir un acc\u00e9s m\u00e9s directe a la informaci\u00f3, tant a la ciutadania en general com als professionals que estan interessats en el Programa. Es poden comprovar aquests canvis a la mateixa adre\u00e7a que tenia abans:\u00a0http:\/\/www.prevenciocolonbcn.org\/ca\/.<\/p>\n<p>Com es pot prevenir el c\u00e0ncer de c\u00f2lon i recte<br \/>\nTot i que no hi ha cap c\u00e0ncer que es pugui prevenir completament, en el cas del c\u00e0ncer de c\u00f2lon i recte el llarg interval que transcorre des de l\u2019inici del proc\u00e9s fins al desenvolupament d\u2019un c\u00e0ncer invasiu permet diferents mesures de prevenci\u00f3 que podrien reduir el risc de desenvolupar aquest tipus de c\u00e0ncer. Aquestes mesures passen per promoure canvis en l\u2019estil de vida dirigits a reduir els factors de risc i potenciar els factors protectors (seguir una dieta rica en fruita, verdura i productes l\u00e0ctics; fer exercici; no fumar, etc.). Un aspecte important per a la prevenci\u00f3 consisteix en la participaci\u00f3 en programes de detecci\u00f3 preco\u00e7, que permeten diagnosticar lesions premalignes de c\u00f2lon i reduir-ne la mortalitat.<\/p>\n<p>\u00a0<\/p>\n<p>La majoria de c\u00e0ncers colorectals es desenvolupen a partir d\u2019unes lesions precanceroses anomenades p\u00f2lips adenomatosos. Tant els p\u00f2lips com els c\u00e0ncers sagnen de manera intermitent i \u00e9s aquesta sang la que es pot detectar a trav\u00e9s de la prova que ofereix el Programa de detecci\u00f3 preco\u00e7 de c\u00e0ncer de c\u00f2lon i recte. Si el c\u00e0ncer es detecta en una fase inicial \u00e9s m\u00e9s f\u00e0cil de tractar i de poder curar, ja que un dels problemes d\u2019aquest tumor \u00e9s que pot desenvolupar-se durant mesos sense produir cap mol\u00e8stia. Aquest \u00e9s, probablement, un dels millors exemples de com la detecci\u00f3 preco\u00e7 millora el pron\u00f2stic de la malaltia i redueix l\u2019agressivitat dels tractaments.\u00a0\u00a0COFB.ORG<\/p>\n","protected":false},"excerpt":{"rendered":"<p>\u00a0 La Jornada, que tindr\u00e0 lloc el proper dimarts, de 17 a 20h, porta com a lema \u2018Actuem per la prevenci\u00f3\u2019 El Programa de detecci\u00f3 preco\u00e7 de c\u00e0ncer de c\u00f2lon i recte funciona des del 2010 a Barcelona i ja ha finalitzat el seu desplegament a tota la ciutat, convidant [&hellip;]<\/p>\n","protected":false},"author":1,"featured_media":0,"comment_status":"","ping_status":"","sticky":false,"template":"","format":"standard","meta":{"_uag_custom_page_level_css":"","site-sidebar-layout":"default","site-content-layout":"","ast-site-content-layout":"default","site-content-style":"default","site-sidebar-style":"default","ast-global-header-display":"","ast-banner-title-visibility":"","ast-main-header-display":"","ast-hfb-above-header-display":"","ast-hfb-below-header-display":"","ast-hfb-mobile-header-display":"","site-post-title":"","ast-breadcrumbs-content":"","ast-featured-img":"disabled","footer-sml-layout":"","theme-transparent-header-meta":"","adv-header-id-meta":"","stick-header-meta":"","header-above-stick-meta":"","header-main-stick-meta":"","header-below-stick-meta":"","astra-migrate-meta-layouts":"default","ast-page-background-enabled":"default","ast-page-background-meta":{"desktop":{"background-color":"var(--ast-global-color-4)","background-image":"","background-repeat":"repeat","background-position":"center center","background-size":"auto","background-attachment":"scroll","background-type":"","background-media":"","overlay-type":"","overlay-color":"","overlay-opacity":"","overlay-gradient":""},"tablet":{"background-color":"","background-image":"","background-repeat":"repeat","background-position":"center center","background-size":"auto","background-attachment":"scroll","background-type":"","background-media":"","overlay-type":"","overlay-color":"","overlay-opacity":"","overlay-gradient":""},"mobile":{"background-color":"","background-image":"","background-repeat":"repeat","background-position":"center center","background-size":"auto","background-attachment":"scroll","background-type":"","background-media":"","overlay-type":"","overlay-color":"","overlay-opacity":"","overlay-gradient":""}},"ast-content-background-meta":{"desktop":{"background-color":"var(--ast-global-color-5)","background-image":"","background-repeat":"repeat","background-position":"center center","background-size":"auto","background-attachment":"scroll","background-type":"","background-media":"","overlay-type":"","overlay-color":"","overlay-opacity":"","overlay-gradient":""},"tablet":{"background-color":"var(--ast-global-color-5)","background-image":"","background-repeat":"repeat","background-position":"center center","background-size":"auto","background-attachment":"scroll","background-type":"","background-media":"","overlay-type":"","overlay-color":"","overlay-opacity":"","overlay-gradient":""},"mobile":{"background-color":"var(--ast-global-color-5)","background-image":"","background-repeat":"repeat","background-position":"center center","background-size":"auto","background-attachment":"scroll","background-type":"","background-media":"","overlay-type":"","overlay-color":"","overlay-opacity":"","overlay-gradient":""}},"footnotes":""},"categories":[1060,1066],"tags":[],"class_list":["post-77272","post","type-post","status-publish","format-standard","hentry","category-notes-premsa","category-sense-categoria-ca"],"yoast_head":"<!-- This site is optimized with the Yoast SEO plugin v22.4 - https:\/\/yoast.com\/wordpress\/plugins\/seo\/ -->\n<title>El CaixaForum acull la Jornada amb motiu del Dia Mundial contra el c\u00e0ncer de c\u00f2lon i recte a la ciutat de Barcelona - Col\u00b7legi de Farmac\u00e8utics de Barcelona<\/title>\n<meta name=\"robots\" content=\"index, follow, max-snippet:-1, max-image-preview:large, max-video-preview:-1\" \/>\n<link rel=\"canonical\" href=\"https:\/\/novaorg.cofb.net\/2018\/03\/16\/el-caixaforum-acull-la-jornada-amb-motiu-del-dia-mundial-contra-el-cancer-de-colon-i-recte-a-la-ciutat-de-barcelona\/\" \/>\n<meta property=\"og:locale\" content=\"ca_ES\" \/>\n<meta property=\"og:type\" content=\"article\" \/>\n<meta property=\"og:title\" content=\"El CaixaForum acull la Jornada amb motiu del Dia Mundial contra el c\u00e0ncer de c\u00f2lon i recte a la ciutat de Barcelona - Col\u00b7legi de Farmac\u00e8utics de Barcelona\" \/>\n<meta property=\"og:description\" content=\"\u00a0 La Jornada, que tindr\u00e0 lloc el proper dimarts, de 17 a 20h, porta com a lema \u2018Actuem per la prevenci\u00f3\u2019 El Programa de detecci\u00f3 preco\u00e7 de c\u00e0ncer de c\u00f2lon i recte funciona des del 2010 a Barcelona i ja ha finalitzat el seu desplegament a tota la ciutat, convidant [&hellip;]\" \/>\n<meta property=\"og:url\" content=\"https:\/\/novaorg.cofb.net\/2018\/03\/16\/el-caixaforum-acull-la-jornada-amb-motiu-del-dia-mundial-contra-el-cancer-de-colon-i-recte-a-la-ciutat-de-barcelona\/\" \/>\n<meta property=\"og:site_name\" content=\"Col\u00b7legi de Farmac\u00e8utics de Barcelona\" \/>\n<meta property=\"article:publisher\" content=\"https:\/\/www.facebook.com\/farmaceuticsbcn\/\" \/>\n<meta property=\"article:published_time\" content=\"2018-03-16T10:16:00+00:00\" \/>\n<meta property=\"og:image\" content=\"http:\/\/www.cofb.org\/image\/image_gallery?uuid=2f564195-3407-4302-bcec-6535de239347&amp;groupId=10136&amp;t=1521211219235\" \/>\n<meta name=\"author\" content=\"wpAdminCofbOrg\" \/>\n<meta name=\"twitter:card\" content=\"summary_large_image\" \/>\n<meta name=\"twitter:creator\" content=\"@farmaceuticsbcn\" \/>\n<meta name=\"twitter:site\" content=\"@farmaceuticsbcn\" \/>\n<meta name=\"twitter:label1\" content=\"Escrit per\" \/>\n\t<meta name=\"twitter:data1\" content=\"wpAdminCofbOrg\" \/>\n\t<meta name=\"twitter:label2\" content=\"Temps estimat de lectura\" \/>\n\t<meta name=\"twitter:data2\" content=\"7 minuts\" \/>\n<script type=\"application\/ld+json\" class=\"yoast-schema-graph\">{\"@context\":\"https:\/\/schema.org\",\"@graph\":[{\"@type\":\"Article\",\"@id\":\"https:\/\/novaorg.cofb.net\/2018\/03\/16\/el-caixaforum-acull-la-jornada-amb-motiu-del-dia-mundial-contra-el-cancer-de-colon-i-recte-a-la-ciutat-de-barcelona\/#article\",\"isPartOf\":{\"@id\":\"https:\/\/novaorg.cofb.net\/2018\/03\/16\/el-caixaforum-acull-la-jornada-amb-motiu-del-dia-mundial-contra-el-cancer-de-colon-i-recte-a-la-ciutat-de-barcelona\/\"},\"author\":{\"name\":\"wpAdminCofbOrg\",\"@id\":\"https:\/\/www.cofb.org\/#\/schema\/person\/22ed7eea88da74b0fa4d3154ad87ffcb\"},\"headline\":\"El CaixaForum acull la Jornada amb motiu del Dia Mundial contra el c\u00e0ncer de c\u00f2lon i recte a la ciutat de Barcelona\",\"datePublished\":\"2018-03-16T10:16:00+00:00\",\"dateModified\":\"2018-03-16T10:16:00+00:00\",\"mainEntityOfPage\":{\"@id\":\"https:\/\/novaorg.cofb.net\/2018\/03\/16\/el-caixaforum-acull-la-jornada-amb-motiu-del-dia-mundial-contra-el-cancer-de-colon-i-recte-a-la-ciutat-de-barcelona\/\"},\"wordCount\":1438,\"publisher\":{\"@id\":\"https:\/\/www.cofb.org\/#organization\"},\"image\":{\"@id\":\"https:\/\/novaorg.cofb.net\/2018\/03\/16\/el-caixaforum-acull-la-jornada-amb-motiu-del-dia-mundial-contra-el-cancer-de-colon-i-recte-a-la-ciutat-de-barcelona\/#primaryimage\"},\"thumbnailUrl\":\"http:\/\/www.cofb.org\/image\/image_gallery?uuid=2f564195-3407-4302-bcec-6535de239347&amp;groupId=10136&amp;t=1521211219235\",\"articleSection\":[\"Notes de premsa\"],\"inLanguage\":\"ca\"},{\"@type\":\"WebPage\",\"@id\":\"https:\/\/novaorg.cofb.net\/2018\/03\/16\/el-caixaforum-acull-la-jornada-amb-motiu-del-dia-mundial-contra-el-cancer-de-colon-i-recte-a-la-ciutat-de-barcelona\/\",\"url\":\"https:\/\/novaorg.cofb.net\/2018\/03\/16\/el-caixaforum-acull-la-jornada-amb-motiu-del-dia-mundial-contra-el-cancer-de-colon-i-recte-a-la-ciutat-de-barcelona\/\",\"name\":\"El CaixaForum acull la Jornada amb motiu del Dia Mundial contra el c\u00e0ncer de c\u00f2lon i recte a la ciutat de Barcelona - Col\u00b7legi de Farmac\u00e8utics de Barcelona\",\"isPartOf\":{\"@id\":\"https:\/\/www.cofb.org\/#website\"},\"primaryImageOfPage\":{\"@id\":\"https:\/\/novaorg.cofb.net\/2018\/03\/16\/el-caixaforum-acull-la-jornada-amb-motiu-del-dia-mundial-contra-el-cancer-de-colon-i-recte-a-la-ciutat-de-barcelona\/#primaryimage\"},\"image\":{\"@id\":\"https:\/\/novaorg.cofb.net\/2018\/03\/16\/el-caixaforum-acull-la-jornada-amb-motiu-del-dia-mundial-contra-el-cancer-de-colon-i-recte-a-la-ciutat-de-barcelona\/#primaryimage\"},\"thumbnailUrl\":\"http:\/\/www.cofb.org\/image\/image_gallery?uuid=2f564195-3407-4302-bcec-6535de239347&amp;groupId=10136&amp;t=1521211219235\",\"datePublished\":\"2018-03-16T10:16:00+00:00\",\"dateModified\":\"2018-03-16T10:16:00+00:00\",\"breadcrumb\":{\"@id\":\"https:\/\/novaorg.cofb.net\/2018\/03\/16\/el-caixaforum-acull-la-jornada-amb-motiu-del-dia-mundial-contra-el-cancer-de-colon-i-recte-a-la-ciutat-de-barcelona\/#breadcrumb\"},\"inLanguage\":\"ca\",\"potentialAction\":[{\"@type\":\"ReadAction\",\"target\":[\"https:\/\/novaorg.cofb.net\/2018\/03\/16\/el-caixaforum-acull-la-jornada-amb-motiu-del-dia-mundial-contra-el-cancer-de-colon-i-recte-a-la-ciutat-de-barcelona\/\"]}]},{\"@type\":\"ImageObject\",\"inLanguage\":\"ca\",\"@id\":\"https:\/\/novaorg.cofb.net\/2018\/03\/16\/el-caixaforum-acull-la-jornada-amb-motiu-del-dia-mundial-contra-el-cancer-de-colon-i-recte-a-la-ciutat-de-barcelona\/#primaryimage\",\"url\":\"http:\/\/www.cofb.org\/image\/image_gallery?uuid=2f564195-3407-4302-bcec-6535de239347&amp;groupId=10136&amp;t=1521211219235\",\"contentUrl\":\"http:\/\/www.cofb.org\/image\/image_gallery?uuid=2f564195-3407-4302-bcec-6535de239347&amp;groupId=10136&amp;t=1521211219235\"},{\"@type\":\"BreadcrumbList\",\"@id\":\"https:\/\/novaorg.cofb.net\/2018\/03\/16\/el-caixaforum-acull-la-jornada-amb-motiu-del-dia-mundial-contra-el-cancer-de-colon-i-recte-a-la-ciutat-de-barcelona\/#breadcrumb\",\"itemListElement\":[{\"@type\":\"ListItem\",\"position\":1,\"name\":\"Inici\",\"item\":\"https:\/\/novaorg.cofb.net\/\"},{\"@type\":\"ListItem\",\"position\":2,\"name\":\"El CaixaForum acull la Jornada amb motiu del Dia Mundial contra el c\u00e0ncer de c\u00f2lon i recte a la ciutat de Barcelona\"}]},{\"@type\":\"WebSite\",\"@id\":\"https:\/\/www.cofb.org\/#website\",\"url\":\"https:\/\/www.cofb.org\/\",\"name\":\"Col\u00b7legi de Farmac\u00e8utics de Barcelona\",\"description\":\"\",\"publisher\":{\"@id\":\"https:\/\/www.cofb.org\/#organization\"},\"potentialAction\":[{\"@type\":\"SearchAction\",\"target\":{\"@type\":\"EntryPoint\",\"urlTemplate\":\"https:\/\/www.cofb.org\/?s={search_term_string}\"},\"query-input\":\"required name=search_term_string\"}],\"inLanguage\":\"ca\"},{\"@type\":\"Organization\",\"@id\":\"https:\/\/www.cofb.org\/#organization\",\"name\":\"Col\u00b7legi de Farmac\u00e8utics de Barcelona\",\"url\":\"https:\/\/www.cofb.org\/\",\"logo\":{\"@type\":\"ImageObject\",\"inLanguage\":\"ca\",\"@id\":\"https:\/\/www.cofb.org\/#\/schema\/logo\/image\/\",\"url\":\"https:\/\/www.cofb.org\/wp-content\/uploads\/2023\/11\/cropped-Logotip-COFB.png\",\"contentUrl\":\"https:\/\/www.cofb.org\/wp-content\/uploads\/2023\/11\/cropped-Logotip-COFB.png\",\"width\":500,\"height\":105,\"caption\":\"Col\u00b7legi de Farmac\u00e8utics de Barcelona\"},\"image\":{\"@id\":\"https:\/\/www.cofb.org\/#\/schema\/logo\/image\/\"},\"sameAs\":[\"https:\/\/www.facebook.com\/farmaceuticsbcn\/\",\"https:\/\/twitter.com\/farmaceuticsbcn\",\"https:\/\/www.instagram.com\/farmaceuticsbcn\/\",\"https:\/\/www.linkedin.com\/company\/farmaceuticsbcn\/\"]},{\"@type\":\"Person\",\"@id\":\"https:\/\/www.cofb.org\/#\/schema\/person\/22ed7eea88da74b0fa4d3154ad87ffcb\",\"name\":\"wpAdminCofbOrg\",\"image\":{\"@type\":\"ImageObject\",\"inLanguage\":\"ca\",\"@id\":\"https:\/\/www.cofb.org\/#\/schema\/person\/image\/\",\"url\":\"https:\/\/secure.gravatar.com\/avatar\/1721b20b3b8ca882c3b56ec6c978c594fff670e40c0718e9190eaeeb76aae7d8?s=96&d=mm&r=g\",\"contentUrl\":\"https:\/\/secure.gravatar.com\/avatar\/1721b20b3b8ca882c3b56ec6c978c594fff670e40c0718e9190eaeeb76aae7d8?s=96&d=mm&r=g\",\"caption\":\"wpAdminCofbOrg\"},\"sameAs\":[\"http:\/\/192.168.64.122\/wordpress\"],\"url\":\"https:\/\/www.cofb.org\/ca\/author\/wpadmincofborg\/\"}]}<\/script>\n<!-- \/ Yoast SEO plugin. -->","yoast_head_json":{"title":"El CaixaForum acull la Jornada amb motiu del Dia Mundial contra el c\u00e0ncer de c\u00f2lon i recte a la ciutat de Barcelona - Col\u00b7legi de Farmac\u00e8utics de Barcelona","robots":{"index":"index","follow":"follow","max-snippet":"max-snippet:-1","max-image-preview":"max-image-preview:large","max-video-preview":"max-video-preview:-1"},"canonical":"https:\/\/novaorg.cofb.net\/2018\/03\/16\/el-caixaforum-acull-la-jornada-amb-motiu-del-dia-mundial-contra-el-cancer-de-colon-i-recte-a-la-ciutat-de-barcelona\/","og_locale":"ca_ES","og_type":"article","og_title":"El CaixaForum acull la Jornada amb motiu del Dia Mundial contra el c\u00e0ncer de c\u00f2lon i recte a la ciutat de Barcelona - Col\u00b7legi de Farmac\u00e8utics de Barcelona","og_description":"\u00a0 La Jornada, que tindr\u00e0 lloc el proper dimarts, de 17 a 20h, porta com a lema \u2018Actuem per la prevenci\u00f3\u2019 El Programa de detecci\u00f3 preco\u00e7 de c\u00e0ncer de c\u00f2lon i recte funciona des del 2010 a Barcelona i ja ha finalitzat el seu desplegament a tota la ciutat, convidant [&hellip;]","og_url":"https:\/\/novaorg.cofb.net\/2018\/03\/16\/el-caixaforum-acull-la-jornada-amb-motiu-del-dia-mundial-contra-el-cancer-de-colon-i-recte-a-la-ciutat-de-barcelona\/","og_site_name":"Col\u00b7legi de Farmac\u00e8utics de Barcelona","article_publisher":"https:\/\/www.facebook.com\/farmaceuticsbcn\/","article_published_time":"2018-03-16T10:16:00+00:00","og_image":[{"url":"http:\/\/www.cofb.org\/image\/image_gallery?uuid=2f564195-3407-4302-bcec-6535de239347&amp;groupId=10136&amp;t=1521211219235"}],"author":"wpAdminCofbOrg","twitter_card":"summary_large_image","twitter_creator":"@farmaceuticsbcn","twitter_site":"@farmaceuticsbcn","twitter_misc":{"Escrit per":"wpAdminCofbOrg","Temps estimat de lectura":"7 minuts"},"schema":{"@context":"https:\/\/schema.org","@graph":[{"@type":"Article","@id":"https:\/\/novaorg.cofb.net\/2018\/03\/16\/el-caixaforum-acull-la-jornada-amb-motiu-del-dia-mundial-contra-el-cancer-de-colon-i-recte-a-la-ciutat-de-barcelona\/#article","isPartOf":{"@id":"https:\/\/novaorg.cofb.net\/2018\/03\/16\/el-caixaforum-acull-la-jornada-amb-motiu-del-dia-mundial-contra-el-cancer-de-colon-i-recte-a-la-ciutat-de-barcelona\/"},"author":{"name":"wpAdminCofbOrg","@id":"https:\/\/www.cofb.org\/#\/schema\/person\/22ed7eea88da74b0fa4d3154ad87ffcb"},"headline":"El CaixaForum acull la Jornada amb motiu del Dia Mundial contra el c\u00e0ncer de c\u00f2lon i recte a la ciutat de Barcelona","datePublished":"2018-03-16T10:16:00+00:00","dateModified":"2018-03-16T10:16:00+00:00","mainEntityOfPage":{"@id":"https:\/\/novaorg.cofb.net\/2018\/03\/16\/el-caixaforum-acull-la-jornada-amb-motiu-del-dia-mundial-contra-el-cancer-de-colon-i-recte-a-la-ciutat-de-barcelona\/"},"wordCount":1438,"publisher":{"@id":"https:\/\/www.cofb.org\/#organization"},"image":{"@id":"https:\/\/novaorg.cofb.net\/2018\/03\/16\/el-caixaforum-acull-la-jornada-amb-motiu-del-dia-mundial-contra-el-cancer-de-colon-i-recte-a-la-ciutat-de-barcelona\/#primaryimage"},"thumbnailUrl":"http:\/\/www.cofb.org\/image\/image_gallery?uuid=2f564195-3407-4302-bcec-6535de239347&amp;groupId=10136&amp;t=1521211219235","articleSection":["Notes de premsa"],"inLanguage":"ca"},{"@type":"WebPage","@id":"https:\/\/novaorg.cofb.net\/2018\/03\/16\/el-caixaforum-acull-la-jornada-amb-motiu-del-dia-mundial-contra-el-cancer-de-colon-i-recte-a-la-ciutat-de-barcelona\/","url":"https:\/\/novaorg.cofb.net\/2018\/03\/16\/el-caixaforum-acull-la-jornada-amb-motiu-del-dia-mundial-contra-el-cancer-de-colon-i-recte-a-la-ciutat-de-barcelona\/","name":"El CaixaForum acull la Jornada amb motiu del Dia Mundial contra el c\u00e0ncer de c\u00f2lon i recte a la ciutat de Barcelona - Col\u00b7legi de Farmac\u00e8utics de Barcelona","isPartOf":{"@id":"https:\/\/www.cofb.org\/#website"},"primaryImageOfPage":{"@id":"https:\/\/novaorg.cofb.net\/2018\/03\/16\/el-caixaforum-acull-la-jornada-amb-motiu-del-dia-mundial-contra-el-cancer-de-colon-i-recte-a-la-ciutat-de-barcelona\/#primaryimage"},"image":{"@id":"https:\/\/novaorg.cofb.net\/2018\/03\/16\/el-caixaforum-acull-la-jornada-amb-motiu-del-dia-mundial-contra-el-cancer-de-colon-i-recte-a-la-ciutat-de-barcelona\/#primaryimage"},"thumbnailUrl":"http:\/\/www.cofb.org\/image\/image_gallery?uuid=2f564195-3407-4302-bcec-6535de239347&amp;groupId=10136&amp;t=1521211219235","datePublished":"2018-03-16T10:16:00+00:00","dateModified":"2018-03-16T10:16:00+00:00","breadcrumb":{"@id":"https:\/\/novaorg.cofb.net\/2018\/03\/16\/el-caixaforum-acull-la-jornada-amb-motiu-del-dia-mundial-contra-el-cancer-de-colon-i-recte-a-la-ciutat-de-barcelona\/#breadcrumb"},"inLanguage":"ca","potentialAction":[{"@type":"ReadAction","target":["https:\/\/novaorg.cofb.net\/2018\/03\/16\/el-caixaforum-acull-la-jornada-amb-motiu-del-dia-mundial-contra-el-cancer-de-colon-i-recte-a-la-ciutat-de-barcelona\/"]}]},{"@type":"ImageObject","inLanguage":"ca","@id":"https:\/\/novaorg.cofb.net\/2018\/03\/16\/el-caixaforum-acull-la-jornada-amb-motiu-del-dia-mundial-contra-el-cancer-de-colon-i-recte-a-la-ciutat-de-barcelona\/#primaryimage","url":"http:\/\/www.cofb.org\/image\/image_gallery?uuid=2f564195-3407-4302-bcec-6535de239347&amp;groupId=10136&amp;t=1521211219235","contentUrl":"http:\/\/www.cofb.org\/image\/image_gallery?uuid=2f564195-3407-4302-bcec-6535de239347&amp;groupId=10136&amp;t=1521211219235"},{"@type":"BreadcrumbList","@id":"https:\/\/novaorg.cofb.net\/2018\/03\/16\/el-caixaforum-acull-la-jornada-amb-motiu-del-dia-mundial-contra-el-cancer-de-colon-i-recte-a-la-ciutat-de-barcelona\/#breadcrumb","itemListElement":[{"@type":"ListItem","position":1,"name":"Inici","item":"https:\/\/novaorg.cofb.net\/"},{"@type":"ListItem","position":2,"name":"El CaixaForum acull la Jornada amb motiu del Dia Mundial contra el c\u00e0ncer de c\u00f2lon i recte a la ciutat de Barcelona"}]},{"@type":"WebSite","@id":"https:\/\/www.cofb.org\/#website","url":"https:\/\/www.cofb.org\/","name":"Col\u00b7legi de Farmac\u00e8utics de Barcelona","description":"","publisher":{"@id":"https:\/\/www.cofb.org\/#organization"},"potentialAction":[{"@type":"SearchAction","target":{"@type":"EntryPoint","urlTemplate":"https:\/\/www.cofb.org\/?s={search_term_string}"},"query-input":"required name=search_term_string"}],"inLanguage":"ca"},{"@type":"Organization","@id":"https:\/\/www.cofb.org\/#organization","name":"Col\u00b7legi de Farmac\u00e8utics de Barcelona","url":"https:\/\/www.cofb.org\/","logo":{"@type":"ImageObject","inLanguage":"ca","@id":"https:\/\/www.cofb.org\/#\/schema\/logo\/image\/","url":"https:\/\/www.cofb.org\/wp-content\/uploads\/2023\/11\/cropped-Logotip-COFB.png","contentUrl":"https:\/\/www.cofb.org\/wp-content\/uploads\/2023\/11\/cropped-Logotip-COFB.png","width":500,"height":105,"caption":"Col\u00b7legi de Farmac\u00e8utics de Barcelona"},"image":{"@id":"https:\/\/www.cofb.org\/#\/schema\/logo\/image\/"},"sameAs":["https:\/\/www.facebook.com\/farmaceuticsbcn\/","https:\/\/twitter.com\/farmaceuticsbcn","https:\/\/www.instagram.com\/farmaceuticsbcn\/","https:\/\/www.linkedin.com\/company\/farmaceuticsbcn\/"]},{"@type":"Person","@id":"https:\/\/www.cofb.org\/#\/schema\/person\/22ed7eea88da74b0fa4d3154ad87ffcb","name":"wpAdminCofbOrg","image":{"@type":"ImageObject","inLanguage":"ca","@id":"https:\/\/www.cofb.org\/#\/schema\/person\/image\/","url":"https:\/\/secure.gravatar.com\/avatar\/1721b20b3b8ca882c3b56ec6c978c594fff670e40c0718e9190eaeeb76aae7d8?s=96&d=mm&r=g","contentUrl":"https:\/\/secure.gravatar.com\/avatar\/1721b20b3b8ca882c3b56ec6c978c594fff670e40c0718e9190eaeeb76aae7d8?s=96&d=mm&r=g","caption":"wpAdminCofbOrg"},"sameAs":["http:\/\/192.168.64.122\/wordpress"],"url":"https:\/\/www.cofb.org\/ca\/author\/wpadmincofborg\/"}]}},"uagb_featured_image_src":{"full":false,"thumbnail":false,"medium":false,"medium_large":false,"large":false,"1536x1536":false,"2048x2048":false,"trp-custom-language-flag":false},"uagb_author_info":{"display_name":"wpAdminCofbOrg","author_link":"https:\/\/www.cofb.org\/ca\/author\/wpadmincofborg\/"},"uagb_comment_info":0,"uagb_excerpt":"\u00a0 La Jornada, que tindr\u00e0 lloc el proper dimarts, de 17 a 20h, porta com a lema \u2018Actuem per la prevenci\u00f3\u2019 El Programa de detecci\u00f3 preco\u00e7 de c\u00e0ncer de c\u00f2lon i recte funciona des del 2010 a Barcelona i ja ha finalitzat el seu desplegament a tota la ciutat, convidant [&hellip;]","_links":{"self":[{"href":"https:\/\/www.cofb.org\/ca\/wp-json\/wp\/v2\/posts\/77272","targetHints":{"allow":["GET"]}}],"collection":[{"href":"https:\/\/www.cofb.org\/ca\/wp-json\/wp\/v2\/posts"}],"about":[{"href":"https:\/\/www.cofb.org\/ca\/wp-json\/wp\/v2\/types\/post"}],"author":[{"embeddable":true,"href":"https:\/\/www.cofb.org\/ca\/wp-json\/wp\/v2\/users\/1"}],"replies":[{"embeddable":true,"href":"https:\/\/www.cofb.org\/ca\/wp-json\/wp\/v2\/comments?post=77272"}],"version-history":[{"count":0,"href":"https:\/\/www.cofb.org\/ca\/wp-json\/wp\/v2\/posts\/77272\/revisions"}],"wp:attachment":[{"href":"https:\/\/www.cofb.org\/ca\/wp-json\/wp\/v2\/media?parent=77272"}],"wp:term":[{"taxonomy":"category","embeddable":true,"href":"https:\/\/www.cofb.org\/ca\/wp-json\/wp\/v2\/categories?post=77272"},{"taxonomy":"post_tag","embeddable":true,"href":"https:\/\/www.cofb.org\/ca\/wp-json\/wp\/v2\/tags?post=77272"}],"curies":[{"name":"wp","href":"https:\/\/api.w.org\/{rel}","templated":true}]}}