{"id":77271,"date":"2018-03-20T09:30:00","date_gmt":"2018-03-20T09:30:00","guid":{"rendered":"https:\/\/novaorg.cofb.net\/2018\/03\/20\/farmaceutics-i-odontoestomatolegs-de-catalunya-creen-la-primera-guia-sobre-com-actuar-des-de-la-farmacia-davant-consultes-de-salut-bucodental\/"},"modified":"2018-03-20T09:30:00","modified_gmt":"2018-03-20T09:30:00","slug":"farmaceutics-i-odontoestomatolegs-de-catalunya-creen-la-primera-guia-sobre-com-actuar-des-de-la-farmacia-davant-consultes-de-salut-bucodental","status":"publish","type":"post","link":"https:\/\/www.cofb.org\/ca\/2018\/03\/20\/farmaceutics-i-odontoestomatolegs-de-catalunya-creen-la-primera-guia-sobre-com-actuar-des-de-la-farmacia-davant-consultes-de-salut-bucodental\/","title":{"rendered":"Farmac\u00e8utics i odontoestomat\u00f2legs de Catalunya creen la primera guia sobre com actuar des de la farm\u00e0cia davant consultes de salut bucodental"},"content":{"rendered":"<p>\u00a0<\/p>\n<ul>\n<li>Gr\u00e0cies a aquesta guia, els farmac\u00e8utics tindran m\u00e9s eines en la indicaci\u00f3 davant s\u00edmptomes menors o problemes de baixa complexitat, aix\u00ed com la detecci\u00f3 preco\u00e7 de situacions que representen un risc per a la salut orobucal dels ciutadans\u00a0<\/li>\n<li>Estructurada en dues parts, aborda, d\u2019una banda, els principis d\u2019higiene oral i, de l\u2019altra, l\u2019actuaci\u00f3 farmac\u00e8utica, acompanyada d\u2019un arbre de decisi\u00f3, davant les 10 consultes m\u00e9s freq\u00fcents sobre salut bucodental<\/li>\n<\/ul>\n<p>\u00a0<\/p>\n<p><em>Barcelona, 20 de mar\u00e7 del 2018.-<strong>\u201c<\/strong><\/em><strong>Qu\u00e8 haig de fer si em sagnen les genives? I si em fan mal les dents? Com puc combatre el mal al\u00e8 (halitosi)?\u201d.<\/strong>\u00a0Aquestes s\u00f3n algunes de les\u00a0<strong>consultes m\u00e9s freq\u00fcents que els usuaris fan a la farm\u00e0cia sobre salut bucodental<\/strong>. Per tal d\u2019optimitzar la coordinaci\u00f3 entre farmac\u00e8utics i odontoestomat\u00f2legs i millorar, al seu torn, l\u2019efectivitat i la seguretat dels tractaments, el\u00a0<strong>Consell de<\/strong>\u00a0<strong>Col\u00b7legis Farmac\u00e8utics de Catalunya<\/strong><strong>i el Col\u00b7legi Oficial d\u2019Odont\u00f2legs i Estomat\u00f2legs de Catalunya, amb la col\u00b7laboraci\u00f3 i el recolzament del Departament de Salut,\u00a0<\/strong>han creat la\u00a0<strong>primera guia d\u2019actuaci\u00f3 farmac\u00e8utica en salut bucodental adre\u00e7ada als professionals farmac\u00e8utics i odontoestomat\u00f2legs.<\/strong><\/p>\n<p>Gr\u00e0cies a aquesta iniciativa, els farmac\u00e8utics tindran\u00a0<strong>m\u00e9s eines en la indicaci\u00f3 davant s\u00edmptomes menors o problemes de baixa complexitat<\/strong>,\u00a0<strong>aix\u00ed com la detecci\u00f3 preco\u00e7 de situacions, h\u00e0bits o caracter\u00edstiques que representen un risc per a la salut orobucal dels ciutadans<\/strong>. Alhora, aquests procediments<strong>\u00a0facilitaran la derivaci\u00f3 efectiva i eficient per mantenir el cont\u00ednuum assistencial dels ciutadans.<\/strong><\/p>\n<p><strong><u>Qu\u00e8 fer davant els motius de consulta m\u00e9s freq\u00fcents a la farm\u00e0cia?<\/u><\/strong><\/p>\n<p>La Guia est\u00e0\u00a0<strong>estructurada en dues parts\u00a0<\/strong>i aborda, d\u2019una banda,\u00a0<strong>els principis d\u2019higiene oral<\/strong>\u00a0i, de l\u2019altra,\u00a0<strong>l\u2019actuaci\u00f3 farmac\u00e8utica,<\/strong>\u00a0acompanyada d\u2019un arbre de decisi\u00f3,\u00a0<strong>davant les 10 consultes m\u00e9s freq\u00fcents sobre salut bucodental: dolor dental, abscessos i flegmons, sagnat de genives, mal al\u00e8 (halitosi), boqueres (r\u00e0gades o queilitis angular), llagues a la boca, ardor o co\u00efssor a la llengua, boca seca (xerostomia), mol\u00e8sties secund\u00e0ries de l\u2019erupci\u00f3 dental en nadons i problemes derivats de les pr\u00f2tesis (llagues, pr\u00f2tesis mal ajustades, estomatitis prot\u00e8sica&#8230;).\u00a0<\/strong>Per acabar, compta amb\u00a0<strong>dos annexos que inclouen els principis actius que poden provocar sagnat o xerostomia.<\/strong><\/p>\n<p>Les recomanacions incloses a la Guia s\u00f3n diverses. Hi figuren, entre d\u2019altres, la<strong>\u00a0derivaci\u00f3 immediata al facultatiu corresponent davant la sospita d\u2019una lesi\u00f3 tan severa com el c\u00e0ncer de boca, la dispensaci\u00f3 de tractaments farmacol\u00f2gics o no farmacol\u00f2gics i la visita odontol\u00f2gica peri\u00f2dica.\u00a0<\/strong>A m\u00e9s, tamb\u00e9 es fa refer\u00e8ncia a l\u2019emissi\u00f3 de\u00a0<strong><em>counselling m\u00ednim<\/em><\/strong>o estructurat\u00a0<strong>sobre la necessitat d\u2019un bon nivell d\u2019higiene bucodental<\/strong>, un element que pot ajudar a prevenir el sagnat gingival.<\/p>\n<p><strong><span>Actuaci\u00f3 farmac\u00e8utica davant el sagnat de genives<\/span><\/strong><\/p>\n<p>Tenint aix\u00f2 en compte, si un usuari es dirigeix a la farm\u00e0cia perqu\u00e8 presenta sagnat gingival,\u00a0<strong>el farmac\u00e8utic haur\u00e0 de determinar si existeix un sagnat abundant que no es pot controlar amb mesures compressives.\u00a0<\/strong>Si \u00e9s aix\u00ed, haur\u00e0 de\u00a0<strong>derivar de manera urgent el pacient a un dentista.<\/strong><\/p>\n<p><strong>En cas que el sagnat es produeixi de forma espont\u00e0nia durant el raspallat<\/strong>\u00a0\u2013 un dels motius de consulta m\u00e9s habituals relacionats amb la cavitat oral \u2013 les recomanacions passaran per les\u00a0<strong>mesures higi\u00e8niques:\u00a0<\/strong>raspallat dental amb dentifrici fluorat durant dos minuts dues vegades al dia i neteja dels espais interdentals.<\/p>\n<p>Aix\u00ed mateix, tamb\u00e9 es recomana el<strong>\u00a0control antimicrobi\u00e0 de la placa dental &#8211;<\/strong>el principal element per a la prevenci\u00f3 i el tractament d\u2019aquesta patologia- per mitj\u00e0 de la utilitzaci\u00f3 d\u2019agents antiplaca en forma t\u00f2pica de gel, col\u00b7lutori o incorporats al dentifrici. Per \u00faltim,\u00a0<strong>el farmac\u00e8utic sempre ha d\u2019aconsellar al pacient amb sagnat de genives una visita a l\u2019odontoestomat\u00f2leg.<\/strong><\/p>\n<p><strong><u>Protocol\u00b7litzar actuacions davant problemes de salut bucodental, un recurs necessari<\/u><\/strong><\/p>\n<p>L\u2019anterior \u00e9s nom\u00e9s un dels exemples que es poden trobar a la Guia. La\u00a0<strong>protocol\u00b7litzaci\u00f3 sobre com atendre els problemes de salut bucodental es feia necess\u00e0ria per tal de dotar als professionals farmac\u00e8utics d\u2019indicacions consensuades, que disminueixin la variabilitat, homogene\u00eftzin criteris d\u2019actuaci\u00f3 i assegurin una atenci\u00f3 de qualitat als ciutadans.<\/strong><\/p>\n<p>El Document\u00a0<strong>s\u2019ha elaborat basant-se en l\u2019evid\u00e8ncia existent,<\/strong>\u00a0de tal manera que\u00a0<strong>els procediments de treball inclosos asseguren la resoluci\u00f3 farmac\u00e8utica del problema<\/strong>. Alhora, aquesta Guia, a m\u00e9s de recollir la<strong>\u00a0tasca del farmac\u00e8utic com a agent de salut actiu, demostra la import\u00e0ncia de la col\u00b7laboraci\u00f3 amb els professionals sanitaris, en aquest cas, amb els odontoestomat\u00f2legs, per aconseguir un objectiu com\u00fa: millorar la salut de les persones.<\/strong><\/p>\n<p>\u00a0<\/p>\n<p><span><strong><span>Per a m\u00e9s informaci\u00f3:<\/span><\/strong>\u00a0<\/span><\/p>\n<p>Departament de Comunicaci\u00f3 del Consell de Col\u00b7legis Farmac\u00e8utics de Catalunya (CCFC)<\/p>\n<p>Tel\u00e8fon: 93 244 07 28 \/ 18\u00a0 &#8211;\u00a0<a href=\"mailto:premsa@cofb.net\">premsa@cofb.net<\/a>\u00a0\u00a0<\/p>\n<p>Francesc Soler, responsable de Premsa del Col\u00b7legi Oficial d\u2019Odont\u00f2legs i Estomat\u00f2legs de Catalunya (COEC)<\/p>\n<p>Tel\u00e8fon: 670304513 &#8211;\u00a0<a href=\"mailto:francesc@cookingcom.net\">francesc@cookingcom.net<\/a><\/p>\n<p>\u00a0Gr\u00e0cies a aquesta guia, els farmac\u00e8utics tindran m\u00e9s eines en la indicaci\u00f3 davant s\u00edmptomes menors o problemes de baixa complexitat, aix\u00ed com la detecci\u00f3 preco\u00e7 de situacions que representen un risc per a la salut orobucal dels ciutadans\u00a0<br \/>\n\tEstructurada en dues parts, aborda, d\u2019una banda, els principis d\u2019higiene oral i, de l\u2019altra, l\u2019actuaci\u00f3 farmac\u00e8utica, acompanyada d\u2019un arbre de decisi\u00f3, davant les 10 consultes m\u00e9s freq\u00fcents sobre salut bucodental<\/p>\n<p>\u00a0<\/p>\n<p>Barcelona, 20 de mar\u00e7 del 2018.-\u201cQu\u00e8 haig de fer si em sagnen les genives? I si em fan mal les dents? Com puc combatre el mal al\u00e8 (halitosi)?\u201d.\u00a0Aquestes s\u00f3n algunes de les\u00a0consultes m\u00e9s freq\u00fcents que els usuaris fan a la farm\u00e0cia sobre salut bucodental. Per tal d\u2019optimitzar la coordinaci\u00f3 entre farmac\u00e8utics i odontoestomat\u00f2legs i millorar, al seu torn, l\u2019efectivitat i la seguretat dels tractaments, el\u00a0Consell de\u00a0Col\u00b7legis Farmac\u00e8utics de Catalunyai el Col\u00b7legi Oficial d\u2019Odont\u00f2legs i Estomat\u00f2legs de Catalunya, amb la col\u00b7laboraci\u00f3 i el recolzament del Departament de Salut,\u00a0han creat la\u00a0primera guia d\u2019actuaci\u00f3 farmac\u00e8utica en salut bucodental adre\u00e7ada als professionals farmac\u00e8utics i odontoestomat\u00f2legs.<\/p>\n<p>Gr\u00e0cies a aquesta iniciativa, els farmac\u00e8utics tindran\u00a0m\u00e9s eines en la indicaci\u00f3 davant s\u00edmptomes menors o problemes de baixa complexitat,\u00a0aix\u00ed com la detecci\u00f3 preco\u00e7 de situacions, h\u00e0bits o caracter\u00edstiques que representen un risc per a la salut orobucal dels ciutadans. Alhora, aquests procediments\u00a0facilitaran la derivaci\u00f3 efectiva i eficient per mantenir el cont\u00ednuum assistencial dels ciutadans.<\/p>\n<p>Qu\u00e8 fer davant els motius de consulta m\u00e9s freq\u00fcents a la farm\u00e0cia?<\/p>\n<p>La Guia est\u00e0\u00a0estructurada en dues parts\u00a0i aborda, d\u2019una banda,\u00a0els principis d\u2019higiene oral\u00a0i, de l\u2019altra,\u00a0l\u2019actuaci\u00f3 farmac\u00e8utica,\u00a0acompanyada d\u2019un arbre de decisi\u00f3,\u00a0davant les 10 consultes m\u00e9s freq\u00fcents sobre salut bucodental: dolor dental, abscessos i flegmons, sagnat de genives, mal al\u00e8 (halitosi), boqueres (r\u00e0gades o queilitis angular), llagues a la boca, ardor o co\u00efssor a la llengua, boca seca (xerostomia), mol\u00e8sties secund\u00e0ries de l\u2019erupci\u00f3 dental en nadons i problemes derivats de les pr\u00f2tesis (llagues, pr\u00f2tesis mal ajustades, estomatitis prot\u00e8sica&#8230;).\u00a0Per acabar, compta amb\u00a0dos annexos que inclouen els principis actius que poden provocar sagnat o xerostomia.<\/p>\n<p>Les recomanacions incloses a la Guia s\u00f3n diverses. Hi figuren, entre d\u2019altres, la\u00a0derivaci\u00f3 immediata al facultatiu corresponent davant la sospita d\u2019una lesi\u00f3 tan severa com el c\u00e0ncer de boca, la dispensaci\u00f3 de tractaments farmacol\u00f2gics o no farmacol\u00f2gics i la visita odontol\u00f2gica peri\u00f2dica.\u00a0A m\u00e9s, tamb\u00e9 es fa refer\u00e8ncia a l\u2019emissi\u00f3 de\u00a0counselling m\u00ednimo estructurat\u00a0sobre la necessitat d\u2019un bon nivell d\u2019higiene bucodental, un element que pot ajudar a prevenir el sagnat gingival.<\/p>\n<p>Actuaci\u00f3 farmac\u00e8utica davant el sagnat de genives<\/p>\n<p>Tenint aix\u00f2 en compte, si un usuari es dirigeix a la farm\u00e0cia perqu\u00e8 presenta sagnat gingival,\u00a0el farmac\u00e8utic haur\u00e0 de determinar si existeix un sagnat abundant que no es pot controlar amb mesures compressives.\u00a0Si \u00e9s aix\u00ed, haur\u00e0 de\u00a0derivar de manera urgent el pacient a un dentista.<\/p>\n<p>En cas que el sagnat es produeixi de forma espont\u00e0nia durant el raspallat\u00a0\u2013 un dels motius de consulta m\u00e9s habituals relacionats amb la cavitat oral \u2013 les recomanacions passaran per les\u00a0mesures higi\u00e8niques:\u00a0raspallat dental amb dentifrici fluorat durant dos minuts dues vegades al dia i neteja dels espais interdentals.<\/p>\n<p>Aix\u00ed mateix, tamb\u00e9 es recomana el\u00a0control antimicrobi\u00e0 de la placa dental -el principal element per a la prevenci\u00f3 i el tractament d\u2019aquesta patologia- per mitj\u00e0 de la utilitzaci\u00f3 d\u2019agents antiplaca en forma t\u00f2pica de gel, col\u00b7lutori o incorporats al dentifrici. Per \u00faltim,\u00a0el farmac\u00e8utic sempre ha d\u2019aconsellar al pacient amb sagnat de genives una visita a l\u2019odontoestomat\u00f2leg.<\/p>\n<p>Protocol\u00b7litzar actuacions davant problemes de salut bucodental, un recurs necessari<\/p>\n<p>L\u2019anterior \u00e9s nom\u00e9s un dels exemples que es poden trobar a la Guia. La\u00a0protocol\u00b7litzaci\u00f3 sobre com atendre els problemes de salut bucodental es feia necess\u00e0ria per tal de dotar als professionals farmac\u00e8utics d\u2019indicacions consensuades, que disminueixin la variabilitat, homogene\u00eftzin criteris d\u2019actuaci\u00f3 i assegurin una atenci\u00f3 de qualitat als ciutadans.<\/p>\n<p>El Document\u00a0s\u2019ha elaborat basant-se en l\u2019evid\u00e8ncia existent,\u00a0de tal manera que\u00a0els procediments de treball inclosos asseguren la resoluci\u00f3 farmac\u00e8utica del problema. Alhora, aquesta Guia, a m\u00e9s de recollir la\u00a0tasca del farmac\u00e8utic com a agent de salut actiu, demostra la import\u00e0ncia de la col\u00b7laboraci\u00f3 amb els professionals sanitaris, en aquest cas, amb els odontoestomat\u00f2legs, per aconseguir un objectiu com\u00fa: millorar la salut de les persones.<\/p>\n<p>\u00a0<\/p>\n<p>Per a m\u00e9s informaci\u00f3:\u00a0<\/p>\n<p>Departament de Comunicaci\u00f3 del Consell de Col\u00b7legis Farmac\u00e8utics de Catalunya (CCFC)<\/p>\n<p>Tel\u00e8fon: 93 244 07 28 \/ 18\u00a0 &#8211;\u00a0premsa@cofb.net\u00a0\u00a0<\/p>\n<p>Francesc Soler, responsable de Premsa del Col\u00b7legi Oficial d\u2019Odont\u00f2legs i Estomat\u00f2legs de Catalunya (COEC)<\/p>\n<p>Tel\u00e8fon: 670304513 &#8211;\u00a0francesc@cookingcom.net\u00a0\u00a0COFB.ORG<\/p>\n","protected":false},"excerpt":{"rendered":"<p>\u00a0 Gr\u00e0cies a aquesta guia, els farmac\u00e8utics tindran m\u00e9s eines en la indicaci\u00f3 davant s\u00edmptomes menors o problemes de baixa complexitat, aix\u00ed com la detecci\u00f3 preco\u00e7 de situacions que representen un risc per a la salut orobucal dels ciutadans\u00a0 Estructurada en dues parts, aborda, d\u2019una banda, els principis d\u2019higiene oral [&hellip;]<\/p>\n","protected":false},"author":1,"featured_media":0,"comment_status":"","ping_status":"","sticky":false,"template":"","format":"standard","meta":{"_uag_custom_page_level_css":"","site-sidebar-layout":"default","site-content-layout":"","ast-site-content-layout":"default","site-content-style":"default","site-sidebar-style":"default","ast-global-header-display":"","ast-banner-title-visibility":"","ast-main-header-display":"","ast-hfb-above-header-display":"","ast-hfb-below-header-display":"","ast-hfb-mobile-header-display":"","site-post-title":"","ast-breadcrumbs-content":"","ast-featured-img":"disabled","footer-sml-layout":"","theme-transparent-header-meta":"","adv-header-id-meta":"","stick-header-meta":"","header-above-stick-meta":"","header-main-stick-meta":"","header-below-stick-meta":"","astra-migrate-meta-layouts":"default","ast-page-background-enabled":"default","ast-page-background-meta":{"desktop":{"background-color":"var(--ast-global-color-4)","background-image":"","background-repeat":"repeat","background-position":"center center","background-size":"auto","background-attachment":"scroll","background-type":"","background-media":"","overlay-type":"","overlay-color":"","overlay-opacity":"","overlay-gradient":""},"tablet":{"background-color":"","background-image":"","background-repeat":"repeat","background-position":"center center","background-size":"auto","background-attachment":"scroll","background-type":"","background-media":"","overlay-type":"","overlay-color":"","overlay-opacity":"","overlay-gradient":""},"mobile":{"background-color":"","background-image":"","background-repeat":"repeat","background-position":"center center","background-size":"auto","background-attachment":"scroll","background-type":"","background-media":"","overlay-type":"","overlay-color":"","overlay-opacity":"","overlay-gradient":""}},"ast-content-background-meta":{"desktop":{"background-color":"var(--ast-global-color-5)","background-image":"","background-repeat":"repeat","background-position":"center center","background-size":"auto","background-attachment":"scroll","background-type":"","background-media":"","overlay-type":"","overlay-color":"","overlay-opacity":"","overlay-gradient":""},"tablet":{"background-color":"var(--ast-global-color-5)","background-image":"","background-repeat":"repeat","background-position":"center center","background-size":"auto","background-attachment":"scroll","background-type":"","background-media":"","overlay-type":"","overlay-color":"","overlay-opacity":"","overlay-gradient":""},"mobile":{"background-color":"var(--ast-global-color-5)","background-image":"","background-repeat":"repeat","background-position":"center center","background-size":"auto","background-attachment":"scroll","background-type":"","background-media":"","overlay-type":"","overlay-color":"","overlay-opacity":"","overlay-gradient":""}},"footnotes":""},"categories":[1060,1066],"tags":[],"class_list":["post-77271","post","type-post","status-publish","format-standard","hentry","category-notes-premsa","category-sense-categoria-ca"],"yoast_head":"<!-- This site is optimized with the Yoast SEO plugin v22.4 - https:\/\/yoast.com\/wordpress\/plugins\/seo\/ -->\n<title>Farmac\u00e8utics i odontoestomat\u00f2legs de Catalunya creen la primera guia sobre com actuar des de la farm\u00e0cia davant consultes de salut bucodental - Col\u00b7legi de Farmac\u00e8utics de Barcelona<\/title>\n<meta name=\"robots\" content=\"index, follow, max-snippet:-1, max-image-preview:large, max-video-preview:-1\" \/>\n<link rel=\"canonical\" href=\"https:\/\/novaorg.cofb.net\/2018\/03\/20\/farmaceutics-i-odontoestomatolegs-de-catalunya-creen-la-primera-guia-sobre-com-actuar-des-de-la-farmacia-davant-consultes-de-salut-bucodental\/\" \/>\n<meta property=\"og:locale\" content=\"ca_ES\" \/>\n<meta property=\"og:type\" content=\"article\" \/>\n<meta property=\"og:title\" content=\"Farmac\u00e8utics i odontoestomat\u00f2legs de Catalunya creen la primera guia sobre com actuar des de la farm\u00e0cia davant consultes de salut bucodental - Col\u00b7legi de Farmac\u00e8utics de Barcelona\" \/>\n<meta property=\"og:description\" content=\"\u00a0 Gr\u00e0cies a aquesta guia, els farmac\u00e8utics tindran m\u00e9s eines en la indicaci\u00f3 davant s\u00edmptomes menors o problemes de baixa complexitat, aix\u00ed com la detecci\u00f3 preco\u00e7 de situacions que representen un risc per a la salut orobucal dels ciutadans\u00a0 Estructurada en dues parts, aborda, d\u2019una banda, els principis d\u2019higiene oral [&hellip;]\" \/>\n<meta property=\"og:url\" content=\"https:\/\/novaorg.cofb.net\/2018\/03\/20\/farmaceutics-i-odontoestomatolegs-de-catalunya-creen-la-primera-guia-sobre-com-actuar-des-de-la-farmacia-davant-consultes-de-salut-bucodental\/\" \/>\n<meta property=\"og:site_name\" content=\"Col\u00b7legi de Farmac\u00e8utics de Barcelona\" \/>\n<meta property=\"article:publisher\" content=\"https:\/\/www.facebook.com\/farmaceuticsbcn\/\" \/>\n<meta property=\"article:published_time\" content=\"2018-03-20T09:30:00+00:00\" \/>\n<meta name=\"author\" content=\"wpAdminCofbOrg\" \/>\n<meta name=\"twitter:card\" content=\"summary_large_image\" \/>\n<meta name=\"twitter:creator\" content=\"@farmaceuticsbcn\" \/>\n<meta name=\"twitter:site\" content=\"@farmaceuticsbcn\" \/>\n<meta name=\"twitter:label1\" content=\"Escrit per\" \/>\n\t<meta name=\"twitter:data1\" content=\"wpAdminCofbOrg\" \/>\n\t<meta name=\"twitter:label2\" content=\"Temps estimat de lectura\" \/>\n\t<meta name=\"twitter:data2\" content=\"9 minuts\" \/>\n<script type=\"application\/ld+json\" class=\"yoast-schema-graph\">{\"@context\":\"https:\/\/schema.org\",\"@graph\":[{\"@type\":\"Article\",\"@id\":\"https:\/\/novaorg.cofb.net\/2018\/03\/20\/farmaceutics-i-odontoestomatolegs-de-catalunya-creen-la-primera-guia-sobre-com-actuar-des-de-la-farmacia-davant-consultes-de-salut-bucodental\/#article\",\"isPartOf\":{\"@id\":\"https:\/\/novaorg.cofb.net\/2018\/03\/20\/farmaceutics-i-odontoestomatolegs-de-catalunya-creen-la-primera-guia-sobre-com-actuar-des-de-la-farmacia-davant-consultes-de-salut-bucodental\/\"},\"author\":{\"name\":\"wpAdminCofbOrg\",\"@id\":\"https:\/\/www.cofb.org\/#\/schema\/person\/22ed7eea88da74b0fa4d3154ad87ffcb\"},\"headline\":\"Farmac\u00e8utics i odontoestomat\u00f2legs de Catalunya creen la primera guia sobre com actuar des de la farm\u00e0cia davant consultes de salut bucodental\",\"datePublished\":\"2018-03-20T09:30:00+00:00\",\"dateModified\":\"2018-03-20T09:30:00+00:00\",\"mainEntityOfPage\":{\"@id\":\"https:\/\/novaorg.cofb.net\/2018\/03\/20\/farmaceutics-i-odontoestomatolegs-de-catalunya-creen-la-primera-guia-sobre-com-actuar-des-de-la-farmacia-davant-consultes-de-salut-bucodental\/\"},\"wordCount\":1738,\"publisher\":{\"@id\":\"https:\/\/www.cofb.org\/#organization\"},\"articleSection\":[\"Notes de premsa\"],\"inLanguage\":\"ca\"},{\"@type\":\"WebPage\",\"@id\":\"https:\/\/novaorg.cofb.net\/2018\/03\/20\/farmaceutics-i-odontoestomatolegs-de-catalunya-creen-la-primera-guia-sobre-com-actuar-des-de-la-farmacia-davant-consultes-de-salut-bucodental\/\",\"url\":\"https:\/\/novaorg.cofb.net\/2018\/03\/20\/farmaceutics-i-odontoestomatolegs-de-catalunya-creen-la-primera-guia-sobre-com-actuar-des-de-la-farmacia-davant-consultes-de-salut-bucodental\/\",\"name\":\"Farmac\u00e8utics i odontoestomat\u00f2legs de Catalunya creen la primera guia sobre com actuar des de la farm\u00e0cia davant consultes de salut bucodental - Col\u00b7legi de Farmac\u00e8utics de Barcelona\",\"isPartOf\":{\"@id\":\"https:\/\/www.cofb.org\/#website\"},\"datePublished\":\"2018-03-20T09:30:00+00:00\",\"dateModified\":\"2018-03-20T09:30:00+00:00\",\"breadcrumb\":{\"@id\":\"https:\/\/novaorg.cofb.net\/2018\/03\/20\/farmaceutics-i-odontoestomatolegs-de-catalunya-creen-la-primera-guia-sobre-com-actuar-des-de-la-farmacia-davant-consultes-de-salut-bucodental\/#breadcrumb\"},\"inLanguage\":\"ca\",\"potentialAction\":[{\"@type\":\"ReadAction\",\"target\":[\"https:\/\/novaorg.cofb.net\/2018\/03\/20\/farmaceutics-i-odontoestomatolegs-de-catalunya-creen-la-primera-guia-sobre-com-actuar-des-de-la-farmacia-davant-consultes-de-salut-bucodental\/\"]}]},{\"@type\":\"BreadcrumbList\",\"@id\":\"https:\/\/novaorg.cofb.net\/2018\/03\/20\/farmaceutics-i-odontoestomatolegs-de-catalunya-creen-la-primera-guia-sobre-com-actuar-des-de-la-farmacia-davant-consultes-de-salut-bucodental\/#breadcrumb\",\"itemListElement\":[{\"@type\":\"ListItem\",\"position\":1,\"name\":\"Inici\",\"item\":\"https:\/\/novaorg.cofb.net\/\"},{\"@type\":\"ListItem\",\"position\":2,\"name\":\"Farmac\u00e8utics i odontoestomat\u00f2legs de Catalunya creen la primera guia sobre com actuar des de la farm\u00e0cia davant consultes de salut bucodental\"}]},{\"@type\":\"WebSite\",\"@id\":\"https:\/\/www.cofb.org\/#website\",\"url\":\"https:\/\/www.cofb.org\/\",\"name\":\"Col\u00b7legi de Farmac\u00e8utics de Barcelona\",\"description\":\"\",\"publisher\":{\"@id\":\"https:\/\/www.cofb.org\/#organization\"},\"potentialAction\":[{\"@type\":\"SearchAction\",\"target\":{\"@type\":\"EntryPoint\",\"urlTemplate\":\"https:\/\/www.cofb.org\/?s={search_term_string}\"},\"query-input\":\"required name=search_term_string\"}],\"inLanguage\":\"ca\"},{\"@type\":\"Organization\",\"@id\":\"https:\/\/www.cofb.org\/#organization\",\"name\":\"Col\u00b7legi de Farmac\u00e8utics de Barcelona\",\"url\":\"https:\/\/www.cofb.org\/\",\"logo\":{\"@type\":\"ImageObject\",\"inLanguage\":\"ca\",\"@id\":\"https:\/\/www.cofb.org\/#\/schema\/logo\/image\/\",\"url\":\"https:\/\/www.cofb.org\/wp-content\/uploads\/2023\/11\/cropped-Logotip-COFB.png\",\"contentUrl\":\"https:\/\/www.cofb.org\/wp-content\/uploads\/2023\/11\/cropped-Logotip-COFB.png\",\"width\":500,\"height\":105,\"caption\":\"Col\u00b7legi de Farmac\u00e8utics de Barcelona\"},\"image\":{\"@id\":\"https:\/\/www.cofb.org\/#\/schema\/logo\/image\/\"},\"sameAs\":[\"https:\/\/www.facebook.com\/farmaceuticsbcn\/\",\"https:\/\/twitter.com\/farmaceuticsbcn\",\"https:\/\/www.instagram.com\/farmaceuticsbcn\/\",\"https:\/\/www.linkedin.com\/company\/farmaceuticsbcn\/\"]},{\"@type\":\"Person\",\"@id\":\"https:\/\/www.cofb.org\/#\/schema\/person\/22ed7eea88da74b0fa4d3154ad87ffcb\",\"name\":\"wpAdminCofbOrg\",\"image\":{\"@type\":\"ImageObject\",\"inLanguage\":\"ca\",\"@id\":\"https:\/\/www.cofb.org\/#\/schema\/person\/image\/\",\"url\":\"https:\/\/secure.gravatar.com\/avatar\/1721b20b3b8ca882c3b56ec6c978c594fff670e40c0718e9190eaeeb76aae7d8?s=96&d=mm&r=g\",\"contentUrl\":\"https:\/\/secure.gravatar.com\/avatar\/1721b20b3b8ca882c3b56ec6c978c594fff670e40c0718e9190eaeeb76aae7d8?s=96&d=mm&r=g\",\"caption\":\"wpAdminCofbOrg\"},\"sameAs\":[\"http:\/\/192.168.64.122\/wordpress\"],\"url\":\"https:\/\/www.cofb.org\/ca\/author\/wpadmincofborg\/\"}]}<\/script>\n<!-- \/ Yoast SEO plugin. -->","yoast_head_json":{"title":"Farmac\u00e8utics i odontoestomat\u00f2legs de Catalunya creen la primera guia sobre com actuar des de la farm\u00e0cia davant consultes de salut bucodental - Col\u00b7legi de Farmac\u00e8utics de Barcelona","robots":{"index":"index","follow":"follow","max-snippet":"max-snippet:-1","max-image-preview":"max-image-preview:large","max-video-preview":"max-video-preview:-1"},"canonical":"https:\/\/novaorg.cofb.net\/2018\/03\/20\/farmaceutics-i-odontoestomatolegs-de-catalunya-creen-la-primera-guia-sobre-com-actuar-des-de-la-farmacia-davant-consultes-de-salut-bucodental\/","og_locale":"ca_ES","og_type":"article","og_title":"Farmac\u00e8utics i odontoestomat\u00f2legs de Catalunya creen la primera guia sobre com actuar des de la farm\u00e0cia davant consultes de salut bucodental - Col\u00b7legi de Farmac\u00e8utics de Barcelona","og_description":"\u00a0 Gr\u00e0cies a aquesta guia, els farmac\u00e8utics tindran m\u00e9s eines en la indicaci\u00f3 davant s\u00edmptomes menors o problemes de baixa complexitat, aix\u00ed com la detecci\u00f3 preco\u00e7 de situacions que representen un risc per a la salut orobucal dels ciutadans\u00a0 Estructurada en dues parts, aborda, d\u2019una banda, els principis d\u2019higiene oral [&hellip;]","og_url":"https:\/\/novaorg.cofb.net\/2018\/03\/20\/farmaceutics-i-odontoestomatolegs-de-catalunya-creen-la-primera-guia-sobre-com-actuar-des-de-la-farmacia-davant-consultes-de-salut-bucodental\/","og_site_name":"Col\u00b7legi de Farmac\u00e8utics de Barcelona","article_publisher":"https:\/\/www.facebook.com\/farmaceuticsbcn\/","article_published_time":"2018-03-20T09:30:00+00:00","author":"wpAdminCofbOrg","twitter_card":"summary_large_image","twitter_creator":"@farmaceuticsbcn","twitter_site":"@farmaceuticsbcn","twitter_misc":{"Escrit per":"wpAdminCofbOrg","Temps estimat de lectura":"9 minuts"},"schema":{"@context":"https:\/\/schema.org","@graph":[{"@type":"Article","@id":"https:\/\/novaorg.cofb.net\/2018\/03\/20\/farmaceutics-i-odontoestomatolegs-de-catalunya-creen-la-primera-guia-sobre-com-actuar-des-de-la-farmacia-davant-consultes-de-salut-bucodental\/#article","isPartOf":{"@id":"https:\/\/novaorg.cofb.net\/2018\/03\/20\/farmaceutics-i-odontoestomatolegs-de-catalunya-creen-la-primera-guia-sobre-com-actuar-des-de-la-farmacia-davant-consultes-de-salut-bucodental\/"},"author":{"name":"wpAdminCofbOrg","@id":"https:\/\/www.cofb.org\/#\/schema\/person\/22ed7eea88da74b0fa4d3154ad87ffcb"},"headline":"Farmac\u00e8utics i odontoestomat\u00f2legs de Catalunya creen la primera guia sobre com actuar des de la farm\u00e0cia davant consultes de salut bucodental","datePublished":"2018-03-20T09:30:00+00:00","dateModified":"2018-03-20T09:30:00+00:00","mainEntityOfPage":{"@id":"https:\/\/novaorg.cofb.net\/2018\/03\/20\/farmaceutics-i-odontoestomatolegs-de-catalunya-creen-la-primera-guia-sobre-com-actuar-des-de-la-farmacia-davant-consultes-de-salut-bucodental\/"},"wordCount":1738,"publisher":{"@id":"https:\/\/www.cofb.org\/#organization"},"articleSection":["Notes de premsa"],"inLanguage":"ca"},{"@type":"WebPage","@id":"https:\/\/novaorg.cofb.net\/2018\/03\/20\/farmaceutics-i-odontoestomatolegs-de-catalunya-creen-la-primera-guia-sobre-com-actuar-des-de-la-farmacia-davant-consultes-de-salut-bucodental\/","url":"https:\/\/novaorg.cofb.net\/2018\/03\/20\/farmaceutics-i-odontoestomatolegs-de-catalunya-creen-la-primera-guia-sobre-com-actuar-des-de-la-farmacia-davant-consultes-de-salut-bucodental\/","name":"Farmac\u00e8utics i odontoestomat\u00f2legs de Catalunya creen la primera guia sobre com actuar des de la farm\u00e0cia davant consultes de salut bucodental - Col\u00b7legi de Farmac\u00e8utics de Barcelona","isPartOf":{"@id":"https:\/\/www.cofb.org\/#website"},"datePublished":"2018-03-20T09:30:00+00:00","dateModified":"2018-03-20T09:30:00+00:00","breadcrumb":{"@id":"https:\/\/novaorg.cofb.net\/2018\/03\/20\/farmaceutics-i-odontoestomatolegs-de-catalunya-creen-la-primera-guia-sobre-com-actuar-des-de-la-farmacia-davant-consultes-de-salut-bucodental\/#breadcrumb"},"inLanguage":"ca","potentialAction":[{"@type":"ReadAction","target":["https:\/\/novaorg.cofb.net\/2018\/03\/20\/farmaceutics-i-odontoestomatolegs-de-catalunya-creen-la-primera-guia-sobre-com-actuar-des-de-la-farmacia-davant-consultes-de-salut-bucodental\/"]}]},{"@type":"BreadcrumbList","@id":"https:\/\/novaorg.cofb.net\/2018\/03\/20\/farmaceutics-i-odontoestomatolegs-de-catalunya-creen-la-primera-guia-sobre-com-actuar-des-de-la-farmacia-davant-consultes-de-salut-bucodental\/#breadcrumb","itemListElement":[{"@type":"ListItem","position":1,"name":"Inici","item":"https:\/\/novaorg.cofb.net\/"},{"@type":"ListItem","position":2,"name":"Farmac\u00e8utics i odontoestomat\u00f2legs de Catalunya creen la primera guia sobre com actuar des de la farm\u00e0cia davant consultes de salut bucodental"}]},{"@type":"WebSite","@id":"https:\/\/www.cofb.org\/#website","url":"https:\/\/www.cofb.org\/","name":"Col\u00b7legi de Farmac\u00e8utics de Barcelona","description":"","publisher":{"@id":"https:\/\/www.cofb.org\/#organization"},"potentialAction":[{"@type":"SearchAction","target":{"@type":"EntryPoint","urlTemplate":"https:\/\/www.cofb.org\/?s={search_term_string}"},"query-input":"required name=search_term_string"}],"inLanguage":"ca"},{"@type":"Organization","@id":"https:\/\/www.cofb.org\/#organization","name":"Col\u00b7legi de Farmac\u00e8utics de Barcelona","url":"https:\/\/www.cofb.org\/","logo":{"@type":"ImageObject","inLanguage":"ca","@id":"https:\/\/www.cofb.org\/#\/schema\/logo\/image\/","url":"https:\/\/www.cofb.org\/wp-content\/uploads\/2023\/11\/cropped-Logotip-COFB.png","contentUrl":"https:\/\/www.cofb.org\/wp-content\/uploads\/2023\/11\/cropped-Logotip-COFB.png","width":500,"height":105,"caption":"Col\u00b7legi de Farmac\u00e8utics de Barcelona"},"image":{"@id":"https:\/\/www.cofb.org\/#\/schema\/logo\/image\/"},"sameAs":["https:\/\/www.facebook.com\/farmaceuticsbcn\/","https:\/\/twitter.com\/farmaceuticsbcn","https:\/\/www.instagram.com\/farmaceuticsbcn\/","https:\/\/www.linkedin.com\/company\/farmaceuticsbcn\/"]},{"@type":"Person","@id":"https:\/\/www.cofb.org\/#\/schema\/person\/22ed7eea88da74b0fa4d3154ad87ffcb","name":"wpAdminCofbOrg","image":{"@type":"ImageObject","inLanguage":"ca","@id":"https:\/\/www.cofb.org\/#\/schema\/person\/image\/","url":"https:\/\/secure.gravatar.com\/avatar\/1721b20b3b8ca882c3b56ec6c978c594fff670e40c0718e9190eaeeb76aae7d8?s=96&d=mm&r=g","contentUrl":"https:\/\/secure.gravatar.com\/avatar\/1721b20b3b8ca882c3b56ec6c978c594fff670e40c0718e9190eaeeb76aae7d8?s=96&d=mm&r=g","caption":"wpAdminCofbOrg"},"sameAs":["http:\/\/192.168.64.122\/wordpress"],"url":"https:\/\/www.cofb.org\/ca\/author\/wpadmincofborg\/"}]}},"uagb_featured_image_src":{"full":false,"thumbnail":false,"medium":false,"medium_large":false,"large":false,"1536x1536":false,"2048x2048":false,"trp-custom-language-flag":false},"uagb_author_info":{"display_name":"wpAdminCofbOrg","author_link":"https:\/\/www.cofb.org\/ca\/author\/wpadmincofborg\/"},"uagb_comment_info":0,"uagb_excerpt":"\u00a0 Gr\u00e0cies a aquesta guia, els farmac\u00e8utics tindran m\u00e9s eines en la indicaci\u00f3 davant s\u00edmptomes menors o problemes de baixa complexitat, aix\u00ed com la detecci\u00f3 preco\u00e7 de situacions que representen un risc per a la salut orobucal dels ciutadans\u00a0 Estructurada en dues parts, aborda, d\u2019una banda, els principis d\u2019higiene oral [&hellip;]","_links":{"self":[{"href":"https:\/\/www.cofb.org\/ca\/wp-json\/wp\/v2\/posts\/77271","targetHints":{"allow":["GET"]}}],"collection":[{"href":"https:\/\/www.cofb.org\/ca\/wp-json\/wp\/v2\/posts"}],"about":[{"href":"https:\/\/www.cofb.org\/ca\/wp-json\/wp\/v2\/types\/post"}],"author":[{"embeddable":true,"href":"https:\/\/www.cofb.org\/ca\/wp-json\/wp\/v2\/users\/1"}],"replies":[{"embeddable":true,"href":"https:\/\/www.cofb.org\/ca\/wp-json\/wp\/v2\/comments?post=77271"}],"version-history":[{"count":0,"href":"https:\/\/www.cofb.org\/ca\/wp-json\/wp\/v2\/posts\/77271\/revisions"}],"wp:attachment":[{"href":"https:\/\/www.cofb.org\/ca\/wp-json\/wp\/v2\/media?parent=77271"}],"wp:term":[{"taxonomy":"category","embeddable":true,"href":"https:\/\/www.cofb.org\/ca\/wp-json\/wp\/v2\/categories?post=77271"},{"taxonomy":"post_tag","embeddable":true,"href":"https:\/\/www.cofb.org\/ca\/wp-json\/wp\/v2\/tags?post=77271"}],"curies":[{"name":"wp","href":"https:\/\/api.w.org\/{rel}","templated":true}]}}