{"id":77255,"date":"2018-10-15T11:28:00","date_gmt":"2018-10-15T11:28:00","guid":{"rendered":"https:\/\/novaorg.cofb.net\/2018\/10\/15\/el-cof-de-barcelona-inaugura-el-programa-formatiu-2018-2019-amb-mes-de-150-activitats-en-cartera\/"},"modified":"2018-10-15T11:28:00","modified_gmt":"2018-10-15T11:28:00","slug":"el-cof-de-barcelona-inaugura-el-programa-formatiu-2018-2019-amb-mes-de-150-activitats-en-cartera","status":"publish","type":"post","link":"https:\/\/www.cofb.org\/ca\/2018\/10\/15\/el-cof-de-barcelona-inaugura-el-programa-formatiu-2018-2019-amb-mes-de-150-activitats-en-cartera\/","title":{"rendered":"El COF de Barcelona inaugura el programa formatiu 2018-2019 amb m\u00e9s de 150 activitats en cartera"},"content":{"rendered":"<p>\u00a0<\/p>\n<p>El COFB ha presentat el nou programa formatiu, que consolida l\u2019aposta per la innovaci\u00f3, l\u2019intercanvi d\u2019experi\u00e8ncies i l\u2019oferta de cursos i activitats per als farmac\u00e8utics que treballen en diversos \u00e0mbits d\u2019exercici<br \/>\nLa proposta formativa combina cursos que ja fa anys que s\u2019imparteixen i tenen molt bona acollida amb noves activitats relacionades amb les darreres tend\u00e8ncies del sector<br \/>\nPer fer m\u00e9s accessible la formaci\u00f3, s\u2019ha continuat apostant per la bonificaci\u00f3 dels cursos -39 en total- i la formaci\u00f3 a dist\u00e0ncia, amb 49 cursos online i 7 webinars. Tamb\u00e9 s\u2019ha aconseguit preus redu\u00efts amb el patrocini de la ind\u00fastria farmac\u00e8La formaci\u00f3 del COFB en xifres<br \/>\nDurant la inauguraci\u00f3, ha tingut lloc la confer\u00e8ncia \u201cLa dieta mediterr\u00e0nia i el trastorn del d\u00e8ficit d\u2019atenci\u00f3 amb hiperactivitat (TDAH)\u201d<br \/>\nBarcelona, 15 d\u2019octubre de 2018. El Col\u00b7legi de Farmac\u00e8utics de Barcelona (COFB) va inaugurar el passat 10 d\u2019octubre el Programa de Formaci\u00f3 Continuada 2018-2019 amb una proposta formativa que cont\u00e9 m\u00e9s de 150 activitats. L\u2019acte de presentaci\u00f3 va comptar amb les intervencions de N\u00faria Bosch, vicepresidenta del COFB, i d\u2019Aina Surroca, vocal del COFB i responsable de la Comissi\u00f3 Delegada de Formaci\u00f3 Continuada, i es va dur a terme en el marc de la primera tert\u00falia d\u2019actualitat del nou curs titulada \u201cLa dieta mediterr\u00e0nia i el trastorn del d\u00e8ficit d\u2019atenci\u00f3 amb hiperactivitat (TDAH).<\/p>\n<p>A l\u2019inici de l\u2019acte, la vicepresidenta del Col\u00b7legi va ressaltar la import\u00e0ncia de la formaci\u00f3 continuada, ja que \u201c\u00e9s necess\u00e0ria per desenvolupar-nos professionalment i oferir amb la m\u00e0xima qualitat els diferents serveis, consells i activitats farmac\u00e8utiques que puguem dur a terme\u201d. En la mateixa l\u00ednia, Surroca va destacar els 3 eixos del programa de formaci\u00f3 continuada 18\/19: \u201cinnovaci\u00f3, transversalitat i donar resposta, des del Col\u00b7legi, a les necessitats de tots els \u00e0mbits d\u2019exercici professional\u201d.<\/p>\n<p><u><strong>Qu\u00e8 \u00e9s el m\u00e9s destacat del programa formatiu del curs 2018-2019?<\/strong><\/u><\/p>\n<p><span><strong>Consolidaci\u00f3 de l\u2019aposta per la innovaci\u00f3<\/strong><\/span><br \/>\nLa<strong> innovaci\u00f3 <\/strong>continua sent una<strong> aposta clara del programa formatiu del Col\u00b7legi.<\/strong> El curs passat, ja es va posar en marxa un apartat espec\u00edfic relacionat amb aquest \u00e0mbit, i enguany es continua potenciant amb temes d\u2019actualitat relacionats amb novetats terap\u00e8utiques, serveis assistencials i un conjunt de propostes que proliferen en un sector que evoluciona molt r\u00e0pidament. Alguns dels temes que s\u2019abordaran en aquest \u00e0mbit seran la farmacogen\u00e8tica, l\u2019epigen\u00e8tica i, per primera vegada, el curs \u201cAplicacions m\u00f2bils en salut: teoria i realitat\u201d.<\/p>\n<p><strong>La innovaci\u00f3 no nom\u00e9s es limita als continguts, sin\u00f3 que tamb\u00e9 compr\u00e8n la metodologia i els formats. <\/strong>L\u2019oferta formativa <strong>facilita al m\u00e0xim l\u2019aprenentatge, <\/strong>perqu\u00e8 sigui <strong>senzill compaginar la formaci\u00f3 continuada amb les obligacions professionals.<\/strong><\/p>\n<p><strong><span>Activitats per a farmac\u00e8utics de tots els \u00e0mbits<\/span><\/strong><br \/>\nL\u2019objectiu del COFB \u00e9s <strong>treballar per a tots els col\u00b7legiats. <\/strong>Per aix\u00f2, s\u2019ofereixen <strong>propostes formatives pels farmac\u00e8utics de diferents \u00e0mbits d\u2019exercici de la Farm\u00e0cia, que contemplen les necessitats de cada col\u00b7lectiu i estan pensades perqu\u00e8 siguin aplicables al dia a dia.<\/strong><\/p>\n<p>\u00c9s el cas, per exemple, del curs \u201cComunicaci\u00f3 amb el pacient en atenci\u00f3 prim\u00e0ria\u201d, \u201cTallers de bones pr\u00e0ctiques de distribuci\u00f3 de medicaments\u201d i \u201cAn\u00e0lisis cl\u00edniques: cap pregunta sense resposta\u201d. Aquest \u00faltim introdueix una <strong>nova metodologia<\/strong> que consisteix a crear la formaci\u00f3 a partir de les q\u00fcestions que facin arribar els farmac\u00e8utics<strong>.<\/strong><\/p>\n<p><strong><span>Intercanvi d\u2019experi\u00e8ncies<\/span><\/strong><br \/>\nFomentar la <strong>interacci\u00f3 entre els diferents \u00e0mbits d\u2019exercici <\/strong>\u00e9s una altra de les caracter\u00edstiques del programa formatiu. En aquest sentit, es <strong>potencia la transversalitat de continguts, professors i ponents i el treball multidisciplinari.<\/strong> Tot plegat, per <strong>aprendre de companys i compartir coneixements i aprenentatges <\/strong>a trav\u00e9s dels <strong>elements de comunicaci\u00f3 <\/strong>presents a les aules f\u00edsiques i virtuals.<\/p>\n<p><strong>L\u2019intercanvi d\u2019experi\u00e8ncies <\/strong>el trobem, per exemple, en les <strong>tert\u00falies d\u2019actualitat <\/strong>que peri\u00f2dicament es realitzen al Col\u00b7legi o en cursos impartits per equips multidisciplinaris i dirigits a farmac\u00e8utics de diferents \u00e0mbits d\u2019exercici, com \u00e9s el cas d\u2019<strong>\u201cAtenci\u00f3 farmac\u00e8utica comunit\u00e0ria a pacients amb c\u00e0ncer\u201d.<\/strong><\/p>\n<p><strong><span>Formaci\u00f3 de qualitat<\/span><\/strong><br \/>\nAl programa formatiu trobem, d\u2019una banda, cursos consolidats despr\u00e9s d\u2019anys d\u2019\u00e8xit, com \u201cNutrici\u00f3 i esport\u201d, \u201cActuaci\u00f3 farmac\u00e8utica en nutrici\u00f3 artificial\u201d i \u201cIndicaci\u00f3 i casos pr\u00e0ctics en complements alimentosos\u201d, que permetran que els farmac\u00e8utics es formin en camps en els quals el COFB t\u00e9 una llarga traject\u00f2ria.<\/p>\n<p>D\u2019altra banda, cursos com \u201cInteraccions, m\u00e9s enll\u00e0 del medicament\u201d, \u201cOrtop\u00e8dia esportiva\u201d, \u201cProblemes de la pell en patologies no dermatol\u00f2giques\u201d i \u201cGesti\u00f3 del pacient ob\u00e8s amb diabetis\u201d, que enguany s\u2019imparteixen per primera vegada i es basen en les darreres tend\u00e8ncies del sector de la professi\u00f3. Tamb\u00e9 s\u2019ha impulsat un cicle de confer\u00e8ncies al voltant dels programes de reducci\u00f3 de danys entre els quals es troben el de detecci\u00f3 preco\u00e7 del VIH, el de manteniment amb metadona i el d\u2019intercanvi de xeringues.<\/p>\n<p><strong><u><strong>La formaci\u00f3 del COFB en xifres<\/strong><\/u><\/strong><\/p>\n<p>El programa formatiu 2018-2019 comptar\u00e0 amb m\u00e9s de 150 activitats formatives (103 presencials i 49 online a trav\u00e9s de la intranet col\u00b7legial i del portal \u00c0gora Sanit\u00e0ria), de les quals 55 s\u00f3n noves.<\/p>\n<p>Tamb\u00e9 s\u2019ha continuat l\u2019aposta per oferir cursos amb webinar \u2013 de moment, n\u2019hi ha 7 de programats-, i amb bonificaci\u00f3 \u2013en total 39-, en el marc dels quals el Col\u00b7legi s\u2019encarrega de fer els tr\u00e0mits necessaris perqu\u00e8 el farmac\u00e8utic tingui l\u2019oportunitat de recuperar la quota de formaci\u00f3 que paga per als seus treballadors.<\/p>\n<p>D\u2019altra banda, gr\u00e0cies als acords amb la ind\u00fastria farmac\u00e8utica, s&#8217;aconsegueixen fer m\u00e9s accessibles algunes de les formacions a trav\u00e9s del seu patrocini, ja que hi ha descomptes en el cost d\u2019inscripci\u00f3 o, fins i tot, en alguns casos, s\u00f3n gratu\u00eftes.<\/p>\n<p><strong><u><strong>Novetats impulsades des del COFB<\/strong><\/u><\/strong><\/p>\n<p>M\u00e9s enll\u00e0 del programa, el COFB ha impulsat tres novetats per tal de millorar l\u2019entorn formatiu del col\u00b7legiat. En primer lloc, la inauguraci\u00f3 d\u2019una nova aula, amb capacitat per a m\u00e9s de 80 persones, que aportar\u00e0 un nou espai de f\u00e0cil acc\u00e9s, amb tota la tecnologia per gaudir de les activitats formatives i informatives que es duguin a terme.<\/p>\n<p>En segon lloc, l\u2019ampliaci\u00f3 del perfil formatiu que cada farmac\u00e8utic t\u00e9 a la intranet col\u00b7legial. Aquest espai, que permet tenir el registre curricular de les activitats de formaci\u00f3 continuada dutes a terme al COFB, facilitant que cada professional disposi de la seva \u00e0rea privada dels cursos realitzats, inclour\u00e0 tamb\u00e9 la documentaci\u00f3 dels cursos. A m\u00e9s, s\u2019han desenvolupat millores en el cercador de cursos i en la seva indexaci\u00f3 per facilitar al m\u00e0xim que l\u2019alumne trobi r\u00e0pidament aquells cursos que li poden interessar.<\/p>\n<p>D\u2019altra banda, tamb\u00e9 s\u2019ha estrenat l\u2019aula virtual en la gesti\u00f3 del M\u00e0ster de Gesti\u00f3 de l\u2019Oficina de Farm\u00e0cia (MGOF) i del Programa Dermoexpert. L\u2019aula virtual \u00e9s l\u2019espai d\u2019interacci\u00f3 entre els alumnes, el professorat i la instituci\u00f3 col\u00b7legial on els alumnes poden trobar la documentaci\u00f3 i informaci\u00f3 necess\u00e0ria per a seguir l\u2019activitat formativa.<\/p>\n<p>Per a m\u00e9s informaci\u00f3:<\/p>\n<p>Departament de Comunicaci\u00f3 del COFB<\/p>\n<p>Tel\u00e8fon: 93 244 07 28 \/ 18<\/p>\n<p><strong><a href=\"mailto:premsa@cofb.net\">premsa@cofb.net<\/a><\/strong><\/p>\n<p>\u00a0El COFB ha presentat el nou programa formatiu, que consolida l\u2019aposta per la innovaci\u00f3, l\u2019intercanvi d\u2019experi\u00e8ncies i l\u2019oferta de cursos i activitats per als farmac\u00e8utics que treballen en diversos \u00e0mbits d\u2019exercici<br \/>\nLa proposta formativa combina cursos que ja fa anys que s\u2019imparteixen i tenen molt bona acollida amb noves activitats relacionades amb les darreres tend\u00e8ncies del sector<br \/>\nPer fer m\u00e9s accessible la formaci\u00f3, s\u2019ha continuat apostant per la bonificaci\u00f3 dels cursos -39 en total- i la formaci\u00f3 a dist\u00e0ncia, amb 49 cursos online i 7 webinars. Tamb\u00e9 s\u2019ha aconseguit preus redu\u00efts amb el patrocini de la ind\u00fastria farmac\u00e8La formaci\u00f3 del COFB en xifres<br \/>\nDurant la inauguraci\u00f3, ha tingut lloc la confer\u00e8ncia \u201cLa dieta mediterr\u00e0nia i el trastorn del d\u00e8ficit d\u2019atenci\u00f3 amb hiperactivitat (TDAH)\u201d<br \/>\nBarcelona, 15 d\u2019octubre de 2018. El Col\u00b7legi de Farmac\u00e8utics de Barcelona (COFB) va inaugurar el passat 10 d\u2019octubre el Programa de Formaci\u00f3 Continuada 2018-2019 amb una proposta formativa que cont\u00e9 m\u00e9s de 150 activitats. L\u2019acte de presentaci\u00f3 va comptar amb les intervencions de N\u00faria Bosch, vicepresidenta del COFB, i d\u2019Aina Surroca, vocal del COFB i responsable de la Comissi\u00f3 Delegada de Formaci\u00f3 Continuada, i es va dur a terme en el marc de la primera tert\u00falia d\u2019actualitat del nou curs titulada \u201cLa dieta mediterr\u00e0nia i el trastorn del d\u00e8ficit d\u2019atenci\u00f3 amb hiperactivitat (TDAH).<\/p>\n<p>A l\u2019inici de l\u2019acte, la vicepresidenta del Col\u00b7legi va ressaltar la import\u00e0ncia de la formaci\u00f3 continuada, ja que \u201c\u00e9s necess\u00e0ria per desenvolupar-nos professionalment i oferir amb la m\u00e0xima qualitat els diferents serveis, consells i activitats farmac\u00e8utiques que puguem dur a terme\u201d. En la mateixa l\u00ednia, Surroca va destacar els 3 eixos del programa de formaci\u00f3 continuada 18\/19: \u201cinnovaci\u00f3, transversalitat i donar resposta, des del Col\u00b7legi, a les necessitats de tots els \u00e0mbits d\u2019exercici professional\u201d.<\/p>\n<p>Qu\u00e8 \u00e9s el m\u00e9s destacat del programa formatiu del curs 2018-2019?<\/p>\n<p>Consolidaci\u00f3 de l\u2019aposta per la innovaci\u00f3<br \/>\nLa innovaci\u00f3 continua sent una aposta clara del programa formatiu del Col\u00b7legi. El curs passat, ja es va posar en marxa un apartat espec\u00edfic relacionat amb aquest \u00e0mbit, i enguany es continua potenciant amb temes d\u2019actualitat relacionats amb novetats terap\u00e8utiques, serveis assistencials i un conjunt de propostes que proliferen en un sector que evoluciona molt r\u00e0pidament. Alguns dels temes que s\u2019abordaran en aquest \u00e0mbit seran la farmacogen\u00e8tica, l\u2019epigen\u00e8tica i, per primera vegada, el curs \u201cAplicacions m\u00f2bils en salut: teoria i realitat\u201d.<\/p>\n<p>La innovaci\u00f3 no nom\u00e9s es limita als continguts, sin\u00f3 que tamb\u00e9 compr\u00e8n la metodologia i els formats. L\u2019oferta formativa facilita al m\u00e0xim l\u2019aprenentatge, perqu\u00e8 sigui senzill compaginar la formaci\u00f3 continuada amb les obligacions professionals.<\/p>\n<p>Activitats per a farmac\u00e8utics de tots els \u00e0mbits<br \/>\nL\u2019objectiu del COFB \u00e9s treballar per a tots els col\u00b7legiats. Per aix\u00f2, s\u2019ofereixen propostes formatives pels farmac\u00e8utics de diferents \u00e0mbits d\u2019exercici de la Farm\u00e0cia, que contemplen les necessitats de cada col\u00b7lectiu i estan pensades perqu\u00e8 siguin aplicables al dia a dia.<\/p>\n<p>\u00c9s el cas, per exemple, del curs \u201cComunicaci\u00f3 amb el pacient en atenci\u00f3 prim\u00e0ria\u201d, \u201cTallers de bones pr\u00e0ctiques de distribuci\u00f3 de medicaments\u201d i \u201cAn\u00e0lisis cl\u00edniques: cap pregunta sense resposta\u201d. Aquest \u00faltim introdueix una nova metodologia que consisteix a crear la formaci\u00f3 a partir de les q\u00fcestions que facin arribar els farmac\u00e8utics.<\/p>\n<p>Intercanvi d\u2019experi\u00e8ncies<br \/>\nFomentar la interacci\u00f3 entre els diferents \u00e0mbits d\u2019exercici \u00e9s una altra de les caracter\u00edstiques del programa formatiu. En aquest sentit, es potencia la transversalitat de continguts, professors i ponents i el treball multidisciplinari. Tot plegat, per aprendre de companys i compartir coneixements i aprenentatges a trav\u00e9s dels elements de comunicaci\u00f3 presents a les aules f\u00edsiques i virtuals.<\/p>\n<p>L\u2019intercanvi d\u2019experi\u00e8ncies el trobem, per exemple, en les tert\u00falies d\u2019actualitat que peri\u00f2dicament es realitzen al Col\u00b7legi o en cursos impartits per equips multidisciplinaris i dirigits a farmac\u00e8utics de diferents \u00e0mbits d\u2019exercici, com \u00e9s el cas d\u2019\u201cAtenci\u00f3 farmac\u00e8utica comunit\u00e0ria a pacients amb c\u00e0ncer\u201d.<\/p>\n<p>Formaci\u00f3 de qualitat<br \/>\nAl programa formatiu trobem, d\u2019una banda, cursos consolidats despr\u00e9s d\u2019anys d\u2019\u00e8xit, com \u201cNutrici\u00f3 i esport\u201d, \u201cActuaci\u00f3 farmac\u00e8utica en nutrici\u00f3 artificial\u201d i \u201cIndicaci\u00f3 i casos pr\u00e0ctics en complements alimentosos\u201d, que permetran que els farmac\u00e8utics es formin en camps en els quals el COFB t\u00e9 una llarga traject\u00f2ria.<\/p>\n<p>D\u2019altra banda, cursos com \u201cInteraccions, m\u00e9s enll\u00e0 del medicament\u201d, \u201cOrtop\u00e8dia esportiva\u201d, \u201cProblemes de la pell en patologies no dermatol\u00f2giques\u201d i \u201cGesti\u00f3 del pacient ob\u00e8s amb diabetis\u201d, que enguany s\u2019imparteixen per primera vegada i es basen en les darreres tend\u00e8ncies del sector de la professi\u00f3. Tamb\u00e9 s\u2019ha impulsat un cicle de confer\u00e8ncies al voltant dels programes de reducci\u00f3 de danys entre els quals es troben el de detecci\u00f3 preco\u00e7 del VIH, el de manteniment amb metadona i el d\u2019intercanvi de xeringues.<\/p>\n<p>La formaci\u00f3 del COFB en xifres<\/p>\n<p>El programa formatiu 2018-2019 comptar\u00e0 amb m\u00e9s de 150 activitats formatives (103 presencials i 49 online a trav\u00e9s de la intranet col\u00b7legial i del portal \u00c0gora Sanit\u00e0ria), de les quals 55 s\u00f3n noves.<\/p>\n<p>Tamb\u00e9 s\u2019ha continuat l\u2019aposta per oferir cursos amb webinar \u2013 de moment, n\u2019hi ha 7 de programats-, i amb bonificaci\u00f3 \u2013en total 39-, en el marc dels quals el Col\u00b7legi s\u2019encarrega de fer els tr\u00e0mits necessaris perqu\u00e8 el farmac\u00e8utic tingui l\u2019oportunitat de recuperar la quota de formaci\u00f3 que paga per als seus treballadors.<\/p>\n<p>D\u2019altra banda, gr\u00e0cies als acords amb la ind\u00fastria farmac\u00e8utica, s&#8217;aconsegueixen fer m\u00e9s accessibles algunes de les formacions a trav\u00e9s del seu patrocini, ja que hi ha descomptes en el cost d\u2019inscripci\u00f3 o, fins i tot, en alguns casos, s\u00f3n gratu\u00eftes.<\/p>\n<p>Novetats impulsades des del COFB<\/p>\n<p>M\u00e9s enll\u00e0 del programa, el COFB ha impulsat tres novetats per tal de millorar l\u2019entorn formatiu del col\u00b7legiat. En primer lloc, la inauguraci\u00f3 d\u2019una nova aula, amb capacitat per a m\u00e9s de 80 persones, que aportar\u00e0 un nou espai de f\u00e0cil acc\u00e9s, amb tota la tecnologia per gaudir de les activitats formatives i informatives que es duguin a terme.<\/p>\n<p>En segon lloc, l\u2019ampliaci\u00f3 del perfil formatiu que cada farmac\u00e8utic t\u00e9 a la intranet col\u00b7legial. Aquest espai, que permet tenir el registre curricular de les activitats de formaci\u00f3 continuada dutes a terme al COFB, facilitant que cada professional disposi de la seva \u00e0rea privada dels cursos realitzats, inclour\u00e0 tamb\u00e9 la documentaci\u00f3 dels cursos. A m\u00e9s, s\u2019han desenvolupat millores en el cercador de cursos i en la seva indexaci\u00f3 per facilitar al m\u00e0xim que l\u2019alumne trobi r\u00e0pidament aquells cursos que li poden interessar.<\/p>\n<p>D\u2019altra banda, tamb\u00e9 s\u2019ha estrenat l\u2019aula virtual en la gesti\u00f3 del M\u00e0ster de Gesti\u00f3 de l\u2019Oficina de Farm\u00e0cia (MGOF) i del Programa Dermoexpert. L\u2019aula virtual \u00e9s l\u2019espai d\u2019interacci\u00f3 entre els alumnes, el professorat i la instituci\u00f3 col\u00b7legial on els alumnes poden trobar la documentaci\u00f3 i informaci\u00f3 necess\u00e0ria per a seguir l\u2019activitat formativa.<\/p>\n<p>Per a m\u00e9s informaci\u00f3:<\/p>\n<p>Departament de Comunicaci\u00f3 del COFB<\/p>\n<p>Tel\u00e8fon: 93 244 07 28 \/ 18<\/p>\n<p>premsa@cofb.net\u00a0\u00a0COFB.ORG<\/p>\n","protected":false},"excerpt":{"rendered":"<p>\u00a0 El COFB ha presentat el nou programa formatiu, que consolida l\u2019aposta per la innovaci\u00f3, l\u2019intercanvi d\u2019experi\u00e8ncies i l\u2019oferta de cursos i activitats per als farmac\u00e8utics que treballen en diversos \u00e0mbits d\u2019exercici La proposta formativa combina cursos que ja fa anys que s\u2019imparteixen i tenen molt bona acollida amb noves [&hellip;]<\/p>\n","protected":false},"author":1,"featured_media":0,"comment_status":"","ping_status":"","sticky":false,"template":"","format":"standard","meta":{"_uag_custom_page_level_css":"","site-sidebar-layout":"default","site-content-layout":"","ast-site-content-layout":"default","site-content-style":"default","site-sidebar-style":"default","ast-global-header-display":"","ast-banner-title-visibility":"","ast-main-header-display":"","ast-hfb-above-header-display":"","ast-hfb-below-header-display":"","ast-hfb-mobile-header-display":"","site-post-title":"","ast-breadcrumbs-content":"","ast-featured-img":"disabled","footer-sml-layout":"","theme-transparent-header-meta":"","adv-header-id-meta":"","stick-header-meta":"","header-above-stick-meta":"","header-main-stick-meta":"","header-below-stick-meta":"","astra-migrate-meta-layouts":"default","ast-page-background-enabled":"default","ast-page-background-meta":{"desktop":{"background-color":"var(--ast-global-color-4)","background-image":"","background-repeat":"repeat","background-position":"center center","background-size":"auto","background-attachment":"scroll","background-type":"","background-media":"","overlay-type":"","overlay-color":"","overlay-opacity":"","overlay-gradient":""},"tablet":{"background-color":"","background-image":"","background-repeat":"repeat","background-position":"center center","background-size":"auto","background-attachment":"scroll","background-type":"","background-media":"","overlay-type":"","overlay-color":"","overlay-opacity":"","overlay-gradient":""},"mobile":{"background-color":"","background-image":"","background-repeat":"repeat","background-position":"center center","background-size":"auto","background-attachment":"scroll","background-type":"","background-media":"","overlay-type":"","overlay-color":"","overlay-opacity":"","overlay-gradient":""}},"ast-content-background-meta":{"desktop":{"background-color":"var(--ast-global-color-5)","background-image":"","background-repeat":"repeat","background-position":"center center","background-size":"auto","background-attachment":"scroll","background-type":"","background-media":"","overlay-type":"","overlay-color":"","overlay-opacity":"","overlay-gradient":""},"tablet":{"background-color":"var(--ast-global-color-5)","background-image":"","background-repeat":"repeat","background-position":"center center","background-size":"auto","background-attachment":"scroll","background-type":"","background-media":"","overlay-type":"","overlay-color":"","overlay-opacity":"","overlay-gradient":""},"mobile":{"background-color":"var(--ast-global-color-5)","background-image":"","background-repeat":"repeat","background-position":"center center","background-size":"auto","background-attachment":"scroll","background-type":"","background-media":"","overlay-type":"","overlay-color":"","overlay-opacity":"","overlay-gradient":""}},"footnotes":""},"categories":[1060,1066],"tags":[],"class_list":["post-77255","post","type-post","status-publish","format-standard","hentry","category-notes-premsa","category-sense-categoria-ca"],"yoast_head":"<!-- This site is optimized with the Yoast SEO plugin v22.4 - https:\/\/yoast.com\/wordpress\/plugins\/seo\/ -->\n<title>El COF de Barcelona inaugura el programa formatiu 2018-2019 amb m\u00e9s de 150 activitats en cartera - Col\u00b7legi de Farmac\u00e8utics de Barcelona<\/title>\n<meta name=\"robots\" content=\"index, follow, max-snippet:-1, max-image-preview:large, max-video-preview:-1\" \/>\n<link rel=\"canonical\" href=\"https:\/\/novaorg.cofb.net\/2018\/10\/15\/el-cof-de-barcelona-inaugura-el-programa-formatiu-2018-2019-amb-mes-de-150-activitats-en-cartera\/\" \/>\n<meta property=\"og:locale\" content=\"ca_ES\" \/>\n<meta property=\"og:type\" content=\"article\" \/>\n<meta property=\"og:title\" content=\"El COF de Barcelona inaugura el programa formatiu 2018-2019 amb m\u00e9s de 150 activitats en cartera - Col\u00b7legi de Farmac\u00e8utics de Barcelona\" \/>\n<meta property=\"og:description\" content=\"\u00a0 El COFB ha presentat el nou programa formatiu, que consolida l\u2019aposta per la innovaci\u00f3, l\u2019intercanvi d\u2019experi\u00e8ncies i l\u2019oferta de cursos i activitats per als farmac\u00e8utics que treballen en diversos \u00e0mbits d\u2019exercici La proposta formativa combina cursos que ja fa anys que s\u2019imparteixen i tenen molt bona acollida amb noves [&hellip;]\" \/>\n<meta property=\"og:url\" content=\"https:\/\/novaorg.cofb.net\/2018\/10\/15\/el-cof-de-barcelona-inaugura-el-programa-formatiu-2018-2019-amb-mes-de-150-activitats-en-cartera\/\" \/>\n<meta property=\"og:site_name\" content=\"Col\u00b7legi de Farmac\u00e8utics de Barcelona\" \/>\n<meta property=\"article:publisher\" content=\"https:\/\/www.facebook.com\/farmaceuticsbcn\/\" \/>\n<meta property=\"article:published_time\" content=\"2018-10-15T11:28:00+00:00\" \/>\n<meta name=\"author\" content=\"wpAdminCofbOrg\" \/>\n<meta name=\"twitter:card\" content=\"summary_large_image\" \/>\n<meta name=\"twitter:creator\" content=\"@farmaceuticsbcn\" \/>\n<meta name=\"twitter:site\" content=\"@farmaceuticsbcn\" \/>\n<meta name=\"twitter:label1\" content=\"Escrit per\" \/>\n\t<meta name=\"twitter:data1\" content=\"wpAdminCofbOrg\" \/>\n\t<meta name=\"twitter:label2\" content=\"Temps estimat de lectura\" \/>\n\t<meta name=\"twitter:data2\" content=\"12 minuts\" \/>\n<script type=\"application\/ld+json\" class=\"yoast-schema-graph\">{\"@context\":\"https:\/\/schema.org\",\"@graph\":[{\"@type\":\"Article\",\"@id\":\"https:\/\/novaorg.cofb.net\/2018\/10\/15\/el-cof-de-barcelona-inaugura-el-programa-formatiu-2018-2019-amb-mes-de-150-activitats-en-cartera\/#article\",\"isPartOf\":{\"@id\":\"https:\/\/novaorg.cofb.net\/2018\/10\/15\/el-cof-de-barcelona-inaugura-el-programa-formatiu-2018-2019-amb-mes-de-150-activitats-en-cartera\/\"},\"author\":{\"name\":\"wpAdminCofbOrg\",\"@id\":\"https:\/\/www.cofb.org\/#\/schema\/person\/22ed7eea88da74b0fa4d3154ad87ffcb\"},\"headline\":\"El COF de Barcelona inaugura el programa formatiu 2018-2019 amb m\u00e9s de 150 activitats en cartera\",\"datePublished\":\"2018-10-15T11:28:00+00:00\",\"dateModified\":\"2018-10-15T11:28:00+00:00\",\"mainEntityOfPage\":{\"@id\":\"https:\/\/novaorg.cofb.net\/2018\/10\/15\/el-cof-de-barcelona-inaugura-el-programa-formatiu-2018-2019-amb-mes-de-150-activitats-en-cartera\/\"},\"wordCount\":2504,\"publisher\":{\"@id\":\"https:\/\/www.cofb.org\/#organization\"},\"articleSection\":[\"Notes de premsa\"],\"inLanguage\":\"ca\"},{\"@type\":\"WebPage\",\"@id\":\"https:\/\/novaorg.cofb.net\/2018\/10\/15\/el-cof-de-barcelona-inaugura-el-programa-formatiu-2018-2019-amb-mes-de-150-activitats-en-cartera\/\",\"url\":\"https:\/\/novaorg.cofb.net\/2018\/10\/15\/el-cof-de-barcelona-inaugura-el-programa-formatiu-2018-2019-amb-mes-de-150-activitats-en-cartera\/\",\"name\":\"El COF de Barcelona inaugura el programa formatiu 2018-2019 amb m\u00e9s de 150 activitats en cartera - Col\u00b7legi de Farmac\u00e8utics de Barcelona\",\"isPartOf\":{\"@id\":\"https:\/\/www.cofb.org\/#website\"},\"datePublished\":\"2018-10-15T11:28:00+00:00\",\"dateModified\":\"2018-10-15T11:28:00+00:00\",\"breadcrumb\":{\"@id\":\"https:\/\/novaorg.cofb.net\/2018\/10\/15\/el-cof-de-barcelona-inaugura-el-programa-formatiu-2018-2019-amb-mes-de-150-activitats-en-cartera\/#breadcrumb\"},\"inLanguage\":\"ca\",\"potentialAction\":[{\"@type\":\"ReadAction\",\"target\":[\"https:\/\/novaorg.cofb.net\/2018\/10\/15\/el-cof-de-barcelona-inaugura-el-programa-formatiu-2018-2019-amb-mes-de-150-activitats-en-cartera\/\"]}]},{\"@type\":\"BreadcrumbList\",\"@id\":\"https:\/\/novaorg.cofb.net\/2018\/10\/15\/el-cof-de-barcelona-inaugura-el-programa-formatiu-2018-2019-amb-mes-de-150-activitats-en-cartera\/#breadcrumb\",\"itemListElement\":[{\"@type\":\"ListItem\",\"position\":1,\"name\":\"Inici\",\"item\":\"https:\/\/novaorg.cofb.net\/\"},{\"@type\":\"ListItem\",\"position\":2,\"name\":\"El COF de Barcelona inaugura el programa formatiu 2018-2019 amb m\u00e9s de 150 activitats en cartera\"}]},{\"@type\":\"WebSite\",\"@id\":\"https:\/\/www.cofb.org\/#website\",\"url\":\"https:\/\/www.cofb.org\/\",\"name\":\"Col\u00b7legi de Farmac\u00e8utics de Barcelona\",\"description\":\"\",\"publisher\":{\"@id\":\"https:\/\/www.cofb.org\/#organization\"},\"potentialAction\":[{\"@type\":\"SearchAction\",\"target\":{\"@type\":\"EntryPoint\",\"urlTemplate\":\"https:\/\/www.cofb.org\/?s={search_term_string}\"},\"query-input\":\"required name=search_term_string\"}],\"inLanguage\":\"ca\"},{\"@type\":\"Organization\",\"@id\":\"https:\/\/www.cofb.org\/#organization\",\"name\":\"Col\u00b7legi de Farmac\u00e8utics de Barcelona\",\"url\":\"https:\/\/www.cofb.org\/\",\"logo\":{\"@type\":\"ImageObject\",\"inLanguage\":\"ca\",\"@id\":\"https:\/\/www.cofb.org\/#\/schema\/logo\/image\/\",\"url\":\"https:\/\/www.cofb.org\/wp-content\/uploads\/2023\/11\/cropped-Logotip-COFB.png\",\"contentUrl\":\"https:\/\/www.cofb.org\/wp-content\/uploads\/2023\/11\/cropped-Logotip-COFB.png\",\"width\":500,\"height\":105,\"caption\":\"Col\u00b7legi de Farmac\u00e8utics de Barcelona\"},\"image\":{\"@id\":\"https:\/\/www.cofb.org\/#\/schema\/logo\/image\/\"},\"sameAs\":[\"https:\/\/www.facebook.com\/farmaceuticsbcn\/\",\"https:\/\/twitter.com\/farmaceuticsbcn\",\"https:\/\/www.instagram.com\/farmaceuticsbcn\/\",\"https:\/\/www.linkedin.com\/company\/farmaceuticsbcn\/\"]},{\"@type\":\"Person\",\"@id\":\"https:\/\/www.cofb.org\/#\/schema\/person\/22ed7eea88da74b0fa4d3154ad87ffcb\",\"name\":\"wpAdminCofbOrg\",\"image\":{\"@type\":\"ImageObject\",\"inLanguage\":\"ca\",\"@id\":\"https:\/\/www.cofb.org\/#\/schema\/person\/image\/\",\"url\":\"https:\/\/secure.gravatar.com\/avatar\/1721b20b3b8ca882c3b56ec6c978c594fff670e40c0718e9190eaeeb76aae7d8?s=96&d=mm&r=g\",\"contentUrl\":\"https:\/\/secure.gravatar.com\/avatar\/1721b20b3b8ca882c3b56ec6c978c594fff670e40c0718e9190eaeeb76aae7d8?s=96&d=mm&r=g\",\"caption\":\"wpAdminCofbOrg\"},\"sameAs\":[\"http:\/\/192.168.64.122\/wordpress\"],\"url\":\"https:\/\/www.cofb.org\/ca\/author\/wpadmincofborg\/\"}]}<\/script>\n<!-- \/ Yoast SEO plugin. -->","yoast_head_json":{"title":"El COF de Barcelona inaugura el programa formatiu 2018-2019 amb m\u00e9s de 150 activitats en cartera - Col\u00b7legi de Farmac\u00e8utics de Barcelona","robots":{"index":"index","follow":"follow","max-snippet":"max-snippet:-1","max-image-preview":"max-image-preview:large","max-video-preview":"max-video-preview:-1"},"canonical":"https:\/\/novaorg.cofb.net\/2018\/10\/15\/el-cof-de-barcelona-inaugura-el-programa-formatiu-2018-2019-amb-mes-de-150-activitats-en-cartera\/","og_locale":"ca_ES","og_type":"article","og_title":"El COF de Barcelona inaugura el programa formatiu 2018-2019 amb m\u00e9s de 150 activitats en cartera - Col\u00b7legi de Farmac\u00e8utics de Barcelona","og_description":"\u00a0 El COFB ha presentat el nou programa formatiu, que consolida l\u2019aposta per la innovaci\u00f3, l\u2019intercanvi d\u2019experi\u00e8ncies i l\u2019oferta de cursos i activitats per als farmac\u00e8utics que treballen en diversos \u00e0mbits d\u2019exercici La proposta formativa combina cursos que ja fa anys que s\u2019imparteixen i tenen molt bona acollida amb noves [&hellip;]","og_url":"https:\/\/novaorg.cofb.net\/2018\/10\/15\/el-cof-de-barcelona-inaugura-el-programa-formatiu-2018-2019-amb-mes-de-150-activitats-en-cartera\/","og_site_name":"Col\u00b7legi de Farmac\u00e8utics de Barcelona","article_publisher":"https:\/\/www.facebook.com\/farmaceuticsbcn\/","article_published_time":"2018-10-15T11:28:00+00:00","author":"wpAdminCofbOrg","twitter_card":"summary_large_image","twitter_creator":"@farmaceuticsbcn","twitter_site":"@farmaceuticsbcn","twitter_misc":{"Escrit per":"wpAdminCofbOrg","Temps estimat de lectura":"12 minuts"},"schema":{"@context":"https:\/\/schema.org","@graph":[{"@type":"Article","@id":"https:\/\/novaorg.cofb.net\/2018\/10\/15\/el-cof-de-barcelona-inaugura-el-programa-formatiu-2018-2019-amb-mes-de-150-activitats-en-cartera\/#article","isPartOf":{"@id":"https:\/\/novaorg.cofb.net\/2018\/10\/15\/el-cof-de-barcelona-inaugura-el-programa-formatiu-2018-2019-amb-mes-de-150-activitats-en-cartera\/"},"author":{"name":"wpAdminCofbOrg","@id":"https:\/\/www.cofb.org\/#\/schema\/person\/22ed7eea88da74b0fa4d3154ad87ffcb"},"headline":"El COF de Barcelona inaugura el programa formatiu 2018-2019 amb m\u00e9s de 150 activitats en cartera","datePublished":"2018-10-15T11:28:00+00:00","dateModified":"2018-10-15T11:28:00+00:00","mainEntityOfPage":{"@id":"https:\/\/novaorg.cofb.net\/2018\/10\/15\/el-cof-de-barcelona-inaugura-el-programa-formatiu-2018-2019-amb-mes-de-150-activitats-en-cartera\/"},"wordCount":2504,"publisher":{"@id":"https:\/\/www.cofb.org\/#organization"},"articleSection":["Notes de premsa"],"inLanguage":"ca"},{"@type":"WebPage","@id":"https:\/\/novaorg.cofb.net\/2018\/10\/15\/el-cof-de-barcelona-inaugura-el-programa-formatiu-2018-2019-amb-mes-de-150-activitats-en-cartera\/","url":"https:\/\/novaorg.cofb.net\/2018\/10\/15\/el-cof-de-barcelona-inaugura-el-programa-formatiu-2018-2019-amb-mes-de-150-activitats-en-cartera\/","name":"El COF de Barcelona inaugura el programa formatiu 2018-2019 amb m\u00e9s de 150 activitats en cartera - Col\u00b7legi de Farmac\u00e8utics de Barcelona","isPartOf":{"@id":"https:\/\/www.cofb.org\/#website"},"datePublished":"2018-10-15T11:28:00+00:00","dateModified":"2018-10-15T11:28:00+00:00","breadcrumb":{"@id":"https:\/\/novaorg.cofb.net\/2018\/10\/15\/el-cof-de-barcelona-inaugura-el-programa-formatiu-2018-2019-amb-mes-de-150-activitats-en-cartera\/#breadcrumb"},"inLanguage":"ca","potentialAction":[{"@type":"ReadAction","target":["https:\/\/novaorg.cofb.net\/2018\/10\/15\/el-cof-de-barcelona-inaugura-el-programa-formatiu-2018-2019-amb-mes-de-150-activitats-en-cartera\/"]}]},{"@type":"BreadcrumbList","@id":"https:\/\/novaorg.cofb.net\/2018\/10\/15\/el-cof-de-barcelona-inaugura-el-programa-formatiu-2018-2019-amb-mes-de-150-activitats-en-cartera\/#breadcrumb","itemListElement":[{"@type":"ListItem","position":1,"name":"Inici","item":"https:\/\/novaorg.cofb.net\/"},{"@type":"ListItem","position":2,"name":"El COF de Barcelona inaugura el programa formatiu 2018-2019 amb m\u00e9s de 150 activitats en cartera"}]},{"@type":"WebSite","@id":"https:\/\/www.cofb.org\/#website","url":"https:\/\/www.cofb.org\/","name":"Col\u00b7legi de Farmac\u00e8utics de Barcelona","description":"","publisher":{"@id":"https:\/\/www.cofb.org\/#organization"},"potentialAction":[{"@type":"SearchAction","target":{"@type":"EntryPoint","urlTemplate":"https:\/\/www.cofb.org\/?s={search_term_string}"},"query-input":"required name=search_term_string"}],"inLanguage":"ca"},{"@type":"Organization","@id":"https:\/\/www.cofb.org\/#organization","name":"Col\u00b7legi de Farmac\u00e8utics de Barcelona","url":"https:\/\/www.cofb.org\/","logo":{"@type":"ImageObject","inLanguage":"ca","@id":"https:\/\/www.cofb.org\/#\/schema\/logo\/image\/","url":"https:\/\/www.cofb.org\/wp-content\/uploads\/2023\/11\/cropped-Logotip-COFB.png","contentUrl":"https:\/\/www.cofb.org\/wp-content\/uploads\/2023\/11\/cropped-Logotip-COFB.png","width":500,"height":105,"caption":"Col\u00b7legi de Farmac\u00e8utics de Barcelona"},"image":{"@id":"https:\/\/www.cofb.org\/#\/schema\/logo\/image\/"},"sameAs":["https:\/\/www.facebook.com\/farmaceuticsbcn\/","https:\/\/twitter.com\/farmaceuticsbcn","https:\/\/www.instagram.com\/farmaceuticsbcn\/","https:\/\/www.linkedin.com\/company\/farmaceuticsbcn\/"]},{"@type":"Person","@id":"https:\/\/www.cofb.org\/#\/schema\/person\/22ed7eea88da74b0fa4d3154ad87ffcb","name":"wpAdminCofbOrg","image":{"@type":"ImageObject","inLanguage":"ca","@id":"https:\/\/www.cofb.org\/#\/schema\/person\/image\/","url":"https:\/\/secure.gravatar.com\/avatar\/1721b20b3b8ca882c3b56ec6c978c594fff670e40c0718e9190eaeeb76aae7d8?s=96&d=mm&r=g","contentUrl":"https:\/\/secure.gravatar.com\/avatar\/1721b20b3b8ca882c3b56ec6c978c594fff670e40c0718e9190eaeeb76aae7d8?s=96&d=mm&r=g","caption":"wpAdminCofbOrg"},"sameAs":["http:\/\/192.168.64.122\/wordpress"],"url":"https:\/\/www.cofb.org\/ca\/author\/wpadmincofborg\/"}]}},"uagb_featured_image_src":{"full":false,"thumbnail":false,"medium":false,"medium_large":false,"large":false,"1536x1536":false,"2048x2048":false,"trp-custom-language-flag":false},"uagb_author_info":{"display_name":"wpAdminCofbOrg","author_link":"https:\/\/www.cofb.org\/ca\/author\/wpadmincofborg\/"},"uagb_comment_info":0,"uagb_excerpt":"\u00a0 El COFB ha presentat el nou programa formatiu, que consolida l\u2019aposta per la innovaci\u00f3, l\u2019intercanvi d\u2019experi\u00e8ncies i l\u2019oferta de cursos i activitats per als farmac\u00e8utics que treballen en diversos \u00e0mbits d\u2019exercici La proposta formativa combina cursos que ja fa anys que s\u2019imparteixen i tenen molt bona acollida amb noves [&hellip;]","_links":{"self":[{"href":"https:\/\/www.cofb.org\/ca\/wp-json\/wp\/v2\/posts\/77255","targetHints":{"allow":["GET"]}}],"collection":[{"href":"https:\/\/www.cofb.org\/ca\/wp-json\/wp\/v2\/posts"}],"about":[{"href":"https:\/\/www.cofb.org\/ca\/wp-json\/wp\/v2\/types\/post"}],"author":[{"embeddable":true,"href":"https:\/\/www.cofb.org\/ca\/wp-json\/wp\/v2\/users\/1"}],"replies":[{"embeddable":true,"href":"https:\/\/www.cofb.org\/ca\/wp-json\/wp\/v2\/comments?post=77255"}],"version-history":[{"count":0,"href":"https:\/\/www.cofb.org\/ca\/wp-json\/wp\/v2\/posts\/77255\/revisions"}],"wp:attachment":[{"href":"https:\/\/www.cofb.org\/ca\/wp-json\/wp\/v2\/media?parent=77255"}],"wp:term":[{"taxonomy":"category","embeddable":true,"href":"https:\/\/www.cofb.org\/ca\/wp-json\/wp\/v2\/categories?post=77255"},{"taxonomy":"post_tag","embeddable":true,"href":"https:\/\/www.cofb.org\/ca\/wp-json\/wp\/v2\/tags?post=77255"}],"curies":[{"name":"wp","href":"https:\/\/api.w.org\/{rel}","templated":true}]}}