{"id":77254,"date":"2018-10-22T11:02:00","date_gmt":"2018-10-22T11:02:00","guid":{"rendered":"https:\/\/novaorg.cofb.net\/2018\/10\/22\/el-cof-de-barcelona-inaugura-la-segona-edicio-del-programa-dermoexpert-per-facilitar-als-farmaceutics-lespecialitzacio-en-dermofarmacia\/"},"modified":"2018-10-22T11:02:00","modified_gmt":"2018-10-22T11:02:00","slug":"el-cof-de-barcelona-inaugura-la-segona-edicio-del-programa-dermoexpert-per-facilitar-als-farmaceutics-lespecialitzacio-en-dermofarmacia","status":"publish","type":"post","link":"https:\/\/www.cofb.org\/ca\/2018\/10\/22\/el-cof-de-barcelona-inaugura-la-segona-edicio-del-programa-dermoexpert-per-facilitar-als-farmaceutics-lespecialitzacio-en-dermofarmacia\/","title":{"rendered":"El COF de Barcelona inaugura la segona edici\u00f3 del Programa Dermoexpert per facilitar als farmac\u00e8utics l&#8217;especialitzaci\u00f3 en dermofarm\u00e0cia"},"content":{"rendered":"<p>\u00a0<\/p>\n<ul>\n<li>\u00a0Es tracta d\u2019un\u00a0<strong>programa dirigit a farmac\u00e8utics comunitaris<\/strong>\u00a0i\u00a0<strong>impartit per un equip multidisciplinari de docents especialistes en dermofarm\u00e0cia i dermatologia<\/strong><\/li>\n<li>Durant la inauguraci\u00f3 de la segona edici\u00f3 del programa, N\u00faria Bosch, vicepresidenta del COFB, va ressaltar la\u00a0<strong>import\u00e0ncia de la formaci\u00f3 en aquest camp\u00a0<\/strong>per poder\u00a0<strong>donar un consell adequat a les diverses consultes sobre aquesta \u00e0rea que reben les oficines de farm\u00e0cia<\/strong><\/li>\n<\/ul>\n<p><em>Barcelona, 22 d\u2019octubre de 2018.<\/em>\u00a0Per segon any consecutiu,\u00a0<strong>el Col\u00b7legi de Farmac\u00e8utics de Barcelona (COFB)<\/strong>\u00a0<strong>ofereix el Programa Dermoexpert<\/strong>, una formaci\u00f3 espec\u00edfica dirigida a farmac\u00e8utics comunitaris que volen especialitzar-se en l\u2019actuaci\u00f3 farmac\u00e8utica en dermofarm\u00e0cia.<\/p>\n<p>L\u2019acte d\u2019inauguraci\u00f3 va comptar amb les intervencions de\u00a0<strong>N\u00faria Bosch<\/strong>, vicepresidenta del COFB;\u00a0<strong>Eul\u00e0lia Mateu<\/strong>, directora del Programa Dermoexpert; juntament amb les coordinadores d\u2019aquesta formaci\u00f3,\u00a0<strong>Aina Surroca<\/strong>, vocal del COFB i responsable de la Comissi\u00f3 Delegada de Formaci\u00f3 Continuada, i\u00a0<strong>Marta Alcalde<\/strong>, vocal de Dermofarm\u00e0cia i Productes Sanitaris.<\/p>\n<p><u><strong>Qu\u00e8 aporta el Programa Dermoexpert?<\/strong><\/u><br \/>\nN\u00faria Bosch va destacar que la voluntat del COFB \u00e9s\u00a0<strong>fer \u00fatil per a tots els farmac\u00e8utics el Col\u00b7legi\u00a0<\/strong>i va ressaltar\u00a0<strong>la import\u00e0ncia de la formaci\u00f3 per poder donar un consell farmac\u00e8utic adequat\u00a0<\/strong>a les diverses<strong>\u00a0consultes dermatol\u00f2giques<\/strong>\u00a0que reben les\u00a0<strong>oficines de farm\u00e0cia<\/strong>. \u201cEl programa Dermoexpert us donar\u00e0 les\u00a0<strong>eines necess\u00e0ries per poder donar un molt bon consell des de les oficines de farm\u00e0cia<\/strong>, ja que\u00a0<strong>\u00e9s un curs fet a mida per la farm\u00e0cia comunit\u00e0ria\u201d<\/strong>. En la mateixa l\u00ednia, Aina Surroca va afirmar que\u00a0<strong>\u201cla dermofarm\u00e0cia \u00e9s un camp en el qual podem incidir molt\u00edssim des de l\u2019oficina de farm\u00e0cia\u201d\u00a0<\/strong>i va exposar que\u00a0<strong>la formaci\u00f3 \u00e9s una de les l\u00ednies estrat\u00e8giques del COFB\u00a0<\/strong>i que enguany els 3 eixos principals del programa formatiu s\u00f3n<strong>\u00a0\u201cla innovaci\u00f3, la transversalitat i la voluntat donar resposta a les necessitats de tots els col\u00b7legiats\u201d.<\/strong><\/p>\n<p>Tot seguit, Marta Alcalde, vocal de Dermofarm\u00e0cia i Productes Sanitaris del COFB, va posar \u00e8mfasi, d\u2019una banda, en l\u2019<strong>equip docent del programa<\/strong>\u00a0\u201cformat per\u00a0<strong>farmac\u00e8utics comunitaris, dermat\u00f2legs i altres especialistes<\/strong>, atents a totes les aportacions i propostes que vulguin fer els alumnes\u201d i, d\u2019altra banda, en el F\u00f2rum Dermoexpert \u2013el\u00a0<strong>cicle de confer\u00e8ncies\u00a0<\/strong>associat al Programa- que \u201cno deixa de ser un\u00a0<strong>espai de debat i d\u2019intercanvi de coneixements\u00a0<\/strong>al voltant d\u2019aquesta \u00e0rea\u201d. Finalment,\u00a0<strong>Eul\u00e0lia Mateu<\/strong>\u00a0va destacar l\u2019<strong>\u00e8xit de la primera edici\u00f3 del programa<\/strong>. \u201cVa ser una\u00a0<strong>edici\u00f3 molt profitosa<\/strong>\u00a0en qu\u00e8 es va assolir l\u2019objectiu d\u2019aconseguir\u00a0<strong>que els alumnes fossin experts i referents en dermofarm\u00e0cia, una \u00e0rea de futur i que genera molt inter\u00e8s<\/strong>\u201d.<\/p>\n<p><u><strong>Estructura del Programa\u00a0<\/strong><\/u><br \/>\nEl Programa consta de\u00a0<strong>3 m\u00f2duls te\u00f2rics\u00a0<\/strong>i un\u00a0<strong>projecte final Dermoexpert<\/strong>, en el qual els estudiants han de realitzar un\u00a0<strong>estudi de l\u2019estat de la categoria cosm\u00e8tica a la seva farm\u00e0cia<\/strong>i, a partir dels aspectes tractats al curs, establir estrat\u00e8gies de millora. D\u2019aquesta manera, els alumnes poden\u00a0<strong>aplicar els coneixements apresos durant el programa a la seva farm\u00e0cia i implantar-hi millores que potenci\u00efn el camp de la cosm\u00e8tica i la dermofarm\u00e0cia.<\/strong><\/p>\n<p>El primer m\u00f2dul es titula\u00a0<strong>\u201cPell i cosm\u00e8tica. Conceptes clau per una bona actuaci\u00f3 farmac\u00e8utica en dermofarm\u00e0cia\u201d\u00a0<\/strong>i aborda temes com els\u00a0<strong>canvis que experimenta la pell al llarg de la vida i aspectes al voltant dels cosm\u00e8tics, com ara la legislaci\u00f3 actual, composici\u00f3, investigaci\u00f3, efic\u00e0cia i seguretat, entre d\u2019altres.<\/strong>\u00a0Al segon m\u00f2dul, titulat\u00a0<strong>\u201cEls productes dermofarmac\u00e8utics. Dermocosm\u00e8tica en les diferents etapes de la vida\u201d,<\/strong>s\u2019aprofundeix en els\u00a0<strong>consells i productes per una pell, cabells i mucoses sans<\/strong>\u00a0i en els tipus de productes adequats per les\u00a0<strong>patologies cut\u00e0nies o les situacions especials<\/strong>. Finalment, l\u2019\u00faltim bloc es basa en el\u00a0<strong>m\u00e0rqueting i la gesti\u00f3 per categories en dermofarm\u00e0cia.<\/strong><\/p>\n<p><u><strong>Ampliaci\u00f3 de l\u2019oferta formativa del COFB<\/strong><\/u><br \/>\nAmb la seva estrena dins l\u2019oferta formativa del curs 2017-2018, el Programa Dermoexpert va permetre\u00a0<strong>augmentar el ventall de programes d\u2019especialitzaci\u00f3\u00a0<\/strong>del Col\u00b7legi, que fins aleshores estava format pel\u00a0<strong>M\u00e0ster de Gesti\u00f3 de l\u2019Oficina de Farm\u00e0cia (MGOF)\u00a0<\/strong>i el\u00a0<strong>M\u00e0ster d\u2019Ortop\u00e8dia<\/strong>, organitzat conjuntament amb la Facultat de Farm\u00e0cia i Ci\u00e8ncies de l\u2019Alimentaci\u00f3 de la Universitat de Barcelona (UB).<\/p>\n<p><strong><u>Un camp amb molta projecci\u00f3 de futur<\/u><\/strong><br \/>\nLa dermofarm\u00e0cia \u00e9s un camp en qu\u00e8\u00a0<strong>els farmac\u00e8utics poden diferenciar-se i cr\u00e9ixer professionalment<\/strong>, gr\u00e0cies al\u00a0<strong>gran ventall de possibilitats que ofereix<\/strong>. Segons dades de l\u2019Asociaci\u00f3n Nacional de Perfumer\u00eda y Cosm\u00e9tica (STANPA), l\u2019any 2017 el consum de cosm\u00e8tics va augmentar per tercera vegada consecutiva a Espanya, amb un increment del 2,15%. Cada cop m\u00e9s,\u00a0<strong>els consumidors aposten per canals en qu\u00e8 poden rebre assessorament i \u00e9s per aix\u00f2 que, els farmac\u00e8utics, amb una formaci\u00f3 espec\u00edfica i actualitzada com el Programa Dermoexpert, afegida als estudis superiors dels quals ja disposen, poden esdevenir referents en aquesta \u00e0rea.<\/strong><\/p>\n<p>\u00a0<\/p>\n<p><strong>Per a m\u00e9s informaci\u00f3:<\/strong><\/p>\n<p>Departament de Comunicaci\u00f3 del Col\u00b7legi de Farmac\u00e8utics de Barcelona (COFB)<\/p>\n<p><a href=\"mailto:premsa@cofb.net\">premsa@cofb.net<\/a><\/p>\n<p>\u00a0<\/p>\n<p>Tel\u00e8fon: 93 244 07 18\/ 28<\/p>\n<p>\u00a0\u00a0Es tracta d\u2019un\u00a0programa dirigit a farmac\u00e8utics comunitaris\u00a0i\u00a0impartit per un equip multidisciplinari de docents especialistes en dermofarm\u00e0cia i dermatologia<br \/>\n\tDurant la inauguraci\u00f3 de la segona edici\u00f3 del programa, N\u00faria Bosch, vicepresidenta del COFB, va ressaltar la\u00a0import\u00e0ncia de la formaci\u00f3 en aquest camp\u00a0per poder\u00a0donar un consell adequat a les diverses consultes sobre aquesta \u00e0rea que reben les oficines de farm\u00e0cia<\/p>\n<p>Barcelona, 22 d\u2019octubre de 2018.\u00a0Per segon any consecutiu,\u00a0el Col\u00b7legi de Farmac\u00e8utics de Barcelona (COFB)\u00a0ofereix el Programa Dermoexpert, una formaci\u00f3 espec\u00edfica dirigida a farmac\u00e8utics comunitaris que volen especialitzar-se en l\u2019actuaci\u00f3 farmac\u00e8utica en dermofarm\u00e0cia.<\/p>\n<p>L\u2019acte d\u2019inauguraci\u00f3 va comptar amb les intervencions de\u00a0N\u00faria Bosch, vicepresidenta del COFB;\u00a0Eul\u00e0lia Mateu, directora del Programa Dermoexpert; juntament amb les coordinadores d\u2019aquesta formaci\u00f3,\u00a0Aina Surroca, vocal del COFB i responsable de la Comissi\u00f3 Delegada de Formaci\u00f3 Continuada, i\u00a0Marta Alcalde, vocal de Dermofarm\u00e0cia i Productes Sanitaris.<\/p>\n<p>Qu\u00e8 aporta el Programa Dermoexpert?<br \/>\nN\u00faria Bosch va destacar que la voluntat del COFB \u00e9s\u00a0fer \u00fatil per a tots els farmac\u00e8utics el Col\u00b7legi\u00a0i va ressaltar\u00a0la import\u00e0ncia de la formaci\u00f3 per poder donar un consell farmac\u00e8utic adequat\u00a0a les diverses\u00a0consultes dermatol\u00f2giques\u00a0que reben les\u00a0oficines de farm\u00e0cia. \u201cEl programa Dermoexpert us donar\u00e0 les\u00a0eines necess\u00e0ries per poder donar un molt bon consell des de les oficines de farm\u00e0cia, ja que\u00a0\u00e9s un curs fet a mida per la farm\u00e0cia comunit\u00e0ria\u201d. En la mateixa l\u00ednia, Aina Surroca va afirmar que\u00a0\u201cla dermofarm\u00e0cia \u00e9s un camp en el qual podem incidir molt\u00edssim des de l\u2019oficina de farm\u00e0cia\u201d\u00a0i va exposar que\u00a0la formaci\u00f3 \u00e9s una de les l\u00ednies estrat\u00e8giques del COFB\u00a0i que enguany els 3 eixos principals del programa formatiu s\u00f3n\u00a0\u201cla innovaci\u00f3, la transversalitat i la voluntat donar resposta a les necessitats de tots els col\u00b7legiats\u201d.<\/p>\n<p>Tot seguit, Marta Alcalde, vocal de Dermofarm\u00e0cia i Productes Sanitaris del COFB, va posar \u00e8mfasi, d\u2019una banda, en l\u2019equip docent del programa\u00a0\u201cformat per\u00a0farmac\u00e8utics comunitaris, dermat\u00f2legs i altres especialistes, atents a totes les aportacions i propostes que vulguin fer els alumnes\u201d i, d\u2019altra banda, en el F\u00f2rum Dermoexpert \u2013el\u00a0cicle de confer\u00e8ncies\u00a0associat al Programa- que \u201cno deixa de ser un\u00a0espai de debat i d\u2019intercanvi de coneixements\u00a0al voltant d\u2019aquesta \u00e0rea\u201d. Finalment,\u00a0Eul\u00e0lia Mateu\u00a0va destacar l\u2019\u00e8xit de la primera edici\u00f3 del programa. \u201cVa ser una\u00a0edici\u00f3 molt profitosa\u00a0en qu\u00e8 es va assolir l\u2019objectiu d\u2019aconseguir\u00a0que els alumnes fossin experts i referents en dermofarm\u00e0cia, una \u00e0rea de futur i que genera molt inter\u00e8s\u201d.<\/p>\n<p>Estructura del Programa\u00a0<br \/>\nEl Programa consta de\u00a03 m\u00f2duls te\u00f2rics\u00a0i un\u00a0projecte final Dermoexpert, en el qual els estudiants han de realitzar un\u00a0estudi de l\u2019estat de la categoria cosm\u00e8tica a la seva farm\u00e0ciai, a partir dels aspectes tractats al curs, establir estrat\u00e8gies de millora. D\u2019aquesta manera, els alumnes poden\u00a0aplicar els coneixements apresos durant el programa a la seva farm\u00e0cia i implantar-hi millores que potenci\u00efn el camp de la cosm\u00e8tica i la dermofarm\u00e0cia.<\/p>\n<p>El primer m\u00f2dul es titula\u00a0\u201cPell i cosm\u00e8tica. Conceptes clau per una bona actuaci\u00f3 farmac\u00e8utica en dermofarm\u00e0cia\u201d\u00a0i aborda temes com els\u00a0canvis que experimenta la pell al llarg de la vida i aspectes al voltant dels cosm\u00e8tics, com ara la legislaci\u00f3 actual, composici\u00f3, investigaci\u00f3, efic\u00e0cia i seguretat, entre d\u2019altres.\u00a0Al segon m\u00f2dul, titulat\u00a0\u201cEls productes dermofarmac\u00e8utics. Dermocosm\u00e8tica en les diferents etapes de la vida\u201d,s\u2019aprofundeix en els\u00a0consells i productes per una pell, cabells i mucoses sans\u00a0i en els tipus de productes adequats per les\u00a0patologies cut\u00e0nies o les situacions especials. Finalment, l\u2019\u00faltim bloc es basa en el\u00a0m\u00e0rqueting i la gesti\u00f3 per categories en dermofarm\u00e0cia.<\/p>\n<p>Ampliaci\u00f3 de l\u2019oferta formativa del COFB<br \/>\nAmb la seva estrena dins l\u2019oferta formativa del curs 2017-2018, el Programa Dermoexpert va permetre\u00a0augmentar el ventall de programes d\u2019especialitzaci\u00f3\u00a0del Col\u00b7legi, que fins aleshores estava format pel\u00a0M\u00e0ster de Gesti\u00f3 de l\u2019Oficina de Farm\u00e0cia (MGOF)\u00a0i el\u00a0M\u00e0ster d\u2019Ortop\u00e8dia, organitzat conjuntament amb la Facultat de Farm\u00e0cia i Ci\u00e8ncies de l\u2019Alimentaci\u00f3 de la Universitat de Barcelona (UB).<\/p>\n<p>Un camp amb molta projecci\u00f3 de futur<br \/>\nLa dermofarm\u00e0cia \u00e9s un camp en qu\u00e8\u00a0els farmac\u00e8utics poden diferenciar-se i cr\u00e9ixer professionalment, gr\u00e0cies al\u00a0gran ventall de possibilitats que ofereix. Segons dades de l\u2019Asociaci\u00f3n Nacional de Perfumer\u00eda y Cosm\u00e9tica (STANPA), l\u2019any 2017 el consum de cosm\u00e8tics va augmentar per tercera vegada consecutiva a Espanya, amb un increment del 2,15%. Cada cop m\u00e9s,\u00a0els consumidors aposten per canals en qu\u00e8 poden rebre assessorament i \u00e9s per aix\u00f2 que, els farmac\u00e8utics, amb una formaci\u00f3 espec\u00edfica i actualitzada com el Programa Dermoexpert, afegida als estudis superiors dels quals ja disposen, poden esdevenir referents en aquesta \u00e0rea.<\/p>\n<p>\u00a0<\/p>\n<p>Per a m\u00e9s informaci\u00f3:<\/p>\n<p>Departament de Comunicaci\u00f3 del Col\u00b7legi de Farmac\u00e8utics de Barcelona (COFB)<\/p>\n<p>premsa@cofb.net<\/p>\n<p>\u00a0<\/p>\n<p>Tel\u00e8fon: 93 244 07 18\/ 28\u00a0\u00a0COFB.ORG<\/p>\n","protected":false},"excerpt":{"rendered":"<p>\u00a0 \u00a0Es tracta d\u2019un\u00a0programa dirigit a farmac\u00e8utics comunitaris\u00a0i\u00a0impartit per un equip multidisciplinari de docents especialistes en dermofarm\u00e0cia i dermatologia Durant la inauguraci\u00f3 de la segona edici\u00f3 del programa, N\u00faria Bosch, vicepresidenta del COFB, va ressaltar la\u00a0import\u00e0ncia de la formaci\u00f3 en aquest camp\u00a0per poder\u00a0donar un consell adequat a les diverses consultes [&hellip;]<\/p>\n","protected":false},"author":1,"featured_media":0,"comment_status":"","ping_status":"","sticky":false,"template":"","format":"standard","meta":{"_uag_custom_page_level_css":"","site-sidebar-layout":"default","site-content-layout":"","ast-site-content-layout":"default","site-content-style":"default","site-sidebar-style":"default","ast-global-header-display":"","ast-banner-title-visibility":"","ast-main-header-display":"","ast-hfb-above-header-display":"","ast-hfb-below-header-display":"","ast-hfb-mobile-header-display":"","site-post-title":"","ast-breadcrumbs-content":"","ast-featured-img":"disabled","footer-sml-layout":"","theme-transparent-header-meta":"","adv-header-id-meta":"","stick-header-meta":"","header-above-stick-meta":"","header-main-stick-meta":"","header-below-stick-meta":"","astra-migrate-meta-layouts":"default","ast-page-background-enabled":"default","ast-page-background-meta":{"desktop":{"background-color":"var(--ast-global-color-4)","background-image":"","background-repeat":"repeat","background-position":"center center","background-size":"auto","background-attachment":"scroll","background-type":"","background-media":"","overlay-type":"","overlay-color":"","overlay-opacity":"","overlay-gradient":""},"tablet":{"background-color":"","background-image":"","background-repeat":"repeat","background-position":"center center","background-size":"auto","background-attachment":"scroll","background-type":"","background-media":"","overlay-type":"","overlay-color":"","overlay-opacity":"","overlay-gradient":""},"mobile":{"background-color":"","background-image":"","background-repeat":"repeat","background-position":"center center","background-size":"auto","background-attachment":"scroll","background-type":"","background-media":"","overlay-type":"","overlay-color":"","overlay-opacity":"","overlay-gradient":""}},"ast-content-background-meta":{"desktop":{"background-color":"var(--ast-global-color-5)","background-image":"","background-repeat":"repeat","background-position":"center center","background-size":"auto","background-attachment":"scroll","background-type":"","background-media":"","overlay-type":"","overlay-color":"","overlay-opacity":"","overlay-gradient":""},"tablet":{"background-color":"var(--ast-global-color-5)","background-image":"","background-repeat":"repeat","background-position":"center center","background-size":"auto","background-attachment":"scroll","background-type":"","background-media":"","overlay-type":"","overlay-color":"","overlay-opacity":"","overlay-gradient":""},"mobile":{"background-color":"var(--ast-global-color-5)","background-image":"","background-repeat":"repeat","background-position":"center center","background-size":"auto","background-attachment":"scroll","background-type":"","background-media":"","overlay-type":"","overlay-color":"","overlay-opacity":"","overlay-gradient":""}},"footnotes":""},"categories":[1060,1066],"tags":[],"class_list":["post-77254","post","type-post","status-publish","format-standard","hentry","category-notes-premsa","category-sense-categoria-ca"],"yoast_head":"<!-- This site is optimized with the Yoast SEO plugin v22.4 - https:\/\/yoast.com\/wordpress\/plugins\/seo\/ -->\n<title>El COF de Barcelona inaugura la segona edici\u00f3 del Programa Dermoexpert per facilitar als farmac\u00e8utics l&#039;especialitzaci\u00f3 en dermofarm\u00e0cia - Col\u00b7legi de Farmac\u00e8utics de Barcelona<\/title>\n<meta name=\"robots\" content=\"index, follow, max-snippet:-1, max-image-preview:large, max-video-preview:-1\" \/>\n<link rel=\"canonical\" href=\"https:\/\/novaorg.cofb.net\/2018\/10\/22\/el-cof-de-barcelona-inaugura-la-segona-edicio-del-programa-dermoexpert-per-facilitar-als-farmaceutics-lespecialitzacio-en-dermofarmacia\/\" \/>\n<meta property=\"og:locale\" content=\"ca_ES\" \/>\n<meta property=\"og:type\" content=\"article\" \/>\n<meta property=\"og:title\" content=\"El COF de Barcelona inaugura la segona edici\u00f3 del Programa Dermoexpert per facilitar als farmac\u00e8utics l&#039;especialitzaci\u00f3 en dermofarm\u00e0cia - Col\u00b7legi de Farmac\u00e8utics de Barcelona\" \/>\n<meta property=\"og:description\" content=\"\u00a0 \u00a0Es tracta d\u2019un\u00a0programa dirigit a farmac\u00e8utics comunitaris\u00a0i\u00a0impartit per un equip multidisciplinari de docents especialistes en dermofarm\u00e0cia i dermatologia Durant la inauguraci\u00f3 de la segona edici\u00f3 del programa, N\u00faria Bosch, vicepresidenta del COFB, va ressaltar la\u00a0import\u00e0ncia de la formaci\u00f3 en aquest camp\u00a0per poder\u00a0donar un consell adequat a les diverses consultes [&hellip;]\" \/>\n<meta property=\"og:url\" content=\"https:\/\/novaorg.cofb.net\/2018\/10\/22\/el-cof-de-barcelona-inaugura-la-segona-edicio-del-programa-dermoexpert-per-facilitar-als-farmaceutics-lespecialitzacio-en-dermofarmacia\/\" \/>\n<meta property=\"og:site_name\" content=\"Col\u00b7legi de Farmac\u00e8utics de Barcelona\" \/>\n<meta property=\"article:publisher\" content=\"https:\/\/www.facebook.com\/farmaceuticsbcn\/\" \/>\n<meta property=\"article:published_time\" content=\"2018-10-22T11:02:00+00:00\" \/>\n<meta name=\"author\" content=\"wpAdminCofbOrg\" \/>\n<meta name=\"twitter:card\" content=\"summary_large_image\" \/>\n<meta name=\"twitter:creator\" content=\"@farmaceuticsbcn\" \/>\n<meta name=\"twitter:site\" content=\"@farmaceuticsbcn\" \/>\n<meta name=\"twitter:label1\" content=\"Escrit per\" \/>\n\t<meta name=\"twitter:data1\" content=\"wpAdminCofbOrg\" \/>\n\t<meta name=\"twitter:label2\" content=\"Temps estimat de lectura\" \/>\n\t<meta name=\"twitter:data2\" content=\"9 minuts\" \/>\n<script type=\"application\/ld+json\" class=\"yoast-schema-graph\">{\"@context\":\"https:\/\/schema.org\",\"@graph\":[{\"@type\":\"Article\",\"@id\":\"https:\/\/novaorg.cofb.net\/2018\/10\/22\/el-cof-de-barcelona-inaugura-la-segona-edicio-del-programa-dermoexpert-per-facilitar-als-farmaceutics-lespecialitzacio-en-dermofarmacia\/#article\",\"isPartOf\":{\"@id\":\"https:\/\/novaorg.cofb.net\/2018\/10\/22\/el-cof-de-barcelona-inaugura-la-segona-edicio-del-programa-dermoexpert-per-facilitar-als-farmaceutics-lespecialitzacio-en-dermofarmacia\/\"},\"author\":{\"name\":\"wpAdminCofbOrg\",\"@id\":\"https:\/\/www.cofb.org\/#\/schema\/person\/22ed7eea88da74b0fa4d3154ad87ffcb\"},\"headline\":\"El COF de Barcelona inaugura la segona edici\u00f3 del Programa Dermoexpert per facilitar als farmac\u00e8utics l&#8217;especialitzaci\u00f3 en dermofarm\u00e0cia\",\"datePublished\":\"2018-10-22T11:02:00+00:00\",\"dateModified\":\"2018-10-22T11:02:00+00:00\",\"mainEntityOfPage\":{\"@id\":\"https:\/\/novaorg.cofb.net\/2018\/10\/22\/el-cof-de-barcelona-inaugura-la-segona-edicio-del-programa-dermoexpert-per-facilitar-als-farmaceutics-lespecialitzacio-en-dermofarmacia\/\"},\"wordCount\":1793,\"publisher\":{\"@id\":\"https:\/\/www.cofb.org\/#organization\"},\"articleSection\":[\"Notes de premsa\"],\"inLanguage\":\"ca\"},{\"@type\":\"WebPage\",\"@id\":\"https:\/\/novaorg.cofb.net\/2018\/10\/22\/el-cof-de-barcelona-inaugura-la-segona-edicio-del-programa-dermoexpert-per-facilitar-als-farmaceutics-lespecialitzacio-en-dermofarmacia\/\",\"url\":\"https:\/\/novaorg.cofb.net\/2018\/10\/22\/el-cof-de-barcelona-inaugura-la-segona-edicio-del-programa-dermoexpert-per-facilitar-als-farmaceutics-lespecialitzacio-en-dermofarmacia\/\",\"name\":\"El COF de Barcelona inaugura la segona edici\u00f3 del Programa Dermoexpert per facilitar als farmac\u00e8utics l'especialitzaci\u00f3 en dermofarm\u00e0cia - Col\u00b7legi de Farmac\u00e8utics de Barcelona\",\"isPartOf\":{\"@id\":\"https:\/\/www.cofb.org\/#website\"},\"datePublished\":\"2018-10-22T11:02:00+00:00\",\"dateModified\":\"2018-10-22T11:02:00+00:00\",\"breadcrumb\":{\"@id\":\"https:\/\/novaorg.cofb.net\/2018\/10\/22\/el-cof-de-barcelona-inaugura-la-segona-edicio-del-programa-dermoexpert-per-facilitar-als-farmaceutics-lespecialitzacio-en-dermofarmacia\/#breadcrumb\"},\"inLanguage\":\"ca\",\"potentialAction\":[{\"@type\":\"ReadAction\",\"target\":[\"https:\/\/novaorg.cofb.net\/2018\/10\/22\/el-cof-de-barcelona-inaugura-la-segona-edicio-del-programa-dermoexpert-per-facilitar-als-farmaceutics-lespecialitzacio-en-dermofarmacia\/\"]}]},{\"@type\":\"BreadcrumbList\",\"@id\":\"https:\/\/novaorg.cofb.net\/2018\/10\/22\/el-cof-de-barcelona-inaugura-la-segona-edicio-del-programa-dermoexpert-per-facilitar-als-farmaceutics-lespecialitzacio-en-dermofarmacia\/#breadcrumb\",\"itemListElement\":[{\"@type\":\"ListItem\",\"position\":1,\"name\":\"Inici\",\"item\":\"https:\/\/novaorg.cofb.net\/\"},{\"@type\":\"ListItem\",\"position\":2,\"name\":\"El COF de Barcelona inaugura la segona edici\u00f3 del Programa Dermoexpert per facilitar als farmac\u00e8utics l&#8217;especialitzaci\u00f3 en dermofarm\u00e0cia\"}]},{\"@type\":\"WebSite\",\"@id\":\"https:\/\/www.cofb.org\/#website\",\"url\":\"https:\/\/www.cofb.org\/\",\"name\":\"Col\u00b7legi de Farmac\u00e8utics de Barcelona\",\"description\":\"\",\"publisher\":{\"@id\":\"https:\/\/www.cofb.org\/#organization\"},\"potentialAction\":[{\"@type\":\"SearchAction\",\"target\":{\"@type\":\"EntryPoint\",\"urlTemplate\":\"https:\/\/www.cofb.org\/?s={search_term_string}\"},\"query-input\":\"required name=search_term_string\"}],\"inLanguage\":\"ca\"},{\"@type\":\"Organization\",\"@id\":\"https:\/\/www.cofb.org\/#organization\",\"name\":\"Col\u00b7legi de Farmac\u00e8utics de Barcelona\",\"url\":\"https:\/\/www.cofb.org\/\",\"logo\":{\"@type\":\"ImageObject\",\"inLanguage\":\"ca\",\"@id\":\"https:\/\/www.cofb.org\/#\/schema\/logo\/image\/\",\"url\":\"https:\/\/www.cofb.org\/wp-content\/uploads\/2023\/11\/cropped-Logotip-COFB.png\",\"contentUrl\":\"https:\/\/www.cofb.org\/wp-content\/uploads\/2023\/11\/cropped-Logotip-COFB.png\",\"width\":500,\"height\":105,\"caption\":\"Col\u00b7legi de Farmac\u00e8utics de Barcelona\"},\"image\":{\"@id\":\"https:\/\/www.cofb.org\/#\/schema\/logo\/image\/\"},\"sameAs\":[\"https:\/\/www.facebook.com\/farmaceuticsbcn\/\",\"https:\/\/twitter.com\/farmaceuticsbcn\",\"https:\/\/www.instagram.com\/farmaceuticsbcn\/\",\"https:\/\/www.linkedin.com\/company\/farmaceuticsbcn\/\"]},{\"@type\":\"Person\",\"@id\":\"https:\/\/www.cofb.org\/#\/schema\/person\/22ed7eea88da74b0fa4d3154ad87ffcb\",\"name\":\"wpAdminCofbOrg\",\"image\":{\"@type\":\"ImageObject\",\"inLanguage\":\"ca\",\"@id\":\"https:\/\/www.cofb.org\/#\/schema\/person\/image\/\",\"url\":\"https:\/\/secure.gravatar.com\/avatar\/1721b20b3b8ca882c3b56ec6c978c594fff670e40c0718e9190eaeeb76aae7d8?s=96&d=mm&r=g\",\"contentUrl\":\"https:\/\/secure.gravatar.com\/avatar\/1721b20b3b8ca882c3b56ec6c978c594fff670e40c0718e9190eaeeb76aae7d8?s=96&d=mm&r=g\",\"caption\":\"wpAdminCofbOrg\"},\"sameAs\":[\"http:\/\/192.168.64.122\/wordpress\"],\"url\":\"https:\/\/www.cofb.org\/ca\/author\/wpadmincofborg\/\"}]}<\/script>\n<!-- \/ Yoast SEO plugin. -->","yoast_head_json":{"title":"El COF de Barcelona inaugura la segona edici\u00f3 del Programa Dermoexpert per facilitar als farmac\u00e8utics l'especialitzaci\u00f3 en dermofarm\u00e0cia - Col\u00b7legi de Farmac\u00e8utics de Barcelona","robots":{"index":"index","follow":"follow","max-snippet":"max-snippet:-1","max-image-preview":"max-image-preview:large","max-video-preview":"max-video-preview:-1"},"canonical":"https:\/\/novaorg.cofb.net\/2018\/10\/22\/el-cof-de-barcelona-inaugura-la-segona-edicio-del-programa-dermoexpert-per-facilitar-als-farmaceutics-lespecialitzacio-en-dermofarmacia\/","og_locale":"ca_ES","og_type":"article","og_title":"El COF de Barcelona inaugura la segona edici\u00f3 del Programa Dermoexpert per facilitar als farmac\u00e8utics l'especialitzaci\u00f3 en dermofarm\u00e0cia - Col\u00b7legi de Farmac\u00e8utics de Barcelona","og_description":"\u00a0 \u00a0Es tracta d\u2019un\u00a0programa dirigit a farmac\u00e8utics comunitaris\u00a0i\u00a0impartit per un equip multidisciplinari de docents especialistes en dermofarm\u00e0cia i dermatologia Durant la inauguraci\u00f3 de la segona edici\u00f3 del programa, N\u00faria Bosch, vicepresidenta del COFB, va ressaltar la\u00a0import\u00e0ncia de la formaci\u00f3 en aquest camp\u00a0per poder\u00a0donar un consell adequat a les diverses consultes [&hellip;]","og_url":"https:\/\/novaorg.cofb.net\/2018\/10\/22\/el-cof-de-barcelona-inaugura-la-segona-edicio-del-programa-dermoexpert-per-facilitar-als-farmaceutics-lespecialitzacio-en-dermofarmacia\/","og_site_name":"Col\u00b7legi de Farmac\u00e8utics de Barcelona","article_publisher":"https:\/\/www.facebook.com\/farmaceuticsbcn\/","article_published_time":"2018-10-22T11:02:00+00:00","author":"wpAdminCofbOrg","twitter_card":"summary_large_image","twitter_creator":"@farmaceuticsbcn","twitter_site":"@farmaceuticsbcn","twitter_misc":{"Escrit per":"wpAdminCofbOrg","Temps estimat de lectura":"9 minuts"},"schema":{"@context":"https:\/\/schema.org","@graph":[{"@type":"Article","@id":"https:\/\/novaorg.cofb.net\/2018\/10\/22\/el-cof-de-barcelona-inaugura-la-segona-edicio-del-programa-dermoexpert-per-facilitar-als-farmaceutics-lespecialitzacio-en-dermofarmacia\/#article","isPartOf":{"@id":"https:\/\/novaorg.cofb.net\/2018\/10\/22\/el-cof-de-barcelona-inaugura-la-segona-edicio-del-programa-dermoexpert-per-facilitar-als-farmaceutics-lespecialitzacio-en-dermofarmacia\/"},"author":{"name":"wpAdminCofbOrg","@id":"https:\/\/www.cofb.org\/#\/schema\/person\/22ed7eea88da74b0fa4d3154ad87ffcb"},"headline":"El COF de Barcelona inaugura la segona edici\u00f3 del Programa Dermoexpert per facilitar als farmac\u00e8utics l&#8217;especialitzaci\u00f3 en dermofarm\u00e0cia","datePublished":"2018-10-22T11:02:00+00:00","dateModified":"2018-10-22T11:02:00+00:00","mainEntityOfPage":{"@id":"https:\/\/novaorg.cofb.net\/2018\/10\/22\/el-cof-de-barcelona-inaugura-la-segona-edicio-del-programa-dermoexpert-per-facilitar-als-farmaceutics-lespecialitzacio-en-dermofarmacia\/"},"wordCount":1793,"publisher":{"@id":"https:\/\/www.cofb.org\/#organization"},"articleSection":["Notes de premsa"],"inLanguage":"ca"},{"@type":"WebPage","@id":"https:\/\/novaorg.cofb.net\/2018\/10\/22\/el-cof-de-barcelona-inaugura-la-segona-edicio-del-programa-dermoexpert-per-facilitar-als-farmaceutics-lespecialitzacio-en-dermofarmacia\/","url":"https:\/\/novaorg.cofb.net\/2018\/10\/22\/el-cof-de-barcelona-inaugura-la-segona-edicio-del-programa-dermoexpert-per-facilitar-als-farmaceutics-lespecialitzacio-en-dermofarmacia\/","name":"El COF de Barcelona inaugura la segona edici\u00f3 del Programa Dermoexpert per facilitar als farmac\u00e8utics l'especialitzaci\u00f3 en dermofarm\u00e0cia - Col\u00b7legi de Farmac\u00e8utics de Barcelona","isPartOf":{"@id":"https:\/\/www.cofb.org\/#website"},"datePublished":"2018-10-22T11:02:00+00:00","dateModified":"2018-10-22T11:02:00+00:00","breadcrumb":{"@id":"https:\/\/novaorg.cofb.net\/2018\/10\/22\/el-cof-de-barcelona-inaugura-la-segona-edicio-del-programa-dermoexpert-per-facilitar-als-farmaceutics-lespecialitzacio-en-dermofarmacia\/#breadcrumb"},"inLanguage":"ca","potentialAction":[{"@type":"ReadAction","target":["https:\/\/novaorg.cofb.net\/2018\/10\/22\/el-cof-de-barcelona-inaugura-la-segona-edicio-del-programa-dermoexpert-per-facilitar-als-farmaceutics-lespecialitzacio-en-dermofarmacia\/"]}]},{"@type":"BreadcrumbList","@id":"https:\/\/novaorg.cofb.net\/2018\/10\/22\/el-cof-de-barcelona-inaugura-la-segona-edicio-del-programa-dermoexpert-per-facilitar-als-farmaceutics-lespecialitzacio-en-dermofarmacia\/#breadcrumb","itemListElement":[{"@type":"ListItem","position":1,"name":"Inici","item":"https:\/\/novaorg.cofb.net\/"},{"@type":"ListItem","position":2,"name":"El COF de Barcelona inaugura la segona edici\u00f3 del Programa Dermoexpert per facilitar als farmac\u00e8utics l&#8217;especialitzaci\u00f3 en dermofarm\u00e0cia"}]},{"@type":"WebSite","@id":"https:\/\/www.cofb.org\/#website","url":"https:\/\/www.cofb.org\/","name":"Col\u00b7legi de Farmac\u00e8utics de Barcelona","description":"","publisher":{"@id":"https:\/\/www.cofb.org\/#organization"},"potentialAction":[{"@type":"SearchAction","target":{"@type":"EntryPoint","urlTemplate":"https:\/\/www.cofb.org\/?s={search_term_string}"},"query-input":"required name=search_term_string"}],"inLanguage":"ca"},{"@type":"Organization","@id":"https:\/\/www.cofb.org\/#organization","name":"Col\u00b7legi de Farmac\u00e8utics de Barcelona","url":"https:\/\/www.cofb.org\/","logo":{"@type":"ImageObject","inLanguage":"ca","@id":"https:\/\/www.cofb.org\/#\/schema\/logo\/image\/","url":"https:\/\/www.cofb.org\/wp-content\/uploads\/2023\/11\/cropped-Logotip-COFB.png","contentUrl":"https:\/\/www.cofb.org\/wp-content\/uploads\/2023\/11\/cropped-Logotip-COFB.png","width":500,"height":105,"caption":"Col\u00b7legi de Farmac\u00e8utics de Barcelona"},"image":{"@id":"https:\/\/www.cofb.org\/#\/schema\/logo\/image\/"},"sameAs":["https:\/\/www.facebook.com\/farmaceuticsbcn\/","https:\/\/twitter.com\/farmaceuticsbcn","https:\/\/www.instagram.com\/farmaceuticsbcn\/","https:\/\/www.linkedin.com\/company\/farmaceuticsbcn\/"]},{"@type":"Person","@id":"https:\/\/www.cofb.org\/#\/schema\/person\/22ed7eea88da74b0fa4d3154ad87ffcb","name":"wpAdminCofbOrg","image":{"@type":"ImageObject","inLanguage":"ca","@id":"https:\/\/www.cofb.org\/#\/schema\/person\/image\/","url":"https:\/\/secure.gravatar.com\/avatar\/1721b20b3b8ca882c3b56ec6c978c594fff670e40c0718e9190eaeeb76aae7d8?s=96&d=mm&r=g","contentUrl":"https:\/\/secure.gravatar.com\/avatar\/1721b20b3b8ca882c3b56ec6c978c594fff670e40c0718e9190eaeeb76aae7d8?s=96&d=mm&r=g","caption":"wpAdminCofbOrg"},"sameAs":["http:\/\/192.168.64.122\/wordpress"],"url":"https:\/\/www.cofb.org\/ca\/author\/wpadmincofborg\/"}]}},"uagb_featured_image_src":{"full":false,"thumbnail":false,"medium":false,"medium_large":false,"large":false,"1536x1536":false,"2048x2048":false,"trp-custom-language-flag":false},"uagb_author_info":{"display_name":"wpAdminCofbOrg","author_link":"https:\/\/www.cofb.org\/ca\/author\/wpadmincofborg\/"},"uagb_comment_info":0,"uagb_excerpt":"\u00a0 \u00a0Es tracta d\u2019un\u00a0programa dirigit a farmac\u00e8utics comunitaris\u00a0i\u00a0impartit per un equip multidisciplinari de docents especialistes en dermofarm\u00e0cia i dermatologia Durant la inauguraci\u00f3 de la segona edici\u00f3 del programa, N\u00faria Bosch, vicepresidenta del COFB, va ressaltar la\u00a0import\u00e0ncia de la formaci\u00f3 en aquest camp\u00a0per poder\u00a0donar un consell adequat a les diverses consultes [&hellip;]","_links":{"self":[{"href":"https:\/\/www.cofb.org\/ca\/wp-json\/wp\/v2\/posts\/77254","targetHints":{"allow":["GET"]}}],"collection":[{"href":"https:\/\/www.cofb.org\/ca\/wp-json\/wp\/v2\/posts"}],"about":[{"href":"https:\/\/www.cofb.org\/ca\/wp-json\/wp\/v2\/types\/post"}],"author":[{"embeddable":true,"href":"https:\/\/www.cofb.org\/ca\/wp-json\/wp\/v2\/users\/1"}],"replies":[{"embeddable":true,"href":"https:\/\/www.cofb.org\/ca\/wp-json\/wp\/v2\/comments?post=77254"}],"version-history":[{"count":0,"href":"https:\/\/www.cofb.org\/ca\/wp-json\/wp\/v2\/posts\/77254\/revisions"}],"wp:attachment":[{"href":"https:\/\/www.cofb.org\/ca\/wp-json\/wp\/v2\/media?parent=77254"}],"wp:term":[{"taxonomy":"category","embeddable":true,"href":"https:\/\/www.cofb.org\/ca\/wp-json\/wp\/v2\/categories?post=77254"},{"taxonomy":"post_tag","embeddable":true,"href":"https:\/\/www.cofb.org\/ca\/wp-json\/wp\/v2\/tags?post=77254"}],"curies":[{"name":"wp","href":"https:\/\/api.w.org\/{rel}","templated":true}]}}