{"id":77253,"date":"2018-10-24T09:39:00","date_gmt":"2018-10-24T09:39:00","guid":{"rendered":"https:\/\/novaorg.cofb.net\/2018\/10\/24\/tenim-la-capacitat-daportar-el-maxim-contingut-a-la-professio-perque-sigui-efectiva-en-els-objectius-sanitaris\/"},"modified":"2018-10-24T09:39:00","modified_gmt":"2018-10-24T09:39:00","slug":"tenim-la-capacitat-daportar-el-maxim-contingut-a-la-professio-perque-sigui-efectiva-en-els-objectius-sanitaris","status":"publish","type":"post","link":"https:\/\/www.cofb.org\/ca\/2018\/10\/24\/tenim-la-capacitat-daportar-el-maxim-contingut-a-la-professio-perque-sigui-efectiva-en-els-objectius-sanitaris\/","title":{"rendered":"&#8220;Tenim la capacitat d&#8217;aportar el m\u00e0xim contingut a la professi\u00f3 perqu\u00e8 sigui efectiva en els objectius sanitaris&#8221;"},"content":{"rendered":"<p>\u00a0<\/p>\n<ul>\n<li>S\u00f3n declaracions de Jordi de Dalmases, president del Col\u00b7legi de Farmac\u00e8utics de Barcelona (COFB), en la inauguraci\u00f3 de la\u00a0XIV edici\u00f3 del M\u00e0ster de Gesti\u00f3 de l\u2019Oficina de Farm\u00e0cia (MGOF)\u00a0que va tenir lloc el passat 16 d\u2019octubre<\/li>\n<li>Durant la inauguraci\u00f3, De Dalmases tamb\u00e9 va destacar que\u00a0els farmac\u00e8utics \u201chem de fer que els f\u00e0rmacs tinguin els millors efectes en la salut dels ciutadans\u201d<\/li>\n<li>El\u00a0MGOF\u00a0proporciona habilitats en\u00a0finances, gesti\u00f3 de persones i m\u00e0rqueting, les grans \u00e0rees que engloben la gesti\u00f3 de la farm\u00e0cia<\/li>\n<\/ul>\n<p><em>Barcelona, 24 d\u2019octubre de 2018<\/em>.\u00a0\u201cLes oficines de farm\u00e0cia formem una xarxa molt organitzada que, a m\u00e9s de xarxa geogr\u00e0fica, \u00e9s una xarxa inform\u00e0tica real a trav\u00e9s de la recepta electr\u00f2nica.\u00a0A aix\u00f2 se li ha de sumar\u00a0la capacitat d\u2019aportar el m\u00e0xim contingut a la professi\u00f3,\u00a0fent que\u00a0la nostra feina sigui efectiva en els objectius sanitaris\u201d.<\/p>\n<p>Amb aquestes paraules,\u00a0Jordi de Dalmases, president del Col\u00b7legi de Farmac\u00e8utics de Barcelona (COFB), va inaugurar\u00a0la XIV edici\u00f3 del M\u00e0ster de Gesti\u00f3 de l\u2019Oficina de Farm\u00e0cia (MGOF), on va posar com a exemple de xarxa organitzada i feina efectiva el Programa de detecci\u00f3 preco\u00e7 de c\u00e0ncer de c\u00f2lon i recte. \u201cAmb la participaci\u00f3 de les farm\u00e0cies s\u2019aconsegueix augmentar el percentatge de poblaci\u00f3 objectiva a la qual s\u2019arriba, que s\u2019apropa al 50%\u201d,\u00a0va afirmar.<\/p>\n<p>A l\u2019acte inaugural, en qu\u00e8 es va donar la benvinguda als\u00a023 farmac\u00e8utics provinents de diferents prov\u00edncies de Catalunya\u00a0que el cursen, tamb\u00e9 van assistir\u00a0Joan Carles Serra, director del MGOF,\u00a0Aina Surroca, vocal del COFB i responsable de la Comissi\u00f3 Delegada de Formaci\u00f3 Continuada i\u00a0Cristina Rodr\u00edguez i M\u00f2nica Gallach, coordinadores del M\u00e0ster i membres del Departament de Formaci\u00f3 i Desenvolupament Professional del COFB.<\/p>\n<p>\u201cHem de fer que els f\u00e0rmacs tinguin els millors efectes en la salut dels ciutadans\u201d<br \/>\nEn el discurs inaugural, De Dalmases va exposar que \u201ca banda de gestionar la farm\u00e0cia, els farmac\u00e8utics hem d\u2019intentar\u00a0influir en la salut dels ciutadans.\u00a0La nostra actuaci\u00f3 ha de fer que no nom\u00e9s donem un f\u00e0rmac en el temps oport\u00fa i les condicions \u00f2ptimes, sin\u00f3 que a m\u00e9s\u00a0hem de fer que aquest tingui els millors efectes en la salut dels ciutadans.\u00a0Si ho aconseguim,\u00a0ning\u00fa podr\u00e0 posar en dubte l\u2019exist\u00e8ncia del farmac\u00e8utic en l\u2019ordenament de professionals sanitaris\u201d.\u00a0<\/p>\n<p>Finalment, De Dalmases tamb\u00e9 va fer algunes\u00a0reflexions al voltant del paper del Col\u00b7legi: \u201cLa nostra \u00e9s una professi\u00f3 amb un elevat grau de canvi,\u00a0per la qual cosa\u00a0\u00e9s important representar el col\u00b7lectiu i acompanyar-lo,\u00a0no nom\u00e9s per garantir que s\u2019ofereix una bona atenci\u00f3 als ciutadans, sin\u00f3 tamb\u00e9 per formar-nos, actualitzar-nos, entre altres\u201d.<\/p>\n<p>Finances i fiscalitat, gesti\u00f3 de persones i m\u00e0rqueting: les 3 grans \u00e0rees del MGOF<br \/>\nEl\u00a0M\u00e0ster de Gesti\u00f3 de l\u2019Oficina de Farm\u00e0cia, dirigit als titulars de farm\u00e0cia comunit\u00e0ria o als graduats en farm\u00e0cia que en un termini curt seran titulars, es compon de\u00a03 blocs: Finances i fiscalitat, Gesti\u00f3 de les persones i M\u00e0rqueting.\u00a0Per fer-lo m\u00e9s accessible, els farmac\u00e8utics tenen l\u2019opci\u00f3 d\u2019inscriure\u2019s al m\u00f2dul que m\u00e9s els interessa.<\/p>\n<p>La\u00a0metodologia \u00e9s totalment pr\u00e0ctica, ja que es prioritza el treball a trav\u00e9s d\u2019exemples, exercicis, casos i altres recursos perqu\u00e8 l\u2019aplicaci\u00f3 dels coneixements adquirits sigui immediata.<\/p>\n<p>Qu\u00e8 destaquen els alumnes de l\u2019anterior edici\u00f3?<br \/>\nEl que m\u00e9s destaquen els alumnes de l\u2019anterior edici\u00f3 \u00e9s la\u00a0possibilitat de posar en pr\u00e0ctica tots els coneixements adquirits, aprofundir en el camp de la gesti\u00f3 i comprendre com est\u00e0 treballant el sector actualment. Els farmac\u00e8utics que van cursar el M\u00e0ster l\u2019any passat tamb\u00e9 posen l\u2019\u00e8mfasi en el fet que es tracta d\u2019una\u00a0formaci\u00f3 que permet fer una radiografia de la situaci\u00f3 de cada farm\u00e0cia\u00a0i del que es pot fer per millorar-la.<\/p>\n<p>\u00a0S\u00f3n declaracions de Jordi de Dalmases, president del Col\u00b7legi de Farmac\u00e8utics de Barcelona (COFB), en la inauguraci\u00f3 de la\u00a0XIV edici\u00f3 del M\u00e0ster de Gesti\u00f3 de l\u2019Oficina de Farm\u00e0cia (MGOF)\u00a0que va tenir lloc el passat 16 d\u2019octubre<br \/>\n\tDurant la inauguraci\u00f3, De Dalmases tamb\u00e9 va destacar que\u00a0els farmac\u00e8utics \u201chem de fer que els f\u00e0rmacs tinguin els millors efectes en la salut dels ciutadans\u201d<br \/>\n\tEl\u00a0MGOF\u00a0proporciona habilitats en\u00a0finances, gesti\u00f3 de persones i m\u00e0rqueting, les grans \u00e0rees que engloben la gesti\u00f3 de la farm\u00e0cia<\/p>\n<p>Barcelona, 24 d\u2019octubre de 2018.\u00a0\u201cLes oficines de farm\u00e0cia formem una xarxa molt organitzada que, a m\u00e9s de xarxa geogr\u00e0fica, \u00e9s una xarxa inform\u00e0tica real a trav\u00e9s de la recepta electr\u00f2nica.\u00a0A aix\u00f2 se li ha de sumar\u00a0la capacitat d\u2019aportar el m\u00e0xim contingut a la professi\u00f3,\u00a0fent que\u00a0la nostra feina sigui efectiva en els objectius sanitaris\u201d.<\/p>\n<p>Amb aquestes paraules,\u00a0Jordi de Dalmases, president del Col\u00b7legi de Farmac\u00e8utics de Barcelona (COFB), va inaugurar\u00a0la XIV edici\u00f3 del M\u00e0ster de Gesti\u00f3 de l\u2019Oficina de Farm\u00e0cia (MGOF), on va posar com a exemple de xarxa organitzada i feina efectiva el Programa de detecci\u00f3 preco\u00e7 de c\u00e0ncer de c\u00f2lon i recte. \u201cAmb la participaci\u00f3 de les farm\u00e0cies s\u2019aconsegueix augmentar el percentatge de poblaci\u00f3 objectiva a la qual s\u2019arriba, que s\u2019apropa al 50%\u201d,\u00a0va afirmar.<\/p>\n<p>A l\u2019acte inaugural, en qu\u00e8 es va donar la benvinguda als\u00a023 farmac\u00e8utics provinents de diferents prov\u00edncies de Catalunya\u00a0que el cursen, tamb\u00e9 van assistir\u00a0Joan Carles Serra, director del MGOF,\u00a0Aina Surroca, vocal del COFB i responsable de la Comissi\u00f3 Delegada de Formaci\u00f3 Continuada i\u00a0Cristina Rodr\u00edguez i M\u00f2nica Gallach, coordinadores del M\u00e0ster i membres del Departament de Formaci\u00f3 i Desenvolupament Professional del COFB.<\/p>\n<p>\u201cHem de fer que els f\u00e0rmacs tinguin els millors efectes en la salut dels ciutadans\u201d<br \/>\nEn el discurs inaugural, De Dalmases va exposar que \u201ca banda de gestionar la farm\u00e0cia, els farmac\u00e8utics hem d\u2019intentar\u00a0influir en la salut dels ciutadans.\u00a0La nostra actuaci\u00f3 ha de fer que no nom\u00e9s donem un f\u00e0rmac en el temps oport\u00fa i les condicions \u00f2ptimes, sin\u00f3 que a m\u00e9s\u00a0hem de fer que aquest tingui els millors efectes en la salut dels ciutadans.\u00a0Si ho aconseguim,\u00a0ning\u00fa podr\u00e0 posar en dubte l\u2019exist\u00e8ncia del farmac\u00e8utic en l\u2019ordenament de professionals sanitaris\u201d.\u00a0<\/p>\n<p>Finalment, De Dalmases tamb\u00e9 va fer algunes\u00a0reflexions al voltant del paper del Col\u00b7legi: \u201cLa nostra \u00e9s una professi\u00f3 amb un elevat grau de canvi,\u00a0per la qual cosa\u00a0\u00e9s important representar el col\u00b7lectiu i acompanyar-lo,\u00a0no nom\u00e9s per garantir que s\u2019ofereix una bona atenci\u00f3 als ciutadans, sin\u00f3 tamb\u00e9 per formar-nos, actualitzar-nos, entre altres\u201d.<\/p>\n<p>Finances i fiscalitat, gesti\u00f3 de persones i m\u00e0rqueting: les 3 grans \u00e0rees del MGOF<br \/>\nEl\u00a0M\u00e0ster de Gesti\u00f3 de l\u2019Oficina de Farm\u00e0cia, dirigit als titulars de farm\u00e0cia comunit\u00e0ria o als graduats en farm\u00e0cia que en un termini curt seran titulars, es compon de\u00a03 blocs: Finances i fiscalitat, Gesti\u00f3 de les persones i M\u00e0rqueting.\u00a0Per fer-lo m\u00e9s accessible, els farmac\u00e8utics tenen l\u2019opci\u00f3 d\u2019inscriure\u2019s al m\u00f2dul que m\u00e9s els interessa.<\/p>\n<p>La\u00a0metodologia \u00e9s totalment pr\u00e0ctica, ja que es prioritza el treball a trav\u00e9s d\u2019exemples, exercicis, casos i altres recursos perqu\u00e8 l\u2019aplicaci\u00f3 dels coneixements adquirits sigui immediata.<\/p>\n<p>Qu\u00e8 destaquen els alumnes de l\u2019anterior edici\u00f3?<br \/>\nEl que m\u00e9s destaquen els alumnes de l\u2019anterior edici\u00f3 \u00e9s la\u00a0possibilitat de posar en pr\u00e0ctica tots els coneixements adquirits, aprofundir en el camp de la gesti\u00f3 i comprendre com est\u00e0 treballant el sector actualment. Els farmac\u00e8utics que van cursar el M\u00e0ster l\u2019any passat tamb\u00e9 posen l\u2019\u00e8mfasi en el fet que es tracta d\u2019una\u00a0formaci\u00f3 que permet fer una radiografia de la situaci\u00f3 de cada farm\u00e0cia\u00a0i del que es pot fer per millorar-la.\u00a0\u00a0COFB.ORG<\/p>\n","protected":false},"excerpt":{"rendered":"<p>\u00a0 S\u00f3n declaracions de Jordi de Dalmases, president del Col\u00b7legi de Farmac\u00e8utics de Barcelona (COFB), en la inauguraci\u00f3 de la\u00a0XIV edici\u00f3 del M\u00e0ster de Gesti\u00f3 de l\u2019Oficina de Farm\u00e0cia (MGOF)\u00a0que va tenir lloc el passat 16 d\u2019octubre Durant la inauguraci\u00f3, De Dalmases tamb\u00e9 va destacar que\u00a0els farmac\u00e8utics \u201chem de fer [&hellip;]<\/p>\n","protected":false},"author":1,"featured_media":0,"comment_status":"","ping_status":"","sticky":false,"template":"","format":"standard","meta":{"_uag_custom_page_level_css":"","site-sidebar-layout":"default","site-content-layout":"","ast-site-content-layout":"default","site-content-style":"default","site-sidebar-style":"default","ast-global-header-display":"","ast-banner-title-visibility":"","ast-main-header-display":"","ast-hfb-above-header-display":"","ast-hfb-below-header-display":"","ast-hfb-mobile-header-display":"","site-post-title":"","ast-breadcrumbs-content":"","ast-featured-img":"disabled","footer-sml-layout":"","theme-transparent-header-meta":"","adv-header-id-meta":"","stick-header-meta":"","header-above-stick-meta":"","header-main-stick-meta":"","header-below-stick-meta":"","astra-migrate-meta-layouts":"default","ast-page-background-enabled":"default","ast-page-background-meta":{"desktop":{"background-color":"var(--ast-global-color-4)","background-image":"","background-repeat":"repeat","background-position":"center center","background-size":"auto","background-attachment":"scroll","background-type":"","background-media":"","overlay-type":"","overlay-color":"","overlay-opacity":"","overlay-gradient":""},"tablet":{"background-color":"","background-image":"","background-repeat":"repeat","background-position":"center center","background-size":"auto","background-attachment":"scroll","background-type":"","background-media":"","overlay-type":"","overlay-color":"","overlay-opacity":"","overlay-gradient":""},"mobile":{"background-color":"","background-image":"","background-repeat":"repeat","background-position":"center center","background-size":"auto","background-attachment":"scroll","background-type":"","background-media":"","overlay-type":"","overlay-color":"","overlay-opacity":"","overlay-gradient":""}},"ast-content-background-meta":{"desktop":{"background-color":"var(--ast-global-color-5)","background-image":"","background-repeat":"repeat","background-position":"center center","background-size":"auto","background-attachment":"scroll","background-type":"","background-media":"","overlay-type":"","overlay-color":"","overlay-opacity":"","overlay-gradient":""},"tablet":{"background-color":"var(--ast-global-color-5)","background-image":"","background-repeat":"repeat","background-position":"center center","background-size":"auto","background-attachment":"scroll","background-type":"","background-media":"","overlay-type":"","overlay-color":"","overlay-opacity":"","overlay-gradient":""},"mobile":{"background-color":"var(--ast-global-color-5)","background-image":"","background-repeat":"repeat","background-position":"center center","background-size":"auto","background-attachment":"scroll","background-type":"","background-media":"","overlay-type":"","overlay-color":"","overlay-opacity":"","overlay-gradient":""}},"footnotes":""},"categories":[1060,1066],"tags":[],"class_list":["post-77253","post","type-post","status-publish","format-standard","hentry","category-notes-premsa","category-sense-categoria-ca"],"yoast_head":"<!-- This site is optimized with the Yoast SEO plugin v22.4 - https:\/\/yoast.com\/wordpress\/plugins\/seo\/ -->\n<title>&quot;Tenim la capacitat d&#039;aportar el m\u00e0xim contingut a la professi\u00f3 perqu\u00e8 sigui efectiva en els objectius sanitaris&quot; - Col\u00b7legi de Farmac\u00e8utics de Barcelona<\/title>\n<meta name=\"robots\" content=\"index, follow, max-snippet:-1, max-image-preview:large, max-video-preview:-1\" \/>\n<link rel=\"canonical\" href=\"https:\/\/novaorg.cofb.net\/2018\/10\/24\/tenim-la-capacitat-daportar-el-maxim-contingut-a-la-professio-perque-sigui-efectiva-en-els-objectius-sanitaris\/\" \/>\n<meta property=\"og:locale\" content=\"ca_ES\" \/>\n<meta property=\"og:type\" content=\"article\" \/>\n<meta property=\"og:title\" content=\"&quot;Tenim la capacitat d&#039;aportar el m\u00e0xim contingut a la professi\u00f3 perqu\u00e8 sigui efectiva en els objectius sanitaris&quot; - Col\u00b7legi de Farmac\u00e8utics de Barcelona\" \/>\n<meta property=\"og:description\" content=\"\u00a0 S\u00f3n declaracions de Jordi de Dalmases, president del Col\u00b7legi de Farmac\u00e8utics de Barcelona (COFB), en la inauguraci\u00f3 de la\u00a0XIV edici\u00f3 del M\u00e0ster de Gesti\u00f3 de l\u2019Oficina de Farm\u00e0cia (MGOF)\u00a0que va tenir lloc el passat 16 d\u2019octubre Durant la inauguraci\u00f3, De Dalmases tamb\u00e9 va destacar que\u00a0els farmac\u00e8utics \u201chem de fer [&hellip;]\" \/>\n<meta property=\"og:url\" content=\"https:\/\/novaorg.cofb.net\/2018\/10\/24\/tenim-la-capacitat-daportar-el-maxim-contingut-a-la-professio-perque-sigui-efectiva-en-els-objectius-sanitaris\/\" \/>\n<meta property=\"og:site_name\" content=\"Col\u00b7legi de Farmac\u00e8utics de Barcelona\" \/>\n<meta property=\"article:publisher\" content=\"https:\/\/www.facebook.com\/farmaceuticsbcn\/\" \/>\n<meta property=\"article:published_time\" content=\"2018-10-24T09:39:00+00:00\" \/>\n<meta name=\"author\" content=\"wpAdminCofbOrg\" \/>\n<meta name=\"twitter:card\" content=\"summary_large_image\" \/>\n<meta name=\"twitter:creator\" content=\"@farmaceuticsbcn\" \/>\n<meta name=\"twitter:site\" content=\"@farmaceuticsbcn\" \/>\n<meta name=\"twitter:label1\" content=\"Escrit per\" \/>\n\t<meta name=\"twitter:data1\" content=\"wpAdminCofbOrg\" \/>\n\t<meta name=\"twitter:label2\" content=\"Temps estimat de lectura\" \/>\n\t<meta name=\"twitter:data2\" content=\"7 minuts\" \/>\n<script type=\"application\/ld+json\" class=\"yoast-schema-graph\">{\"@context\":\"https:\/\/schema.org\",\"@graph\":[{\"@type\":\"Article\",\"@id\":\"https:\/\/novaorg.cofb.net\/2018\/10\/24\/tenim-la-capacitat-daportar-el-maxim-contingut-a-la-professio-perque-sigui-efectiva-en-els-objectius-sanitaris\/#article\",\"isPartOf\":{\"@id\":\"https:\/\/novaorg.cofb.net\/2018\/10\/24\/tenim-la-capacitat-daportar-el-maxim-contingut-a-la-professio-perque-sigui-efectiva-en-els-objectius-sanitaris\/\"},\"author\":{\"name\":\"wpAdminCofbOrg\",\"@id\":\"https:\/\/www.cofb.org\/#\/schema\/person\/22ed7eea88da74b0fa4d3154ad87ffcb\"},\"headline\":\"&#8220;Tenim la capacitat d&#8217;aportar el m\u00e0xim contingut a la professi\u00f3 perqu\u00e8 sigui efectiva en els objectius sanitaris&#8221;\",\"datePublished\":\"2018-10-24T09:39:00+00:00\",\"dateModified\":\"2018-10-24T09:39:00+00:00\",\"mainEntityOfPage\":{\"@id\":\"https:\/\/novaorg.cofb.net\/2018\/10\/24\/tenim-la-capacitat-daportar-el-maxim-contingut-a-la-professio-perque-sigui-efectiva-en-els-objectius-sanitaris\/\"},\"wordCount\":1381,\"publisher\":{\"@id\":\"https:\/\/www.cofb.org\/#organization\"},\"articleSection\":[\"Notes de premsa\"],\"inLanguage\":\"ca\"},{\"@type\":\"WebPage\",\"@id\":\"https:\/\/novaorg.cofb.net\/2018\/10\/24\/tenim-la-capacitat-daportar-el-maxim-contingut-a-la-professio-perque-sigui-efectiva-en-els-objectius-sanitaris\/\",\"url\":\"https:\/\/novaorg.cofb.net\/2018\/10\/24\/tenim-la-capacitat-daportar-el-maxim-contingut-a-la-professio-perque-sigui-efectiva-en-els-objectius-sanitaris\/\",\"name\":\"\\\"Tenim la capacitat d'aportar el m\u00e0xim contingut a la professi\u00f3 perqu\u00e8 sigui efectiva en els objectius sanitaris\\\" - Col\u00b7legi de Farmac\u00e8utics de Barcelona\",\"isPartOf\":{\"@id\":\"https:\/\/www.cofb.org\/#website\"},\"datePublished\":\"2018-10-24T09:39:00+00:00\",\"dateModified\":\"2018-10-24T09:39:00+00:00\",\"breadcrumb\":{\"@id\":\"https:\/\/novaorg.cofb.net\/2018\/10\/24\/tenim-la-capacitat-daportar-el-maxim-contingut-a-la-professio-perque-sigui-efectiva-en-els-objectius-sanitaris\/#breadcrumb\"},\"inLanguage\":\"ca\",\"potentialAction\":[{\"@type\":\"ReadAction\",\"target\":[\"https:\/\/novaorg.cofb.net\/2018\/10\/24\/tenim-la-capacitat-daportar-el-maxim-contingut-a-la-professio-perque-sigui-efectiva-en-els-objectius-sanitaris\/\"]}]},{\"@type\":\"BreadcrumbList\",\"@id\":\"https:\/\/novaorg.cofb.net\/2018\/10\/24\/tenim-la-capacitat-daportar-el-maxim-contingut-a-la-professio-perque-sigui-efectiva-en-els-objectius-sanitaris\/#breadcrumb\",\"itemListElement\":[{\"@type\":\"ListItem\",\"position\":1,\"name\":\"Inici\",\"item\":\"https:\/\/novaorg.cofb.net\/\"},{\"@type\":\"ListItem\",\"position\":2,\"name\":\"&#8220;Tenim la capacitat d&#8217;aportar el m\u00e0xim contingut a la professi\u00f3 perqu\u00e8 sigui efectiva en els objectius sanitaris&#8221;\"}]},{\"@type\":\"WebSite\",\"@id\":\"https:\/\/www.cofb.org\/#website\",\"url\":\"https:\/\/www.cofb.org\/\",\"name\":\"Col\u00b7legi de Farmac\u00e8utics de Barcelona\",\"description\":\"\",\"publisher\":{\"@id\":\"https:\/\/www.cofb.org\/#organization\"},\"potentialAction\":[{\"@type\":\"SearchAction\",\"target\":{\"@type\":\"EntryPoint\",\"urlTemplate\":\"https:\/\/www.cofb.org\/?s={search_term_string}\"},\"query-input\":\"required name=search_term_string\"}],\"inLanguage\":\"ca\"},{\"@type\":\"Organization\",\"@id\":\"https:\/\/www.cofb.org\/#organization\",\"name\":\"Col\u00b7legi de Farmac\u00e8utics de Barcelona\",\"url\":\"https:\/\/www.cofb.org\/\",\"logo\":{\"@type\":\"ImageObject\",\"inLanguage\":\"ca\",\"@id\":\"https:\/\/www.cofb.org\/#\/schema\/logo\/image\/\",\"url\":\"https:\/\/www.cofb.org\/wp-content\/uploads\/2023\/11\/cropped-Logotip-COFB.png\",\"contentUrl\":\"https:\/\/www.cofb.org\/wp-content\/uploads\/2023\/11\/cropped-Logotip-COFB.png\",\"width\":500,\"height\":105,\"caption\":\"Col\u00b7legi de Farmac\u00e8utics de Barcelona\"},\"image\":{\"@id\":\"https:\/\/www.cofb.org\/#\/schema\/logo\/image\/\"},\"sameAs\":[\"https:\/\/www.facebook.com\/farmaceuticsbcn\/\",\"https:\/\/twitter.com\/farmaceuticsbcn\",\"https:\/\/www.instagram.com\/farmaceuticsbcn\/\",\"https:\/\/www.linkedin.com\/company\/farmaceuticsbcn\/\"]},{\"@type\":\"Person\",\"@id\":\"https:\/\/www.cofb.org\/#\/schema\/person\/22ed7eea88da74b0fa4d3154ad87ffcb\",\"name\":\"wpAdminCofbOrg\",\"image\":{\"@type\":\"ImageObject\",\"inLanguage\":\"ca\",\"@id\":\"https:\/\/www.cofb.org\/#\/schema\/person\/image\/\",\"url\":\"https:\/\/secure.gravatar.com\/avatar\/1721b20b3b8ca882c3b56ec6c978c594fff670e40c0718e9190eaeeb76aae7d8?s=96&d=mm&r=g\",\"contentUrl\":\"https:\/\/secure.gravatar.com\/avatar\/1721b20b3b8ca882c3b56ec6c978c594fff670e40c0718e9190eaeeb76aae7d8?s=96&d=mm&r=g\",\"caption\":\"wpAdminCofbOrg\"},\"sameAs\":[\"http:\/\/192.168.64.122\/wordpress\"],\"url\":\"https:\/\/www.cofb.org\/ca\/author\/wpadmincofborg\/\"}]}<\/script>\n<!-- \/ Yoast SEO plugin. -->","yoast_head_json":{"title":"\"Tenim la capacitat d'aportar el m\u00e0xim contingut a la professi\u00f3 perqu\u00e8 sigui efectiva en els objectius sanitaris\" - Col\u00b7legi de Farmac\u00e8utics de Barcelona","robots":{"index":"index","follow":"follow","max-snippet":"max-snippet:-1","max-image-preview":"max-image-preview:large","max-video-preview":"max-video-preview:-1"},"canonical":"https:\/\/novaorg.cofb.net\/2018\/10\/24\/tenim-la-capacitat-daportar-el-maxim-contingut-a-la-professio-perque-sigui-efectiva-en-els-objectius-sanitaris\/","og_locale":"ca_ES","og_type":"article","og_title":"\"Tenim la capacitat d'aportar el m\u00e0xim contingut a la professi\u00f3 perqu\u00e8 sigui efectiva en els objectius sanitaris\" - Col\u00b7legi de Farmac\u00e8utics de Barcelona","og_description":"\u00a0 S\u00f3n declaracions de Jordi de Dalmases, president del Col\u00b7legi de Farmac\u00e8utics de Barcelona (COFB), en la inauguraci\u00f3 de la\u00a0XIV edici\u00f3 del M\u00e0ster de Gesti\u00f3 de l\u2019Oficina de Farm\u00e0cia (MGOF)\u00a0que va tenir lloc el passat 16 d\u2019octubre Durant la inauguraci\u00f3, De Dalmases tamb\u00e9 va destacar que\u00a0els farmac\u00e8utics \u201chem de fer [&hellip;]","og_url":"https:\/\/novaorg.cofb.net\/2018\/10\/24\/tenim-la-capacitat-daportar-el-maxim-contingut-a-la-professio-perque-sigui-efectiva-en-els-objectius-sanitaris\/","og_site_name":"Col\u00b7legi de Farmac\u00e8utics de Barcelona","article_publisher":"https:\/\/www.facebook.com\/farmaceuticsbcn\/","article_published_time":"2018-10-24T09:39:00+00:00","author":"wpAdminCofbOrg","twitter_card":"summary_large_image","twitter_creator":"@farmaceuticsbcn","twitter_site":"@farmaceuticsbcn","twitter_misc":{"Escrit per":"wpAdminCofbOrg","Temps estimat de lectura":"7 minuts"},"schema":{"@context":"https:\/\/schema.org","@graph":[{"@type":"Article","@id":"https:\/\/novaorg.cofb.net\/2018\/10\/24\/tenim-la-capacitat-daportar-el-maxim-contingut-a-la-professio-perque-sigui-efectiva-en-els-objectius-sanitaris\/#article","isPartOf":{"@id":"https:\/\/novaorg.cofb.net\/2018\/10\/24\/tenim-la-capacitat-daportar-el-maxim-contingut-a-la-professio-perque-sigui-efectiva-en-els-objectius-sanitaris\/"},"author":{"name":"wpAdminCofbOrg","@id":"https:\/\/www.cofb.org\/#\/schema\/person\/22ed7eea88da74b0fa4d3154ad87ffcb"},"headline":"&#8220;Tenim la capacitat d&#8217;aportar el m\u00e0xim contingut a la professi\u00f3 perqu\u00e8 sigui efectiva en els objectius sanitaris&#8221;","datePublished":"2018-10-24T09:39:00+00:00","dateModified":"2018-10-24T09:39:00+00:00","mainEntityOfPage":{"@id":"https:\/\/novaorg.cofb.net\/2018\/10\/24\/tenim-la-capacitat-daportar-el-maxim-contingut-a-la-professio-perque-sigui-efectiva-en-els-objectius-sanitaris\/"},"wordCount":1381,"publisher":{"@id":"https:\/\/www.cofb.org\/#organization"},"articleSection":["Notes de premsa"],"inLanguage":"ca"},{"@type":"WebPage","@id":"https:\/\/novaorg.cofb.net\/2018\/10\/24\/tenim-la-capacitat-daportar-el-maxim-contingut-a-la-professio-perque-sigui-efectiva-en-els-objectius-sanitaris\/","url":"https:\/\/novaorg.cofb.net\/2018\/10\/24\/tenim-la-capacitat-daportar-el-maxim-contingut-a-la-professio-perque-sigui-efectiva-en-els-objectius-sanitaris\/","name":"\"Tenim la capacitat d'aportar el m\u00e0xim contingut a la professi\u00f3 perqu\u00e8 sigui efectiva en els objectius sanitaris\" - Col\u00b7legi de Farmac\u00e8utics de Barcelona","isPartOf":{"@id":"https:\/\/www.cofb.org\/#website"},"datePublished":"2018-10-24T09:39:00+00:00","dateModified":"2018-10-24T09:39:00+00:00","breadcrumb":{"@id":"https:\/\/novaorg.cofb.net\/2018\/10\/24\/tenim-la-capacitat-daportar-el-maxim-contingut-a-la-professio-perque-sigui-efectiva-en-els-objectius-sanitaris\/#breadcrumb"},"inLanguage":"ca","potentialAction":[{"@type":"ReadAction","target":["https:\/\/novaorg.cofb.net\/2018\/10\/24\/tenim-la-capacitat-daportar-el-maxim-contingut-a-la-professio-perque-sigui-efectiva-en-els-objectius-sanitaris\/"]}]},{"@type":"BreadcrumbList","@id":"https:\/\/novaorg.cofb.net\/2018\/10\/24\/tenim-la-capacitat-daportar-el-maxim-contingut-a-la-professio-perque-sigui-efectiva-en-els-objectius-sanitaris\/#breadcrumb","itemListElement":[{"@type":"ListItem","position":1,"name":"Inici","item":"https:\/\/novaorg.cofb.net\/"},{"@type":"ListItem","position":2,"name":"&#8220;Tenim la capacitat d&#8217;aportar el m\u00e0xim contingut a la professi\u00f3 perqu\u00e8 sigui efectiva en els objectius sanitaris&#8221;"}]},{"@type":"WebSite","@id":"https:\/\/www.cofb.org\/#website","url":"https:\/\/www.cofb.org\/","name":"Col\u00b7legi de Farmac\u00e8utics de Barcelona","description":"","publisher":{"@id":"https:\/\/www.cofb.org\/#organization"},"potentialAction":[{"@type":"SearchAction","target":{"@type":"EntryPoint","urlTemplate":"https:\/\/www.cofb.org\/?s={search_term_string}"},"query-input":"required name=search_term_string"}],"inLanguage":"ca"},{"@type":"Organization","@id":"https:\/\/www.cofb.org\/#organization","name":"Col\u00b7legi de Farmac\u00e8utics de Barcelona","url":"https:\/\/www.cofb.org\/","logo":{"@type":"ImageObject","inLanguage":"ca","@id":"https:\/\/www.cofb.org\/#\/schema\/logo\/image\/","url":"https:\/\/www.cofb.org\/wp-content\/uploads\/2023\/11\/cropped-Logotip-COFB.png","contentUrl":"https:\/\/www.cofb.org\/wp-content\/uploads\/2023\/11\/cropped-Logotip-COFB.png","width":500,"height":105,"caption":"Col\u00b7legi de Farmac\u00e8utics de Barcelona"},"image":{"@id":"https:\/\/www.cofb.org\/#\/schema\/logo\/image\/"},"sameAs":["https:\/\/www.facebook.com\/farmaceuticsbcn\/","https:\/\/twitter.com\/farmaceuticsbcn","https:\/\/www.instagram.com\/farmaceuticsbcn\/","https:\/\/www.linkedin.com\/company\/farmaceuticsbcn\/"]},{"@type":"Person","@id":"https:\/\/www.cofb.org\/#\/schema\/person\/22ed7eea88da74b0fa4d3154ad87ffcb","name":"wpAdminCofbOrg","image":{"@type":"ImageObject","inLanguage":"ca","@id":"https:\/\/www.cofb.org\/#\/schema\/person\/image\/","url":"https:\/\/secure.gravatar.com\/avatar\/1721b20b3b8ca882c3b56ec6c978c594fff670e40c0718e9190eaeeb76aae7d8?s=96&d=mm&r=g","contentUrl":"https:\/\/secure.gravatar.com\/avatar\/1721b20b3b8ca882c3b56ec6c978c594fff670e40c0718e9190eaeeb76aae7d8?s=96&d=mm&r=g","caption":"wpAdminCofbOrg"},"sameAs":["http:\/\/192.168.64.122\/wordpress"],"url":"https:\/\/www.cofb.org\/ca\/author\/wpadmincofborg\/"}]}},"uagb_featured_image_src":{"full":false,"thumbnail":false,"medium":false,"medium_large":false,"large":false,"1536x1536":false,"2048x2048":false,"trp-custom-language-flag":false},"uagb_author_info":{"display_name":"wpAdminCofbOrg","author_link":"https:\/\/www.cofb.org\/ca\/author\/wpadmincofborg\/"},"uagb_comment_info":0,"uagb_excerpt":"\u00a0 S\u00f3n declaracions de Jordi de Dalmases, president del Col\u00b7legi de Farmac\u00e8utics de Barcelona (COFB), en la inauguraci\u00f3 de la\u00a0XIV edici\u00f3 del M\u00e0ster de Gesti\u00f3 de l\u2019Oficina de Farm\u00e0cia (MGOF)\u00a0que va tenir lloc el passat 16 d\u2019octubre Durant la inauguraci\u00f3, De Dalmases tamb\u00e9 va destacar que\u00a0els farmac\u00e8utics \u201chem de fer [&hellip;]","_links":{"self":[{"href":"https:\/\/www.cofb.org\/ca\/wp-json\/wp\/v2\/posts\/77253","targetHints":{"allow":["GET"]}}],"collection":[{"href":"https:\/\/www.cofb.org\/ca\/wp-json\/wp\/v2\/posts"}],"about":[{"href":"https:\/\/www.cofb.org\/ca\/wp-json\/wp\/v2\/types\/post"}],"author":[{"embeddable":true,"href":"https:\/\/www.cofb.org\/ca\/wp-json\/wp\/v2\/users\/1"}],"replies":[{"embeddable":true,"href":"https:\/\/www.cofb.org\/ca\/wp-json\/wp\/v2\/comments?post=77253"}],"version-history":[{"count":0,"href":"https:\/\/www.cofb.org\/ca\/wp-json\/wp\/v2\/posts\/77253\/revisions"}],"wp:attachment":[{"href":"https:\/\/www.cofb.org\/ca\/wp-json\/wp\/v2\/media?parent=77253"}],"wp:term":[{"taxonomy":"category","embeddable":true,"href":"https:\/\/www.cofb.org\/ca\/wp-json\/wp\/v2\/categories?post=77253"},{"taxonomy":"post_tag","embeddable":true,"href":"https:\/\/www.cofb.org\/ca\/wp-json\/wp\/v2\/tags?post=77253"}],"curies":[{"name":"wp","href":"https:\/\/api.w.org\/{rel}","templated":true}]}}