{"id":77252,"date":"2018-10-30T09:22:00","date_gmt":"2018-10-30T09:22:00","guid":{"rendered":"https:\/\/novaorg.cofb.net\/2018\/10\/30\/la-salut-ens-conecta-lema-dinfarma-2019\/"},"modified":"2018-10-30T09:22:00","modified_gmt":"2018-10-30T09:22:00","slug":"la-salut-ens-conecta-lema-dinfarma-2019","status":"publish","type":"post","link":"https:\/\/www.cofb.org\/ca\/2018\/10\/30\/la-salut-ens-conecta-lema-dinfarma-2019\/","title":{"rendered":"&#8220;La salut ens conecta&#8221;, lema d&#8217;Infarma 2019"},"content":{"rendered":"<p>\u00a0<\/p>\n<p>El Congr\u00e9s i Sal\u00f3 Europeu d\u2019Oficina de Farm\u00e0cia se celebrar\u00e0 els dies 19, 20 i 21 de mar\u00e7 al recinte Gran Via de Fira de Barcelona<br \/>\nAmb aquest lema es ressalta la import\u00e0ncia de l\u2019extensa xarxa de farm\u00e0cies que tenim actualment i que tenen com a nexe com\u00fa la voluntat de millorar la salut de les persones<br \/>\nA finals del mes de setembre, es va reunir per primera vegada el Comit\u00e8 Cient\u00edfic per abordar, entre d\u2019altres, el disseny i l\u2019estructura del programa cient\u00edfic de la 31a edici\u00f3<br \/>\nBarcelona, 30 d\u2019octubre de 2018. \u201cLa salut ens connecta\u201d ha estat el lema escollit per encap\u00e7alar la 31a edici\u00f3 d\u2019Infarma Barcelona 2019, organitzada pel Col\u00b7legi de Farmac\u00e8utics de Barcelona (COFB), el Col\u00b7legi de Farmac\u00e8utics de Madrid (COFM) i Interalia, que enguany se celebrar\u00e0 del 19 al 21 de mar\u00e7 al recinte Gran Via de Fira Barcelona.<\/p>\n<p>\u201cAmb aquest lema hem volgut ressaltar la import\u00e0ncia de l\u2019extensa xarxa de farm\u00e0cies actual que t\u00e9 com a nexe com\u00fa la voluntat de millorar la salut de les persones\u201d, va explicar Francisca Aranzana, vocal d\u2019Oficina de Farm\u00e0cia del COFB i directora del Congr\u00e9s.<\/p>\n<p>\u201cLa salut connecta els farmac\u00e8utics amb tres grans protagonistes de l\u2019escenari sanitari\u201d<\/p>\n<p>Aix\u00ed mateix, Aranzana tamb\u00e9 va exposar que \u201cla salut connecta els farmac\u00e8utics amb tres grans protagonistes de l\u2019escenari sanitari\u201d. En primer lloc, \u201camb el propi col\u00b7lectiu farmac\u00e8utic, ja que sempre busquem oferir la nostra millor versi\u00f3 professional, que constantment s\u2019actualitza i evoluciona per aportar valor a la societat\u201d. En segon lloc, \u201camb la resta de professionals sanitaris; amb els quals els farmac\u00e8utics coordinem les nostres activitats per trobar solucions conjuntes als reptes presents i futurs, sempre amb la mirada posada en el pacient\u201d. I, finalment, \u201camb les persones, a les quals volem oferir una atenci\u00f3 \u00f2ptima, que es tradueixi en un increment de la seva qualitat de vida i del seu benestar i, alhora, en uns millors resultats de salut\u201d.<\/p>\n<p>A m\u00e9s, la directora del Congr\u00e9s considera que \u201cLa salut ens connecta\u201d reflecteix tamb\u00e9 \u201cl\u2019entorn tecnol\u00f2gic i m\u00e9s connectat que mai en qu\u00e8 vol estar present la farm\u00e0cia\u201d. \u201cLes noves tecnologies i la innovaci\u00f3 permeten fer arribar m\u00e9s lluny la tasca di\u00e0ria dels professionals farmac\u00e8utics i faciliten el treball en equip i en una mateixa direcci\u00f3\u201d, va apuntar.<\/p>\n<p>Primera reuni\u00f3 del Comit\u00e8 Cient\u00edfic<br \/>\nA finals del mes de setembre, el Comit\u00e8 Cient\u00edfic del Congr\u00e9s va celebrar la primera reuni\u00f3. Entre altres temes, es va abordar el disseny i l\u2019estructura del programa cient\u00edfic per continuar fent d\u2019Infarma la cita id\u00f2nia per intercanviar experi\u00e8ncies, exposar les novetats del sector i recollir qu\u00e8 es pot aportar a la societat des de la farm\u00e0cia.<\/p>\n<p>Infarma amplia la superf\u00edcie d&#8217;exposici\u00f3<br \/>\nInfarma Barcelona 2019 ja ha cobert m\u00e9s del 90% de superf\u00edcie d&#8217;exposici\u00f3 prevista, motiu pel qual s&#8217;ha decidit ampliar el seu espai. Gr\u00e0cies al Sal\u00f3 de Medicaments i Parafarm\u00e0cia, les empreses del sector farmac\u00e8utic tindran l&#8217;oportunitat d&#8217;apropar-se, a trav\u00e9s de la seva pres\u00e8ncia en estands, als milers de professionals que participaran en aquesta cita europea de la farm\u00e0cia.<\/p>\n<p>Per a m\u00e9s informaci\u00f3:<\/p>\n<p>Departament de Comunicaci\u00f3 del Col\u00b7legi de Farmac\u00e8utics de Barcelona (COFB)<\/p>\n<p>Tel\u00e8fon: 93 244 07 28 \/ 18<\/p>\n<p><a href=\"mailto:premsa@cofb.net\">premsa@cofb.net<\/a><\/p>\n<p>Web d\u2019Infarma: <a href=\"http:\/\/infarma.es\/\">http:\/\/infarma.es\/<\/a><\/p>\n<p>\u00a0El Congr\u00e9s i Sal\u00f3 Europeu d\u2019Oficina de Farm\u00e0cia se celebrar\u00e0 els dies 19, 20 i 21 de mar\u00e7 al recinte Gran Via de Fira de Barcelona<br \/>\nAmb aquest lema es ressalta la import\u00e0ncia de l\u2019extensa xarxa de farm\u00e0cies que tenim actualment i que tenen com a nexe com\u00fa la voluntat de millorar la salut de les persones<br \/>\nA finals del mes de setembre, es va reunir per primera vegada el Comit\u00e8 Cient\u00edfic per abordar, entre d\u2019altres, el disseny i l\u2019estructura del programa cient\u00edfic de la 31a edici\u00f3<br \/>\nBarcelona, 30 d\u2019octubre de 2018. \u201cLa salut ens connecta\u201d ha estat el lema escollit per encap\u00e7alar la 31a edici\u00f3 d\u2019Infarma Barcelona 2019, organitzada pel Col\u00b7legi de Farmac\u00e8utics de Barcelona (COFB), el Col\u00b7legi de Farmac\u00e8utics de Madrid (COFM) i Interalia, que enguany se celebrar\u00e0 del 19 al 21 de mar\u00e7 al recinte Gran Via de Fira Barcelona.<\/p>\n<p>\u201cAmb aquest lema hem volgut ressaltar la import\u00e0ncia de l\u2019extensa xarxa de farm\u00e0cies actual que t\u00e9 com a nexe com\u00fa la voluntat de millorar la salut de les persones\u201d, va explicar Francisca Aranzana, vocal d\u2019Oficina de Farm\u00e0cia del COFB i directora del Congr\u00e9s.<\/p>\n<p>\u201cLa salut connecta els farmac\u00e8utics amb tres grans protagonistes de l\u2019escenari sanitari\u201d<\/p>\n<p>Aix\u00ed mateix, Aranzana tamb\u00e9 va exposar que \u201cla salut connecta els farmac\u00e8utics amb tres grans protagonistes de l\u2019escenari sanitari\u201d. En primer lloc, \u201camb el propi col\u00b7lectiu farmac\u00e8utic, ja que sempre busquem oferir la nostra millor versi\u00f3 professional, que constantment s\u2019actualitza i evoluciona per aportar valor a la societat\u201d. En segon lloc, \u201camb la resta de professionals sanitaris; amb els quals els farmac\u00e8utics coordinem les nostres activitats per trobar solucions conjuntes als reptes presents i futurs, sempre amb la mirada posada en el pacient\u201d. I, finalment, \u201camb les persones, a les quals volem oferir una atenci\u00f3 \u00f2ptima, que es tradueixi en un increment de la seva qualitat de vida i del seu benestar i, alhora, en uns millors resultats de salut\u201d.<\/p>\n<p>A m\u00e9s, la directora del Congr\u00e9s considera que \u201cLa salut ens connecta\u201d reflecteix tamb\u00e9 \u201cl\u2019entorn tecnol\u00f2gic i m\u00e9s connectat que mai en qu\u00e8 vol estar present la farm\u00e0cia\u201d. \u201cLes noves tecnologies i la innovaci\u00f3 permeten fer arribar m\u00e9s lluny la tasca di\u00e0ria dels professionals farmac\u00e8utics i faciliten el treball en equip i en una mateixa direcci\u00f3\u201d, va apuntar.<\/p>\n<p>Primera reuni\u00f3 del Comit\u00e8 Cient\u00edfic<br \/>\nA finals del mes de setembre, el Comit\u00e8 Cient\u00edfic del Congr\u00e9s va celebrar la primera reuni\u00f3. Entre altres temes, es va abordar el disseny i l\u2019estructura del programa cient\u00edfic per continuar fent d\u2019Infarma la cita id\u00f2nia per intercanviar experi\u00e8ncies, exposar les novetats del sector i recollir qu\u00e8 es pot aportar a la societat des de la farm\u00e0cia.<\/p>\n<p>Infarma amplia la superf\u00edcie d&#8217;exposici\u00f3<br \/>\nInfarma Barcelona 2019 ja ha cobert m\u00e9s del 90% de superf\u00edcie d&#8217;exposici\u00f3 prevista, motiu pel qual s&#8217;ha decidit ampliar el seu espai. Gr\u00e0cies al Sal\u00f3 de Medicaments i Parafarm\u00e0cia, les empreses del sector farmac\u00e8utic tindran l&#8217;oportunitat d&#8217;apropar-se, a trav\u00e9s de la seva pres\u00e8ncia en estands, als milers de professionals que participaran en aquesta cita europea de la farm\u00e0cia.<\/p>\n<p>Per a m\u00e9s informaci\u00f3:<\/p>\n<p>Departament de Comunicaci\u00f3 del Col\u00b7legi de Farmac\u00e8utics de Barcelona (COFB)<\/p>\n<p>Tel\u00e8fon: 93 244 07 28 \/ 18<\/p>\n<p>premsa@cofb.net<\/p>\n<p>Web d\u2019Infarma: http:\/\/infarma.es\/\u00a0\u00a0COFB.ORG<\/p>\n","protected":false},"excerpt":{"rendered":"<p>\u00a0 El Congr\u00e9s i Sal\u00f3 Europeu d\u2019Oficina de Farm\u00e0cia se celebrar\u00e0 els dies 19, 20 i 21 de mar\u00e7 al recinte Gran Via de Fira de Barcelona Amb aquest lema es ressalta la import\u00e0ncia de l\u2019extensa xarxa de farm\u00e0cies que tenim actualment i que tenen com a nexe com\u00fa la [&hellip;]<\/p>\n","protected":false},"author":1,"featured_media":0,"comment_status":"","ping_status":"","sticky":false,"template":"","format":"standard","meta":{"_uag_custom_page_level_css":"","site-sidebar-layout":"default","site-content-layout":"","ast-site-content-layout":"default","site-content-style":"default","site-sidebar-style":"default","ast-global-header-display":"","ast-banner-title-visibility":"","ast-main-header-display":"","ast-hfb-above-header-display":"","ast-hfb-below-header-display":"","ast-hfb-mobile-header-display":"","site-post-title":"","ast-breadcrumbs-content":"","ast-featured-img":"disabled","footer-sml-layout":"","theme-transparent-header-meta":"","adv-header-id-meta":"","stick-header-meta":"","header-above-stick-meta":"","header-main-stick-meta":"","header-below-stick-meta":"","astra-migrate-meta-layouts":"default","ast-page-background-enabled":"default","ast-page-background-meta":{"desktop":{"background-color":"var(--ast-global-color-4)","background-image":"","background-repeat":"repeat","background-position":"center center","background-size":"auto","background-attachment":"scroll","background-type":"","background-media":"","overlay-type":"","overlay-color":"","overlay-opacity":"","overlay-gradient":""},"tablet":{"background-color":"","background-image":"","background-repeat":"repeat","background-position":"center center","background-size":"auto","background-attachment":"scroll","background-type":"","background-media":"","overlay-type":"","overlay-color":"","overlay-opacity":"","overlay-gradient":""},"mobile":{"background-color":"","background-image":"","background-repeat":"repeat","background-position":"center center","background-size":"auto","background-attachment":"scroll","background-type":"","background-media":"","overlay-type":"","overlay-color":"","overlay-opacity":"","overlay-gradient":""}},"ast-content-background-meta":{"desktop":{"background-color":"var(--ast-global-color-5)","background-image":"","background-repeat":"repeat","background-position":"center center","background-size":"auto","background-attachment":"scroll","background-type":"","background-media":"","overlay-type":"","overlay-color":"","overlay-opacity":"","overlay-gradient":""},"tablet":{"background-color":"var(--ast-global-color-5)","background-image":"","background-repeat":"repeat","background-position":"center center","background-size":"auto","background-attachment":"scroll","background-type":"","background-media":"","overlay-type":"","overlay-color":"","overlay-opacity":"","overlay-gradient":""},"mobile":{"background-color":"var(--ast-global-color-5)","background-image":"","background-repeat":"repeat","background-position":"center center","background-size":"auto","background-attachment":"scroll","background-type":"","background-media":"","overlay-type":"","overlay-color":"","overlay-opacity":"","overlay-gradient":""}},"footnotes":""},"categories":[1060,1066],"tags":[],"class_list":["post-77252","post","type-post","status-publish","format-standard","hentry","category-notes-premsa","category-sense-categoria-ca"],"yoast_head":"<!-- This site is optimized with the Yoast SEO plugin v22.4 - https:\/\/yoast.com\/wordpress\/plugins\/seo\/ -->\n<title>&quot;La salut ens conecta&quot;, lema d&#039;Infarma 2019 - Col\u00b7legi de Farmac\u00e8utics de Barcelona<\/title>\n<meta name=\"robots\" content=\"index, follow, max-snippet:-1, max-image-preview:large, max-video-preview:-1\" \/>\n<link rel=\"canonical\" href=\"https:\/\/novaorg.cofb.net\/2018\/10\/30\/la-salut-ens-conecta-lema-dinfarma-2019\/\" \/>\n<meta property=\"og:locale\" content=\"ca_ES\" \/>\n<meta property=\"og:type\" content=\"article\" \/>\n<meta property=\"og:title\" content=\"&quot;La salut ens conecta&quot;, lema d&#039;Infarma 2019 - Col\u00b7legi de Farmac\u00e8utics de Barcelona\" \/>\n<meta property=\"og:description\" content=\"\u00a0 El Congr\u00e9s i Sal\u00f3 Europeu d\u2019Oficina de Farm\u00e0cia se celebrar\u00e0 els dies 19, 20 i 21 de mar\u00e7 al recinte Gran Via de Fira de Barcelona Amb aquest lema es ressalta la import\u00e0ncia de l\u2019extensa xarxa de farm\u00e0cies que tenim actualment i que tenen com a nexe com\u00fa la [&hellip;]\" \/>\n<meta property=\"og:url\" content=\"https:\/\/novaorg.cofb.net\/2018\/10\/30\/la-salut-ens-conecta-lema-dinfarma-2019\/\" \/>\n<meta property=\"og:site_name\" content=\"Col\u00b7legi de Farmac\u00e8utics de Barcelona\" \/>\n<meta property=\"article:publisher\" content=\"https:\/\/www.facebook.com\/farmaceuticsbcn\/\" \/>\n<meta property=\"article:published_time\" content=\"2018-10-30T09:22:00+00:00\" \/>\n<meta name=\"author\" content=\"wpAdminCofbOrg\" \/>\n<meta name=\"twitter:card\" content=\"summary_large_image\" \/>\n<meta name=\"twitter:creator\" content=\"@farmaceuticsbcn\" \/>\n<meta name=\"twitter:site\" content=\"@farmaceuticsbcn\" \/>\n<meta name=\"twitter:label1\" content=\"Escrit per\" \/>\n\t<meta name=\"twitter:data1\" content=\"wpAdminCofbOrg\" \/>\n\t<meta name=\"twitter:label2\" content=\"Temps estimat de lectura\" \/>\n\t<meta name=\"twitter:data2\" content=\"6 minuts\" \/>\n<script type=\"application\/ld+json\" class=\"yoast-schema-graph\">{\"@context\":\"https:\/\/schema.org\",\"@graph\":[{\"@type\":\"Article\",\"@id\":\"https:\/\/novaorg.cofb.net\/2018\/10\/30\/la-salut-ens-conecta-lema-dinfarma-2019\/#article\",\"isPartOf\":{\"@id\":\"https:\/\/novaorg.cofb.net\/2018\/10\/30\/la-salut-ens-conecta-lema-dinfarma-2019\/\"},\"author\":{\"name\":\"wpAdminCofbOrg\",\"@id\":\"https:\/\/www.cofb.org\/#\/schema\/person\/22ed7eea88da74b0fa4d3154ad87ffcb\"},\"headline\":\"&#8220;La salut ens conecta&#8221;, lema d&#8217;Infarma 2019\",\"datePublished\":\"2018-10-30T09:22:00+00:00\",\"dateModified\":\"2018-10-30T09:22:00+00:00\",\"mainEntityOfPage\":{\"@id\":\"https:\/\/novaorg.cofb.net\/2018\/10\/30\/la-salut-ens-conecta-lema-dinfarma-2019\/\"},\"wordCount\":1173,\"publisher\":{\"@id\":\"https:\/\/www.cofb.org\/#organization\"},\"articleSection\":[\"Notes de premsa\"],\"inLanguage\":\"ca\"},{\"@type\":\"WebPage\",\"@id\":\"https:\/\/novaorg.cofb.net\/2018\/10\/30\/la-salut-ens-conecta-lema-dinfarma-2019\/\",\"url\":\"https:\/\/novaorg.cofb.net\/2018\/10\/30\/la-salut-ens-conecta-lema-dinfarma-2019\/\",\"name\":\"\\\"La salut ens conecta\\\", lema d'Infarma 2019 - Col\u00b7legi de Farmac\u00e8utics de Barcelona\",\"isPartOf\":{\"@id\":\"https:\/\/www.cofb.org\/#website\"},\"datePublished\":\"2018-10-30T09:22:00+00:00\",\"dateModified\":\"2018-10-30T09:22:00+00:00\",\"breadcrumb\":{\"@id\":\"https:\/\/novaorg.cofb.net\/2018\/10\/30\/la-salut-ens-conecta-lema-dinfarma-2019\/#breadcrumb\"},\"inLanguage\":\"ca\",\"potentialAction\":[{\"@type\":\"ReadAction\",\"target\":[\"https:\/\/novaorg.cofb.net\/2018\/10\/30\/la-salut-ens-conecta-lema-dinfarma-2019\/\"]}]},{\"@type\":\"BreadcrumbList\",\"@id\":\"https:\/\/novaorg.cofb.net\/2018\/10\/30\/la-salut-ens-conecta-lema-dinfarma-2019\/#breadcrumb\",\"itemListElement\":[{\"@type\":\"ListItem\",\"position\":1,\"name\":\"Inici\",\"item\":\"https:\/\/novaorg.cofb.net\/\"},{\"@type\":\"ListItem\",\"position\":2,\"name\":\"&#8220;La salut ens conecta&#8221;, lema d&#8217;Infarma 2019\"}]},{\"@type\":\"WebSite\",\"@id\":\"https:\/\/www.cofb.org\/#website\",\"url\":\"https:\/\/www.cofb.org\/\",\"name\":\"Col\u00b7legi de Farmac\u00e8utics de Barcelona\",\"description\":\"\",\"publisher\":{\"@id\":\"https:\/\/www.cofb.org\/#organization\"},\"potentialAction\":[{\"@type\":\"SearchAction\",\"target\":{\"@type\":\"EntryPoint\",\"urlTemplate\":\"https:\/\/www.cofb.org\/?s={search_term_string}\"},\"query-input\":\"required name=search_term_string\"}],\"inLanguage\":\"ca\"},{\"@type\":\"Organization\",\"@id\":\"https:\/\/www.cofb.org\/#organization\",\"name\":\"Col\u00b7legi de Farmac\u00e8utics de Barcelona\",\"url\":\"https:\/\/www.cofb.org\/\",\"logo\":{\"@type\":\"ImageObject\",\"inLanguage\":\"ca\",\"@id\":\"https:\/\/www.cofb.org\/#\/schema\/logo\/image\/\",\"url\":\"https:\/\/www.cofb.org\/wp-content\/uploads\/2023\/11\/cropped-Logotip-COFB.png\",\"contentUrl\":\"https:\/\/www.cofb.org\/wp-content\/uploads\/2023\/11\/cropped-Logotip-COFB.png\",\"width\":500,\"height\":105,\"caption\":\"Col\u00b7legi de Farmac\u00e8utics de Barcelona\"},\"image\":{\"@id\":\"https:\/\/www.cofb.org\/#\/schema\/logo\/image\/\"},\"sameAs\":[\"https:\/\/www.facebook.com\/farmaceuticsbcn\/\",\"https:\/\/twitter.com\/farmaceuticsbcn\",\"https:\/\/www.instagram.com\/farmaceuticsbcn\/\",\"https:\/\/www.linkedin.com\/company\/farmaceuticsbcn\/\"]},{\"@type\":\"Person\",\"@id\":\"https:\/\/www.cofb.org\/#\/schema\/person\/22ed7eea88da74b0fa4d3154ad87ffcb\",\"name\":\"wpAdminCofbOrg\",\"image\":{\"@type\":\"ImageObject\",\"inLanguage\":\"ca\",\"@id\":\"https:\/\/www.cofb.org\/#\/schema\/person\/image\/\",\"url\":\"https:\/\/secure.gravatar.com\/avatar\/1721b20b3b8ca882c3b56ec6c978c594fff670e40c0718e9190eaeeb76aae7d8?s=96&d=mm&r=g\",\"contentUrl\":\"https:\/\/secure.gravatar.com\/avatar\/1721b20b3b8ca882c3b56ec6c978c594fff670e40c0718e9190eaeeb76aae7d8?s=96&d=mm&r=g\",\"caption\":\"wpAdminCofbOrg\"},\"sameAs\":[\"http:\/\/192.168.64.122\/wordpress\"],\"url\":\"https:\/\/www.cofb.org\/ca\/author\/wpadmincofborg\/\"}]}<\/script>\n<!-- \/ Yoast SEO plugin. -->","yoast_head_json":{"title":"\"La salut ens conecta\", lema d'Infarma 2019 - Col\u00b7legi de Farmac\u00e8utics de Barcelona","robots":{"index":"index","follow":"follow","max-snippet":"max-snippet:-1","max-image-preview":"max-image-preview:large","max-video-preview":"max-video-preview:-1"},"canonical":"https:\/\/novaorg.cofb.net\/2018\/10\/30\/la-salut-ens-conecta-lema-dinfarma-2019\/","og_locale":"ca_ES","og_type":"article","og_title":"\"La salut ens conecta\", lema d'Infarma 2019 - Col\u00b7legi de Farmac\u00e8utics de Barcelona","og_description":"\u00a0 El Congr\u00e9s i Sal\u00f3 Europeu d\u2019Oficina de Farm\u00e0cia se celebrar\u00e0 els dies 19, 20 i 21 de mar\u00e7 al recinte Gran Via de Fira de Barcelona Amb aquest lema es ressalta la import\u00e0ncia de l\u2019extensa xarxa de farm\u00e0cies que tenim actualment i que tenen com a nexe com\u00fa la [&hellip;]","og_url":"https:\/\/novaorg.cofb.net\/2018\/10\/30\/la-salut-ens-conecta-lema-dinfarma-2019\/","og_site_name":"Col\u00b7legi de Farmac\u00e8utics de Barcelona","article_publisher":"https:\/\/www.facebook.com\/farmaceuticsbcn\/","article_published_time":"2018-10-30T09:22:00+00:00","author":"wpAdminCofbOrg","twitter_card":"summary_large_image","twitter_creator":"@farmaceuticsbcn","twitter_site":"@farmaceuticsbcn","twitter_misc":{"Escrit per":"wpAdminCofbOrg","Temps estimat de lectura":"6 minuts"},"schema":{"@context":"https:\/\/schema.org","@graph":[{"@type":"Article","@id":"https:\/\/novaorg.cofb.net\/2018\/10\/30\/la-salut-ens-conecta-lema-dinfarma-2019\/#article","isPartOf":{"@id":"https:\/\/novaorg.cofb.net\/2018\/10\/30\/la-salut-ens-conecta-lema-dinfarma-2019\/"},"author":{"name":"wpAdminCofbOrg","@id":"https:\/\/www.cofb.org\/#\/schema\/person\/22ed7eea88da74b0fa4d3154ad87ffcb"},"headline":"&#8220;La salut ens conecta&#8221;, lema d&#8217;Infarma 2019","datePublished":"2018-10-30T09:22:00+00:00","dateModified":"2018-10-30T09:22:00+00:00","mainEntityOfPage":{"@id":"https:\/\/novaorg.cofb.net\/2018\/10\/30\/la-salut-ens-conecta-lema-dinfarma-2019\/"},"wordCount":1173,"publisher":{"@id":"https:\/\/www.cofb.org\/#organization"},"articleSection":["Notes de premsa"],"inLanguage":"ca"},{"@type":"WebPage","@id":"https:\/\/novaorg.cofb.net\/2018\/10\/30\/la-salut-ens-conecta-lema-dinfarma-2019\/","url":"https:\/\/novaorg.cofb.net\/2018\/10\/30\/la-salut-ens-conecta-lema-dinfarma-2019\/","name":"\"La salut ens conecta\", lema d'Infarma 2019 - Col\u00b7legi de Farmac\u00e8utics de Barcelona","isPartOf":{"@id":"https:\/\/www.cofb.org\/#website"},"datePublished":"2018-10-30T09:22:00+00:00","dateModified":"2018-10-30T09:22:00+00:00","breadcrumb":{"@id":"https:\/\/novaorg.cofb.net\/2018\/10\/30\/la-salut-ens-conecta-lema-dinfarma-2019\/#breadcrumb"},"inLanguage":"ca","potentialAction":[{"@type":"ReadAction","target":["https:\/\/novaorg.cofb.net\/2018\/10\/30\/la-salut-ens-conecta-lema-dinfarma-2019\/"]}]},{"@type":"BreadcrumbList","@id":"https:\/\/novaorg.cofb.net\/2018\/10\/30\/la-salut-ens-conecta-lema-dinfarma-2019\/#breadcrumb","itemListElement":[{"@type":"ListItem","position":1,"name":"Inici","item":"https:\/\/novaorg.cofb.net\/"},{"@type":"ListItem","position":2,"name":"&#8220;La salut ens conecta&#8221;, lema d&#8217;Infarma 2019"}]},{"@type":"WebSite","@id":"https:\/\/www.cofb.org\/#website","url":"https:\/\/www.cofb.org\/","name":"Col\u00b7legi de Farmac\u00e8utics de Barcelona","description":"","publisher":{"@id":"https:\/\/www.cofb.org\/#organization"},"potentialAction":[{"@type":"SearchAction","target":{"@type":"EntryPoint","urlTemplate":"https:\/\/www.cofb.org\/?s={search_term_string}"},"query-input":"required name=search_term_string"}],"inLanguage":"ca"},{"@type":"Organization","@id":"https:\/\/www.cofb.org\/#organization","name":"Col\u00b7legi de Farmac\u00e8utics de Barcelona","url":"https:\/\/www.cofb.org\/","logo":{"@type":"ImageObject","inLanguage":"ca","@id":"https:\/\/www.cofb.org\/#\/schema\/logo\/image\/","url":"https:\/\/www.cofb.org\/wp-content\/uploads\/2023\/11\/cropped-Logotip-COFB.png","contentUrl":"https:\/\/www.cofb.org\/wp-content\/uploads\/2023\/11\/cropped-Logotip-COFB.png","width":500,"height":105,"caption":"Col\u00b7legi de Farmac\u00e8utics de Barcelona"},"image":{"@id":"https:\/\/www.cofb.org\/#\/schema\/logo\/image\/"},"sameAs":["https:\/\/www.facebook.com\/farmaceuticsbcn\/","https:\/\/twitter.com\/farmaceuticsbcn","https:\/\/www.instagram.com\/farmaceuticsbcn\/","https:\/\/www.linkedin.com\/company\/farmaceuticsbcn\/"]},{"@type":"Person","@id":"https:\/\/www.cofb.org\/#\/schema\/person\/22ed7eea88da74b0fa4d3154ad87ffcb","name":"wpAdminCofbOrg","image":{"@type":"ImageObject","inLanguage":"ca","@id":"https:\/\/www.cofb.org\/#\/schema\/person\/image\/","url":"https:\/\/secure.gravatar.com\/avatar\/1721b20b3b8ca882c3b56ec6c978c594fff670e40c0718e9190eaeeb76aae7d8?s=96&d=mm&r=g","contentUrl":"https:\/\/secure.gravatar.com\/avatar\/1721b20b3b8ca882c3b56ec6c978c594fff670e40c0718e9190eaeeb76aae7d8?s=96&d=mm&r=g","caption":"wpAdminCofbOrg"},"sameAs":["http:\/\/192.168.64.122\/wordpress"],"url":"https:\/\/www.cofb.org\/ca\/author\/wpadmincofborg\/"}]}},"uagb_featured_image_src":{"full":false,"thumbnail":false,"medium":false,"medium_large":false,"large":false,"1536x1536":false,"2048x2048":false,"trp-custom-language-flag":false},"uagb_author_info":{"display_name":"wpAdminCofbOrg","author_link":"https:\/\/www.cofb.org\/ca\/author\/wpadmincofborg\/"},"uagb_comment_info":0,"uagb_excerpt":"\u00a0 El Congr\u00e9s i Sal\u00f3 Europeu d\u2019Oficina de Farm\u00e0cia se celebrar\u00e0 els dies 19, 20 i 21 de mar\u00e7 al recinte Gran Via de Fira de Barcelona Amb aquest lema es ressalta la import\u00e0ncia de l\u2019extensa xarxa de farm\u00e0cies que tenim actualment i que tenen com a nexe com\u00fa la [&hellip;]","_links":{"self":[{"href":"https:\/\/www.cofb.org\/ca\/wp-json\/wp\/v2\/posts\/77252","targetHints":{"allow":["GET"]}}],"collection":[{"href":"https:\/\/www.cofb.org\/ca\/wp-json\/wp\/v2\/posts"}],"about":[{"href":"https:\/\/www.cofb.org\/ca\/wp-json\/wp\/v2\/types\/post"}],"author":[{"embeddable":true,"href":"https:\/\/www.cofb.org\/ca\/wp-json\/wp\/v2\/users\/1"}],"replies":[{"embeddable":true,"href":"https:\/\/www.cofb.org\/ca\/wp-json\/wp\/v2\/comments?post=77252"}],"version-history":[{"count":0,"href":"https:\/\/www.cofb.org\/ca\/wp-json\/wp\/v2\/posts\/77252\/revisions"}],"wp:attachment":[{"href":"https:\/\/www.cofb.org\/ca\/wp-json\/wp\/v2\/media?parent=77252"}],"wp:term":[{"taxonomy":"category","embeddable":true,"href":"https:\/\/www.cofb.org\/ca\/wp-json\/wp\/v2\/categories?post=77252"},{"taxonomy":"post_tag","embeddable":true,"href":"https:\/\/www.cofb.org\/ca\/wp-json\/wp\/v2\/tags?post=77252"}],"curies":[{"name":"wp","href":"https:\/\/api.w.org\/{rel}","templated":true}]}}