{"id":77242,"date":"2019-02-12T11:30:00","date_gmt":"2019-02-12T11:30:00","guid":{"rendered":"https:\/\/novaorg.cofb.net\/2019\/02\/12\/les-farmacies-de-catalunya-ja-estan-connectades-al-sevem-un-nou-sistema-per-prevenir-la-falsificacio-de-medicaments\/"},"modified":"2019-02-12T11:30:00","modified_gmt":"2019-02-12T11:30:00","slug":"les-farmacies-de-catalunya-ja-estan-connectades-al-sevem-un-nou-sistema-per-prevenir-la-falsificacio-de-medicaments","status":"publish","type":"post","link":"https:\/\/www.cofb.org\/ca\/2019\/02\/12\/les-farmacies-de-catalunya-ja-estan-connectades-al-sevem-un-nou-sistema-per-prevenir-la-falsificacio-de-medicaments\/","title":{"rendered":"Les farm\u00e0cies de Catalunya ja estan connectades al SEVeM, un nou sistema per prevenir la falsificaci\u00f3 de medicaments"},"content":{"rendered":"<p>\u00a0<\/p>\n<p>\u2022 El passat 9 de febrer va entrar en vigor la normativa europea que obliga els agents del sector farmac\u00e8utic a verificar i autentificar els medicaments fabricats, distribu\u00efts i dispensats a l\u2019Estat espanyol<br \/>\n\u2022 S\u2019han realitzat diverses sessions informatives als col\u00b7legiats sobre el funcionament d\u2019aquest nou sistema<br \/>\n\u2022 L\u2019objectiu \u00e9s refor\u00e7ar la seguretat dels pacients i garantir que el medicament dispensat \u00e9s el mateix que ha sortit de f\u00e0brica i que no ha estat manipulat ni falsificat<br \/>\nBarcelona, 11 de febrer de 2019. Les farm\u00e0cies de Catalunya ja estan connectades al Sistema Espanyol de Verificaci\u00f3 de Medicaments (SEVeM), un nou sistema de verificaci\u00f3 de medicaments que es va posar en marxa el passat 9 de febrer, en compliment de la normativa europea, per prevenir l\u2019entrada de medicaments falsificats a la cadena de subministrament legal.<br \/>\nEl nou sistema consisteix en la incorporaci\u00f3 de dos dispositius de seguretat: un identificador \u00fanic o codi bidimensional Datamatrix que identifica individualment l\u2019env\u00e0s, i un dispositiu contra manipulacions a l\u2019embalatge exterior, que pot ser un segell o precinte que permet verificar visualment si l\u2019env\u00e0s ha estat manipulat o no.\u00a0<br \/>\nAix\u00ed doncs, aquests dispositius de seguretat presents a l\u2019env\u00e0s dels medicaments hauran de ser verificats i autenticats des de les farm\u00e0cies comunit\u00e0ries en el moment de la dispensaci\u00f3. Per fer-ho, escanejaran el codi de cada env\u00e0s i es connectaran al repositori estatal, sincronitzat amb la plataforma europea. D\u2019aquesta manera, es confirmar\u00e0 que el producte que arriba al pacient \u00e9s el mateix que va sortir de la planta de producci\u00f3 farmac\u00e8utica i la dispensaci\u00f3 guanyar\u00e0 en qualitat, efici\u00e8ncia i seguretat per l\u2019usuari.<br \/>\nComprom\u00eds amb la seguretat dels pacients<br \/>\nDes del Consell de Col\u00b7legis Farmac\u00e8utics de Catalunya (CCFC) es posa en valor que, gr\u00e0cies a aquest sistema, es contribueix a garantir encara m\u00e9s la seguretat i la qualitat pel pacient. Alhora, s\u2019agraeix el treball realitzat, de forma conjunta, per part de tot el col\u00b7lectiu, ja que un cop m\u00e9s els farmac\u00e8utics han demostrat el seu comprom\u00eds amb la seguretat dels pacients, implicant-se i esfor\u00e7ant-se, des dels diferents \u00e0mbits d\u2019exercici de la professi\u00f3, per posar en marxa aquest projecte tecnol\u00f2gic de forma coordinada.<br \/>\nDiverses sessions informatives al voltant del SEVeM\u00a0<br \/>\nPer tal d\u2019explicar el funcionament del SEVeM i aclarir dubtes al voltant de la seva implementaci\u00f3, s\u2019han organitzat diverses sessions adre\u00e7ades a farmac\u00e8utics dels diferents \u00e0mbits d\u2019exercici de la professi\u00f3: farm\u00e0cia comunit\u00e0ria, distribuci\u00f3, ind\u00fastria i hospitals.\u00a0<br \/>\nEn el cas del Col\u00b7legi de Farmac\u00e8utics de Barcelona, per exemple, les sessions van tenir m\u00e9s de 1.300 inscrits, i van comptar, entre altres ponents, amb la directora general del SEVeM, Mar\u00eda \u00c1ngeles Figuerola, i la directora del Departament Internacional del Consejo General de Colegios Oficiales de Farmac\u00e9uticos (CGCOF), Sonia Ruiz.<br \/>\nSobre el SEVeM<br \/>\nEl Sistema Espanyol de Verificaci\u00f3 de Medicaments (SEVeM) \u00e9s un sistema aprovat per normativa europea, aplicable a tots els agents de la cadena de valor del medicament (fabricants, distribu\u00efdors i farmac\u00e8utics) que t\u00e9 per objectiu prevenir l\u2019entrada de medicaments falsificats a la cadena de subministrament legal. En formen part Farmaindustria, l\u2019Associaci\u00f3 Espanyola de Medicaments Gen\u00e8rics (Aeseg), la Federaci\u00f3 de Distribuidors Farmac\u00e8utics (Fedifar) i el Consejo General de Colegios Oficiales de Farmac\u00e9uticos (CGCOF).\u00a0<br \/>\n\u2022 PDF: Verificaci\u00f3 de medicaments a l\u2019oficina de farm\u00e0cia.\u00a0<br \/>\n\u2022 V\u00eddeo explicatiu sobre la verificaci\u00f3 de medicaments a la farm\u00e0cia comunit\u00e0ria publicat al canal de Youtube del Consejo General de Colegios de Farmac\u00e9uticos.<br \/>\nPer a m\u00e9s informaci\u00f3:<br \/>\nDepartament de Comunicaci\u00f3 del Col\u00b7legi de Farmac\u00e8utics de Barcelona (COFB)\u00a0<br \/>\n93 244 07 18\/28<br \/>\npremsa@cofb.net<\/p>\n<p>\u00a0\u2022 El passat 9 de febrer va entrar en vigor la normativa europea que obliga els agents del sector farmac\u00e8utic a verificar i autentificar els medicaments fabricats, distribu\u00efts i dispensats a l\u2019Estat espanyol<br \/>\n\u2022 S\u2019han realitzat diverses sessions informatives als col\u00b7legiats sobre el funcionament d\u2019aquest nou sistema<br \/>\n\u2022 L\u2019objectiu \u00e9s refor\u00e7ar la seguretat dels pacients i garantir que el medicament dispensat \u00e9s el mateix que ha sortit de f\u00e0brica i que no ha estat manipulat ni falsificat<br \/>\nBarcelona, 11 de febrer de 2019. Les farm\u00e0cies de Catalunya ja estan connectades al Sistema Espanyol de Verificaci\u00f3 de Medicaments (SEVeM), un nou sistema de verificaci\u00f3 de medicaments que es va posar en marxa el passat 9 de febrer, en compliment de la normativa europea, per prevenir l\u2019entrada de medicaments falsificats a la cadena de subministrament legal.<br \/>\nEl nou sistema consisteix en la incorporaci\u00f3 de dos dispositius de seguretat: un identificador \u00fanic o codi bidimensional Datamatrix que identifica individualment l\u2019env\u00e0s, i un dispositiu contra manipulacions a l\u2019embalatge exterior, que pot ser un segell o precinte que permet verificar visualment si l\u2019env\u00e0s ha estat manipulat o no.\u00a0<br \/>\nAix\u00ed doncs, aquests dispositius de seguretat presents a l\u2019env\u00e0s dels medicaments hauran de ser verificats i autenticats des de les farm\u00e0cies comunit\u00e0ries en el moment de la dispensaci\u00f3. Per fer-ho, escanejaran el codi de cada env\u00e0s i es connectaran al repositori estatal, sincronitzat amb la plataforma europea. D\u2019aquesta manera, es confirmar\u00e0 que el producte que arriba al pacient \u00e9s el mateix que va sortir de la planta de producci\u00f3 farmac\u00e8utica i la dispensaci\u00f3 guanyar\u00e0 en qualitat, efici\u00e8ncia i seguretat per l\u2019usuari.<br \/>\nComprom\u00eds amb la seguretat dels pacients<br \/>\nDes del Consell de Col\u00b7legis Farmac\u00e8utics de Catalunya (CCFC) es posa en valor que, gr\u00e0cies a aquest sistema, es contribueix a garantir encara m\u00e9s la seguretat i la qualitat pel pacient. Alhora, s\u2019agraeix el treball realitzat, de forma conjunta, per part de tot el col\u00b7lectiu, ja que un cop m\u00e9s els farmac\u00e8utics han demostrat el seu comprom\u00eds amb la seguretat dels pacients, implicant-se i esfor\u00e7ant-se, des dels diferents \u00e0mbits d\u2019exercici de la professi\u00f3, per posar en marxa aquest projecte tecnol\u00f2gic de forma coordinada.<br \/>\nDiverses sessions informatives al voltant del SEVeM\u00a0<br \/>\nPer tal d\u2019explicar el funcionament del SEVeM i aclarir dubtes al voltant de la seva implementaci\u00f3, s\u2019han organitzat diverses sessions adre\u00e7ades a farmac\u00e8utics dels diferents \u00e0mbits d\u2019exercici de la professi\u00f3: farm\u00e0cia comunit\u00e0ria, distribuci\u00f3, ind\u00fastria i hospitals.\u00a0<br \/>\nEn el cas del Col\u00b7legi de Farmac\u00e8utics de Barcelona, per exemple, les sessions van tenir m\u00e9s de 1.300 inscrits, i van comptar, entre altres ponents, amb la directora general del SEVeM, Mar\u00eda \u00c1ngeles Figuerola, i la directora del Departament Internacional del Consejo General de Colegios Oficiales de Farmac\u00e9uticos (CGCOF), Sonia Ruiz.<br \/>\nSobre el SEVeM<br \/>\nEl Sistema Espanyol de Verificaci\u00f3 de Medicaments (SEVeM) \u00e9s un sistema aprovat per normativa europea, aplicable a tots els agents de la cadena de valor del medicament (fabricants, distribu\u00efdors i farmac\u00e8utics) que t\u00e9 per objectiu prevenir l\u2019entrada de medicaments falsificats a la cadena de subministrament legal. En formen part Farmaindustria, l\u2019Associaci\u00f3 Espanyola de Medicaments Gen\u00e8rics (Aeseg), la Federaci\u00f3 de Distribuidors Farmac\u00e8utics (Fedifar) i el Consejo General de Colegios Oficiales de Farmac\u00e9uticos (CGCOF).\u00a0<br \/>\n\u2022 PDF: Verificaci\u00f3 de medicaments a l\u2019oficina de farm\u00e0cia.\u00a0<br \/>\n\u2022 V\u00eddeo explicatiu sobre la verificaci\u00f3 de medicaments a la farm\u00e0cia comunit\u00e0ria publicat al canal de Youtube del Consejo General de Colegios de Farmac\u00e9uticos.<br \/>\nPer a m\u00e9s informaci\u00f3:<br \/>\nDepartament de Comunicaci\u00f3 del Col\u00b7legi de Farmac\u00e8utics de Barcelona (COFB)\u00a0<br \/>\n93 244 07 18\/28<br \/>\npremsa@cofb.net\u00a0\u00a0COFB.ORG<\/p>\n","protected":false},"excerpt":{"rendered":"<p>\u00a0 \u2022 El passat 9 de febrer va entrar en vigor la normativa europea que obliga els agents del sector farmac\u00e8utic a verificar i autentificar els medicaments fabricats, distribu\u00efts i dispensats a l\u2019Estat espanyol \u2022 S\u2019han realitzat diverses sessions informatives als col\u00b7legiats sobre el funcionament d\u2019aquest nou sistema \u2022 L\u2019objectiu [&hellip;]<\/p>\n","protected":false},"author":1,"featured_media":0,"comment_status":"","ping_status":"","sticky":false,"template":"","format":"standard","meta":{"_uag_custom_page_level_css":"","site-sidebar-layout":"default","site-content-layout":"","ast-site-content-layout":"default","site-content-style":"default","site-sidebar-style":"default","ast-global-header-display":"","ast-banner-title-visibility":"","ast-main-header-display":"","ast-hfb-above-header-display":"","ast-hfb-below-header-display":"","ast-hfb-mobile-header-display":"","site-post-title":"","ast-breadcrumbs-content":"","ast-featured-img":"disabled","footer-sml-layout":"","theme-transparent-header-meta":"","adv-header-id-meta":"","stick-header-meta":"","header-above-stick-meta":"","header-main-stick-meta":"","header-below-stick-meta":"","astra-migrate-meta-layouts":"default","ast-page-background-enabled":"default","ast-page-background-meta":{"desktop":{"background-color":"var(--ast-global-color-4)","background-image":"","background-repeat":"repeat","background-position":"center center","background-size":"auto","background-attachment":"scroll","background-type":"","background-media":"","overlay-type":"","overlay-color":"","overlay-opacity":"","overlay-gradient":""},"tablet":{"background-color":"","background-image":"","background-repeat":"repeat","background-position":"center center","background-size":"auto","background-attachment":"scroll","background-type":"","background-media":"","overlay-type":"","overlay-color":"","overlay-opacity":"","overlay-gradient":""},"mobile":{"background-color":"","background-image":"","background-repeat":"repeat","background-position":"center center","background-size":"auto","background-attachment":"scroll","background-type":"","background-media":"","overlay-type":"","overlay-color":"","overlay-opacity":"","overlay-gradient":""}},"ast-content-background-meta":{"desktop":{"background-color":"var(--ast-global-color-5)","background-image":"","background-repeat":"repeat","background-position":"center center","background-size":"auto","background-attachment":"scroll","background-type":"","background-media":"","overlay-type":"","overlay-color":"","overlay-opacity":"","overlay-gradient":""},"tablet":{"background-color":"var(--ast-global-color-5)","background-image":"","background-repeat":"repeat","background-position":"center center","background-size":"auto","background-attachment":"scroll","background-type":"","background-media":"","overlay-type":"","overlay-color":"","overlay-opacity":"","overlay-gradient":""},"mobile":{"background-color":"var(--ast-global-color-5)","background-image":"","background-repeat":"repeat","background-position":"center center","background-size":"auto","background-attachment":"scroll","background-type":"","background-media":"","overlay-type":"","overlay-color":"","overlay-opacity":"","overlay-gradient":""}},"footnotes":""},"categories":[1060,1066],"tags":[],"class_list":["post-77242","post","type-post","status-publish","format-standard","hentry","category-notes-premsa","category-sense-categoria-ca"],"yoast_head":"<!-- This site is optimized with the Yoast SEO plugin v22.4 - https:\/\/yoast.com\/wordpress\/plugins\/seo\/ -->\n<title>Les farm\u00e0cies de Catalunya ja estan connectades al SEVeM, un nou sistema per prevenir la falsificaci\u00f3 de medicaments - Col\u00b7legi de Farmac\u00e8utics de Barcelona<\/title>\n<meta name=\"robots\" content=\"index, follow, max-snippet:-1, max-image-preview:large, max-video-preview:-1\" \/>\n<link rel=\"canonical\" href=\"https:\/\/novaorg.cofb.net\/2019\/02\/12\/les-farmacies-de-catalunya-ja-estan-connectades-al-sevem-un-nou-sistema-per-prevenir-la-falsificacio-de-medicaments\/\" \/>\n<meta property=\"og:locale\" content=\"ca_ES\" \/>\n<meta property=\"og:type\" content=\"article\" \/>\n<meta property=\"og:title\" content=\"Les farm\u00e0cies de Catalunya ja estan connectades al SEVeM, un nou sistema per prevenir la falsificaci\u00f3 de medicaments - Col\u00b7legi de Farmac\u00e8utics de Barcelona\" \/>\n<meta property=\"og:description\" content=\"\u00a0 \u2022 El passat 9 de febrer va entrar en vigor la normativa europea que obliga els agents del sector farmac\u00e8utic a verificar i autentificar els medicaments fabricats, distribu\u00efts i dispensats a l\u2019Estat espanyol \u2022 S\u2019han realitzat diverses sessions informatives als col\u00b7legiats sobre el funcionament d\u2019aquest nou sistema \u2022 L\u2019objectiu [&hellip;]\" \/>\n<meta property=\"og:url\" content=\"https:\/\/novaorg.cofb.net\/2019\/02\/12\/les-farmacies-de-catalunya-ja-estan-connectades-al-sevem-un-nou-sistema-per-prevenir-la-falsificacio-de-medicaments\/\" \/>\n<meta property=\"og:site_name\" content=\"Col\u00b7legi de Farmac\u00e8utics de Barcelona\" \/>\n<meta property=\"article:publisher\" content=\"https:\/\/www.facebook.com\/farmaceuticsbcn\/\" \/>\n<meta property=\"article:published_time\" content=\"2019-02-12T11:30:00+00:00\" \/>\n<meta name=\"author\" content=\"wpAdminCofbOrg\" \/>\n<meta name=\"twitter:card\" content=\"summary_large_image\" \/>\n<meta name=\"twitter:creator\" content=\"@farmaceuticsbcn\" \/>\n<meta name=\"twitter:site\" content=\"@farmaceuticsbcn\" \/>\n<meta name=\"twitter:label1\" content=\"Escrit per\" \/>\n\t<meta name=\"twitter:data1\" content=\"wpAdminCofbOrg\" \/>\n\t<meta name=\"twitter:label2\" content=\"Temps estimat de lectura\" \/>\n\t<meta name=\"twitter:data2\" content=\"6 minuts\" \/>\n<script type=\"application\/ld+json\" class=\"yoast-schema-graph\">{\"@context\":\"https:\/\/schema.org\",\"@graph\":[{\"@type\":\"Article\",\"@id\":\"https:\/\/novaorg.cofb.net\/2019\/02\/12\/les-farmacies-de-catalunya-ja-estan-connectades-al-sevem-un-nou-sistema-per-prevenir-la-falsificacio-de-medicaments\/#article\",\"isPartOf\":{\"@id\":\"https:\/\/novaorg.cofb.net\/2019\/02\/12\/les-farmacies-de-catalunya-ja-estan-connectades-al-sevem-un-nou-sistema-per-prevenir-la-falsificacio-de-medicaments\/\"},\"author\":{\"name\":\"wpAdminCofbOrg\",\"@id\":\"https:\/\/www.cofb.org\/#\/schema\/person\/22ed7eea88da74b0fa4d3154ad87ffcb\"},\"headline\":\"Les farm\u00e0cies de Catalunya ja estan connectades al SEVeM, un nou sistema per prevenir la falsificaci\u00f3 de medicaments\",\"datePublished\":\"2019-02-12T11:30:00+00:00\",\"dateModified\":\"2019-02-12T11:30:00+00:00\",\"mainEntityOfPage\":{\"@id\":\"https:\/\/novaorg.cofb.net\/2019\/02\/12\/les-farmacies-de-catalunya-ja-estan-connectades-al-sevem-un-nou-sistema-per-prevenir-la-falsificacio-de-medicaments\/\"},\"wordCount\":1279,\"publisher\":{\"@id\":\"https:\/\/www.cofb.org\/#organization\"},\"articleSection\":[\"Notes de premsa\"],\"inLanguage\":\"ca\"},{\"@type\":\"WebPage\",\"@id\":\"https:\/\/novaorg.cofb.net\/2019\/02\/12\/les-farmacies-de-catalunya-ja-estan-connectades-al-sevem-un-nou-sistema-per-prevenir-la-falsificacio-de-medicaments\/\",\"url\":\"https:\/\/novaorg.cofb.net\/2019\/02\/12\/les-farmacies-de-catalunya-ja-estan-connectades-al-sevem-un-nou-sistema-per-prevenir-la-falsificacio-de-medicaments\/\",\"name\":\"Les farm\u00e0cies de Catalunya ja estan connectades al SEVeM, un nou sistema per prevenir la falsificaci\u00f3 de medicaments - Col\u00b7legi de Farmac\u00e8utics de Barcelona\",\"isPartOf\":{\"@id\":\"https:\/\/www.cofb.org\/#website\"},\"datePublished\":\"2019-02-12T11:30:00+00:00\",\"dateModified\":\"2019-02-12T11:30:00+00:00\",\"breadcrumb\":{\"@id\":\"https:\/\/novaorg.cofb.net\/2019\/02\/12\/les-farmacies-de-catalunya-ja-estan-connectades-al-sevem-un-nou-sistema-per-prevenir-la-falsificacio-de-medicaments\/#breadcrumb\"},\"inLanguage\":\"ca\",\"potentialAction\":[{\"@type\":\"ReadAction\",\"target\":[\"https:\/\/novaorg.cofb.net\/2019\/02\/12\/les-farmacies-de-catalunya-ja-estan-connectades-al-sevem-un-nou-sistema-per-prevenir-la-falsificacio-de-medicaments\/\"]}]},{\"@type\":\"BreadcrumbList\",\"@id\":\"https:\/\/novaorg.cofb.net\/2019\/02\/12\/les-farmacies-de-catalunya-ja-estan-connectades-al-sevem-un-nou-sistema-per-prevenir-la-falsificacio-de-medicaments\/#breadcrumb\",\"itemListElement\":[{\"@type\":\"ListItem\",\"position\":1,\"name\":\"Inici\",\"item\":\"https:\/\/novaorg.cofb.net\/\"},{\"@type\":\"ListItem\",\"position\":2,\"name\":\"Les farm\u00e0cies de Catalunya ja estan connectades al SEVeM, un nou sistema per prevenir la falsificaci\u00f3 de medicaments\"}]},{\"@type\":\"WebSite\",\"@id\":\"https:\/\/www.cofb.org\/#website\",\"url\":\"https:\/\/www.cofb.org\/\",\"name\":\"Col\u00b7legi de Farmac\u00e8utics de Barcelona\",\"description\":\"\",\"publisher\":{\"@id\":\"https:\/\/www.cofb.org\/#organization\"},\"potentialAction\":[{\"@type\":\"SearchAction\",\"target\":{\"@type\":\"EntryPoint\",\"urlTemplate\":\"https:\/\/www.cofb.org\/?s={search_term_string}\"},\"query-input\":\"required name=search_term_string\"}],\"inLanguage\":\"ca\"},{\"@type\":\"Organization\",\"@id\":\"https:\/\/www.cofb.org\/#organization\",\"name\":\"Col\u00b7legi de Farmac\u00e8utics de Barcelona\",\"url\":\"https:\/\/www.cofb.org\/\",\"logo\":{\"@type\":\"ImageObject\",\"inLanguage\":\"ca\",\"@id\":\"https:\/\/www.cofb.org\/#\/schema\/logo\/image\/\",\"url\":\"https:\/\/www.cofb.org\/wp-content\/uploads\/2023\/11\/cropped-Logotip-COFB.png\",\"contentUrl\":\"https:\/\/www.cofb.org\/wp-content\/uploads\/2023\/11\/cropped-Logotip-COFB.png\",\"width\":500,\"height\":105,\"caption\":\"Col\u00b7legi de Farmac\u00e8utics de Barcelona\"},\"image\":{\"@id\":\"https:\/\/www.cofb.org\/#\/schema\/logo\/image\/\"},\"sameAs\":[\"https:\/\/www.facebook.com\/farmaceuticsbcn\/\",\"https:\/\/twitter.com\/farmaceuticsbcn\",\"https:\/\/www.instagram.com\/farmaceuticsbcn\/\",\"https:\/\/www.linkedin.com\/company\/farmaceuticsbcn\/\"]},{\"@type\":\"Person\",\"@id\":\"https:\/\/www.cofb.org\/#\/schema\/person\/22ed7eea88da74b0fa4d3154ad87ffcb\",\"name\":\"wpAdminCofbOrg\",\"image\":{\"@type\":\"ImageObject\",\"inLanguage\":\"ca\",\"@id\":\"https:\/\/www.cofb.org\/#\/schema\/person\/image\/\",\"url\":\"https:\/\/secure.gravatar.com\/avatar\/1721b20b3b8ca882c3b56ec6c978c594fff670e40c0718e9190eaeeb76aae7d8?s=96&d=mm&r=g\",\"contentUrl\":\"https:\/\/secure.gravatar.com\/avatar\/1721b20b3b8ca882c3b56ec6c978c594fff670e40c0718e9190eaeeb76aae7d8?s=96&d=mm&r=g\",\"caption\":\"wpAdminCofbOrg\"},\"sameAs\":[\"http:\/\/192.168.64.122\/wordpress\"],\"url\":\"https:\/\/www.cofb.org\/ca\/author\/wpadmincofborg\/\"}]}<\/script>\n<!-- \/ Yoast SEO plugin. -->","yoast_head_json":{"title":"Les farm\u00e0cies de Catalunya ja estan connectades al SEVeM, un nou sistema per prevenir la falsificaci\u00f3 de medicaments - Col\u00b7legi de Farmac\u00e8utics de Barcelona","robots":{"index":"index","follow":"follow","max-snippet":"max-snippet:-1","max-image-preview":"max-image-preview:large","max-video-preview":"max-video-preview:-1"},"canonical":"https:\/\/novaorg.cofb.net\/2019\/02\/12\/les-farmacies-de-catalunya-ja-estan-connectades-al-sevem-un-nou-sistema-per-prevenir-la-falsificacio-de-medicaments\/","og_locale":"ca_ES","og_type":"article","og_title":"Les farm\u00e0cies de Catalunya ja estan connectades al SEVeM, un nou sistema per prevenir la falsificaci\u00f3 de medicaments - Col\u00b7legi de Farmac\u00e8utics de Barcelona","og_description":"\u00a0 \u2022 El passat 9 de febrer va entrar en vigor la normativa europea que obliga els agents del sector farmac\u00e8utic a verificar i autentificar els medicaments fabricats, distribu\u00efts i dispensats a l\u2019Estat espanyol \u2022 S\u2019han realitzat diverses sessions informatives als col\u00b7legiats sobre el funcionament d\u2019aquest nou sistema \u2022 L\u2019objectiu [&hellip;]","og_url":"https:\/\/novaorg.cofb.net\/2019\/02\/12\/les-farmacies-de-catalunya-ja-estan-connectades-al-sevem-un-nou-sistema-per-prevenir-la-falsificacio-de-medicaments\/","og_site_name":"Col\u00b7legi de Farmac\u00e8utics de Barcelona","article_publisher":"https:\/\/www.facebook.com\/farmaceuticsbcn\/","article_published_time":"2019-02-12T11:30:00+00:00","author":"wpAdminCofbOrg","twitter_card":"summary_large_image","twitter_creator":"@farmaceuticsbcn","twitter_site":"@farmaceuticsbcn","twitter_misc":{"Escrit per":"wpAdminCofbOrg","Temps estimat de lectura":"6 minuts"},"schema":{"@context":"https:\/\/schema.org","@graph":[{"@type":"Article","@id":"https:\/\/novaorg.cofb.net\/2019\/02\/12\/les-farmacies-de-catalunya-ja-estan-connectades-al-sevem-un-nou-sistema-per-prevenir-la-falsificacio-de-medicaments\/#article","isPartOf":{"@id":"https:\/\/novaorg.cofb.net\/2019\/02\/12\/les-farmacies-de-catalunya-ja-estan-connectades-al-sevem-un-nou-sistema-per-prevenir-la-falsificacio-de-medicaments\/"},"author":{"name":"wpAdminCofbOrg","@id":"https:\/\/www.cofb.org\/#\/schema\/person\/22ed7eea88da74b0fa4d3154ad87ffcb"},"headline":"Les farm\u00e0cies de Catalunya ja estan connectades al SEVeM, un nou sistema per prevenir la falsificaci\u00f3 de medicaments","datePublished":"2019-02-12T11:30:00+00:00","dateModified":"2019-02-12T11:30:00+00:00","mainEntityOfPage":{"@id":"https:\/\/novaorg.cofb.net\/2019\/02\/12\/les-farmacies-de-catalunya-ja-estan-connectades-al-sevem-un-nou-sistema-per-prevenir-la-falsificacio-de-medicaments\/"},"wordCount":1279,"publisher":{"@id":"https:\/\/www.cofb.org\/#organization"},"articleSection":["Notes de premsa"],"inLanguage":"ca"},{"@type":"WebPage","@id":"https:\/\/novaorg.cofb.net\/2019\/02\/12\/les-farmacies-de-catalunya-ja-estan-connectades-al-sevem-un-nou-sistema-per-prevenir-la-falsificacio-de-medicaments\/","url":"https:\/\/novaorg.cofb.net\/2019\/02\/12\/les-farmacies-de-catalunya-ja-estan-connectades-al-sevem-un-nou-sistema-per-prevenir-la-falsificacio-de-medicaments\/","name":"Les farm\u00e0cies de Catalunya ja estan connectades al SEVeM, un nou sistema per prevenir la falsificaci\u00f3 de medicaments - Col\u00b7legi de Farmac\u00e8utics de Barcelona","isPartOf":{"@id":"https:\/\/www.cofb.org\/#website"},"datePublished":"2019-02-12T11:30:00+00:00","dateModified":"2019-02-12T11:30:00+00:00","breadcrumb":{"@id":"https:\/\/novaorg.cofb.net\/2019\/02\/12\/les-farmacies-de-catalunya-ja-estan-connectades-al-sevem-un-nou-sistema-per-prevenir-la-falsificacio-de-medicaments\/#breadcrumb"},"inLanguage":"ca","potentialAction":[{"@type":"ReadAction","target":["https:\/\/novaorg.cofb.net\/2019\/02\/12\/les-farmacies-de-catalunya-ja-estan-connectades-al-sevem-un-nou-sistema-per-prevenir-la-falsificacio-de-medicaments\/"]}]},{"@type":"BreadcrumbList","@id":"https:\/\/novaorg.cofb.net\/2019\/02\/12\/les-farmacies-de-catalunya-ja-estan-connectades-al-sevem-un-nou-sistema-per-prevenir-la-falsificacio-de-medicaments\/#breadcrumb","itemListElement":[{"@type":"ListItem","position":1,"name":"Inici","item":"https:\/\/novaorg.cofb.net\/"},{"@type":"ListItem","position":2,"name":"Les farm\u00e0cies de Catalunya ja estan connectades al SEVeM, un nou sistema per prevenir la falsificaci\u00f3 de medicaments"}]},{"@type":"WebSite","@id":"https:\/\/www.cofb.org\/#website","url":"https:\/\/www.cofb.org\/","name":"Col\u00b7legi de Farmac\u00e8utics de Barcelona","description":"","publisher":{"@id":"https:\/\/www.cofb.org\/#organization"},"potentialAction":[{"@type":"SearchAction","target":{"@type":"EntryPoint","urlTemplate":"https:\/\/www.cofb.org\/?s={search_term_string}"},"query-input":"required name=search_term_string"}],"inLanguage":"ca"},{"@type":"Organization","@id":"https:\/\/www.cofb.org\/#organization","name":"Col\u00b7legi de Farmac\u00e8utics de Barcelona","url":"https:\/\/www.cofb.org\/","logo":{"@type":"ImageObject","inLanguage":"ca","@id":"https:\/\/www.cofb.org\/#\/schema\/logo\/image\/","url":"https:\/\/www.cofb.org\/wp-content\/uploads\/2023\/11\/cropped-Logotip-COFB.png","contentUrl":"https:\/\/www.cofb.org\/wp-content\/uploads\/2023\/11\/cropped-Logotip-COFB.png","width":500,"height":105,"caption":"Col\u00b7legi de Farmac\u00e8utics de Barcelona"},"image":{"@id":"https:\/\/www.cofb.org\/#\/schema\/logo\/image\/"},"sameAs":["https:\/\/www.facebook.com\/farmaceuticsbcn\/","https:\/\/twitter.com\/farmaceuticsbcn","https:\/\/www.instagram.com\/farmaceuticsbcn\/","https:\/\/www.linkedin.com\/company\/farmaceuticsbcn\/"]},{"@type":"Person","@id":"https:\/\/www.cofb.org\/#\/schema\/person\/22ed7eea88da74b0fa4d3154ad87ffcb","name":"wpAdminCofbOrg","image":{"@type":"ImageObject","inLanguage":"ca","@id":"https:\/\/www.cofb.org\/#\/schema\/person\/image\/","url":"https:\/\/secure.gravatar.com\/avatar\/1721b20b3b8ca882c3b56ec6c978c594fff670e40c0718e9190eaeeb76aae7d8?s=96&d=mm&r=g","contentUrl":"https:\/\/secure.gravatar.com\/avatar\/1721b20b3b8ca882c3b56ec6c978c594fff670e40c0718e9190eaeeb76aae7d8?s=96&d=mm&r=g","caption":"wpAdminCofbOrg"},"sameAs":["http:\/\/192.168.64.122\/wordpress"],"url":"https:\/\/www.cofb.org\/ca\/author\/wpadmincofborg\/"}]}},"uagb_featured_image_src":{"full":false,"thumbnail":false,"medium":false,"medium_large":false,"large":false,"1536x1536":false,"2048x2048":false,"trp-custom-language-flag":false},"uagb_author_info":{"display_name":"wpAdminCofbOrg","author_link":"https:\/\/www.cofb.org\/ca\/author\/wpadmincofborg\/"},"uagb_comment_info":0,"uagb_excerpt":"\u00a0 \u2022 El passat 9 de febrer va entrar en vigor la normativa europea que obliga els agents del sector farmac\u00e8utic a verificar i autentificar els medicaments fabricats, distribu\u00efts i dispensats a l\u2019Estat espanyol \u2022 S\u2019han realitzat diverses sessions informatives als col\u00b7legiats sobre el funcionament d\u2019aquest nou sistema \u2022 L\u2019objectiu [&hellip;]","_links":{"self":[{"href":"https:\/\/www.cofb.org\/ca\/wp-json\/wp\/v2\/posts\/77242","targetHints":{"allow":["GET"]}}],"collection":[{"href":"https:\/\/www.cofb.org\/ca\/wp-json\/wp\/v2\/posts"}],"about":[{"href":"https:\/\/www.cofb.org\/ca\/wp-json\/wp\/v2\/types\/post"}],"author":[{"embeddable":true,"href":"https:\/\/www.cofb.org\/ca\/wp-json\/wp\/v2\/users\/1"}],"replies":[{"embeddable":true,"href":"https:\/\/www.cofb.org\/ca\/wp-json\/wp\/v2\/comments?post=77242"}],"version-history":[{"count":0,"href":"https:\/\/www.cofb.org\/ca\/wp-json\/wp\/v2\/posts\/77242\/revisions"}],"wp:attachment":[{"href":"https:\/\/www.cofb.org\/ca\/wp-json\/wp\/v2\/media?parent=77242"}],"wp:term":[{"taxonomy":"category","embeddable":true,"href":"https:\/\/www.cofb.org\/ca\/wp-json\/wp\/v2\/categories?post=77242"},{"taxonomy":"post_tag","embeddable":true,"href":"https:\/\/www.cofb.org\/ca\/wp-json\/wp\/v2\/tags?post=77242"}],"curies":[{"name":"wp","href":"https:\/\/api.w.org\/{rel}","templated":true}]}}