{"id":77241,"date":"2019-02-28T13:30:00","date_gmt":"2019-02-28T13:30:00","guid":{"rendered":"https:\/\/novaorg.cofb.net\/2019\/02\/28\/infarma-solidari-recollira-fons-per-dotar-amb-mes-recursos-el-servei-de-farmacia-de-lhospital-de-gambo-detiopia\/"},"modified":"2019-02-28T13:30:00","modified_gmt":"2019-02-28T13:30:00","slug":"infarma-solidari-recollira-fons-per-dotar-amb-mes-recursos-el-servei-de-farmacia-de-lhospital-de-gambo-detiopia","status":"publish","type":"post","link":"https:\/\/www.cofb.org\/ca\/2019\/02\/28\/infarma-solidari-recollira-fons-per-dotar-amb-mes-recursos-el-servei-de-farmacia-de-lhospital-de-gambo-detiopia\/","title":{"rendered":"Infarma Solidari recollir\u00e0 fons per dotar amb m\u00e9s recursos el servei de Farm\u00e0cia de l\u2019Hospital de Gambo d\u2019Eti\u00f2pia"},"content":{"rendered":"<p>\u00a0<\/p>\n<div>\u2022 El projecte el duu a terme la Fundaci\u00f3 El Alto, que treballa per la millora de les condicions sanit\u00e0ries de diversos hospitals d&#8217;\u00c0frica, implantant un servei de Farm\u00e0cia Hospital\u00e0ria que compleixi amb les normes internacionals de qualitat<br \/>\n\u2022 La recaptaci\u00f3 es realitzar\u00e0 a partir de la venda d&#8217;entrades i patrocinis del concert ben\u00e8fic del grup Los Manolos, que se celebrar\u00e0 a la Sala Luz de Gas de Barcelona el pr\u00f2xim 19 de mar\u00e7<br \/>\n\u2022 El comprom\u00eds social tamb\u00e9 estar\u00e0 present durant els 3 dies d\u2019Infarma: hi haur\u00e0 una zona dedicada a p\u00f2sters que recolliran les accions m\u00e9s rellevants dutes a terme pels expositors en aquest camp<\/p>\n<\/div>\n<p>\u00a0\u2022 El projecte el duu a terme la Fundaci\u00f3 El Alto, que treballa per la millora de les condicions sanit\u00e0ries de diversos hospitals d&#8217;\u00c0frica, implantant un servei de Farm\u00e0cia Hospital\u00e0ria que compleixi amb les normes internacionals de qualitat<br \/>\n\u2022 La recaptaci\u00f3 es realitzar\u00e0 a partir de la venda d&#8217;entrades i patrocinis del concert ben\u00e8fic del grup Los Manolos, que se celebrar\u00e0 a la Sala Luz de Gas de Barcelona el pr\u00f2xim 19 de mar\u00e7<br \/>\n\u2022 El comprom\u00eds social tamb\u00e9 estar\u00e0 present durant els 3 dies d\u2019Infarma: hi haur\u00e0 una zona dedicada a p\u00f2sters que recolliran les accions m\u00e9s rellevants dutes a terme pels expositors en aquest camp\u00a0\u00a0COFB.ORG<\/p>\n","protected":false},"excerpt":{"rendered":"<p>\u00a0 \u2022 El projecte el duu a terme la Fundaci\u00f3 El Alto, que treballa per la millora de les condicions sanit\u00e0ries de diversos hospitals d&#8217;\u00c0frica, implantant un servei de Farm\u00e0cia Hospital\u00e0ria que compleixi amb les normes internacionals de qualitat \u2022 La recaptaci\u00f3 es realitzar\u00e0 a partir de la venda d&#8217;entrades [&hellip;]<\/p>\n","protected":false},"author":1,"featured_media":0,"comment_status":"","ping_status":"","sticky":false,"template":"","format":"standard","meta":{"_uag_custom_page_level_css":"","site-sidebar-layout":"default","site-content-layout":"","ast-site-content-layout":"default","site-content-style":"default","site-sidebar-style":"default","ast-global-header-display":"","ast-banner-title-visibility":"","ast-main-header-display":"","ast-hfb-above-header-display":"","ast-hfb-below-header-display":"","ast-hfb-mobile-header-display":"","site-post-title":"","ast-breadcrumbs-content":"","ast-featured-img":"disabled","footer-sml-layout":"","theme-transparent-header-meta":"","adv-header-id-meta":"","stick-header-meta":"","header-above-stick-meta":"","header-main-stick-meta":"","header-below-stick-meta":"","astra-migrate-meta-layouts":"default","ast-page-background-enabled":"default","ast-page-background-meta":{"desktop":{"background-color":"var(--ast-global-color-4)","background-image":"","background-repeat":"repeat","background-position":"center center","background-size":"auto","background-attachment":"scroll","background-type":"","background-media":"","overlay-type":"","overlay-color":"","overlay-opacity":"","overlay-gradient":""},"tablet":{"background-color":"","background-image":"","background-repeat":"repeat","background-position":"center center","background-size":"auto","background-attachment":"scroll","background-type":"","background-media":"","overlay-type":"","overlay-color":"","overlay-opacity":"","overlay-gradient":""},"mobile":{"background-color":"","background-image":"","background-repeat":"repeat","background-position":"center center","background-size":"auto","background-attachment":"scroll","background-type":"","background-media":"","overlay-type":"","overlay-color":"","overlay-opacity":"","overlay-gradient":""}},"ast-content-background-meta":{"desktop":{"background-color":"var(--ast-global-color-5)","background-image":"","background-repeat":"repeat","background-position":"center center","background-size":"auto","background-attachment":"scroll","background-type":"","background-media":"","overlay-type":"","overlay-color":"","overlay-opacity":"","overlay-gradient":""},"tablet":{"background-color":"var(--ast-global-color-5)","background-image":"","background-repeat":"repeat","background-position":"center center","background-size":"auto","background-attachment":"scroll","background-type":"","background-media":"","overlay-type":"","overlay-color":"","overlay-opacity":"","overlay-gradient":""},"mobile":{"background-color":"var(--ast-global-color-5)","background-image":"","background-repeat":"repeat","background-position":"center center","background-size":"auto","background-attachment":"scroll","background-type":"","background-media":"","overlay-type":"","overlay-color":"","overlay-opacity":"","overlay-gradient":""}},"footnotes":""},"categories":[1060,1066],"tags":[],"class_list":["post-77241","post","type-post","status-publish","format-standard","hentry","category-notes-premsa","category-sense-categoria-ca"],"yoast_head":"<!-- This site is optimized with the Yoast SEO plugin v22.4 - https:\/\/yoast.com\/wordpress\/plugins\/seo\/ -->\n<title>Infarma Solidari recollir\u00e0 fons per dotar amb m\u00e9s recursos el servei de Farm\u00e0cia de l\u2019Hospital de Gambo d\u2019Eti\u00f2pia - Col\u00b7legi de Farmac\u00e8utics de Barcelona<\/title>\n<meta name=\"robots\" content=\"index, follow, max-snippet:-1, max-image-preview:large, max-video-preview:-1\" \/>\n<link rel=\"canonical\" href=\"https:\/\/novaorg.cofb.net\/2019\/02\/28\/infarma-solidari-recollira-fons-per-dotar-amb-mes-recursos-el-servei-de-farmacia-de-lhospital-de-gambo-detiopia\/\" \/>\n<meta property=\"og:locale\" content=\"ca_ES\" \/>\n<meta property=\"og:type\" content=\"article\" \/>\n<meta property=\"og:title\" content=\"Infarma Solidari recollir\u00e0 fons per dotar amb m\u00e9s recursos el servei de Farm\u00e0cia de l\u2019Hospital de Gambo d\u2019Eti\u00f2pia - Col\u00b7legi de Farmac\u00e8utics de Barcelona\" \/>\n<meta property=\"og:description\" content=\"\u00a0 \u2022 El projecte el duu a terme la Fundaci\u00f3 El Alto, que treballa per la millora de les condicions sanit\u00e0ries de diversos hospitals d&#8217;\u00c0frica, implantant un servei de Farm\u00e0cia Hospital\u00e0ria que compleixi amb les normes internacionals de qualitat \u2022 La recaptaci\u00f3 es realitzar\u00e0 a partir de la venda d&#8217;entrades [&hellip;]\" \/>\n<meta property=\"og:url\" content=\"https:\/\/novaorg.cofb.net\/2019\/02\/28\/infarma-solidari-recollira-fons-per-dotar-amb-mes-recursos-el-servei-de-farmacia-de-lhospital-de-gambo-detiopia\/\" \/>\n<meta property=\"og:site_name\" content=\"Col\u00b7legi de Farmac\u00e8utics de Barcelona\" \/>\n<meta property=\"article:publisher\" content=\"https:\/\/www.facebook.com\/farmaceuticsbcn\/\" \/>\n<meta property=\"article:published_time\" content=\"2019-02-28T13:30:00+00:00\" \/>\n<meta name=\"author\" content=\"wpAdminCofbOrg\" \/>\n<meta name=\"twitter:card\" content=\"summary_large_image\" \/>\n<meta name=\"twitter:creator\" content=\"@farmaceuticsbcn\" \/>\n<meta name=\"twitter:site\" content=\"@farmaceuticsbcn\" \/>\n<meta name=\"twitter:label1\" content=\"Escrit per\" \/>\n\t<meta name=\"twitter:data1\" content=\"wpAdminCofbOrg\" \/>\n\t<meta name=\"twitter:label2\" content=\"Temps estimat de lectura\" \/>\n\t<meta name=\"twitter:data2\" content=\"1 minut\" \/>\n<script type=\"application\/ld+json\" class=\"yoast-schema-graph\">{\"@context\":\"https:\/\/schema.org\",\"@graph\":[{\"@type\":\"Article\",\"@id\":\"https:\/\/novaorg.cofb.net\/2019\/02\/28\/infarma-solidari-recollira-fons-per-dotar-amb-mes-recursos-el-servei-de-farmacia-de-lhospital-de-gambo-detiopia\/#article\",\"isPartOf\":{\"@id\":\"https:\/\/novaorg.cofb.net\/2019\/02\/28\/infarma-solidari-recollira-fons-per-dotar-amb-mes-recursos-el-servei-de-farmacia-de-lhospital-de-gambo-detiopia\/\"},\"author\":{\"name\":\"wpAdminCofbOrg\",\"@id\":\"https:\/\/www.cofb.org\/#\/schema\/person\/22ed7eea88da74b0fa4d3154ad87ffcb\"},\"headline\":\"Infarma Solidari recollir\u00e0 fons per dotar amb m\u00e9s recursos el servei de Farm\u00e0cia de l\u2019Hospital de Gambo d\u2019Eti\u00f2pia\",\"datePublished\":\"2019-02-28T13:30:00+00:00\",\"dateModified\":\"2019-02-28T13:30:00+00:00\",\"mainEntityOfPage\":{\"@id\":\"https:\/\/novaorg.cofb.net\/2019\/02\/28\/infarma-solidari-recollira-fons-per-dotar-amb-mes-recursos-el-servei-de-farmacia-de-lhospital-de-gambo-detiopia\/\"},\"wordCount\":251,\"publisher\":{\"@id\":\"https:\/\/www.cofb.org\/#organization\"},\"articleSection\":[\"Notes de premsa\"],\"inLanguage\":\"ca\"},{\"@type\":\"WebPage\",\"@id\":\"https:\/\/novaorg.cofb.net\/2019\/02\/28\/infarma-solidari-recollira-fons-per-dotar-amb-mes-recursos-el-servei-de-farmacia-de-lhospital-de-gambo-detiopia\/\",\"url\":\"https:\/\/novaorg.cofb.net\/2019\/02\/28\/infarma-solidari-recollira-fons-per-dotar-amb-mes-recursos-el-servei-de-farmacia-de-lhospital-de-gambo-detiopia\/\",\"name\":\"Infarma Solidari recollir\u00e0 fons per dotar amb m\u00e9s recursos el servei de Farm\u00e0cia de l\u2019Hospital de Gambo d\u2019Eti\u00f2pia - Col\u00b7legi de Farmac\u00e8utics de Barcelona\",\"isPartOf\":{\"@id\":\"https:\/\/www.cofb.org\/#website\"},\"datePublished\":\"2019-02-28T13:30:00+00:00\",\"dateModified\":\"2019-02-28T13:30:00+00:00\",\"breadcrumb\":{\"@id\":\"https:\/\/novaorg.cofb.net\/2019\/02\/28\/infarma-solidari-recollira-fons-per-dotar-amb-mes-recursos-el-servei-de-farmacia-de-lhospital-de-gambo-detiopia\/#breadcrumb\"},\"inLanguage\":\"ca\",\"potentialAction\":[{\"@type\":\"ReadAction\",\"target\":[\"https:\/\/novaorg.cofb.net\/2019\/02\/28\/infarma-solidari-recollira-fons-per-dotar-amb-mes-recursos-el-servei-de-farmacia-de-lhospital-de-gambo-detiopia\/\"]}]},{\"@type\":\"BreadcrumbList\",\"@id\":\"https:\/\/novaorg.cofb.net\/2019\/02\/28\/infarma-solidari-recollira-fons-per-dotar-amb-mes-recursos-el-servei-de-farmacia-de-lhospital-de-gambo-detiopia\/#breadcrumb\",\"itemListElement\":[{\"@type\":\"ListItem\",\"position\":1,\"name\":\"Inici\",\"item\":\"https:\/\/novaorg.cofb.net\/\"},{\"@type\":\"ListItem\",\"position\":2,\"name\":\"Infarma Solidari recollir\u00e0 fons per dotar amb m\u00e9s recursos el servei de Farm\u00e0cia de l\u2019Hospital de Gambo d\u2019Eti\u00f2pia\"}]},{\"@type\":\"WebSite\",\"@id\":\"https:\/\/www.cofb.org\/#website\",\"url\":\"https:\/\/www.cofb.org\/\",\"name\":\"Col\u00b7legi de Farmac\u00e8utics de Barcelona\",\"description\":\"\",\"publisher\":{\"@id\":\"https:\/\/www.cofb.org\/#organization\"},\"potentialAction\":[{\"@type\":\"SearchAction\",\"target\":{\"@type\":\"EntryPoint\",\"urlTemplate\":\"https:\/\/www.cofb.org\/?s={search_term_string}\"},\"query-input\":\"required name=search_term_string\"}],\"inLanguage\":\"ca\"},{\"@type\":\"Organization\",\"@id\":\"https:\/\/www.cofb.org\/#organization\",\"name\":\"Col\u00b7legi de Farmac\u00e8utics de Barcelona\",\"url\":\"https:\/\/www.cofb.org\/\",\"logo\":{\"@type\":\"ImageObject\",\"inLanguage\":\"ca\",\"@id\":\"https:\/\/www.cofb.org\/#\/schema\/logo\/image\/\",\"url\":\"https:\/\/www.cofb.org\/wp-content\/uploads\/2023\/11\/cropped-Logotip-COFB.png\",\"contentUrl\":\"https:\/\/www.cofb.org\/wp-content\/uploads\/2023\/11\/cropped-Logotip-COFB.png\",\"width\":500,\"height\":105,\"caption\":\"Col\u00b7legi de Farmac\u00e8utics de Barcelona\"},\"image\":{\"@id\":\"https:\/\/www.cofb.org\/#\/schema\/logo\/image\/\"},\"sameAs\":[\"https:\/\/www.facebook.com\/farmaceuticsbcn\/\",\"https:\/\/twitter.com\/farmaceuticsbcn\",\"https:\/\/www.instagram.com\/farmaceuticsbcn\/\",\"https:\/\/www.linkedin.com\/company\/farmaceuticsbcn\/\"]},{\"@type\":\"Person\",\"@id\":\"https:\/\/www.cofb.org\/#\/schema\/person\/22ed7eea88da74b0fa4d3154ad87ffcb\",\"name\":\"wpAdminCofbOrg\",\"image\":{\"@type\":\"ImageObject\",\"inLanguage\":\"ca\",\"@id\":\"https:\/\/www.cofb.org\/#\/schema\/person\/image\/\",\"url\":\"https:\/\/secure.gravatar.com\/avatar\/1721b20b3b8ca882c3b56ec6c978c594fff670e40c0718e9190eaeeb76aae7d8?s=96&d=mm&r=g\",\"contentUrl\":\"https:\/\/secure.gravatar.com\/avatar\/1721b20b3b8ca882c3b56ec6c978c594fff670e40c0718e9190eaeeb76aae7d8?s=96&d=mm&r=g\",\"caption\":\"wpAdminCofbOrg\"},\"sameAs\":[\"http:\/\/192.168.64.122\/wordpress\"],\"url\":\"https:\/\/www.cofb.org\/ca\/author\/wpadmincofborg\/\"}]}<\/script>\n<!-- \/ Yoast SEO plugin. -->","yoast_head_json":{"title":"Infarma Solidari recollir\u00e0 fons per dotar amb m\u00e9s recursos el servei de Farm\u00e0cia de l\u2019Hospital de Gambo d\u2019Eti\u00f2pia - Col\u00b7legi de Farmac\u00e8utics de Barcelona","robots":{"index":"index","follow":"follow","max-snippet":"max-snippet:-1","max-image-preview":"max-image-preview:large","max-video-preview":"max-video-preview:-1"},"canonical":"https:\/\/novaorg.cofb.net\/2019\/02\/28\/infarma-solidari-recollira-fons-per-dotar-amb-mes-recursos-el-servei-de-farmacia-de-lhospital-de-gambo-detiopia\/","og_locale":"ca_ES","og_type":"article","og_title":"Infarma Solidari recollir\u00e0 fons per dotar amb m\u00e9s recursos el servei de Farm\u00e0cia de l\u2019Hospital de Gambo d\u2019Eti\u00f2pia - Col\u00b7legi de Farmac\u00e8utics de Barcelona","og_description":"\u00a0 \u2022 El projecte el duu a terme la Fundaci\u00f3 El Alto, que treballa per la millora de les condicions sanit\u00e0ries de diversos hospitals d&#8217;\u00c0frica, implantant un servei de Farm\u00e0cia Hospital\u00e0ria que compleixi amb les normes internacionals de qualitat \u2022 La recaptaci\u00f3 es realitzar\u00e0 a partir de la venda d&#8217;entrades [&hellip;]","og_url":"https:\/\/novaorg.cofb.net\/2019\/02\/28\/infarma-solidari-recollira-fons-per-dotar-amb-mes-recursos-el-servei-de-farmacia-de-lhospital-de-gambo-detiopia\/","og_site_name":"Col\u00b7legi de Farmac\u00e8utics de Barcelona","article_publisher":"https:\/\/www.facebook.com\/farmaceuticsbcn\/","article_published_time":"2019-02-28T13:30:00+00:00","author":"wpAdminCofbOrg","twitter_card":"summary_large_image","twitter_creator":"@farmaceuticsbcn","twitter_site":"@farmaceuticsbcn","twitter_misc":{"Escrit per":"wpAdminCofbOrg","Temps estimat de lectura":"1 minut"},"schema":{"@context":"https:\/\/schema.org","@graph":[{"@type":"Article","@id":"https:\/\/novaorg.cofb.net\/2019\/02\/28\/infarma-solidari-recollira-fons-per-dotar-amb-mes-recursos-el-servei-de-farmacia-de-lhospital-de-gambo-detiopia\/#article","isPartOf":{"@id":"https:\/\/novaorg.cofb.net\/2019\/02\/28\/infarma-solidari-recollira-fons-per-dotar-amb-mes-recursos-el-servei-de-farmacia-de-lhospital-de-gambo-detiopia\/"},"author":{"name":"wpAdminCofbOrg","@id":"https:\/\/www.cofb.org\/#\/schema\/person\/22ed7eea88da74b0fa4d3154ad87ffcb"},"headline":"Infarma Solidari recollir\u00e0 fons per dotar amb m\u00e9s recursos el servei de Farm\u00e0cia de l\u2019Hospital de Gambo d\u2019Eti\u00f2pia","datePublished":"2019-02-28T13:30:00+00:00","dateModified":"2019-02-28T13:30:00+00:00","mainEntityOfPage":{"@id":"https:\/\/novaorg.cofb.net\/2019\/02\/28\/infarma-solidari-recollira-fons-per-dotar-amb-mes-recursos-el-servei-de-farmacia-de-lhospital-de-gambo-detiopia\/"},"wordCount":251,"publisher":{"@id":"https:\/\/www.cofb.org\/#organization"},"articleSection":["Notes de premsa"],"inLanguage":"ca"},{"@type":"WebPage","@id":"https:\/\/novaorg.cofb.net\/2019\/02\/28\/infarma-solidari-recollira-fons-per-dotar-amb-mes-recursos-el-servei-de-farmacia-de-lhospital-de-gambo-detiopia\/","url":"https:\/\/novaorg.cofb.net\/2019\/02\/28\/infarma-solidari-recollira-fons-per-dotar-amb-mes-recursos-el-servei-de-farmacia-de-lhospital-de-gambo-detiopia\/","name":"Infarma Solidari recollir\u00e0 fons per dotar amb m\u00e9s recursos el servei de Farm\u00e0cia de l\u2019Hospital de Gambo d\u2019Eti\u00f2pia - Col\u00b7legi de Farmac\u00e8utics de Barcelona","isPartOf":{"@id":"https:\/\/www.cofb.org\/#website"},"datePublished":"2019-02-28T13:30:00+00:00","dateModified":"2019-02-28T13:30:00+00:00","breadcrumb":{"@id":"https:\/\/novaorg.cofb.net\/2019\/02\/28\/infarma-solidari-recollira-fons-per-dotar-amb-mes-recursos-el-servei-de-farmacia-de-lhospital-de-gambo-detiopia\/#breadcrumb"},"inLanguage":"ca","potentialAction":[{"@type":"ReadAction","target":["https:\/\/novaorg.cofb.net\/2019\/02\/28\/infarma-solidari-recollira-fons-per-dotar-amb-mes-recursos-el-servei-de-farmacia-de-lhospital-de-gambo-detiopia\/"]}]},{"@type":"BreadcrumbList","@id":"https:\/\/novaorg.cofb.net\/2019\/02\/28\/infarma-solidari-recollira-fons-per-dotar-amb-mes-recursos-el-servei-de-farmacia-de-lhospital-de-gambo-detiopia\/#breadcrumb","itemListElement":[{"@type":"ListItem","position":1,"name":"Inici","item":"https:\/\/novaorg.cofb.net\/"},{"@type":"ListItem","position":2,"name":"Infarma Solidari recollir\u00e0 fons per dotar amb m\u00e9s recursos el servei de Farm\u00e0cia de l\u2019Hospital de Gambo d\u2019Eti\u00f2pia"}]},{"@type":"WebSite","@id":"https:\/\/www.cofb.org\/#website","url":"https:\/\/www.cofb.org\/","name":"Col\u00b7legi de Farmac\u00e8utics de Barcelona","description":"","publisher":{"@id":"https:\/\/www.cofb.org\/#organization"},"potentialAction":[{"@type":"SearchAction","target":{"@type":"EntryPoint","urlTemplate":"https:\/\/www.cofb.org\/?s={search_term_string}"},"query-input":"required name=search_term_string"}],"inLanguage":"ca"},{"@type":"Organization","@id":"https:\/\/www.cofb.org\/#organization","name":"Col\u00b7legi de Farmac\u00e8utics de Barcelona","url":"https:\/\/www.cofb.org\/","logo":{"@type":"ImageObject","inLanguage":"ca","@id":"https:\/\/www.cofb.org\/#\/schema\/logo\/image\/","url":"https:\/\/www.cofb.org\/wp-content\/uploads\/2023\/11\/cropped-Logotip-COFB.png","contentUrl":"https:\/\/www.cofb.org\/wp-content\/uploads\/2023\/11\/cropped-Logotip-COFB.png","width":500,"height":105,"caption":"Col\u00b7legi de Farmac\u00e8utics de Barcelona"},"image":{"@id":"https:\/\/www.cofb.org\/#\/schema\/logo\/image\/"},"sameAs":["https:\/\/www.facebook.com\/farmaceuticsbcn\/","https:\/\/twitter.com\/farmaceuticsbcn","https:\/\/www.instagram.com\/farmaceuticsbcn\/","https:\/\/www.linkedin.com\/company\/farmaceuticsbcn\/"]},{"@type":"Person","@id":"https:\/\/www.cofb.org\/#\/schema\/person\/22ed7eea88da74b0fa4d3154ad87ffcb","name":"wpAdminCofbOrg","image":{"@type":"ImageObject","inLanguage":"ca","@id":"https:\/\/www.cofb.org\/#\/schema\/person\/image\/","url":"https:\/\/secure.gravatar.com\/avatar\/1721b20b3b8ca882c3b56ec6c978c594fff670e40c0718e9190eaeeb76aae7d8?s=96&d=mm&r=g","contentUrl":"https:\/\/secure.gravatar.com\/avatar\/1721b20b3b8ca882c3b56ec6c978c594fff670e40c0718e9190eaeeb76aae7d8?s=96&d=mm&r=g","caption":"wpAdminCofbOrg"},"sameAs":["http:\/\/192.168.64.122\/wordpress"],"url":"https:\/\/www.cofb.org\/ca\/author\/wpadmincofborg\/"}]}},"uagb_featured_image_src":{"full":false,"thumbnail":false,"medium":false,"medium_large":false,"large":false,"1536x1536":false,"2048x2048":false,"trp-custom-language-flag":false},"uagb_author_info":{"display_name":"wpAdminCofbOrg","author_link":"https:\/\/www.cofb.org\/ca\/author\/wpadmincofborg\/"},"uagb_comment_info":0,"uagb_excerpt":"\u00a0 \u2022 El projecte el duu a terme la Fundaci\u00f3 El Alto, que treballa per la millora de les condicions sanit\u00e0ries de diversos hospitals d&#8217;\u00c0frica, implantant un servei de Farm\u00e0cia Hospital\u00e0ria que compleixi amb les normes internacionals de qualitat \u2022 La recaptaci\u00f3 es realitzar\u00e0 a partir de la venda d&#8217;entrades [&hellip;]","_links":{"self":[{"href":"https:\/\/www.cofb.org\/ca\/wp-json\/wp\/v2\/posts\/77241","targetHints":{"allow":["GET"]}}],"collection":[{"href":"https:\/\/www.cofb.org\/ca\/wp-json\/wp\/v2\/posts"}],"about":[{"href":"https:\/\/www.cofb.org\/ca\/wp-json\/wp\/v2\/types\/post"}],"author":[{"embeddable":true,"href":"https:\/\/www.cofb.org\/ca\/wp-json\/wp\/v2\/users\/1"}],"replies":[{"embeddable":true,"href":"https:\/\/www.cofb.org\/ca\/wp-json\/wp\/v2\/comments?post=77241"}],"version-history":[{"count":0,"href":"https:\/\/www.cofb.org\/ca\/wp-json\/wp\/v2\/posts\/77241\/revisions"}],"wp:attachment":[{"href":"https:\/\/www.cofb.org\/ca\/wp-json\/wp\/v2\/media?parent=77241"}],"wp:term":[{"taxonomy":"category","embeddable":true,"href":"https:\/\/www.cofb.org\/ca\/wp-json\/wp\/v2\/categories?post=77241"},{"taxonomy":"post_tag","embeddable":true,"href":"https:\/\/www.cofb.org\/ca\/wp-json\/wp\/v2\/tags?post=77241"}],"curies":[{"name":"wp","href":"https:\/\/api.w.org\/{rel}","templated":true}]}}