{"id":77161,"date":"2019-11-26T17:24:00","date_gmt":"2019-11-26T17:24:00","guid":{"rendered":"https:\/\/novaorg.cofb.net\/2019\/11\/26\/el-collegi-de-farmaceutics-de-barcelona-i-lassociacio-actuavalles-uneixen-esforcos-per-fomentar-el-diagnostic-precoc-del-vih-a-les-comarques-del-valles-oriental-i-occidental\/"},"modified":"2024-08-19T11:06:05","modified_gmt":"2024-08-19T11:06:05","slug":"el-collegi-de-farmaceutics-de-barcelona-i-lassociacio-actuavalles-uneixen-esforcos-per-fomentar-el-diagnostic-precoc-del-vih-a-les-comarques-del-valles-oriental-i-occidental","status":"publish","type":"post","link":"https:\/\/www.cofb.org\/ca\/2019\/11\/26\/el-collegi-de-farmaceutics-de-barcelona-i-lassociacio-actuavalles-uneixen-esforcos-per-fomentar-el-diagnostic-precoc-del-vih-a-les-comarques-del-valles-oriental-i-occidental\/","title":{"rendered":"El Col\u00b7legi de Farmac\u00e8utics de Barcelona i l\u2019associaci\u00f3 Actuavall\u00e8s uneixen esfor\u00e7os per fomentar el diagn\u00f2stic preco\u00e7 del VIH a les comarques del Vall\u00e8s Oriental i Occidental"},"content":{"rendered":"\n<ul class=\"wp-block-list\">\n<li>Mitjan\u00e7ant p\u00f2sters i d\u00edptics que es trobaran a les farm\u00e0cies, es pret\u00e9n fer arribar a la poblaci\u00f3 que no t\u00e9 percepci\u00f3 de risc, i que representen el gruix dels casos de diagn\u00f2stic tard\u00e0, informaci\u00f3 sobre les pr\u00e0ctiques de risc, la prova del VIH i els llocs on realitzar-la<\/li>\n\n\n\n<li>En els darrers anys, segons dades del CEEISCAT, al Vall\u00e8s Occidental i Oriental s\u2019han detectat prop de 40 casos anuals nous de VIH, el 48% dels quals han estat diagn\u00f2stic tard\u00e0\u00a0\u00a0<\/li>\n\n\n\n<li>Promoure el diagn\u00f2stic preco\u00e7 del VIH permet accedir abans al tractament, disposar d\u2019una millor qualitat de vida i no transmetre el virus a altres persones<\/li>\n<\/ul>\n\n\n\n<figure class=\"wp-block-image is-resized\"><a href=\"https:\/\/www.cofb.org\/documents\/10136\/1111458\/VIH.JPG\/875febca-d721-4dd4-b88c-43affd32659b?t=1574785660814\" target=\"_blank\" rel=\"noreferrer noopener\"><img decoding=\"async\" src=\"https:\/\/www.cofb.org\/documents\/10136\/1111458\/VIH.JPG\/875febca-d721-4dd4-b88c-43affd32659b?t=1574785660814\" alt=\"\" style=\"aspect-ratio:1.3333333333333333;object-fit:cover;width:900px;height:auto\"\/><\/a><\/figure>\n\n\n\n<p><em>Barcelona, 22 de novembre de 2019<\/em>. Amb motiu de la Setmana Europea de la Prova R\u00e0pida del VIH, que se celebra entre el 22 i el 29 de novembre, i sota el lema \u201cProva del VIH: accessible, an\u00f2nima i confidencial\u201d, el <strong>Col\u00b7legi de Farmac\u00e8utics de Barcelona i l\u2019ONG Actuavall\u00e8s llencen una campanya de sensibilitzaci\u00f3 en les comarques del Vall\u00e8s Oriental i Occidental.<\/strong><\/p>\n\n\n\n<p>La campanya forma part de la iniciativa de l\u2019agrupaci\u00f3 <strong>Prueba de Vihda<\/strong>, de la que l\u2019associaci\u00f3 Actuavall\u00e8s n\u2019\u00e9s membre, i per la qual associacions i Col\u00b7legis Farmac\u00e8utics d\u2019arreu del territori estatal impulsen una campanya coordinada per afavorir la realitzaci\u00f3 de proves r\u00e0pides del VIH.&nbsp;<\/p>\n\n\n\n<p>La campanya consta de p\u00f2sters i d\u00edptics que es trobaran a les farm\u00e0cies del territori. A trav\u00e9s d\u2019un llenguatge directe i clar \u201cProva del VIH, accessible, an\u00f2nima i confidencial\u201d, s\u2019exposen les diferents opcions de realitzaci\u00f3 de la prova del VIH (a les farm\u00e0cies, a Actuavall\u00e8s i al CAP) i es recullen algunes raons per les quals es recomana i \u00e9s important demanar la prova del VIH. Alguns exemples d\u2019aquestes recomanacions s\u00f3n \u201csi alguna vegada has tingut relacions amb penetraci\u00f3 vaginal o anal sense preservatiu\u201d o \u201csi desconeixes el teu estat de salut o l\u2019estat de salut de la teva parella sexual\u201d.&nbsp;<\/p>\n\n\n\n<p>Aquesta campanya pret\u00e9n <strong>fer arribar a la poblaci\u00f3 que no t\u00e9 percepci\u00f3 de risc<\/strong>, i que representen el gruix dels casos de diagn\u00f2stic tard\u00e0, <strong>informaci\u00f3 sobre les pr\u00e0ctiques de risc, la prova del VIH i els llocs on realitzar-la.<\/strong><\/p>\n\n\n\n<h2 class=\"wp-block-heading\"><strong>Paper dels centres comunitaris<\/strong><\/h2>\n\n\n\n<p>Alberto Capit\u00e1n, director d\u2019Actuavall\u00e8s, destaca el paper dels centres comunitaris com Actuavall\u00e8s en la detecci\u00f3 preco\u00e7 del VIH. Explica que Actuavall\u00e8s fa 18 anys que col\u00b7labora en la <strong>promoci\u00f3 del diagn\u00f2stic preco\u00e7 del VIH oferint la prova r\u00e0pida de forma an\u00f2nima, gratu\u00efta i confidencial a la poblaci\u00f3 general<\/strong>. Actualment, l\u2019associaci\u00f3 disposa d\u2019un punt estable de realitzaci\u00f3 de proves a Sabadell, Terrassa, Granollers i, pr\u00f2ximament, a Manresa.<\/p>\n\n\n\n<p>Capit\u00e1n afirma que \u201cla tasca d\u2019Actuavall\u00e8s es basa a identificar i adaptar el servei de la prova r\u00e0pida a les persones que ho necessiten i que sovint tenen dificultats per accedir als recursos del sistema sanitari i, en segon lloc, en descentralitzar estrat\u00e8gies i oferir serveis al territori.\u201d<\/p>\n\n\n\n<h2 class=\"wp-block-heading\"><strong>Els farmac\u00e8utics comunitaris davant la detecci\u00f3 i prevenci\u00f3 del VIH<\/strong><\/h2>\n\n\n\n<p>Anna Font, coordinadora de les farm\u00e0cies del Vall\u00e8s Oriental, afirma que <strong>\u201cels farmac\u00e8utics tenim un paper clau en l\u2019assessorament i la difusi\u00f3 d\u2019informaci\u00f3 sobre la prova del VIH\u201d. <\/strong>\u201cCom a <strong>agents de salut pr\u00f2xims i de confian\u00e7a<\/strong> \u2013prossegueix\u2013 <strong>podem contribuir a la detecci\u00f3 preco\u00e7 i prevenci\u00f3 del VIH <\/strong>gr\u00e0cies a les proves r\u00e0pides i els auto-tests que s\u2019ofereixen a les farm\u00e0cies\u201d.&nbsp;<\/p>\n\n\n\n<p>Meritxell Blanchart, coordinadora de les farm\u00e0cies del Vall\u00e8s Occidental Est, posa en valor <strong>\u201cla coordinaci\u00f3 entre els professionals sanitaris en un tema tan rellevant com \u00e9s el VIH\u201d. \u201cEl treball en xarxa \u00e9s imprescindible per tal que cada professional, des del seu \u00e0mbit d\u2019actuaci\u00f3 (farm\u00e0cies, centres comunitaris i CAPs) pugui incidir en la import\u00e0ncia de la prevenci\u00f3 del VIH\u201d.&nbsp;<\/strong><\/p>\n\n\n\n<p>Per la seva banda, Joan Brugueras, coordinador de les farm\u00e0cies del Vall\u00e8s Occidental Oest, dona m\u00e9s detalls sobre les eines amb qu\u00e8 compten per la detecci\u00f3 preco\u00e7 del VIH. <strong>\u201cLa prova r\u00e0pida \u00e9s un test que consisteix en una petita punci\u00f3 al dit i permet con\u00e8ixer el resultat en 20 minuts, amb un alt valor predictiu, i sempre amb la garantia de confidencialitat i l\u2019anonimat. D\u2019altra banda, l\u2019auto-test \u00e9s una prova que l\u2019usuari es fa a casa i, en el moment de dispensar-lo, \u00e9s important la tasca d\u2019educaci\u00f3 sanit\u00e0ria i de conscienciaci\u00f3 que pot fer el farmac\u00e8utic\u201d.<\/strong><\/p>\n\n\n\n<h2 class=\"wp-block-heading\"><strong>La import\u00e0ncia de la detecci\u00f3 preco\u00e7<\/strong><\/h2>\n\n\n\n<p>En els darrers anys, segons dades del CEEISCAT, <strong>al Vall\u00e8s Occidental i Oriental s\u2019han detectat prop de 40 casos anuals nous de VIH, el 48% dels quals han estat diagn\u00f2stic tard\u00e0. <\/strong>Es considera diagn\u00f2stic tard\u00e0 de la infecci\u00f3 pel VIH quan la xifra del recompte de CD4 m\u00e9s pr\u00f2xima al diagn\u00f2stic \u00e9s inferior a 350 cels\/microlitre (\u00b5L), sent un indicador que fa anys que la infecci\u00f3 es va produir<strong>.<\/strong><\/p>\n\n\n\n<p>Segons l\u2019informe del Sistema Integrat de Vigil\u00e0ncia Epidemiol\u00f2gica de la Sida\/VIH\/ITS a Catalunya (2018), un 44% dels nous diagn\u00f2stics presentaven diagn\u00f2stic tard\u00e0. No obstant aix\u00f2, aquest no afecta igual a tota la poblaci\u00f3. El percentatge de diagn\u00f2stic tard\u00e0 \u00e9s superior en persones heterosexuals; \u00e9s superior a m\u00e9s edat i tamb\u00e9 t\u00e9 m\u00e9s pres\u00e8ncia en persones d\u2019origen estranger.&nbsp;&nbsp;<\/p>\n\n\n\n<p>Promoure el diagn\u00f2stic preco\u00e7 del VIH representa un dels reptes globals m\u00e9s importants en l\u2019estrat\u00e8gia d\u2019UNAIDS per aconseguir erradicar el VIH. En un moment en qu\u00e8 els tractaments s\u00f3n efectius per combatre la infecci\u00f3, que l\u2019evid\u00e8ncia cient\u00edfica ens indica que les persones en tractament i amb c\u00e0rrega viral indetectable han de ser considerades com intransmissibles, s\u2019ha de fer una aposta per millorar el cribratge, la detecci\u00f3 preco\u00e7 i la vinculaci\u00f3 a tractament.<\/p>\n","protected":false},"excerpt":{"rendered":"<p>Barcelona, 22 de novembre de 2019. Amb motiu de la Setmana Europea de la Prova R\u00e0pida del VIH, que se celebra entre el 22 i el 29 de novembre, i sota el lema \u201cProva del VIH: accessible, an\u00f2nima i confidencial\u201d, el Col\u00b7legi de Farmac\u00e8utics de Barcelona i l\u2019ONG Actuavall\u00e8s llencen [&hellip;]<\/p>\n","protected":false},"author":1,"featured_media":77162,"comment_status":"closed","ping_status":"closed","sticky":false,"template":"","format":"aside","meta":{"_uag_custom_page_level_css":"","site-sidebar-layout":"default","site-content-layout":"","ast-site-content-layout":"default","site-content-style":"default","site-sidebar-style":"default","ast-global-header-display":"","ast-banner-title-visibility":"","ast-main-header-display":"","ast-hfb-above-header-display":"","ast-hfb-below-header-display":"","ast-hfb-mobile-header-display":"","site-post-title":"","ast-breadcrumbs-content":"","ast-featured-img":"disabled","footer-sml-layout":"","theme-transparent-header-meta":"","adv-header-id-meta":"","stick-header-meta":"","header-above-stick-meta":"","header-main-stick-meta":"","header-below-stick-meta":"","astra-migrate-meta-layouts":"set","ast-page-background-enabled":"default","ast-page-background-meta":{"desktop":{"background-color":"var(--ast-global-color-4)","background-image":"","background-repeat":"repeat","background-position":"center center","background-size":"auto","background-attachment":"scroll","background-type":"","background-media":"","overlay-type":"","overlay-color":"","overlay-opacity":"","overlay-gradient":""},"tablet":{"background-color":"","background-image":"","background-repeat":"repeat","background-position":"center center","background-size":"auto","background-attachment":"scroll","background-type":"","background-media":"","overlay-type":"","overlay-color":"","overlay-opacity":"","overlay-gradient":""},"mobile":{"background-color":"","background-image":"","background-repeat":"repeat","background-position":"center center","background-size":"auto","background-attachment":"scroll","background-type":"","background-media":"","overlay-type":"","overlay-color":"","overlay-opacity":"","overlay-gradient":""}},"ast-content-background-meta":{"desktop":{"background-color":"var(--ast-global-color-5)","background-image":"","background-repeat":"repeat","background-position":"center center","background-size":"auto","background-attachment":"scroll","background-type":"","background-media":"","overlay-type":"","overlay-color":"","overlay-opacity":"","overlay-gradient":""},"tablet":{"background-color":"var(--ast-global-color-5)","background-image":"","background-repeat":"repeat","background-position":"center center","background-size":"auto","background-attachment":"scroll","background-type":"","background-media":"","overlay-type":"","overlay-color":"","overlay-opacity":"","overlay-gradient":""},"mobile":{"background-color":"var(--ast-global-color-5)","background-image":"","background-repeat":"repeat","background-position":"center center","background-size":"auto","background-attachment":"scroll","background-type":"","background-media":"","overlay-type":"","overlay-color":"","overlay-opacity":"","overlay-gradient":""}},"footnotes":""},"categories":[23,1060],"tags":[],"class_list":["post-77161","post","type-post","status-publish","format-aside","has-post-thumbnail","hentry","category-destacats","category-notes-premsa","post_format-post-format-aside"],"yoast_head":"<!-- This site is optimized with the Yoast SEO plugin v22.4 - https:\/\/yoast.com\/wordpress\/plugins\/seo\/ -->\n<title>El Col\u00b7legi de Farmac\u00e8utics de Barcelona i l\u2019associaci\u00f3 Actuavall\u00e8s uneixen esfor\u00e7os per fomentar el diagn\u00f2stic preco\u00e7 del VIH a les comarques del Vall\u00e8s Oriental i Occidental - Col\u00b7legi de Farmac\u00e8utics de Barcelona<\/title>\n<meta name=\"robots\" content=\"index, follow, max-snippet:-1, max-image-preview:large, max-video-preview:-1\" \/>\n<link rel=\"canonical\" href=\"https:\/\/www.cofb.org\/ca\/2019\/11\/26\/el-collegi-de-farmaceutics-de-barcelona-i-lassociacio-actuavalles-uneixen-esforcos-per-fomentar-el-diagnostic-precoc-del-vih-a-les-comarques-del-valles-oriental-i-occidental\/\" \/>\n<meta property=\"og:locale\" content=\"ca_ES\" \/>\n<meta property=\"og:type\" content=\"article\" \/>\n<meta property=\"og:title\" content=\"El Col\u00b7legi de Farmac\u00e8utics de Barcelona i l\u2019associaci\u00f3 Actuavall\u00e8s uneixen esfor\u00e7os per fomentar el diagn\u00f2stic preco\u00e7 del VIH a les comarques del Vall\u00e8s Oriental i Occidental - Col\u00b7legi de Farmac\u00e8utics de Barcelona\" \/>\n<meta property=\"og:description\" content=\"Barcelona, 22 de novembre de 2019. Amb motiu de la Setmana Europea de la Prova R\u00e0pida del VIH, que se celebra entre el 22 i el 29 de novembre, i sota el lema \u201cProva del VIH: accessible, an\u00f2nima i confidencial\u201d, el Col\u00b7legi de Farmac\u00e8utics de Barcelona i l\u2019ONG Actuavall\u00e8s llencen [&hellip;]\" \/>\n<meta property=\"og:url\" content=\"https:\/\/www.cofb.org\/ca\/2019\/11\/26\/el-collegi-de-farmaceutics-de-barcelona-i-lassociacio-actuavalles-uneixen-esforcos-per-fomentar-el-diagnostic-precoc-del-vih-a-les-comarques-del-valles-oriental-i-occidental\/\" \/>\n<meta property=\"og:site_name\" content=\"Col\u00b7legi de Farmac\u00e8utics de Barcelona\" \/>\n<meta property=\"article:publisher\" content=\"https:\/\/www.facebook.com\/farmaceuticsbcn\/\" \/>\n<meta property=\"article:published_time\" content=\"2019-11-26T17:24:00+00:00\" \/>\n<meta property=\"article:modified_time\" content=\"2024-08-19T11:06:05+00:00\" \/>\n<meta property=\"og:image\" content=\"https:\/\/www.cofb.org\/wp-content\/uploads\/2019\/11\/875febca-d721-4dd4-b88c-43affd32659b-nkGdMQ.jpeg\" \/>\n\t<meta property=\"og:image:width\" content=\"2362\" \/>\n\t<meta property=\"og:image:height\" content=\"1575\" \/>\n\t<meta property=\"og:image:type\" content=\"image\/jpeg\" \/>\n<meta name=\"author\" content=\"wpAdminCofbOrg\" \/>\n<meta name=\"twitter:card\" content=\"summary_large_image\" \/>\n<meta name=\"twitter:creator\" content=\"@farmaceuticsbcn\" \/>\n<meta name=\"twitter:site\" content=\"@farmaceuticsbcn\" \/>\n<meta name=\"twitter:label1\" content=\"Escrit per\" \/>\n\t<meta name=\"twitter:data1\" content=\"wpAdminCofbOrg\" \/>\n\t<meta name=\"twitter:label2\" content=\"Temps estimat de lectura\" \/>\n\t<meta name=\"twitter:data2\" content=\"6 minuts\" \/>\n<script type=\"application\/ld+json\" class=\"yoast-schema-graph\">{\"@context\":\"https:\/\/schema.org\",\"@graph\":[{\"@type\":\"Article\",\"@id\":\"https:\/\/www.cofb.org\/2019\/11\/26\/el-collegi-de-farmaceutics-de-barcelona-i-lassociacio-actuavalles-uneixen-esforcos-per-fomentar-el-diagnostic-precoc-del-vih-a-les-comarques-del-valles-oriental-i-occidental\/#article\",\"isPartOf\":{\"@id\":\"https:\/\/www.cofb.org\/2019\/11\/26\/el-collegi-de-farmaceutics-de-barcelona-i-lassociacio-actuavalles-uneixen-esforcos-per-fomentar-el-diagnostic-precoc-del-vih-a-les-comarques-del-valles-oriental-i-occidental\/\"},\"author\":{\"name\":\"wpAdminCofbOrg\",\"@id\":\"https:\/\/www.cofb.org\/#\/schema\/person\/22ed7eea88da74b0fa4d3154ad87ffcb\"},\"headline\":\"El Col\u00b7legi de Farmac\u00e8utics de Barcelona i l\u2019associaci\u00f3 Actuavall\u00e8s uneixen esfor\u00e7os per fomentar el diagn\u00f2stic preco\u00e7 del VIH a les comarques del Vall\u00e8s Oriental i Occidental\",\"datePublished\":\"2019-11-26T17:24:00+00:00\",\"dateModified\":\"2024-08-19T11:06:05+00:00\",\"mainEntityOfPage\":{\"@id\":\"https:\/\/www.cofb.org\/2019\/11\/26\/el-collegi-de-farmaceutics-de-barcelona-i-lassociacio-actuavalles-uneixen-esforcos-per-fomentar-el-diagnostic-precoc-del-vih-a-les-comarques-del-valles-oriental-i-occidental\/\"},\"wordCount\":1046,\"publisher\":{\"@id\":\"https:\/\/www.cofb.org\/#organization\"},\"image\":{\"@id\":\"https:\/\/www.cofb.org\/2019\/11\/26\/el-collegi-de-farmaceutics-de-barcelona-i-lassociacio-actuavalles-uneixen-esforcos-per-fomentar-el-diagnostic-precoc-del-vih-a-les-comarques-del-valles-oriental-i-occidental\/#primaryimage\"},\"thumbnailUrl\":\"https:\/\/www.cofb.org\/wp-content\/uploads\/2019\/11\/875febca-d721-4dd4-b88c-43affd32659b-nkGdMQ.jpeg\",\"articleSection\":[\"Destacats\",\"Notes de premsa\"],\"inLanguage\":\"ca\"},{\"@type\":\"WebPage\",\"@id\":\"https:\/\/www.cofb.org\/2019\/11\/26\/el-collegi-de-farmaceutics-de-barcelona-i-lassociacio-actuavalles-uneixen-esforcos-per-fomentar-el-diagnostic-precoc-del-vih-a-les-comarques-del-valles-oriental-i-occidental\/\",\"url\":\"https:\/\/www.cofb.org\/2019\/11\/26\/el-collegi-de-farmaceutics-de-barcelona-i-lassociacio-actuavalles-uneixen-esforcos-per-fomentar-el-diagnostic-precoc-del-vih-a-les-comarques-del-valles-oriental-i-occidental\/\",\"name\":\"El Col\u00b7legi de Farmac\u00e8utics de Barcelona i l\u2019associaci\u00f3 Actuavall\u00e8s uneixen esfor\u00e7os per fomentar el diagn\u00f2stic preco\u00e7 del VIH a les comarques del Vall\u00e8s Oriental i Occidental - Col\u00b7legi de Farmac\u00e8utics de Barcelona\",\"isPartOf\":{\"@id\":\"https:\/\/www.cofb.org\/#website\"},\"primaryImageOfPage\":{\"@id\":\"https:\/\/www.cofb.org\/2019\/11\/26\/el-collegi-de-farmaceutics-de-barcelona-i-lassociacio-actuavalles-uneixen-esforcos-per-fomentar-el-diagnostic-precoc-del-vih-a-les-comarques-del-valles-oriental-i-occidental\/#primaryimage\"},\"image\":{\"@id\":\"https:\/\/www.cofb.org\/2019\/11\/26\/el-collegi-de-farmaceutics-de-barcelona-i-lassociacio-actuavalles-uneixen-esforcos-per-fomentar-el-diagnostic-precoc-del-vih-a-les-comarques-del-valles-oriental-i-occidental\/#primaryimage\"},\"thumbnailUrl\":\"https:\/\/www.cofb.org\/wp-content\/uploads\/2019\/11\/875febca-d721-4dd4-b88c-43affd32659b-nkGdMQ.jpeg\",\"datePublished\":\"2019-11-26T17:24:00+00:00\",\"dateModified\":\"2024-08-19T11:06:05+00:00\",\"breadcrumb\":{\"@id\":\"https:\/\/www.cofb.org\/2019\/11\/26\/el-collegi-de-farmaceutics-de-barcelona-i-lassociacio-actuavalles-uneixen-esforcos-per-fomentar-el-diagnostic-precoc-del-vih-a-les-comarques-del-valles-oriental-i-occidental\/#breadcrumb\"},\"inLanguage\":\"ca\",\"potentialAction\":[{\"@type\":\"ReadAction\",\"target\":[\"https:\/\/www.cofb.org\/2019\/11\/26\/el-collegi-de-farmaceutics-de-barcelona-i-lassociacio-actuavalles-uneixen-esforcos-per-fomentar-el-diagnostic-precoc-del-vih-a-les-comarques-del-valles-oriental-i-occidental\/\"]}]},{\"@type\":\"ImageObject\",\"inLanguage\":\"ca\",\"@id\":\"https:\/\/www.cofb.org\/2019\/11\/26\/el-collegi-de-farmaceutics-de-barcelona-i-lassociacio-actuavalles-uneixen-esforcos-per-fomentar-el-diagnostic-precoc-del-vih-a-les-comarques-del-valles-oriental-i-occidental\/#primaryimage\",\"url\":\"https:\/\/www.cofb.org\/wp-content\/uploads\/2019\/11\/875febca-d721-4dd4-b88c-43affd32659b-nkGdMQ.jpeg\",\"contentUrl\":\"https:\/\/www.cofb.org\/wp-content\/uploads\/2019\/11\/875febca-d721-4dd4-b88c-43affd32659b-nkGdMQ.jpeg\",\"width\":2362,\"height\":1575},{\"@type\":\"BreadcrumbList\",\"@id\":\"https:\/\/www.cofb.org\/2019\/11\/26\/el-collegi-de-farmaceutics-de-barcelona-i-lassociacio-actuavalles-uneixen-esforcos-per-fomentar-el-diagnostic-precoc-del-vih-a-les-comarques-del-valles-oriental-i-occidental\/#breadcrumb\",\"itemListElement\":[{\"@type\":\"ListItem\",\"position\":1,\"name\":\"Inici\",\"item\":\"https:\/\/novaorg.cofb.net\/\"},{\"@type\":\"ListItem\",\"position\":2,\"name\":\"El Col\u00b7legi de Farmac\u00e8utics de Barcelona i l\u2019associaci\u00f3 Actuavall\u00e8s uneixen esfor\u00e7os per fomentar el diagn\u00f2stic preco\u00e7 del VIH a les comarques del Vall\u00e8s Oriental i Occidental\"}]},{\"@type\":\"WebSite\",\"@id\":\"https:\/\/www.cofb.org\/#website\",\"url\":\"https:\/\/www.cofb.org\/\",\"name\":\"Col\u00b7legi de Farmac\u00e8utics de Barcelona\",\"description\":\"\",\"publisher\":{\"@id\":\"https:\/\/www.cofb.org\/#organization\"},\"potentialAction\":[{\"@type\":\"SearchAction\",\"target\":{\"@type\":\"EntryPoint\",\"urlTemplate\":\"https:\/\/www.cofb.org\/?s={search_term_string}\"},\"query-input\":\"required name=search_term_string\"}],\"inLanguage\":\"ca\"},{\"@type\":\"Organization\",\"@id\":\"https:\/\/www.cofb.org\/#organization\",\"name\":\"Col\u00b7legi de Farmac\u00e8utics de Barcelona\",\"url\":\"https:\/\/www.cofb.org\/\",\"logo\":{\"@type\":\"ImageObject\",\"inLanguage\":\"ca\",\"@id\":\"https:\/\/www.cofb.org\/#\/schema\/logo\/image\/\",\"url\":\"https:\/\/www.cofb.org\/wp-content\/uploads\/2023\/11\/cropped-Logotip-COFB.png\",\"contentUrl\":\"https:\/\/www.cofb.org\/wp-content\/uploads\/2023\/11\/cropped-Logotip-COFB.png\",\"width\":500,\"height\":105,\"caption\":\"Col\u00b7legi de Farmac\u00e8utics de Barcelona\"},\"image\":{\"@id\":\"https:\/\/www.cofb.org\/#\/schema\/logo\/image\/\"},\"sameAs\":[\"https:\/\/www.facebook.com\/farmaceuticsbcn\/\",\"https:\/\/twitter.com\/farmaceuticsbcn\",\"https:\/\/www.instagram.com\/farmaceuticsbcn\/\",\"https:\/\/www.linkedin.com\/company\/farmaceuticsbcn\/\"]},{\"@type\":\"Person\",\"@id\":\"https:\/\/www.cofb.org\/#\/schema\/person\/22ed7eea88da74b0fa4d3154ad87ffcb\",\"name\":\"wpAdminCofbOrg\",\"image\":{\"@type\":\"ImageObject\",\"inLanguage\":\"ca\",\"@id\":\"https:\/\/www.cofb.org\/#\/schema\/person\/image\/\",\"url\":\"https:\/\/secure.gravatar.com\/avatar\/1721b20b3b8ca882c3b56ec6c978c594fff670e40c0718e9190eaeeb76aae7d8?s=96&d=mm&r=g\",\"contentUrl\":\"https:\/\/secure.gravatar.com\/avatar\/1721b20b3b8ca882c3b56ec6c978c594fff670e40c0718e9190eaeeb76aae7d8?s=96&d=mm&r=g\",\"caption\":\"wpAdminCofbOrg\"},\"sameAs\":[\"http:\/\/192.168.64.122\/wordpress\"],\"url\":\"https:\/\/www.cofb.org\/ca\/author\/wpadmincofborg\/\"}]}<\/script>\n<!-- \/ Yoast SEO plugin. -->","yoast_head_json":{"title":"El Col\u00b7legi de Farmac\u00e8utics de Barcelona i l\u2019associaci\u00f3 Actuavall\u00e8s uneixen esfor\u00e7os per fomentar el diagn\u00f2stic preco\u00e7 del VIH a les comarques del Vall\u00e8s Oriental i Occidental - Col\u00b7legi de Farmac\u00e8utics de Barcelona","robots":{"index":"index","follow":"follow","max-snippet":"max-snippet:-1","max-image-preview":"max-image-preview:large","max-video-preview":"max-video-preview:-1"},"canonical":"https:\/\/www.cofb.org\/ca\/2019\/11\/26\/el-collegi-de-farmaceutics-de-barcelona-i-lassociacio-actuavalles-uneixen-esforcos-per-fomentar-el-diagnostic-precoc-del-vih-a-les-comarques-del-valles-oriental-i-occidental\/","og_locale":"ca_ES","og_type":"article","og_title":"El Col\u00b7legi de Farmac\u00e8utics de Barcelona i l\u2019associaci\u00f3 Actuavall\u00e8s uneixen esfor\u00e7os per fomentar el diagn\u00f2stic preco\u00e7 del VIH a les comarques del Vall\u00e8s Oriental i Occidental - Col\u00b7legi de Farmac\u00e8utics de Barcelona","og_description":"Barcelona, 22 de novembre de 2019. Amb motiu de la Setmana Europea de la Prova R\u00e0pida del VIH, que se celebra entre el 22 i el 29 de novembre, i sota el lema \u201cProva del VIH: accessible, an\u00f2nima i confidencial\u201d, el Col\u00b7legi de Farmac\u00e8utics de Barcelona i l\u2019ONG Actuavall\u00e8s llencen [&hellip;]","og_url":"https:\/\/www.cofb.org\/ca\/2019\/11\/26\/el-collegi-de-farmaceutics-de-barcelona-i-lassociacio-actuavalles-uneixen-esforcos-per-fomentar-el-diagnostic-precoc-del-vih-a-les-comarques-del-valles-oriental-i-occidental\/","og_site_name":"Col\u00b7legi de Farmac\u00e8utics de Barcelona","article_publisher":"https:\/\/www.facebook.com\/farmaceuticsbcn\/","article_published_time":"2019-11-26T17:24:00+00:00","article_modified_time":"2024-08-19T11:06:05+00:00","og_image":[{"width":2362,"height":1575,"url":"https:\/\/www.cofb.org\/wp-content\/uploads\/2019\/11\/875febca-d721-4dd4-b88c-43affd32659b-nkGdMQ.jpeg","type":"image\/jpeg"}],"author":"wpAdminCofbOrg","twitter_card":"summary_large_image","twitter_creator":"@farmaceuticsbcn","twitter_site":"@farmaceuticsbcn","twitter_misc":{"Escrit per":"wpAdminCofbOrg","Temps estimat de lectura":"6 minuts"},"schema":{"@context":"https:\/\/schema.org","@graph":[{"@type":"Article","@id":"https:\/\/www.cofb.org\/2019\/11\/26\/el-collegi-de-farmaceutics-de-barcelona-i-lassociacio-actuavalles-uneixen-esforcos-per-fomentar-el-diagnostic-precoc-del-vih-a-les-comarques-del-valles-oriental-i-occidental\/#article","isPartOf":{"@id":"https:\/\/www.cofb.org\/2019\/11\/26\/el-collegi-de-farmaceutics-de-barcelona-i-lassociacio-actuavalles-uneixen-esforcos-per-fomentar-el-diagnostic-precoc-del-vih-a-les-comarques-del-valles-oriental-i-occidental\/"},"author":{"name":"wpAdminCofbOrg","@id":"https:\/\/www.cofb.org\/#\/schema\/person\/22ed7eea88da74b0fa4d3154ad87ffcb"},"headline":"El Col\u00b7legi de Farmac\u00e8utics de Barcelona i l\u2019associaci\u00f3 Actuavall\u00e8s uneixen esfor\u00e7os per fomentar el diagn\u00f2stic preco\u00e7 del VIH a les comarques del Vall\u00e8s Oriental i Occidental","datePublished":"2019-11-26T17:24:00+00:00","dateModified":"2024-08-19T11:06:05+00:00","mainEntityOfPage":{"@id":"https:\/\/www.cofb.org\/2019\/11\/26\/el-collegi-de-farmaceutics-de-barcelona-i-lassociacio-actuavalles-uneixen-esforcos-per-fomentar-el-diagnostic-precoc-del-vih-a-les-comarques-del-valles-oriental-i-occidental\/"},"wordCount":1046,"publisher":{"@id":"https:\/\/www.cofb.org\/#organization"},"image":{"@id":"https:\/\/www.cofb.org\/2019\/11\/26\/el-collegi-de-farmaceutics-de-barcelona-i-lassociacio-actuavalles-uneixen-esforcos-per-fomentar-el-diagnostic-precoc-del-vih-a-les-comarques-del-valles-oriental-i-occidental\/#primaryimage"},"thumbnailUrl":"https:\/\/www.cofb.org\/wp-content\/uploads\/2019\/11\/875febca-d721-4dd4-b88c-43affd32659b-nkGdMQ.jpeg","articleSection":["Destacats","Notes de premsa"],"inLanguage":"ca"},{"@type":"WebPage","@id":"https:\/\/www.cofb.org\/2019\/11\/26\/el-collegi-de-farmaceutics-de-barcelona-i-lassociacio-actuavalles-uneixen-esforcos-per-fomentar-el-diagnostic-precoc-del-vih-a-les-comarques-del-valles-oriental-i-occidental\/","url":"https:\/\/www.cofb.org\/2019\/11\/26\/el-collegi-de-farmaceutics-de-barcelona-i-lassociacio-actuavalles-uneixen-esforcos-per-fomentar-el-diagnostic-precoc-del-vih-a-les-comarques-del-valles-oriental-i-occidental\/","name":"El Col\u00b7legi de Farmac\u00e8utics de Barcelona i l\u2019associaci\u00f3 Actuavall\u00e8s uneixen esfor\u00e7os per fomentar el diagn\u00f2stic preco\u00e7 del VIH a les comarques del Vall\u00e8s Oriental i Occidental - Col\u00b7legi de Farmac\u00e8utics de Barcelona","isPartOf":{"@id":"https:\/\/www.cofb.org\/#website"},"primaryImageOfPage":{"@id":"https:\/\/www.cofb.org\/2019\/11\/26\/el-collegi-de-farmaceutics-de-barcelona-i-lassociacio-actuavalles-uneixen-esforcos-per-fomentar-el-diagnostic-precoc-del-vih-a-les-comarques-del-valles-oriental-i-occidental\/#primaryimage"},"image":{"@id":"https:\/\/www.cofb.org\/2019\/11\/26\/el-collegi-de-farmaceutics-de-barcelona-i-lassociacio-actuavalles-uneixen-esforcos-per-fomentar-el-diagnostic-precoc-del-vih-a-les-comarques-del-valles-oriental-i-occidental\/#primaryimage"},"thumbnailUrl":"https:\/\/www.cofb.org\/wp-content\/uploads\/2019\/11\/875febca-d721-4dd4-b88c-43affd32659b-nkGdMQ.jpeg","datePublished":"2019-11-26T17:24:00+00:00","dateModified":"2024-08-19T11:06:05+00:00","breadcrumb":{"@id":"https:\/\/www.cofb.org\/2019\/11\/26\/el-collegi-de-farmaceutics-de-barcelona-i-lassociacio-actuavalles-uneixen-esforcos-per-fomentar-el-diagnostic-precoc-del-vih-a-les-comarques-del-valles-oriental-i-occidental\/#breadcrumb"},"inLanguage":"ca","potentialAction":[{"@type":"ReadAction","target":["https:\/\/www.cofb.org\/2019\/11\/26\/el-collegi-de-farmaceutics-de-barcelona-i-lassociacio-actuavalles-uneixen-esforcos-per-fomentar-el-diagnostic-precoc-del-vih-a-les-comarques-del-valles-oriental-i-occidental\/"]}]},{"@type":"ImageObject","inLanguage":"ca","@id":"https:\/\/www.cofb.org\/2019\/11\/26\/el-collegi-de-farmaceutics-de-barcelona-i-lassociacio-actuavalles-uneixen-esforcos-per-fomentar-el-diagnostic-precoc-del-vih-a-les-comarques-del-valles-oriental-i-occidental\/#primaryimage","url":"https:\/\/www.cofb.org\/wp-content\/uploads\/2019\/11\/875febca-d721-4dd4-b88c-43affd32659b-nkGdMQ.jpeg","contentUrl":"https:\/\/www.cofb.org\/wp-content\/uploads\/2019\/11\/875febca-d721-4dd4-b88c-43affd32659b-nkGdMQ.jpeg","width":2362,"height":1575},{"@type":"BreadcrumbList","@id":"https:\/\/www.cofb.org\/2019\/11\/26\/el-collegi-de-farmaceutics-de-barcelona-i-lassociacio-actuavalles-uneixen-esforcos-per-fomentar-el-diagnostic-precoc-del-vih-a-les-comarques-del-valles-oriental-i-occidental\/#breadcrumb","itemListElement":[{"@type":"ListItem","position":1,"name":"Inici","item":"https:\/\/novaorg.cofb.net\/"},{"@type":"ListItem","position":2,"name":"El Col\u00b7legi de Farmac\u00e8utics de Barcelona i l\u2019associaci\u00f3 Actuavall\u00e8s uneixen esfor\u00e7os per fomentar el diagn\u00f2stic preco\u00e7 del VIH a les comarques del Vall\u00e8s Oriental i Occidental"}]},{"@type":"WebSite","@id":"https:\/\/www.cofb.org\/#website","url":"https:\/\/www.cofb.org\/","name":"Col\u00b7legi de Farmac\u00e8utics de Barcelona","description":"","publisher":{"@id":"https:\/\/www.cofb.org\/#organization"},"potentialAction":[{"@type":"SearchAction","target":{"@type":"EntryPoint","urlTemplate":"https:\/\/www.cofb.org\/?s={search_term_string}"},"query-input":"required name=search_term_string"}],"inLanguage":"ca"},{"@type":"Organization","@id":"https:\/\/www.cofb.org\/#organization","name":"Col\u00b7legi de Farmac\u00e8utics de Barcelona","url":"https:\/\/www.cofb.org\/","logo":{"@type":"ImageObject","inLanguage":"ca","@id":"https:\/\/www.cofb.org\/#\/schema\/logo\/image\/","url":"https:\/\/www.cofb.org\/wp-content\/uploads\/2023\/11\/cropped-Logotip-COFB.png","contentUrl":"https:\/\/www.cofb.org\/wp-content\/uploads\/2023\/11\/cropped-Logotip-COFB.png","width":500,"height":105,"caption":"Col\u00b7legi de Farmac\u00e8utics de Barcelona"},"image":{"@id":"https:\/\/www.cofb.org\/#\/schema\/logo\/image\/"},"sameAs":["https:\/\/www.facebook.com\/farmaceuticsbcn\/","https:\/\/twitter.com\/farmaceuticsbcn","https:\/\/www.instagram.com\/farmaceuticsbcn\/","https:\/\/www.linkedin.com\/company\/farmaceuticsbcn\/"]},{"@type":"Person","@id":"https:\/\/www.cofb.org\/#\/schema\/person\/22ed7eea88da74b0fa4d3154ad87ffcb","name":"wpAdminCofbOrg","image":{"@type":"ImageObject","inLanguage":"ca","@id":"https:\/\/www.cofb.org\/#\/schema\/person\/image\/","url":"https:\/\/secure.gravatar.com\/avatar\/1721b20b3b8ca882c3b56ec6c978c594fff670e40c0718e9190eaeeb76aae7d8?s=96&d=mm&r=g","contentUrl":"https:\/\/secure.gravatar.com\/avatar\/1721b20b3b8ca882c3b56ec6c978c594fff670e40c0718e9190eaeeb76aae7d8?s=96&d=mm&r=g","caption":"wpAdminCofbOrg"},"sameAs":["http:\/\/192.168.64.122\/wordpress"],"url":"https:\/\/www.cofb.org\/ca\/author\/wpadmincofborg\/"}]}},"uagb_featured_image_src":{"full":["https:\/\/www.cofb.org\/wp-content\/uploads\/2019\/11\/875febca-d721-4dd4-b88c-43affd32659b-nkGdMQ.jpeg",2362,1575,false],"thumbnail":["https:\/\/www.cofb.org\/wp-content\/uploads\/2019\/11\/875febca-d721-4dd4-b88c-43affd32659b-nkGdMQ-150x150.jpeg",150,150,true],"medium":["https:\/\/www.cofb.org\/wp-content\/uploads\/2019\/11\/875febca-d721-4dd4-b88c-43affd32659b-nkGdMQ-300x200.jpeg",300,200,true],"medium_large":["https:\/\/www.cofb.org\/wp-content\/uploads\/2019\/11\/875febca-d721-4dd4-b88c-43affd32659b-nkGdMQ-768x512.jpeg",768,512,true],"large":["https:\/\/www.cofb.org\/wp-content\/uploads\/2019\/11\/875febca-d721-4dd4-b88c-43affd32659b-nkGdMQ-1024x683.jpeg",1024,683,true],"1536x1536":["https:\/\/www.cofb.org\/wp-content\/uploads\/2019\/11\/875febca-d721-4dd4-b88c-43affd32659b-nkGdMQ-1536x1024.jpeg",1536,1024,true],"2048x2048":["https:\/\/www.cofb.org\/wp-content\/uploads\/2019\/11\/875febca-d721-4dd4-b88c-43affd32659b-nkGdMQ-2048x1366.jpeg",2048,1366,true],"trp-custom-language-flag":["https:\/\/www.cofb.org\/wp-content\/uploads\/2019\/11\/875febca-d721-4dd4-b88c-43affd32659b-nkGdMQ-18x12.jpeg",18,12,true]},"uagb_author_info":{"display_name":"wpAdminCofbOrg","author_link":"https:\/\/www.cofb.org\/ca\/author\/wpadmincofborg\/"},"uagb_comment_info":0,"uagb_excerpt":"Barcelona, 22 de novembre de 2019. Amb motiu de la Setmana Europea de la Prova R\u00e0pida del VIH, que se celebra entre el 22 i el 29 de novembre, i sota el lema \u201cProva del VIH: accessible, an\u00f2nima i confidencial\u201d, el Col\u00b7legi de Farmac\u00e8utics de Barcelona i l\u2019ONG Actuavall\u00e8s llencen [&hellip;]","_links":{"self":[{"href":"https:\/\/www.cofb.org\/ca\/wp-json\/wp\/v2\/posts\/77161","targetHints":{"allow":["GET"]}}],"collection":[{"href":"https:\/\/www.cofb.org\/ca\/wp-json\/wp\/v2\/posts"}],"about":[{"href":"https:\/\/www.cofb.org\/ca\/wp-json\/wp\/v2\/types\/post"}],"author":[{"embeddable":true,"href":"https:\/\/www.cofb.org\/ca\/wp-json\/wp\/v2\/users\/1"}],"replies":[{"embeddable":true,"href":"https:\/\/www.cofb.org\/ca\/wp-json\/wp\/v2\/comments?post=77161"}],"version-history":[{"count":4,"href":"https:\/\/www.cofb.org\/ca\/wp-json\/wp\/v2\/posts\/77161\/revisions"}],"predecessor-version":[{"id":79252,"href":"https:\/\/www.cofb.org\/ca\/wp-json\/wp\/v2\/posts\/77161\/revisions\/79252"}],"wp:featuredmedia":[{"embeddable":true,"href":"https:\/\/www.cofb.org\/ca\/wp-json\/wp\/v2\/media\/77162"}],"wp:attachment":[{"href":"https:\/\/www.cofb.org\/ca\/wp-json\/wp\/v2\/media?parent=77161"}],"wp:term":[{"taxonomy":"category","embeddable":true,"href":"https:\/\/www.cofb.org\/ca\/wp-json\/wp\/v2\/categories?post=77161"},{"taxonomy":"post_tag","embeddable":true,"href":"https:\/\/www.cofb.org\/ca\/wp-json\/wp\/v2\/tags?post=77161"}],"curies":[{"name":"wp","href":"https:\/\/api.w.org\/{rel}","templated":true}]}}