{"id":77143,"date":"2020-02-26T17:33:00","date_gmt":"2020-02-26T17:33:00","guid":{"rendered":"https:\/\/novaorg.cofb.net\/2020\/02\/26\/infarma-madrid-2020-obrira-un-espai-per-impulsar-el-desenvolupament-professional-a-traves-de-la-creativitat-i-el-joc\/"},"modified":"2020-02-26T17:33:00","modified_gmt":"2020-02-26T17:33:00","slug":"infarma-madrid-2020-obrira-un-espai-per-impulsar-el-desenvolupament-professional-a-traves-de-la-creativitat-i-el-joc","status":"publish","type":"post","link":"https:\/\/www.cofb.org\/ca\/2020\/02\/26\/infarma-madrid-2020-obrira-un-espai-per-impulsar-el-desenvolupament-professional-a-traves-de-la-creativitat-i-el-joc\/","title":{"rendered":"\u2018Infarma Madrid 2020\u2019 obrir\u00e0 un espai per impulsar el desenvolupament professional a trav\u00e9s de la creativitat i el joc"},"content":{"rendered":"<p>\u00a0<\/p>\n<p><img decoding=\"async\" alt=\"\" src=\"https:\/\/www.cofb.org\/documents\/10136\/1111458\/Espacio+de+%C3%A9xito.jpg\/b092aabd-15a3-4ec8-aeea-536327e5310c?t=1582734686775\"><\/p>\n<p>\u00a0<\/p>\n<p>\u00a0<\/p>\n<p>\u00a0<\/p>\n<p><em>Madrid, 26 de febrer.<\/em> Infarma Madrid 2020, el Congr\u00e9s i Sal\u00f3 de la farm\u00e0cia que organitzen els col\u00b7legis oficials de farmac\u00e8utics de Madrid i Barcelona, en col\u00b7laboraci\u00f3 amb Interalia, tornar\u00e0 a posar en marxa el seu propi laboratori d&#8217;idees per a transformar la farm\u00e0cia en un espai batejat com &#8220;Innovaci\u00f3 amb Iniciativa&#8221; que se situar\u00e0 al pavell\u00f3 1 del recinte firal d&#8217;Ifema.<\/p>\n<p>Durant tres dies, entre el 10 i el 12 de mar\u00e7, aquest escenari acollir\u00e0 les activitats programades a #Infarmainnova i\u00a0 Iniciatives d&#8217;\u00c8xit, amb l&#8217;objectiu d&#8217;estimular l&#8217;aprenentatge i fomentar la capacitat d&#8217;innovaci\u00f3 dins de l&#8217;oficina de farm\u00e0cia.<\/p>\n<p>Imagina i construeix la teva pr\u00f2pia farm\u00e0cia \u00e9s el repte que #Infarmainnova proposa als farmac\u00e8utics participants a Infarma que s&#8217;inscriguin en aquest espai innovador. El per\u00edode d&#8217;inscripci\u00f3 ja est\u00e0\u00a0obert fins a completar-se les 190 places disponibles i es pot realitzar al seg\u00fcent enlla\u00e7.<\/p>\n<p>Entre altres q\u00fcestions, els participants hauran de reflexionar i treballar de manera col\u00b7laborativa per a respondre una s\u00e8rie de preguntes relacionades amb el nou consumidor de farm\u00e0cia: com s\u00f3c jo i com s\u00f3n els meus clients?, com puc vendre&#8217;ls m\u00e9s i millor?, com puc treure el millor del meu equip? o com comunicar-se millor amb el client en l&#8217;era digital? S\u00f3n alguns dels interrogants que es plantejaran en una \u00fanica sessi\u00f3 formativa que se celebrar\u00e0 l&#8217;11 de mar\u00e7.<\/p>\n<p>Una de les novetats previstes \u00e9s que els professionals inscrits utilitzaran la metodologia Lego Serious Play. Enfocada a treure tot el potencial de les persones i equips participants, aquesta t\u00e8cnica d&#8217;aprenentatge grupal promou una formaci\u00f3 din\u00e0mica mitjan\u00e7ant el joc, que facilita la reflexi\u00f3 i la comunicaci\u00f3 per a resoldre problemes, mentre els participants \u201cconstrueixen\u201d els seus propis models amb peces Lego. Tots els inscrits participaran en el sorteig d&#8217;un viatge a Legoland Billund a Dinamarca.<\/p>\n<p>Rosal\u00eda Gozalo Corral, vocal de Dermofarm\u00e0cia i Productes Sanitaris del Col\u00b7legi Oficial de Farmac\u00e8utics de Madrid (COFM) i una de les promotores d&#8217;aquest espai centrat en el farmac\u00e8utic d&#8217;oficina de farm\u00e0cia, assenyala que #Infarmainnova \u201cimpulsar\u00e0 l&#8217;experi\u00e8ncia de venda en farm\u00e0cia i la necessitat d&#8217;especialitzar-se a trav\u00e9s d&#8217;una formaci\u00f3 que es recolzar\u00e0 en el joc i la creativitat per a generar solucions innovadores que puguem utilitzar com a dec\u00e0leg per a les farm\u00e0cies\u201d.<\/p>\n<p>\n\u2018Iniciatives d&#8217;\u00c8xit\u2019<\/p>\n<p>Juntament amb #Infarmainnova, es desenvolupar\u00e0 Iniciatives d&#8217;\u00c8xit al mateix espai, els dies 10 i 12 de mar\u00e7, on es presentaran projectes innovadors impulsats per farmac\u00e8utics d&#8217;oficina de farm\u00e0cia i pels cinc grups d&#8217;Atenci\u00f3 Farmac\u00e8utica creats pel COFM l&#8217;any 2018. En aquest espai, s&#8217;inclouran \u201caquelles experi\u00e8ncies en gesti\u00f3, farm\u00e0cia assistencial, casos pr\u00e0ctics o estudis realitzats en oficines de farm\u00e0cia que hagin suposat millores reals que puguin ser aplicables per altres farmac\u00e8utics\u201d, explica \u00d3scar L\u00f3pez Moreno, vocal de Titulars d&#8217;Oficina de Farm\u00e0cia del COFM i impulsor d&#8217;aquest programa a\u00a0Infarma.<\/p>\n<p>En total, el comit\u00e8 d&#8217;Iniciatives d&#8217;\u00c8xit ha seleccionat una vintena de projectes centrats en \u00e0rees, entre les quals destaquen l&#8217;\u00fas de les xarxes socials per part dels farmac\u00e8utics com a mitj\u00e0 de comunicaci\u00f3 amb el pacient, noves f\u00f3rmules per a facilitar el seguiment farmacoterap\u00e8utic i millorar l&#8217;adher\u00e8ncia als tractaments, l&#8217;\u00fas dels analg\u00e8sics i dels nous anticoagulants orals, l&#8217;atenci\u00f3 preco\u00e7 de l&#8217;Alzheimer o l&#8217;abordatge de la tensi\u00f3 arterial no controlada.<\/p>\n<p>Els resultats de les propostes triades es presentaran durant la tarda del dimarts 11 i al mat\u00ed i la tarda del dijous 12. Seran exposicions curtes en les quals cada farmac\u00e8utic o grup de farmac\u00e8utics (fins a un m\u00e0xim de tres) disposar\u00e0 d&#8217;un temps de 15-20 minuts i on es podr\u00e0 utilitzar una presentaci\u00f3 per a donar suport a la seva exposici\u00f3.<\/p>\n<p>Sobre Infarma Madrid 2020<\/p>\n<p>El Congr\u00e9s Europeu d&#8217;Oficina de Farm\u00e0cia \u00e9s una cita professional reconeguda d&#8217;inter\u00e8s sanitari per part del Ministeri de Sanitat, Consum i Benestar Social. En la seva \u00faltima edici\u00f3 de 2018 a Madrid, va reunir 33.850 visitants i a 3.450 congressistes. Des que els Col\u00b7legis Farmac\u00e8utics de Madrid i Barcelona van decidir col\u00b7laborar per a organitzar Infarma de manera conjunta juntament amb Interalia, el creixement del Congr\u00e9s i Sal\u00f3 ha estat sostingut en cada edici\u00f3. Si l&#8217;any 2012, data de la primera trobada conjunta, es va aconseguir reunir 2.356 i 21.000 professionals, l&#8217;\u00faltima edici\u00f3 de Barcelona de 2019 es va tancar amb un balan\u00e7 de 3.480 congressistes i 33.770 visitants, un 47 per cent m\u00e9s de congressistes i un 60 per cent m\u00e9s de professionals. S\u00f3n algunes de les grans xifres d&#8217;un Congr\u00e9s que l&#8217;any\u00a02018 va aconseguir a m\u00e9s un nou r\u00e8cord d&#8217;espai firal en contractar 35.000 metres quadrats, aix\u00ed com d&#8217;expositors, amb 387 empreses i laboratoris presents.<\/p>\n<p>\u00a0\u00a0<\/p>\n<p>\u00a0<\/p>\n<p>\u00a0<\/p>\n<p>Madrid, 26 de febrer. Infarma Madrid 2020, el Congr\u00e9s i Sal\u00f3 de la farm\u00e0cia que organitzen els col\u00b7legis oficials de farmac\u00e8utics de Madrid i Barcelona, en col\u00b7laboraci\u00f3 amb Interalia, tornar\u00e0 a posar en marxa el seu propi laboratori d&#8217;idees per a transformar la farm\u00e0cia en un espai batejat com &#8220;Innovaci\u00f3 amb Iniciativa&#8221; que se situar\u00e0 al pavell\u00f3 1 del recinte firal d&#8217;Ifema.<\/p>\n<p>Durant tres dies, entre el 10 i el 12 de mar\u00e7, aquest escenari acollir\u00e0 les activitats programades a #Infarmainnova i\u00a0 Iniciatives d&#8217;\u00c8xit, amb l&#8217;objectiu d&#8217;estimular l&#8217;aprenentatge i fomentar la capacitat d&#8217;innovaci\u00f3 dins de l&#8217;oficina de farm\u00e0cia.<\/p>\n<p>Imagina i construeix la teva pr\u00f2pia farm\u00e0cia \u00e9s el repte que #Infarmainnova proposa als farmac\u00e8utics participants a Infarma que s&#8217;inscriguin en aquest espai innovador. El per\u00edode d&#8217;inscripci\u00f3 ja est\u00e0\u00a0obert fins a completar-se les 190 places disponibles i es pot realitzar al seg\u00fcent enlla\u00e7.<\/p>\n<p>Entre altres q\u00fcestions, els participants hauran de reflexionar i treballar de manera col\u00b7laborativa per a respondre una s\u00e8rie de preguntes relacionades amb el nou consumidor de farm\u00e0cia: com s\u00f3c jo i com s\u00f3n els meus clients?, com puc vendre&#8217;ls m\u00e9s i millor?, com puc treure el millor del meu equip? o com comunicar-se millor amb el client en l&#8217;era digital? S\u00f3n alguns dels interrogants que es plantejaran en una \u00fanica sessi\u00f3 formativa que se celebrar\u00e0 l&#8217;11 de mar\u00e7.<\/p>\n<p>Una de les novetats previstes \u00e9s que els professionals inscrits utilitzaran la metodologia Lego Serious Play. Enfocada a treure tot el potencial de les persones i equips participants, aquesta t\u00e8cnica d&#8217;aprenentatge grupal promou una formaci\u00f3 din\u00e0mica mitjan\u00e7ant el joc, que facilita la reflexi\u00f3 i la comunicaci\u00f3 per a resoldre problemes, mentre els participants \u201cconstrueixen\u201d els seus propis models amb peces Lego. Tots els inscrits participaran en el sorteig d&#8217;un viatge a Legoland Billund a Dinamarca.<\/p>\n<p>Rosal\u00eda Gozalo Corral, vocal de Dermofarm\u00e0cia i Productes Sanitaris del Col\u00b7legi Oficial de Farmac\u00e8utics de Madrid (COFM) i una de les promotores d&#8217;aquest espai centrat en el farmac\u00e8utic d&#8217;oficina de farm\u00e0cia, assenyala que #Infarmainnova \u201cimpulsar\u00e0 l&#8217;experi\u00e8ncia de venda en farm\u00e0cia i la necessitat d&#8217;especialitzar-se a trav\u00e9s d&#8217;una formaci\u00f3 que es recolzar\u00e0 en el joc i la creativitat per a generar solucions innovadores que puguem utilitzar com a dec\u00e0leg per a les farm\u00e0cies\u201d.<\/p>\n<p>\u2018Iniciatives d&#8217;\u00c8xit\u2019<\/p>\n<p>Juntament amb #Infarmainnova, es desenvolupar\u00e0 Iniciatives d&#8217;\u00c8xit al mateix espai, els dies 10 i 12 de mar\u00e7, on es presentaran projectes innovadors impulsats per farmac\u00e8utics d&#8217;oficina de farm\u00e0cia i pels cinc grups d&#8217;Atenci\u00f3 Farmac\u00e8utica creats pel COFM l&#8217;any 2018. En aquest espai, s&#8217;inclouran \u201caquelles experi\u00e8ncies en gesti\u00f3, farm\u00e0cia assistencial, casos pr\u00e0ctics o estudis realitzats en oficines de farm\u00e0cia que hagin suposat millores reals que puguin ser aplicables per altres farmac\u00e8utics\u201d, explica \u00d3scar L\u00f3pez Moreno, vocal de Titulars d&#8217;Oficina de Farm\u00e0cia del COFM i impulsor d&#8217;aquest programa a\u00a0Infarma.<\/p>\n<p>En total, el comit\u00e8 d&#8217;Iniciatives d&#8217;\u00c8xit ha seleccionat una vintena de projectes centrats en \u00e0rees, entre les quals destaquen l&#8217;\u00fas de les xarxes socials per part dels farmac\u00e8utics com a mitj\u00e0 de comunicaci\u00f3 amb el pacient, noves f\u00f3rmules per a facilitar el seguiment farmacoterap\u00e8utic i millorar l&#8217;adher\u00e8ncia als tractaments, l&#8217;\u00fas dels analg\u00e8sics i dels nous anticoagulants orals, l&#8217;atenci\u00f3 preco\u00e7 de l&#8217;Alzheimer o l&#8217;abordatge de la tensi\u00f3 arterial no controlada.<\/p>\n<p>Els resultats de les propostes triades es presentaran durant la tarda del dimarts 11 i al mat\u00ed i la tarda del dijous 12. Seran exposicions curtes en les quals cada farmac\u00e8utic o grup de farmac\u00e8utics (fins a un m\u00e0xim de tres) disposar\u00e0 d&#8217;un temps de 15-20 minuts i on es podr\u00e0 utilitzar una presentaci\u00f3 per a donar suport a la seva exposici\u00f3.<\/p>\n<p>Sobre Infarma Madrid 2020<\/p>\n<p>El Congr\u00e9s Europeu d&#8217;Oficina de Farm\u00e0cia \u00e9s una cita professional reconeguda d&#8217;inter\u00e8s sanitari per part del Ministeri de Sanitat, Consum i Benestar Social. En la seva \u00faltima edici\u00f3 de 2018 a Madrid, va reunir 33.850 visitants i a 3.450 congressistes. Des que els Col\u00b7legis Farmac\u00e8utics de Madrid i Barcelona van decidir col\u00b7laborar per a organitzar Infarma de manera conjunta juntament amb Interalia, el creixement del Congr\u00e9s i Sal\u00f3 ha estat sostingut en cada edici\u00f3. Si l&#8217;any 2012, data de la primera trobada conjunta, es va aconseguir reunir 2.356 i 21.000 professionals, l&#8217;\u00faltima edici\u00f3 de Barcelona de 2019 es va tancar amb un balan\u00e7 de 3.480 congressistes i 33.770 visitants, un 47 per cent m\u00e9s de congressistes i un 60 per cent m\u00e9s de professionals. S\u00f3n algunes de les grans xifres d&#8217;un Congr\u00e9s que l&#8217;any\u00a02018 va aconseguir a m\u00e9s un nou r\u00e8cord d&#8217;espai firal en contractar 35.000 metres quadrats, aix\u00ed com d&#8217;expositors, amb 387 empreses i laboratoris presents.\u00a0\u00a0COFB.ORG<\/p>\n","protected":false},"excerpt":{"rendered":"<p>\u00a0 \u00a0 \u00a0 \u00a0 Madrid, 26 de febrer. Infarma Madrid 2020, el Congr\u00e9s i Sal\u00f3 de la farm\u00e0cia que organitzen els col\u00b7legis oficials de farmac\u00e8utics de Madrid i Barcelona, en col\u00b7laboraci\u00f3 amb Interalia, tornar\u00e0 a posar en marxa el seu propi laboratori d&#8217;idees per a transformar la farm\u00e0cia en un [&hellip;]<\/p>\n","protected":false},"author":1,"featured_media":77144,"comment_status":"","ping_status":"","sticky":false,"template":"","format":"standard","meta":{"_uag_custom_page_level_css":"","site-sidebar-layout":"default","site-content-layout":"","ast-site-content-layout":"default","site-content-style":"default","site-sidebar-style":"default","ast-global-header-display":"","ast-banner-title-visibility":"","ast-main-header-display":"","ast-hfb-above-header-display":"","ast-hfb-below-header-display":"","ast-hfb-mobile-header-display":"","site-post-title":"","ast-breadcrumbs-content":"","ast-featured-img":"disabled","footer-sml-layout":"","theme-transparent-header-meta":"","adv-header-id-meta":"","stick-header-meta":"","header-above-stick-meta":"","header-main-stick-meta":"","header-below-stick-meta":"","astra-migrate-meta-layouts":"default","ast-page-background-enabled":"default","ast-page-background-meta":{"desktop":{"background-color":"var(--ast-global-color-4)","background-image":"","background-repeat":"repeat","background-position":"center center","background-size":"auto","background-attachment":"scroll","background-type":"","background-media":"","overlay-type":"","overlay-color":"","overlay-opacity":"","overlay-gradient":""},"tablet":{"background-color":"","background-image":"","background-repeat":"repeat","background-position":"center center","background-size":"auto","background-attachment":"scroll","background-type":"","background-media":"","overlay-type":"","overlay-color":"","overlay-opacity":"","overlay-gradient":""},"mobile":{"background-color":"","background-image":"","background-repeat":"repeat","background-position":"center center","background-size":"auto","background-attachment":"scroll","background-type":"","background-media":"","overlay-type":"","overlay-color":"","overlay-opacity":"","overlay-gradient":""}},"ast-content-background-meta":{"desktop":{"background-color":"var(--ast-global-color-5)","background-image":"","background-repeat":"repeat","background-position":"center center","background-size":"auto","background-attachment":"scroll","background-type":"","background-media":"","overlay-type":"","overlay-color":"","overlay-opacity":"","overlay-gradient":""},"tablet":{"background-color":"var(--ast-global-color-5)","background-image":"","background-repeat":"repeat","background-position":"center center","background-size":"auto","background-attachment":"scroll","background-type":"","background-media":"","overlay-type":"","overlay-color":"","overlay-opacity":"","overlay-gradient":""},"mobile":{"background-color":"var(--ast-global-color-5)","background-image":"","background-repeat":"repeat","background-position":"center center","background-size":"auto","background-attachment":"scroll","background-type":"","background-media":"","overlay-type":"","overlay-color":"","overlay-opacity":"","overlay-gradient":""}},"footnotes":""},"categories":[1060,1066],"tags":[],"class_list":["post-77143","post","type-post","status-publish","format-standard","has-post-thumbnail","hentry","category-notes-premsa","category-sense-categoria-ca"],"yoast_head":"<!-- This site is optimized with the Yoast SEO plugin v22.4 - https:\/\/yoast.com\/wordpress\/plugins\/seo\/ -->\n<title>\u2018Infarma Madrid 2020\u2019 obrir\u00e0 un espai per impulsar el desenvolupament professional a trav\u00e9s de la creativitat i el joc - Col\u00b7legi de Farmac\u00e8utics de Barcelona<\/title>\n<meta name=\"robots\" content=\"index, follow, max-snippet:-1, max-image-preview:large, max-video-preview:-1\" \/>\n<link rel=\"canonical\" href=\"https:\/\/novaorg.cofb.net\/2020\/02\/26\/infarma-madrid-2020-obrira-un-espai-per-impulsar-el-desenvolupament-professional-a-traves-de-la-creativitat-i-el-joc\/\" \/>\n<meta property=\"og:locale\" content=\"ca_ES\" \/>\n<meta property=\"og:type\" content=\"article\" \/>\n<meta property=\"og:title\" content=\"\u2018Infarma Madrid 2020\u2019 obrir\u00e0 un espai per impulsar el desenvolupament professional a trav\u00e9s de la creativitat i el joc - Col\u00b7legi de Farmac\u00e8utics de Barcelona\" \/>\n<meta property=\"og:description\" content=\"\u00a0 \u00a0 \u00a0 \u00a0 Madrid, 26 de febrer. Infarma Madrid 2020, el Congr\u00e9s i Sal\u00f3 de la farm\u00e0cia que organitzen els col\u00b7legis oficials de farmac\u00e8utics de Madrid i Barcelona, en col\u00b7laboraci\u00f3 amb Interalia, tornar\u00e0 a posar en marxa el seu propi laboratori d&#8217;idees per a transformar la farm\u00e0cia en un [&hellip;]\" \/>\n<meta property=\"og:url\" content=\"https:\/\/novaorg.cofb.net\/2020\/02\/26\/infarma-madrid-2020-obrira-un-espai-per-impulsar-el-desenvolupament-professional-a-traves-de-la-creativitat-i-el-joc\/\" \/>\n<meta property=\"og:site_name\" content=\"Col\u00b7legi de Farmac\u00e8utics de Barcelona\" \/>\n<meta property=\"article:publisher\" content=\"https:\/\/www.facebook.com\/farmaceuticsbcn\/\" \/>\n<meta property=\"article:published_time\" content=\"2020-02-26T17:33:00+00:00\" \/>\n<meta property=\"og:image\" content=\"https:\/\/novaorg.cofb.net\/wp-content\/uploads\/2020\/02\/b092aabd-15a3-4ec8-aeea-536327e5310c-oY4AtS.jpeg\" \/>\n\t<meta property=\"og:image:width\" content=\"600\" \/>\n\t<meta property=\"og:image:height\" content=\"450\" \/>\n\t<meta property=\"og:image:type\" content=\"image\/jpeg\" \/>\n<meta name=\"author\" content=\"wpAdminCofbOrg\" \/>\n<meta name=\"twitter:card\" content=\"summary_large_image\" \/>\n<meta name=\"twitter:creator\" content=\"@farmaceuticsbcn\" \/>\n<meta name=\"twitter:site\" content=\"@farmaceuticsbcn\" \/>\n<meta name=\"twitter:label1\" content=\"Escrit per\" \/>\n\t<meta name=\"twitter:data1\" content=\"wpAdminCofbOrg\" \/>\n\t<meta name=\"twitter:label2\" content=\"Temps estimat de lectura\" \/>\n\t<meta name=\"twitter:data2\" content=\"8 minuts\" \/>\n<script type=\"application\/ld+json\" class=\"yoast-schema-graph\">{\"@context\":\"https:\/\/schema.org\",\"@graph\":[{\"@type\":\"Article\",\"@id\":\"https:\/\/novaorg.cofb.net\/2020\/02\/26\/infarma-madrid-2020-obrira-un-espai-per-impulsar-el-desenvolupament-professional-a-traves-de-la-creativitat-i-el-joc\/#article\",\"isPartOf\":{\"@id\":\"https:\/\/novaorg.cofb.net\/2020\/02\/26\/infarma-madrid-2020-obrira-un-espai-per-impulsar-el-desenvolupament-professional-a-traves-de-la-creativitat-i-el-joc\/\"},\"author\":{\"name\":\"wpAdminCofbOrg\",\"@id\":\"https:\/\/www.cofb.org\/#\/schema\/person\/22ed7eea88da74b0fa4d3154ad87ffcb\"},\"headline\":\"\u2018Infarma Madrid 2020\u2019 obrir\u00e0 un espai per impulsar el desenvolupament professional a trav\u00e9s de la creativitat i el joc\",\"datePublished\":\"2020-02-26T17:33:00+00:00\",\"dateModified\":\"2020-02-26T17:33:00+00:00\",\"mainEntityOfPage\":{\"@id\":\"https:\/\/novaorg.cofb.net\/2020\/02\/26\/infarma-madrid-2020-obrira-un-espai-per-impulsar-el-desenvolupament-professional-a-traves-de-la-creativitat-i-el-joc\/\"},\"wordCount\":1687,\"publisher\":{\"@id\":\"https:\/\/www.cofb.org\/#organization\"},\"image\":{\"@id\":\"https:\/\/novaorg.cofb.net\/2020\/02\/26\/infarma-madrid-2020-obrira-un-espai-per-impulsar-el-desenvolupament-professional-a-traves-de-la-creativitat-i-el-joc\/#primaryimage\"},\"thumbnailUrl\":\"https:\/\/www.cofb.org\/wp-content\/uploads\/2020\/02\/b092aabd-15a3-4ec8-aeea-536327e5310c-oY4AtS.jpeg\",\"articleSection\":[\"Notes de premsa\"],\"inLanguage\":\"ca\"},{\"@type\":\"WebPage\",\"@id\":\"https:\/\/novaorg.cofb.net\/2020\/02\/26\/infarma-madrid-2020-obrira-un-espai-per-impulsar-el-desenvolupament-professional-a-traves-de-la-creativitat-i-el-joc\/\",\"url\":\"https:\/\/novaorg.cofb.net\/2020\/02\/26\/infarma-madrid-2020-obrira-un-espai-per-impulsar-el-desenvolupament-professional-a-traves-de-la-creativitat-i-el-joc\/\",\"name\":\"\u2018Infarma Madrid 2020\u2019 obrir\u00e0 un espai per impulsar el desenvolupament professional a trav\u00e9s de la creativitat i el joc - Col\u00b7legi de Farmac\u00e8utics de Barcelona\",\"isPartOf\":{\"@id\":\"https:\/\/www.cofb.org\/#website\"},\"primaryImageOfPage\":{\"@id\":\"https:\/\/novaorg.cofb.net\/2020\/02\/26\/infarma-madrid-2020-obrira-un-espai-per-impulsar-el-desenvolupament-professional-a-traves-de-la-creativitat-i-el-joc\/#primaryimage\"},\"image\":{\"@id\":\"https:\/\/novaorg.cofb.net\/2020\/02\/26\/infarma-madrid-2020-obrira-un-espai-per-impulsar-el-desenvolupament-professional-a-traves-de-la-creativitat-i-el-joc\/#primaryimage\"},\"thumbnailUrl\":\"https:\/\/www.cofb.org\/wp-content\/uploads\/2020\/02\/b092aabd-15a3-4ec8-aeea-536327e5310c-oY4AtS.jpeg\",\"datePublished\":\"2020-02-26T17:33:00+00:00\",\"dateModified\":\"2020-02-26T17:33:00+00:00\",\"breadcrumb\":{\"@id\":\"https:\/\/novaorg.cofb.net\/2020\/02\/26\/infarma-madrid-2020-obrira-un-espai-per-impulsar-el-desenvolupament-professional-a-traves-de-la-creativitat-i-el-joc\/#breadcrumb\"},\"inLanguage\":\"ca\",\"potentialAction\":[{\"@type\":\"ReadAction\",\"target\":[\"https:\/\/novaorg.cofb.net\/2020\/02\/26\/infarma-madrid-2020-obrira-un-espai-per-impulsar-el-desenvolupament-professional-a-traves-de-la-creativitat-i-el-joc\/\"]}]},{\"@type\":\"ImageObject\",\"inLanguage\":\"ca\",\"@id\":\"https:\/\/novaorg.cofb.net\/2020\/02\/26\/infarma-madrid-2020-obrira-un-espai-per-impulsar-el-desenvolupament-professional-a-traves-de-la-creativitat-i-el-joc\/#primaryimage\",\"url\":\"https:\/\/www.cofb.org\/wp-content\/uploads\/2020\/02\/b092aabd-15a3-4ec8-aeea-536327e5310c-oY4AtS.jpeg\",\"contentUrl\":\"https:\/\/www.cofb.org\/wp-content\/uploads\/2020\/02\/b092aabd-15a3-4ec8-aeea-536327e5310c-oY4AtS.jpeg\",\"width\":600,\"height\":450},{\"@type\":\"BreadcrumbList\",\"@id\":\"https:\/\/novaorg.cofb.net\/2020\/02\/26\/infarma-madrid-2020-obrira-un-espai-per-impulsar-el-desenvolupament-professional-a-traves-de-la-creativitat-i-el-joc\/#breadcrumb\",\"itemListElement\":[{\"@type\":\"ListItem\",\"position\":1,\"name\":\"Inici\",\"item\":\"https:\/\/novaorg.cofb.net\/\"},{\"@type\":\"ListItem\",\"position\":2,\"name\":\"\u2018Infarma Madrid 2020\u2019 obrir\u00e0 un espai per impulsar el desenvolupament professional a trav\u00e9s de la creativitat i el joc\"}]},{\"@type\":\"WebSite\",\"@id\":\"https:\/\/www.cofb.org\/#website\",\"url\":\"https:\/\/www.cofb.org\/\",\"name\":\"Col\u00b7legi de Farmac\u00e8utics de Barcelona\",\"description\":\"\",\"publisher\":{\"@id\":\"https:\/\/www.cofb.org\/#organization\"},\"potentialAction\":[{\"@type\":\"SearchAction\",\"target\":{\"@type\":\"EntryPoint\",\"urlTemplate\":\"https:\/\/www.cofb.org\/?s={search_term_string}\"},\"query-input\":\"required name=search_term_string\"}],\"inLanguage\":\"ca\"},{\"@type\":\"Organization\",\"@id\":\"https:\/\/www.cofb.org\/#organization\",\"name\":\"Col\u00b7legi de Farmac\u00e8utics de Barcelona\",\"url\":\"https:\/\/www.cofb.org\/\",\"logo\":{\"@type\":\"ImageObject\",\"inLanguage\":\"ca\",\"@id\":\"https:\/\/www.cofb.org\/#\/schema\/logo\/image\/\",\"url\":\"https:\/\/www.cofb.org\/wp-content\/uploads\/2023\/11\/cropped-Logotip-COFB.png\",\"contentUrl\":\"https:\/\/www.cofb.org\/wp-content\/uploads\/2023\/11\/cropped-Logotip-COFB.png\",\"width\":500,\"height\":105,\"caption\":\"Col\u00b7legi de Farmac\u00e8utics de Barcelona\"},\"image\":{\"@id\":\"https:\/\/www.cofb.org\/#\/schema\/logo\/image\/\"},\"sameAs\":[\"https:\/\/www.facebook.com\/farmaceuticsbcn\/\",\"https:\/\/twitter.com\/farmaceuticsbcn\",\"https:\/\/www.instagram.com\/farmaceuticsbcn\/\",\"https:\/\/www.linkedin.com\/company\/farmaceuticsbcn\/\"]},{\"@type\":\"Person\",\"@id\":\"https:\/\/www.cofb.org\/#\/schema\/person\/22ed7eea88da74b0fa4d3154ad87ffcb\",\"name\":\"wpAdminCofbOrg\",\"image\":{\"@type\":\"ImageObject\",\"inLanguage\":\"ca\",\"@id\":\"https:\/\/www.cofb.org\/#\/schema\/person\/image\/\",\"url\":\"https:\/\/secure.gravatar.com\/avatar\/1721b20b3b8ca882c3b56ec6c978c594fff670e40c0718e9190eaeeb76aae7d8?s=96&d=mm&r=g\",\"contentUrl\":\"https:\/\/secure.gravatar.com\/avatar\/1721b20b3b8ca882c3b56ec6c978c594fff670e40c0718e9190eaeeb76aae7d8?s=96&d=mm&r=g\",\"caption\":\"wpAdminCofbOrg\"},\"sameAs\":[\"http:\/\/192.168.64.122\/wordpress\"],\"url\":\"https:\/\/www.cofb.org\/ca\/author\/wpadmincofborg\/\"}]}<\/script>\n<!-- \/ Yoast SEO plugin. -->","yoast_head_json":{"title":"\u2018Infarma Madrid 2020\u2019 obrir\u00e0 un espai per impulsar el desenvolupament professional a trav\u00e9s de la creativitat i el joc - Col\u00b7legi de Farmac\u00e8utics de Barcelona","robots":{"index":"index","follow":"follow","max-snippet":"max-snippet:-1","max-image-preview":"max-image-preview:large","max-video-preview":"max-video-preview:-1"},"canonical":"https:\/\/novaorg.cofb.net\/2020\/02\/26\/infarma-madrid-2020-obrira-un-espai-per-impulsar-el-desenvolupament-professional-a-traves-de-la-creativitat-i-el-joc\/","og_locale":"ca_ES","og_type":"article","og_title":"\u2018Infarma Madrid 2020\u2019 obrir\u00e0 un espai per impulsar el desenvolupament professional a trav\u00e9s de la creativitat i el joc - Col\u00b7legi de Farmac\u00e8utics de Barcelona","og_description":"\u00a0 \u00a0 \u00a0 \u00a0 Madrid, 26 de febrer. Infarma Madrid 2020, el Congr\u00e9s i Sal\u00f3 de la farm\u00e0cia que organitzen els col\u00b7legis oficials de farmac\u00e8utics de Madrid i Barcelona, en col\u00b7laboraci\u00f3 amb Interalia, tornar\u00e0 a posar en marxa el seu propi laboratori d&#8217;idees per a transformar la farm\u00e0cia en un [&hellip;]","og_url":"https:\/\/novaorg.cofb.net\/2020\/02\/26\/infarma-madrid-2020-obrira-un-espai-per-impulsar-el-desenvolupament-professional-a-traves-de-la-creativitat-i-el-joc\/","og_site_name":"Col\u00b7legi de Farmac\u00e8utics de Barcelona","article_publisher":"https:\/\/www.facebook.com\/farmaceuticsbcn\/","article_published_time":"2020-02-26T17:33:00+00:00","og_image":[{"width":600,"height":450,"url":"https:\/\/novaorg.cofb.net\/wp-content\/uploads\/2020\/02\/b092aabd-15a3-4ec8-aeea-536327e5310c-oY4AtS.jpeg","type":"image\/jpeg"}],"author":"wpAdminCofbOrg","twitter_card":"summary_large_image","twitter_creator":"@farmaceuticsbcn","twitter_site":"@farmaceuticsbcn","twitter_misc":{"Escrit per":"wpAdminCofbOrg","Temps estimat de lectura":"8 minuts"},"schema":{"@context":"https:\/\/schema.org","@graph":[{"@type":"Article","@id":"https:\/\/novaorg.cofb.net\/2020\/02\/26\/infarma-madrid-2020-obrira-un-espai-per-impulsar-el-desenvolupament-professional-a-traves-de-la-creativitat-i-el-joc\/#article","isPartOf":{"@id":"https:\/\/novaorg.cofb.net\/2020\/02\/26\/infarma-madrid-2020-obrira-un-espai-per-impulsar-el-desenvolupament-professional-a-traves-de-la-creativitat-i-el-joc\/"},"author":{"name":"wpAdminCofbOrg","@id":"https:\/\/www.cofb.org\/#\/schema\/person\/22ed7eea88da74b0fa4d3154ad87ffcb"},"headline":"\u2018Infarma Madrid 2020\u2019 obrir\u00e0 un espai per impulsar el desenvolupament professional a trav\u00e9s de la creativitat i el joc","datePublished":"2020-02-26T17:33:00+00:00","dateModified":"2020-02-26T17:33:00+00:00","mainEntityOfPage":{"@id":"https:\/\/novaorg.cofb.net\/2020\/02\/26\/infarma-madrid-2020-obrira-un-espai-per-impulsar-el-desenvolupament-professional-a-traves-de-la-creativitat-i-el-joc\/"},"wordCount":1687,"publisher":{"@id":"https:\/\/www.cofb.org\/#organization"},"image":{"@id":"https:\/\/novaorg.cofb.net\/2020\/02\/26\/infarma-madrid-2020-obrira-un-espai-per-impulsar-el-desenvolupament-professional-a-traves-de-la-creativitat-i-el-joc\/#primaryimage"},"thumbnailUrl":"https:\/\/www.cofb.org\/wp-content\/uploads\/2020\/02\/b092aabd-15a3-4ec8-aeea-536327e5310c-oY4AtS.jpeg","articleSection":["Notes de premsa"],"inLanguage":"ca"},{"@type":"WebPage","@id":"https:\/\/novaorg.cofb.net\/2020\/02\/26\/infarma-madrid-2020-obrira-un-espai-per-impulsar-el-desenvolupament-professional-a-traves-de-la-creativitat-i-el-joc\/","url":"https:\/\/novaorg.cofb.net\/2020\/02\/26\/infarma-madrid-2020-obrira-un-espai-per-impulsar-el-desenvolupament-professional-a-traves-de-la-creativitat-i-el-joc\/","name":"\u2018Infarma Madrid 2020\u2019 obrir\u00e0 un espai per impulsar el desenvolupament professional a trav\u00e9s de la creativitat i el joc - Col\u00b7legi de Farmac\u00e8utics de Barcelona","isPartOf":{"@id":"https:\/\/www.cofb.org\/#website"},"primaryImageOfPage":{"@id":"https:\/\/novaorg.cofb.net\/2020\/02\/26\/infarma-madrid-2020-obrira-un-espai-per-impulsar-el-desenvolupament-professional-a-traves-de-la-creativitat-i-el-joc\/#primaryimage"},"image":{"@id":"https:\/\/novaorg.cofb.net\/2020\/02\/26\/infarma-madrid-2020-obrira-un-espai-per-impulsar-el-desenvolupament-professional-a-traves-de-la-creativitat-i-el-joc\/#primaryimage"},"thumbnailUrl":"https:\/\/www.cofb.org\/wp-content\/uploads\/2020\/02\/b092aabd-15a3-4ec8-aeea-536327e5310c-oY4AtS.jpeg","datePublished":"2020-02-26T17:33:00+00:00","dateModified":"2020-02-26T17:33:00+00:00","breadcrumb":{"@id":"https:\/\/novaorg.cofb.net\/2020\/02\/26\/infarma-madrid-2020-obrira-un-espai-per-impulsar-el-desenvolupament-professional-a-traves-de-la-creativitat-i-el-joc\/#breadcrumb"},"inLanguage":"ca","potentialAction":[{"@type":"ReadAction","target":["https:\/\/novaorg.cofb.net\/2020\/02\/26\/infarma-madrid-2020-obrira-un-espai-per-impulsar-el-desenvolupament-professional-a-traves-de-la-creativitat-i-el-joc\/"]}]},{"@type":"ImageObject","inLanguage":"ca","@id":"https:\/\/novaorg.cofb.net\/2020\/02\/26\/infarma-madrid-2020-obrira-un-espai-per-impulsar-el-desenvolupament-professional-a-traves-de-la-creativitat-i-el-joc\/#primaryimage","url":"https:\/\/www.cofb.org\/wp-content\/uploads\/2020\/02\/b092aabd-15a3-4ec8-aeea-536327e5310c-oY4AtS.jpeg","contentUrl":"https:\/\/www.cofb.org\/wp-content\/uploads\/2020\/02\/b092aabd-15a3-4ec8-aeea-536327e5310c-oY4AtS.jpeg","width":600,"height":450},{"@type":"BreadcrumbList","@id":"https:\/\/novaorg.cofb.net\/2020\/02\/26\/infarma-madrid-2020-obrira-un-espai-per-impulsar-el-desenvolupament-professional-a-traves-de-la-creativitat-i-el-joc\/#breadcrumb","itemListElement":[{"@type":"ListItem","position":1,"name":"Inici","item":"https:\/\/novaorg.cofb.net\/"},{"@type":"ListItem","position":2,"name":"\u2018Infarma Madrid 2020\u2019 obrir\u00e0 un espai per impulsar el desenvolupament professional a trav\u00e9s de la creativitat i el joc"}]},{"@type":"WebSite","@id":"https:\/\/www.cofb.org\/#website","url":"https:\/\/www.cofb.org\/","name":"Col\u00b7legi de Farmac\u00e8utics de Barcelona","description":"","publisher":{"@id":"https:\/\/www.cofb.org\/#organization"},"potentialAction":[{"@type":"SearchAction","target":{"@type":"EntryPoint","urlTemplate":"https:\/\/www.cofb.org\/?s={search_term_string}"},"query-input":"required name=search_term_string"}],"inLanguage":"ca"},{"@type":"Organization","@id":"https:\/\/www.cofb.org\/#organization","name":"Col\u00b7legi de Farmac\u00e8utics de Barcelona","url":"https:\/\/www.cofb.org\/","logo":{"@type":"ImageObject","inLanguage":"ca","@id":"https:\/\/www.cofb.org\/#\/schema\/logo\/image\/","url":"https:\/\/www.cofb.org\/wp-content\/uploads\/2023\/11\/cropped-Logotip-COFB.png","contentUrl":"https:\/\/www.cofb.org\/wp-content\/uploads\/2023\/11\/cropped-Logotip-COFB.png","width":500,"height":105,"caption":"Col\u00b7legi de Farmac\u00e8utics de Barcelona"},"image":{"@id":"https:\/\/www.cofb.org\/#\/schema\/logo\/image\/"},"sameAs":["https:\/\/www.facebook.com\/farmaceuticsbcn\/","https:\/\/twitter.com\/farmaceuticsbcn","https:\/\/www.instagram.com\/farmaceuticsbcn\/","https:\/\/www.linkedin.com\/company\/farmaceuticsbcn\/"]},{"@type":"Person","@id":"https:\/\/www.cofb.org\/#\/schema\/person\/22ed7eea88da74b0fa4d3154ad87ffcb","name":"wpAdminCofbOrg","image":{"@type":"ImageObject","inLanguage":"ca","@id":"https:\/\/www.cofb.org\/#\/schema\/person\/image\/","url":"https:\/\/secure.gravatar.com\/avatar\/1721b20b3b8ca882c3b56ec6c978c594fff670e40c0718e9190eaeeb76aae7d8?s=96&d=mm&r=g","contentUrl":"https:\/\/secure.gravatar.com\/avatar\/1721b20b3b8ca882c3b56ec6c978c594fff670e40c0718e9190eaeeb76aae7d8?s=96&d=mm&r=g","caption":"wpAdminCofbOrg"},"sameAs":["http:\/\/192.168.64.122\/wordpress"],"url":"https:\/\/www.cofb.org\/ca\/author\/wpadmincofborg\/"}]}},"uagb_featured_image_src":{"full":["https:\/\/www.cofb.org\/wp-content\/uploads\/2020\/02\/b092aabd-15a3-4ec8-aeea-536327e5310c-oY4AtS.jpeg",600,450,false],"thumbnail":["https:\/\/www.cofb.org\/wp-content\/uploads\/2020\/02\/b092aabd-15a3-4ec8-aeea-536327e5310c-oY4AtS-150x150.jpeg",150,150,true],"medium":["https:\/\/www.cofb.org\/wp-content\/uploads\/2020\/02\/b092aabd-15a3-4ec8-aeea-536327e5310c-oY4AtS-300x225.jpeg",300,225,true],"medium_large":["https:\/\/www.cofb.org\/wp-content\/uploads\/2020\/02\/b092aabd-15a3-4ec8-aeea-536327e5310c-oY4AtS.jpeg",600,450,false],"large":["https:\/\/www.cofb.org\/wp-content\/uploads\/2020\/02\/b092aabd-15a3-4ec8-aeea-536327e5310c-oY4AtS.jpeg",600,450,false],"1536x1536":["https:\/\/www.cofb.org\/wp-content\/uploads\/2020\/02\/b092aabd-15a3-4ec8-aeea-536327e5310c-oY4AtS.jpeg",600,450,false],"2048x2048":["https:\/\/www.cofb.org\/wp-content\/uploads\/2020\/02\/b092aabd-15a3-4ec8-aeea-536327e5310c-oY4AtS.jpeg",600,450,false],"trp-custom-language-flag":["https:\/\/www.cofb.org\/wp-content\/uploads\/2020\/02\/b092aabd-15a3-4ec8-aeea-536327e5310c-oY4AtS-16x12.jpeg",16,12,true]},"uagb_author_info":{"display_name":"wpAdminCofbOrg","author_link":"https:\/\/www.cofb.org\/ca\/author\/wpadmincofborg\/"},"uagb_comment_info":0,"uagb_excerpt":"\u00a0 \u00a0 \u00a0 \u00a0 Madrid, 26 de febrer. Infarma Madrid 2020, el Congr\u00e9s i Sal\u00f3 de la farm\u00e0cia que organitzen els col\u00b7legis oficials de farmac\u00e8utics de Madrid i Barcelona, en col\u00b7laboraci\u00f3 amb Interalia, tornar\u00e0 a posar en marxa el seu propi laboratori d&#8217;idees per a transformar la farm\u00e0cia en un [&hellip;]","_links":{"self":[{"href":"https:\/\/www.cofb.org\/ca\/wp-json\/wp\/v2\/posts\/77143","targetHints":{"allow":["GET"]}}],"collection":[{"href":"https:\/\/www.cofb.org\/ca\/wp-json\/wp\/v2\/posts"}],"about":[{"href":"https:\/\/www.cofb.org\/ca\/wp-json\/wp\/v2\/types\/post"}],"author":[{"embeddable":true,"href":"https:\/\/www.cofb.org\/ca\/wp-json\/wp\/v2\/users\/1"}],"replies":[{"embeddable":true,"href":"https:\/\/www.cofb.org\/ca\/wp-json\/wp\/v2\/comments?post=77143"}],"version-history":[{"count":0,"href":"https:\/\/www.cofb.org\/ca\/wp-json\/wp\/v2\/posts\/77143\/revisions"}],"wp:featuredmedia":[{"embeddable":true,"href":"https:\/\/www.cofb.org\/ca\/wp-json\/wp\/v2\/media\/77144"}],"wp:attachment":[{"href":"https:\/\/www.cofb.org\/ca\/wp-json\/wp\/v2\/media?parent=77143"}],"wp:term":[{"taxonomy":"category","embeddable":true,"href":"https:\/\/www.cofb.org\/ca\/wp-json\/wp\/v2\/categories?post=77143"},{"taxonomy":"post_tag","embeddable":true,"href":"https:\/\/www.cofb.org\/ca\/wp-json\/wp\/v2\/tags?post=77143"}],"curies":[{"name":"wp","href":"https:\/\/api.w.org\/{rel}","templated":true}]}}