{"id":77142,"date":"2020-02-27T09:36:00","date_gmt":"2020-02-27T09:36:00","guid":{"rendered":"https:\/\/novaorg.cofb.net\/2020\/02\/27\/infarma-madrid-2020-desmenteix-la-seva-cancellacio\/"},"modified":"2020-02-27T09:36:00","modified_gmt":"2020-02-27T09:36:00","slug":"infarma-madrid-2020-desmenteix-la-seva-cancellacio","status":"publish","type":"post","link":"https:\/\/www.cofb.org\/ca\/2020\/02\/27\/infarma-madrid-2020-desmenteix-la-seva-cancellacio\/","title":{"rendered":"&#8220;Infarma Madrid 2020&#8221; desmenteix la seva cancel\u00b7laci\u00f3"},"content":{"rendered":"<p>\u00a0<\/p>\n<p><em>Barcelona, 26\u00a0de febrer de 2020. <\/em>Quan falten menys de dues setmanes perqu\u00e8\u00a0comenci Infarma Madrid 2020, el Congr\u00e9s i Sal\u00f3 Farmac\u00e8utic que organitzen els col\u00b7legis oficials de Madrid i Barcelona, en col\u00b7laboraci\u00f3 amb Interalia, entre el 10 i el 12 de mar\u00e7, ha patit un atac que els organitzadors de la fira volen desmentir i aix\u00ed tranquil\u00b7litzar a les empreses participants i als congressistes i visitants inscrits. En el mat\u00ed d&#8217;avui, un whatsapp amb un fotomuntatge, simulant ser una not\u00edcia d&#8217;una web del sector, recorre els tel\u00e8fons de la professi\u00f3 farmac\u00e8utica amb la not\u00edcia de la cancel\u00b7laci\u00f3 de Infarma Madrid 2020<\/p>\n<p>Com es pot comprovar, es tracta d&#8217;una imatge manipulada de la not\u00edcia original titulada \u201cL&#8217;epid\u00e8mia de coronavirus cancel\u00b7la el Mobile World Congr\u00e9s de Barcelona\u201d, en el qual es noten els retalls\u00a0en la part inferior de la imatge, per\u00f2 que, malgrat la imprecisi\u00f3\u00a0del fotomuntatge, la pretensi\u00f3 \u00e9s danyar la celebraci\u00f3 de Infarma. El fotomuntatge est\u00e0 fet des d&#8217;un ordinador port\u00e0til, amb un programa Paint, que la policia ja est\u00e0 investigant el seu origen despr\u00e9s de la den\u00fancia dels organitzadors.<\/p>\n<p>Amb tot aix\u00f2, el COFM, COFB i Interalia volen transmetre el seu malestar per l&#8217;atac, desmentir la falsedat del missatge i insistir que qualsevol tipus de not\u00edcia referent a Infarma Madrid 2020 continuar\u00e0 arribant als mitjans de comunicaci\u00f3 i a la professi\u00f3 farmac\u00e8utica (empreses, laboratoris, congressistes i visitants de la Fira) pels canals oficials habituals, via email.<\/p>\n<p>Per part seva, posats els fets en coneixement del mitj\u00e0 afectat, aquest ha comunicat al Col\u00b7legi Oficial de Farmac\u00e8utics de Madrid que es reserva \u201cles accions que estimi oportunes emprendre\u201d contra els autors d&#8217;aquest atac.<\/p>\n<p>\u00a0Barcelona, 26\u00a0de febrer de 2020. Quan falten menys de dues setmanes perqu\u00e8\u00a0comenci Infarma Madrid 2020, el Congr\u00e9s i Sal\u00f3 Farmac\u00e8utic que organitzen els col\u00b7legis oficials de Madrid i Barcelona, en col\u00b7laboraci\u00f3 amb Interalia, entre el 10 i el 12 de mar\u00e7, ha patit un atac que els organitzadors de la fira volen desmentir i aix\u00ed tranquil\u00b7litzar a les empreses participants i als congressistes i visitants inscrits. En el mat\u00ed d&#8217;avui, un whatsapp amb un fotomuntatge, simulant ser una not\u00edcia d&#8217;una web del sector, recorre els tel\u00e8fons de la professi\u00f3 farmac\u00e8utica amb la not\u00edcia de la cancel\u00b7laci\u00f3 de Infarma Madrid 2020<\/p>\n<p>Com es pot comprovar, es tracta d&#8217;una imatge manipulada de la not\u00edcia original titulada \u201cL&#8217;epid\u00e8mia de coronavirus cancel\u00b7la el Mobile World Congr\u00e9s de Barcelona\u201d, en el qual es noten els retalls\u00a0en la part inferior de la imatge, per\u00f2 que, malgrat la imprecisi\u00f3\u00a0del fotomuntatge, la pretensi\u00f3 \u00e9s danyar la celebraci\u00f3 de Infarma. El fotomuntatge est\u00e0 fet des d&#8217;un ordinador port\u00e0til, amb un programa Paint, que la policia ja est\u00e0 investigant el seu origen despr\u00e9s de la den\u00fancia dels organitzadors.<\/p>\n<p>Amb tot aix\u00f2, el COFM, COFB i Interalia volen transmetre el seu malestar per l&#8217;atac, desmentir la falsedat del missatge i insistir que qualsevol tipus de not\u00edcia referent a Infarma Madrid 2020 continuar\u00e0 arribant als mitjans de comunicaci\u00f3 i a la professi\u00f3 farmac\u00e8utica (empreses, laboratoris, congressistes i visitants de la Fira) pels canals oficials habituals, via email.<\/p>\n<p>Per part seva, posats els fets en coneixement del mitj\u00e0 afectat, aquest ha comunicat al Col\u00b7legi Oficial de Farmac\u00e8utics de Madrid que es reserva \u201cles accions que estimi oportunes emprendre\u201d contra els autors d&#8217;aquest atac.\u00a0\u00a0COFB.ORG<\/p>\n","protected":false},"excerpt":{"rendered":"<p>\u00a0 Barcelona, 26\u00a0de febrer de 2020. Quan falten menys de dues setmanes perqu\u00e8\u00a0comenci Infarma Madrid 2020, el Congr\u00e9s i Sal\u00f3 Farmac\u00e8utic que organitzen els col\u00b7legis oficials de Madrid i Barcelona, en col\u00b7laboraci\u00f3 amb Interalia, entre el 10 i el 12 de mar\u00e7, ha patit un atac que els organitzadors de [&hellip;]<\/p>\n","protected":false},"author":1,"featured_media":0,"comment_status":"","ping_status":"","sticky":false,"template":"","format":"standard","meta":{"_uag_custom_page_level_css":"","site-sidebar-layout":"default","site-content-layout":"","ast-site-content-layout":"default","site-content-style":"default","site-sidebar-style":"default","ast-global-header-display":"","ast-banner-title-visibility":"","ast-main-header-display":"","ast-hfb-above-header-display":"","ast-hfb-below-header-display":"","ast-hfb-mobile-header-display":"","site-post-title":"","ast-breadcrumbs-content":"","ast-featured-img":"disabled","footer-sml-layout":"","theme-transparent-header-meta":"","adv-header-id-meta":"","stick-header-meta":"","header-above-stick-meta":"","header-main-stick-meta":"","header-below-stick-meta":"","astra-migrate-meta-layouts":"default","ast-page-background-enabled":"default","ast-page-background-meta":{"desktop":{"background-color":"var(--ast-global-color-4)","background-image":"","background-repeat":"repeat","background-position":"center center","background-size":"auto","background-attachment":"scroll","background-type":"","background-media":"","overlay-type":"","overlay-color":"","overlay-opacity":"","overlay-gradient":""},"tablet":{"background-color":"","background-image":"","background-repeat":"repeat","background-position":"center center","background-size":"auto","background-attachment":"scroll","background-type":"","background-media":"","overlay-type":"","overlay-color":"","overlay-opacity":"","overlay-gradient":""},"mobile":{"background-color":"","background-image":"","background-repeat":"repeat","background-position":"center center","background-size":"auto","background-attachment":"scroll","background-type":"","background-media":"","overlay-type":"","overlay-color":"","overlay-opacity":"","overlay-gradient":""}},"ast-content-background-meta":{"desktop":{"background-color":"var(--ast-global-color-5)","background-image":"","background-repeat":"repeat","background-position":"center center","background-size":"auto","background-attachment":"scroll","background-type":"","background-media":"","overlay-type":"","overlay-color":"","overlay-opacity":"","overlay-gradient":""},"tablet":{"background-color":"var(--ast-global-color-5)","background-image":"","background-repeat":"repeat","background-position":"center center","background-size":"auto","background-attachment":"scroll","background-type":"","background-media":"","overlay-type":"","overlay-color":"","overlay-opacity":"","overlay-gradient":""},"mobile":{"background-color":"var(--ast-global-color-5)","background-image":"","background-repeat":"repeat","background-position":"center center","background-size":"auto","background-attachment":"scroll","background-type":"","background-media":"","overlay-type":"","overlay-color":"","overlay-opacity":"","overlay-gradient":""}},"footnotes":""},"categories":[1060,1066],"tags":[],"class_list":["post-77142","post","type-post","status-publish","format-standard","hentry","category-notes-premsa","category-sense-categoria-ca"],"yoast_head":"<!-- This site is optimized with the Yoast SEO plugin v22.4 - https:\/\/yoast.com\/wordpress\/plugins\/seo\/ -->\n<title>&quot;Infarma Madrid 2020&quot; desmenteix la seva cancel\u00b7laci\u00f3 - Col\u00b7legi de Farmac\u00e8utics de Barcelona<\/title>\n<meta name=\"robots\" content=\"index, follow, max-snippet:-1, max-image-preview:large, max-video-preview:-1\" \/>\n<link rel=\"canonical\" href=\"https:\/\/novaorg.cofb.net\/2020\/02\/27\/infarma-madrid-2020-desmenteix-la-seva-cancellacio\/\" \/>\n<meta property=\"og:locale\" content=\"ca_ES\" \/>\n<meta property=\"og:type\" content=\"article\" \/>\n<meta property=\"og:title\" content=\"&quot;Infarma Madrid 2020&quot; desmenteix la seva cancel\u00b7laci\u00f3 - Col\u00b7legi de Farmac\u00e8utics de Barcelona\" \/>\n<meta property=\"og:description\" content=\"\u00a0 Barcelona, 26\u00a0de febrer de 2020. Quan falten menys de dues setmanes perqu\u00e8\u00a0comenci Infarma Madrid 2020, el Congr\u00e9s i Sal\u00f3 Farmac\u00e8utic que organitzen els col\u00b7legis oficials de Madrid i Barcelona, en col\u00b7laboraci\u00f3 amb Interalia, entre el 10 i el 12 de mar\u00e7, ha patit un atac que els organitzadors de [&hellip;]\" \/>\n<meta property=\"og:url\" content=\"https:\/\/novaorg.cofb.net\/2020\/02\/27\/infarma-madrid-2020-desmenteix-la-seva-cancellacio\/\" \/>\n<meta property=\"og:site_name\" content=\"Col\u00b7legi de Farmac\u00e8utics de Barcelona\" \/>\n<meta property=\"article:publisher\" content=\"https:\/\/www.facebook.com\/farmaceuticsbcn\/\" \/>\n<meta property=\"article:published_time\" content=\"2020-02-27T09:36:00+00:00\" \/>\n<meta name=\"author\" content=\"wpAdminCofbOrg\" \/>\n<meta name=\"twitter:card\" content=\"summary_large_image\" \/>\n<meta name=\"twitter:creator\" content=\"@farmaceuticsbcn\" \/>\n<meta name=\"twitter:site\" content=\"@farmaceuticsbcn\" \/>\n<meta name=\"twitter:label1\" content=\"Escrit per\" \/>\n\t<meta name=\"twitter:data1\" content=\"wpAdminCofbOrg\" \/>\n\t<meta name=\"twitter:label2\" content=\"Temps estimat de lectura\" \/>\n\t<meta name=\"twitter:data2\" content=\"3 minuts\" \/>\n<script type=\"application\/ld+json\" class=\"yoast-schema-graph\">{\"@context\":\"https:\/\/schema.org\",\"@graph\":[{\"@type\":\"Article\",\"@id\":\"https:\/\/novaorg.cofb.net\/2020\/02\/27\/infarma-madrid-2020-desmenteix-la-seva-cancellacio\/#article\",\"isPartOf\":{\"@id\":\"https:\/\/novaorg.cofb.net\/2020\/02\/27\/infarma-madrid-2020-desmenteix-la-seva-cancellacio\/\"},\"author\":{\"name\":\"wpAdminCofbOrg\",\"@id\":\"https:\/\/www.cofb.org\/#\/schema\/person\/22ed7eea88da74b0fa4d3154ad87ffcb\"},\"headline\":\"&#8220;Infarma Madrid 2020&#8221; desmenteix la seva cancel\u00b7laci\u00f3\",\"datePublished\":\"2020-02-27T09:36:00+00:00\",\"dateModified\":\"2020-02-27T09:36:00+00:00\",\"mainEntityOfPage\":{\"@id\":\"https:\/\/novaorg.cofb.net\/2020\/02\/27\/infarma-madrid-2020-desmenteix-la-seva-cancellacio\/\"},\"wordCount\":599,\"publisher\":{\"@id\":\"https:\/\/www.cofb.org\/#organization\"},\"articleSection\":[\"Notes de premsa\"],\"inLanguage\":\"ca\"},{\"@type\":\"WebPage\",\"@id\":\"https:\/\/novaorg.cofb.net\/2020\/02\/27\/infarma-madrid-2020-desmenteix-la-seva-cancellacio\/\",\"url\":\"https:\/\/novaorg.cofb.net\/2020\/02\/27\/infarma-madrid-2020-desmenteix-la-seva-cancellacio\/\",\"name\":\"\\\"Infarma Madrid 2020\\\" desmenteix la seva cancel\u00b7laci\u00f3 - Col\u00b7legi de Farmac\u00e8utics de Barcelona\",\"isPartOf\":{\"@id\":\"https:\/\/www.cofb.org\/#website\"},\"datePublished\":\"2020-02-27T09:36:00+00:00\",\"dateModified\":\"2020-02-27T09:36:00+00:00\",\"breadcrumb\":{\"@id\":\"https:\/\/novaorg.cofb.net\/2020\/02\/27\/infarma-madrid-2020-desmenteix-la-seva-cancellacio\/#breadcrumb\"},\"inLanguage\":\"ca\",\"potentialAction\":[{\"@type\":\"ReadAction\",\"target\":[\"https:\/\/novaorg.cofb.net\/2020\/02\/27\/infarma-madrid-2020-desmenteix-la-seva-cancellacio\/\"]}]},{\"@type\":\"BreadcrumbList\",\"@id\":\"https:\/\/novaorg.cofb.net\/2020\/02\/27\/infarma-madrid-2020-desmenteix-la-seva-cancellacio\/#breadcrumb\",\"itemListElement\":[{\"@type\":\"ListItem\",\"position\":1,\"name\":\"Inici\",\"item\":\"https:\/\/novaorg.cofb.net\/\"},{\"@type\":\"ListItem\",\"position\":2,\"name\":\"&#8220;Infarma Madrid 2020&#8221; desmenteix la seva cancel\u00b7laci\u00f3\"}]},{\"@type\":\"WebSite\",\"@id\":\"https:\/\/www.cofb.org\/#website\",\"url\":\"https:\/\/www.cofb.org\/\",\"name\":\"Col\u00b7legi de Farmac\u00e8utics de Barcelona\",\"description\":\"\",\"publisher\":{\"@id\":\"https:\/\/www.cofb.org\/#organization\"},\"potentialAction\":[{\"@type\":\"SearchAction\",\"target\":{\"@type\":\"EntryPoint\",\"urlTemplate\":\"https:\/\/www.cofb.org\/?s={search_term_string}\"},\"query-input\":\"required name=search_term_string\"}],\"inLanguage\":\"ca\"},{\"@type\":\"Organization\",\"@id\":\"https:\/\/www.cofb.org\/#organization\",\"name\":\"Col\u00b7legi de Farmac\u00e8utics de Barcelona\",\"url\":\"https:\/\/www.cofb.org\/\",\"logo\":{\"@type\":\"ImageObject\",\"inLanguage\":\"ca\",\"@id\":\"https:\/\/www.cofb.org\/#\/schema\/logo\/image\/\",\"url\":\"https:\/\/www.cofb.org\/wp-content\/uploads\/2023\/11\/cropped-Logotip-COFB.png\",\"contentUrl\":\"https:\/\/www.cofb.org\/wp-content\/uploads\/2023\/11\/cropped-Logotip-COFB.png\",\"width\":500,\"height\":105,\"caption\":\"Col\u00b7legi de Farmac\u00e8utics de Barcelona\"},\"image\":{\"@id\":\"https:\/\/www.cofb.org\/#\/schema\/logo\/image\/\"},\"sameAs\":[\"https:\/\/www.facebook.com\/farmaceuticsbcn\/\",\"https:\/\/twitter.com\/farmaceuticsbcn\",\"https:\/\/www.instagram.com\/farmaceuticsbcn\/\",\"https:\/\/www.linkedin.com\/company\/farmaceuticsbcn\/\"]},{\"@type\":\"Person\",\"@id\":\"https:\/\/www.cofb.org\/#\/schema\/person\/22ed7eea88da74b0fa4d3154ad87ffcb\",\"name\":\"wpAdminCofbOrg\",\"image\":{\"@type\":\"ImageObject\",\"inLanguage\":\"ca\",\"@id\":\"https:\/\/www.cofb.org\/#\/schema\/person\/image\/\",\"url\":\"https:\/\/secure.gravatar.com\/avatar\/1721b20b3b8ca882c3b56ec6c978c594fff670e40c0718e9190eaeeb76aae7d8?s=96&d=mm&r=g\",\"contentUrl\":\"https:\/\/secure.gravatar.com\/avatar\/1721b20b3b8ca882c3b56ec6c978c594fff670e40c0718e9190eaeeb76aae7d8?s=96&d=mm&r=g\",\"caption\":\"wpAdminCofbOrg\"},\"sameAs\":[\"http:\/\/192.168.64.122\/wordpress\"],\"url\":\"https:\/\/www.cofb.org\/ca\/author\/wpadmincofborg\/\"}]}<\/script>\n<!-- \/ Yoast SEO plugin. -->","yoast_head_json":{"title":"\"Infarma Madrid 2020\" desmenteix la seva cancel\u00b7laci\u00f3 - Col\u00b7legi de Farmac\u00e8utics de Barcelona","robots":{"index":"index","follow":"follow","max-snippet":"max-snippet:-1","max-image-preview":"max-image-preview:large","max-video-preview":"max-video-preview:-1"},"canonical":"https:\/\/novaorg.cofb.net\/2020\/02\/27\/infarma-madrid-2020-desmenteix-la-seva-cancellacio\/","og_locale":"ca_ES","og_type":"article","og_title":"\"Infarma Madrid 2020\" desmenteix la seva cancel\u00b7laci\u00f3 - Col\u00b7legi de Farmac\u00e8utics de Barcelona","og_description":"\u00a0 Barcelona, 26\u00a0de febrer de 2020. Quan falten menys de dues setmanes perqu\u00e8\u00a0comenci Infarma Madrid 2020, el Congr\u00e9s i Sal\u00f3 Farmac\u00e8utic que organitzen els col\u00b7legis oficials de Madrid i Barcelona, en col\u00b7laboraci\u00f3 amb Interalia, entre el 10 i el 12 de mar\u00e7, ha patit un atac que els organitzadors de [&hellip;]","og_url":"https:\/\/novaorg.cofb.net\/2020\/02\/27\/infarma-madrid-2020-desmenteix-la-seva-cancellacio\/","og_site_name":"Col\u00b7legi de Farmac\u00e8utics de Barcelona","article_publisher":"https:\/\/www.facebook.com\/farmaceuticsbcn\/","article_published_time":"2020-02-27T09:36:00+00:00","author":"wpAdminCofbOrg","twitter_card":"summary_large_image","twitter_creator":"@farmaceuticsbcn","twitter_site":"@farmaceuticsbcn","twitter_misc":{"Escrit per":"wpAdminCofbOrg","Temps estimat de lectura":"3 minuts"},"schema":{"@context":"https:\/\/schema.org","@graph":[{"@type":"Article","@id":"https:\/\/novaorg.cofb.net\/2020\/02\/27\/infarma-madrid-2020-desmenteix-la-seva-cancellacio\/#article","isPartOf":{"@id":"https:\/\/novaorg.cofb.net\/2020\/02\/27\/infarma-madrid-2020-desmenteix-la-seva-cancellacio\/"},"author":{"name":"wpAdminCofbOrg","@id":"https:\/\/www.cofb.org\/#\/schema\/person\/22ed7eea88da74b0fa4d3154ad87ffcb"},"headline":"&#8220;Infarma Madrid 2020&#8221; desmenteix la seva cancel\u00b7laci\u00f3","datePublished":"2020-02-27T09:36:00+00:00","dateModified":"2020-02-27T09:36:00+00:00","mainEntityOfPage":{"@id":"https:\/\/novaorg.cofb.net\/2020\/02\/27\/infarma-madrid-2020-desmenteix-la-seva-cancellacio\/"},"wordCount":599,"publisher":{"@id":"https:\/\/www.cofb.org\/#organization"},"articleSection":["Notes de premsa"],"inLanguage":"ca"},{"@type":"WebPage","@id":"https:\/\/novaorg.cofb.net\/2020\/02\/27\/infarma-madrid-2020-desmenteix-la-seva-cancellacio\/","url":"https:\/\/novaorg.cofb.net\/2020\/02\/27\/infarma-madrid-2020-desmenteix-la-seva-cancellacio\/","name":"\"Infarma Madrid 2020\" desmenteix la seva cancel\u00b7laci\u00f3 - Col\u00b7legi de Farmac\u00e8utics de Barcelona","isPartOf":{"@id":"https:\/\/www.cofb.org\/#website"},"datePublished":"2020-02-27T09:36:00+00:00","dateModified":"2020-02-27T09:36:00+00:00","breadcrumb":{"@id":"https:\/\/novaorg.cofb.net\/2020\/02\/27\/infarma-madrid-2020-desmenteix-la-seva-cancellacio\/#breadcrumb"},"inLanguage":"ca","potentialAction":[{"@type":"ReadAction","target":["https:\/\/novaorg.cofb.net\/2020\/02\/27\/infarma-madrid-2020-desmenteix-la-seva-cancellacio\/"]}]},{"@type":"BreadcrumbList","@id":"https:\/\/novaorg.cofb.net\/2020\/02\/27\/infarma-madrid-2020-desmenteix-la-seva-cancellacio\/#breadcrumb","itemListElement":[{"@type":"ListItem","position":1,"name":"Inici","item":"https:\/\/novaorg.cofb.net\/"},{"@type":"ListItem","position":2,"name":"&#8220;Infarma Madrid 2020&#8221; desmenteix la seva cancel\u00b7laci\u00f3"}]},{"@type":"WebSite","@id":"https:\/\/www.cofb.org\/#website","url":"https:\/\/www.cofb.org\/","name":"Col\u00b7legi de Farmac\u00e8utics de Barcelona","description":"","publisher":{"@id":"https:\/\/www.cofb.org\/#organization"},"potentialAction":[{"@type":"SearchAction","target":{"@type":"EntryPoint","urlTemplate":"https:\/\/www.cofb.org\/?s={search_term_string}"},"query-input":"required name=search_term_string"}],"inLanguage":"ca"},{"@type":"Organization","@id":"https:\/\/www.cofb.org\/#organization","name":"Col\u00b7legi de Farmac\u00e8utics de Barcelona","url":"https:\/\/www.cofb.org\/","logo":{"@type":"ImageObject","inLanguage":"ca","@id":"https:\/\/www.cofb.org\/#\/schema\/logo\/image\/","url":"https:\/\/www.cofb.org\/wp-content\/uploads\/2023\/11\/cropped-Logotip-COFB.png","contentUrl":"https:\/\/www.cofb.org\/wp-content\/uploads\/2023\/11\/cropped-Logotip-COFB.png","width":500,"height":105,"caption":"Col\u00b7legi de Farmac\u00e8utics de Barcelona"},"image":{"@id":"https:\/\/www.cofb.org\/#\/schema\/logo\/image\/"},"sameAs":["https:\/\/www.facebook.com\/farmaceuticsbcn\/","https:\/\/twitter.com\/farmaceuticsbcn","https:\/\/www.instagram.com\/farmaceuticsbcn\/","https:\/\/www.linkedin.com\/company\/farmaceuticsbcn\/"]},{"@type":"Person","@id":"https:\/\/www.cofb.org\/#\/schema\/person\/22ed7eea88da74b0fa4d3154ad87ffcb","name":"wpAdminCofbOrg","image":{"@type":"ImageObject","inLanguage":"ca","@id":"https:\/\/www.cofb.org\/#\/schema\/person\/image\/","url":"https:\/\/secure.gravatar.com\/avatar\/1721b20b3b8ca882c3b56ec6c978c594fff670e40c0718e9190eaeeb76aae7d8?s=96&d=mm&r=g","contentUrl":"https:\/\/secure.gravatar.com\/avatar\/1721b20b3b8ca882c3b56ec6c978c594fff670e40c0718e9190eaeeb76aae7d8?s=96&d=mm&r=g","caption":"wpAdminCofbOrg"},"sameAs":["http:\/\/192.168.64.122\/wordpress"],"url":"https:\/\/www.cofb.org\/ca\/author\/wpadmincofborg\/"}]}},"uagb_featured_image_src":{"full":false,"thumbnail":false,"medium":false,"medium_large":false,"large":false,"1536x1536":false,"2048x2048":false,"trp-custom-language-flag":false},"uagb_author_info":{"display_name":"wpAdminCofbOrg","author_link":"https:\/\/www.cofb.org\/ca\/author\/wpadmincofborg\/"},"uagb_comment_info":0,"uagb_excerpt":"\u00a0 Barcelona, 26\u00a0de febrer de 2020. Quan falten menys de dues setmanes perqu\u00e8\u00a0comenci Infarma Madrid 2020, el Congr\u00e9s i Sal\u00f3 Farmac\u00e8utic que organitzen els col\u00b7legis oficials de Madrid i Barcelona, en col\u00b7laboraci\u00f3 amb Interalia, entre el 10 i el 12 de mar\u00e7, ha patit un atac que els organitzadors de [&hellip;]","_links":{"self":[{"href":"https:\/\/www.cofb.org\/ca\/wp-json\/wp\/v2\/posts\/77142","targetHints":{"allow":["GET"]}}],"collection":[{"href":"https:\/\/www.cofb.org\/ca\/wp-json\/wp\/v2\/posts"}],"about":[{"href":"https:\/\/www.cofb.org\/ca\/wp-json\/wp\/v2\/types\/post"}],"author":[{"embeddable":true,"href":"https:\/\/www.cofb.org\/ca\/wp-json\/wp\/v2\/users\/1"}],"replies":[{"embeddable":true,"href":"https:\/\/www.cofb.org\/ca\/wp-json\/wp\/v2\/comments?post=77142"}],"version-history":[{"count":0,"href":"https:\/\/www.cofb.org\/ca\/wp-json\/wp\/v2\/posts\/77142\/revisions"}],"wp:attachment":[{"href":"https:\/\/www.cofb.org\/ca\/wp-json\/wp\/v2\/media?parent=77142"}],"wp:term":[{"taxonomy":"category","embeddable":true,"href":"https:\/\/www.cofb.org\/ca\/wp-json\/wp\/v2\/categories?post=77142"},{"taxonomy":"post_tag","embeddable":true,"href":"https:\/\/www.cofb.org\/ca\/wp-json\/wp\/v2\/tags?post=77142"}],"curies":[{"name":"wp","href":"https:\/\/api.w.org\/{rel}","templated":true}]}}