{"id":77140,"date":"2020-03-05T15:41:00","date_gmt":"2020-03-05T15:41:00","guid":{"rendered":"https:\/\/novaorg.cofb.net\/2020\/03\/05\/infarma-madrid-2020-sajorna-per-raons-sanitaries\/"},"modified":"2020-03-05T15:41:00","modified_gmt":"2020-03-05T15:41:00","slug":"infarma-madrid-2020-sajorna-per-raons-sanitaries","status":"publish","type":"post","link":"https:\/\/www.cofb.org\/ca\/2020\/03\/05\/infarma-madrid-2020-sajorna-per-raons-sanitaries\/","title":{"rendered":"\u2018Infarma Madrid 2020\u2019 s&#8217;ajorna per raons sanit\u00e0ries"},"content":{"rendered":"<p>\u00a0<\/p>\n<p><img decoding=\"async\" alt=\"\" src=\"https:\/\/www.cofb.org\/documents\/10136\/1111458\/Roda+de+premsa+ajornament.jpg\/b7833903-d268-41e8-a5b9-768622a736a9?t=1583419272333\"><\/p>\n<p>\u00a0<\/p>\n<p>\u00a0<\/p>\n<p>\u00a0<\/p>\n<p><em>Madrid, 5 de mar\u00e7.<\/em> L&#8217;organitzaci\u00f3 d\u2019Infarma Madrid 2020, el Congr\u00e9s Europeu d&#8217;Oficina de Farm\u00e0cia i Sal\u00f3 de Medicaments i Parafarm\u00e0cia, ha decidit ajornar la seva celebraci\u00f3 prevista per als dies 10, 11 i 12 de mar\u00e7 davant l&#8217;excepcional situaci\u00f3 sanit\u00e0ria provocada pel coronavirus COVID-19 a Espanya i les mesures de contenci\u00f3 del brot recomanades pel Ministeri de Sanitat.<\/p>\n<p>El president del Col\u00b7legi Oficial de Farmac\u00e8utics de Madrid (COFM), Luis Gonz\u00e1lez D\u00edez, una de les entitats organitzadores d\u2019Infarma, juntament amb el Col\u00b7legi Oficial de Farmac\u00e8utics de Barcelona i Interalia, ha anunciat avui en roda de premsa aquest ajornament que es produeix per circumst\u00e0ncies de \u201cfor\u00e7a major i despr\u00e9s d&#8217;avaluar i compartir les diferents variables socials i professionals amb les autoritats sanit\u00e0ries respecte a l&#8217;evoluci\u00f3 del brot de coronavirus\u201d.<\/p>\n<p>La decisi\u00f3 de posposar Infarma s&#8217;adopta despr\u00e9s d&#8217;estar en permanent comunicaci\u00f3 amb el Ministeri de Sanitat i la Conselleria de Sanitat, seguint les instruccions de les autoritats sanit\u00e0ries i \u201cprioritzant sempre el criteri sanitari des de la professionalitat i l&#8217;exercici responsable de la nostra professi\u00f3\u201d, ha subratllat Luis Gonz\u00e1lez, qui ha qualificat la decisi\u00f3 de \u201cdif\u00edcil, per\u00f2 encertada\u201d.<\/p>\n<p>El president del COFM ha estat acompanyat del president del Col\u00b7legi Oficial de Farmac\u00e8utics de Barcelona, Jordi de Dalmases, i del president d\u2019Interalia, l&#8217;empresa organitzadora del Sal\u00f3 farmac\u00e8utic, Jorge Arqu\u00e9 Ferrari.<\/p>\n<p>L&#8217;ajornament del Congr\u00e9s i Sal\u00f3 es produeix \u201cper for\u00e7a major, entesa com un esdeveniment imprevisible i inevitable, on a m\u00e9s interpretem la necess\u00e0ria col\u00b7laboraci\u00f3 de tots els professionals sanitaris, entre els quals ens trobem els farmac\u00e8utics, en benefici de tots els ciutadans d&#8217;aquest pa\u00eds\u201d, ha explicat.<\/p>\n<p>Com a professionals sanitaris m\u00e9s pr\u00f2xims a la poblaci\u00f3, Luis Gonz\u00e1lez ha recordat el paper que els farmac\u00e8utics estan jugant en aquesta crisi sanit\u00e0ria a l&#8217;hora d&#8217;informar i recomanar mesures de prevenci\u00f3 en col\u00b7laboraci\u00f3 amb les autoritats sanit\u00e0ries. Aix\u00ed mateix, ha enviat tamb\u00e9 un missatge de tranquil\u00b7litat a tots els ciutadans i de responsabilitat amb la seva cura: \u201cQuan tot aix\u00f2 passi, no oblidem, si us plau, continuar rentant-nos les mans sovint i d&#8217;adoptar totes les mesures d&#8217;higiene per a evitar contagis i per respecte als altres\u201d.<br \/>\nL&#8217;organitzaci\u00f3 d\u2019Infarma est\u00e0 buscant ara juntament amb Ifema possibles dates per a celebrar el Congr\u00e9s i Sal\u00f3 farmac\u00e8utic que es comunicar\u00e0 pr\u00f2ximament. El Congr\u00e9s i Sal\u00f3 farmac\u00e8utic tenia previst reunir en el recinte firal de Ifema a m\u00e9s de 30.000 professionals, 3.000 congressistes i prop de 400 expositors.<\/p>\n<p><strong>Sobre Infarma Madrid 2020<\/strong><br \/>\nEl Congr\u00e9s Europeu d&#8217;Oficina de Farm\u00e0cia \u00e9s una cita professional reconeguda d&#8217;inter\u00e8s sanitari per part del Ministeri de Sanitat, Consum i Benestar Social. En la seva \u00faltima edici\u00f3 de 2018 a Madrid, va reunir 33.850 visitants i a 3.450 congressistes. Des que els Col\u00b7legis Farmac\u00e8utics de Madrid i Barcelona van decidir col\u00b7laborar per organitzar Infarma de manera conjunta juntament amb Interalia, el creixement del Congr\u00e9s i Sal\u00f3 ha estat sostingut en cada edici\u00f3. Si l\u2019any 2012, data de la primera trobada conjunta, es va aconseguir reunir 2.356 i 21.000 professionals, l&#8217;\u00faltima edici\u00f3 de Barcelona de 2019 es va tancar amb un balan\u00e7 de 3.480 congressistes i 33.770 visitants, un 47 per cent m\u00e9s de congressistes i un 60 per cent m\u00e9s de professionals. S\u00f3n algunes de les grans xifres d&#8217;un Congr\u00e9s que l\u2019any 2018 va aconseguir a m\u00e9s un nou r\u00e8cord d&#8217;espai firal en contractar 35.000 metres quadrats, aix\u00ed com d&#8217;expositors, amb 387 empreses i laboratoris presents.<\/p>\n<p>\u00a0\u00a0<\/p>\n<p>\u00a0<\/p>\n<p>\u00a0<\/p>\n<p>Madrid, 5 de mar\u00e7. L&#8217;organitzaci\u00f3 d\u2019Infarma Madrid 2020, el Congr\u00e9s Europeu d&#8217;Oficina de Farm\u00e0cia i Sal\u00f3 de Medicaments i Parafarm\u00e0cia, ha decidit ajornar la seva celebraci\u00f3 prevista per als dies 10, 11 i 12 de mar\u00e7 davant l&#8217;excepcional situaci\u00f3 sanit\u00e0ria provocada pel coronavirus COVID-19 a Espanya i les mesures de contenci\u00f3 del brot recomanades pel Ministeri de Sanitat.<\/p>\n<p>El president del Col\u00b7legi Oficial de Farmac\u00e8utics de Madrid (COFM), Luis Gonz\u00e1lez D\u00edez, una de les entitats organitzadores d\u2019Infarma, juntament amb el Col\u00b7legi Oficial de Farmac\u00e8utics de Barcelona i Interalia, ha anunciat avui en roda de premsa aquest ajornament que es produeix per circumst\u00e0ncies de \u201cfor\u00e7a major i despr\u00e9s d&#8217;avaluar i compartir les diferents variables socials i professionals amb les autoritats sanit\u00e0ries respecte a l&#8217;evoluci\u00f3 del brot de coronavirus\u201d.<\/p>\n<p>La decisi\u00f3 de posposar Infarma s&#8217;adopta despr\u00e9s d&#8217;estar en permanent comunicaci\u00f3 amb el Ministeri de Sanitat i la Conselleria de Sanitat, seguint les instruccions de les autoritats sanit\u00e0ries i \u201cprioritzant sempre el criteri sanitari des de la professionalitat i l&#8217;exercici responsable de la nostra professi\u00f3\u201d, ha subratllat Luis Gonz\u00e1lez, qui ha qualificat la decisi\u00f3 de \u201cdif\u00edcil, per\u00f2 encertada\u201d.<\/p>\n<p>El president del COFM ha estat acompanyat del president del Col\u00b7legi Oficial de Farmac\u00e8utics de Barcelona, Jordi de Dalmases, i del president d\u2019Interalia, l&#8217;empresa organitzadora del Sal\u00f3 farmac\u00e8utic, Jorge Arqu\u00e9 Ferrari.<\/p>\n<p>L&#8217;ajornament del Congr\u00e9s i Sal\u00f3 es produeix \u201cper for\u00e7a major, entesa com un esdeveniment imprevisible i inevitable, on a m\u00e9s interpretem la necess\u00e0ria col\u00b7laboraci\u00f3 de tots els professionals sanitaris, entre els quals ens trobem els farmac\u00e8utics, en benefici de tots els ciutadans d&#8217;aquest pa\u00eds\u201d, ha explicat.<\/p>\n<p>Com a professionals sanitaris m\u00e9s pr\u00f2xims a la poblaci\u00f3, Luis Gonz\u00e1lez ha recordat el paper que els farmac\u00e8utics estan jugant en aquesta crisi sanit\u00e0ria a l&#8217;hora d&#8217;informar i recomanar mesures de prevenci\u00f3 en col\u00b7laboraci\u00f3 amb les autoritats sanit\u00e0ries. Aix\u00ed mateix, ha enviat tamb\u00e9 un missatge de tranquil\u00b7litat a tots els ciutadans i de responsabilitat amb la seva cura: \u201cQuan tot aix\u00f2 passi, no oblidem, si us plau, continuar rentant-nos les mans sovint i d&#8217;adoptar totes les mesures d&#8217;higiene per a evitar contagis i per respecte als altres\u201d.<br \/>\nL&#8217;organitzaci\u00f3 d\u2019Infarma est\u00e0 buscant ara juntament amb Ifema possibles dates per a celebrar el Congr\u00e9s i Sal\u00f3 farmac\u00e8utic que es comunicar\u00e0 pr\u00f2ximament. El Congr\u00e9s i Sal\u00f3 farmac\u00e8utic tenia previst reunir en el recinte firal de Ifema a m\u00e9s de 30.000 professionals, 3.000 congressistes i prop de 400 expositors.<\/p>\n<p>Sobre Infarma Madrid 2020<br \/>\nEl Congr\u00e9s Europeu d&#8217;Oficina de Farm\u00e0cia \u00e9s una cita professional reconeguda d&#8217;inter\u00e8s sanitari per part del Ministeri de Sanitat, Consum i Benestar Social. En la seva \u00faltima edici\u00f3 de 2018 a Madrid, va reunir 33.850 visitants i a 3.450 congressistes. Des que els Col\u00b7legis Farmac\u00e8utics de Madrid i Barcelona van decidir col\u00b7laborar per organitzar Infarma de manera conjunta juntament amb Interalia, el creixement del Congr\u00e9s i Sal\u00f3 ha estat sostingut en cada edici\u00f3. Si l\u2019any 2012, data de la primera trobada conjunta, es va aconseguir reunir 2.356 i 21.000 professionals, l&#8217;\u00faltima edici\u00f3 de Barcelona de 2019 es va tancar amb un balan\u00e7 de 3.480 congressistes i 33.770 visitants, un 47 per cent m\u00e9s de congressistes i un 60 per cent m\u00e9s de professionals. S\u00f3n algunes de les grans xifres d&#8217;un Congr\u00e9s que l\u2019any 2018 va aconseguir a m\u00e9s un nou r\u00e8cord d&#8217;espai firal en contractar 35.000 metres quadrats, aix\u00ed com d&#8217;expositors, amb 387 empreses i laboratoris presents.\u00a0\u00a0COFB.ORG<\/p>\n","protected":false},"excerpt":{"rendered":"<p>\u00a0 \u00a0 \u00a0 \u00a0 Madrid, 5 de mar\u00e7. L&#8217;organitzaci\u00f3 d\u2019Infarma Madrid 2020, el Congr\u00e9s Europeu d&#8217;Oficina de Farm\u00e0cia i Sal\u00f3 de Medicaments i Parafarm\u00e0cia, ha decidit ajornar la seva celebraci\u00f3 prevista per als dies 10, 11 i 12 de mar\u00e7 davant l&#8217;excepcional situaci\u00f3 sanit\u00e0ria provocada pel coronavirus COVID-19 a Espanya [&hellip;]<\/p>\n","protected":false},"author":1,"featured_media":77141,"comment_status":"","ping_status":"","sticky":false,"template":"","format":"standard","meta":{"_uag_custom_page_level_css":"","site-sidebar-layout":"default","site-content-layout":"","ast-site-content-layout":"default","site-content-style":"default","site-sidebar-style":"default","ast-global-header-display":"","ast-banner-title-visibility":"","ast-main-header-display":"","ast-hfb-above-header-display":"","ast-hfb-below-header-display":"","ast-hfb-mobile-header-display":"","site-post-title":"","ast-breadcrumbs-content":"","ast-featured-img":"disabled","footer-sml-layout":"","theme-transparent-header-meta":"","adv-header-id-meta":"","stick-header-meta":"","header-above-stick-meta":"","header-main-stick-meta":"","header-below-stick-meta":"","astra-migrate-meta-layouts":"default","ast-page-background-enabled":"default","ast-page-background-meta":{"desktop":{"background-color":"var(--ast-global-color-4)","background-image":"","background-repeat":"repeat","background-position":"center center","background-size":"auto","background-attachment":"scroll","background-type":"","background-media":"","overlay-type":"","overlay-color":"","overlay-opacity":"","overlay-gradient":""},"tablet":{"background-color":"","background-image":"","background-repeat":"repeat","background-position":"center center","background-size":"auto","background-attachment":"scroll","background-type":"","background-media":"","overlay-type":"","overlay-color":"","overlay-opacity":"","overlay-gradient":""},"mobile":{"background-color":"","background-image":"","background-repeat":"repeat","background-position":"center center","background-size":"auto","background-attachment":"scroll","background-type":"","background-media":"","overlay-type":"","overlay-color":"","overlay-opacity":"","overlay-gradient":""}},"ast-content-background-meta":{"desktop":{"background-color":"var(--ast-global-color-5)","background-image":"","background-repeat":"repeat","background-position":"center center","background-size":"auto","background-attachment":"scroll","background-type":"","background-media":"","overlay-type":"","overlay-color":"","overlay-opacity":"","overlay-gradient":""},"tablet":{"background-color":"var(--ast-global-color-5)","background-image":"","background-repeat":"repeat","background-position":"center center","background-size":"auto","background-attachment":"scroll","background-type":"","background-media":"","overlay-type":"","overlay-color":"","overlay-opacity":"","overlay-gradient":""},"mobile":{"background-color":"var(--ast-global-color-5)","background-image":"","background-repeat":"repeat","background-position":"center center","background-size":"auto","background-attachment":"scroll","background-type":"","background-media":"","overlay-type":"","overlay-color":"","overlay-opacity":"","overlay-gradient":""}},"footnotes":""},"categories":[1060,1066],"tags":[],"class_list":["post-77140","post","type-post","status-publish","format-standard","has-post-thumbnail","hentry","category-notes-premsa","category-sense-categoria-ca"],"yoast_head":"<!-- This site is optimized with the Yoast SEO plugin v22.4 - https:\/\/yoast.com\/wordpress\/plugins\/seo\/ -->\n<title>\u2018Infarma Madrid 2020\u2019 s&#039;ajorna per raons sanit\u00e0ries - Col\u00b7legi de Farmac\u00e8utics de Barcelona<\/title>\n<meta name=\"robots\" content=\"index, follow, max-snippet:-1, max-image-preview:large, max-video-preview:-1\" \/>\n<link rel=\"canonical\" href=\"https:\/\/novaorg.cofb.net\/2020\/03\/05\/infarma-madrid-2020-sajorna-per-raons-sanitaries\/\" \/>\n<meta property=\"og:locale\" content=\"ca_ES\" \/>\n<meta property=\"og:type\" content=\"article\" \/>\n<meta property=\"og:title\" content=\"\u2018Infarma Madrid 2020\u2019 s&#039;ajorna per raons sanit\u00e0ries - Col\u00b7legi de Farmac\u00e8utics de Barcelona\" \/>\n<meta property=\"og:description\" content=\"\u00a0 \u00a0 \u00a0 \u00a0 Madrid, 5 de mar\u00e7. L&#8217;organitzaci\u00f3 d\u2019Infarma Madrid 2020, el Congr\u00e9s Europeu d&#8217;Oficina de Farm\u00e0cia i Sal\u00f3 de Medicaments i Parafarm\u00e0cia, ha decidit ajornar la seva celebraci\u00f3 prevista per als dies 10, 11 i 12 de mar\u00e7 davant l&#8217;excepcional situaci\u00f3 sanit\u00e0ria provocada pel coronavirus COVID-19 a Espanya [&hellip;]\" \/>\n<meta property=\"og:url\" content=\"https:\/\/novaorg.cofb.net\/2020\/03\/05\/infarma-madrid-2020-sajorna-per-raons-sanitaries\/\" \/>\n<meta property=\"og:site_name\" content=\"Col\u00b7legi de Farmac\u00e8utics de Barcelona\" \/>\n<meta property=\"article:publisher\" content=\"https:\/\/www.facebook.com\/farmaceuticsbcn\/\" \/>\n<meta property=\"article:published_time\" content=\"2020-03-05T15:41:00+00:00\" \/>\n<meta property=\"og:image\" content=\"https:\/\/novaorg.cofb.net\/wp-content\/uploads\/2020\/03\/b7833903-d268-41e8-a5b9-768622a736a9-8TYVUS.jpeg\" \/>\n\t<meta property=\"og:image:width\" content=\"620\" \/>\n\t<meta property=\"og:image:height\" content=\"427\" \/>\n\t<meta property=\"og:image:type\" content=\"image\/jpeg\" \/>\n<meta name=\"author\" content=\"wpAdminCofbOrg\" \/>\n<meta name=\"twitter:card\" content=\"summary_large_image\" \/>\n<meta name=\"twitter:creator\" content=\"@farmaceuticsbcn\" \/>\n<meta name=\"twitter:site\" content=\"@farmaceuticsbcn\" \/>\n<meta name=\"twitter:label1\" content=\"Escrit per\" \/>\n\t<meta name=\"twitter:data1\" content=\"wpAdminCofbOrg\" \/>\n\t<meta name=\"twitter:label2\" content=\"Temps estimat de lectura\" \/>\n\t<meta name=\"twitter:data2\" content=\"6 minuts\" \/>\n<script type=\"application\/ld+json\" class=\"yoast-schema-graph\">{\"@context\":\"https:\/\/schema.org\",\"@graph\":[{\"@type\":\"Article\",\"@id\":\"https:\/\/novaorg.cofb.net\/2020\/03\/05\/infarma-madrid-2020-sajorna-per-raons-sanitaries\/#article\",\"isPartOf\":{\"@id\":\"https:\/\/novaorg.cofb.net\/2020\/03\/05\/infarma-madrid-2020-sajorna-per-raons-sanitaries\/\"},\"author\":{\"name\":\"wpAdminCofbOrg\",\"@id\":\"https:\/\/www.cofb.org\/#\/schema\/person\/22ed7eea88da74b0fa4d3154ad87ffcb\"},\"headline\":\"\u2018Infarma Madrid 2020\u2019 s&#8217;ajorna per raons sanit\u00e0ries\",\"datePublished\":\"2020-03-05T15:41:00+00:00\",\"dateModified\":\"2020-03-05T15:41:00+00:00\",\"mainEntityOfPage\":{\"@id\":\"https:\/\/novaorg.cofb.net\/2020\/03\/05\/infarma-madrid-2020-sajorna-per-raons-sanitaries\/\"},\"wordCount\":1246,\"publisher\":{\"@id\":\"https:\/\/www.cofb.org\/#organization\"},\"image\":{\"@id\":\"https:\/\/novaorg.cofb.net\/2020\/03\/05\/infarma-madrid-2020-sajorna-per-raons-sanitaries\/#primaryimage\"},\"thumbnailUrl\":\"https:\/\/www.cofb.org\/wp-content\/uploads\/2020\/03\/b7833903-d268-41e8-a5b9-768622a736a9-8TYVUS.jpeg\",\"articleSection\":[\"Notes de premsa\"],\"inLanguage\":\"ca\"},{\"@type\":\"WebPage\",\"@id\":\"https:\/\/novaorg.cofb.net\/2020\/03\/05\/infarma-madrid-2020-sajorna-per-raons-sanitaries\/\",\"url\":\"https:\/\/novaorg.cofb.net\/2020\/03\/05\/infarma-madrid-2020-sajorna-per-raons-sanitaries\/\",\"name\":\"\u2018Infarma Madrid 2020\u2019 s'ajorna per raons sanit\u00e0ries - Col\u00b7legi de Farmac\u00e8utics de Barcelona\",\"isPartOf\":{\"@id\":\"https:\/\/www.cofb.org\/#website\"},\"primaryImageOfPage\":{\"@id\":\"https:\/\/novaorg.cofb.net\/2020\/03\/05\/infarma-madrid-2020-sajorna-per-raons-sanitaries\/#primaryimage\"},\"image\":{\"@id\":\"https:\/\/novaorg.cofb.net\/2020\/03\/05\/infarma-madrid-2020-sajorna-per-raons-sanitaries\/#primaryimage\"},\"thumbnailUrl\":\"https:\/\/www.cofb.org\/wp-content\/uploads\/2020\/03\/b7833903-d268-41e8-a5b9-768622a736a9-8TYVUS.jpeg\",\"datePublished\":\"2020-03-05T15:41:00+00:00\",\"dateModified\":\"2020-03-05T15:41:00+00:00\",\"breadcrumb\":{\"@id\":\"https:\/\/novaorg.cofb.net\/2020\/03\/05\/infarma-madrid-2020-sajorna-per-raons-sanitaries\/#breadcrumb\"},\"inLanguage\":\"ca\",\"potentialAction\":[{\"@type\":\"ReadAction\",\"target\":[\"https:\/\/novaorg.cofb.net\/2020\/03\/05\/infarma-madrid-2020-sajorna-per-raons-sanitaries\/\"]}]},{\"@type\":\"ImageObject\",\"inLanguage\":\"ca\",\"@id\":\"https:\/\/novaorg.cofb.net\/2020\/03\/05\/infarma-madrid-2020-sajorna-per-raons-sanitaries\/#primaryimage\",\"url\":\"https:\/\/www.cofb.org\/wp-content\/uploads\/2020\/03\/b7833903-d268-41e8-a5b9-768622a736a9-8TYVUS.jpeg\",\"contentUrl\":\"https:\/\/www.cofb.org\/wp-content\/uploads\/2020\/03\/b7833903-d268-41e8-a5b9-768622a736a9-8TYVUS.jpeg\",\"width\":620,\"height\":427},{\"@type\":\"BreadcrumbList\",\"@id\":\"https:\/\/novaorg.cofb.net\/2020\/03\/05\/infarma-madrid-2020-sajorna-per-raons-sanitaries\/#breadcrumb\",\"itemListElement\":[{\"@type\":\"ListItem\",\"position\":1,\"name\":\"Inici\",\"item\":\"https:\/\/novaorg.cofb.net\/\"},{\"@type\":\"ListItem\",\"position\":2,\"name\":\"\u2018Infarma Madrid 2020\u2019 s&#8217;ajorna per raons sanit\u00e0ries\"}]},{\"@type\":\"WebSite\",\"@id\":\"https:\/\/www.cofb.org\/#website\",\"url\":\"https:\/\/www.cofb.org\/\",\"name\":\"Col\u00b7legi de Farmac\u00e8utics de Barcelona\",\"description\":\"\",\"publisher\":{\"@id\":\"https:\/\/www.cofb.org\/#organization\"},\"potentialAction\":[{\"@type\":\"SearchAction\",\"target\":{\"@type\":\"EntryPoint\",\"urlTemplate\":\"https:\/\/www.cofb.org\/?s={search_term_string}\"},\"query-input\":\"required name=search_term_string\"}],\"inLanguage\":\"ca\"},{\"@type\":\"Organization\",\"@id\":\"https:\/\/www.cofb.org\/#organization\",\"name\":\"Col\u00b7legi de Farmac\u00e8utics de Barcelona\",\"url\":\"https:\/\/www.cofb.org\/\",\"logo\":{\"@type\":\"ImageObject\",\"inLanguage\":\"ca\",\"@id\":\"https:\/\/www.cofb.org\/#\/schema\/logo\/image\/\",\"url\":\"https:\/\/www.cofb.org\/wp-content\/uploads\/2023\/11\/cropped-Logotip-COFB.png\",\"contentUrl\":\"https:\/\/www.cofb.org\/wp-content\/uploads\/2023\/11\/cropped-Logotip-COFB.png\",\"width\":500,\"height\":105,\"caption\":\"Col\u00b7legi de Farmac\u00e8utics de Barcelona\"},\"image\":{\"@id\":\"https:\/\/www.cofb.org\/#\/schema\/logo\/image\/\"},\"sameAs\":[\"https:\/\/www.facebook.com\/farmaceuticsbcn\/\",\"https:\/\/twitter.com\/farmaceuticsbcn\",\"https:\/\/www.instagram.com\/farmaceuticsbcn\/\",\"https:\/\/www.linkedin.com\/company\/farmaceuticsbcn\/\"]},{\"@type\":\"Person\",\"@id\":\"https:\/\/www.cofb.org\/#\/schema\/person\/22ed7eea88da74b0fa4d3154ad87ffcb\",\"name\":\"wpAdminCofbOrg\",\"image\":{\"@type\":\"ImageObject\",\"inLanguage\":\"ca\",\"@id\":\"https:\/\/www.cofb.org\/#\/schema\/person\/image\/\",\"url\":\"https:\/\/secure.gravatar.com\/avatar\/1721b20b3b8ca882c3b56ec6c978c594fff670e40c0718e9190eaeeb76aae7d8?s=96&d=mm&r=g\",\"contentUrl\":\"https:\/\/secure.gravatar.com\/avatar\/1721b20b3b8ca882c3b56ec6c978c594fff670e40c0718e9190eaeeb76aae7d8?s=96&d=mm&r=g\",\"caption\":\"wpAdminCofbOrg\"},\"sameAs\":[\"http:\/\/192.168.64.122\/wordpress\"],\"url\":\"https:\/\/www.cofb.org\/ca\/author\/wpadmincofborg\/\"}]}<\/script>\n<!-- \/ Yoast SEO plugin. -->","yoast_head_json":{"title":"\u2018Infarma Madrid 2020\u2019 s'ajorna per raons sanit\u00e0ries - Col\u00b7legi de Farmac\u00e8utics de Barcelona","robots":{"index":"index","follow":"follow","max-snippet":"max-snippet:-1","max-image-preview":"max-image-preview:large","max-video-preview":"max-video-preview:-1"},"canonical":"https:\/\/novaorg.cofb.net\/2020\/03\/05\/infarma-madrid-2020-sajorna-per-raons-sanitaries\/","og_locale":"ca_ES","og_type":"article","og_title":"\u2018Infarma Madrid 2020\u2019 s'ajorna per raons sanit\u00e0ries - Col\u00b7legi de Farmac\u00e8utics de Barcelona","og_description":"\u00a0 \u00a0 \u00a0 \u00a0 Madrid, 5 de mar\u00e7. L&#8217;organitzaci\u00f3 d\u2019Infarma Madrid 2020, el Congr\u00e9s Europeu d&#8217;Oficina de Farm\u00e0cia i Sal\u00f3 de Medicaments i Parafarm\u00e0cia, ha decidit ajornar la seva celebraci\u00f3 prevista per als dies 10, 11 i 12 de mar\u00e7 davant l&#8217;excepcional situaci\u00f3 sanit\u00e0ria provocada pel coronavirus COVID-19 a Espanya [&hellip;]","og_url":"https:\/\/novaorg.cofb.net\/2020\/03\/05\/infarma-madrid-2020-sajorna-per-raons-sanitaries\/","og_site_name":"Col\u00b7legi de Farmac\u00e8utics de Barcelona","article_publisher":"https:\/\/www.facebook.com\/farmaceuticsbcn\/","article_published_time":"2020-03-05T15:41:00+00:00","og_image":[{"width":620,"height":427,"url":"https:\/\/novaorg.cofb.net\/wp-content\/uploads\/2020\/03\/b7833903-d268-41e8-a5b9-768622a736a9-8TYVUS.jpeg","type":"image\/jpeg"}],"author":"wpAdminCofbOrg","twitter_card":"summary_large_image","twitter_creator":"@farmaceuticsbcn","twitter_site":"@farmaceuticsbcn","twitter_misc":{"Escrit per":"wpAdminCofbOrg","Temps estimat de lectura":"6 minuts"},"schema":{"@context":"https:\/\/schema.org","@graph":[{"@type":"Article","@id":"https:\/\/novaorg.cofb.net\/2020\/03\/05\/infarma-madrid-2020-sajorna-per-raons-sanitaries\/#article","isPartOf":{"@id":"https:\/\/novaorg.cofb.net\/2020\/03\/05\/infarma-madrid-2020-sajorna-per-raons-sanitaries\/"},"author":{"name":"wpAdminCofbOrg","@id":"https:\/\/www.cofb.org\/#\/schema\/person\/22ed7eea88da74b0fa4d3154ad87ffcb"},"headline":"\u2018Infarma Madrid 2020\u2019 s&#8217;ajorna per raons sanit\u00e0ries","datePublished":"2020-03-05T15:41:00+00:00","dateModified":"2020-03-05T15:41:00+00:00","mainEntityOfPage":{"@id":"https:\/\/novaorg.cofb.net\/2020\/03\/05\/infarma-madrid-2020-sajorna-per-raons-sanitaries\/"},"wordCount":1246,"publisher":{"@id":"https:\/\/www.cofb.org\/#organization"},"image":{"@id":"https:\/\/novaorg.cofb.net\/2020\/03\/05\/infarma-madrid-2020-sajorna-per-raons-sanitaries\/#primaryimage"},"thumbnailUrl":"https:\/\/www.cofb.org\/wp-content\/uploads\/2020\/03\/b7833903-d268-41e8-a5b9-768622a736a9-8TYVUS.jpeg","articleSection":["Notes de premsa"],"inLanguage":"ca"},{"@type":"WebPage","@id":"https:\/\/novaorg.cofb.net\/2020\/03\/05\/infarma-madrid-2020-sajorna-per-raons-sanitaries\/","url":"https:\/\/novaorg.cofb.net\/2020\/03\/05\/infarma-madrid-2020-sajorna-per-raons-sanitaries\/","name":"\u2018Infarma Madrid 2020\u2019 s'ajorna per raons sanit\u00e0ries - Col\u00b7legi de Farmac\u00e8utics de Barcelona","isPartOf":{"@id":"https:\/\/www.cofb.org\/#website"},"primaryImageOfPage":{"@id":"https:\/\/novaorg.cofb.net\/2020\/03\/05\/infarma-madrid-2020-sajorna-per-raons-sanitaries\/#primaryimage"},"image":{"@id":"https:\/\/novaorg.cofb.net\/2020\/03\/05\/infarma-madrid-2020-sajorna-per-raons-sanitaries\/#primaryimage"},"thumbnailUrl":"https:\/\/www.cofb.org\/wp-content\/uploads\/2020\/03\/b7833903-d268-41e8-a5b9-768622a736a9-8TYVUS.jpeg","datePublished":"2020-03-05T15:41:00+00:00","dateModified":"2020-03-05T15:41:00+00:00","breadcrumb":{"@id":"https:\/\/novaorg.cofb.net\/2020\/03\/05\/infarma-madrid-2020-sajorna-per-raons-sanitaries\/#breadcrumb"},"inLanguage":"ca","potentialAction":[{"@type":"ReadAction","target":["https:\/\/novaorg.cofb.net\/2020\/03\/05\/infarma-madrid-2020-sajorna-per-raons-sanitaries\/"]}]},{"@type":"ImageObject","inLanguage":"ca","@id":"https:\/\/novaorg.cofb.net\/2020\/03\/05\/infarma-madrid-2020-sajorna-per-raons-sanitaries\/#primaryimage","url":"https:\/\/www.cofb.org\/wp-content\/uploads\/2020\/03\/b7833903-d268-41e8-a5b9-768622a736a9-8TYVUS.jpeg","contentUrl":"https:\/\/www.cofb.org\/wp-content\/uploads\/2020\/03\/b7833903-d268-41e8-a5b9-768622a736a9-8TYVUS.jpeg","width":620,"height":427},{"@type":"BreadcrumbList","@id":"https:\/\/novaorg.cofb.net\/2020\/03\/05\/infarma-madrid-2020-sajorna-per-raons-sanitaries\/#breadcrumb","itemListElement":[{"@type":"ListItem","position":1,"name":"Inici","item":"https:\/\/novaorg.cofb.net\/"},{"@type":"ListItem","position":2,"name":"\u2018Infarma Madrid 2020\u2019 s&#8217;ajorna per raons sanit\u00e0ries"}]},{"@type":"WebSite","@id":"https:\/\/www.cofb.org\/#website","url":"https:\/\/www.cofb.org\/","name":"Col\u00b7legi de Farmac\u00e8utics de Barcelona","description":"","publisher":{"@id":"https:\/\/www.cofb.org\/#organization"},"potentialAction":[{"@type":"SearchAction","target":{"@type":"EntryPoint","urlTemplate":"https:\/\/www.cofb.org\/?s={search_term_string}"},"query-input":"required name=search_term_string"}],"inLanguage":"ca"},{"@type":"Organization","@id":"https:\/\/www.cofb.org\/#organization","name":"Col\u00b7legi de Farmac\u00e8utics de Barcelona","url":"https:\/\/www.cofb.org\/","logo":{"@type":"ImageObject","inLanguage":"ca","@id":"https:\/\/www.cofb.org\/#\/schema\/logo\/image\/","url":"https:\/\/www.cofb.org\/wp-content\/uploads\/2023\/11\/cropped-Logotip-COFB.png","contentUrl":"https:\/\/www.cofb.org\/wp-content\/uploads\/2023\/11\/cropped-Logotip-COFB.png","width":500,"height":105,"caption":"Col\u00b7legi de Farmac\u00e8utics de Barcelona"},"image":{"@id":"https:\/\/www.cofb.org\/#\/schema\/logo\/image\/"},"sameAs":["https:\/\/www.facebook.com\/farmaceuticsbcn\/","https:\/\/twitter.com\/farmaceuticsbcn","https:\/\/www.instagram.com\/farmaceuticsbcn\/","https:\/\/www.linkedin.com\/company\/farmaceuticsbcn\/"]},{"@type":"Person","@id":"https:\/\/www.cofb.org\/#\/schema\/person\/22ed7eea88da74b0fa4d3154ad87ffcb","name":"wpAdminCofbOrg","image":{"@type":"ImageObject","inLanguage":"ca","@id":"https:\/\/www.cofb.org\/#\/schema\/person\/image\/","url":"https:\/\/secure.gravatar.com\/avatar\/1721b20b3b8ca882c3b56ec6c978c594fff670e40c0718e9190eaeeb76aae7d8?s=96&d=mm&r=g","contentUrl":"https:\/\/secure.gravatar.com\/avatar\/1721b20b3b8ca882c3b56ec6c978c594fff670e40c0718e9190eaeeb76aae7d8?s=96&d=mm&r=g","caption":"wpAdminCofbOrg"},"sameAs":["http:\/\/192.168.64.122\/wordpress"],"url":"https:\/\/www.cofb.org\/ca\/author\/wpadmincofborg\/"}]}},"uagb_featured_image_src":{"full":["https:\/\/www.cofb.org\/wp-content\/uploads\/2020\/03\/b7833903-d268-41e8-a5b9-768622a736a9-8TYVUS.jpeg",620,427,false],"thumbnail":["https:\/\/www.cofb.org\/wp-content\/uploads\/2020\/03\/b7833903-d268-41e8-a5b9-768622a736a9-8TYVUS-150x150.jpeg",150,150,true],"medium":["https:\/\/www.cofb.org\/wp-content\/uploads\/2020\/03\/b7833903-d268-41e8-a5b9-768622a736a9-8TYVUS-300x207.jpeg",300,207,true],"medium_large":["https:\/\/www.cofb.org\/wp-content\/uploads\/2020\/03\/b7833903-d268-41e8-a5b9-768622a736a9-8TYVUS.jpeg",620,427,false],"large":["https:\/\/www.cofb.org\/wp-content\/uploads\/2020\/03\/b7833903-d268-41e8-a5b9-768622a736a9-8TYVUS.jpeg",620,427,false],"1536x1536":["https:\/\/www.cofb.org\/wp-content\/uploads\/2020\/03\/b7833903-d268-41e8-a5b9-768622a736a9-8TYVUS.jpeg",620,427,false],"2048x2048":["https:\/\/www.cofb.org\/wp-content\/uploads\/2020\/03\/b7833903-d268-41e8-a5b9-768622a736a9-8TYVUS.jpeg",620,427,false],"trp-custom-language-flag":["https:\/\/www.cofb.org\/wp-content\/uploads\/2020\/03\/b7833903-d268-41e8-a5b9-768622a736a9-8TYVUS-18x12.jpeg",18,12,true]},"uagb_author_info":{"display_name":"wpAdminCofbOrg","author_link":"https:\/\/www.cofb.org\/ca\/author\/wpadmincofborg\/"},"uagb_comment_info":0,"uagb_excerpt":"\u00a0 \u00a0 \u00a0 \u00a0 Madrid, 5 de mar\u00e7. L&#8217;organitzaci\u00f3 d\u2019Infarma Madrid 2020, el Congr\u00e9s Europeu d&#8217;Oficina de Farm\u00e0cia i Sal\u00f3 de Medicaments i Parafarm\u00e0cia, ha decidit ajornar la seva celebraci\u00f3 prevista per als dies 10, 11 i 12 de mar\u00e7 davant l&#8217;excepcional situaci\u00f3 sanit\u00e0ria provocada pel coronavirus COVID-19 a Espanya [&hellip;]","_links":{"self":[{"href":"https:\/\/www.cofb.org\/ca\/wp-json\/wp\/v2\/posts\/77140","targetHints":{"allow":["GET"]}}],"collection":[{"href":"https:\/\/www.cofb.org\/ca\/wp-json\/wp\/v2\/posts"}],"about":[{"href":"https:\/\/www.cofb.org\/ca\/wp-json\/wp\/v2\/types\/post"}],"author":[{"embeddable":true,"href":"https:\/\/www.cofb.org\/ca\/wp-json\/wp\/v2\/users\/1"}],"replies":[{"embeddable":true,"href":"https:\/\/www.cofb.org\/ca\/wp-json\/wp\/v2\/comments?post=77140"}],"version-history":[{"count":0,"href":"https:\/\/www.cofb.org\/ca\/wp-json\/wp\/v2\/posts\/77140\/revisions"}],"wp:featuredmedia":[{"embeddable":true,"href":"https:\/\/www.cofb.org\/ca\/wp-json\/wp\/v2\/media\/77141"}],"wp:attachment":[{"href":"https:\/\/www.cofb.org\/ca\/wp-json\/wp\/v2\/media?parent=77140"}],"wp:term":[{"taxonomy":"category","embeddable":true,"href":"https:\/\/www.cofb.org\/ca\/wp-json\/wp\/v2\/categories?post=77140"},{"taxonomy":"post_tag","embeddable":true,"href":"https:\/\/www.cofb.org\/ca\/wp-json\/wp\/v2\/tags?post=77140"}],"curies":[{"name":"wp","href":"https:\/\/api.w.org\/{rel}","templated":true}]}}