{"id":77138,"date":"2020-03-06T15:05:00","date_gmt":"2020-03-06T15:05:00","guid":{"rendered":"https:\/\/novaorg.cofb.net\/2020\/03\/06\/infarma-madrid-2020-se-celebrara-els-proxims-30-de-juny-1-i-2-de-juliol\/"},"modified":"2020-03-06T15:05:00","modified_gmt":"2020-03-06T15:05:00","slug":"infarma-madrid-2020-se-celebrara-els-proxims-30-de-juny-1-i-2-de-juliol","status":"publish","type":"post","link":"https:\/\/www.cofb.org\/ca\/2020\/03\/06\/infarma-madrid-2020-se-celebrara-els-proxims-30-de-juny-1-i-2-de-juliol\/","title":{"rendered":"\u2018Infarma Madrid 2020\u2019 se celebrar\u00e0 els pr\u00f2xims 30 de juny, 1 i 2 de juliol"},"content":{"rendered":"<p>\u00a0<\/p>\n<ul>\n<li><strong>La confian\u00e7a d\u2019Ifema en aquest Congr\u00e9s i Sal\u00f3 farmac\u00e8utic ha propiciat la celeritat per a trobar noves dates<\/strong><\/li>\n<\/ul>\n<p><em>Madrid, 6 de mar\u00e7 de 2020. <\/em>Infarma Madrid 2020, el Congr\u00e9s i Sal\u00f3 farmac\u00e8utic que organitzen els col\u00b7legis oficials de farmac\u00e8utics de Madrid i Barcelona, en col\u00b7laboraci\u00f3 amb Interalia, se celebrar\u00e0 del pr\u00f2xim 30 de juny al 2 de juliol. D&#8217;aquesta manera, menys de 48 hores despr\u00e9s de veure&#8217;s abocat a l&#8217;ajornament davant l&#8217;excepcional situaci\u00f3 sanit\u00e0ria provocada pel coronavirus COVID-19 a Espanya i les mesures de contenci\u00f3 del brot recomanades pel Ministeri de Sanitat, Infarma Madrid 2020 disposa ja de noves dates, tal com ja est\u00e0 anunciat tant a <a href=\"http:\/\/www.infarma.es\/\" target=\"_blank\" rel=\"noopener\">www.infarma.es <\/a>com a la web d\u2019Ifema a trav\u00e9s d&#8217;aquest <a href=\"https:\/\/www.infarma.es\/protocolo-sanitario\" target=\"_blank\" rel=\"noopener\">enlla\u00e7<\/a>.<\/p>\n<p>La confian\u00e7a de l&#8217;organitzaci\u00f3 d\u2019Ifema en la gran cita farmac\u00e8utica ha propiciat la celeritat per trobar noves dates, malgrat que hi ha molts esdeveniments que s\u2019han anat cancel\u00b7lant o ajornant, i el conseg\u00fcent col\u00b7lapse del calendari que t\u00e9 la Fira de Madrid per tornar a programar moltes d&#8217;aquestes cites.<\/p>\n<p>El president del Col\u00b7legi Oficial de Farmac\u00e8utics de Madrid (COFM), Luis Gonz\u00e1lez D\u00edez, agraeix \u201cla reacci\u00f3 de les empreses participants per la seva col\u00b7laboraci\u00f3 i comprensi\u00f3 en un moment tan complex a l&#8217;hora de resoldre la celebraci\u00f3 del Congr\u00e9s i Sal\u00f3 de la Farm\u00e0cia\u201d, que en aquesta 32a edici\u00f3 t\u00e9 previst reunir m\u00e9s de 30.000 professionals, 3.000 congressistes i prop de 400 expositors.<\/p>\n<p>El <a href=\"http:\/\/www.infarma.es\/infarma2020\/es\/PublicDocs\/GetFile\/ProgramaInfarma2020\" target=\"_blank\" rel=\"noopener\">programa cient\u00edfic<\/a> d\u2019Infarma Madrid 2020 consta de m\u00e9s de mig centenar de confer\u00e8ncies i taules rodones que se centraran en les diferents modalitats d&#8217;exercici professional. El valor del consell expert del farmac\u00e8utic i la necessitat de formar-se per con\u00e8ixer els nous abordatges terap\u00e8utics, estar preparats davant les noves demandes socials i tecnol\u00f2giques o col\u00b7laborar dins d&#8217;equips interprofessionals en programes de salut p\u00fablica seran aspectes en els quals s&#8217;incidir\u00e0 al llarg dels tres dies de Congr\u00e9s i Sal\u00f3 farmac\u00e8utic.<\/p>\n<p>\u00a0La confian\u00e7a d\u2019Ifema en aquest Congr\u00e9s i Sal\u00f3 farmac\u00e8utic ha propiciat la celeritat per a trobar noves dates<\/p>\n<p>Madrid, 6 de mar\u00e7 de 2020. Infarma Madrid 2020, el Congr\u00e9s i Sal\u00f3 farmac\u00e8utic que organitzen els col\u00b7legis oficials de farmac\u00e8utics de Madrid i Barcelona, en col\u00b7laboraci\u00f3 amb Interalia, se celebrar\u00e0 del pr\u00f2xim 30 de juny al 2 de juliol. D&#8217;aquesta manera, menys de 48 hores despr\u00e9s de veure&#8217;s abocat a l&#8217;ajornament davant l&#8217;excepcional situaci\u00f3 sanit\u00e0ria provocada pel coronavirus COVID-19 a Espanya i les mesures de contenci\u00f3 del brot recomanades pel Ministeri de Sanitat, Infarma Madrid 2020 disposa ja de noves dates, tal com ja est\u00e0 anunciat tant a www.infarma.es com a la web d\u2019Ifema a trav\u00e9s d&#8217;aquest enlla\u00e7.<\/p>\n<p>La confian\u00e7a de l&#8217;organitzaci\u00f3 d\u2019Ifema en la gran cita farmac\u00e8utica ha propiciat la celeritat per trobar noves dates, malgrat que hi ha molts esdeveniments que s\u2019han anat cancel\u00b7lant o ajornant, i el conseg\u00fcent col\u00b7lapse del calendari que t\u00e9 la Fira de Madrid per tornar a programar moltes d&#8217;aquestes cites.<\/p>\n<p>El president del Col\u00b7legi Oficial de Farmac\u00e8utics de Madrid (COFM), Luis Gonz\u00e1lez D\u00edez, agraeix \u201cla reacci\u00f3 de les empreses participants per la seva col\u00b7laboraci\u00f3 i comprensi\u00f3 en un moment tan complex a l&#8217;hora de resoldre la celebraci\u00f3 del Congr\u00e9s i Sal\u00f3 de la Farm\u00e0cia\u201d, que en aquesta 32a edici\u00f3 t\u00e9 previst reunir m\u00e9s de 30.000 professionals, 3.000 congressistes i prop de 400 expositors.<\/p>\n<p>El programa cient\u00edfic d\u2019Infarma Madrid 2020 consta de m\u00e9s de mig centenar de confer\u00e8ncies i taules rodones que se centraran en les diferents modalitats d&#8217;exercici professional. El valor del consell expert del farmac\u00e8utic i la necessitat de formar-se per con\u00e8ixer els nous abordatges terap\u00e8utics, estar preparats davant les noves demandes socials i tecnol\u00f2giques o col\u00b7laborar dins d&#8217;equips interprofessionals en programes de salut p\u00fablica seran aspectes en els quals s&#8217;incidir\u00e0 al llarg dels tres dies de Congr\u00e9s i Sal\u00f3 farmac\u00e8utic.\u00a0\u00a0COFB.ORG<\/p>\n","protected":false},"excerpt":{"rendered":"<p>\u00a0 La confian\u00e7a d\u2019Ifema en aquest Congr\u00e9s i Sal\u00f3 farmac\u00e8utic ha propiciat la celeritat per a trobar noves dates Madrid, 6 de mar\u00e7 de 2020. Infarma Madrid 2020, el Congr\u00e9s i Sal\u00f3 farmac\u00e8utic que organitzen els col\u00b7legis oficials de farmac\u00e8utics de Madrid i Barcelona, en col\u00b7laboraci\u00f3 amb Interalia, se celebrar\u00e0 [&hellip;]<\/p>\n","protected":false},"author":1,"featured_media":0,"comment_status":"","ping_status":"","sticky":false,"template":"","format":"standard","meta":{"_uag_custom_page_level_css":"","site-sidebar-layout":"default","site-content-layout":"","ast-site-content-layout":"default","site-content-style":"default","site-sidebar-style":"default","ast-global-header-display":"","ast-banner-title-visibility":"","ast-main-header-display":"","ast-hfb-above-header-display":"","ast-hfb-below-header-display":"","ast-hfb-mobile-header-display":"","site-post-title":"","ast-breadcrumbs-content":"","ast-featured-img":"disabled","footer-sml-layout":"","theme-transparent-header-meta":"","adv-header-id-meta":"","stick-header-meta":"","header-above-stick-meta":"","header-main-stick-meta":"","header-below-stick-meta":"","astra-migrate-meta-layouts":"default","ast-page-background-enabled":"default","ast-page-background-meta":{"desktop":{"background-color":"var(--ast-global-color-4)","background-image":"","background-repeat":"repeat","background-position":"center center","background-size":"auto","background-attachment":"scroll","background-type":"","background-media":"","overlay-type":"","overlay-color":"","overlay-opacity":"","overlay-gradient":""},"tablet":{"background-color":"","background-image":"","background-repeat":"repeat","background-position":"center center","background-size":"auto","background-attachment":"scroll","background-type":"","background-media":"","overlay-type":"","overlay-color":"","overlay-opacity":"","overlay-gradient":""},"mobile":{"background-color":"","background-image":"","background-repeat":"repeat","background-position":"center center","background-size":"auto","background-attachment":"scroll","background-type":"","background-media":"","overlay-type":"","overlay-color":"","overlay-opacity":"","overlay-gradient":""}},"ast-content-background-meta":{"desktop":{"background-color":"var(--ast-global-color-5)","background-image":"","background-repeat":"repeat","background-position":"center center","background-size":"auto","background-attachment":"scroll","background-type":"","background-media":"","overlay-type":"","overlay-color":"","overlay-opacity":"","overlay-gradient":""},"tablet":{"background-color":"var(--ast-global-color-5)","background-image":"","background-repeat":"repeat","background-position":"center center","background-size":"auto","background-attachment":"scroll","background-type":"","background-media":"","overlay-type":"","overlay-color":"","overlay-opacity":"","overlay-gradient":""},"mobile":{"background-color":"var(--ast-global-color-5)","background-image":"","background-repeat":"repeat","background-position":"center center","background-size":"auto","background-attachment":"scroll","background-type":"","background-media":"","overlay-type":"","overlay-color":"","overlay-opacity":"","overlay-gradient":""}},"footnotes":""},"categories":[1060,1066],"tags":[],"class_list":["post-77138","post","type-post","status-publish","format-standard","hentry","category-notes-premsa","category-sense-categoria-ca"],"yoast_head":"<!-- This site is optimized with the Yoast SEO plugin v22.4 - https:\/\/yoast.com\/wordpress\/plugins\/seo\/ -->\n<title>\u2018Infarma Madrid 2020\u2019 se celebrar\u00e0 els pr\u00f2xims 30 de juny, 1 i 2 de juliol - Col\u00b7legi de Farmac\u00e8utics de Barcelona<\/title>\n<meta name=\"robots\" content=\"index, follow, max-snippet:-1, max-image-preview:large, max-video-preview:-1\" \/>\n<link rel=\"canonical\" href=\"https:\/\/novaorg.cofb.net\/2020\/03\/06\/infarma-madrid-2020-se-celebrara-els-proxims-30-de-juny-1-i-2-de-juliol\/\" \/>\n<meta property=\"og:locale\" content=\"ca_ES\" \/>\n<meta property=\"og:type\" content=\"article\" \/>\n<meta property=\"og:title\" content=\"\u2018Infarma Madrid 2020\u2019 se celebrar\u00e0 els pr\u00f2xims 30 de juny, 1 i 2 de juliol - Col\u00b7legi de Farmac\u00e8utics de Barcelona\" \/>\n<meta property=\"og:description\" content=\"\u00a0 La confian\u00e7a d\u2019Ifema en aquest Congr\u00e9s i Sal\u00f3 farmac\u00e8utic ha propiciat la celeritat per a trobar noves dates Madrid, 6 de mar\u00e7 de 2020. Infarma Madrid 2020, el Congr\u00e9s i Sal\u00f3 farmac\u00e8utic que organitzen els col\u00b7legis oficials de farmac\u00e8utics de Madrid i Barcelona, en col\u00b7laboraci\u00f3 amb Interalia, se celebrar\u00e0 [&hellip;]\" \/>\n<meta property=\"og:url\" content=\"https:\/\/novaorg.cofb.net\/2020\/03\/06\/infarma-madrid-2020-se-celebrara-els-proxims-30-de-juny-1-i-2-de-juliol\/\" \/>\n<meta property=\"og:site_name\" content=\"Col\u00b7legi de Farmac\u00e8utics de Barcelona\" \/>\n<meta property=\"article:publisher\" content=\"https:\/\/www.facebook.com\/farmaceuticsbcn\/\" \/>\n<meta property=\"article:published_time\" content=\"2020-03-06T15:05:00+00:00\" \/>\n<meta name=\"author\" content=\"wpAdminCofbOrg\" \/>\n<meta name=\"twitter:card\" content=\"summary_large_image\" \/>\n<meta name=\"twitter:creator\" content=\"@farmaceuticsbcn\" \/>\n<meta name=\"twitter:site\" content=\"@farmaceuticsbcn\" \/>\n<meta name=\"twitter:label1\" content=\"Escrit per\" \/>\n\t<meta name=\"twitter:data1\" content=\"wpAdminCofbOrg\" \/>\n\t<meta name=\"twitter:label2\" content=\"Temps estimat de lectura\" \/>\n\t<meta name=\"twitter:data2\" content=\"3 minuts\" \/>\n<script type=\"application\/ld+json\" class=\"yoast-schema-graph\">{\"@context\":\"https:\/\/schema.org\",\"@graph\":[{\"@type\":\"Article\",\"@id\":\"https:\/\/novaorg.cofb.net\/2020\/03\/06\/infarma-madrid-2020-se-celebrara-els-proxims-30-de-juny-1-i-2-de-juliol\/#article\",\"isPartOf\":{\"@id\":\"https:\/\/novaorg.cofb.net\/2020\/03\/06\/infarma-madrid-2020-se-celebrara-els-proxims-30-de-juny-1-i-2-de-juliol\/\"},\"author\":{\"name\":\"wpAdminCofbOrg\",\"@id\":\"https:\/\/www.cofb.org\/#\/schema\/person\/22ed7eea88da74b0fa4d3154ad87ffcb\"},\"headline\":\"\u2018Infarma Madrid 2020\u2019 se celebrar\u00e0 els pr\u00f2xims 30 de juny, 1 i 2 de juliol\",\"datePublished\":\"2020-03-06T15:05:00+00:00\",\"dateModified\":\"2020-03-06T15:05:00+00:00\",\"mainEntityOfPage\":{\"@id\":\"https:\/\/novaorg.cofb.net\/2020\/03\/06\/infarma-madrid-2020-se-celebrara-els-proxims-30-de-juny-1-i-2-de-juliol\/\"},\"wordCount\":716,\"publisher\":{\"@id\":\"https:\/\/www.cofb.org\/#organization\"},\"articleSection\":[\"Notes de premsa\"],\"inLanguage\":\"ca\"},{\"@type\":\"WebPage\",\"@id\":\"https:\/\/novaorg.cofb.net\/2020\/03\/06\/infarma-madrid-2020-se-celebrara-els-proxims-30-de-juny-1-i-2-de-juliol\/\",\"url\":\"https:\/\/novaorg.cofb.net\/2020\/03\/06\/infarma-madrid-2020-se-celebrara-els-proxims-30-de-juny-1-i-2-de-juliol\/\",\"name\":\"\u2018Infarma Madrid 2020\u2019 se celebrar\u00e0 els pr\u00f2xims 30 de juny, 1 i 2 de juliol - Col\u00b7legi de Farmac\u00e8utics de Barcelona\",\"isPartOf\":{\"@id\":\"https:\/\/www.cofb.org\/#website\"},\"datePublished\":\"2020-03-06T15:05:00+00:00\",\"dateModified\":\"2020-03-06T15:05:00+00:00\",\"breadcrumb\":{\"@id\":\"https:\/\/novaorg.cofb.net\/2020\/03\/06\/infarma-madrid-2020-se-celebrara-els-proxims-30-de-juny-1-i-2-de-juliol\/#breadcrumb\"},\"inLanguage\":\"ca\",\"potentialAction\":[{\"@type\":\"ReadAction\",\"target\":[\"https:\/\/novaorg.cofb.net\/2020\/03\/06\/infarma-madrid-2020-se-celebrara-els-proxims-30-de-juny-1-i-2-de-juliol\/\"]}]},{\"@type\":\"BreadcrumbList\",\"@id\":\"https:\/\/novaorg.cofb.net\/2020\/03\/06\/infarma-madrid-2020-se-celebrara-els-proxims-30-de-juny-1-i-2-de-juliol\/#breadcrumb\",\"itemListElement\":[{\"@type\":\"ListItem\",\"position\":1,\"name\":\"Inici\",\"item\":\"https:\/\/novaorg.cofb.net\/\"},{\"@type\":\"ListItem\",\"position\":2,\"name\":\"\u2018Infarma Madrid 2020\u2019 se celebrar\u00e0 els pr\u00f2xims 30 de juny, 1 i 2 de juliol\"}]},{\"@type\":\"WebSite\",\"@id\":\"https:\/\/www.cofb.org\/#website\",\"url\":\"https:\/\/www.cofb.org\/\",\"name\":\"Col\u00b7legi de Farmac\u00e8utics de Barcelona\",\"description\":\"\",\"publisher\":{\"@id\":\"https:\/\/www.cofb.org\/#organization\"},\"potentialAction\":[{\"@type\":\"SearchAction\",\"target\":{\"@type\":\"EntryPoint\",\"urlTemplate\":\"https:\/\/www.cofb.org\/?s={search_term_string}\"},\"query-input\":\"required name=search_term_string\"}],\"inLanguage\":\"ca\"},{\"@type\":\"Organization\",\"@id\":\"https:\/\/www.cofb.org\/#organization\",\"name\":\"Col\u00b7legi de Farmac\u00e8utics de Barcelona\",\"url\":\"https:\/\/www.cofb.org\/\",\"logo\":{\"@type\":\"ImageObject\",\"inLanguage\":\"ca\",\"@id\":\"https:\/\/www.cofb.org\/#\/schema\/logo\/image\/\",\"url\":\"https:\/\/www.cofb.org\/wp-content\/uploads\/2023\/11\/cropped-Logotip-COFB.png\",\"contentUrl\":\"https:\/\/www.cofb.org\/wp-content\/uploads\/2023\/11\/cropped-Logotip-COFB.png\",\"width\":500,\"height\":105,\"caption\":\"Col\u00b7legi de Farmac\u00e8utics de Barcelona\"},\"image\":{\"@id\":\"https:\/\/www.cofb.org\/#\/schema\/logo\/image\/\"},\"sameAs\":[\"https:\/\/www.facebook.com\/farmaceuticsbcn\/\",\"https:\/\/twitter.com\/farmaceuticsbcn\",\"https:\/\/www.instagram.com\/farmaceuticsbcn\/\",\"https:\/\/www.linkedin.com\/company\/farmaceuticsbcn\/\"]},{\"@type\":\"Person\",\"@id\":\"https:\/\/www.cofb.org\/#\/schema\/person\/22ed7eea88da74b0fa4d3154ad87ffcb\",\"name\":\"wpAdminCofbOrg\",\"image\":{\"@type\":\"ImageObject\",\"inLanguage\":\"ca\",\"@id\":\"https:\/\/www.cofb.org\/#\/schema\/person\/image\/\",\"url\":\"https:\/\/secure.gravatar.com\/avatar\/1721b20b3b8ca882c3b56ec6c978c594fff670e40c0718e9190eaeeb76aae7d8?s=96&d=mm&r=g\",\"contentUrl\":\"https:\/\/secure.gravatar.com\/avatar\/1721b20b3b8ca882c3b56ec6c978c594fff670e40c0718e9190eaeeb76aae7d8?s=96&d=mm&r=g\",\"caption\":\"wpAdminCofbOrg\"},\"sameAs\":[\"http:\/\/192.168.64.122\/wordpress\"],\"url\":\"https:\/\/www.cofb.org\/ca\/author\/wpadmincofborg\/\"}]}<\/script>\n<!-- \/ Yoast SEO plugin. -->","yoast_head_json":{"title":"\u2018Infarma Madrid 2020\u2019 se celebrar\u00e0 els pr\u00f2xims 30 de juny, 1 i 2 de juliol - Col\u00b7legi de Farmac\u00e8utics de Barcelona","robots":{"index":"index","follow":"follow","max-snippet":"max-snippet:-1","max-image-preview":"max-image-preview:large","max-video-preview":"max-video-preview:-1"},"canonical":"https:\/\/novaorg.cofb.net\/2020\/03\/06\/infarma-madrid-2020-se-celebrara-els-proxims-30-de-juny-1-i-2-de-juliol\/","og_locale":"ca_ES","og_type":"article","og_title":"\u2018Infarma Madrid 2020\u2019 se celebrar\u00e0 els pr\u00f2xims 30 de juny, 1 i 2 de juliol - Col\u00b7legi de Farmac\u00e8utics de Barcelona","og_description":"\u00a0 La confian\u00e7a d\u2019Ifema en aquest Congr\u00e9s i Sal\u00f3 farmac\u00e8utic ha propiciat la celeritat per a trobar noves dates Madrid, 6 de mar\u00e7 de 2020. Infarma Madrid 2020, el Congr\u00e9s i Sal\u00f3 farmac\u00e8utic que organitzen els col\u00b7legis oficials de farmac\u00e8utics de Madrid i Barcelona, en col\u00b7laboraci\u00f3 amb Interalia, se celebrar\u00e0 [&hellip;]","og_url":"https:\/\/novaorg.cofb.net\/2020\/03\/06\/infarma-madrid-2020-se-celebrara-els-proxims-30-de-juny-1-i-2-de-juliol\/","og_site_name":"Col\u00b7legi de Farmac\u00e8utics de Barcelona","article_publisher":"https:\/\/www.facebook.com\/farmaceuticsbcn\/","article_published_time":"2020-03-06T15:05:00+00:00","author":"wpAdminCofbOrg","twitter_card":"summary_large_image","twitter_creator":"@farmaceuticsbcn","twitter_site":"@farmaceuticsbcn","twitter_misc":{"Escrit per":"wpAdminCofbOrg","Temps estimat de lectura":"3 minuts"},"schema":{"@context":"https:\/\/schema.org","@graph":[{"@type":"Article","@id":"https:\/\/novaorg.cofb.net\/2020\/03\/06\/infarma-madrid-2020-se-celebrara-els-proxims-30-de-juny-1-i-2-de-juliol\/#article","isPartOf":{"@id":"https:\/\/novaorg.cofb.net\/2020\/03\/06\/infarma-madrid-2020-se-celebrara-els-proxims-30-de-juny-1-i-2-de-juliol\/"},"author":{"name":"wpAdminCofbOrg","@id":"https:\/\/www.cofb.org\/#\/schema\/person\/22ed7eea88da74b0fa4d3154ad87ffcb"},"headline":"\u2018Infarma Madrid 2020\u2019 se celebrar\u00e0 els pr\u00f2xims 30 de juny, 1 i 2 de juliol","datePublished":"2020-03-06T15:05:00+00:00","dateModified":"2020-03-06T15:05:00+00:00","mainEntityOfPage":{"@id":"https:\/\/novaorg.cofb.net\/2020\/03\/06\/infarma-madrid-2020-se-celebrara-els-proxims-30-de-juny-1-i-2-de-juliol\/"},"wordCount":716,"publisher":{"@id":"https:\/\/www.cofb.org\/#organization"},"articleSection":["Notes de premsa"],"inLanguage":"ca"},{"@type":"WebPage","@id":"https:\/\/novaorg.cofb.net\/2020\/03\/06\/infarma-madrid-2020-se-celebrara-els-proxims-30-de-juny-1-i-2-de-juliol\/","url":"https:\/\/novaorg.cofb.net\/2020\/03\/06\/infarma-madrid-2020-se-celebrara-els-proxims-30-de-juny-1-i-2-de-juliol\/","name":"\u2018Infarma Madrid 2020\u2019 se celebrar\u00e0 els pr\u00f2xims 30 de juny, 1 i 2 de juliol - Col\u00b7legi de Farmac\u00e8utics de Barcelona","isPartOf":{"@id":"https:\/\/www.cofb.org\/#website"},"datePublished":"2020-03-06T15:05:00+00:00","dateModified":"2020-03-06T15:05:00+00:00","breadcrumb":{"@id":"https:\/\/novaorg.cofb.net\/2020\/03\/06\/infarma-madrid-2020-se-celebrara-els-proxims-30-de-juny-1-i-2-de-juliol\/#breadcrumb"},"inLanguage":"ca","potentialAction":[{"@type":"ReadAction","target":["https:\/\/novaorg.cofb.net\/2020\/03\/06\/infarma-madrid-2020-se-celebrara-els-proxims-30-de-juny-1-i-2-de-juliol\/"]}]},{"@type":"BreadcrumbList","@id":"https:\/\/novaorg.cofb.net\/2020\/03\/06\/infarma-madrid-2020-se-celebrara-els-proxims-30-de-juny-1-i-2-de-juliol\/#breadcrumb","itemListElement":[{"@type":"ListItem","position":1,"name":"Inici","item":"https:\/\/novaorg.cofb.net\/"},{"@type":"ListItem","position":2,"name":"\u2018Infarma Madrid 2020\u2019 se celebrar\u00e0 els pr\u00f2xims 30 de juny, 1 i 2 de juliol"}]},{"@type":"WebSite","@id":"https:\/\/www.cofb.org\/#website","url":"https:\/\/www.cofb.org\/","name":"Col\u00b7legi de Farmac\u00e8utics de Barcelona","description":"","publisher":{"@id":"https:\/\/www.cofb.org\/#organization"},"potentialAction":[{"@type":"SearchAction","target":{"@type":"EntryPoint","urlTemplate":"https:\/\/www.cofb.org\/?s={search_term_string}"},"query-input":"required name=search_term_string"}],"inLanguage":"ca"},{"@type":"Organization","@id":"https:\/\/www.cofb.org\/#organization","name":"Col\u00b7legi de Farmac\u00e8utics de Barcelona","url":"https:\/\/www.cofb.org\/","logo":{"@type":"ImageObject","inLanguage":"ca","@id":"https:\/\/www.cofb.org\/#\/schema\/logo\/image\/","url":"https:\/\/www.cofb.org\/wp-content\/uploads\/2023\/11\/cropped-Logotip-COFB.png","contentUrl":"https:\/\/www.cofb.org\/wp-content\/uploads\/2023\/11\/cropped-Logotip-COFB.png","width":500,"height":105,"caption":"Col\u00b7legi de Farmac\u00e8utics de Barcelona"},"image":{"@id":"https:\/\/www.cofb.org\/#\/schema\/logo\/image\/"},"sameAs":["https:\/\/www.facebook.com\/farmaceuticsbcn\/","https:\/\/twitter.com\/farmaceuticsbcn","https:\/\/www.instagram.com\/farmaceuticsbcn\/","https:\/\/www.linkedin.com\/company\/farmaceuticsbcn\/"]},{"@type":"Person","@id":"https:\/\/www.cofb.org\/#\/schema\/person\/22ed7eea88da74b0fa4d3154ad87ffcb","name":"wpAdminCofbOrg","image":{"@type":"ImageObject","inLanguage":"ca","@id":"https:\/\/www.cofb.org\/#\/schema\/person\/image\/","url":"https:\/\/secure.gravatar.com\/avatar\/1721b20b3b8ca882c3b56ec6c978c594fff670e40c0718e9190eaeeb76aae7d8?s=96&d=mm&r=g","contentUrl":"https:\/\/secure.gravatar.com\/avatar\/1721b20b3b8ca882c3b56ec6c978c594fff670e40c0718e9190eaeeb76aae7d8?s=96&d=mm&r=g","caption":"wpAdminCofbOrg"},"sameAs":["http:\/\/192.168.64.122\/wordpress"],"url":"https:\/\/www.cofb.org\/ca\/author\/wpadmincofborg\/"}]}},"uagb_featured_image_src":{"full":false,"thumbnail":false,"medium":false,"medium_large":false,"large":false,"1536x1536":false,"2048x2048":false,"trp-custom-language-flag":false},"uagb_author_info":{"display_name":"wpAdminCofbOrg","author_link":"https:\/\/www.cofb.org\/ca\/author\/wpadmincofborg\/"},"uagb_comment_info":0,"uagb_excerpt":"\u00a0 La confian\u00e7a d\u2019Ifema en aquest Congr\u00e9s i Sal\u00f3 farmac\u00e8utic ha propiciat la celeritat per a trobar noves dates Madrid, 6 de mar\u00e7 de 2020. Infarma Madrid 2020, el Congr\u00e9s i Sal\u00f3 farmac\u00e8utic que organitzen els col\u00b7legis oficials de farmac\u00e8utics de Madrid i Barcelona, en col\u00b7laboraci\u00f3 amb Interalia, se celebrar\u00e0 [&hellip;]","_links":{"self":[{"href":"https:\/\/www.cofb.org\/ca\/wp-json\/wp\/v2\/posts\/77138","targetHints":{"allow":["GET"]}}],"collection":[{"href":"https:\/\/www.cofb.org\/ca\/wp-json\/wp\/v2\/posts"}],"about":[{"href":"https:\/\/www.cofb.org\/ca\/wp-json\/wp\/v2\/types\/post"}],"author":[{"embeddable":true,"href":"https:\/\/www.cofb.org\/ca\/wp-json\/wp\/v2\/users\/1"}],"replies":[{"embeddable":true,"href":"https:\/\/www.cofb.org\/ca\/wp-json\/wp\/v2\/comments?post=77138"}],"version-history":[{"count":0,"href":"https:\/\/www.cofb.org\/ca\/wp-json\/wp\/v2\/posts\/77138\/revisions"}],"wp:attachment":[{"href":"https:\/\/www.cofb.org\/ca\/wp-json\/wp\/v2\/media?parent=77138"}],"wp:term":[{"taxonomy":"category","embeddable":true,"href":"https:\/\/www.cofb.org\/ca\/wp-json\/wp\/v2\/categories?post=77138"},{"taxonomy":"post_tag","embeddable":true,"href":"https:\/\/www.cofb.org\/ca\/wp-json\/wp\/v2\/tags?post=77138"}],"curies":[{"name":"wp","href":"https:\/\/api.w.org\/{rel}","templated":true}]}}