{"id":77137,"date":"2020-03-11T17:58:00","date_gmt":"2020-03-11T17:58:00","guid":{"rendered":"https:\/\/novaorg.cofb.net\/2020\/03\/11\/el-consell-de-collegis-farmaceutics-de-catalunya-treballa-juntament-amb-el-departament-de-salut-de-la-generalitat-per-fer-front-al-coronavirus-i-llancar-un-missatge-de-calma-a-la-poblacio\/"},"modified":"2020-03-11T17:58:00","modified_gmt":"2020-03-11T17:58:00","slug":"el-consell-de-collegis-farmaceutics-de-catalunya-treballa-juntament-amb-el-departament-de-salut-de-la-generalitat-per-fer-front-al-coronavirus-i-llancar-un-missatge-de-calma-a-la-poblacio","status":"publish","type":"post","link":"https:\/\/www.cofb.org\/ca\/2020\/03\/11\/el-consell-de-collegis-farmaceutics-de-catalunya-treballa-juntament-amb-el-departament-de-salut-de-la-generalitat-per-fer-front-al-coronavirus-i-llancar-un-missatge-de-calma-a-la-poblacio\/","title":{"rendered":"El Consell de Col\u00b7legis Farmac\u00e8utics de Catalunya treballa juntament amb el Departament de Salut de la Generalitat per fer front al coronavirus i llan\u00e7ar un missatge de calma a la poblaci\u00f3"},"content":{"rendered":"<p>\u00a0<\/p>\n<ul>\n<li>Davant la situaci\u00f3 provocada pel coronavirus SARS-CoV-2, el Consell de Col\u00b7legis Farmac\u00e8utics de Catalunya (CCFC) va mantenir una reuni\u00f3 amb el Departament de Salut, on es va posar de manifest la necessitat d&#8217;elaborar un protocol amb recomanacions per a farmac\u00e8utics d&#8217;oficina de farm\u00e0cia<\/li>\n<\/ul>\n<div>\u00a0<\/div>\n<ul>\n<li>El COFB ha susp\u00e8s temporalment totes les activitats formatives presencials i est\u00e0 implementant mesures de prevenci\u00f3 en la seva seu col\u00b7legial<\/li>\n<\/ul>\n<div>\u00a0<\/div>\n<ul>\n<li>Els farmac\u00e8utics, com a professionals sanitaris m\u00e9s pr\u00f2xims i accessibles a la ciutadania, s&#8217;estan implicant activament en la resoluci\u00f3 dels dubtes dels ciutadans, llan\u00e7ant un missatge de tranquil\u00b7litat i recomanant mesures higi\u00e8niques de prevenci\u00f3<\/li>\n<\/ul>\n<p>\u00a0<\/p>\n<p><img decoding=\"async\" alt=\"\" src=\"https:\/\/www.cofb.org\/documents\/10136\/1120223\/Coronavirus+NdP_edited.jpg\/ac3a64e4-1f90-4314-aae8-672b99f0fadf?t=1583945719736\"><\/p>\n<p><em>Barcelona, 11 de mar\u00e7 de 2020.<\/em>&#8211; Davant la situaci\u00f3 provocada pel coronavirus SARS-CoV-2, el passat 3 de mar\u00e7, el president del Consell de Col\u00b7legis Farmac\u00e8utics de Catalunya (CCFC) i del Col\u00b7legi de Farmac\u00e8utics de Barcelona (COFB), Jordi de Dalmases, es va reunir amb la consellera de Salut, Alba Verg\u00e9s, juntament amb la resta de presidents de tots els col\u00b7legis professionals farmac\u00e8utics i d&#8217;altres \u00e0mbits sanitaris.<\/p>\n<p>Fruit d&#8217;aquesta reuni\u00f3, el Consell i el Departament de Salut de la Generalitat han treballat conjuntament en l&#8217;elaboraci\u00f3 d&#8217;un protocol amb recomanacions per a farmac\u00e8utics d&#8217;oficina de farm\u00e0cia, que s&#8217;ha publicat aquest 9 de mar\u00e7. Des de l&#8217;inici d&#8217;aquesta situaci\u00f3, en una carta enviada al secretari de Salut P\u00fablica, Joan Guix, De Dalmases va posar a disposici\u00f3 la xarxa de les 3.024 oficines de farm\u00e0cia de Catalunya.<\/p>\n<p><u><strong>Accions impulsades des del COF de Barcelona enfront del coronavirus<\/strong><\/u><br \/>\nAix\u00ed mateix, el Col\u00b7legi de Farmac\u00e8utics de Barcelona ha impulsat un conjunt d&#8217;accions per a fer front al coronavirus, entre les quals es troben la creaci\u00f3 d&#8217;un comit\u00e8 de crisi per a fer un seguiment de l&#8217;evoluci\u00f3 de la malaltia i l&#8217;elaboraci\u00f3 d&#8217;un conjunt de recomanacions i mesures de prevenci\u00f3 entre els professionals de l&#8217;oficina de farm\u00e0cia. Tamb\u00e9 s&#8217;ha elaborat un protocol de neteja per a garantir que la farm\u00e0cia, en tot moment, compleix amb les condicions adequades per a desenvolupar l&#8217;activitat amb garanties sanit\u00e0ries.<\/p>\n<p>D&#8217;altra banda, l&#8217;11 de febrer va organitzar una confer\u00e8ncia impartida pel Dr. Antoni Trilla, epidemi\u00f2leg i responsable del Servei de Medicina Preventiva i Epidemiologia de l&#8217;Hospital Cl\u00ednic de Barcelona, que va comptar amb m\u00e9s de 500 col\u00b7legiats inscrits, i en la qual es va contextualitzar l&#8217;epid\u00e8mia, es va informar de la situaci\u00f3 en aquell moment i es va comen\u00e7ar a concretar quin paper podien tenir els farmac\u00e8utics en la prevenci\u00f3.<\/p>\n<p>Una altra de les actuacions dutes a terme, seguint les instruccions del Departament de Salut, ha estat la suspensi\u00f3 temporal de totes les activitats formatives presencials. En la mesura que sigui possible, totes les confer\u00e8ncies i els cursos s&#8217;estan intentant adaptar al format Webinar. Tamb\u00e9 s&#8217;estan implementant mesures de prevenci\u00f3 en la seu col\u00b7legial, que s&#8217;aniran revisant en funci\u00f3 de les indicacions de les autoritats sanit\u00e0ries.<\/p>\n<p><u><strong>Els farmac\u00e8utics, professionals accessibles i pr\u00f2xims a la poblaci\u00f3<\/strong><\/u><br \/>\nLes oficines de farm\u00e0cia tenen un paper molt rellevant en la comunitat com a punts d&#8217;informaci\u00f3 rigorosa i adequada a la poblaci\u00f3 i, eventualment, de detecci\u00f3 de casos sospitosos d&#8217;infecci\u00f3 pel SARS-CoV-2. Per aquest motiu, els professionals farmac\u00e8utics s&#8217;han implicat activament a l&#8217;hora de resoldre dubtes dels ciutadans, llan\u00e7ant un missatge de tranquil\u00b7litat i recomanant mesures higi\u00e8niques de prevenci\u00f3.<\/p>\n<p>\u00a0<\/p>\n<p>\u00a0<\/p>\n<p>\u00a0Davant la situaci\u00f3 provocada pel coronavirus SARS-CoV-2, el Consell de Col\u00b7legis Farmac\u00e8utics de Catalunya (CCFC) va mantenir una reuni\u00f3 amb el Departament de Salut, on es va posar de manifest la necessitat d&#8217;elaborar un protocol amb recomanacions per a farmac\u00e8utics d&#8217;oficina de farm\u00e0cia<\/p>\n<p>\u00a0<\/p>\n<p>\tEl COFB ha susp\u00e8s temporalment totes les activitats formatives presencials i est\u00e0 implementant mesures de prevenci\u00f3 en la seva seu col\u00b7legial<\/p>\n<p>\u00a0<\/p>\n<p>\tEls farmac\u00e8utics, com a professionals sanitaris m\u00e9s pr\u00f2xims i accessibles a la ciutadania, s&#8217;estan implicant activament en la resoluci\u00f3 dels dubtes dels ciutadans, llan\u00e7ant un missatge de tranquil\u00b7litat i recomanant mesures higi\u00e8niques de prevenci\u00f3<\/p>\n<p>\u00a0<\/p>\n<p>Barcelona, 11 de mar\u00e7 de 2020.- Davant la situaci\u00f3 provocada pel coronavirus SARS-CoV-2, el passat 3 de mar\u00e7, el president del Consell de Col\u00b7legis Farmac\u00e8utics de Catalunya (CCFC) i del Col\u00b7legi de Farmac\u00e8utics de Barcelona (COFB), Jordi de Dalmases, es va reunir amb la consellera de Salut, Alba Verg\u00e9s, juntament amb la resta de presidents de tots els col\u00b7legis professionals farmac\u00e8utics i d&#8217;altres \u00e0mbits sanitaris.<\/p>\n<p>Fruit d&#8217;aquesta reuni\u00f3, el Consell i el Departament de Salut de la Generalitat han treballat conjuntament en l&#8217;elaboraci\u00f3 d&#8217;un protocol amb recomanacions per a farmac\u00e8utics d&#8217;oficina de farm\u00e0cia, que s&#8217;ha publicat aquest 9 de mar\u00e7. Des de l&#8217;inici d&#8217;aquesta situaci\u00f3, en una carta enviada al secretari de Salut P\u00fablica, Joan Guix, De Dalmases va posar a disposici\u00f3 la xarxa de les 3.024 oficines de farm\u00e0cia de Catalunya.<\/p>\n<p>Accions impulsades des del COF de Barcelona enfront del coronavirus<br \/>\nAix\u00ed mateix, el Col\u00b7legi de Farmac\u00e8utics de Barcelona ha impulsat un conjunt d&#8217;accions per a fer front al coronavirus, entre les quals es troben la creaci\u00f3 d&#8217;un comit\u00e8 de crisi per a fer un seguiment de l&#8217;evoluci\u00f3 de la malaltia i l&#8217;elaboraci\u00f3 d&#8217;un conjunt de recomanacions i mesures de prevenci\u00f3 entre els professionals de l&#8217;oficina de farm\u00e0cia. Tamb\u00e9 s&#8217;ha elaborat un protocol de neteja per a garantir que la farm\u00e0cia, en tot moment, compleix amb les condicions adequades per a desenvolupar l&#8217;activitat amb garanties sanit\u00e0ries.<\/p>\n<p>D&#8217;altra banda, l&#8217;11 de febrer va organitzar una confer\u00e8ncia impartida pel Dr. Antoni Trilla, epidemi\u00f2leg i responsable del Servei de Medicina Preventiva i Epidemiologia de l&#8217;Hospital Cl\u00ednic de Barcelona, que va comptar amb m\u00e9s de 500 col\u00b7legiats inscrits, i en la qual es va contextualitzar l&#8217;epid\u00e8mia, es va informar de la situaci\u00f3 en aquell moment i es va comen\u00e7ar a concretar quin paper podien tenir els farmac\u00e8utics en la prevenci\u00f3.<\/p>\n<p>Una altra de les actuacions dutes a terme, seguint les instruccions del Departament de Salut, ha estat la suspensi\u00f3 temporal de totes les activitats formatives presencials. En la mesura que sigui possible, totes les confer\u00e8ncies i els cursos s&#8217;estan intentant adaptar al format Webinar. Tamb\u00e9 s&#8217;estan implementant mesures de prevenci\u00f3 en la seu col\u00b7legial, que s&#8217;aniran revisant en funci\u00f3 de les indicacions de les autoritats sanit\u00e0ries.<\/p>\n<p>Els farmac\u00e8utics, professionals accessibles i pr\u00f2xims a la poblaci\u00f3<br \/>\nLes oficines de farm\u00e0cia tenen un paper molt rellevant en la comunitat com a punts d&#8217;informaci\u00f3 rigorosa i adequada a la poblaci\u00f3 i, eventualment, de detecci\u00f3 de casos sospitosos d&#8217;infecci\u00f3 pel SARS-CoV-2. Per aquest motiu, els professionals farmac\u00e8utics s&#8217;han implicat activament a l&#8217;hora de resoldre dubtes dels ciutadans, llan\u00e7ant un missatge de tranquil\u00b7litat i recomanant mesures higi\u00e8niques de prevenci\u00f3.<\/p>\n<p>\u00a0<\/p>\n<p>\u00a0\u00a0\u00a0COFB.ORG<\/p>\n","protected":false},"excerpt":{"rendered":"<p>\u00a0 Davant la situaci\u00f3 provocada pel coronavirus SARS-CoV-2, el Consell de Col\u00b7legis Farmac\u00e8utics de Catalunya (CCFC) va mantenir una reuni\u00f3 amb el Departament de Salut, on es va posar de manifest la necessitat d&#8217;elaborar un protocol amb recomanacions per a farmac\u00e8utics d&#8217;oficina de farm\u00e0cia \u00a0 El COFB ha susp\u00e8s temporalment [&hellip;]<\/p>\n","protected":false},"author":1,"featured_media":0,"comment_status":"","ping_status":"","sticky":false,"template":"","format":"standard","meta":{"_uag_custom_page_level_css":"","site-sidebar-layout":"default","site-content-layout":"","ast-site-content-layout":"default","site-content-style":"default","site-sidebar-style":"default","ast-global-header-display":"","ast-banner-title-visibility":"","ast-main-header-display":"","ast-hfb-above-header-display":"","ast-hfb-below-header-display":"","ast-hfb-mobile-header-display":"","site-post-title":"","ast-breadcrumbs-content":"","ast-featured-img":"disabled","footer-sml-layout":"","theme-transparent-header-meta":"","adv-header-id-meta":"","stick-header-meta":"","header-above-stick-meta":"","header-main-stick-meta":"","header-below-stick-meta":"","astra-migrate-meta-layouts":"default","ast-page-background-enabled":"default","ast-page-background-meta":{"desktop":{"background-color":"var(--ast-global-color-4)","background-image":"","background-repeat":"repeat","background-position":"center center","background-size":"auto","background-attachment":"scroll","background-type":"","background-media":"","overlay-type":"","overlay-color":"","overlay-opacity":"","overlay-gradient":""},"tablet":{"background-color":"","background-image":"","background-repeat":"repeat","background-position":"center center","background-size":"auto","background-attachment":"scroll","background-type":"","background-media":"","overlay-type":"","overlay-color":"","overlay-opacity":"","overlay-gradient":""},"mobile":{"background-color":"","background-image":"","background-repeat":"repeat","background-position":"center center","background-size":"auto","background-attachment":"scroll","background-type":"","background-media":"","overlay-type":"","overlay-color":"","overlay-opacity":"","overlay-gradient":""}},"ast-content-background-meta":{"desktop":{"background-color":"var(--ast-global-color-5)","background-image":"","background-repeat":"repeat","background-position":"center center","background-size":"auto","background-attachment":"scroll","background-type":"","background-media":"","overlay-type":"","overlay-color":"","overlay-opacity":"","overlay-gradient":""},"tablet":{"background-color":"var(--ast-global-color-5)","background-image":"","background-repeat":"repeat","background-position":"center center","background-size":"auto","background-attachment":"scroll","background-type":"","background-media":"","overlay-type":"","overlay-color":"","overlay-opacity":"","overlay-gradient":""},"mobile":{"background-color":"var(--ast-global-color-5)","background-image":"","background-repeat":"repeat","background-position":"center center","background-size":"auto","background-attachment":"scroll","background-type":"","background-media":"","overlay-type":"","overlay-color":"","overlay-opacity":"","overlay-gradient":""}},"footnotes":""},"categories":[1060,1066],"tags":[],"class_list":["post-77137","post","type-post","status-publish","format-standard","hentry","category-notes-premsa","category-sense-categoria-ca"],"yoast_head":"<!-- This site is optimized with the Yoast SEO plugin v22.4 - https:\/\/yoast.com\/wordpress\/plugins\/seo\/ -->\n<title>El Consell de Col\u00b7legis Farmac\u00e8utics de Catalunya treballa juntament amb el Departament de Salut de la Generalitat per fer front al coronavirus i llan\u00e7ar un missatge de calma a la poblaci\u00f3 - Col\u00b7legi de Farmac\u00e8utics de Barcelona<\/title>\n<meta name=\"robots\" content=\"index, follow, max-snippet:-1, max-image-preview:large, max-video-preview:-1\" \/>\n<link rel=\"canonical\" href=\"https:\/\/novaorg.cofb.net\/2020\/03\/11\/el-consell-de-collegis-farmaceutics-de-catalunya-treballa-juntament-amb-el-departament-de-salut-de-la-generalitat-per-fer-front-al-coronavirus-i-llancar-un-missatge-de-calma-a-la-poblacio\/\" \/>\n<meta property=\"og:locale\" content=\"ca_ES\" \/>\n<meta property=\"og:type\" content=\"article\" \/>\n<meta property=\"og:title\" content=\"El Consell de Col\u00b7legis Farmac\u00e8utics de Catalunya treballa juntament amb el Departament de Salut de la Generalitat per fer front al coronavirus i llan\u00e7ar un missatge de calma a la poblaci\u00f3 - Col\u00b7legi de Farmac\u00e8utics de Barcelona\" \/>\n<meta property=\"og:description\" content=\"\u00a0 Davant la situaci\u00f3 provocada pel coronavirus SARS-CoV-2, el Consell de Col\u00b7legis Farmac\u00e8utics de Catalunya (CCFC) va mantenir una reuni\u00f3 amb el Departament de Salut, on es va posar de manifest la necessitat d&#8217;elaborar un protocol amb recomanacions per a farmac\u00e8utics d&#8217;oficina de farm\u00e0cia \u00a0 El COFB ha susp\u00e8s temporalment [&hellip;]\" \/>\n<meta property=\"og:url\" content=\"https:\/\/novaorg.cofb.net\/2020\/03\/11\/el-consell-de-collegis-farmaceutics-de-catalunya-treballa-juntament-amb-el-departament-de-salut-de-la-generalitat-per-fer-front-al-coronavirus-i-llancar-un-missatge-de-calma-a-la-poblacio\/\" \/>\n<meta property=\"og:site_name\" content=\"Col\u00b7legi de Farmac\u00e8utics de Barcelona\" \/>\n<meta property=\"article:publisher\" content=\"https:\/\/www.facebook.com\/farmaceuticsbcn\/\" \/>\n<meta property=\"article:published_time\" content=\"2020-03-11T17:58:00+00:00\" \/>\n<meta property=\"og:image\" content=\"https:\/\/www.cofb.org\/documents\/10136\/1120223\/Coronavirus+NdP_edited.jpg\/ac3a64e4-1f90-4314-aae8-672b99f0fadf?t=1583945719736\" \/>\n<meta name=\"author\" content=\"wpAdminCofbOrg\" \/>\n<meta name=\"twitter:card\" content=\"summary_large_image\" \/>\n<meta name=\"twitter:creator\" content=\"@farmaceuticsbcn\" \/>\n<meta name=\"twitter:site\" content=\"@farmaceuticsbcn\" \/>\n<meta name=\"twitter:label1\" content=\"Escrit per\" \/>\n\t<meta name=\"twitter:data1\" content=\"wpAdminCofbOrg\" \/>\n\t<meta name=\"twitter:label2\" content=\"Temps estimat de lectura\" \/>\n\t<meta name=\"twitter:data2\" content=\"6 minuts\" \/>\n<script type=\"application\/ld+json\" class=\"yoast-schema-graph\">{\"@context\":\"https:\/\/schema.org\",\"@graph\":[{\"@type\":\"Article\",\"@id\":\"https:\/\/novaorg.cofb.net\/2020\/03\/11\/el-consell-de-collegis-farmaceutics-de-catalunya-treballa-juntament-amb-el-departament-de-salut-de-la-generalitat-per-fer-front-al-coronavirus-i-llancar-un-missatge-de-calma-a-la-poblacio\/#article\",\"isPartOf\":{\"@id\":\"https:\/\/novaorg.cofb.net\/2020\/03\/11\/el-consell-de-collegis-farmaceutics-de-catalunya-treballa-juntament-amb-el-departament-de-salut-de-la-generalitat-per-fer-front-al-coronavirus-i-llancar-un-missatge-de-calma-a-la-poblacio\/\"},\"author\":{\"name\":\"wpAdminCofbOrg\",\"@id\":\"https:\/\/www.cofb.org\/#\/schema\/person\/22ed7eea88da74b0fa4d3154ad87ffcb\"},\"headline\":\"El Consell de Col\u00b7legis Farmac\u00e8utics de Catalunya treballa juntament amb el Departament de Salut de la Generalitat per fer front al coronavirus i llan\u00e7ar un missatge de calma a la poblaci\u00f3\",\"datePublished\":\"2020-03-11T17:58:00+00:00\",\"dateModified\":\"2020-03-11T17:58:00+00:00\",\"mainEntityOfPage\":{\"@id\":\"https:\/\/novaorg.cofb.net\/2020\/03\/11\/el-consell-de-collegis-farmaceutics-de-catalunya-treballa-juntament-amb-el-departament-de-salut-de-la-generalitat-per-fer-front-al-coronavirus-i-llancar-un-missatge-de-calma-a-la-poblacio\/\"},\"wordCount\":1234,\"publisher\":{\"@id\":\"https:\/\/www.cofb.org\/#organization\"},\"image\":{\"@id\":\"https:\/\/novaorg.cofb.net\/2020\/03\/11\/el-consell-de-collegis-farmaceutics-de-catalunya-treballa-juntament-amb-el-departament-de-salut-de-la-generalitat-per-fer-front-al-coronavirus-i-llancar-un-missatge-de-calma-a-la-poblacio\/#primaryimage\"},\"thumbnailUrl\":\"https:\/\/www.cofb.org\/documents\/10136\/1120223\/Coronavirus+NdP_edited.jpg\/ac3a64e4-1f90-4314-aae8-672b99f0fadf?t=1583945719736\",\"articleSection\":[\"Notes de premsa\"],\"inLanguage\":\"ca\"},{\"@type\":\"WebPage\",\"@id\":\"https:\/\/novaorg.cofb.net\/2020\/03\/11\/el-consell-de-collegis-farmaceutics-de-catalunya-treballa-juntament-amb-el-departament-de-salut-de-la-generalitat-per-fer-front-al-coronavirus-i-llancar-un-missatge-de-calma-a-la-poblacio\/\",\"url\":\"https:\/\/novaorg.cofb.net\/2020\/03\/11\/el-consell-de-collegis-farmaceutics-de-catalunya-treballa-juntament-amb-el-departament-de-salut-de-la-generalitat-per-fer-front-al-coronavirus-i-llancar-un-missatge-de-calma-a-la-poblacio\/\",\"name\":\"El Consell de Col\u00b7legis Farmac\u00e8utics de Catalunya treballa juntament amb el Departament de Salut de la Generalitat per fer front al coronavirus i llan\u00e7ar un missatge de calma a la poblaci\u00f3 - Col\u00b7legi de Farmac\u00e8utics de Barcelona\",\"isPartOf\":{\"@id\":\"https:\/\/www.cofb.org\/#website\"},\"primaryImageOfPage\":{\"@id\":\"https:\/\/novaorg.cofb.net\/2020\/03\/11\/el-consell-de-collegis-farmaceutics-de-catalunya-treballa-juntament-amb-el-departament-de-salut-de-la-generalitat-per-fer-front-al-coronavirus-i-llancar-un-missatge-de-calma-a-la-poblacio\/#primaryimage\"},\"image\":{\"@id\":\"https:\/\/novaorg.cofb.net\/2020\/03\/11\/el-consell-de-collegis-farmaceutics-de-catalunya-treballa-juntament-amb-el-departament-de-salut-de-la-generalitat-per-fer-front-al-coronavirus-i-llancar-un-missatge-de-calma-a-la-poblacio\/#primaryimage\"},\"thumbnailUrl\":\"https:\/\/www.cofb.org\/documents\/10136\/1120223\/Coronavirus+NdP_edited.jpg\/ac3a64e4-1f90-4314-aae8-672b99f0fadf?t=1583945719736\",\"datePublished\":\"2020-03-11T17:58:00+00:00\",\"dateModified\":\"2020-03-11T17:58:00+00:00\",\"breadcrumb\":{\"@id\":\"https:\/\/novaorg.cofb.net\/2020\/03\/11\/el-consell-de-collegis-farmaceutics-de-catalunya-treballa-juntament-amb-el-departament-de-salut-de-la-generalitat-per-fer-front-al-coronavirus-i-llancar-un-missatge-de-calma-a-la-poblacio\/#breadcrumb\"},\"inLanguage\":\"ca\",\"potentialAction\":[{\"@type\":\"ReadAction\",\"target\":[\"https:\/\/novaorg.cofb.net\/2020\/03\/11\/el-consell-de-collegis-farmaceutics-de-catalunya-treballa-juntament-amb-el-departament-de-salut-de-la-generalitat-per-fer-front-al-coronavirus-i-llancar-un-missatge-de-calma-a-la-poblacio\/\"]}]},{\"@type\":\"ImageObject\",\"inLanguage\":\"ca\",\"@id\":\"https:\/\/novaorg.cofb.net\/2020\/03\/11\/el-consell-de-collegis-farmaceutics-de-catalunya-treballa-juntament-amb-el-departament-de-salut-de-la-generalitat-per-fer-front-al-coronavirus-i-llancar-un-missatge-de-calma-a-la-poblacio\/#primaryimage\",\"url\":\"https:\/\/www.cofb.org\/documents\/10136\/1120223\/Coronavirus+NdP_edited.jpg\/ac3a64e4-1f90-4314-aae8-672b99f0fadf?t=1583945719736\",\"contentUrl\":\"https:\/\/www.cofb.org\/documents\/10136\/1120223\/Coronavirus+NdP_edited.jpg\/ac3a64e4-1f90-4314-aae8-672b99f0fadf?t=1583945719736\"},{\"@type\":\"BreadcrumbList\",\"@id\":\"https:\/\/novaorg.cofb.net\/2020\/03\/11\/el-consell-de-collegis-farmaceutics-de-catalunya-treballa-juntament-amb-el-departament-de-salut-de-la-generalitat-per-fer-front-al-coronavirus-i-llancar-un-missatge-de-calma-a-la-poblacio\/#breadcrumb\",\"itemListElement\":[{\"@type\":\"ListItem\",\"position\":1,\"name\":\"Inici\",\"item\":\"https:\/\/novaorg.cofb.net\/\"},{\"@type\":\"ListItem\",\"position\":2,\"name\":\"El Consell de Col\u00b7legis Farmac\u00e8utics de Catalunya treballa juntament amb el Departament de Salut de la Generalitat per fer front al coronavirus i llan\u00e7ar un missatge de calma a la poblaci\u00f3\"}]},{\"@type\":\"WebSite\",\"@id\":\"https:\/\/www.cofb.org\/#website\",\"url\":\"https:\/\/www.cofb.org\/\",\"name\":\"Col\u00b7legi de Farmac\u00e8utics de Barcelona\",\"description\":\"\",\"publisher\":{\"@id\":\"https:\/\/www.cofb.org\/#organization\"},\"potentialAction\":[{\"@type\":\"SearchAction\",\"target\":{\"@type\":\"EntryPoint\",\"urlTemplate\":\"https:\/\/www.cofb.org\/?s={search_term_string}\"},\"query-input\":\"required name=search_term_string\"}],\"inLanguage\":\"ca\"},{\"@type\":\"Organization\",\"@id\":\"https:\/\/www.cofb.org\/#organization\",\"name\":\"Col\u00b7legi de Farmac\u00e8utics de Barcelona\",\"url\":\"https:\/\/www.cofb.org\/\",\"logo\":{\"@type\":\"ImageObject\",\"inLanguage\":\"ca\",\"@id\":\"https:\/\/www.cofb.org\/#\/schema\/logo\/image\/\",\"url\":\"https:\/\/www.cofb.org\/wp-content\/uploads\/2023\/11\/cropped-Logotip-COFB.png\",\"contentUrl\":\"https:\/\/www.cofb.org\/wp-content\/uploads\/2023\/11\/cropped-Logotip-COFB.png\",\"width\":500,\"height\":105,\"caption\":\"Col\u00b7legi de Farmac\u00e8utics de Barcelona\"},\"image\":{\"@id\":\"https:\/\/www.cofb.org\/#\/schema\/logo\/image\/\"},\"sameAs\":[\"https:\/\/www.facebook.com\/farmaceuticsbcn\/\",\"https:\/\/twitter.com\/farmaceuticsbcn\",\"https:\/\/www.instagram.com\/farmaceuticsbcn\/\",\"https:\/\/www.linkedin.com\/company\/farmaceuticsbcn\/\"]},{\"@type\":\"Person\",\"@id\":\"https:\/\/www.cofb.org\/#\/schema\/person\/22ed7eea88da74b0fa4d3154ad87ffcb\",\"name\":\"wpAdminCofbOrg\",\"image\":{\"@type\":\"ImageObject\",\"inLanguage\":\"ca\",\"@id\":\"https:\/\/www.cofb.org\/#\/schema\/person\/image\/\",\"url\":\"https:\/\/secure.gravatar.com\/avatar\/1721b20b3b8ca882c3b56ec6c978c594fff670e40c0718e9190eaeeb76aae7d8?s=96&d=mm&r=g\",\"contentUrl\":\"https:\/\/secure.gravatar.com\/avatar\/1721b20b3b8ca882c3b56ec6c978c594fff670e40c0718e9190eaeeb76aae7d8?s=96&d=mm&r=g\",\"caption\":\"wpAdminCofbOrg\"},\"sameAs\":[\"http:\/\/192.168.64.122\/wordpress\"],\"url\":\"https:\/\/www.cofb.org\/ca\/author\/wpadmincofborg\/\"}]}<\/script>\n<!-- \/ Yoast SEO plugin. -->","yoast_head_json":{"title":"El Consell de Col\u00b7legis Farmac\u00e8utics de Catalunya treballa juntament amb el Departament de Salut de la Generalitat per fer front al coronavirus i llan\u00e7ar un missatge de calma a la poblaci\u00f3 - Col\u00b7legi de Farmac\u00e8utics de Barcelona","robots":{"index":"index","follow":"follow","max-snippet":"max-snippet:-1","max-image-preview":"max-image-preview:large","max-video-preview":"max-video-preview:-1"},"canonical":"https:\/\/novaorg.cofb.net\/2020\/03\/11\/el-consell-de-collegis-farmaceutics-de-catalunya-treballa-juntament-amb-el-departament-de-salut-de-la-generalitat-per-fer-front-al-coronavirus-i-llancar-un-missatge-de-calma-a-la-poblacio\/","og_locale":"ca_ES","og_type":"article","og_title":"El Consell de Col\u00b7legis Farmac\u00e8utics de Catalunya treballa juntament amb el Departament de Salut de la Generalitat per fer front al coronavirus i llan\u00e7ar un missatge de calma a la poblaci\u00f3 - Col\u00b7legi de Farmac\u00e8utics de Barcelona","og_description":"\u00a0 Davant la situaci\u00f3 provocada pel coronavirus SARS-CoV-2, el Consell de Col\u00b7legis Farmac\u00e8utics de Catalunya (CCFC) va mantenir una reuni\u00f3 amb el Departament de Salut, on es va posar de manifest la necessitat d&#8217;elaborar un protocol amb recomanacions per a farmac\u00e8utics d&#8217;oficina de farm\u00e0cia \u00a0 El COFB ha susp\u00e8s temporalment [&hellip;]","og_url":"https:\/\/novaorg.cofb.net\/2020\/03\/11\/el-consell-de-collegis-farmaceutics-de-catalunya-treballa-juntament-amb-el-departament-de-salut-de-la-generalitat-per-fer-front-al-coronavirus-i-llancar-un-missatge-de-calma-a-la-poblacio\/","og_site_name":"Col\u00b7legi de Farmac\u00e8utics de Barcelona","article_publisher":"https:\/\/www.facebook.com\/farmaceuticsbcn\/","article_published_time":"2020-03-11T17:58:00+00:00","og_image":[{"url":"https:\/\/www.cofb.org\/documents\/10136\/1120223\/Coronavirus+NdP_edited.jpg\/ac3a64e4-1f90-4314-aae8-672b99f0fadf?t=1583945719736"}],"author":"wpAdminCofbOrg","twitter_card":"summary_large_image","twitter_creator":"@farmaceuticsbcn","twitter_site":"@farmaceuticsbcn","twitter_misc":{"Escrit per":"wpAdminCofbOrg","Temps estimat de lectura":"6 minuts"},"schema":{"@context":"https:\/\/schema.org","@graph":[{"@type":"Article","@id":"https:\/\/novaorg.cofb.net\/2020\/03\/11\/el-consell-de-collegis-farmaceutics-de-catalunya-treballa-juntament-amb-el-departament-de-salut-de-la-generalitat-per-fer-front-al-coronavirus-i-llancar-un-missatge-de-calma-a-la-poblacio\/#article","isPartOf":{"@id":"https:\/\/novaorg.cofb.net\/2020\/03\/11\/el-consell-de-collegis-farmaceutics-de-catalunya-treballa-juntament-amb-el-departament-de-salut-de-la-generalitat-per-fer-front-al-coronavirus-i-llancar-un-missatge-de-calma-a-la-poblacio\/"},"author":{"name":"wpAdminCofbOrg","@id":"https:\/\/www.cofb.org\/#\/schema\/person\/22ed7eea88da74b0fa4d3154ad87ffcb"},"headline":"El Consell de Col\u00b7legis Farmac\u00e8utics de Catalunya treballa juntament amb el Departament de Salut de la Generalitat per fer front al coronavirus i llan\u00e7ar un missatge de calma a la poblaci\u00f3","datePublished":"2020-03-11T17:58:00+00:00","dateModified":"2020-03-11T17:58:00+00:00","mainEntityOfPage":{"@id":"https:\/\/novaorg.cofb.net\/2020\/03\/11\/el-consell-de-collegis-farmaceutics-de-catalunya-treballa-juntament-amb-el-departament-de-salut-de-la-generalitat-per-fer-front-al-coronavirus-i-llancar-un-missatge-de-calma-a-la-poblacio\/"},"wordCount":1234,"publisher":{"@id":"https:\/\/www.cofb.org\/#organization"},"image":{"@id":"https:\/\/novaorg.cofb.net\/2020\/03\/11\/el-consell-de-collegis-farmaceutics-de-catalunya-treballa-juntament-amb-el-departament-de-salut-de-la-generalitat-per-fer-front-al-coronavirus-i-llancar-un-missatge-de-calma-a-la-poblacio\/#primaryimage"},"thumbnailUrl":"https:\/\/www.cofb.org\/documents\/10136\/1120223\/Coronavirus+NdP_edited.jpg\/ac3a64e4-1f90-4314-aae8-672b99f0fadf?t=1583945719736","articleSection":["Notes de premsa"],"inLanguage":"ca"},{"@type":"WebPage","@id":"https:\/\/novaorg.cofb.net\/2020\/03\/11\/el-consell-de-collegis-farmaceutics-de-catalunya-treballa-juntament-amb-el-departament-de-salut-de-la-generalitat-per-fer-front-al-coronavirus-i-llancar-un-missatge-de-calma-a-la-poblacio\/","url":"https:\/\/novaorg.cofb.net\/2020\/03\/11\/el-consell-de-collegis-farmaceutics-de-catalunya-treballa-juntament-amb-el-departament-de-salut-de-la-generalitat-per-fer-front-al-coronavirus-i-llancar-un-missatge-de-calma-a-la-poblacio\/","name":"El Consell de Col\u00b7legis Farmac\u00e8utics de Catalunya treballa juntament amb el Departament de Salut de la Generalitat per fer front al coronavirus i llan\u00e7ar un missatge de calma a la poblaci\u00f3 - Col\u00b7legi de Farmac\u00e8utics de Barcelona","isPartOf":{"@id":"https:\/\/www.cofb.org\/#website"},"primaryImageOfPage":{"@id":"https:\/\/novaorg.cofb.net\/2020\/03\/11\/el-consell-de-collegis-farmaceutics-de-catalunya-treballa-juntament-amb-el-departament-de-salut-de-la-generalitat-per-fer-front-al-coronavirus-i-llancar-un-missatge-de-calma-a-la-poblacio\/#primaryimage"},"image":{"@id":"https:\/\/novaorg.cofb.net\/2020\/03\/11\/el-consell-de-collegis-farmaceutics-de-catalunya-treballa-juntament-amb-el-departament-de-salut-de-la-generalitat-per-fer-front-al-coronavirus-i-llancar-un-missatge-de-calma-a-la-poblacio\/#primaryimage"},"thumbnailUrl":"https:\/\/www.cofb.org\/documents\/10136\/1120223\/Coronavirus+NdP_edited.jpg\/ac3a64e4-1f90-4314-aae8-672b99f0fadf?t=1583945719736","datePublished":"2020-03-11T17:58:00+00:00","dateModified":"2020-03-11T17:58:00+00:00","breadcrumb":{"@id":"https:\/\/novaorg.cofb.net\/2020\/03\/11\/el-consell-de-collegis-farmaceutics-de-catalunya-treballa-juntament-amb-el-departament-de-salut-de-la-generalitat-per-fer-front-al-coronavirus-i-llancar-un-missatge-de-calma-a-la-poblacio\/#breadcrumb"},"inLanguage":"ca","potentialAction":[{"@type":"ReadAction","target":["https:\/\/novaorg.cofb.net\/2020\/03\/11\/el-consell-de-collegis-farmaceutics-de-catalunya-treballa-juntament-amb-el-departament-de-salut-de-la-generalitat-per-fer-front-al-coronavirus-i-llancar-un-missatge-de-calma-a-la-poblacio\/"]}]},{"@type":"ImageObject","inLanguage":"ca","@id":"https:\/\/novaorg.cofb.net\/2020\/03\/11\/el-consell-de-collegis-farmaceutics-de-catalunya-treballa-juntament-amb-el-departament-de-salut-de-la-generalitat-per-fer-front-al-coronavirus-i-llancar-un-missatge-de-calma-a-la-poblacio\/#primaryimage","url":"https:\/\/www.cofb.org\/documents\/10136\/1120223\/Coronavirus+NdP_edited.jpg\/ac3a64e4-1f90-4314-aae8-672b99f0fadf?t=1583945719736","contentUrl":"https:\/\/www.cofb.org\/documents\/10136\/1120223\/Coronavirus+NdP_edited.jpg\/ac3a64e4-1f90-4314-aae8-672b99f0fadf?t=1583945719736"},{"@type":"BreadcrumbList","@id":"https:\/\/novaorg.cofb.net\/2020\/03\/11\/el-consell-de-collegis-farmaceutics-de-catalunya-treballa-juntament-amb-el-departament-de-salut-de-la-generalitat-per-fer-front-al-coronavirus-i-llancar-un-missatge-de-calma-a-la-poblacio\/#breadcrumb","itemListElement":[{"@type":"ListItem","position":1,"name":"Inici","item":"https:\/\/novaorg.cofb.net\/"},{"@type":"ListItem","position":2,"name":"El Consell de Col\u00b7legis Farmac\u00e8utics de Catalunya treballa juntament amb el Departament de Salut de la Generalitat per fer front al coronavirus i llan\u00e7ar un missatge de calma a la poblaci\u00f3"}]},{"@type":"WebSite","@id":"https:\/\/www.cofb.org\/#website","url":"https:\/\/www.cofb.org\/","name":"Col\u00b7legi de Farmac\u00e8utics de Barcelona","description":"","publisher":{"@id":"https:\/\/www.cofb.org\/#organization"},"potentialAction":[{"@type":"SearchAction","target":{"@type":"EntryPoint","urlTemplate":"https:\/\/www.cofb.org\/?s={search_term_string}"},"query-input":"required name=search_term_string"}],"inLanguage":"ca"},{"@type":"Organization","@id":"https:\/\/www.cofb.org\/#organization","name":"Col\u00b7legi de Farmac\u00e8utics de Barcelona","url":"https:\/\/www.cofb.org\/","logo":{"@type":"ImageObject","inLanguage":"ca","@id":"https:\/\/www.cofb.org\/#\/schema\/logo\/image\/","url":"https:\/\/www.cofb.org\/wp-content\/uploads\/2023\/11\/cropped-Logotip-COFB.png","contentUrl":"https:\/\/www.cofb.org\/wp-content\/uploads\/2023\/11\/cropped-Logotip-COFB.png","width":500,"height":105,"caption":"Col\u00b7legi de Farmac\u00e8utics de Barcelona"},"image":{"@id":"https:\/\/www.cofb.org\/#\/schema\/logo\/image\/"},"sameAs":["https:\/\/www.facebook.com\/farmaceuticsbcn\/","https:\/\/twitter.com\/farmaceuticsbcn","https:\/\/www.instagram.com\/farmaceuticsbcn\/","https:\/\/www.linkedin.com\/company\/farmaceuticsbcn\/"]},{"@type":"Person","@id":"https:\/\/www.cofb.org\/#\/schema\/person\/22ed7eea88da74b0fa4d3154ad87ffcb","name":"wpAdminCofbOrg","image":{"@type":"ImageObject","inLanguage":"ca","@id":"https:\/\/www.cofb.org\/#\/schema\/person\/image\/","url":"https:\/\/secure.gravatar.com\/avatar\/1721b20b3b8ca882c3b56ec6c978c594fff670e40c0718e9190eaeeb76aae7d8?s=96&d=mm&r=g","contentUrl":"https:\/\/secure.gravatar.com\/avatar\/1721b20b3b8ca882c3b56ec6c978c594fff670e40c0718e9190eaeeb76aae7d8?s=96&d=mm&r=g","caption":"wpAdminCofbOrg"},"sameAs":["http:\/\/192.168.64.122\/wordpress"],"url":"https:\/\/www.cofb.org\/ca\/author\/wpadmincofborg\/"}]}},"uagb_featured_image_src":{"full":false,"thumbnail":false,"medium":false,"medium_large":false,"large":false,"1536x1536":false,"2048x2048":false,"trp-custom-language-flag":false},"uagb_author_info":{"display_name":"wpAdminCofbOrg","author_link":"https:\/\/www.cofb.org\/ca\/author\/wpadmincofborg\/"},"uagb_comment_info":0,"uagb_excerpt":"\u00a0 Davant la situaci\u00f3 provocada pel coronavirus SARS-CoV-2, el Consell de Col\u00b7legis Farmac\u00e8utics de Catalunya (CCFC) va mantenir una reuni\u00f3 amb el Departament de Salut, on es va posar de manifest la necessitat d&#8217;elaborar un protocol amb recomanacions per a farmac\u00e8utics d&#8217;oficina de farm\u00e0cia \u00a0 El COFB ha susp\u00e8s temporalment [&hellip;]","_links":{"self":[{"href":"https:\/\/www.cofb.org\/ca\/wp-json\/wp\/v2\/posts\/77137","targetHints":{"allow":["GET"]}}],"collection":[{"href":"https:\/\/www.cofb.org\/ca\/wp-json\/wp\/v2\/posts"}],"about":[{"href":"https:\/\/www.cofb.org\/ca\/wp-json\/wp\/v2\/types\/post"}],"author":[{"embeddable":true,"href":"https:\/\/www.cofb.org\/ca\/wp-json\/wp\/v2\/users\/1"}],"replies":[{"embeddable":true,"href":"https:\/\/www.cofb.org\/ca\/wp-json\/wp\/v2\/comments?post=77137"}],"version-history":[{"count":0,"href":"https:\/\/www.cofb.org\/ca\/wp-json\/wp\/v2\/posts\/77137\/revisions"}],"wp:attachment":[{"href":"https:\/\/www.cofb.org\/ca\/wp-json\/wp\/v2\/media?parent=77137"}],"wp:term":[{"taxonomy":"category","embeddable":true,"href":"https:\/\/www.cofb.org\/ca\/wp-json\/wp\/v2\/categories?post=77137"},{"taxonomy":"post_tag","embeddable":true,"href":"https:\/\/www.cofb.org\/ca\/wp-json\/wp\/v2\/tags?post=77137"}],"curies":[{"name":"wp","href":"https:\/\/api.w.org\/{rel}","templated":true}]}}