{"id":77136,"date":"2020-03-20T11:26:00","date_gmt":"2020-03-20T11:26:00","guid":{"rendered":"https:\/\/novaorg.cofb.net\/2020\/03\/20\/el-cof-de-barcelona-recorda-que-les-farmacies-estan-en-primera-linia-dactuacio-davant-el-coronavirus-i-treballa-per-obtenir-mes-proteccio-per-al-collectiu-2\/"},"modified":"2020-03-20T11:26:00","modified_gmt":"2020-03-20T11:26:00","slug":"el-cof-de-barcelona-recorda-que-les-farmacies-estan-en-primera-linia-dactuacio-davant-el-coronavirus-i-treballa-per-obtenir-mes-proteccio-per-al-collectiu-2","status":"publish","type":"post","link":"https:\/\/www.cofb.org\/ca\/2020\/03\/20\/el-cof-de-barcelona-recorda-que-les-farmacies-estan-en-primera-linia-dactuacio-davant-el-coronavirus-i-treballa-per-obtenir-mes-proteccio-per-al-collectiu-2\/","title":{"rendered":"El COF de Barcelona recorda que les farm\u00e0cies estan en primera l\u00ednia d\u2019actuaci\u00f3 davant el coronavirus i treballa per obtenir m\u00e9s protecci\u00f3 per al col\u00b7lectiu"},"content":{"rendered":"<p>\u00a0<\/p>\n<ul>\n<li>Els farmac\u00e8utics comunitaris s\u00f3n professionals sanitaris que tenen un paper molt rellevant com a punts d&#8217;informaci\u00f3 rigorosa i adequada a la poblaci\u00f3<\/li>\n<li>El COFB assegura que actualment els pacients tenen garantit l\u2019acc\u00e9s al seu tractament i, en aquest sentit, per evitar possibles desabastiments, fa una crida a la responsabilitat dels ciutadans perqu\u00e8 facin un \u00fas racional dels medicaments<\/li>\n<\/ul>\n<p>\u00a0<\/p>\n<p>Barcelona, 20 \u00a0de mar\u00e7 de 2020. Les <strong>farm\u00e0cies comunit\u00e0ries tenen un paper molt rellevant en la comunitat com a punts d&#8217;informaci\u00f3 rigorosa i adequada a la poblaci\u00f3 davant el coronavirus. <\/strong>Alhora, m\u00e9s enll\u00e0 de la seva tasca habitual relacionada amb l&#8217;\u00e0rea del medicament, <strong>estan col\u00b7laborant amb la resta d\u2019agents sanitaris per evitar que els pacients hagin de despla\u00e7ar-se innecess\u00e0riament a Centres d\u2019Atenci\u00f3 Prim\u00e0ria (CAPs) i\/o hospitals, <\/strong>i s\u2019estan implicant activament resolent dubtes dels ciutadans, recomanant, entre altres, mesures higi\u00e8niques de prevenci\u00f3, i actuant d&#8217;acord amb els protocols establerts.<\/p>\n<p>Tenint aix\u00f2 en compte, <strong>des del Col\u00b7legi de Farmac\u00e8utics de Barcelona (COFB) es recorda que les farm\u00e0cies estan en primera l\u00ednia d\u2019actuaci\u00f3 davant el coronavirus, motiu pel qual est\u00e0 centrant esfor\u00e7os per obtenir equips de protecci\u00f3 per al col\u00b7lectiu. <\/strong>\u201cSom conscients de les dificultats d\u2019obtenci\u00f3 de mascaretes pels problemes de desabastiment i tamb\u00e9 de la prioritzaci\u00f3 del seu \u00fas segons el risc. No obstant aix\u00f2, <strong>com a professionals assistencials que som, estem treballant amb les diferents autoritats sanit\u00e0ries per a la inclusi\u00f3 del farmac\u00e8utic de manera protocol\u00b7litzada com a professionals de risc\u201d<\/strong>, explica Jordi de Dalmases, president del COFB.<\/p>\n<p><u><strong>Import\u00e0ncia de fer un \u00fas racional dels medicaments<\/strong><\/u><\/p>\n<p>El COFB assegura que actualment <strong>els pacients tenen garantit l\u2019acc\u00e9s al seu tractament i, en aquest sentit, per evitar possibles desabastiments, fa una crida a la responsabilitat dels ciutadans. \u201c\u00c9s important que els usuaris facin un \u00fas racional dels medicaments i adquireixin nom\u00e9s els que necessiten\u201d,<\/strong> especifica De Dalmases. \u00a0Aix\u00ed mateix, es remarca <strong>la import\u00e0ncia que els pacients amb diversos medicaments aprofitin les visites a la farm\u00e0cia per a recollir conjuntament les seves medicacions, i redueixin el nombre de cops que surten de casa. <\/strong>En la mateixa l\u00ednia, per evitar visites als CAP en aquest moment d\u2019intensa demanda d\u2019atenci\u00f3 m\u00e8dica, CatSalut ha habilitat excepcionalment que aquests dies <strong>el farmac\u00e8utic podr\u00e0 dispensar medicaments per tractaments de llarga durada encara que el pla de medicaci\u00f3 estigui caducat, <\/strong>excepte que siguin d\u2019especial control.<\/p>\n<p>Els farmac\u00e8utics tamb\u00e9 posen l\u2019\u00e8mfasi en el fet que <strong>\u00e9s molt important que la ciutadania segueixi les indicacions de les autoritats sanit\u00e0ries de quedar-se a casa i evitar despla\u00e7aments innecessaris. \u00a0<\/strong>Al seu torn, insisteixen en les <strong>mesures gen\u00e8riques de prevenci\u00f3<\/strong> que s\u2019han de tenir en compte: rentar-se sovint les mans amb aigua i sab\u00f3, ventilar l\u2019habitatge, mantenir la dist\u00e0ncia de seguretat d\u2019un metre quan se surt al carrer o es va a comprar, tapar-se amb l\u2019avantbra\u00e7 al tossir o esternudar i evitar la compartici\u00f3 de menjar i estris sense netejar-los degudament.<\/p>\n<p><u><strong>Campanya a trav\u00e9s de les xarxes socials: #SocFarmac\u00e8utic \/ #SocFarmac\u00e8utica<\/strong><\/u><\/p>\n<p><strong>Per tal de mostrar a la societat i agrair la feina que estan fent els farmac\u00e8utics davant el coronavirus, <\/strong>el COFB ha posat en marxa u<strong>na campanya a trav\u00e9s de les xarxes socials. <\/strong>Amb els hashtags #SocFarmac\u00e8utic \/ #SocFarmac\u00e8utica, que s&#8217;afegeixen a d&#8217;altres relacionats com #Quedatacasa o #JoActuo, <strong>s\u2019ha empla\u00e7at al col\u00b7lectiu farmac\u00e8utic a <a href=\"https:\/\/twitter.com\/farmaceuticsbcn\/status\/1240325738060025857\" target=\"_blank\" rel=\"noopener\">gravar un v\u00eddeo des del seu lloc de treball <\/a>\u2013farm\u00e0cia comunit\u00e0ria, d\u2019Atenci\u00f3 Prim\u00e0ria, hospitals, etc.- per explicar com estan fent front a aquesta situaci\u00f3.<\/strong><\/p>\n<p>\u00a0Els farmac\u00e8utics comunitaris s\u00f3n professionals sanitaris que tenen un paper molt rellevant com a punts d&#8217;informaci\u00f3 rigorosa i adequada a la poblaci\u00f3<br \/>\n\tEl COFB assegura que actualment els pacients tenen garantit l\u2019acc\u00e9s al seu tractament i, en aquest sentit, per evitar possibles desabastiments, fa una crida a la responsabilitat dels ciutadans perqu\u00e8 facin un \u00fas racional dels medicaments<\/p>\n<p>\u00a0<\/p>\n<p>Barcelona, 20 \u00a0de mar\u00e7 de 2020. Les farm\u00e0cies comunit\u00e0ries tenen un paper molt rellevant en la comunitat com a punts d&#8217;informaci\u00f3 rigorosa i adequada a la poblaci\u00f3 davant el coronavirus. Alhora, m\u00e9s enll\u00e0 de la seva tasca habitual relacionada amb l&#8217;\u00e0rea del medicament, estan col\u00b7laborant amb la resta d\u2019agents sanitaris per evitar que els pacients hagin de despla\u00e7ar-se innecess\u00e0riament a Centres d\u2019Atenci\u00f3 Prim\u00e0ria (CAPs) i\/o hospitals, i s\u2019estan implicant activament resolent dubtes dels ciutadans, recomanant, entre altres, mesures higi\u00e8niques de prevenci\u00f3, i actuant d&#8217;acord amb els protocols establerts.<\/p>\n<p>Tenint aix\u00f2 en compte, des del Col\u00b7legi de Farmac\u00e8utics de Barcelona (COFB) es recorda que les farm\u00e0cies estan en primera l\u00ednia d\u2019actuaci\u00f3 davant el coronavirus, motiu pel qual est\u00e0 centrant esfor\u00e7os per obtenir equips de protecci\u00f3 per al col\u00b7lectiu. \u201cSom conscients de les dificultats d\u2019obtenci\u00f3 de mascaretes pels problemes de desabastiment i tamb\u00e9 de la prioritzaci\u00f3 del seu \u00fas segons el risc. No obstant aix\u00f2, com a professionals assistencials que som, estem treballant amb les diferents autoritats sanit\u00e0ries per a la inclusi\u00f3 del farmac\u00e8utic de manera protocol\u00b7litzada com a professionals de risc\u201d, explica Jordi de Dalmases, president del COFB.<\/p>\n<p>Import\u00e0ncia de fer un \u00fas racional dels medicaments<\/p>\n<p>El COFB assegura que actualment els pacients tenen garantit l\u2019acc\u00e9s al seu tractament i, en aquest sentit, per evitar possibles desabastiments, fa una crida a la responsabilitat dels ciutadans. \u201c\u00c9s important que els usuaris facin un \u00fas racional dels medicaments i adquireixin nom\u00e9s els que necessiten\u201d, especifica De Dalmases. \u00a0Aix\u00ed mateix, es remarca la import\u00e0ncia que els pacients amb diversos medicaments aprofitin les visites a la farm\u00e0cia per a recollir conjuntament les seves medicacions, i redueixin el nombre de cops que surten de casa. En la mateixa l\u00ednia, per evitar visites als CAP en aquest moment d\u2019intensa demanda d\u2019atenci\u00f3 m\u00e8dica, CatSalut ha habilitat excepcionalment que aquests dies el farmac\u00e8utic podr\u00e0 dispensar medicaments per tractaments de llarga durada encara que el pla de medicaci\u00f3 estigui caducat, excepte que siguin d\u2019especial control.<\/p>\n<p>Els farmac\u00e8utics tamb\u00e9 posen l\u2019\u00e8mfasi en el fet que \u00e9s molt important que la ciutadania segueixi les indicacions de les autoritats sanit\u00e0ries de quedar-se a casa i evitar despla\u00e7aments innecessaris. \u00a0Al seu torn, insisteixen en les mesures gen\u00e8riques de prevenci\u00f3 que s\u2019han de tenir en compte: rentar-se sovint les mans amb aigua i sab\u00f3, ventilar l\u2019habitatge, mantenir la dist\u00e0ncia de seguretat d\u2019un metre quan se surt al carrer o es va a comprar, tapar-se amb l\u2019avantbra\u00e7 al tossir o esternudar i evitar la compartici\u00f3 de menjar i estris sense netejar-los degudament.<\/p>\n<p>Campanya a trav\u00e9s de les xarxes socials: #SocFarmac\u00e8utic \/ #SocFarmac\u00e8utica<\/p>\n<p>Per tal de mostrar a la societat i agrair la feina que estan fent els farmac\u00e8utics davant el coronavirus, el COFB ha posat en marxa una campanya a trav\u00e9s de les xarxes socials. Amb els hashtags #SocFarmac\u00e8utic \/ #SocFarmac\u00e8utica, que s&#8217;afegeixen a d&#8217;altres relacionats com #Quedatacasa o #JoActuo, s\u2019ha empla\u00e7at al col\u00b7lectiu farmac\u00e8utic a gravar un v\u00eddeo des del seu lloc de treball \u2013farm\u00e0cia comunit\u00e0ria, d\u2019Atenci\u00f3 Prim\u00e0ria, hospitals, etc.- per explicar com estan fent front a aquesta situaci\u00f3.\u00a0\u00a0COFB.ORG<\/p>\n","protected":false},"excerpt":{"rendered":"<p>\u00a0 Els farmac\u00e8utics comunitaris s\u00f3n professionals sanitaris que tenen un paper molt rellevant com a punts d&#8217;informaci\u00f3 rigorosa i adequada a la poblaci\u00f3 El COFB assegura que actualment els pacients tenen garantit l\u2019acc\u00e9s al seu tractament i, en aquest sentit, per evitar possibles desabastiments, fa una crida a la responsabilitat [&hellip;]<\/p>\n","protected":false},"author":1,"featured_media":0,"comment_status":"","ping_status":"","sticky":false,"template":"","format":"standard","meta":{"_uag_custom_page_level_css":"","site-sidebar-layout":"default","site-content-layout":"","ast-site-content-layout":"default","site-content-style":"default","site-sidebar-style":"default","ast-global-header-display":"","ast-banner-title-visibility":"","ast-main-header-display":"","ast-hfb-above-header-display":"","ast-hfb-below-header-display":"","ast-hfb-mobile-header-display":"","site-post-title":"","ast-breadcrumbs-content":"","ast-featured-img":"disabled","footer-sml-layout":"","theme-transparent-header-meta":"","adv-header-id-meta":"","stick-header-meta":"","header-above-stick-meta":"","header-main-stick-meta":"","header-below-stick-meta":"","astra-migrate-meta-layouts":"default","ast-page-background-enabled":"default","ast-page-background-meta":{"desktop":{"background-color":"var(--ast-global-color-4)","background-image":"","background-repeat":"repeat","background-position":"center center","background-size":"auto","background-attachment":"scroll","background-type":"","background-media":"","overlay-type":"","overlay-color":"","overlay-opacity":"","overlay-gradient":""},"tablet":{"background-color":"","background-image":"","background-repeat":"repeat","background-position":"center center","background-size":"auto","background-attachment":"scroll","background-type":"","background-media":"","overlay-type":"","overlay-color":"","overlay-opacity":"","overlay-gradient":""},"mobile":{"background-color":"","background-image":"","background-repeat":"repeat","background-position":"center center","background-size":"auto","background-attachment":"scroll","background-type":"","background-media":"","overlay-type":"","overlay-color":"","overlay-opacity":"","overlay-gradient":""}},"ast-content-background-meta":{"desktop":{"background-color":"var(--ast-global-color-5)","background-image":"","background-repeat":"repeat","background-position":"center center","background-size":"auto","background-attachment":"scroll","background-type":"","background-media":"","overlay-type":"","overlay-color":"","overlay-opacity":"","overlay-gradient":""},"tablet":{"background-color":"var(--ast-global-color-5)","background-image":"","background-repeat":"repeat","background-position":"center center","background-size":"auto","background-attachment":"scroll","background-type":"","background-media":"","overlay-type":"","overlay-color":"","overlay-opacity":"","overlay-gradient":""},"mobile":{"background-color":"var(--ast-global-color-5)","background-image":"","background-repeat":"repeat","background-position":"center center","background-size":"auto","background-attachment":"scroll","background-type":"","background-media":"","overlay-type":"","overlay-color":"","overlay-opacity":"","overlay-gradient":""}},"footnotes":""},"categories":[1060,1066],"tags":[],"class_list":["post-77136","post","type-post","status-publish","format-standard","hentry","category-notes-premsa","category-sense-categoria-ca"],"yoast_head":"<!-- This site is optimized with the Yoast SEO plugin v22.4 - https:\/\/yoast.com\/wordpress\/plugins\/seo\/ -->\n<title>El COF de Barcelona recorda que les farm\u00e0cies estan en primera l\u00ednia d\u2019actuaci\u00f3 davant el coronavirus i treballa per obtenir m\u00e9s protecci\u00f3 per al col\u00b7lectiu - Col\u00b7legi de Farmac\u00e8utics de Barcelona<\/title>\n<meta name=\"robots\" content=\"index, follow, max-snippet:-1, max-image-preview:large, max-video-preview:-1\" \/>\n<link rel=\"canonical\" href=\"https:\/\/novaorg.cofb.net\/2020\/03\/20\/el-cof-de-barcelona-recorda-que-les-farmacies-estan-en-primera-linia-dactuacio-davant-el-coronavirus-i-treballa-per-obtenir-mes-proteccio-per-al-collectiu-2\/\" \/>\n<meta property=\"og:locale\" content=\"ca_ES\" \/>\n<meta property=\"og:type\" content=\"article\" \/>\n<meta property=\"og:title\" content=\"El COF de Barcelona recorda que les farm\u00e0cies estan en primera l\u00ednia d\u2019actuaci\u00f3 davant el coronavirus i treballa per obtenir m\u00e9s protecci\u00f3 per al col\u00b7lectiu - Col\u00b7legi de Farmac\u00e8utics de Barcelona\" \/>\n<meta property=\"og:description\" content=\"\u00a0 Els farmac\u00e8utics comunitaris s\u00f3n professionals sanitaris que tenen un paper molt rellevant com a punts d&#8217;informaci\u00f3 rigorosa i adequada a la poblaci\u00f3 El COFB assegura que actualment els pacients tenen garantit l\u2019acc\u00e9s al seu tractament i, en aquest sentit, per evitar possibles desabastiments, fa una crida a la responsabilitat [&hellip;]\" \/>\n<meta property=\"og:url\" content=\"https:\/\/novaorg.cofb.net\/2020\/03\/20\/el-cof-de-barcelona-recorda-que-les-farmacies-estan-en-primera-linia-dactuacio-davant-el-coronavirus-i-treballa-per-obtenir-mes-proteccio-per-al-collectiu-2\/\" \/>\n<meta property=\"og:site_name\" content=\"Col\u00b7legi de Farmac\u00e8utics de Barcelona\" \/>\n<meta property=\"article:publisher\" content=\"https:\/\/www.facebook.com\/farmaceuticsbcn\/\" \/>\n<meta property=\"article:published_time\" content=\"2020-03-20T11:26:00+00:00\" \/>\n<meta name=\"author\" content=\"wpAdminCofbOrg\" \/>\n<meta name=\"twitter:card\" content=\"summary_large_image\" \/>\n<meta name=\"twitter:creator\" content=\"@farmaceuticsbcn\" \/>\n<meta name=\"twitter:site\" content=\"@farmaceuticsbcn\" \/>\n<meta name=\"twitter:label1\" content=\"Escrit per\" \/>\n\t<meta name=\"twitter:data1\" content=\"wpAdminCofbOrg\" \/>\n\t<meta name=\"twitter:label2\" content=\"Temps estimat de lectura\" \/>\n\t<meta name=\"twitter:data2\" content=\"6 minuts\" \/>\n<script type=\"application\/ld+json\" class=\"yoast-schema-graph\">{\"@context\":\"https:\/\/schema.org\",\"@graph\":[{\"@type\":\"Article\",\"@id\":\"https:\/\/novaorg.cofb.net\/2020\/03\/20\/el-cof-de-barcelona-recorda-que-les-farmacies-estan-en-primera-linia-dactuacio-davant-el-coronavirus-i-treballa-per-obtenir-mes-proteccio-per-al-collectiu-2\/#article\",\"isPartOf\":{\"@id\":\"https:\/\/novaorg.cofb.net\/2020\/03\/20\/el-cof-de-barcelona-recorda-que-les-farmacies-estan-en-primera-linia-dactuacio-davant-el-coronavirus-i-treballa-per-obtenir-mes-proteccio-per-al-collectiu-2\/\"},\"author\":{\"name\":\"wpAdminCofbOrg\",\"@id\":\"https:\/\/www.cofb.org\/#\/schema\/person\/22ed7eea88da74b0fa4d3154ad87ffcb\"},\"headline\":\"El COF de Barcelona recorda que les farm\u00e0cies estan en primera l\u00ednia d\u2019actuaci\u00f3 davant el coronavirus i treballa per obtenir m\u00e9s protecci\u00f3 per al col\u00b7lectiu\",\"datePublished\":\"2020-03-20T11:26:00+00:00\",\"dateModified\":\"2020-03-20T11:26:00+00:00\",\"mainEntityOfPage\":{\"@id\":\"https:\/\/novaorg.cofb.net\/2020\/03\/20\/el-cof-de-barcelona-recorda-que-les-farmacies-estan-en-primera-linia-dactuacio-davant-el-coronavirus-i-treballa-per-obtenir-mes-proteccio-per-al-collectiu-2\/\"},\"wordCount\":1292,\"publisher\":{\"@id\":\"https:\/\/www.cofb.org\/#organization\"},\"articleSection\":[\"Notes de premsa\"],\"inLanguage\":\"ca\"},{\"@type\":\"WebPage\",\"@id\":\"https:\/\/novaorg.cofb.net\/2020\/03\/20\/el-cof-de-barcelona-recorda-que-les-farmacies-estan-en-primera-linia-dactuacio-davant-el-coronavirus-i-treballa-per-obtenir-mes-proteccio-per-al-collectiu-2\/\",\"url\":\"https:\/\/novaorg.cofb.net\/2020\/03\/20\/el-cof-de-barcelona-recorda-que-les-farmacies-estan-en-primera-linia-dactuacio-davant-el-coronavirus-i-treballa-per-obtenir-mes-proteccio-per-al-collectiu-2\/\",\"name\":\"El COF de Barcelona recorda que les farm\u00e0cies estan en primera l\u00ednia d\u2019actuaci\u00f3 davant el coronavirus i treballa per obtenir m\u00e9s protecci\u00f3 per al col\u00b7lectiu - Col\u00b7legi de Farmac\u00e8utics de Barcelona\",\"isPartOf\":{\"@id\":\"https:\/\/www.cofb.org\/#website\"},\"datePublished\":\"2020-03-20T11:26:00+00:00\",\"dateModified\":\"2020-03-20T11:26:00+00:00\",\"breadcrumb\":{\"@id\":\"https:\/\/novaorg.cofb.net\/2020\/03\/20\/el-cof-de-barcelona-recorda-que-les-farmacies-estan-en-primera-linia-dactuacio-davant-el-coronavirus-i-treballa-per-obtenir-mes-proteccio-per-al-collectiu-2\/#breadcrumb\"},\"inLanguage\":\"ca\",\"potentialAction\":[{\"@type\":\"ReadAction\",\"target\":[\"https:\/\/novaorg.cofb.net\/2020\/03\/20\/el-cof-de-barcelona-recorda-que-les-farmacies-estan-en-primera-linia-dactuacio-davant-el-coronavirus-i-treballa-per-obtenir-mes-proteccio-per-al-collectiu-2\/\"]}]},{\"@type\":\"BreadcrumbList\",\"@id\":\"https:\/\/novaorg.cofb.net\/2020\/03\/20\/el-cof-de-barcelona-recorda-que-les-farmacies-estan-en-primera-linia-dactuacio-davant-el-coronavirus-i-treballa-per-obtenir-mes-proteccio-per-al-collectiu-2\/#breadcrumb\",\"itemListElement\":[{\"@type\":\"ListItem\",\"position\":1,\"name\":\"Inici\",\"item\":\"https:\/\/novaorg.cofb.net\/\"},{\"@type\":\"ListItem\",\"position\":2,\"name\":\"El COF de Barcelona recorda que les farm\u00e0cies estan en primera l\u00ednia d\u2019actuaci\u00f3 davant el coronavirus i treballa per obtenir m\u00e9s protecci\u00f3 per al col\u00b7lectiu\"}]},{\"@type\":\"WebSite\",\"@id\":\"https:\/\/www.cofb.org\/#website\",\"url\":\"https:\/\/www.cofb.org\/\",\"name\":\"Col\u00b7legi de Farmac\u00e8utics de Barcelona\",\"description\":\"\",\"publisher\":{\"@id\":\"https:\/\/www.cofb.org\/#organization\"},\"potentialAction\":[{\"@type\":\"SearchAction\",\"target\":{\"@type\":\"EntryPoint\",\"urlTemplate\":\"https:\/\/www.cofb.org\/?s={search_term_string}\"},\"query-input\":\"required name=search_term_string\"}],\"inLanguage\":\"ca\"},{\"@type\":\"Organization\",\"@id\":\"https:\/\/www.cofb.org\/#organization\",\"name\":\"Col\u00b7legi de Farmac\u00e8utics de Barcelona\",\"url\":\"https:\/\/www.cofb.org\/\",\"logo\":{\"@type\":\"ImageObject\",\"inLanguage\":\"ca\",\"@id\":\"https:\/\/www.cofb.org\/#\/schema\/logo\/image\/\",\"url\":\"https:\/\/www.cofb.org\/wp-content\/uploads\/2023\/11\/cropped-Logotip-COFB.png\",\"contentUrl\":\"https:\/\/www.cofb.org\/wp-content\/uploads\/2023\/11\/cropped-Logotip-COFB.png\",\"width\":500,\"height\":105,\"caption\":\"Col\u00b7legi de Farmac\u00e8utics de Barcelona\"},\"image\":{\"@id\":\"https:\/\/www.cofb.org\/#\/schema\/logo\/image\/\"},\"sameAs\":[\"https:\/\/www.facebook.com\/farmaceuticsbcn\/\",\"https:\/\/twitter.com\/farmaceuticsbcn\",\"https:\/\/www.instagram.com\/farmaceuticsbcn\/\",\"https:\/\/www.linkedin.com\/company\/farmaceuticsbcn\/\"]},{\"@type\":\"Person\",\"@id\":\"https:\/\/www.cofb.org\/#\/schema\/person\/22ed7eea88da74b0fa4d3154ad87ffcb\",\"name\":\"wpAdminCofbOrg\",\"image\":{\"@type\":\"ImageObject\",\"inLanguage\":\"ca\",\"@id\":\"https:\/\/www.cofb.org\/#\/schema\/person\/image\/\",\"url\":\"https:\/\/secure.gravatar.com\/avatar\/1721b20b3b8ca882c3b56ec6c978c594fff670e40c0718e9190eaeeb76aae7d8?s=96&d=mm&r=g\",\"contentUrl\":\"https:\/\/secure.gravatar.com\/avatar\/1721b20b3b8ca882c3b56ec6c978c594fff670e40c0718e9190eaeeb76aae7d8?s=96&d=mm&r=g\",\"caption\":\"wpAdminCofbOrg\"},\"sameAs\":[\"http:\/\/192.168.64.122\/wordpress\"],\"url\":\"https:\/\/www.cofb.org\/ca\/author\/wpadmincofborg\/\"}]}<\/script>\n<!-- \/ Yoast SEO plugin. -->","yoast_head_json":{"title":"El COF de Barcelona recorda que les farm\u00e0cies estan en primera l\u00ednia d\u2019actuaci\u00f3 davant el coronavirus i treballa per obtenir m\u00e9s protecci\u00f3 per al col\u00b7lectiu - Col\u00b7legi de Farmac\u00e8utics de Barcelona","robots":{"index":"index","follow":"follow","max-snippet":"max-snippet:-1","max-image-preview":"max-image-preview:large","max-video-preview":"max-video-preview:-1"},"canonical":"https:\/\/novaorg.cofb.net\/2020\/03\/20\/el-cof-de-barcelona-recorda-que-les-farmacies-estan-en-primera-linia-dactuacio-davant-el-coronavirus-i-treballa-per-obtenir-mes-proteccio-per-al-collectiu-2\/","og_locale":"ca_ES","og_type":"article","og_title":"El COF de Barcelona recorda que les farm\u00e0cies estan en primera l\u00ednia d\u2019actuaci\u00f3 davant el coronavirus i treballa per obtenir m\u00e9s protecci\u00f3 per al col\u00b7lectiu - Col\u00b7legi de Farmac\u00e8utics de Barcelona","og_description":"\u00a0 Els farmac\u00e8utics comunitaris s\u00f3n professionals sanitaris que tenen un paper molt rellevant com a punts d&#8217;informaci\u00f3 rigorosa i adequada a la poblaci\u00f3 El COFB assegura que actualment els pacients tenen garantit l\u2019acc\u00e9s al seu tractament i, en aquest sentit, per evitar possibles desabastiments, fa una crida a la responsabilitat [&hellip;]","og_url":"https:\/\/novaorg.cofb.net\/2020\/03\/20\/el-cof-de-barcelona-recorda-que-les-farmacies-estan-en-primera-linia-dactuacio-davant-el-coronavirus-i-treballa-per-obtenir-mes-proteccio-per-al-collectiu-2\/","og_site_name":"Col\u00b7legi de Farmac\u00e8utics de Barcelona","article_publisher":"https:\/\/www.facebook.com\/farmaceuticsbcn\/","article_published_time":"2020-03-20T11:26:00+00:00","author":"wpAdminCofbOrg","twitter_card":"summary_large_image","twitter_creator":"@farmaceuticsbcn","twitter_site":"@farmaceuticsbcn","twitter_misc":{"Escrit per":"wpAdminCofbOrg","Temps estimat de lectura":"6 minuts"},"schema":{"@context":"https:\/\/schema.org","@graph":[{"@type":"Article","@id":"https:\/\/novaorg.cofb.net\/2020\/03\/20\/el-cof-de-barcelona-recorda-que-les-farmacies-estan-en-primera-linia-dactuacio-davant-el-coronavirus-i-treballa-per-obtenir-mes-proteccio-per-al-collectiu-2\/#article","isPartOf":{"@id":"https:\/\/novaorg.cofb.net\/2020\/03\/20\/el-cof-de-barcelona-recorda-que-les-farmacies-estan-en-primera-linia-dactuacio-davant-el-coronavirus-i-treballa-per-obtenir-mes-proteccio-per-al-collectiu-2\/"},"author":{"name":"wpAdminCofbOrg","@id":"https:\/\/www.cofb.org\/#\/schema\/person\/22ed7eea88da74b0fa4d3154ad87ffcb"},"headline":"El COF de Barcelona recorda que les farm\u00e0cies estan en primera l\u00ednia d\u2019actuaci\u00f3 davant el coronavirus i treballa per obtenir m\u00e9s protecci\u00f3 per al col\u00b7lectiu","datePublished":"2020-03-20T11:26:00+00:00","dateModified":"2020-03-20T11:26:00+00:00","mainEntityOfPage":{"@id":"https:\/\/novaorg.cofb.net\/2020\/03\/20\/el-cof-de-barcelona-recorda-que-les-farmacies-estan-en-primera-linia-dactuacio-davant-el-coronavirus-i-treballa-per-obtenir-mes-proteccio-per-al-collectiu-2\/"},"wordCount":1292,"publisher":{"@id":"https:\/\/www.cofb.org\/#organization"},"articleSection":["Notes de premsa"],"inLanguage":"ca"},{"@type":"WebPage","@id":"https:\/\/novaorg.cofb.net\/2020\/03\/20\/el-cof-de-barcelona-recorda-que-les-farmacies-estan-en-primera-linia-dactuacio-davant-el-coronavirus-i-treballa-per-obtenir-mes-proteccio-per-al-collectiu-2\/","url":"https:\/\/novaorg.cofb.net\/2020\/03\/20\/el-cof-de-barcelona-recorda-que-les-farmacies-estan-en-primera-linia-dactuacio-davant-el-coronavirus-i-treballa-per-obtenir-mes-proteccio-per-al-collectiu-2\/","name":"El COF de Barcelona recorda que les farm\u00e0cies estan en primera l\u00ednia d\u2019actuaci\u00f3 davant el coronavirus i treballa per obtenir m\u00e9s protecci\u00f3 per al col\u00b7lectiu - Col\u00b7legi de Farmac\u00e8utics de Barcelona","isPartOf":{"@id":"https:\/\/www.cofb.org\/#website"},"datePublished":"2020-03-20T11:26:00+00:00","dateModified":"2020-03-20T11:26:00+00:00","breadcrumb":{"@id":"https:\/\/novaorg.cofb.net\/2020\/03\/20\/el-cof-de-barcelona-recorda-que-les-farmacies-estan-en-primera-linia-dactuacio-davant-el-coronavirus-i-treballa-per-obtenir-mes-proteccio-per-al-collectiu-2\/#breadcrumb"},"inLanguage":"ca","potentialAction":[{"@type":"ReadAction","target":["https:\/\/novaorg.cofb.net\/2020\/03\/20\/el-cof-de-barcelona-recorda-que-les-farmacies-estan-en-primera-linia-dactuacio-davant-el-coronavirus-i-treballa-per-obtenir-mes-proteccio-per-al-collectiu-2\/"]}]},{"@type":"BreadcrumbList","@id":"https:\/\/novaorg.cofb.net\/2020\/03\/20\/el-cof-de-barcelona-recorda-que-les-farmacies-estan-en-primera-linia-dactuacio-davant-el-coronavirus-i-treballa-per-obtenir-mes-proteccio-per-al-collectiu-2\/#breadcrumb","itemListElement":[{"@type":"ListItem","position":1,"name":"Inici","item":"https:\/\/novaorg.cofb.net\/"},{"@type":"ListItem","position":2,"name":"El COF de Barcelona recorda que les farm\u00e0cies estan en primera l\u00ednia d\u2019actuaci\u00f3 davant el coronavirus i treballa per obtenir m\u00e9s protecci\u00f3 per al col\u00b7lectiu"}]},{"@type":"WebSite","@id":"https:\/\/www.cofb.org\/#website","url":"https:\/\/www.cofb.org\/","name":"Col\u00b7legi de Farmac\u00e8utics de Barcelona","description":"","publisher":{"@id":"https:\/\/www.cofb.org\/#organization"},"potentialAction":[{"@type":"SearchAction","target":{"@type":"EntryPoint","urlTemplate":"https:\/\/www.cofb.org\/?s={search_term_string}"},"query-input":"required name=search_term_string"}],"inLanguage":"ca"},{"@type":"Organization","@id":"https:\/\/www.cofb.org\/#organization","name":"Col\u00b7legi de Farmac\u00e8utics de Barcelona","url":"https:\/\/www.cofb.org\/","logo":{"@type":"ImageObject","inLanguage":"ca","@id":"https:\/\/www.cofb.org\/#\/schema\/logo\/image\/","url":"https:\/\/www.cofb.org\/wp-content\/uploads\/2023\/11\/cropped-Logotip-COFB.png","contentUrl":"https:\/\/www.cofb.org\/wp-content\/uploads\/2023\/11\/cropped-Logotip-COFB.png","width":500,"height":105,"caption":"Col\u00b7legi de Farmac\u00e8utics de Barcelona"},"image":{"@id":"https:\/\/www.cofb.org\/#\/schema\/logo\/image\/"},"sameAs":["https:\/\/www.facebook.com\/farmaceuticsbcn\/","https:\/\/twitter.com\/farmaceuticsbcn","https:\/\/www.instagram.com\/farmaceuticsbcn\/","https:\/\/www.linkedin.com\/company\/farmaceuticsbcn\/"]},{"@type":"Person","@id":"https:\/\/www.cofb.org\/#\/schema\/person\/22ed7eea88da74b0fa4d3154ad87ffcb","name":"wpAdminCofbOrg","image":{"@type":"ImageObject","inLanguage":"ca","@id":"https:\/\/www.cofb.org\/#\/schema\/person\/image\/","url":"https:\/\/secure.gravatar.com\/avatar\/1721b20b3b8ca882c3b56ec6c978c594fff670e40c0718e9190eaeeb76aae7d8?s=96&d=mm&r=g","contentUrl":"https:\/\/secure.gravatar.com\/avatar\/1721b20b3b8ca882c3b56ec6c978c594fff670e40c0718e9190eaeeb76aae7d8?s=96&d=mm&r=g","caption":"wpAdminCofbOrg"},"sameAs":["http:\/\/192.168.64.122\/wordpress"],"url":"https:\/\/www.cofb.org\/ca\/author\/wpadmincofborg\/"}]}},"uagb_featured_image_src":{"full":false,"thumbnail":false,"medium":false,"medium_large":false,"large":false,"1536x1536":false,"2048x2048":false,"trp-custom-language-flag":false},"uagb_author_info":{"display_name":"wpAdminCofbOrg","author_link":"https:\/\/www.cofb.org\/ca\/author\/wpadmincofborg\/"},"uagb_comment_info":0,"uagb_excerpt":"\u00a0 Els farmac\u00e8utics comunitaris s\u00f3n professionals sanitaris que tenen un paper molt rellevant com a punts d&#8217;informaci\u00f3 rigorosa i adequada a la poblaci\u00f3 El COFB assegura que actualment els pacients tenen garantit l\u2019acc\u00e9s al seu tractament i, en aquest sentit, per evitar possibles desabastiments, fa una crida a la responsabilitat [&hellip;]","_links":{"self":[{"href":"https:\/\/www.cofb.org\/ca\/wp-json\/wp\/v2\/posts\/77136","targetHints":{"allow":["GET"]}}],"collection":[{"href":"https:\/\/www.cofb.org\/ca\/wp-json\/wp\/v2\/posts"}],"about":[{"href":"https:\/\/www.cofb.org\/ca\/wp-json\/wp\/v2\/types\/post"}],"author":[{"embeddable":true,"href":"https:\/\/www.cofb.org\/ca\/wp-json\/wp\/v2\/users\/1"}],"replies":[{"embeddable":true,"href":"https:\/\/www.cofb.org\/ca\/wp-json\/wp\/v2\/comments?post=77136"}],"version-history":[{"count":0,"href":"https:\/\/www.cofb.org\/ca\/wp-json\/wp\/v2\/posts\/77136\/revisions"}],"wp:attachment":[{"href":"https:\/\/www.cofb.org\/ca\/wp-json\/wp\/v2\/media?parent=77136"}],"wp:term":[{"taxonomy":"category","embeddable":true,"href":"https:\/\/www.cofb.org\/ca\/wp-json\/wp\/v2\/categories?post=77136"},{"taxonomy":"post_tag","embeddable":true,"href":"https:\/\/www.cofb.org\/ca\/wp-json\/wp\/v2\/tags?post=77136"}],"curies":[{"name":"wp","href":"https:\/\/api.w.org\/{rel}","templated":true}]}}