{"id":77123,"date":"2020-06-12T14:01:00","date_gmt":"2020-06-12T14:01:00","guid":{"rendered":"https:\/\/novaorg.cofb.net\/2020\/06\/12\/el-paper-del-farmaceutic-durant-la-crisi-de-la-covid-19-clau-per-assegurar-la-medicacio-als-pacients-evitar-desplacaments-innecessaris-als-centres-sanitaris-i-protegir-la-poblacio\/"},"modified":"2020-06-12T14:01:00","modified_gmt":"2020-06-12T14:01:00","slug":"el-paper-del-farmaceutic-durant-la-crisi-de-la-covid-19-clau-per-assegurar-la-medicacio-als-pacients-evitar-desplacaments-innecessaris-als-centres-sanitaris-i-protegir-la-poblacio","status":"publish","type":"post","link":"https:\/\/www.cofb.org\/ca\/2020\/06\/12\/el-paper-del-farmaceutic-durant-la-crisi-de-la-covid-19-clau-per-assegurar-la-medicacio-als-pacients-evitar-desplacaments-innecessaris-als-centres-sanitaris-i-protegir-la-poblacio\/","title":{"rendered":"El paper del farmac\u00e8utic durant la crisi de la COVID-19, clau per assegurar la medicaci\u00f3 als pacients, evitar despla\u00e7aments innecessaris als centres sanitaris i protegir la poblaci\u00f3"},"content":{"rendered":"<p>\u00a0<\/p>\n<div>\u2022<span> <\/span>Els farmac\u00e8utics han estat a <strong>primera l\u00ednia durant la crisi sanit\u00e0ria provocada per la COVID-19<\/strong>. Com a <strong>professionals sanitaris de refer\u00e8ncia i m\u00e9s pr\u00f2xims als ciutadans <\/strong>han at\u00e8s i informat la poblaci\u00f3, resolent consultes sobre la seva salut, i tamb\u00e9 s\u2019han coordinant\u00a0 amb l\u2019Administraci\u00f3 per descongestionar el sistema sanitari\u00a0<\/div>\n<div>\u00a0<\/div>\n<div>\u2022<span> <\/span>A trav\u00e9s de les farm\u00e0cies, s\u2019han posat en marxa <strong>diferents iniciatives amb l\u2019objectiu de fer arribar la medicaci\u00f3 a persones vulnerables amb la creaci\u00f3 d\u2019una xarxa de voluntaris o de facilitar l\u2019acc\u00e9s de la poblaci\u00f3 a les mascaretes<\/strong>, en un moment en qu\u00e8 hi havia escassetat d\u2019aquest producte<\/div>\n<div>\u00a0<\/div>\n<div>\u2022<span> <\/span>La <strong>coordinaci\u00f3 de la xarxa de farm\u00e0cies<\/strong>, juntament amb el <strong>model de recepta electr\u00f2nica <\/strong>establert a Catalunya, han perm\u00e8s <strong>aplicar amb celeritat circuits excepcionals<\/strong> i que la <strong>professi\u00f3 farmac\u00e8utica<\/strong> sigui un pilar cabdal en el sistema sanitari<\/div>\n<div>\u00a0<\/div>\n<div>\u2022<span> <\/span>S\u2019ha posat de manifest un cop m\u00e9s <strong>la important tasca que els farmac\u00e8utics realitzen des dels diferents \u00e0mbits d\u2019actuaci\u00f3 de manera coordinada<\/strong>, amb l\u2019objectiu de donar resposta amb <strong>comprom\u00eds i responsabilitat als reptes que ha generat aquesta crisi sanit\u00e0ria<\/strong>.<\/div>\n<div>\u00a0<\/div>\n<div>\n<p><em>Barcelona, 12 de juny de 2020<\/em>.\u00a0 Els farmac\u00e8utics, com a <strong>professionals sanitaris m\u00e9s pr\u00f2xims als ciutadans, han estat a primera l\u00ednia durant la pand\u00e8mia provocada per la COVID-19. En la gesti\u00f3 d\u2019aquesta crisi sanit\u00e0ria<\/strong>, han realitzat un esfor\u00e7 extraordinari m\u00e9s enll\u00e0 de la feina que ja realitzen en el seu dia a dia, implicant-se en <strong>diferents iniciatives impulsades conjuntament amb l\u2019Administraci\u00f3 i treballant per garantir l\u2019acc\u00e9s al medicament, la protecci\u00f3 de tota la poblaci\u00f3 i atendre les seves necessitats amb les m\u00e0ximes garanties.<\/strong><\/p>\n<p><strong><u>Qu\u00e8 s\u2019ha aconseguit amb l\u2019actuaci\u00f3 dels farmac\u00e8utics durant la COVID-19?<\/u><\/strong><\/p>\n<p><strong><span>S\u2019ha fet arribar\u00a0 la medicaci\u00f3 als pacients vulnerables amb la creaci\u00f3 d\u2019una xarxa de voluntaris<\/span><\/strong><\/p>\n<p>Per <strong>fer arribar la medicaci\u00f3 a persones grans i vulnerables<\/strong> que no podien sortir de casa per anar a recollir-la a la farm\u00e0cia, des del CCFC, en col\u00b7laboraci\u00f3 amb la Universitat de Barcelona i la Universitat Ramon Llull, s\u2019ha creat una <strong>xarxa de voluntaris formada inicialment per estudiants de farm\u00e0cia i col\u00b7legiats que no estaven podent desenvolupar la seva activitat laboral amb normalitat<\/strong>. Posteriorment, altres col\u00b7lectius com els <strong>esportistes<\/strong>, a trav\u00e9s de la UFEC, s\u2019han sumat a aquesta iniciativa. En total, m\u00e9s de 135 voluntaris a Catalunya han realitzat m\u00e9s de 770 serveis requerits per prop de 150 farm\u00e0cies.<\/p>\n<p>D\u2019altra banda, a trav\u00e9s de la farm\u00e0cia comunit\u00e0ria, s\u2019han apropat els <strong>Medicaments Hospitalaris de Dispensaci\u00f3 Ambulat\u00f2ria (MHDA) <\/strong>al domicili del pacient en col\u00b7laboraci\u00f3 amb la farm\u00e0cia hospital\u00e0ria, quan aquesta ho ha sol\u00b7licitat. En el marc d\u2019aquest projecte, que ha comptat tamb\u00e9 amb la implicaci\u00f3 de la distribuci\u00f3, <strong>s\u2019han lliurat prop de 3.000 medicaments.<\/strong><\/p>\n<p><strong><span>S\u2019ha garantit la prestaci\u00f3 farmac\u00e8utica als Hotels-Salut<\/span><\/strong><\/p>\n<p>En el marc de la situaci\u00f3 excepcional generada per la COVID-19, el Departament de Salut ha habilitat els anomenats <strong>Hotels-Salut per acollir pacients lleus que se&#8217;ls havia donat l&#8217;alta hospital\u00e0ria<\/strong>. Les farm\u00e0cies comunit\u00e0ries tamb\u00e9 s\u2019han implicat en aquest projecte <strong>dispensant medicaments a 1.795 pacients (11.453 dispensacions) <\/strong>\u2013fins al 31 de maig-, i <strong>proveint-los de material sanitari<\/strong> gr\u00e0cies a la col\u00b7laboraci\u00f3 de la distribuci\u00f3 farmac\u00e8utica i les donacions de diferents empreses.<\/p>\n<p><strong><span>S\u2019han evitat despla\u00e7aments innecessaris als centres sanitaris <\/span><\/strong><\/p>\n<p><strong>La gesti\u00f3 del pla de medicaci\u00f3 a les farm\u00e0cies ha evitat m\u00e9s d\u2019un mili\u00f3 de visites als centres sanitaris<\/strong>. Aix\u00f2 ha estat possible gr\u00e0cies a la mesura implementada pel Servei Catal\u00e0 de la Salut, conjuntament amb el Consell de Col\u00b7legis Farmac\u00e8utics de Catalunya (CCFC), que permetia que <strong>els usuaris poguessin anar directament a la farm\u00e0cia, amb o sense el pla de medicaci\u00f3.<\/strong><\/p>\n<p>Concretament, des de mitjans de mar\u00e7 fins al 31 de de maig, a les farm\u00e0cies <strong>s\u2019han reimpr\u00e8s m\u00e9s \u00a0d\u20191.700.000 plans de medicaci\u00f3, ja fos perqu\u00e8 el que tenia l\u2019usuari no era vigent o b\u00e9 perqu\u00e8 no en portava cap, <\/strong>de manera que<strong> s\u2019ha garantit l\u2019acc\u00e9s a la continu\u00eftat del tractament o a nova medicaci\u00f3 prescrita sense haver de despla\u00e7ar-se al CAP.<\/strong><\/p>\n<p>Tamb\u00e9 s\u2019ha perm\u00e8s que <strong>als pacients cr\u00f2nics amb prescripcions de llarga durada<\/strong> i que requerien renovar-la, <strong>se\u2019ls pogu\u00e9s continuar dispensant els tractaments sense necessitat d\u2019anar al CAP<\/strong>. En total, a les farm\u00e0cies s\u2019han at\u00e8s <strong>m\u00e9s de 79.800 pacients cr\u00f2nics.<\/strong><\/p>\n<p>D\u2019altra banda, per evitar despla\u00e7aments innecessaris dels pacients, i de manera excepcional, s\u2019han habilitat diferents <strong>sistemes per tal de verificar i dispensar les receptes privades de manera virtual amb total seguretat<\/strong>.<\/p>\n<p><strong><span>S\u2019ha protegit a la poblaci\u00f3 gr\u00e0cies a la campanya Mascareta \/Salut<\/span><\/strong><\/p>\n<p><strong>Amb l\u2019objectiu de facilitar l\u2019acc\u00e9s a les mascaretes a tota la poblaci\u00f3<\/strong>, en un moment en qu\u00e8 hi havia escassetat d\u2019aquest producte, el CCFC i el Departament de Salut de la Generalitat van impulsar la <strong>campanya Mascareta \/Salut<\/strong>. Actualment, des de la xarxa de 3.227 farm\u00e0cies catalanes ja s\u2019han distribu\u00eft a la poblaci\u00f3 <strong>m\u00e9s de 8 milions de mascaretes sanit\u00e0ries<\/strong>. La primera mascareta \u00e9s gratu\u00efta per tots els ciutadans, les seg\u00fcents es poden adquirir a un preu de 0,76 c\u00e8ntims\/unitat, sense cap marge de benefici per l\u2019oficina de farm\u00e0cia ni per la distribuci\u00f3.\u00a0<\/p>\n<p><strong><u>Comprom\u00eds i responsabilitat de la professi\u00f3 farmac\u00e8utica davant la crisi sanit\u00e0ria<\/u><\/strong><\/p>\n<p>Durant aquesta situaci\u00f3 excepcional, s\u2019ha posat de manifest un cop m\u00e9s <strong>la important tasca<\/strong> <strong>que els farmac\u00e8utics realitzen des dels diferents \u00e0mbits d\u2019actuaci\u00f3 de manera coordinada \u2013farm\u00e0cia comunit\u00e0ria, distribuci\u00f3, ind\u00fastria, hospitals, an\u00e0lisis, atenci\u00f3 prim\u00e0ria i salut p\u00fablica, entre altres-, <\/strong>amb l\u2019objectiu de donar resposta amb <strong>comprom\u00eds i responsabilitat als reptes que ha generat aquesta crisi sanit\u00e0ria<\/strong>. Al seu torn, s\u2019ha constatat que el model de recepta electr\u00f2nica establert a Catalunya permet que la xarxa de farm\u00e0cies sigui un pilar cabdal en el sistema sanitari.<\/p>\n<\/div>\n<p>\u00a0\u2022 Els farmac\u00e8utics han estat a primera l\u00ednia durant la crisi sanit\u00e0ria provocada per la COVID-19. Com a professionals sanitaris de refer\u00e8ncia i m\u00e9s pr\u00f2xims als ciutadans han at\u00e8s i informat la poblaci\u00f3, resolent consultes sobre la seva salut, i tamb\u00e9 s\u2019han coordinant\u00a0 amb l\u2019Administraci\u00f3 per descongestionar el sistema sanitari\u00a0<\/p>\n<p>\u00a0<\/p>\n<p>\u2022 A trav\u00e9s de les farm\u00e0cies, s\u2019han posat en marxa diferents iniciatives amb l\u2019objectiu de fer arribar la medicaci\u00f3 a persones vulnerables amb la creaci\u00f3 d\u2019una xarxa de voluntaris o de facilitar l\u2019acc\u00e9s de la poblaci\u00f3 a les mascaretes, en un moment en qu\u00e8 hi havia escassetat d\u2019aquest producte<\/p>\n<p>\u00a0<\/p>\n<p>\u2022 La coordinaci\u00f3 de la xarxa de farm\u00e0cies, juntament amb el model de recepta electr\u00f2nica establert a Catalunya, han perm\u00e8s aplicar amb celeritat circuits excepcionals i que la professi\u00f3 farmac\u00e8utica sigui un pilar cabdal en el sistema sanitari<\/p>\n<p>\u00a0<\/p>\n<p>\u2022 S\u2019ha posat de manifest un cop m\u00e9s la important tasca que els farmac\u00e8utics realitzen des dels diferents \u00e0mbits d\u2019actuaci\u00f3 de manera coordinada, amb l\u2019objectiu de donar resposta amb comprom\u00eds i responsabilitat als reptes que ha generat aquesta crisi sanit\u00e0ria.<\/p>\n<p>\u00a0<\/p>\n<p>Barcelona, 12 de juny de 2020.\u00a0 Els farmac\u00e8utics, com a professionals sanitaris m\u00e9s pr\u00f2xims als ciutadans, han estat a primera l\u00ednia durant la pand\u00e8mia provocada per la COVID-19. En la gesti\u00f3 d\u2019aquesta crisi sanit\u00e0ria, han realitzat un esfor\u00e7 extraordinari m\u00e9s enll\u00e0 de la feina que ja realitzen en el seu dia a dia, implicant-se en diferents iniciatives impulsades conjuntament amb l\u2019Administraci\u00f3 i treballant per garantir l\u2019acc\u00e9s al medicament, la protecci\u00f3 de tota la poblaci\u00f3 i atendre les seves necessitats amb les m\u00e0ximes garanties.<\/p>\n<p>Qu\u00e8 s\u2019ha aconseguit amb l\u2019actuaci\u00f3 dels farmac\u00e8utics durant la COVID-19?<\/p>\n<p>S\u2019ha fet arribar\u00a0 la medicaci\u00f3 als pacients vulnerables amb la creaci\u00f3 d\u2019una xarxa de voluntaris<\/p>\n<p>Per fer arribar la medicaci\u00f3 a persones grans i vulnerables que no podien sortir de casa per anar a recollir-la a la farm\u00e0cia, des del CCFC, en col\u00b7laboraci\u00f3 amb la Universitat de Barcelona i la Universitat Ramon Llull, s\u2019ha creat una xarxa de voluntaris formada inicialment per estudiants de farm\u00e0cia i col\u00b7legiats que no estaven podent desenvolupar la seva activitat laboral amb normalitat. Posteriorment, altres col\u00b7lectius com els esportistes, a trav\u00e9s de la UFEC, s\u2019han sumat a aquesta iniciativa. En total, m\u00e9s de 135 voluntaris a Catalunya han realitzat m\u00e9s de 770 serveis requerits per prop de 150 farm\u00e0cies.<\/p>\n<p>D\u2019altra banda, a trav\u00e9s de la farm\u00e0cia comunit\u00e0ria, s\u2019han apropat els Medicaments Hospitalaris de Dispensaci\u00f3 Ambulat\u00f2ria (MHDA) al domicili del pacient en col\u00b7laboraci\u00f3 amb la farm\u00e0cia hospital\u00e0ria, quan aquesta ho ha sol\u00b7licitat. En el marc d\u2019aquest projecte, que ha comptat tamb\u00e9 amb la implicaci\u00f3 de la distribuci\u00f3, s\u2019han lliurat prop de 3.000 medicaments.<\/p>\n<p>S\u2019ha garantit la prestaci\u00f3 farmac\u00e8utica als Hotels-Salut<\/p>\n<p>En el marc de la situaci\u00f3 excepcional generada per la COVID-19, el Departament de Salut ha habilitat els anomenats Hotels-Salut per acollir pacients lleus que se&#8217;ls havia donat l&#8217;alta hospital\u00e0ria. Les farm\u00e0cies comunit\u00e0ries tamb\u00e9 s\u2019han implicat en aquest projecte dispensant medicaments a 1.795 pacients (11.453 dispensacions) \u2013fins al 31 de maig-, i proveint-los de material sanitari gr\u00e0cies a la col\u00b7laboraci\u00f3 de la distribuci\u00f3 farmac\u00e8utica i les donacions de diferents empreses.<\/p>\n<p>S\u2019han evitat despla\u00e7aments innecessaris als centres sanitaris <\/p>\n<p>La gesti\u00f3 del pla de medicaci\u00f3 a les farm\u00e0cies ha evitat m\u00e9s d\u2019un mili\u00f3 de visites als centres sanitaris. Aix\u00f2 ha estat possible gr\u00e0cies a la mesura implementada pel Servei Catal\u00e0 de la Salut, conjuntament amb el Consell de Col\u00b7legis Farmac\u00e8utics de Catalunya (CCFC), que permetia que els usuaris poguessin anar directament a la farm\u00e0cia, amb o sense el pla de medicaci\u00f3.<\/p>\n<p>Concretament, des de mitjans de mar\u00e7 fins al 31 de de maig, a les farm\u00e0cies s\u2019han reimpr\u00e8s m\u00e9s \u00a0d\u20191.700.000 plans de medicaci\u00f3, ja fos perqu\u00e8 el que tenia l\u2019usuari no era vigent o b\u00e9 perqu\u00e8 no en portava cap, de manera que s\u2019ha garantit l\u2019acc\u00e9s a la continu\u00eftat del tractament o a nova medicaci\u00f3 prescrita sense haver de despla\u00e7ar-se al CAP.<\/p>\n<p>Tamb\u00e9 s\u2019ha perm\u00e8s que als pacients cr\u00f2nics amb prescripcions de llarga durada i que requerien renovar-la, se\u2019ls pogu\u00e9s continuar dispensant els tractaments sense necessitat d\u2019anar al CAP. En total, a les farm\u00e0cies s\u2019han at\u00e8s m\u00e9s de 79.800 pacients cr\u00f2nics.<\/p>\n<p>D\u2019altra banda, per evitar despla\u00e7aments innecessaris dels pacients, i de manera excepcional, s\u2019han habilitat diferents sistemes per tal de verificar i dispensar les receptes privades de manera virtual amb total seguretat.<\/p>\n<p>S\u2019ha protegit a la poblaci\u00f3 gr\u00e0cies a la campanya Mascareta \/Salut<\/p>\n<p>Amb l\u2019objectiu de facilitar l\u2019acc\u00e9s a les mascaretes a tota la poblaci\u00f3, en un moment en qu\u00e8 hi havia escassetat d\u2019aquest producte, el CCFC i el Departament de Salut de la Generalitat van impulsar la campanya Mascareta \/Salut. Actualment, des de la xarxa de 3.227 farm\u00e0cies catalanes ja s\u2019han distribu\u00eft a la poblaci\u00f3 m\u00e9s de 8 milions de mascaretes sanit\u00e0ries. La primera mascareta \u00e9s gratu\u00efta per tots els ciutadans, les seg\u00fcents es poden adquirir a un preu de 0,76 c\u00e8ntims\/unitat, sense cap marge de benefici per l\u2019oficina de farm\u00e0cia ni per la distribuci\u00f3.\u00a0<\/p>\n<p>Comprom\u00eds i responsabilitat de la professi\u00f3 farmac\u00e8utica davant la crisi sanit\u00e0ria<\/p>\n<p>Durant aquesta situaci\u00f3 excepcional, s\u2019ha posat de manifest un cop m\u00e9s la important tasca que els farmac\u00e8utics realitzen des dels diferents \u00e0mbits d\u2019actuaci\u00f3 de manera coordinada \u2013farm\u00e0cia comunit\u00e0ria, distribuci\u00f3, ind\u00fastria, hospitals, an\u00e0lisis, atenci\u00f3 prim\u00e0ria i salut p\u00fablica, entre altres-, amb l\u2019objectiu de donar resposta amb comprom\u00eds i responsabilitat als reptes que ha generat aquesta crisi sanit\u00e0ria. Al seu torn, s\u2019ha constatat que el model de recepta electr\u00f2nica establert a Catalunya permet que la xarxa de farm\u00e0cies sigui un pilar cabdal en el sistema sanitari.\u00a0\u00a0COFB.ORG<\/p>\n","protected":false},"excerpt":{"rendered":"<p>\u00a0 \u2022 Els farmac\u00e8utics han estat a primera l\u00ednia durant la crisi sanit\u00e0ria provocada per la COVID-19. Com a professionals sanitaris de refer\u00e8ncia i m\u00e9s pr\u00f2xims als ciutadans han at\u00e8s i informat la poblaci\u00f3, resolent consultes sobre la seva salut, i tamb\u00e9 s\u2019han coordinant\u00a0 amb l\u2019Administraci\u00f3 per descongestionar el sistema [&hellip;]<\/p>\n","protected":false},"author":1,"featured_media":0,"comment_status":"","ping_status":"","sticky":false,"template":"","format":"standard","meta":{"_uag_custom_page_level_css":"","site-sidebar-layout":"default","site-content-layout":"","ast-site-content-layout":"default","site-content-style":"default","site-sidebar-style":"default","ast-global-header-display":"","ast-banner-title-visibility":"","ast-main-header-display":"","ast-hfb-above-header-display":"","ast-hfb-below-header-display":"","ast-hfb-mobile-header-display":"","site-post-title":"","ast-breadcrumbs-content":"","ast-featured-img":"disabled","footer-sml-layout":"","theme-transparent-header-meta":"","adv-header-id-meta":"","stick-header-meta":"","header-above-stick-meta":"","header-main-stick-meta":"","header-below-stick-meta":"","astra-migrate-meta-layouts":"default","ast-page-background-enabled":"default","ast-page-background-meta":{"desktop":{"background-color":"var(--ast-global-color-4)","background-image":"","background-repeat":"repeat","background-position":"center center","background-size":"auto","background-attachment":"scroll","background-type":"","background-media":"","overlay-type":"","overlay-color":"","overlay-opacity":"","overlay-gradient":""},"tablet":{"background-color":"","background-image":"","background-repeat":"repeat","background-position":"center center","background-size":"auto","background-attachment":"scroll","background-type":"","background-media":"","overlay-type":"","overlay-color":"","overlay-opacity":"","overlay-gradient":""},"mobile":{"background-color":"","background-image":"","background-repeat":"repeat","background-position":"center center","background-size":"auto","background-attachment":"scroll","background-type":"","background-media":"","overlay-type":"","overlay-color":"","overlay-opacity":"","overlay-gradient":""}},"ast-content-background-meta":{"desktop":{"background-color":"var(--ast-global-color-5)","background-image":"","background-repeat":"repeat","background-position":"center center","background-size":"auto","background-attachment":"scroll","background-type":"","background-media":"","overlay-type":"","overlay-color":"","overlay-opacity":"","overlay-gradient":""},"tablet":{"background-color":"var(--ast-global-color-5)","background-image":"","background-repeat":"repeat","background-position":"center center","background-size":"auto","background-attachment":"scroll","background-type":"","background-media":"","overlay-type":"","overlay-color":"","overlay-opacity":"","overlay-gradient":""},"mobile":{"background-color":"var(--ast-global-color-5)","background-image":"","background-repeat":"repeat","background-position":"center center","background-size":"auto","background-attachment":"scroll","background-type":"","background-media":"","overlay-type":"","overlay-color":"","overlay-opacity":"","overlay-gradient":""}},"footnotes":""},"categories":[1060,1066],"tags":[],"class_list":["post-77123","post","type-post","status-publish","format-standard","hentry","category-notes-premsa","category-sense-categoria-ca"],"yoast_head":"<!-- This site is optimized with the Yoast SEO plugin v22.4 - https:\/\/yoast.com\/wordpress\/plugins\/seo\/ -->\n<title>El paper del farmac\u00e8utic durant la crisi de la COVID-19, clau per assegurar la medicaci\u00f3 als pacients, evitar despla\u00e7aments innecessaris als centres sanitaris i protegir la poblaci\u00f3 - Col\u00b7legi de Farmac\u00e8utics de Barcelona<\/title>\n<meta name=\"robots\" content=\"index, follow, max-snippet:-1, max-image-preview:large, max-video-preview:-1\" \/>\n<link rel=\"canonical\" href=\"https:\/\/novaorg.cofb.net\/2020\/06\/12\/el-paper-del-farmaceutic-durant-la-crisi-de-la-covid-19-clau-per-assegurar-la-medicacio-als-pacients-evitar-desplacaments-innecessaris-als-centres-sanitaris-i-protegir-la-poblacio\/\" \/>\n<meta property=\"og:locale\" content=\"ca_ES\" \/>\n<meta property=\"og:type\" content=\"article\" \/>\n<meta property=\"og:title\" content=\"El paper del farmac\u00e8utic durant la crisi de la COVID-19, clau per assegurar la medicaci\u00f3 als pacients, evitar despla\u00e7aments innecessaris als centres sanitaris i protegir la poblaci\u00f3 - Col\u00b7legi de Farmac\u00e8utics de Barcelona\" \/>\n<meta property=\"og:description\" content=\"\u00a0 \u2022 Els farmac\u00e8utics han estat a primera l\u00ednia durant la crisi sanit\u00e0ria provocada per la COVID-19. Com a professionals sanitaris de refer\u00e8ncia i m\u00e9s pr\u00f2xims als ciutadans han at\u00e8s i informat la poblaci\u00f3, resolent consultes sobre la seva salut, i tamb\u00e9 s\u2019han coordinant\u00a0 amb l\u2019Administraci\u00f3 per descongestionar el sistema [&hellip;]\" \/>\n<meta property=\"og:url\" content=\"https:\/\/novaorg.cofb.net\/2020\/06\/12\/el-paper-del-farmaceutic-durant-la-crisi-de-la-covid-19-clau-per-assegurar-la-medicacio-als-pacients-evitar-desplacaments-innecessaris-als-centres-sanitaris-i-protegir-la-poblacio\/\" \/>\n<meta property=\"og:site_name\" content=\"Col\u00b7legi de Farmac\u00e8utics de Barcelona\" \/>\n<meta property=\"article:publisher\" content=\"https:\/\/www.facebook.com\/farmaceuticsbcn\/\" \/>\n<meta property=\"article:published_time\" content=\"2020-06-12T14:01:00+00:00\" \/>\n<meta name=\"author\" content=\"wpAdminCofbOrg\" \/>\n<meta name=\"twitter:card\" content=\"summary_large_image\" \/>\n<meta name=\"twitter:creator\" content=\"@farmaceuticsbcn\" \/>\n<meta name=\"twitter:site\" content=\"@farmaceuticsbcn\" \/>\n<meta name=\"twitter:label1\" content=\"Escrit per\" \/>\n\t<meta name=\"twitter:data1\" content=\"wpAdminCofbOrg\" \/>\n\t<meta name=\"twitter:label2\" content=\"Temps estimat de lectura\" \/>\n\t<meta name=\"twitter:data2\" content=\"10 minuts\" \/>\n<script type=\"application\/ld+json\" class=\"yoast-schema-graph\">{\"@context\":\"https:\/\/schema.org\",\"@graph\":[{\"@type\":\"Article\",\"@id\":\"https:\/\/novaorg.cofb.net\/2020\/06\/12\/el-paper-del-farmaceutic-durant-la-crisi-de-la-covid-19-clau-per-assegurar-la-medicacio-als-pacients-evitar-desplacaments-innecessaris-als-centres-sanitaris-i-protegir-la-poblacio\/#article\",\"isPartOf\":{\"@id\":\"https:\/\/novaorg.cofb.net\/2020\/06\/12\/el-paper-del-farmaceutic-durant-la-crisi-de-la-covid-19-clau-per-assegurar-la-medicacio-als-pacients-evitar-desplacaments-innecessaris-als-centres-sanitaris-i-protegir-la-poblacio\/\"},\"author\":{\"name\":\"wpAdminCofbOrg\",\"@id\":\"https:\/\/www.cofb.org\/#\/schema\/person\/22ed7eea88da74b0fa4d3154ad87ffcb\"},\"headline\":\"El paper del farmac\u00e8utic durant la crisi de la COVID-19, clau per assegurar la medicaci\u00f3 als pacients, evitar despla\u00e7aments innecessaris als centres sanitaris i protegir la poblaci\u00f3\",\"datePublished\":\"2020-06-12T14:01:00+00:00\",\"dateModified\":\"2020-06-12T14:01:00+00:00\",\"mainEntityOfPage\":{\"@id\":\"https:\/\/novaorg.cofb.net\/2020\/06\/12\/el-paper-del-farmaceutic-durant-la-crisi-de-la-covid-19-clau-per-assegurar-la-medicacio-als-pacients-evitar-desplacaments-innecessaris-als-centres-sanitaris-i-protegir-la-poblacio\/\"},\"wordCount\":2117,\"publisher\":{\"@id\":\"https:\/\/www.cofb.org\/#organization\"},\"articleSection\":[\"Notes de premsa\"],\"inLanguage\":\"ca\"},{\"@type\":\"WebPage\",\"@id\":\"https:\/\/novaorg.cofb.net\/2020\/06\/12\/el-paper-del-farmaceutic-durant-la-crisi-de-la-covid-19-clau-per-assegurar-la-medicacio-als-pacients-evitar-desplacaments-innecessaris-als-centres-sanitaris-i-protegir-la-poblacio\/\",\"url\":\"https:\/\/novaorg.cofb.net\/2020\/06\/12\/el-paper-del-farmaceutic-durant-la-crisi-de-la-covid-19-clau-per-assegurar-la-medicacio-als-pacients-evitar-desplacaments-innecessaris-als-centres-sanitaris-i-protegir-la-poblacio\/\",\"name\":\"El paper del farmac\u00e8utic durant la crisi de la COVID-19, clau per assegurar la medicaci\u00f3 als pacients, evitar despla\u00e7aments innecessaris als centres sanitaris i protegir la poblaci\u00f3 - Col\u00b7legi de Farmac\u00e8utics de Barcelona\",\"isPartOf\":{\"@id\":\"https:\/\/www.cofb.org\/#website\"},\"datePublished\":\"2020-06-12T14:01:00+00:00\",\"dateModified\":\"2020-06-12T14:01:00+00:00\",\"breadcrumb\":{\"@id\":\"https:\/\/novaorg.cofb.net\/2020\/06\/12\/el-paper-del-farmaceutic-durant-la-crisi-de-la-covid-19-clau-per-assegurar-la-medicacio-als-pacients-evitar-desplacaments-innecessaris-als-centres-sanitaris-i-protegir-la-poblacio\/#breadcrumb\"},\"inLanguage\":\"ca\",\"potentialAction\":[{\"@type\":\"ReadAction\",\"target\":[\"https:\/\/novaorg.cofb.net\/2020\/06\/12\/el-paper-del-farmaceutic-durant-la-crisi-de-la-covid-19-clau-per-assegurar-la-medicacio-als-pacients-evitar-desplacaments-innecessaris-als-centres-sanitaris-i-protegir-la-poblacio\/\"]}]},{\"@type\":\"BreadcrumbList\",\"@id\":\"https:\/\/novaorg.cofb.net\/2020\/06\/12\/el-paper-del-farmaceutic-durant-la-crisi-de-la-covid-19-clau-per-assegurar-la-medicacio-als-pacients-evitar-desplacaments-innecessaris-als-centres-sanitaris-i-protegir-la-poblacio\/#breadcrumb\",\"itemListElement\":[{\"@type\":\"ListItem\",\"position\":1,\"name\":\"Inici\",\"item\":\"https:\/\/novaorg.cofb.net\/\"},{\"@type\":\"ListItem\",\"position\":2,\"name\":\"El paper del farmac\u00e8utic durant la crisi de la COVID-19, clau per assegurar la medicaci\u00f3 als pacients, evitar despla\u00e7aments innecessaris als centres sanitaris i protegir la poblaci\u00f3\"}]},{\"@type\":\"WebSite\",\"@id\":\"https:\/\/www.cofb.org\/#website\",\"url\":\"https:\/\/www.cofb.org\/\",\"name\":\"Col\u00b7legi de Farmac\u00e8utics de Barcelona\",\"description\":\"\",\"publisher\":{\"@id\":\"https:\/\/www.cofb.org\/#organization\"},\"potentialAction\":[{\"@type\":\"SearchAction\",\"target\":{\"@type\":\"EntryPoint\",\"urlTemplate\":\"https:\/\/www.cofb.org\/?s={search_term_string}\"},\"query-input\":\"required name=search_term_string\"}],\"inLanguage\":\"ca\"},{\"@type\":\"Organization\",\"@id\":\"https:\/\/www.cofb.org\/#organization\",\"name\":\"Col\u00b7legi de Farmac\u00e8utics de Barcelona\",\"url\":\"https:\/\/www.cofb.org\/\",\"logo\":{\"@type\":\"ImageObject\",\"inLanguage\":\"ca\",\"@id\":\"https:\/\/www.cofb.org\/#\/schema\/logo\/image\/\",\"url\":\"https:\/\/www.cofb.org\/wp-content\/uploads\/2023\/11\/cropped-Logotip-COFB.png\",\"contentUrl\":\"https:\/\/www.cofb.org\/wp-content\/uploads\/2023\/11\/cropped-Logotip-COFB.png\",\"width\":500,\"height\":105,\"caption\":\"Col\u00b7legi de Farmac\u00e8utics de Barcelona\"},\"image\":{\"@id\":\"https:\/\/www.cofb.org\/#\/schema\/logo\/image\/\"},\"sameAs\":[\"https:\/\/www.facebook.com\/farmaceuticsbcn\/\",\"https:\/\/twitter.com\/farmaceuticsbcn\",\"https:\/\/www.instagram.com\/farmaceuticsbcn\/\",\"https:\/\/www.linkedin.com\/company\/farmaceuticsbcn\/\"]},{\"@type\":\"Person\",\"@id\":\"https:\/\/www.cofb.org\/#\/schema\/person\/22ed7eea88da74b0fa4d3154ad87ffcb\",\"name\":\"wpAdminCofbOrg\",\"image\":{\"@type\":\"ImageObject\",\"inLanguage\":\"ca\",\"@id\":\"https:\/\/www.cofb.org\/#\/schema\/person\/image\/\",\"url\":\"https:\/\/secure.gravatar.com\/avatar\/1721b20b3b8ca882c3b56ec6c978c594fff670e40c0718e9190eaeeb76aae7d8?s=96&d=mm&r=g\",\"contentUrl\":\"https:\/\/secure.gravatar.com\/avatar\/1721b20b3b8ca882c3b56ec6c978c594fff670e40c0718e9190eaeeb76aae7d8?s=96&d=mm&r=g\",\"caption\":\"wpAdminCofbOrg\"},\"sameAs\":[\"http:\/\/192.168.64.122\/wordpress\"],\"url\":\"https:\/\/www.cofb.org\/ca\/author\/wpadmincofborg\/\"}]}<\/script>\n<!-- \/ Yoast SEO plugin. -->","yoast_head_json":{"title":"El paper del farmac\u00e8utic durant la crisi de la COVID-19, clau per assegurar la medicaci\u00f3 als pacients, evitar despla\u00e7aments innecessaris als centres sanitaris i protegir la poblaci\u00f3 - Col\u00b7legi de Farmac\u00e8utics de Barcelona","robots":{"index":"index","follow":"follow","max-snippet":"max-snippet:-1","max-image-preview":"max-image-preview:large","max-video-preview":"max-video-preview:-1"},"canonical":"https:\/\/novaorg.cofb.net\/2020\/06\/12\/el-paper-del-farmaceutic-durant-la-crisi-de-la-covid-19-clau-per-assegurar-la-medicacio-als-pacients-evitar-desplacaments-innecessaris-als-centres-sanitaris-i-protegir-la-poblacio\/","og_locale":"ca_ES","og_type":"article","og_title":"El paper del farmac\u00e8utic durant la crisi de la COVID-19, clau per assegurar la medicaci\u00f3 als pacients, evitar despla\u00e7aments innecessaris als centres sanitaris i protegir la poblaci\u00f3 - Col\u00b7legi de Farmac\u00e8utics de Barcelona","og_description":"\u00a0 \u2022 Els farmac\u00e8utics han estat a primera l\u00ednia durant la crisi sanit\u00e0ria provocada per la COVID-19. Com a professionals sanitaris de refer\u00e8ncia i m\u00e9s pr\u00f2xims als ciutadans han at\u00e8s i informat la poblaci\u00f3, resolent consultes sobre la seva salut, i tamb\u00e9 s\u2019han coordinant\u00a0 amb l\u2019Administraci\u00f3 per descongestionar el sistema [&hellip;]","og_url":"https:\/\/novaorg.cofb.net\/2020\/06\/12\/el-paper-del-farmaceutic-durant-la-crisi-de-la-covid-19-clau-per-assegurar-la-medicacio-als-pacients-evitar-desplacaments-innecessaris-als-centres-sanitaris-i-protegir-la-poblacio\/","og_site_name":"Col\u00b7legi de Farmac\u00e8utics de Barcelona","article_publisher":"https:\/\/www.facebook.com\/farmaceuticsbcn\/","article_published_time":"2020-06-12T14:01:00+00:00","author":"wpAdminCofbOrg","twitter_card":"summary_large_image","twitter_creator":"@farmaceuticsbcn","twitter_site":"@farmaceuticsbcn","twitter_misc":{"Escrit per":"wpAdminCofbOrg","Temps estimat de lectura":"10 minuts"},"schema":{"@context":"https:\/\/schema.org","@graph":[{"@type":"Article","@id":"https:\/\/novaorg.cofb.net\/2020\/06\/12\/el-paper-del-farmaceutic-durant-la-crisi-de-la-covid-19-clau-per-assegurar-la-medicacio-als-pacients-evitar-desplacaments-innecessaris-als-centres-sanitaris-i-protegir-la-poblacio\/#article","isPartOf":{"@id":"https:\/\/novaorg.cofb.net\/2020\/06\/12\/el-paper-del-farmaceutic-durant-la-crisi-de-la-covid-19-clau-per-assegurar-la-medicacio-als-pacients-evitar-desplacaments-innecessaris-als-centres-sanitaris-i-protegir-la-poblacio\/"},"author":{"name":"wpAdminCofbOrg","@id":"https:\/\/www.cofb.org\/#\/schema\/person\/22ed7eea88da74b0fa4d3154ad87ffcb"},"headline":"El paper del farmac\u00e8utic durant la crisi de la COVID-19, clau per assegurar la medicaci\u00f3 als pacients, evitar despla\u00e7aments innecessaris als centres sanitaris i protegir la poblaci\u00f3","datePublished":"2020-06-12T14:01:00+00:00","dateModified":"2020-06-12T14:01:00+00:00","mainEntityOfPage":{"@id":"https:\/\/novaorg.cofb.net\/2020\/06\/12\/el-paper-del-farmaceutic-durant-la-crisi-de-la-covid-19-clau-per-assegurar-la-medicacio-als-pacients-evitar-desplacaments-innecessaris-als-centres-sanitaris-i-protegir-la-poblacio\/"},"wordCount":2117,"publisher":{"@id":"https:\/\/www.cofb.org\/#organization"},"articleSection":["Notes de premsa"],"inLanguage":"ca"},{"@type":"WebPage","@id":"https:\/\/novaorg.cofb.net\/2020\/06\/12\/el-paper-del-farmaceutic-durant-la-crisi-de-la-covid-19-clau-per-assegurar-la-medicacio-als-pacients-evitar-desplacaments-innecessaris-als-centres-sanitaris-i-protegir-la-poblacio\/","url":"https:\/\/novaorg.cofb.net\/2020\/06\/12\/el-paper-del-farmaceutic-durant-la-crisi-de-la-covid-19-clau-per-assegurar-la-medicacio-als-pacients-evitar-desplacaments-innecessaris-als-centres-sanitaris-i-protegir-la-poblacio\/","name":"El paper del farmac\u00e8utic durant la crisi de la COVID-19, clau per assegurar la medicaci\u00f3 als pacients, evitar despla\u00e7aments innecessaris als centres sanitaris i protegir la poblaci\u00f3 - Col\u00b7legi de Farmac\u00e8utics de Barcelona","isPartOf":{"@id":"https:\/\/www.cofb.org\/#website"},"datePublished":"2020-06-12T14:01:00+00:00","dateModified":"2020-06-12T14:01:00+00:00","breadcrumb":{"@id":"https:\/\/novaorg.cofb.net\/2020\/06\/12\/el-paper-del-farmaceutic-durant-la-crisi-de-la-covid-19-clau-per-assegurar-la-medicacio-als-pacients-evitar-desplacaments-innecessaris-als-centres-sanitaris-i-protegir-la-poblacio\/#breadcrumb"},"inLanguage":"ca","potentialAction":[{"@type":"ReadAction","target":["https:\/\/novaorg.cofb.net\/2020\/06\/12\/el-paper-del-farmaceutic-durant-la-crisi-de-la-covid-19-clau-per-assegurar-la-medicacio-als-pacients-evitar-desplacaments-innecessaris-als-centres-sanitaris-i-protegir-la-poblacio\/"]}]},{"@type":"BreadcrumbList","@id":"https:\/\/novaorg.cofb.net\/2020\/06\/12\/el-paper-del-farmaceutic-durant-la-crisi-de-la-covid-19-clau-per-assegurar-la-medicacio-als-pacients-evitar-desplacaments-innecessaris-als-centres-sanitaris-i-protegir-la-poblacio\/#breadcrumb","itemListElement":[{"@type":"ListItem","position":1,"name":"Inici","item":"https:\/\/novaorg.cofb.net\/"},{"@type":"ListItem","position":2,"name":"El paper del farmac\u00e8utic durant la crisi de la COVID-19, clau per assegurar la medicaci\u00f3 als pacients, evitar despla\u00e7aments innecessaris als centres sanitaris i protegir la poblaci\u00f3"}]},{"@type":"WebSite","@id":"https:\/\/www.cofb.org\/#website","url":"https:\/\/www.cofb.org\/","name":"Col\u00b7legi de Farmac\u00e8utics de Barcelona","description":"","publisher":{"@id":"https:\/\/www.cofb.org\/#organization"},"potentialAction":[{"@type":"SearchAction","target":{"@type":"EntryPoint","urlTemplate":"https:\/\/www.cofb.org\/?s={search_term_string}"},"query-input":"required name=search_term_string"}],"inLanguage":"ca"},{"@type":"Organization","@id":"https:\/\/www.cofb.org\/#organization","name":"Col\u00b7legi de Farmac\u00e8utics de Barcelona","url":"https:\/\/www.cofb.org\/","logo":{"@type":"ImageObject","inLanguage":"ca","@id":"https:\/\/www.cofb.org\/#\/schema\/logo\/image\/","url":"https:\/\/www.cofb.org\/wp-content\/uploads\/2023\/11\/cropped-Logotip-COFB.png","contentUrl":"https:\/\/www.cofb.org\/wp-content\/uploads\/2023\/11\/cropped-Logotip-COFB.png","width":500,"height":105,"caption":"Col\u00b7legi de Farmac\u00e8utics de Barcelona"},"image":{"@id":"https:\/\/www.cofb.org\/#\/schema\/logo\/image\/"},"sameAs":["https:\/\/www.facebook.com\/farmaceuticsbcn\/","https:\/\/twitter.com\/farmaceuticsbcn","https:\/\/www.instagram.com\/farmaceuticsbcn\/","https:\/\/www.linkedin.com\/company\/farmaceuticsbcn\/"]},{"@type":"Person","@id":"https:\/\/www.cofb.org\/#\/schema\/person\/22ed7eea88da74b0fa4d3154ad87ffcb","name":"wpAdminCofbOrg","image":{"@type":"ImageObject","inLanguage":"ca","@id":"https:\/\/www.cofb.org\/#\/schema\/person\/image\/","url":"https:\/\/secure.gravatar.com\/avatar\/1721b20b3b8ca882c3b56ec6c978c594fff670e40c0718e9190eaeeb76aae7d8?s=96&d=mm&r=g","contentUrl":"https:\/\/secure.gravatar.com\/avatar\/1721b20b3b8ca882c3b56ec6c978c594fff670e40c0718e9190eaeeb76aae7d8?s=96&d=mm&r=g","caption":"wpAdminCofbOrg"},"sameAs":["http:\/\/192.168.64.122\/wordpress"],"url":"https:\/\/www.cofb.org\/ca\/author\/wpadmincofborg\/"}]}},"uagb_featured_image_src":{"full":false,"thumbnail":false,"medium":false,"medium_large":false,"large":false,"1536x1536":false,"2048x2048":false,"trp-custom-language-flag":false},"uagb_author_info":{"display_name":"wpAdminCofbOrg","author_link":"https:\/\/www.cofb.org\/ca\/author\/wpadmincofborg\/"},"uagb_comment_info":0,"uagb_excerpt":"\u00a0 \u2022 Els farmac\u00e8utics han estat a primera l\u00ednia durant la crisi sanit\u00e0ria provocada per la COVID-19. Com a professionals sanitaris de refer\u00e8ncia i m\u00e9s pr\u00f2xims als ciutadans han at\u00e8s i informat la poblaci\u00f3, resolent consultes sobre la seva salut, i tamb\u00e9 s\u2019han coordinant\u00a0 amb l\u2019Administraci\u00f3 per descongestionar el sistema [&hellip;]","_links":{"self":[{"href":"https:\/\/www.cofb.org\/ca\/wp-json\/wp\/v2\/posts\/77123","targetHints":{"allow":["GET"]}}],"collection":[{"href":"https:\/\/www.cofb.org\/ca\/wp-json\/wp\/v2\/posts"}],"about":[{"href":"https:\/\/www.cofb.org\/ca\/wp-json\/wp\/v2\/types\/post"}],"author":[{"embeddable":true,"href":"https:\/\/www.cofb.org\/ca\/wp-json\/wp\/v2\/users\/1"}],"replies":[{"embeddable":true,"href":"https:\/\/www.cofb.org\/ca\/wp-json\/wp\/v2\/comments?post=77123"}],"version-history":[{"count":0,"href":"https:\/\/www.cofb.org\/ca\/wp-json\/wp\/v2\/posts\/77123\/revisions"}],"wp:attachment":[{"href":"https:\/\/www.cofb.org\/ca\/wp-json\/wp\/v2\/media?parent=77123"}],"wp:term":[{"taxonomy":"category","embeddable":true,"href":"https:\/\/www.cofb.org\/ca\/wp-json\/wp\/v2\/categories?post=77123"},{"taxonomy":"post_tag","embeddable":true,"href":"https:\/\/www.cofb.org\/ca\/wp-json\/wp\/v2\/tags?post=77123"}],"curies":[{"name":"wp","href":"https:\/\/api.w.org\/{rel}","templated":true}]}}