{"id":77122,"date":"2020-06-16T18:31:00","date_gmt":"2020-06-16T18:31:00","guid":{"rendered":"https:\/\/novaorg.cofb.net\/2020\/06\/16\/mes-de-600-inscrits-al-webinar-dagora-sanitaria-sobre-la-situacio-actual-dels-estudis-i-resultats-en-el-tractament-de-la-covid-19\/"},"modified":"2020-06-16T18:31:00","modified_gmt":"2020-06-16T18:31:00","slug":"mes-de-600-inscrits-al-webinar-dagora-sanitaria-sobre-la-situacio-actual-dels-estudis-i-resultats-en-el-tractament-de-la-covid-19","status":"publish","type":"post","link":"https:\/\/www.cofb.org\/ca\/2020\/06\/16\/mes-de-600-inscrits-al-webinar-dagora-sanitaria-sobre-la-situacio-actual-dels-estudis-i-resultats-en-el-tractament-de-la-covid-19\/","title":{"rendered":"M\u00e9s de 600 inscrits al webinar d&#8217;\u00c0gora Sanit\u00e0ria sobre la situaci\u00f3 actual dels estudis i resultats en el tractament de la COVID-19"},"content":{"rendered":"<p>\u00a0<\/p>\n<ul>\n<li>Una de les principals conclusions d&#8217;aquesta confer\u00e8ncia online, impartida per Santiago Grau, farmac\u00e8utic cl\u00ednic de l&#8217;Hospital del Mar de Barcelona, va ser que el fet d&#8217;anar coneixent m\u00e9s detalls sobre el comportament d&#8217;aquesta malaltia \u00e9s clau per poder adaptar les estrat\u00e8gies terap\u00e8utiques<\/li>\n<li>L&#8217;activitat, patrocinada per Menarini, va comptar amb una metodologia participativa, ja que el ponent va dedicar la segona part de l&#8217;acte a resoldre espec\u00edficament les preguntes sobre el tractament de la COVID-19 que pr\u00e8viament havien enviat els inscrits<\/li>\n<li>Els assistents, a trav\u00e9s d&#8217;una enquesta, han realitzat una valoraci\u00f3 molt positiva, tant per la tem\u00e0tica triada i el contingut explicat, com pel ponent que la va impartir i l&#8217;aplicabilitat pr\u00e0ctica en el dia a dia<\/li>\n<\/ul>\n<p><em>Barcelona, 16 de juny de 2020. <\/em><strong>Quina \u00e9s la situaci\u00f3 actual dels estudis i resultats en el tractament de la COVID-19?<\/strong> Aquesta va ser la pregunta a la qual va donar resposta el <strong>webinar interactiu<\/strong> que va impartir el passat 11 de juny \u00c0gora Sanit\u00e0ria \u2013la plataforma de formaci\u00f3 online dels Col\u00b7legis de Farmac\u00e8utics de Barcelona i Madrid\u2013, amb el <strong>patrocini de Menarini. <\/strong>La confer\u00e8ncia va comptar amb <strong>m\u00e9s de 600 inscrits procedents de tot Espanya, que exercien en diferents \u00e0mbits de la farm\u00e0cia, principalment, atenci\u00f3 prim\u00e0ria, hospitals i farm\u00e0cia comunit\u00e0ria.<\/strong><\/p>\n<p><u><strong>Con\u00e8ixer el comportament de la COVID-19, clau per a adaptar les estrat\u00e8gies terap\u00e8utiques<\/strong><\/u><\/p>\n<p>Durant la confer\u00e8ncia, <strong>Santiago Grau,<\/strong> farmac\u00e8utic cl\u00ednic de l&#8217;Hospital del Mar de Barcelona, membre destacat del PROA i expert en malalties infeccioses, <strong>va presentar els \u00faltims estudis i estrat\u00e8gies en el tractament farmacol\u00f2gic de la COVID-19, repassant els resultats obtinguts fins al moment i les perspectives futures, i abordant la controv\u00e8rsia generada al voltant de f\u00e0rmacs com la hidroxicloroquina. <\/strong>Una de les principals conclusions a les quals va arribar Grau durant la seva exposici\u00f3, que va estar moderada per <strong>Cristina Roure,<\/strong> vocal d&#8217;Hospitals del Col\u00b7legi de Farmac\u00e8utics de Barcelona, va ser que <strong>el fet d&#8217;anar coneixent m\u00e9s detalls sobre el comportament d&#8217;aquesta malaltia \u00e9s clau per a poder adaptar les estrat\u00e8gies terap\u00e8utiques. <\/strong>Al seu torn, l&#8217;activitat es va basar en una <strong>metodologia participativa, <\/strong>ja que el ponent va dedicar <strong>la segona part de l&#8217;acte a resoldre espec\u00edficament les preguntes sobre el tractament de la COVID-19 que pr\u00e8viament havien enviat els inscrits.<\/strong><\/p>\n<p><u><strong>Valoraci\u00f3 molt positiva per part dels assistents<\/strong><\/u><\/p>\n<p>Els <strong>assistents<\/strong>, a trav\u00e9s d&#8217;una enquesta, han realitzat una <strong>valoraci\u00f3 molt positiva de la confer\u00e8ncia, tant per la tem\u00e0tica triada i el contingut explicat, com pel ponent que la va impartir i l&#8217;aplicabilitat pr\u00e0ctica en el dia a dia. <\/strong>Concretament, han destacat sobretot el fet poder <strong>disposar d&#8217;informaci\u00f3 actualitzada en un moment en el qual les dades sobre aquest tema s\u00f3n confuses i la necessitat d&#8217;estar formats en aquest camp per a poder aclarir els dubtes que plantegen els pacients.<\/strong><\/p>\n<p>Altres aspectes que han remarcat en les seves opinions, han estat el <strong>\u201cpoder estar al dia de les \u00faltimes novetats\u201d<\/strong>, accedir a<strong> \u201cinformaci\u00f3 de rigor per part de professionals extremadament qualificats\u201d<\/strong>, aix\u00ed com el fet de <strong>contestar \u00a0preguntes concretes realitzades pels alumnes, \u201cja que respon a la informaci\u00f3 que es necessita i interessa&#8221;.<\/strong><\/p>\n<p>\u201cAt\u00e8s que \u00e9s un <strong>tema de gran actualitat i que evoluciona constantment, vam creure que era necessari realitzar una confer\u00e8ncia que actualitz\u00e9s els coneixements del farmac\u00e8utic, tant des del punt de vista de l&#8217;estrat\u00e8gia terap\u00e8utica que s&#8217;est\u00e0 seguint en les diferents fases de la malaltia, com dels estudis cl\u00ednics i els avan\u00e7os en el tractament. Aix\u00ed mateix, poder realitzar aquesta formaci\u00f3 a trav\u00e9s d&#8217;un portal consolidat com \u00e9s \u00c0gora Sanit\u00e0ria i, a m\u00e9s, en format webinar, ha estat de gran ajuda per tal de \u00a0facilitar l&#8217;assist\u00e8ncia\u201d<\/strong>, explica Cristina Roure, vocal d&#8217;Hospitals del COFB i moderadora de l&#8217;acte.<\/p>\n<p>Per Ignacio Gonz\u00e1lez, director general de Menarini Espa\u00f1a, \u201c\u00c0rea cient\u00edfica Menarini \u00e9s reconeguda en l&#8217;entorn sanitari com a pionera, referent i l\u00edder en<strong> formaci\u00f3 continuada per a professionals de la salut. <\/strong>En els seus gaireb\u00e9 30 anys de traject\u00f2ria, s&#8217;han impartit m\u00e9s de<strong> 21.000 activitats de formaci\u00f3 en les quals han participat m\u00e9s de 32.000 professionals<\/strong> com a ponents i altres 530.000 han ampliat els seus coneixements. Per a nosaltres \u00e9s un gran est\u00edmul poder secundar i contribuir a la formaci\u00f3 m\u00e8dica de qualitat al nostre pa\u00eds\u201d.<\/p>\n<p><u><strong>Aposta pel format de webinar interactiu<\/strong><\/u><\/p>\n<p>Aquesta activitat s&#8217;emmarca en<strong> l&#8217;aposta que ha realitzat \u00c0gora Sanit\u00e0ria per oferir nous formats formatius, incorporant al seu ampli cat\u00e0leg la modalitat de webinar.<\/strong> L&#8217;objectiu d&#8217;aquest nou format \u00e9s oferir <strong>formacions espec\u00edfiques i interactives,<\/strong> de no m\u00e9s d&#8217;una hora i mitja, que <strong>donin resposta a q\u00fcestions actuals de la professi\u00f3 farmac\u00e8utica i que serveixin de complement a les formacions de m\u00e9s llarga durada que es troben al portal.<\/strong><\/p>\n<p><em>Sobre \u00c0gora Sanit\u00e0ria<\/em><\/p>\n<p><em>El portal de formaci\u00f3 online \u00c0gora Sanit\u00e0ria va n\u00e9ixer fa m\u00e9s d&#8217;una d\u00e8cada de la voluntat dels Col\u00b7legis de Farmac\u00e8utics de Madrid i de Barcelona per \u00a0promoure i garantir les compet\u00e8ncies del professional sanitari. Tots dos col\u00b7legis reuneixen una llarga traject\u00f2ria en projectes de formaci\u00f3 i coincideixen en la import\u00e0ncia de tenir una plataforma d&#8217;aprenentatge que faciliti la formaci\u00f3 continuada dels professionals sanitaris.<\/em><\/p>\n<p><em>En aquests 10 anys, m\u00e9s de 20.000 farmac\u00e8utics i altres professionals s&#8217;han instru\u00eft en programes formatius enfocats a millorar la pr\u00e0ctica di\u00e0ria, com s\u00f3n la dispensaci\u00f3 i seguiment farmacoterap\u00e8utic, la indicaci\u00f3 farmac\u00e8utica davant \u00a0s\u00edmptomes menors, el consell nutricional, la dermofarm\u00e0cia o la gesti\u00f3 de la pr\u00f2pia farm\u00e0cia.<\/em><\/p>\n<p><em>Sobre Menarini Espanya<\/em><\/p>\n<p><em>Menarini \u00e9s un grup farmac\u00e8utic internacional amb m\u00e9s de 125 anys d&#8217;hist\u00f2ria que est\u00e0 \u00a0present en m\u00e9s de 136 pa\u00efsos de tot el m\u00f3n. Menarini Espa\u00f1a \u00e9s una de les filials estrat\u00e8giques del grup, amb una producci\u00f3 de 58 milions d&#8217;unitats de medicaments a l&#8217;any i una plantilla de 760 treballadors i treballadores. La seva seu a Badalona, amb una superf\u00edcie de 13.000 m\u00b2, inclou la planta de producci\u00f3 i un dels set centres d&#8217;I+D+i que el Grup Menarini Internacional t\u00e9 a tot el m\u00f3n. Menarini, present a Espanya des de fa 55 anys, se situa entre les 15 primeres empreses del sector farmac\u00e8utic espanyol. L\u2019any 1979 Menarini va decidir expandir la seva activitat a Llatinoam\u00e8rica, avui dia \u00e9s present amb filials a M\u00e8xic, Col\u00f2mbia, el Per\u00fa, i Centream\u00e8rica i el Carib; aix\u00ed mateix gr\u00e0cies a acords comercials, tamb\u00e9 es distribueixen productes a l&#8217;Argentina, el Brasil, Xile i l&#8217;Equador. Un dels compromisos m\u00e9s forts adquirits per Menarini al llarg dels seus 60 anys a Espanya \u00e9s la formaci\u00f3 continuada dels professionals sanitaris. Fruit d&#8217;aix\u00f2, l\u2019any \u00a01990, va n\u00e9ixer l\u2019\u00c0rea cient\u00edfica Menarini, l&#8217;objectiu principal de la qual \u00e9s impartir formaci\u00f3 de qualitat en l&#8217;\u00e0mbit de la salut.<\/em><\/p>\n<p>\u00a0Una de les principals conclusions d&#8217;aquesta confer\u00e8ncia online, impartida per Santiago Grau, farmac\u00e8utic cl\u00ednic de l&#8217;Hospital del Mar de Barcelona, va ser que el fet d&#8217;anar coneixent m\u00e9s detalls sobre el comportament d&#8217;aquesta malaltia \u00e9s clau per poder adaptar les estrat\u00e8gies terap\u00e8utiques<br \/>\n\tL&#8217;activitat, patrocinada per Menarini, va comptar amb una metodologia participativa, ja que el ponent va dedicar la segona part de l&#8217;acte a resoldre espec\u00edficament les preguntes sobre el tractament de la COVID-19 que pr\u00e8viament havien enviat els inscrits<br \/>\n\tEls assistents, a trav\u00e9s d&#8217;una enquesta, han realitzat una valoraci\u00f3 molt positiva, tant per la tem\u00e0tica triada i el contingut explicat, com pel ponent que la va impartir i l&#8217;aplicabilitat pr\u00e0ctica en el dia a dia<\/p>\n<p>Barcelona, 16 de juny de 2020. Quina \u00e9s la situaci\u00f3 actual dels estudis i resultats en el tractament de la COVID-19? Aquesta va ser la pregunta a la qual va donar resposta el webinar interactiu que va impartir el passat 11 de juny \u00c0gora Sanit\u00e0ria \u2013la plataforma de formaci\u00f3 online dels Col\u00b7legis de Farmac\u00e8utics de Barcelona i Madrid\u2013, amb el patrocini de Menarini. La confer\u00e8ncia va comptar amb m\u00e9s de 600 inscrits procedents de tot Espanya, que exercien en diferents \u00e0mbits de la farm\u00e0cia, principalment, atenci\u00f3 prim\u00e0ria, hospitals i farm\u00e0cia comunit\u00e0ria.<\/p>\n<p>Con\u00e8ixer el comportament de la COVID-19, clau per a adaptar les estrat\u00e8gies terap\u00e8utiques<\/p>\n<p>Durant la confer\u00e8ncia, Santiago Grau, farmac\u00e8utic cl\u00ednic de l&#8217;Hospital del Mar de Barcelona, membre destacat del PROA i expert en malalties infeccioses, va presentar els \u00faltims estudis i estrat\u00e8gies en el tractament farmacol\u00f2gic de la COVID-19, repassant els resultats obtinguts fins al moment i les perspectives futures, i abordant la controv\u00e8rsia generada al voltant de f\u00e0rmacs com la hidroxicloroquina. Una de les principals conclusions a les quals va arribar Grau durant la seva exposici\u00f3, que va estar moderada per Cristina Roure, vocal d&#8217;Hospitals del Col\u00b7legi de Farmac\u00e8utics de Barcelona, va ser que el fet d&#8217;anar coneixent m\u00e9s detalls sobre el comportament d&#8217;aquesta malaltia \u00e9s clau per a poder adaptar les estrat\u00e8gies terap\u00e8utiques. Al seu torn, l&#8217;activitat es va basar en una metodologia participativa, ja que el ponent va dedicar la segona part de l&#8217;acte a resoldre espec\u00edficament les preguntes sobre el tractament de la COVID-19 que pr\u00e8viament havien enviat els inscrits.<\/p>\n<p>Valoraci\u00f3 molt positiva per part dels assistents<\/p>\n<p>Els assistents, a trav\u00e9s d&#8217;una enquesta, han realitzat una valoraci\u00f3 molt positiva de la confer\u00e8ncia, tant per la tem\u00e0tica triada i el contingut explicat, com pel ponent que la va impartir i l&#8217;aplicabilitat pr\u00e0ctica en el dia a dia. Concretament, han destacat sobretot el fet poder disposar d&#8217;informaci\u00f3 actualitzada en un moment en el qual les dades sobre aquest tema s\u00f3n confuses i la necessitat d&#8217;estar formats en aquest camp per a poder aclarir els dubtes que plantegen els pacients.<\/p>\n<p>Altres aspectes que han remarcat en les seves opinions, han estat el \u201cpoder estar al dia de les \u00faltimes novetats\u201d, accedir a \u201cinformaci\u00f3 de rigor per part de professionals extremadament qualificats\u201d, aix\u00ed com el fet de contestar \u00a0preguntes concretes realitzades pels alumnes, \u201cja que respon a la informaci\u00f3 que es necessita i interessa&#8221;.<\/p>\n<p>\u201cAt\u00e8s que \u00e9s un tema de gran actualitat i que evoluciona constantment, vam creure que era necessari realitzar una confer\u00e8ncia que actualitz\u00e9s els coneixements del farmac\u00e8utic, tant des del punt de vista de l&#8217;estrat\u00e8gia terap\u00e8utica que s&#8217;est\u00e0 seguint en les diferents fases de la malaltia, com dels estudis cl\u00ednics i els avan\u00e7os en el tractament. Aix\u00ed mateix, poder realitzar aquesta formaci\u00f3 a trav\u00e9s d&#8217;un portal consolidat com \u00e9s \u00c0gora Sanit\u00e0ria i, a m\u00e9s, en format webinar, ha estat de gran ajuda per tal de \u00a0facilitar l&#8217;assist\u00e8ncia\u201d, explica Cristina Roure, vocal d&#8217;Hospitals del COFB i moderadora de l&#8217;acte.<\/p>\n<p>Per Ignacio Gonz\u00e1lez, director general de Menarini Espa\u00f1a, \u201c\u00c0rea cient\u00edfica Menarini \u00e9s reconeguda en l&#8217;entorn sanitari com a pionera, referent i l\u00edder en formaci\u00f3 continuada per a professionals de la salut. En els seus gaireb\u00e9 30 anys de traject\u00f2ria, s&#8217;han impartit m\u00e9s de 21.000 activitats de formaci\u00f3 en les quals han participat m\u00e9s de 32.000 professionals com a ponents i altres 530.000 han ampliat els seus coneixements. Per a nosaltres \u00e9s un gran est\u00edmul poder secundar i contribuir a la formaci\u00f3 m\u00e8dica de qualitat al nostre pa\u00eds\u201d.<\/p>\n<p>Aposta pel format de webinar interactiu<\/p>\n<p>Aquesta activitat s&#8217;emmarca en l&#8217;aposta que ha realitzat \u00c0gora Sanit\u00e0ria per oferir nous formats formatius, incorporant al seu ampli cat\u00e0leg la modalitat de webinar. L&#8217;objectiu d&#8217;aquest nou format \u00e9s oferir formacions espec\u00edfiques i interactives, de no m\u00e9s d&#8217;una hora i mitja, que donin resposta a q\u00fcestions actuals de la professi\u00f3 farmac\u00e8utica i que serveixin de complement a les formacions de m\u00e9s llarga durada que es troben al portal.<\/p>\n<p>Sobre \u00c0gora Sanit\u00e0ria<\/p>\n<p>El portal de formaci\u00f3 online \u00c0gora Sanit\u00e0ria va n\u00e9ixer fa m\u00e9s d&#8217;una d\u00e8cada de la voluntat dels Col\u00b7legis de Farmac\u00e8utics de Madrid i de Barcelona per \u00a0promoure i garantir les compet\u00e8ncies del professional sanitari. Tots dos col\u00b7legis reuneixen una llarga traject\u00f2ria en projectes de formaci\u00f3 i coincideixen en la import\u00e0ncia de tenir una plataforma d&#8217;aprenentatge que faciliti la formaci\u00f3 continuada dels professionals sanitaris.<\/p>\n<p>En aquests 10 anys, m\u00e9s de 20.000 farmac\u00e8utics i altres professionals s&#8217;han instru\u00eft en programes formatius enfocats a millorar la pr\u00e0ctica di\u00e0ria, com s\u00f3n la dispensaci\u00f3 i seguiment farmacoterap\u00e8utic, la indicaci\u00f3 farmac\u00e8utica davant \u00a0s\u00edmptomes menors, el consell nutricional, la dermofarm\u00e0cia o la gesti\u00f3 de la pr\u00f2pia farm\u00e0cia.<\/p>\n<p>Sobre Menarini Espanya<\/p>\n<p>Menarini \u00e9s un grup farmac\u00e8utic internacional amb m\u00e9s de 125 anys d&#8217;hist\u00f2ria que est\u00e0 \u00a0present en m\u00e9s de 136 pa\u00efsos de tot el m\u00f3n. Menarini Espa\u00f1a \u00e9s una de les filials estrat\u00e8giques del grup, amb una producci\u00f3 de 58 milions d&#8217;unitats de medicaments a l&#8217;any i una plantilla de 760 treballadors i treballadores. La seva seu a Badalona, amb una superf\u00edcie de 13.000 m\u00b2, inclou la planta de producci\u00f3 i un dels set centres d&#8217;I+D+i que el Grup Menarini Internacional t\u00e9 a tot el m\u00f3n. Menarini, present a Espanya des de fa 55 anys, se situa entre les 15 primeres empreses del sector farmac\u00e8utic espanyol. L\u2019any 1979 Menarini va decidir expandir la seva activitat a Llatinoam\u00e8rica, avui dia \u00e9s present amb filials a M\u00e8xic, Col\u00f2mbia, el Per\u00fa, i Centream\u00e8rica i el Carib; aix\u00ed mateix gr\u00e0cies a acords comercials, tamb\u00e9 es distribueixen productes a l&#8217;Argentina, el Brasil, Xile i l&#8217;Equador. Un dels compromisos m\u00e9s forts adquirits per Menarini al llarg dels seus 60 anys a Espanya \u00e9s la formaci\u00f3 continuada dels professionals sanitaris. Fruit d&#8217;aix\u00f2, l\u2019any \u00a01990, va n\u00e9ixer l\u2019\u00c0rea cient\u00edfica Menarini, l&#8217;objectiu principal de la qual \u00e9s impartir formaci\u00f3 de qualitat en l&#8217;\u00e0mbit de la salut.\u00a0\u00a0COFB.ORG<\/p>\n","protected":false},"excerpt":{"rendered":"<p>\u00a0 Una de les principals conclusions d&#8217;aquesta confer\u00e8ncia online, impartida per Santiago Grau, farmac\u00e8utic cl\u00ednic de l&#8217;Hospital del Mar de Barcelona, va ser que el fet d&#8217;anar coneixent m\u00e9s detalls sobre el comportament d&#8217;aquesta malaltia \u00e9s clau per poder adaptar les estrat\u00e8gies terap\u00e8utiques L&#8217;activitat, patrocinada per Menarini, va comptar amb [&hellip;]<\/p>\n","protected":false},"author":1,"featured_media":0,"comment_status":"","ping_status":"","sticky":false,"template":"","format":"standard","meta":{"_uag_custom_page_level_css":"","site-sidebar-layout":"default","site-content-layout":"","ast-site-content-layout":"default","site-content-style":"default","site-sidebar-style":"default","ast-global-header-display":"","ast-banner-title-visibility":"","ast-main-header-display":"","ast-hfb-above-header-display":"","ast-hfb-below-header-display":"","ast-hfb-mobile-header-display":"","site-post-title":"","ast-breadcrumbs-content":"","ast-featured-img":"disabled","footer-sml-layout":"","theme-transparent-header-meta":"","adv-header-id-meta":"","stick-header-meta":"","header-above-stick-meta":"","header-main-stick-meta":"","header-below-stick-meta":"","astra-migrate-meta-layouts":"default","ast-page-background-enabled":"default","ast-page-background-meta":{"desktop":{"background-color":"var(--ast-global-color-4)","background-image":"","background-repeat":"repeat","background-position":"center center","background-size":"auto","background-attachment":"scroll","background-type":"","background-media":"","overlay-type":"","overlay-color":"","overlay-opacity":"","overlay-gradient":""},"tablet":{"background-color":"","background-image":"","background-repeat":"repeat","background-position":"center center","background-size":"auto","background-attachment":"scroll","background-type":"","background-media":"","overlay-type":"","overlay-color":"","overlay-opacity":"","overlay-gradient":""},"mobile":{"background-color":"","background-image":"","background-repeat":"repeat","background-position":"center center","background-size":"auto","background-attachment":"scroll","background-type":"","background-media":"","overlay-type":"","overlay-color":"","overlay-opacity":"","overlay-gradient":""}},"ast-content-background-meta":{"desktop":{"background-color":"var(--ast-global-color-5)","background-image":"","background-repeat":"repeat","background-position":"center center","background-size":"auto","background-attachment":"scroll","background-type":"","background-media":"","overlay-type":"","overlay-color":"","overlay-opacity":"","overlay-gradient":""},"tablet":{"background-color":"var(--ast-global-color-5)","background-image":"","background-repeat":"repeat","background-position":"center center","background-size":"auto","background-attachment":"scroll","background-type":"","background-media":"","overlay-type":"","overlay-color":"","overlay-opacity":"","overlay-gradient":""},"mobile":{"background-color":"var(--ast-global-color-5)","background-image":"","background-repeat":"repeat","background-position":"center center","background-size":"auto","background-attachment":"scroll","background-type":"","background-media":"","overlay-type":"","overlay-color":"","overlay-opacity":"","overlay-gradient":""}},"footnotes":""},"categories":[1060,1066],"tags":[],"class_list":["post-77122","post","type-post","status-publish","format-standard","hentry","category-notes-premsa","category-sense-categoria-ca"],"yoast_head":"<!-- This site is optimized with the Yoast SEO plugin v22.4 - https:\/\/yoast.com\/wordpress\/plugins\/seo\/ -->\n<title>M\u00e9s de 600 inscrits al webinar d&#039;\u00c0gora Sanit\u00e0ria sobre la situaci\u00f3 actual dels estudis i resultats en el tractament de la COVID-19 - Col\u00b7legi de Farmac\u00e8utics de Barcelona<\/title>\n<meta name=\"robots\" content=\"index, follow, max-snippet:-1, max-image-preview:large, max-video-preview:-1\" \/>\n<link rel=\"canonical\" href=\"https:\/\/novaorg.cofb.net\/2020\/06\/16\/mes-de-600-inscrits-al-webinar-dagora-sanitaria-sobre-la-situacio-actual-dels-estudis-i-resultats-en-el-tractament-de-la-covid-19\/\" \/>\n<meta property=\"og:locale\" content=\"ca_ES\" \/>\n<meta property=\"og:type\" content=\"article\" \/>\n<meta property=\"og:title\" content=\"M\u00e9s de 600 inscrits al webinar d&#039;\u00c0gora Sanit\u00e0ria sobre la situaci\u00f3 actual dels estudis i resultats en el tractament de la COVID-19 - Col\u00b7legi de Farmac\u00e8utics de Barcelona\" \/>\n<meta property=\"og:description\" content=\"\u00a0 Una de les principals conclusions d&#8217;aquesta confer\u00e8ncia online, impartida per Santiago Grau, farmac\u00e8utic cl\u00ednic de l&#8217;Hospital del Mar de Barcelona, va ser que el fet d&#8217;anar coneixent m\u00e9s detalls sobre el comportament d&#8217;aquesta malaltia \u00e9s clau per poder adaptar les estrat\u00e8gies terap\u00e8utiques L&#8217;activitat, patrocinada per Menarini, va comptar amb [&hellip;]\" \/>\n<meta property=\"og:url\" content=\"https:\/\/novaorg.cofb.net\/2020\/06\/16\/mes-de-600-inscrits-al-webinar-dagora-sanitaria-sobre-la-situacio-actual-dels-estudis-i-resultats-en-el-tractament-de-la-covid-19\/\" \/>\n<meta property=\"og:site_name\" content=\"Col\u00b7legi de Farmac\u00e8utics de Barcelona\" \/>\n<meta property=\"article:publisher\" content=\"https:\/\/www.facebook.com\/farmaceuticsbcn\/\" \/>\n<meta property=\"article:published_time\" content=\"2020-06-16T18:31:00+00:00\" \/>\n<meta name=\"author\" content=\"wpAdminCofbOrg\" \/>\n<meta name=\"twitter:card\" content=\"summary_large_image\" \/>\n<meta name=\"twitter:creator\" content=\"@farmaceuticsbcn\" \/>\n<meta name=\"twitter:site\" content=\"@farmaceuticsbcn\" \/>\n<meta name=\"twitter:label1\" content=\"Escrit per\" \/>\n\t<meta name=\"twitter:data1\" content=\"wpAdminCofbOrg\" \/>\n\t<meta name=\"twitter:label2\" content=\"Temps estimat de lectura\" \/>\n\t<meta name=\"twitter:data2\" content=\"12 minuts\" \/>\n<script type=\"application\/ld+json\" class=\"yoast-schema-graph\">{\"@context\":\"https:\/\/schema.org\",\"@graph\":[{\"@type\":\"Article\",\"@id\":\"https:\/\/novaorg.cofb.net\/2020\/06\/16\/mes-de-600-inscrits-al-webinar-dagora-sanitaria-sobre-la-situacio-actual-dels-estudis-i-resultats-en-el-tractament-de-la-covid-19\/#article\",\"isPartOf\":{\"@id\":\"https:\/\/novaorg.cofb.net\/2020\/06\/16\/mes-de-600-inscrits-al-webinar-dagora-sanitaria-sobre-la-situacio-actual-dels-estudis-i-resultats-en-el-tractament-de-la-covid-19\/\"},\"author\":{\"name\":\"wpAdminCofbOrg\",\"@id\":\"https:\/\/www.cofb.org\/#\/schema\/person\/22ed7eea88da74b0fa4d3154ad87ffcb\"},\"headline\":\"M\u00e9s de 600 inscrits al webinar d&#8217;\u00c0gora Sanit\u00e0ria sobre la situaci\u00f3 actual dels estudis i resultats en el tractament de la COVID-19\",\"datePublished\":\"2020-06-16T18:31:00+00:00\",\"dateModified\":\"2020-06-16T18:31:00+00:00\",\"mainEntityOfPage\":{\"@id\":\"https:\/\/novaorg.cofb.net\/2020\/06\/16\/mes-de-600-inscrits-al-webinar-dagora-sanitaria-sobre-la-situacio-actual-dels-estudis-i-resultats-en-el-tractament-de-la-covid-19\/\"},\"wordCount\":2470,\"publisher\":{\"@id\":\"https:\/\/www.cofb.org\/#organization\"},\"articleSection\":[\"Notes de premsa\"],\"inLanguage\":\"ca\"},{\"@type\":\"WebPage\",\"@id\":\"https:\/\/novaorg.cofb.net\/2020\/06\/16\/mes-de-600-inscrits-al-webinar-dagora-sanitaria-sobre-la-situacio-actual-dels-estudis-i-resultats-en-el-tractament-de-la-covid-19\/\",\"url\":\"https:\/\/novaorg.cofb.net\/2020\/06\/16\/mes-de-600-inscrits-al-webinar-dagora-sanitaria-sobre-la-situacio-actual-dels-estudis-i-resultats-en-el-tractament-de-la-covid-19\/\",\"name\":\"M\u00e9s de 600 inscrits al webinar d'\u00c0gora Sanit\u00e0ria sobre la situaci\u00f3 actual dels estudis i resultats en el tractament de la COVID-19 - Col\u00b7legi de Farmac\u00e8utics de Barcelona\",\"isPartOf\":{\"@id\":\"https:\/\/www.cofb.org\/#website\"},\"datePublished\":\"2020-06-16T18:31:00+00:00\",\"dateModified\":\"2020-06-16T18:31:00+00:00\",\"breadcrumb\":{\"@id\":\"https:\/\/novaorg.cofb.net\/2020\/06\/16\/mes-de-600-inscrits-al-webinar-dagora-sanitaria-sobre-la-situacio-actual-dels-estudis-i-resultats-en-el-tractament-de-la-covid-19\/#breadcrumb\"},\"inLanguage\":\"ca\",\"potentialAction\":[{\"@type\":\"ReadAction\",\"target\":[\"https:\/\/novaorg.cofb.net\/2020\/06\/16\/mes-de-600-inscrits-al-webinar-dagora-sanitaria-sobre-la-situacio-actual-dels-estudis-i-resultats-en-el-tractament-de-la-covid-19\/\"]}]},{\"@type\":\"BreadcrumbList\",\"@id\":\"https:\/\/novaorg.cofb.net\/2020\/06\/16\/mes-de-600-inscrits-al-webinar-dagora-sanitaria-sobre-la-situacio-actual-dels-estudis-i-resultats-en-el-tractament-de-la-covid-19\/#breadcrumb\",\"itemListElement\":[{\"@type\":\"ListItem\",\"position\":1,\"name\":\"Inici\",\"item\":\"https:\/\/novaorg.cofb.net\/\"},{\"@type\":\"ListItem\",\"position\":2,\"name\":\"M\u00e9s de 600 inscrits al webinar d&#8217;\u00c0gora Sanit\u00e0ria sobre la situaci\u00f3 actual dels estudis i resultats en el tractament de la COVID-19\"}]},{\"@type\":\"WebSite\",\"@id\":\"https:\/\/www.cofb.org\/#website\",\"url\":\"https:\/\/www.cofb.org\/\",\"name\":\"Col\u00b7legi de Farmac\u00e8utics de Barcelona\",\"description\":\"\",\"publisher\":{\"@id\":\"https:\/\/www.cofb.org\/#organization\"},\"potentialAction\":[{\"@type\":\"SearchAction\",\"target\":{\"@type\":\"EntryPoint\",\"urlTemplate\":\"https:\/\/www.cofb.org\/?s={search_term_string}\"},\"query-input\":\"required name=search_term_string\"}],\"inLanguage\":\"ca\"},{\"@type\":\"Organization\",\"@id\":\"https:\/\/www.cofb.org\/#organization\",\"name\":\"Col\u00b7legi de Farmac\u00e8utics de Barcelona\",\"url\":\"https:\/\/www.cofb.org\/\",\"logo\":{\"@type\":\"ImageObject\",\"inLanguage\":\"ca\",\"@id\":\"https:\/\/www.cofb.org\/#\/schema\/logo\/image\/\",\"url\":\"https:\/\/www.cofb.org\/wp-content\/uploads\/2023\/11\/cropped-Logotip-COFB.png\",\"contentUrl\":\"https:\/\/www.cofb.org\/wp-content\/uploads\/2023\/11\/cropped-Logotip-COFB.png\",\"width\":500,\"height\":105,\"caption\":\"Col\u00b7legi de Farmac\u00e8utics de Barcelona\"},\"image\":{\"@id\":\"https:\/\/www.cofb.org\/#\/schema\/logo\/image\/\"},\"sameAs\":[\"https:\/\/www.facebook.com\/farmaceuticsbcn\/\",\"https:\/\/twitter.com\/farmaceuticsbcn\",\"https:\/\/www.instagram.com\/farmaceuticsbcn\/\",\"https:\/\/www.linkedin.com\/company\/farmaceuticsbcn\/\"]},{\"@type\":\"Person\",\"@id\":\"https:\/\/www.cofb.org\/#\/schema\/person\/22ed7eea88da74b0fa4d3154ad87ffcb\",\"name\":\"wpAdminCofbOrg\",\"image\":{\"@type\":\"ImageObject\",\"inLanguage\":\"ca\",\"@id\":\"https:\/\/www.cofb.org\/#\/schema\/person\/image\/\",\"url\":\"https:\/\/secure.gravatar.com\/avatar\/1721b20b3b8ca882c3b56ec6c978c594fff670e40c0718e9190eaeeb76aae7d8?s=96&d=mm&r=g\",\"contentUrl\":\"https:\/\/secure.gravatar.com\/avatar\/1721b20b3b8ca882c3b56ec6c978c594fff670e40c0718e9190eaeeb76aae7d8?s=96&d=mm&r=g\",\"caption\":\"wpAdminCofbOrg\"},\"sameAs\":[\"http:\/\/192.168.64.122\/wordpress\"],\"url\":\"https:\/\/www.cofb.org\/ca\/author\/wpadmincofborg\/\"}]}<\/script>\n<!-- \/ Yoast SEO plugin. -->","yoast_head_json":{"title":"M\u00e9s de 600 inscrits al webinar d'\u00c0gora Sanit\u00e0ria sobre la situaci\u00f3 actual dels estudis i resultats en el tractament de la COVID-19 - Col\u00b7legi de Farmac\u00e8utics de Barcelona","robots":{"index":"index","follow":"follow","max-snippet":"max-snippet:-1","max-image-preview":"max-image-preview:large","max-video-preview":"max-video-preview:-1"},"canonical":"https:\/\/novaorg.cofb.net\/2020\/06\/16\/mes-de-600-inscrits-al-webinar-dagora-sanitaria-sobre-la-situacio-actual-dels-estudis-i-resultats-en-el-tractament-de-la-covid-19\/","og_locale":"ca_ES","og_type":"article","og_title":"M\u00e9s de 600 inscrits al webinar d'\u00c0gora Sanit\u00e0ria sobre la situaci\u00f3 actual dels estudis i resultats en el tractament de la COVID-19 - Col\u00b7legi de Farmac\u00e8utics de Barcelona","og_description":"\u00a0 Una de les principals conclusions d&#8217;aquesta confer\u00e8ncia online, impartida per Santiago Grau, farmac\u00e8utic cl\u00ednic de l&#8217;Hospital del Mar de Barcelona, va ser que el fet d&#8217;anar coneixent m\u00e9s detalls sobre el comportament d&#8217;aquesta malaltia \u00e9s clau per poder adaptar les estrat\u00e8gies terap\u00e8utiques L&#8217;activitat, patrocinada per Menarini, va comptar amb [&hellip;]","og_url":"https:\/\/novaorg.cofb.net\/2020\/06\/16\/mes-de-600-inscrits-al-webinar-dagora-sanitaria-sobre-la-situacio-actual-dels-estudis-i-resultats-en-el-tractament-de-la-covid-19\/","og_site_name":"Col\u00b7legi de Farmac\u00e8utics de Barcelona","article_publisher":"https:\/\/www.facebook.com\/farmaceuticsbcn\/","article_published_time":"2020-06-16T18:31:00+00:00","author":"wpAdminCofbOrg","twitter_card":"summary_large_image","twitter_creator":"@farmaceuticsbcn","twitter_site":"@farmaceuticsbcn","twitter_misc":{"Escrit per":"wpAdminCofbOrg","Temps estimat de lectura":"12 minuts"},"schema":{"@context":"https:\/\/schema.org","@graph":[{"@type":"Article","@id":"https:\/\/novaorg.cofb.net\/2020\/06\/16\/mes-de-600-inscrits-al-webinar-dagora-sanitaria-sobre-la-situacio-actual-dels-estudis-i-resultats-en-el-tractament-de-la-covid-19\/#article","isPartOf":{"@id":"https:\/\/novaorg.cofb.net\/2020\/06\/16\/mes-de-600-inscrits-al-webinar-dagora-sanitaria-sobre-la-situacio-actual-dels-estudis-i-resultats-en-el-tractament-de-la-covid-19\/"},"author":{"name":"wpAdminCofbOrg","@id":"https:\/\/www.cofb.org\/#\/schema\/person\/22ed7eea88da74b0fa4d3154ad87ffcb"},"headline":"M\u00e9s de 600 inscrits al webinar d&#8217;\u00c0gora Sanit\u00e0ria sobre la situaci\u00f3 actual dels estudis i resultats en el tractament de la COVID-19","datePublished":"2020-06-16T18:31:00+00:00","dateModified":"2020-06-16T18:31:00+00:00","mainEntityOfPage":{"@id":"https:\/\/novaorg.cofb.net\/2020\/06\/16\/mes-de-600-inscrits-al-webinar-dagora-sanitaria-sobre-la-situacio-actual-dels-estudis-i-resultats-en-el-tractament-de-la-covid-19\/"},"wordCount":2470,"publisher":{"@id":"https:\/\/www.cofb.org\/#organization"},"articleSection":["Notes de premsa"],"inLanguage":"ca"},{"@type":"WebPage","@id":"https:\/\/novaorg.cofb.net\/2020\/06\/16\/mes-de-600-inscrits-al-webinar-dagora-sanitaria-sobre-la-situacio-actual-dels-estudis-i-resultats-en-el-tractament-de-la-covid-19\/","url":"https:\/\/novaorg.cofb.net\/2020\/06\/16\/mes-de-600-inscrits-al-webinar-dagora-sanitaria-sobre-la-situacio-actual-dels-estudis-i-resultats-en-el-tractament-de-la-covid-19\/","name":"M\u00e9s de 600 inscrits al webinar d'\u00c0gora Sanit\u00e0ria sobre la situaci\u00f3 actual dels estudis i resultats en el tractament de la COVID-19 - Col\u00b7legi de Farmac\u00e8utics de Barcelona","isPartOf":{"@id":"https:\/\/www.cofb.org\/#website"},"datePublished":"2020-06-16T18:31:00+00:00","dateModified":"2020-06-16T18:31:00+00:00","breadcrumb":{"@id":"https:\/\/novaorg.cofb.net\/2020\/06\/16\/mes-de-600-inscrits-al-webinar-dagora-sanitaria-sobre-la-situacio-actual-dels-estudis-i-resultats-en-el-tractament-de-la-covid-19\/#breadcrumb"},"inLanguage":"ca","potentialAction":[{"@type":"ReadAction","target":["https:\/\/novaorg.cofb.net\/2020\/06\/16\/mes-de-600-inscrits-al-webinar-dagora-sanitaria-sobre-la-situacio-actual-dels-estudis-i-resultats-en-el-tractament-de-la-covid-19\/"]}]},{"@type":"BreadcrumbList","@id":"https:\/\/novaorg.cofb.net\/2020\/06\/16\/mes-de-600-inscrits-al-webinar-dagora-sanitaria-sobre-la-situacio-actual-dels-estudis-i-resultats-en-el-tractament-de-la-covid-19\/#breadcrumb","itemListElement":[{"@type":"ListItem","position":1,"name":"Inici","item":"https:\/\/novaorg.cofb.net\/"},{"@type":"ListItem","position":2,"name":"M\u00e9s de 600 inscrits al webinar d&#8217;\u00c0gora Sanit\u00e0ria sobre la situaci\u00f3 actual dels estudis i resultats en el tractament de la COVID-19"}]},{"@type":"WebSite","@id":"https:\/\/www.cofb.org\/#website","url":"https:\/\/www.cofb.org\/","name":"Col\u00b7legi de Farmac\u00e8utics de Barcelona","description":"","publisher":{"@id":"https:\/\/www.cofb.org\/#organization"},"potentialAction":[{"@type":"SearchAction","target":{"@type":"EntryPoint","urlTemplate":"https:\/\/www.cofb.org\/?s={search_term_string}"},"query-input":"required name=search_term_string"}],"inLanguage":"ca"},{"@type":"Organization","@id":"https:\/\/www.cofb.org\/#organization","name":"Col\u00b7legi de Farmac\u00e8utics de Barcelona","url":"https:\/\/www.cofb.org\/","logo":{"@type":"ImageObject","inLanguage":"ca","@id":"https:\/\/www.cofb.org\/#\/schema\/logo\/image\/","url":"https:\/\/www.cofb.org\/wp-content\/uploads\/2023\/11\/cropped-Logotip-COFB.png","contentUrl":"https:\/\/www.cofb.org\/wp-content\/uploads\/2023\/11\/cropped-Logotip-COFB.png","width":500,"height":105,"caption":"Col\u00b7legi de Farmac\u00e8utics de Barcelona"},"image":{"@id":"https:\/\/www.cofb.org\/#\/schema\/logo\/image\/"},"sameAs":["https:\/\/www.facebook.com\/farmaceuticsbcn\/","https:\/\/twitter.com\/farmaceuticsbcn","https:\/\/www.instagram.com\/farmaceuticsbcn\/","https:\/\/www.linkedin.com\/company\/farmaceuticsbcn\/"]},{"@type":"Person","@id":"https:\/\/www.cofb.org\/#\/schema\/person\/22ed7eea88da74b0fa4d3154ad87ffcb","name":"wpAdminCofbOrg","image":{"@type":"ImageObject","inLanguage":"ca","@id":"https:\/\/www.cofb.org\/#\/schema\/person\/image\/","url":"https:\/\/secure.gravatar.com\/avatar\/1721b20b3b8ca882c3b56ec6c978c594fff670e40c0718e9190eaeeb76aae7d8?s=96&d=mm&r=g","contentUrl":"https:\/\/secure.gravatar.com\/avatar\/1721b20b3b8ca882c3b56ec6c978c594fff670e40c0718e9190eaeeb76aae7d8?s=96&d=mm&r=g","caption":"wpAdminCofbOrg"},"sameAs":["http:\/\/192.168.64.122\/wordpress"],"url":"https:\/\/www.cofb.org\/ca\/author\/wpadmincofborg\/"}]}},"uagb_featured_image_src":{"full":false,"thumbnail":false,"medium":false,"medium_large":false,"large":false,"1536x1536":false,"2048x2048":false,"trp-custom-language-flag":false},"uagb_author_info":{"display_name":"wpAdminCofbOrg","author_link":"https:\/\/www.cofb.org\/ca\/author\/wpadmincofborg\/"},"uagb_comment_info":0,"uagb_excerpt":"\u00a0 Una de les principals conclusions d&#8217;aquesta confer\u00e8ncia online, impartida per Santiago Grau, farmac\u00e8utic cl\u00ednic de l&#8217;Hospital del Mar de Barcelona, va ser que el fet d&#8217;anar coneixent m\u00e9s detalls sobre el comportament d&#8217;aquesta malaltia \u00e9s clau per poder adaptar les estrat\u00e8gies terap\u00e8utiques L&#8217;activitat, patrocinada per Menarini, va comptar amb [&hellip;]","_links":{"self":[{"href":"https:\/\/www.cofb.org\/ca\/wp-json\/wp\/v2\/posts\/77122","targetHints":{"allow":["GET"]}}],"collection":[{"href":"https:\/\/www.cofb.org\/ca\/wp-json\/wp\/v2\/posts"}],"about":[{"href":"https:\/\/www.cofb.org\/ca\/wp-json\/wp\/v2\/types\/post"}],"author":[{"embeddable":true,"href":"https:\/\/www.cofb.org\/ca\/wp-json\/wp\/v2\/users\/1"}],"replies":[{"embeddable":true,"href":"https:\/\/www.cofb.org\/ca\/wp-json\/wp\/v2\/comments?post=77122"}],"version-history":[{"count":0,"href":"https:\/\/www.cofb.org\/ca\/wp-json\/wp\/v2\/posts\/77122\/revisions"}],"wp:attachment":[{"href":"https:\/\/www.cofb.org\/ca\/wp-json\/wp\/v2\/media?parent=77122"}],"wp:term":[{"taxonomy":"category","embeddable":true,"href":"https:\/\/www.cofb.org\/ca\/wp-json\/wp\/v2\/categories?post=77122"},{"taxonomy":"post_tag","embeddable":true,"href":"https:\/\/www.cofb.org\/ca\/wp-json\/wp\/v2\/tags?post=77122"}],"curies":[{"name":"wp","href":"https:\/\/api.w.org\/{rel}","templated":true}]}}